{"id":570431,"date":"2020-09-10T20:02:00","date_gmt":"2020-09-10T23:02:00","guid":{"rendered":"https:\/\/www.estrategiaconcursos.com.br\/blog\/?p=570431"},"modified":"2020-09-10T21:16:32","modified_gmt":"2020-09-11T00:16:32","slug":"regulamento-curso-depen-pr","status":"publish","type":"post","link":"https:\/\/www.estrategiaconcursos.com.br\/blog\/regulamento-curso-depen-pr\/","title":{"rendered":"Aprovado regulamento do Curso de Forma\u00e7\u00e3o do concurso DEPEN PR"},"content":{"rendered":"\n<h3 class=\"wp-block-heading\">Documento refere-se ao \u00faltimo certame, realizado no ano de 2013<\/h3>\n\n\n\n<p>Foi publicado, no Di\u00e1rio Oficial do Paran\u00e1, o regulamento do Curso de Forma\u00e7\u00e3o para ingresso no cargo de Agente Penitenci\u00e1rio do concurso DEPEN PR, do Departamento\u00a0Penitenci\u00e1rio do Estado do\u00a0Paran\u00e1, realizado em 2013. Na oportunidade, 423 vagas foram ofertadas para Agente Penitenci\u00e1rio, com sal\u00e1rio de R$ 3.568,45.<\/p>\n\n\n\n<p>Para a realiza\u00e7\u00e3o do Curso de Forma\u00e7\u00e3o, a Escola de Forma\u00e7\u00e3o e Aperfei\u00e7oamento Penitenci\u00e1rio (ESPEN), unidade do DEPEN, contar\u00e1 com a participa\u00e7\u00e3o de uma Comiss\u00e3o de Coordena\u00e7\u00e3o e Avalia\u00e7\u00e3o.<\/p>\n\n\n\n<p>Confira os principais detalhes do documento:<\/p>\n\n\n\n<h4 class=\"wp-block-heading\">DA CARGA HOR\u00c1RIA E LOCAL DE REALIZA\u00c7\u00c3O <\/h4>\n\n\n\n<p>O Curso de Forma\u00e7\u00e3o compreender\u00e1 atividades internas e externas, pedag\u00f3gicas e de visitas supervisionadas, que ser\u00e3o desenvolvidas em Curitiba e na Regi\u00e3o Metropolitana, e ter\u00e1 carga hor\u00e1ria total de 180h\/aula.<\/p>\n\n\n\n<h4 class=\"wp-block-heading\">DA CONVOCA\u00c7\u00c3O<\/h4>\n\n\n\n<p>Participar\u00e3o do Curso de Forma\u00e7\u00e3o os candidatos convocados no <a rel=\"noreferrer noopener\" href=\"https:\/\/www.cops.uel.br\/v2\/download.php?Acesso=YzlmNzU2YTBiMWIzYTM4MDZiM2RmN2FiYWEzZDdkMWE3NGNjZDFmMzY3ODUzMGY1MzhkNmE5ZTJjY2NkZTg0MmE0MjczYTUyODdjNzFhMzU2Y2M5OWU5YzhjYTJmNTEyNTViMGMwY2YwOGI0ZTA2MmViMzVhNjJiYmMzNjUwMDQzNTk3YzM3M2EyOTBjYWRlODYyMmFmYzE3ZTZmYWM0N2E0ZmJiM2ZjNzYzZDZkNTMwZTUxMTAzYjkxNTFhN2U0\" target=\"_blank\">Edital N\u00ba 125\/2020<\/a> do Departamento de Recursos Humanos e Previd\u00eancia, da Secretaria de Estado da Administra\u00e7\u00e3o e da Previd\u00eancia &#8211; SEAP. <\/p>\n\n\n\n<h4 class=\"wp-block-heading\"> DA PARTICIPA\u00c7\u00c3O E DA DURA\u00c7\u00c3O<\/h4>\n\n\n\n<p>Os candidatos que estiverem frequentando o Curso de Forma\u00e7\u00e3o n\u00e3o poder\u00e3o participar de outras atividades presenciais e concomitantes, como gradua\u00e7\u00e3o, especializa\u00e7\u00e3o, mestrado, doutorado, curso de idiomas, dentre outras, no hor\u00e1rio do Curso de Forma\u00e7\u00e3o.<\/p>\n\n\n\n<p>O Curso, com carga hor\u00e1ria total de 180 (cento e oitenta) horas\/aula, ser\u00e1 ministrado no per\u00edodo abaixo estipulado e observar\u00e1 os seguintes hor\u00e1rios (hor\u00e1rio de Bras\u00edlia):<\/p>\n\n\n\n<p>a \u2013 Per\u00edodo matutino: das 8h30 \u00e0s 12h30;<br \/>b \u2013 Per\u00edodo vespertino: das 13h30 \u00e0s 17h30.<\/p>\n\n\n\n<p>O Curso ser\u00e1 realizado no per\u00edodo de <strong>01 de outubro a 05 de novembro de 2020<\/strong>. A prova final ser\u00e1 realizada no dia <strong>05 de novembro de 2020<\/strong>.<\/p>\n\n\n\n<h4 class=\"wp-block-heading\">DO PROGRAMA<\/h4>\n\n\n\n<p>O conte\u00fado program\u00e1tico a ser ministrado estar\u00e1 distribu\u00eddo nos seguintes m\u00f3dulos:<\/p>\n\n\n\n<ol class=\"wp-block-list\"><li>Fundamentos B\u00e1sicos &#8211; 24 horas;<\/li><li>Fundamentos Legais &#8211; 28 horas;<\/li><li>Direitos Humanos, Cidadania e Cultura da Paz &#8211; 20 horas;<\/li><li>Seguran\u00e7a e Opera\u00e7\u00f5es Penitenci\u00e1rias &#8211; 84 horas;<\/li><li>Sa\u00fade &#8211; 24 horas.<\/li><\/ol>\n\n\n\n<h4 class=\"wp-block-heading\">DA AVALIA\u00c7\u00c3O<\/h4>\n\n\n\n<p>A prova consistir\u00e1 de quest\u00f5es objetivas, com dura\u00e7\u00e3o de 5 (cinco) horas e meia, inclu\u00eddo o tempo de preenchimento do cart\u00e3o-resposta, com 100 (cem) quest\u00f5es de m\u00faltipla escolha, cada uma com 4 (quatro) op\u00e7\u00f5es e sendo apenas 1 (uma) correta.<\/p>\n\n\n\n<p>A prova ser\u00e1 composta por:<br \/>a \u2013 10 (dez) quest\u00f5es do M\u00f3dulo I &#8211; Fundamentos B\u00e1sicos, com valor de 01 (um) ponto cada,<br \/>totalizando 10 (dez) pontos;<br \/>b \u2013 15 (quinze) quest\u00f5es do M\u00f3dulo II &#8211; Fundamentos Legais, com valor de 01 (um) ponto cada,<br \/>totalizando 15 (quinze) pontos;<br \/>c \u2013 15 (dez) quest\u00f5es do M\u00f3dulo III &#8211; Direitos Humanos, Cidadania e Cultura da Paz, com valor<br \/>de 01 (um) ponto cada, totalizando 15 (quinze) pontos;<br \/>d \u2013 50 (cinquenta) quest\u00f5es do M\u00f3dulo IV &#8211; Seguran\u00e7a e Opera\u00e7\u00f5es Penitenci\u00e1rias, com valor<br \/>de 01 (um) ponto cada, totalizando 50 (cinquenta) pontos; e<br \/>e \u2013 10 (dez) quest\u00f5es do M\u00f3dulo V &#8211; Sa\u00fade e Qualidade de Vida, com valor de 01 (um) ponto cada, totalizando 10 (dez) pontos.<\/p>\n\n\n\n<h4 class=\"wp-block-heading\">DA BOLSA AUX\u00cdLIO<\/h4>\n\n\n\n<p>Os participantes do Curso de Forma\u00e7\u00e3o receber\u00e3o bolsa aux\u00edlio no valor de R$ 1.000,00 (hum mil reais), para auxiliar no custeio das despesas durante a realiza\u00e7\u00e3o do curso. A forma de recebimento ser\u00e1 feita de acordo com as orienta\u00e7\u00f5es fornecidas no primeiro dia aula.<\/p>\n\n\n\n<p>Confira abaixo o regulamento do Curso de Forma\u00e7\u00e3o Depen PR na \u00edntegra: <\/p>\n\n\n\n<p style=\"font-size:18px\" class=\"has-background has-text-align-center has-very-light-gray-background-color\"><strong><a rel=\"noreferrer noopener\" href=\"https:\/\/www.cops.uel.br\/v2\/download.php?Acesso=YzlmNzU2YTBiMWIzYTM4MDZiM2RmN2FiYWEzZDdkMWEwYWY4YTE3YzhiOWZhYzg0ZjUwYWQ3MTc0OGEwZmU2MzRiYjc5N2E2ZmE3NWJkODY0ZDFkMDE4ZGM3ZDYyYzcxNzM2Mjk1NmYwYzMzZDYyOTdiMzQ3YzY1YjBjMDRlYzY2ZWExYjUwN2NmZWQ2YjhlYmJjNTBjOGJmZTk1M2U0MTA2ODA0OTQxNGQ0NmMzZGFkYzE5NzQ5M2E2MWQzNTI4\" target=\"_blank\">Regulamento DEPEN PR<\/a><\/strong><\/p>\n\n\n\n<h4 class=\"has-text-align-center wp-block-heading\" id=\"assinatura\"><em><strong>Assinatura Anual Ilimitada*<\/strong><\/em><\/h4>\n\n\n\n<p class=\"has-text-align-center\"><em>Prepare-se com o melhor material e com quem mais aprova em Concursos P\u00fablicos em todo o pa\u00eds. Assine agora a nossa Assinatura Anual e tenha acesso ilimitado* a todos os nossos cursos.<\/em><\/p>\n\n\n\n<p class=\"has-background has-text-align-center has-luminous-vivid-amber-background-color\"><strong>ASSINE AGORA<\/strong>&nbsp;\u2013&nbsp;<a rel=\"noreferrer noopener\" href=\"https:\/\/www.estrategiaconcursos.com.br\/assinaturas\" target=\"_blank\"><strong>Assinatura Ilimitada<\/strong><\/a><\/p>\n\n\n\n<p class=\"has-text-align-center\"><strong><em>Sistema de Quest\u00f5es<\/em><\/strong><\/p>\n\n\n\n<p class=\"has-text-align-center\"><em>Estrat\u00e9gia Quest\u00f5es nasceu maior do que todos os concorrentes, com mais quest\u00f5es cadastradas e mais solu\u00e7\u00f5es por professores. Clique no link e aproveite os descontos e b\u00f4nus imperd\u00edveis!<\/em><\/p>\n\n\n\n<p class=\"has-background has-text-align-center has-vivid-green-cyan-background-color\"><strong>ASSINE AGORA \u2013&nbsp;<a href=\"https:\/\/www.estrategiaconcursos.com.br\/cursosPorConcurso\/sistema-de-questoes\/#\/\" target=\"_blank\" rel=\"noreferrer noopener\">Sistema de Quest\u00f5es<\/a><\/strong><\/p>\n\n\n\n<p class=\"has-background has-text-align-center has-pale-cyan-blue-background-color\"><strong><a href=\"https:\/\/www.estrategiaconcursos.com.br\/blog\/concursos-abertos\/\">CONCURSOS ABERTOS<\/a><\/strong><\/p>\n\n\n\n<p class=\"has-background has-text-align-center has-pale-cyan-blue-background-color\"><a href=\"https:\/\/www.estrategiaconcursos.com.br\/blog\/concursos-2020\/\"><strong>CONCURSOS<\/strong><\/a><strong><a href=\"https:\/\/www.estrategiaconcursos.com.br\/blog\/concursos-2020\/\">&nbsp;2020<\/a><\/strong><\/p>\n\n\n\n<p class=\"has-background has-text-align-center has-pale-cyan-blue-background-color\"><a href=\"https:\/\/www.estrategiaconcursos.com.br\/blog\/concursos-2021\/\"><strong>Concursos 2021<\/strong><\/a><\/p>\n","protected":false},"excerpt":{"rendered":"<p>Documento refere-se ao \u00faltimo certame, realizado no ano de 2013 Foi publicado, no Di\u00e1rio Oficial do Paran\u00e1, o regulamento do Curso de Forma\u00e7\u00e3o para ingresso no cargo de Agente Penitenci\u00e1rio do concurso DEPEN PR, do Departamento\u00a0Penitenci\u00e1rio do Estado do\u00a0Paran\u00e1, realizado em 2013. Na oportunidade, 423 vagas foram ofertadas para Agente Penitenci\u00e1rio, com sal\u00e1rio de R$ [&hellip;]<\/p>\n","protected":false},"author":248,"featured_media":395172,"comment_status":"open","ping_status":"closed","sticky":false,"template":"","format":"standard","meta":{"post_tipo":"article","footnotes":""},"categories":[1],"tags":[],"tax_estado":[],"class_list":["post-570431","post","type-post","status-publish","format-standard","has-post-thumbnail","hentry","category-cursos-e-concursos"],"acf":[],"yoast_head":"<!-- This site is optimized with the Yoast SEO Premium plugin v27.2 (Yoast SEO v27.2) - https:\/\/yoast.com\/product\/yoast-seo-premium-wordpress\/ -->\n<title>Aprovado regulamento do Curso de Forma\u00e7\u00e3o do concurso DEPEN PR<\/title>\n<meta name=\"description\" content=\"Foi publicado o regulamento do Curso de Forma\u00e7\u00e3o para o cargo de Agente Penitenci\u00e1rio do concurso DEPEN PR. Confira no site!,\" \/>\n<meta name=\"robots\" content=\"index, follow, max-snippet:-1, max-image-preview:large, max-video-preview:-1\" \/>\n<link rel=\"canonical\" href=\"https:\/\/www.estrategiaconcursos.com.br\/blog\/regulamento-curso-depen-pr\/\" \/>\n<meta property=\"og:locale\" content=\"pt_BR\" \/>\n<meta property=\"og:type\" content=\"article\" \/>\n<meta property=\"og:title\" content=\"Aprovado regulamento do Curso de Forma\u00e7\u00e3o do concurso DEPEN PR\" \/>\n<meta property=\"og:description\" content=\"Foi publicado o regulamento do Curso de Forma\u00e7\u00e3o para o cargo de Agente Penitenci\u00e1rio do concurso DEPEN PR. Confira no site!,\" \/>\n<meta property=\"og:url\" content=\"https:\/\/www.estrategiaconcursos.com.br\/blog\/regulamento-curso-depen-pr\/\" \/>\n<meta property=\"og:site_name\" content=\"Estrat\u00e9gia Concursos\" \/>\n<meta property=\"article:published_time\" content=\"2020-09-10T23:02:00+00:00\" \/>\n<meta property=\"article:modified_time\" content=\"2020-09-11T00:16:32+00:00\" \/>\n<meta property=\"og:image\" content=\"https:\/\/dhg1h5j42swfq.cloudfront.net\/2019\/07\/04154406\/concurso-depen-pr.png\" \/>\n\t<meta property=\"og:image:width\" content=\"400\" \/>\n\t<meta property=\"og:image:height\" content=\"209\" \/>\n\t<meta property=\"og:image:type\" content=\"image\/png\" \/>\n<meta name=\"author\" content=\"Marcos Gir\u00e3o\" \/>\n<meta name=\"twitter:card\" content=\"summary_large_image\" \/>\n<meta name=\"twitter:creator\" content=\"@EstratConcursos\" \/>\n<meta name=\"twitter:site\" content=\"@EstratConcursos\" \/>\n<meta name=\"twitter:label1\" content=\"Escrito por\" \/>\n\t<meta name=\"twitter:data1\" content=\"Marcos Gir\u00e3o\" \/>\n\t<meta name=\"twitter:label2\" content=\"Est. tempo de leitura\" \/>\n\t<meta name=\"twitter:data2\" content=\"3 minutos\" \/>\n<script type=\"application\/ld+json\" class=\"yoast-schema-graph\">{\"@context\":\"https:\/\/schema.org\",\"@graph\":[{\"@type\":\"NewsArticle\",\"@id\":\"https:\/\/www.estrategiaconcursos.com.br\/blog\/regulamento-curso-depen-pr\/#article\",\"isPartOf\":{\"@id\":\"https:\/\/www.estrategiaconcursos.com.br\/blog\/regulamento-curso-depen-pr\/\"},\"author\":{\"name\":\"Marcos Gir\u00e3o\",\"@id\":\"https:\/\/www.estrategiaconcursos.com.br\/blog\/#\/schema\/person\/6be195b7a02a8ca214472b848686bb37\"},\"headline\":\"Aprovado regulamento do Curso de Forma\u00e7\u00e3o do concurso DEPEN PR\",\"datePublished\":\"2020-09-10T23:02:00+00:00\",\"dateModified\":\"2020-09-11T00:16:32+00:00\",\"mainEntityOfPage\":{\"@id\":\"https:\/\/www.estrategiaconcursos.com.br\/blog\/regulamento-curso-depen-pr\/\"},\"wordCount\":689,\"commentCount\":0,\"publisher\":{\"@id\":\"https:\/\/www.estrategiaconcursos.com.br\/blog\/#organization\"},\"image\":{\"@id\":\"https:\/\/www.estrategiaconcursos.com.br\/blog\/regulamento-curso-depen-pr\/#primaryimage\"},\"thumbnailUrl\":\"https:\/\/dhg1h5j42swfq.cloudfront.net\/2019\/07\/04154406\/concurso-depen-pr.png\",\"articleSection\":[\"Concursos P\u00fablicos\"],\"inLanguage\":\"pt-BR\",\"potentialAction\":[{\"@type\":\"CommentAction\",\"name\":\"Comment\",\"target\":[\"https:\/\/www.estrategiaconcursos.com.br\/blog\/regulamento-curso-depen-pr\/#respond\"]}],\"copyrightYear\":\"2020\",\"copyrightHolder\":{\"@id\":\"https:\/\/www.estrategiaconcursos.com.br\/blog\/#organization\"}},{\"@type\":\"WebPage\",\"@id\":\"https:\/\/www.estrategiaconcursos.com.br\/blog\/regulamento-curso-depen-pr\/\",\"url\":\"https:\/\/www.estrategiaconcursos.com.br\/blog\/regulamento-curso-depen-pr\/\",\"name\":\"Aprovado regulamento do Curso de Forma\u00e7\u00e3o do concurso DEPEN PR\",\"isPartOf\":{\"@id\":\"https:\/\/www.estrategiaconcursos.com.br\/blog\/#website\"},\"primaryImageOfPage\":{\"@id\":\"https:\/\/www.estrategiaconcursos.com.br\/blog\/regulamento-curso-depen-pr\/#primaryimage\"},\"image\":{\"@id\":\"https:\/\/www.estrategiaconcursos.com.br\/blog\/regulamento-curso-depen-pr\/#primaryimage\"},\"thumbnailUrl\":\"https:\/\/dhg1h5j42swfq.cloudfront.net\/2019\/07\/04154406\/concurso-depen-pr.png\",\"datePublished\":\"2020-09-10T23:02:00+00:00\",\"dateModified\":\"2020-09-11T00:16:32+00:00\",\"description\":\"Foi publicado o regulamento do Curso de Forma\u00e7\u00e3o para o cargo de Agente Penitenci\u00e1rio do concurso DEPEN PR. Confira no site!,\",\"breadcrumb\":{\"@id\":\"https:\/\/www.estrategiaconcursos.com.br\/blog\/regulamento-curso-depen-pr\/#breadcrumb\"},\"inLanguage\":\"pt-BR\",\"potentialAction\":[{\"@type\":\"ReadAction\",\"target\":[\"https:\/\/www.estrategiaconcursos.com.br\/blog\/regulamento-curso-depen-pr\/\"]}]},{\"@type\":\"ImageObject\",\"inLanguage\":\"pt-BR\",\"@id\":\"https:\/\/www.estrategiaconcursos.com.br\/blog\/regulamento-curso-depen-pr\/#primaryimage\",\"url\":\"https:\/\/dhg1h5j42swfq.cloudfront.net\/2019\/07\/04154406\/concurso-depen-pr.png\",\"contentUrl\":\"https:\/\/dhg1h5j42swfq.cloudfront.net\/2019\/07\/04154406\/concurso-depen-pr.png\",\"width\":400,\"height\":209,\"caption\":\"concurso depen pr\"},{\"@type\":\"BreadcrumbList\",\"@id\":\"https:\/\/www.estrategiaconcursos.com.br\/blog\/regulamento-curso-depen-pr\/#breadcrumb\",\"itemListElement\":[{\"@type\":\"ListItem\",\"position\":1,\"name\":\"In\u00edcio\",\"item\":\"https:\/\/www.estrategiaconcursos.com.br\/blog\/\"},{\"@type\":\"ListItem\",\"position\":2,\"name\":\"Aprovado regulamento do Curso de Forma\u00e7\u00e3o do concurso DEPEN PR\"}]},{\"@type\":\"WebSite\",\"@id\":\"https:\/\/www.estrategiaconcursos.com.br\/blog\/#website\",\"url\":\"https:\/\/www.estrategiaconcursos.com.br\/blog\/\",\"name\":\"Estrat\u00e9gia Concursos\",\"description\":\"O blog da Estrat\u00e9gia Concursos traz not\u00edcias sobre concursos e artigos de professores oferecendo cursos para concursos (pdf + videaulas) no site.\",\"publisher\":{\"@id\":\"https:\/\/www.estrategiaconcursos.com.br\/blog\/#organization\"},\"potentialAction\":[{\"@type\":\"SearchAction\",\"target\":{\"@type\":\"EntryPoint\",\"urlTemplate\":\"https:\/\/www.estrategiaconcursos.com.br\/blog\/?s={search_term_string}\"},\"query-input\":{\"@type\":\"PropertyValueSpecification\",\"valueRequired\":true,\"valueName\":\"search_term_string\"}}],\"inLanguage\":\"pt-BR\"},{\"@type\":\"Organization\",\"@id\":\"https:\/\/www.estrategiaconcursos.com.br\/blog\/#organization\",\"name\":\"Estrat\u00e9gia Concursos\",\"url\":\"https:\/\/www.estrategiaconcursos.com.br\/blog\/\",\"logo\":{\"@type\":\"ImageObject\",\"inLanguage\":\"pt-BR\",\"@id\":\"https:\/\/www.estrategiaconcursos.com.br\/blog\/#\/schema\/logo\/image\/\",\"url\":\"https:\/\/dhg1h5j42swfq.cloudfront.net\/2025\/06\/03203428\/logo_concursos-1.jpg\",\"contentUrl\":\"https:\/\/dhg1h5j42swfq.cloudfront.net\/2025\/06\/03203428\/logo_concursos-1.jpg\",\"width\":230,\"height\":60,\"caption\":\"Estrat\u00e9gia Concursos\"},\"image\":{\"@id\":\"https:\/\/www.estrategiaconcursos.com.br\/blog\/#\/schema\/logo\/image\/\"},\"sameAs\":[\"https:\/\/x.com\/EstratConcursos\"]},{\"@type\":\"Person\",\"@id\":\"https:\/\/www.estrategiaconcursos.com.br\/blog\/#\/schema\/person\/6be195b7a02a8ca214472b848686bb37\",\"name\":\"Marcos Gir\u00e3o\",\"image\":{\"@type\":\"ImageObject\",\"inLanguage\":\"pt-BR\",\"@id\":\"https:\/\/secure.gravatar.com\/avatar\/ac5b9a36e2c99a8280e07b5763e3b764471d5b861c47521bfd2edffdfbb06fbd?s=96&d=mm&r=g\",\"url\":\"https:\/\/secure.gravatar.com\/avatar\/ac5b9a36e2c99a8280e07b5763e3b764471d5b861c47521bfd2edffdfbb06fbd?s=96&d=mm&r=g\",\"contentUrl\":\"https:\/\/secure.gravatar.com\/avatar\/ac5b9a36e2c99a8280e07b5763e3b764471d5b861c47521bfd2edffdfbb06fbd?s=96&d=mm&r=g\",\"caption\":\"Marcos Gir\u00e3o\"},\"url\":\"https:\/\/www.estrategiaconcursos.com.br\/blog\/author\/marcosgiraoestrategiaconcursos-com-br\/\"}]}<\/script>\n<!-- \/ Yoast SEO Premium plugin. -->","yoast_head_json":{"title":"Aprovado regulamento do Curso de Forma\u00e7\u00e3o do concurso DEPEN PR","description":"Foi publicado o regulamento do Curso de Forma\u00e7\u00e3o para o cargo de Agente Penitenci\u00e1rio do concurso DEPEN PR. Confira no site!,","robots":{"index":"index","follow":"follow","max-snippet":"max-snippet:-1","max-image-preview":"max-image-preview:large","max-video-preview":"max-video-preview:-1"},"canonical":"https:\/\/www.estrategiaconcursos.com.br\/blog\/regulamento-curso-depen-pr\/","og_locale":"pt_BR","og_type":"article","og_title":"Aprovado regulamento do Curso de Forma\u00e7\u00e3o do concurso DEPEN PR","og_description":"Foi publicado o regulamento do Curso de Forma\u00e7\u00e3o para o cargo de Agente Penitenci\u00e1rio do concurso DEPEN PR. Confira no site!,","og_url":"https:\/\/www.estrategiaconcursos.com.br\/blog\/regulamento-curso-depen-pr\/","og_site_name":"Estrat\u00e9gia Concursos","article_published_time":"2020-09-10T23:02:00+00:00","article_modified_time":"2020-09-11T00:16:32+00:00","og_image":[{"width":400,"height":209,"url":"https:\/\/dhg1h5j42swfq.cloudfront.net\/2019\/07\/04154406\/concurso-depen-pr.png","type":"image\/png"}],"author":"Marcos Gir\u00e3o","twitter_card":"summary_large_image","twitter_creator":"@EstratConcursos","twitter_site":"@EstratConcursos","twitter_misc":{"Escrito por":"Marcos Gir\u00e3o","Est. tempo de leitura":"3 minutos"},"schema":{"@context":"https:\/\/schema.org","@graph":[{"@type":"NewsArticle","@id":"https:\/\/www.estrategiaconcursos.com.br\/blog\/regulamento-curso-depen-pr\/#article","isPartOf":{"@id":"https:\/\/www.estrategiaconcursos.com.br\/blog\/regulamento-curso-depen-pr\/"},"author":{"name":"Marcos Gir\u00e3o","@id":"https:\/\/www.estrategiaconcursos.com.br\/blog\/#\/schema\/person\/6be195b7a02a8ca214472b848686bb37"},"headline":"Aprovado regulamento do Curso de Forma\u00e7\u00e3o do concurso DEPEN PR","datePublished":"2020-09-10T23:02:00+00:00","dateModified":"2020-09-11T00:16:32+00:00","mainEntityOfPage":{"@id":"https:\/\/www.estrategiaconcursos.com.br\/blog\/regulamento-curso-depen-pr\/"},"wordCount":689,"commentCount":0,"publisher":{"@id":"https:\/\/www.estrategiaconcursos.com.br\/blog\/#organization"},"image":{"@id":"https:\/\/www.estrategiaconcursos.com.br\/blog\/regulamento-curso-depen-pr\/#primaryimage"},"thumbnailUrl":"https:\/\/dhg1h5j42swfq.cloudfront.net\/2019\/07\/04154406\/concurso-depen-pr.png","articleSection":["Concursos P\u00fablicos"],"inLanguage":"pt-BR","potentialAction":[{"@type":"CommentAction","name":"Comment","target":["https:\/\/www.estrategiaconcursos.com.br\/blog\/regulamento-curso-depen-pr\/#respond"]}],"copyrightYear":"2020","copyrightHolder":{"@id":"https:\/\/www.estrategiaconcursos.com.br\/blog\/#organization"}},{"@type":"WebPage","@id":"https:\/\/www.estrategiaconcursos.com.br\/blog\/regulamento-curso-depen-pr\/","url":"https:\/\/www.estrategiaconcursos.com.br\/blog\/regulamento-curso-depen-pr\/","name":"Aprovado regulamento do Curso de Forma\u00e7\u00e3o do concurso DEPEN PR","isPartOf":{"@id":"https:\/\/www.estrategiaconcursos.com.br\/blog\/#website"},"primaryImageOfPage":{"@id":"https:\/\/www.estrategiaconcursos.com.br\/blog\/regulamento-curso-depen-pr\/#primaryimage"},"image":{"@id":"https:\/\/www.estrategiaconcursos.com.br\/blog\/regulamento-curso-depen-pr\/#primaryimage"},"thumbnailUrl":"https:\/\/dhg1h5j42swfq.cloudfront.net\/2019\/07\/04154406\/concurso-depen-pr.png","datePublished":"2020-09-10T23:02:00+00:00","dateModified":"2020-09-11T00:16:32+00:00","description":"Foi publicado o regulamento do Curso de Forma\u00e7\u00e3o para o cargo de Agente Penitenci\u00e1rio do concurso DEPEN PR. Confira no site!,","breadcrumb":{"@id":"https:\/\/www.estrategiaconcursos.com.br\/blog\/regulamento-curso-depen-pr\/#breadcrumb"},"inLanguage":"pt-BR","potentialAction":[{"@type":"ReadAction","target":["https:\/\/www.estrategiaconcursos.com.br\/blog\/regulamento-curso-depen-pr\/"]}]},{"@type":"ImageObject","inLanguage":"pt-BR","@id":"https:\/\/www.estrategiaconcursos.com.br\/blog\/regulamento-curso-depen-pr\/#primaryimage","url":"https:\/\/dhg1h5j42swfq.cloudfront.net\/2019\/07\/04154406\/concurso-depen-pr.png","contentUrl":"https:\/\/dhg1h5j42swfq.cloudfront.net\/2019\/07\/04154406\/concurso-depen-pr.png","width":400,"height":209,"caption":"concurso depen pr"},{"@type":"BreadcrumbList","@id":"https:\/\/www.estrategiaconcursos.com.br\/blog\/regulamento-curso-depen-pr\/#breadcrumb","itemListElement":[{"@type":"ListItem","position":1,"name":"In\u00edcio","item":"https:\/\/www.estrategiaconcursos.com.br\/blog\/"},{"@type":"ListItem","position":2,"name":"Aprovado regulamento do Curso de Forma\u00e7\u00e3o do concurso DEPEN PR"}]},{"@type":"WebSite","@id":"https:\/\/www.estrategiaconcursos.com.br\/blog\/#website","url":"https:\/\/www.estrategiaconcursos.com.br\/blog\/","name":"Estrat\u00e9gia Concursos","description":"O blog da Estrat\u00e9gia Concursos traz not\u00edcias sobre concursos e artigos de professores oferecendo cursos para concursos (pdf + videaulas) no site.","publisher":{"@id":"https:\/\/www.estrategiaconcursos.com.br\/blog\/#organization"},"potentialAction":[{"@type":"SearchAction","target":{"@type":"EntryPoint","urlTemplate":"https:\/\/www.estrategiaconcursos.com.br\/blog\/?s={search_term_string}"},"query-input":{"@type":"PropertyValueSpecification","valueRequired":true,"valueName":"search_term_string"}}],"inLanguage":"pt-BR"},{"@type":"Organization","@id":"https:\/\/www.estrategiaconcursos.com.br\/blog\/#organization","name":"Estrat\u00e9gia Concursos","url":"https:\/\/www.estrategiaconcursos.com.br\/blog\/","logo":{"@type":"ImageObject","inLanguage":"pt-BR","@id":"https:\/\/www.estrategiaconcursos.com.br\/blog\/#\/schema\/logo\/image\/","url":"https:\/\/dhg1h5j42swfq.cloudfront.net\/2025\/06\/03203428\/logo_concursos-1.jpg","contentUrl":"https:\/\/dhg1h5j42swfq.cloudfront.net\/2025\/06\/03203428\/logo_concursos-1.jpg","width":230,"height":60,"caption":"Estrat\u00e9gia Concursos"},"image":{"@id":"https:\/\/www.estrategiaconcursos.com.br\/blog\/#\/schema\/logo\/image\/"},"sameAs":["https:\/\/x.com\/EstratConcursos"]},{"@type":"Person","@id":"https:\/\/www.estrategiaconcursos.com.br\/blog\/#\/schema\/person\/6be195b7a02a8ca214472b848686bb37","name":"Marcos Gir\u00e3o","image":{"@type":"ImageObject","inLanguage":"pt-BR","@id":"https:\/\/secure.gravatar.com\/avatar\/ac5b9a36e2c99a8280e07b5763e3b764471d5b861c47521bfd2edffdfbb06fbd?s=96&d=mm&r=g","url":"https:\/\/secure.gravatar.com\/avatar\/ac5b9a36e2c99a8280e07b5763e3b764471d5b861c47521bfd2edffdfbb06fbd?s=96&d=mm&r=g","contentUrl":"https:\/\/secure.gravatar.com\/avatar\/ac5b9a36e2c99a8280e07b5763e3b764471d5b861c47521bfd2edffdfbb06fbd?s=96&d=mm&r=g","caption":"Marcos Gir\u00e3o"},"url":"https:\/\/www.estrategiaconcursos.com.br\/blog\/author\/marcosgiraoestrategiaconcursos-com-br\/"}]}},"_links":{"self":[{"href":"https:\/\/www.estrategiaconcursos.com.br\/blog\/wp-json\/wp\/v2\/posts\/570431","targetHints":{"allow":["GET"]}}],"collection":[{"href":"https:\/\/www.estrategiaconcursos.com.br\/blog\/wp-json\/wp\/v2\/posts"}],"about":[{"href":"https:\/\/www.estrategiaconcursos.com.br\/blog\/wp-json\/wp\/v2\/types\/post"}],"author":[{"embeddable":true,"href":"https:\/\/www.estrategiaconcursos.com.br\/blog\/wp-json\/wp\/v2\/users\/248"}],"replies":[{"embeddable":true,"href":"https:\/\/www.estrategiaconcursos.com.br\/blog\/wp-json\/wp\/v2\/comments?post=570431"}],"version-history":[{"count":4,"href":"https:\/\/www.estrategiaconcursos.com.br\/blog\/wp-json\/wp\/v2\/posts\/570431\/revisions"}],"predecessor-version":[{"id":570439,"href":"https:\/\/www.estrategiaconcursos.com.br\/blog\/wp-json\/wp\/v2\/posts\/570431\/revisions\/570439"}],"wp:featuredmedia":[{"embeddable":true,"href":"https:\/\/www.estrategiaconcursos.com.br\/blog\/wp-json\/wp\/v2\/media\/395172"}],"wp:attachment":[{"href":"https:\/\/www.estrategiaconcursos.com.br\/blog\/wp-json\/wp\/v2\/media?parent=570431"}],"wp:term":[{"taxonomy":"category","embeddable":true,"href":"https:\/\/www.estrategiaconcursos.com.br\/blog\/wp-json\/wp\/v2\/categories?post=570431"},{"taxonomy":"post_tag","embeddable":true,"href":"https:\/\/www.estrategiaconcursos.com.br\/blog\/wp-json\/wp\/v2\/tags?post=570431"},{"taxonomy":"tax_estado","embeddable":true,"href":"https:\/\/www.estrategiaconcursos.com.br\/blog\/wp-json\/wp\/v2\/tax_estado?post=570431"}],"curies":[{"name":"wp","href":"https:\/\/api.w.org\/{rel}","templated":true}]}}