{"id":570357,"date":"2020-09-11T17:41:21","date_gmt":"2020-09-11T20:41:21","guid":{"rendered":"https:\/\/www.estrategiaconcursos.com.br\/blog\/?p=570357"},"modified":"2020-09-15T13:59:08","modified_gmt":"2020-09-15T16:59:08","slug":"advocacia-publica-procuradorias-defensorias","status":"publish","type":"post","link":"https:\/\/www.estrategiaconcursos.com.br\/blog\/advocacia-publica-procuradorias-defensorias\/","title":{"rendered":"Advocacia P\u00fablica, Procuradorias e Defensorias: quais as diferen\u00e7as?"},"content":{"rendered":"\n<p>O exerc\u00edcio da advocacia na esfera p\u00fablica, se entendido de forma ampla, engloba todas as entidades e servidores do Poder P\u00fablico cuja miss\u00e3o seja representar e resguardar direitos de pessoas (f\u00edsicas ou jur\u00eddicas), e lidar com a defesa dos interesses de seus representados, quando em conflito. <\/p>\n\n\n\n<p>Na pr\u00e1tica, esse exerc\u00edcio se dissipa em estruturas institucionais distintas e delimitadas pela mat\u00e9ria discutida, pela pessoa representada ou pelos limites territoriais que comp\u00f5em cada uma delas. Tais institui\u00e7\u00f5es s\u00e3o: a Advocacia Geral da Uni\u00e3o, as Procuradorias Estaduais e Municipais, a Defensoria P\u00fablica da Uni\u00e3o e dos Estados. <\/p>\n\n\n\n<p>E se voc\u00ea tem d\u00favidas relacionadas \u00e0s caracter\u00edsticas, diferen\u00e7as, peculiaridades, limites e \u00e1rea de atua\u00e7\u00e3o de cada uma dessas entidades, n\u00e3o deixe de acompanhar este artigo at\u00e9 o final. <\/p>\n\n\n\n<div class=\"container\" id=\"boxes\">\n  <div class=\"row\">\n\n    <div class=\"col-sm\">\n      <div class=\"banner-ecj\" id=\"box-assinatura\">\n        <h3 class=\"titulo-assinatura\">Assinatura Jur\u00eddica <\/h3>\n        <p class=\"subtitulo-assinatura\">Conhe\u00e7a os planos<\/p>\n        <div class=\"box-botao\">\n          <a class=\"btn-assinatura\" target=\"_blank\" href=\"https:\/\/www.estrategiaconcursos.com.br\/assinaturas-ecj\/\" role=\"button\" rel=\"noopener noreferrer\">Conhe\u00e7a mais<\/a>\n        <\/div>\n      <\/div>\n      <p class=\"texto-auxiliar\">Prepare-se com o melhor material e com quem mais aprova em Concursos P\u00fablicos em todo o pa\u00eds. \n<\/p>\n    <\/div>\n\n  <\/div>\n<\/div>\n\n\n\n<ul class=\"wp-block-list\"><li><em><strong><a href=\"https:\/\/www.estrategiaconcursos.com.br\/blog\/wp-admin\/post.php?post=570357&amp;action=edit#advocacia-publica\">Advocacia Geral da Uni\u00e3o<\/a><\/strong><\/em><\/li><li><em><strong><a href=\"#procuradorias\">Procuradorias<\/a><\/strong><\/em><\/li><li><em><strong><a href=\"#defensorias\">Defensorias P\u00fablicas<\/a><\/strong><\/em><\/li><\/ul>\n\n\n\n<h2 class=\"wp-block-heading\" id=\"advocacia-publica\">Advocacia P\u00fablica <\/h2>\n\n\n\n<p>A fun\u00e7\u00e3o primordial da Advocacia P\u00fablica, entendida de forma estrita, \u00e9 a de representar, fiscalizar e controlar juridicamente o Estado, bem como o zelar pelo patrim\u00f4nio p\u00fablico. \u00c9 essa institui\u00e7\u00e3o que disponibiliza ao ente estatal consultoria jur\u00eddica e quem o representa judicialmente. <\/p>\n\n\n\n<p>No \u00e2mbito federal, a representa\u00e7\u00e3o interna da Uni\u00e3o e externa da Rep\u00fablica Federativa do Brasil (esta \u00faltima perante a ordem internacional), se d\u00e1 pela&nbsp;<strong>Advocacia-Geral da Uni\u00e3o<\/strong>, composta de servidores concursados denominados <strong>Advogados da Uni\u00e3o<\/strong>.<\/p>\n\n\n\n<p>J\u00e1 a representa\u00e7\u00e3o de suas <strong>autarquias e funda\u00e7\u00f5es<\/strong> de forma geral compete \u00e0 <strong>Procuradoria-Geral Federal<\/strong>, bra\u00e7o da Advocacia-Geral da Uni\u00e3o, criado pelo Art. 9\u00ba da Lei n\u00ba 10.480\/2002. <\/p>\n\n\n\n<p>As exce\u00e7\u00f5es a essa regra se d\u00e3o em rela\u00e7\u00e3o ao <strong>Banco Central<\/strong>, autarquia federal que possui uma <strong>Procuradoria-Geral<\/strong> pr\u00f3pria, e aos assuntos relacionados \u00e0&nbsp;D\u00edvida Ativa da Uni\u00e3o (no que toca \u00e0 arrecada\u00e7\u00e3o de tributos) e \u00e0s&nbsp;d\u00edvida externa&nbsp;e interna&nbsp;do pa\u00eds, cuja representa\u00e7\u00e3o e fiscaliza\u00e7\u00e3o cabe \u00e0 <strong>Procuradoria da Fazenda Nacional.<\/strong> <\/p>\n\n\n\n<h3 class=\"wp-block-heading\">Requisitos para se tornar Advogado da Uniao: <\/h3>\n\n\n\n<p>Para ser investido na carreira de Advogado da Uni\u00e3o o candidato dever\u00e1 possuir, cumulativamente:<\/p>\n\n\n\n<ul class=\"wp-block-list\"><li>Diploma, devidamente registrado de curso de&nbsp;<strong>gradua\u00e7\u00e3o em Direito<\/strong>&nbsp;, fornecido por institui\u00e7\u00e3o de ensino superior reconhecida pelo MEC;<\/li><li>Registro de&nbsp;<strong>inscri\u00e7\u00e3o na Ordem dos Advogados do Brasil<\/strong>;<\/li><li><strong>2 anos<\/strong>&nbsp;de&nbsp;<strong>pr\u00e1tica forense<\/strong>, a serem comprovados no momento da&nbsp;<em>inscri\u00e7\u00e3o definitiva<\/em>&nbsp;(fase entre as provas objetiva e discursivas).<\/li><\/ul>\n\n\n\n<h3 class=\"wp-block-heading\">Etapas do concurso Advogado da Uni\u00e3o: <\/h3>\n\n\n\n<p>O certame para Advogado da Uni\u00e3o \u00e9 composto das seguintes fases:<\/p>\n\n\n\n<ul class=\"wp-block-list\"><li><strong><em>Prova Objetiva<\/em><\/strong>: car\u00e1ter eliminat\u00f3rio e classificat\u00f3rio;<\/li><li><em><strong>Provas Discursivas<\/strong><\/em>: car\u00e1ter eliminat\u00f3rio e classificat\u00f3rio;<\/li><li><em><strong>Prova Oral<\/strong><\/em>: car\u00e1ter eliminat\u00f3rio e classificat\u00f3rio;<\/li><li><em><strong>Sindic\u00e2ncia de vida pregressa<\/strong><\/em>: car\u00e1ter eliminat\u00f3rio;<\/li><li><em><strong>Avalia\u00e7\u00e3o de T\u00edtulos<\/strong><\/em>: car\u00e1ter classificat\u00f3rio.<\/li><\/ul>\n\n\n\n<p class=\"has-text-align-center has-very-light-gray-background-color has-background\">Para conhecer com mais detalhes as etapas do certame, <a rel=\"noreferrer noopener\" href=\"https:\/\/www.estrategiaconcursos.com.br\/blog\/concurso-agu-advogado-da-uniao-saiba-tudo-sobre-a-carreira\/\" target=\"_blank\">clique aqui<\/a>.<\/p>\n\n\n\n<h2 class=\"wp-block-heading\" id=\"procuradorias\">Procuradoria <\/h2>\n\n\n\n<p>Diferentemente da nomenclatura atribu\u00edda \u00e0 representa\u00e7\u00e3o da Uni\u00e3o, no \u00e2mbito dos Estados e dos Munic\u00edpios, a advocacia p\u00fablica, enquanto consultoria e representa\u00e7\u00e3o jur\u00eddica do ente, se d\u00e1 por meio das<strong> Procuradorias do Estados e do DF e das Procuradorias Municipais<\/strong>. <\/p>\n\n\n\n<p>Por essa raz\u00e3o, e devido ao fato de fazermos parte de uma Federa\u00e7\u00e3o, modelo que d\u00e1 autonomia aos seus entes interdependentes, os requisitos para ingresso nos concursos de Procuradorias Estaduais e Municipais e as disciplinas exigidas em seus certames acabam variando a depender da realidade local de cada Estado ou Munic\u00edpio.  <\/p>\n\n\n\n<h3 class=\"wp-block-heading\">Requisitos para se tornar Procurador:<\/h3>\n\n\n\n<p>S\u00e3o requisitos presentes para os concursos de Procurador Estadual e Municipal o diploma, devidamente registrado de curso de&nbsp;<strong>gradua\u00e7\u00e3o em Direito<\/strong>, fornecido por institui\u00e7\u00e3o de ensino superior reconhecida pelo MEC e o registro de&nbsp;<strong>inscri\u00e7\u00e3o na Ordem dos Advogados do Brasil<\/strong>. <\/p>\n\n\n\n<p>O tempo de atividade jur\u00eddica e suas formas de comprova\u00e7\u00e3o, contudo, variam a depender do Estado e do Munic\u00edpio. <\/p>\n\n\n\n<h4 class=\"wp-block-heading\">Concursos PGE que N\u00c3O exigem atividade jur\u00eddica<\/h4>\n\n\n\n<p><\/p>\n\n\n\n<figure class=\"wp-block-table is-style-stripes\"><table class=\"has-subtle-pale-blue-background-color has-fixed-layout has-background\"><tbody><tr><td><strong>Estado <\/strong><\/td><td><strong>Ano do \u00faltimo concurso<\/strong><\/td><td><strong>Banca <\/strong><\/td><\/tr><tr><td>Acre<\/td><td>2017<\/td><td>FMB<\/td><\/tr><tr><td>Alagoas<\/td><td>2008<\/td><td>CESPE<\/td><\/tr><tr><td>Amazonas<\/td><td>2016<\/td><td>CESPE<\/td><\/tr><tr><td>Bahia<\/td><td>2013<\/td><td>CESPE<\/td><\/tr><tr><td>Cear\u00e1<\/td><td>2007<\/td><td>CESPE<\/td><\/tr><tr><td>Distrito Federal<\/td><td>2013<\/td><td>CESPE<\/td><\/tr><tr><td>Esp\u00edrito Santo <\/td><td>2008<\/td><td>CESPE<\/td><\/tr><tr><td>Goi\u00e1s<\/td><td>2013<\/td><td>PGE\/GO<\/td><\/tr><tr><td>Maranh\u00e3o<\/td><td>2016<\/td><td>FCC<\/td><\/tr><tr><td>Mato Grosso <\/td><td>2016<\/td><td>FCC<\/td><\/tr><tr><td>Par\u00e1<\/td><td>2015<\/td><td>UEPA<\/td><\/tr><tr><td>Para\u00edba <\/td><td>2007<\/td><td>CESPE<\/td><\/tr><tr><td>Paran\u00e1 <\/td><td>2014<\/td><td>PUC\/PR<\/td><\/tr><tr><td>Pernambuco <\/td><td>2018<\/td><td>CESPE<\/td><\/tr><tr><td>Piau\u00ed<\/td><td>2014<\/td><td>CESPE<\/td><\/tr><tr><td>Rio Grande do Norte <\/td><td>2014<\/td><td>FCC<\/td><\/tr><tr><td>Rio Grande do Sul <\/td><td>2014<\/td><td>FUNDATEC<\/td><\/tr><tr><td>Roraima <\/td><td>2005<\/td><td>FCC<\/td><\/tr><tr><td>S\u00e3o Paulo<\/td><td>2018<\/td><td>VUNESP<\/td><\/tr><tr><td>Sergipe <\/td><td>2017<\/td><td>CESPE<\/td><\/tr><tr><td>Tocantins <\/td><td>2018<\/td><td>FCC<\/td><\/tr><\/tbody><\/table><\/figure>\n\n\n\n<h4 class=\"wp-block-heading\">Concursos PGE que EXIGEM atividade jur\u00eddica<\/h4>\n\n\n\n<p><\/p>\n\n\n\n<figure class=\"wp-block-table is-style-stripes\"><table class=\"has-subtle-pale-blue-background-color has-fixed-layout has-background\"><tbody><tr><td><strong>Estado <\/strong><\/td><td><strong>Ano do \u00faltimo concurso<\/strong><\/td><td><strong>Banca <\/strong><\/td><td><strong>Tempo<\/strong><\/td><\/tr><tr><td>Amap\u00e1<\/td><td>2018<\/td><td>FCC<\/td><td>3 anos<\/td><\/tr><tr><td>Mato Grosso do Sul<\/td><td>2016<\/td><td>PGE\/MS<\/td><td>2 anos <\/td><\/tr><tr><td>Minas Gerais <\/td><td>2011<\/td><td>FUMARC<\/td><td>3 anos<\/td><\/tr><tr><td>Rio de Janeiro <\/td><td>2012<\/td><td>PGE\/RJ<\/td><td>3 anos<\/td><\/tr><tr><td>Rond\u00f4nia <\/td><td>2011<\/td><td>FCC<\/td><td>3 anos <\/td><\/tr><tr><td>Santa Catarina <\/td><td>2018<\/td><td>FEPESE<\/td><td>3 anos <\/td><\/tr><\/tbody><\/table><\/figure>\n\n\n\n<h4 class=\"wp-block-heading\">Exemplos de Concursos PGM que N\u00c3O exigem atividade jur\u00eddica<\/h4>\n\n\n\n<p><\/p>\n\n\n\n<figure class=\"wp-block-table is-style-stripes\"><table class=\"has-subtle-pale-blue-background-color has-fixed-layout has-background\"><tbody><tr><td><strong>Estado <\/strong><\/td><td><strong>Ano do \u00faltimo concurso<\/strong><\/td><td><strong>Banca <\/strong><\/td><\/tr><tr><td>Aracaj\u00fa (SE)<\/td><td>2008<\/td><td>CESPE<\/td><\/tr><tr><td>Belo Horizonte (MG)<\/td><td>2016<\/td><td>CESPE<\/td><\/tr><tr><td>Bel\u00e9m (PA) <\/td><td>2004<\/td><td>UFPA<\/td><\/tr><tr><td>Campo Grande (MS)<\/td><td>2019<\/td><td>CESPE<\/td><\/tr><tr><td>Curitiba (PR) <\/td><td>2019<\/td><td>UFPR<\/td><\/tr><tr><td>Florian\u00f3polis (SC) <\/td><td>2010<\/td><td>FEPESE<\/td><\/tr><tr><td>Macei\u00f3 (AL) <\/td><td>2012<\/td><td>COPEVE <\/td><\/tr><tr><td>Manaus (AM)<\/td><td>2018<\/td><td>CESPE<\/td><\/tr><tr><td>Palmas (TO)<\/td><td>2015<\/td><td>COPESE<\/td><\/tr><tr><td>Rio Branco (AC)<\/td><td>2009<\/td><td>CESPE<\/td><\/tr><tr><td>Salvador (BA)<\/td><td>2015<\/td><td>CESPE<\/td><\/tr><tr><td>S\u00e3o Luis (MA)  <\/td><td>2015<\/td><td>FCC<\/td><\/tr><tr><td>S\u00e3o Paulo (SP)<\/td><td>2014<\/td><td>VUNESP<\/td><\/tr><tr><td>Teresina (PI) <\/td><td>2020<\/td><td>FCC<\/td><\/tr><\/tbody><\/table><\/figure>\n\n\n\n<h4 class=\"wp-block-heading\">Exemplos de concursos PGM que EXIGEM atividade jur\u00eddica<\/h4>\n\n\n\n<p><\/p>\n\n\n\n<figure class=\"wp-block-table is-style-stripes\"><table class=\"has-subtle-pale-blue-background-color has-fixed-layout has-background\"><tbody><tr><td><strong>Estado <\/strong><\/td><td><strong>Ano do \u00faltimo concurso<\/strong><\/td><td><strong>Banca <\/strong><\/td><td><strong>Tempo<\/strong><\/td><\/tr><tr><td>Boa Vista (RR)<\/td><td>2019<\/td><td>CESPE<\/td><td>2 anos<\/td><\/tr><tr><td>Cuiab\u00e1 (MT)<\/td><td>2013<\/td><td>FCC<\/td><td>3 anos <\/td><\/tr><tr><td>Fortaleza (CE)<\/td><td>2016<\/td><td>CESPE<\/td><td>1 ano<\/td><\/tr><tr><td>Goi\u00e2nia (GO)<\/td><td>2016<\/td><td>UFG<\/td><td>3 anos<\/td><\/tr><tr><td>Jo\u00e3o Pessoa (PB) <\/td><td>2018<\/td><td>CESPE<\/td><td>2 anos <\/td><\/tr><tr><td>Natal (RN)<\/td><td>2008<\/td><td>CESPE<\/td><td>3 anos <\/td><\/tr><tr><td>Porto Alegre (RS)<\/td><td>2016<\/td><td>FUNDATEC<\/td><td>2 anos <\/td><\/tr><tr><td>Rio de Janeiro (RJ)<\/td><td>2019<\/td><td>PGM\/RJ<\/td><td>2 anos<\/td><\/tr><tr><td>Vit\u00f3ria (ES)<\/td><td>2020<\/td><td>IBADE <\/td><td>3 anos <\/td><\/tr><\/tbody><\/table><\/figure>\n\n\n\n<h3 class=\"wp-block-heading\">Etapas comuns nos concursos de Procuradorias: <\/h3>\n\n\n\n<p>Os certames para Procuradorias costumam ser compostos das seguintes fases:<\/p>\n\n\n\n<ul class=\"wp-block-list\"><li><strong><em>Prova Objetiva<\/em><\/strong>: car\u00e1ter eliminat\u00f3rio e classificat\u00f3rio;<\/li><li><em><strong>Prova Discursiva<\/strong><\/em>: car\u00e1ter eliminat\u00f3rio e classificat\u00f3rio;<\/li><li><em><strong>Prova Oral<\/strong><\/em>: car\u00e1ter eliminat\u00f3rio e classificat\u00f3rio (menos frequente); <\/li><li><em><strong>Avalia\u00e7\u00e3o de T\u00edtulos<\/strong><\/em>: car\u00e1ter classificat\u00f3rio.<\/li><\/ul>\n\n\n\n<p class=\"has-text-align-center has-very-light-gray-background-color has-background\">Para saber mais sobre Procuradorias, <a rel=\"noreferrer noopener\" href=\"https:\/\/www.estrategiaconcursos.com.br\/blog\/?s=procuradorias\" target=\"_blank\">clique aqui<\/a>.<\/p>\n\n\n\n<h2 class=\"wp-block-heading\" id=\"defensorias\">Defensoria P\u00fablica<\/h2>\n\n\n\n<p>Diferentemente do que ocorre com a Advocacia Geral da Uni\u00e3o e as Procuradorias, a Defensoria P\u00fablica n\u00e3o representa uma entidade estatal, mas trata-se de um bra\u00e7o jur\u00eddico mantido pelo Poder P\u00fablico para garantir o acesso \u00e0 justi\u00e7a e a representa\u00e7\u00e3o de cidad\u00e3os de baixa renda. <\/p>\n\n\n\n<p>Por essa raz\u00e3o, a&nbsp;Defensoria P\u00fablica&nbsp;\u00e9 uma institui\u00e7\u00e3o aut\u00f4noma e independente, ou seja, n\u00e3o integra a advocacia&nbsp;p\u00fablica ou privada, possuindo independ\u00eancia funcional no exerc\u00edcio de sua fun\u00e7\u00e3o, essencial \u00e0 fun\u00e7\u00e3o jurisdicional do Estado e \u00e0 materializa\u00e7\u00e3o do regime democr\u00e1tico. <\/p>\n\n\n\n<p>Dentre suas fun\u00e7\u00f5es est\u00e3o a orienta\u00e7\u00e3o e consultoria jur\u00eddica, a promo\u00e7\u00e3o dos direitos e a defesa judicial e extrajudicial, em todos os graus, dos direitos individuais e coletivos, de forma integral e gratuita, aos necessitados. E n\u00e3o \u00e9 por menos que o artigo 134 da Constitui\u00e7\u00e3o Federal denomina o Defensor de agente pol\u00edtico de transforma\u00e7\u00e3o social.<\/p>\n\n\n\n<p>Por se tratar de uma esp\u00e9cie de assist\u00eancia jur\u00eddica, a atua\u00e7\u00e3o da Defensoria P\u00fablica se norteia por limites financeiros de renda legalmente estabelecidos, que tornam o seu assistido hipossuficiente ou ainda por rela\u00e7\u00e3o desproporcionais que o tornam vulner\u00e1vel. <\/p>\n\n\n\n<p>Existem, contudo, hip\u00f3teses em que a Defensoria atua independentemente da condi\u00e7\u00e3o financeira do assistido, situa\u00e7\u00f5es em que for verificada a hipossufici\u00eancia jur\u00eddica da parte apta a causar-lhe preju\u00edzos no direito de defesa, como \u00e9 o caso da curatela especial e defesa dos acusados criminais que n\u00e3o possuem advogado. <\/p>\n\n\n\n<p>Outra hip\u00f3tese tamb\u00e9m \u00e9 a defesa de grupos hipossuficientes (consumidor, idoso, crian\u00e7a e adolescente, mulheres v\u00edtimas de viol\u00eancia), em que se legitima a Defensoria para o ajuizamento de a\u00e7\u00f5es civis p\u00fablicas e coletivas em prol do interesse de toda uma classe de pessoas. Nestes casos, a Defensoria pode demandar, inclusive, em face do Poder P\u00fablico, ainda que seja financeiramente por ele mantida.<\/p>\n\n\n\n<p>A atua\u00e7\u00e3o da Defensoria se d\u00e1 no \u00e2mbito de cada um dos Estados e na esfera federal, sendo esta \u00faltima denominada Defensoria P\u00fablica da Uni\u00e3o. A diferen\u00e7a de suas atua\u00e7\u00f5es se d\u00e1 quanto \u00e0s mat\u00e9rias e limites territoriais de exerc\u00edcio da atividade. <\/p>\n\n\n\n<p>Enquanto cada Defensoria Estadual ou do DF atua com base em seus limites e em mat\u00e9rias de natureza estadual (crimes estaduais, rela\u00e7\u00f5es com Poder P\u00fablico Estadual e\/ou Municipal, lit\u00edgios que envolvam bens e interesses relacionados \u00e0quela regi\u00e3o), a Defensoria P\u00fablica da Uni\u00e3o atua de forma mais ampla. <\/p>\n\n\n\n<p>Assim, a esfera de atua\u00e7\u00e3o da DPU tem com base em limites que extrapolam o territ\u00f3rio de um Estado ou at\u00e9 mesmo da Federa\u00e7\u00e3o e envolvam quest\u00f5es relacionadas \u00e0 esfera federal como um todo (crimes entre fronteiras, crimes federais, direitos internacional, direito militar). <\/p>\n\n\n\n<h2 class=\"wp-block-heading\">Requisitos para se tornar Defensor P\u00fablico <\/h2>\n\n\n\n<p>S\u00e3o requisitos presentes para os concursos Defensor P\u00fablico Estadual e da Uni\u00e3o o diploma, devidamente registrado de curso de&nbsp;<strong>gradua\u00e7\u00e3o em Direito<\/strong>, fornecido por institui\u00e7\u00e3o de ensino superior reconhecida pelo MEC e, na maioria dos certames, o registro de&nbsp;<strong>inscri\u00e7\u00e3o na Ordem dos Advogados do Brasil<\/strong>, embora alguns n\u00e3o exijam. <\/p>\n\n\n\n<p>Em rela\u00e7\u00e3o \u00e0 Defensoria P\u00fablica da Uni\u00e3o, a atividade jur\u00eddica \u00e9 sim exigida, apesar de haver controv\u00e9rsia quanto ao tempo de dura\u00e7\u00e3o. Isto porque, o artigo 29 da Lei Org\u00e2nica do \u00f3rg\u00e3o (Lei Complementar 80\/1994) prev\u00ea a exig\u00eancia de&nbsp;<em><strong>dois anos<\/strong><\/em>&nbsp;de pr\u00e1tica.<\/p>\n\n\n\n<p>Contudo, ap\u00f3s a&nbsp;Emenda Constitucional 80\/2014&nbsp;o artigo 134, par\u00e1grafo 4\u00ba da Constitui\u00e7\u00e3o Federal passou a prever a aplica\u00e7\u00e3o \u00e0 Defensoria P\u00fablica das disposi\u00e7\u00f5es pertinentes \u00e0 carreira da Magistratura (arts. 93 a 96 da CF\/88), o que incluiria a pr\u00e1tica de<em><strong> tr\u00eas anos<\/strong><\/em> de atividade jur\u00eddica. <\/p>\n\n\n\n<p>Por tal raz\u00e3o, o prazo de tr\u00eas anos passou a ser institu\u00eddo pela Resolu\u00e7\u00e3o 118\/2015 do \u00f3rg\u00e3o, n\u00e3o sendo, contudo, acatado pelo STJ quando do julgamento do REsp 1676831\/AL em 2017. N\u00e3o obstante, o tempo de pr\u00e1tica exigido no \u00faltimo certame, tamb\u00e9m em 2017, foi de tr\u00eas anos. <\/p>\n\n\n\n<p>Quanto \u00e0s Defensorias P\u00fablicas Estaduais, assim como ocorre com as Procuradorias, a exig\u00eancia de atividade jur\u00eddica, seu tempo de dura\u00e7\u00e3o, suas formas de comprova\u00e7\u00e3o e pr\u00e1ticas aceitas (como \u00e9 o caso do est\u00e1gio durante a faculdade, por exemplo), variam a depender do Estado.  <\/p>\n\n\n\n<h4 class=\"wp-block-heading\">Concursos DPE que EXIGEM atividade jur\u00eddica<\/h4>\n\n\n\n<p><\/p>\n\n\n\n<figure class=\"wp-block-table is-style-stripes\"><table class=\"has-subtle-pale-blue-background-color has-fixed-layout has-background\"><tbody><tr><td><strong>Estado <\/strong><\/td><td><strong>Ano do \u00faltimo concurso<\/strong><\/td><td><strong>Banca <\/strong><\/td><td><strong>Tempo<\/strong><\/td><\/tr><tr><td>Amap\u00e1<\/td><td>2017<\/td><td>FCC<\/td><td>3 anos<\/td><\/tr><tr><td>Amazonas <\/td><td>2017<\/td><td>FCC<\/td><td>2 anos <\/td><\/tr><tr><td>Minas Gerais <\/td><td>2019<\/td><td>DPE\/MG<\/td><td>3 anos<\/td><\/tr><tr><td>Distrito Federal <\/td><td>2019<\/td><td>CESPE<\/td><td>3 anos<\/td><\/tr><tr><td>Pernambuco <\/td><td>2019<\/td><td>CESPE<\/td><td>2 anos <\/td><\/tr><tr><td>Rio de Janeiro <\/td><td>2018<\/td><td>DPE\/RJ<\/td><td>2 anos <\/td><\/tr><tr><td>Rio Grande do Sul <\/td><td>2018<\/td><td>FCC<\/td><td>3 anos<\/td><\/tr><tr><td>Sergipe <\/td><td>2012<\/td><td>CESPE<\/td><td>2 anos <\/td><\/tr><\/tbody><\/table><\/figure>\n\n\n\n<h3 class=\"wp-block-heading\">Etapas comuns nos concursos de Defensorias P\u00fablicas: <\/h3>\n\n\n\n<p>Os certames para Defensoria P\u00fablica costumam ser compostos das seguintes fases:<\/p>\n\n\n\n<ul class=\"wp-block-list\"><li><em><strong>Prova Objetiva<\/strong><\/em>: car\u00e1ter eliminat\u00f3rio e classificat\u00f3rio;<\/li><li><em><strong>Provas Escritas<\/strong><\/em>: car\u00e1ter eliminat\u00f3rio e classificat\u00f3rio;<\/li><li><em><strong>Sindic\u00e2ncia da vida pregressa, exames f\u00edsicos e psicol\u00f3gicos e entrevista<\/strong><\/em>: car\u00e1ter eliminat\u00f3rio (menos frequente);<\/li><li><em><strong>Provas Orais<\/strong><\/em>: car\u00e1ter eliminat\u00f3rio e classificat\u00f3rio;<\/li><li><em><strong>Prova de Tribuna<\/strong><\/em>: car\u00e1ter eliminat\u00f3rio e classificat\u00f3rio (menos frequente);<\/li><li><em><strong>Prova de T\u00edtulos<\/strong><\/em>: car\u00e1ter classificat\u00f3rio. <\/li><\/ul>\n\n\n\n<p class=\"has-text-align-center has-very-light-gray-background-color has-background\"><strong><em>Mais informa\u00e7\u00f5es<\/em><\/strong>: <a href=\"https:\/\/www.estrategiaconcursos.com.br\/blog\/defensoria-publica-suas-areas-de-atuacao\/\" target=\"_blank\" rel=\"noreferrer noopener\">Defensoria P\u00fablica e suas \u00e1rea de atua\u00e7\u00e3o<\/a>.<\/p>\n\n\n\n<h2 class=\"has-text-align-center wp-block-heading\" id=\"cursos-ficha\">Quer estudar para Carrreiras Jur\u00eddicas?<\/h2>\n\n\n\n<p>O Estrat\u00e9gia Carreira Jur\u00eddica \u00e9 campe\u00e3o de aprova\u00e7\u00f5es nos concursos para Carreiras Jur\u00eddicas com um corpo docente qualificado e materiais completos. Conhe\u00e7a nossos cursos e garanta sua aprova\u00e7\u00e3o:<\/p>\n\n\n\n<div class=\"container\" id=\"boxes\">\n  <div class=\"row\">\n\n    <div class=\"col-sm\">\n      <div class=\"banner-ecj\" id=\"box-assinatura\">\n        <h3 class=\"titulo-assinatura\">Assinatura Jur\u00eddica <\/h3>\n        <p class=\"subtitulo-assinatura\">Conhe\u00e7a os planos<\/p>\n        <div class=\"box-botao\">\n          <a class=\"btn-assinatura\" target=\"_blank\" href=\"https:\/\/www.estrategiaconcursos.com.br\/assinaturas-ecj\/\" role=\"button\" rel=\"noopener noreferrer\">Conhe\u00e7a mais<\/a>\n        <\/div>\n      <\/div>\n      <p class=\"texto-auxiliar\">Prepare-se com o melhor material e com quem mais aprova em Concursos P\u00fablicos em todo o pa\u00eds. \n<\/p>\n    <\/div>\n\n  <\/div>\n<\/div>\n\n\n\n<div class=\"container\" id=\"boxes\">\n  <div class=\"row\">\n\n    <div class=\"col-sm\">\n      <div class=\"questoes\" id=\"box-assinatura\">\n        <h3 class=\"titulo-assinatura\">Sistema de Quest\u00f5es<\/h3>\n        <p class=\"subtitulo-assinatura\">Assinatura Ilimitada*\n<\/p>\n        <div class=\"box-botao\">\n          <a class=\"btn-assinatura\" target=\"_blank\" href=\"https:\/\/www.estrategiaconcursos.com.br\/cursosPorConcurso\/sistema-de-questoes\/#\/\" role=\"button\" rel=\"noopener noreferrer\">ASSINE AGORA<\/a>\n        <\/div>\n      <\/div>\n      <p class=\"texto-auxiliar\">Estrat\u00e9gia Quest\u00f5es nasceu maior do que todos os concorrentes, com mais quest\u00f5es cadastradas e mais solu\u00e7\u00f5es por professores. Clique no link e aproveite os descontos e b\u00f4nus imperd\u00edveis!<\/p>\n    <\/div>\n  <\/div>\n<\/div>\n\n\n\n<p class=\"has-text-align-center has-medium-font-size\"><em><strong>Fique por dentro de todos os concursos<\/strong><\/em>:<\/p>\n\n\n\n<p>Quer ficar em dia com as principais novidades no mundo dos concursos p\u00fablicos? Confira os principais concursos com inscri\u00e7\u00f5es abertas, al\u00e9m de editais previstos para o 2\u00ba semestre de 2020 e in\u00edcio de 2021:<\/p>\n\n\n\n<div class=\"container\" id=\"boxes\">\n  <div class=\"row\">\n\n    <div class=\"col-sm\" id=\"boxes-concursos\">\n      <div style=\"background-color: #005DAD;\" class=\"conteudo-concursos\" id=\"box-concursos\">\n        <h3 class=\"titulo-assinatura\">Concursos Abertos<\/h3>\n        <p class=\"subtitulo-assinatura\">mais de 15 mil vagas<\/p>\n        <div class=\"box-botao\">\n          <a class=\"btn-assinatura\" target=\"_blank\" href=\"https:\/\/www.estrategiaconcursos.com.br\/blog\/concursos-abertos\/\" role=\"button\" rel=\"noopener noreferrer\">Conhe\u00e7a Agora<\/a>\n        <\/div>\n      <\/div>\n    <\/div>\n\n    <div class=\"col-sm\" id=\"boxes-concursos\">\n      <div style=\"background-color: #1A7ED5;\" class=\"conteudo-concursos\" id=\"box-concursos\">\n        <h3 class=\"titulo-assinatura\">Concursos 2020<\/h3>\n        <p class=\"subtitulo-assinatura\">mais de 11 mil vagas<\/p>\n        <div class=\"box-botao\">\n          <a class=\"btn-assinatura\" target=\"_blank\" href=\"https:\/\/www.estrategiaconcursos.com.br\/blog\/concursos-2020\/\" role=\"button\" rel=\"noopener noreferrer\">Conhe\u00e7a Agora<\/a>\n        <\/div>\n      <\/div>\n    <\/div>\n\n    <div class=\"col-sm\" id=\"boxes-concursos\">\n      <div style=\"background-color: #419FF0;\" class=\"conteudo-concursos\" id=\"box-concursos\">\n        <h3 class=\"titulo-assinatura\">Concursos 2021<\/h3>\n        <p class=\"subtitulo-assinatura\">mais de 17 mil vagas<\/p>\n        <div class=\"box-botao\">\n          <a class=\"btn-assinatura\" target=\"_blank\" href=\"https:\/\/www.estrategiaconcursos.com.br\/blog\/concursos-2021\/\" role=\"button\" rel=\"noopener noreferrer\">Conhe\u00e7a Agora<\/a>\n        <\/div>\n      <\/div>\n    <\/div>\n\n<div class=\"col-sm\" id=\"boxes-concursos\">\n      <div style=\"background-color: #1A7ED5;\" class=\"conteudo-concursos\" id=\"box-concursos\">\n        <h3 class=\"titulo-assinatura\">Concursos de Direito<\/h3>\n        <p class=\"subtitulo-assinatura\">Vagas para a \u00e1rea jur\u00eddica<\/p>\n        <div class=\"box-botao\">\n          <a class=\"btn-assinatura\" target=\"_blank\" href=\"https:\/\/www.estrategiaconcursos.com.br\/blog\/concursos-de-direito\/\" role=\"button\" rel=\"noopener noreferrer\">Conhe\u00e7a Agora<\/a>\n        <\/div>\n      <\/div>\n    <\/div>\n\n  <\/div>\n<\/div>\n","protected":false},"excerpt":{"rendered":"<p>O exerc\u00edcio da advocacia na esfera p\u00fablica, se entendido de forma ampla, engloba todas as entidades e servidores do Poder P\u00fablico cuja miss\u00e3o seja representar e resguardar direitos de pessoas (f\u00edsicas ou jur\u00eddicas), e lidar com a defesa dos interesses de seus representados, quando em conflito. Na pr\u00e1tica, esse exerc\u00edcio se dissipa em estruturas institucionais [&hellip;]<\/p>\n","protected":false},"author":1,"featured_media":506289,"comment_status":"open","ping_status":"closed","sticky":false,"template":"","format":"standard","meta":{"post_tipo":"news","footnotes":""},"categories":[1],"tags":[],"tax_estado":[],"class_list":["post-570357","post","type-post","status-publish","format-standard","has-post-thumbnail","hentry","category-cursos-e-concursos"],"acf":[],"yoast_head":"<!-- This site is optimized with the Yoast SEO Premium plugin v27.2 (Yoast SEO v27.2) - https:\/\/yoast.com\/product\/yoast-seo-premium-wordpress\/ -->\n<title>Advocacia P\u00fablica, Procuradorias e Defensorias: quais as diferen\u00e7as?<\/title>\n<meta name=\"description\" content=\"Voc\u00ea sabe quais s\u00e3o as diferen\u00e7as entre todas as formas de se exercer a advocacia na \u00e1rea P\u00fablica? Neste artigo discorreremos sobre este tema.\" \/>\n<meta name=\"robots\" content=\"index, follow, max-snippet:-1, max-image-preview:large, max-video-preview:-1\" \/>\n<link rel=\"canonical\" href=\"https:\/\/www.estrategiaconcursos.com.br\/blog\/advocacia-publica-procuradorias-defensorias\/\" \/>\n<meta property=\"og:locale\" content=\"pt_BR\" \/>\n<meta property=\"og:type\" content=\"article\" \/>\n<meta property=\"og:title\" content=\"Advocacia P\u00fablica, Procuradorias e Defensorias: quais as diferen\u00e7as?\" \/>\n<meta property=\"og:description\" content=\"Voc\u00ea sabe quais s\u00e3o as diferen\u00e7as entre todas as formas de se exercer a advocacia na \u00e1rea P\u00fablica? Neste artigo discorreremos sobre este tema.\" \/>\n<meta property=\"og:url\" content=\"https:\/\/www.estrategiaconcursos.com.br\/blog\/advocacia-publica-procuradorias-defensorias\/\" \/>\n<meta property=\"og:site_name\" content=\"Estrat\u00e9gia Concursos\" \/>\n<meta property=\"article:author\" content=\"https:\/\/www.facebook.com\/EstrategiaConcursos\" \/>\n<meta property=\"article:published_time\" content=\"2020-09-11T20:41:21+00:00\" \/>\n<meta property=\"article:modified_time\" content=\"2020-09-15T16:59:08+00:00\" \/>\n<meta property=\"og:image\" content=\"https:\/\/dhg1h5j42swfq.cloudfront.net\/2020\/04\/22181355\/advocacia-p%C3%BAblica.jpg\" \/>\n\t<meta property=\"og:image:width\" content=\"1024\" \/>\n\t<meta property=\"og:image:height\" content=\"767\" \/>\n\t<meta property=\"og:image:type\" content=\"image\/jpeg\" \/>\n<meta name=\"author\" content=\"Coordena\u00e7\u00e3o\" \/>\n<meta name=\"twitter:card\" content=\"summary_large_image\" \/>\n<meta name=\"twitter:creator\" content=\"@EstratConcursos\" \/>\n<meta name=\"twitter:site\" content=\"@EstratConcursos\" \/>\n<meta name=\"twitter:label1\" content=\"Escrito por\" \/>\n\t<meta name=\"twitter:data1\" content=\"Coordena\u00e7\u00e3o\" \/>\n\t<meta name=\"twitter:label2\" content=\"Est. tempo de leitura\" \/>\n\t<meta name=\"twitter:data2\" content=\"10 minutos\" \/>\n<script type=\"application\/ld+json\" class=\"yoast-schema-graph\">{\"@context\":\"https:\/\/schema.org\",\"@graph\":[{\"@type\":\"NewsArticle\",\"@id\":\"https:\/\/www.estrategiaconcursos.com.br\/blog\/advocacia-publica-procuradorias-defensorias\/#article\",\"isPartOf\":{\"@id\":\"https:\/\/www.estrategiaconcursos.com.br\/blog\/advocacia-publica-procuradorias-defensorias\/\"},\"author\":{\"name\":\"Coordena\u00e7\u00e3o\",\"@id\":\"https:\/\/www.estrategiaconcursos.com.br\/blog\/#\/schema\/person\/b4a388c97673c5f483d72185668afa1f\"},\"headline\":\"Advocacia P\u00fablica, Procuradorias e Defensorias: quais as diferen\u00e7as?\",\"datePublished\":\"2020-09-11T20:41:21+00:00\",\"dateModified\":\"2020-09-15T16:59:08+00:00\",\"mainEntityOfPage\":{\"@id\":\"https:\/\/www.estrategiaconcursos.com.br\/blog\/advocacia-publica-procuradorias-defensorias\/\"},\"wordCount\":2106,\"commentCount\":0,\"publisher\":{\"@id\":\"https:\/\/www.estrategiaconcursos.com.br\/blog\/#organization\"},\"image\":{\"@id\":\"https:\/\/www.estrategiaconcursos.com.br\/blog\/advocacia-publica-procuradorias-defensorias\/#primaryimage\"},\"thumbnailUrl\":\"https:\/\/dhg1h5j42swfq.cloudfront.net\/2020\/04\/22181355\/advocacia-p%C3%BAblica.jpg\",\"articleSection\":[\"Concursos P\u00fablicos\"],\"inLanguage\":\"pt-BR\",\"potentialAction\":[{\"@type\":\"CommentAction\",\"name\":\"Comment\",\"target\":[\"https:\/\/www.estrategiaconcursos.com.br\/blog\/advocacia-publica-procuradorias-defensorias\/#respond\"]}],\"copyrightYear\":\"2020\",\"copyrightHolder\":{\"@id\":\"https:\/\/www.estrategiaconcursos.com.br\/blog\/#organization\"}},{\"@type\":\"WebPage\",\"@id\":\"https:\/\/www.estrategiaconcursos.com.br\/blog\/advocacia-publica-procuradorias-defensorias\/\",\"url\":\"https:\/\/www.estrategiaconcursos.com.br\/blog\/advocacia-publica-procuradorias-defensorias\/\",\"name\":\"Advocacia P\u00fablica, Procuradorias e Defensorias: quais as diferen\u00e7as?\",\"isPartOf\":{\"@id\":\"https:\/\/www.estrategiaconcursos.com.br\/blog\/#website\"},\"primaryImageOfPage\":{\"@id\":\"https:\/\/www.estrategiaconcursos.com.br\/blog\/advocacia-publica-procuradorias-defensorias\/#primaryimage\"},\"image\":{\"@id\":\"https:\/\/www.estrategiaconcursos.com.br\/blog\/advocacia-publica-procuradorias-defensorias\/#primaryimage\"},\"thumbnailUrl\":\"https:\/\/dhg1h5j42swfq.cloudfront.net\/2020\/04\/22181355\/advocacia-p%C3%BAblica.jpg\",\"datePublished\":\"2020-09-11T20:41:21+00:00\",\"dateModified\":\"2020-09-15T16:59:08+00:00\",\"description\":\"Voc\u00ea sabe quais s\u00e3o as diferen\u00e7as entre todas as formas de se exercer a advocacia na \u00e1rea P\u00fablica? Neste artigo discorreremos sobre este tema.\",\"breadcrumb\":{\"@id\":\"https:\/\/www.estrategiaconcursos.com.br\/blog\/advocacia-publica-procuradorias-defensorias\/#breadcrumb\"},\"inLanguage\":\"pt-BR\",\"potentialAction\":[{\"@type\":\"ReadAction\",\"target\":[\"https:\/\/www.estrategiaconcursos.com.br\/blog\/advocacia-publica-procuradorias-defensorias\/\"]}]},{\"@type\":\"ImageObject\",\"inLanguage\":\"pt-BR\",\"@id\":\"https:\/\/www.estrategiaconcursos.com.br\/blog\/advocacia-publica-procuradorias-defensorias\/#primaryimage\",\"url\":\"https:\/\/dhg1h5j42swfq.cloudfront.net\/2020\/04\/22181355\/advocacia-p%C3%BAblica.jpg\",\"contentUrl\":\"https:\/\/dhg1h5j42swfq.cloudfront.net\/2020\/04\/22181355\/advocacia-p%C3%BAblica.jpg\",\"width\":1024,\"height\":767,\"caption\":\"Advocacia\"},{\"@type\":\"BreadcrumbList\",\"@id\":\"https:\/\/www.estrategiaconcursos.com.br\/blog\/advocacia-publica-procuradorias-defensorias\/#breadcrumb\",\"itemListElement\":[{\"@type\":\"ListItem\",\"position\":1,\"name\":\"In\u00edcio\",\"item\":\"https:\/\/www.estrategiaconcursos.com.br\/blog\/\"},{\"@type\":\"ListItem\",\"position\":2,\"name\":\"Advocacia P\u00fablica, Procuradorias e Defensorias: quais as diferen\u00e7as?\"}]},{\"@type\":\"WebSite\",\"@id\":\"https:\/\/www.estrategiaconcursos.com.br\/blog\/#website\",\"url\":\"https:\/\/www.estrategiaconcursos.com.br\/blog\/\",\"name\":\"Estrat\u00e9gia Concursos\",\"description\":\"O blog da Estrat\u00e9gia Concursos traz not\u00edcias sobre concursos e artigos de professores oferecendo cursos para concursos (pdf + videaulas) no site.\",\"publisher\":{\"@id\":\"https:\/\/www.estrategiaconcursos.com.br\/blog\/#organization\"},\"potentialAction\":[{\"@type\":\"SearchAction\",\"target\":{\"@type\":\"EntryPoint\",\"urlTemplate\":\"https:\/\/www.estrategiaconcursos.com.br\/blog\/?s={search_term_string}\"},\"query-input\":{\"@type\":\"PropertyValueSpecification\",\"valueRequired\":true,\"valueName\":\"search_term_string\"}}],\"inLanguage\":\"pt-BR\"},{\"@type\":\"Organization\",\"@id\":\"https:\/\/www.estrategiaconcursos.com.br\/blog\/#organization\",\"name\":\"Estrat\u00e9gia Concursos\",\"url\":\"https:\/\/www.estrategiaconcursos.com.br\/blog\/\",\"logo\":{\"@type\":\"ImageObject\",\"inLanguage\":\"pt-BR\",\"@id\":\"https:\/\/www.estrategiaconcursos.com.br\/blog\/#\/schema\/logo\/image\/\",\"url\":\"https:\/\/dhg1h5j42swfq.cloudfront.net\/2025\/06\/03203428\/logo_concursos-1.jpg\",\"contentUrl\":\"https:\/\/dhg1h5j42swfq.cloudfront.net\/2025\/06\/03203428\/logo_concursos-1.jpg\",\"width\":230,\"height\":60,\"caption\":\"Estrat\u00e9gia Concursos\"},\"image\":{\"@id\":\"https:\/\/www.estrategiaconcursos.com.br\/blog\/#\/schema\/logo\/image\/\"},\"sameAs\":[\"https:\/\/x.com\/EstratConcursos\"]},{\"@type\":\"Person\",\"@id\":\"https:\/\/www.estrategiaconcursos.com.br\/blog\/#\/schema\/person\/b4a388c97673c5f483d72185668afa1f\",\"name\":\"Coordena\u00e7\u00e3o\",\"image\":{\"@type\":\"ImageObject\",\"inLanguage\":\"pt-BR\",\"@id\":\"https:\/\/secure.gravatar.com\/avatar\/b720319e4c9a967eb58678d110f4fe35452fc5d5f97b202bac7b8acceb18c6ad?s=96&d=mm&r=g\",\"url\":\"https:\/\/secure.gravatar.com\/avatar\/b720319e4c9a967eb58678d110f4fe35452fc5d5f97b202bac7b8acceb18c6ad?s=96&d=mm&r=g\",\"contentUrl\":\"https:\/\/secure.gravatar.com\/avatar\/b720319e4c9a967eb58678d110f4fe35452fc5d5f97b202bac7b8acceb18c6ad?s=96&d=mm&r=g\",\"caption\":\"Coordena\u00e7\u00e3o\"},\"sameAs\":[\"https:\/\/www.facebook.com\/EstrategiaConcursos\",\"https:\/\/x.com\/EstratConcursos\"],\"url\":\"https:\/\/www.estrategiaconcursos.com.br\/blog\/author\/estrategia2013\/\"}]}<\/script>\n<!-- \/ Yoast SEO Premium plugin. -->","yoast_head_json":{"title":"Advocacia P\u00fablica, Procuradorias e Defensorias: quais as diferen\u00e7as?","description":"Voc\u00ea sabe quais s\u00e3o as diferen\u00e7as entre todas as formas de se exercer a advocacia na \u00e1rea P\u00fablica? Neste artigo discorreremos sobre este tema.","robots":{"index":"index","follow":"follow","max-snippet":"max-snippet:-1","max-image-preview":"max-image-preview:large","max-video-preview":"max-video-preview:-1"},"canonical":"https:\/\/www.estrategiaconcursos.com.br\/blog\/advocacia-publica-procuradorias-defensorias\/","og_locale":"pt_BR","og_type":"article","og_title":"Advocacia P\u00fablica, Procuradorias e Defensorias: quais as diferen\u00e7as?","og_description":"Voc\u00ea sabe quais s\u00e3o as diferen\u00e7as entre todas as formas de se exercer a advocacia na \u00e1rea P\u00fablica? Neste artigo discorreremos sobre este tema.","og_url":"https:\/\/www.estrategiaconcursos.com.br\/blog\/advocacia-publica-procuradorias-defensorias\/","og_site_name":"Estrat\u00e9gia Concursos","article_author":"https:\/\/www.facebook.com\/EstrategiaConcursos","article_published_time":"2020-09-11T20:41:21+00:00","article_modified_time":"2020-09-15T16:59:08+00:00","og_image":[{"width":1024,"height":767,"url":"https:\/\/dhg1h5j42swfq.cloudfront.net\/2020\/04\/22181355\/advocacia-p%C3%BAblica.jpg","type":"image\/jpeg"}],"author":"Coordena\u00e7\u00e3o","twitter_card":"summary_large_image","twitter_creator":"@EstratConcursos","twitter_site":"@EstratConcursos","twitter_misc":{"Escrito por":"Coordena\u00e7\u00e3o","Est. tempo de leitura":"10 minutos"},"schema":{"@context":"https:\/\/schema.org","@graph":[{"@type":"NewsArticle","@id":"https:\/\/www.estrategiaconcursos.com.br\/blog\/advocacia-publica-procuradorias-defensorias\/#article","isPartOf":{"@id":"https:\/\/www.estrategiaconcursos.com.br\/blog\/advocacia-publica-procuradorias-defensorias\/"},"author":{"name":"Coordena\u00e7\u00e3o","@id":"https:\/\/www.estrategiaconcursos.com.br\/blog\/#\/schema\/person\/b4a388c97673c5f483d72185668afa1f"},"headline":"Advocacia P\u00fablica, Procuradorias e Defensorias: quais as diferen\u00e7as?","datePublished":"2020-09-11T20:41:21+00:00","dateModified":"2020-09-15T16:59:08+00:00","mainEntityOfPage":{"@id":"https:\/\/www.estrategiaconcursos.com.br\/blog\/advocacia-publica-procuradorias-defensorias\/"},"wordCount":2106,"commentCount":0,"publisher":{"@id":"https:\/\/www.estrategiaconcursos.com.br\/blog\/#organization"},"image":{"@id":"https:\/\/www.estrategiaconcursos.com.br\/blog\/advocacia-publica-procuradorias-defensorias\/#primaryimage"},"thumbnailUrl":"https:\/\/dhg1h5j42swfq.cloudfront.net\/2020\/04\/22181355\/advocacia-p%C3%BAblica.jpg","articleSection":["Concursos P\u00fablicos"],"inLanguage":"pt-BR","potentialAction":[{"@type":"CommentAction","name":"Comment","target":["https:\/\/www.estrategiaconcursos.com.br\/blog\/advocacia-publica-procuradorias-defensorias\/#respond"]}],"copyrightYear":"2020","copyrightHolder":{"@id":"https:\/\/www.estrategiaconcursos.com.br\/blog\/#organization"}},{"@type":"WebPage","@id":"https:\/\/www.estrategiaconcursos.com.br\/blog\/advocacia-publica-procuradorias-defensorias\/","url":"https:\/\/www.estrategiaconcursos.com.br\/blog\/advocacia-publica-procuradorias-defensorias\/","name":"Advocacia P\u00fablica, Procuradorias e Defensorias: quais as diferen\u00e7as?","isPartOf":{"@id":"https:\/\/www.estrategiaconcursos.com.br\/blog\/#website"},"primaryImageOfPage":{"@id":"https:\/\/www.estrategiaconcursos.com.br\/blog\/advocacia-publica-procuradorias-defensorias\/#primaryimage"},"image":{"@id":"https:\/\/www.estrategiaconcursos.com.br\/blog\/advocacia-publica-procuradorias-defensorias\/#primaryimage"},"thumbnailUrl":"https:\/\/dhg1h5j42swfq.cloudfront.net\/2020\/04\/22181355\/advocacia-p%C3%BAblica.jpg","datePublished":"2020-09-11T20:41:21+00:00","dateModified":"2020-09-15T16:59:08+00:00","description":"Voc\u00ea sabe quais s\u00e3o as diferen\u00e7as entre todas as formas de se exercer a advocacia na \u00e1rea P\u00fablica? Neste artigo discorreremos sobre este tema.","breadcrumb":{"@id":"https:\/\/www.estrategiaconcursos.com.br\/blog\/advocacia-publica-procuradorias-defensorias\/#breadcrumb"},"inLanguage":"pt-BR","potentialAction":[{"@type":"ReadAction","target":["https:\/\/www.estrategiaconcursos.com.br\/blog\/advocacia-publica-procuradorias-defensorias\/"]}]},{"@type":"ImageObject","inLanguage":"pt-BR","@id":"https:\/\/www.estrategiaconcursos.com.br\/blog\/advocacia-publica-procuradorias-defensorias\/#primaryimage","url":"https:\/\/dhg1h5j42swfq.cloudfront.net\/2020\/04\/22181355\/advocacia-p%C3%BAblica.jpg","contentUrl":"https:\/\/dhg1h5j42swfq.cloudfront.net\/2020\/04\/22181355\/advocacia-p%C3%BAblica.jpg","width":1024,"height":767,"caption":"Advocacia"},{"@type":"BreadcrumbList","@id":"https:\/\/www.estrategiaconcursos.com.br\/blog\/advocacia-publica-procuradorias-defensorias\/#breadcrumb","itemListElement":[{"@type":"ListItem","position":1,"name":"In\u00edcio","item":"https:\/\/www.estrategiaconcursos.com.br\/blog\/"},{"@type":"ListItem","position":2,"name":"Advocacia P\u00fablica, Procuradorias e Defensorias: quais as diferen\u00e7as?"}]},{"@type":"WebSite","@id":"https:\/\/www.estrategiaconcursos.com.br\/blog\/#website","url":"https:\/\/www.estrategiaconcursos.com.br\/blog\/","name":"Estrat\u00e9gia Concursos","description":"O blog da Estrat\u00e9gia Concursos traz not\u00edcias sobre concursos e artigos de professores oferecendo cursos para concursos (pdf + videaulas) no site.","publisher":{"@id":"https:\/\/www.estrategiaconcursos.com.br\/blog\/#organization"},"potentialAction":[{"@type":"SearchAction","target":{"@type":"EntryPoint","urlTemplate":"https:\/\/www.estrategiaconcursos.com.br\/blog\/?s={search_term_string}"},"query-input":{"@type":"PropertyValueSpecification","valueRequired":true,"valueName":"search_term_string"}}],"inLanguage":"pt-BR"},{"@type":"Organization","@id":"https:\/\/www.estrategiaconcursos.com.br\/blog\/#organization","name":"Estrat\u00e9gia Concursos","url":"https:\/\/www.estrategiaconcursos.com.br\/blog\/","logo":{"@type":"ImageObject","inLanguage":"pt-BR","@id":"https:\/\/www.estrategiaconcursos.com.br\/blog\/#\/schema\/logo\/image\/","url":"https:\/\/dhg1h5j42swfq.cloudfront.net\/2025\/06\/03203428\/logo_concursos-1.jpg","contentUrl":"https:\/\/dhg1h5j42swfq.cloudfront.net\/2025\/06\/03203428\/logo_concursos-1.jpg","width":230,"height":60,"caption":"Estrat\u00e9gia Concursos"},"image":{"@id":"https:\/\/www.estrategiaconcursos.com.br\/blog\/#\/schema\/logo\/image\/"},"sameAs":["https:\/\/x.com\/EstratConcursos"]},{"@type":"Person","@id":"https:\/\/www.estrategiaconcursos.com.br\/blog\/#\/schema\/person\/b4a388c97673c5f483d72185668afa1f","name":"Coordena\u00e7\u00e3o","image":{"@type":"ImageObject","inLanguage":"pt-BR","@id":"https:\/\/secure.gravatar.com\/avatar\/b720319e4c9a967eb58678d110f4fe35452fc5d5f97b202bac7b8acceb18c6ad?s=96&d=mm&r=g","url":"https:\/\/secure.gravatar.com\/avatar\/b720319e4c9a967eb58678d110f4fe35452fc5d5f97b202bac7b8acceb18c6ad?s=96&d=mm&r=g","contentUrl":"https:\/\/secure.gravatar.com\/avatar\/b720319e4c9a967eb58678d110f4fe35452fc5d5f97b202bac7b8acceb18c6ad?s=96&d=mm&r=g","caption":"Coordena\u00e7\u00e3o"},"sameAs":["https:\/\/www.facebook.com\/EstrategiaConcursos","https:\/\/x.com\/EstratConcursos"],"url":"https:\/\/www.estrategiaconcursos.com.br\/blog\/author\/estrategia2013\/"}]}},"_links":{"self":[{"href":"https:\/\/www.estrategiaconcursos.com.br\/blog\/wp-json\/wp\/v2\/posts\/570357","targetHints":{"allow":["GET"]}}],"collection":[{"href":"https:\/\/www.estrategiaconcursos.com.br\/blog\/wp-json\/wp\/v2\/posts"}],"about":[{"href":"https:\/\/www.estrategiaconcursos.com.br\/blog\/wp-json\/wp\/v2\/types\/post"}],"author":[{"embeddable":true,"href":"https:\/\/www.estrategiaconcursos.com.br\/blog\/wp-json\/wp\/v2\/users\/1"}],"replies":[{"embeddable":true,"href":"https:\/\/www.estrategiaconcursos.com.br\/blog\/wp-json\/wp\/v2\/comments?post=570357"}],"version-history":[{"count":50,"href":"https:\/\/www.estrategiaconcursos.com.br\/blog\/wp-json\/wp\/v2\/posts\/570357\/revisions"}],"predecessor-version":[{"id":572363,"href":"https:\/\/www.estrategiaconcursos.com.br\/blog\/wp-json\/wp\/v2\/posts\/570357\/revisions\/572363"}],"wp:featuredmedia":[{"embeddable":true,"href":"https:\/\/www.estrategiaconcursos.com.br\/blog\/wp-json\/wp\/v2\/media\/506289"}],"wp:attachment":[{"href":"https:\/\/www.estrategiaconcursos.com.br\/blog\/wp-json\/wp\/v2\/media?parent=570357"}],"wp:term":[{"taxonomy":"category","embeddable":true,"href":"https:\/\/www.estrategiaconcursos.com.br\/blog\/wp-json\/wp\/v2\/categories?post=570357"},{"taxonomy":"post_tag","embeddable":true,"href":"https:\/\/www.estrategiaconcursos.com.br\/blog\/wp-json\/wp\/v2\/tags?post=570357"},{"taxonomy":"tax_estado","embeddable":true,"href":"https:\/\/www.estrategiaconcursos.com.br\/blog\/wp-json\/wp\/v2\/tax_estado?post=570357"}],"curies":[{"name":"wp","href":"https:\/\/api.w.org\/{rel}","templated":true}]}}