{"id":570200,"date":"2020-09-22T17:30:00","date_gmt":"2020-09-22T20:30:00","guid":{"rendered":"https:\/\/www.estrategiaconcursos.com.br\/blog\/?p=570200"},"modified":"2020-09-10T15:55:35","modified_gmt":"2020-09-10T18:55:35","slug":"judicializacao-da-saude-minimo-existencial-vs-reserva-do-possivel","status":"publish","type":"post","link":"https:\/\/www.estrategiaconcursos.com.br\/blog\/judicializacao-da-saude-minimo-existencial-vs-reserva-do-possivel\/","title":{"rendered":"Judicializa\u00e7\u00e3o da Sa\u00fade: M\u00ednimo Existencial vs Reserva do Poss\u00edvel"},"content":{"rendered":"\n<p>Nesta ter\u00e7a-feira (18), acontece o segundo epis\u00f3dio da S\u00e9rie Jur\u00eddica &#8211; Seja Magistrado Federal, que versar\u00e1 sobre a Judicializa\u00e7\u00e3o da Sa\u00fade. Este epis\u00f3dio est\u00e1 sob o comando do professor Mateus Pontalti. <\/p>\n\n\n\n<h4 class=\"wp-block-heading\">S\u00e9rie Jur\u00eddica &#8211; Cronograma<\/h4>\n\n\n\n<p style=\"background-color:#a3ffda\" class=\"has-background\"><strong>Data:<\/strong> 22 de Setembro de 2020<br \/><strong>Hor\u00e1rio:<\/strong> 19:00<br \/><strong>Onde:<\/strong> <a rel=\"noreferrer noopener\" href=\"https:\/\/www.youtube.com\/c\/Estrat%C3%A9giaCarreiraJur%C3%ADdica\/videos?view=2&amp;live_view=502\" target=\"_blank\">Canal do Estrat\u00e9gia Carreiras Jur\u00eddicas no Youtube<\/a><br \/><strong>Epis\u00f3dio 2:<\/strong> Judicializa\u00e7\u00e3o da Sa\u00fade<\/p>\n\n\n\n<h4 class=\"wp-block-heading\">S\u00e9rie Jur\u00eddica &#8211; Evento ao vivo<\/h4>\n\n\n\n<p style=\"font-size:25px\" class=\"has-text-color has-background has-text-align-center has-vivid-red-color has-very-light-gray-background-color\"><a href=\"https:\/\/www.youtube.com\/c\/Estrat%C3%A9giaCarreiraJur%C3%ADdica\/videos?view=2&amp;live_view=502\" target=\"_blank\" rel=\"noreferrer noopener\"><strong>ASSISTA AO VIVO AQUI<\/strong><\/a><\/p>\n\n\n\n<h4 class=\"wp-block-heading\">S\u00e9rie Jur\u00eddica &#8211; Curiosidades<\/h4>\n\n\n\n<p>N\u00e3o \u00e9 novidade que faltam recursos financeiros e at\u00e9 de equipamentos para o sistema de sa\u00fade brasileiro. Por causa disso, surgiu um fen\u00f4meno conhecido por Judicializa\u00e7\u00e3o da Sa\u00fade. <\/p>\n\n\n\n<p>Este ocorre quando o cidad\u00e3o ingressa com uma demanda no Poder Judici\u00e1rio como \u00faltima alternativa para obter tratamento ou medicamento negado pelo SUS (Sistema \u00danico de Sa\u00fade), seja por falta da medica\u00e7\u00e3o ou por quest\u00f5es or\u00e7ament\u00e1rias.<\/p>\n\n\n\n<p>Essa pr\u00e1tica come\u00e7ou a partir da d\u00e9cada de 1980, quando iniciou a implementa\u00e7\u00e3o de\u00a0pol\u00edticas p\u00fablicas na \u00e1rea da sa\u00fade\u00a0e, consequentemente, emergiu as dificuldades do governo em atender o que era prometido.<\/p>\n\n\n\n<p>A intensifica\u00e7\u00e3o deste processo ap\u00f3s a promulga\u00e7\u00e3o da Constitui\u00e7\u00e3o Federal de 1988 tem gerado grande debates na doutrina jur\u00eddica e na jurisprud\u00eancia, muito cobrados nas provas de concursos p\u00fablicos das carreiras da Magistratura, Minist\u00e9rio P\u00fablico, Defensoria e Advocacia P\u00fablica. <\/p>\n\n\n\n<h2 class=\"has-text-align-center wp-block-heading\"><em>Quer estudar para concursos<\/em>&nbsp;<em>de Magistratura Federal?<\/em><\/h2>\n\n\n\n<p style=\"font-size:25px\" class=\"has-background has-text-align-center has-luminous-vivid-amber-background-color\"><em><strong><a href=\"https:\/\/www.estrategiaconcursos.com.br\/cursosPorConcurso\/magistratura-federal-regular\/\" target=\"_blank\" rel=\"noreferrer noopener\">CURSO MAGISTRATURA<\/a><\/strong><\/em><\/p>\n\n\n\n<p class=\"has-text-align-center\"><strong><em><strong>Sistema de Quest\u00f5es<\/strong><\/em><\/strong> &#8211; <strong><em>Judicializa\u00e7\u00e3o da Sa\u00fade<\/em><\/strong><\/p>\n\n\n\n<p class=\"has-text-align-center\">Estrat\u00e9gia Quest\u00f5es nasceu maior do que todos os concorrentes, com mais quest\u00f5es cadastradas e mais solu\u00e7\u00f5es por professores. Clique no link e aproveite os descontos e b\u00f4nus imperd\u00edveis!<\/p>\n\n\n\n<p class=\"has-background has-text-align-center has-light-green-cyan-background-color\"><strong>ASSINE AGORA \u2013&nbsp;<a href=\"https:\/\/www.estrategiaconcursos.com.br\/cursosPorConcurso\/sistema-de-questoes\/#\/\" target=\"_blank\" rel=\"noreferrer noopener\">Sistema de Quest\u00f5es<\/a><\/strong><\/p>\n\n\n\n<p class=\"has-text-align-center\"><em><strong>Fique por dentro de todos os concursos<\/strong><\/em>&nbsp;<em><strong>dos concursos com editais publicados e tamb\u00e9m dos concursos que ainda v\u00e3o publicar:<\/strong><\/em><\/p>\n\n\n\n<p class=\"has-background has-text-align-center has-pale-cyan-blue-background-color\"><a href=\"https:\/\/www.estrategiaconcursos.com.br\/blog\/concursos-abertos\/\" target=\"_blank\" rel=\"noreferrer noopener\"><strong>Concursos abertos<\/strong><\/a><\/p>\n\n\n\n<p class=\"has-background has-text-align-center has-pale-cyan-blue-background-color\"><a href=\"https:\/\/www.estrategiaconcursos.com.br\/blog\/concursos-2020\/\" target=\"_blank\" rel=\"noreferrer noopener\"><strong>Concursos 2020<\/strong><\/a><\/p>\n\n\n\n<p class=\"has-background has-text-align-center has-pale-cyan-blue-background-color\"><strong><a href=\"https:\/\/www.estrategiaconcursos.com.br\/blog\/concursos-2021\/\" target=\"_blank\" rel=\"noreferrer noopener\">Concursos 2021<\/a><\/strong><\/p>\n\n\n\n<p class=\"has-background has-text-align-center has-pale-cyan-blue-background-color\"><a href=\"https:\/\/www.estrategiaconcursos.com.br\/blog\/concursos-de-direito\" target=\"_blank\" rel=\"noreferrer noopener\"><strong>Concursos de Dir<\/strong><\/a><strong><a href=\"https:\/\/www.estrategiaconcursos.com.br\/blog\/concursos-de-direito\" target=\"_blank\" rel=\"noreferrer noopener\">eito<\/a><\/strong><\/p>\n","protected":false},"excerpt":{"rendered":"<p>Nesta ter\u00e7a-feira (18), acontece o segundo epis\u00f3dio da S\u00e9rie Jur\u00eddica &#8211; Seja Magistrado Federal, que versar\u00e1 sobre a Judicializa\u00e7\u00e3o da Sa\u00fade. Este epis\u00f3dio est\u00e1 sob o comando do professor Mateus Pontalti. S\u00e9rie Jur\u00eddica &#8211; Cronograma Data: 22 de Setembro de 2020Hor\u00e1rio: 19:00Onde: Canal do Estrat\u00e9gia Carreiras Jur\u00eddicas no YoutubeEpis\u00f3dio 2: Judicializa\u00e7\u00e3o da Sa\u00fade S\u00e9rie Jur\u00eddica [&hellip;]<\/p>\n","protected":false},"author":180,"featured_media":0,"comment_status":"open","ping_status":"closed","sticky":false,"template":"","format":"standard","meta":{"post_tipo":"article","footnotes":""},"categories":[1,2185],"tags":[],"tax_estado":[],"class_list":["post-570200","post","type-post","status-publish","format-standard","hentry","category-cursos-e-concursos","category-carreiras-juridicas"],"acf":[],"yoast_head":"<!-- This site is optimized with the Yoast SEO Premium plugin v27.2 (Yoast SEO v27.2) - https:\/\/yoast.com\/product\/yoast-seo-premium-wordpress\/ -->\n<title>Judicializa\u00e7\u00e3o da Sa\u00fade: M\u00ednimo Existencial vs Reserva do Poss\u00edvel<\/title>\n<meta name=\"description\" content=\"Acompanhe nesta Ter\u00e7a-feira (22) o segundo epis\u00f3dio da S\u00e9rie Jur\u00eddica que ir\u00e1 abordar o tema: Judicializa\u00e7\u00e3o da Sa\u00fade. Saiba mais!\" \/>\n<meta name=\"robots\" content=\"index, follow, max-snippet:-1, max-image-preview:large, max-video-preview:-1\" \/>\n<link rel=\"canonical\" href=\"https:\/\/www.estrategiaconcursos.com.br\/blog\/judicializacao-da-saude-minimo-existencial-vs-reserva-do-possivel\/\" \/>\n<meta property=\"og:locale\" content=\"pt_BR\" \/>\n<meta property=\"og:type\" content=\"article\" \/>\n<meta property=\"og:title\" content=\"Judicializa\u00e7\u00e3o da Sa\u00fade: M\u00ednimo Existencial vs Reserva do Poss\u00edvel\" \/>\n<meta property=\"og:description\" content=\"Acompanhe nesta Ter\u00e7a-feira (22) o segundo epis\u00f3dio da S\u00e9rie Jur\u00eddica que ir\u00e1 abordar o tema: Judicializa\u00e7\u00e3o da Sa\u00fade. Saiba mais!\" \/>\n<meta property=\"og:url\" content=\"https:\/\/www.estrategiaconcursos.com.br\/blog\/judicializacao-da-saude-minimo-existencial-vs-reserva-do-possivel\/\" \/>\n<meta property=\"og:site_name\" content=\"Estrat\u00e9gia Concursos\" \/>\n<meta property=\"article:author\" content=\"https:\/\/www.facebook.com\/ricardo.s.torques\" \/>\n<meta property=\"article:published_time\" content=\"2020-09-22T20:30:00+00:00\" \/>\n<meta name=\"author\" content=\"Ricardo Torques\" \/>\n<meta name=\"twitter:card\" content=\"summary_large_image\" \/>\n<meta name=\"twitter:creator\" content=\"@EstratConcursos\" \/>\n<meta name=\"twitter:site\" content=\"@EstratConcursos\" \/>\n<meta name=\"twitter:label1\" content=\"Escrito por\" \/>\n\t<meta name=\"twitter:data1\" content=\"Ricardo Torques\" \/>\n\t<meta name=\"twitter:label2\" content=\"Est. tempo de leitura\" \/>\n\t<meta name=\"twitter:data2\" content=\"2 minutos\" \/>\n<script type=\"application\/ld+json\" class=\"yoast-schema-graph\">{\"@context\":\"https:\/\/schema.org\",\"@graph\":[{\"@type\":\"NewsArticle\",\"@id\":\"https:\/\/www.estrategiaconcursos.com.br\/blog\/judicializacao-da-saude-minimo-existencial-vs-reserva-do-possivel\/#article\",\"isPartOf\":{\"@id\":\"https:\/\/www.estrategiaconcursos.com.br\/blog\/judicializacao-da-saude-minimo-existencial-vs-reserva-do-possivel\/\"},\"author\":{\"name\":\"Ricardo Torques\",\"@id\":\"https:\/\/www.estrategiaconcursos.com.br\/blog\/#\/schema\/person\/aa39cf5ddb518e5bdce27c35788405e2\"},\"headline\":\"Judicializa\u00e7\u00e3o da Sa\u00fade: M\u00ednimo Existencial vs Reserva do Poss\u00edvel\",\"datePublished\":\"2020-09-22T20:30:00+00:00\",\"mainEntityOfPage\":{\"@id\":\"https:\/\/www.estrategiaconcursos.com.br\/blog\/judicializacao-da-saude-minimo-existencial-vs-reserva-do-possivel\/\"},\"wordCount\":351,\"commentCount\":0,\"publisher\":{\"@id\":\"https:\/\/www.estrategiaconcursos.com.br\/blog\/#organization\"},\"articleSection\":[\"Concursos P\u00fablicos\",\"Jur\u00eddico\"],\"inLanguage\":\"pt-BR\",\"potentialAction\":[{\"@type\":\"CommentAction\",\"name\":\"Comment\",\"target\":[\"https:\/\/www.estrategiaconcursos.com.br\/blog\/judicializacao-da-saude-minimo-existencial-vs-reserva-do-possivel\/#respond\"]}],\"copyrightYear\":\"2020\",\"copyrightHolder\":{\"@id\":\"https:\/\/www.estrategiaconcursos.com.br\/blog\/#organization\"}},{\"@type\":\"WebPage\",\"@id\":\"https:\/\/www.estrategiaconcursos.com.br\/blog\/judicializacao-da-saude-minimo-existencial-vs-reserva-do-possivel\/\",\"url\":\"https:\/\/www.estrategiaconcursos.com.br\/blog\/judicializacao-da-saude-minimo-existencial-vs-reserva-do-possivel\/\",\"name\":\"Judicializa\u00e7\u00e3o da Sa\u00fade: M\u00ednimo Existencial vs Reserva do Poss\u00edvel\",\"isPartOf\":{\"@id\":\"https:\/\/www.estrategiaconcursos.com.br\/blog\/#website\"},\"datePublished\":\"2020-09-22T20:30:00+00:00\",\"description\":\"Acompanhe nesta Ter\u00e7a-feira (22) o segundo epis\u00f3dio da S\u00e9rie Jur\u00eddica que ir\u00e1 abordar o tema: Judicializa\u00e7\u00e3o da Sa\u00fade. Saiba mais!\",\"breadcrumb\":{\"@id\":\"https:\/\/www.estrategiaconcursos.com.br\/blog\/judicializacao-da-saude-minimo-existencial-vs-reserva-do-possivel\/#breadcrumb\"},\"inLanguage\":\"pt-BR\",\"potentialAction\":[{\"@type\":\"ReadAction\",\"target\":[\"https:\/\/www.estrategiaconcursos.com.br\/blog\/judicializacao-da-saude-minimo-existencial-vs-reserva-do-possivel\/\"]}]},{\"@type\":\"BreadcrumbList\",\"@id\":\"https:\/\/www.estrategiaconcursos.com.br\/blog\/judicializacao-da-saude-minimo-existencial-vs-reserva-do-possivel\/#breadcrumb\",\"itemListElement\":[{\"@type\":\"ListItem\",\"position\":1,\"name\":\"In\u00edcio\",\"item\":\"https:\/\/www.estrategiaconcursos.com.br\/blog\/\"},{\"@type\":\"ListItem\",\"position\":2,\"name\":\"Judicializa\u00e7\u00e3o da Sa\u00fade: M\u00ednimo Existencial vs Reserva do Poss\u00edvel\"}]},{\"@type\":\"WebSite\",\"@id\":\"https:\/\/www.estrategiaconcursos.com.br\/blog\/#website\",\"url\":\"https:\/\/www.estrategiaconcursos.com.br\/blog\/\",\"name\":\"Estrat\u00e9gia Concursos\",\"description\":\"O blog da Estrat\u00e9gia Concursos traz not\u00edcias sobre concursos e artigos de professores oferecendo cursos para concursos (pdf + videaulas) no site.\",\"publisher\":{\"@id\":\"https:\/\/www.estrategiaconcursos.com.br\/blog\/#organization\"},\"potentialAction\":[{\"@type\":\"SearchAction\",\"target\":{\"@type\":\"EntryPoint\",\"urlTemplate\":\"https:\/\/www.estrategiaconcursos.com.br\/blog\/?s={search_term_string}\"},\"query-input\":{\"@type\":\"PropertyValueSpecification\",\"valueRequired\":true,\"valueName\":\"search_term_string\"}}],\"inLanguage\":\"pt-BR\"},{\"@type\":\"Organization\",\"@id\":\"https:\/\/www.estrategiaconcursos.com.br\/blog\/#organization\",\"name\":\"Estrat\u00e9gia Concursos\",\"url\":\"https:\/\/www.estrategiaconcursos.com.br\/blog\/\",\"logo\":{\"@type\":\"ImageObject\",\"inLanguage\":\"pt-BR\",\"@id\":\"https:\/\/www.estrategiaconcursos.com.br\/blog\/#\/schema\/logo\/image\/\",\"url\":\"https:\/\/dhg1h5j42swfq.cloudfront.net\/2025\/06\/03203428\/logo_concursos-1.jpg\",\"contentUrl\":\"https:\/\/dhg1h5j42swfq.cloudfront.net\/2025\/06\/03203428\/logo_concursos-1.jpg\",\"width\":230,\"height\":60,\"caption\":\"Estrat\u00e9gia Concursos\"},\"image\":{\"@id\":\"https:\/\/www.estrategiaconcursos.com.br\/blog\/#\/schema\/logo\/image\/\"},\"sameAs\":[\"https:\/\/x.com\/EstratConcursos\"]},{\"@type\":\"Person\",\"@id\":\"https:\/\/www.estrategiaconcursos.com.br\/blog\/#\/schema\/person\/aa39cf5ddb518e5bdce27c35788405e2\",\"name\":\"Ricardo Torques\",\"image\":{\"@type\":\"ImageObject\",\"inLanguage\":\"pt-BR\",\"@id\":\"https:\/\/secure.gravatar.com\/avatar\/ce9ac6c3cff25fe86d15ed568ebc64d1724baf5c0693133bcb1f6073f712f92a?s=96&d=mm&r=g\",\"url\":\"https:\/\/secure.gravatar.com\/avatar\/ce9ac6c3cff25fe86d15ed568ebc64d1724baf5c0693133bcb1f6073f712f92a?s=96&d=mm&r=g\",\"contentUrl\":\"https:\/\/secure.gravatar.com\/avatar\/ce9ac6c3cff25fe86d15ed568ebc64d1724baf5c0693133bcb1f6073f712f92a?s=96&d=mm&r=g\",\"caption\":\"Ricardo Torques\"},\"sameAs\":[\"https:\/\/www.facebook.com\/ricardo.s.torques\"],\"url\":\"https:\/\/www.estrategiaconcursos.com.br\/blog\/author\/ricardotorquesestrategiaconcursos-com-br\/\"}]}<\/script>\n<!-- \/ Yoast SEO Premium plugin. -->","yoast_head_json":{"title":"Judicializa\u00e7\u00e3o da Sa\u00fade: M\u00ednimo Existencial vs Reserva do Poss\u00edvel","description":"Acompanhe nesta Ter\u00e7a-feira (22) o segundo epis\u00f3dio da S\u00e9rie Jur\u00eddica que ir\u00e1 abordar o tema: Judicializa\u00e7\u00e3o da Sa\u00fade. Saiba mais!","robots":{"index":"index","follow":"follow","max-snippet":"max-snippet:-1","max-image-preview":"max-image-preview:large","max-video-preview":"max-video-preview:-1"},"canonical":"https:\/\/www.estrategiaconcursos.com.br\/blog\/judicializacao-da-saude-minimo-existencial-vs-reserva-do-possivel\/","og_locale":"pt_BR","og_type":"article","og_title":"Judicializa\u00e7\u00e3o da Sa\u00fade: M\u00ednimo Existencial vs Reserva do Poss\u00edvel","og_description":"Acompanhe nesta Ter\u00e7a-feira (22) o segundo epis\u00f3dio da S\u00e9rie Jur\u00eddica que ir\u00e1 abordar o tema: Judicializa\u00e7\u00e3o da Sa\u00fade. Saiba mais!","og_url":"https:\/\/www.estrategiaconcursos.com.br\/blog\/judicializacao-da-saude-minimo-existencial-vs-reserva-do-possivel\/","og_site_name":"Estrat\u00e9gia Concursos","article_author":"https:\/\/www.facebook.com\/ricardo.s.torques","article_published_time":"2020-09-22T20:30:00+00:00","author":"Ricardo Torques","twitter_card":"summary_large_image","twitter_creator":"@EstratConcursos","twitter_site":"@EstratConcursos","twitter_misc":{"Escrito por":"Ricardo Torques","Est. tempo de leitura":"2 minutos"},"schema":{"@context":"https:\/\/schema.org","@graph":[{"@type":"NewsArticle","@id":"https:\/\/www.estrategiaconcursos.com.br\/blog\/judicializacao-da-saude-minimo-existencial-vs-reserva-do-possivel\/#article","isPartOf":{"@id":"https:\/\/www.estrategiaconcursos.com.br\/blog\/judicializacao-da-saude-minimo-existencial-vs-reserva-do-possivel\/"},"author":{"name":"Ricardo Torques","@id":"https:\/\/www.estrategiaconcursos.com.br\/blog\/#\/schema\/person\/aa39cf5ddb518e5bdce27c35788405e2"},"headline":"Judicializa\u00e7\u00e3o da Sa\u00fade: M\u00ednimo Existencial vs Reserva do Poss\u00edvel","datePublished":"2020-09-22T20:30:00+00:00","mainEntityOfPage":{"@id":"https:\/\/www.estrategiaconcursos.com.br\/blog\/judicializacao-da-saude-minimo-existencial-vs-reserva-do-possivel\/"},"wordCount":351,"commentCount":0,"publisher":{"@id":"https:\/\/www.estrategiaconcursos.com.br\/blog\/#organization"},"articleSection":["Concursos P\u00fablicos","Jur\u00eddico"],"inLanguage":"pt-BR","potentialAction":[{"@type":"CommentAction","name":"Comment","target":["https:\/\/www.estrategiaconcursos.com.br\/blog\/judicializacao-da-saude-minimo-existencial-vs-reserva-do-possivel\/#respond"]}],"copyrightYear":"2020","copyrightHolder":{"@id":"https:\/\/www.estrategiaconcursos.com.br\/blog\/#organization"}},{"@type":"WebPage","@id":"https:\/\/www.estrategiaconcursos.com.br\/blog\/judicializacao-da-saude-minimo-existencial-vs-reserva-do-possivel\/","url":"https:\/\/www.estrategiaconcursos.com.br\/blog\/judicializacao-da-saude-minimo-existencial-vs-reserva-do-possivel\/","name":"Judicializa\u00e7\u00e3o da Sa\u00fade: M\u00ednimo Existencial vs Reserva do Poss\u00edvel","isPartOf":{"@id":"https:\/\/www.estrategiaconcursos.com.br\/blog\/#website"},"datePublished":"2020-09-22T20:30:00+00:00","description":"Acompanhe nesta Ter\u00e7a-feira (22) o segundo epis\u00f3dio da S\u00e9rie Jur\u00eddica que ir\u00e1 abordar o tema: Judicializa\u00e7\u00e3o da Sa\u00fade. Saiba mais!","breadcrumb":{"@id":"https:\/\/www.estrategiaconcursos.com.br\/blog\/judicializacao-da-saude-minimo-existencial-vs-reserva-do-possivel\/#breadcrumb"},"inLanguage":"pt-BR","potentialAction":[{"@type":"ReadAction","target":["https:\/\/www.estrategiaconcursos.com.br\/blog\/judicializacao-da-saude-minimo-existencial-vs-reserva-do-possivel\/"]}]},{"@type":"BreadcrumbList","@id":"https:\/\/www.estrategiaconcursos.com.br\/blog\/judicializacao-da-saude-minimo-existencial-vs-reserva-do-possivel\/#breadcrumb","itemListElement":[{"@type":"ListItem","position":1,"name":"In\u00edcio","item":"https:\/\/www.estrategiaconcursos.com.br\/blog\/"},{"@type":"ListItem","position":2,"name":"Judicializa\u00e7\u00e3o da Sa\u00fade: M\u00ednimo Existencial vs Reserva do Poss\u00edvel"}]},{"@type":"WebSite","@id":"https:\/\/www.estrategiaconcursos.com.br\/blog\/#website","url":"https:\/\/www.estrategiaconcursos.com.br\/blog\/","name":"Estrat\u00e9gia Concursos","description":"O blog da Estrat\u00e9gia Concursos traz not\u00edcias sobre concursos e artigos de professores oferecendo cursos para concursos (pdf + videaulas) no site.","publisher":{"@id":"https:\/\/www.estrategiaconcursos.com.br\/blog\/#organization"},"potentialAction":[{"@type":"SearchAction","target":{"@type":"EntryPoint","urlTemplate":"https:\/\/www.estrategiaconcursos.com.br\/blog\/?s={search_term_string}"},"query-input":{"@type":"PropertyValueSpecification","valueRequired":true,"valueName":"search_term_string"}}],"inLanguage":"pt-BR"},{"@type":"Organization","@id":"https:\/\/www.estrategiaconcursos.com.br\/blog\/#organization","name":"Estrat\u00e9gia Concursos","url":"https:\/\/www.estrategiaconcursos.com.br\/blog\/","logo":{"@type":"ImageObject","inLanguage":"pt-BR","@id":"https:\/\/www.estrategiaconcursos.com.br\/blog\/#\/schema\/logo\/image\/","url":"https:\/\/dhg1h5j42swfq.cloudfront.net\/2025\/06\/03203428\/logo_concursos-1.jpg","contentUrl":"https:\/\/dhg1h5j42swfq.cloudfront.net\/2025\/06\/03203428\/logo_concursos-1.jpg","width":230,"height":60,"caption":"Estrat\u00e9gia Concursos"},"image":{"@id":"https:\/\/www.estrategiaconcursos.com.br\/blog\/#\/schema\/logo\/image\/"},"sameAs":["https:\/\/x.com\/EstratConcursos"]},{"@type":"Person","@id":"https:\/\/www.estrategiaconcursos.com.br\/blog\/#\/schema\/person\/aa39cf5ddb518e5bdce27c35788405e2","name":"Ricardo Torques","image":{"@type":"ImageObject","inLanguage":"pt-BR","@id":"https:\/\/secure.gravatar.com\/avatar\/ce9ac6c3cff25fe86d15ed568ebc64d1724baf5c0693133bcb1f6073f712f92a?s=96&d=mm&r=g","url":"https:\/\/secure.gravatar.com\/avatar\/ce9ac6c3cff25fe86d15ed568ebc64d1724baf5c0693133bcb1f6073f712f92a?s=96&d=mm&r=g","contentUrl":"https:\/\/secure.gravatar.com\/avatar\/ce9ac6c3cff25fe86d15ed568ebc64d1724baf5c0693133bcb1f6073f712f92a?s=96&d=mm&r=g","caption":"Ricardo Torques"},"sameAs":["https:\/\/www.facebook.com\/ricardo.s.torques"],"url":"https:\/\/www.estrategiaconcursos.com.br\/blog\/author\/ricardotorquesestrategiaconcursos-com-br\/"}]}},"_links":{"self":[{"href":"https:\/\/www.estrategiaconcursos.com.br\/blog\/wp-json\/wp\/v2\/posts\/570200","targetHints":{"allow":["GET"]}}],"collection":[{"href":"https:\/\/www.estrategiaconcursos.com.br\/blog\/wp-json\/wp\/v2\/posts"}],"about":[{"href":"https:\/\/www.estrategiaconcursos.com.br\/blog\/wp-json\/wp\/v2\/types\/post"}],"author":[{"embeddable":true,"href":"https:\/\/www.estrategiaconcursos.com.br\/blog\/wp-json\/wp\/v2\/users\/180"}],"replies":[{"embeddable":true,"href":"https:\/\/www.estrategiaconcursos.com.br\/blog\/wp-json\/wp\/v2\/comments?post=570200"}],"version-history":[{"count":9,"href":"https:\/\/www.estrategiaconcursos.com.br\/blog\/wp-json\/wp\/v2\/posts\/570200\/revisions"}],"predecessor-version":[{"id":570245,"href":"https:\/\/www.estrategiaconcursos.com.br\/blog\/wp-json\/wp\/v2\/posts\/570200\/revisions\/570245"}],"wp:attachment":[{"href":"https:\/\/www.estrategiaconcursos.com.br\/blog\/wp-json\/wp\/v2\/media?parent=570200"}],"wp:term":[{"taxonomy":"category","embeddable":true,"href":"https:\/\/www.estrategiaconcursos.com.br\/blog\/wp-json\/wp\/v2\/categories?post=570200"},{"taxonomy":"post_tag","embeddable":true,"href":"https:\/\/www.estrategiaconcursos.com.br\/blog\/wp-json\/wp\/v2\/tags?post=570200"},{"taxonomy":"tax_estado","embeddable":true,"href":"https:\/\/www.estrategiaconcursos.com.br\/blog\/wp-json\/wp\/v2\/tax_estado?post=570200"}],"curies":[{"name":"wp","href":"https:\/\/api.w.org\/{rel}","templated":true}]}}