{"id":569700,"date":"2020-09-10T18:00:00","date_gmt":"2020-09-10T21:00:00","guid":{"rendered":"https:\/\/www.estrategiaconcursos.com.br\/blog\/?p=569700"},"modified":"2020-09-09T18:11:59","modified_gmt":"2020-09-09T21:11:59","slug":"tribunais-de-contas-semana-especial-declare-a-sua-independencia","status":"publish","type":"post","link":"https:\/\/www.estrategiaconcursos.com.br\/blog\/tribunais-de-contas-semana-especial-declare-a-sua-independencia\/","title":{"rendered":"Tribunais de Contas &#8211; Semana Especial Declare a sua Independ\u00eancia"},"content":{"rendered":"\n<p>Voc\u00ea est\u00e1 pronto para declarar a sua independ\u00eancia financeira? \u00c9 isso mesmo! Vamos te ajudar a ter mais estabilidade financeira encontrando uma vaga na \u00e1rea de Tribunal de Contas.<\/p>\n\n\n\n<p>Todos n\u00f3s sabemos que a carreira p\u00fablica \u00e9 bastante concorrida, isso porque s\u00e3o in\u00fameros benef\u00edcios que o servidor consegue quando adquire o t\u00e3o sonhado cargo. Sendo que um dos principais deles \u00e9 a qualidade de vida. <\/p>\n\n\n\n<p>J\u00e1 pensou na possibilidade de cumprir exatamente a sua carga hor\u00e1ria, sem estresse, e ainda receber um bom sal\u00e1rio com perspectiva de ascens\u00e3o profissional? Muito bom, n\u00e9? \u00c9 exatamente isso que queremos para voc\u00ea!<\/p>\n\n\n\n<p>Por isso, n\u00e3o perca seu tempo e participe da semana especial que preparamos para voc\u00ea que deseja mudar de vida. <strong>Nesta quinta-feira, 10 de setembro,<\/strong> <strong>a partir das 19h<\/strong>, vamos transmitir as oportunidades da \u00e1rea de Tribunas de Contas.<\/p>\n\n\n\n<p>Lembrando que a sua participa\u00e7\u00e3o \u00e9 totalmente <strong>gratuita<\/strong>!! Gostou? Ent\u00e3o, venha estudar com quem mais aprova!!<\/p>\n\n\n<figure class=\"wp-block-embed-youtube wp-block-embed is-type-video is-provider-youtube wp-embed-aspect-16-9 wp-has-aspect-ratio\"><div class=\"lyte-wrapper\" style=\"width:853px;max-width:100%;margin:5px;\"><div class=\"lyMe\" id=\"WYL_-ja5o91vuko\"><div id=\"lyte_-ja5o91vuko\" data-src=\"\/\/i.ytimg.com\/vi\/-ja5o91vuko\/hqdefault.jpg\" class=\"pL\"><div class=\"tC\"><div class=\"tT\"><\/div><\/div><div class=\"play\"><\/div><div class=\"ctrl\"><div class=\"Lctrl\"><\/div><div class=\"Rctrl\"><\/div><\/div><\/div><noscript><a href=\"https:\/\/youtu.be\/-ja5o91vuko\" rel=\"nofollow\"><img loading=\"lazy\" decoding=\"async\" src=\"https:\/\/i.ytimg.com\/vi\/-ja5o91vuko\/0.jpg\" alt=\"YouTube video thumbnail\" width=\"853\" height=\"460\" \/><br \/>Assista a este v\u00eddeo no YouTube<\/a><\/noscript><\/div><\/div><div class=\"lL\" style=\"max-width:100%;width:853px;margin:5px;\"><\/div><figcaption><\/figcaption><\/figure>\n\n\n<p class=\"has-text-align-center\"><em>Prepare-se com o melhor material e com quem mais aprova em Concursos P\u00fablicos em todo o pa\u00eds. Assine agora a nossa Assinatura Anual e tenha acesso ilimitado* a todos os nossos cursos.<\/em><\/p>\n\n\n\n<p class=\"has-background has-text-align-center has-medium-font-size has-light-green-cyan-background-color\"><strong>ASSINE AGORA<\/strong>&nbsp;\u2013&nbsp;<a rel=\"noreferrer noopener\" href=\"https:\/\/www.estrategiaconcursos.com.br\/assinaturas\" target=\"_blank\"><strong>Assinatura Ilimitada<\/strong><\/a><\/p>\n\n\n\n<p class=\"has-text-align-center has-medium-font-size\"><strong><em><strong>Sistema de Quest\u00f5es<\/strong><\/em><\/strong><\/p>\n\n\n\n<p class=\"has-text-align-center\"><em>Estrat\u00e9gia Quest\u00f5es nasceu maior do que todos os concorrentes, com mais quest\u00f5es cadastradas e mais solu\u00e7\u00f5es por professores. Clique no link e aproveite os descontos e b\u00f4nus imperd\u00edveis!<\/em><\/p>\n\n\n\n<p class=\"has-background has-text-align-center has-medium-font-size has-vivid-green-cyan-background-color\"><strong>ASSINE AGORA \u2013&nbsp;<a href=\"https:\/\/questoes.estrategiaconcursos.com.br\/\" target=\"_blank\" rel=\"noreferrer noopener\">Sistema de Quest\u00f5es<\/a><\/strong><\/p>\n\n\n\n<p class=\"has-text-align-center has-medium-font-size\"><em><strong>Fique por dentro de todos os concursos<\/strong><\/em><\/p>\n\n\n\n<p style=\"font-size:22px\" class=\"has-background has-text-align-center has-pale-cyan-blue-background-color\"><a rel=\"noreferrer noopener\" href=\"https:\/\/www.estrategiaconcursos.com.br\/blog\/concursos-abertos\/\" target=\"_blank\"><strong>Concursos Abertos<\/strong><\/a><\/p>\n\n\n\n<p class=\"has-text-align-center has-medium-font-size\"><em><strong>Confira as oportunidades previstas<\/strong><\/em><\/p>\n\n\n\n<p style=\"font-size:22px\" class=\"has-background has-text-align-center has-pale-cyan-blue-background-color\"><a rel=\"noreferrer noopener\" href=\"https:\/\/www.estrategiaconcursos.com.br\/blog\/concursos-2020\/\" target=\"_blank\"><strong>Concursos 2020<\/strong><\/a><\/p>\n\n\n\n<p style=\"font-size:22px\" class=\"has-background has-text-align-center has-pale-cyan-blue-background-color\"><a href=\"https:\/\/www.estrategiaconcursos.com.br\/blog\/concursos-2021\/\" target=\"_blank\" rel=\"noreferrer noopener\"><strong>Concursos 2021<\/strong><\/a><\/p>\n","protected":false},"excerpt":{"rendered":"<p>Voc\u00ea est\u00e1 pronto para declarar a sua independ\u00eancia financeira? \u00c9 isso mesmo! Vamos te ajudar a ter mais estabilidade financeira encontrando uma vaga na \u00e1rea de Tribunal de Contas. Todos n\u00f3s sabemos que a carreira p\u00fablica \u00e9 bastante concorrida, isso porque s\u00e3o in\u00fameros benef\u00edcios que o servidor consegue quando adquire o t\u00e3o sonhado cargo. Sendo [&hellip;]<\/p>\n","protected":false},"author":773,"featured_media":569718,"comment_status":"open","ping_status":"closed","sticky":false,"template":"","format":"standard","meta":{"post_tipo":"article","footnotes":""},"categories":[1,1984],"tags":[],"tax_estado":[],"class_list":["post-569700","post","type-post","status-publish","format-standard","has-post-thumbnail","hentry","category-cursos-e-concursos","category-tribunais"],"acf":[],"yoast_head":"<!-- This site is optimized with the Yoast SEO Premium plugin v27.2 (Yoast SEO v27.2) - https:\/\/yoast.com\/product\/yoast-seo-premium-wordpress\/ -->\n<title>Tribunais de Contas - Semana Especial Declare a sua Independ\u00eancia<\/title>\n<meta name=\"description\" content=\"Participe do evento &quot;\u00c1rea de Tribunais de Contas - Semana Especial Declare a sua Independ\u00eancia&quot; a partir das 19h de HOJE!!\" \/>\n<meta name=\"robots\" content=\"index, follow, max-snippet:-1, max-image-preview:large, max-video-preview:-1\" \/>\n<link rel=\"canonical\" href=\"https:\/\/www.estrategiaconcursos.com.br\/blog\/tribunais-de-contas-semana-especial-declare-a-sua-independencia\/\" \/>\n<meta property=\"og:locale\" content=\"pt_BR\" \/>\n<meta property=\"og:type\" content=\"article\" \/>\n<meta property=\"og:title\" content=\"Tribunais de Contas - Semana Especial Declare a sua Independ\u00eancia\" \/>\n<meta property=\"og:description\" content=\"Participe do evento &quot;\u00c1rea de Tribunais de Contas - Semana Especial Declare a sua Independ\u00eancia&quot; a partir das 19h de HOJE!!\" \/>\n<meta property=\"og:url\" content=\"https:\/\/www.estrategiaconcursos.com.br\/blog\/tribunais-de-contas-semana-especial-declare-a-sua-independencia\/\" \/>\n<meta property=\"og:site_name\" content=\"Estrat\u00e9gia Concursos\" \/>\n<meta property=\"article:published_time\" content=\"2020-09-10T21:00:00+00:00\" \/>\n<meta property=\"og:image\" content=\"https:\/\/dhg1h5j42swfq.cloudfront.net\/2020\/09\/09162808\/WhatsApp-Image-2020-09-09-at-16.27.53.jpeg\" \/>\n\t<meta property=\"og:image:width\" content=\"1212\" \/>\n\t<meta property=\"og:image:height\" content=\"612\" \/>\n\t<meta property=\"og:image:type\" content=\"image\/jpeg\" \/>\n<meta name=\"author\" content=\"Leonardo Mathias\" \/>\n<meta name=\"twitter:card\" content=\"summary_large_image\" \/>\n<meta name=\"twitter:creator\" content=\"@EstratConcursos\" \/>\n<meta name=\"twitter:site\" content=\"@EstratConcursos\" \/>\n<meta name=\"twitter:label1\" content=\"Escrito por\" \/>\n\t<meta name=\"twitter:data1\" content=\"Leonardo Mathias\" \/>\n\t<meta name=\"twitter:label2\" content=\"Est. tempo de leitura\" \/>\n\t<meta name=\"twitter:data2\" content=\"1 minuto\" \/>\n<script type=\"application\/ld+json\" class=\"yoast-schema-graph\">{\"@context\":\"https:\/\/schema.org\",\"@graph\":[{\"@type\":\"NewsArticle\",\"@id\":\"https:\/\/www.estrategiaconcursos.com.br\/blog\/tribunais-de-contas-semana-especial-declare-a-sua-independencia\/#article\",\"isPartOf\":{\"@id\":\"https:\/\/www.estrategiaconcursos.com.br\/blog\/tribunais-de-contas-semana-especial-declare-a-sua-independencia\/\"},\"author\":{\"name\":\"Leonardo Mathias\",\"@id\":\"https:\/\/www.estrategiaconcursos.com.br\/blog\/#\/schema\/person\/ffa1e327b35698a5329b293a0627bd55\"},\"headline\":\"Tribunais de Contas &#8211; Semana Especial Declare a sua Independ\u00eancia\",\"datePublished\":\"2020-09-10T21:00:00+00:00\",\"mainEntityOfPage\":{\"@id\":\"https:\/\/www.estrategiaconcursos.com.br\/blog\/tribunais-de-contas-semana-especial-declare-a-sua-independencia\/\"},\"wordCount\":281,\"commentCount\":0,\"publisher\":{\"@id\":\"https:\/\/www.estrategiaconcursos.com.br\/blog\/#organization\"},\"image\":{\"@id\":\"https:\/\/www.estrategiaconcursos.com.br\/blog\/tribunais-de-contas-semana-especial-declare-a-sua-independencia\/#primaryimage\"},\"thumbnailUrl\":\"https:\/\/dhg1h5j42swfq.cloudfront.net\/2020\/09\/09162808\/WhatsApp-Image-2020-09-09-at-16.27.53.jpeg\",\"articleSection\":[\"Concursos P\u00fablicos\",\"Tribunais\"],\"inLanguage\":\"pt-BR\",\"potentialAction\":[{\"@type\":\"CommentAction\",\"name\":\"Comment\",\"target\":[\"https:\/\/www.estrategiaconcursos.com.br\/blog\/tribunais-de-contas-semana-especial-declare-a-sua-independencia\/#respond\"]}],\"copyrightYear\":\"2020\",\"copyrightHolder\":{\"@id\":\"https:\/\/www.estrategiaconcursos.com.br\/blog\/#organization\"}},{\"@type\":\"WebPage\",\"@id\":\"https:\/\/www.estrategiaconcursos.com.br\/blog\/tribunais-de-contas-semana-especial-declare-a-sua-independencia\/\",\"url\":\"https:\/\/www.estrategiaconcursos.com.br\/blog\/tribunais-de-contas-semana-especial-declare-a-sua-independencia\/\",\"name\":\"Tribunais de Contas - Semana Especial Declare a sua Independ\u00eancia\",\"isPartOf\":{\"@id\":\"https:\/\/www.estrategiaconcursos.com.br\/blog\/#website\"},\"primaryImageOfPage\":{\"@id\":\"https:\/\/www.estrategiaconcursos.com.br\/blog\/tribunais-de-contas-semana-especial-declare-a-sua-independencia\/#primaryimage\"},\"image\":{\"@id\":\"https:\/\/www.estrategiaconcursos.com.br\/blog\/tribunais-de-contas-semana-especial-declare-a-sua-independencia\/#primaryimage\"},\"thumbnailUrl\":\"https:\/\/dhg1h5j42swfq.cloudfront.net\/2020\/09\/09162808\/WhatsApp-Image-2020-09-09-at-16.27.53.jpeg\",\"datePublished\":\"2020-09-10T21:00:00+00:00\",\"description\":\"Participe do evento \\\"\u00c1rea de Tribunais de Contas - Semana Especial Declare a sua Independ\u00eancia\\\" a partir das 19h de HOJE!!\",\"breadcrumb\":{\"@id\":\"https:\/\/www.estrategiaconcursos.com.br\/blog\/tribunais-de-contas-semana-especial-declare-a-sua-independencia\/#breadcrumb\"},\"inLanguage\":\"pt-BR\",\"potentialAction\":[{\"@type\":\"ReadAction\",\"target\":[\"https:\/\/www.estrategiaconcursos.com.br\/blog\/tribunais-de-contas-semana-especial-declare-a-sua-independencia\/\"]}]},{\"@type\":\"ImageObject\",\"inLanguage\":\"pt-BR\",\"@id\":\"https:\/\/www.estrategiaconcursos.com.br\/blog\/tribunais-de-contas-semana-especial-declare-a-sua-independencia\/#primaryimage\",\"url\":\"https:\/\/dhg1h5j42swfq.cloudfront.net\/2020\/09\/09162808\/WhatsApp-Image-2020-09-09-at-16.27.53.jpeg\",\"contentUrl\":\"https:\/\/dhg1h5j42swfq.cloudfront.net\/2020\/09\/09162808\/WhatsApp-Image-2020-09-09-at-16.27.53.jpeg\",\"width\":1212,\"height\":612,\"caption\":\"\u00c1rea de Tribunais de Contas - Semana Especial Declare a sua Independ\u00eancia\"},{\"@type\":\"BreadcrumbList\",\"@id\":\"https:\/\/www.estrategiaconcursos.com.br\/blog\/tribunais-de-contas-semana-especial-declare-a-sua-independencia\/#breadcrumb\",\"itemListElement\":[{\"@type\":\"ListItem\",\"position\":1,\"name\":\"In\u00edcio\",\"item\":\"https:\/\/www.estrategiaconcursos.com.br\/blog\/\"},{\"@type\":\"ListItem\",\"position\":2,\"name\":\"Tribunais de Contas &#8211; Semana Especial Declare a sua Independ\u00eancia\"}]},{\"@type\":\"WebSite\",\"@id\":\"https:\/\/www.estrategiaconcursos.com.br\/blog\/#website\",\"url\":\"https:\/\/www.estrategiaconcursos.com.br\/blog\/\",\"name\":\"Estrat\u00e9gia Concursos\",\"description\":\"O blog da Estrat\u00e9gia Concursos traz not\u00edcias sobre concursos e artigos de professores oferecendo cursos para concursos (pdf + videaulas) no site.\",\"publisher\":{\"@id\":\"https:\/\/www.estrategiaconcursos.com.br\/blog\/#organization\"},\"potentialAction\":[{\"@type\":\"SearchAction\",\"target\":{\"@type\":\"EntryPoint\",\"urlTemplate\":\"https:\/\/www.estrategiaconcursos.com.br\/blog\/?s={search_term_string}\"},\"query-input\":{\"@type\":\"PropertyValueSpecification\",\"valueRequired\":true,\"valueName\":\"search_term_string\"}}],\"inLanguage\":\"pt-BR\"},{\"@type\":\"Organization\",\"@id\":\"https:\/\/www.estrategiaconcursos.com.br\/blog\/#organization\",\"name\":\"Estrat\u00e9gia Concursos\",\"url\":\"https:\/\/www.estrategiaconcursos.com.br\/blog\/\",\"logo\":{\"@type\":\"ImageObject\",\"inLanguage\":\"pt-BR\",\"@id\":\"https:\/\/www.estrategiaconcursos.com.br\/blog\/#\/schema\/logo\/image\/\",\"url\":\"https:\/\/dhg1h5j42swfq.cloudfront.net\/2025\/06\/03203428\/logo_concursos-1.jpg\",\"contentUrl\":\"https:\/\/dhg1h5j42swfq.cloudfront.net\/2025\/06\/03203428\/logo_concursos-1.jpg\",\"width\":230,\"height\":60,\"caption\":\"Estrat\u00e9gia Concursos\"},\"image\":{\"@id\":\"https:\/\/www.estrategiaconcursos.com.br\/blog\/#\/schema\/logo\/image\/\"},\"sameAs\":[\"https:\/\/x.com\/EstratConcursos\"]},{\"@type\":\"Person\",\"@id\":\"https:\/\/www.estrategiaconcursos.com.br\/blog\/#\/schema\/person\/ffa1e327b35698a5329b293a0627bd55\",\"name\":\"Leonardo Mathias\",\"image\":{\"@type\":\"ImageObject\",\"inLanguage\":\"pt-BR\",\"@id\":\"https:\/\/secure.gravatar.com\/avatar\/f02a0a4304a1537239604f568c9b6a69a3a7bbd6a5033b760cb4a5697f00295b?s=96&d=mm&r=g\",\"url\":\"https:\/\/secure.gravatar.com\/avatar\/f02a0a4304a1537239604f568c9b6a69a3a7bbd6a5033b760cb4a5697f00295b?s=96&d=mm&r=g\",\"contentUrl\":\"https:\/\/secure.gravatar.com\/avatar\/f02a0a4304a1537239604f568c9b6a69a3a7bbd6a5033b760cb4a5697f00295b?s=96&d=mm&r=g\",\"caption\":\"Leonardo Mathias\"},\"url\":\"https:\/\/www.estrategiaconcursos.com.br\/blog\/author\/leonardomathiasestrategiaconcursos-com-br\/\"}]}<\/script>\n<!-- \/ Yoast SEO Premium plugin. -->","yoast_head_json":{"title":"Tribunais de Contas - Semana Especial Declare a sua Independ\u00eancia","description":"Participe do evento \"\u00c1rea de Tribunais de Contas - Semana Especial Declare a sua Independ\u00eancia\" a partir das 19h de HOJE!!","robots":{"index":"index","follow":"follow","max-snippet":"max-snippet:-1","max-image-preview":"max-image-preview:large","max-video-preview":"max-video-preview:-1"},"canonical":"https:\/\/www.estrategiaconcursos.com.br\/blog\/tribunais-de-contas-semana-especial-declare-a-sua-independencia\/","og_locale":"pt_BR","og_type":"article","og_title":"Tribunais de Contas - Semana Especial Declare a sua Independ\u00eancia","og_description":"Participe do evento \"\u00c1rea de Tribunais de Contas - Semana Especial Declare a sua Independ\u00eancia\" a partir das 19h de HOJE!!","og_url":"https:\/\/www.estrategiaconcursos.com.br\/blog\/tribunais-de-contas-semana-especial-declare-a-sua-independencia\/","og_site_name":"Estrat\u00e9gia Concursos","article_published_time":"2020-09-10T21:00:00+00:00","og_image":[{"width":1212,"height":612,"url":"https:\/\/dhg1h5j42swfq.cloudfront.net\/2020\/09\/09162808\/WhatsApp-Image-2020-09-09-at-16.27.53.jpeg","type":"image\/jpeg"}],"author":"Leonardo Mathias","twitter_card":"summary_large_image","twitter_creator":"@EstratConcursos","twitter_site":"@EstratConcursos","twitter_misc":{"Escrito por":"Leonardo Mathias","Est. tempo de leitura":"1 minuto"},"schema":{"@context":"https:\/\/schema.org","@graph":[{"@type":"NewsArticle","@id":"https:\/\/www.estrategiaconcursos.com.br\/blog\/tribunais-de-contas-semana-especial-declare-a-sua-independencia\/#article","isPartOf":{"@id":"https:\/\/www.estrategiaconcursos.com.br\/blog\/tribunais-de-contas-semana-especial-declare-a-sua-independencia\/"},"author":{"name":"Leonardo Mathias","@id":"https:\/\/www.estrategiaconcursos.com.br\/blog\/#\/schema\/person\/ffa1e327b35698a5329b293a0627bd55"},"headline":"Tribunais de Contas &#8211; Semana Especial Declare a sua Independ\u00eancia","datePublished":"2020-09-10T21:00:00+00:00","mainEntityOfPage":{"@id":"https:\/\/www.estrategiaconcursos.com.br\/blog\/tribunais-de-contas-semana-especial-declare-a-sua-independencia\/"},"wordCount":281,"commentCount":0,"publisher":{"@id":"https:\/\/www.estrategiaconcursos.com.br\/blog\/#organization"},"image":{"@id":"https:\/\/www.estrategiaconcursos.com.br\/blog\/tribunais-de-contas-semana-especial-declare-a-sua-independencia\/#primaryimage"},"thumbnailUrl":"https:\/\/dhg1h5j42swfq.cloudfront.net\/2020\/09\/09162808\/WhatsApp-Image-2020-09-09-at-16.27.53.jpeg","articleSection":["Concursos P\u00fablicos","Tribunais"],"inLanguage":"pt-BR","potentialAction":[{"@type":"CommentAction","name":"Comment","target":["https:\/\/www.estrategiaconcursos.com.br\/blog\/tribunais-de-contas-semana-especial-declare-a-sua-independencia\/#respond"]}],"copyrightYear":"2020","copyrightHolder":{"@id":"https:\/\/www.estrategiaconcursos.com.br\/blog\/#organization"}},{"@type":"WebPage","@id":"https:\/\/www.estrategiaconcursos.com.br\/blog\/tribunais-de-contas-semana-especial-declare-a-sua-independencia\/","url":"https:\/\/www.estrategiaconcursos.com.br\/blog\/tribunais-de-contas-semana-especial-declare-a-sua-independencia\/","name":"Tribunais de Contas - Semana Especial Declare a sua Independ\u00eancia","isPartOf":{"@id":"https:\/\/www.estrategiaconcursos.com.br\/blog\/#website"},"primaryImageOfPage":{"@id":"https:\/\/www.estrategiaconcursos.com.br\/blog\/tribunais-de-contas-semana-especial-declare-a-sua-independencia\/#primaryimage"},"image":{"@id":"https:\/\/www.estrategiaconcursos.com.br\/blog\/tribunais-de-contas-semana-especial-declare-a-sua-independencia\/#primaryimage"},"thumbnailUrl":"https:\/\/dhg1h5j42swfq.cloudfront.net\/2020\/09\/09162808\/WhatsApp-Image-2020-09-09-at-16.27.53.jpeg","datePublished":"2020-09-10T21:00:00+00:00","description":"Participe do evento \"\u00c1rea de Tribunais de Contas - Semana Especial Declare a sua Independ\u00eancia\" a partir das 19h de HOJE!!","breadcrumb":{"@id":"https:\/\/www.estrategiaconcursos.com.br\/blog\/tribunais-de-contas-semana-especial-declare-a-sua-independencia\/#breadcrumb"},"inLanguage":"pt-BR","potentialAction":[{"@type":"ReadAction","target":["https:\/\/www.estrategiaconcursos.com.br\/blog\/tribunais-de-contas-semana-especial-declare-a-sua-independencia\/"]}]},{"@type":"ImageObject","inLanguage":"pt-BR","@id":"https:\/\/www.estrategiaconcursos.com.br\/blog\/tribunais-de-contas-semana-especial-declare-a-sua-independencia\/#primaryimage","url":"https:\/\/dhg1h5j42swfq.cloudfront.net\/2020\/09\/09162808\/WhatsApp-Image-2020-09-09-at-16.27.53.jpeg","contentUrl":"https:\/\/dhg1h5j42swfq.cloudfront.net\/2020\/09\/09162808\/WhatsApp-Image-2020-09-09-at-16.27.53.jpeg","width":1212,"height":612,"caption":"\u00c1rea de Tribunais de Contas - Semana Especial Declare a sua Independ\u00eancia"},{"@type":"BreadcrumbList","@id":"https:\/\/www.estrategiaconcursos.com.br\/blog\/tribunais-de-contas-semana-especial-declare-a-sua-independencia\/#breadcrumb","itemListElement":[{"@type":"ListItem","position":1,"name":"In\u00edcio","item":"https:\/\/www.estrategiaconcursos.com.br\/blog\/"},{"@type":"ListItem","position":2,"name":"Tribunais de Contas &#8211; Semana Especial Declare a sua Independ\u00eancia"}]},{"@type":"WebSite","@id":"https:\/\/www.estrategiaconcursos.com.br\/blog\/#website","url":"https:\/\/www.estrategiaconcursos.com.br\/blog\/","name":"Estrat\u00e9gia Concursos","description":"O blog da Estrat\u00e9gia Concursos traz not\u00edcias sobre concursos e artigos de professores oferecendo cursos para concursos (pdf + videaulas) no site.","publisher":{"@id":"https:\/\/www.estrategiaconcursos.com.br\/blog\/#organization"},"potentialAction":[{"@type":"SearchAction","target":{"@type":"EntryPoint","urlTemplate":"https:\/\/www.estrategiaconcursos.com.br\/blog\/?s={search_term_string}"},"query-input":{"@type":"PropertyValueSpecification","valueRequired":true,"valueName":"search_term_string"}}],"inLanguage":"pt-BR"},{"@type":"Organization","@id":"https:\/\/www.estrategiaconcursos.com.br\/blog\/#organization","name":"Estrat\u00e9gia Concursos","url":"https:\/\/www.estrategiaconcursos.com.br\/blog\/","logo":{"@type":"ImageObject","inLanguage":"pt-BR","@id":"https:\/\/www.estrategiaconcursos.com.br\/blog\/#\/schema\/logo\/image\/","url":"https:\/\/dhg1h5j42swfq.cloudfront.net\/2025\/06\/03203428\/logo_concursos-1.jpg","contentUrl":"https:\/\/dhg1h5j42swfq.cloudfront.net\/2025\/06\/03203428\/logo_concursos-1.jpg","width":230,"height":60,"caption":"Estrat\u00e9gia Concursos"},"image":{"@id":"https:\/\/www.estrategiaconcursos.com.br\/blog\/#\/schema\/logo\/image\/"},"sameAs":["https:\/\/x.com\/EstratConcursos"]},{"@type":"Person","@id":"https:\/\/www.estrategiaconcursos.com.br\/blog\/#\/schema\/person\/ffa1e327b35698a5329b293a0627bd55","name":"Leonardo Mathias","image":{"@type":"ImageObject","inLanguage":"pt-BR","@id":"https:\/\/secure.gravatar.com\/avatar\/f02a0a4304a1537239604f568c9b6a69a3a7bbd6a5033b760cb4a5697f00295b?s=96&d=mm&r=g","url":"https:\/\/secure.gravatar.com\/avatar\/f02a0a4304a1537239604f568c9b6a69a3a7bbd6a5033b760cb4a5697f00295b?s=96&d=mm&r=g","contentUrl":"https:\/\/secure.gravatar.com\/avatar\/f02a0a4304a1537239604f568c9b6a69a3a7bbd6a5033b760cb4a5697f00295b?s=96&d=mm&r=g","caption":"Leonardo Mathias"},"url":"https:\/\/www.estrategiaconcursos.com.br\/blog\/author\/leonardomathiasestrategiaconcursos-com-br\/"}]}},"_links":{"self":[{"href":"https:\/\/www.estrategiaconcursos.com.br\/blog\/wp-json\/wp\/v2\/posts\/569700","targetHints":{"allow":["GET"]}}],"collection":[{"href":"https:\/\/www.estrategiaconcursos.com.br\/blog\/wp-json\/wp\/v2\/posts"}],"about":[{"href":"https:\/\/www.estrategiaconcursos.com.br\/blog\/wp-json\/wp\/v2\/types\/post"}],"author":[{"embeddable":true,"href":"https:\/\/www.estrategiaconcursos.com.br\/blog\/wp-json\/wp\/v2\/users\/773"}],"replies":[{"embeddable":true,"href":"https:\/\/www.estrategiaconcursos.com.br\/blog\/wp-json\/wp\/v2\/comments?post=569700"}],"version-history":[{"count":5,"href":"https:\/\/www.estrategiaconcursos.com.br\/blog\/wp-json\/wp\/v2\/posts\/569700\/revisions"}],"predecessor-version":[{"id":569788,"href":"https:\/\/www.estrategiaconcursos.com.br\/blog\/wp-json\/wp\/v2\/posts\/569700\/revisions\/569788"}],"wp:featuredmedia":[{"embeddable":true,"href":"https:\/\/www.estrategiaconcursos.com.br\/blog\/wp-json\/wp\/v2\/media\/569718"}],"wp:attachment":[{"href":"https:\/\/www.estrategiaconcursos.com.br\/blog\/wp-json\/wp\/v2\/media?parent=569700"}],"wp:term":[{"taxonomy":"category","embeddable":true,"href":"https:\/\/www.estrategiaconcursos.com.br\/blog\/wp-json\/wp\/v2\/categories?post=569700"},{"taxonomy":"post_tag","embeddable":true,"href":"https:\/\/www.estrategiaconcursos.com.br\/blog\/wp-json\/wp\/v2\/tags?post=569700"},{"taxonomy":"tax_estado","embeddable":true,"href":"https:\/\/www.estrategiaconcursos.com.br\/blog\/wp-json\/wp\/v2\/tax_estado?post=569700"}],"curies":[{"name":"wp","href":"https:\/\/api.w.org\/{rel}","templated":true}]}}