{"id":56967,"date":"2016-12-05T21:47:45","date_gmt":"2016-12-06T00:47:45","guid":{"rendered":"https:\/\/www.estrategiaconcursos.com.br\/blog\/?p=56967"},"modified":"2018-09-27T17:41:04","modified_gmt":"2018-09-27T20:41:04","slug":"raciocinio-logico-trt-20-fcc-provas-resolvidas","status":"publish","type":"post","link":"https:\/\/www.estrategiaconcursos.com.br\/blog\/raciocinio-logico-trt-20-fcc-provas-resolvidas\/","title":{"rendered":"Racioc\u00ednio L\u00f3gico TRT 20 FCC &#8211; provas resolvidas"},"content":{"rendered":"<p style=\"text-align: justify;\">Caros alunos,<\/p>\n<p style=\"text-align: justify;\">Vejam abaixo minhas resolu\u00e7\u00f5es das quest\u00f5es de Racioc\u00ednio L\u00f3gico cobradas no concurso do TRT 20 (SE) neste \u00faltimo final de semana. Espero que voc\u00ea tenha ido t\u00e3o bem quanto esta minha aluna:<\/p>\n<p style=\"text-align: justify;\"><img loading=\"lazy\" decoding=\"async\" class=\"aligncenter size-full wp-image-56969\" src=\"https:\/\/dhg1h5j42swfq.cloudfront.net\/2016\/12\/05205731\/face.png\" alt=\"face\" width=\"201\" height=\"116\" \/><\/p>\n<p style=\"text-align: center;\"><span style=\"text-decoration: underline; color: #ff0000;\"><strong>T\u00c9CNICO JUDICI\u00c1RIO<\/strong><\/span><\/p>\n<p style=\"text-align: justify;\"><strong>FCC &#8211; TRT\/20 &#8211; 2016)<\/strong>\u00a0Juliana consegue arquivar 16 pastas de documentos em uma hora e vinte minutos. Mantendo esse mesmo padr\u00e3o, em duas horas e quarenta e cinco minutos Juliana conseguir\u00e1 arquivar um n\u00famero de pastas de documentos igual a (A) 32. (B) 40. (C) 35. (D) 38. (E) 33.<\/p>\n<p style=\"text-align: justify;\"><strong>RESOLU\u00c7\u00c3O:<\/strong><\/p>\n<p style=\"text-align: justify;\">Veja que 1 hora e 20 minutos corresponde a 60 + 20 = 80 minutos. J\u00e1 2 horas e 45 minutos correspondem a 2&#215;60 + 45 = 120 + 45 = 165 minutos. Podemos montar a regra de tr\u00eas:<\/p>\n<p style=\"text-align: justify;\">16 pastas &#8212;&#8212;&#8212;&#8212;&#8212;&#8212;&#8211; 80 minutos<\/p>\n<p style=\"text-align: justify;\">N pastas &#8212;&#8212;&#8212;&#8212;&#8212;&#8212;&#8212; 165 minutos<\/p>\n<p style=\"text-align: justify;\">16 x 165 = N x 80<\/p>\n<p style=\"text-align: justify;\">2 x 165 = N x 10<\/p>\n<p style=\"text-align: justify;\">330 = N x 10<\/p>\n<p style=\"text-align: justify;\">N = 33 pastas<\/p>\n<p style=\"text-align: justify;\"><strong>Resposta: E<\/strong><\/p>\n<p style=\"text-align: justify;\"><strong>FCC &#8211; TRT\/20 &#8211; 2016)<\/strong>\u00a0Manoel e Dolores precisavam classificar um grande n\u00famero de processos. Manoel come\u00e7ou antes do que Dolores e ao final do dia havia classificado 3\/8 do total de processos. Dolores trabalhou mais r\u00e1pido do que Manoel e ao final do dia havia classificado 1\/3 de processos a mais do que aqueles que Manoel havia classificado. Ap\u00f3s esse dia de trabalho de Manoel e Dolores, \u00e9 correto afirmar que<\/p>\n<p style=\"text-align: justify;\">(A) ainda faltam 1\/4 dos processos para serem classificados.<\/p>\n<p style=\"text-align: justify;\">(B) eles terminaram a tarefa.<\/p>\n<p style=\"text-align: justify;\">(C) ainda faltam 1\/8 dos processos para serem classificados.<\/p>\n<p style=\"text-align: justify;\">(D) eles classificaram 17\/24 dos processos.<\/p>\n<p style=\"text-align: justify;\">(E) eles classificaram apenas metade dos processos.<\/p>\n<p style=\"text-align: justify;\"><strong>RESOLU\u00c7\u00c3O:<\/strong><\/p>\n<p style=\"text-align: justify;\">Veja que 1\/3 do que Manoel fez \u00e9:<\/p>\n<p style=\"text-align: justify;\">1\/3 de 3\/8 =<\/p>\n<p style=\"text-align: justify;\">1\/3 x 3\/8 =<\/p>\n<p style=\"text-align: justify;\">1\/8<\/p>\n<p style=\"text-align: justify;\">Portanto, Dolores fez 3\/8 + 1\/8 = 4\/8. Somando isso com o que foi feito por Manoel, ficamos com 4\/8 + 3\/8 = 7\/8. Deste modo, ficou faltando apenas 1\/8 dos processos.<\/p>\n<p style=\"text-align: justify;\"><strong>Resposta: C<\/strong><\/p>\n<p style=\"text-align: justify;\"><strong>FCC &#8211; TRT\/20 &#8211; 2016)<\/strong> Em um dia de atendimento externo, Jo\u00e3o atendeu 56 pessoas. No dia seguinte, Jo\u00e3o atendeu 25% a mais do n\u00famero de pessoas que havia atendido no dia anterior. No terceiro dia, Jo\u00e3o novamente aumentou o n\u00famero de atendimentos em 30% do n\u00famero de atendimentos do dia anterior. O n\u00famero de atendimentos realizados por Jo\u00e3o, nesses tr\u00eas dias, foi igual a (A) 195. (B) 217. (C) 161. (D) 184. (E) 111.<\/p>\n<p style=\"text-align: justify;\"><strong>RESOLU\u00c7\u00c3O:<\/strong><\/p>\n<p style=\"text-align: justify;\">No segundo dia Jo\u00e3o atendeu 25% a mais, ou seja:<\/p>\n<p style=\"text-align: justify;\">Segundo dia = 56 x (1 + 25%) = 56&#215;1 + 56x(1\/4) = 56 + 14 = 70 pessoas<\/p>\n<p style=\"text-align: justify;\">No terceiro dia Jo\u00e3o atendeu 30% a mais que no segundo dia:<\/p>\n<p style=\"text-align: justify;\">Terceiro dia = 70 x (1 + 30%) = 70&#215;1 + 70&#215;0,3 = 70 + 21 = 91 pessoas<\/p>\n<p style=\"text-align: justify;\">Deste modo, nos tr\u00eas dias temos 56 + 70 + 91 = 217 pessoas.<\/p>\n<p style=\"text-align: justify;\"><strong>Resposta: B<\/strong><\/p>\n<p style=\"text-align: justify;\"><strong>FCC &#8211; TRT\/20 &#8211; 2016)<\/strong> Considere que todo t\u00e9cnico sabe digitar. Alguns desses t\u00e9cnicos sabem atender ao p\u00fablico externo e outros desses t\u00e9cnicos n\u00e3o sabem atender ao p\u00fablico externo. A partir dessas afirma\u00e7\u00f5es \u00e9 correto concluir que<\/p>\n<p style=\"text-align: justify;\">(A) os t\u00e9cnicos que sabem atender ao p\u00fablico externo n\u00e3o sabem digitar.<\/p>\n<p style=\"text-align: justify;\">(B) os t\u00e9cnicos que n\u00e3o sabem atender ao p\u00fablico externo n\u00e3o sabem digitar.<\/p>\n<p style=\"text-align: justify;\">(C) qualquer pessoa que sabe digitar tamb\u00e9m sabe atender ao p\u00fablico externo.<\/p>\n<p style=\"text-align: justify;\">(D) os t\u00e9cnicos que n\u00e3o sabem atender ao p\u00fablico externo sabem digitar.<\/p>\n<p style=\"text-align: justify;\">(E) os t\u00e9cnicos que sabem digitar n\u00e3o atendem ao p\u00fablico externo.<\/p>\n<p style=\"text-align: justify;\"><strong>RESOLU\u00c7\u00c3O:<\/strong><\/p>\n<p style=\"text-align: justify;\">Considere tr\u00eas conjuntos:<\/p>\n<ul>\n<li style=\"text-align: justify;\">T\u00e9cnicos<\/li>\n<li style=\"text-align: justify;\">Pessoas que sabem digitar<\/li>\n<li style=\"text-align: justify;\">Pessoas que sabem atender<\/li>\n<\/ul>\n<p>Como todo t\u00e9cnico sabe digitar:<\/p>\n<p><img loading=\"lazy\" decoding=\"async\" class=\"aligncenter size-full wp-image-56974\" src=\"https:\/\/dhg1h5j42swfq.cloudfront.net\/2016\/12\/05211140\/DIAGRAMA1.png\" alt=\"diagrama1\" width=\"476\" height=\"307\" srcset=\"https:\/\/dhg1h5j42swfq.cloudfront.net\/2016\/12\/05211140\/DIAGRAMA1.png 476w, https:\/\/dhg1h5j42swfq.cloudfront.net\/2016\/12\/05211140\/DIAGRAMA1.png 300w, https:\/\/dhg1h5j42swfq.cloudfront.net\/2016\/12\/05211140\/DIAGRAMA1.png 465w\" sizes=\"auto, (max-width: 476px) 100vw, 476px\" \/><\/p>\n<p>E como alguns t\u00e9cnicos sabem atender e outros n\u00e3o sabem, temos:<\/p>\n<p><img loading=\"lazy\" decoding=\"async\" class=\"aligncenter size-full wp-image-56976\" src=\"https:\/\/dhg1h5j42swfq.cloudfront.net\/2016\/12\/05211348\/DIAGRAMA2.png\" alt=\"diagrama2\" width=\"599\" height=\"338\" srcset=\"https:\/\/dhg1h5j42swfq.cloudfront.net\/2016\/12\/05211348\/DIAGRAMA2.png 599w, https:\/\/dhg1h5j42swfq.cloudfront.net\/2016\/12\/05211348\/DIAGRAMA2.png 300w, https:\/\/dhg1h5j42swfq.cloudfront.net\/2016\/12\/05211348\/DIAGRAMA2.png 500w\" sizes=\"auto, (max-width: 599px) 100vw, 599px\" \/><\/p>\n<p>Veja que marquei 3 regi\u00f5es no diagrama. Na regi\u00e3o 1 temos certeza que h\u00e1 algu\u00e9m (pois existem t\u00e9cnicos que sabem atender). Na outra parte do conjunto dos t\u00e9cnicos (fora a regi\u00e3o 1) tamb\u00e9m sabemos que existem pessoas (pois existem t\u00e9cnicos que n\u00e3o sabem atender).<\/p>\n<p>Na regi\u00e3o 2 ou 3\u00a0n\u00e3o sabemos se existe ou n\u00e3o existem pessoas.<\/p>\n<p>Com isso, podemos julgar as afirma\u00e7\u00f5es:<\/p>\n<p style=\"text-align: justify;\"><em>(A) os t\u00e9cnicos que sabem atender ao p\u00fablico externo n\u00e3o sabem digitar. &#8211;&gt;\u00a0<\/em>ERRADO, pois todos os t\u00e9cnicos sabem digitar.<\/p>\n<p style=\"text-align: justify;\"><em>(B) os t\u00e9cnicos que n\u00e3o sabem atender ao p\u00fablico externo n\u00e3o sabem digitar.&#8211;&gt;\u00a0<\/em>ERRADO, todo t\u00e9cnico sabe digitar.<\/p>\n<p style=\"text-align: justify;\"><em>(C) qualquer pessoa que sabe digitar tamb\u00e9m sabe atender ao p\u00fablico externo. &#8211;&gt;\u00a0<\/em>ERRADO, h\u00e1 regi\u00f5es do conjunto vermelho (pessoas que sabem digitar) que n\u00e3o fazem parte do conjunto verde (pessoas que sabem atender).<\/p>\n<p style=\"text-align: justify;\"><em>(D) os t\u00e9cnicos que n\u00e3o sabem atender ao p\u00fablico externo sabem digitar. &#8211;&gt; <\/em>CORRETO, pois TODOS os t\u00e9cnicos sabem digitar (inclusive os que n\u00e3o sabem atender).<\/p>\n<p style=\"text-align: justify;\"><em>(E) os t\u00e9cnicos que sabem digitar n\u00e3o atendem ao p\u00fablico externo.&#8211;&gt;\u00a0<\/em>ERRADO, pois existem t\u00e9cnicos que sabem digitar e atender (na regi\u00e3o 1).<\/p>\n<p style=\"text-align: justify;\"><strong>Resposta: D<\/strong><\/p>\n<p style=\"text-align: justify;\"><strong>FCC &#8211; TRT\/20 &#8211; 2016)<\/strong> A sequ\u00eancia de n\u00fameros 1; 13; 1; 2; 13; 1; 2; 3; 13; 1; 2; . . ., foi criada com um padr\u00e3o e possui vinte termos. A soma dos termos: 20o , 15o e 13o \u00e9 um n\u00famero (A) m\u00faltiplo de 5. (B) m\u00faltiplo de 9. (C) divisor de 2. (D) m\u00faltiplo de 8. (E) divisor de 6.<\/p>\n<p style=\"text-align: justify;\"><strong>RESOLU\u00c7\u00c3O:<\/strong><\/p>\n<p style=\"text-align: justify;\">Veja a sequ\u00eancia desta forma:<\/p>\n<p style=\"text-align: justify;\">1; <span style=\"color: #ff0000;\">13<\/span>; 1; 2; <span style=\"color: #ff0000;\">13<\/span>; 1; 2; 3; <span style=\"color: #ff0000;\">13<\/span>; 1; 2; . . .<\/p>\n<p style=\"text-align: justify;\">\u00a0Veja que os n\u00fameros &#8220;13&#8221; em vermelho servem apenas como separadores. Entre eles temos a sequ\u00eancia:<\/p>\n<ul>\n<li style=\"text-align: justify;\">1<\/li>\n<li style=\"text-align: justify;\">1, 2<\/li>\n<li style=\"text-align: justify;\">1, 2, 3<\/li>\n<\/ul>\n<p>Dando continuidade a esta l\u00f3gica, teremos:<\/p>\n<p>1; <span style=\"color: #ff0000;\">13<\/span>; 1; 2; <span style=\"color: #ff0000;\">13<\/span>; 1; 2; 3; <span style=\"color: #ff0000;\">13<\/span>; 1; 2; 3; <span style=\"text-decoration: underline;\">4<\/span>; <span style=\"color: #ff0000;\">13<\/span>; <span style=\"text-decoration: underline;\">1<\/span>; 2; 3; 4; 5; <span style=\"text-decoration: underline;\"><span style=\"color: #ff0000; text-decoration: underline;\">13<\/span><\/span><\/p>\n<p>Deixei sublinhados o 13o, 15o e o 20o termos, cuja soma \u00e9 4 + 1 + 13 = 18. Este n\u00famero \u00e9 m\u00faltiplo de 9.<\/p>\n<p style=\"text-align: justify;\"><strong>Resposta: B<\/strong><\/p>\n<p style=\"text-align: center;\"><strong><span style=\"text-decoration: underline; color: #ff0000;\">ANALISTA JUDICI\u00c1RIO <\/span><\/strong><\/p>\n<p style=\"text-align: justify;\"><strong>FCC &#8211; TRT\/20 &#8211; 2016)<\/strong>\u00a0 Uma situa\u00e7\u00e3o judicial exige que o valor de R$ 810.000,00 seja repartido em tr\u00eas partes de forma que a segunda seja igual ao dobro da primeira e a ter\u00e7a parte da terceira. Feita a reparti\u00e7\u00e3o dessa maneira, a diferen\u00e7a entre a maior e a menor das tr\u00eas partes foi, em reais, de (A) 480.000,00. (B) 420.000,00. (C) 460.000,00. (D) 380.000,00. (E) 450.000,00.<\/p>\n<p style=\"text-align: justify;\"><strong>RESOLU\u00c7\u00c3O:<\/strong><\/p>\n<p style=\"text-align: justify;\">Sejam P, S e T a primeira, segunda e terceira partes. Como a segunda \u00e9 o dobro da primeira:<\/p>\n<p style=\"text-align: justify;\">S = 2P<\/p>\n<p style=\"text-align: justify;\">E como a segunda \u00e9 a ter\u00e7a parte da terceira:<\/p>\n<p style=\"text-align: justify;\">S = T\/3<\/p>\n<p style=\"text-align: justify;\">Desta \u00faltima equa\u00e7\u00e3o podemos escrever que T = 3S. E, da primeira equa\u00e7\u00e3o, podemos escrever que P = S\/2. Somando as tr\u00eas partes, temos 810.000, ou seja:<\/p>\n<p style=\"text-align: justify;\">P + S + T = 810.000<\/p>\n<p style=\"text-align: justify;\">S\/2 + S + 3S = 810.000<\/p>\n<p style=\"text-align: justify;\">S\/2 + 4S = 810.000<\/p>\n<p style=\"text-align: justify;\">9S\/2 = 810.000<\/p>\n<p style=\"text-align: justify;\">S\/2 = 90.000<\/p>\n<p style=\"text-align: justify;\">S = 180.000<\/p>\n<p style=\"text-align: justify;\">Assim,<\/p>\n<p style=\"text-align: justify;\">P = S\/2 = 180.000 \/ 2 = 90.000<\/p>\n<p style=\"text-align: justify;\">T = 3S = 3 x 180.000 = 540.000<\/p>\n<p style=\"text-align: justify;\">A diferen\u00e7a entre a maior e a menor partes \u00e9:<\/p>\n<p style=\"text-align: justify;\">540.000 &#8211; 90.000 = 450.000<\/p>\n<p style=\"text-align: justify;\"><strong>Resposta: E<\/strong><\/p>\n<p style=\"text-align: justify;\"><strong>FCC &#8211; TRT\/20 &#8211; 2016)<\/strong> Do ponto de vista da l\u00f3gica, a proposi\u00e7\u00e3o \u201cse tem OAB, ent\u00e3o \u00e9 advogado\u201d \u00e9 equivalente \u00e0 (A) tem OAB ou \u00e9 advogado. (B) se n\u00e3o tem OAB, ent\u00e3o n\u00e3o \u00e9 advogado. (C) se n\u00e3o \u00e9 advogado, ent\u00e3o n\u00e3o tem OAB. (D) \u00e9 advogado e n\u00e3o tem OAB. (E) se \u00e9 advogado, ent\u00e3o tem OAB.<\/p>\n<p style=\"text-align: justify;\"><strong>RESOLU\u00c7\u00c3O:<\/strong><\/p>\n<p style=\"text-align: justify;\">Temos a condicional p&#8211;&gt;q onde:<\/p>\n<p style=\"text-align: justify;\">p = tem OAB<\/p>\n<p style=\"text-align: justify;\">q = \u00e9 advogado<\/p>\n<p style=\"text-align: justify;\">Ela tem duas equival\u00eancias &#8220;manjadas&#8221;:<\/p>\n<p style=\"text-align: justify;\">~q&#8211;&gt;~p: \u00a0&#8220;Se N\u00c3O \u00e9 advogado, ent\u00e3o N\u00c3O tem OAB&#8221;<\/p>\n<p style=\"text-align: justify;\">~p ou q: \u00a0&#8220;N\u00c3O tem OAB OU \u00e9 advogado&#8221;<\/p>\n<p style=\"text-align: justify;\">Veja que, na alternativa C, temos uma dessas equival\u00eancias &#8220;manjadas&#8221;.<\/p>\n<p style=\"text-align: justify;\"><strong>Resposta: C<\/strong><\/p>\n<p style=\"text-align: justify;\"><strong>FCC &#8211; TRT\/20 &#8211; 2016)<\/strong>\u00a0Marina, K\u00e1tia, Carolina e Joana se sentam em uma mesa hexagonal (seis assentos), conforme indica a figura abaixo.<\/p>\n<p style=\"text-align: justify;\"><img loading=\"lazy\" decoding=\"async\" class=\"aligncenter size-full wp-image-56987\" src=\"https:\/\/dhg1h5j42swfq.cloudfront.net\/2016\/12\/05212636\/HEXAGONO.png\" alt=\"hexagono\" width=\"133\" height=\"117\" \/><\/p>\n<p style=\"text-align: justify;\">Sabe-se que Carolina se senta imediatamente \u00e0 direita de Marina e em frente \u00e0 K\u00e1tia; e que Joana n\u00e3o se senta em frente a um lugar vazio. Dessa forma, \u00e9 correto afirmar que, necessariamente, (A) K\u00e1tia se senta imediatamente ao lado de dois lugares vazios. (B) Joana se senta imediatamente ao lado de K\u00e1tia. (C) Marina se senta em frente \u00e0 K\u00e1tia. (D) Carolina se senta imediatamente ao lado de dois lugares vazios. (E) Carolina est\u00e1 t\u00e3o distante de K\u00e1tia na mesa quanto est\u00e1 de Marina.<\/p>\n<p style=\"text-align: justify;\"><strong>RESOLU\u00c7\u00c3O:<\/strong><\/p>\n<p style=\"text-align: justify;\">\u00a0Veja abaixo a mesa, onde marquei os 6 lugares com letras:<\/p>\n<p style=\"text-align: justify;\"><img loading=\"lazy\" decoding=\"async\" class=\"aligncenter size-full wp-image-56990\" src=\"https:\/\/dhg1h5j42swfq.cloudfront.net\/2016\/12\/05213611\/MESA.png\" alt=\"mesa\" width=\"241\" height=\"227\" \/><\/p>\n<p style=\"text-align: justify;\">Suponha que Marina se senta no lugar D. Isto significa que Carolina se senta no lugar C, ou seja, \u00e0 sua direita. E, como K\u00e1tia est\u00e1 em frente \u00e0 Carolina, ent\u00e3o K\u00e1tia est\u00e1 no lugar F. At\u00e9 aqui temos:<\/p>\n<p style=\"text-align: justify;\">Marina &#8211;&gt; D<\/p>\n<p style=\"text-align: justify;\">Carolina &#8211;&gt; C<\/p>\n<p style=\"text-align: justify;\">K\u00e1tia &#8211;&gt; F<\/p>\n<p style=\"text-align: justify;\">\u00a0Continuando, veja que Joana n\u00e3o se senta em frente a um lugar vazio. Note que restam os lugares A, B e E para Joana. Como B e E est\u00e3o vazios, e s\u00e3o um de frente para o outro, ent\u00e3o Joana s\u00f3 pode se sentar em A.<\/p>\n<p style=\"text-align: justify;\">Desta forma, repare que Joana se senta de frente \u00e0 Marina. Mais do que isso, Joana se senta ao lado de K\u00e1tia (assentos A e F, respectivamente).<\/p>\n<p style=\"text-align: justify;\">Veja que eu optei por assumir que Marina se sentou no lugar D para come\u00e7ar minha resolu\u00e7\u00e3o. Voc\u00ea podia ter come\u00e7ado de forma diferente, assumindo que ela se sentou em outro lugar. Bastava manter a coer\u00eancia no restante da resolu\u00e7\u00e3o e voc\u00ea acertaria tamb\u00e9m.<\/p>\n<p style=\"text-align: justify;\"><strong>Resposta: B<\/strong><\/p>\n<p style=\"text-align: justify;\"><strong>FCC &#8211; TRT\/20 &#8211; 2016)<\/strong>\u00a0Uma entidade assistencial pretende montar kits com vestimentas de inverno para distribuir em creches da cidade. Para a montagem dos kits, a entidade disp\u00f5e de 60 cobertores id\u00eanticos, 72 casacos id\u00eanticos e 108 cal\u00e7as id\u00eanticas. Se todos os kits s\u00e3o iguais e se todas as 240 vestimentas s\u00e3o utilizadas nos kits, o n\u00famero m\u00e1ximo de kits que a entidade conseguir\u00e1 montar \u00e9 igual a (A) 24. (B) 180. (C) 60. (D) 12. (E) 6.<\/p>\n<p style=\"text-align: justify;\"><strong>RESOLU\u00c7\u00c3O:<\/strong><\/p>\n<p style=\"text-align: justify;\">Precisamos achar um mesmo n\u00famero que seja capaz de dividir os 60 cobertores, os 72 casacos e as 108 cal\u00e7as sem deixar resto. Estamos falando de um divisor comum desses n\u00fameros. Como queremos o maior n\u00famero poss\u00edvel de kits, devemos buscar o M\u00c1XIMO divisor comum entre eles. Fazemos isso assim:<\/p>\n<p style=\"text-align: justify;\">DIVISOR \u00a0 \u00a0 \u00a0 \u00a0 \u00a0 \u00a0 \u00a0 \u00a060 \u00a0 \u00a0 \u00a0 \u00a0 \u00a0 \u00a0 \u00a0 72 \u00a0 \u00a0 \u00a0 \u00a0 \u00a0 \u00a0108<\/p>\n<p style=\"text-align: justify;\">2 \u00a0 \u00a0 \u00a0 \u00a0 \u00a0 \u00a0 \u00a0 \u00a0 \u00a0 \u00a0 \u00a0 \u00a0 \u00a0 \u00a0 30 \u00a0 \u00a0 \u00a0 \u00a0 \u00a0 \u00a0 \u00a0 36 \u00a0 \u00a0 \u00a0 \u00a0 \u00a0 \u00a0 \u00a054<\/p>\n<p style=\"text-align: justify;\">2 \u00a0 \u00a0 \u00a0 \u00a0 \u00a0 \u00a0 \u00a0 \u00a0 \u00a0 \u00a0 \u00a0 \u00a0 \u00a0 \u00a0 15 \u00a0 \u00a0 \u00a0 \u00a0 \u00a0 \u00a0 \u00a018 \u00a0 \u00a0 \u00a0 \u00a0 \u00a0 \u00a0 \u00a027<\/p>\n<p style=\"text-align: justify;\">3 \u00a0 \u00a0 \u00a0 \u00a0 \u00a0 \u00a0 \u00a0 \u00a0 \u00a0 \u00a0 \u00a0 \u00a0 \u00a0 \u00a0 \u00a05 \u00a0 \u00a0 \u00a0 \u00a0 \u00a0 \u00a0 \u00a0 \u00a0 6 \u00a0 \u00a0 \u00a0 \u00a0 \u00a0 \u00a0 \u00a0 9<\/p>\n<p style=\"text-align: justify;\">Como n\u00e3o h\u00e1 mais nenhum fator primo que divide 5, 6 e 9 simultaneamente, podemos parar por aqui. O MDC \u00e9 2x2x3 = 12. Este \u00e9 o total de kits.<\/p>\n<p style=\"text-align: justify;\"><strong>Resposta: D<\/strong><\/p>\n<p style=\"text-align: justify;\"><strong>FCC &#8211; TRT\/20 &#8211; 2016)<\/strong> Um comerciante resolveu incrementar as vendas em sua loja e anunciou liquida\u00e7\u00e3o de todos os produtos com desconto de 30% sobre o pre\u00e7o das etiquetas. Ocorre que, no dia anterior \u00e0 liquida\u00e7\u00e3o, o comerciante havia remarcado os pre\u00e7os das etiquetas para cima de forma que o desconto verdadeiro, durante a liquida\u00e7\u00e3o, fosse de 16% sobre o pre\u00e7o anterior ao aumento com a remarca\u00e7\u00e3o. Sendo assim, o aumento do pre\u00e7o feito na remarca\u00e7\u00e3o das etiquetas no dia anterior \u00e0 liquida\u00e7\u00e3o foi de (A) 24%. (B) 20%. (C) 21%. (D) 32%. (E) 34%<\/p>\n<p style=\"text-align: justify;\"><strong>RESOLU\u00c7\u00c3O:<\/strong><\/p>\n<p style=\"text-align: justify;\">Suponha que um produto custava 100 reais. Ele foi aumentado em p%, passando a custar 100 x (1+p%). Em seguida ele sofreu um desconto de 30%, passando a custar 100 x (1+p%) x (1 &#8211; 30%). Este pre\u00e7o final correspondeu a um desconto de 16% em rela\u00e7\u00e3o ao pre\u00e7o inicial de 100 reais, ou seja, 84 reais. Isto \u00e9:<\/p>\n<p style=\"text-align: justify;\">84 = 100 x (1+p%) x (1 &#8211; 30%)<\/p>\n<p style=\"text-align: justify;\">84 = 100 x (1+p%) x 0,70<\/p>\n<p style=\"text-align: justify;\">0,84 = (1+p%) x 0,70<\/p>\n<p style=\"text-align: justify;\">0,84 \/ 0,70 = (1+p%)<\/p>\n<p style=\"text-align: justify;\">84 \/ 70 = (1+p%)<\/p>\n<p style=\"text-align: justify;\">12 \/ 10 = 1 + p%<\/p>\n<p style=\"text-align: justify;\">1,2 = 1 + p%<\/p>\n<p style=\"text-align: justify;\">p% = 0,2 = 20%<\/p>\n<p style=\"text-align: justify;\"><strong>Resposta: B<\/strong><\/p>\n","protected":false},"excerpt":{"rendered":"<p>Caros alunos, Vejam abaixo minhas resolu\u00e7\u00f5es das quest\u00f5es de Racioc\u00ednio L\u00f3gico cobradas no concurso do TRT 20 (SE) neste \u00faltimo final de semana. Espero que voc\u00ea tenha ido t\u00e3o bem quanto esta minha aluna: T\u00c9CNICO JUDICI\u00c1RIO FCC &#8211; TRT\/20 &#8211; 2016)\u00a0Juliana consegue arquivar 16 pastas de documentos em uma hora e vinte minutos. Mantendo esse [&hellip;]<\/p>\n","protected":false},"author":48,"featured_media":40099,"comment_status":"open","ping_status":"open","sticky":false,"template":"","format":"standard","meta":{"post_tipo":"article","footnotes":""},"categories":[1],"tags":[],"tax_estado":[],"class_list":["post-56967","post","type-post","status-publish","format-standard","has-post-thumbnail","hentry","category-cursos-e-concursos"],"acf":[],"yoast_head":"<!-- This site is optimized with the Yoast SEO Premium plugin v27.2 (Yoast SEO v27.2) - https:\/\/yoast.com\/product\/yoast-seo-premium-wordpress\/ -->\n<title>Racioc\u00ednio L\u00f3gico TRT 20 FCC - provas resolvidas<\/title>\n<meta name=\"robots\" content=\"index, follow, max-snippet:-1, max-image-preview:large, max-video-preview:-1\" \/>\n<link rel=\"canonical\" href=\"https:\/\/www.estrategiaconcursos.com.br\/blog\/raciocinio-logico-trt-20-fcc-provas-resolvidas\/\" \/>\n<meta property=\"og:locale\" content=\"pt_BR\" \/>\n<meta property=\"og:type\" content=\"article\" \/>\n<meta property=\"og:title\" content=\"Racioc\u00ednio L\u00f3gico TRT 20 FCC - provas resolvidas\" \/>\n<meta property=\"og:description\" content=\"Caros alunos, Vejam abaixo minhas resolu\u00e7\u00f5es das quest\u00f5es de Racioc\u00ednio L\u00f3gico cobradas no concurso do TRT 20 (SE) neste \u00faltimo final de semana. Espero que voc\u00ea tenha ido t\u00e3o bem quanto esta minha aluna: T\u00c9CNICO JUDICI\u00c1RIO FCC &#8211; TRT\/20 &#8211; 2016)\u00a0Juliana consegue arquivar 16 pastas de documentos em uma hora e vinte minutos. Mantendo esse [&hellip;]\" \/>\n<meta property=\"og:url\" content=\"https:\/\/www.estrategiaconcursos.com.br\/blog\/raciocinio-logico-trt-20-fcc-provas-resolvidas\/\" \/>\n<meta property=\"og:site_name\" content=\"Estrat\u00e9gia Concursos\" \/>\n<meta property=\"article:published_time\" content=\"2016-12-06T00:47:45+00:00\" \/>\n<meta property=\"article:modified_time\" content=\"2018-09-27T20:41:04+00:00\" \/>\n<meta property=\"og:image\" content=\"https:\/\/dhg1h5j42swfq.cloudfront.net\/2016\/05\/30002636\/gabarito.jpeg\" \/>\n\t<meta property=\"og:image:width\" content=\"1620\" \/>\n\t<meta property=\"og:image:height\" content=\"1080\" \/>\n\t<meta property=\"og:image:type\" content=\"image\/jpeg\" \/>\n<meta name=\"author\" content=\"Coordena\u00e7\u00e3o\" \/>\n<meta name=\"twitter:card\" content=\"summary_large_image\" \/>\n<meta name=\"twitter:creator\" content=\"@EstratConcursos\" \/>\n<meta name=\"twitter:site\" content=\"@EstratConcursos\" \/>\n<meta name=\"twitter:label1\" content=\"Escrito por\" \/>\n\t<meta name=\"twitter:data1\" content=\"Coordena\u00e7\u00e3o\" \/>\n\t<meta name=\"twitter:label2\" content=\"Est. tempo de leitura\" \/>\n\t<meta name=\"twitter:data2\" content=\"9 minutos\" \/>\n<script type=\"application\/ld+json\" class=\"yoast-schema-graph\">{\"@context\":\"https:\/\/schema.org\",\"@graph\":[{\"@type\":\"NewsArticle\",\"@id\":\"https:\/\/www.estrategiaconcursos.com.br\/blog\/raciocinio-logico-trt-20-fcc-provas-resolvidas\/#article\",\"isPartOf\":{\"@id\":\"https:\/\/www.estrategiaconcursos.com.br\/blog\/raciocinio-logico-trt-20-fcc-provas-resolvidas\/\"},\"author\":{\"name\":\"Coordena\u00e7\u00e3o\",\"@id\":\"https:\/\/www.estrategiaconcursos.com.br\/blog\/#\/schema\/person\/cdad40b5818eb228a838461fcd656da7\"},\"headline\":\"Racioc\u00ednio L\u00f3gico TRT 20 FCC &#8211; provas resolvidas\",\"datePublished\":\"2016-12-06T00:47:45+00:00\",\"dateModified\":\"2018-09-27T20:41:04+00:00\",\"mainEntityOfPage\":{\"@id\":\"https:\/\/www.estrategiaconcursos.com.br\/blog\/raciocinio-logico-trt-20-fcc-provas-resolvidas\/\"},\"wordCount\":1784,\"commentCount\":4,\"publisher\":{\"@id\":\"https:\/\/www.estrategiaconcursos.com.br\/blog\/#organization\"},\"image\":{\"@id\":\"https:\/\/www.estrategiaconcursos.com.br\/blog\/raciocinio-logico-trt-20-fcc-provas-resolvidas\/#primaryimage\"},\"thumbnailUrl\":\"https:\/\/dhg1h5j42swfq.cloudfront.net\/2016\/05\/30002636\/gabarito.jpeg\",\"articleSection\":[\"Concursos P\u00fablicos\"],\"inLanguage\":\"pt-BR\",\"potentialAction\":[{\"@type\":\"CommentAction\",\"name\":\"Comment\",\"target\":[\"https:\/\/www.estrategiaconcursos.com.br\/blog\/raciocinio-logico-trt-20-fcc-provas-resolvidas\/#respond\"]}],\"copyrightYear\":\"2016\",\"copyrightHolder\":{\"@id\":\"https:\/\/www.estrategiaconcursos.com.br\/blog\/#organization\"}},{\"@type\":\"WebPage\",\"@id\":\"https:\/\/www.estrategiaconcursos.com.br\/blog\/raciocinio-logico-trt-20-fcc-provas-resolvidas\/\",\"url\":\"https:\/\/www.estrategiaconcursos.com.br\/blog\/raciocinio-logico-trt-20-fcc-provas-resolvidas\/\",\"name\":\"Racioc\u00ednio L\u00f3gico TRT 20 FCC - provas resolvidas\",\"isPartOf\":{\"@id\":\"https:\/\/www.estrategiaconcursos.com.br\/blog\/#website\"},\"primaryImageOfPage\":{\"@id\":\"https:\/\/www.estrategiaconcursos.com.br\/blog\/raciocinio-logico-trt-20-fcc-provas-resolvidas\/#primaryimage\"},\"image\":{\"@id\":\"https:\/\/www.estrategiaconcursos.com.br\/blog\/raciocinio-logico-trt-20-fcc-provas-resolvidas\/#primaryimage\"},\"thumbnailUrl\":\"https:\/\/dhg1h5j42swfq.cloudfront.net\/2016\/05\/30002636\/gabarito.jpeg\",\"datePublished\":\"2016-12-06T00:47:45+00:00\",\"dateModified\":\"2018-09-27T20:41:04+00:00\",\"breadcrumb\":{\"@id\":\"https:\/\/www.estrategiaconcursos.com.br\/blog\/raciocinio-logico-trt-20-fcc-provas-resolvidas\/#breadcrumb\"},\"inLanguage\":\"pt-BR\",\"potentialAction\":[{\"@type\":\"ReadAction\",\"target\":[\"https:\/\/www.estrategiaconcursos.com.br\/blog\/raciocinio-logico-trt-20-fcc-provas-resolvidas\/\"]}]},{\"@type\":\"ImageObject\",\"inLanguage\":\"pt-BR\",\"@id\":\"https:\/\/www.estrategiaconcursos.com.br\/blog\/raciocinio-logico-trt-20-fcc-provas-resolvidas\/#primaryimage\",\"url\":\"https:\/\/dhg1h5j42swfq.cloudfront.net\/2016\/05\/30002636\/gabarito.jpeg\",\"contentUrl\":\"https:\/\/dhg1h5j42swfq.cloudfront.net\/2016\/05\/30002636\/gabarito.jpeg\",\"width\":1620,\"height\":1080,\"caption\":\"concurso publico: na imagem, uma m\u00e3o de uma pessoa preenchendo uma folha de gabarito\"},{\"@type\":\"BreadcrumbList\",\"@id\":\"https:\/\/www.estrategiaconcursos.com.br\/blog\/raciocinio-logico-trt-20-fcc-provas-resolvidas\/#breadcrumb\",\"itemListElement\":[{\"@type\":\"ListItem\",\"position\":1,\"name\":\"In\u00edcio\",\"item\":\"https:\/\/www.estrategiaconcursos.com.br\/blog\/\"},{\"@type\":\"ListItem\",\"position\":2,\"name\":\"Racioc\u00ednio L\u00f3gico TRT 20 FCC &#8211; provas resolvidas\"}]},{\"@type\":\"WebSite\",\"@id\":\"https:\/\/www.estrategiaconcursos.com.br\/blog\/#website\",\"url\":\"https:\/\/www.estrategiaconcursos.com.br\/blog\/\",\"name\":\"Estrat\u00e9gia Concursos\",\"description\":\"O blog da Estrat\u00e9gia Concursos traz not\u00edcias sobre concursos e artigos de professores oferecendo cursos para concursos (pdf + videaulas) no site.\",\"publisher\":{\"@id\":\"https:\/\/www.estrategiaconcursos.com.br\/blog\/#organization\"},\"potentialAction\":[{\"@type\":\"SearchAction\",\"target\":{\"@type\":\"EntryPoint\",\"urlTemplate\":\"https:\/\/www.estrategiaconcursos.com.br\/blog\/?s={search_term_string}\"},\"query-input\":{\"@type\":\"PropertyValueSpecification\",\"valueRequired\":true,\"valueName\":\"search_term_string\"}}],\"inLanguage\":\"pt-BR\"},{\"@type\":\"Organization\",\"@id\":\"https:\/\/www.estrategiaconcursos.com.br\/blog\/#organization\",\"name\":\"Estrat\u00e9gia Concursos\",\"url\":\"https:\/\/www.estrategiaconcursos.com.br\/blog\/\",\"logo\":{\"@type\":\"ImageObject\",\"inLanguage\":\"pt-BR\",\"@id\":\"https:\/\/www.estrategiaconcursos.com.br\/blog\/#\/schema\/logo\/image\/\",\"url\":\"https:\/\/dhg1h5j42swfq.cloudfront.net\/2025\/06\/03203428\/logo_concursos-1.jpg\",\"contentUrl\":\"https:\/\/dhg1h5j42swfq.cloudfront.net\/2025\/06\/03203428\/logo_concursos-1.jpg\",\"width\":230,\"height\":60,\"caption\":\"Estrat\u00e9gia Concursos\"},\"image\":{\"@id\":\"https:\/\/www.estrategiaconcursos.com.br\/blog\/#\/schema\/logo\/image\/\"},\"sameAs\":[\"https:\/\/x.com\/EstratConcursos\"]},{\"@type\":\"Person\",\"@id\":\"https:\/\/www.estrategiaconcursos.com.br\/blog\/#\/schema\/person\/cdad40b5818eb228a838461fcd656da7\",\"name\":\"Coordena\u00e7\u00e3o\",\"image\":{\"@type\":\"ImageObject\",\"inLanguage\":\"pt-BR\",\"@id\":\"https:\/\/secure.gravatar.com\/avatar\/a413b22da0f5009c634f6c4586a2dbe5207074fd5becd88db5183b8069ef25e4?s=96&d=mm&r=g\",\"url\":\"https:\/\/secure.gravatar.com\/avatar\/a413b22da0f5009c634f6c4586a2dbe5207074fd5becd88db5183b8069ef25e4?s=96&d=mm&r=g\",\"contentUrl\":\"https:\/\/secure.gravatar.com\/avatar\/a413b22da0f5009c634f6c4586a2dbe5207074fd5becd88db5183b8069ef25e4?s=96&d=mm&r=g\",\"caption\":\"Coordena\u00e7\u00e3o\"},\"url\":\"https:\/\/www.estrategiaconcursos.com.br\/blog\/author\/contatoestrategiaconcursos-com-br\/\"}]}<\/script>\n<!-- \/ Yoast SEO Premium plugin. -->","yoast_head_json":{"title":"Racioc\u00ednio L\u00f3gico TRT 20 FCC - provas resolvidas","robots":{"index":"index","follow":"follow","max-snippet":"max-snippet:-1","max-image-preview":"max-image-preview:large","max-video-preview":"max-video-preview:-1"},"canonical":"https:\/\/www.estrategiaconcursos.com.br\/blog\/raciocinio-logico-trt-20-fcc-provas-resolvidas\/","og_locale":"pt_BR","og_type":"article","og_title":"Racioc\u00ednio L\u00f3gico TRT 20 FCC - provas resolvidas","og_description":"Caros alunos, Vejam abaixo minhas resolu\u00e7\u00f5es das quest\u00f5es de Racioc\u00ednio L\u00f3gico cobradas no concurso do TRT 20 (SE) neste \u00faltimo final de semana. Espero que voc\u00ea tenha ido t\u00e3o bem quanto esta minha aluna: T\u00c9CNICO JUDICI\u00c1RIO FCC &#8211; TRT\/20 &#8211; 2016)\u00a0Juliana consegue arquivar 16 pastas de documentos em uma hora e vinte minutos. Mantendo esse [&hellip;]","og_url":"https:\/\/www.estrategiaconcursos.com.br\/blog\/raciocinio-logico-trt-20-fcc-provas-resolvidas\/","og_site_name":"Estrat\u00e9gia Concursos","article_published_time":"2016-12-06T00:47:45+00:00","article_modified_time":"2018-09-27T20:41:04+00:00","og_image":[{"width":1620,"height":1080,"url":"https:\/\/dhg1h5j42swfq.cloudfront.net\/2016\/05\/30002636\/gabarito.jpeg","type":"image\/jpeg"}],"author":"Coordena\u00e7\u00e3o","twitter_card":"summary_large_image","twitter_creator":"@EstratConcursos","twitter_site":"@EstratConcursos","twitter_misc":{"Escrito por":"Coordena\u00e7\u00e3o","Est. tempo de leitura":"9 minutos"},"schema":{"@context":"https:\/\/schema.org","@graph":[{"@type":"NewsArticle","@id":"https:\/\/www.estrategiaconcursos.com.br\/blog\/raciocinio-logico-trt-20-fcc-provas-resolvidas\/#article","isPartOf":{"@id":"https:\/\/www.estrategiaconcursos.com.br\/blog\/raciocinio-logico-trt-20-fcc-provas-resolvidas\/"},"author":{"name":"Coordena\u00e7\u00e3o","@id":"https:\/\/www.estrategiaconcursos.com.br\/blog\/#\/schema\/person\/cdad40b5818eb228a838461fcd656da7"},"headline":"Racioc\u00ednio L\u00f3gico TRT 20 FCC &#8211; provas resolvidas","datePublished":"2016-12-06T00:47:45+00:00","dateModified":"2018-09-27T20:41:04+00:00","mainEntityOfPage":{"@id":"https:\/\/www.estrategiaconcursos.com.br\/blog\/raciocinio-logico-trt-20-fcc-provas-resolvidas\/"},"wordCount":1784,"commentCount":4,"publisher":{"@id":"https:\/\/www.estrategiaconcursos.com.br\/blog\/#organization"},"image":{"@id":"https:\/\/www.estrategiaconcursos.com.br\/blog\/raciocinio-logico-trt-20-fcc-provas-resolvidas\/#primaryimage"},"thumbnailUrl":"https:\/\/dhg1h5j42swfq.cloudfront.net\/2016\/05\/30002636\/gabarito.jpeg","articleSection":["Concursos P\u00fablicos"],"inLanguage":"pt-BR","potentialAction":[{"@type":"CommentAction","name":"Comment","target":["https:\/\/www.estrategiaconcursos.com.br\/blog\/raciocinio-logico-trt-20-fcc-provas-resolvidas\/#respond"]}],"copyrightYear":"2016","copyrightHolder":{"@id":"https:\/\/www.estrategiaconcursos.com.br\/blog\/#organization"}},{"@type":"WebPage","@id":"https:\/\/www.estrategiaconcursos.com.br\/blog\/raciocinio-logico-trt-20-fcc-provas-resolvidas\/","url":"https:\/\/www.estrategiaconcursos.com.br\/blog\/raciocinio-logico-trt-20-fcc-provas-resolvidas\/","name":"Racioc\u00ednio L\u00f3gico TRT 20 FCC - provas resolvidas","isPartOf":{"@id":"https:\/\/www.estrategiaconcursos.com.br\/blog\/#website"},"primaryImageOfPage":{"@id":"https:\/\/www.estrategiaconcursos.com.br\/blog\/raciocinio-logico-trt-20-fcc-provas-resolvidas\/#primaryimage"},"image":{"@id":"https:\/\/www.estrategiaconcursos.com.br\/blog\/raciocinio-logico-trt-20-fcc-provas-resolvidas\/#primaryimage"},"thumbnailUrl":"https:\/\/dhg1h5j42swfq.cloudfront.net\/2016\/05\/30002636\/gabarito.jpeg","datePublished":"2016-12-06T00:47:45+00:00","dateModified":"2018-09-27T20:41:04+00:00","breadcrumb":{"@id":"https:\/\/www.estrategiaconcursos.com.br\/blog\/raciocinio-logico-trt-20-fcc-provas-resolvidas\/#breadcrumb"},"inLanguage":"pt-BR","potentialAction":[{"@type":"ReadAction","target":["https:\/\/www.estrategiaconcursos.com.br\/blog\/raciocinio-logico-trt-20-fcc-provas-resolvidas\/"]}]},{"@type":"ImageObject","inLanguage":"pt-BR","@id":"https:\/\/www.estrategiaconcursos.com.br\/blog\/raciocinio-logico-trt-20-fcc-provas-resolvidas\/#primaryimage","url":"https:\/\/dhg1h5j42swfq.cloudfront.net\/2016\/05\/30002636\/gabarito.jpeg","contentUrl":"https:\/\/dhg1h5j42swfq.cloudfront.net\/2016\/05\/30002636\/gabarito.jpeg","width":1620,"height":1080,"caption":"concurso publico: na imagem, uma m\u00e3o de uma pessoa preenchendo uma folha de gabarito"},{"@type":"BreadcrumbList","@id":"https:\/\/www.estrategiaconcursos.com.br\/blog\/raciocinio-logico-trt-20-fcc-provas-resolvidas\/#breadcrumb","itemListElement":[{"@type":"ListItem","position":1,"name":"In\u00edcio","item":"https:\/\/www.estrategiaconcursos.com.br\/blog\/"},{"@type":"ListItem","position":2,"name":"Racioc\u00ednio L\u00f3gico TRT 20 FCC &#8211; provas resolvidas"}]},{"@type":"WebSite","@id":"https:\/\/www.estrategiaconcursos.com.br\/blog\/#website","url":"https:\/\/www.estrategiaconcursos.com.br\/blog\/","name":"Estrat\u00e9gia Concursos","description":"O blog da Estrat\u00e9gia Concursos traz not\u00edcias sobre concursos e artigos de professores oferecendo cursos para concursos (pdf + videaulas) no site.","publisher":{"@id":"https:\/\/www.estrategiaconcursos.com.br\/blog\/#organization"},"potentialAction":[{"@type":"SearchAction","target":{"@type":"EntryPoint","urlTemplate":"https:\/\/www.estrategiaconcursos.com.br\/blog\/?s={search_term_string}"},"query-input":{"@type":"PropertyValueSpecification","valueRequired":true,"valueName":"search_term_string"}}],"inLanguage":"pt-BR"},{"@type":"Organization","@id":"https:\/\/www.estrategiaconcursos.com.br\/blog\/#organization","name":"Estrat\u00e9gia Concursos","url":"https:\/\/www.estrategiaconcursos.com.br\/blog\/","logo":{"@type":"ImageObject","inLanguage":"pt-BR","@id":"https:\/\/www.estrategiaconcursos.com.br\/blog\/#\/schema\/logo\/image\/","url":"https:\/\/dhg1h5j42swfq.cloudfront.net\/2025\/06\/03203428\/logo_concursos-1.jpg","contentUrl":"https:\/\/dhg1h5j42swfq.cloudfront.net\/2025\/06\/03203428\/logo_concursos-1.jpg","width":230,"height":60,"caption":"Estrat\u00e9gia Concursos"},"image":{"@id":"https:\/\/www.estrategiaconcursos.com.br\/blog\/#\/schema\/logo\/image\/"},"sameAs":["https:\/\/x.com\/EstratConcursos"]},{"@type":"Person","@id":"https:\/\/www.estrategiaconcursos.com.br\/blog\/#\/schema\/person\/cdad40b5818eb228a838461fcd656da7","name":"Coordena\u00e7\u00e3o","image":{"@type":"ImageObject","inLanguage":"pt-BR","@id":"https:\/\/secure.gravatar.com\/avatar\/a413b22da0f5009c634f6c4586a2dbe5207074fd5becd88db5183b8069ef25e4?s=96&d=mm&r=g","url":"https:\/\/secure.gravatar.com\/avatar\/a413b22da0f5009c634f6c4586a2dbe5207074fd5becd88db5183b8069ef25e4?s=96&d=mm&r=g","contentUrl":"https:\/\/secure.gravatar.com\/avatar\/a413b22da0f5009c634f6c4586a2dbe5207074fd5becd88db5183b8069ef25e4?s=96&d=mm&r=g","caption":"Coordena\u00e7\u00e3o"},"url":"https:\/\/www.estrategiaconcursos.com.br\/blog\/author\/contatoestrategiaconcursos-com-br\/"}]}},"_links":{"self":[{"href":"https:\/\/www.estrategiaconcursos.com.br\/blog\/wp-json\/wp\/v2\/posts\/56967","targetHints":{"allow":["GET"]}}],"collection":[{"href":"https:\/\/www.estrategiaconcursos.com.br\/blog\/wp-json\/wp\/v2\/posts"}],"about":[{"href":"https:\/\/www.estrategiaconcursos.com.br\/blog\/wp-json\/wp\/v2\/types\/post"}],"author":[{"embeddable":true,"href":"https:\/\/www.estrategiaconcursos.com.br\/blog\/wp-json\/wp\/v2\/users\/48"}],"replies":[{"embeddable":true,"href":"https:\/\/www.estrategiaconcursos.com.br\/blog\/wp-json\/wp\/v2\/comments?post=56967"}],"version-history":[{"count":4,"href":"https:\/\/www.estrategiaconcursos.com.br\/blog\/wp-json\/wp\/v2\/posts\/56967\/revisions"}],"predecessor-version":[{"id":143807,"href":"https:\/\/www.estrategiaconcursos.com.br\/blog\/wp-json\/wp\/v2\/posts\/56967\/revisions\/143807"}],"wp:featuredmedia":[{"embeddable":true,"href":"https:\/\/www.estrategiaconcursos.com.br\/blog\/wp-json\/wp\/v2\/media\/40099"}],"wp:attachment":[{"href":"https:\/\/www.estrategiaconcursos.com.br\/blog\/wp-json\/wp\/v2\/media?parent=56967"}],"wp:term":[{"taxonomy":"category","embeddable":true,"href":"https:\/\/www.estrategiaconcursos.com.br\/blog\/wp-json\/wp\/v2\/categories?post=56967"},{"taxonomy":"post_tag","embeddable":true,"href":"https:\/\/www.estrategiaconcursos.com.br\/blog\/wp-json\/wp\/v2\/tags?post=56967"},{"taxonomy":"tax_estado","embeddable":true,"href":"https:\/\/www.estrategiaconcursos.com.br\/blog\/wp-json\/wp\/v2\/tax_estado?post=56967"}],"curies":[{"name":"wp","href":"https:\/\/api.w.org\/{rel}","templated":true}]}}