{"id":569619,"date":"2020-09-09T17:58:00","date_gmt":"2020-09-09T20:58:00","guid":{"rendered":"https:\/\/www.estrategiaconcursos.com.br\/blog\/?p=569619"},"modified":"2023-08-23T10:48:09","modified_gmt":"2023-08-23T13:48:09","slug":"trafico-privilegiado-stj-hc-coletivo","status":"publish","type":"post","link":"https:\/\/www.estrategiaconcursos.com.br\/blog\/trafico-privilegiado-stj-hc-coletivo\/","title":{"rendered":"Tr\u00e1fico Privilegiado &#8211; STJ Concede HC Coletivo a mais de 1.000 Presos"},"content":{"rendered":"\n<p>Nesta quarta-feira, 09 de setembro, \u00e0s 19 horas, os professores Fl\u00e1vio Milhomem e L\u00facia Reinert apresentam o evento <em>Tr\u00e1fico Privilegiado &#8211; STJ Concede HC Coletivo a mais de 1.000 Presos<\/em>. Acompanhe ao vivo e gratuitamente pelo Canal do Estrat\u00e9gia Carreira Jur\u00eddica no Youtube. <\/p>\n\n\n\n<h4 class=\"wp-block-heading\" id=\"h-trafico-privilegiado-stj-cronograma\"><strong style=\"\"><\/strong><strong style=\"\"><i>Tr\u00e1fico Privilegiado &#8211; STJ<\/i><\/strong> &#8211; <em>Cronograma<\/em> <\/h4>\n\n\n\n<p>Data: 09 de setembro de 2020 <br \/>Hor\u00e1rio: 19:00<br \/>Onde: <a rel=\"noreferrer noopener\" href=\"https:\/\/www.youtube.com\/channel\/UClbMGuYbj2Mh1m3w144ETWQ\" target=\"_blank\">Canal do Estrat\u00e9gia Carreira Jur\u00eddica no Youtube<\/a><br \/>Professor: Fl\u00e1vio Milhomem e L\u00facia Reinert<\/p>\n\n\n\n<h4 class=\"wp-block-heading\" id=\"h-trafico-privilegiado-stj-evento-ao-vivo\"><em><strong><em>Tr\u00e1fico Privilegiado &#8211; STJ<\/em><\/strong><\/em> &#8211; <em><strong>Evento ao vivo<\/strong><\/em><\/h4>\n\n\n<figure class=\"wp-block-embed-youtube wp-block-embed is-type-video is-provider-youtube wp-embed-aspect-16-9 wp-has-aspect-ratio\"><div class=\"lyte-wrapper\" style=\"width:853px;max-width:100%;margin:5px;\"><div class=\"lyMe\" id=\"WYL_AbttUuutjfw\"><div id=\"lyte_AbttUuutjfw\" data-src=\"\/\/i.ytimg.com\/vi\/AbttUuutjfw\/hqdefault.jpg\" class=\"pL\"><div class=\"tC\"><div class=\"tT\"><\/div><\/div><div class=\"play\"><\/div><div class=\"ctrl\"><div class=\"Lctrl\"><\/div><div class=\"Rctrl\"><\/div><\/div><\/div><noscript><a href=\"https:\/\/youtu.be\/AbttUuutjfw\" rel=\"nofollow\"><img loading=\"lazy\" decoding=\"async\" src=\"https:\/\/i.ytimg.com\/vi\/AbttUuutjfw\/0.jpg\" alt=\"YouTube video thumbnail\" width=\"853\" height=\"460\" \/><br \/>Assista a este v\u00eddeo no YouTube<\/a><\/noscript><\/div><\/div><div class=\"lL\" style=\"max-width:100%;width:853px;margin:5px;\"><\/div><figcaption><\/figcaption><\/figure>\n\n\n<h4 class=\"wp-block-heading\" id=\"h-trafico-privilegiado-stj-curiosidades\"><em><strong><em>Tr\u00e1fico Privilegiado &#8211; STJ<\/em><\/strong><\/em> &#8211; <em>Curiosidades<\/em><\/h4>\n\n\n\n<p>Na \u00faltima ter\u00e7a-feira, 08 de setembro, a Sexta Turma do Superior Tribunal de Justi\u00e7a (STJ) concedeu, por unanimidade, um habeas corpus coletivo, fixando o regime aberto a mais de 1.000 pessoas condenadas por tr\u00e1fico privilegiado, com pena de um ano e oito meses.<\/p>\n\n\n\n<p>A decis\u00e3o se deu diante do reiterado descumprimento da jurisprud\u00eancia do Supremo Tribunal Federal (STF) e do Superior Tribunal de Justi\u00e7a (STJ) pelo Tribunal de Justi\u00e7a de S\u00e3o Paulo (TJSP), que aplicava o regime fechado a cerca de 1100 presos (1.018 homens e 82 mulheres) nessas situa\u00e7\u00f5es, n\u00e3o lhes autorizando o regime aberto nem a substitui\u00e7\u00e3o da pena. <\/p>\n\n\n\n<p>Contudo, segundo uma antiga e consolidada interpreta\u00e7\u00e3o do STF, o <strong>tr\u00e1fico de drogas na modalidade privilegiada <\/strong>(art. 33, \u00a74\u00ba da Lei 11.343\/2006), qual seja aquele cuja quantidade de drogas apreendida n\u00e3o \u00e9 elevada, o agente \u00e9 prim\u00e1rio, tem bons antecedentes e n\u00e3o se dedica a delitos nem integra organiza\u00e7\u00e3o criminosa, <strong>n\u00e3o \u00e9 crime hediondo<\/strong>. <\/p>\n\n\n\n<p>Nessas situa\u00e7\u00f5es, inclusive, a pena pode ser reduzida em at\u00e9 dois ter\u00e7os, chegando ao m\u00ednimo legal de um ano e oito meses, autorizando, portanto, a <strong>fixa\u00e7\u00e3o do regime aberto<\/strong> (artigo 33, \u00a72\u00ba, al\u00ednea <em>c<\/em> do C\u00f3digo Penal).  <\/p>\n\n\n\n<p>Al\u00e9m disso, o afastamento da hediondez do delito <strong>impede a pris\u00e3o preventiva sem a an\u00e1lise concreta dos requisitos do artigo 312 do C\u00f3digo de Processo Penal <\/strong>e permite a <strong>substitui\u00e7\u00e3o da pena privativa de liberdade por restritivas de direitos<\/strong>.<\/p>\n\n\n\n<p>Para al\u00e9m de salvaguardar aqueles que j\u00e1 cumprem pena, a medida tamb\u00e9m foi adotada em car\u00e1ter preventivo, a fim de impedir que a Justi\u00e7a do Estado aplique o regime fechado a novos condenados nessas situa\u00e7\u00f5es.\u200b <\/p>\n\n\n\n<p>Se voc\u00ea quer entender melhor os impactos e consequ\u00eancias da decis\u00e3o e como ela pode ser cobrada nos concursos p\u00fablicos, n\u00e3o deixe de acompanhar o evento de hoje! <\/p>\n\n\n\n<h2 class=\"wp-block-heading has-text-align-center\" id=\"h-quer-estudar-para-concursos-juridicos\"><em>Quer estudar para concursos jur\u00eddicos<\/em>?<\/h2>\n\n\n\n<p class=\"has-text-align-center has-luminous-vivid-amber-background-color has-background\"><em><strong><a href=\"https:\/\/www.estrategiaconcursos.com.br\/cursosPorConcurso\/assinaturas-carreira-juridica\/\" target=\"_blank\" rel=\"noreferrer noopener\">CURSOS PARA CONCURSOS<\/a><\/strong><\/em><\/p>\n\n\n\n<p class=\"has-text-align-center\"><strong><em><strong>Sistema de Quest\u00f5es<\/strong><\/em><\/strong> <em><strong>&#8211; Tr\u00e1fico privilegiado<\/strong><\/em><\/p>\n\n\n\n<p class=\"has-text-align-center\">Estrat\u00e9gia Quest\u00f5es nasceu maior do que todos os concorrentes, com mais quest\u00f5es cadastradas e mais solu\u00e7\u00f5es por professores. Clique no link e aproveite os descontos e b\u00f4nus imperd\u00edveis!<\/p>\n\n\n\n<p class=\"has-text-align-center has-vivid-green-cyan-background-color has-background\"><strong>ASSINE AGORA \u2013&nbsp;<a href=\"https:\/\/www.estrategiaconcursos.com.br\/cursosPorConcurso\/sistema-de-questoes\/#\/\" target=\"_blank\" rel=\"noreferrer noopener\">Sistema de Quest\u00f5es<\/a><\/strong><\/p>\n\n\n\n<p class=\"has-text-align-center\"><em><strong>Fique por dentro de todos os concursos<\/strong><\/em> <em><strong>dos concursos com editais publicados e tamb\u00e9m dos concursos que ainda v\u00e3o publicar editais:<\/strong><\/em><\/p>\n\n\n\n<p class=\"has-text-align-center has-pale-cyan-blue-background-color has-background\"><a href=\"https:\/\/www.estrategiaconcursos.com.br\/blog\/concursos-abertos\/\" target=\"_blank\" rel=\"noreferrer noopener\"><strong>Concursos abertos<\/strong><\/a><\/p>\n\n\n\n<p class=\"has-text-align-center has-pale-cyan-blue-background-color has-background\"><a href=\"https:\/\/www.estrategiaconcursos.com.br\/blog\/concursos-de-direito\" target=\"_blank\" rel=\"noreferrer noopener\"><strong>Concursos de Dir<\/strong><\/a><strong><a href=\"https:\/\/www.estrategiaconcursos.com.br\/blog\/concursos-de-direito\" target=\"_blank\" rel=\"noreferrer noopener\">eito<\/a><\/strong><\/p>\n","protected":false},"excerpt":{"rendered":"<p>Nesta quarta-feira, 09 de setembro, \u00e0s 19 horas, os professores Fl\u00e1vio Milhomem e L\u00facia Reinert apresentam o evento Tr\u00e1fico Privilegiado &#8211; STJ Concede HC Coletivo a mais de 1.000 Presos. Acompanhe ao vivo e gratuitamente pelo Canal do Estrat\u00e9gia Carreira Jur\u00eddica no Youtube. Tr\u00e1fico Privilegiado &#8211; STJ &#8211; Cronograma Data: 09 de setembro de 2020 [&hellip;]<\/p>\n","protected":false},"author":180,"featured_media":569656,"comment_status":"open","ping_status":"closed","sticky":false,"template":"","format":"standard","meta":{"post_tipo":"article","footnotes":""},"categories":[1],"tags":[],"tax_estado":[],"class_list":["post-569619","post","type-post","status-publish","format-standard","has-post-thumbnail","hentry","category-cursos-e-concursos"],"acf":[],"yoast_head":"<!-- This site is optimized with the Yoast SEO Premium plugin v27.2 (Yoast SEO v27.2) - https:\/\/yoast.com\/product\/yoast-seo-premium-wordpress\/ -->\n<title>Tr\u00e1fico Privilegiado - STJ Concede HC Coletivo a mais de 1.000 Presos<\/title>\n<meta name=\"description\" content=\"Nesta quinta-feira falaremos sobre a recente decis\u00e3o do STJ que concedeu HC coletivo a mais de 1.000 presos condenados por tr\u00e1fico privilegiado. N\u00e3o perca!\" \/>\n<meta name=\"robots\" content=\"index, follow, max-snippet:-1, max-image-preview:large, max-video-preview:-1\" \/>\n<link rel=\"canonical\" href=\"https:\/\/www.estrategiaconcursos.com.br\/blog\/trafico-privilegiado-stj-hc-coletivo\/\" \/>\n<meta property=\"og:locale\" content=\"pt_BR\" \/>\n<meta property=\"og:type\" content=\"article\" \/>\n<meta property=\"og:title\" content=\"Tr\u00e1fico Privilegiado - STJ Concede HC Coletivo a mais de 1.000 Presos\" \/>\n<meta property=\"og:description\" content=\"Nesta quinta-feira falaremos sobre a recente decis\u00e3o do STJ que concedeu HC coletivo a mais de 1.000 presos condenados por tr\u00e1fico privilegiado. N\u00e3o perca!\" \/>\n<meta property=\"og:url\" content=\"https:\/\/www.estrategiaconcursos.com.br\/blog\/trafico-privilegiado-stj-hc-coletivo\/\" \/>\n<meta property=\"og:site_name\" content=\"Estrat\u00e9gia Concursos\" \/>\n<meta property=\"article:author\" content=\"https:\/\/www.facebook.com\/ricardo.s.torques\" \/>\n<meta property=\"article:published_time\" content=\"2020-09-09T20:58:00+00:00\" \/>\n<meta property=\"article:modified_time\" content=\"2023-08-23T13:48:09+00:00\" \/>\n<meta property=\"og:image\" content=\"https:\/\/dhg1h5j42swfq.cloudfront.net\/2020\/09\/09151014\/YTB_Juridica.jpg\" \/>\n\t<meta property=\"og:image:width\" content=\"1280\" \/>\n\t<meta property=\"og:image:height\" content=\"720\" \/>\n\t<meta property=\"og:image:type\" content=\"image\/jpeg\" \/>\n<meta name=\"author\" content=\"Ricardo Torques\" \/>\n<meta name=\"twitter:card\" content=\"summary_large_image\" \/>\n<meta name=\"twitter:creator\" content=\"@EstratConcursos\" \/>\n<meta name=\"twitter:site\" content=\"@EstratConcursos\" \/>\n<meta name=\"twitter:label1\" content=\"Escrito por\" \/>\n\t<meta name=\"twitter:data1\" content=\"Ricardo Torques\" \/>\n\t<meta name=\"twitter:label2\" content=\"Est. tempo de leitura\" \/>\n\t<meta name=\"twitter:data2\" content=\"3 minutos\" \/>\n<script type=\"application\/ld+json\" class=\"yoast-schema-graph\">{\"@context\":\"https:\/\/schema.org\",\"@graph\":[{\"@type\":\"NewsArticle\",\"@id\":\"https:\/\/www.estrategiaconcursos.com.br\/blog\/trafico-privilegiado-stj-hc-coletivo\/#article\",\"isPartOf\":{\"@id\":\"https:\/\/www.estrategiaconcursos.com.br\/blog\/trafico-privilegiado-stj-hc-coletivo\/\"},\"author\":{\"name\":\"Ricardo Torques\",\"@id\":\"https:\/\/www.estrategiaconcursos.com.br\/blog\/#\/schema\/person\/aa39cf5ddb518e5bdce27c35788405e2\"},\"headline\":\"Tr\u00e1fico Privilegiado &#8211; STJ Concede HC Coletivo a mais de 1.000 Presos\",\"datePublished\":\"2020-09-09T20:58:00+00:00\",\"dateModified\":\"2023-08-23T13:48:09+00:00\",\"mainEntityOfPage\":{\"@id\":\"https:\/\/www.estrategiaconcursos.com.br\/blog\/trafico-privilegiado-stj-hc-coletivo\/\"},\"wordCount\":516,\"commentCount\":0,\"publisher\":{\"@id\":\"https:\/\/www.estrategiaconcursos.com.br\/blog\/#organization\"},\"image\":{\"@id\":\"https:\/\/www.estrategiaconcursos.com.br\/blog\/trafico-privilegiado-stj-hc-coletivo\/#primaryimage\"},\"thumbnailUrl\":\"https:\/\/dhg1h5j42swfq.cloudfront.net\/2020\/09\/09151014\/YTB_Juridica.jpg\",\"articleSection\":[\"Concursos P\u00fablicos\"],\"inLanguage\":\"pt-BR\",\"potentialAction\":[{\"@type\":\"CommentAction\",\"name\":\"Comment\",\"target\":[\"https:\/\/www.estrategiaconcursos.com.br\/blog\/trafico-privilegiado-stj-hc-coletivo\/#respond\"]}],\"copyrightYear\":\"2020\",\"copyrightHolder\":{\"@id\":\"https:\/\/www.estrategiaconcursos.com.br\/blog\/#organization\"}},{\"@type\":\"WebPage\",\"@id\":\"https:\/\/www.estrategiaconcursos.com.br\/blog\/trafico-privilegiado-stj-hc-coletivo\/\",\"url\":\"https:\/\/www.estrategiaconcursos.com.br\/blog\/trafico-privilegiado-stj-hc-coletivo\/\",\"name\":\"Tr\u00e1fico Privilegiado - STJ Concede HC Coletivo a mais de 1.000 Presos\",\"isPartOf\":{\"@id\":\"https:\/\/www.estrategiaconcursos.com.br\/blog\/#website\"},\"primaryImageOfPage\":{\"@id\":\"https:\/\/www.estrategiaconcursos.com.br\/blog\/trafico-privilegiado-stj-hc-coletivo\/#primaryimage\"},\"image\":{\"@id\":\"https:\/\/www.estrategiaconcursos.com.br\/blog\/trafico-privilegiado-stj-hc-coletivo\/#primaryimage\"},\"thumbnailUrl\":\"https:\/\/dhg1h5j42swfq.cloudfront.net\/2020\/09\/09151014\/YTB_Juridica.jpg\",\"datePublished\":\"2020-09-09T20:58:00+00:00\",\"dateModified\":\"2023-08-23T13:48:09+00:00\",\"description\":\"Nesta quinta-feira falaremos sobre a recente decis\u00e3o do STJ que concedeu HC coletivo a mais de 1.000 presos condenados por tr\u00e1fico privilegiado. N\u00e3o perca!\",\"breadcrumb\":{\"@id\":\"https:\/\/www.estrategiaconcursos.com.br\/blog\/trafico-privilegiado-stj-hc-coletivo\/#breadcrumb\"},\"inLanguage\":\"pt-BR\",\"potentialAction\":[{\"@type\":\"ReadAction\",\"target\":[\"https:\/\/www.estrategiaconcursos.com.br\/blog\/trafico-privilegiado-stj-hc-coletivo\/\"]}]},{\"@type\":\"ImageObject\",\"inLanguage\":\"pt-BR\",\"@id\":\"https:\/\/www.estrategiaconcursos.com.br\/blog\/trafico-privilegiado-stj-hc-coletivo\/#primaryimage\",\"url\":\"https:\/\/dhg1h5j42swfq.cloudfront.net\/2020\/09\/09151014\/YTB_Juridica.jpg\",\"contentUrl\":\"https:\/\/dhg1h5j42swfq.cloudfront.net\/2020\/09\/09151014\/YTB_Juridica.jpg\",\"width\":1280,\"height\":720,\"caption\":\"Tr\u00e1fico Privilegiado - STJ\"},{\"@type\":\"BreadcrumbList\",\"@id\":\"https:\/\/www.estrategiaconcursos.com.br\/blog\/trafico-privilegiado-stj-hc-coletivo\/#breadcrumb\",\"itemListElement\":[{\"@type\":\"ListItem\",\"position\":1,\"name\":\"In\u00edcio\",\"item\":\"https:\/\/www.estrategiaconcursos.com.br\/blog\/\"},{\"@type\":\"ListItem\",\"position\":2,\"name\":\"Tr\u00e1fico Privilegiado &#8211; STJ Concede HC Coletivo a mais de 1.000 Presos\"}]},{\"@type\":\"WebSite\",\"@id\":\"https:\/\/www.estrategiaconcursos.com.br\/blog\/#website\",\"url\":\"https:\/\/www.estrategiaconcursos.com.br\/blog\/\",\"name\":\"Estrat\u00e9gia Concursos\",\"description\":\"O blog da Estrat\u00e9gia Concursos traz not\u00edcias sobre concursos e artigos de professores oferecendo cursos para concursos (pdf + videaulas) no site.\",\"publisher\":{\"@id\":\"https:\/\/www.estrategiaconcursos.com.br\/blog\/#organization\"},\"potentialAction\":[{\"@type\":\"SearchAction\",\"target\":{\"@type\":\"EntryPoint\",\"urlTemplate\":\"https:\/\/www.estrategiaconcursos.com.br\/blog\/?s={search_term_string}\"},\"query-input\":{\"@type\":\"PropertyValueSpecification\",\"valueRequired\":true,\"valueName\":\"search_term_string\"}}],\"inLanguage\":\"pt-BR\"},{\"@type\":\"Organization\",\"@id\":\"https:\/\/www.estrategiaconcursos.com.br\/blog\/#organization\",\"name\":\"Estrat\u00e9gia Concursos\",\"url\":\"https:\/\/www.estrategiaconcursos.com.br\/blog\/\",\"logo\":{\"@type\":\"ImageObject\",\"inLanguage\":\"pt-BR\",\"@id\":\"https:\/\/www.estrategiaconcursos.com.br\/blog\/#\/schema\/logo\/image\/\",\"url\":\"https:\/\/dhg1h5j42swfq.cloudfront.net\/2025\/06\/03203428\/logo_concursos-1.jpg\",\"contentUrl\":\"https:\/\/dhg1h5j42swfq.cloudfront.net\/2025\/06\/03203428\/logo_concursos-1.jpg\",\"width\":230,\"height\":60,\"caption\":\"Estrat\u00e9gia Concursos\"},\"image\":{\"@id\":\"https:\/\/www.estrategiaconcursos.com.br\/blog\/#\/schema\/logo\/image\/\"},\"sameAs\":[\"https:\/\/x.com\/EstratConcursos\"]},{\"@type\":\"Person\",\"@id\":\"https:\/\/www.estrategiaconcursos.com.br\/blog\/#\/schema\/person\/aa39cf5ddb518e5bdce27c35788405e2\",\"name\":\"Ricardo Torques\",\"image\":{\"@type\":\"ImageObject\",\"inLanguage\":\"pt-BR\",\"@id\":\"https:\/\/secure.gravatar.com\/avatar\/ce9ac6c3cff25fe86d15ed568ebc64d1724baf5c0693133bcb1f6073f712f92a?s=96&d=mm&r=g\",\"url\":\"https:\/\/secure.gravatar.com\/avatar\/ce9ac6c3cff25fe86d15ed568ebc64d1724baf5c0693133bcb1f6073f712f92a?s=96&d=mm&r=g\",\"contentUrl\":\"https:\/\/secure.gravatar.com\/avatar\/ce9ac6c3cff25fe86d15ed568ebc64d1724baf5c0693133bcb1f6073f712f92a?s=96&d=mm&r=g\",\"caption\":\"Ricardo Torques\"},\"sameAs\":[\"https:\/\/www.facebook.com\/ricardo.s.torques\"],\"url\":\"https:\/\/www.estrategiaconcursos.com.br\/blog\/author\/ricardotorquesestrategiaconcursos-com-br\/\"}]}<\/script>\n<!-- \/ Yoast SEO Premium plugin. -->","yoast_head_json":{"title":"Tr\u00e1fico Privilegiado - STJ Concede HC Coletivo a mais de 1.000 Presos","description":"Nesta quinta-feira falaremos sobre a recente decis\u00e3o do STJ que concedeu HC coletivo a mais de 1.000 presos condenados por tr\u00e1fico privilegiado. N\u00e3o perca!","robots":{"index":"index","follow":"follow","max-snippet":"max-snippet:-1","max-image-preview":"max-image-preview:large","max-video-preview":"max-video-preview:-1"},"canonical":"https:\/\/www.estrategiaconcursos.com.br\/blog\/trafico-privilegiado-stj-hc-coletivo\/","og_locale":"pt_BR","og_type":"article","og_title":"Tr\u00e1fico Privilegiado - STJ Concede HC Coletivo a mais de 1.000 Presos","og_description":"Nesta quinta-feira falaremos sobre a recente decis\u00e3o do STJ que concedeu HC coletivo a mais de 1.000 presos condenados por tr\u00e1fico privilegiado. N\u00e3o perca!","og_url":"https:\/\/www.estrategiaconcursos.com.br\/blog\/trafico-privilegiado-stj-hc-coletivo\/","og_site_name":"Estrat\u00e9gia Concursos","article_author":"https:\/\/www.facebook.com\/ricardo.s.torques","article_published_time":"2020-09-09T20:58:00+00:00","article_modified_time":"2023-08-23T13:48:09+00:00","og_image":[{"width":1280,"height":720,"url":"https:\/\/dhg1h5j42swfq.cloudfront.net\/2020\/09\/09151014\/YTB_Juridica.jpg","type":"image\/jpeg"}],"author":"Ricardo Torques","twitter_card":"summary_large_image","twitter_creator":"@EstratConcursos","twitter_site":"@EstratConcursos","twitter_misc":{"Escrito por":"Ricardo Torques","Est. tempo de leitura":"3 minutos"},"schema":{"@context":"https:\/\/schema.org","@graph":[{"@type":"NewsArticle","@id":"https:\/\/www.estrategiaconcursos.com.br\/blog\/trafico-privilegiado-stj-hc-coletivo\/#article","isPartOf":{"@id":"https:\/\/www.estrategiaconcursos.com.br\/blog\/trafico-privilegiado-stj-hc-coletivo\/"},"author":{"name":"Ricardo Torques","@id":"https:\/\/www.estrategiaconcursos.com.br\/blog\/#\/schema\/person\/aa39cf5ddb518e5bdce27c35788405e2"},"headline":"Tr\u00e1fico Privilegiado &#8211; STJ Concede HC Coletivo a mais de 1.000 Presos","datePublished":"2020-09-09T20:58:00+00:00","dateModified":"2023-08-23T13:48:09+00:00","mainEntityOfPage":{"@id":"https:\/\/www.estrategiaconcursos.com.br\/blog\/trafico-privilegiado-stj-hc-coletivo\/"},"wordCount":516,"commentCount":0,"publisher":{"@id":"https:\/\/www.estrategiaconcursos.com.br\/blog\/#organization"},"image":{"@id":"https:\/\/www.estrategiaconcursos.com.br\/blog\/trafico-privilegiado-stj-hc-coletivo\/#primaryimage"},"thumbnailUrl":"https:\/\/dhg1h5j42swfq.cloudfront.net\/2020\/09\/09151014\/YTB_Juridica.jpg","articleSection":["Concursos P\u00fablicos"],"inLanguage":"pt-BR","potentialAction":[{"@type":"CommentAction","name":"Comment","target":["https:\/\/www.estrategiaconcursos.com.br\/blog\/trafico-privilegiado-stj-hc-coletivo\/#respond"]}],"copyrightYear":"2020","copyrightHolder":{"@id":"https:\/\/www.estrategiaconcursos.com.br\/blog\/#organization"}},{"@type":"WebPage","@id":"https:\/\/www.estrategiaconcursos.com.br\/blog\/trafico-privilegiado-stj-hc-coletivo\/","url":"https:\/\/www.estrategiaconcursos.com.br\/blog\/trafico-privilegiado-stj-hc-coletivo\/","name":"Tr\u00e1fico Privilegiado - STJ Concede HC Coletivo a mais de 1.000 Presos","isPartOf":{"@id":"https:\/\/www.estrategiaconcursos.com.br\/blog\/#website"},"primaryImageOfPage":{"@id":"https:\/\/www.estrategiaconcursos.com.br\/blog\/trafico-privilegiado-stj-hc-coletivo\/#primaryimage"},"image":{"@id":"https:\/\/www.estrategiaconcursos.com.br\/blog\/trafico-privilegiado-stj-hc-coletivo\/#primaryimage"},"thumbnailUrl":"https:\/\/dhg1h5j42swfq.cloudfront.net\/2020\/09\/09151014\/YTB_Juridica.jpg","datePublished":"2020-09-09T20:58:00+00:00","dateModified":"2023-08-23T13:48:09+00:00","description":"Nesta quinta-feira falaremos sobre a recente decis\u00e3o do STJ que concedeu HC coletivo a mais de 1.000 presos condenados por tr\u00e1fico privilegiado. N\u00e3o perca!","breadcrumb":{"@id":"https:\/\/www.estrategiaconcursos.com.br\/blog\/trafico-privilegiado-stj-hc-coletivo\/#breadcrumb"},"inLanguage":"pt-BR","potentialAction":[{"@type":"ReadAction","target":["https:\/\/www.estrategiaconcursos.com.br\/blog\/trafico-privilegiado-stj-hc-coletivo\/"]}]},{"@type":"ImageObject","inLanguage":"pt-BR","@id":"https:\/\/www.estrategiaconcursos.com.br\/blog\/trafico-privilegiado-stj-hc-coletivo\/#primaryimage","url":"https:\/\/dhg1h5j42swfq.cloudfront.net\/2020\/09\/09151014\/YTB_Juridica.jpg","contentUrl":"https:\/\/dhg1h5j42swfq.cloudfront.net\/2020\/09\/09151014\/YTB_Juridica.jpg","width":1280,"height":720,"caption":"Tr\u00e1fico Privilegiado - STJ"},{"@type":"BreadcrumbList","@id":"https:\/\/www.estrategiaconcursos.com.br\/blog\/trafico-privilegiado-stj-hc-coletivo\/#breadcrumb","itemListElement":[{"@type":"ListItem","position":1,"name":"In\u00edcio","item":"https:\/\/www.estrategiaconcursos.com.br\/blog\/"},{"@type":"ListItem","position":2,"name":"Tr\u00e1fico Privilegiado &#8211; STJ Concede HC Coletivo a mais de 1.000 Presos"}]},{"@type":"WebSite","@id":"https:\/\/www.estrategiaconcursos.com.br\/blog\/#website","url":"https:\/\/www.estrategiaconcursos.com.br\/blog\/","name":"Estrat\u00e9gia Concursos","description":"O blog da Estrat\u00e9gia Concursos traz not\u00edcias sobre concursos e artigos de professores oferecendo cursos para concursos (pdf + videaulas) no site.","publisher":{"@id":"https:\/\/www.estrategiaconcursos.com.br\/blog\/#organization"},"potentialAction":[{"@type":"SearchAction","target":{"@type":"EntryPoint","urlTemplate":"https:\/\/www.estrategiaconcursos.com.br\/blog\/?s={search_term_string}"},"query-input":{"@type":"PropertyValueSpecification","valueRequired":true,"valueName":"search_term_string"}}],"inLanguage":"pt-BR"},{"@type":"Organization","@id":"https:\/\/www.estrategiaconcursos.com.br\/blog\/#organization","name":"Estrat\u00e9gia Concursos","url":"https:\/\/www.estrategiaconcursos.com.br\/blog\/","logo":{"@type":"ImageObject","inLanguage":"pt-BR","@id":"https:\/\/www.estrategiaconcursos.com.br\/blog\/#\/schema\/logo\/image\/","url":"https:\/\/dhg1h5j42swfq.cloudfront.net\/2025\/06\/03203428\/logo_concursos-1.jpg","contentUrl":"https:\/\/dhg1h5j42swfq.cloudfront.net\/2025\/06\/03203428\/logo_concursos-1.jpg","width":230,"height":60,"caption":"Estrat\u00e9gia Concursos"},"image":{"@id":"https:\/\/www.estrategiaconcursos.com.br\/blog\/#\/schema\/logo\/image\/"},"sameAs":["https:\/\/x.com\/EstratConcursos"]},{"@type":"Person","@id":"https:\/\/www.estrategiaconcursos.com.br\/blog\/#\/schema\/person\/aa39cf5ddb518e5bdce27c35788405e2","name":"Ricardo Torques","image":{"@type":"ImageObject","inLanguage":"pt-BR","@id":"https:\/\/secure.gravatar.com\/avatar\/ce9ac6c3cff25fe86d15ed568ebc64d1724baf5c0693133bcb1f6073f712f92a?s=96&d=mm&r=g","url":"https:\/\/secure.gravatar.com\/avatar\/ce9ac6c3cff25fe86d15ed568ebc64d1724baf5c0693133bcb1f6073f712f92a?s=96&d=mm&r=g","contentUrl":"https:\/\/secure.gravatar.com\/avatar\/ce9ac6c3cff25fe86d15ed568ebc64d1724baf5c0693133bcb1f6073f712f92a?s=96&d=mm&r=g","caption":"Ricardo Torques"},"sameAs":["https:\/\/www.facebook.com\/ricardo.s.torques"],"url":"https:\/\/www.estrategiaconcursos.com.br\/blog\/author\/ricardotorquesestrategiaconcursos-com-br\/"}]}},"_links":{"self":[{"href":"https:\/\/www.estrategiaconcursos.com.br\/blog\/wp-json\/wp\/v2\/posts\/569619","targetHints":{"allow":["GET"]}}],"collection":[{"href":"https:\/\/www.estrategiaconcursos.com.br\/blog\/wp-json\/wp\/v2\/posts"}],"about":[{"href":"https:\/\/www.estrategiaconcursos.com.br\/blog\/wp-json\/wp\/v2\/types\/post"}],"author":[{"embeddable":true,"href":"https:\/\/www.estrategiaconcursos.com.br\/blog\/wp-json\/wp\/v2\/users\/180"}],"replies":[{"embeddable":true,"href":"https:\/\/www.estrategiaconcursos.com.br\/blog\/wp-json\/wp\/v2\/comments?post=569619"}],"version-history":[{"count":8,"href":"https:\/\/www.estrategiaconcursos.com.br\/blog\/wp-json\/wp\/v2\/posts\/569619\/revisions"}],"predecessor-version":[{"id":1267947,"href":"https:\/\/www.estrategiaconcursos.com.br\/blog\/wp-json\/wp\/v2\/posts\/569619\/revisions\/1267947"}],"wp:featuredmedia":[{"embeddable":true,"href":"https:\/\/www.estrategiaconcursos.com.br\/blog\/wp-json\/wp\/v2\/media\/569656"}],"wp:attachment":[{"href":"https:\/\/www.estrategiaconcursos.com.br\/blog\/wp-json\/wp\/v2\/media?parent=569619"}],"wp:term":[{"taxonomy":"category","embeddable":true,"href":"https:\/\/www.estrategiaconcursos.com.br\/blog\/wp-json\/wp\/v2\/categories?post=569619"},{"taxonomy":"post_tag","embeddable":true,"href":"https:\/\/www.estrategiaconcursos.com.br\/blog\/wp-json\/wp\/v2\/tags?post=569619"},{"taxonomy":"tax_estado","embeddable":true,"href":"https:\/\/www.estrategiaconcursos.com.br\/blog\/wp-json\/wp\/v2\/tax_estado?post=569619"}],"curies":[{"name":"wp","href":"https:\/\/api.w.org\/{rel}","templated":true}]}}