{"id":56952,"date":"2016-12-05T20:34:42","date_gmt":"2016-12-05T23:34:42","guid":{"rendered":"https:\/\/www.estrategiaconcursos.com.br\/blog\/?p=56952"},"modified":"2016-12-05T21:45:17","modified_gmt":"2016-12-06T00:45:17","slug":"prova-comentada-direito-das-pessoas-com-deficiencia-trt-20a-regiao","status":"publish","type":"post","link":"https:\/\/www.estrategiaconcursos.com.br\/blog\/prova-comentada-direito-das-pessoas-com-deficiencia-trt-20a-regiao\/","title":{"rendered":"Prova Comentada: Direito das Pessoas com Defici\u00eancia &#8211; TRT 20\u00aa Regi\u00e3o"},"content":{"rendered":"<h4 style=\"text-align: justify;\"><img loading=\"lazy\" decoding=\"async\" class=\"alignleft wp-image-56960 size-medium\" src=\"https:\/\/dhg1h5j42swfq.cloudfront.net\/2016\/12\/05204620\/acesse-gratuitamente.png\" alt=\"acesse-gratuitamente\" width=\"300\" height=\"251\" srcset=\"https:\/\/dhg1h5j42swfq.cloudfront.net\/2016\/12\/05204620\/acesse-gratuitamente.png 940w, https:\/\/dhg1h5j42swfq.cloudfront.net\/2016\/12\/05204620\/acesse-gratuitamente.png 300w, https:\/\/dhg1h5j42swfq.cloudfront.net\/2016\/12\/05204620\/acesse-gratuitamente.png 768w, https:\/\/dhg1h5j42swfq.cloudfront.net\/2016\/12\/05204620\/acesse-gratuitamente.png 358w\" sizes=\"auto, (max-width: 300px) 100vw, 300px\" \/><\/h4>\n<p style=\"text-align: justify;\">A FCC divulgou na data de hoje, provas e gabaritos, do concurso do TRT da 20\u00aa Regi\u00e3o, realizado pela FCC, no \u00faltimo domingo (dia 3\/12). Tivemos tr\u00eas quest\u00f5es para cada um dos tradicionais cargos ofertados (TJAA, AJAA e AJAJ\/AJOAF).<\/p>\n<p style=\"text-align: justify;\">Essas s\u00e3o as primeiras quest\u00f5es ap\u00f3s a edi\u00e7\u00e3o da Resolu\u00e7\u00e3o CNJ 230\/2016 que tornou obrigat\u00f3rio o assunto em editais de Tribunais de Justi\u00e7a.<\/p>\n<p style=\"text-align: justify;\">Dado o n\u00edvel da prova e obrigatoriedade de cobran\u00e7a do conte\u00fados em concursos p\u00fablicos, sugerimos estudar a disciplina com m\u00e1ximo afinco.<\/p>\n<p style=\"text-align: justify;\"><span style=\"color: #ff0000;\"><strong><a style=\"color: #ff0000;\" href=\"https:\/\/www.estrategiaconcursos.com.br\/cursosPorMateria\/direito-das-pessoas-com-deficiencia-340\/\" target=\"_blank\">CURSOS DE NO\u00c7\u00d5ES SOBRE DIREITO DAS PESSOAS COM DEFICI\u00caNCIA<\/a><\/strong><\/span><\/p>\n<p style=\"text-align: justify;\">Em rela\u00e7\u00e3o \u00e0 prova de T\u00e9cnico Judici\u00e1rio \u2013 \u00c1rea Administrativa (TJAA) tivemos uma quest\u00e3o explorando os conceitos previstos na Lei 13.146\/2015. Outra quest\u00e3o explorou dispositivos da Lei 10.098\/2000. Por fim\u00a0houve uma quest\u00e3o sobre a\u00a0lei que institui o passe livre interestadual, disciplinado pela Lei 8.899\/1994. <span style=\"color: #ff0000;\"><strong><span style=\"color: #ff0000;\">FELIZMENTE ANALISAMOS TODOS OS CONTE\u00daDOS\u00a0NO NOSSO AUL\u00c3O DE REVIS\u00c3O<\/span><\/strong>.<\/span>\u00a0<span style=\"color: #0000ff;\"><strong>SEM POSSIBILIDADES DE RECURSO.<\/strong><\/span><\/p>\n<p style=\"text-align: justify;\">Em rela\u00e7\u00e3o ao cargo de Analista Judici\u00e1rio \u2013 \u00c1rea Administrativa (AJAA) tivemos a cobran\u00e7a de quest\u00e3o envolvendo o Decreto 5.294\/2004, na parte que regulamenta a prioridade de atendimento. Tal como referido em aula e na revis\u00e3o, era fundamental ler os primeiros dispositivos do decreto. Tivemos tamb\u00e9m uma quest\u00e3o interessant\u00edssima que explorou conte\u00fados da Constitui\u00e7\u00e3o, em verdadeira interdisciplinaridade com assuntos de Direito Constitucional, Direito Administrativo e Direito do Trabalho. Por fim, a \u00faltima quest\u00e3o cobrou o art. 1\u00ba da Lei 10.048\/2004, que trata das pessoas que tem direito \u00e0 prioridade de atendimento. <span style=\"color: #0000ff;\"><strong>SEM POSSIBILIDADE DE RECURSOS.<\/strong><\/span><\/p>\n<p style=\"text-align: justify;\">Em rela\u00e7\u00e3o \u00e0 prova de Analista Judici\u00e1rio na \u00c1rea Jur\u00eddica (AJAJ) e Oficial de Justi\u00e7a Avaliador Federal (AJOAF) tivemos uma quest\u00e3o explorando as disposi\u00e7\u00f5es preliminares do art. 6\u00ba do Estatuto, mais especificamente sobre o art. 6\u00ba. Outra quest\u00e3o explorou os aspectos constitucionais da prote\u00e7\u00e3o \u00e0 pessoa com defici\u00eancia e, por fim, na \u00faltima quest\u00e3o houve refer\u00eancia aos dispositivos do Decreto 3.298\/1999. <span style=\"color: #0000ff;\"><strong>SEM POSSIBILIDADES DE RECURSO.<\/strong><\/span><\/p>\n<p style=\"text-align: justify;\">Abaixo trazemos as 9 quest\u00f5es comentadas de forma detalhada. Confira aqui:<\/p>\n<p><span style=\"color: #ff0000;\"><strong><a style=\"color: #ff0000;\" href=\"https:\/\/www.estrategiaconcursos.com.br\/blog\/wp-content\/uploads\/2016\/12\/88-Prova-Comentada-TRT20-No\u00e7\u00f5es-sobre-Pessoas-com-Defici\u00eancia1.pdf\">PROVA COMENTADA: DIREITO DAS PESSOAS COM DEFICI\u00caNCIA &#8211; TRT 20\u00aa REGI\u00c3O<\/a><\/strong><\/span><\/p>\n<p><iframe loading=\"lazy\" title=\"PROVA COMENTADA: DIREITO DAS PESSOAS COM DEFICI\u00caNCIA - TRT 20\u00aa REGI\u00c3O\" src=\"https:\/\/www.slideshare.net\/slideshow\/embed_code\/key\/9l8K1TJOyi27k\" width=\"479\" height=\"511\" frameborder=\"0\" marginwidth=\"0\" marginheight=\"0\" scrolling=\"no\" style=\"border:1px solid #CCC; border-width:1px; margin-bottom:5px; max-width: 100%;\" allowfullscreen> <\/iframe> <\/p>\n<div style=\"margin-bottom:5px\"> <strong> <a href=\"https:\/\/pt.slideshare.net\/slideshow\/prova-comentada-direito-das-pessoas-com-deficincia-trt-20-regio-69854381\/69854381\" title=\"PROVA COMENTADA: DIREITO DAS PESSOAS COM DEFICI\u00caNCIA - TRT 20\u00aa REGI\u00c3O\" target=\"_blank\">PROVA COMENTADA: DIREITO DAS PESSOAS COM DEFICI\u00caNCIA &#8211; TRT 20\u00aa REGI\u00c3O<\/a> <\/strong> from <strong><a href=\"https:\/\/www.slideshare.net\/ricardostorques1\" target=\"_blank\">Ricardo Torques<\/a><\/strong> <\/div>\n<p style=\"text-align: justify;\">\u00c9 isso, qualquer d\u00favida estou \u00e0 disposi\u00e7\u00e3o de voc\u00eas.<\/p>\n<p style=\"text-align: justify;\">Bons estudos!<\/p>\n","protected":false},"excerpt":{"rendered":"<p>A FCC divulgou na data de hoje, provas e gabaritos, do concurso do TRT da 20\u00aa Regi\u00e3o, realizado pela FCC, no \u00faltimo domingo (dia 3\/12). Tivemos tr\u00eas quest\u00f5es para cada um dos tradicionais cargos ofertados (TJAA, AJAA e AJAJ\/AJOAF). Essas s\u00e3o as primeiras quest\u00f5es ap\u00f3s a edi\u00e7\u00e3o da Resolu\u00e7\u00e3o CNJ 230\/2016 que tornou obrigat\u00f3rio o [&hellip;]<\/p>\n","protected":false},"author":180,"featured_media":56955,"comment_status":"open","ping_status":"open","sticky":false,"template":"","format":"standard","meta":{"post_tipo":"article","footnotes":""},"categories":[],"tags":[2328,525],"tax_estado":[],"class_list":["post-56952","post","type-post","status-publish","format-standard","has-post-thumbnail","hentry","tag-direito-das-pessoas-com-deficiencia","tag-direitos-humanos"],"acf":[],"yoast_head":"<!-- This site is optimized with the Yoast SEO Premium plugin v27.2 (Yoast SEO v27.2) - https:\/\/yoast.com\/product\/yoast-seo-premium-wordpress\/ -->\n<title>Prova Comentada: Direito das Pessoas com Defici\u00eancia - TRT 20\u00aa Regi\u00e3o<\/title>\n<meta name=\"robots\" content=\"index, follow, max-snippet:-1, max-image-preview:large, max-video-preview:-1\" \/>\n<link rel=\"canonical\" href=\"https:\/\/www.estrategiaconcursos.com.br\/blog\/prova-comentada-direito-das-pessoas-com-deficiencia-trt-20a-regiao\/\" \/>\n<meta property=\"og:locale\" content=\"pt_BR\" \/>\n<meta property=\"og:type\" content=\"article\" \/>\n<meta property=\"og:title\" content=\"Prova Comentada: Direito das Pessoas com Defici\u00eancia - TRT 20\u00aa Regi\u00e3o\" \/>\n<meta property=\"og:description\" content=\"A FCC divulgou na data de hoje, provas e gabaritos, do concurso do TRT da 20\u00aa Regi\u00e3o, realizado pela FCC, no \u00faltimo domingo (dia 3\/12). Tivemos tr\u00eas quest\u00f5es para cada um dos tradicionais cargos ofertados (TJAA, AJAA e AJAJ\/AJOAF). Essas s\u00e3o as primeiras quest\u00f5es ap\u00f3s a edi\u00e7\u00e3o da Resolu\u00e7\u00e3o CNJ 230\/2016 que tornou obrigat\u00f3rio o [&hellip;]\" \/>\n<meta property=\"og:url\" content=\"https:\/\/www.estrategiaconcursos.com.br\/blog\/prova-comentada-direito-das-pessoas-com-deficiencia-trt-20a-regiao\/\" \/>\n<meta property=\"og:site_name\" content=\"Estrat\u00e9gia Concursos\" \/>\n<meta property=\"article:author\" content=\"https:\/\/www.facebook.com\/ricardo.s.torques\" \/>\n<meta property=\"article:published_time\" content=\"2016-12-05T23:34:42+00:00\" \/>\n<meta property=\"article:modified_time\" content=\"2016-12-06T00:45:17+00:00\" \/>\n<meta property=\"og:image\" content=\"https:\/\/dhg1h5j42swfq.cloudfront.net\/2016\/12\/05203154\/prova-comentada.png\" \/>\n\t<meta property=\"og:image:width\" content=\"940\" \/>\n\t<meta property=\"og:image:height\" content=\"788\" \/>\n\t<meta property=\"og:image:type\" content=\"image\/png\" \/>\n<meta name=\"author\" content=\"Ricardo Torques\" \/>\n<meta name=\"twitter:card\" content=\"summary_large_image\" \/>\n<meta name=\"twitter:creator\" content=\"@EstratConcursos\" \/>\n<meta name=\"twitter:site\" content=\"@EstratConcursos\" \/>\n<meta name=\"twitter:label1\" content=\"Escrito por\" \/>\n\t<meta name=\"twitter:data1\" content=\"Ricardo Torques\" \/>\n\t<meta name=\"twitter:label2\" content=\"Est. tempo de leitura\" \/>\n\t<meta name=\"twitter:data2\" content=\"2 minutos\" \/>\n<script type=\"application\/ld+json\" class=\"yoast-schema-graph\">{\"@context\":\"https:\/\/schema.org\",\"@graph\":[{\"@type\":\"NewsArticle\",\"@id\":\"https:\/\/www.estrategiaconcursos.com.br\/blog\/prova-comentada-direito-das-pessoas-com-deficiencia-trt-20a-regiao\/#article\",\"isPartOf\":{\"@id\":\"https:\/\/www.estrategiaconcursos.com.br\/blog\/prova-comentada-direito-das-pessoas-com-deficiencia-trt-20a-regiao\/\"},\"author\":{\"name\":\"Ricardo Torques\",\"@id\":\"https:\/\/www.estrategiaconcursos.com.br\/blog\/#\/schema\/person\/aa39cf5ddb518e5bdce27c35788405e2\"},\"headline\":\"Prova Comentada: Direito das Pessoas com Defici\u00eancia &#8211; TRT 20\u00aa Regi\u00e3o\",\"datePublished\":\"2016-12-05T23:34:42+00:00\",\"dateModified\":\"2016-12-06T00:45:17+00:00\",\"mainEntityOfPage\":{\"@id\":\"https:\/\/www.estrategiaconcursos.com.br\/blog\/prova-comentada-direito-das-pessoas-com-deficiencia-trt-20a-regiao\/\"},\"wordCount\":397,\"commentCount\":3,\"publisher\":{\"@id\":\"https:\/\/www.estrategiaconcursos.com.br\/blog\/#organization\"},\"image\":{\"@id\":\"https:\/\/www.estrategiaconcursos.com.br\/blog\/prova-comentada-direito-das-pessoas-com-deficiencia-trt-20a-regiao\/#primaryimage\"},\"thumbnailUrl\":\"https:\/\/dhg1h5j42swfq.cloudfront.net\/2016\/12\/05203154\/prova-comentada.png\",\"keywords\":[\"Direito das Pessoas com Defici\u00eancia\",\"Direitos Humanos\"],\"inLanguage\":\"pt-BR\",\"potentialAction\":[{\"@type\":\"CommentAction\",\"name\":\"Comment\",\"target\":[\"https:\/\/www.estrategiaconcursos.com.br\/blog\/prova-comentada-direito-das-pessoas-com-deficiencia-trt-20a-regiao\/#respond\"]}],\"copyrightYear\":\"2016\",\"copyrightHolder\":{\"@id\":\"https:\/\/www.estrategiaconcursos.com.br\/blog\/#organization\"}},{\"@type\":\"WebPage\",\"@id\":\"https:\/\/www.estrategiaconcursos.com.br\/blog\/prova-comentada-direito-das-pessoas-com-deficiencia-trt-20a-regiao\/\",\"url\":\"https:\/\/www.estrategiaconcursos.com.br\/blog\/prova-comentada-direito-das-pessoas-com-deficiencia-trt-20a-regiao\/\",\"name\":\"Prova Comentada: Direito das Pessoas com Defici\u00eancia - TRT 20\u00aa Regi\u00e3o\",\"isPartOf\":{\"@id\":\"https:\/\/www.estrategiaconcursos.com.br\/blog\/#website\"},\"primaryImageOfPage\":{\"@id\":\"https:\/\/www.estrategiaconcursos.com.br\/blog\/prova-comentada-direito-das-pessoas-com-deficiencia-trt-20a-regiao\/#primaryimage\"},\"image\":{\"@id\":\"https:\/\/www.estrategiaconcursos.com.br\/blog\/prova-comentada-direito-das-pessoas-com-deficiencia-trt-20a-regiao\/#primaryimage\"},\"thumbnailUrl\":\"https:\/\/dhg1h5j42swfq.cloudfront.net\/2016\/12\/05203154\/prova-comentada.png\",\"datePublished\":\"2016-12-05T23:34:42+00:00\",\"dateModified\":\"2016-12-06T00:45:17+00:00\",\"breadcrumb\":{\"@id\":\"https:\/\/www.estrategiaconcursos.com.br\/blog\/prova-comentada-direito-das-pessoas-com-deficiencia-trt-20a-regiao\/#breadcrumb\"},\"inLanguage\":\"pt-BR\",\"potentialAction\":[{\"@type\":\"ReadAction\",\"target\":[\"https:\/\/www.estrategiaconcursos.com.br\/blog\/prova-comentada-direito-das-pessoas-com-deficiencia-trt-20a-regiao\/\"]}]},{\"@type\":\"ImageObject\",\"inLanguage\":\"pt-BR\",\"@id\":\"https:\/\/www.estrategiaconcursos.com.br\/blog\/prova-comentada-direito-das-pessoas-com-deficiencia-trt-20a-regiao\/#primaryimage\",\"url\":\"https:\/\/dhg1h5j42swfq.cloudfront.net\/2016\/12\/05203154\/prova-comentada.png\",\"contentUrl\":\"https:\/\/dhg1h5j42swfq.cloudfront.net\/2016\/12\/05203154\/prova-comentada.png\",\"width\":940,\"height\":788},{\"@type\":\"BreadcrumbList\",\"@id\":\"https:\/\/www.estrategiaconcursos.com.br\/blog\/prova-comentada-direito-das-pessoas-com-deficiencia-trt-20a-regiao\/#breadcrumb\",\"itemListElement\":[{\"@type\":\"ListItem\",\"position\":1,\"name\":\"In\u00edcio\",\"item\":\"https:\/\/www.estrategiaconcursos.com.br\/blog\/\"},{\"@type\":\"ListItem\",\"position\":2,\"name\":\"Prova Comentada: Direito das Pessoas com Defici\u00eancia &#8211; TRT 20\u00aa Regi\u00e3o\"}]},{\"@type\":\"WebSite\",\"@id\":\"https:\/\/www.estrategiaconcursos.com.br\/blog\/#website\",\"url\":\"https:\/\/www.estrategiaconcursos.com.br\/blog\/\",\"name\":\"Estrat\u00e9gia Concursos\",\"description\":\"O blog da Estrat\u00e9gia Concursos traz not\u00edcias sobre concursos e artigos de professores oferecendo cursos para concursos (pdf + videaulas) no site.\",\"publisher\":{\"@id\":\"https:\/\/www.estrategiaconcursos.com.br\/blog\/#organization\"},\"potentialAction\":[{\"@type\":\"SearchAction\",\"target\":{\"@type\":\"EntryPoint\",\"urlTemplate\":\"https:\/\/www.estrategiaconcursos.com.br\/blog\/?s={search_term_string}\"},\"query-input\":{\"@type\":\"PropertyValueSpecification\",\"valueRequired\":true,\"valueName\":\"search_term_string\"}}],\"inLanguage\":\"pt-BR\"},{\"@type\":\"Organization\",\"@id\":\"https:\/\/www.estrategiaconcursos.com.br\/blog\/#organization\",\"name\":\"Estrat\u00e9gia Concursos\",\"url\":\"https:\/\/www.estrategiaconcursos.com.br\/blog\/\",\"logo\":{\"@type\":\"ImageObject\",\"inLanguage\":\"pt-BR\",\"@id\":\"https:\/\/www.estrategiaconcursos.com.br\/blog\/#\/schema\/logo\/image\/\",\"url\":\"https:\/\/dhg1h5j42swfq.cloudfront.net\/2025\/06\/03203428\/logo_concursos-1.jpg\",\"contentUrl\":\"https:\/\/dhg1h5j42swfq.cloudfront.net\/2025\/06\/03203428\/logo_concursos-1.jpg\",\"width\":230,\"height\":60,\"caption\":\"Estrat\u00e9gia Concursos\"},\"image\":{\"@id\":\"https:\/\/www.estrategiaconcursos.com.br\/blog\/#\/schema\/logo\/image\/\"},\"sameAs\":[\"https:\/\/x.com\/EstratConcursos\"]},{\"@type\":\"Person\",\"@id\":\"https:\/\/www.estrategiaconcursos.com.br\/blog\/#\/schema\/person\/aa39cf5ddb518e5bdce27c35788405e2\",\"name\":\"Ricardo Torques\",\"image\":{\"@type\":\"ImageObject\",\"inLanguage\":\"pt-BR\",\"@id\":\"https:\/\/secure.gravatar.com\/avatar\/ce9ac6c3cff25fe86d15ed568ebc64d1724baf5c0693133bcb1f6073f712f92a?s=96&d=mm&r=g\",\"url\":\"https:\/\/secure.gravatar.com\/avatar\/ce9ac6c3cff25fe86d15ed568ebc64d1724baf5c0693133bcb1f6073f712f92a?s=96&d=mm&r=g\",\"contentUrl\":\"https:\/\/secure.gravatar.com\/avatar\/ce9ac6c3cff25fe86d15ed568ebc64d1724baf5c0693133bcb1f6073f712f92a?s=96&d=mm&r=g\",\"caption\":\"Ricardo Torques\"},\"sameAs\":[\"https:\/\/www.facebook.com\/ricardo.s.torques\"],\"url\":\"https:\/\/www.estrategiaconcursos.com.br\/blog\/author\/ricardotorquesestrategiaconcursos-com-br\/\"}]}<\/script>\n<!-- \/ Yoast SEO Premium plugin. -->","yoast_head_json":{"title":"Prova Comentada: Direito das Pessoas com Defici\u00eancia - TRT 20\u00aa Regi\u00e3o","robots":{"index":"index","follow":"follow","max-snippet":"max-snippet:-1","max-image-preview":"max-image-preview:large","max-video-preview":"max-video-preview:-1"},"canonical":"https:\/\/www.estrategiaconcursos.com.br\/blog\/prova-comentada-direito-das-pessoas-com-deficiencia-trt-20a-regiao\/","og_locale":"pt_BR","og_type":"article","og_title":"Prova Comentada: Direito das Pessoas com Defici\u00eancia - TRT 20\u00aa Regi\u00e3o","og_description":"A FCC divulgou na data de hoje, provas e gabaritos, do concurso do TRT da 20\u00aa Regi\u00e3o, realizado pela FCC, no \u00faltimo domingo (dia 3\/12). Tivemos tr\u00eas quest\u00f5es para cada um dos tradicionais cargos ofertados (TJAA, AJAA e AJAJ\/AJOAF). Essas s\u00e3o as primeiras quest\u00f5es ap\u00f3s a edi\u00e7\u00e3o da Resolu\u00e7\u00e3o CNJ 230\/2016 que tornou obrigat\u00f3rio o [&hellip;]","og_url":"https:\/\/www.estrategiaconcursos.com.br\/blog\/prova-comentada-direito-das-pessoas-com-deficiencia-trt-20a-regiao\/","og_site_name":"Estrat\u00e9gia Concursos","article_author":"https:\/\/www.facebook.com\/ricardo.s.torques","article_published_time":"2016-12-05T23:34:42+00:00","article_modified_time":"2016-12-06T00:45:17+00:00","og_image":[{"width":940,"height":788,"url":"https:\/\/dhg1h5j42swfq.cloudfront.net\/2016\/12\/05203154\/prova-comentada.png","type":"image\/png"}],"author":"Ricardo Torques","twitter_card":"summary_large_image","twitter_creator":"@EstratConcursos","twitter_site":"@EstratConcursos","twitter_misc":{"Escrito por":"Ricardo Torques","Est. tempo de leitura":"2 minutos"},"schema":{"@context":"https:\/\/schema.org","@graph":[{"@type":"NewsArticle","@id":"https:\/\/www.estrategiaconcursos.com.br\/blog\/prova-comentada-direito-das-pessoas-com-deficiencia-trt-20a-regiao\/#article","isPartOf":{"@id":"https:\/\/www.estrategiaconcursos.com.br\/blog\/prova-comentada-direito-das-pessoas-com-deficiencia-trt-20a-regiao\/"},"author":{"name":"Ricardo Torques","@id":"https:\/\/www.estrategiaconcursos.com.br\/blog\/#\/schema\/person\/aa39cf5ddb518e5bdce27c35788405e2"},"headline":"Prova Comentada: Direito das Pessoas com Defici\u00eancia &#8211; TRT 20\u00aa Regi\u00e3o","datePublished":"2016-12-05T23:34:42+00:00","dateModified":"2016-12-06T00:45:17+00:00","mainEntityOfPage":{"@id":"https:\/\/www.estrategiaconcursos.com.br\/blog\/prova-comentada-direito-das-pessoas-com-deficiencia-trt-20a-regiao\/"},"wordCount":397,"commentCount":3,"publisher":{"@id":"https:\/\/www.estrategiaconcursos.com.br\/blog\/#organization"},"image":{"@id":"https:\/\/www.estrategiaconcursos.com.br\/blog\/prova-comentada-direito-das-pessoas-com-deficiencia-trt-20a-regiao\/#primaryimage"},"thumbnailUrl":"https:\/\/dhg1h5j42swfq.cloudfront.net\/2016\/12\/05203154\/prova-comentada.png","keywords":["Direito das Pessoas com Defici\u00eancia","Direitos Humanos"],"inLanguage":"pt-BR","potentialAction":[{"@type":"CommentAction","name":"Comment","target":["https:\/\/www.estrategiaconcursos.com.br\/blog\/prova-comentada-direito-das-pessoas-com-deficiencia-trt-20a-regiao\/#respond"]}],"copyrightYear":"2016","copyrightHolder":{"@id":"https:\/\/www.estrategiaconcursos.com.br\/blog\/#organization"}},{"@type":"WebPage","@id":"https:\/\/www.estrategiaconcursos.com.br\/blog\/prova-comentada-direito-das-pessoas-com-deficiencia-trt-20a-regiao\/","url":"https:\/\/www.estrategiaconcursos.com.br\/blog\/prova-comentada-direito-das-pessoas-com-deficiencia-trt-20a-regiao\/","name":"Prova Comentada: Direito das Pessoas com Defici\u00eancia - TRT 20\u00aa Regi\u00e3o","isPartOf":{"@id":"https:\/\/www.estrategiaconcursos.com.br\/blog\/#website"},"primaryImageOfPage":{"@id":"https:\/\/www.estrategiaconcursos.com.br\/blog\/prova-comentada-direito-das-pessoas-com-deficiencia-trt-20a-regiao\/#primaryimage"},"image":{"@id":"https:\/\/www.estrategiaconcursos.com.br\/blog\/prova-comentada-direito-das-pessoas-com-deficiencia-trt-20a-regiao\/#primaryimage"},"thumbnailUrl":"https:\/\/dhg1h5j42swfq.cloudfront.net\/2016\/12\/05203154\/prova-comentada.png","datePublished":"2016-12-05T23:34:42+00:00","dateModified":"2016-12-06T00:45:17+00:00","breadcrumb":{"@id":"https:\/\/www.estrategiaconcursos.com.br\/blog\/prova-comentada-direito-das-pessoas-com-deficiencia-trt-20a-regiao\/#breadcrumb"},"inLanguage":"pt-BR","potentialAction":[{"@type":"ReadAction","target":["https:\/\/www.estrategiaconcursos.com.br\/blog\/prova-comentada-direito-das-pessoas-com-deficiencia-trt-20a-regiao\/"]}]},{"@type":"ImageObject","inLanguage":"pt-BR","@id":"https:\/\/www.estrategiaconcursos.com.br\/blog\/prova-comentada-direito-das-pessoas-com-deficiencia-trt-20a-regiao\/#primaryimage","url":"https:\/\/dhg1h5j42swfq.cloudfront.net\/2016\/12\/05203154\/prova-comentada.png","contentUrl":"https:\/\/dhg1h5j42swfq.cloudfront.net\/2016\/12\/05203154\/prova-comentada.png","width":940,"height":788},{"@type":"BreadcrumbList","@id":"https:\/\/www.estrategiaconcursos.com.br\/blog\/prova-comentada-direito-das-pessoas-com-deficiencia-trt-20a-regiao\/#breadcrumb","itemListElement":[{"@type":"ListItem","position":1,"name":"In\u00edcio","item":"https:\/\/www.estrategiaconcursos.com.br\/blog\/"},{"@type":"ListItem","position":2,"name":"Prova Comentada: Direito das Pessoas com Defici\u00eancia &#8211; TRT 20\u00aa Regi\u00e3o"}]},{"@type":"WebSite","@id":"https:\/\/www.estrategiaconcursos.com.br\/blog\/#website","url":"https:\/\/www.estrategiaconcursos.com.br\/blog\/","name":"Estrat\u00e9gia Concursos","description":"O blog da Estrat\u00e9gia Concursos traz not\u00edcias sobre concursos e artigos de professores oferecendo cursos para concursos (pdf + videaulas) no site.","publisher":{"@id":"https:\/\/www.estrategiaconcursos.com.br\/blog\/#organization"},"potentialAction":[{"@type":"SearchAction","target":{"@type":"EntryPoint","urlTemplate":"https:\/\/www.estrategiaconcursos.com.br\/blog\/?s={search_term_string}"},"query-input":{"@type":"PropertyValueSpecification","valueRequired":true,"valueName":"search_term_string"}}],"inLanguage":"pt-BR"},{"@type":"Organization","@id":"https:\/\/www.estrategiaconcursos.com.br\/blog\/#organization","name":"Estrat\u00e9gia Concursos","url":"https:\/\/www.estrategiaconcursos.com.br\/blog\/","logo":{"@type":"ImageObject","inLanguage":"pt-BR","@id":"https:\/\/www.estrategiaconcursos.com.br\/blog\/#\/schema\/logo\/image\/","url":"https:\/\/dhg1h5j42swfq.cloudfront.net\/2025\/06\/03203428\/logo_concursos-1.jpg","contentUrl":"https:\/\/dhg1h5j42swfq.cloudfront.net\/2025\/06\/03203428\/logo_concursos-1.jpg","width":230,"height":60,"caption":"Estrat\u00e9gia Concursos"},"image":{"@id":"https:\/\/www.estrategiaconcursos.com.br\/blog\/#\/schema\/logo\/image\/"},"sameAs":["https:\/\/x.com\/EstratConcursos"]},{"@type":"Person","@id":"https:\/\/www.estrategiaconcursos.com.br\/blog\/#\/schema\/person\/aa39cf5ddb518e5bdce27c35788405e2","name":"Ricardo Torques","image":{"@type":"ImageObject","inLanguage":"pt-BR","@id":"https:\/\/secure.gravatar.com\/avatar\/ce9ac6c3cff25fe86d15ed568ebc64d1724baf5c0693133bcb1f6073f712f92a?s=96&d=mm&r=g","url":"https:\/\/secure.gravatar.com\/avatar\/ce9ac6c3cff25fe86d15ed568ebc64d1724baf5c0693133bcb1f6073f712f92a?s=96&d=mm&r=g","contentUrl":"https:\/\/secure.gravatar.com\/avatar\/ce9ac6c3cff25fe86d15ed568ebc64d1724baf5c0693133bcb1f6073f712f92a?s=96&d=mm&r=g","caption":"Ricardo Torques"},"sameAs":["https:\/\/www.facebook.com\/ricardo.s.torques"],"url":"https:\/\/www.estrategiaconcursos.com.br\/blog\/author\/ricardotorquesestrategiaconcursos-com-br\/"}]}},"_links":{"self":[{"href":"https:\/\/www.estrategiaconcursos.com.br\/blog\/wp-json\/wp\/v2\/posts\/56952","targetHints":{"allow":["GET"]}}],"collection":[{"href":"https:\/\/www.estrategiaconcursos.com.br\/blog\/wp-json\/wp\/v2\/posts"}],"about":[{"href":"https:\/\/www.estrategiaconcursos.com.br\/blog\/wp-json\/wp\/v2\/types\/post"}],"author":[{"embeddable":true,"href":"https:\/\/www.estrategiaconcursos.com.br\/blog\/wp-json\/wp\/v2\/users\/180"}],"replies":[{"embeddable":true,"href":"https:\/\/www.estrategiaconcursos.com.br\/blog\/wp-json\/wp\/v2\/comments?post=56952"}],"version-history":[{"count":4,"href":"https:\/\/www.estrategiaconcursos.com.br\/blog\/wp-json\/wp\/v2\/posts\/56952\/revisions"}],"predecessor-version":[{"id":56994,"href":"https:\/\/www.estrategiaconcursos.com.br\/blog\/wp-json\/wp\/v2\/posts\/56952\/revisions\/56994"}],"wp:featuredmedia":[{"embeddable":true,"href":"https:\/\/www.estrategiaconcursos.com.br\/blog\/wp-json\/wp\/v2\/media\/56955"}],"wp:attachment":[{"href":"https:\/\/www.estrategiaconcursos.com.br\/blog\/wp-json\/wp\/v2\/media?parent=56952"}],"wp:term":[{"taxonomy":"category","embeddable":true,"href":"https:\/\/www.estrategiaconcursos.com.br\/blog\/wp-json\/wp\/v2\/categories?post=56952"},{"taxonomy":"post_tag","embeddable":true,"href":"https:\/\/www.estrategiaconcursos.com.br\/blog\/wp-json\/wp\/v2\/tags?post=56952"},{"taxonomy":"tax_estado","embeddable":true,"href":"https:\/\/www.estrategiaconcursos.com.br\/blog\/wp-json\/wp\/v2\/tax_estado?post=56952"}],"curies":[{"name":"wp","href":"https:\/\/api.w.org\/{rel}","templated":true}]}}