{"id":56929,"date":"2016-12-05T21:27:03","date_gmt":"2016-12-06T00:27:03","guid":{"rendered":"https:\/\/www.estrategiaconcursos.com.br\/blog\/?p=56929"},"modified":"2016-12-05T21:27:03","modified_gmt":"2016-12-06T00:27:03","slug":"concurso-crc-parana-analise-dos-principais-pontos-do-edital","status":"publish","type":"post","link":"https:\/\/www.estrategiaconcursos.com.br\/blog\/concurso-crc-parana-analise-dos-principais-pontos-do-edital\/","title":{"rendered":"Concurso CRC Paran\u00e1: An\u00e1lise dos principais pontos do edital"},"content":{"rendered":"<p style=\"text-align: justify\">O\u00a0Conselho Regional de Contabilidade do Paran\u00e1 (CRC PR) divulgou hoje, 05\/12, o <a href=\"http:\/\/cdn.quadrix.org.br\/web\/visualizar.html?file=http:\/\/cdn.quadrix.org.br\/Archives\/General\/15960\/16529\/16531\/8C1AA095B14F\/3_crc_pr_edital_v1.pdf\">edital de concurso<\/a> para provimento de vagas de n\u00edvel m\u00e9dio, m\u00e9dio-t\u00e9cnico e superior.<\/p>\n<p style=\"text-align: justify\">O certame \u00e9 organizado pelo Instituto Quadrix.<\/p>\n<h2 style=\"text-align: justify\">Inscri\u00e7\u00f5es<\/h2>\n<p style=\"text-align: justify\">As inscri\u00e7\u00f5es podem ser realizadas at\u00e9 o dia <strong><span style=\"color: #ff0000\">18 de dezembro<\/span><\/strong> no seguinte endere\u00e7o eletr\u00f4nico:\u00a0http:\/\/www.quadrix.org.br\/todos-os-concursos\/inscricoes-abertas\/crcpr-conselho-regional-de-contabilidade-do-parana.aspx<\/p>\n<div style=\"text-align: justify\">O valor das taxas de inscri\u00e7\u00f5es s\u00e3o de R$ 80,00 para n\u00edvel m\u00e9dio e m\u00e9dio\/t\u00e9cnico e de R$ 100,00 para n\u00edvel superior.<\/div>\n<div style=\"text-align: justify\"><\/div>\n<h2 style=\"text-align: justify\"><strong>Cargos e Remunera\u00e7\u00e3o<\/strong><\/h2>\n<p style=\"text-align: justify\">Os cargos e suas respectivas remunera\u00e7\u00f5es s\u00e3o:<\/p>\n<p><img loading=\"lazy\" decoding=\"async\" class=\"alignnone size-full wp-image-56931\" src=\"https:\/\/dhg1h5j42swfq.cloudfront.net\/2016\/12\/05170802\/01.png\" alt=\"01\" width=\"884\" height=\"308\" srcset=\"https:\/\/dhg1h5j42swfq.cloudfront.net\/2016\/12\/05170802\/01.png 884w, https:\/\/dhg1h5j42swfq.cloudfront.net\/2016\/12\/05170802\/01.png 300w, https:\/\/dhg1h5j42swfq.cloudfront.net\/2016\/12\/05170802\/01.png 768w, https:\/\/dhg1h5j42swfq.cloudfront.net\/2016\/12\/05170802\/01.png 500w\" sizes=\"auto, (max-width: 884px) 100vw, 884px\" \/><\/p>\n<p><img loading=\"lazy\" decoding=\"async\" class=\"alignnone size-full wp-image-56932\" src=\"https:\/\/dhg1h5j42swfq.cloudfront.net\/2016\/12\/05170813\/02.png\" alt=\"02\" width=\"883\" height=\"179\" srcset=\"https:\/\/dhg1h5j42swfq.cloudfront.net\/2016\/12\/05170813\/02.png 883w, https:\/\/dhg1h5j42swfq.cloudfront.net\/2016\/12\/05170813\/02.png 300w, https:\/\/dhg1h5j42swfq.cloudfront.net\/2016\/12\/05170813\/02.png 768w, https:\/\/dhg1h5j42swfq.cloudfront.net\/2016\/12\/05170813\/02.png 500w\" sizes=\"auto, (max-width: 883px) 100vw, 883px\" \/><\/p>\n<p><img loading=\"lazy\" decoding=\"async\" class=\"alignnone size-full wp-image-56933\" src=\"https:\/\/dhg1h5j42swfq.cloudfront.net\/2016\/12\/05170819\/03.png\" alt=\"03\" width=\"883\" height=\"436\" srcset=\"https:\/\/dhg1h5j42swfq.cloudfront.net\/2016\/12\/05170819\/03.png 883w, https:\/\/dhg1h5j42swfq.cloudfront.net\/2016\/12\/05170819\/03.png 300w, https:\/\/dhg1h5j42swfq.cloudfront.net\/2016\/12\/05170819\/03.png 768w, https:\/\/dhg1h5j42swfq.cloudfront.net\/2016\/12\/05170819\/03.png 500w\" sizes=\"auto, (max-width: 883px) 100vw, 883px\" \/><\/p>\n<h2 style=\"text-align: justify\"><strong>Benef\u00edcios<\/strong><\/h2>\n<p style=\"text-align: justify\">Al\u00e9m do sal\u00e1rio base,\u00a0CRC PR oferece os seguintes benef\u00edcios:<\/p>\n<ul style=\"text-align: justify\">\n<li>Vale refei\u00e7\u00e3o ou vale alimenta\u00e7\u00e3o,no valor atual de R$ 847,00 por m\u00eas;<\/li>\n<li>Assist\u00eancia M\u00e9dica;<\/li>\n<li>Vale transporte, conforme legisla\u00e7\u00e3o;<\/li>\n<li>Adicional por tempo de servi\u00e7o, conforme PCCS;<\/li>\n<li>Auxilio educa\u00e7\u00e3o;<\/li>\n<\/ul>\n<p style=\"text-align: justify\">O contratado para o cargo de Inspetor Fiscal, enquanto no seu exerc\u00edcio, far\u00e1 jus a uma gratifica\u00e7\u00e3o, conforme fixada pelo Plano de Cargos, Carreiras e Sal\u00e1rios do CRC PR, incidente sobre o sal\u00e1rio base,e que ser\u00e1 inacumul\u00e1vel com qualquer outra<\/p>\n<div><\/div>\n<h2>Das provas<\/h2>\n<p style=\"text-align: justify\">As provas ser\u00e3o realizadas na data prov\u00e1vel de 22 de janeiro de 2017 em dois per\u00edodos:<\/p>\n<p><img loading=\"lazy\" decoding=\"async\" class=\"alignnone size-full wp-image-56942\" src=\"https:\/\/dhg1h5j42swfq.cloudfront.net\/2016\/12\/05172506\/04.png\" alt=\"04\" width=\"1142\" height=\"179\" srcset=\"https:\/\/dhg1h5j42swfq.cloudfront.net\/2016\/12\/05172506\/04.png 1142w, https:\/\/dhg1h5j42swfq.cloudfront.net\/2016\/12\/05172506\/04.png 300w, https:\/\/dhg1h5j42swfq.cloudfront.net\/2016\/12\/05172506\/04.png 768w, https:\/\/dhg1h5j42swfq.cloudfront.net\/2016\/12\/05172506\/04.png 1024w, https:\/\/dhg1h5j42swfq.cloudfront.net\/2016\/12\/05172506\/04.png 500w\" sizes=\"auto, (max-width: 1142px) 100vw, 1142px\" \/><\/p>\n<div>\n<div style=\"text-align: justify\">Os candidatos ser\u00e3o avaliados em provas objetivas e de reda\u00e7\u00e3o. Ser\u00e1 corrigida at\u00e9 as seguintes posi\u00e7\u00f5es:<\/div>\n<div style=\"text-align: justify\"><img loading=\"lazy\" decoding=\"async\" class=\"alignnone size-full wp-image-56963\" src=\"https:\/\/dhg1h5j42swfq.cloudfront.net\/2016\/12\/05205224\/05.png\" alt=\"05\" width=\"894\" height=\"84\" srcset=\"https:\/\/dhg1h5j42swfq.cloudfront.net\/2016\/12\/05205224\/05.png 894w, https:\/\/dhg1h5j42swfq.cloudfront.net\/2016\/12\/05205224\/05.png 300w, https:\/\/dhg1h5j42swfq.cloudfront.net\/2016\/12\/05205224\/05.png 768w, https:\/\/dhg1h5j42swfq.cloudfront.net\/2016\/12\/05205224\/05.png 500w\" sizes=\"auto, (max-width: 894px) 100vw, 894px\" \/><\/div>\n<div style=\"text-align: justify\"><\/div>\n<div style=\"text-align: justify\">A prova objetiva ser\u00e1 do tipo\u00a0m\u00faltipla escolha, com <strong>5 alternativas<\/strong> para escolha de uma \u00fanica resposta e pontua\u00e7\u00e3o total variando entre o m\u00ednimo de 0 (zero) e o m\u00e1ximo de 100 (cem) pontos, para cargos de n\u00edveis m\u00e9dio e m\u00e9dio\/t\u00e9cnico e entre o m\u00ednimo de 0 (zero) e o m\u00e1ximo de 120 (cento e vinte) pontos, para cargos de n\u00edvel superior; ter\u00e1 car\u00e1ter eliminat\u00f3rio e classificat\u00f3rio.<\/div>\n<\/div>\n<div style=\"text-align: justify\"><\/div>\n<div style=\"text-align: justify\">Ser\u00e1 considerado habilitado na prova objetiva e classificado para corre\u00e7\u00e3o da prova de reda\u00e7\u00e3o o candidato que:<\/div>\n<ul>\n<li style=\"text-align: justify\">N\u00cdVEL M\u00c9DIO: obtiver nota igual ou superior a 50 pontos;e<\/li>\n<li style=\"text-align: justify\">N\u00cdVEL SUPERIOR: obtiver nota igual ou superior a 60 pontos;<\/li>\n<\/ul>\n<h2>Da Estrutura da Prova<\/h2>\n<p>Para cada cargo a prova tem uma estrutura pr\u00f3pria:<\/p>\n<p><img loading=\"lazy\" decoding=\"async\" class=\"alignnone size-full wp-image-56984 aligncenter\" src=\"https:\/\/dhg1h5j42swfq.cloudfront.net\/2016\/12\/05212227\/011.png\" alt=\"01\" width=\"617\" height=\"523\" srcset=\"https:\/\/dhg1h5j42swfq.cloudfront.net\/2016\/12\/05212227\/011.png 617w, https:\/\/dhg1h5j42swfq.cloudfront.net\/2016\/12\/05212227\/011.png 300w, https:\/\/dhg1h5j42swfq.cloudfront.net\/2016\/12\/05212227\/011.png 354w\" sizes=\"auto, (max-width: 617px) 100vw, 617px\" \/><img loading=\"lazy\" decoding=\"async\" class=\"alignnone size-full wp-image-56982 aligncenter\" src=\"https:\/\/dhg1h5j42swfq.cloudfront.net\/2016\/12\/05212224\/031.png\" alt=\"03\" width=\"617\" height=\"201\" srcset=\"https:\/\/dhg1h5j42swfq.cloudfront.net\/2016\/12\/05212224\/031.png 617w, https:\/\/dhg1h5j42swfq.cloudfront.net\/2016\/12\/05212224\/031.png 300w, https:\/\/dhg1h5j42swfq.cloudfront.net\/2016\/12\/05212224\/031.png 500w\" sizes=\"auto, (max-width: 617px) 100vw, 617px\" \/> <img loading=\"lazy\" decoding=\"async\" class=\"alignnone size-full wp-image-56983 aligncenter\" src=\"https:\/\/dhg1h5j42swfq.cloudfront.net\/2016\/12\/05212226\/021.png\" alt=\"02\" width=\"619\" height=\"464\" srcset=\"https:\/\/dhg1h5j42swfq.cloudfront.net\/2016\/12\/05212226\/021.png 619w, https:\/\/dhg1h5j42swfq.cloudfront.net\/2016\/12\/05212226\/021.png 300w, https:\/\/dhg1h5j42swfq.cloudfront.net\/2016\/12\/05212226\/021.png 400w\" sizes=\"auto, (max-width: 619px) 100vw, 619px\" \/><\/p>\n<p>Eu fico por aqui pessoal!<\/p>\n<p>Desejo a todos bons estudos!<\/p>\n<p>Forte abra\u00e7o<\/p>\n<p>Prof. Tiago Zanolla<\/p>\n<p>&nbsp;<\/p>\n","protected":false},"excerpt":{"rendered":"<p>O\u00a0Conselho Regional de Contabilidade do Paran\u00e1 (CRC PR) divulgou hoje, 05\/12, o edital de concurso para provimento de vagas de n\u00edvel m\u00e9dio, m\u00e9dio-t\u00e9cnico e superior. O certame \u00e9 organizado pelo Instituto Quadrix. Inscri\u00e7\u00f5es As inscri\u00e7\u00f5es podem ser realizadas at\u00e9 o dia 18 de dezembro no seguinte endere\u00e7o eletr\u00f4nico:\u00a0http:\/\/www.quadrix.org.br\/todos-os-concursos\/inscricoes-abertas\/crcpr-conselho-regional-de-contabilidade-do-parana.aspx O valor das taxas de inscri\u00e7\u00f5es s\u00e3o [&hellip;]<\/p>\n","protected":false},"author":388,"featured_media":0,"comment_status":"open","ping_status":"open","sticky":false,"template":"","format":"standard","meta":{"post_tipo":"article","footnotes":""},"categories":[1],"tags":[],"tax_estado":[],"class_list":["post-56929","post","type-post","status-publish","format-standard","hentry","category-cursos-e-concursos"],"acf":[],"yoast_head":"<!-- This site is optimized with the Yoast SEO Premium plugin v27.2 (Yoast SEO v27.2) - https:\/\/yoast.com\/product\/yoast-seo-premium-wordpress\/ -->\n<title>Concurso CRC Paran\u00e1: An\u00e1lise dos principais pontos do edital<\/title>\n<meta name=\"description\" content=\"Concurso CRC PARAN\u00c1 - EDITAL PUBLICADO. Veja an\u00e1lise completa do edital.\" \/>\n<meta name=\"robots\" content=\"index, follow, max-snippet:-1, max-image-preview:large, max-video-preview:-1\" \/>\n<link rel=\"canonical\" href=\"https:\/\/www.estrategiaconcursos.com.br\/blog\/concurso-crc-parana-analise-dos-principais-pontos-do-edital\/\" \/>\n<meta property=\"og:locale\" content=\"pt_BR\" \/>\n<meta property=\"og:type\" content=\"article\" \/>\n<meta property=\"og:title\" content=\"Concurso CRC Paran\u00e1: An\u00e1lise dos principais pontos do edital\" \/>\n<meta property=\"og:description\" content=\"Concurso CRC PARAN\u00c1 - EDITAL PUBLICADO. Veja an\u00e1lise completa do edital.\" \/>\n<meta property=\"og:url\" content=\"https:\/\/www.estrategiaconcursos.com.br\/blog\/concurso-crc-parana-analise-dos-principais-pontos-do-edital\/\" \/>\n<meta property=\"og:site_name\" content=\"Estrat\u00e9gia Concursos\" \/>\n<meta property=\"article:published_time\" content=\"2016-12-06T00:27:03+00:00\" \/>\n<meta property=\"og:image\" content=\"https:\/\/www.estrategiaconcursos.com.br\/blog\/wp-content\/uploads\/2016\/12\/01.png\" \/>\n<meta name=\"author\" content=\"Tiago Zanolla\" \/>\n<meta name=\"twitter:card\" content=\"summary_large_image\" \/>\n<meta name=\"twitter:creator\" content=\"@EstratConcursos\" \/>\n<meta name=\"twitter:site\" content=\"@EstratConcursos\" \/>\n<meta name=\"twitter:label1\" content=\"Escrito por\" \/>\n\t<meta name=\"twitter:data1\" content=\"Tiago Zanolla\" \/>\n\t<meta name=\"twitter:label2\" content=\"Est. tempo de leitura\" \/>\n\t<meta name=\"twitter:data2\" content=\"2 minutos\" \/>\n<script type=\"application\/ld+json\" class=\"yoast-schema-graph\">{\"@context\":\"https:\/\/schema.org\",\"@graph\":[{\"@type\":\"NewsArticle\",\"@id\":\"https:\/\/www.estrategiaconcursos.com.br\/blog\/concurso-crc-parana-analise-dos-principais-pontos-do-edital\/#article\",\"isPartOf\":{\"@id\":\"https:\/\/www.estrategiaconcursos.com.br\/blog\/concurso-crc-parana-analise-dos-principais-pontos-do-edital\/\"},\"author\":{\"name\":\"Tiago Zanolla\",\"@id\":\"https:\/\/www.estrategiaconcursos.com.br\/blog\/#\/schema\/person\/1509739fd92a40c9b52116de04a90310\"},\"headline\":\"Concurso CRC Paran\u00e1: An\u00e1lise dos principais pontos do edital\",\"datePublished\":\"2016-12-06T00:27:03+00:00\",\"mainEntityOfPage\":{\"@id\":\"https:\/\/www.estrategiaconcursos.com.br\/blog\/concurso-crc-parana-analise-dos-principais-pontos-do-edital\/\"},\"wordCount\":397,\"commentCount\":0,\"publisher\":{\"@id\":\"https:\/\/www.estrategiaconcursos.com.br\/blog\/#organization\"},\"image\":{\"@id\":\"https:\/\/www.estrategiaconcursos.com.br\/blog\/concurso-crc-parana-analise-dos-principais-pontos-do-edital\/#primaryimage\"},\"thumbnailUrl\":\"https:\/\/www.estrategiaconcursos.com.br\/blog\/wp-content\/uploads\/2016\/12\/01.png\",\"articleSection\":[\"Concursos P\u00fablicos\"],\"inLanguage\":\"pt-BR\",\"potentialAction\":[{\"@type\":\"CommentAction\",\"name\":\"Comment\",\"target\":[\"https:\/\/www.estrategiaconcursos.com.br\/blog\/concurso-crc-parana-analise-dos-principais-pontos-do-edital\/#respond\"]}],\"copyrightYear\":\"2016\",\"copyrightHolder\":{\"@id\":\"https:\/\/www.estrategiaconcursos.com.br\/blog\/#organization\"}},{\"@type\":\"WebPage\",\"@id\":\"https:\/\/www.estrategiaconcursos.com.br\/blog\/concurso-crc-parana-analise-dos-principais-pontos-do-edital\/\",\"url\":\"https:\/\/www.estrategiaconcursos.com.br\/blog\/concurso-crc-parana-analise-dos-principais-pontos-do-edital\/\",\"name\":\"Concurso CRC Paran\u00e1: An\u00e1lise dos principais pontos do edital\",\"isPartOf\":{\"@id\":\"https:\/\/www.estrategiaconcursos.com.br\/blog\/#website\"},\"primaryImageOfPage\":{\"@id\":\"https:\/\/www.estrategiaconcursos.com.br\/blog\/concurso-crc-parana-analise-dos-principais-pontos-do-edital\/#primaryimage\"},\"image\":{\"@id\":\"https:\/\/www.estrategiaconcursos.com.br\/blog\/concurso-crc-parana-analise-dos-principais-pontos-do-edital\/#primaryimage\"},\"thumbnailUrl\":\"https:\/\/www.estrategiaconcursos.com.br\/blog\/wp-content\/uploads\/2016\/12\/01.png\",\"datePublished\":\"2016-12-06T00:27:03+00:00\",\"description\":\"Concurso CRC PARAN\u00c1 - EDITAL PUBLICADO. Veja an\u00e1lise completa do edital.\",\"breadcrumb\":{\"@id\":\"https:\/\/www.estrategiaconcursos.com.br\/blog\/concurso-crc-parana-analise-dos-principais-pontos-do-edital\/#breadcrumb\"},\"inLanguage\":\"pt-BR\",\"potentialAction\":[{\"@type\":\"ReadAction\",\"target\":[\"https:\/\/www.estrategiaconcursos.com.br\/blog\/concurso-crc-parana-analise-dos-principais-pontos-do-edital\/\"]}]},{\"@type\":\"ImageObject\",\"inLanguage\":\"pt-BR\",\"@id\":\"https:\/\/www.estrategiaconcursos.com.br\/blog\/concurso-crc-parana-analise-dos-principais-pontos-do-edital\/#primaryimage\",\"url\":\"https:\/\/dhg1h5j42swfq.cloudfront.net\/2016\/12\/05170802\/01.png\",\"contentUrl\":\"https:\/\/dhg1h5j42swfq.cloudfront.net\/2016\/12\/05170802\/01.png\",\"width\":884,\"height\":308},{\"@type\":\"BreadcrumbList\",\"@id\":\"https:\/\/www.estrategiaconcursos.com.br\/blog\/concurso-crc-parana-analise-dos-principais-pontos-do-edital\/#breadcrumb\",\"itemListElement\":[{\"@type\":\"ListItem\",\"position\":1,\"name\":\"In\u00edcio\",\"item\":\"https:\/\/www.estrategiaconcursos.com.br\/blog\/\"},{\"@type\":\"ListItem\",\"position\":2,\"name\":\"Concurso CRC Paran\u00e1: An\u00e1lise dos principais pontos do edital\"}]},{\"@type\":\"WebSite\",\"@id\":\"https:\/\/www.estrategiaconcursos.com.br\/blog\/#website\",\"url\":\"https:\/\/www.estrategiaconcursos.com.br\/blog\/\",\"name\":\"Estrat\u00e9gia Concursos\",\"description\":\"O blog da Estrat\u00e9gia Concursos traz not\u00edcias sobre concursos e artigos de professores oferecendo cursos para concursos (pdf + videaulas) no site.\",\"publisher\":{\"@id\":\"https:\/\/www.estrategiaconcursos.com.br\/blog\/#organization\"},\"potentialAction\":[{\"@type\":\"SearchAction\",\"target\":{\"@type\":\"EntryPoint\",\"urlTemplate\":\"https:\/\/www.estrategiaconcursos.com.br\/blog\/?s={search_term_string}\"},\"query-input\":{\"@type\":\"PropertyValueSpecification\",\"valueRequired\":true,\"valueName\":\"search_term_string\"}}],\"inLanguage\":\"pt-BR\"},{\"@type\":\"Organization\",\"@id\":\"https:\/\/www.estrategiaconcursos.com.br\/blog\/#organization\",\"name\":\"Estrat\u00e9gia Concursos\",\"url\":\"https:\/\/www.estrategiaconcursos.com.br\/blog\/\",\"logo\":{\"@type\":\"ImageObject\",\"inLanguage\":\"pt-BR\",\"@id\":\"https:\/\/www.estrategiaconcursos.com.br\/blog\/#\/schema\/logo\/image\/\",\"url\":\"https:\/\/dhg1h5j42swfq.cloudfront.net\/2025\/06\/03203428\/logo_concursos-1.jpg\",\"contentUrl\":\"https:\/\/dhg1h5j42swfq.cloudfront.net\/2025\/06\/03203428\/logo_concursos-1.jpg\",\"width\":230,\"height\":60,\"caption\":\"Estrat\u00e9gia Concursos\"},\"image\":{\"@id\":\"https:\/\/www.estrategiaconcursos.com.br\/blog\/#\/schema\/logo\/image\/\"},\"sameAs\":[\"https:\/\/x.com\/EstratConcursos\"]},{\"@type\":\"Person\",\"@id\":\"https:\/\/www.estrategiaconcursos.com.br\/blog\/#\/schema\/person\/1509739fd92a40c9b52116de04a90310\",\"name\":\"Tiago Zanolla\",\"image\":{\"@type\":\"ImageObject\",\"inLanguage\":\"pt-BR\",\"@id\":\"https:\/\/secure.gravatar.com\/avatar\/e647cb200c21008603a1760df42f3f713d32dd977761568b5689c47f0b1747ee?s=96&d=mm&r=g\",\"url\":\"https:\/\/secure.gravatar.com\/avatar\/e647cb200c21008603a1760df42f3f713d32dd977761568b5689c47f0b1747ee?s=96&d=mm&r=g\",\"contentUrl\":\"https:\/\/secure.gravatar.com\/avatar\/e647cb200c21008603a1760df42f3f713d32dd977761568b5689c47f0b1747ee?s=96&d=mm&r=g\",\"caption\":\"Tiago Zanolla\"},\"url\":\"https:\/\/www.estrategiaconcursos.com.br\/blog\/author\/zanolla-estrategiagmail-com\/\"}]}<\/script>\n<!-- \/ Yoast SEO Premium plugin. -->","yoast_head_json":{"title":"Concurso CRC Paran\u00e1: An\u00e1lise dos principais pontos do edital","description":"Concurso CRC PARAN\u00c1 - EDITAL PUBLICADO. Veja an\u00e1lise completa do edital.","robots":{"index":"index","follow":"follow","max-snippet":"max-snippet:-1","max-image-preview":"max-image-preview:large","max-video-preview":"max-video-preview:-1"},"canonical":"https:\/\/www.estrategiaconcursos.com.br\/blog\/concurso-crc-parana-analise-dos-principais-pontos-do-edital\/","og_locale":"pt_BR","og_type":"article","og_title":"Concurso CRC Paran\u00e1: An\u00e1lise dos principais pontos do edital","og_description":"Concurso CRC PARAN\u00c1 - EDITAL PUBLICADO. Veja an\u00e1lise completa do edital.","og_url":"https:\/\/www.estrategiaconcursos.com.br\/blog\/concurso-crc-parana-analise-dos-principais-pontos-do-edital\/","og_site_name":"Estrat\u00e9gia Concursos","article_published_time":"2016-12-06T00:27:03+00:00","og_image":[{"url":"https:\/\/www.estrategiaconcursos.com.br\/blog\/wp-content\/uploads\/2016\/12\/01.png","type":"","width":"","height":""}],"author":"Tiago Zanolla","twitter_card":"summary_large_image","twitter_creator":"@EstratConcursos","twitter_site":"@EstratConcursos","twitter_misc":{"Escrito por":"Tiago Zanolla","Est. tempo de leitura":"2 minutos"},"schema":{"@context":"https:\/\/schema.org","@graph":[{"@type":"NewsArticle","@id":"https:\/\/www.estrategiaconcursos.com.br\/blog\/concurso-crc-parana-analise-dos-principais-pontos-do-edital\/#article","isPartOf":{"@id":"https:\/\/www.estrategiaconcursos.com.br\/blog\/concurso-crc-parana-analise-dos-principais-pontos-do-edital\/"},"author":{"name":"Tiago Zanolla","@id":"https:\/\/www.estrategiaconcursos.com.br\/blog\/#\/schema\/person\/1509739fd92a40c9b52116de04a90310"},"headline":"Concurso CRC Paran\u00e1: An\u00e1lise dos principais pontos do edital","datePublished":"2016-12-06T00:27:03+00:00","mainEntityOfPage":{"@id":"https:\/\/www.estrategiaconcursos.com.br\/blog\/concurso-crc-parana-analise-dos-principais-pontos-do-edital\/"},"wordCount":397,"commentCount":0,"publisher":{"@id":"https:\/\/www.estrategiaconcursos.com.br\/blog\/#organization"},"image":{"@id":"https:\/\/www.estrategiaconcursos.com.br\/blog\/concurso-crc-parana-analise-dos-principais-pontos-do-edital\/#primaryimage"},"thumbnailUrl":"https:\/\/www.estrategiaconcursos.com.br\/blog\/wp-content\/uploads\/2016\/12\/01.png","articleSection":["Concursos P\u00fablicos"],"inLanguage":"pt-BR","potentialAction":[{"@type":"CommentAction","name":"Comment","target":["https:\/\/www.estrategiaconcursos.com.br\/blog\/concurso-crc-parana-analise-dos-principais-pontos-do-edital\/#respond"]}],"copyrightYear":"2016","copyrightHolder":{"@id":"https:\/\/www.estrategiaconcursos.com.br\/blog\/#organization"}},{"@type":"WebPage","@id":"https:\/\/www.estrategiaconcursos.com.br\/blog\/concurso-crc-parana-analise-dos-principais-pontos-do-edital\/","url":"https:\/\/www.estrategiaconcursos.com.br\/blog\/concurso-crc-parana-analise-dos-principais-pontos-do-edital\/","name":"Concurso CRC Paran\u00e1: An\u00e1lise dos principais pontos do edital","isPartOf":{"@id":"https:\/\/www.estrategiaconcursos.com.br\/blog\/#website"},"primaryImageOfPage":{"@id":"https:\/\/www.estrategiaconcursos.com.br\/blog\/concurso-crc-parana-analise-dos-principais-pontos-do-edital\/#primaryimage"},"image":{"@id":"https:\/\/www.estrategiaconcursos.com.br\/blog\/concurso-crc-parana-analise-dos-principais-pontos-do-edital\/#primaryimage"},"thumbnailUrl":"https:\/\/www.estrategiaconcursos.com.br\/blog\/wp-content\/uploads\/2016\/12\/01.png","datePublished":"2016-12-06T00:27:03+00:00","description":"Concurso CRC PARAN\u00c1 - EDITAL PUBLICADO. Veja an\u00e1lise completa do edital.","breadcrumb":{"@id":"https:\/\/www.estrategiaconcursos.com.br\/blog\/concurso-crc-parana-analise-dos-principais-pontos-do-edital\/#breadcrumb"},"inLanguage":"pt-BR","potentialAction":[{"@type":"ReadAction","target":["https:\/\/www.estrategiaconcursos.com.br\/blog\/concurso-crc-parana-analise-dos-principais-pontos-do-edital\/"]}]},{"@type":"ImageObject","inLanguage":"pt-BR","@id":"https:\/\/www.estrategiaconcursos.com.br\/blog\/concurso-crc-parana-analise-dos-principais-pontos-do-edital\/#primaryimage","url":"https:\/\/dhg1h5j42swfq.cloudfront.net\/2016\/12\/05170802\/01.png","contentUrl":"https:\/\/dhg1h5j42swfq.cloudfront.net\/2016\/12\/05170802\/01.png","width":884,"height":308},{"@type":"BreadcrumbList","@id":"https:\/\/www.estrategiaconcursos.com.br\/blog\/concurso-crc-parana-analise-dos-principais-pontos-do-edital\/#breadcrumb","itemListElement":[{"@type":"ListItem","position":1,"name":"In\u00edcio","item":"https:\/\/www.estrategiaconcursos.com.br\/blog\/"},{"@type":"ListItem","position":2,"name":"Concurso CRC Paran\u00e1: An\u00e1lise dos principais pontos do edital"}]},{"@type":"WebSite","@id":"https:\/\/www.estrategiaconcursos.com.br\/blog\/#website","url":"https:\/\/www.estrategiaconcursos.com.br\/blog\/","name":"Estrat\u00e9gia Concursos","description":"O blog da Estrat\u00e9gia Concursos traz not\u00edcias sobre concursos e artigos de professores oferecendo cursos para concursos (pdf + videaulas) no site.","publisher":{"@id":"https:\/\/www.estrategiaconcursos.com.br\/blog\/#organization"},"potentialAction":[{"@type":"SearchAction","target":{"@type":"EntryPoint","urlTemplate":"https:\/\/www.estrategiaconcursos.com.br\/blog\/?s={search_term_string}"},"query-input":{"@type":"PropertyValueSpecification","valueRequired":true,"valueName":"search_term_string"}}],"inLanguage":"pt-BR"},{"@type":"Organization","@id":"https:\/\/www.estrategiaconcursos.com.br\/blog\/#organization","name":"Estrat\u00e9gia Concursos","url":"https:\/\/www.estrategiaconcursos.com.br\/blog\/","logo":{"@type":"ImageObject","inLanguage":"pt-BR","@id":"https:\/\/www.estrategiaconcursos.com.br\/blog\/#\/schema\/logo\/image\/","url":"https:\/\/dhg1h5j42swfq.cloudfront.net\/2025\/06\/03203428\/logo_concursos-1.jpg","contentUrl":"https:\/\/dhg1h5j42swfq.cloudfront.net\/2025\/06\/03203428\/logo_concursos-1.jpg","width":230,"height":60,"caption":"Estrat\u00e9gia Concursos"},"image":{"@id":"https:\/\/www.estrategiaconcursos.com.br\/blog\/#\/schema\/logo\/image\/"},"sameAs":["https:\/\/x.com\/EstratConcursos"]},{"@type":"Person","@id":"https:\/\/www.estrategiaconcursos.com.br\/blog\/#\/schema\/person\/1509739fd92a40c9b52116de04a90310","name":"Tiago Zanolla","image":{"@type":"ImageObject","inLanguage":"pt-BR","@id":"https:\/\/secure.gravatar.com\/avatar\/e647cb200c21008603a1760df42f3f713d32dd977761568b5689c47f0b1747ee?s=96&d=mm&r=g","url":"https:\/\/secure.gravatar.com\/avatar\/e647cb200c21008603a1760df42f3f713d32dd977761568b5689c47f0b1747ee?s=96&d=mm&r=g","contentUrl":"https:\/\/secure.gravatar.com\/avatar\/e647cb200c21008603a1760df42f3f713d32dd977761568b5689c47f0b1747ee?s=96&d=mm&r=g","caption":"Tiago Zanolla"},"url":"https:\/\/www.estrategiaconcursos.com.br\/blog\/author\/zanolla-estrategiagmail-com\/"}]}},"_links":{"self":[{"href":"https:\/\/www.estrategiaconcursos.com.br\/blog\/wp-json\/wp\/v2\/posts\/56929","targetHints":{"allow":["GET"]}}],"collection":[{"href":"https:\/\/www.estrategiaconcursos.com.br\/blog\/wp-json\/wp\/v2\/posts"}],"about":[{"href":"https:\/\/www.estrategiaconcursos.com.br\/blog\/wp-json\/wp\/v2\/types\/post"}],"author":[{"embeddable":true,"href":"https:\/\/www.estrategiaconcursos.com.br\/blog\/wp-json\/wp\/v2\/users\/388"}],"replies":[{"embeddable":true,"href":"https:\/\/www.estrategiaconcursos.com.br\/blog\/wp-json\/wp\/v2\/comments?post=56929"}],"version-history":[{"count":12,"href":"https:\/\/www.estrategiaconcursos.com.br\/blog\/wp-json\/wp\/v2\/posts\/56929\/revisions"}],"predecessor-version":[{"id":57932,"href":"https:\/\/www.estrategiaconcursos.com.br\/blog\/wp-json\/wp\/v2\/posts\/56929\/revisions\/57932"}],"wp:attachment":[{"href":"https:\/\/www.estrategiaconcursos.com.br\/blog\/wp-json\/wp\/v2\/media?parent=56929"}],"wp:term":[{"taxonomy":"category","embeddable":true,"href":"https:\/\/www.estrategiaconcursos.com.br\/blog\/wp-json\/wp\/v2\/categories?post=56929"},{"taxonomy":"post_tag","embeddable":true,"href":"https:\/\/www.estrategiaconcursos.com.br\/blog\/wp-json\/wp\/v2\/tags?post=56929"},{"taxonomy":"tax_estado","embeddable":true,"href":"https:\/\/www.estrategiaconcursos.com.br\/blog\/wp-json\/wp\/v2\/tax_estado?post=56929"}],"curies":[{"name":"wp","href":"https:\/\/api.w.org\/{rel}","templated":true}]}}