{"id":569264,"date":"2021-07-13T14:00:00","date_gmt":"2021-07-13T17:00:00","guid":{"rendered":"https:\/\/www.estrategiaconcursos.com.br\/blog\/?p=569264"},"modified":"2021-07-14T08:37:41","modified_gmt":"2021-07-14T11:37:41","slug":"pss-semas-pa","status":"publish","type":"post","link":"https:\/\/www.estrategiaconcursos.com.br\/blog\/pss-semas-pa\/","title":{"rendered":"PSS Semas PA: PUBLICADO edital com oferta de 42 vagas!"},"content":{"rendered":"\n<p>Foi publicado o edital do Processo Seletivo da Secretaria de Estado de Meio Ambiente e Sustentabilidade do Par\u00e1 (<strong>SEMAS PA<\/strong>). Ao todo, o documento ofertadas <strong>42 vagas<\/strong> para contrato de v\u00ednculo tempor\u00e1rio, destinadas \u00e0 substitui\u00e7\u00e3o de servidores distratados.<\/p>\n\n\n\n<p>Sob organiza\u00e7\u00e3o da <strong><a href=\"http:\/\/www.sipros.pa.gov.br\/\" target=\"_blank\" rel=\"noreferrer noopener\">SIPROS<\/a><\/strong>, os interessados na sele\u00e7\u00e3o dever\u00e3o se inscrever, exclusivamente, pelo site da banca organizadora, no per\u00edodo de <strong>14 a 15 de julho de 2021<\/strong>. <strong>N\u00c3O <\/strong>ser\u00e1 cobrada taxa de inscri\u00e7\u00e3o. Os cargos possuem o vencimento base de R$ 1.100,00 a R$ 2.809,37 mais benef\u00edcios.<\/p>\n\n\n\n<h2 class=\"wp-block-heading\" id=\"datas\">Principais datas do PSS Semas PA<\/h2>\n\n\n\n<p class=\"has-very-light-gray-background-color has-background\"><strong>Inscri\u00e7\u00f5es<\/strong>: 14 a 15\/07<br \/><strong>An\u00e1lise Documental e Curricular<\/strong>: 16, 19 e 20\/07<br \/><strong>Entrevistas<\/strong>: 28\/07<\/p>\n\n\n\n<h2 class=\"wp-block-heading\">Cargos e vagas do PSS Semas PA<\/h2>\n\n\n\n<h3 class=\"wp-block-heading\" id=\"h-n-vel-m-dio\">N\u00edvel m\u00e9dio <\/h3>\n\n\n\n<figure class=\"wp-block-table is-style-stripes\"><table class=\"has-subtle-pale-blue-background-color has-background\"><tbody><tr><td class=\"has-text-align-center\" data-align=\"center\"><strong>Cargos<\/strong><\/td><td class=\"has-text-align-center\" data-align=\"center\"><strong>Vagas<\/strong><\/td><td class=\"has-text-align-center\" data-align=\"center\"><strong>Remunera\u00e7\u00e3o<\/strong><\/td><\/tr><tr><td class=\"has-text-align-center\" data-align=\"center\">Assistente Administrativo<\/td><td class=\"has-text-align-center\" data-align=\"center\">05<\/td><td class=\"has-text-align-center\" data-align=\"center\">R$ 1.100,00<\/td><\/tr><\/tbody><\/table><\/figure>\n\n\n\n<h3 class=\"wp-block-heading\" id=\"h-n-vel-superior\">N\u00edvel superior<\/h3>\n\n\n\n<figure class=\"wp-block-table is-style-stripes\"><table class=\"has-subtle-pale-blue-background-color has-background\"><tbody><tr><td class=\"has-text-align-center\" data-align=\"center\"><strong>Cargos<\/strong><\/td><td class=\"has-text-align-center\" data-align=\"center\"><strong>Vagas<\/strong><\/td><td class=\"has-text-align-center\" data-align=\"center\"><strong>Remunera\u00e7\u00e3o<\/strong><\/td><\/tr><tr><td class=\"has-text-align-center\" data-align=\"center\">T\u00e9cnico em Gest\u00e3o (diversas \u00e1reas)<\/td><td class=\"has-text-align-center\" data-align=\"center\">37<\/td><td class=\"has-text-align-center\" data-align=\"center\">R$ 2.809,37<\/td><\/tr><\/tbody><\/table><\/figure>\n\n\n\n<h2 class=\"wp-block-heading\">Etapas do PSS Semas PA<\/h2>\n\n\n\n<p>O PSS Semas PA compreender\u00e1 as seguintes fases:<\/p>\n\n\n\n<ul class=\"wp-block-list\"><li><strong>Primeira Fase:<\/strong> Inscri\u00e7\u00e3o, de car\u00e1ter habilitat\u00f3rio;<\/li><li><strong>Segunda Fase:<\/strong> An\u00e1lise Documental e Curricular, de car\u00e1ter eliminat\u00f3rio e classificat\u00f3rio; e,<\/li><li><strong>Terceira Fase:<\/strong> Entrevista pessoal, com apresenta\u00e7\u00e3o da documenta\u00e7\u00e3o anexada no momento da inscri\u00e7\u00e3o no site, de car\u00e1ter eliminat\u00f3rio e classificat\u00f3rio. <\/li><\/ul>\n\n\n\n<h3 class=\"wp-block-heading\" id=\"h-inscri-es\">Inscri\u00e7\u00f5es<\/h3>\n\n\n\n<p>No ato da inscri\u00e7\u00e3o, ser\u00e1 necess\u00e1rio anexar documenta\u00e7\u00e3o comprobat\u00f3ria das informa\u00e7\u00f5es prestadas. No <a href=\"https:\/\/dhg1h5j42swfq.cloudfront.net\/2021\/07\/13160605\/edital-semas-pa-02-2021-1.pdf\" target=\"_blank\" rel=\"noreferrer noopener nofollow\">edital<\/a> est\u00e1 especificado todos os detalhes a respeito dos espec\u00edficos documentos para as fun\u00e7\u00f5es de n\u00edveis m\u00e9dio e superior.<\/p>\n\n\n\n<h3 class=\"wp-block-heading\" id=\"h-an-lise-documental-e-curricular\">An\u00e1lise Documental e Curricular <\/h3>\n\n\n\n<p>Ser\u00e3o analisadas somente as inscri\u00e7\u00f5es classificadas dentro do n\u00famero de 03 (tr\u00eas) vezes o n\u00famero de vagas para cada fun\u00e7\u00e3o de n\u00edveis m\u00e9dio e superior, pela ordem decrescente da pontua\u00e7\u00e3o obtida na 1\u00aa fase \u2013 Inscri\u00e7\u00e3o, respeitando o crit\u00e9rio de desempate. <\/p>\n\n\n\n<p>Para a segunda fase, ser\u00e3o analisadas pela Comiss\u00e3o do PSS as documenta\u00e7\u00f5es comprobat\u00f3rias apresentadas no ato da inscri\u00e7\u00e3o dos candidatos que obtiverem, no m\u00ednimo, nota 6,0 para os cargos de n\u00edvel superior e nota 11,0 para os cargos de n\u00edvel m\u00e9dio, observado, ainda, o limite m\u00e1ximo de 3 vezes o n\u00famero de vagas ofertadas para cada fun\u00e7\u00e3o, respeitando o crit\u00e9rio de desempate. <\/p>\n\n\n\n<div class=\"wp-block-image\"><figure class=\"aligncenter size-large is-resized\"><img loading=\"lazy\" decoding=\"async\" src=\"https:\/\/dhg1h5j42swfq.cloudfront.net\/2021\/07\/13155859\/image-283.png\" alt=\"An\u00e1lise documental PSS Semas PA\" class=\"wp-image-793775\" width=\"659\" height=\"254\" srcset=\"https:\/\/dhg1h5j42swfq.cloudfront.net\/2021\/07\/13155859\/image-283.png 820w, https:\/\/dhg1h5j42swfq.cloudfront.net\/2021\/07\/13155859\/image-283-300x116.png 300w, https:\/\/dhg1h5j42swfq.cloudfront.net\/2021\/07\/13155859\/image-283-768x297.png 768w, https:\/\/dhg1h5j42swfq.cloudfront.net\/2021\/07\/13155859\/image-283-610x236.png 610w\" sizes=\"auto, (max-width: 659px) 100vw, 659px\" \/><\/figure><\/div>\n\n\n\n<div class=\"wp-block-image\"><figure class=\"aligncenter size-large is-resized\"><img loading=\"lazy\" decoding=\"async\" src=\"https:\/\/dhg1h5j42swfq.cloudfront.net\/2021\/07\/13160013\/image-284.png\" alt=\"An\u00e1lise documental PSS Semas PA\" class=\"wp-image-793778\" width=\"676\" height=\"232\" srcset=\"https:\/\/dhg1h5j42swfq.cloudfront.net\/2021\/07\/13160013\/image-284.png 818w, https:\/\/dhg1h5j42swfq.cloudfront.net\/2021\/07\/13160013\/image-284-300x103.png 300w, https:\/\/dhg1h5j42swfq.cloudfront.net\/2021\/07\/13160013\/image-284-768x264.png 768w, https:\/\/dhg1h5j42swfq.cloudfront.net\/2021\/07\/13160013\/image-284-610x210.png 610w\" sizes=\"auto, (max-width: 676px) 100vw, 676px\" \/><figcaption>An\u00e1lise documental PSS Semas PA<\/figcaption><\/figure><\/div>\n\n\n\n<p>Somente ser\u00e3o pontuados, no campo \u201cQualifica\u00e7\u00e3o Profissional\u201d os certificados e\/ou diplomas e\/ou comprovantes correspondentes na \u00e1rea de atua\u00e7\u00e3o relacionada ao cargo em que concorre e que tenham sido expedidos nos \u00faltimos cinco anos, emitidos at\u00e9 a data da inscri\u00e7\u00e3o deste PSS.<\/p>\n\n\n\n<h3 class=\"wp-block-heading\" id=\"h-entrevista\">Entrevista <\/h3>\n\n\n\n<p>Ser\u00e3o convocados para entrevista somente os classificados na etapa anterior, para cada fun\u00e7\u00e3o pela ordem decrescente da pontua\u00e7\u00e3o obtida na An\u00e1lise Documental e Curricular, limitada a convoca\u00e7\u00e3o ao quantitativo de 03 vezes o n\u00famero de vagas ofertadas para cada fun\u00e7\u00e3o, respeitando o crit\u00e9rio de desempate. Ser\u00e1 aprovado nesta fase o candidato que obter a nota m\u00ednima de 6,0 pontos.<\/p>\n\n\n\n<p>As entrevistas ser\u00e3o realizadas na Sede da Secretaria de Estado de Meio Ambiente e Sustentabilidade em Bel\u00e9m\/PA. Para as vagas ofertadas aos Munic\u00edpios de Altamira, Marab\u00e1, Paragominas, Santar\u00e9m, Reden\u00e7\u00e3o, Itaituba e S\u00e3o F\u00e9lix do Xingu, as entrevistas ser\u00e3o realizadas nos N\u00facleos Regionais de Gest\u00e3o e Regularidade Ambiental\/NURE dos respectivos Munic\u00edpios.<\/p>\n\n\n\n<div class=\"wp-block-image\"><figure class=\"aligncenter size-large is-resized\"><img loading=\"lazy\" decoding=\"async\" src=\"https:\/\/dhg1h5j42swfq.cloudfront.net\/2021\/07\/13160135\/image-285.png\" alt=\"Crit\u00e9rio etapa de entrevista PSS Semas PA\" class=\"wp-image-793783\" width=\"548\" height=\"467\" srcset=\"https:\/\/dhg1h5j42swfq.cloudfront.net\/2021\/07\/13160135\/image-285.png 812w, https:\/\/dhg1h5j42swfq.cloudfront.net\/2021\/07\/13160135\/image-285-300x256.png 300w, https:\/\/dhg1h5j42swfq.cloudfront.net\/2021\/07\/13160135\/image-285-768x655.png 768w, https:\/\/dhg1h5j42swfq.cloudfront.net\/2021\/07\/13160135\/image-285-610x520.png 610w\" sizes=\"auto, (max-width: 548px) 100vw, 548px\" \/><figcaption>Crit\u00e9rio etapa de entrevista PSS Semas PA<\/figcaption><\/figure><\/div>\n\n\n\n<hr class=\"wp-block-separator\"\/>\n\n\n\n<h4 class=\"has-text-align-center has-vivid-cyan-blue-color has-text-color wp-block-heading\" id=\"h-2-semana-nacional-dos-concursos-p-blicos-de-12-a-19-07-clique-no-banner-para-participar\">2\u00aa Semana Nacional dos Concursos P\u00fablicos, de 12 a 19\/07! Clique no banner para participar!<\/h4>\n\n\n\n<div class=\"wp-block-image\"><figure class=\"aligncenter size-large\"><a href=\"https:\/\/gratis.estrategiaconcursos.com.br\/2-semana-nacional-concursos\/\" target=\"_blank\" rel=\"noopener\"><img loading=\"lazy\" decoding=\"async\" width=\"1024\" height=\"274\" src=\"https:\/\/dhg1h5j42swfq.cloudfront.net\/2021\/07\/06114343\/2a-semana-nacional-dos-1024x274.png\" alt=\"2\u00aa Semana Nacional dos Concursos P\u00fablicos, de 12 a 19\/07! Clique no banner para participar!\" class=\"wp-image-788250\" srcset=\"https:\/\/dhg1h5j42swfq.cloudfront.net\/2021\/07\/06114343\/2a-semana-nacional-dos-1024x274.png 1024w, https:\/\/dhg1h5j42swfq.cloudfront.net\/2021\/07\/06114343\/2a-semana-nacional-dos-300x80.png 300w, https:\/\/dhg1h5j42swfq.cloudfront.net\/2021\/07\/06114343\/2a-semana-nacional-dos-768x206.png 768w, https:\/\/dhg1h5j42swfq.cloudfront.net\/2021\/07\/06114343\/2a-semana-nacional-dos-1536x411.png 1536w, https:\/\/dhg1h5j42swfq.cloudfront.net\/2021\/07\/06114343\/2a-semana-nacional-dos-610x163.png 610w, https:\/\/dhg1h5j42swfq.cloudfront.net\/2021\/07\/06114343\/2a-semana-nacional-dos.png 1920w\" sizes=\"auto, (max-width: 1024px) 100vw, 1024px\" \/><\/a><\/figure><\/div>\n\n\n\n<h2 class=\"has-text-align-center wp-block-heading\" id=\"curso\"><strong>Quer estudar para o concurso PSS Semas PA?<\/strong><\/h2>\n\n\n\n<div class=\"container\" id=\"boxes\">\n  <div class=\"row\">\n\n    <div class=\"col-sm\">\n      <div class=\"banner-adm\" id=\"box-assinatura\">\n        <h3 class=\"titulo-assinatura\">Concurso PSS Semas PA<\/h3>\n        <p class=\"subtitulo-assinatura\">Conhe\u00e7a os cursos<\/p>\n        <div class=\"box-botao\">\n          <a class=\"btn-assinatura\" target=\"_blank\" href=\"https:\/\/www.estrategiaconcursos.com.br\/pesquisa\/?q=cursos\" rel=\"noopener\">Conhe\u00e7a mais<\/a>\n        <\/div>\n      <\/div>\n      \n    <\/div>\n\n  <\/div>\n<\/div>\n\n\n\n<div class=\"container\" id=\"boxes\">\n  <div class=\"row\">\n\n    <div class=\"col-sm\">\n      <div class=\"estrategia\" id=\"box-assinatura\">\n        <h3 class=\"titulo-assinatura\">Assinatura Concursos<\/h3>\n        <p class=\"subtitulo-assinatura\">Assinatura de 1 ano ou 2 anos<\/p>\n        <div class=\"box-botao\">\n          <a class=\"btn-assinatura\" target=\"_blank\" href=\"https:\/\/www.estrategiaconcursos.com.br\/assinaturas\/\" role=\"button\" rel=\"noopener noreferrer\">ASSINE AGORA<\/a>\n        <\/div>\n      <\/div><\/div><\/div><\/div>\n\n\n\n<div class=\"container\" id=\"boxes\">\n  <div class=\"row\">\n\n    <div class=\"col-sm\" id=\"boxes-concursos\">\n      <div style=\"background-color: #005DAD;\" class=\"conteudo-concursos\" id=\"box-concursos\">\n        <h3 class=\"titulo-assinatura\">Concursos Abertos<\/h3>\n        <p class=\"subtitulo-assinatura\">Confira os editais publicados<\/p>\n        <div class=\"box-botao\">\n          <a class=\"btn-assinatura\" target=\"_blank\" href=\"https:\/\/www.estrategiaconcursos.com.br\/blog\/concursos-abertos\/\" role=\"button\" rel=\"noopener noreferrer\">Conhe\u00e7a Agora<\/a>\n        <\/div>\n      <\/div>\n    <\/div>\n\n    <div class=\"col-sm\" id=\"boxes-concursos\">\n      <div style=\"background-color: #1A7ED5;\" class=\"conteudo-concursos\" id=\"box-concursos\">\n        <h3 class=\"titulo-assinatura\">Concursos 2021<\/h3>\n        <p class=\"subtitulo-assinatura\">As oportunidades previstas<\/p>\n        <div class=\"box-botao\">\n          <a class=\"btn-assinatura\" target=\"_blank\" href=\"https:\/\/www.estrategiaconcursos.com.br\/blog\/concursos-2021\/\" role=\"button\" rel=\"noopener noreferrer\">Conhe\u00e7a Agora<\/a>\n        <\/div>\n      <\/div>\n    <\/div>\n\n    <div class=\"col-sm\" id=\"boxes-concursos\">\n      <div style=\"background-color: #419FF0;\" class=\"conteudo-concursos\" id=\"box-concursos\">\n        <h3 class=\"titulo-assinatura\">Concursos 2022<\/h3>\n        <p class=\"subtitulo-assinatura\">Vagas para o pr\u00f3ximo ano<\/p>\n        <div class=\"box-botao\">\n          <a class=\"btn-assinatura\" target=\"_blank\" href=\"https:\/\/www.estrategiaconcursos.com.br\/blog\/concursos-2022\/\" role=\"button\" rel=\"noopener noreferrer\">Conhe\u00e7a Agora<\/a>\n        <\/div>\n      <\/div>\n    <\/div>\n\n  <\/div>\n<\/div>\n\n\n\n<figure class=\"wp-block-image size-large is-resized\"><img loading=\"lazy\" decoding=\"async\" src=\"https:\/\/dhg1h5j42swfq.cloudfront.net\/2021\/06\/29115502\/ficha-tecnica-7-1024x632.png\" alt=\"Informa\u00e7\u00f5es do PSS Semas PA\" class=\"wp-image-780263\" width=\"242\" height=\"149\" srcset=\"https:\/\/dhg1h5j42swfq.cloudfront.net\/2021\/06\/29115502\/ficha-tecnica-7-1024x632.png 1024w, https:\/\/dhg1h5j42swfq.cloudfront.net\/2021\/06\/29115502\/ficha-tecnica-7-300x185.png 300w, https:\/\/dhg1h5j42swfq.cloudfront.net\/2021\/06\/29115502\/ficha-tecnica-7-768x474.png 768w, https:\/\/dhg1h5j42swfq.cloudfront.net\/2021\/06\/29115502\/ficha-tecnica-7-1536x948.png 1536w, https:\/\/dhg1h5j42swfq.cloudfront.net\/2021\/06\/29115502\/ficha-tecnica-7-610x377.png 610w, https:\/\/dhg1h5j42swfq.cloudfront.net\/2021\/06\/29115502\/ficha-tecnica-7.png 1571w\" sizes=\"auto, (max-width: 242px) 100vw, 242px\" \/><\/figure>\n\n\n\n<h3 class=\"wp-block-heading\" id=\"ficha\"><strong>Informa\u00e7\u00f5es do PSS <\/strong>Semas PA<\/h3>\n\n\n\n<ul class=\"wp-block-list\"><li><strong>An\u00e1lise Documental e Curricular<\/strong>: 16, 19 e 20\/07\/2021<\/li><li><strong>Vagas<\/strong>: 42<\/li><li><strong>Cargos<\/strong>: Diversos<\/li><li><strong>Banca<\/strong>: SIPROS<\/li><li><strong>Escolaridade<\/strong>: N\u00edveis m\u00e9dio e superior<\/li><li><a href=\"https:\/\/dhg1h5j42swfq.cloudfront.net\/2021\/07\/13160605\/edital-semas-pa-02-2021-1.pdf\" target=\"_blank\" rel=\"noreferrer noopener nofollow\"><strong>Edital PSS Semas<\/strong> <strong>2021<\/strong><\/a><\/li><\/ul>\n","protected":false},"excerpt":{"rendered":"<p>Foi publicado o edital do Processo Seletivo da Secretaria de Estado de Meio Ambiente e Sustentabilidade do Par\u00e1 (SEMAS PA). Ao todo, o documento ofertadas 42 vagas para contrato de v\u00ednculo tempor\u00e1rio, destinadas \u00e0 substitui\u00e7\u00e3o de servidores distratados. Sob organiza\u00e7\u00e3o da SIPROS, os interessados na sele\u00e7\u00e3o dever\u00e3o se inscrever, exclusivamente, pelo site da banca organizadora, [&hellip;]<\/p>\n","protected":false},"author":1,"featured_media":772655,"comment_status":"open","ping_status":"closed","sticky":false,"template":"","format":"standard","meta":{"post_tipo":"news_page","footnotes":""},"categories":[214992],"tags":[],"tax_estado":[219977],"class_list":["post-569264","post","type-post","status-publish","format-standard","has-post-thumbnail","hentry","category-concursos-administrativos","tax_estado-pa"],"acf":[],"yoast_head":"<!-- This site is optimized with the Yoast SEO Premium plugin v27.2 (Yoast SEO v27.2) - https:\/\/yoast.com\/product\/yoast-seo-premium-wordpress\/ -->\n<title>PSS Semas PA: PUBLICADO edital com oferta de 42 vagas!<\/title>\n<meta name=\"description\" content=\"PSS Semas PA: SAIU edital com oferta de 42 vagas tempor\u00e1rias distribu\u00eddas entre cargos de n\u00edvel m\u00e9dio e superior. SAIBA MAIS!\" \/>\n<meta name=\"robots\" content=\"index, follow, max-snippet:-1, max-image-preview:large, max-video-preview:-1\" \/>\n<link rel=\"canonical\" href=\"https:\/\/www.estrategiaconcursos.com.br\/blog\/pss-semas-pa\/\" \/>\n<meta property=\"og:locale\" content=\"pt_BR\" \/>\n<meta property=\"og:type\" content=\"article\" \/>\n<meta property=\"og:title\" content=\"PSS Semas PA: PUBLICADO edital com oferta de 42 vagas!\" \/>\n<meta property=\"og:description\" content=\"PSS Semas PA: SAIU edital com oferta de 42 vagas tempor\u00e1rias distribu\u00eddas entre cargos de n\u00edvel m\u00e9dio e superior. SAIBA MAIS!\" \/>\n<meta property=\"og:url\" content=\"https:\/\/www.estrategiaconcursos.com.br\/blog\/pss-semas-pa\/\" \/>\n<meta property=\"og:site_name\" content=\"Estrat\u00e9gia Concursos\" \/>\n<meta property=\"article:author\" content=\"https:\/\/www.facebook.com\/EstrategiaConcursos\" \/>\n<meta property=\"article:published_time\" content=\"2021-07-13T17:00:00+00:00\" \/>\n<meta property=\"article:modified_time\" content=\"2021-07-14T11:37:41+00:00\" \/>\n<meta property=\"og:image\" content=\"https:\/\/dhg1h5j42swfq.cloudfront.net\/2021\/06\/21132552\/saiu-edital-1.jpg\" \/>\n\t<meta property=\"og:image:width\" content=\"1200\" \/>\n\t<meta property=\"og:image:height\" content=\"628\" \/>\n\t<meta property=\"og:image:type\" content=\"image\/jpeg\" \/>\n<meta name=\"author\" content=\"Coordena\u00e7\u00e3o\" \/>\n<meta name=\"twitter:card\" content=\"summary_large_image\" \/>\n<meta name=\"twitter:creator\" content=\"@EstratConcursos\" \/>\n<meta name=\"twitter:site\" content=\"@EstratConcursos\" \/>\n<meta name=\"twitter:label1\" content=\"Escrito por\" \/>\n\t<meta name=\"twitter:data1\" content=\"Coordena\u00e7\u00e3o\" \/>\n\t<meta name=\"twitter:label2\" content=\"Est. tempo de leitura\" \/>\n\t<meta name=\"twitter:data2\" content=\"4 minutos\" \/>\n<script type=\"application\/ld+json\" class=\"yoast-schema-graph\">{\"@context\":\"https:\/\/schema.org\",\"@graph\":[{\"@type\":\"NewsArticle\",\"@id\":\"https:\/\/www.estrategiaconcursos.com.br\/blog\/pss-semas-pa\/#article\",\"isPartOf\":{\"@id\":\"https:\/\/www.estrategiaconcursos.com.br\/blog\/pss-semas-pa\/\"},\"author\":{\"name\":\"Coordena\u00e7\u00e3o\",\"@id\":\"https:\/\/www.estrategiaconcursos.com.br\/blog\/#\/schema\/person\/b4a388c97673c5f483d72185668afa1f\"},\"headline\":\"PSS Semas PA: PUBLICADO edital com oferta de 42 vagas!\",\"datePublished\":\"2021-07-13T17:00:00+00:00\",\"dateModified\":\"2021-07-14T11:37:41+00:00\",\"mainEntityOfPage\":{\"@id\":\"https:\/\/www.estrategiaconcursos.com.br\/blog\/pss-semas-pa\/\"},\"wordCount\":664,\"commentCount\":0,\"publisher\":{\"@id\":\"https:\/\/www.estrategiaconcursos.com.br\/blog\/#organization\"},\"image\":{\"@id\":\"https:\/\/www.estrategiaconcursos.com.br\/blog\/pss-semas-pa\/#primaryimage\"},\"thumbnailUrl\":\"https:\/\/dhg1h5j42swfq.cloudfront.net\/2021\/06\/21132552\/saiu-edital-1.jpg\",\"articleSection\":[\"Executivo (Administrativa)\"],\"inLanguage\":\"pt-BR\",\"potentialAction\":[{\"@type\":\"CommentAction\",\"name\":\"Comment\",\"target\":[\"https:\/\/www.estrategiaconcursos.com.br\/blog\/pss-semas-pa\/#respond\"]}],\"copyrightYear\":\"2021\",\"copyrightHolder\":{\"@id\":\"https:\/\/www.estrategiaconcursos.com.br\/blog\/#organization\"}},{\"@type\":\"WebPage\",\"@id\":\"https:\/\/www.estrategiaconcursos.com.br\/blog\/pss-semas-pa\/\",\"url\":\"https:\/\/www.estrategiaconcursos.com.br\/blog\/pss-semas-pa\/\",\"name\":\"PSS Semas PA: PUBLICADO edital com oferta de 42 vagas!\",\"isPartOf\":{\"@id\":\"https:\/\/www.estrategiaconcursos.com.br\/blog\/#website\"},\"primaryImageOfPage\":{\"@id\":\"https:\/\/www.estrategiaconcursos.com.br\/blog\/pss-semas-pa\/#primaryimage\"},\"image\":{\"@id\":\"https:\/\/www.estrategiaconcursos.com.br\/blog\/pss-semas-pa\/#primaryimage\"},\"thumbnailUrl\":\"https:\/\/dhg1h5j42swfq.cloudfront.net\/2021\/06\/21132552\/saiu-edital-1.jpg\",\"datePublished\":\"2021-07-13T17:00:00+00:00\",\"dateModified\":\"2021-07-14T11:37:41+00:00\",\"description\":\"PSS Semas PA: SAIU edital com oferta de 42 vagas tempor\u00e1rias distribu\u00eddas entre cargos de n\u00edvel m\u00e9dio e superior. SAIBA MAIS!\",\"breadcrumb\":{\"@id\":\"https:\/\/www.estrategiaconcursos.com.br\/blog\/pss-semas-pa\/#breadcrumb\"},\"inLanguage\":\"pt-BR\",\"potentialAction\":[{\"@type\":\"ReadAction\",\"target\":[\"https:\/\/www.estrategiaconcursos.com.br\/blog\/pss-semas-pa\/\"]}]},{\"@type\":\"ImageObject\",\"inLanguage\":\"pt-BR\",\"@id\":\"https:\/\/www.estrategiaconcursos.com.br\/blog\/pss-semas-pa\/#primaryimage\",\"url\":\"https:\/\/dhg1h5j42swfq.cloudfront.net\/2021\/06\/21132552\/saiu-edital-1.jpg\",\"contentUrl\":\"https:\/\/dhg1h5j42swfq.cloudfront.net\/2021\/06\/21132552\/saiu-edital-1.jpg\",\"width\":1200,\"height\":628},{\"@type\":\"BreadcrumbList\",\"@id\":\"https:\/\/www.estrategiaconcursos.com.br\/blog\/pss-semas-pa\/#breadcrumb\",\"itemListElement\":[{\"@type\":\"ListItem\",\"position\":1,\"name\":\"In\u00edcio\",\"item\":\"https:\/\/www.estrategiaconcursos.com.br\/blog\/\"},{\"@type\":\"ListItem\",\"position\":2,\"name\":\"PSS Semas PA: PUBLICADO edital com oferta de 42 vagas!\"}]},{\"@type\":\"WebSite\",\"@id\":\"https:\/\/www.estrategiaconcursos.com.br\/blog\/#website\",\"url\":\"https:\/\/www.estrategiaconcursos.com.br\/blog\/\",\"name\":\"Estrat\u00e9gia Concursos\",\"description\":\"O blog da Estrat\u00e9gia Concursos traz not\u00edcias sobre concursos e artigos de professores oferecendo cursos para concursos (pdf + videaulas) no site.\",\"publisher\":{\"@id\":\"https:\/\/www.estrategiaconcursos.com.br\/blog\/#organization\"},\"potentialAction\":[{\"@type\":\"SearchAction\",\"target\":{\"@type\":\"EntryPoint\",\"urlTemplate\":\"https:\/\/www.estrategiaconcursos.com.br\/blog\/?s={search_term_string}\"},\"query-input\":{\"@type\":\"PropertyValueSpecification\",\"valueRequired\":true,\"valueName\":\"search_term_string\"}}],\"inLanguage\":\"pt-BR\"},{\"@type\":\"Organization\",\"@id\":\"https:\/\/www.estrategiaconcursos.com.br\/blog\/#organization\",\"name\":\"Estrat\u00e9gia Concursos\",\"url\":\"https:\/\/www.estrategiaconcursos.com.br\/blog\/\",\"logo\":{\"@type\":\"ImageObject\",\"inLanguage\":\"pt-BR\",\"@id\":\"https:\/\/www.estrategiaconcursos.com.br\/blog\/#\/schema\/logo\/image\/\",\"url\":\"https:\/\/dhg1h5j42swfq.cloudfront.net\/2025\/06\/03203428\/logo_concursos-1.jpg\",\"contentUrl\":\"https:\/\/dhg1h5j42swfq.cloudfront.net\/2025\/06\/03203428\/logo_concursos-1.jpg\",\"width\":230,\"height\":60,\"caption\":\"Estrat\u00e9gia Concursos\"},\"image\":{\"@id\":\"https:\/\/www.estrategiaconcursos.com.br\/blog\/#\/schema\/logo\/image\/\"},\"sameAs\":[\"https:\/\/x.com\/EstratConcursos\"]},{\"@type\":\"Person\",\"@id\":\"https:\/\/www.estrategiaconcursos.com.br\/blog\/#\/schema\/person\/b4a388c97673c5f483d72185668afa1f\",\"name\":\"Coordena\u00e7\u00e3o\",\"image\":{\"@type\":\"ImageObject\",\"inLanguage\":\"pt-BR\",\"@id\":\"https:\/\/secure.gravatar.com\/avatar\/b720319e4c9a967eb58678d110f4fe35452fc5d5f97b202bac7b8acceb18c6ad?s=96&d=mm&r=g\",\"url\":\"https:\/\/secure.gravatar.com\/avatar\/b720319e4c9a967eb58678d110f4fe35452fc5d5f97b202bac7b8acceb18c6ad?s=96&d=mm&r=g\",\"contentUrl\":\"https:\/\/secure.gravatar.com\/avatar\/b720319e4c9a967eb58678d110f4fe35452fc5d5f97b202bac7b8acceb18c6ad?s=96&d=mm&r=g\",\"caption\":\"Coordena\u00e7\u00e3o\"},\"sameAs\":[\"https:\/\/www.facebook.com\/EstrategiaConcursos\",\"https:\/\/x.com\/EstratConcursos\"],\"url\":\"https:\/\/www.estrategiaconcursos.com.br\/blog\/author\/estrategia2013\/\"}]}<\/script>\n<!-- \/ Yoast SEO Premium plugin. -->","yoast_head_json":{"title":"PSS Semas PA: PUBLICADO edital com oferta de 42 vagas!","description":"PSS Semas PA: SAIU edital com oferta de 42 vagas tempor\u00e1rias distribu\u00eddas entre cargos de n\u00edvel m\u00e9dio e superior. SAIBA MAIS!","robots":{"index":"index","follow":"follow","max-snippet":"max-snippet:-1","max-image-preview":"max-image-preview:large","max-video-preview":"max-video-preview:-1"},"canonical":"https:\/\/www.estrategiaconcursos.com.br\/blog\/pss-semas-pa\/","og_locale":"pt_BR","og_type":"article","og_title":"PSS Semas PA: PUBLICADO edital com oferta de 42 vagas!","og_description":"PSS Semas PA: SAIU edital com oferta de 42 vagas tempor\u00e1rias distribu\u00eddas entre cargos de n\u00edvel m\u00e9dio e superior. SAIBA MAIS!","og_url":"https:\/\/www.estrategiaconcursos.com.br\/blog\/pss-semas-pa\/","og_site_name":"Estrat\u00e9gia Concursos","article_author":"https:\/\/www.facebook.com\/EstrategiaConcursos","article_published_time":"2021-07-13T17:00:00+00:00","article_modified_time":"2021-07-14T11:37:41+00:00","og_image":[{"width":1200,"height":628,"url":"https:\/\/dhg1h5j42swfq.cloudfront.net\/2021\/06\/21132552\/saiu-edital-1.jpg","type":"image\/jpeg"}],"author":"Coordena\u00e7\u00e3o","twitter_card":"summary_large_image","twitter_creator":"@EstratConcursos","twitter_site":"@EstratConcursos","twitter_misc":{"Escrito por":"Coordena\u00e7\u00e3o","Est. tempo de leitura":"4 minutos"},"schema":{"@context":"https:\/\/schema.org","@graph":[{"@type":"NewsArticle","@id":"https:\/\/www.estrategiaconcursos.com.br\/blog\/pss-semas-pa\/#article","isPartOf":{"@id":"https:\/\/www.estrategiaconcursos.com.br\/blog\/pss-semas-pa\/"},"author":{"name":"Coordena\u00e7\u00e3o","@id":"https:\/\/www.estrategiaconcursos.com.br\/blog\/#\/schema\/person\/b4a388c97673c5f483d72185668afa1f"},"headline":"PSS Semas PA: PUBLICADO edital com oferta de 42 vagas!","datePublished":"2021-07-13T17:00:00+00:00","dateModified":"2021-07-14T11:37:41+00:00","mainEntityOfPage":{"@id":"https:\/\/www.estrategiaconcursos.com.br\/blog\/pss-semas-pa\/"},"wordCount":664,"commentCount":0,"publisher":{"@id":"https:\/\/www.estrategiaconcursos.com.br\/blog\/#organization"},"image":{"@id":"https:\/\/www.estrategiaconcursos.com.br\/blog\/pss-semas-pa\/#primaryimage"},"thumbnailUrl":"https:\/\/dhg1h5j42swfq.cloudfront.net\/2021\/06\/21132552\/saiu-edital-1.jpg","articleSection":["Executivo (Administrativa)"],"inLanguage":"pt-BR","potentialAction":[{"@type":"CommentAction","name":"Comment","target":["https:\/\/www.estrategiaconcursos.com.br\/blog\/pss-semas-pa\/#respond"]}],"copyrightYear":"2021","copyrightHolder":{"@id":"https:\/\/www.estrategiaconcursos.com.br\/blog\/#organization"}},{"@type":"WebPage","@id":"https:\/\/www.estrategiaconcursos.com.br\/blog\/pss-semas-pa\/","url":"https:\/\/www.estrategiaconcursos.com.br\/blog\/pss-semas-pa\/","name":"PSS Semas PA: PUBLICADO edital com oferta de 42 vagas!","isPartOf":{"@id":"https:\/\/www.estrategiaconcursos.com.br\/blog\/#website"},"primaryImageOfPage":{"@id":"https:\/\/www.estrategiaconcursos.com.br\/blog\/pss-semas-pa\/#primaryimage"},"image":{"@id":"https:\/\/www.estrategiaconcursos.com.br\/blog\/pss-semas-pa\/#primaryimage"},"thumbnailUrl":"https:\/\/dhg1h5j42swfq.cloudfront.net\/2021\/06\/21132552\/saiu-edital-1.jpg","datePublished":"2021-07-13T17:00:00+00:00","dateModified":"2021-07-14T11:37:41+00:00","description":"PSS Semas PA: SAIU edital com oferta de 42 vagas tempor\u00e1rias distribu\u00eddas entre cargos de n\u00edvel m\u00e9dio e superior. SAIBA MAIS!","breadcrumb":{"@id":"https:\/\/www.estrategiaconcursos.com.br\/blog\/pss-semas-pa\/#breadcrumb"},"inLanguage":"pt-BR","potentialAction":[{"@type":"ReadAction","target":["https:\/\/www.estrategiaconcursos.com.br\/blog\/pss-semas-pa\/"]}]},{"@type":"ImageObject","inLanguage":"pt-BR","@id":"https:\/\/www.estrategiaconcursos.com.br\/blog\/pss-semas-pa\/#primaryimage","url":"https:\/\/dhg1h5j42swfq.cloudfront.net\/2021\/06\/21132552\/saiu-edital-1.jpg","contentUrl":"https:\/\/dhg1h5j42swfq.cloudfront.net\/2021\/06\/21132552\/saiu-edital-1.jpg","width":1200,"height":628},{"@type":"BreadcrumbList","@id":"https:\/\/www.estrategiaconcursos.com.br\/blog\/pss-semas-pa\/#breadcrumb","itemListElement":[{"@type":"ListItem","position":1,"name":"In\u00edcio","item":"https:\/\/www.estrategiaconcursos.com.br\/blog\/"},{"@type":"ListItem","position":2,"name":"PSS Semas PA: PUBLICADO edital com oferta de 42 vagas!"}]},{"@type":"WebSite","@id":"https:\/\/www.estrategiaconcursos.com.br\/blog\/#website","url":"https:\/\/www.estrategiaconcursos.com.br\/blog\/","name":"Estrat\u00e9gia Concursos","description":"O blog da Estrat\u00e9gia Concursos traz not\u00edcias sobre concursos e artigos de professores oferecendo cursos para concursos (pdf + videaulas) no site.","publisher":{"@id":"https:\/\/www.estrategiaconcursos.com.br\/blog\/#organization"},"potentialAction":[{"@type":"SearchAction","target":{"@type":"EntryPoint","urlTemplate":"https:\/\/www.estrategiaconcursos.com.br\/blog\/?s={search_term_string}"},"query-input":{"@type":"PropertyValueSpecification","valueRequired":true,"valueName":"search_term_string"}}],"inLanguage":"pt-BR"},{"@type":"Organization","@id":"https:\/\/www.estrategiaconcursos.com.br\/blog\/#organization","name":"Estrat\u00e9gia Concursos","url":"https:\/\/www.estrategiaconcursos.com.br\/blog\/","logo":{"@type":"ImageObject","inLanguage":"pt-BR","@id":"https:\/\/www.estrategiaconcursos.com.br\/blog\/#\/schema\/logo\/image\/","url":"https:\/\/dhg1h5j42swfq.cloudfront.net\/2025\/06\/03203428\/logo_concursos-1.jpg","contentUrl":"https:\/\/dhg1h5j42swfq.cloudfront.net\/2025\/06\/03203428\/logo_concursos-1.jpg","width":230,"height":60,"caption":"Estrat\u00e9gia Concursos"},"image":{"@id":"https:\/\/www.estrategiaconcursos.com.br\/blog\/#\/schema\/logo\/image\/"},"sameAs":["https:\/\/x.com\/EstratConcursos"]},{"@type":"Person","@id":"https:\/\/www.estrategiaconcursos.com.br\/blog\/#\/schema\/person\/b4a388c97673c5f483d72185668afa1f","name":"Coordena\u00e7\u00e3o","image":{"@type":"ImageObject","inLanguage":"pt-BR","@id":"https:\/\/secure.gravatar.com\/avatar\/b720319e4c9a967eb58678d110f4fe35452fc5d5f97b202bac7b8acceb18c6ad?s=96&d=mm&r=g","url":"https:\/\/secure.gravatar.com\/avatar\/b720319e4c9a967eb58678d110f4fe35452fc5d5f97b202bac7b8acceb18c6ad?s=96&d=mm&r=g","contentUrl":"https:\/\/secure.gravatar.com\/avatar\/b720319e4c9a967eb58678d110f4fe35452fc5d5f97b202bac7b8acceb18c6ad?s=96&d=mm&r=g","caption":"Coordena\u00e7\u00e3o"},"sameAs":["https:\/\/www.facebook.com\/EstrategiaConcursos","https:\/\/x.com\/EstratConcursos"],"url":"https:\/\/www.estrategiaconcursos.com.br\/blog\/author\/estrategia2013\/"}]}},"_links":{"self":[{"href":"https:\/\/www.estrategiaconcursos.com.br\/blog\/wp-json\/wp\/v2\/posts\/569264","targetHints":{"allow":["GET"]}}],"collection":[{"href":"https:\/\/www.estrategiaconcursos.com.br\/blog\/wp-json\/wp\/v2\/posts"}],"about":[{"href":"https:\/\/www.estrategiaconcursos.com.br\/blog\/wp-json\/wp\/v2\/types\/post"}],"author":[{"embeddable":true,"href":"https:\/\/www.estrategiaconcursos.com.br\/blog\/wp-json\/wp\/v2\/users\/1"}],"replies":[{"embeddable":true,"href":"https:\/\/www.estrategiaconcursos.com.br\/blog\/wp-json\/wp\/v2\/comments?post=569264"}],"version-history":[{"count":15,"href":"https:\/\/www.estrategiaconcursos.com.br\/blog\/wp-json\/wp\/v2\/posts\/569264\/revisions"}],"predecessor-version":[{"id":794294,"href":"https:\/\/www.estrategiaconcursos.com.br\/blog\/wp-json\/wp\/v2\/posts\/569264\/revisions\/794294"}],"wp:featuredmedia":[{"embeddable":true,"href":"https:\/\/www.estrategiaconcursos.com.br\/blog\/wp-json\/wp\/v2\/media\/772655"}],"wp:attachment":[{"href":"https:\/\/www.estrategiaconcursos.com.br\/blog\/wp-json\/wp\/v2\/media?parent=569264"}],"wp:term":[{"taxonomy":"category","embeddable":true,"href":"https:\/\/www.estrategiaconcursos.com.br\/blog\/wp-json\/wp\/v2\/categories?post=569264"},{"taxonomy":"post_tag","embeddable":true,"href":"https:\/\/www.estrategiaconcursos.com.br\/blog\/wp-json\/wp\/v2\/tags?post=569264"},{"taxonomy":"tax_estado","embeddable":true,"href":"https:\/\/www.estrategiaconcursos.com.br\/blog\/wp-json\/wp\/v2\/tax_estado?post=569264"}],"curies":[{"name":"wp","href":"https:\/\/api.w.org\/{rel}","templated":true}]}}