{"id":569093,"date":"2020-09-08T18:28:11","date_gmt":"2020-09-08T21:28:11","guid":{"rendered":"https:\/\/www.estrategiaconcursos.com.br\/blog\/?p=569093"},"modified":"2020-09-18T12:37:10","modified_gmt":"2020-09-18T15:37:10","slug":"trilha-estrategica-para-mps","status":"publish","type":"post","link":"https:\/\/www.estrategiaconcursos.com.br\/blog\/trilha-estrategica-para-mps\/","title":{"rendered":"Trilha Estrat\u00e9gica para MPs: lan\u00e7amento nesta ter\u00e7a. N\u00e3o perca!"},"content":{"rendered":"\n<p>Os professores <strong>Alex Fadel e Guilherme Rezende<\/strong> ministram nesta ter\u00e7a-feira, 08 de setembro de 2020, \u00e0s 19:00, o evento \u201c<em>Lan\u00e7amento da Trilha Estrat\u00e9gica para MPs<\/em>\u201d. Acompanhe ao vivo e gratuitamente no canal do Estrat\u00e9gia Carreira Jur\u00eddica.<\/p>\n\n\n\n<h4 class=\"wp-block-heading\">Trilha Estrat\u00e9gica para MPs \u2013 Cronograma<\/h4>\n\n\n\n<p><strong>Data<\/strong>: 08 de setembro de 2020<br \/><strong>Hor\u00e1rio<\/strong>: 19:00<br \/><strong>Onde<\/strong>:&nbsp;<a rel=\"noreferrer noopener\" href=\"https:\/\/www.youtube.com\/c\/Estrat%C3%A9giaCarreiraJur%C3%ADdica\/videos?view=2&amp;live_view=502\" target=\"_blank\">Canal do Estrat\u00e9gia Carreira Jur\u00eddica no Youtube<\/a><br \/><strong>Professor<\/strong>: Alex Fadel e Guilherme Rezende<\/p>\n\n\n<figure class=\"wp-block-embed-youtube wp-block-embed is-type-video is-provider-youtube wp-embed-aspect-16-9 wp-has-aspect-ratio\"><div class=\"lyte-wrapper\" style=\"width:853px;max-width:100%;margin:5px;\"><div class=\"lyMe\" id=\"WYL_sx7nmJtn-Nc\"><div id=\"lyte_sx7nmJtn-Nc\" data-src=\"\/\/i.ytimg.com\/vi\/sx7nmJtn-Nc\/hqdefault.jpg\" class=\"pL\"><div class=\"tC\"><div class=\"tT\"><\/div><\/div><div class=\"play\"><\/div><div class=\"ctrl\"><div class=\"Lctrl\"><\/div><div class=\"Rctrl\"><\/div><\/div><\/div><noscript><a href=\"https:\/\/youtu.be\/sx7nmJtn-Nc\" rel=\"nofollow\"><img loading=\"lazy\" decoding=\"async\" src=\"https:\/\/i.ytimg.com\/vi\/sx7nmJtn-Nc\/0.jpg\" alt=\"YouTube video thumbnail\" width=\"853\" height=\"460\" \/><br \/>Assista a este v\u00eddeo no YouTube<\/a><\/noscript><\/div><\/div><div class=\"lL\" style=\"max-width:100%;width:853px;margin:5px;\"><\/div><figcaption><\/figcaption><\/figure>\n\n\n<h4 class=\"wp-block-heading\">Trilha Estrat\u00e9gica para MPs \u2013 Curiosidades<\/h4>\n\n\n\n<p>O concurso para Promotor de Justi\u00e7a dos Estados \u00e9 um dos mais concorridos em todo o pa\u00eds, j\u00e1 que leva a uma carreira importante e  renomada no sistema jur\u00eddico, essencial para a Administra\u00e7\u00e3o P\u00fablica e para o acesso \u00e0 Justi\u00e7a. <\/p>\n\n\n\n<p>Depois de aprovado no certame, o Promotor de Justi\u00e7a pode atuar nas mais diversas \u00e1reas jur\u00eddicas, muitas vezes se deparando com grande parte delas ao mesmo tempo no in\u00edcio da carreira, ao longo de seu est\u00e1gio probat\u00f3rio e, s\u00f3 mais tarde, se fixar em uma \u00e1rea de atua\u00e7\u00e3o mais espec\u00edfica numa comarca maior. <\/p>\n\n\n\n<p>Trata-se de uma atua\u00e7\u00e3o que traz consigo muita responsabilidade e esp\u00edrito de justi\u00e7a, j\u00e1 que \u00e9 o Promotor o respons\u00e1vel por opinar e tutelar quest\u00f5es familiares, c\u00edveis, eleitorais, falimentares e tocar, como \u00f3rg\u00e3o acusador, as quest\u00f5es criminais. <\/p>\n\n\n\n<p>Por tais raz\u00f5es, os concursos para os Minist\u00e9rios P\u00fablicos (MPs) Estaduais possuem v\u00e1rias etapas, com car\u00e1ter diversificado que se dividem em provas objetivas, provas pr\u00e1tico-profissionais, provas orais, provas de tribuna, exames m\u00e9dicos e psicot\u00e9cnicos, investiga\u00e7\u00e3o social e avalia\u00e7\u00e3o de t\u00edtulos. <\/p>\n\n\n\n<p>S\u00e3o fases que testam n\u00e3o s\u00f3 a profundidade dos conhecimentos t\u00e9cnicos dos candidatos, mas tamb\u00e9m seu posicionamento e postura em situa\u00e7\u00f5es concretas, sua idoneidade e voca\u00e7\u00e3o para a carreira. Se voc\u00ea almeja entender melhor cada uma delas para guia sua trajet\u00f3ria rumo \u00e0 aprova\u00e7\u00e3o neste tipo de certame, n\u00e3o perca o evento de hoje! <\/p>\n\n\n\n<p class=\"has-text-align-center has-medium-font-size\"><strong><em><strong>Sistema de Quest\u00f5es<\/strong><\/em><\/strong> &#8211;<em><strong> MPs<\/strong><\/em><\/p>\n\n\n\n<p class=\"has-text-align-center\">Estrat\u00e9gia Quest\u00f5es nasceu maior do que todos os concorrentes, com mais quest\u00f5es cadastradas e mais solu\u00e7\u00f5es por professores. Clique no link e aproveite os descontos e b\u00f4nus imperd\u00edveis!<\/p>\n\n\n\n<p style=\"font-size:22px\" class=\"has-text-color has-background has-text-align-center has-very-dark-gray-color has-vivid-green-cyan-background-color\"><strong>ASSINE AGORA &#8211; <a href=\"https:\/\/www.estrategiaconcursos.com.br\/cursosPorConcurso\/sistema-de-questoes\/#\/\" target=\"_blank\" rel=\"noreferrer noopener\">Sistema de Quest\u00f5es<\/a><\/strong><\/p>\n\n\n\n<h2 class=\"has-text-align-center wp-block-heading\" id=\"ASSINATURA\">Quer estudar para concursos dos MPs?<\/h2>\n\n\n\n<p style=\"font-size:22px\" class=\"has-background has-text-align-center has-luminous-vivid-amber-background-color\"><strong><a rel=\"noreferrer noopener\" href=\"https:\/\/www.estrategiaconcursos.com.br\/cursosPorConcurso\/conselho-regional-de-medicina-de-mato-grosso-do-sul-crm-ms-area-juridica\/\" target=\"_blank\">Curso Promotor de Justi\u00e7a<\/a><\/strong><\/p>\n\n\n\n<p class=\"has-text-align-center\"><em><strong>Fique por dentro de todos os concursos<\/strong><\/em>:<\/p>\n\n\n\n<p class=\"has-background has-text-align-center has-medium-font-size has-pale-cyan-blue-background-color\"><strong><a href=\"https:\/\/www.estrategiaconcursos.com.br\/blog\/concursos-abertos\/\" target=\"_blank\" rel=\"noreferrer noopener\">Concursos abertos<\/a><\/strong><\/p>\n\n\n\n<p class=\"has-background has-text-align-center has-medium-font-size has-pale-cyan-blue-background-color\"><a href=\"https:\/\/www.estrategiaconcursos.com.br\/blog\/concursos-2020\/\" target=\"_blank\" rel=\"noreferrer noopener\"><strong>Concursos 2020<\/strong><\/a><\/p>\n\n\n\n<p class=\"has-background has-text-align-center has-medium-font-size has-pale-cyan-blue-background-color\"><strong><a href=\"https:\/\/www.estrategiaconcursos.com.br\/blog\/concursos-2021\/\" target=\"_blank\" rel=\"noreferrer noopener\">Concursos 2021<\/a><\/strong><\/p>\n\n\n\n<p class=\"has-background has-text-align-center has-medium-font-size has-very-light-gray-background-color\"><strong><a href=\"https:\/\/www.estrategiaconcursos.com.br\/blog\/concursos-de-direito\/\" target=\"_blank\" rel=\"noreferrer noopener\">Concursos de Direito<\/a><\/strong><\/p>\n","protected":false},"excerpt":{"rendered":"<p>Os professores Alex Fadel e Guilherme Rezende ministram nesta ter\u00e7a-feira, 08 de setembro de 2020, \u00e0s 19:00, o evento \u201cLan\u00e7amento da Trilha Estrat\u00e9gica para MPs\u201d. Acompanhe ao vivo e gratuitamente no canal do Estrat\u00e9gia Carreira Jur\u00eddica. Trilha Estrat\u00e9gica para MPs \u2013 Cronograma Data: 08 de setembro de 2020Hor\u00e1rio: 19:00Onde:&nbsp;Canal do Estrat\u00e9gia Carreira Jur\u00eddica no YoutubeProfessor: [&hellip;]<\/p>\n","protected":false},"author":1094,"featured_media":569102,"comment_status":"open","ping_status":"closed","sticky":false,"template":"","format":"standard","meta":{"post_tipo":"article","footnotes":""},"categories":[1],"tags":[],"tax_estado":[],"class_list":["post-569093","post","type-post","status-publish","format-standard","has-post-thumbnail","hentry","category-cursos-e-concursos"],"acf":[],"yoast_head":"<!-- This site is optimized with the Yoast SEO Premium plugin v27.2 (Yoast SEO v27.2) - https:\/\/yoast.com\/product\/yoast-seo-premium-wordpress\/ -->\n<title>Trilha Estrat\u00e9gica para MPs: lan\u00e7amento nesta ter\u00e7a. N\u00e3o perca!<\/title>\n<meta name=\"description\" content=\"Nesta ter\u00e7a-feira, 08 de setembro, os professores Alex Fadel e Guilherme Rezende apresentam o Lan\u00e7amento da Trilha Estrat\u00e9gica para MPs. Acompanhe!\" \/>\n<meta name=\"robots\" content=\"index, follow, max-snippet:-1, max-image-preview:large, max-video-preview:-1\" \/>\n<link rel=\"canonical\" href=\"https:\/\/www.estrategiaconcursos.com.br\/blog\/trilha-estrategica-para-mps\/\" \/>\n<meta property=\"og:locale\" content=\"pt_BR\" \/>\n<meta property=\"og:type\" content=\"article\" \/>\n<meta property=\"og:title\" content=\"Trilha Estrat\u00e9gica para MPs: lan\u00e7amento nesta ter\u00e7a. N\u00e3o perca!\" \/>\n<meta property=\"og:description\" content=\"Nesta ter\u00e7a-feira, 08 de setembro, os professores Alex Fadel e Guilherme Rezende apresentam o Lan\u00e7amento da Trilha Estrat\u00e9gica para MPs. Acompanhe!\" \/>\n<meta property=\"og:url\" content=\"https:\/\/www.estrategiaconcursos.com.br\/blog\/trilha-estrategica-para-mps\/\" \/>\n<meta property=\"og:site_name\" content=\"Estrat\u00e9gia Concursos\" \/>\n<meta property=\"article:published_time\" content=\"2020-09-08T21:28:11+00:00\" \/>\n<meta property=\"article:modified_time\" content=\"2020-09-18T15:37:10+00:00\" \/>\n<meta property=\"og:image\" content=\"https:\/\/dhg1h5j42swfq.cloudfront.net\/2020\/09\/08181038\/YTB_CONCURSO-1.jpg\" \/>\n\t<meta property=\"og:image:width\" content=\"1280\" \/>\n\t<meta property=\"og:image:height\" content=\"720\" \/>\n\t<meta property=\"og:image:type\" content=\"image\/jpeg\" \/>\n<meta name=\"author\" content=\"Paulo Sousa (Coord.)\" \/>\n<meta name=\"twitter:card\" content=\"summary_large_image\" \/>\n<meta name=\"twitter:creator\" content=\"@EstratConcursos\" \/>\n<meta name=\"twitter:site\" content=\"@EstratConcursos\" \/>\n<meta name=\"twitter:label1\" content=\"Escrito por\" \/>\n\t<meta name=\"twitter:data1\" content=\"Paulo Sousa (Coord.)\" \/>\n\t<meta name=\"twitter:label2\" content=\"Est. tempo de leitura\" \/>\n\t<meta name=\"twitter:data2\" content=\"2 minutos\" \/>\n<script type=\"application\/ld+json\" class=\"yoast-schema-graph\">{\"@context\":\"https:\/\/schema.org\",\"@graph\":[{\"@type\":\"NewsArticle\",\"@id\":\"https:\/\/www.estrategiaconcursos.com.br\/blog\/trilha-estrategica-para-mps\/#article\",\"isPartOf\":{\"@id\":\"https:\/\/www.estrategiaconcursos.com.br\/blog\/trilha-estrategica-para-mps\/\"},\"author\":{\"name\":\"Paulo Sousa (Coord.)\",\"@id\":\"https:\/\/www.estrategiaconcursos.com.br\/blog\/#\/schema\/person\/f6cf94f3aa8ed75620a4506ad577b88a\"},\"headline\":\"Trilha Estrat\u00e9gica para MPs: lan\u00e7amento nesta ter\u00e7a. N\u00e3o perca!\",\"datePublished\":\"2020-09-08T21:28:11+00:00\",\"dateModified\":\"2020-09-18T15:37:10+00:00\",\"mainEntityOfPage\":{\"@id\":\"https:\/\/www.estrategiaconcursos.com.br\/blog\/trilha-estrategica-para-mps\/\"},\"wordCount\":427,\"commentCount\":1,\"publisher\":{\"@id\":\"https:\/\/www.estrategiaconcursos.com.br\/blog\/#organization\"},\"image\":{\"@id\":\"https:\/\/www.estrategiaconcursos.com.br\/blog\/trilha-estrategica-para-mps\/#primaryimage\"},\"thumbnailUrl\":\"https:\/\/dhg1h5j42swfq.cloudfront.net\/2020\/09\/08181038\/YTB_CONCURSO-1.jpg\",\"articleSection\":[\"Concursos P\u00fablicos\"],\"inLanguage\":\"pt-BR\",\"potentialAction\":[{\"@type\":\"CommentAction\",\"name\":\"Comment\",\"target\":[\"https:\/\/www.estrategiaconcursos.com.br\/blog\/trilha-estrategica-para-mps\/#respond\"]}],\"copyrightYear\":\"2020\",\"copyrightHolder\":{\"@id\":\"https:\/\/www.estrategiaconcursos.com.br\/blog\/#organization\"}},{\"@type\":\"WebPage\",\"@id\":\"https:\/\/www.estrategiaconcursos.com.br\/blog\/trilha-estrategica-para-mps\/\",\"url\":\"https:\/\/www.estrategiaconcursos.com.br\/blog\/trilha-estrategica-para-mps\/\",\"name\":\"Trilha Estrat\u00e9gica para MPs: lan\u00e7amento nesta ter\u00e7a. N\u00e3o perca!\",\"isPartOf\":{\"@id\":\"https:\/\/www.estrategiaconcursos.com.br\/blog\/#website\"},\"primaryImageOfPage\":{\"@id\":\"https:\/\/www.estrategiaconcursos.com.br\/blog\/trilha-estrategica-para-mps\/#primaryimage\"},\"image\":{\"@id\":\"https:\/\/www.estrategiaconcursos.com.br\/blog\/trilha-estrategica-para-mps\/#primaryimage\"},\"thumbnailUrl\":\"https:\/\/dhg1h5j42swfq.cloudfront.net\/2020\/09\/08181038\/YTB_CONCURSO-1.jpg\",\"datePublished\":\"2020-09-08T21:28:11+00:00\",\"dateModified\":\"2020-09-18T15:37:10+00:00\",\"description\":\"Nesta ter\u00e7a-feira, 08 de setembro, os professores Alex Fadel e Guilherme Rezende apresentam o Lan\u00e7amento da Trilha Estrat\u00e9gica para MPs. Acompanhe!\",\"breadcrumb\":{\"@id\":\"https:\/\/www.estrategiaconcursos.com.br\/blog\/trilha-estrategica-para-mps\/#breadcrumb\"},\"inLanguage\":\"pt-BR\",\"potentialAction\":[{\"@type\":\"ReadAction\",\"target\":[\"https:\/\/www.estrategiaconcursos.com.br\/blog\/trilha-estrategica-para-mps\/\"]}]},{\"@type\":\"ImageObject\",\"inLanguage\":\"pt-BR\",\"@id\":\"https:\/\/www.estrategiaconcursos.com.br\/blog\/trilha-estrategica-para-mps\/#primaryimage\",\"url\":\"https:\/\/dhg1h5j42swfq.cloudfront.net\/2020\/09\/08181038\/YTB_CONCURSO-1.jpg\",\"contentUrl\":\"https:\/\/dhg1h5j42swfq.cloudfront.net\/2020\/09\/08181038\/YTB_CONCURSO-1.jpg\",\"width\":1280,\"height\":720,\"caption\":\"Trilha Estrat\u00e9gica para MPs\"},{\"@type\":\"BreadcrumbList\",\"@id\":\"https:\/\/www.estrategiaconcursos.com.br\/blog\/trilha-estrategica-para-mps\/#breadcrumb\",\"itemListElement\":[{\"@type\":\"ListItem\",\"position\":1,\"name\":\"In\u00edcio\",\"item\":\"https:\/\/www.estrategiaconcursos.com.br\/blog\/\"},{\"@type\":\"ListItem\",\"position\":2,\"name\":\"Trilha Estrat\u00e9gica para MPs: lan\u00e7amento nesta ter\u00e7a. N\u00e3o perca!\"}]},{\"@type\":\"WebSite\",\"@id\":\"https:\/\/www.estrategiaconcursos.com.br\/blog\/#website\",\"url\":\"https:\/\/www.estrategiaconcursos.com.br\/blog\/\",\"name\":\"Estrat\u00e9gia Concursos\",\"description\":\"O blog da Estrat\u00e9gia Concursos traz not\u00edcias sobre concursos e artigos de professores oferecendo cursos para concursos (pdf + videaulas) no site.\",\"publisher\":{\"@id\":\"https:\/\/www.estrategiaconcursos.com.br\/blog\/#organization\"},\"potentialAction\":[{\"@type\":\"SearchAction\",\"target\":{\"@type\":\"EntryPoint\",\"urlTemplate\":\"https:\/\/www.estrategiaconcursos.com.br\/blog\/?s={search_term_string}\"},\"query-input\":{\"@type\":\"PropertyValueSpecification\",\"valueRequired\":true,\"valueName\":\"search_term_string\"}}],\"inLanguage\":\"pt-BR\"},{\"@type\":\"Organization\",\"@id\":\"https:\/\/www.estrategiaconcursos.com.br\/blog\/#organization\",\"name\":\"Estrat\u00e9gia Concursos\",\"url\":\"https:\/\/www.estrategiaconcursos.com.br\/blog\/\",\"logo\":{\"@type\":\"ImageObject\",\"inLanguage\":\"pt-BR\",\"@id\":\"https:\/\/www.estrategiaconcursos.com.br\/blog\/#\/schema\/logo\/image\/\",\"url\":\"https:\/\/dhg1h5j42swfq.cloudfront.net\/2025\/06\/03203428\/logo_concursos-1.jpg\",\"contentUrl\":\"https:\/\/dhg1h5j42swfq.cloudfront.net\/2025\/06\/03203428\/logo_concursos-1.jpg\",\"width\":230,\"height\":60,\"caption\":\"Estrat\u00e9gia Concursos\"},\"image\":{\"@id\":\"https:\/\/www.estrategiaconcursos.com.br\/blog\/#\/schema\/logo\/image\/\"},\"sameAs\":[\"https:\/\/x.com\/EstratConcursos\"]},{\"@type\":\"Person\",\"@id\":\"https:\/\/www.estrategiaconcursos.com.br\/blog\/#\/schema\/person\/f6cf94f3aa8ed75620a4506ad577b88a\",\"name\":\"Paulo Sousa (Coord.)\",\"image\":{\"@type\":\"ImageObject\",\"inLanguage\":\"pt-BR\",\"@id\":\"https:\/\/secure.gravatar.com\/avatar\/29f9e2d4ed868d929b68f3762e3577b9db519beed74b347b76e194f9a3293cf1?s=96&d=mm&r=g\",\"url\":\"https:\/\/secure.gravatar.com\/avatar\/29f9e2d4ed868d929b68f3762e3577b9db519beed74b347b76e194f9a3293cf1?s=96&d=mm&r=g\",\"contentUrl\":\"https:\/\/secure.gravatar.com\/avatar\/29f9e2d4ed868d929b68f3762e3577b9db519beed74b347b76e194f9a3293cf1?s=96&d=mm&r=g\",\"caption\":\"Paulo Sousa (Coord.)\"},\"url\":\"https:\/\/www.estrategiaconcursos.com.br\/blog\/author\/prof-phmsestrategiaconcursos-com-br\/\"}]}<\/script>\n<!-- \/ Yoast SEO Premium plugin. -->","yoast_head_json":{"title":"Trilha Estrat\u00e9gica para MPs: lan\u00e7amento nesta ter\u00e7a. N\u00e3o perca!","description":"Nesta ter\u00e7a-feira, 08 de setembro, os professores Alex Fadel e Guilherme Rezende apresentam o Lan\u00e7amento da Trilha Estrat\u00e9gica para MPs. Acompanhe!","robots":{"index":"index","follow":"follow","max-snippet":"max-snippet:-1","max-image-preview":"max-image-preview:large","max-video-preview":"max-video-preview:-1"},"canonical":"https:\/\/www.estrategiaconcursos.com.br\/blog\/trilha-estrategica-para-mps\/","og_locale":"pt_BR","og_type":"article","og_title":"Trilha Estrat\u00e9gica para MPs: lan\u00e7amento nesta ter\u00e7a. N\u00e3o perca!","og_description":"Nesta ter\u00e7a-feira, 08 de setembro, os professores Alex Fadel e Guilherme Rezende apresentam o Lan\u00e7amento da Trilha Estrat\u00e9gica para MPs. Acompanhe!","og_url":"https:\/\/www.estrategiaconcursos.com.br\/blog\/trilha-estrategica-para-mps\/","og_site_name":"Estrat\u00e9gia Concursos","article_published_time":"2020-09-08T21:28:11+00:00","article_modified_time":"2020-09-18T15:37:10+00:00","og_image":[{"width":1280,"height":720,"url":"https:\/\/dhg1h5j42swfq.cloudfront.net\/2020\/09\/08181038\/YTB_CONCURSO-1.jpg","type":"image\/jpeg"}],"author":"Paulo Sousa (Coord.)","twitter_card":"summary_large_image","twitter_creator":"@EstratConcursos","twitter_site":"@EstratConcursos","twitter_misc":{"Escrito por":"Paulo Sousa (Coord.)","Est. tempo de leitura":"2 minutos"},"schema":{"@context":"https:\/\/schema.org","@graph":[{"@type":"NewsArticle","@id":"https:\/\/www.estrategiaconcursos.com.br\/blog\/trilha-estrategica-para-mps\/#article","isPartOf":{"@id":"https:\/\/www.estrategiaconcursos.com.br\/blog\/trilha-estrategica-para-mps\/"},"author":{"name":"Paulo Sousa (Coord.)","@id":"https:\/\/www.estrategiaconcursos.com.br\/blog\/#\/schema\/person\/f6cf94f3aa8ed75620a4506ad577b88a"},"headline":"Trilha Estrat\u00e9gica para MPs: lan\u00e7amento nesta ter\u00e7a. N\u00e3o perca!","datePublished":"2020-09-08T21:28:11+00:00","dateModified":"2020-09-18T15:37:10+00:00","mainEntityOfPage":{"@id":"https:\/\/www.estrategiaconcursos.com.br\/blog\/trilha-estrategica-para-mps\/"},"wordCount":427,"commentCount":1,"publisher":{"@id":"https:\/\/www.estrategiaconcursos.com.br\/blog\/#organization"},"image":{"@id":"https:\/\/www.estrategiaconcursos.com.br\/blog\/trilha-estrategica-para-mps\/#primaryimage"},"thumbnailUrl":"https:\/\/dhg1h5j42swfq.cloudfront.net\/2020\/09\/08181038\/YTB_CONCURSO-1.jpg","articleSection":["Concursos P\u00fablicos"],"inLanguage":"pt-BR","potentialAction":[{"@type":"CommentAction","name":"Comment","target":["https:\/\/www.estrategiaconcursos.com.br\/blog\/trilha-estrategica-para-mps\/#respond"]}],"copyrightYear":"2020","copyrightHolder":{"@id":"https:\/\/www.estrategiaconcursos.com.br\/blog\/#organization"}},{"@type":"WebPage","@id":"https:\/\/www.estrategiaconcursos.com.br\/blog\/trilha-estrategica-para-mps\/","url":"https:\/\/www.estrategiaconcursos.com.br\/blog\/trilha-estrategica-para-mps\/","name":"Trilha Estrat\u00e9gica para MPs: lan\u00e7amento nesta ter\u00e7a. N\u00e3o perca!","isPartOf":{"@id":"https:\/\/www.estrategiaconcursos.com.br\/blog\/#website"},"primaryImageOfPage":{"@id":"https:\/\/www.estrategiaconcursos.com.br\/blog\/trilha-estrategica-para-mps\/#primaryimage"},"image":{"@id":"https:\/\/www.estrategiaconcursos.com.br\/blog\/trilha-estrategica-para-mps\/#primaryimage"},"thumbnailUrl":"https:\/\/dhg1h5j42swfq.cloudfront.net\/2020\/09\/08181038\/YTB_CONCURSO-1.jpg","datePublished":"2020-09-08T21:28:11+00:00","dateModified":"2020-09-18T15:37:10+00:00","description":"Nesta ter\u00e7a-feira, 08 de setembro, os professores Alex Fadel e Guilherme Rezende apresentam o Lan\u00e7amento da Trilha Estrat\u00e9gica para MPs. Acompanhe!","breadcrumb":{"@id":"https:\/\/www.estrategiaconcursos.com.br\/blog\/trilha-estrategica-para-mps\/#breadcrumb"},"inLanguage":"pt-BR","potentialAction":[{"@type":"ReadAction","target":["https:\/\/www.estrategiaconcursos.com.br\/blog\/trilha-estrategica-para-mps\/"]}]},{"@type":"ImageObject","inLanguage":"pt-BR","@id":"https:\/\/www.estrategiaconcursos.com.br\/blog\/trilha-estrategica-para-mps\/#primaryimage","url":"https:\/\/dhg1h5j42swfq.cloudfront.net\/2020\/09\/08181038\/YTB_CONCURSO-1.jpg","contentUrl":"https:\/\/dhg1h5j42swfq.cloudfront.net\/2020\/09\/08181038\/YTB_CONCURSO-1.jpg","width":1280,"height":720,"caption":"Trilha Estrat\u00e9gica para MPs"},{"@type":"BreadcrumbList","@id":"https:\/\/www.estrategiaconcursos.com.br\/blog\/trilha-estrategica-para-mps\/#breadcrumb","itemListElement":[{"@type":"ListItem","position":1,"name":"In\u00edcio","item":"https:\/\/www.estrategiaconcursos.com.br\/blog\/"},{"@type":"ListItem","position":2,"name":"Trilha Estrat\u00e9gica para MPs: lan\u00e7amento nesta ter\u00e7a. N\u00e3o perca!"}]},{"@type":"WebSite","@id":"https:\/\/www.estrategiaconcursos.com.br\/blog\/#website","url":"https:\/\/www.estrategiaconcursos.com.br\/blog\/","name":"Estrat\u00e9gia Concursos","description":"O blog da Estrat\u00e9gia Concursos traz not\u00edcias sobre concursos e artigos de professores oferecendo cursos para concursos (pdf + videaulas) no site.","publisher":{"@id":"https:\/\/www.estrategiaconcursos.com.br\/blog\/#organization"},"potentialAction":[{"@type":"SearchAction","target":{"@type":"EntryPoint","urlTemplate":"https:\/\/www.estrategiaconcursos.com.br\/blog\/?s={search_term_string}"},"query-input":{"@type":"PropertyValueSpecification","valueRequired":true,"valueName":"search_term_string"}}],"inLanguage":"pt-BR"},{"@type":"Organization","@id":"https:\/\/www.estrategiaconcursos.com.br\/blog\/#organization","name":"Estrat\u00e9gia Concursos","url":"https:\/\/www.estrategiaconcursos.com.br\/blog\/","logo":{"@type":"ImageObject","inLanguage":"pt-BR","@id":"https:\/\/www.estrategiaconcursos.com.br\/blog\/#\/schema\/logo\/image\/","url":"https:\/\/dhg1h5j42swfq.cloudfront.net\/2025\/06\/03203428\/logo_concursos-1.jpg","contentUrl":"https:\/\/dhg1h5j42swfq.cloudfront.net\/2025\/06\/03203428\/logo_concursos-1.jpg","width":230,"height":60,"caption":"Estrat\u00e9gia Concursos"},"image":{"@id":"https:\/\/www.estrategiaconcursos.com.br\/blog\/#\/schema\/logo\/image\/"},"sameAs":["https:\/\/x.com\/EstratConcursos"]},{"@type":"Person","@id":"https:\/\/www.estrategiaconcursos.com.br\/blog\/#\/schema\/person\/f6cf94f3aa8ed75620a4506ad577b88a","name":"Paulo Sousa (Coord.)","image":{"@type":"ImageObject","inLanguage":"pt-BR","@id":"https:\/\/secure.gravatar.com\/avatar\/29f9e2d4ed868d929b68f3762e3577b9db519beed74b347b76e194f9a3293cf1?s=96&d=mm&r=g","url":"https:\/\/secure.gravatar.com\/avatar\/29f9e2d4ed868d929b68f3762e3577b9db519beed74b347b76e194f9a3293cf1?s=96&d=mm&r=g","contentUrl":"https:\/\/secure.gravatar.com\/avatar\/29f9e2d4ed868d929b68f3762e3577b9db519beed74b347b76e194f9a3293cf1?s=96&d=mm&r=g","caption":"Paulo Sousa (Coord.)"},"url":"https:\/\/www.estrategiaconcursos.com.br\/blog\/author\/prof-phmsestrategiaconcursos-com-br\/"}]}},"_links":{"self":[{"href":"https:\/\/www.estrategiaconcursos.com.br\/blog\/wp-json\/wp\/v2\/posts\/569093","targetHints":{"allow":["GET"]}}],"collection":[{"href":"https:\/\/www.estrategiaconcursos.com.br\/blog\/wp-json\/wp\/v2\/posts"}],"about":[{"href":"https:\/\/www.estrategiaconcursos.com.br\/blog\/wp-json\/wp\/v2\/types\/post"}],"author":[{"embeddable":true,"href":"https:\/\/www.estrategiaconcursos.com.br\/blog\/wp-json\/wp\/v2\/users\/1094"}],"replies":[{"embeddable":true,"href":"https:\/\/www.estrategiaconcursos.com.br\/blog\/wp-json\/wp\/v2\/comments?post=569093"}],"version-history":[{"count":7,"href":"https:\/\/www.estrategiaconcursos.com.br\/blog\/wp-json\/wp\/v2\/posts\/569093\/revisions"}],"predecessor-version":[{"id":569112,"href":"https:\/\/www.estrategiaconcursos.com.br\/blog\/wp-json\/wp\/v2\/posts\/569093\/revisions\/569112"}],"wp:featuredmedia":[{"embeddable":true,"href":"https:\/\/www.estrategiaconcursos.com.br\/blog\/wp-json\/wp\/v2\/media\/569102"}],"wp:attachment":[{"href":"https:\/\/www.estrategiaconcursos.com.br\/blog\/wp-json\/wp\/v2\/media?parent=569093"}],"wp:term":[{"taxonomy":"category","embeddable":true,"href":"https:\/\/www.estrategiaconcursos.com.br\/blog\/wp-json\/wp\/v2\/categories?post=569093"},{"taxonomy":"post_tag","embeddable":true,"href":"https:\/\/www.estrategiaconcursos.com.br\/blog\/wp-json\/wp\/v2\/tags?post=569093"},{"taxonomy":"tax_estado","embeddable":true,"href":"https:\/\/www.estrategiaconcursos.com.br\/blog\/wp-json\/wp\/v2\/tax_estado?post=569093"}],"curies":[{"name":"wp","href":"https:\/\/api.w.org\/{rel}","templated":true}]}}