{"id":56833,"date":"2016-12-05T02:13:11","date_gmt":"2016-12-05T05:13:11","guid":{"rendered":"https:\/\/www.estrategiaconcursos.com.br\/blog\/?p=56833"},"modified":"2016-12-05T16:09:47","modified_gmt":"2016-12-05T19:09:47","slug":"prova-comentada-de-arquivologia-anvisa-2016","status":"publish","type":"post","link":"https:\/\/www.estrategiaconcursos.com.br\/blog\/prova-comentada-de-arquivologia-anvisa-2016\/","title":{"rendered":"Prova Comentada de Arquivologia &#8211; ANVISA &#8211; 2016"},"content":{"rendered":"<p style=\"text-align: justify;\">Fala Pessoal! Tudo bem? Estou comentando as quest\u00f5es de Arquivologia do <strong><em>Concurso ANVISA<\/em><\/strong>, cargo de <strong><em>T\u00e9cnico<\/em><\/strong>, aplicadas neste final de semana, dia 04\/12\/2016. <span style=\"text-decoration: underline;\">Esse gabarito \u00e9 extraoficial, pois a banca CESPE n\u00e3o divulgou as provas e gabaritos preliminares.<\/span><\/p>\n<p style=\"text-align: justify;\">Na revis\u00e3o de v\u00e9spera para a prova da ANVISA, realizada pelo Estrat\u00e9gia Concursos, tive uma hora para dar a aula e consegui <strong><u>\u201cprever\u201d 4 das 7 quest\u00f5es cobradas!<\/u><\/strong> \u00a0<strong><em>Isso mesmo: 57% das quest\u00f5es foram abordados na revis\u00e3o de 65 minutos do Estrat\u00e9gia! <\/em><\/strong>Quem viu, se deu bem ;)<\/p>\n<p style=\"text-align: justify;\">Na minha opini\u00e3o, o n\u00edvel de exig\u00eancia da prova foi bastante razo\u00e1vel, com quest\u00f5es que oscilaram do f\u00e1cil ao dif\u00edcil. Infelizmente o edital priorizou pontos que foram pouco explorados (como a LAI, seu Decreto 7.724\/2012 e a Legisla\u00e7\u00e3o em geral).<\/p>\n<p style=\"text-align: justify;\">Vamos l\u00e1?<\/p>\n<p><strong><em>Julgue os itens que se seguem, referentes a arquivologia.<\/em><\/strong><\/p>\n<ol start=\"64\">\n<li style=\"text-align: justify;\"><strong> Os procedimentos de recebimento, registro, distribui\u00e7\u00e3o e movimenta\u00e7\u00e3o de documento de arquivo s\u00e3o realizados, em regra, pelo setor de arquivamento intermedi\u00e1rio.<\/strong><\/li>\n<\/ol>\n<p><strong>Coment\u00e1rio:<\/strong><\/p>\n<p style=\"text-align: justify;\">Essa \u00e9 a defini\u00e7\u00e3o de Protocolo (recebimento, registro, distribui\u00e7\u00e3o e movimenta\u00e7\u00e3o). \u00a0E a atividade de Protocolo \u00e9 t\u00edpica do arquivo corrente e n\u00e3o do arquivo intermedi\u00e1rio.<\/p>\n<p><strong>Gabarito extraoficial: Errada<\/strong><\/p>\n<ol start=\"65\">\n<li style=\"text-align: justify;\"><strong> \u00c9 poss\u00edvel verificar que um documento de arquivo foi bem acondicionado quando ele est\u00e1 embalado adequadamente, de acordo com seu suporte f\u00edsico.<\/strong><\/li>\n<\/ol>\n<p><strong>Coment\u00e1rio:<\/strong><\/p>\n<p style=\"text-align: justify;\">O ato de acondicionar est\u00e1 diretamente ligado \u00e0 embalagem. E \u00e9 importante que o documento seja embalado adequadamente, de acordo com seu suporte f\u00edsico.<\/p>\n<p><strong>Gabarito extraoficial: Certa<\/strong><\/p>\n<p>&nbsp;<\/p>\n<ol start=\"66\">\n<li><strong> Em uma ag\u00eancia reguladora, como a ANVISA, por exemplo, os documentos que comp\u00f5em o arquivo do setor de trabalho s\u00e3o aqueles produzidos e(ou) recebidos no desenvolvimento de atividades administrativas da ag\u00eancia.<\/strong><\/li>\n<\/ol>\n<p><strong>Coment\u00e1rios: <\/strong><\/p>\n<p style=\"text-align: justify;\">A quest\u00e3o est\u00e1 falando dos arquivos correntes, que possuem valor prim\u00e1rio e que \u00e9 representado na quest\u00e3o pela express\u00e3o \u201cdesenvolvimento das atividades administrativas\u201d.<\/p>\n<p>Quem est\u00e1 mais avan\u00e7ado pode ter ficado com receio desse \u201ce(ou)\u201d. Veja a lei 8.159\/91 em seu artigo 2\u00b0:<\/p>\n<p style=\"padding-left: 30px; text-align: justify;\"><em>Art. 2\u00ba &#8211; Consideram-se arquivos, para os fins desta Lei, os conjuntos de documentos <strong>produzidos <\/strong><\/em><span style=\"color: #ff0000;\"><strong><em>e<\/em><\/strong><\/span><strong><em> recebidos<\/em><\/strong><em> por \u00f3rg\u00e3os p\u00fablicos, institui\u00e7\u00f5es de car\u00e1ter p\u00fablico e entidades privadas, em decorr\u00eancia do exerc\u00edcio de atividades espec\u00edficas, bem como por pessoa f\u00edsica, qualquer que seja o suporte da informa\u00e7\u00e3o ou a natureza dos documentos.<\/em><\/p>\n<p style=\"text-align: justify;\"><em>Por que eu destaquei isso? A CESPE poderia complicar, justamente por causa do <strong>produzidos <\/strong><\/em><span style=\"color: #ff0000;\"><strong><em>e (ou) <\/em><\/strong><\/span><strong><em>recebidos<\/em><\/strong><em>? Em minha opini\u00e3o: n\u00e3o. Ela j\u00e1 usou esse termo \u201ce(ou)\u201d em pelo menos uma outra quest\u00e3o. Se ela encrencar com isso, o recurso fica f\u00e1cil.<\/em><\/p>\n<p style=\"text-align: justify;\"><strong>Gabarito extraoficial: Certa<\/strong><\/p>\n<ol start=\"67\">\n<li style=\"text-align: justify;\"><strong> De acordo com a Lei de Acesso \u00e0 Informa\u00e7\u00e3o, o acesso a dados contidos em documento classificado como reservado poder\u00e1 ser restringido por at\u00e9 cinco anos. <\/strong><\/li>\n<\/ol>\n<p><strong>\u00a0<\/strong><strong>Coment\u00e1rios:<\/strong><\/p>\n<p>Veja a lei 12.527\/2011, citada no enunciado:<\/p>\n<p style=\"text-align: justify; padding-left: 30px;\"><em>Art. 24.\u00a0 A informa\u00e7\u00e3o em poder dos \u00f3rg\u00e3os e entidades p\u00fablicas, observado o seu teor e em raz\u00e3o de sua imprescindibilidade \u00e0 seguran\u00e7a da sociedade ou do Estado, poder\u00e1 ser classificada como ultrassecreta, secreta ou reservada.\u00a0<\/em><\/p>\n<ul>\n<li style=\"text-align: justify;\"><em> 1<u><sup>o<\/sup><\/u> Os <strong>prazos m\u00e1ximos<\/strong> de restri\u00e7\u00e3o de acesso \u00e0 informa\u00e7\u00e3o, conforme a classifica\u00e7\u00e3o prevista no\u00a0<strong>caput<\/strong>, vigoram a partir da data de sua produ\u00e7\u00e3o e s\u00e3o os seguintes:\u00a0<\/em><\/li>\n<\/ul>\n<p><em>III &#8211; reservada: 5 (cinco) anos.\u00a0<\/em><\/p>\n<p><strong>Gabarito extraoficial: Certa<\/strong><\/p>\n<ol start=\"68\">\n<li><strong> A aplica\u00e7\u00e3o da tabela de temporalidade resulta na defini\u00e7\u00e3o do destino final dos documentos de arquivo, que pode ser a guarda corrente ou intermedi\u00e1ria.<\/strong><\/li>\n<\/ol>\n<p>Primeiro, vejamos a defini\u00e7\u00e3o oficial de Tabela de Temporalidade, contida no DBTA.<\/p>\n<p><strong><em>Tabela de Temporalidade: <\/em><\/strong><\/p>\n<p style=\"text-align: justify;\"><strong><em>Instrumento de destina\u00e7<\/em><\/strong><strong><em>a\u0303o<\/em><\/strong><em>, aprovado por autoridade competente, que determina prazos e condic<\/em><em>\u0327<\/em><em>o\u0303es de guarda tendo em vista a <strong>transfer\u00eancia, recolhimento, descarte ou elimina\u00e7<\/strong><\/em><strong><em>\u00e3o<\/em><\/strong><em> de documentos. <\/em><\/p>\n<p style=\"text-align: justify;\">Veja que \u201ctransfer\u00eancia\u201d \u00e9 a passagem do documento da fase corrente para a intermedi\u00e1ria. J\u00e1 o recolhimento \u00e9 o envio dos documentos para a fase Permanente (vindo das fases corrente ou Intermedi\u00e1ria).<\/p>\n<p style=\"text-align: justify;\">Voltando \u00e0 defini\u00e7\u00e3o da tabela de Temporalidade, podemos ver que n\u00e3o h\u00e1 a hip\u00f3tese de destina\u00e7\u00e3o final na fase corrente (guarda corrente). <strong>Descarte e elimina\u00e7\u00e3o<\/strong> s\u00e3o o que o nome j\u00e1 diz: \u201cjogar fora\u201d o documento. E note que a assertiva cita \u201cdestina\u00e7\u00e3o final dos documentos de arquivo\u201d. \u00a0Destina\u00e7\u00e3o final est\u00e1 ligada \u00e0 elimina\u00e7\u00e3o ou guarda permanente.<\/p>\n<p><strong>Gabarito Provis\u00f3rio: Errada<\/strong><\/p>\n<ol start=\"69\">\n<li><strong> Na gest\u00e3o de documentos, a atividade arquiv\u00edstica de classifica\u00e7\u00e3o atribui ao documento um c\u00f3digo representativo do seu conte\u00fado informativo.<\/strong><\/li>\n<\/ol>\n<p><strong>Coment\u00e1rios: <\/strong><\/p>\n<p style=\"text-align: justify;\">Lembrando que a quest\u00e3o \u00e9 sobre gest\u00e3o de documentos. A classifica\u00e7\u00e3o est\u00e1 diretamente ligada ao <strong>conte\u00fado do documento.<\/strong> Marilena Leite Paes (p\u00e1g. 98) at\u00e9 ressalta que \u00e9 importante conhecer o funcionamento e atividade dos \u00f3rg\u00e3os que os recebem e produzem. Tamb\u00e9m cita que devem ser usados os c\u00f3digos determinados no plano de classifica\u00e7\u00e3o.<\/p>\n<p><strong>Gabarito Provis\u00f3rio: Certa<\/strong><\/p>\n<ol start=\"70\">\n<li style=\"text-align: justify;\"><strong> Para garantir efici\u00eancia e racionalidade ao processo de organiza\u00e7\u00e3o, os procedimentos arquiv\u00edsticos devem ser sequenciados de maneira que a digitaliza\u00e7\u00e3o dos documentos do arquivo intermedi\u00e1rio seja realizada antes da aplica\u00e7\u00e3o da tabela de temporalidade.<\/strong><\/li>\n<\/ol>\n<p><strong>Coment\u00e1rios:<\/strong><\/p>\n<p style=\"text-align: justify;\">A gest\u00e3o de documentos vai do in\u00edcio da vida do documento at\u00e9 sua destina\u00e7\u00e3o final \u2013 que pode ser seu recolhimento para o arquivo permanente ou elimina\u00e7\u00e3o). Em regra, se o documento j\u00e1 est\u00e1 na fase intermedi\u00e1ria, j\u00e1 deveria ter passado por uma tabela de temporalidade.<\/p>\n<p><strong>Gabarito Provis\u00f3rio: Errada<\/strong><\/p>\n<p>\u00c9 isso pessoal! Lembrando que essa \u00e9 minha avalia\u00e7\u00e3o das quest\u00f5es, mas que na cabe\u00e7a da banca Cespe sempre surgem surpresas&#8230;..<\/p>\n<p>Um abra\u00e7o e boa sorte para voc\u00ea!!<\/p>\n<p>Ronaldo Fonseca<\/p>\n","protected":false},"excerpt":{"rendered":"<p>Fala Pessoal! Tudo bem? Estou comentando as quest\u00f5es de Arquivologia do Concurso ANVISA, cargo de T\u00e9cnico, aplicadas neste final de semana, dia 04\/12\/2016. Esse gabarito \u00e9 extraoficial, pois a banca CESPE n\u00e3o divulgou as provas e gabaritos preliminares. Na revis\u00e3o de v\u00e9spera para a prova da ANVISA, realizada pelo Estrat\u00e9gia Concursos, tive uma hora para [&hellip;]<\/p>\n","protected":false},"author":48,"featured_media":0,"comment_status":"open","ping_status":"open","sticky":false,"template":"","format":"standard","meta":{"post_tipo":"article","footnotes":""},"categories":[1],"tags":[564],"tax_estado":[],"class_list":["post-56833","post","type-post","status-publish","format-standard","hentry","category-cursos-e-concursos","tag-arquivologia"],"acf":[],"yoast_head":"<!-- This site is optimized with the Yoast SEO Premium plugin v27.2 (Yoast SEO v27.2) - https:\/\/yoast.com\/product\/yoast-seo-premium-wordpress\/ -->\n<title>Prova Comentada de Arquivologia - ANVISA - 2016<\/title>\n<meta name=\"robots\" content=\"index, follow, max-snippet:-1, max-image-preview:large, max-video-preview:-1\" \/>\n<link rel=\"canonical\" href=\"https:\/\/www.estrategiaconcursos.com.br\/blog\/prova-comentada-de-arquivologia-anvisa-2016\/\" \/>\n<meta property=\"og:locale\" content=\"pt_BR\" \/>\n<meta property=\"og:type\" content=\"article\" \/>\n<meta property=\"og:title\" content=\"Prova Comentada de Arquivologia - ANVISA - 2016\" \/>\n<meta property=\"og:description\" content=\"Fala Pessoal! Tudo bem? Estou comentando as quest\u00f5es de Arquivologia do Concurso ANVISA, cargo de T\u00e9cnico, aplicadas neste final de semana, dia 04\/12\/2016. Esse gabarito \u00e9 extraoficial, pois a banca CESPE n\u00e3o divulgou as provas e gabaritos preliminares. Na revis\u00e3o de v\u00e9spera para a prova da ANVISA, realizada pelo Estrat\u00e9gia Concursos, tive uma hora para [&hellip;]\" \/>\n<meta property=\"og:url\" content=\"https:\/\/www.estrategiaconcursos.com.br\/blog\/prova-comentada-de-arquivologia-anvisa-2016\/\" \/>\n<meta property=\"og:site_name\" content=\"Estrat\u00e9gia Concursos\" \/>\n<meta property=\"article:published_time\" content=\"2016-12-05T05:13:11+00:00\" \/>\n<meta property=\"article:modified_time\" content=\"2016-12-05T19:09:47+00:00\" \/>\n<meta name=\"author\" content=\"Coordena\u00e7\u00e3o\" \/>\n<meta name=\"twitter:card\" content=\"summary_large_image\" \/>\n<meta name=\"twitter:creator\" content=\"@EstratConcursos\" \/>\n<meta name=\"twitter:site\" content=\"@EstratConcursos\" \/>\n<meta name=\"twitter:label1\" content=\"Escrito por\" \/>\n\t<meta name=\"twitter:data1\" content=\"Coordena\u00e7\u00e3o\" \/>\n\t<meta name=\"twitter:label2\" content=\"Est. tempo de leitura\" \/>\n\t<meta name=\"twitter:data2\" content=\"5 minutos\" \/>\n<script type=\"application\/ld+json\" class=\"yoast-schema-graph\">{\"@context\":\"https:\/\/schema.org\",\"@graph\":[{\"@type\":\"NewsArticle\",\"@id\":\"https:\/\/www.estrategiaconcursos.com.br\/blog\/prova-comentada-de-arquivologia-anvisa-2016\/#article\",\"isPartOf\":{\"@id\":\"https:\/\/www.estrategiaconcursos.com.br\/blog\/prova-comentada-de-arquivologia-anvisa-2016\/\"},\"author\":{\"name\":\"Coordena\u00e7\u00e3o\",\"@id\":\"https:\/\/www.estrategiaconcursos.com.br\/blog\/#\/schema\/person\/cdad40b5818eb228a838461fcd656da7\"},\"headline\":\"Prova Comentada de Arquivologia &#8211; ANVISA &#8211; 2016\",\"datePublished\":\"2016-12-05T05:13:11+00:00\",\"dateModified\":\"2016-12-05T19:09:47+00:00\",\"mainEntityOfPage\":{\"@id\":\"https:\/\/www.estrategiaconcursos.com.br\/blog\/prova-comentada-de-arquivologia-anvisa-2016\/\"},\"wordCount\":965,\"commentCount\":4,\"publisher\":{\"@id\":\"https:\/\/www.estrategiaconcursos.com.br\/blog\/#organization\"},\"keywords\":[\"Arquivologia\"],\"articleSection\":[\"Concursos P\u00fablicos\"],\"inLanguage\":\"pt-BR\",\"potentialAction\":[{\"@type\":\"CommentAction\",\"name\":\"Comment\",\"target\":[\"https:\/\/www.estrategiaconcursos.com.br\/blog\/prova-comentada-de-arquivologia-anvisa-2016\/#respond\"]}],\"copyrightYear\":\"2016\",\"copyrightHolder\":{\"@id\":\"https:\/\/www.estrategiaconcursos.com.br\/blog\/#organization\"}},{\"@type\":\"WebPage\",\"@id\":\"https:\/\/www.estrategiaconcursos.com.br\/blog\/prova-comentada-de-arquivologia-anvisa-2016\/\",\"url\":\"https:\/\/www.estrategiaconcursos.com.br\/blog\/prova-comentada-de-arquivologia-anvisa-2016\/\",\"name\":\"Prova Comentada de Arquivologia - ANVISA - 2016\",\"isPartOf\":{\"@id\":\"https:\/\/www.estrategiaconcursos.com.br\/blog\/#website\"},\"datePublished\":\"2016-12-05T05:13:11+00:00\",\"dateModified\":\"2016-12-05T19:09:47+00:00\",\"breadcrumb\":{\"@id\":\"https:\/\/www.estrategiaconcursos.com.br\/blog\/prova-comentada-de-arquivologia-anvisa-2016\/#breadcrumb\"},\"inLanguage\":\"pt-BR\",\"potentialAction\":[{\"@type\":\"ReadAction\",\"target\":[\"https:\/\/www.estrategiaconcursos.com.br\/blog\/prova-comentada-de-arquivologia-anvisa-2016\/\"]}]},{\"@type\":\"BreadcrumbList\",\"@id\":\"https:\/\/www.estrategiaconcursos.com.br\/blog\/prova-comentada-de-arquivologia-anvisa-2016\/#breadcrumb\",\"itemListElement\":[{\"@type\":\"ListItem\",\"position\":1,\"name\":\"In\u00edcio\",\"item\":\"https:\/\/www.estrategiaconcursos.com.br\/blog\/\"},{\"@type\":\"ListItem\",\"position\":2,\"name\":\"Prova Comentada de Arquivologia &#8211; ANVISA &#8211; 2016\"}]},{\"@type\":\"WebSite\",\"@id\":\"https:\/\/www.estrategiaconcursos.com.br\/blog\/#website\",\"url\":\"https:\/\/www.estrategiaconcursos.com.br\/blog\/\",\"name\":\"Estrat\u00e9gia Concursos\",\"description\":\"O blog da Estrat\u00e9gia Concursos traz not\u00edcias sobre concursos e artigos de professores oferecendo cursos para concursos (pdf + videaulas) no site.\",\"publisher\":{\"@id\":\"https:\/\/www.estrategiaconcursos.com.br\/blog\/#organization\"},\"potentialAction\":[{\"@type\":\"SearchAction\",\"target\":{\"@type\":\"EntryPoint\",\"urlTemplate\":\"https:\/\/www.estrategiaconcursos.com.br\/blog\/?s={search_term_string}\"},\"query-input\":{\"@type\":\"PropertyValueSpecification\",\"valueRequired\":true,\"valueName\":\"search_term_string\"}}],\"inLanguage\":\"pt-BR\"},{\"@type\":\"Organization\",\"@id\":\"https:\/\/www.estrategiaconcursos.com.br\/blog\/#organization\",\"name\":\"Estrat\u00e9gia Concursos\",\"url\":\"https:\/\/www.estrategiaconcursos.com.br\/blog\/\",\"logo\":{\"@type\":\"ImageObject\",\"inLanguage\":\"pt-BR\",\"@id\":\"https:\/\/www.estrategiaconcursos.com.br\/blog\/#\/schema\/logo\/image\/\",\"url\":\"https:\/\/dhg1h5j42swfq.cloudfront.net\/2025\/06\/03203428\/logo_concursos-1.jpg\",\"contentUrl\":\"https:\/\/dhg1h5j42swfq.cloudfront.net\/2025\/06\/03203428\/logo_concursos-1.jpg\",\"width\":230,\"height\":60,\"caption\":\"Estrat\u00e9gia Concursos\"},\"image\":{\"@id\":\"https:\/\/www.estrategiaconcursos.com.br\/blog\/#\/schema\/logo\/image\/\"},\"sameAs\":[\"https:\/\/x.com\/EstratConcursos\"]},{\"@type\":\"Person\",\"@id\":\"https:\/\/www.estrategiaconcursos.com.br\/blog\/#\/schema\/person\/cdad40b5818eb228a838461fcd656da7\",\"name\":\"Coordena\u00e7\u00e3o\",\"image\":{\"@type\":\"ImageObject\",\"inLanguage\":\"pt-BR\",\"@id\":\"https:\/\/secure.gravatar.com\/avatar\/a413b22da0f5009c634f6c4586a2dbe5207074fd5becd88db5183b8069ef25e4?s=96&d=mm&r=g\",\"url\":\"https:\/\/secure.gravatar.com\/avatar\/a413b22da0f5009c634f6c4586a2dbe5207074fd5becd88db5183b8069ef25e4?s=96&d=mm&r=g\",\"contentUrl\":\"https:\/\/secure.gravatar.com\/avatar\/a413b22da0f5009c634f6c4586a2dbe5207074fd5becd88db5183b8069ef25e4?s=96&d=mm&r=g\",\"caption\":\"Coordena\u00e7\u00e3o\"},\"url\":\"https:\/\/www.estrategiaconcursos.com.br\/blog\/author\/contatoestrategiaconcursos-com-br\/\"}]}<\/script>\n<!-- \/ Yoast SEO Premium plugin. -->","yoast_head_json":{"title":"Prova Comentada de Arquivologia - ANVISA - 2016","robots":{"index":"index","follow":"follow","max-snippet":"max-snippet:-1","max-image-preview":"max-image-preview:large","max-video-preview":"max-video-preview:-1"},"canonical":"https:\/\/www.estrategiaconcursos.com.br\/blog\/prova-comentada-de-arquivologia-anvisa-2016\/","og_locale":"pt_BR","og_type":"article","og_title":"Prova Comentada de Arquivologia - ANVISA - 2016","og_description":"Fala Pessoal! Tudo bem? Estou comentando as quest\u00f5es de Arquivologia do Concurso ANVISA, cargo de T\u00e9cnico, aplicadas neste final de semana, dia 04\/12\/2016. Esse gabarito \u00e9 extraoficial, pois a banca CESPE n\u00e3o divulgou as provas e gabaritos preliminares. Na revis\u00e3o de v\u00e9spera para a prova da ANVISA, realizada pelo Estrat\u00e9gia Concursos, tive uma hora para [&hellip;]","og_url":"https:\/\/www.estrategiaconcursos.com.br\/blog\/prova-comentada-de-arquivologia-anvisa-2016\/","og_site_name":"Estrat\u00e9gia Concursos","article_published_time":"2016-12-05T05:13:11+00:00","article_modified_time":"2016-12-05T19:09:47+00:00","author":"Coordena\u00e7\u00e3o","twitter_card":"summary_large_image","twitter_creator":"@EstratConcursos","twitter_site":"@EstratConcursos","twitter_misc":{"Escrito por":"Coordena\u00e7\u00e3o","Est. tempo de leitura":"5 minutos"},"schema":{"@context":"https:\/\/schema.org","@graph":[{"@type":"NewsArticle","@id":"https:\/\/www.estrategiaconcursos.com.br\/blog\/prova-comentada-de-arquivologia-anvisa-2016\/#article","isPartOf":{"@id":"https:\/\/www.estrategiaconcursos.com.br\/blog\/prova-comentada-de-arquivologia-anvisa-2016\/"},"author":{"name":"Coordena\u00e7\u00e3o","@id":"https:\/\/www.estrategiaconcursos.com.br\/blog\/#\/schema\/person\/cdad40b5818eb228a838461fcd656da7"},"headline":"Prova Comentada de Arquivologia &#8211; ANVISA &#8211; 2016","datePublished":"2016-12-05T05:13:11+00:00","dateModified":"2016-12-05T19:09:47+00:00","mainEntityOfPage":{"@id":"https:\/\/www.estrategiaconcursos.com.br\/blog\/prova-comentada-de-arquivologia-anvisa-2016\/"},"wordCount":965,"commentCount":4,"publisher":{"@id":"https:\/\/www.estrategiaconcursos.com.br\/blog\/#organization"},"keywords":["Arquivologia"],"articleSection":["Concursos P\u00fablicos"],"inLanguage":"pt-BR","potentialAction":[{"@type":"CommentAction","name":"Comment","target":["https:\/\/www.estrategiaconcursos.com.br\/blog\/prova-comentada-de-arquivologia-anvisa-2016\/#respond"]}],"copyrightYear":"2016","copyrightHolder":{"@id":"https:\/\/www.estrategiaconcursos.com.br\/blog\/#organization"}},{"@type":"WebPage","@id":"https:\/\/www.estrategiaconcursos.com.br\/blog\/prova-comentada-de-arquivologia-anvisa-2016\/","url":"https:\/\/www.estrategiaconcursos.com.br\/blog\/prova-comentada-de-arquivologia-anvisa-2016\/","name":"Prova Comentada de Arquivologia - ANVISA - 2016","isPartOf":{"@id":"https:\/\/www.estrategiaconcursos.com.br\/blog\/#website"},"datePublished":"2016-12-05T05:13:11+00:00","dateModified":"2016-12-05T19:09:47+00:00","breadcrumb":{"@id":"https:\/\/www.estrategiaconcursos.com.br\/blog\/prova-comentada-de-arquivologia-anvisa-2016\/#breadcrumb"},"inLanguage":"pt-BR","potentialAction":[{"@type":"ReadAction","target":["https:\/\/www.estrategiaconcursos.com.br\/blog\/prova-comentada-de-arquivologia-anvisa-2016\/"]}]},{"@type":"BreadcrumbList","@id":"https:\/\/www.estrategiaconcursos.com.br\/blog\/prova-comentada-de-arquivologia-anvisa-2016\/#breadcrumb","itemListElement":[{"@type":"ListItem","position":1,"name":"In\u00edcio","item":"https:\/\/www.estrategiaconcursos.com.br\/blog\/"},{"@type":"ListItem","position":2,"name":"Prova Comentada de Arquivologia &#8211; ANVISA &#8211; 2016"}]},{"@type":"WebSite","@id":"https:\/\/www.estrategiaconcursos.com.br\/blog\/#website","url":"https:\/\/www.estrategiaconcursos.com.br\/blog\/","name":"Estrat\u00e9gia Concursos","description":"O blog da Estrat\u00e9gia Concursos traz not\u00edcias sobre concursos e artigos de professores oferecendo cursos para concursos (pdf + videaulas) no site.","publisher":{"@id":"https:\/\/www.estrategiaconcursos.com.br\/blog\/#organization"},"potentialAction":[{"@type":"SearchAction","target":{"@type":"EntryPoint","urlTemplate":"https:\/\/www.estrategiaconcursos.com.br\/blog\/?s={search_term_string}"},"query-input":{"@type":"PropertyValueSpecification","valueRequired":true,"valueName":"search_term_string"}}],"inLanguage":"pt-BR"},{"@type":"Organization","@id":"https:\/\/www.estrategiaconcursos.com.br\/blog\/#organization","name":"Estrat\u00e9gia Concursos","url":"https:\/\/www.estrategiaconcursos.com.br\/blog\/","logo":{"@type":"ImageObject","inLanguage":"pt-BR","@id":"https:\/\/www.estrategiaconcursos.com.br\/blog\/#\/schema\/logo\/image\/","url":"https:\/\/dhg1h5j42swfq.cloudfront.net\/2025\/06\/03203428\/logo_concursos-1.jpg","contentUrl":"https:\/\/dhg1h5j42swfq.cloudfront.net\/2025\/06\/03203428\/logo_concursos-1.jpg","width":230,"height":60,"caption":"Estrat\u00e9gia Concursos"},"image":{"@id":"https:\/\/www.estrategiaconcursos.com.br\/blog\/#\/schema\/logo\/image\/"},"sameAs":["https:\/\/x.com\/EstratConcursos"]},{"@type":"Person","@id":"https:\/\/www.estrategiaconcursos.com.br\/blog\/#\/schema\/person\/cdad40b5818eb228a838461fcd656da7","name":"Coordena\u00e7\u00e3o","image":{"@type":"ImageObject","inLanguage":"pt-BR","@id":"https:\/\/secure.gravatar.com\/avatar\/a413b22da0f5009c634f6c4586a2dbe5207074fd5becd88db5183b8069ef25e4?s=96&d=mm&r=g","url":"https:\/\/secure.gravatar.com\/avatar\/a413b22da0f5009c634f6c4586a2dbe5207074fd5becd88db5183b8069ef25e4?s=96&d=mm&r=g","contentUrl":"https:\/\/secure.gravatar.com\/avatar\/a413b22da0f5009c634f6c4586a2dbe5207074fd5becd88db5183b8069ef25e4?s=96&d=mm&r=g","caption":"Coordena\u00e7\u00e3o"},"url":"https:\/\/www.estrategiaconcursos.com.br\/blog\/author\/contatoestrategiaconcursos-com-br\/"}]}},"_links":{"self":[{"href":"https:\/\/www.estrategiaconcursos.com.br\/blog\/wp-json\/wp\/v2\/posts\/56833","targetHints":{"allow":["GET"]}}],"collection":[{"href":"https:\/\/www.estrategiaconcursos.com.br\/blog\/wp-json\/wp\/v2\/posts"}],"about":[{"href":"https:\/\/www.estrategiaconcursos.com.br\/blog\/wp-json\/wp\/v2\/types\/post"}],"author":[{"embeddable":true,"href":"https:\/\/www.estrategiaconcursos.com.br\/blog\/wp-json\/wp\/v2\/users\/48"}],"replies":[{"embeddable":true,"href":"https:\/\/www.estrategiaconcursos.com.br\/blog\/wp-json\/wp\/v2\/comments?post=56833"}],"version-history":[{"count":2,"href":"https:\/\/www.estrategiaconcursos.com.br\/blog\/wp-json\/wp\/v2\/posts\/56833\/revisions"}],"predecessor-version":[{"id":56840,"href":"https:\/\/www.estrategiaconcursos.com.br\/blog\/wp-json\/wp\/v2\/posts\/56833\/revisions\/56840"}],"wp:attachment":[{"href":"https:\/\/www.estrategiaconcursos.com.br\/blog\/wp-json\/wp\/v2\/media?parent=56833"}],"wp:term":[{"taxonomy":"category","embeddable":true,"href":"https:\/\/www.estrategiaconcursos.com.br\/blog\/wp-json\/wp\/v2\/categories?post=56833"},{"taxonomy":"post_tag","embeddable":true,"href":"https:\/\/www.estrategiaconcursos.com.br\/blog\/wp-json\/wp\/v2\/tags?post=56833"},{"taxonomy":"tax_estado","embeddable":true,"href":"https:\/\/www.estrategiaconcursos.com.br\/blog\/wp-json\/wp\/v2\/tax_estado?post=56833"}],"curies":[{"name":"wp","href":"https:\/\/api.w.org\/{rel}","templated":true}]}}