{"id":568253,"date":"2020-09-08T17:00:00","date_gmt":"2020-09-08T20:00:00","guid":{"rendered":"https:\/\/www.estrategiaconcursos.com.br\/blog\/?p=568253"},"modified":"2023-05-10T10:37:27","modified_gmt":"2023-05-10T13:37:27","slug":"cartorio-tj-sp-teremos-concurso-pos-pandemia","status":"publish","type":"post","link":"https:\/\/www.estrategiaconcursos.com.br\/blog\/cartorio-tj-sp-teremos-concurso-pos-pandemia\/","title":{"rendered":"Cart\u00f3rio TJ SP: teremos concurso P\u00f3s-Pandemia?"},"content":{"rendered":"\n<p>Por causa da pandemia de Covid-19 que afeta o Brasil, todos os concurseiros possuem o mesmo pensamento, ser\u00e1 que teremos concursos no P\u00f3s-Pandemia? Pensando em desmistificar essa pergunta, o professor Gustavo Arruda far\u00e1 uma aula completa sobre o tema abordando o concursos Cart\u00f3rio TJ SP. <\/p>\n\n\n\n<p>Acompanhe ao vivo e gratuitamente nesta ter\u00e7a-feira, \u00e0s 19:00, no Canal do Estrat\u00e9gia Carreiras Jur\u00eddicas no Youtube.<\/p>\n\n\n\n<h4 class=\"wp-block-heading\" id=\"h-cartorio-tj-sp-cronograma\">Cart\u00f3rio TJ SP: Cronograma<\/h4>\n\n\n\n<p><strong>Data:<\/strong> 08 de setembro de 2020<br \/><strong>Hor\u00e1rio:<\/strong> 19:00<br \/><strong>Onde:<\/strong> <a href=\"https:\/\/www.youtube.com\/watch?v=SHMZPeIAJRg\" target=\"_blank\" rel=\"noreferrer noopener\">Canal do Estrat\u00e9gia Carreiras Jur\u00eddicas no Youtube<\/a><\/p>\n\n\n\n<h4 class=\"wp-block-heading\" id=\"h-cartorio-tj-sp-evento-ao-vivo\">Cart\u00f3rio TJ SP: Evento ao vivo<\/h4>\n\n\n\n<h4 class=\"wp-block-heading\" id=\"h-cartorio-tj-sp-curiosidades\">Cart\u00f3rio TJ SP: Curiosidades<\/h4>\n\n\n\n<p>O&nbsp;<strong>Tribunal de Justi\u00e7a de S\u00e3o Paulo<\/strong>&nbsp;oficializou a escolha da&nbsp;<em>Funda\u00e7\u00e3o Vunesp<\/em>&nbsp;como organizadora do&nbsp;<strong>12\u00ba Concurso de Outorga de Delega\u00e7\u00f5es de Notas e Registro<\/strong>&nbsp;do Estado, o concurso cart\u00f3rio SP, que deve ter seu edital publicado em breve.<\/p>\n\n\n\n<p>O certame se destina a preencher as serventias extrajudiciais vagas no Estado de S\u00e3o Paulo. A lista completa das serventias vagas ainda deve ser publicada pelo \u00f3rg\u00e3o.<\/p>\n\n\n\n<p>De acordo com a resolu\u00e7\u00e3o 81\/2009 do CNJ, s\u00e3o ofertadas sempre&nbsp;<strong>dois ter\u00e7os das vagas<\/strong>&nbsp;para&nbsp;<strong>provimento<\/strong>&nbsp;e&nbsp;<strong>um ter\u00e7o das vagas<\/strong>&nbsp;para&nbsp;<strong>remo\u00e7\u00e3o<\/strong>&nbsp;(candidatos que j\u00e1 desempenham atividade notarial e registral).<\/p>\n\n\n\n<p class=\"has-text-align-center has-very-light-gray-background-color has-background\"><strong>MAIS INFORMA\u00c7\u00d5ES:&nbsp;<a rel=\"noreferrer noopener\" href=\"https:\/\/www.estrategiaconcursos.com.br\/blog\/concurso-tj-sp-cartorios\/\" target=\"_blank\">CONCURSO CART\u00d3RIO SP<\/a><\/strong><\/p>\n\n\n\n<h2 class=\"wp-block-heading has-text-align-center\" id=\"h-assinatura-juridica\">Assinatura Jur\u00eddica<\/h2>\n\n\n\n<p class=\"has-text-align-center\">Estude com a maior assinatura jur\u00eddica! Cursos on\u2011line complet\u00edssimos em PDFs e videoaulas, com conte\u00fado te\u00f3rico did\u00e1tico, legisla\u00e7\u00e3o e jurisprud\u00eancia analisados, resolu\u00e7\u00e3o de in\u00fameras quest\u00f5es e resumos ao final de cada aula.<\/p>\n\n\n\n<p class=\"has-text-align-center has-luminous-vivid-amber-background-color has-background\"><strong>ACESSE:&nbsp;<a rel=\"noreferrer noopener\" href=\"https:\/\/www.estrategiaconcursos.com.br\/assinaturas-ecj\/\" target=\"_blank\">Assinatura Jur\u00eddica<\/a><\/strong><\/p>\n\n\n\n<h2 class=\"wp-block-heading has-text-align-center\" id=\"h-quer-estudar-para-o-concurso-cartorio-sp\">Quer estudar para o concurso Cart\u00f3rio SP?<\/h2>\n\n\n\n<p class=\"has-text-align-center\">O Estrat\u00e9gia Carreira Jur\u00eddica \u00e9 campe\u00e3o de aprova\u00e7\u00f5es nos concursos para Cart\u00f3rios com um corpo docente qualificado e materiais completos. Conhe\u00e7a nossos cursos e garanta sua aprova\u00e7\u00e3o no edital do TJ SP:<\/p>\n\n\n\n<p class=\"has-text-align-center has-pale-pink-background-color has-background\"><em><strong><a href=\"https:\/\/www.estrategiaconcursos.com.br\/cursosPorConcurso\/cursos-para-cartorios-do-tj-sp\/\" target=\"_blank\" rel=\"noreferrer noopener\">CURSO CART\u00d3RIO SP<\/a><\/strong><\/em><\/p>\n\n\n\n<p class=\"has-text-align-center\"><strong><em><strong>Sistema de Quest\u00f5es<\/strong><\/em><\/strong><\/p>\n\n\n\n<p class=\"has-text-align-center\">Estrat\u00e9gia Quest\u00f5es nasceu maior do que todos os concorrentes, com mais quest\u00f5es cadastradas e mais solu\u00e7\u00f5es por professores. Clique no link e aproveite os descontos e b\u00f4nus imperd\u00edveis!<\/p>\n\n\n\n<p class=\"has-text-align-center has-light-green-cyan-background-color has-background\"><strong>ASSINE AGORA \u2013&nbsp;<a href=\"https:\/\/www.estrategiaconcursos.com.br\/cursosPorConcurso\/sistema-de-questoes\/#\/\" target=\"_blank\" rel=\"noreferrer noopener\">Sistema de Quest\u00f5es<\/a><\/strong><\/p>\n\n\n\n<p class=\"has-text-align-center\"><strong><em>Fique por dentro dos concursos vigentes:<\/em><\/strong><\/p>\n\n\n\n<p class=\"has-text-align-center\">Quer ficar em dia com as principais novidades no mundo dos concursos p\u00fablicos? Confira os principais concursos com inscri\u00e7\u00f5es abertas, al\u00e9m de editais previstos para o 2\u00ba semestre de 2020 e in\u00edcio de 2021:<\/p>\n\n\n\n<p class=\"has-text-align-center has-pale-cyan-blue-background-color has-background\"><strong><a href=\"https:\/\/www.estrategiaconcursos.com.br\/blog\/concursos-abertos\/\" target=\"_blank\" rel=\"noreferrer noopener\">CONCURSOS ABERTOS<\/a><\/strong><\/p>\n\n\n\n<p class=\"has-text-align-center has-pale-cyan-blue-background-color has-background\"><strong><a rel=\"noreferrer noopener\" href=\"https:\/\/www.estrategiaconcursos.com.br\/blog\/concursos-2020\/\" target=\"_blank\">CONCURSOS&nbsp;2020<\/a><\/strong><\/p>\n\n\n\n<p class=\"has-text-align-center has-pale-cyan-blue-background-color has-background\"><a rel=\"noreferrer noopener\" href=\"https:\/\/www.estrategiaconcursos.com.br\/blog\/concursos-2021\/\" target=\"_blank\"><strong>CONCURSOS 2021<\/strong><\/a><\/p>\n\n\n\n<p class=\"has-text-align-center has-pale-cyan-blue-background-color has-background\"><strong><a href=\"https:\/\/www.estrategiaconcursos.com.br\/blog\/concursos-de-direito\/\" target=\"_blank\" rel=\"noreferrer noopener\">CONCURSOS DE DIREITO<\/a><\/strong><\/p>\n","protected":false},"excerpt":{"rendered":"<p>Por causa da pandemia de Covid-19 que afeta o Brasil, todos os concurseiros possuem o mesmo pensamento, ser\u00e1 que teremos concursos no P\u00f3s-Pandemia? Pensando em desmistificar essa pergunta, o professor Gustavo Arruda far\u00e1 uma aula completa sobre o tema abordando o concursos Cart\u00f3rio TJ SP. Acompanhe ao vivo e gratuitamente nesta ter\u00e7a-feira, \u00e0s 19:00, no [&hellip;]<\/p>\n","protected":false},"author":317,"featured_media":437335,"comment_status":"open","ping_status":"closed","sticky":false,"template":"","format":"standard","meta":{"post_tipo":"article","footnotes":""},"categories":[1,2185],"tags":[],"tax_estado":[],"class_list":["post-568253","post","type-post","status-publish","format-standard","has-post-thumbnail","hentry","category-cursos-e-concursos","category-carreiras-juridicas"],"acf":[],"yoast_head":"<!-- This site is optimized with the Yoast SEO Premium plugin v27.2 (Yoast SEO v27.2) - https:\/\/yoast.com\/product\/yoast-seo-premium-wordpress\/ -->\n<title>Cart\u00f3rio TJ SP: teremos concurso P\u00f3s-Pandemia?<\/title>\n<meta name=\"description\" content=\"Cart\u00f3rio TJ SP: acompanhe nesta ter\u00e7a-feira (08), \u00e0s 19:00, o evento ao vivo e gratuito sobre o concurso. Tire todas as d\u00favidas!\" \/>\n<meta name=\"robots\" content=\"index, follow, max-snippet:-1, max-image-preview:large, max-video-preview:-1\" \/>\n<link rel=\"canonical\" href=\"https:\/\/www.estrategiaconcursos.com.br\/blog\/cartorio-tj-sp-teremos-concurso-pos-pandemia\/\" \/>\n<meta property=\"og:locale\" content=\"pt_BR\" \/>\n<meta property=\"og:type\" content=\"article\" \/>\n<meta property=\"og:title\" content=\"Cart\u00f3rio TJ SP: teremos concurso P\u00f3s-Pandemia?\" \/>\n<meta property=\"og:description\" content=\"Cart\u00f3rio TJ SP: acompanhe nesta ter\u00e7a-feira (08), \u00e0s 19:00, o evento ao vivo e gratuito sobre o concurso. Tire todas as d\u00favidas!\" \/>\n<meta property=\"og:url\" content=\"https:\/\/www.estrategiaconcursos.com.br\/blog\/cartorio-tj-sp-teremos-concurso-pos-pandemia\/\" \/>\n<meta property=\"og:site_name\" content=\"Estrat\u00e9gia Concursos\" \/>\n<meta property=\"article:author\" content=\"https:\/\/www.facebook.com\/igor.maciel.1420\" \/>\n<meta property=\"article:published_time\" content=\"2020-09-08T20:00:00+00:00\" \/>\n<meta property=\"article:modified_time\" content=\"2023-05-10T13:37:27+00:00\" \/>\n<meta property=\"og:image\" content=\"https:\/\/dhg1h5j42swfq.cloudfront.net\/2019\/10\/21104442\/YTB_CARTORIOSP1.jpg\" \/>\n\t<meta property=\"og:image:width\" content=\"1200\" \/>\n\t<meta property=\"og:image:height\" content=\"675\" \/>\n\t<meta property=\"og:image:type\" content=\"image\/jpeg\" \/>\n<meta name=\"author\" content=\"Igor Maciel\" \/>\n<meta name=\"twitter:card\" content=\"summary_large_image\" \/>\n<meta name=\"twitter:creator\" content=\"@EstratConcursos\" \/>\n<meta name=\"twitter:site\" content=\"@EstratConcursos\" \/>\n<meta name=\"twitter:label1\" content=\"Escrito por\" \/>\n\t<meta name=\"twitter:data1\" content=\"Igor Maciel\" \/>\n\t<meta name=\"twitter:label2\" content=\"Est. tempo de leitura\" \/>\n\t<meta name=\"twitter:data2\" content=\"2 minutos\" \/>\n<script type=\"application\/ld+json\" class=\"yoast-schema-graph\">{\"@context\":\"https:\/\/schema.org\",\"@graph\":[{\"@type\":\"NewsArticle\",\"@id\":\"https:\/\/www.estrategiaconcursos.com.br\/blog\/cartorio-tj-sp-teremos-concurso-pos-pandemia\/#article\",\"isPartOf\":{\"@id\":\"https:\/\/www.estrategiaconcursos.com.br\/blog\/cartorio-tj-sp-teremos-concurso-pos-pandemia\/\"},\"author\":{\"name\":\"Igor Maciel\",\"@id\":\"https:\/\/www.estrategiaconcursos.com.br\/blog\/#\/schema\/person\/024d26d5efb06d95dfc04025d7301591\"},\"headline\":\"Cart\u00f3rio TJ SP: teremos concurso P\u00f3s-Pandemia?\",\"datePublished\":\"2020-09-08T20:00:00+00:00\",\"dateModified\":\"2023-05-10T13:37:27+00:00\",\"mainEntityOfPage\":{\"@id\":\"https:\/\/www.estrategiaconcursos.com.br\/blog\/cartorio-tj-sp-teremos-concurso-pos-pandemia\/\"},\"wordCount\":433,\"commentCount\":0,\"publisher\":{\"@id\":\"https:\/\/www.estrategiaconcursos.com.br\/blog\/#organization\"},\"image\":{\"@id\":\"https:\/\/www.estrategiaconcursos.com.br\/blog\/cartorio-tj-sp-teremos-concurso-pos-pandemia\/#primaryimage\"},\"thumbnailUrl\":\"https:\/\/dhg1h5j42swfq.cloudfront.net\/2019\/10\/21104442\/YTB_CARTORIOSP1.jpg\",\"articleSection\":[\"Concursos P\u00fablicos\",\"Jur\u00eddico\"],\"inLanguage\":\"pt-BR\",\"potentialAction\":[{\"@type\":\"CommentAction\",\"name\":\"Comment\",\"target\":[\"https:\/\/www.estrategiaconcursos.com.br\/blog\/cartorio-tj-sp-teremos-concurso-pos-pandemia\/#respond\"]}],\"copyrightYear\":\"2020\",\"copyrightHolder\":{\"@id\":\"https:\/\/www.estrategiaconcursos.com.br\/blog\/#organization\"}},{\"@type\":\"WebPage\",\"@id\":\"https:\/\/www.estrategiaconcursos.com.br\/blog\/cartorio-tj-sp-teremos-concurso-pos-pandemia\/\",\"url\":\"https:\/\/www.estrategiaconcursos.com.br\/blog\/cartorio-tj-sp-teremos-concurso-pos-pandemia\/\",\"name\":\"Cart\u00f3rio TJ SP: teremos concurso P\u00f3s-Pandemia?\",\"isPartOf\":{\"@id\":\"https:\/\/www.estrategiaconcursos.com.br\/blog\/#website\"},\"primaryImageOfPage\":{\"@id\":\"https:\/\/www.estrategiaconcursos.com.br\/blog\/cartorio-tj-sp-teremos-concurso-pos-pandemia\/#primaryimage\"},\"image\":{\"@id\":\"https:\/\/www.estrategiaconcursos.com.br\/blog\/cartorio-tj-sp-teremos-concurso-pos-pandemia\/#primaryimage\"},\"thumbnailUrl\":\"https:\/\/dhg1h5j42swfq.cloudfront.net\/2019\/10\/21104442\/YTB_CARTORIOSP1.jpg\",\"datePublished\":\"2020-09-08T20:00:00+00:00\",\"dateModified\":\"2023-05-10T13:37:27+00:00\",\"description\":\"Cart\u00f3rio TJ SP: acompanhe nesta ter\u00e7a-feira (08), \u00e0s 19:00, o evento ao vivo e gratuito sobre o concurso. Tire todas as d\u00favidas!\",\"breadcrumb\":{\"@id\":\"https:\/\/www.estrategiaconcursos.com.br\/blog\/cartorio-tj-sp-teremos-concurso-pos-pandemia\/#breadcrumb\"},\"inLanguage\":\"pt-BR\",\"potentialAction\":[{\"@type\":\"ReadAction\",\"target\":[\"https:\/\/www.estrategiaconcursos.com.br\/blog\/cartorio-tj-sp-teremos-concurso-pos-pandemia\/\"]}]},{\"@type\":\"ImageObject\",\"inLanguage\":\"pt-BR\",\"@id\":\"https:\/\/www.estrategiaconcursos.com.br\/blog\/cartorio-tj-sp-teremos-concurso-pos-pandemia\/#primaryimage\",\"url\":\"https:\/\/dhg1h5j42swfq.cloudfront.net\/2019\/10\/21104442\/YTB_CARTORIOSP1.jpg\",\"contentUrl\":\"https:\/\/dhg1h5j42swfq.cloudfront.net\/2019\/10\/21104442\/YTB_CARTORIOSP1.jpg\",\"width\":1200,\"height\":675,\"caption\":\"cartorio tj sp\"},{\"@type\":\"BreadcrumbList\",\"@id\":\"https:\/\/www.estrategiaconcursos.com.br\/blog\/cartorio-tj-sp-teremos-concurso-pos-pandemia\/#breadcrumb\",\"itemListElement\":[{\"@type\":\"ListItem\",\"position\":1,\"name\":\"In\u00edcio\",\"item\":\"https:\/\/www.estrategiaconcursos.com.br\/blog\/\"},{\"@type\":\"ListItem\",\"position\":2,\"name\":\"Cart\u00f3rio TJ SP: teremos concurso P\u00f3s-Pandemia?\"}]},{\"@type\":\"WebSite\",\"@id\":\"https:\/\/www.estrategiaconcursos.com.br\/blog\/#website\",\"url\":\"https:\/\/www.estrategiaconcursos.com.br\/blog\/\",\"name\":\"Estrat\u00e9gia Concursos\",\"description\":\"O blog da Estrat\u00e9gia Concursos traz not\u00edcias sobre concursos e artigos de professores oferecendo cursos para concursos (pdf + videaulas) no site.\",\"publisher\":{\"@id\":\"https:\/\/www.estrategiaconcursos.com.br\/blog\/#organization\"},\"potentialAction\":[{\"@type\":\"SearchAction\",\"target\":{\"@type\":\"EntryPoint\",\"urlTemplate\":\"https:\/\/www.estrategiaconcursos.com.br\/blog\/?s={search_term_string}\"},\"query-input\":{\"@type\":\"PropertyValueSpecification\",\"valueRequired\":true,\"valueName\":\"search_term_string\"}}],\"inLanguage\":\"pt-BR\"},{\"@type\":\"Organization\",\"@id\":\"https:\/\/www.estrategiaconcursos.com.br\/blog\/#organization\",\"name\":\"Estrat\u00e9gia Concursos\",\"url\":\"https:\/\/www.estrategiaconcursos.com.br\/blog\/\",\"logo\":{\"@type\":\"ImageObject\",\"inLanguage\":\"pt-BR\",\"@id\":\"https:\/\/www.estrategiaconcursos.com.br\/blog\/#\/schema\/logo\/image\/\",\"url\":\"https:\/\/dhg1h5j42swfq.cloudfront.net\/2025\/06\/03203428\/logo_concursos-1.jpg\",\"contentUrl\":\"https:\/\/dhg1h5j42swfq.cloudfront.net\/2025\/06\/03203428\/logo_concursos-1.jpg\",\"width\":230,\"height\":60,\"caption\":\"Estrat\u00e9gia Concursos\"},\"image\":{\"@id\":\"https:\/\/www.estrategiaconcursos.com.br\/blog\/#\/schema\/logo\/image\/\"},\"sameAs\":[\"https:\/\/x.com\/EstratConcursos\"]},{\"@type\":\"Person\",\"@id\":\"https:\/\/www.estrategiaconcursos.com.br\/blog\/#\/schema\/person\/024d26d5efb06d95dfc04025d7301591\",\"name\":\"Igor Maciel\",\"image\":{\"@type\":\"ImageObject\",\"inLanguage\":\"pt-BR\",\"@id\":\"https:\/\/secure.gravatar.com\/avatar\/e983a676af6facf4aebcb2989d49e3bf61b718712d5e7a4b3f355b7fe651bc2f?s=96&d=mm&r=g\",\"url\":\"https:\/\/secure.gravatar.com\/avatar\/e983a676af6facf4aebcb2989d49e3bf61b718712d5e7a4b3f355b7fe651bc2f?s=96&d=mm&r=g\",\"contentUrl\":\"https:\/\/secure.gravatar.com\/avatar\/e983a676af6facf4aebcb2989d49e3bf61b718712d5e7a4b3f355b7fe651bc2f?s=96&d=mm&r=g\",\"caption\":\"Igor Maciel\"},\"description\":\"Graduado na Universidade Federal de Pernambuco, com extens\u00e3o na Universidade de Coimbra\/Portugal. Especialista LLM em Direito Corporativo pelo IBMEC\/RJ. Mestrando em Direito e Pol\u00edticas P\u00fablicas pelo UNICEUB\/DF. Advogado com atua\u00e7\u00e3o profissional centrada no Direito Tribut\u00e1rio e no Direito Administrativo, especialmente na defesa de servidores p\u00fablicos.\",\"sameAs\":[\"http:\/\/www.imaciel.com.br\",\"https:\/\/www.facebook.com\/igor.maciel.1420\"],\"url\":\"https:\/\/www.estrategiaconcursos.com.br\/blog\/author\/contatoimaciel-com-br\/\"}]}<\/script>\n<!-- \/ Yoast SEO Premium plugin. -->","yoast_head_json":{"title":"Cart\u00f3rio TJ SP: teremos concurso P\u00f3s-Pandemia?","description":"Cart\u00f3rio TJ SP: acompanhe nesta ter\u00e7a-feira (08), \u00e0s 19:00, o evento ao vivo e gratuito sobre o concurso. Tire todas as d\u00favidas!","robots":{"index":"index","follow":"follow","max-snippet":"max-snippet:-1","max-image-preview":"max-image-preview:large","max-video-preview":"max-video-preview:-1"},"canonical":"https:\/\/www.estrategiaconcursos.com.br\/blog\/cartorio-tj-sp-teremos-concurso-pos-pandemia\/","og_locale":"pt_BR","og_type":"article","og_title":"Cart\u00f3rio TJ SP: teremos concurso P\u00f3s-Pandemia?","og_description":"Cart\u00f3rio TJ SP: acompanhe nesta ter\u00e7a-feira (08), \u00e0s 19:00, o evento ao vivo e gratuito sobre o concurso. Tire todas as d\u00favidas!","og_url":"https:\/\/www.estrategiaconcursos.com.br\/blog\/cartorio-tj-sp-teremos-concurso-pos-pandemia\/","og_site_name":"Estrat\u00e9gia Concursos","article_author":"https:\/\/www.facebook.com\/igor.maciel.1420","article_published_time":"2020-09-08T20:00:00+00:00","article_modified_time":"2023-05-10T13:37:27+00:00","og_image":[{"width":1200,"height":675,"url":"https:\/\/dhg1h5j42swfq.cloudfront.net\/2019\/10\/21104442\/YTB_CARTORIOSP1.jpg","type":"image\/jpeg"}],"author":"Igor Maciel","twitter_card":"summary_large_image","twitter_creator":"@EstratConcursos","twitter_site":"@EstratConcursos","twitter_misc":{"Escrito por":"Igor Maciel","Est. tempo de leitura":"2 minutos"},"schema":{"@context":"https:\/\/schema.org","@graph":[{"@type":"NewsArticle","@id":"https:\/\/www.estrategiaconcursos.com.br\/blog\/cartorio-tj-sp-teremos-concurso-pos-pandemia\/#article","isPartOf":{"@id":"https:\/\/www.estrategiaconcursos.com.br\/blog\/cartorio-tj-sp-teremos-concurso-pos-pandemia\/"},"author":{"name":"Igor Maciel","@id":"https:\/\/www.estrategiaconcursos.com.br\/blog\/#\/schema\/person\/024d26d5efb06d95dfc04025d7301591"},"headline":"Cart\u00f3rio TJ SP: teremos concurso P\u00f3s-Pandemia?","datePublished":"2020-09-08T20:00:00+00:00","dateModified":"2023-05-10T13:37:27+00:00","mainEntityOfPage":{"@id":"https:\/\/www.estrategiaconcursos.com.br\/blog\/cartorio-tj-sp-teremos-concurso-pos-pandemia\/"},"wordCount":433,"commentCount":0,"publisher":{"@id":"https:\/\/www.estrategiaconcursos.com.br\/blog\/#organization"},"image":{"@id":"https:\/\/www.estrategiaconcursos.com.br\/blog\/cartorio-tj-sp-teremos-concurso-pos-pandemia\/#primaryimage"},"thumbnailUrl":"https:\/\/dhg1h5j42swfq.cloudfront.net\/2019\/10\/21104442\/YTB_CARTORIOSP1.jpg","articleSection":["Concursos P\u00fablicos","Jur\u00eddico"],"inLanguage":"pt-BR","potentialAction":[{"@type":"CommentAction","name":"Comment","target":["https:\/\/www.estrategiaconcursos.com.br\/blog\/cartorio-tj-sp-teremos-concurso-pos-pandemia\/#respond"]}],"copyrightYear":"2020","copyrightHolder":{"@id":"https:\/\/www.estrategiaconcursos.com.br\/blog\/#organization"}},{"@type":"WebPage","@id":"https:\/\/www.estrategiaconcursos.com.br\/blog\/cartorio-tj-sp-teremos-concurso-pos-pandemia\/","url":"https:\/\/www.estrategiaconcursos.com.br\/blog\/cartorio-tj-sp-teremos-concurso-pos-pandemia\/","name":"Cart\u00f3rio TJ SP: teremos concurso P\u00f3s-Pandemia?","isPartOf":{"@id":"https:\/\/www.estrategiaconcursos.com.br\/blog\/#website"},"primaryImageOfPage":{"@id":"https:\/\/www.estrategiaconcursos.com.br\/blog\/cartorio-tj-sp-teremos-concurso-pos-pandemia\/#primaryimage"},"image":{"@id":"https:\/\/www.estrategiaconcursos.com.br\/blog\/cartorio-tj-sp-teremos-concurso-pos-pandemia\/#primaryimage"},"thumbnailUrl":"https:\/\/dhg1h5j42swfq.cloudfront.net\/2019\/10\/21104442\/YTB_CARTORIOSP1.jpg","datePublished":"2020-09-08T20:00:00+00:00","dateModified":"2023-05-10T13:37:27+00:00","description":"Cart\u00f3rio TJ SP: acompanhe nesta ter\u00e7a-feira (08), \u00e0s 19:00, o evento ao vivo e gratuito sobre o concurso. Tire todas as d\u00favidas!","breadcrumb":{"@id":"https:\/\/www.estrategiaconcursos.com.br\/blog\/cartorio-tj-sp-teremos-concurso-pos-pandemia\/#breadcrumb"},"inLanguage":"pt-BR","potentialAction":[{"@type":"ReadAction","target":["https:\/\/www.estrategiaconcursos.com.br\/blog\/cartorio-tj-sp-teremos-concurso-pos-pandemia\/"]}]},{"@type":"ImageObject","inLanguage":"pt-BR","@id":"https:\/\/www.estrategiaconcursos.com.br\/blog\/cartorio-tj-sp-teremos-concurso-pos-pandemia\/#primaryimage","url":"https:\/\/dhg1h5j42swfq.cloudfront.net\/2019\/10\/21104442\/YTB_CARTORIOSP1.jpg","contentUrl":"https:\/\/dhg1h5j42swfq.cloudfront.net\/2019\/10\/21104442\/YTB_CARTORIOSP1.jpg","width":1200,"height":675,"caption":"cartorio tj sp"},{"@type":"BreadcrumbList","@id":"https:\/\/www.estrategiaconcursos.com.br\/blog\/cartorio-tj-sp-teremos-concurso-pos-pandemia\/#breadcrumb","itemListElement":[{"@type":"ListItem","position":1,"name":"In\u00edcio","item":"https:\/\/www.estrategiaconcursos.com.br\/blog\/"},{"@type":"ListItem","position":2,"name":"Cart\u00f3rio TJ SP: teremos concurso P\u00f3s-Pandemia?"}]},{"@type":"WebSite","@id":"https:\/\/www.estrategiaconcursos.com.br\/blog\/#website","url":"https:\/\/www.estrategiaconcursos.com.br\/blog\/","name":"Estrat\u00e9gia Concursos","description":"O blog da Estrat\u00e9gia Concursos traz not\u00edcias sobre concursos e artigos de professores oferecendo cursos para concursos (pdf + videaulas) no site.","publisher":{"@id":"https:\/\/www.estrategiaconcursos.com.br\/blog\/#organization"},"potentialAction":[{"@type":"SearchAction","target":{"@type":"EntryPoint","urlTemplate":"https:\/\/www.estrategiaconcursos.com.br\/blog\/?s={search_term_string}"},"query-input":{"@type":"PropertyValueSpecification","valueRequired":true,"valueName":"search_term_string"}}],"inLanguage":"pt-BR"},{"@type":"Organization","@id":"https:\/\/www.estrategiaconcursos.com.br\/blog\/#organization","name":"Estrat\u00e9gia Concursos","url":"https:\/\/www.estrategiaconcursos.com.br\/blog\/","logo":{"@type":"ImageObject","inLanguage":"pt-BR","@id":"https:\/\/www.estrategiaconcursos.com.br\/blog\/#\/schema\/logo\/image\/","url":"https:\/\/dhg1h5j42swfq.cloudfront.net\/2025\/06\/03203428\/logo_concursos-1.jpg","contentUrl":"https:\/\/dhg1h5j42swfq.cloudfront.net\/2025\/06\/03203428\/logo_concursos-1.jpg","width":230,"height":60,"caption":"Estrat\u00e9gia Concursos"},"image":{"@id":"https:\/\/www.estrategiaconcursos.com.br\/blog\/#\/schema\/logo\/image\/"},"sameAs":["https:\/\/x.com\/EstratConcursos"]},{"@type":"Person","@id":"https:\/\/www.estrategiaconcursos.com.br\/blog\/#\/schema\/person\/024d26d5efb06d95dfc04025d7301591","name":"Igor Maciel","image":{"@type":"ImageObject","inLanguage":"pt-BR","@id":"https:\/\/secure.gravatar.com\/avatar\/e983a676af6facf4aebcb2989d49e3bf61b718712d5e7a4b3f355b7fe651bc2f?s=96&d=mm&r=g","url":"https:\/\/secure.gravatar.com\/avatar\/e983a676af6facf4aebcb2989d49e3bf61b718712d5e7a4b3f355b7fe651bc2f?s=96&d=mm&r=g","contentUrl":"https:\/\/secure.gravatar.com\/avatar\/e983a676af6facf4aebcb2989d49e3bf61b718712d5e7a4b3f355b7fe651bc2f?s=96&d=mm&r=g","caption":"Igor Maciel"},"description":"Graduado na Universidade Federal de Pernambuco, com extens\u00e3o na Universidade de Coimbra\/Portugal. Especialista LLM em Direito Corporativo pelo IBMEC\/RJ. Mestrando em Direito e Pol\u00edticas P\u00fablicas pelo UNICEUB\/DF. Advogado com atua\u00e7\u00e3o profissional centrada no Direito Tribut\u00e1rio e no Direito Administrativo, especialmente na defesa de servidores p\u00fablicos.","sameAs":["http:\/\/www.imaciel.com.br","https:\/\/www.facebook.com\/igor.maciel.1420"],"url":"https:\/\/www.estrategiaconcursos.com.br\/blog\/author\/contatoimaciel-com-br\/"}]}},"_links":{"self":[{"href":"https:\/\/www.estrategiaconcursos.com.br\/blog\/wp-json\/wp\/v2\/posts\/568253","targetHints":{"allow":["GET"]}}],"collection":[{"href":"https:\/\/www.estrategiaconcursos.com.br\/blog\/wp-json\/wp\/v2\/posts"}],"about":[{"href":"https:\/\/www.estrategiaconcursos.com.br\/blog\/wp-json\/wp\/v2\/types\/post"}],"author":[{"embeddable":true,"href":"https:\/\/www.estrategiaconcursos.com.br\/blog\/wp-json\/wp\/v2\/users\/317"}],"replies":[{"embeddable":true,"href":"https:\/\/www.estrategiaconcursos.com.br\/blog\/wp-json\/wp\/v2\/comments?post=568253"}],"version-history":[{"count":7,"href":"https:\/\/www.estrategiaconcursos.com.br\/blog\/wp-json\/wp\/v2\/posts\/568253\/revisions"}],"predecessor-version":[{"id":1213662,"href":"https:\/\/www.estrategiaconcursos.com.br\/blog\/wp-json\/wp\/v2\/posts\/568253\/revisions\/1213662"}],"wp:featuredmedia":[{"embeddable":true,"href":"https:\/\/www.estrategiaconcursos.com.br\/blog\/wp-json\/wp\/v2\/media\/437335"}],"wp:attachment":[{"href":"https:\/\/www.estrategiaconcursos.com.br\/blog\/wp-json\/wp\/v2\/media?parent=568253"}],"wp:term":[{"taxonomy":"category","embeddable":true,"href":"https:\/\/www.estrategiaconcursos.com.br\/blog\/wp-json\/wp\/v2\/categories?post=568253"},{"taxonomy":"post_tag","embeddable":true,"href":"https:\/\/www.estrategiaconcursos.com.br\/blog\/wp-json\/wp\/v2\/tags?post=568253"},{"taxonomy":"tax_estado","embeddable":true,"href":"https:\/\/www.estrategiaconcursos.com.br\/blog\/wp-json\/wp\/v2\/tax_estado?post=568253"}],"curies":[{"name":"wp","href":"https:\/\/api.w.org\/{rel}","templated":true}]}}