{"id":56810,"date":"2016-12-04T21:22:59","date_gmt":"2016-12-05T00:22:59","guid":{"rendered":"https:\/\/www.estrategiaconcursos.com.br\/blog\/?p=56810"},"modified":"2020-10-09T17:08:31","modified_gmt":"2020-10-09T20:08:31","slug":"edital-tj-pr-2016","status":"publish","type":"post","link":"https:\/\/www.estrategiaconcursos.com.br\/blog\/edital-tj-pr-2016\/","title":{"rendered":"Concurso TJ PR: An\u00e1lise do Edital e Informa\u00e7\u00f5es adicionais"},"content":{"rendered":"<p style=\"text-align: justify\">\n\tOi, Pessoal! Tudo bem com voc\u00eas?<\/p>\n<p style=\"text-align: justify\">\n\tHoje vamos trazer algumas informa\u00e7\u00f5es essenciais sobre o <strong>Edital&nbsp;TJ PR<\/strong> e tamb\u00e9m algumas informa\u00e7\u00f5es adicionais ao concurso.<\/p>\n<p style=\"text-align: justify\">\n\tO <a href=\"https:\/\/dhg1h5j42swfq.cloudfront.net\/2016\/12\/01104524\/Edital-TJ-PR-2016.pdf\" target=\"_blank\" rel=\"noopener noreferrer\">edital TJ PR<\/a> \u00e9 para os cargos de Analista Judici\u00e1rio \u00e1rea Servi\u00e7o Social e Psicologia do 1\u00ba Grau de Jurisdi\u00e7\u00e3o do&nbsp;<strong>Tribunal de Justi\u00e7a do Estado do Paran\u00e1<\/strong>. Est\u00e3o previstas a contrata\u00e7\u00e3o de 45 profissionais distribu\u00eddos da seguinte forma:<\/p>\n<p style=\"text-align: justify\">\n\t<img loading=\"lazy\" decoding=\"async\" alt=\"edital tj pr\" class=\"aligncenter wp-image-56813\" height=\"87\" src=\"https:\/\/dhg1h5j42swfq.cloudfront.net\/2016\/12\/04210930\/tjpr21.png\" width=\"542\"\/><\/p>\n<p style=\"text-align: justify\">\n\t\u00c9 sempre bom registrar que o Judici\u00e1rio convoca al\u00e9m do n\u00famero de vagas previstas no edital.<\/p>\n<p style=\"text-align: justify\">\n\tDiferentemente do \u00faltimo concurso para o 1\u00ba Grau de Jurisdi\u00e7\u00e3o (2009), a concorr\u00eancia n\u00e3o ser\u00e1 por comarca. Todas as vagas ofertadas s\u00e3o para provimento em qualquer das comarcas de 1\u00ba grau de Jurisdi\u00e7\u00e3o do TJ PR. &nbsp;A escolha do local de trabalho ser\u00e1 definida pelos candidatos aprovados na classifica\u00e7\u00e3o final, em audi\u00eancia p\u00fablica, observada a ordem de classifica\u00e7\u00e3o.<\/p>\n<p style=\"text-align: justify\">\n\t<u><strong>Veja tamb\u00e9m<\/strong><\/u>:<\/p>\n<ul>\n<li>\n\t\t<a href=\"https:\/\/www.estrategiaconcursos.com.br\/blog\/edital-tj-pr\/\">An\u00e1lise completa do Edital de T\u00e9cnico Judici\u00e1rio<\/a><\/li>\n<li>\n\t\t<a href=\"https:\/\/www.estrategiaconcursos.com.br\/blog\/concurso-tj-pr-nomeacoes-do-ultimo-concurso\/\">TJ PR &#8211; Nomea\u00e7\u00f5es do \u00faltimo concurso p\/ o 1\u00ba Grau de Jurisdi\u00e7\u00e3o<\/a><\/li>\n<li>\n\t\t<a href=\"https:\/\/www.estrategiaconcursos.com.br\/blog\/tjpr-analista-judiciario\/\">Conhe\u00e7a a carreira de Analista Judici\u00e1rio do TJPR<\/a><\/li>\n<li>\n\t\t<a href=\"https:\/\/www.youtube.com\/watch?v=JcmUlHl49qU\">PROJETO QUARTA DAS CARREIRAS &#8211; Conhe\u00e7a o cargo de T\u00e9cnico Judici\u00e1rio do TJPR<\/a><\/li>\n<\/ul>\n<p>&nbsp;<\/p>\n<p style=\"text-align: justify\">\n\t<span style=\"color: #0000ff\"><strong>Remunera\u00e7\u00e3o e progress\u00e3o funcional<\/strong><\/span><\/p>\n<p style=\"text-align: justify\">\n\tA remunera\u00e7\u00e3o inicial \u00e9 de <strong>R$ 7.188,48<\/strong> acrescido de <strong>R$ 884,00<\/strong> de aux\u00edlio alimenta\u00e7\u00e3o e tamb\u00e9m do aux\u00edlio sa\u00fade.<\/p>\n<p style=\"text-align: justify\">\n\tAs carreiras contam hoje com 9 n\u00edveis de progress\u00e3o, podendo chegar at\u00e9 a R$ <strong>10.620,66<\/strong> no \u00faltimo n\u00edvel. As progress\u00f5es s\u00e3o a cada 3 e 2 anos. A primeira \u00e9 por antiguidade e a segunda por merecimento.<\/p>\n<p style=\"text-align: justify\">\n\t\u00c9 importante ressaltar que o TJ PR rep\u00f5e, <strong>ANUALMENTE<\/strong>, a infla\u00e7\u00e3o do ano anterior. E isso \u00e9 uma grande vantagem. Observamos Brasil afora centenas de carreiras sucateadas por conta da n\u00e3o reposi\u00e7\u00e3o da infla\u00e7\u00e3o.<\/p>\n<p style=\"text-align: justify\">\n\tPara voc\u00ea ter uma ideia, quando houve a reformula\u00e7\u00e3o dos cargos e sal\u00e1rios em 2011, a remunera\u00e7\u00e3o inicial de um analista era de R$ 5.203,00. Ent\u00e3o, nos \u00faltimos 5 anos tivemos cerca de <span style=\"text-decoration: underline\">40% de reposi\u00e7\u00e3o de infla\u00e7\u00e3o<\/span>.<\/p>\n<p style=\"text-align: justify\">\n\t<span style=\"color: #0000ff\"><strong>Aux\u00edlio Sa\u00fade<\/strong><\/span><\/p>\n<p style=\"text-align: justify\">\n\tTodo servidor tem direito ao ressarcimento mensal por ocasi\u00e3o do pagamento do subs\u00eddio, sal\u00e1rio ou proventos e corresponde somente \u00e0s despesas com mensalidades de planos ou seguros privados de assist\u00eancia \u00e0 sa\u00fade, de livre escolha do benefici\u00e1rio, exclu\u00eddos valores desembolsados com parcelas de coparticipa\u00e7\u00e3o, benef\u00edcios extras ou a qualquer outro t\u00edtulo.<\/p>\n<p style=\"text-align: justify\">\n\tO aux\u00edlio sa\u00fade varia de acordo com a faixa et\u00e1ria:<\/p>\n<ul>\n<li style=\"text-align: justify\">\n\t\t0 a 18 anos &#8211; R$ 143,69<\/li>\n<li style=\"text-align: justify\">\n\t\t19 a 23 anos &#8211; R$ 235,24<\/li>\n<li style=\"text-align: justify\">\n\t\t24 a 28 anos &#8211; R$ 321,41<\/li>\n<li style=\"text-align: justify\">\n\t\t29 a 33 anos &#8211; R$ 346,70<\/li>\n<li style=\"text-align: justify\">\n\t\t34 a 38 anos &#8211; R$ 402,28<\/li>\n<li style=\"text-align: justify\">\n\t\t39 a 43 anos &#8211; R$ 438,92<\/li>\n<li style=\"text-align: justify\">\n\t\t44 a 48 anos &#8211; R$ 527,47<\/li>\n<li style=\"text-align: justify\">\n\t\t49 a 53 anos &#8211; R$ 616,37<\/li>\n<li style=\"text-align: justify\">\n\t\t54 a 58 anos &#8211; R$ 669,03<\/li>\n<li style=\"text-align: justify\">\n\t\t59 anos ou mais &#8211; R$ 862,07<\/li>\n<\/ul>\n<p style=\"text-align: justify\">\n\tO valor do ressarcimento fica limitado ao total despendido pelo benefici\u00e1rio titular, inclusive com seus dependentes, observado o valor m\u00e1ximo para a sua respectiva faixa et\u00e1ria.<\/p>\n<p style=\"text-align: justify\">\n\t<span style=\"color: #0000ff\"><strong>Hor\u00e1rio de Trabalho<\/strong><\/span><\/p>\n<p style=\"text-align: justify\">\n\tO expediente forense nos f\u00f3runs do Tribunal de Justi\u00e7a do Estado do Paran\u00e1 \u00e9 das 12 \u00e0s 19 horas de segunda \u00e0 sexta.<\/p>\n<p style=\"text-align: justify\">\n\t<span style=\"color: #0000ff\"><strong>F\u00e9rias<\/strong><\/span><\/p>\n<p style=\"text-align: justify\">\n\tO servidor tem o direito de gozar 30 dias de f\u00e9rias por ano. O adicional de f\u00e9rias \u00e9 de 50% da remunera\u00e7\u00e3o (diferente dos outros \u00f3rg\u00e3os que pagam adicional de 33%).<\/p>\n<p>\t<font color=\"#0000ff\"><b>Inscri\u00e7\u00f5es<\/b><\/font><\/p>\n<p>As inscri\u00e7\u00f5es finalizaram no dia 21\/02\/2017.&nbsp;O valor da taxa&nbsp;\u00e9 de R$ 100,00, pag\u00e1vel por meio de boleto banc\u00e1rio at\u00e9 10\/03\/2017.<\/p>\n<p style=\"text-align: justify\">\n\t<span style=\"color: #0000ff\"><strong>Recesso Forense<\/strong><\/span><\/p>\n<p style=\"text-align: justify\">\n\tAl\u00e9m das f\u00e9rias, o judici\u00e1rio tem o recesso anual entre os dias 20 de dezembro \u00e0 06 de janeiro. Esses dias de descanso n\u00e3o s\u00e3o descontados das f\u00e9rias.<\/p>\n<p style=\"text-align: justify\">\n\t<span style=\"color: #0000ff\"><strong>Da prova<\/strong><\/span><\/p>\n<p style=\"text-align: justify\">\n\tA prova ainda n\u00e3o tem data definida e ser\u00e1 aplicada possivelmente nos&nbsp; 2\u00ba trimestre de 2017.<\/p>\n<p style=\"text-align: justify\">\n\tA prova segue a mesma estrutura do \u00faltimo concurso. Ser\u00e3o <span style=\"color: #ff0000\"><strong>80 quest\u00f5es objetivas e prova discursiva<\/strong><\/span>, distribu\u00eddas da seguinte forma:<\/p>\n<p>\t<img loading=\"lazy\" decoding=\"async\" alt=\"concurso tj pr\" class=\"aligncenter wp-image-56822\" height=\"146\" src=\"https:\/\/dhg1h5j42swfq.cloudfront.net\/2016\/12\/04212042\/tjpr5.png\" width=\"495\"\/><br \/>\nA reda\u00e7\u00e3o ser\u00e1 sobre tema constante do conte\u00fado program\u00e1tico.<\/p>\n<p style=\"text-align: justify\">\n\tSer\u00e3o corrigidas 300 reda\u00e7\u00f5es para cada cargo.<\/p>\n<p style=\"text-align: justify\">\n\t.<\/p>\n<p style=\"text-align: justify\">\n\tComo voc\u00ea observou, o Concurso TJ PR oferece uma excelente carreira profissional.<\/p>\n<p style=\"text-align: left\">\n\tSe voc\u00ea deseja uma prepara\u00e7\u00e3o s\u00f3lida para o concurso do TJ PR, o Estrat\u00e9gia Concursos j\u00e1 tem cursos dispon\u00edveis para esse certame:&nbsp;<a href=\"https:\/\/www.estrategiaconcursos.com.br\/cursosPorConcurso\/tj-pr-tribunal-de-justica-do-parana\/\">https:\/\/www.estrategiaconcursos.com.br\/cursosPorConcurso\/tj-pr-tribunal-de-justica-do-parana\/<\/a><\/p>\n<p style=\"text-align: justify\">\n\tTamb\u00e9m quero deixar aqui as \u00faltimas provas TJ PR, aplicadas para o cargo:<\/p>\n<p style=\"text-align: justify\">\n\t<a href=\"https:\/\/dhg1h5j42swfq.cloudfront.net\/2016\/12\/04211753\/Prova-Assistente-Social.pdf\">prova-assistente-social<\/a><\/p>\n<p style=\"text-align: justify\">\n\t<a href=\"https:\/\/dhg1h5j42swfq.cloudfront.net\/2016\/12\/04211830\/Prova-Psic%C3%B3logo.pdf\">prova-psicologo<\/a><\/p>\n<p style=\"text-align: justify\">\n\tBons estudos!<\/p>\n<p style=\"text-align: justify\">\n\tProf. Tiago Zanolla<\/p>\n","protected":false},"excerpt":{"rendered":"<p>Oi, Pessoal! Tudo bem com voc\u00eas? Hoje vamos trazer algumas informa\u00e7\u00f5es essenciais sobre o Edital&nbsp;TJ PR e tamb\u00e9m algumas informa\u00e7\u00f5es adicionais ao concurso. O edital TJ PR \u00e9 para os cargos de Analista Judici\u00e1rio \u00e1rea Servi\u00e7o Social e Psicologia do 1\u00ba Grau de Jurisdi\u00e7\u00e3o do&nbsp;Tribunal de Justi\u00e7a do Estado do Paran\u00e1. Est\u00e3o previstas a contrata\u00e7\u00e3o [&hellip;]<\/p>\n","protected":false},"author":388,"featured_media":0,"comment_status":"open","ping_status":"open","sticky":false,"template":"","format":"standard","meta":{"post_tipo":"article","footnotes":""},"categories":[1984],"tags":[312],"tax_estado":[],"class_list":["post-56810","post","type-post","status-publish","format-standard","hentry","category-tribunais","tag-tj-pr"],"acf":[],"yoast_head":"<!-- This site is optimized with the Yoast SEO Premium plugin v27.2 (Yoast SEO v27.2) - https:\/\/yoast.com\/product\/yoast-seo-premium-wordpress\/ -->\n<title>Edital TJ PR 2016: An\u00e1lise Completa<\/title>\n<meta name=\"description\" content=\"An\u00e1lise do Edital TJ PR 2016: vagas, dicas de estudo e provas anteriores do Concurso TJ PR para Assistente Social e Psic\u00f3logo.\" \/>\n<meta name=\"robots\" content=\"index, follow, max-snippet:-1, max-image-preview:large, max-video-preview:-1\" \/>\n<link rel=\"canonical\" href=\"https:\/\/www.estrategiaconcursos.com.br\/blog\/edital-tj-pr-2016\/\" \/>\n<meta property=\"og:locale\" content=\"pt_BR\" \/>\n<meta property=\"og:type\" content=\"article\" \/>\n<meta property=\"og:title\" content=\"Concurso TJ PR: An\u00e1lise do Edital e Informa\u00e7\u00f5es adicionais\" \/>\n<meta property=\"og:description\" content=\"An\u00e1lise do Edital TJ PR 2016: vagas, dicas de estudo e provas anteriores do Concurso TJ PR para Assistente Social e Psic\u00f3logo.\" \/>\n<meta property=\"og:url\" content=\"https:\/\/www.estrategiaconcursos.com.br\/blog\/edital-tj-pr-2016\/\" \/>\n<meta property=\"og:site_name\" content=\"Estrat\u00e9gia Concursos\" \/>\n<meta property=\"article:published_time\" content=\"2016-12-05T00:22:59+00:00\" \/>\n<meta property=\"article:modified_time\" content=\"2020-10-09T20:08:31+00:00\" \/>\n<meta property=\"og:image\" content=\"https:\/\/www.estrategiaconcursos.com.br\/blog\/wp-content\/uploads\/2016\/12\/tjpr21.png\" \/>\n<meta name=\"author\" content=\"Tiago Zanolla\" \/>\n<meta name=\"twitter:card\" content=\"summary_large_image\" \/>\n<meta name=\"twitter:creator\" content=\"@EstratConcursos\" \/>\n<meta name=\"twitter:site\" content=\"@EstratConcursos\" \/>\n<meta name=\"twitter:label1\" content=\"Escrito por\" \/>\n\t<meta name=\"twitter:data1\" content=\"Tiago Zanolla\" \/>\n\t<meta name=\"twitter:label2\" content=\"Est. tempo de leitura\" \/>\n\t<meta name=\"twitter:data2\" content=\"4 minutos\" \/>\n<script type=\"application\/ld+json\" class=\"yoast-schema-graph\">{\"@context\":\"https:\/\/schema.org\",\"@graph\":[{\"@type\":\"NewsArticle\",\"@id\":\"https:\/\/www.estrategiaconcursos.com.br\/blog\/edital-tj-pr-2016\/#article\",\"isPartOf\":{\"@id\":\"https:\/\/www.estrategiaconcursos.com.br\/blog\/edital-tj-pr-2016\/\"},\"author\":{\"name\":\"Tiago Zanolla\",\"@id\":\"https:\/\/www.estrategiaconcursos.com.br\/blog\/#\/schema\/person\/1509739fd92a40c9b52116de04a90310\"},\"headline\":\"Concurso TJ PR: An\u00e1lise do Edital e Informa\u00e7\u00f5es adicionais\",\"datePublished\":\"2016-12-05T00:22:59+00:00\",\"dateModified\":\"2020-10-09T20:08:31+00:00\",\"mainEntityOfPage\":{\"@id\":\"https:\/\/www.estrategiaconcursos.com.br\/blog\/edital-tj-pr-2016\/\"},\"wordCount\":754,\"commentCount\":4,\"publisher\":{\"@id\":\"https:\/\/www.estrategiaconcursos.com.br\/blog\/#organization\"},\"image\":{\"@id\":\"https:\/\/www.estrategiaconcursos.com.br\/blog\/edital-tj-pr-2016\/#primaryimage\"},\"thumbnailUrl\":\"https:\/\/www.estrategiaconcursos.com.br\/blog\/wp-content\/uploads\/2016\/12\/tjpr21.png\",\"keywords\":[\"TJ-PR\"],\"articleSection\":[\"Tribunais\"],\"inLanguage\":\"pt-BR\",\"potentialAction\":[{\"@type\":\"CommentAction\",\"name\":\"Comment\",\"target\":[\"https:\/\/www.estrategiaconcursos.com.br\/blog\/edital-tj-pr-2016\/#respond\"]}],\"copyrightYear\":\"2016\",\"copyrightHolder\":{\"@id\":\"https:\/\/www.estrategiaconcursos.com.br\/blog\/#organization\"}},{\"@type\":\"WebPage\",\"@id\":\"https:\/\/www.estrategiaconcursos.com.br\/blog\/edital-tj-pr-2016\/\",\"url\":\"https:\/\/www.estrategiaconcursos.com.br\/blog\/edital-tj-pr-2016\/\",\"name\":\"Edital TJ PR 2016: An\u00e1lise Completa\",\"isPartOf\":{\"@id\":\"https:\/\/www.estrategiaconcursos.com.br\/blog\/#website\"},\"primaryImageOfPage\":{\"@id\":\"https:\/\/www.estrategiaconcursos.com.br\/blog\/edital-tj-pr-2016\/#primaryimage\"},\"image\":{\"@id\":\"https:\/\/www.estrategiaconcursos.com.br\/blog\/edital-tj-pr-2016\/#primaryimage\"},\"thumbnailUrl\":\"https:\/\/www.estrategiaconcursos.com.br\/blog\/wp-content\/uploads\/2016\/12\/tjpr21.png\",\"datePublished\":\"2016-12-05T00:22:59+00:00\",\"dateModified\":\"2020-10-09T20:08:31+00:00\",\"description\":\"An\u00e1lise do Edital TJ PR 2016: vagas, dicas de estudo e provas anteriores do Concurso TJ PR para Assistente Social e Psic\u00f3logo.\",\"breadcrumb\":{\"@id\":\"https:\/\/www.estrategiaconcursos.com.br\/blog\/edital-tj-pr-2016\/#breadcrumb\"},\"inLanguage\":\"pt-BR\",\"potentialAction\":[{\"@type\":\"ReadAction\",\"target\":[\"https:\/\/www.estrategiaconcursos.com.br\/blog\/edital-tj-pr-2016\/\"]}]},{\"@type\":\"ImageObject\",\"inLanguage\":\"pt-BR\",\"@id\":\"https:\/\/www.estrategiaconcursos.com.br\/blog\/edital-tj-pr-2016\/#primaryimage\",\"url\":\"https:\/\/dhg1h5j42swfq.cloudfront.net\/2016\/12\/04210930\/tjpr21.png\",\"contentUrl\":\"https:\/\/dhg1h5j42swfq.cloudfront.net\/2016\/12\/04210930\/tjpr21.png\",\"width\":1076,\"height\":151},{\"@type\":\"BreadcrumbList\",\"@id\":\"https:\/\/www.estrategiaconcursos.com.br\/blog\/edital-tj-pr-2016\/#breadcrumb\",\"itemListElement\":[{\"@type\":\"ListItem\",\"position\":1,\"name\":\"In\u00edcio\",\"item\":\"https:\/\/www.estrategiaconcursos.com.br\/blog\/\"},{\"@type\":\"ListItem\",\"position\":2,\"name\":\"Concurso TJ PR: An\u00e1lise do Edital e Informa\u00e7\u00f5es adicionais\"}]},{\"@type\":\"WebSite\",\"@id\":\"https:\/\/www.estrategiaconcursos.com.br\/blog\/#website\",\"url\":\"https:\/\/www.estrategiaconcursos.com.br\/blog\/\",\"name\":\"Estrat\u00e9gia Concursos\",\"description\":\"O blog da Estrat\u00e9gia Concursos traz not\u00edcias sobre concursos e artigos de professores oferecendo cursos para concursos (pdf + videaulas) no site.\",\"publisher\":{\"@id\":\"https:\/\/www.estrategiaconcursos.com.br\/blog\/#organization\"},\"potentialAction\":[{\"@type\":\"SearchAction\",\"target\":{\"@type\":\"EntryPoint\",\"urlTemplate\":\"https:\/\/www.estrategiaconcursos.com.br\/blog\/?s={search_term_string}\"},\"query-input\":{\"@type\":\"PropertyValueSpecification\",\"valueRequired\":true,\"valueName\":\"search_term_string\"}}],\"inLanguage\":\"pt-BR\"},{\"@type\":\"Organization\",\"@id\":\"https:\/\/www.estrategiaconcursos.com.br\/blog\/#organization\",\"name\":\"Estrat\u00e9gia Concursos\",\"url\":\"https:\/\/www.estrategiaconcursos.com.br\/blog\/\",\"logo\":{\"@type\":\"ImageObject\",\"inLanguage\":\"pt-BR\",\"@id\":\"https:\/\/www.estrategiaconcursos.com.br\/blog\/#\/schema\/logo\/image\/\",\"url\":\"https:\/\/dhg1h5j42swfq.cloudfront.net\/2025\/06\/03203428\/logo_concursos-1.jpg\",\"contentUrl\":\"https:\/\/dhg1h5j42swfq.cloudfront.net\/2025\/06\/03203428\/logo_concursos-1.jpg\",\"width\":230,\"height\":60,\"caption\":\"Estrat\u00e9gia Concursos\"},\"image\":{\"@id\":\"https:\/\/www.estrategiaconcursos.com.br\/blog\/#\/schema\/logo\/image\/\"},\"sameAs\":[\"https:\/\/x.com\/EstratConcursos\"]},{\"@type\":\"Person\",\"@id\":\"https:\/\/www.estrategiaconcursos.com.br\/blog\/#\/schema\/person\/1509739fd92a40c9b52116de04a90310\",\"name\":\"Tiago Zanolla\",\"image\":{\"@type\":\"ImageObject\",\"inLanguage\":\"pt-BR\",\"@id\":\"https:\/\/secure.gravatar.com\/avatar\/e647cb200c21008603a1760df42f3f713d32dd977761568b5689c47f0b1747ee?s=96&d=mm&r=g\",\"url\":\"https:\/\/secure.gravatar.com\/avatar\/e647cb200c21008603a1760df42f3f713d32dd977761568b5689c47f0b1747ee?s=96&d=mm&r=g\",\"contentUrl\":\"https:\/\/secure.gravatar.com\/avatar\/e647cb200c21008603a1760df42f3f713d32dd977761568b5689c47f0b1747ee?s=96&d=mm&r=g\",\"caption\":\"Tiago Zanolla\"},\"url\":\"https:\/\/www.estrategiaconcursos.com.br\/blog\/author\/zanolla-estrategiagmail-com\/\"}]}<\/script>\n<!-- \/ Yoast SEO Premium plugin. -->","yoast_head_json":{"title":"Edital TJ PR 2016: An\u00e1lise Completa","description":"An\u00e1lise do Edital TJ PR 2016: vagas, dicas de estudo e provas anteriores do Concurso TJ PR para Assistente Social e Psic\u00f3logo.","robots":{"index":"index","follow":"follow","max-snippet":"max-snippet:-1","max-image-preview":"max-image-preview:large","max-video-preview":"max-video-preview:-1"},"canonical":"https:\/\/www.estrategiaconcursos.com.br\/blog\/edital-tj-pr-2016\/","og_locale":"pt_BR","og_type":"article","og_title":"Concurso TJ PR: An\u00e1lise do Edital e Informa\u00e7\u00f5es adicionais","og_description":"An\u00e1lise do Edital TJ PR 2016: vagas, dicas de estudo e provas anteriores do Concurso TJ PR para Assistente Social e Psic\u00f3logo.","og_url":"https:\/\/www.estrategiaconcursos.com.br\/blog\/edital-tj-pr-2016\/","og_site_name":"Estrat\u00e9gia Concursos","article_published_time":"2016-12-05T00:22:59+00:00","article_modified_time":"2020-10-09T20:08:31+00:00","og_image":[{"url":"https:\/\/www.estrategiaconcursos.com.br\/blog\/wp-content\/uploads\/2016\/12\/tjpr21.png","type":"","width":"","height":""}],"author":"Tiago Zanolla","twitter_card":"summary_large_image","twitter_creator":"@EstratConcursos","twitter_site":"@EstratConcursos","twitter_misc":{"Escrito por":"Tiago Zanolla","Est. tempo de leitura":"4 minutos"},"schema":{"@context":"https:\/\/schema.org","@graph":[{"@type":"NewsArticle","@id":"https:\/\/www.estrategiaconcursos.com.br\/blog\/edital-tj-pr-2016\/#article","isPartOf":{"@id":"https:\/\/www.estrategiaconcursos.com.br\/blog\/edital-tj-pr-2016\/"},"author":{"name":"Tiago Zanolla","@id":"https:\/\/www.estrategiaconcursos.com.br\/blog\/#\/schema\/person\/1509739fd92a40c9b52116de04a90310"},"headline":"Concurso TJ PR: An\u00e1lise do Edital e Informa\u00e7\u00f5es adicionais","datePublished":"2016-12-05T00:22:59+00:00","dateModified":"2020-10-09T20:08:31+00:00","mainEntityOfPage":{"@id":"https:\/\/www.estrategiaconcursos.com.br\/blog\/edital-tj-pr-2016\/"},"wordCount":754,"commentCount":4,"publisher":{"@id":"https:\/\/www.estrategiaconcursos.com.br\/blog\/#organization"},"image":{"@id":"https:\/\/www.estrategiaconcursos.com.br\/blog\/edital-tj-pr-2016\/#primaryimage"},"thumbnailUrl":"https:\/\/www.estrategiaconcursos.com.br\/blog\/wp-content\/uploads\/2016\/12\/tjpr21.png","keywords":["TJ-PR"],"articleSection":["Tribunais"],"inLanguage":"pt-BR","potentialAction":[{"@type":"CommentAction","name":"Comment","target":["https:\/\/www.estrategiaconcursos.com.br\/blog\/edital-tj-pr-2016\/#respond"]}],"copyrightYear":"2016","copyrightHolder":{"@id":"https:\/\/www.estrategiaconcursos.com.br\/blog\/#organization"}},{"@type":"WebPage","@id":"https:\/\/www.estrategiaconcursos.com.br\/blog\/edital-tj-pr-2016\/","url":"https:\/\/www.estrategiaconcursos.com.br\/blog\/edital-tj-pr-2016\/","name":"Edital TJ PR 2016: An\u00e1lise Completa","isPartOf":{"@id":"https:\/\/www.estrategiaconcursos.com.br\/blog\/#website"},"primaryImageOfPage":{"@id":"https:\/\/www.estrategiaconcursos.com.br\/blog\/edital-tj-pr-2016\/#primaryimage"},"image":{"@id":"https:\/\/www.estrategiaconcursos.com.br\/blog\/edital-tj-pr-2016\/#primaryimage"},"thumbnailUrl":"https:\/\/www.estrategiaconcursos.com.br\/blog\/wp-content\/uploads\/2016\/12\/tjpr21.png","datePublished":"2016-12-05T00:22:59+00:00","dateModified":"2020-10-09T20:08:31+00:00","description":"An\u00e1lise do Edital TJ PR 2016: vagas, dicas de estudo e provas anteriores do Concurso TJ PR para Assistente Social e Psic\u00f3logo.","breadcrumb":{"@id":"https:\/\/www.estrategiaconcursos.com.br\/blog\/edital-tj-pr-2016\/#breadcrumb"},"inLanguage":"pt-BR","potentialAction":[{"@type":"ReadAction","target":["https:\/\/www.estrategiaconcursos.com.br\/blog\/edital-tj-pr-2016\/"]}]},{"@type":"ImageObject","inLanguage":"pt-BR","@id":"https:\/\/www.estrategiaconcursos.com.br\/blog\/edital-tj-pr-2016\/#primaryimage","url":"https:\/\/dhg1h5j42swfq.cloudfront.net\/2016\/12\/04210930\/tjpr21.png","contentUrl":"https:\/\/dhg1h5j42swfq.cloudfront.net\/2016\/12\/04210930\/tjpr21.png","width":1076,"height":151},{"@type":"BreadcrumbList","@id":"https:\/\/www.estrategiaconcursos.com.br\/blog\/edital-tj-pr-2016\/#breadcrumb","itemListElement":[{"@type":"ListItem","position":1,"name":"In\u00edcio","item":"https:\/\/www.estrategiaconcursos.com.br\/blog\/"},{"@type":"ListItem","position":2,"name":"Concurso TJ PR: An\u00e1lise do Edital e Informa\u00e7\u00f5es adicionais"}]},{"@type":"WebSite","@id":"https:\/\/www.estrategiaconcursos.com.br\/blog\/#website","url":"https:\/\/www.estrategiaconcursos.com.br\/blog\/","name":"Estrat\u00e9gia Concursos","description":"O blog da Estrat\u00e9gia Concursos traz not\u00edcias sobre concursos e artigos de professores oferecendo cursos para concursos (pdf + videaulas) no site.","publisher":{"@id":"https:\/\/www.estrategiaconcursos.com.br\/blog\/#organization"},"potentialAction":[{"@type":"SearchAction","target":{"@type":"EntryPoint","urlTemplate":"https:\/\/www.estrategiaconcursos.com.br\/blog\/?s={search_term_string}"},"query-input":{"@type":"PropertyValueSpecification","valueRequired":true,"valueName":"search_term_string"}}],"inLanguage":"pt-BR"},{"@type":"Organization","@id":"https:\/\/www.estrategiaconcursos.com.br\/blog\/#organization","name":"Estrat\u00e9gia Concursos","url":"https:\/\/www.estrategiaconcursos.com.br\/blog\/","logo":{"@type":"ImageObject","inLanguage":"pt-BR","@id":"https:\/\/www.estrategiaconcursos.com.br\/blog\/#\/schema\/logo\/image\/","url":"https:\/\/dhg1h5j42swfq.cloudfront.net\/2025\/06\/03203428\/logo_concursos-1.jpg","contentUrl":"https:\/\/dhg1h5j42swfq.cloudfront.net\/2025\/06\/03203428\/logo_concursos-1.jpg","width":230,"height":60,"caption":"Estrat\u00e9gia Concursos"},"image":{"@id":"https:\/\/www.estrategiaconcursos.com.br\/blog\/#\/schema\/logo\/image\/"},"sameAs":["https:\/\/x.com\/EstratConcursos"]},{"@type":"Person","@id":"https:\/\/www.estrategiaconcursos.com.br\/blog\/#\/schema\/person\/1509739fd92a40c9b52116de04a90310","name":"Tiago Zanolla","image":{"@type":"ImageObject","inLanguage":"pt-BR","@id":"https:\/\/secure.gravatar.com\/avatar\/e647cb200c21008603a1760df42f3f713d32dd977761568b5689c47f0b1747ee?s=96&d=mm&r=g","url":"https:\/\/secure.gravatar.com\/avatar\/e647cb200c21008603a1760df42f3f713d32dd977761568b5689c47f0b1747ee?s=96&d=mm&r=g","contentUrl":"https:\/\/secure.gravatar.com\/avatar\/e647cb200c21008603a1760df42f3f713d32dd977761568b5689c47f0b1747ee?s=96&d=mm&r=g","caption":"Tiago Zanolla"},"url":"https:\/\/www.estrategiaconcursos.com.br\/blog\/author\/zanolla-estrategiagmail-com\/"}]}},"_links":{"self":[{"href":"https:\/\/www.estrategiaconcursos.com.br\/blog\/wp-json\/wp\/v2\/posts\/56810","targetHints":{"allow":["GET"]}}],"collection":[{"href":"https:\/\/www.estrategiaconcursos.com.br\/blog\/wp-json\/wp\/v2\/posts"}],"about":[{"href":"https:\/\/www.estrategiaconcursos.com.br\/blog\/wp-json\/wp\/v2\/types\/post"}],"author":[{"embeddable":true,"href":"https:\/\/www.estrategiaconcursos.com.br\/blog\/wp-json\/wp\/v2\/users\/388"}],"replies":[{"embeddable":true,"href":"https:\/\/www.estrategiaconcursos.com.br\/blog\/wp-json\/wp\/v2\/comments?post=56810"}],"version-history":[{"count":10,"href":"https:\/\/www.estrategiaconcursos.com.br\/blog\/wp-json\/wp\/v2\/posts\/56810\/revisions"}],"predecessor-version":[{"id":586285,"href":"https:\/\/www.estrategiaconcursos.com.br\/blog\/wp-json\/wp\/v2\/posts\/56810\/revisions\/586285"}],"wp:attachment":[{"href":"https:\/\/www.estrategiaconcursos.com.br\/blog\/wp-json\/wp\/v2\/media?parent=56810"}],"wp:term":[{"taxonomy":"category","embeddable":true,"href":"https:\/\/www.estrategiaconcursos.com.br\/blog\/wp-json\/wp\/v2\/categories?post=56810"},{"taxonomy":"post_tag","embeddable":true,"href":"https:\/\/www.estrategiaconcursos.com.br\/blog\/wp-json\/wp\/v2\/tags?post=56810"},{"taxonomy":"tax_estado","embeddable":true,"href":"https:\/\/www.estrategiaconcursos.com.br\/blog\/wp-json\/wp\/v2\/tax_estado?post=56810"}],"curies":[{"name":"wp","href":"https:\/\/api.w.org\/{rel}","templated":true}]}}