{"id":567714,"date":"2020-09-17T15:55:00","date_gmt":"2020-09-17T18:55:00","guid":{"rendered":"https:\/\/www.estrategiaconcursos.com.br\/blog\/?p=567714"},"modified":"2022-10-24T18:07:41","modified_gmt":"2022-10-24T21:07:41","slug":"taxas-de-servicos-publicos-e-cm-no-iss-aju-principais-pontos","status":"publish","type":"post","link":"https:\/\/www.estrategiaconcursos.com.br\/blog\/taxas-de-servicos-publicos-e-cm-no-iss-aju-principais-pontos\/","title":{"rendered":"Taxas de Servi\u00e7os P\u00fablicos e CM no ISS AJU &#8211; Principais pontos"},"content":{"rendered":"\n<p>Ol\u00e1, pessoal. No artigo de hoje abordaremos os temas Taxas de Servi\u00e7os P\u00fablicos e Contribui\u00e7\u00e3o de Melhoria no ISS AJU, esses est\u00e3o previstos nos artigos 222 a 239 do CTM de Aracaju.<\/p>\n\n\n\n<figure class=\"wp-block-image aligncenter size-large\"><img loading=\"lazy\" decoding=\"async\" width=\"277\" height=\"193\" src=\"https:\/\/dhg1h5j42swfq.cloudfront.net\/2020\/09\/05121402\/image-45.png\" alt=\"Taxas de Servi\u00e7os P\u00fablicos e CM no ISS AJU \" class=\"wp-image-568089\"\/><figcaption>CTM &#8211; Taxas de Servi\u00e7os P\u00fablicos e CM no ISS AJU<\/figcaption><\/figure>\n\n\n\n<p>T\u00f3picos que ser\u00e3o vistos:<\/p>\n\n\n\n<ul class=\"wp-block-list\"><li><a href=\"#Taxa - Disposi\u00e7\u00f5es gerais\">Taxa &#8211; Disposi\u00e7\u00f5es gerais<\/a><\/li><li><a href=\"#Taxas pela Utiliza\u00e7\u00e3o de Servi\u00e7os P\u00fablicos\">Taxas pela Utiliza\u00e7\u00e3o de Servi\u00e7os P\u00fablicos<\/a><\/li><li><a href=\"# Taxa de Ilumina\u00e7\u00e3o P\u00fablica\">Taxa de Ilumina\u00e7\u00e3o P\u00fablica<\/a><\/li><li><a href=\"#Taxas de Servi\u00e7os Diversos\">Taxas de Servi\u00e7os Diversos<\/a><\/li><li><a href=\"#Taxa de Servi\u00e7os P\u00fablicos Urbanos\">Taxa de Servi\u00e7os P\u00fablicos Urbanos<\/a><\/li><li><a href=\"#Contribui\u00e7\u00e3o de Melhoria\">Contribui\u00e7\u00e3o de Melhoria<\/a><\/li><li><a href=\"#Considera\u00e7\u00f5es Finais\">Considera\u00e7\u00f5es Finais<\/a><\/li><\/ul>\n\n\n\n<h2 class=\"wp-block-heading\" id=\"Taxa---Disposi\u00e7\u00f5es-gerais\">Taxa &#8211; Disposi\u00e7\u00f5es gerais<\/h2>\n\n\n\n<p>Vamos relembrar o seguinte:<\/p>\n\n\n\n<p>O fato gerador da taxa \u00e9 o exerc\u00edcio do poder de pol\u00edcia (<span class=\"has-inline-color has-vivid-cyan-blue-color\"><strong>Taxas Decorrentes do Poder de Pol\u00edcia<\/strong><\/span>) ou a utiliza\u00e7\u00e3o efetiva ou potencial, de servi\u00e7os espec\u00edficos e divis\u00edveis prestados ao contribuinte ou postos a sua disposi\u00e7\u00e3o (<span class=\"has-inline-color has-vivid-cyan-blue-color\"><strong>Taxas de utiliza\u00e7\u00e3o de servi\u00e7os p\u00fablicos<\/strong><\/span>), e \u00e9 esta segunda que abordaremos hoje.<\/p>\n\n\n\n<p>Antes disso, vale ressaltar que a multa de 50% pelo n\u00e3o pagamento tamb\u00e9m \u00e9 v\u00e1lida para as Taxas de utiliza\u00e7\u00e3o de servi\u00e7os p\u00fablicos.<\/p>\n\n\n\n<p><em>Art. 200. (&#8230;)<\/em><\/p>\n\n\n\n<p><em>Par\u00e1grafo \u00fanico. As <\/em><strong><span class=\"has-inline-color has-vivid-green-cyan-color\"><em>taxas<\/em><\/span><\/strong><em><span class=\"has-inline-color has-vivid-green-cyan-color\"> <\/span>constantes deste cap\u00edtulo, quando <\/em><strong><span class=\"has-inline-color has-vivid-green-cyan-color\"><em>n\u00e3o pagas nos prazos<\/em><\/span><\/strong><em><span class=\"has-inline-color has-vivid-green-cyan-color\"> <\/span>regulamentares e<span class=\"has-inline-color has-vivid-green-cyan-color\"> <\/span><\/em><strong><span class=\"has-inline-color has-vivid-green-cyan-color\"><em>apuradas por procedimento fiscal<\/em><\/span><\/strong><em>, ser\u00e3o <strong>acrescidas de multa por infra\u00e7\u00e3o<\/strong> correspondente a <span class=\"has-inline-color has-vivid-red-color\"><strong>50%<\/strong><\/span> do <strong>montante devido<\/strong>, ressalvado o disposto no Art.221 desta lei.<\/em><\/p>\n\n\n\n<h2 class=\"wp-block-heading\" id=\"Taxas-pela-Utiliza\u00e7\u00e3o-de-Servi\u00e7os-P\u00fablicos\">Taxas pela Utiliza\u00e7\u00e3o de Servi\u00e7os P\u00fablicos<\/h2>\n\n\n\n<p>Vejamos o rol das Taxas pela Utiliza\u00e7\u00e3o de Servi\u00e7os P\u00fablicos apresentadas no CTM.<\/p>\n\n\n\n<p><em>Art. 222 \u2013 A <\/em><strong><em><span class=\"has-inline-color has-vivid-cyan-blue-color\">utiliza\u00e7\u00e3o de servi\u00e7os p\u00fablicos<\/span><\/em><\/strong><em> de forma efetiva ou potencial, d\u00e1 <\/em><strong><span class=\"has-inline-color has-vivid-cyan-blue-color\"><em>origem<\/em><\/span><\/strong><em><span class=\"has-inline-color has-vivid-cyan-blue-color\"> <\/span>\u00e0s seguintes <\/em><strong><em><span class=\"has-inline-color has-vivid-cyan-blue-color\">taxas<\/span><\/em><\/strong><em>:<\/em><\/p>\n\n\n\n<p><em>I &#8211; de <\/em><strong><em><span class=\"has-inline-color has-vivid-green-cyan-color\">Ilumina\u00e7\u00e3o P\u00fablica<\/span><\/em><\/strong><em>;<\/em><\/p>\n\n\n\n<p><em>II &#8211; de <\/em><strong><span class=\"has-inline-color has-vivid-green-cyan-color\"><em>Servi\u00e7os Diversos<\/em><\/span><\/strong><em><span class=\"has-inline-color has-vivid-green-cyan-color\">;<\/span> <\/em><\/p>\n\n\n\n<p><em>III &#8211; de <strong><span class=\"has-inline-color has-vivid-green-cyan-color\">Servi\u00e7os P\u00fablicos Urbanos<\/span><\/strong><\/em><\/p>\n\n\n\n<h3 class=\"wp-block-heading\" id=\"Taxa-de-Ilumina\u00e7\u00e3o-P\u00fablica\">Taxa de Ilumina\u00e7\u00e3o P\u00fablica<strong><\/strong><\/h3>\n\n\n\n<p>Apesar da literalidade dos artigos 223 a 225, tais disposi\u00e7\u00f5es s\u00e3o letra morta da lei, afinal o Supremo j\u00e1 disciplinou o assunto.<\/p>\n\n\n\n<p><em>STF, S\u00famula Vinculante 41 &#8211; O servi\u00e7o de ilumina\u00e7\u00e3o p\u00fablica <strong><span class=\"has-inline-color has-vivid-red-color\">n\u00e3o <\/span>pode ser remunerado mediante taxa<\/strong>.<\/em><\/p>\n\n\n\n<p>Logo, uma mera leitura \u00e9 mais que suficiente para estes dispositivos.<\/p>\n\n\n\n<p><em>Art. 223 \u2013 A taxa de ilumina\u00e7\u00e3o p\u00fablica tem como<span class=\"has-inline-color has-vivid-cyan-blue-color\"> <\/span><\/em><strong><span class=\"has-inline-color has-vivid-cyan-blue-color\"><em>fato gerador<\/em><\/span><\/strong><em><span class=\"has-inline-color has-vivid-cyan-blue-color\"> <\/span>a <strong>presta\u00e7\u00e3o de servi\u00e7os de ilumina\u00e7\u00e3o p\u00fablica em vias e logradouros p\u00fablicos<\/strong>.<\/em><\/p>\n\n\n\n<p><em>Art. 224 \u2013 <\/em><strong><span class=\"has-inline-color has-vivid-cyan-blue-color\"><em>Contribuinte<\/em><\/span><\/strong><em><span class=\"has-inline-color has-vivid-cyan-blue-color\"> <\/span>da taxa \u00e9 o <strong>propriet\u00e1rio, possuidor<\/strong> a qualquer t\u00edtulo ou a <strong>pessoa que tem o dom\u00ednio \u00fatil do im\u00f3vel lindeiro em vias ou logradouros p\u00fablicos<\/strong> que <strong>possuam ilumina\u00e7\u00e3o p\u00fablica<\/strong>.<\/em><\/p>\n\n\n\n<p><em>Art. 225 \u2013 A taxa ser\u00e1 calculada de acordo com a tabela VI anexa a esta lei e <\/em><strong><em><span class=\"has-inline-color has-vivid-cyan-blue-color\">poder\u00e1 ser cobrada em conv\u00eanio<\/span> firmado<\/em><\/strong><em> <strong>entre o Munic\u00edpio<\/strong> e <strong>Companhia Estadual de Energia El\u00e9trica<\/strong>.<\/em><\/p>\n\n\n\n<h3 class=\"wp-block-heading\" id=\"Taxas-de-Servi\u00e7os-Diversos\">Taxas de Servi\u00e7os Diversos<\/h3>\n\n\n\n<p>Outra taxa que aparenta problema, afinal sabemos que as taxas de servi\u00e7o p\u00fablico t\u00eam como fato gerador a presta\u00e7\u00e3o de um servi\u00e7o espec\u00edfico (servi\u00e7o identific\u00e1vel) e divis\u00edvel (usu\u00e1rio determinado), o que pode ser dif\u00edcil em algumas dessas atividades expostas, al\u00e9m do mais algumas incid\u00eancias (ex: autoriza\u00e7\u00e3o para abate de gado) t\u00eam mais apar\u00eancia de taxa de poder de pol\u00edcia do que de servi\u00e7o p\u00fablico.<\/p>\n\n\n\n<p>Apesar disso \u00e9 aconselh\u00e1vel \u201clevar a literalidade para prova\u201d.<\/p>\n\n\n\n<p><em>Art. 226 \u2013 A taxa de servi\u00e7os diversos tem como <\/em><strong><em><span class=\"has-inline-color has-vivid-cyan-blue-color\">fato gerador<\/span><\/em><\/strong><em>, a <strong>presta\u00e7\u00e3o de servi\u00e7os de <\/strong><\/em><strong><span class=\"has-inline-color has-vivid-green-cyan-color\"><em>numera\u00e7\u00e3o<\/em><\/span><\/strong><em><span class=\"has-inline-color has-vivid-green-cyan-color\"> <\/span>ou renumera\u00e7\u00e3o de <\/em><strong><em><span class=\"has-inline-color has-vivid-green-cyan-color\">pr\u00e9dios<\/span><\/em><\/strong><em>, nivelamento, alinhamento, <\/em><strong><em><span class=\"has-inline-color has-vivid-green-cyan-color\">atestados<\/span><\/em><\/strong><em>, certid\u00f5es, <\/em><strong><span class=\"has-inline-color has-vivid-green-cyan-color\"><em>parecer(es) t\u00e9cnico<\/em><\/span><\/strong><em><span class=\"has-inline-color has-vivid-green-cyan-color\">(<\/span>s), <\/em><strong><span class=\"has-inline-color has-vivid-green-cyan-color\"><em>autoriza\u00e7\u00e3o para abate de gado<\/em><\/span><\/strong><em><span class=\"has-inline-color has-vivid-green-cyan-color\"> <\/span>em matadouro particular com <\/em><strong><em>fiscaliza\u00e7\u00e3o sanit\u00e1ria<\/em><\/strong><em>, <\/em><strong><em><span class=\"has-inline-color has-vivid-green-cyan-color\">apreens\u00e3o e dep\u00f3sito de bens m\u00f3veis<\/span><\/em><\/strong><em>, semoventes e mercadorias e de cemit\u00e9rios, inclusive quanto a concess\u00e3o, ser\u00e3o cobradas as <\/em><strong><em><span class=\"has-inline-color has-vivid-cyan-blue-color\">t<\/span><\/em><span class=\"has-inline-color has-vivid-cyan-blue-color\"><em>axas de servi\u00e7os diversos<\/em><\/span><\/strong><em><span class=\"has-inline-color has-vivid-cyan-blue-color\">.<\/span><\/em><\/p>\n\n\n\n<p>O CTM ainda previu casos de isen\u00e7\u00e3o, vejamos:<\/p>\n\n\n\n<p><em>Art. 227 \u2013 Ficam <\/em><strong><span class=\"has-inline-color has-vivid-cyan-blue-color\"><em>isentos<\/em><\/span><\/strong><em><span class=\"has-inline-color has-vivid-cyan-blue-color\"> <\/span>desta taxa, as <\/em><strong><em><span class=\"has-inline-color has-vivid-green-cyan-color\">casas prolet\u00e1rias<\/span><\/em><\/strong><em> e os <\/em><strong><span class=\"has-inline-color has-vivid-green-cyan-color\"><em>im\u00f3veis<\/em><\/span><\/strong><em><span class=\"has-inline-color has-vivid-green-cyan-color\"> <\/span>que estejam <\/em><strong><em><span class=\"has-inline-color has-vivid-green-cyan-color\">em processo de licenciamento<\/span><\/em><\/strong><em> quando da <strong>numera\u00e7\u00e3o ou renumera\u00e7\u00e3o<\/strong>.<\/em><\/p>\n\n\n\n<h3 class=\"wp-block-heading\" id=\"Taxa-de-Servi\u00e7os-P\u00fablicos-Urbanos\">Taxa de Servi\u00e7os P\u00fablicos Urbanos<\/h3>\n\n\n\n<p>Outra taxa problem\u00e1tica, pois os incisos II, III e IV apresentam uma aparente inconstitucionalidade, pois servi\u00e7os de conserva\u00e7\u00e3o e limpeza n\u00e3o podem ser remuneradas por taxa.<\/p>\n\n\n\n<p>Da tese da repercuss\u00e3o geral, o STF que gerou a s\u00famula vinculante 19, assim temos que:<\/p>\n\n\n\n<p><em>I \u2014 A taxa cobrada exclusivamente em raz\u00e3o dos <strong>servi\u00e7os p\u00fablicos de coleta, remo\u00e7\u00e3o e tratamento ou destina\u00e7\u00e3o de lixo ou res\u00edduos<\/strong> provenientes de im\u00f3veis <strong><span class=\"has-inline-color has-vivid-cyan-blue-color\">n\u00e3o viola<\/span><\/strong> o art. 145, II, da Constitui\u00e7\u00e3o Federal;<\/em><\/p>\n\n\n\n<p><em>II \u2014 A taxa cobrada em raz\u00e3o dos <strong>servi\u00e7os de conserva\u00e7\u00e3o e limpeza de logradouros<\/strong> e bens p\u00fablicos <span class=\"has-inline-color has-vivid-cyan-blue-color\"><strong>ofende<\/strong> <\/span>o art. 145, II, da Constitui\u00e7\u00e3o Federal;<\/em><\/p>\n\n\n\n<p>A despeito do exposto, considere sempre a literalidade como correta em uma quest\u00e3o objetiva de legisla\u00e7\u00e3o.<\/p>\n\n\n\n<p><em>Art. 228 \u2013 A taxa de servi\u00e7os p\u00fablicos urbanos tem como o <\/em><strong><span class=\"has-inline-color has-vivid-cyan-blue-color\"><em>fato gerador<\/em><\/span><\/strong><em><span class=\"has-inline-color has-vivid-cyan-blue-color\"> <\/span>a presta\u00e7\u00e3o dos seguintes servi\u00e7os municipais:<\/em><\/p>\n\n\n\n<p><em>I &#8211; <\/em><strong><span class=\"has-inline-color has-vivid-green-cyan-color\"><em>coleta<\/em><\/span><\/strong><em><span class=\"has-inline-color has-vivid-green-cyan-color\"> <\/span>e remo\u00e7\u00e3o de <\/em><strong><em><span class=\"has-inline-color has-vivid-green-cyan-color\">lixo<\/span><\/em><\/strong><em> <strong>domiciliar<\/strong>;<\/em><\/p>\n\n\n\n<p><em>II &#8211; <\/em><strong><span class=\"has-inline-color has-vivid-green-cyan-color\"><em>varri\u00e7\u00e3o<\/em><\/span><\/strong><em><span class=\"has-inline-color has-vivid-green-cyan-color\"> <\/span>e <\/em><strong><em><span class=\"has-inline-color has-vivid-green-cyan-color\">capina\u00e7\u00e3o <\/span>de logradouros p\u00fablicos<\/em><\/strong><em>; &nbsp;<\/em><\/p>\n\n\n\n<p><em>III &#8211; <\/em><strong><em><span class=\"has-inline-color has-vivid-green-cyan-color\">limpeza <\/span>de c\u00f3rregos<\/em><\/strong><em>, <\/em><strong><em>galerias pluviais<\/em><\/strong><em>, <\/em><strong><em>bueiros<\/em><\/strong><em> e bocas de lobo; &nbsp;<\/em><\/p>\n\n\n\n<p><em>IV &#8211; <\/em><strong><em>coloca\u00e7\u00e3o<\/em><\/strong><em> de <\/em><strong><em>recipientes <\/em><span class=\"has-inline-color has-vivid-green-cyan-color\"><em>coletores de pap\u00e9is<\/em><\/span><\/strong><em><span class=\"has-inline-color has-vivid-green-cyan-color\">;<\/span> &nbsp;<\/em><\/p>\n\n\n\n<p><em>V &#8211; <\/em><strong><span class=\"has-inline-color has-vivid-green-cyan-color\"><em>coleta<\/em><\/span><\/strong><em><span class=\"has-inline-color has-vivid-green-cyan-color\"> <\/span>e remo\u00e7\u00e3o de <\/em><strong><span class=\"has-inline-color has-vivid-green-cyan-color\"><em>lixo<\/em><\/span><\/strong><em><span class=\"has-inline-color has-vivid-green-cyan-color\"> <\/span><strong>comercial, industrial e hospitalar<\/strong>;<\/em><\/p>\n\n\n\n<h4 class=\"wp-block-heading\">Aspecto quantitativo<\/h4>\n\n\n\n<p>Sabemos que a base de c\u00e1lculo da taxa de servi\u00e7o deve guardar proporcionalidade com os custos envolvidos, logo:<\/p>\n\n\n\n<p><em>\u00a7 1\u00ba \u2013 A <span class=\"has-inline-color has-vivid-cyan-blue-color\"><strong>base de c\u00e1lculo<\/strong> <\/span>da Taxa de Servi\u00e7os P\u00fablicos Urbanos \u00e9 o <strong>custo dos servi\u00e7os<\/strong> utilizados pelo contribuinte ou colocados \u00e0 sua disposi\u00e7\u00e3o, <strong>dimensionado, para cada caso<\/strong>, conforme a tabela VIII, anexa<\/em>.<\/p>\n\n\n\n<h4 class=\"wp-block-heading\">Sujei\u00e7\u00e3o passiva<\/h4>\n\n\n\n<p>Os contribuintes est\u00e3o dispostos no artigo 229, aten\u00e7\u00e3o especial a n\u00e3o incid\u00eancia no caso de im\u00f3veis residenciais.<\/p>\n\n\n\n<p><em>Art. 229 \u2013 <\/em><strong><span class=\"has-inline-color has-vivid-cyan-blue-color\"><em>Contribuinte<\/em><\/span><\/strong><em><span class=\"has-inline-color has-vivid-cyan-blue-color\"> <\/span>da Taxa de Servi\u00e7os P\u00fablicos Urbanos \u00e9 o <\/em><strong><span class=\"has-inline-color has-vivid-green-cyan-color\"><em>propriet\u00e1rio<\/em><\/span><\/strong><em><span class=\"has-inline-color has-vivid-green-cyan-color\">, <\/span><\/em><strong><span class=\"has-inline-color has-vivid-green-cyan-color\"><em>titular de dom\u00ednio \u00fatil<\/em><\/span><\/strong><em> ou <\/em><strong><span class=\"has-inline-color has-vivid-green-cyan-color\"><em>possuidor<\/em><\/span><\/strong><em><span class=\"has-inline-color has-vivid-green-cyan-color\"> <\/span><strong>de im\u00f3vel,<\/strong> <\/em><strong><em><u><span class=\"has-inline-color has-vivid-red-color\">excetuand<\/span><\/u><\/em><\/strong><em><u><strong><span class=\"has-inline-color has-vivid-red-color\">o<\/span>-se os residenciais<\/strong><\/u>.<\/em><\/p>\n\n\n\n<p>E por fim, caso a presta\u00e7\u00e3o dos servi\u00e7os for realizada por empresa p\u00fablica municipal ocorrer\u00e1 o repasse mensal.<\/p>\n\n\n\n<p><em>Art. 231 (&#8230;)<\/em><\/p>\n\n\n\n<p><em>Par\u00e1grafo \u00danico \u2013 No caso de <strong><span class=\"has-inline-color has-vivid-green-cyan-color\">Empresa P\u00fablica do Munic\u00edpio<\/span><\/strong> se constituir em <\/em><strong><em>respons\u00e1vel<\/em><\/strong><em> pela <\/em><strong><em>execu\u00e7\u00e3o de tais servi\u00e7os<\/em><\/strong><em>, os <strong>valores<\/strong> percebidos a este t\u00edtulo lhes <strong>ser\u00e3o repassados <\/strong><\/em><strong><em><span class=\"has-inline-color has-vivid-red-color\">mensalmente<\/span><\/em><\/strong><em>.<\/em> &nbsp;<\/p>\n\n\n\n<h4 class=\"wp-block-heading\">Aspecto temporal<\/h4>\n\n\n\n<p><em>Art. 232 \u2013 A taxa <\/em><strong><em><span class=\"has-inline-color has-vivid-cyan-blue-color\">ser\u00e1 <\/span><\/em><span class=\"has-inline-color has-vivid-cyan-blue-color\"><em>lan\u00e7ada<\/em><\/span><\/strong><em><span class=\"has-inline-color has-vivid-cyan-blue-color\"> <\/span>em <strong>primeiro de janeiro<\/strong> de cada exerc\u00edcio.<\/em><\/p>\n\n\n\n<p><em>\u00a7 1\u00ba \u2013 No caso de <\/em><strong><span class=\"has-inline-color has-vivid-green-cyan-color\"><em>constru\u00e7\u00e3o nova<\/em><\/span><\/strong><em><span class=\"has-inline-color has-vivid-green-cyan-color\">,<\/span> o lan\u00e7amento ser\u00e1 feito a <strong>partir da data do \u201dhabite-se\u201d.<\/strong><\/em><\/p>\n\n\n\n<h2 class=\"wp-block-heading\" id=\"Contribui\u00e7\u00e3o-de-Melhoria\">Contribui\u00e7\u00e3o de Melhoria<\/h2>\n\n\n\n<p>O fato gerador da CM \u00e9 a valoriza\u00e7\u00e3o imobili\u00e1ria decorrente de obra p\u00fablica, ainda que de forma indireta, tendo como contribuinte o propriet\u00e1rio, o titular do dom\u00ednio \u00fatil ou o possuidor do im\u00f3vel valorizado.<\/p>\n\n\n\n<p><em>Art. 237 \u2013 A <\/em><strong><em><span class=\"has-inline-color has-vivid-cyan-blue-color\">contribui\u00e7\u00e3o de melhoria<\/span><\/em><\/strong><em> ser\u00e1 <\/em><strong><span class=\"has-inline-color has-vivid-cyan-blue-color\"><em>cobrada<\/em><\/span><\/strong><em><span class=\"has-inline-color has-vivid-cyan-blue-color\"> <\/span>do <\/em><strong><em><span class=\"has-inline-color has-vivid-green-cyan-color\">propriet\u00e1rio<\/span><\/em><\/strong><em>, do <\/em><strong><em><span class=\"has-inline-color has-vivid-green-cyan-color\">titular do dom\u00ednio \u00fatil<\/span><\/em><\/strong><em> ou do <\/em><strong><span class=\"has-inline-color has-vivid-green-cyan-color\"><em>possuidor<\/em><\/span><\/strong><em><span class=\"has-inline-color has-vivid-green-cyan-color\"> <\/span>a qualquer t\u00edtulo de im\u00f3vel <strong>valorizado em decorr\u00eancia de execu\u00e7\u00e3o de obras p\u00fablicas<\/strong> realizadas pela Prefeitura Municipal de Aracaju, <\/em><strong><em><span class=\"has-inline-color has-vivid-red-color\">ainda que<\/span> de forma <span class=\"has-inline-color has-vivid-red-color\">indireta <\/span>atrav\u00e9s de entidades p\u00fablicas ou empresas privadas<\/em><\/strong><em>.<\/em><\/p>\n\n\n\n<p>Sua fun\u00e7\u00e3o \u00e9 ressarcir as despesas com as obras e s\u00f3 ser\u00e1 cobrado ap\u00f3s a execu\u00e7\u00e3o da obra total ou parcialmente, conforme o CTM de Aracaju.<\/p>\n\n\n\n<p><em>Art. 238 \u2013 A Contribui\u00e7\u00e3o de Melhoria servir\u00e1 para <\/em><strong><em><span class=\"has-inline-color has-vivid-cyan-blue-color\">ressarcimento das despesas<\/span> <\/em><\/strong><em>decorrentes da execu\u00e7\u00e3o de<span class=\"has-inline-color has-vivid-cyan-blue-color\"> <\/span><\/em><strong><span class=\"has-inline-color has-vivid-cyan-blue-color\"><em>obras p\u00fablicas<\/em><\/span><\/strong><em> e <strong>ser\u00e1 cobrada <\/strong><\/em><strong><em><span class=\"has-inline-color has-vivid-red-color\">ap\u00f3s <\/span>executada a obra total e\/ou parcial<\/em><\/strong><em>, com <\/em><strong><em>base<\/em><\/strong><em> no <strong>custo<\/strong> total e\/ou parcial de sua <strong>execu\u00e7\u00e3o<\/strong>, procedendo-se o rateio individual por contribuinte, tendo como <\/em><strong><span class=\"has-inline-color has-vivid-green-cyan-color\"><em>limite total<\/em><\/span><\/strong><em><span class=\"has-inline-color has-vivid-green-cyan-color\"> <\/span>as <strong>despesas realizadas<\/strong> e como <\/em><strong><span class=\"has-inline-color has-vivid-green-cyan-color\"><em>limite individual<\/em><\/span><\/strong><em><span class=\"has-inline-color has-vivid-green-cyan-color\"> <\/span>o <strong>acr\u00e9scimo<\/strong> de valor que a obra resultar para <strong>cada im\u00f3vel beneficiado<\/strong>.<\/em><\/p>\n\n\n\n<p>Para definir a unidade imobili\u00e1ria utiliza-se os comandos da legisla\u00e7\u00e3o do IPTU.<\/p>\n\n\n\n<p><em>\u00a7 1\u00ba \u2013 Para efeito do disposto neste artigo, <strong><span class=\"has-inline-color has-vivid-green-cyan-color\">im\u00f3vel \u00e9 a unidade imobili\u00e1ria<\/span><\/strong> como tal <strong>considerada<\/strong>, para <strong>fins<\/strong> de lan\u00e7amento do <\/em><strong><em><span class=\"has-inline-color has-vivid-purple-color\">Imposto sobre a Propriedade Predial e Territorial Urbana<\/span><\/em><\/strong><em>.<\/em><\/p>\n\n\n\n<p>E ainda, a Lei trouxe alguns im\u00f3veis que ficar\u00e3o isentos do pagamento de CM.<\/p>\n\n\n\n<h3 class=\"wp-block-heading\">Isen\u00e7\u00f5es<\/h3>\n\n\n\n<p><em>Art. 239 \u2013 S\u00e3o <\/em><strong><span class=\"has-inline-color has-vivid-cyan-blue-color\"><em>isentos<\/em><\/span><\/strong><em><span class=\"has-inline-color has-vivid-cyan-blue-color\"> <\/span>do pagamento da Contribui\u00e7\u00e3o de Melhoria:<\/em><\/p>\n\n\n\n<p><em>a) os <\/em><strong><em><span class=\"has-inline-color has-vivid-green-cyan-color\">templos religiosos<\/span><\/em><\/strong><em> de qualquer culto, os pr\u00e9dios onde funcionam <\/em><strong><em>escolas<\/em><\/strong><em>, <strong>que prestam assist\u00eancia gratuita<\/strong>, desde que sejam as mesmas <\/em><strong><em>mantidas por entidades religiosas<\/em><\/strong><em>.<\/em><\/p>\n\n\n\n<p><em>b) os <\/em><strong><em>im\u00f3veis<\/em><\/strong><em> pertencentes ao patrim\u00f4nio da <\/em><strong><em><span class=\"has-inline-color has-vivid-green-cyan-color\">Uni\u00e3o, do Estado e do Munic\u00edpio<\/span><\/em><\/strong><em>, dos <\/em><strong><em><span class=\"has-inline-color has-vivid-green-cyan-color\">partidos pol\u00edticos<\/span>,<\/em><\/strong><em> dos <\/em><strong><span class=\"has-inline-color has-vivid-green-cyan-color\"><em>est\u00e1dios esportivos<\/em><\/span><\/strong><em><span class=\"has-inline-color has-vivid-green-cyan-color\">, <\/span><\/em><strong><span class=\"has-inline-color has-vivid-green-cyan-color\"><em>institui\u00e7\u00f5es de assist\u00eancia social e sindicatos<\/em><\/span><\/strong><em>.<\/em><\/p>\n\n\n\n<p><em>c) o <\/em><strong><em>im\u00f3vel de <\/em><span class=\"has-inline-color has-vivid-green-cyan-color\"><em>pessoa<\/em><\/span><\/strong><em><span class=\"has-inline-color has-vivid-green-cyan-color\"> <\/span>cuja <strong><span class=\"has-inline-color has-vivid-green-cyan-color\">renda <\/span><\/strong><\/em><strong><em><span class=\"has-inline-color has-vivid-green-cyan-color\">familiar<\/span> mensal<\/em><\/strong><em> seja <strong>igual ou inferior a <span class=\"has-inline-color has-vivid-red-color\">02 sal\u00e1rios<\/span> m\u00ednimos<\/strong> vigentes e que <strong>sirva para a sua resid\u00eancia<\/strong> desde que <strong>n\u00e3o possua outro im\u00f3vel<\/strong>, constru\u00eddo ou n\u00e3o.<\/em><\/p>\n\n\n\n<h2 class=\"wp-block-heading\" id=\"Considera\u00e7\u00f5es-Finais\">Considera\u00e7\u00f5es Finais<\/h2>\n\n\n\n<p>Finalizamos o artigo sobre as Taxas de Servi\u00e7os P\u00fablicos e a Contribui\u00e7\u00e3o de Melhoria no ISS AJU, espero que tenha colaborado com seu estudo de legisla\u00e7\u00e3o tribut\u00e1ria municipal. <\/p>\n\n\n\n<p>Ademais, n\u00e3o deixe de conferir a aula gratuita de legisla\u00e7\u00e3o de Aracaju no canal do Youtube do Estrat\u00e9gia com o Professor Rafael Vilches.<\/p>\n\n\n\n<p class=\"has-text-align-center\"><a href=\"https:\/\/www.youtube.com\/watch?v=tlC2BFDjhQ4&amp;ab_channel=Estrat%C3%A9giaConcursos\">ISS Aracaju &#8211; Legisla\u00e7\u00e3o Tribut\u00e1ria Municipal &#8211; Prof. Rafael Vilches<\/a><\/p>\n\n\n\n<p>At\u00e9 mais e bons estudos!<\/p>\n\n\n\n<h2 class=\"has-text-align-center wp-block-heading\" id=\"cursos-assinatura\">Quer estudar para o concurso ISS Aracaju?<\/h2>\n\n\n\n<p class=\"has-text-align-center\"><em>Gostou desta oportunidade e deseja come\u00e7ar se preparar agora mesmo? Ent\u00e3o, confira os nossos cursos e comece a estudar:<\/em><\/p>\n\n\n\n<p class=\"has-text-align-center has-luminous-vivid-amber-background-color has-background\"><strong><a rel=\"noreferrer noopener\" href=\"https:\/\/www.estrategiaconcursos.com.br\/cursos\/concurso\/\" target=\"_blank\">Curso para concurso<\/a><\/strong><\/p>\n\n\n\n<p class=\"has-text-align-center\"><em><strong>Assinatura Anual Ilimitada*<\/strong><\/em><\/p>\n\n\n\n<p class=\"has-text-align-center\"><em>Prepare-se com o melhor material e com quem mais aprova em Concursos P\u00fablicos em todo o pa\u00eds. Assine agora a nossa Assinatura Anual e tenha acesso ilimitado* a todos os nossos cursos.<\/em><\/p>\n\n\n\n<p class=\"has-text-align-center has-light-green-cyan-background-color has-background\"><strong>ASSINE AGORA<\/strong>&nbsp;\u2013&nbsp;<strong><a rel=\"noreferrer noopener\" href=\"https:\/\/www.estrategiaconcursos.com.br\/assinaturas\" target=\"_blank\">Assinatura Ilimitada<\/a><\/strong><\/p>\n\n\n\n<p class=\"has-text-align-center\"><strong><em><strong>Sistema de Quest\u00f5es<\/strong><\/em><\/strong><\/p>\n\n\n\n<p class=\"has-text-align-center\"><em>Estrat\u00e9gia Quest\u00f5es nasceu maior do que todos os concorrentes, com mais quest\u00f5es cadastradas e mais solu\u00e7\u00f5es por professores. Ent\u00e3o, confira e aproveite os descontos e b\u00f4nus imperd\u00edveis!<\/em><\/p>\n\n\n\n<p class=\"has-text-align-center has-vivid-green-cyan-background-color has-background\"><strong>ASSINE AGORA \u2013&nbsp;<a rel=\"noreferrer noopener\" href=\"https:\/\/www.estrategiaconcursos.com.br\/cursosPorConcurso\/sistema-de-questoes\/#\/\" target=\"_blank\">Sistema de Quest\u00f5es<\/a><\/strong><\/p>\n\n\n\n<p class=\"has-text-align-center\"><strong><em>Fique por dentro dos concursos em aberto<\/em><\/strong><\/p>\n\n\n\n<p class=\"has-text-align-center has-pale-cyan-blue-background-color has-background\"><a rel=\"noreferrer noopener\" href=\"https:\/\/www.estrategiaconcursos.com.br\/blog\/concursos-abertos\/\" target=\"_blank\"><strong>CONCURSOS ABERTOS<\/strong><\/a><\/p>\n\n\n\n<p class=\"has-text-align-center\"><strong><em>As oportunidades previstas<\/em><\/strong><\/p>\n\n\n\n<p class=\"has-text-align-center has-pale-cyan-blue-background-color has-background\"><a rel=\"noreferrer noopener\" href=\"https:\/\/www.estrategiaconcursos.com.br\/blog\/concursos-2020\/\" target=\"_blank\"><strong>CONCURSOS&nbsp;2020<\/strong><\/a><\/p>\n\n\n\n<p class=\"has-text-align-center has-pale-cyan-blue-background-color has-background\"><a rel=\"noreferrer noopener\" href=\"https:\/\/www.estrategiaconcursos.com.br\/blog\/concursos-2021\/\" target=\"_blank\"><strong>CONCURSOS 2021<\/strong><\/a><\/p>\n","protected":false},"excerpt":{"rendered":"<p>Ol\u00e1, pessoal. No artigo de hoje abordaremos os temas Taxas de Servi\u00e7os P\u00fablicos e Contribui\u00e7\u00e3o de Melhoria no ISS AJU, esses est\u00e3o previstos nos artigos 222 a 239 do CTM de Aracaju. T\u00f3picos que ser\u00e3o vistos: Taxa &#8211; Disposi\u00e7\u00f5es gerais Taxas pela Utiliza\u00e7\u00e3o de Servi\u00e7os P\u00fablicos Taxa de Ilumina\u00e7\u00e3o P\u00fablica Taxas de Servi\u00e7os Diversos Taxa [&hellip;]<\/p>\n","protected":false},"author":1763,"featured_media":556980,"comment_status":"open","ping_status":"closed","sticky":false,"template":"","format":"standard","meta":{"post_tipo":"article","footnotes":""},"categories":[1,1983],"tags":[],"tax_estado":[],"class_list":["post-567714","post","type-post","status-publish","format-standard","has-post-thumbnail","hentry","category-cursos-e-concursos","category-fiscal-estadual"],"acf":[],"yoast_head":"<!-- This site is optimized with the Yoast SEO Premium plugin v27.2 (Yoast SEO v27.2) - https:\/\/yoast.com\/product\/yoast-seo-premium-wordpress\/ -->\n<title>Taxas de Servi\u00e7os P\u00fablicos e CM no ISS AJU - Principais pontos<\/title>\n<meta name=\"description\" content=\"Veja nesse artigo os Principais pontos das Taxas de Servi\u00e7os P\u00fablicos e Contribui\u00e7\u00e3o de Melhoria no ISS Aracaju para sua prova de LTM.\" \/>\n<meta name=\"robots\" content=\"index, follow, max-snippet:-1, max-image-preview:large, max-video-preview:-1\" \/>\n<link rel=\"canonical\" href=\"https:\/\/www.estrategiaconcursos.com.br\/blog\/taxas-de-servicos-publicos-e-cm-no-iss-aju-principais-pontos\/\" \/>\n<meta property=\"og:locale\" content=\"pt_BR\" \/>\n<meta property=\"og:type\" content=\"article\" \/>\n<meta property=\"og:title\" content=\"Taxas de Servi\u00e7os P\u00fablicos e CM no ISS AJU - Principais pontos\" \/>\n<meta property=\"og:description\" content=\"Veja nesse artigo os Principais pontos das Taxas de Servi\u00e7os P\u00fablicos e Contribui\u00e7\u00e3o de Melhoria no ISS Aracaju para sua prova de LTM.\" \/>\n<meta property=\"og:url\" content=\"https:\/\/www.estrategiaconcursos.com.br\/blog\/taxas-de-servicos-publicos-e-cm-no-iss-aju-principais-pontos\/\" \/>\n<meta property=\"og:site_name\" content=\"Estrat\u00e9gia Concursos\" \/>\n<meta property=\"article:published_time\" content=\"2020-09-17T18:55:00+00:00\" \/>\n<meta property=\"article:modified_time\" content=\"2022-10-24T21:07:41+00:00\" \/>\n<meta property=\"og:image\" content=\"https:\/\/dhg1h5j42swfq.cloudfront.net\/2020\/08\/17170317\/aracaju.jpg\" \/>\n\t<meta property=\"og:image:width\" content=\"203\" \/>\n\t<meta property=\"og:image:height\" content=\"256\" \/>\n\t<meta property=\"og:image:type\" content=\"image\/jpeg\" \/>\n<meta name=\"author\" content=\"Leonardo Menezes Passarin\" \/>\n<meta name=\"twitter:card\" content=\"summary_large_image\" \/>\n<meta name=\"twitter:creator\" content=\"@EstratConcursos\" \/>\n<meta name=\"twitter:site\" content=\"@EstratConcursos\" \/>\n<meta name=\"twitter:label1\" content=\"Escrito por\" \/>\n\t<meta name=\"twitter:data1\" content=\"Leonardo Menezes Passarin\" \/>\n\t<meta name=\"twitter:label2\" content=\"Est. tempo de leitura\" \/>\n\t<meta name=\"twitter:data2\" content=\"8 minutos\" \/>\n<script type=\"application\/ld+json\" class=\"yoast-schema-graph\">{\"@context\":\"https:\/\/schema.org\",\"@graph\":[{\"@type\":\"NewsArticle\",\"@id\":\"https:\/\/www.estrategiaconcursos.com.br\/blog\/taxas-de-servicos-publicos-e-cm-no-iss-aju-principais-pontos\/#article\",\"isPartOf\":{\"@id\":\"https:\/\/www.estrategiaconcursos.com.br\/blog\/taxas-de-servicos-publicos-e-cm-no-iss-aju-principais-pontos\/\"},\"author\":{\"name\":\"Leonardo Menezes Passarin\",\"@id\":\"https:\/\/www.estrategiaconcursos.com.br\/blog\/#\/schema\/person\/245b44e43eb13f0dbd04a7a078cd0d0d\"},\"headline\":\"Taxas de Servi\u00e7os P\u00fablicos e CM no ISS AJU &#8211; Principais pontos\",\"datePublished\":\"2020-09-17T18:55:00+00:00\",\"dateModified\":\"2022-10-24T21:07:41+00:00\",\"mainEntityOfPage\":{\"@id\":\"https:\/\/www.estrategiaconcursos.com.br\/blog\/taxas-de-servicos-publicos-e-cm-no-iss-aju-principais-pontos\/\"},\"wordCount\":1690,\"commentCount\":0,\"publisher\":{\"@id\":\"https:\/\/www.estrategiaconcursos.com.br\/blog\/#organization\"},\"image\":{\"@id\":\"https:\/\/www.estrategiaconcursos.com.br\/blog\/taxas-de-servicos-publicos-e-cm-no-iss-aju-principais-pontos\/#primaryimage\"},\"thumbnailUrl\":\"https:\/\/dhg1h5j42swfq.cloudfront.net\/2020\/08\/17170317\/aracaju.jpg\",\"articleSection\":[\"Concursos P\u00fablicos\",\"Fiscal - Estadual (ICMS)\"],\"inLanguage\":\"pt-BR\",\"potentialAction\":[{\"@type\":\"CommentAction\",\"name\":\"Comment\",\"target\":[\"https:\/\/www.estrategiaconcursos.com.br\/blog\/taxas-de-servicos-publicos-e-cm-no-iss-aju-principais-pontos\/#respond\"]}],\"copyrightYear\":\"2020\",\"copyrightHolder\":{\"@id\":\"https:\/\/www.estrategiaconcursos.com.br\/blog\/#organization\"}},{\"@type\":\"WebPage\",\"@id\":\"https:\/\/www.estrategiaconcursos.com.br\/blog\/taxas-de-servicos-publicos-e-cm-no-iss-aju-principais-pontos\/\",\"url\":\"https:\/\/www.estrategiaconcursos.com.br\/blog\/taxas-de-servicos-publicos-e-cm-no-iss-aju-principais-pontos\/\",\"name\":\"Taxas de Servi\u00e7os P\u00fablicos e CM no ISS AJU - Principais pontos\",\"isPartOf\":{\"@id\":\"https:\/\/www.estrategiaconcursos.com.br\/blog\/#website\"},\"primaryImageOfPage\":{\"@id\":\"https:\/\/www.estrategiaconcursos.com.br\/blog\/taxas-de-servicos-publicos-e-cm-no-iss-aju-principais-pontos\/#primaryimage\"},\"image\":{\"@id\":\"https:\/\/www.estrategiaconcursos.com.br\/blog\/taxas-de-servicos-publicos-e-cm-no-iss-aju-principais-pontos\/#primaryimage\"},\"thumbnailUrl\":\"https:\/\/dhg1h5j42swfq.cloudfront.net\/2020\/08\/17170317\/aracaju.jpg\",\"datePublished\":\"2020-09-17T18:55:00+00:00\",\"dateModified\":\"2022-10-24T21:07:41+00:00\",\"description\":\"Veja nesse artigo os Principais pontos das Taxas de Servi\u00e7os P\u00fablicos e Contribui\u00e7\u00e3o de Melhoria no ISS Aracaju para sua prova de LTM.\",\"breadcrumb\":{\"@id\":\"https:\/\/www.estrategiaconcursos.com.br\/blog\/taxas-de-servicos-publicos-e-cm-no-iss-aju-principais-pontos\/#breadcrumb\"},\"inLanguage\":\"pt-BR\",\"potentialAction\":[{\"@type\":\"ReadAction\",\"target\":[\"https:\/\/www.estrategiaconcursos.com.br\/blog\/taxas-de-servicos-publicos-e-cm-no-iss-aju-principais-pontos\/\"]}]},{\"@type\":\"ImageObject\",\"inLanguage\":\"pt-BR\",\"@id\":\"https:\/\/www.estrategiaconcursos.com.br\/blog\/taxas-de-servicos-publicos-e-cm-no-iss-aju-principais-pontos\/#primaryimage\",\"url\":\"https:\/\/dhg1h5j42swfq.cloudfront.net\/2020\/08\/17170317\/aracaju.jpg\",\"contentUrl\":\"https:\/\/dhg1h5j42swfq.cloudfront.net\/2020\/08\/17170317\/aracaju.jpg\",\"width\":203,\"height\":256},{\"@type\":\"BreadcrumbList\",\"@id\":\"https:\/\/www.estrategiaconcursos.com.br\/blog\/taxas-de-servicos-publicos-e-cm-no-iss-aju-principais-pontos\/#breadcrumb\",\"itemListElement\":[{\"@type\":\"ListItem\",\"position\":1,\"name\":\"In\u00edcio\",\"item\":\"https:\/\/www.estrategiaconcursos.com.br\/blog\/\"},{\"@type\":\"ListItem\",\"position\":2,\"name\":\"Taxas de Servi\u00e7os P\u00fablicos e CM no ISS AJU &#8211; Principais pontos\"}]},{\"@type\":\"WebSite\",\"@id\":\"https:\/\/www.estrategiaconcursos.com.br\/blog\/#website\",\"url\":\"https:\/\/www.estrategiaconcursos.com.br\/blog\/\",\"name\":\"Estrat\u00e9gia Concursos\",\"description\":\"O blog da Estrat\u00e9gia Concursos traz not\u00edcias sobre concursos e artigos de professores oferecendo cursos para concursos (pdf + videaulas) no site.\",\"publisher\":{\"@id\":\"https:\/\/www.estrategiaconcursos.com.br\/blog\/#organization\"},\"potentialAction\":[{\"@type\":\"SearchAction\",\"target\":{\"@type\":\"EntryPoint\",\"urlTemplate\":\"https:\/\/www.estrategiaconcursos.com.br\/blog\/?s={search_term_string}\"},\"query-input\":{\"@type\":\"PropertyValueSpecification\",\"valueRequired\":true,\"valueName\":\"search_term_string\"}}],\"inLanguage\":\"pt-BR\"},{\"@type\":\"Organization\",\"@id\":\"https:\/\/www.estrategiaconcursos.com.br\/blog\/#organization\",\"name\":\"Estrat\u00e9gia Concursos\",\"url\":\"https:\/\/www.estrategiaconcursos.com.br\/blog\/\",\"logo\":{\"@type\":\"ImageObject\",\"inLanguage\":\"pt-BR\",\"@id\":\"https:\/\/www.estrategiaconcursos.com.br\/blog\/#\/schema\/logo\/image\/\",\"url\":\"https:\/\/dhg1h5j42swfq.cloudfront.net\/2025\/06\/03203428\/logo_concursos-1.jpg\",\"contentUrl\":\"https:\/\/dhg1h5j42swfq.cloudfront.net\/2025\/06\/03203428\/logo_concursos-1.jpg\",\"width\":230,\"height\":60,\"caption\":\"Estrat\u00e9gia Concursos\"},\"image\":{\"@id\":\"https:\/\/www.estrategiaconcursos.com.br\/blog\/#\/schema\/logo\/image\/\"},\"sameAs\":[\"https:\/\/x.com\/EstratConcursos\"]},{\"@type\":\"Person\",\"@id\":\"https:\/\/www.estrategiaconcursos.com.br\/blog\/#\/schema\/person\/245b44e43eb13f0dbd04a7a078cd0d0d\",\"name\":\"Leonardo Menezes Passarin\",\"image\":{\"@type\":\"ImageObject\",\"inLanguage\":\"pt-BR\",\"@id\":\"https:\/\/secure.gravatar.com\/avatar\/fc0e5714ceaa97f24e6e6a30eab74ba8a701c2b62f8cab100ffdb22c6d8f42c3?s=96&d=mm&r=g\",\"url\":\"https:\/\/secure.gravatar.com\/avatar\/fc0e5714ceaa97f24e6e6a30eab74ba8a701c2b62f8cab100ffdb22c6d8f42c3?s=96&d=mm&r=g\",\"contentUrl\":\"https:\/\/secure.gravatar.com\/avatar\/fc0e5714ceaa97f24e6e6a30eab74ba8a701c2b62f8cab100ffdb22c6d8f42c3?s=96&d=mm&r=g\",\"caption\":\"Leonardo Menezes Passarin\"},\"url\":\"https:\/\/www.estrategiaconcursos.com.br\/blog\/author\/passarin-leonardohotmail-com\/\"}]}<\/script>\n<!-- \/ Yoast SEO Premium plugin. -->","yoast_head_json":{"title":"Taxas de Servi\u00e7os P\u00fablicos e CM no ISS AJU - Principais pontos","description":"Veja nesse artigo os Principais pontos das Taxas de Servi\u00e7os P\u00fablicos e Contribui\u00e7\u00e3o de Melhoria no ISS Aracaju para sua prova de LTM.","robots":{"index":"index","follow":"follow","max-snippet":"max-snippet:-1","max-image-preview":"max-image-preview:large","max-video-preview":"max-video-preview:-1"},"canonical":"https:\/\/www.estrategiaconcursos.com.br\/blog\/taxas-de-servicos-publicos-e-cm-no-iss-aju-principais-pontos\/","og_locale":"pt_BR","og_type":"article","og_title":"Taxas de Servi\u00e7os P\u00fablicos e CM no ISS AJU - Principais pontos","og_description":"Veja nesse artigo os Principais pontos das Taxas de Servi\u00e7os P\u00fablicos e Contribui\u00e7\u00e3o de Melhoria no ISS Aracaju para sua prova de LTM.","og_url":"https:\/\/www.estrategiaconcursos.com.br\/blog\/taxas-de-servicos-publicos-e-cm-no-iss-aju-principais-pontos\/","og_site_name":"Estrat\u00e9gia Concursos","article_published_time":"2020-09-17T18:55:00+00:00","article_modified_time":"2022-10-24T21:07:41+00:00","og_image":[{"width":203,"height":256,"url":"https:\/\/dhg1h5j42swfq.cloudfront.net\/2020\/08\/17170317\/aracaju.jpg","type":"image\/jpeg"}],"author":"Leonardo Menezes Passarin","twitter_card":"summary_large_image","twitter_creator":"@EstratConcursos","twitter_site":"@EstratConcursos","twitter_misc":{"Escrito por":"Leonardo Menezes Passarin","Est. tempo de leitura":"8 minutos"},"schema":{"@context":"https:\/\/schema.org","@graph":[{"@type":"NewsArticle","@id":"https:\/\/www.estrategiaconcursos.com.br\/blog\/taxas-de-servicos-publicos-e-cm-no-iss-aju-principais-pontos\/#article","isPartOf":{"@id":"https:\/\/www.estrategiaconcursos.com.br\/blog\/taxas-de-servicos-publicos-e-cm-no-iss-aju-principais-pontos\/"},"author":{"name":"Leonardo Menezes Passarin","@id":"https:\/\/www.estrategiaconcursos.com.br\/blog\/#\/schema\/person\/245b44e43eb13f0dbd04a7a078cd0d0d"},"headline":"Taxas de Servi\u00e7os P\u00fablicos e CM no ISS AJU &#8211; Principais pontos","datePublished":"2020-09-17T18:55:00+00:00","dateModified":"2022-10-24T21:07:41+00:00","mainEntityOfPage":{"@id":"https:\/\/www.estrategiaconcursos.com.br\/blog\/taxas-de-servicos-publicos-e-cm-no-iss-aju-principais-pontos\/"},"wordCount":1690,"commentCount":0,"publisher":{"@id":"https:\/\/www.estrategiaconcursos.com.br\/blog\/#organization"},"image":{"@id":"https:\/\/www.estrategiaconcursos.com.br\/blog\/taxas-de-servicos-publicos-e-cm-no-iss-aju-principais-pontos\/#primaryimage"},"thumbnailUrl":"https:\/\/dhg1h5j42swfq.cloudfront.net\/2020\/08\/17170317\/aracaju.jpg","articleSection":["Concursos P\u00fablicos","Fiscal - Estadual (ICMS)"],"inLanguage":"pt-BR","potentialAction":[{"@type":"CommentAction","name":"Comment","target":["https:\/\/www.estrategiaconcursos.com.br\/blog\/taxas-de-servicos-publicos-e-cm-no-iss-aju-principais-pontos\/#respond"]}],"copyrightYear":"2020","copyrightHolder":{"@id":"https:\/\/www.estrategiaconcursos.com.br\/blog\/#organization"}},{"@type":"WebPage","@id":"https:\/\/www.estrategiaconcursos.com.br\/blog\/taxas-de-servicos-publicos-e-cm-no-iss-aju-principais-pontos\/","url":"https:\/\/www.estrategiaconcursos.com.br\/blog\/taxas-de-servicos-publicos-e-cm-no-iss-aju-principais-pontos\/","name":"Taxas de Servi\u00e7os P\u00fablicos e CM no ISS AJU - Principais pontos","isPartOf":{"@id":"https:\/\/www.estrategiaconcursos.com.br\/blog\/#website"},"primaryImageOfPage":{"@id":"https:\/\/www.estrategiaconcursos.com.br\/blog\/taxas-de-servicos-publicos-e-cm-no-iss-aju-principais-pontos\/#primaryimage"},"image":{"@id":"https:\/\/www.estrategiaconcursos.com.br\/blog\/taxas-de-servicos-publicos-e-cm-no-iss-aju-principais-pontos\/#primaryimage"},"thumbnailUrl":"https:\/\/dhg1h5j42swfq.cloudfront.net\/2020\/08\/17170317\/aracaju.jpg","datePublished":"2020-09-17T18:55:00+00:00","dateModified":"2022-10-24T21:07:41+00:00","description":"Veja nesse artigo os Principais pontos das Taxas de Servi\u00e7os P\u00fablicos e Contribui\u00e7\u00e3o de Melhoria no ISS Aracaju para sua prova de LTM.","breadcrumb":{"@id":"https:\/\/www.estrategiaconcursos.com.br\/blog\/taxas-de-servicos-publicos-e-cm-no-iss-aju-principais-pontos\/#breadcrumb"},"inLanguage":"pt-BR","potentialAction":[{"@type":"ReadAction","target":["https:\/\/www.estrategiaconcursos.com.br\/blog\/taxas-de-servicos-publicos-e-cm-no-iss-aju-principais-pontos\/"]}]},{"@type":"ImageObject","inLanguage":"pt-BR","@id":"https:\/\/www.estrategiaconcursos.com.br\/blog\/taxas-de-servicos-publicos-e-cm-no-iss-aju-principais-pontos\/#primaryimage","url":"https:\/\/dhg1h5j42swfq.cloudfront.net\/2020\/08\/17170317\/aracaju.jpg","contentUrl":"https:\/\/dhg1h5j42swfq.cloudfront.net\/2020\/08\/17170317\/aracaju.jpg","width":203,"height":256},{"@type":"BreadcrumbList","@id":"https:\/\/www.estrategiaconcursos.com.br\/blog\/taxas-de-servicos-publicos-e-cm-no-iss-aju-principais-pontos\/#breadcrumb","itemListElement":[{"@type":"ListItem","position":1,"name":"In\u00edcio","item":"https:\/\/www.estrategiaconcursos.com.br\/blog\/"},{"@type":"ListItem","position":2,"name":"Taxas de Servi\u00e7os P\u00fablicos e CM no ISS AJU &#8211; Principais pontos"}]},{"@type":"WebSite","@id":"https:\/\/www.estrategiaconcursos.com.br\/blog\/#website","url":"https:\/\/www.estrategiaconcursos.com.br\/blog\/","name":"Estrat\u00e9gia Concursos","description":"O blog da Estrat\u00e9gia Concursos traz not\u00edcias sobre concursos e artigos de professores oferecendo cursos para concursos (pdf + videaulas) no site.","publisher":{"@id":"https:\/\/www.estrategiaconcursos.com.br\/blog\/#organization"},"potentialAction":[{"@type":"SearchAction","target":{"@type":"EntryPoint","urlTemplate":"https:\/\/www.estrategiaconcursos.com.br\/blog\/?s={search_term_string}"},"query-input":{"@type":"PropertyValueSpecification","valueRequired":true,"valueName":"search_term_string"}}],"inLanguage":"pt-BR"},{"@type":"Organization","@id":"https:\/\/www.estrategiaconcursos.com.br\/blog\/#organization","name":"Estrat\u00e9gia Concursos","url":"https:\/\/www.estrategiaconcursos.com.br\/blog\/","logo":{"@type":"ImageObject","inLanguage":"pt-BR","@id":"https:\/\/www.estrategiaconcursos.com.br\/blog\/#\/schema\/logo\/image\/","url":"https:\/\/dhg1h5j42swfq.cloudfront.net\/2025\/06\/03203428\/logo_concursos-1.jpg","contentUrl":"https:\/\/dhg1h5j42swfq.cloudfront.net\/2025\/06\/03203428\/logo_concursos-1.jpg","width":230,"height":60,"caption":"Estrat\u00e9gia Concursos"},"image":{"@id":"https:\/\/www.estrategiaconcursos.com.br\/blog\/#\/schema\/logo\/image\/"},"sameAs":["https:\/\/x.com\/EstratConcursos"]},{"@type":"Person","@id":"https:\/\/www.estrategiaconcursos.com.br\/blog\/#\/schema\/person\/245b44e43eb13f0dbd04a7a078cd0d0d","name":"Leonardo Menezes Passarin","image":{"@type":"ImageObject","inLanguage":"pt-BR","@id":"https:\/\/secure.gravatar.com\/avatar\/fc0e5714ceaa97f24e6e6a30eab74ba8a701c2b62f8cab100ffdb22c6d8f42c3?s=96&d=mm&r=g","url":"https:\/\/secure.gravatar.com\/avatar\/fc0e5714ceaa97f24e6e6a30eab74ba8a701c2b62f8cab100ffdb22c6d8f42c3?s=96&d=mm&r=g","contentUrl":"https:\/\/secure.gravatar.com\/avatar\/fc0e5714ceaa97f24e6e6a30eab74ba8a701c2b62f8cab100ffdb22c6d8f42c3?s=96&d=mm&r=g","caption":"Leonardo Menezes Passarin"},"url":"https:\/\/www.estrategiaconcursos.com.br\/blog\/author\/passarin-leonardohotmail-com\/"}]}},"_links":{"self":[{"href":"https:\/\/www.estrategiaconcursos.com.br\/blog\/wp-json\/wp\/v2\/posts\/567714","targetHints":{"allow":["GET"]}}],"collection":[{"href":"https:\/\/www.estrategiaconcursos.com.br\/blog\/wp-json\/wp\/v2\/posts"}],"about":[{"href":"https:\/\/www.estrategiaconcursos.com.br\/blog\/wp-json\/wp\/v2\/types\/post"}],"author":[{"embeddable":true,"href":"https:\/\/www.estrategiaconcursos.com.br\/blog\/wp-json\/wp\/v2\/users\/1763"}],"replies":[{"embeddable":true,"href":"https:\/\/www.estrategiaconcursos.com.br\/blog\/wp-json\/wp\/v2\/comments?post=567714"}],"version-history":[{"count":7,"href":"https:\/\/www.estrategiaconcursos.com.br\/blog\/wp-json\/wp\/v2\/posts\/567714\/revisions"}],"predecessor-version":[{"id":1114954,"href":"https:\/\/www.estrategiaconcursos.com.br\/blog\/wp-json\/wp\/v2\/posts\/567714\/revisions\/1114954"}],"wp:featuredmedia":[{"embeddable":true,"href":"https:\/\/www.estrategiaconcursos.com.br\/blog\/wp-json\/wp\/v2\/media\/556980"}],"wp:attachment":[{"href":"https:\/\/www.estrategiaconcursos.com.br\/blog\/wp-json\/wp\/v2\/media?parent=567714"}],"wp:term":[{"taxonomy":"category","embeddable":true,"href":"https:\/\/www.estrategiaconcursos.com.br\/blog\/wp-json\/wp\/v2\/categories?post=567714"},{"taxonomy":"post_tag","embeddable":true,"href":"https:\/\/www.estrategiaconcursos.com.br\/blog\/wp-json\/wp\/v2\/tags?post=567714"},{"taxonomy":"tax_estado","embeddable":true,"href":"https:\/\/www.estrategiaconcursos.com.br\/blog\/wp-json\/wp\/v2\/tax_estado?post=567714"}],"curies":[{"name":"wp","href":"https:\/\/api.w.org\/{rel}","templated":true}]}}