{"id":56757,"date":"2016-12-10T10:30:20","date_gmt":"2016-12-10T13:30:20","guid":{"rendered":"https:\/\/www.estrategiaconcursos.com.br\/blog\/?p=56757"},"modified":"2016-12-10T10:42:58","modified_gmt":"2016-12-10T13:42:58","slug":"concurso-ministerio-da-saude-edital-2","status":"publish","type":"post","link":"https:\/\/www.estrategiaconcursos.com.br\/blog\/concurso-ministerio-da-saude-edital-2\/","title":{"rendered":"Concurso Minist\u00e9rio da Sa\u00fade  | An\u00e1lise do Edital 2016"},"content":{"rendered":"<p style=\"text-align: justify;\"><span style=\"color: #000000;\">Ol\u00e1 futuros servidores do Minist\u00e9rio da Sa\u00fade! Tudo bem com voc\u00eas? O Estrat\u00e9gia Concursos realizou um aul\u00e3o online, ao vivo e gratuito de an\u00e1lise do edital do concurso do Minist\u00e9rio da Sa\u00fade.\u00a0Durante o evento eu e o professor Diogo Moreira\u00a0falamos sobre os aspectos mais relevantes\u00a0do certame, demos dicas de prepara\u00e7\u00e3o, de estudo e muito mais. Ao final de cada t\u00f3pico, assista ao v\u00eddeo correspondente. Vamos come\u00e7ar?<\/span><\/p>\n<h2 style=\"text-align: justify;\"><span style=\"color: #000000;\">\u00a0Informa\u00e7\u00f5es B\u00e1sicas<\/span><\/h2>\n<ul>\n<li style=\"text-align: justify;\"><span style=\"color: #000000;\">Data das provas: 19\/02\/2017.\u00a0<\/span><\/li>\n<li style=\"text-align: justify;\"><span style=\"color: #000000;\">Hor\u00e1rio de realiza\u00e7\u00e3o das provas: manh\u00e3 (Administrador e Contador) e Tarde (Analista T\u00e9cnico de Pol\u00edticas Sociais).<\/span><\/li>\n<li style=\"text-align: justify;\"><span style=\"color: #000000;\">Inscri\u00e7\u00f5es: per\u00edodo de 05\/12\/2016 a 05\/01\/2017, no valor de R$ 67,00.<\/span><\/li>\n<li style=\"text-align: justify;\"><span style=\"color: #000000;\">Locais de Provas: em todas as capitais e Distrito Federal.<\/span><\/li>\n<li style=\"text-align: justify;\"><span style=\"color: #000000;\">Vagas: s\u00e3o 102 vagas &#8211; 34 (Contador), 34 (Administrador) e 34 (Analista T\u00e9cnico de Pol\u00edticas Sociais).<\/span><\/li>\n<\/ul>\n<p>https:\/\/youtu.be\/qRSFJYsOarI?t=2m54s<\/p>\n<h2><span style=\"color: #000000;\">Remunera\u00e7\u00e3o + Aux\u00edlio Alimenta\u00e7\u00e3o<\/span><\/h2>\n<ul>\n<li><span style=\"color: #000000;\">Contador: R$ 5.242,27<\/span><\/li>\n<li><span style=\"color: #000000;\">Administrador: R$ 5.242,27<\/span><\/li>\n<li><span style=\"color: #000000;\">Analista T\u00e9cnico de Pol\u00edticas Sociais: R$ 6.202,88<\/span><\/li>\n<\/ul>\n<p>https:\/\/youtu.be\/qRSFJYsOarI?t=6m7s<\/p>\n<h2><span style=\"color: #000000;\">Pontua\u00e7\u00e3o do Exame<\/span><\/h2>\n<ul>\n<li><span style=\"color: #000000;\">Provas objetivas: 50 pontos<\/span><\/li>\n<li><span style=\"color: #000000;\">Provas discursivas: 40 pontos<\/span><\/li>\n<li><span style=\"color: #000000;\">Prova de t\u00edtulos: 10 pontos\u00a0<\/span><\/li>\n<\/ul>\n<p>https:\/\/youtu.be\/qRSFJYsOarI?t=7m2s<\/p>\n<h2><span style=\"color: #000000;\">Prova Discursiva<\/span><\/h2>\n<ul>\n<li><span style=\"color: #000000;\">Prova Discursiva: 1 estudo de caso (sobre os Conhecimentos Espec\u00edficos)<\/span><\/li>\n<li><span style=\"color: #000000;\">Nota M\u00ednima: 50%<\/span><\/li>\n<li><span style=\"color: #000000;\">De 20 a 30 linhas<\/span><\/li>\n<\/ul>\n<p>https:\/\/youtu.be\/qRSFJYsOarI?t=10m41s<\/p>\n<h2><span style=\"color: #000000;\">O que cai?<\/span><\/h2>\n<ul>\n<li><span style=\"color: #000000;\">L\u00edngua Portuguesa: 05 quest\u00f5es<\/span><\/li>\n<li><span style=\"color: #000000;\">Racioc\u00ednio L\u00f3gico: 05 quest\u00f5es<\/span><\/li>\n<li><span style=\"color: #000000;\">Conhecimentos Gerais: 15 quest\u00f5es<\/span><\/li>\n<li><span style=\"color: #000000;\">Conhecimentos Espec\u00edficos: 25 quest\u00f5es<\/span><\/li>\n<\/ul>\n<p>https:\/\/youtu.be\/qRSFJYsOarI?t=11m20s<\/p>\n<h2><span style=\"color: #000000;\">Conte\u00fado Program\u00e1tico \/ Disciplinas<\/span><\/h2>\n<p><span style=\"color: #000000;\"><strong>Todos os cargos:<\/strong><\/span><\/p>\n<ul>\n<li><span style=\"color: #000000;\">Portugu\u00eas<\/span><\/li>\n<li><span style=\"color: #000000;\">Racioc\u00ednio L\u00f3gico<\/span><\/li>\n<\/ul>\n<p><strong><span style=\"color: #000000;\">Conhecimentos Gerais &#8211; Todos os Cargos:<\/span><\/strong><\/p>\n<ul>\n<li><span style=\"color: #000000;\">Inform\u00e1tica<\/span><\/li>\n<li><span style=\"color: #000000;\">Sa\u00fade P\u00fablica<\/span><\/li>\n<li><span style=\"color: #000000;\">Direito Administrativo<\/span><\/li>\n<li><span style=\"color: #000000;\">\u00c9tica<\/span><\/li>\n<\/ul>\n<p>https:\/\/youtu.be\/qRSFJYsOarI?t=16m5s<\/p>\n<p><strong><span style=\"color: #000000;\">Conhecimentos Espec\u00edficos &#8211; Administrador:<\/span><\/strong><\/p>\n<ul>\n<li><span style=\"color: #000000;\">Administra\u00e7\u00e3o Geral<\/span><\/li>\n<li><span style=\"color: #000000;\">Administra\u00e7\u00e3o Financeira<\/span><\/li>\n<li><span style=\"color: #000000;\">Gest\u00e3o<\/span><\/li>\n<li><span style=\"color: #000000;\">Contabilidade<\/span><\/li>\n<\/ul>\n<p>https:\/\/youtu.be\/qRSFJYsOarI?t=21m1s<\/p>\n<p><strong><span style=\"color: #000000;\">Conhecimentos Espec\u00edficos &#8211; Contador:<\/span><\/strong><\/p>\n<ul>\n<li><span style=\"color: #000000;\">Contabilidade Geral<\/span><\/li>\n<li><span style=\"color: #000000;\">Auditoria<\/span><\/li>\n<li><span style=\"color: #000000;\">Contabilidade P\u00fablica<\/span><\/li>\n<li><span style=\"color: #000000;\">Legisla\u00e7\u00e3o (LRF\/8.666\/Preg\u00e3o\/\u00c9tica)<\/span><\/li>\n<\/ul>\n<p>https:\/\/youtu.be\/qRSFJYsOarI?t=30m5s<\/p>\n<p><span style=\"color: #000000;\"><strong>Conhecimentos Espec\u00edficos &#8211; Analista T\u00e9cnico de Pol\u00edticas Sociais:<\/strong><\/span><\/p>\n<ul>\n<li><span style=\"color: #000000;\">Pol\u00edticas Sociais<\/span><\/li>\n<li><span style=\"color: #000000;\">Sa\u00fade P\u00fablica<\/span><\/li>\n<li><span style=\"color: #000000;\">Gest\u00e3o (pessoas)<\/span><\/li>\n<li><span style=\"color: #000000;\">Auditoria<\/span><\/li>\n<\/ul>\n<p>https:\/\/youtu.be\/qRSFJYsOarI?t=27m26s<\/p>\n<p>&nbsp;<\/p>\n<p style=\"text-align: center;\"><strong><span style=\"color: #000000;\">O Estrat\u00e9gia Concursos j\u00e1 lan\u00e7ou cursos para este certame. Veja:<\/span><\/strong><\/p>\n<p class=\"titulo-lista\" style=\"text-align: center;\"><a href=\"https:\/\/www.estrategiaconcursos.com.br\/cursosPorConcurso\/ministerio-da-saude\/?gclid=CjwKEAiA94nCBRDxismumrL83icSJAAeeETQ0LmQz1JR6Fs8miN6EZJD1SzX6KzlKrn28SAFg3poSxoCTVvw_wcB\" target=\"_blank\">CURSOS &#8211; MINIST\u00c9RIO DA SA\u00daDE<\/a><\/p>\n<p><span style=\"color: #000000;\">Pessoal, encerramos por aqui. Um grande abra\u00e7o e bons estudos.<\/span><\/p>\n<p><span style=\"color: #000000;\">Professor Ronaldo Fonseca.<\/span><\/p>\n<p><span style=\"color: #0000ff;\"><i>Facebook.com\/<\/i><i>profronaldofonseca \u00a0<\/i><\/span><\/p>\n","protected":false},"excerpt":{"rendered":"<p>Ol\u00e1 futuros servidores do Minist\u00e9rio da Sa\u00fade! Tudo bem com voc\u00eas? O Estrat\u00e9gia Concursos realizou um aul\u00e3o online, ao vivo e gratuito de an\u00e1lise do edital do concurso do Minist\u00e9rio da Sa\u00fade.\u00a0Durante o evento eu e o professor Diogo Moreira\u00a0falamos sobre os aspectos mais relevantes\u00a0do certame, demos dicas de prepara\u00e7\u00e3o, de estudo e muito mais. [&hellip;]<\/p>\n","protected":false},"author":48,"featured_media":0,"comment_status":"open","ping_status":"open","sticky":false,"template":"","format":"standard","meta":{"post_tipo":"article","footnotes":""},"categories":[1],"tags":[1205],"tax_estado":[],"class_list":["post-56757","post","type-post","status-publish","format-standard","hentry","category-cursos-e-concursos","tag-ministerio-da-saude"],"acf":[],"yoast_head":"<!-- This site is optimized with the Yoast SEO Premium plugin v27.2 (Yoast SEO v27.2) - https:\/\/yoast.com\/product\/yoast-seo-premium-wordpress\/ -->\n<title>Concurso Minist\u00e9rio da Sa\u00fade | An\u00e1lise do Edital 2016<\/title>\n<meta name=\"description\" content=\"ESTRAT\u00c9GIA CONCURSOS - Concurso Minist\u00e9rio da Sa\u00fade | An\u00e1lise do Edital 2016 - Aul\u00e3o com dicas de estudos, t\u00e9cnicas de prepara\u00e7\u00e3o e muito mais\" \/>\n<meta name=\"robots\" content=\"index, follow, max-snippet:-1, max-image-preview:large, max-video-preview:-1\" \/>\n<link rel=\"canonical\" href=\"https:\/\/www.estrategiaconcursos.com.br\/blog\/concurso-ministerio-da-saude-edital-2\/\" \/>\n<meta property=\"og:locale\" content=\"pt_BR\" \/>\n<meta property=\"og:type\" content=\"article\" \/>\n<meta property=\"og:title\" content=\"Concurso Minist\u00e9rio da Sa\u00fade | An\u00e1lise do Edital 2016\" \/>\n<meta property=\"og:description\" content=\"ESTRAT\u00c9GIA CONCURSOS - Concurso Minist\u00e9rio da Sa\u00fade | An\u00e1lise do Edital 2016 - Aul\u00e3o com dicas de estudos, t\u00e9cnicas de prepara\u00e7\u00e3o e muito mais\" \/>\n<meta property=\"og:url\" content=\"https:\/\/www.estrategiaconcursos.com.br\/blog\/concurso-ministerio-da-saude-edital-2\/\" \/>\n<meta property=\"og:site_name\" content=\"Estrat\u00e9gia Concursos\" \/>\n<meta property=\"article:published_time\" content=\"2016-12-10T13:30:20+00:00\" \/>\n<meta property=\"article:modified_time\" content=\"2016-12-10T13:42:58+00:00\" \/>\n<meta name=\"author\" content=\"Coordena\u00e7\u00e3o\" \/>\n<meta name=\"twitter:card\" content=\"summary_large_image\" \/>\n<meta name=\"twitter:creator\" content=\"@EstratConcursos\" \/>\n<meta name=\"twitter:site\" content=\"@EstratConcursos\" \/>\n<meta name=\"twitter:label1\" content=\"Escrito por\" \/>\n\t<meta name=\"twitter:data1\" content=\"Coordena\u00e7\u00e3o\" \/>\n\t<meta name=\"twitter:label2\" content=\"Est. tempo de leitura\" \/>\n\t<meta name=\"twitter:data2\" content=\"2 minutos\" \/>\n<script type=\"application\/ld+json\" class=\"yoast-schema-graph\">{\"@context\":\"https:\/\/schema.org\",\"@graph\":[{\"@type\":\"NewsArticle\",\"@id\":\"https:\/\/www.estrategiaconcursos.com.br\/blog\/concurso-ministerio-da-saude-edital-2\/#article\",\"isPartOf\":{\"@id\":\"https:\/\/www.estrategiaconcursos.com.br\/blog\/concurso-ministerio-da-saude-edital-2\/\"},\"author\":{\"name\":\"Coordena\u00e7\u00e3o\",\"@id\":\"https:\/\/www.estrategiaconcursos.com.br\/blog\/#\/schema\/person\/cdad40b5818eb228a838461fcd656da7\"},\"headline\":\"Concurso Minist\u00e9rio da Sa\u00fade | An\u00e1lise do Edital 2016\",\"datePublished\":\"2016-12-10T13:30:20+00:00\",\"dateModified\":\"2016-12-10T13:42:58+00:00\",\"mainEntityOfPage\":{\"@id\":\"https:\/\/www.estrategiaconcursos.com.br\/blog\/concurso-ministerio-da-saude-edital-2\/\"},\"wordCount\":409,\"commentCount\":0,\"publisher\":{\"@id\":\"https:\/\/www.estrategiaconcursos.com.br\/blog\/#organization\"},\"keywords\":[\"Minist\u00e9rio da Sa\u00fade\"],\"articleSection\":[\"Concursos P\u00fablicos\"],\"inLanguage\":\"pt-BR\",\"potentialAction\":[{\"@type\":\"CommentAction\",\"name\":\"Comment\",\"target\":[\"https:\/\/www.estrategiaconcursos.com.br\/blog\/concurso-ministerio-da-saude-edital-2\/#respond\"]}],\"copyrightYear\":\"2016\",\"copyrightHolder\":{\"@id\":\"https:\/\/www.estrategiaconcursos.com.br\/blog\/#organization\"}},{\"@type\":\"WebPage\",\"@id\":\"https:\/\/www.estrategiaconcursos.com.br\/blog\/concurso-ministerio-da-saude-edital-2\/\",\"url\":\"https:\/\/www.estrategiaconcursos.com.br\/blog\/concurso-ministerio-da-saude-edital-2\/\",\"name\":\"Concurso Minist\u00e9rio da Sa\u00fade | An\u00e1lise do Edital 2016\",\"isPartOf\":{\"@id\":\"https:\/\/www.estrategiaconcursos.com.br\/blog\/#website\"},\"datePublished\":\"2016-12-10T13:30:20+00:00\",\"dateModified\":\"2016-12-10T13:42:58+00:00\",\"description\":\"ESTRAT\u00c9GIA CONCURSOS - Concurso Minist\u00e9rio da Sa\u00fade | An\u00e1lise do Edital 2016 - Aul\u00e3o com dicas de estudos, t\u00e9cnicas de prepara\u00e7\u00e3o e muito mais\",\"breadcrumb\":{\"@id\":\"https:\/\/www.estrategiaconcursos.com.br\/blog\/concurso-ministerio-da-saude-edital-2\/#breadcrumb\"},\"inLanguage\":\"pt-BR\",\"potentialAction\":[{\"@type\":\"ReadAction\",\"target\":[\"https:\/\/www.estrategiaconcursos.com.br\/blog\/concurso-ministerio-da-saude-edital-2\/\"]}]},{\"@type\":\"BreadcrumbList\",\"@id\":\"https:\/\/www.estrategiaconcursos.com.br\/blog\/concurso-ministerio-da-saude-edital-2\/#breadcrumb\",\"itemListElement\":[{\"@type\":\"ListItem\",\"position\":1,\"name\":\"In\u00edcio\",\"item\":\"https:\/\/www.estrategiaconcursos.com.br\/blog\/\"},{\"@type\":\"ListItem\",\"position\":2,\"name\":\"Concurso Minist\u00e9rio da Sa\u00fade | An\u00e1lise do Edital 2016\"}]},{\"@type\":\"WebSite\",\"@id\":\"https:\/\/www.estrategiaconcursos.com.br\/blog\/#website\",\"url\":\"https:\/\/www.estrategiaconcursos.com.br\/blog\/\",\"name\":\"Estrat\u00e9gia Concursos\",\"description\":\"O blog da Estrat\u00e9gia Concursos traz not\u00edcias sobre concursos e artigos de professores oferecendo cursos para concursos (pdf + videaulas) no site.\",\"publisher\":{\"@id\":\"https:\/\/www.estrategiaconcursos.com.br\/blog\/#organization\"},\"potentialAction\":[{\"@type\":\"SearchAction\",\"target\":{\"@type\":\"EntryPoint\",\"urlTemplate\":\"https:\/\/www.estrategiaconcursos.com.br\/blog\/?s={search_term_string}\"},\"query-input\":{\"@type\":\"PropertyValueSpecification\",\"valueRequired\":true,\"valueName\":\"search_term_string\"}}],\"inLanguage\":\"pt-BR\"},{\"@type\":\"Organization\",\"@id\":\"https:\/\/www.estrategiaconcursos.com.br\/blog\/#organization\",\"name\":\"Estrat\u00e9gia Concursos\",\"url\":\"https:\/\/www.estrategiaconcursos.com.br\/blog\/\",\"logo\":{\"@type\":\"ImageObject\",\"inLanguage\":\"pt-BR\",\"@id\":\"https:\/\/www.estrategiaconcursos.com.br\/blog\/#\/schema\/logo\/image\/\",\"url\":\"https:\/\/dhg1h5j42swfq.cloudfront.net\/2025\/06\/03203428\/logo_concursos-1.jpg\",\"contentUrl\":\"https:\/\/dhg1h5j42swfq.cloudfront.net\/2025\/06\/03203428\/logo_concursos-1.jpg\",\"width\":230,\"height\":60,\"caption\":\"Estrat\u00e9gia Concursos\"},\"image\":{\"@id\":\"https:\/\/www.estrategiaconcursos.com.br\/blog\/#\/schema\/logo\/image\/\"},\"sameAs\":[\"https:\/\/x.com\/EstratConcursos\"]},{\"@type\":\"Person\",\"@id\":\"https:\/\/www.estrategiaconcursos.com.br\/blog\/#\/schema\/person\/cdad40b5818eb228a838461fcd656da7\",\"name\":\"Coordena\u00e7\u00e3o\",\"image\":{\"@type\":\"ImageObject\",\"inLanguage\":\"pt-BR\",\"@id\":\"https:\/\/secure.gravatar.com\/avatar\/a413b22da0f5009c634f6c4586a2dbe5207074fd5becd88db5183b8069ef25e4?s=96&d=mm&r=g\",\"url\":\"https:\/\/secure.gravatar.com\/avatar\/a413b22da0f5009c634f6c4586a2dbe5207074fd5becd88db5183b8069ef25e4?s=96&d=mm&r=g\",\"contentUrl\":\"https:\/\/secure.gravatar.com\/avatar\/a413b22da0f5009c634f6c4586a2dbe5207074fd5becd88db5183b8069ef25e4?s=96&d=mm&r=g\",\"caption\":\"Coordena\u00e7\u00e3o\"},\"url\":\"https:\/\/www.estrategiaconcursos.com.br\/blog\/author\/contatoestrategiaconcursos-com-br\/\"}]}<\/script>\n<!-- \/ Yoast SEO Premium plugin. -->","yoast_head_json":{"title":"Concurso Minist\u00e9rio da Sa\u00fade | An\u00e1lise do Edital 2016","description":"ESTRAT\u00c9GIA CONCURSOS - Concurso Minist\u00e9rio da Sa\u00fade | An\u00e1lise do Edital 2016 - Aul\u00e3o com dicas de estudos, t\u00e9cnicas de prepara\u00e7\u00e3o e muito mais","robots":{"index":"index","follow":"follow","max-snippet":"max-snippet:-1","max-image-preview":"max-image-preview:large","max-video-preview":"max-video-preview:-1"},"canonical":"https:\/\/www.estrategiaconcursos.com.br\/blog\/concurso-ministerio-da-saude-edital-2\/","og_locale":"pt_BR","og_type":"article","og_title":"Concurso Minist\u00e9rio da Sa\u00fade | An\u00e1lise do Edital 2016","og_description":"ESTRAT\u00c9GIA CONCURSOS - Concurso Minist\u00e9rio da Sa\u00fade | An\u00e1lise do Edital 2016 - Aul\u00e3o com dicas de estudos, t\u00e9cnicas de prepara\u00e7\u00e3o e muito mais","og_url":"https:\/\/www.estrategiaconcursos.com.br\/blog\/concurso-ministerio-da-saude-edital-2\/","og_site_name":"Estrat\u00e9gia Concursos","article_published_time":"2016-12-10T13:30:20+00:00","article_modified_time":"2016-12-10T13:42:58+00:00","author":"Coordena\u00e7\u00e3o","twitter_card":"summary_large_image","twitter_creator":"@EstratConcursos","twitter_site":"@EstratConcursos","twitter_misc":{"Escrito por":"Coordena\u00e7\u00e3o","Est. tempo de leitura":"2 minutos"},"schema":{"@context":"https:\/\/schema.org","@graph":[{"@type":"NewsArticle","@id":"https:\/\/www.estrategiaconcursos.com.br\/blog\/concurso-ministerio-da-saude-edital-2\/#article","isPartOf":{"@id":"https:\/\/www.estrategiaconcursos.com.br\/blog\/concurso-ministerio-da-saude-edital-2\/"},"author":{"name":"Coordena\u00e7\u00e3o","@id":"https:\/\/www.estrategiaconcursos.com.br\/blog\/#\/schema\/person\/cdad40b5818eb228a838461fcd656da7"},"headline":"Concurso Minist\u00e9rio da Sa\u00fade | An\u00e1lise do Edital 2016","datePublished":"2016-12-10T13:30:20+00:00","dateModified":"2016-12-10T13:42:58+00:00","mainEntityOfPage":{"@id":"https:\/\/www.estrategiaconcursos.com.br\/blog\/concurso-ministerio-da-saude-edital-2\/"},"wordCount":409,"commentCount":0,"publisher":{"@id":"https:\/\/www.estrategiaconcursos.com.br\/blog\/#organization"},"keywords":["Minist\u00e9rio da Sa\u00fade"],"articleSection":["Concursos P\u00fablicos"],"inLanguage":"pt-BR","potentialAction":[{"@type":"CommentAction","name":"Comment","target":["https:\/\/www.estrategiaconcursos.com.br\/blog\/concurso-ministerio-da-saude-edital-2\/#respond"]}],"copyrightYear":"2016","copyrightHolder":{"@id":"https:\/\/www.estrategiaconcursos.com.br\/blog\/#organization"}},{"@type":"WebPage","@id":"https:\/\/www.estrategiaconcursos.com.br\/blog\/concurso-ministerio-da-saude-edital-2\/","url":"https:\/\/www.estrategiaconcursos.com.br\/blog\/concurso-ministerio-da-saude-edital-2\/","name":"Concurso Minist\u00e9rio da Sa\u00fade | An\u00e1lise do Edital 2016","isPartOf":{"@id":"https:\/\/www.estrategiaconcursos.com.br\/blog\/#website"},"datePublished":"2016-12-10T13:30:20+00:00","dateModified":"2016-12-10T13:42:58+00:00","description":"ESTRAT\u00c9GIA CONCURSOS - Concurso Minist\u00e9rio da Sa\u00fade | An\u00e1lise do Edital 2016 - Aul\u00e3o com dicas de estudos, t\u00e9cnicas de prepara\u00e7\u00e3o e muito mais","breadcrumb":{"@id":"https:\/\/www.estrategiaconcursos.com.br\/blog\/concurso-ministerio-da-saude-edital-2\/#breadcrumb"},"inLanguage":"pt-BR","potentialAction":[{"@type":"ReadAction","target":["https:\/\/www.estrategiaconcursos.com.br\/blog\/concurso-ministerio-da-saude-edital-2\/"]}]},{"@type":"BreadcrumbList","@id":"https:\/\/www.estrategiaconcursos.com.br\/blog\/concurso-ministerio-da-saude-edital-2\/#breadcrumb","itemListElement":[{"@type":"ListItem","position":1,"name":"In\u00edcio","item":"https:\/\/www.estrategiaconcursos.com.br\/blog\/"},{"@type":"ListItem","position":2,"name":"Concurso Minist\u00e9rio da Sa\u00fade | An\u00e1lise do Edital 2016"}]},{"@type":"WebSite","@id":"https:\/\/www.estrategiaconcursos.com.br\/blog\/#website","url":"https:\/\/www.estrategiaconcursos.com.br\/blog\/","name":"Estrat\u00e9gia Concursos","description":"O blog da Estrat\u00e9gia Concursos traz not\u00edcias sobre concursos e artigos de professores oferecendo cursos para concursos (pdf + videaulas) no site.","publisher":{"@id":"https:\/\/www.estrategiaconcursos.com.br\/blog\/#organization"},"potentialAction":[{"@type":"SearchAction","target":{"@type":"EntryPoint","urlTemplate":"https:\/\/www.estrategiaconcursos.com.br\/blog\/?s={search_term_string}"},"query-input":{"@type":"PropertyValueSpecification","valueRequired":true,"valueName":"search_term_string"}}],"inLanguage":"pt-BR"},{"@type":"Organization","@id":"https:\/\/www.estrategiaconcursos.com.br\/blog\/#organization","name":"Estrat\u00e9gia Concursos","url":"https:\/\/www.estrategiaconcursos.com.br\/blog\/","logo":{"@type":"ImageObject","inLanguage":"pt-BR","@id":"https:\/\/www.estrategiaconcursos.com.br\/blog\/#\/schema\/logo\/image\/","url":"https:\/\/dhg1h5j42swfq.cloudfront.net\/2025\/06\/03203428\/logo_concursos-1.jpg","contentUrl":"https:\/\/dhg1h5j42swfq.cloudfront.net\/2025\/06\/03203428\/logo_concursos-1.jpg","width":230,"height":60,"caption":"Estrat\u00e9gia Concursos"},"image":{"@id":"https:\/\/www.estrategiaconcursos.com.br\/blog\/#\/schema\/logo\/image\/"},"sameAs":["https:\/\/x.com\/EstratConcursos"]},{"@type":"Person","@id":"https:\/\/www.estrategiaconcursos.com.br\/blog\/#\/schema\/person\/cdad40b5818eb228a838461fcd656da7","name":"Coordena\u00e7\u00e3o","image":{"@type":"ImageObject","inLanguage":"pt-BR","@id":"https:\/\/secure.gravatar.com\/avatar\/a413b22da0f5009c634f6c4586a2dbe5207074fd5becd88db5183b8069ef25e4?s=96&d=mm&r=g","url":"https:\/\/secure.gravatar.com\/avatar\/a413b22da0f5009c634f6c4586a2dbe5207074fd5becd88db5183b8069ef25e4?s=96&d=mm&r=g","contentUrl":"https:\/\/secure.gravatar.com\/avatar\/a413b22da0f5009c634f6c4586a2dbe5207074fd5becd88db5183b8069ef25e4?s=96&d=mm&r=g","caption":"Coordena\u00e7\u00e3o"},"url":"https:\/\/www.estrategiaconcursos.com.br\/blog\/author\/contatoestrategiaconcursos-com-br\/"}]}},"_links":{"self":[{"href":"https:\/\/www.estrategiaconcursos.com.br\/blog\/wp-json\/wp\/v2\/posts\/56757","targetHints":{"allow":["GET"]}}],"collection":[{"href":"https:\/\/www.estrategiaconcursos.com.br\/blog\/wp-json\/wp\/v2\/posts"}],"about":[{"href":"https:\/\/www.estrategiaconcursos.com.br\/blog\/wp-json\/wp\/v2\/types\/post"}],"author":[{"embeddable":true,"href":"https:\/\/www.estrategiaconcursos.com.br\/blog\/wp-json\/wp\/v2\/users\/48"}],"replies":[{"embeddable":true,"href":"https:\/\/www.estrategiaconcursos.com.br\/blog\/wp-json\/wp\/v2\/comments?post=56757"}],"version-history":[{"count":4,"href":"https:\/\/www.estrategiaconcursos.com.br\/blog\/wp-json\/wp\/v2\/posts\/56757\/revisions"}],"predecessor-version":[{"id":56773,"href":"https:\/\/www.estrategiaconcursos.com.br\/blog\/wp-json\/wp\/v2\/posts\/56757\/revisions\/56773"}],"wp:attachment":[{"href":"https:\/\/www.estrategiaconcursos.com.br\/blog\/wp-json\/wp\/v2\/media?parent=56757"}],"wp:term":[{"taxonomy":"category","embeddable":true,"href":"https:\/\/www.estrategiaconcursos.com.br\/blog\/wp-json\/wp\/v2\/categories?post=56757"},{"taxonomy":"post_tag","embeddable":true,"href":"https:\/\/www.estrategiaconcursos.com.br\/blog\/wp-json\/wp\/v2\/tags?post=56757"},{"taxonomy":"tax_estado","embeddable":true,"href":"https:\/\/www.estrategiaconcursos.com.br\/blog\/wp-json\/wp\/v2\/tax_estado?post=56757"}],"curies":[{"name":"wp","href":"https:\/\/api.w.org\/{rel}","templated":true}]}}