{"id":567379,"date":"2020-09-08T07:15:00","date_gmt":"2020-09-08T10:15:00","guid":{"rendered":"https:\/\/www.estrategiaconcursos.com.br\/blog\/?p=567379"},"modified":"2020-09-04T12:32:09","modified_gmt":"2020-09-04T15:32:09","slug":"area-policial-declare-sua-independencia","status":"publish","type":"post","link":"https:\/\/www.estrategiaconcursos.com.br\/blog\/area-policial-declare-sua-independencia\/","title":{"rendered":"\u00c1rea Policial | Declare sua independ\u00eancia"},"content":{"rendered":"\n<p>Desde 2019, est\u00e3o pipocando concursos das mais diversas institui\u00e7\u00f5es. At\u00e9 mesmo durante a pandemia, tivemos editais publicados, como DEPEN, PC PR, PM PR e PCDF.<\/p>\n\n\n\n<p>Ali\u00e1s, recentemente, ganharam for\u00e7a os certames para as <strong>Pol\u00edcias Federal<\/strong> e <strong>Rodovi\u00e1ria Federal<\/strong>. Autorizados pelo Presidente Jair Bolsonaro, e com previs\u00e3o de edital para o curt\u00edssimo prazo, os dois concursos <strong>somariam juntos 4.772 vagas<\/strong>. <\/p>\n\n\n\n<p>Para te dar o panorama dos melhores concursos policiais que est\u00e3o em andamento, ou que ter\u00e3o edital em breve, faremos uma aula especial, nesta <strong>ter\u00e7a-feira, 08 de setembro, \u00e0s 10h.<\/strong> N\u00e3o perca!<\/p>\n\n\n<figure class=\"wp-block-embed-youtube wp-block-embed is-type-video is-provider-youtube wp-embed-aspect-16-9 wp-has-aspect-ratio\"><div class=\"lyte-wrapper\" style=\"width:853px;max-width:100%;margin:5px;\"><div class=\"lyMe\" id=\"WYL_HRXkzefs3Bk\"><div id=\"lyte_HRXkzefs3Bk\" data-src=\"\/\/i.ytimg.com\/vi\/HRXkzefs3Bk\/hqdefault.jpg\" class=\"pL\"><div class=\"tC\"><div class=\"tT\"><\/div><\/div><div class=\"play\"><\/div><div class=\"ctrl\"><div class=\"Lctrl\"><\/div><div class=\"Rctrl\"><\/div><\/div><\/div><noscript><a href=\"https:\/\/youtu.be\/HRXkzefs3Bk\" rel=\"nofollow\"><img loading=\"lazy\" decoding=\"async\" src=\"https:\/\/i.ytimg.com\/vi\/HRXkzefs3Bk\/0.jpg\" alt=\"YouTube video thumbnail\" width=\"853\" height=\"460\" \/><br \/>Assista a este v\u00eddeo no YouTube<\/a><\/noscript><\/div><\/div><div class=\"lL\" style=\"max-width:100%;width:853px;margin:5px;\"><\/div><figcaption><\/figcaption><\/figure>\n\n\n<h2 class=\"wp-block-heading\">Programa\u00e7\u00e3o Completa!<\/h2>\n\n\n\n<p>Durante a pr\u00f3xima semana, teremos especialistas em concursos p\u00fablicos, ajudando-o a tra\u00e7ar um plano de a\u00e7\u00e3o e mostrando exatamente o caminho que voc\u00ea precisa percorrer. Essa semana vai entrar para a hist\u00f3ria, mais uma vez!<\/p>\n\n\n\n<h3 class=\"wp-block-heading\">Dia 08\/09 (ter)<\/h3>\n\n\n\n<figure class=\"wp-block-table\"><table><thead><tr><th>HORA<\/th><th>WEBIN\u00c1RIO<\/th><th>PROFESSORES<\/th><\/tr><\/thead><tbody><tr><td>10h<\/td><td>\u00c1rea Policial | Declare sua independ\u00eancia<\/td><td>Paulo Bilynskyj<\/td><\/tr><tr><td>12h<\/td><td>Lei 8666: Saiba tudo sobre Contratos Administrativos!<\/td><td>Herbert Almeida<\/td><\/tr><tr><td>19h<\/td><td>PF e PRF | Declare sua independ\u00eancia<\/td><td>Paulo Bilynskyj e Lhais Hamid<\/td><\/tr><\/tbody><\/table><\/figure>\n\n\n\n<h3 class=\"wp-block-heading\">Dia 09\/09 (qua)<\/h3>\n\n\n\n<figure class=\"wp-block-table\"><table><thead><tr><th>HORA<\/th><th>WEBIN\u00c1RIO<\/th><th>PROFESSORES<\/th><\/tr><\/thead><tbody><tr><td>10h<\/td><td>\u00c1rea Fiscal | Declare sua independ\u00eancia<\/td><td>Laura Amorim e Victor Tanaka<\/td><\/tr><tr><td>12h<\/td><td>Direito Penal | Os 7 erros mais comuns em Teoria do Crime<\/td><td>Priscila Silveira<\/td><\/tr><tr><td>19h<\/td><td>Receita Federal | Declare sua independ\u00eancia<\/td><td>Laura Amorim, Renan Fineto e Nubia<\/td><\/tr><\/tbody><\/table><\/figure>\n\n\n\n<h3 class=\"wp-block-heading\">Dia 10\/09 (qui)<\/h3>\n\n\n\n<figure class=\"wp-block-table\"><table><thead><tr><th>HORA<\/th><th>WEBIN\u00c1RIO<\/th><th>PROFESSORES<\/th><\/tr><\/thead><tbody><tr><td>10h<\/td><td>TCU | Declare sua independ\u00eancia<\/td><td>Luciana Marinho, Antonio Daud e T\u00falio Lages<\/td><\/tr><tr><td>12h<\/td><td>Racioc\u00ednio L\u00f3gico: Proposi\u00e7\u00f5es de A a Z<\/td><td>Brunno Lima<\/td><\/tr><tr><td>19h<\/td><td>\u00c1rea de Tribunais de Contas | Declare sua independ\u00eancia<\/td><td>Renan Fineto, L\u00e9o Mathias e Eduardo Gon\u00e7alves<\/td><\/tr><\/tbody><\/table><\/figure>\n\n\n\n<h3 class=\"wp-block-heading\">Dia 11\/09 (sex)<\/h3>\n\n\n\n<figure class=\"wp-block-table\"><table><thead><tr><th>HORA<\/th><th>WEBIN\u00c1RIO<\/th><th>PROFESSORES<\/th><\/tr><\/thead><tbody><tr><td>10h<\/td><td>TJ-SP | Declare sua independ\u00eancia<\/td><td>Lhais Hamid e Cl\u00e1udia Miranda<\/td><\/tr><tr><td>12h<\/td><td>Direito Constitucional: Os 7 temas mais cobrados do art. 5\u00ba da CF<\/td><td>Ricardo Vale<\/td><\/tr><tr><td>19h<\/td><td>\u00c1rea de Tribunais | Declare sua independ\u00eancia<\/td><td>Laura Amorim e Lhais Hamid<\/td><\/tr><\/tbody><\/table><\/figure>\n\n\n\n<h3 class=\"wp-block-heading\">Dia 12\/09 (sab)<\/h3>\n\n\n\n<figure class=\"wp-block-table\"><table><thead><tr><th>HORA<\/th><th>WEBIN\u00c1RIO<\/th><th>PROFESSORES<\/th><\/tr><\/thead><tbody><tr><td>10h<\/td><td>INSS | Declare sua independ\u00eancia<\/td><td>Rubens Maur\u00edcio e Ricardo Vale<\/td><\/tr><tr><td>12h<\/td><td>Senado Federal | Declare a sua Independ\u00eancia<\/td><td>Luiz Cl\u00e1udio e Miguel Ger\u00f4nimo<\/td><\/tr><\/tbody><\/table><\/figure>\n\n\n\n<h3 class=\"wp-block-heading\">Dia 14\/09 (seg)<\/h3>\n\n\n\n<figure class=\"wp-block-table\"><table><thead><tr><th>HORA<\/th><th>WEBIN\u00c1RIO<\/th><th>PROFESSORES<\/th><\/tr><\/thead><tbody><tr><td>10h<\/td><td>Como acelerar a sua aprova\u00e7\u00e3o com as ferramentas corretas<\/td><td>Luis Eduardo e Laura amorim<\/td><\/tr><tr><td>12h<\/td><td>BACEN | Declare sua independ\u00eancia<\/td><td>Marcos Gir\u00e3o e Carlos Roberto<\/td><\/tr><tr><td>19h<\/td><td>Os 7 erros fatais do concurseiro iniciante<\/td><td>L\u00e9o Mathias e Renan Fineto<\/td><\/tr><\/tbody><\/table><\/figure>\n\n\n\n<p><em>Prepare-se com o melhor material e com quem mais aprova em Concursos P\u00fablicos em todo o pa\u00eds. Assine agora a nossa Assinatura Anual<\/em>!<\/p>\n\n\n\n<p class=\"has-background has-text-align-center has-medium-font-size has-pale-pink-background-color\"><a href=\"https:\/\/www.estrategiaconcursos.com.br\/curso\/assinatura-da-area-policial-1-ano-cartao-ate-12-x\/\"><strong>Assinatura Policial<\/strong><\/a><\/p>\n\n\n\n<h2 class=\"has-text-align-center wp-block-heading\" id=\"assinatura-anual\"><em><strong>Assinatura Anual Ilimitada*<\/strong><\/em><\/h2>\n\n\n\n<p class=\"has-text-align-center\"><em>O Estrat\u00e9gia oferece&nbsp;<\/em><strong><em>assinaturas focadas em&nbsp;\u00e1reas especificas<\/em><\/strong><em>. A assinatura por \u00e1rea d\u00e1 acesso ilimitado \u00e0 todos os cursos para concursos daquela \u00e1rea&nbsp;<\/em><\/p>\n\n\n\n<p class=\"has-background has-text-align-center has-medium-font-size has-luminous-vivid-amber-background-color\"><a href=\"https:\/\/www.estrategiaconcursos.com.br\/curso\/assinatura-da-area-policial-1-ano-boleto-a-vista-com-15-de-desconto\/\"><strong>\u00c1rea Policial 01 ano<\/strong><\/a><\/p>\n\n\n\n<p class=\"has-background has-text-align-center has-medium-font-size has-luminous-vivid-amber-background-color\"><a href=\"https:\/\/www.estrategiaconcursos.com.br\/curso\/assinatura-da-area-policial-2-anos-boleto-a-vista-com-16-de-desconto\/\"><strong>\u00c1rea Policial 02 anos<\/strong><\/a><\/p>\n\n\n\n<p class=\"has-text-align-center\"><em>Prepare-se com o melhor material e com quem mais aprova em&nbsp;Concursos P\u00fablicos de todo o pa\u00eds. Assine agora a nossa Assinatura Anual e tenha acesso ilimitado* a todos os nossos cursos.<\/em><\/p>\n\n\n\n<p class=\"has-background has-text-align-center has-light-green-cyan-background-color\"><strong>ASSINE AGORA<\/strong>&nbsp;\u2013&nbsp;<a rel=\"noreferrer noopener\" href=\"https:\/\/www.estrategiaconcursos.com.br\/assinaturas\/\" target=\"_blank\">Assinatura Ilimitada<\/a><\/p>\n\n\n\n<p class=\"has-text-align-center\"><em><strong>Fique por dentro de todos os concursos<\/strong><\/em>:<\/p>\n\n\n\n<p class=\"has-background has-text-align-center has-pale-cyan-blue-background-color\"><a rel=\"noreferrer noopener\" href=\"https:\/\/www.estrategiaconcursos.com.br\/blog\/concursos-abertos\/\" target=\"_blank\"><strong>Concursos abertos<\/strong><\/a><\/p>\n\n\n\n<p class=\"has-background has-text-align-center has-pale-cyan-blue-background-color\"><a rel=\"noreferrer noopener\" href=\"https:\/\/www.estrategiaconcursos.com.br\/blog\/concursos-2020\/\" target=\"_blank\"><strong>Concursos 2020<\/strong><\/a><\/p>\n\n\n\n<p class=\"has-background has-text-align-center has-pale-cyan-blue-background-color\"><strong><a rel=\"noreferrer noopener\" href=\"https:\/\/www.estrategiaconcursos.com.br\/blog\/concursos-2021\/\" target=\"_blank\">Concursos 2021<\/a><\/strong><\/p>\n","protected":false},"excerpt":{"rendered":"<p>Desde 2019, est\u00e3o pipocando concursos das mais diversas institui\u00e7\u00f5es. At\u00e9 mesmo durante a pandemia, tivemos editais publicados, como DEPEN, PC PR, PM PR e PCDF. Ali\u00e1s, recentemente, ganharam for\u00e7a os certames para as Pol\u00edcias Federal e Rodovi\u00e1ria Federal. Autorizados pelo Presidente Jair Bolsonaro, e com previs\u00e3o de edital para o curt\u00edssimo prazo, os dois concursos [&hellip;]<\/p>\n","protected":false},"author":1482,"featured_media":508021,"comment_status":"open","ping_status":"closed","sticky":false,"template":"","format":"standard","meta":{"post_tipo":"article","footnotes":""},"categories":[1],"tags":[],"tax_estado":[],"class_list":["post-567379","post","type-post","status-publish","format-standard","has-post-thumbnail","hentry","category-cursos-e-concursos"],"acf":[],"yoast_head":"<!-- This site is optimized with the Yoast SEO Premium plugin v27.2 (Yoast SEO v27.2) - https:\/\/yoast.com\/product\/yoast-seo-premium-wordpress\/ -->\n<title>\u00c1rea Policial | Declare sua independ\u00eancia<\/title>\n<meta name=\"robots\" content=\"index, follow, max-snippet:-1, max-image-preview:large, max-video-preview:-1\" \/>\n<link rel=\"canonical\" href=\"https:\/\/www.estrategiaconcursos.com.br\/blog\/area-policial-declare-sua-independencia\/\" \/>\n<meta property=\"og:locale\" content=\"pt_BR\" \/>\n<meta property=\"og:type\" content=\"article\" \/>\n<meta property=\"og:title\" content=\"\u00c1rea Policial | Declare sua independ\u00eancia\" \/>\n<meta property=\"og:description\" content=\"Desde 2019, est\u00e3o pipocando concursos das mais diversas institui\u00e7\u00f5es. At\u00e9 mesmo durante a pandemia, tivemos editais publicados, como DEPEN, PC PR, PM PR e PCDF. Ali\u00e1s, recentemente, ganharam for\u00e7a os certames para as Pol\u00edcias Federal e Rodovi\u00e1ria Federal. Autorizados pelo Presidente Jair Bolsonaro, e com previs\u00e3o de edital para o curt\u00edssimo prazo, os dois concursos [&hellip;]\" \/>\n<meta property=\"og:url\" content=\"https:\/\/www.estrategiaconcursos.com.br\/blog\/area-policial-declare-sua-independencia\/\" \/>\n<meta property=\"og:site_name\" content=\"Estrat\u00e9gia Concursos\" \/>\n<meta property=\"article:published_time\" content=\"2020-09-08T10:15:00+00:00\" \/>\n<meta property=\"og:image\" content=\"https:\/\/dhg1h5j42swfq.cloudfront.net\/2020\/04\/28103226\/imagem-destacada.png\" \/>\n\t<meta property=\"og:image:width\" content=\"400\" \/>\n\t<meta property=\"og:image:height\" content=\"184\" \/>\n\t<meta property=\"og:image:type\" content=\"image\/png\" \/>\n<meta name=\"author\" content=\"Diego Cerqueira\" \/>\n<meta name=\"twitter:card\" content=\"summary_large_image\" \/>\n<meta name=\"twitter:creator\" content=\"@EstratConcursos\" \/>\n<meta name=\"twitter:site\" content=\"@EstratConcursos\" \/>\n<meta name=\"twitter:label1\" content=\"Escrito por\" \/>\n\t<meta name=\"twitter:data1\" content=\"Diego Cerqueira\" \/>\n\t<meta name=\"twitter:label2\" content=\"Est. tempo de leitura\" \/>\n\t<meta name=\"twitter:data2\" content=\"2 minutos\" \/>\n<script type=\"application\/ld+json\" class=\"yoast-schema-graph\">{\"@context\":\"https:\/\/schema.org\",\"@graph\":[{\"@type\":\"NewsArticle\",\"@id\":\"https:\/\/www.estrategiaconcursos.com.br\/blog\/area-policial-declare-sua-independencia\/#article\",\"isPartOf\":{\"@id\":\"https:\/\/www.estrategiaconcursos.com.br\/blog\/area-policial-declare-sua-independencia\/\"},\"author\":{\"name\":\"Diego Cerqueira\",\"@id\":\"https:\/\/www.estrategiaconcursos.com.br\/blog\/#\/schema\/person\/dd9f6d98671a3ac63bf25b40baf6f2e2\"},\"headline\":\"\u00c1rea Policial | Declare sua independ\u00eancia\",\"datePublished\":\"2020-09-08T10:15:00+00:00\",\"mainEntityOfPage\":{\"@id\":\"https:\/\/www.estrategiaconcursos.com.br\/blog\/area-policial-declare-sua-independencia\/\"},\"wordCount\":528,\"commentCount\":0,\"publisher\":{\"@id\":\"https:\/\/www.estrategiaconcursos.com.br\/blog\/#organization\"},\"image\":{\"@id\":\"https:\/\/www.estrategiaconcursos.com.br\/blog\/area-policial-declare-sua-independencia\/#primaryimage\"},\"thumbnailUrl\":\"https:\/\/dhg1h5j42swfq.cloudfront.net\/2020\/04\/28103226\/imagem-destacada.png\",\"articleSection\":[\"Concursos P\u00fablicos\"],\"inLanguage\":\"pt-BR\",\"potentialAction\":[{\"@type\":\"CommentAction\",\"name\":\"Comment\",\"target\":[\"https:\/\/www.estrategiaconcursos.com.br\/blog\/area-policial-declare-sua-independencia\/#respond\"]}],\"copyrightYear\":\"2020\",\"copyrightHolder\":{\"@id\":\"https:\/\/www.estrategiaconcursos.com.br\/blog\/#organization\"}},{\"@type\":\"WebPage\",\"@id\":\"https:\/\/www.estrategiaconcursos.com.br\/blog\/area-policial-declare-sua-independencia\/\",\"url\":\"https:\/\/www.estrategiaconcursos.com.br\/blog\/area-policial-declare-sua-independencia\/\",\"name\":\"\u00c1rea Policial | Declare sua independ\u00eancia\",\"isPartOf\":{\"@id\":\"https:\/\/www.estrategiaconcursos.com.br\/blog\/#website\"},\"primaryImageOfPage\":{\"@id\":\"https:\/\/www.estrategiaconcursos.com.br\/blog\/area-policial-declare-sua-independencia\/#primaryimage\"},\"image\":{\"@id\":\"https:\/\/www.estrategiaconcursos.com.br\/blog\/area-policial-declare-sua-independencia\/#primaryimage\"},\"thumbnailUrl\":\"https:\/\/dhg1h5j42swfq.cloudfront.net\/2020\/04\/28103226\/imagem-destacada.png\",\"datePublished\":\"2020-09-08T10:15:00+00:00\",\"breadcrumb\":{\"@id\":\"https:\/\/www.estrategiaconcursos.com.br\/blog\/area-policial-declare-sua-independencia\/#breadcrumb\"},\"inLanguage\":\"pt-BR\",\"potentialAction\":[{\"@type\":\"ReadAction\",\"target\":[\"https:\/\/www.estrategiaconcursos.com.br\/blog\/area-policial-declare-sua-independencia\/\"]}]},{\"@type\":\"ImageObject\",\"inLanguage\":\"pt-BR\",\"@id\":\"https:\/\/www.estrategiaconcursos.com.br\/blog\/area-policial-declare-sua-independencia\/#primaryimage\",\"url\":\"https:\/\/dhg1h5j42swfq.cloudfront.net\/2020\/04\/28103226\/imagem-destacada.png\",\"contentUrl\":\"https:\/\/dhg1h5j42swfq.cloudfront.net\/2020\/04\/28103226\/imagem-destacada.png\",\"width\":400,\"height\":184,\"caption\":\"PRF e PF\"},{\"@type\":\"BreadcrumbList\",\"@id\":\"https:\/\/www.estrategiaconcursos.com.br\/blog\/area-policial-declare-sua-independencia\/#breadcrumb\",\"itemListElement\":[{\"@type\":\"ListItem\",\"position\":1,\"name\":\"In\u00edcio\",\"item\":\"https:\/\/www.estrategiaconcursos.com.br\/blog\/\"},{\"@type\":\"ListItem\",\"position\":2,\"name\":\"\u00c1rea Policial | Declare sua independ\u00eancia\"}]},{\"@type\":\"WebSite\",\"@id\":\"https:\/\/www.estrategiaconcursos.com.br\/blog\/#website\",\"url\":\"https:\/\/www.estrategiaconcursos.com.br\/blog\/\",\"name\":\"Estrat\u00e9gia Concursos\",\"description\":\"O blog da Estrat\u00e9gia Concursos traz not\u00edcias sobre concursos e artigos de professores oferecendo cursos para concursos (pdf + videaulas) no site.\",\"publisher\":{\"@id\":\"https:\/\/www.estrategiaconcursos.com.br\/blog\/#organization\"},\"potentialAction\":[{\"@type\":\"SearchAction\",\"target\":{\"@type\":\"EntryPoint\",\"urlTemplate\":\"https:\/\/www.estrategiaconcursos.com.br\/blog\/?s={search_term_string}\"},\"query-input\":{\"@type\":\"PropertyValueSpecification\",\"valueRequired\":true,\"valueName\":\"search_term_string\"}}],\"inLanguage\":\"pt-BR\"},{\"@type\":\"Organization\",\"@id\":\"https:\/\/www.estrategiaconcursos.com.br\/blog\/#organization\",\"name\":\"Estrat\u00e9gia Concursos\",\"url\":\"https:\/\/www.estrategiaconcursos.com.br\/blog\/\",\"logo\":{\"@type\":\"ImageObject\",\"inLanguage\":\"pt-BR\",\"@id\":\"https:\/\/www.estrategiaconcursos.com.br\/blog\/#\/schema\/logo\/image\/\",\"url\":\"https:\/\/dhg1h5j42swfq.cloudfront.net\/2025\/06\/03203428\/logo_concursos-1.jpg\",\"contentUrl\":\"https:\/\/dhg1h5j42swfq.cloudfront.net\/2025\/06\/03203428\/logo_concursos-1.jpg\",\"width\":230,\"height\":60,\"caption\":\"Estrat\u00e9gia Concursos\"},\"image\":{\"@id\":\"https:\/\/www.estrategiaconcursos.com.br\/blog\/#\/schema\/logo\/image\/\"},\"sameAs\":[\"https:\/\/x.com\/EstratConcursos\"]},{\"@type\":\"Person\",\"@id\":\"https:\/\/www.estrategiaconcursos.com.br\/blog\/#\/schema\/person\/dd9f6d98671a3ac63bf25b40baf6f2e2\",\"name\":\"Diego Cerqueira\",\"image\":{\"@type\":\"ImageObject\",\"inLanguage\":\"pt-BR\",\"@id\":\"https:\/\/secure.gravatar.com\/avatar\/93f5bbe4c5469a613830caa67379a40ab60d82fa495e4fbb9e4039bce737c0cc?s=96&d=mm&r=g\",\"url\":\"https:\/\/secure.gravatar.com\/avatar\/93f5bbe4c5469a613830caa67379a40ab60d82fa495e4fbb9e4039bce737c0cc?s=96&d=mm&r=g\",\"contentUrl\":\"https:\/\/secure.gravatar.com\/avatar\/93f5bbe4c5469a613830caa67379a40ab60d82fa495e4fbb9e4039bce737c0cc?s=96&d=mm&r=g\",\"caption\":\"Diego Cerqueira\"},\"url\":\"https:\/\/www.estrategiaconcursos.com.br\/blog\/author\/diegocerqueiraestrategiaconcursos-com-br-2\/\"}]}<\/script>\n<!-- \/ Yoast SEO Premium plugin. -->","yoast_head_json":{"title":"\u00c1rea Policial | Declare sua independ\u00eancia","robots":{"index":"index","follow":"follow","max-snippet":"max-snippet:-1","max-image-preview":"max-image-preview:large","max-video-preview":"max-video-preview:-1"},"canonical":"https:\/\/www.estrategiaconcursos.com.br\/blog\/area-policial-declare-sua-independencia\/","og_locale":"pt_BR","og_type":"article","og_title":"\u00c1rea Policial | Declare sua independ\u00eancia","og_description":"Desde 2019, est\u00e3o pipocando concursos das mais diversas institui\u00e7\u00f5es. At\u00e9 mesmo durante a pandemia, tivemos editais publicados, como DEPEN, PC PR, PM PR e PCDF. Ali\u00e1s, recentemente, ganharam for\u00e7a os certames para as Pol\u00edcias Federal e Rodovi\u00e1ria Federal. Autorizados pelo Presidente Jair Bolsonaro, e com previs\u00e3o de edital para o curt\u00edssimo prazo, os dois concursos [&hellip;]","og_url":"https:\/\/www.estrategiaconcursos.com.br\/blog\/area-policial-declare-sua-independencia\/","og_site_name":"Estrat\u00e9gia Concursos","article_published_time":"2020-09-08T10:15:00+00:00","og_image":[{"width":400,"height":184,"url":"https:\/\/dhg1h5j42swfq.cloudfront.net\/2020\/04\/28103226\/imagem-destacada.png","type":"image\/png"}],"author":"Diego Cerqueira","twitter_card":"summary_large_image","twitter_creator":"@EstratConcursos","twitter_site":"@EstratConcursos","twitter_misc":{"Escrito por":"Diego Cerqueira","Est. tempo de leitura":"2 minutos"},"schema":{"@context":"https:\/\/schema.org","@graph":[{"@type":"NewsArticle","@id":"https:\/\/www.estrategiaconcursos.com.br\/blog\/area-policial-declare-sua-independencia\/#article","isPartOf":{"@id":"https:\/\/www.estrategiaconcursos.com.br\/blog\/area-policial-declare-sua-independencia\/"},"author":{"name":"Diego Cerqueira","@id":"https:\/\/www.estrategiaconcursos.com.br\/blog\/#\/schema\/person\/dd9f6d98671a3ac63bf25b40baf6f2e2"},"headline":"\u00c1rea Policial | Declare sua independ\u00eancia","datePublished":"2020-09-08T10:15:00+00:00","mainEntityOfPage":{"@id":"https:\/\/www.estrategiaconcursos.com.br\/blog\/area-policial-declare-sua-independencia\/"},"wordCount":528,"commentCount":0,"publisher":{"@id":"https:\/\/www.estrategiaconcursos.com.br\/blog\/#organization"},"image":{"@id":"https:\/\/www.estrategiaconcursos.com.br\/blog\/area-policial-declare-sua-independencia\/#primaryimage"},"thumbnailUrl":"https:\/\/dhg1h5j42swfq.cloudfront.net\/2020\/04\/28103226\/imagem-destacada.png","articleSection":["Concursos P\u00fablicos"],"inLanguage":"pt-BR","potentialAction":[{"@type":"CommentAction","name":"Comment","target":["https:\/\/www.estrategiaconcursos.com.br\/blog\/area-policial-declare-sua-independencia\/#respond"]}],"copyrightYear":"2020","copyrightHolder":{"@id":"https:\/\/www.estrategiaconcursos.com.br\/blog\/#organization"}},{"@type":"WebPage","@id":"https:\/\/www.estrategiaconcursos.com.br\/blog\/area-policial-declare-sua-independencia\/","url":"https:\/\/www.estrategiaconcursos.com.br\/blog\/area-policial-declare-sua-independencia\/","name":"\u00c1rea Policial | Declare sua independ\u00eancia","isPartOf":{"@id":"https:\/\/www.estrategiaconcursos.com.br\/blog\/#website"},"primaryImageOfPage":{"@id":"https:\/\/www.estrategiaconcursos.com.br\/blog\/area-policial-declare-sua-independencia\/#primaryimage"},"image":{"@id":"https:\/\/www.estrategiaconcursos.com.br\/blog\/area-policial-declare-sua-independencia\/#primaryimage"},"thumbnailUrl":"https:\/\/dhg1h5j42swfq.cloudfront.net\/2020\/04\/28103226\/imagem-destacada.png","datePublished":"2020-09-08T10:15:00+00:00","breadcrumb":{"@id":"https:\/\/www.estrategiaconcursos.com.br\/blog\/area-policial-declare-sua-independencia\/#breadcrumb"},"inLanguage":"pt-BR","potentialAction":[{"@type":"ReadAction","target":["https:\/\/www.estrategiaconcursos.com.br\/blog\/area-policial-declare-sua-independencia\/"]}]},{"@type":"ImageObject","inLanguage":"pt-BR","@id":"https:\/\/www.estrategiaconcursos.com.br\/blog\/area-policial-declare-sua-independencia\/#primaryimage","url":"https:\/\/dhg1h5j42swfq.cloudfront.net\/2020\/04\/28103226\/imagem-destacada.png","contentUrl":"https:\/\/dhg1h5j42swfq.cloudfront.net\/2020\/04\/28103226\/imagem-destacada.png","width":400,"height":184,"caption":"PRF e PF"},{"@type":"BreadcrumbList","@id":"https:\/\/www.estrategiaconcursos.com.br\/blog\/area-policial-declare-sua-independencia\/#breadcrumb","itemListElement":[{"@type":"ListItem","position":1,"name":"In\u00edcio","item":"https:\/\/www.estrategiaconcursos.com.br\/blog\/"},{"@type":"ListItem","position":2,"name":"\u00c1rea Policial | Declare sua independ\u00eancia"}]},{"@type":"WebSite","@id":"https:\/\/www.estrategiaconcursos.com.br\/blog\/#website","url":"https:\/\/www.estrategiaconcursos.com.br\/blog\/","name":"Estrat\u00e9gia Concursos","description":"O blog da Estrat\u00e9gia Concursos traz not\u00edcias sobre concursos e artigos de professores oferecendo cursos para concursos (pdf + videaulas) no site.","publisher":{"@id":"https:\/\/www.estrategiaconcursos.com.br\/blog\/#organization"},"potentialAction":[{"@type":"SearchAction","target":{"@type":"EntryPoint","urlTemplate":"https:\/\/www.estrategiaconcursos.com.br\/blog\/?s={search_term_string}"},"query-input":{"@type":"PropertyValueSpecification","valueRequired":true,"valueName":"search_term_string"}}],"inLanguage":"pt-BR"},{"@type":"Organization","@id":"https:\/\/www.estrategiaconcursos.com.br\/blog\/#organization","name":"Estrat\u00e9gia Concursos","url":"https:\/\/www.estrategiaconcursos.com.br\/blog\/","logo":{"@type":"ImageObject","inLanguage":"pt-BR","@id":"https:\/\/www.estrategiaconcursos.com.br\/blog\/#\/schema\/logo\/image\/","url":"https:\/\/dhg1h5j42swfq.cloudfront.net\/2025\/06\/03203428\/logo_concursos-1.jpg","contentUrl":"https:\/\/dhg1h5j42swfq.cloudfront.net\/2025\/06\/03203428\/logo_concursos-1.jpg","width":230,"height":60,"caption":"Estrat\u00e9gia Concursos"},"image":{"@id":"https:\/\/www.estrategiaconcursos.com.br\/blog\/#\/schema\/logo\/image\/"},"sameAs":["https:\/\/x.com\/EstratConcursos"]},{"@type":"Person","@id":"https:\/\/www.estrategiaconcursos.com.br\/blog\/#\/schema\/person\/dd9f6d98671a3ac63bf25b40baf6f2e2","name":"Diego Cerqueira","image":{"@type":"ImageObject","inLanguage":"pt-BR","@id":"https:\/\/secure.gravatar.com\/avatar\/93f5bbe4c5469a613830caa67379a40ab60d82fa495e4fbb9e4039bce737c0cc?s=96&d=mm&r=g","url":"https:\/\/secure.gravatar.com\/avatar\/93f5bbe4c5469a613830caa67379a40ab60d82fa495e4fbb9e4039bce737c0cc?s=96&d=mm&r=g","contentUrl":"https:\/\/secure.gravatar.com\/avatar\/93f5bbe4c5469a613830caa67379a40ab60d82fa495e4fbb9e4039bce737c0cc?s=96&d=mm&r=g","caption":"Diego Cerqueira"},"url":"https:\/\/www.estrategiaconcursos.com.br\/blog\/author\/diegocerqueiraestrategiaconcursos-com-br-2\/"}]}},"_links":{"self":[{"href":"https:\/\/www.estrategiaconcursos.com.br\/blog\/wp-json\/wp\/v2\/posts\/567379","targetHints":{"allow":["GET"]}}],"collection":[{"href":"https:\/\/www.estrategiaconcursos.com.br\/blog\/wp-json\/wp\/v2\/posts"}],"about":[{"href":"https:\/\/www.estrategiaconcursos.com.br\/blog\/wp-json\/wp\/v2\/types\/post"}],"author":[{"embeddable":true,"href":"https:\/\/www.estrategiaconcursos.com.br\/blog\/wp-json\/wp\/v2\/users\/1482"}],"replies":[{"embeddable":true,"href":"https:\/\/www.estrategiaconcursos.com.br\/blog\/wp-json\/wp\/v2\/comments?post=567379"}],"version-history":[{"count":3,"href":"https:\/\/www.estrategiaconcursos.com.br\/blog\/wp-json\/wp\/v2\/posts\/567379\/revisions"}],"predecessor-version":[{"id":567412,"href":"https:\/\/www.estrategiaconcursos.com.br\/blog\/wp-json\/wp\/v2\/posts\/567379\/revisions\/567412"}],"wp:featuredmedia":[{"embeddable":true,"href":"https:\/\/www.estrategiaconcursos.com.br\/blog\/wp-json\/wp\/v2\/media\/508021"}],"wp:attachment":[{"href":"https:\/\/www.estrategiaconcursos.com.br\/blog\/wp-json\/wp\/v2\/media?parent=567379"}],"wp:term":[{"taxonomy":"category","embeddable":true,"href":"https:\/\/www.estrategiaconcursos.com.br\/blog\/wp-json\/wp\/v2\/categories?post=567379"},{"taxonomy":"post_tag","embeddable":true,"href":"https:\/\/www.estrategiaconcursos.com.br\/blog\/wp-json\/wp\/v2\/tags?post=567379"},{"taxonomy":"tax_estado","embeddable":true,"href":"https:\/\/www.estrategiaconcursos.com.br\/blog\/wp-json\/wp\/v2\/tax_estado?post=567379"}],"curies":[{"name":"wp","href":"https:\/\/api.w.org\/{rel}","templated":true}]}}