{"id":567173,"date":"2020-09-04T09:34:36","date_gmt":"2020-09-04T12:34:36","guid":{"rendered":"https:\/\/www.estrategiaconcursos.com.br\/blog\/?p=567173"},"modified":"2020-09-08T15:45:11","modified_gmt":"2020-09-08T18:45:11","slug":"validade-do-concurso-pc-sc-e-prorrogada","status":"publish","type":"post","link":"https:\/\/www.estrategiaconcursos.com.br\/blog\/validade-do-concurso-pc-sc-e-prorrogada\/","title":{"rendered":"Validade do concurso PC SC \u00e9 prorrogada por mais dois anos!"},"content":{"rendered":"\n<p>Foi publicada, no Di\u00e1rio Oficial desta sexta-feira (04), <strong>a prorroga\u00e7\u00e3o do concurso Pol\u00edcia Civil de Santa Catarina (concurso PC SC)<\/strong> que teve seu edital publicado em 2018. Conforme o documento, o certame ser\u00e1 v\u00e1lido por mais dois anos, a contar de 11 de dezembro de 2020.<\/p>\n\n\n\n<p>Sendo assim, o concurso ter\u00e1 validade at\u00e9 <strong>11 de dezembro de 2022. <\/strong>Lembrando que o edital contou com 394 vagas, sendo 200 para o cargo de Agente e 194 para o cargo de Escriv\u00e3o. Veja abaixo a imagem que confirma a prorroga\u00e7\u00e3o do certame:<\/p>\n\n\n\n<div class=\"wp-block-image\"><figure class=\"aligncenter size-large\"><img loading=\"lazy\" decoding=\"async\" width=\"476\" height=\"576\" src=\"https:\/\/dhg1h5j42swfq.cloudfront.net\/2020\/09\/04091820\/image-20200904-004953.png\" alt=\"\" class=\"wp-image-567202\" srcset=\"https:\/\/dhg1h5j42swfq.cloudfront.net\/2020\/09\/04091820\/image-20200904-004953.png 476w, https:\/\/dhg1h5j42swfq.cloudfront.net\/2020\/09\/04091820\/image-20200904-004953-248x300.png 248w\" sizes=\"auto, (max-width: 476px) 100vw, 476px\" \/><\/figure><\/div>\n\n\n\n<h3 class=\"wp-block-heading\">Reajuste de subs\u00eddio &#8211;  PC SC<\/h3>\n\n\n\n<p>Recentemente, foi aprovado, pela Assembleia Legislativa de Santa Catarina, o Projeto de Lei Complementar N\u00ba 30\/2019 que&nbsp;<strong>reajusta o subs\u00eddio<\/strong>&nbsp;concedido aos Delegados e Agente da Autoridade da&nbsp;<strong>PC SC<\/strong>.<\/p>\n\n\n\n<p>O PL altera a Lei Complementar 453\/2009 que instituiu o Plano de Carreira da Pol\u00edcia Civil de Santa Catarina (PC-SC).\u00a0<a rel=\"noreferrer noopener\" href=\"https:\/\/dhg1h5j42swfq.cloudfront.net\/2020\/09\/02094836\/DOAL_SC-1.pdf\" target=\"_blank\">Veja aqui a \u00edntegra do documento.<\/a>\u00a0Agora, o texto foi encaminhado para san\u00e7\u00e3o do governador do Estado, Carlos Mois\u00e9s.<\/p>\n\n\n\n<p>Segundo o PL, o cargo de Agente da Autoridade Policial passa a ter subs\u00eddio inicial de R$ 4.581,90. J\u00e1 o cargo de Delegado Substituto, classe inicial da carreira, ter\u00e1 subs\u00eddio de R$ 18.866,40. Confira a tabela completa:<\/p>\n\n\n\n<figure class=\"wp-block-table is-style-stripes\"><table><tbody><tr><td class=\"has-text-align-center\" data-align=\"center\"><strong>CARGO<\/strong><\/td><td class=\"has-text-align-center\" data-align=\"center\"><strong>VALOR (R$<\/strong>)<\/td><\/tr><tr><td class=\"has-text-align-center\" data-align=\"center\">Delegado de Pol\u00edcia Entr\u00e2ncia Especial<\/td><td class=\"has-text-align-center\" data-align=\"center\">26.952,00<\/td><\/tr><tr><td class=\"has-text-align-center\" data-align=\"center\">Delegado de Pol\u00edcia Entr\u00e2ncia Final<\/td><td class=\"has-text-align-center\" data-align=\"center\">24.256,80<\/td><\/tr><tr><td class=\"has-text-align-center\" data-align=\"center\">Delegado de Pol\u00edcia Entr\u00e2ncia Inicial<\/td><td class=\"has-text-align-center\" data-align=\"center\">21.561,60<\/td><\/tr><tr><td class=\"has-text-align-center\" data-align=\"center\">Delegado de Pol\u00edcia Substituto<\/td><td class=\"has-text-align-center\" data-align=\"center\">18.866,40<\/td><\/tr><tr><td class=\"has-text-align-center\" data-align=\"center\">Agente da Autoridade Policial Classe VIII<\/td><td class=\"has-text-align-center\" data-align=\"center\">13.058,20<\/td><\/tr><tr><td class=\"has-text-align-center\" data-align=\"center\">Agente da Autoridade Policial Classe VII<\/td><td class=\"has-text-align-center\" data-align=\"center\">10.326,40<\/td><\/tr><tr><td class=\"has-text-align-center\" data-align=\"center\">Agente da Autoridade Policial Classe VI<\/td><td class=\"has-text-align-center\" data-align=\"center\">8.777,40<\/td><\/tr><tr><td class=\"has-text-align-center\" data-align=\"center\">Agente da Autoridade Policial Classe V<\/td><td class=\"has-text-align-center\" data-align=\"center\">7.460,80<\/td><\/tr><tr><td class=\"has-text-align-center\" data-align=\"center\">Agente da Autoridade Policial Classe IV<\/td><td class=\"has-text-align-center\" data-align=\"center\">6.341,70<\/td><\/tr><tr><td class=\"has-text-align-center\" data-align=\"center\">Agente da Autoridade Policial Classe III<\/td><td class=\"has-text-align-center\" data-align=\"center\">5.390,40<\/td><\/tr><tr><td class=\"has-text-align-center\" data-align=\"center\">Agente da Autoridade Policial Classe II<\/td><td class=\"has-text-align-center\" data-align=\"center\">4.851,40<\/td><\/tr><tr><td class=\"has-text-align-center\" data-align=\"center\">Agente da Autoridade Policial Classe I<\/td><td class=\"has-text-align-center\" data-align=\"center\">4.581,90<\/td><\/tr><\/tbody><\/table><\/figure>\n\n\n\n<p>Veja o documento completo:&nbsp;<a rel=\"noreferrer noopener\" href=\"https:\/\/dhg1h5j42swfq.cloudfront.net\/2020\/09\/02112410\/DOAL_SC-1-1.pdf\" target=\"_blank\"><strong>Projeto de Lei \u2013 PC SC<\/strong><\/a><\/p>\n\n\n\n<p class=\"has-background has-text-align-center has-very-light-gray-background-color\"><strong>Saiba mais: <a href=\"https:\/\/www.estrategiaconcursos.com.br\/blog\/concurso-policia-civil-sc\/\" target=\"_blank\" rel=\"noreferrer noopener\">concurso PC SC<\/a><\/strong><\/p>\n\n\n\n<p style=\"font-size:23px\" class=\"has-background has-text-align-center has-light-green-cyan-background-color\"><strong><a rel=\"noreferrer noopener\" aria-label=\"CURSO POL\u00cdCIA CIVIL SC (abre numa nova aba)\" href=\"https:\/\/www.estrategiaconcursos.com.br\/cursosPorConcurso\/policia-civil-sc\/\" target=\"_blank\">CURSO PC SC<\/a><\/strong><\/p>\n\n\n\n<h3 class=\"has-text-align-center wp-block-heading\" id=\"cursos-assinatura\"><strong><em>Quer estudar para o Concurso Pol\u00edcia Civil SC?<\/em><\/strong><\/h3>\n\n\n\n<p class=\"has-text-align-center\"><em><strong>Gostou desta oportunidade e deseja come\u00e7ar se preparar agora mesmo? Ent\u00e3o, confira os nossos cursos e comece a estudar:<\/strong><\/em><\/p>\n\n\n\n<p class=\"has-text-align-center\"><em><strong>Assinatura Anual Ilimitada*<\/strong><\/em><\/p>\n\n\n\n<p class=\"has-text-align-center\"><em>Prepare-se com o melhor material e com quem mais aprova em Concursos P\u00fablicos em todo o pa\u00eds. Assine agora a nossa Assinatura Anual e tenha acesso ilimitado* a todos os nossos cursos.<\/em><\/p>\n\n\n\n<p style=\"font-size:22px\" class=\"has-background has-text-align-center has-luminous-vivid-amber-background-color\"><strong>ASSINE AGORA<\/strong>&nbsp;\u2013&nbsp;<strong><a rel=\"noreferrer noopener\" href=\"https:\/\/www.estrategiaconcursos.com.br\/assinaturas\" target=\"_blank\">Assinatura Ilimitada<\/a><\/strong><\/p>\n\n\n\n<p style=\"font-size:22px\" class=\"has-text-align-center\"><strong><em>Sistema de Quest\u00f5es<\/em><\/strong><\/p>\n\n\n\n<p class=\"has-text-align-center\"><em>Estrat\u00e9gia Quest\u00f5es nasceu maior do que todos os concorrentes, com mais quest\u00f5es cadastradas e mais solu\u00e7\u00f5es por professores. Clique no link e aproveite os descontos e b\u00f4nus imperd\u00edveis!<\/em><\/p>\n\n\n\n<p style=\"font-size:22px\" class=\"has-background has-text-align-center has-light-green-cyan-background-color\"><strong>ASSINE AGORA \u2013&nbsp;<a href=\"https:\/\/www.estrategiaconcursos.com.br\/cursosPorConcurso\/sistema-de-questoes\/#\/\" target=\"_blank\" rel=\"noreferrer noopener\">Sistema de Quest\u00f5es<\/a><\/strong><\/p>\n\n\n\n<p class=\"has-text-color has-background has-text-align-center has-medium-font-size has-very-dark-gray-color has-pale-cyan-blue-background-color\"><strong><a href=\"https:\/\/www.estrategiaconcursos.com.br\/blog\/concursos-abertos\/\">CONCURSOS ABERTOS<\/a><\/strong><\/p>\n\n\n\n<p class=\"has-text-color has-background has-text-align-center has-medium-font-size has-very-dark-gray-color has-pale-cyan-blue-background-color\"><a href=\"https:\/\/www.estrategiaconcursos.com.br\/blog\/concursos-2020\/\"><strong>CONCURSOS<\/strong><\/a><strong><a href=\"https:\/\/www.estrategiaconcursos.com.br\/blog\/concursos-2020\/\">&nbsp;2020<\/a><\/strong><\/p>\n\n\n\n<p class=\"has-text-color has-background has-text-align-center has-medium-font-size has-very-dark-gray-color has-pale-cyan-blue-background-color\"><a href=\"https:\/\/www.estrategiaconcursos.com.br\/blog\/concursos-2021\/\"><strong>Concursos 2021<\/strong><\/a><\/p>\n","protected":false},"excerpt":{"rendered":"<p>Foi publicada, no Di\u00e1rio Oficial desta sexta-feira (04), a prorroga\u00e7\u00e3o do concurso Pol\u00edcia Civil de Santa Catarina (concurso PC SC) que teve seu edital publicado em 2018. Conforme o documento, o certame ser\u00e1 v\u00e1lido por mais dois anos, a contar de 11 de dezembro de 2020. Sendo assim, o concurso ter\u00e1 validade at\u00e9 11 de [&hellip;]<\/p>\n","protected":false},"author":552,"featured_media":565784,"comment_status":"open","ping_status":"closed","sticky":false,"template":"","format":"standard","meta":{"post_tipo":"article","footnotes":""},"categories":[1],"tags":[],"tax_estado":[],"class_list":["post-567173","post","type-post","status-publish","format-standard","has-post-thumbnail","hentry","category-cursos-e-concursos"],"acf":[],"yoast_head":"<!-- This site is optimized with the Yoast SEO Premium plugin v27.2 (Yoast SEO v27.2) - https:\/\/yoast.com\/product\/yoast-seo-premium-wordpress\/ -->\n<title>Validade do concurso PC SC \u00e9 prorrogada por mais dois anos!<\/title>\n<meta name=\"description\" content=\"Foi publicado no Di\u00e1rio Oficial a prorroga\u00e7\u00e3o do concurso Pol\u00edcia Civil de Santa Catarina (concurso PC SC), que teve seu edital publicado em 2018.\" \/>\n<meta name=\"robots\" content=\"index, follow, max-snippet:-1, max-image-preview:large, max-video-preview:-1\" \/>\n<link rel=\"canonical\" href=\"https:\/\/www.estrategiaconcursos.com.br\/blog\/validade-do-concurso-pc-sc-e-prorrogada\/\" \/>\n<meta property=\"og:locale\" content=\"pt_BR\" \/>\n<meta property=\"og:type\" content=\"article\" \/>\n<meta property=\"og:title\" content=\"Validade do concurso PC SC \u00e9 prorrogada por mais dois anos!\" \/>\n<meta property=\"og:description\" content=\"Foi publicado no Di\u00e1rio Oficial a prorroga\u00e7\u00e3o do concurso Pol\u00edcia Civil de Santa Catarina (concurso PC SC), que teve seu edital publicado em 2018.\" \/>\n<meta property=\"og:url\" content=\"https:\/\/www.estrategiaconcursos.com.br\/blog\/validade-do-concurso-pc-sc-e-prorrogada\/\" \/>\n<meta property=\"og:site_name\" content=\"Estrat\u00e9gia Concursos\" \/>\n<meta property=\"article:published_time\" content=\"2020-09-04T12:34:36+00:00\" \/>\n<meta property=\"article:modified_time\" content=\"2020-09-08T18:45:11+00:00\" \/>\n<meta property=\"og:image\" content=\"https:\/\/dhg1h5j42swfq.cloudfront.net\/2020\/02\/02094633\/pc-sc.jpg\" \/>\n\t<meta property=\"og:image:width\" content=\"1106\" \/>\n\t<meta property=\"og:image:height\" content=\"618\" \/>\n\t<meta property=\"og:image:type\" content=\"image\/jpeg\" \/>\n<meta name=\"author\" content=\"Paulo Bilynskyj\" \/>\n<meta name=\"twitter:card\" content=\"summary_large_image\" \/>\n<meta name=\"twitter:creator\" content=\"@EstratConcursos\" \/>\n<meta name=\"twitter:site\" content=\"@EstratConcursos\" \/>\n<meta name=\"twitter:label1\" content=\"Escrito por\" \/>\n\t<meta name=\"twitter:data1\" content=\"Paulo Bilynskyj\" \/>\n\t<meta name=\"twitter:label2\" content=\"Est. tempo de leitura\" \/>\n\t<meta name=\"twitter:data2\" content=\"2 minutos\" \/>\n<script type=\"application\/ld+json\" class=\"yoast-schema-graph\">{\"@context\":\"https:\/\/schema.org\",\"@graph\":[{\"@type\":\"NewsArticle\",\"@id\":\"https:\/\/www.estrategiaconcursos.com.br\/blog\/validade-do-concurso-pc-sc-e-prorrogada\/#article\",\"isPartOf\":{\"@id\":\"https:\/\/www.estrategiaconcursos.com.br\/blog\/validade-do-concurso-pc-sc-e-prorrogada\/\"},\"author\":{\"name\":\"Paulo Bilynskyj\",\"@id\":\"https:\/\/www.estrategiaconcursos.com.br\/blog\/#\/schema\/person\/a630b15e36f45b4c21fed01219843cb5\"},\"headline\":\"Validade do concurso PC SC \u00e9 prorrogada por mais dois anos!\",\"datePublished\":\"2020-09-04T12:34:36+00:00\",\"dateModified\":\"2020-09-08T18:45:11+00:00\",\"mainEntityOfPage\":{\"@id\":\"https:\/\/www.estrategiaconcursos.com.br\/blog\/validade-do-concurso-pc-sc-e-prorrogada\/\"},\"wordCount\":433,\"commentCount\":0,\"publisher\":{\"@id\":\"https:\/\/www.estrategiaconcursos.com.br\/blog\/#organization\"},\"image\":{\"@id\":\"https:\/\/www.estrategiaconcursos.com.br\/blog\/validade-do-concurso-pc-sc-e-prorrogada\/#primaryimage\"},\"thumbnailUrl\":\"https:\/\/dhg1h5j42swfq.cloudfront.net\/2020\/02\/02094633\/pc-sc.jpg\",\"articleSection\":[\"Concursos P\u00fablicos\"],\"inLanguage\":\"pt-BR\",\"potentialAction\":[{\"@type\":\"CommentAction\",\"name\":\"Comment\",\"target\":[\"https:\/\/www.estrategiaconcursos.com.br\/blog\/validade-do-concurso-pc-sc-e-prorrogada\/#respond\"]}],\"copyrightYear\":\"2020\",\"copyrightHolder\":{\"@id\":\"https:\/\/www.estrategiaconcursos.com.br\/blog\/#organization\"}},{\"@type\":\"WebPage\",\"@id\":\"https:\/\/www.estrategiaconcursos.com.br\/blog\/validade-do-concurso-pc-sc-e-prorrogada\/\",\"url\":\"https:\/\/www.estrategiaconcursos.com.br\/blog\/validade-do-concurso-pc-sc-e-prorrogada\/\",\"name\":\"Validade do concurso PC SC \u00e9 prorrogada por mais dois anos!\",\"isPartOf\":{\"@id\":\"https:\/\/www.estrategiaconcursos.com.br\/blog\/#website\"},\"primaryImageOfPage\":{\"@id\":\"https:\/\/www.estrategiaconcursos.com.br\/blog\/validade-do-concurso-pc-sc-e-prorrogada\/#primaryimage\"},\"image\":{\"@id\":\"https:\/\/www.estrategiaconcursos.com.br\/blog\/validade-do-concurso-pc-sc-e-prorrogada\/#primaryimage\"},\"thumbnailUrl\":\"https:\/\/dhg1h5j42swfq.cloudfront.net\/2020\/02\/02094633\/pc-sc.jpg\",\"datePublished\":\"2020-09-04T12:34:36+00:00\",\"dateModified\":\"2020-09-08T18:45:11+00:00\",\"description\":\"Foi publicado no Di\u00e1rio Oficial a prorroga\u00e7\u00e3o do concurso Pol\u00edcia Civil de Santa Catarina (concurso PC SC), que teve seu edital publicado em 2018.\",\"breadcrumb\":{\"@id\":\"https:\/\/www.estrategiaconcursos.com.br\/blog\/validade-do-concurso-pc-sc-e-prorrogada\/#breadcrumb\"},\"inLanguage\":\"pt-BR\",\"potentialAction\":[{\"@type\":\"ReadAction\",\"target\":[\"https:\/\/www.estrategiaconcursos.com.br\/blog\/validade-do-concurso-pc-sc-e-prorrogada\/\"]}]},{\"@type\":\"ImageObject\",\"inLanguage\":\"pt-BR\",\"@id\":\"https:\/\/www.estrategiaconcursos.com.br\/blog\/validade-do-concurso-pc-sc-e-prorrogada\/#primaryimage\",\"url\":\"https:\/\/dhg1h5j42swfq.cloudfront.net\/2020\/02\/02094633\/pc-sc.jpg\",\"contentUrl\":\"https:\/\/dhg1h5j42swfq.cloudfront.net\/2020\/02\/02094633\/pc-sc.jpg\",\"width\":1106,\"height\":618,\"caption\":\"concurso delegado sc\"},{\"@type\":\"BreadcrumbList\",\"@id\":\"https:\/\/www.estrategiaconcursos.com.br\/blog\/validade-do-concurso-pc-sc-e-prorrogada\/#breadcrumb\",\"itemListElement\":[{\"@type\":\"ListItem\",\"position\":1,\"name\":\"In\u00edcio\",\"item\":\"https:\/\/www.estrategiaconcursos.com.br\/blog\/\"},{\"@type\":\"ListItem\",\"position\":2,\"name\":\"Validade do concurso PC SC \u00e9 prorrogada por mais dois anos!\"}]},{\"@type\":\"WebSite\",\"@id\":\"https:\/\/www.estrategiaconcursos.com.br\/blog\/#website\",\"url\":\"https:\/\/www.estrategiaconcursos.com.br\/blog\/\",\"name\":\"Estrat\u00e9gia Concursos\",\"description\":\"O blog da Estrat\u00e9gia Concursos traz not\u00edcias sobre concursos e artigos de professores oferecendo cursos para concursos (pdf + videaulas) no site.\",\"publisher\":{\"@id\":\"https:\/\/www.estrategiaconcursos.com.br\/blog\/#organization\"},\"potentialAction\":[{\"@type\":\"SearchAction\",\"target\":{\"@type\":\"EntryPoint\",\"urlTemplate\":\"https:\/\/www.estrategiaconcursos.com.br\/blog\/?s={search_term_string}\"},\"query-input\":{\"@type\":\"PropertyValueSpecification\",\"valueRequired\":true,\"valueName\":\"search_term_string\"}}],\"inLanguage\":\"pt-BR\"},{\"@type\":\"Organization\",\"@id\":\"https:\/\/www.estrategiaconcursos.com.br\/blog\/#organization\",\"name\":\"Estrat\u00e9gia Concursos\",\"url\":\"https:\/\/www.estrategiaconcursos.com.br\/blog\/\",\"logo\":{\"@type\":\"ImageObject\",\"inLanguage\":\"pt-BR\",\"@id\":\"https:\/\/www.estrategiaconcursos.com.br\/blog\/#\/schema\/logo\/image\/\",\"url\":\"https:\/\/dhg1h5j42swfq.cloudfront.net\/2025\/06\/03203428\/logo_concursos-1.jpg\",\"contentUrl\":\"https:\/\/dhg1h5j42swfq.cloudfront.net\/2025\/06\/03203428\/logo_concursos-1.jpg\",\"width\":230,\"height\":60,\"caption\":\"Estrat\u00e9gia Concursos\"},\"image\":{\"@id\":\"https:\/\/www.estrategiaconcursos.com.br\/blog\/#\/schema\/logo\/image\/\"},\"sameAs\":[\"https:\/\/x.com\/EstratConcursos\"]},{\"@type\":\"Person\",\"@id\":\"https:\/\/www.estrategiaconcursos.com.br\/blog\/#\/schema\/person\/a630b15e36f45b4c21fed01219843cb5\",\"name\":\"Paulo Bilynskyj\",\"image\":{\"@type\":\"ImageObject\",\"inLanguage\":\"pt-BR\",\"@id\":\"https:\/\/secure.gravatar.com\/avatar\/37e21f70c9042e7456beffdc6d31fe051f3f6dcbf252f69343a791b144852057?s=96&d=mm&r=g\",\"url\":\"https:\/\/secure.gravatar.com\/avatar\/37e21f70c9042e7456beffdc6d31fe051f3f6dcbf252f69343a791b144852057?s=96&d=mm&r=g\",\"contentUrl\":\"https:\/\/secure.gravatar.com\/avatar\/37e21f70c9042e7456beffdc6d31fe051f3f6dcbf252f69343a791b144852057?s=96&d=mm&r=g\",\"caption\":\"Paulo Bilynskyj\"},\"url\":\"https:\/\/www.estrategiaconcursos.com.br\/blog\/author\/pbilynskyjgmail-com\/\"}]}<\/script>\n<!-- \/ Yoast SEO Premium plugin. -->","yoast_head_json":{"title":"Validade do concurso PC SC \u00e9 prorrogada por mais dois anos!","description":"Foi publicado no Di\u00e1rio Oficial a prorroga\u00e7\u00e3o do concurso Pol\u00edcia Civil de Santa Catarina (concurso PC SC), que teve seu edital publicado em 2018.","robots":{"index":"index","follow":"follow","max-snippet":"max-snippet:-1","max-image-preview":"max-image-preview:large","max-video-preview":"max-video-preview:-1"},"canonical":"https:\/\/www.estrategiaconcursos.com.br\/blog\/validade-do-concurso-pc-sc-e-prorrogada\/","og_locale":"pt_BR","og_type":"article","og_title":"Validade do concurso PC SC \u00e9 prorrogada por mais dois anos!","og_description":"Foi publicado no Di\u00e1rio Oficial a prorroga\u00e7\u00e3o do concurso Pol\u00edcia Civil de Santa Catarina (concurso PC SC), que teve seu edital publicado em 2018.","og_url":"https:\/\/www.estrategiaconcursos.com.br\/blog\/validade-do-concurso-pc-sc-e-prorrogada\/","og_site_name":"Estrat\u00e9gia Concursos","article_published_time":"2020-09-04T12:34:36+00:00","article_modified_time":"2020-09-08T18:45:11+00:00","og_image":[{"width":1106,"height":618,"url":"https:\/\/dhg1h5j42swfq.cloudfront.net\/2020\/02\/02094633\/pc-sc.jpg","type":"image\/jpeg"}],"author":"Paulo Bilynskyj","twitter_card":"summary_large_image","twitter_creator":"@EstratConcursos","twitter_site":"@EstratConcursos","twitter_misc":{"Escrito por":"Paulo Bilynskyj","Est. tempo de leitura":"2 minutos"},"schema":{"@context":"https:\/\/schema.org","@graph":[{"@type":"NewsArticle","@id":"https:\/\/www.estrategiaconcursos.com.br\/blog\/validade-do-concurso-pc-sc-e-prorrogada\/#article","isPartOf":{"@id":"https:\/\/www.estrategiaconcursos.com.br\/blog\/validade-do-concurso-pc-sc-e-prorrogada\/"},"author":{"name":"Paulo Bilynskyj","@id":"https:\/\/www.estrategiaconcursos.com.br\/blog\/#\/schema\/person\/a630b15e36f45b4c21fed01219843cb5"},"headline":"Validade do concurso PC SC \u00e9 prorrogada por mais dois anos!","datePublished":"2020-09-04T12:34:36+00:00","dateModified":"2020-09-08T18:45:11+00:00","mainEntityOfPage":{"@id":"https:\/\/www.estrategiaconcursos.com.br\/blog\/validade-do-concurso-pc-sc-e-prorrogada\/"},"wordCount":433,"commentCount":0,"publisher":{"@id":"https:\/\/www.estrategiaconcursos.com.br\/blog\/#organization"},"image":{"@id":"https:\/\/www.estrategiaconcursos.com.br\/blog\/validade-do-concurso-pc-sc-e-prorrogada\/#primaryimage"},"thumbnailUrl":"https:\/\/dhg1h5j42swfq.cloudfront.net\/2020\/02\/02094633\/pc-sc.jpg","articleSection":["Concursos P\u00fablicos"],"inLanguage":"pt-BR","potentialAction":[{"@type":"CommentAction","name":"Comment","target":["https:\/\/www.estrategiaconcursos.com.br\/blog\/validade-do-concurso-pc-sc-e-prorrogada\/#respond"]}],"copyrightYear":"2020","copyrightHolder":{"@id":"https:\/\/www.estrategiaconcursos.com.br\/blog\/#organization"}},{"@type":"WebPage","@id":"https:\/\/www.estrategiaconcursos.com.br\/blog\/validade-do-concurso-pc-sc-e-prorrogada\/","url":"https:\/\/www.estrategiaconcursos.com.br\/blog\/validade-do-concurso-pc-sc-e-prorrogada\/","name":"Validade do concurso PC SC \u00e9 prorrogada por mais dois anos!","isPartOf":{"@id":"https:\/\/www.estrategiaconcursos.com.br\/blog\/#website"},"primaryImageOfPage":{"@id":"https:\/\/www.estrategiaconcursos.com.br\/blog\/validade-do-concurso-pc-sc-e-prorrogada\/#primaryimage"},"image":{"@id":"https:\/\/www.estrategiaconcursos.com.br\/blog\/validade-do-concurso-pc-sc-e-prorrogada\/#primaryimage"},"thumbnailUrl":"https:\/\/dhg1h5j42swfq.cloudfront.net\/2020\/02\/02094633\/pc-sc.jpg","datePublished":"2020-09-04T12:34:36+00:00","dateModified":"2020-09-08T18:45:11+00:00","description":"Foi publicado no Di\u00e1rio Oficial a prorroga\u00e7\u00e3o do concurso Pol\u00edcia Civil de Santa Catarina (concurso PC SC), que teve seu edital publicado em 2018.","breadcrumb":{"@id":"https:\/\/www.estrategiaconcursos.com.br\/blog\/validade-do-concurso-pc-sc-e-prorrogada\/#breadcrumb"},"inLanguage":"pt-BR","potentialAction":[{"@type":"ReadAction","target":["https:\/\/www.estrategiaconcursos.com.br\/blog\/validade-do-concurso-pc-sc-e-prorrogada\/"]}]},{"@type":"ImageObject","inLanguage":"pt-BR","@id":"https:\/\/www.estrategiaconcursos.com.br\/blog\/validade-do-concurso-pc-sc-e-prorrogada\/#primaryimage","url":"https:\/\/dhg1h5j42swfq.cloudfront.net\/2020\/02\/02094633\/pc-sc.jpg","contentUrl":"https:\/\/dhg1h5j42swfq.cloudfront.net\/2020\/02\/02094633\/pc-sc.jpg","width":1106,"height":618,"caption":"concurso delegado sc"},{"@type":"BreadcrumbList","@id":"https:\/\/www.estrategiaconcursos.com.br\/blog\/validade-do-concurso-pc-sc-e-prorrogada\/#breadcrumb","itemListElement":[{"@type":"ListItem","position":1,"name":"In\u00edcio","item":"https:\/\/www.estrategiaconcursos.com.br\/blog\/"},{"@type":"ListItem","position":2,"name":"Validade do concurso PC SC \u00e9 prorrogada por mais dois anos!"}]},{"@type":"WebSite","@id":"https:\/\/www.estrategiaconcursos.com.br\/blog\/#website","url":"https:\/\/www.estrategiaconcursos.com.br\/blog\/","name":"Estrat\u00e9gia Concursos","description":"O blog da Estrat\u00e9gia Concursos traz not\u00edcias sobre concursos e artigos de professores oferecendo cursos para concursos (pdf + videaulas) no site.","publisher":{"@id":"https:\/\/www.estrategiaconcursos.com.br\/blog\/#organization"},"potentialAction":[{"@type":"SearchAction","target":{"@type":"EntryPoint","urlTemplate":"https:\/\/www.estrategiaconcursos.com.br\/blog\/?s={search_term_string}"},"query-input":{"@type":"PropertyValueSpecification","valueRequired":true,"valueName":"search_term_string"}}],"inLanguage":"pt-BR"},{"@type":"Organization","@id":"https:\/\/www.estrategiaconcursos.com.br\/blog\/#organization","name":"Estrat\u00e9gia Concursos","url":"https:\/\/www.estrategiaconcursos.com.br\/blog\/","logo":{"@type":"ImageObject","inLanguage":"pt-BR","@id":"https:\/\/www.estrategiaconcursos.com.br\/blog\/#\/schema\/logo\/image\/","url":"https:\/\/dhg1h5j42swfq.cloudfront.net\/2025\/06\/03203428\/logo_concursos-1.jpg","contentUrl":"https:\/\/dhg1h5j42swfq.cloudfront.net\/2025\/06\/03203428\/logo_concursos-1.jpg","width":230,"height":60,"caption":"Estrat\u00e9gia Concursos"},"image":{"@id":"https:\/\/www.estrategiaconcursos.com.br\/blog\/#\/schema\/logo\/image\/"},"sameAs":["https:\/\/x.com\/EstratConcursos"]},{"@type":"Person","@id":"https:\/\/www.estrategiaconcursos.com.br\/blog\/#\/schema\/person\/a630b15e36f45b4c21fed01219843cb5","name":"Paulo Bilynskyj","image":{"@type":"ImageObject","inLanguage":"pt-BR","@id":"https:\/\/secure.gravatar.com\/avatar\/37e21f70c9042e7456beffdc6d31fe051f3f6dcbf252f69343a791b144852057?s=96&d=mm&r=g","url":"https:\/\/secure.gravatar.com\/avatar\/37e21f70c9042e7456beffdc6d31fe051f3f6dcbf252f69343a791b144852057?s=96&d=mm&r=g","contentUrl":"https:\/\/secure.gravatar.com\/avatar\/37e21f70c9042e7456beffdc6d31fe051f3f6dcbf252f69343a791b144852057?s=96&d=mm&r=g","caption":"Paulo Bilynskyj"},"url":"https:\/\/www.estrategiaconcursos.com.br\/blog\/author\/pbilynskyjgmail-com\/"}]}},"_links":{"self":[{"href":"https:\/\/www.estrategiaconcursos.com.br\/blog\/wp-json\/wp\/v2\/posts\/567173","targetHints":{"allow":["GET"]}}],"collection":[{"href":"https:\/\/www.estrategiaconcursos.com.br\/blog\/wp-json\/wp\/v2\/posts"}],"about":[{"href":"https:\/\/www.estrategiaconcursos.com.br\/blog\/wp-json\/wp\/v2\/types\/post"}],"author":[{"embeddable":true,"href":"https:\/\/www.estrategiaconcursos.com.br\/blog\/wp-json\/wp\/v2\/users\/552"}],"replies":[{"embeddable":true,"href":"https:\/\/www.estrategiaconcursos.com.br\/blog\/wp-json\/wp\/v2\/comments?post=567173"}],"version-history":[{"count":4,"href":"https:\/\/www.estrategiaconcursos.com.br\/blog\/wp-json\/wp\/v2\/posts\/567173\/revisions"}],"predecessor-version":[{"id":568951,"href":"https:\/\/www.estrategiaconcursos.com.br\/blog\/wp-json\/wp\/v2\/posts\/567173\/revisions\/568951"}],"wp:featuredmedia":[{"embeddable":true,"href":"https:\/\/www.estrategiaconcursos.com.br\/blog\/wp-json\/wp\/v2\/media\/565784"}],"wp:attachment":[{"href":"https:\/\/www.estrategiaconcursos.com.br\/blog\/wp-json\/wp\/v2\/media?parent=567173"}],"wp:term":[{"taxonomy":"category","embeddable":true,"href":"https:\/\/www.estrategiaconcursos.com.br\/blog\/wp-json\/wp\/v2\/categories?post=567173"},{"taxonomy":"post_tag","embeddable":true,"href":"https:\/\/www.estrategiaconcursos.com.br\/blog\/wp-json\/wp\/v2\/tags?post=567173"},{"taxonomy":"tax_estado","embeddable":true,"href":"https:\/\/www.estrategiaconcursos.com.br\/blog\/wp-json\/wp\/v2\/tax_estado?post=567173"}],"curies":[{"name":"wp","href":"https:\/\/api.w.org\/{rel}","templated":true}]}}