{"id":566877,"date":"2020-09-03T16:21:00","date_gmt":"2020-09-03T19:21:00","guid":{"rendered":"https:\/\/www.estrategiaconcursos.com.br\/blog\/?p=566877"},"modified":"2023-06-20T17:03:29","modified_gmt":"2023-06-20T20:03:29","slug":"concurso-tce-am-comissao-217-vagas-aprovadas","status":"publish","type":"post","link":"https:\/\/www.estrategiaconcursos.com.br\/blog\/concurso-tce-am-comissao-217-vagas-aprovadas\/","title":{"rendered":"Formada Comiss\u00e3o do concurso TCE AM; 217 vagas aprovadas!"},"content":{"rendered":"\n<p>Durante Sess\u00e3o Ordin\u00e1ria\u200b virtual realizada nesta quinta-feira, 03 de setembro, foi aprovada, por unanimidade, a proposta de realiza\u00e7\u00e3o do concurso para o <strong>Tribunal de Contas do Estado do Amazonas<\/strong> (TCE AM) com <strong>mais de 200 vagas de n\u00edvel superior<\/strong>. Al\u00e9m disso, tamb\u00e9m foi constitu\u00edda a Comiss\u00e3o respons\u00e1vel pelo certame.<\/p>\n\n\n\n<p>O grupo ser\u00e1 presidido pelo conselheiro Mario de Mello, tamb\u00e9m presidente do \u00f3rg\u00e3o. O ouvidor-geral da Corte de Contas, conselheiro \u00c9rico Desterro, assume o papel de vice-presidente e a diretora de Recursos Humanos, Beatriz Coelho, coordenar\u00e1 os trabalhos da Comiss\u00e3o.<\/p>\n\n\n\n<p>Vale lembrar que a <strong>Funda\u00e7\u00e3o Get\u00falio Vargas<\/strong> (FGV) j\u00e1 foi definida como banca organizadora. Agora, o pr\u00f3ximo passo ser\u00e1 a oficializa\u00e7\u00e3o do contrato entre as partes. As informa\u00e7\u00f5es foram confirmadas no portal do pr\u00f3prio TCE AM.<\/p>\n\n\n\n<p>Com estimativa inicial de 150 vagas, conforme an\u00fancio do presidente do TCE AM, foi identificado que o concurso poder\u00e1 ser feito com, pelo menos, <strong>217 vagas<\/strong>. Contudo, o quantitativo final ser\u00e1 estabelecido somente no edital, <strong>previsto para ser publicado em janeiro de 2021<\/strong>, visto que ser\u00e1 levada em conta a disponibilidade or\u00e7ament\u00e1ria do Tribunal.<\/p>\n\n\n\n<p>O cargo a ser contemplado \u00e9 o de <strong>Auditor T\u00e9cnico de Controle Externo A<\/strong>, cuja distribui\u00e7\u00e3o se dar\u00e1 da seguinte maneira, conforme estudos realizados pelo DRH e Seger da Corte de Contas:<\/p>\n\n\n\n<ul class=\"wp-block-list\">\n<li><em>Auditoria Governamental: 173 vagas;<\/em><\/li>\n\n\n\n<li><em>Auditoria de Obras P\u00fablicas: 9 vagas;<\/em><\/li>\n\n\n\n<li><em>Tecnologia da Informa\u00e7\u00e3o: 15 vagas;<\/em><\/li>\n\n\n\n<li><em>Minist\u00e9rio P\u00fablico de Contas: 20 vagas.<\/em><\/li>\n<\/ul>\n\n\n\n<p>Al\u00e9m disso, o presidente tamb\u00e9m ressaltou que <em>&#8220;foi efetuado um levantamento acerca da quantidade de cargos que poder\u00e3o ficar desocupados, em raz\u00e3o de aposentadorias, identificando-se o total de 89 cargos aptos a serem preenchidos no intervalo de 2020 a 2025&#8221;<\/em>.<\/p>\n\n\n\n<blockquote class=\"wp-block-quote is-layout-flow wp-block-quote-is-layout-flow\">\n<p><em>&#8220;Nestes \u00faltimos anos tivemos uma redu\u00e7\u00e3o sistem\u00e1tica do quadro de servidores efetivos e\/ou est\u00e1veis, fundamentalmente em raz\u00e3o da evolu\u00e7\u00e3o et\u00e1ria e de tempo de servi\u00e7o\/contribui\u00e7\u00e3o dos servidores mais antigos na Casa, o que tem redundado em elevado n\u00famero de inativa\u00e7\u00f5es. <\/em><\/p>\n\n\n\n<p><em>E justamente com o escopo de recompor nosso quadro de pessoal, a Diretoria de Recursos Humanos (DRH), juntamente com a Secretaria Geral de Administra\u00e7\u00e3o (Seger), elaboraram um estudo com o hist\u00f3rico de ocupa\u00e7\u00e3o e vac\u00e2ncia de cargos no Tribunal, principalmente com o advento da Lei n\u00b0 4.743\/2018 que estabeleceu alguns preceitos de reg\u00eancia do quadro funcional do TCE\/AM&#8221;<\/em>, finalizou Mello.<\/p>\n<\/blockquote>\n\n\n\n<h3 class=\"wp-block-heading has-text-align-center\" id=\"h-quer-saber-mais-sobre-o-concurso-tce-am-entao-nao-perca-nosso-webinario-ao-vivo-e-gratuito-que-acontece-nesta-quinta-feira-03-de-setembro-a-partir-das-18h\">Quer saber mais sobre o concurso TCE AM? Ent\u00e3o, n\u00e3o perca nosso webin\u00e1rio, ao vivo e gratuito, que acontece <strong>nesta quinta-feira, 03 de setembro, a partir das 18h<\/strong>.<\/h3>\n\n\n<figure class=\"wp-block-embed-youtube wp-block-embed is-type-video is-provider-youtube wp-embed-aspect-16-9 wp-has-aspect-ratio lyte-align aligncenter\"><div class=\"lyte-wrapper\" style=\"width:853px;max-width:100%;margin:5px;\"><div class=\"lyMe\" id=\"WYL_Usz0lGHscCg\"><div id=\"lyte_Usz0lGHscCg\" data-src=\"\/\/i.ytimg.com\/vi\/Usz0lGHscCg\/hqdefault.jpg\" class=\"pL\"><div class=\"tC\"><div class=\"tT\"><\/div><\/div><div class=\"play\"><\/div><div class=\"ctrl\"><div class=\"Lctrl\"><\/div><div class=\"Rctrl\"><\/div><\/div><\/div><noscript><a href=\"https:\/\/youtu.be\/Usz0lGHscCg\" rel=\"nofollow\"><img loading=\"lazy\" decoding=\"async\" src=\"https:\/\/i.ytimg.com\/vi\/Usz0lGHscCg\/0.jpg\" alt=\"YouTube video thumbnail\" width=\"853\" height=\"460\" \/><br \/>Assista a este v\u00eddeo no YouTube<\/a><\/noscript><\/div><\/div><div class=\"lL\" style=\"max-width:100%;width:853px;margin:5px;\"><\/div><figcaption><\/figcaption><\/figure>\n\n\n<p class=\"has-text-align-center has-very-light-gray-background-color has-background\" style=\"font-size:clamp(14.642px, 0.915rem + ((1vw - 3.2px) * 0.721), 22px);px\"><strong>Saiba mais: <a href=\"https:\/\/www.estrategiaconcursos.com.br\/blog\/concurso-tce-am\/\" target=\"_blank\" rel=\"noreferrer noopener\">Concurso TCE AM<\/a><\/strong><\/p>\n\n\n\n<hr class=\"wp-block-separator has-css-opacity\"\/>\n\n\n\n<p class=\"has-text-align-center has-medium-font-size\"><em><strong>Assinatura Anual Ilimitada*<\/strong><\/em><\/p>\n\n\n\n<p class=\"has-text-align-center\"><em>Prepare-se com o melhor material e com quem mais aprova em Concursos P\u00fablicos em todo o pa\u00eds. Assine agora a nossa Assinatura Anual e tenha acesso ilimitado* a todos os nossos cursos.<\/em><\/p>\n\n\n\n<p class=\"has-text-align-center has-light-green-cyan-background-color has-background has-medium-font-size\"><strong>ASSINE AGORA<\/strong>&nbsp;\u2013&nbsp;<a rel=\"noreferrer noopener\" href=\"https:\/\/www.estrategiaconcursos.com.br\/assinaturas\" target=\"_blank\"><strong>Assinatura Ilimitada<\/strong><\/a><\/p>\n\n\n\n<p class=\"has-text-align-center has-medium-font-size\"><strong><em>Sistema de Quest\u00f5es<\/em><\/strong><\/p>\n\n\n\n<p class=\"has-text-align-center\"><em>Estrat\u00e9gia Quest\u00f5es nasceu maior do que todos os concorrentes, com mais quest\u00f5es cadastradas e mais solu\u00e7\u00f5es por professores. Clique no banner e aproveite os descontos e b\u00f4nus imperd\u00edveis!<\/em><\/p>\n\n\n\n<p class=\"has-text-align-center has-vivid-green-cyan-background-color has-background\" style=\"font-size:clamp(14.642px, 0.915rem + ((1vw - 3.2px) * 0.721), 22px);px\"><strong>ASSINE AGORA &#8211; <a href=\"https:\/\/questoes.estrategiaconcursos.com.br\/\" target=\"_blank\" rel=\"noreferrer noopener\">Sistema de Quest\u00f5es<\/a><\/strong><\/p>\n\n\n\n<p class=\"has-text-align-center has-medium-font-size\"><em><strong>Fique por dentro de todos os concursos<\/strong><\/em><\/p>\n\n\n\n<p class=\"has-text-align-center has-pale-cyan-blue-background-color has-background\" style=\"font-size:clamp(14.642px, 0.915rem + ((1vw - 3.2px) * 0.721), 22px);px\"><a aria-label=\"Concursos abertos (abre numa nova aba)\" href=\"https:\/\/www.estrategiaconcursos.com.br\/blog\/concursos-abertos\/\" target=\"_blank\" rel=\"noreferrer noopener\"><strong>CONCURSOS ABERTOS<\/strong><\/a><\/p>\n","protected":false},"excerpt":{"rendered":"<p>Durante Sess\u00e3o Ordin\u00e1ria\u200b virtual realizada nesta quinta-feira, 03 de setembro, foi aprovada, por unanimidade, a proposta de realiza\u00e7\u00e3o do concurso para o Tribunal de Contas do Estado do Amazonas (TCE AM) com mais de 200 vagas de n\u00edvel superior. Al\u00e9m disso, tamb\u00e9m foi constitu\u00edda a Comiss\u00e3o respons\u00e1vel pelo certame. O grupo ser\u00e1 presidido pelo conselheiro [&hellip;]<\/p>\n","protected":false},"author":785,"featured_media":433792,"comment_status":"open","ping_status":"closed","sticky":false,"template":"","format":"standard","meta":{"post_tipo":"article","footnotes":""},"categories":[214710],"tags":[],"tax_estado":[],"class_list":["post-566877","post","type-post","status-publish","format-standard","has-post-thumbnail","hentry","category-tribunais-de-contas"],"acf":[],"yoast_head":"<!-- This site is optimized with the Yoast SEO Premium plugin v27.2 (Yoast SEO v27.2) - https:\/\/yoast.com\/product\/yoast-seo-premium-wordpress\/ -->\n<title>Formada Comiss\u00e3o do concurso TCE AM; 217 vagas aprovadas!<\/title>\n<meta name=\"description\" content=\"Em sess\u00e3o ordin\u00e1ria, o concurso para o TCE AM foi aprovado com 217 vagas. Al\u00e9m disso, a Comiss\u00e3o do certame foi institu\u00edda. Confira!\" \/>\n<meta name=\"robots\" content=\"index, follow, max-snippet:-1, max-image-preview:large, max-video-preview:-1\" \/>\n<link rel=\"canonical\" href=\"https:\/\/www.estrategiaconcursos.com.br\/blog\/concurso-tce-am-comissao-217-vagas-aprovadas\/\" \/>\n<meta property=\"og:locale\" content=\"pt_BR\" \/>\n<meta property=\"og:type\" content=\"article\" \/>\n<meta property=\"og:title\" content=\"Formada Comiss\u00e3o do concurso TCE AM; 217 vagas aprovadas!\" \/>\n<meta property=\"og:description\" content=\"Em sess\u00e3o ordin\u00e1ria, o concurso para o TCE AM foi aprovado com 217 vagas. Al\u00e9m disso, a Comiss\u00e3o do certame foi institu\u00edda. Confira!\" \/>\n<meta property=\"og:url\" content=\"https:\/\/www.estrategiaconcursos.com.br\/blog\/concurso-tce-am-comissao-217-vagas-aprovadas\/\" \/>\n<meta property=\"og:site_name\" content=\"Estrat\u00e9gia Concursos\" \/>\n<meta property=\"article:published_time\" content=\"2020-09-03T19:21:00+00:00\" \/>\n<meta property=\"article:modified_time\" content=\"2023-06-20T20:03:29+00:00\" \/>\n<meta property=\"og:image\" content=\"https:\/\/dhg1h5j42swfq.cloudfront.net\/2019\/03\/14120051\/TCE-AM.jpg\" \/>\n\t<meta property=\"og:image:width\" content=\"1200\" \/>\n\t<meta property=\"og:image:height\" content=\"628\" \/>\n\t<meta property=\"og:image:type\" content=\"image\/jpeg\" \/>\n<meta name=\"author\" content=\"Eduardo Furtado Gon\u00e7alves\" \/>\n<meta name=\"twitter:card\" content=\"summary_large_image\" \/>\n<meta name=\"twitter:creator\" content=\"@EstratConcursos\" \/>\n<meta name=\"twitter:site\" content=\"@EstratConcursos\" \/>\n<meta name=\"twitter:label1\" content=\"Escrito por\" \/>\n\t<meta name=\"twitter:data1\" content=\"Eduardo Furtado Gon\u00e7alves\" \/>\n\t<meta name=\"twitter:label2\" content=\"Est. tempo de leitura\" \/>\n\t<meta name=\"twitter:data2\" content=\"3 minutos\" \/>\n<script type=\"application\/ld+json\" class=\"yoast-schema-graph\">{\"@context\":\"https:\/\/schema.org\",\"@graph\":[{\"@type\":\"NewsArticle\",\"@id\":\"https:\/\/www.estrategiaconcursos.com.br\/blog\/concurso-tce-am-comissao-217-vagas-aprovadas\/#article\",\"isPartOf\":{\"@id\":\"https:\/\/www.estrategiaconcursos.com.br\/blog\/concurso-tce-am-comissao-217-vagas-aprovadas\/\"},\"author\":{\"name\":\"Eduardo Furtado Gon\u00e7alves\",\"@id\":\"https:\/\/www.estrategiaconcursos.com.br\/blog\/#\/schema\/person\/16c99af14f19bf6617a2d10a153d45fb\"},\"headline\":\"Formada Comiss\u00e3o do concurso TCE AM; 217 vagas aprovadas!\",\"datePublished\":\"2020-09-03T19:21:00+00:00\",\"dateModified\":\"2023-06-20T20:03:29+00:00\",\"mainEntityOfPage\":{\"@id\":\"https:\/\/www.estrategiaconcursos.com.br\/blog\/concurso-tce-am-comissao-217-vagas-aprovadas\/\"},\"wordCount\":556,\"commentCount\":0,\"publisher\":{\"@id\":\"https:\/\/www.estrategiaconcursos.com.br\/blog\/#organization\"},\"image\":{\"@id\":\"https:\/\/www.estrategiaconcursos.com.br\/blog\/concurso-tce-am-comissao-217-vagas-aprovadas\/#primaryimage\"},\"thumbnailUrl\":\"https:\/\/dhg1h5j42swfq.cloudfront.net\/2019\/03\/14120051\/TCE-AM.jpg\",\"articleSection\":[\"Tribunais de Contas (TCU, TCE, TCM)\"],\"inLanguage\":\"pt-BR\",\"potentialAction\":[{\"@type\":\"CommentAction\",\"name\":\"Comment\",\"target\":[\"https:\/\/www.estrategiaconcursos.com.br\/blog\/concurso-tce-am-comissao-217-vagas-aprovadas\/#respond\"]}],\"copyrightYear\":\"2020\",\"copyrightHolder\":{\"@id\":\"https:\/\/www.estrategiaconcursos.com.br\/blog\/#organization\"}},{\"@type\":\"WebPage\",\"@id\":\"https:\/\/www.estrategiaconcursos.com.br\/blog\/concurso-tce-am-comissao-217-vagas-aprovadas\/\",\"url\":\"https:\/\/www.estrategiaconcursos.com.br\/blog\/concurso-tce-am-comissao-217-vagas-aprovadas\/\",\"name\":\"Formada Comiss\u00e3o do concurso TCE AM; 217 vagas aprovadas!\",\"isPartOf\":{\"@id\":\"https:\/\/www.estrategiaconcursos.com.br\/blog\/#website\"},\"primaryImageOfPage\":{\"@id\":\"https:\/\/www.estrategiaconcursos.com.br\/blog\/concurso-tce-am-comissao-217-vagas-aprovadas\/#primaryimage\"},\"image\":{\"@id\":\"https:\/\/www.estrategiaconcursos.com.br\/blog\/concurso-tce-am-comissao-217-vagas-aprovadas\/#primaryimage\"},\"thumbnailUrl\":\"https:\/\/dhg1h5j42swfq.cloudfront.net\/2019\/03\/14120051\/TCE-AM.jpg\",\"datePublished\":\"2020-09-03T19:21:00+00:00\",\"dateModified\":\"2023-06-20T20:03:29+00:00\",\"description\":\"Em sess\u00e3o ordin\u00e1ria, o concurso para o TCE AM foi aprovado com 217 vagas. Al\u00e9m disso, a Comiss\u00e3o do certame foi institu\u00edda. Confira!\",\"breadcrumb\":{\"@id\":\"https:\/\/www.estrategiaconcursos.com.br\/blog\/concurso-tce-am-comissao-217-vagas-aprovadas\/#breadcrumb\"},\"inLanguage\":\"pt-BR\",\"potentialAction\":[{\"@type\":\"ReadAction\",\"target\":[\"https:\/\/www.estrategiaconcursos.com.br\/blog\/concurso-tce-am-comissao-217-vagas-aprovadas\/\"]}]},{\"@type\":\"ImageObject\",\"inLanguage\":\"pt-BR\",\"@id\":\"https:\/\/www.estrategiaconcursos.com.br\/blog\/concurso-tce-am-comissao-217-vagas-aprovadas\/#primaryimage\",\"url\":\"https:\/\/dhg1h5j42swfq.cloudfront.net\/2019\/03\/14120051\/TCE-AM.jpg\",\"contentUrl\":\"https:\/\/dhg1h5j42swfq.cloudfront.net\/2019\/03\/14120051\/TCE-AM.jpg\",\"width\":1200,\"height\":628,\"caption\":\"TCE AM\"},{\"@type\":\"BreadcrumbList\",\"@id\":\"https:\/\/www.estrategiaconcursos.com.br\/blog\/concurso-tce-am-comissao-217-vagas-aprovadas\/#breadcrumb\",\"itemListElement\":[{\"@type\":\"ListItem\",\"position\":1,\"name\":\"In\u00edcio\",\"item\":\"https:\/\/www.estrategiaconcursos.com.br\/blog\/\"},{\"@type\":\"ListItem\",\"position\":2,\"name\":\"Formada Comiss\u00e3o do concurso TCE AM; 217 vagas aprovadas!\"}]},{\"@type\":\"WebSite\",\"@id\":\"https:\/\/www.estrategiaconcursos.com.br\/blog\/#website\",\"url\":\"https:\/\/www.estrategiaconcursos.com.br\/blog\/\",\"name\":\"Estrat\u00e9gia Concursos\",\"description\":\"O blog da Estrat\u00e9gia Concursos traz not\u00edcias sobre concursos e artigos de professores oferecendo cursos para concursos (pdf + videaulas) no site.\",\"publisher\":{\"@id\":\"https:\/\/www.estrategiaconcursos.com.br\/blog\/#organization\"},\"potentialAction\":[{\"@type\":\"SearchAction\",\"target\":{\"@type\":\"EntryPoint\",\"urlTemplate\":\"https:\/\/www.estrategiaconcursos.com.br\/blog\/?s={search_term_string}\"},\"query-input\":{\"@type\":\"PropertyValueSpecification\",\"valueRequired\":true,\"valueName\":\"search_term_string\"}}],\"inLanguage\":\"pt-BR\"},{\"@type\":\"Organization\",\"@id\":\"https:\/\/www.estrategiaconcursos.com.br\/blog\/#organization\",\"name\":\"Estrat\u00e9gia Concursos\",\"url\":\"https:\/\/www.estrategiaconcursos.com.br\/blog\/\",\"logo\":{\"@type\":\"ImageObject\",\"inLanguage\":\"pt-BR\",\"@id\":\"https:\/\/www.estrategiaconcursos.com.br\/blog\/#\/schema\/logo\/image\/\",\"url\":\"https:\/\/dhg1h5j42swfq.cloudfront.net\/2025\/06\/03203428\/logo_concursos-1.jpg\",\"contentUrl\":\"https:\/\/dhg1h5j42swfq.cloudfront.net\/2025\/06\/03203428\/logo_concursos-1.jpg\",\"width\":230,\"height\":60,\"caption\":\"Estrat\u00e9gia Concursos\"},\"image\":{\"@id\":\"https:\/\/www.estrategiaconcursos.com.br\/blog\/#\/schema\/logo\/image\/\"},\"sameAs\":[\"https:\/\/x.com\/EstratConcursos\"]},{\"@type\":\"Person\",\"@id\":\"https:\/\/www.estrategiaconcursos.com.br\/blog\/#\/schema\/person\/16c99af14f19bf6617a2d10a153d45fb\",\"name\":\"Eduardo Furtado Gon\u00e7alves\",\"image\":{\"@type\":\"ImageObject\",\"inLanguage\":\"pt-BR\",\"@id\":\"https:\/\/secure.gravatar.com\/avatar\/46b2fc9d9633684b72d14da1b155dc8d5b53b8e9d3c3fbe36865e67d78d44777?s=96&d=mm&r=g\",\"url\":\"https:\/\/secure.gravatar.com\/avatar\/46b2fc9d9633684b72d14da1b155dc8d5b53b8e9d3c3fbe36865e67d78d44777?s=96&d=mm&r=g\",\"contentUrl\":\"https:\/\/secure.gravatar.com\/avatar\/46b2fc9d9633684b72d14da1b155dc8d5b53b8e9d3c3fbe36865e67d78d44777?s=96&d=mm&r=g\",\"caption\":\"Eduardo Furtado Gon\u00e7alves\"},\"url\":\"https:\/\/www.estrategiaconcursos.com.br\/blog\/author\/egoncalvesestrategiaconcursos-com-br\/\"}]}<\/script>\n<!-- \/ Yoast SEO Premium plugin. -->","yoast_head_json":{"title":"Formada Comiss\u00e3o do concurso TCE AM; 217 vagas aprovadas!","description":"Em sess\u00e3o ordin\u00e1ria, o concurso para o TCE AM foi aprovado com 217 vagas. Al\u00e9m disso, a Comiss\u00e3o do certame foi institu\u00edda. Confira!","robots":{"index":"index","follow":"follow","max-snippet":"max-snippet:-1","max-image-preview":"max-image-preview:large","max-video-preview":"max-video-preview:-1"},"canonical":"https:\/\/www.estrategiaconcursos.com.br\/blog\/concurso-tce-am-comissao-217-vagas-aprovadas\/","og_locale":"pt_BR","og_type":"article","og_title":"Formada Comiss\u00e3o do concurso TCE AM; 217 vagas aprovadas!","og_description":"Em sess\u00e3o ordin\u00e1ria, o concurso para o TCE AM foi aprovado com 217 vagas. Al\u00e9m disso, a Comiss\u00e3o do certame foi institu\u00edda. Confira!","og_url":"https:\/\/www.estrategiaconcursos.com.br\/blog\/concurso-tce-am-comissao-217-vagas-aprovadas\/","og_site_name":"Estrat\u00e9gia Concursos","article_published_time":"2020-09-03T19:21:00+00:00","article_modified_time":"2023-06-20T20:03:29+00:00","og_image":[{"width":1200,"height":628,"url":"https:\/\/dhg1h5j42swfq.cloudfront.net\/2019\/03\/14120051\/TCE-AM.jpg","type":"image\/jpeg"}],"author":"Eduardo Furtado Gon\u00e7alves","twitter_card":"summary_large_image","twitter_creator":"@EstratConcursos","twitter_site":"@EstratConcursos","twitter_misc":{"Escrito por":"Eduardo Furtado Gon\u00e7alves","Est. tempo de leitura":"3 minutos"},"schema":{"@context":"https:\/\/schema.org","@graph":[{"@type":"NewsArticle","@id":"https:\/\/www.estrategiaconcursos.com.br\/blog\/concurso-tce-am-comissao-217-vagas-aprovadas\/#article","isPartOf":{"@id":"https:\/\/www.estrategiaconcursos.com.br\/blog\/concurso-tce-am-comissao-217-vagas-aprovadas\/"},"author":{"name":"Eduardo Furtado Gon\u00e7alves","@id":"https:\/\/www.estrategiaconcursos.com.br\/blog\/#\/schema\/person\/16c99af14f19bf6617a2d10a153d45fb"},"headline":"Formada Comiss\u00e3o do concurso TCE AM; 217 vagas aprovadas!","datePublished":"2020-09-03T19:21:00+00:00","dateModified":"2023-06-20T20:03:29+00:00","mainEntityOfPage":{"@id":"https:\/\/www.estrategiaconcursos.com.br\/blog\/concurso-tce-am-comissao-217-vagas-aprovadas\/"},"wordCount":556,"commentCount":0,"publisher":{"@id":"https:\/\/www.estrategiaconcursos.com.br\/blog\/#organization"},"image":{"@id":"https:\/\/www.estrategiaconcursos.com.br\/blog\/concurso-tce-am-comissao-217-vagas-aprovadas\/#primaryimage"},"thumbnailUrl":"https:\/\/dhg1h5j42swfq.cloudfront.net\/2019\/03\/14120051\/TCE-AM.jpg","articleSection":["Tribunais de Contas (TCU, TCE, TCM)"],"inLanguage":"pt-BR","potentialAction":[{"@type":"CommentAction","name":"Comment","target":["https:\/\/www.estrategiaconcursos.com.br\/blog\/concurso-tce-am-comissao-217-vagas-aprovadas\/#respond"]}],"copyrightYear":"2020","copyrightHolder":{"@id":"https:\/\/www.estrategiaconcursos.com.br\/blog\/#organization"}},{"@type":"WebPage","@id":"https:\/\/www.estrategiaconcursos.com.br\/blog\/concurso-tce-am-comissao-217-vagas-aprovadas\/","url":"https:\/\/www.estrategiaconcursos.com.br\/blog\/concurso-tce-am-comissao-217-vagas-aprovadas\/","name":"Formada Comiss\u00e3o do concurso TCE AM; 217 vagas aprovadas!","isPartOf":{"@id":"https:\/\/www.estrategiaconcursos.com.br\/blog\/#website"},"primaryImageOfPage":{"@id":"https:\/\/www.estrategiaconcursos.com.br\/blog\/concurso-tce-am-comissao-217-vagas-aprovadas\/#primaryimage"},"image":{"@id":"https:\/\/www.estrategiaconcursos.com.br\/blog\/concurso-tce-am-comissao-217-vagas-aprovadas\/#primaryimage"},"thumbnailUrl":"https:\/\/dhg1h5j42swfq.cloudfront.net\/2019\/03\/14120051\/TCE-AM.jpg","datePublished":"2020-09-03T19:21:00+00:00","dateModified":"2023-06-20T20:03:29+00:00","description":"Em sess\u00e3o ordin\u00e1ria, o concurso para o TCE AM foi aprovado com 217 vagas. Al\u00e9m disso, a Comiss\u00e3o do certame foi institu\u00edda. Confira!","breadcrumb":{"@id":"https:\/\/www.estrategiaconcursos.com.br\/blog\/concurso-tce-am-comissao-217-vagas-aprovadas\/#breadcrumb"},"inLanguage":"pt-BR","potentialAction":[{"@type":"ReadAction","target":["https:\/\/www.estrategiaconcursos.com.br\/blog\/concurso-tce-am-comissao-217-vagas-aprovadas\/"]}]},{"@type":"ImageObject","inLanguage":"pt-BR","@id":"https:\/\/www.estrategiaconcursos.com.br\/blog\/concurso-tce-am-comissao-217-vagas-aprovadas\/#primaryimage","url":"https:\/\/dhg1h5j42swfq.cloudfront.net\/2019\/03\/14120051\/TCE-AM.jpg","contentUrl":"https:\/\/dhg1h5j42swfq.cloudfront.net\/2019\/03\/14120051\/TCE-AM.jpg","width":1200,"height":628,"caption":"TCE AM"},{"@type":"BreadcrumbList","@id":"https:\/\/www.estrategiaconcursos.com.br\/blog\/concurso-tce-am-comissao-217-vagas-aprovadas\/#breadcrumb","itemListElement":[{"@type":"ListItem","position":1,"name":"In\u00edcio","item":"https:\/\/www.estrategiaconcursos.com.br\/blog\/"},{"@type":"ListItem","position":2,"name":"Formada Comiss\u00e3o do concurso TCE AM; 217 vagas aprovadas!"}]},{"@type":"WebSite","@id":"https:\/\/www.estrategiaconcursos.com.br\/blog\/#website","url":"https:\/\/www.estrategiaconcursos.com.br\/blog\/","name":"Estrat\u00e9gia Concursos","description":"O blog da Estrat\u00e9gia Concursos traz not\u00edcias sobre concursos e artigos de professores oferecendo cursos para concursos (pdf + videaulas) no site.","publisher":{"@id":"https:\/\/www.estrategiaconcursos.com.br\/blog\/#organization"},"potentialAction":[{"@type":"SearchAction","target":{"@type":"EntryPoint","urlTemplate":"https:\/\/www.estrategiaconcursos.com.br\/blog\/?s={search_term_string}"},"query-input":{"@type":"PropertyValueSpecification","valueRequired":true,"valueName":"search_term_string"}}],"inLanguage":"pt-BR"},{"@type":"Organization","@id":"https:\/\/www.estrategiaconcursos.com.br\/blog\/#organization","name":"Estrat\u00e9gia Concursos","url":"https:\/\/www.estrategiaconcursos.com.br\/blog\/","logo":{"@type":"ImageObject","inLanguage":"pt-BR","@id":"https:\/\/www.estrategiaconcursos.com.br\/blog\/#\/schema\/logo\/image\/","url":"https:\/\/dhg1h5j42swfq.cloudfront.net\/2025\/06\/03203428\/logo_concursos-1.jpg","contentUrl":"https:\/\/dhg1h5j42swfq.cloudfront.net\/2025\/06\/03203428\/logo_concursos-1.jpg","width":230,"height":60,"caption":"Estrat\u00e9gia Concursos"},"image":{"@id":"https:\/\/www.estrategiaconcursos.com.br\/blog\/#\/schema\/logo\/image\/"},"sameAs":["https:\/\/x.com\/EstratConcursos"]},{"@type":"Person","@id":"https:\/\/www.estrategiaconcursos.com.br\/blog\/#\/schema\/person\/16c99af14f19bf6617a2d10a153d45fb","name":"Eduardo Furtado Gon\u00e7alves","image":{"@type":"ImageObject","inLanguage":"pt-BR","@id":"https:\/\/secure.gravatar.com\/avatar\/46b2fc9d9633684b72d14da1b155dc8d5b53b8e9d3c3fbe36865e67d78d44777?s=96&d=mm&r=g","url":"https:\/\/secure.gravatar.com\/avatar\/46b2fc9d9633684b72d14da1b155dc8d5b53b8e9d3c3fbe36865e67d78d44777?s=96&d=mm&r=g","contentUrl":"https:\/\/secure.gravatar.com\/avatar\/46b2fc9d9633684b72d14da1b155dc8d5b53b8e9d3c3fbe36865e67d78d44777?s=96&d=mm&r=g","caption":"Eduardo Furtado Gon\u00e7alves"},"url":"https:\/\/www.estrategiaconcursos.com.br\/blog\/author\/egoncalvesestrategiaconcursos-com-br\/"}]}},"_links":{"self":[{"href":"https:\/\/www.estrategiaconcursos.com.br\/blog\/wp-json\/wp\/v2\/posts\/566877","targetHints":{"allow":["GET"]}}],"collection":[{"href":"https:\/\/www.estrategiaconcursos.com.br\/blog\/wp-json\/wp\/v2\/posts"}],"about":[{"href":"https:\/\/www.estrategiaconcursos.com.br\/blog\/wp-json\/wp\/v2\/types\/post"}],"author":[{"embeddable":true,"href":"https:\/\/www.estrategiaconcursos.com.br\/blog\/wp-json\/wp\/v2\/users\/785"}],"replies":[{"embeddable":true,"href":"https:\/\/www.estrategiaconcursos.com.br\/blog\/wp-json\/wp\/v2\/comments?post=566877"}],"version-history":[{"count":7,"href":"https:\/\/www.estrategiaconcursos.com.br\/blog\/wp-json\/wp\/v2\/posts\/566877\/revisions"}],"predecessor-version":[{"id":1235897,"href":"https:\/\/www.estrategiaconcursos.com.br\/blog\/wp-json\/wp\/v2\/posts\/566877\/revisions\/1235897"}],"wp:featuredmedia":[{"embeddable":true,"href":"https:\/\/www.estrategiaconcursos.com.br\/blog\/wp-json\/wp\/v2\/media\/433792"}],"wp:attachment":[{"href":"https:\/\/www.estrategiaconcursos.com.br\/blog\/wp-json\/wp\/v2\/media?parent=566877"}],"wp:term":[{"taxonomy":"category","embeddable":true,"href":"https:\/\/www.estrategiaconcursos.com.br\/blog\/wp-json\/wp\/v2\/categories?post=566877"},{"taxonomy":"post_tag","embeddable":true,"href":"https:\/\/www.estrategiaconcursos.com.br\/blog\/wp-json\/wp\/v2\/tags?post=566877"},{"taxonomy":"tax_estado","embeddable":true,"href":"https:\/\/www.estrategiaconcursos.com.br\/blog\/wp-json\/wp\/v2\/tax_estado?post=566877"}],"curies":[{"name":"wp","href":"https:\/\/api.w.org\/{rel}","templated":true}]}}