{"id":566811,"date":"2020-09-03T17:07:00","date_gmt":"2020-09-03T20:07:00","guid":{"rendered":"https:\/\/www.estrategiaconcursos.com.br\/blog\/?p=566811"},"modified":"2023-06-21T13:50:09","modified_gmt":"2023-06-21T16:50:09","slug":"conselho-regional-de-administracao-de-roraimaedital","status":"publish","type":"post","link":"https:\/\/www.estrategiaconcursos.com.br\/blog\/conselho-regional-de-administracao-de-roraimaedital\/","title":{"rendered":"Conselho Regional de Administra\u00e7\u00e3o de Roraima: An\u00e1lise de Edital"},"content":{"rendered":"\n<p>Nesta quinta-feira, 03 de setembro, \u00e0s 18 horas, o professor Vin\u00edcius Silva apresenta o evento <em>Conselho Regional de Administra\u00e7\u00e3o de Roraima CRA RR: An\u00e1lise de Edital<\/em>. Acompanhe ao vivo e gratuitamente pelo Canal do Estrat\u00e9gia Concursos no Youtube. <\/p>\n\n\n\n<h4 class=\"wp-block-heading\" id=\"h-conselho-regional-de-administracao-de-roraima-cronograma\"><strong style=\"\"><\/strong><strong style=\"\"><i>Conselho Regional de Administra\u00e7\u00e3o de Roraima<\/i><\/strong> &#8211; <em>Cronograma<\/em> <\/h4>\n\n\n\n<p>Data: 03 de setembro de 2020 <br \/>Hor\u00e1rio: 18:00<br \/>Onde: <a rel=\"noreferrer noopener\" href=\"https:\/\/www.youtube.com\/channel\/UChvwkhC3eHxJsVxW_ItDjdA\" target=\"_blank\">Canal do Estrat\u00e9gia Concursos no Youtube<\/a><br \/>Professor: Vin\u00edcius Silva<\/p>\n\n\n<figure class=\"wp-block-embed-youtube wp-block-embed is-type-video is-provider-youtube wp-embed-aspect-16-9 wp-has-aspect-ratio\"><div class=\"lyte-wrapper\" style=\"width:853px;max-width:100%;margin:5px;\"><div class=\"lyMe\" id=\"WYL_J-dylvWUl7Q\"><div id=\"lyte_J-dylvWUl7Q\" data-src=\"\/\/i.ytimg.com\/vi\/J-dylvWUl7Q\/hqdefault.jpg\" class=\"pL\"><div class=\"tC\"><div class=\"tT\"><\/div><\/div><div class=\"play\"><\/div><div class=\"ctrl\"><div class=\"Lctrl\"><\/div><div class=\"Rctrl\"><\/div><\/div><\/div><noscript><a href=\"https:\/\/youtu.be\/J-dylvWUl7Q\" rel=\"nofollow\"><img loading=\"lazy\" decoding=\"async\" src=\"https:\/\/i.ytimg.com\/vi\/J-dylvWUl7Q\/0.jpg\" alt=\"YouTube video thumbnail\" width=\"853\" height=\"460\" \/><br \/>Assista a este v\u00eddeo no YouTube<\/a><\/noscript><\/div><\/div><div class=\"lL\" style=\"max-width:100%;width:853px;margin:5px;\"><\/div><figcaption><\/figcaption><\/figure>\n\n\n<h4 class=\"wp-block-heading\" id=\"h-conselho-regional-de-administracao-de-roraima-curiosidades\"><em><strong><em>Conselho Regional de Administra\u00e7\u00e3o de Roraima<\/em><\/strong><\/em> &#8211; <em>Curiosidades<\/em><\/h4>\n\n\n\n<p>O edital do Concurso para o Conselho Regional de Administra\u00e7\u00e3o de Roraima CRA RR foi publicado nesta quinta-feira com <strong>21 vagas<\/strong>, divididas em imediatas e de cadastro de reserva para dois cargos, de n\u00edveis m\u00e9dio e superior.<\/p>\n\n\n\n<p>Para <strong>Assistente Administrativo<\/strong>, de n\u00edvel m\u00e9dio, s\u00e3o ofertadas 10 vagas para cadastro de reserva. O sal\u00e1rio inicial \u00e9 de<strong> R$ 1.800,00.<\/strong> <\/p>\n\n\n\n<p>J\u00e1 para o cago de <strong>Fiscal Administrador<\/strong>, de n\u00edvel superior, o \u00f3rg\u00e3o oferta 1 vaga imediata mais 10 em cadastro de reserva. A remunera\u00e7\u00e3o inicial \u00e9 de <strong>R$ 2.800,00.<\/strong> <\/p>\n\n\n\n<p>Os candidatos interessados dever\u00e3o se<strong> <\/strong>inscrever pelo site da Selecon, banca organizadora do certame, entre os dias<strong> 08 de setembro e 18 de outubro<\/strong>. <\/p>\n\n\n\n<p>Os valores das taxas de inscri\u00e7\u00e3o foram fixadas em <strong>R$ 42,00<\/strong> para n\u00edvel m\u00e9dio e <strong>R$ 50,00<\/strong> para n\u00edvel superior, com pagamento at\u00e9 19 de outubro. As provas objetivas est\u00e3o previstas para ocorrer no dia <strong>13 de dezembro<\/strong>. <\/p>\n\n\n\n<p>Quer saber mais detalhes sobre as disposi\u00e7\u00f5es do edital? Acompanhe o evento de hoje! <\/p>\n\n\n\n<h2 class=\"wp-block-heading has-text-align-center\" id=\"h-quer-estudar-para-o-cra-rr\"><em>Quer estudar para o CRA RR<\/em>?<\/h2>\n\n\n\n<p class=\"has-text-align-center has-luminous-vivid-amber-background-color has-background\"><em><strong><a href=\"https:\/\/www.estrategiaconcursos.com.br\/cursos\/concurso\/\" target=\"_blank\" rel=\"noreferrer noopener\">CURSOS PARA CONCURSOS<\/a><\/strong><\/em><\/p>\n\n\n\n<p class=\"has-text-align-center\"><strong><em><strong>Sistema de Quest\u00f5es<\/strong><\/em><\/strong> &#8211; <em><strong>CRA RR<\/strong><\/em><\/p>\n\n\n\n<p class=\"has-text-align-center\">Estrat\u00e9gia Quest\u00f5es nasceu maior do que todos os concorrentes, com mais quest\u00f5es cadastradas e mais solu\u00e7\u00f5es por professores. Clique no link e aproveite os descontos e b\u00f4nus imperd\u00edveis!<\/p>\n\n\n\n<p class=\"has-text-align-center has-vivid-green-cyan-background-color has-background\"><strong>ASSINE AGORA \u2013&nbsp;<a href=\"https:\/\/www.estrategiaconcursos.com.br\/cursosPorConcurso\/sistema-de-questoes\/#\/\" target=\"_blank\" rel=\"noreferrer noopener\">Sistema de Quest\u00f5es<\/a><\/strong><\/p>\n\n\n\n<p class=\"has-text-align-center\"><em><strong>Fique por dentro de todos os concursos<\/strong><\/em> <em><strong>dos concursos com editais publicados e tamb\u00e9m dos concursos que ainda v\u00e3o publicar editais:<\/strong><\/em><\/p>\n\n\n\n<p class=\"has-text-align-center has-pale-cyan-blue-background-color has-background\"><a href=\"https:\/\/www.estrategiaconcursos.com.br\/blog\/concursos-abertos\/\" target=\"_blank\" rel=\"noreferrer noopener\"><strong>Concursos abertos<\/strong><\/a><\/p>\n","protected":false},"excerpt":{"rendered":"<p>Nesta quinta-feira, 03 de setembro, \u00e0s 18 horas, o professor Vin\u00edcius Silva apresenta o evento Conselho Regional de Administra\u00e7\u00e3o de Roraima CRA RR: An\u00e1lise de Edital. Acompanhe ao vivo e gratuitamente pelo Canal do Estrat\u00e9gia Concursos no Youtube. Conselho Regional de Administra\u00e7\u00e3o de Roraima &#8211; Cronograma Data: 03 de setembro de 2020 Hor\u00e1rio: 18:00Onde: Canal [&hellip;]<\/p>\n","protected":false},"author":741,"featured_media":566847,"comment_status":"open","ping_status":"closed","sticky":false,"template":"","format":"standard","meta":{"post_tipo":"article","footnotes":""},"categories":[1],"tags":[],"tax_estado":[],"class_list":["post-566811","post","type-post","status-publish","format-standard","has-post-thumbnail","hentry","category-cursos-e-concursos"],"acf":[],"yoast_head":"<!-- This site is optimized with the Yoast SEO Premium plugin v27.2 (Yoast SEO v27.2) - https:\/\/yoast.com\/product\/yoast-seo-premium-wordpress\/ -->\n<title>Conselho Regional de Administra\u00e7\u00e3o de Roraima: An\u00e1lise de Edital<\/title>\n<meta name=\"description\" content=\"N\u00e3o perca a an\u00e1lise de edital do concurso para o Conselho Regional de Administra\u00e7\u00e3o de Roraima que o professor Vin\u00edcius Silva far\u00e1 hoje!\" \/>\n<meta name=\"robots\" content=\"index, follow, max-snippet:-1, max-image-preview:large, max-video-preview:-1\" \/>\n<link rel=\"canonical\" href=\"https:\/\/www.estrategiaconcursos.com.br\/blog\/conselho-regional-de-administracao-de-roraimaedital\/\" \/>\n<meta property=\"og:locale\" content=\"pt_BR\" \/>\n<meta property=\"og:type\" content=\"article\" \/>\n<meta property=\"og:title\" content=\"Conselho Regional de Administra\u00e7\u00e3o de Roraima: An\u00e1lise de Edital\" \/>\n<meta property=\"og:description\" content=\"N\u00e3o perca a an\u00e1lise de edital do concurso para o Conselho Regional de Administra\u00e7\u00e3o de Roraima que o professor Vin\u00edcius Silva far\u00e1 hoje!\" \/>\n<meta property=\"og:url\" content=\"https:\/\/www.estrategiaconcursos.com.br\/blog\/conselho-regional-de-administracao-de-roraimaedital\/\" \/>\n<meta property=\"og:site_name\" content=\"Estrat\u00e9gia Concursos\" \/>\n<meta property=\"article:published_time\" content=\"2020-09-03T20:07:00+00:00\" \/>\n<meta property=\"article:modified_time\" content=\"2023-06-21T16:50:09+00:00\" \/>\n<meta property=\"og:image\" content=\"https:\/\/dhg1h5j42swfq.cloudfront.net\/2020\/09\/03122728\/YTB_CRA-RR.jpg\" \/>\n\t<meta property=\"og:image:width\" content=\"1280\" \/>\n\t<meta property=\"og:image:height\" content=\"720\" \/>\n\t<meta property=\"og:image:type\" content=\"image\/jpeg\" \/>\n<meta name=\"author\" content=\"Brunno Lima\" \/>\n<meta name=\"twitter:card\" content=\"summary_large_image\" \/>\n<meta name=\"twitter:creator\" content=\"@EstratConcursos\" \/>\n<meta name=\"twitter:site\" content=\"@EstratConcursos\" \/>\n<meta name=\"twitter:label1\" content=\"Escrito por\" \/>\n\t<meta name=\"twitter:data1\" content=\"Brunno Lima\" \/>\n\t<meta name=\"twitter:label2\" content=\"Est. tempo de leitura\" \/>\n\t<meta name=\"twitter:data2\" content=\"2 minutos\" \/>\n<script type=\"application\/ld+json\" class=\"yoast-schema-graph\">{\"@context\":\"https:\/\/schema.org\",\"@graph\":[{\"@type\":\"NewsArticle\",\"@id\":\"https:\/\/www.estrategiaconcursos.com.br\/blog\/conselho-regional-de-administracao-de-roraimaedital\/#article\",\"isPartOf\":{\"@id\":\"https:\/\/www.estrategiaconcursos.com.br\/blog\/conselho-regional-de-administracao-de-roraimaedital\/\"},\"author\":{\"name\":\"Brunno Lima\",\"@id\":\"https:\/\/www.estrategiaconcursos.com.br\/blog\/#\/schema\/person\/2865ec132c3404c9912015dd7a24eb1e\"},\"headline\":\"Conselho Regional de Administra\u00e7\u00e3o de Roraima: An\u00e1lise de Edital\",\"datePublished\":\"2020-09-03T20:07:00+00:00\",\"dateModified\":\"2023-06-21T16:50:09+00:00\",\"mainEntityOfPage\":{\"@id\":\"https:\/\/www.estrategiaconcursos.com.br\/blog\/conselho-regional-de-administracao-de-roraimaedital\/\"},\"wordCount\":343,\"commentCount\":0,\"publisher\":{\"@id\":\"https:\/\/www.estrategiaconcursos.com.br\/blog\/#organization\"},\"image\":{\"@id\":\"https:\/\/www.estrategiaconcursos.com.br\/blog\/conselho-regional-de-administracao-de-roraimaedital\/#primaryimage\"},\"thumbnailUrl\":\"https:\/\/dhg1h5j42swfq.cloudfront.net\/2020\/09\/03122728\/YTB_CRA-RR.jpg\",\"articleSection\":[\"Concursos P\u00fablicos\"],\"inLanguage\":\"pt-BR\",\"potentialAction\":[{\"@type\":\"CommentAction\",\"name\":\"Comment\",\"target\":[\"https:\/\/www.estrategiaconcursos.com.br\/blog\/conselho-regional-de-administracao-de-roraimaedital\/#respond\"]}],\"copyrightYear\":\"2020\",\"copyrightHolder\":{\"@id\":\"https:\/\/www.estrategiaconcursos.com.br\/blog\/#organization\"}},{\"@type\":\"WebPage\",\"@id\":\"https:\/\/www.estrategiaconcursos.com.br\/blog\/conselho-regional-de-administracao-de-roraimaedital\/\",\"url\":\"https:\/\/www.estrategiaconcursos.com.br\/blog\/conselho-regional-de-administracao-de-roraimaedital\/\",\"name\":\"Conselho Regional de Administra\u00e7\u00e3o de Roraima: An\u00e1lise de Edital\",\"isPartOf\":{\"@id\":\"https:\/\/www.estrategiaconcursos.com.br\/blog\/#website\"},\"primaryImageOfPage\":{\"@id\":\"https:\/\/www.estrategiaconcursos.com.br\/blog\/conselho-regional-de-administracao-de-roraimaedital\/#primaryimage\"},\"image\":{\"@id\":\"https:\/\/www.estrategiaconcursos.com.br\/blog\/conselho-regional-de-administracao-de-roraimaedital\/#primaryimage\"},\"thumbnailUrl\":\"https:\/\/dhg1h5j42swfq.cloudfront.net\/2020\/09\/03122728\/YTB_CRA-RR.jpg\",\"datePublished\":\"2020-09-03T20:07:00+00:00\",\"dateModified\":\"2023-06-21T16:50:09+00:00\",\"description\":\"N\u00e3o perca a an\u00e1lise de edital do concurso para o Conselho Regional de Administra\u00e7\u00e3o de Roraima que o professor Vin\u00edcius Silva far\u00e1 hoje!\",\"breadcrumb\":{\"@id\":\"https:\/\/www.estrategiaconcursos.com.br\/blog\/conselho-regional-de-administracao-de-roraimaedital\/#breadcrumb\"},\"inLanguage\":\"pt-BR\",\"potentialAction\":[{\"@type\":\"ReadAction\",\"target\":[\"https:\/\/www.estrategiaconcursos.com.br\/blog\/conselho-regional-de-administracao-de-roraimaedital\/\"]}]},{\"@type\":\"ImageObject\",\"inLanguage\":\"pt-BR\",\"@id\":\"https:\/\/www.estrategiaconcursos.com.br\/blog\/conselho-regional-de-administracao-de-roraimaedital\/#primaryimage\",\"url\":\"https:\/\/dhg1h5j42swfq.cloudfront.net\/2020\/09\/03122728\/YTB_CRA-RR.jpg\",\"contentUrl\":\"https:\/\/dhg1h5j42swfq.cloudfront.net\/2020\/09\/03122728\/YTB_CRA-RR.jpg\",\"width\":1280,\"height\":720,\"caption\":\"CRA RR\"},{\"@type\":\"BreadcrumbList\",\"@id\":\"https:\/\/www.estrategiaconcursos.com.br\/blog\/conselho-regional-de-administracao-de-roraimaedital\/#breadcrumb\",\"itemListElement\":[{\"@type\":\"ListItem\",\"position\":1,\"name\":\"In\u00edcio\",\"item\":\"https:\/\/www.estrategiaconcursos.com.br\/blog\/\"},{\"@type\":\"ListItem\",\"position\":2,\"name\":\"Conselho Regional de Administra\u00e7\u00e3o de Roraima: An\u00e1lise de Edital\"}]},{\"@type\":\"WebSite\",\"@id\":\"https:\/\/www.estrategiaconcursos.com.br\/blog\/#website\",\"url\":\"https:\/\/www.estrategiaconcursos.com.br\/blog\/\",\"name\":\"Estrat\u00e9gia Concursos\",\"description\":\"O blog da Estrat\u00e9gia Concursos traz not\u00edcias sobre concursos e artigos de professores oferecendo cursos para concursos (pdf + videaulas) no site.\",\"publisher\":{\"@id\":\"https:\/\/www.estrategiaconcursos.com.br\/blog\/#organization\"},\"potentialAction\":[{\"@type\":\"SearchAction\",\"target\":{\"@type\":\"EntryPoint\",\"urlTemplate\":\"https:\/\/www.estrategiaconcursos.com.br\/blog\/?s={search_term_string}\"},\"query-input\":{\"@type\":\"PropertyValueSpecification\",\"valueRequired\":true,\"valueName\":\"search_term_string\"}}],\"inLanguage\":\"pt-BR\"},{\"@type\":\"Organization\",\"@id\":\"https:\/\/www.estrategiaconcursos.com.br\/blog\/#organization\",\"name\":\"Estrat\u00e9gia Concursos\",\"url\":\"https:\/\/www.estrategiaconcursos.com.br\/blog\/\",\"logo\":{\"@type\":\"ImageObject\",\"inLanguage\":\"pt-BR\",\"@id\":\"https:\/\/www.estrategiaconcursos.com.br\/blog\/#\/schema\/logo\/image\/\",\"url\":\"https:\/\/dhg1h5j42swfq.cloudfront.net\/2025\/06\/03203428\/logo_concursos-1.jpg\",\"contentUrl\":\"https:\/\/dhg1h5j42swfq.cloudfront.net\/2025\/06\/03203428\/logo_concursos-1.jpg\",\"width\":230,\"height\":60,\"caption\":\"Estrat\u00e9gia Concursos\"},\"image\":{\"@id\":\"https:\/\/www.estrategiaconcursos.com.br\/blog\/#\/schema\/logo\/image\/\"},\"sameAs\":[\"https:\/\/x.com\/EstratConcursos\"]},{\"@type\":\"Person\",\"@id\":\"https:\/\/www.estrategiaconcursos.com.br\/blog\/#\/schema\/person\/2865ec132c3404c9912015dd7a24eb1e\",\"name\":\"Brunno Lima\",\"image\":{\"@type\":\"ImageObject\",\"inLanguage\":\"pt-BR\",\"@id\":\"https:\/\/secure.gravatar.com\/avatar\/d40b472e5e2856222d4a4a1c3ee2189ed7d7a9f67dc3343b880cc1889a7bd6af?s=96&d=mm&r=g\",\"url\":\"https:\/\/secure.gravatar.com\/avatar\/d40b472e5e2856222d4a4a1c3ee2189ed7d7a9f67dc3343b880cc1889a7bd6af?s=96&d=mm&r=g\",\"contentUrl\":\"https:\/\/secure.gravatar.com\/avatar\/d40b472e5e2856222d4a4a1c3ee2189ed7d7a9f67dc3343b880cc1889a7bd6af?s=96&d=mm&r=g\",\"caption\":\"Brunno Lima\"},\"url\":\"https:\/\/www.estrategiaconcursos.com.br\/blog\/author\/brunnoestrategiaconcursos-com-br\/\"}]}<\/script>\n<!-- \/ Yoast SEO Premium plugin. -->","yoast_head_json":{"title":"Conselho Regional de Administra\u00e7\u00e3o de Roraima: An\u00e1lise de Edital","description":"N\u00e3o perca a an\u00e1lise de edital do concurso para o Conselho Regional de Administra\u00e7\u00e3o de Roraima que o professor Vin\u00edcius Silva far\u00e1 hoje!","robots":{"index":"index","follow":"follow","max-snippet":"max-snippet:-1","max-image-preview":"max-image-preview:large","max-video-preview":"max-video-preview:-1"},"canonical":"https:\/\/www.estrategiaconcursos.com.br\/blog\/conselho-regional-de-administracao-de-roraimaedital\/","og_locale":"pt_BR","og_type":"article","og_title":"Conselho Regional de Administra\u00e7\u00e3o de Roraima: An\u00e1lise de Edital","og_description":"N\u00e3o perca a an\u00e1lise de edital do concurso para o Conselho Regional de Administra\u00e7\u00e3o de Roraima que o professor Vin\u00edcius Silva far\u00e1 hoje!","og_url":"https:\/\/www.estrategiaconcursos.com.br\/blog\/conselho-regional-de-administracao-de-roraimaedital\/","og_site_name":"Estrat\u00e9gia Concursos","article_published_time":"2020-09-03T20:07:00+00:00","article_modified_time":"2023-06-21T16:50:09+00:00","og_image":[{"width":1280,"height":720,"url":"https:\/\/dhg1h5j42swfq.cloudfront.net\/2020\/09\/03122728\/YTB_CRA-RR.jpg","type":"image\/jpeg"}],"author":"Brunno Lima","twitter_card":"summary_large_image","twitter_creator":"@EstratConcursos","twitter_site":"@EstratConcursos","twitter_misc":{"Escrito por":"Brunno Lima","Est. tempo de leitura":"2 minutos"},"schema":{"@context":"https:\/\/schema.org","@graph":[{"@type":"NewsArticle","@id":"https:\/\/www.estrategiaconcursos.com.br\/blog\/conselho-regional-de-administracao-de-roraimaedital\/#article","isPartOf":{"@id":"https:\/\/www.estrategiaconcursos.com.br\/blog\/conselho-regional-de-administracao-de-roraimaedital\/"},"author":{"name":"Brunno Lima","@id":"https:\/\/www.estrategiaconcursos.com.br\/blog\/#\/schema\/person\/2865ec132c3404c9912015dd7a24eb1e"},"headline":"Conselho Regional de Administra\u00e7\u00e3o de Roraima: An\u00e1lise de Edital","datePublished":"2020-09-03T20:07:00+00:00","dateModified":"2023-06-21T16:50:09+00:00","mainEntityOfPage":{"@id":"https:\/\/www.estrategiaconcursos.com.br\/blog\/conselho-regional-de-administracao-de-roraimaedital\/"},"wordCount":343,"commentCount":0,"publisher":{"@id":"https:\/\/www.estrategiaconcursos.com.br\/blog\/#organization"},"image":{"@id":"https:\/\/www.estrategiaconcursos.com.br\/blog\/conselho-regional-de-administracao-de-roraimaedital\/#primaryimage"},"thumbnailUrl":"https:\/\/dhg1h5j42swfq.cloudfront.net\/2020\/09\/03122728\/YTB_CRA-RR.jpg","articleSection":["Concursos P\u00fablicos"],"inLanguage":"pt-BR","potentialAction":[{"@type":"CommentAction","name":"Comment","target":["https:\/\/www.estrategiaconcursos.com.br\/blog\/conselho-regional-de-administracao-de-roraimaedital\/#respond"]}],"copyrightYear":"2020","copyrightHolder":{"@id":"https:\/\/www.estrategiaconcursos.com.br\/blog\/#organization"}},{"@type":"WebPage","@id":"https:\/\/www.estrategiaconcursos.com.br\/blog\/conselho-regional-de-administracao-de-roraimaedital\/","url":"https:\/\/www.estrategiaconcursos.com.br\/blog\/conselho-regional-de-administracao-de-roraimaedital\/","name":"Conselho Regional de Administra\u00e7\u00e3o de Roraima: An\u00e1lise de Edital","isPartOf":{"@id":"https:\/\/www.estrategiaconcursos.com.br\/blog\/#website"},"primaryImageOfPage":{"@id":"https:\/\/www.estrategiaconcursos.com.br\/blog\/conselho-regional-de-administracao-de-roraimaedital\/#primaryimage"},"image":{"@id":"https:\/\/www.estrategiaconcursos.com.br\/blog\/conselho-regional-de-administracao-de-roraimaedital\/#primaryimage"},"thumbnailUrl":"https:\/\/dhg1h5j42swfq.cloudfront.net\/2020\/09\/03122728\/YTB_CRA-RR.jpg","datePublished":"2020-09-03T20:07:00+00:00","dateModified":"2023-06-21T16:50:09+00:00","description":"N\u00e3o perca a an\u00e1lise de edital do concurso para o Conselho Regional de Administra\u00e7\u00e3o de Roraima que o professor Vin\u00edcius Silva far\u00e1 hoje!","breadcrumb":{"@id":"https:\/\/www.estrategiaconcursos.com.br\/blog\/conselho-regional-de-administracao-de-roraimaedital\/#breadcrumb"},"inLanguage":"pt-BR","potentialAction":[{"@type":"ReadAction","target":["https:\/\/www.estrategiaconcursos.com.br\/blog\/conselho-regional-de-administracao-de-roraimaedital\/"]}]},{"@type":"ImageObject","inLanguage":"pt-BR","@id":"https:\/\/www.estrategiaconcursos.com.br\/blog\/conselho-regional-de-administracao-de-roraimaedital\/#primaryimage","url":"https:\/\/dhg1h5j42swfq.cloudfront.net\/2020\/09\/03122728\/YTB_CRA-RR.jpg","contentUrl":"https:\/\/dhg1h5j42swfq.cloudfront.net\/2020\/09\/03122728\/YTB_CRA-RR.jpg","width":1280,"height":720,"caption":"CRA RR"},{"@type":"BreadcrumbList","@id":"https:\/\/www.estrategiaconcursos.com.br\/blog\/conselho-regional-de-administracao-de-roraimaedital\/#breadcrumb","itemListElement":[{"@type":"ListItem","position":1,"name":"In\u00edcio","item":"https:\/\/www.estrategiaconcursos.com.br\/blog\/"},{"@type":"ListItem","position":2,"name":"Conselho Regional de Administra\u00e7\u00e3o de Roraima: An\u00e1lise de Edital"}]},{"@type":"WebSite","@id":"https:\/\/www.estrategiaconcursos.com.br\/blog\/#website","url":"https:\/\/www.estrategiaconcursos.com.br\/blog\/","name":"Estrat\u00e9gia Concursos","description":"O blog da Estrat\u00e9gia Concursos traz not\u00edcias sobre concursos e artigos de professores oferecendo cursos para concursos (pdf + videaulas) no site.","publisher":{"@id":"https:\/\/www.estrategiaconcursos.com.br\/blog\/#organization"},"potentialAction":[{"@type":"SearchAction","target":{"@type":"EntryPoint","urlTemplate":"https:\/\/www.estrategiaconcursos.com.br\/blog\/?s={search_term_string}"},"query-input":{"@type":"PropertyValueSpecification","valueRequired":true,"valueName":"search_term_string"}}],"inLanguage":"pt-BR"},{"@type":"Organization","@id":"https:\/\/www.estrategiaconcursos.com.br\/blog\/#organization","name":"Estrat\u00e9gia Concursos","url":"https:\/\/www.estrategiaconcursos.com.br\/blog\/","logo":{"@type":"ImageObject","inLanguage":"pt-BR","@id":"https:\/\/www.estrategiaconcursos.com.br\/blog\/#\/schema\/logo\/image\/","url":"https:\/\/dhg1h5j42swfq.cloudfront.net\/2025\/06\/03203428\/logo_concursos-1.jpg","contentUrl":"https:\/\/dhg1h5j42swfq.cloudfront.net\/2025\/06\/03203428\/logo_concursos-1.jpg","width":230,"height":60,"caption":"Estrat\u00e9gia Concursos"},"image":{"@id":"https:\/\/www.estrategiaconcursos.com.br\/blog\/#\/schema\/logo\/image\/"},"sameAs":["https:\/\/x.com\/EstratConcursos"]},{"@type":"Person","@id":"https:\/\/www.estrategiaconcursos.com.br\/blog\/#\/schema\/person\/2865ec132c3404c9912015dd7a24eb1e","name":"Brunno Lima","image":{"@type":"ImageObject","inLanguage":"pt-BR","@id":"https:\/\/secure.gravatar.com\/avatar\/d40b472e5e2856222d4a4a1c3ee2189ed7d7a9f67dc3343b880cc1889a7bd6af?s=96&d=mm&r=g","url":"https:\/\/secure.gravatar.com\/avatar\/d40b472e5e2856222d4a4a1c3ee2189ed7d7a9f67dc3343b880cc1889a7bd6af?s=96&d=mm&r=g","contentUrl":"https:\/\/secure.gravatar.com\/avatar\/d40b472e5e2856222d4a4a1c3ee2189ed7d7a9f67dc3343b880cc1889a7bd6af?s=96&d=mm&r=g","caption":"Brunno Lima"},"url":"https:\/\/www.estrategiaconcursos.com.br\/blog\/author\/brunnoestrategiaconcursos-com-br\/"}]}},"_links":{"self":[{"href":"https:\/\/www.estrategiaconcursos.com.br\/blog\/wp-json\/wp\/v2\/posts\/566811","targetHints":{"allow":["GET"]}}],"collection":[{"href":"https:\/\/www.estrategiaconcursos.com.br\/blog\/wp-json\/wp\/v2\/posts"}],"about":[{"href":"https:\/\/www.estrategiaconcursos.com.br\/blog\/wp-json\/wp\/v2\/types\/post"}],"author":[{"embeddable":true,"href":"https:\/\/www.estrategiaconcursos.com.br\/blog\/wp-json\/wp\/v2\/users\/741"}],"replies":[{"embeddable":true,"href":"https:\/\/www.estrategiaconcursos.com.br\/blog\/wp-json\/wp\/v2\/comments?post=566811"}],"version-history":[{"count":6,"href":"https:\/\/www.estrategiaconcursos.com.br\/blog\/wp-json\/wp\/v2\/posts\/566811\/revisions"}],"predecessor-version":[{"id":1236420,"href":"https:\/\/www.estrategiaconcursos.com.br\/blog\/wp-json\/wp\/v2\/posts\/566811\/revisions\/1236420"}],"wp:featuredmedia":[{"embeddable":true,"href":"https:\/\/www.estrategiaconcursos.com.br\/blog\/wp-json\/wp\/v2\/media\/566847"}],"wp:attachment":[{"href":"https:\/\/www.estrategiaconcursos.com.br\/blog\/wp-json\/wp\/v2\/media?parent=566811"}],"wp:term":[{"taxonomy":"category","embeddable":true,"href":"https:\/\/www.estrategiaconcursos.com.br\/blog\/wp-json\/wp\/v2\/categories?post=566811"},{"taxonomy":"post_tag","embeddable":true,"href":"https:\/\/www.estrategiaconcursos.com.br\/blog\/wp-json\/wp\/v2\/tags?post=566811"},{"taxonomy":"tax_estado","embeddable":true,"href":"https:\/\/www.estrategiaconcursos.com.br\/blog\/wp-json\/wp\/v2\/tax_estado?post=566811"}],"curies":[{"name":"wp","href":"https:\/\/api.w.org\/{rel}","templated":true}]}}