{"id":566224,"date":"2020-09-02T15:28:16","date_gmt":"2020-09-02T18:28:16","guid":{"rendered":"https:\/\/www.estrategiaconcursos.com.br\/blog\/?p=566224"},"modified":"2020-09-02T16:49:14","modified_gmt":"2020-09-02T19:49:14","slug":"uerj-inscricoes-concurso-bombeiro-rj","status":"publish","type":"post","link":"https:\/\/www.estrategiaconcursos.com.br\/blog\/uerj-inscricoes-concurso-bombeiro-rj\/","title":{"rendered":"UERJ confirma inscri\u00e7\u00f5es em novembro para concurso Bombeiro RJ. Veja!"},"content":{"rendered":"\n<p>O <strong>concurso bombeiro RJ<\/strong> para Oficial est\u00e1, agora, mais pr\u00f3ximo de acontecer, j\u00e1 que a UERJ confirmou que as inscri\u00e7\u00f5es para seu vestibular, utilizado para ingresso na corpora\u00e7\u00e3o, estar\u00e3o abertas entre os meses de outubro a novembro de 2020.<\/p>\n\n\n\n<p>Segundo a UERJ, o 1\u00b0 Exame de Qualifica\u00e7\u00e3o do concurso Bombeiro RJ, do tipo m\u00faltipla escolha, ser\u00e1 realizado no dia <strong>28 de fevereiro de 2021<\/strong>. A Prova Discursiva est\u00e1 prevista para o dia <strong>25 de abril de 2020<\/strong>.   <\/p>\n\n\n\n<p>Vale lembrar que, em liminar publicada no Di\u00e1rio Oficial, os desembargadores do Tribunal de Justi\u00e7a do Rio de Janeiro consideraram, por unanimidade, inconstitucional a Lei 8.658\/2019 que estabeleceu em&nbsp;<strong>35 anos a idade m\u00e1xima<\/strong>&nbsp;para ingresso nas corpora\u00e7\u00f5es da PMERJ e dos Bombeiros do Rio de Janeiro, em vigor desde 2019.<\/p>\n\n\n\n<p>Nas palavras do relator do caso, Werson R\u00eago, a Lei continha v\u00edcio de iniciativa, por se tratar de uma mudan\u00e7a estrutural e n\u00e3o ter sido uma iniciativa do poder Executivo e sim do Legislativo. Com isso, a idade m\u00e1xima para ingressar nas institui\u00e7\u00f5es <strong>volta a ser 30 anos.<\/strong> <\/p>\n\n\n\n<h2 class=\"wp-block-heading\">\u00daltimo concurso Bombeiro RJ<\/h2>\n\n\n\n<p>O \u00faltimo Curso de Forma\u00e7\u00e3o para Oficiais, para o cargo de Oficial (n\u00edvel m\u00e9dio), ocorreu entre 2018 e 2019, com oferta de 50 vagas. A remunera\u00e7\u00e3o inicial era de <strong>R$ 3.200,00<\/strong>, durante a realiza\u00e7\u00e3o do curso e at\u00e9 <strong>R$ 6 mil<\/strong>, ap\u00f3s a forma\u00e7\u00e3o.<\/p>\n\n\n\n<p class=\"has-background has-text-align-center has-very-light-gray-background-color\"><strong>Saiba mais: <a href=\"https:\/\/www.estrategiaconcursos.com.br\/blog\/concurso-bombeiro-rj\/\" target=\"_blank\" rel=\"noreferrer noopener\">Concurso Bombeiro RJ<\/a><\/strong><\/p>\n\n\n\n<p class=\"has-text-align-center\"><em><strong>Assinatura Anual Ilimitada*<\/strong><\/em><\/p>\n\n\n\n<p class=\"has-text-align-center\"><em>Prepare-se com o melhor material e com quem mais aprova em Concursos P\u00fablicos em todo o pa\u00eds. Assine agora a nossa Assinatura Anual e tenha acesso ilimitado* a todos os nossos cursos.<\/em><\/p>\n\n\n\n<p class=\"has-background has-text-align-center has-luminous-vivid-amber-background-color\"><strong>ASSINE AGORA<\/strong>&nbsp;\u2013&nbsp;<strong><a rel=\"noreferrer noopener\" href=\"https:\/\/www.estrategiaconcursos.com.br\/assinaturas\" target=\"_blank\">Assinatura Ilimitada<\/a><\/strong><\/p>\n\n\n\n<p class=\"has-text-align-center\"><strong><em>Sistema de Quest\u00f5es<\/em><\/strong><\/p>\n\n\n\n<p class=\"has-text-align-center\"><em>Estrat\u00e9gia Quest\u00f5es nasceu maior do que todos os concorrentes, com mais quest\u00f5es cadastradas e mais solu\u00e7\u00f5es por professores. Clique no link e aproveite os descontos e b\u00f4nus imperd\u00edveis!<\/em><\/p>\n\n\n\n<p class=\"has-background has-text-align-center has-light-green-cyan-background-color\"><strong>ASSINE AGORA \u2013&nbsp;<a href=\"https:\/\/www.estrategiaconcursos.com.br\/cursosPorConcurso\/sistema-de-questoes\/#\/\" target=\"_blank\" rel=\"noreferrer noopener\">Sistema de Quest\u00f5es<\/a><\/strong><\/p>\n\n\n\n<p class=\"has-text-align-center\"><strong><em>Fique por dentro de todos os concursos<\/em><\/strong><\/p>\n\n\n\n<p class=\"has-background has-text-align-center has-pale-cyan-blue-background-color\"><a rel=\"noreferrer noopener\" href=\"https:\/\/www.estrategiaconcursos.com.br\/blog\/concursos-abertos\/\" target=\"_blank\"><strong>CONCURSOS ABERTOS<\/strong><\/a><\/p>\n\n\n\n<p class=\"has-background has-text-align-center has-pale-cyan-blue-background-color\"><a rel=\"noreferrer noopener\" href=\"https:\/\/www.estrategiaconcursos.com.br\/blog\/concursos-2020\/\" target=\"_blank\"><strong>CONCURSOS&nbsp;2020<\/strong><\/a><\/p>\n\n\n\n<p class=\"has-background has-text-align-center has-pale-cyan-blue-background-color\"><strong><a rel=\"noreferrer noopener\" href=\"https:\/\/www.estrategiaconcursos.com.br\/blog\/concursos-2021\/\" target=\"_blank\">CONCURSOS&nbsp;2021<\/a><\/strong><\/p>\n\n\n\n<p>  <\/p>\n","protected":false},"excerpt":{"rendered":"<p>O concurso bombeiro RJ para Oficial est\u00e1, agora, mais pr\u00f3ximo de acontecer, j\u00e1 que a UERJ confirmou que as inscri\u00e7\u00f5es para seu vestibular, utilizado para ingresso na corpora\u00e7\u00e3o, estar\u00e3o abertas entre os meses de outubro a novembro de 2020. Segundo a UERJ, o 1\u00b0 Exame de Qualifica\u00e7\u00e3o do concurso Bombeiro RJ, do tipo m\u00faltipla escolha, [&hellip;]<\/p>\n","protected":false},"author":1482,"featured_media":154911,"comment_status":"open","ping_status":"closed","sticky":false,"template":"","format":"standard","meta":{"post_tipo":"article","footnotes":""},"categories":[1],"tags":[],"tax_estado":[],"class_list":["post-566224","post","type-post","status-publish","format-standard","has-post-thumbnail","hentry","category-cursos-e-concursos"],"acf":[],"yoast_head":"<!-- This site is optimized with the Yoast SEO Premium plugin v27.2 (Yoast SEO v27.2) - https:\/\/yoast.com\/product\/yoast-seo-premium-wordpress\/ -->\n<title>UERJ confirma inscri\u00e7\u00f5es em novembro para concurso Bombeiro RJ. Veja!<\/title>\n<meta name=\"description\" content=\"O concurso bombeiro RJ para Oficial est\u00e1 mais pr\u00f3ximo de acontecer, j\u00e1 que a UERJ confirmou que as inscri\u00e7\u00f5es para seu vestibular em novembro. Confira!\" \/>\n<meta name=\"robots\" content=\"index, follow, max-snippet:-1, max-image-preview:large, max-video-preview:-1\" \/>\n<link rel=\"canonical\" href=\"https:\/\/www.estrategiaconcursos.com.br\/blog\/uerj-inscricoes-concurso-bombeiro-rj\/\" \/>\n<meta property=\"og:locale\" content=\"pt_BR\" \/>\n<meta property=\"og:type\" content=\"article\" \/>\n<meta property=\"og:title\" content=\"UERJ confirma inscri\u00e7\u00f5es em novembro para concurso Bombeiro RJ. Veja!\" \/>\n<meta property=\"og:description\" content=\"O concurso bombeiro RJ para Oficial est\u00e1 mais pr\u00f3ximo de acontecer, j\u00e1 que a UERJ confirmou que as inscri\u00e7\u00f5es para seu vestibular em novembro. Confira!\" \/>\n<meta property=\"og:url\" content=\"https:\/\/www.estrategiaconcursos.com.br\/blog\/uerj-inscricoes-concurso-bombeiro-rj\/\" \/>\n<meta property=\"og:site_name\" content=\"Estrat\u00e9gia Concursos\" \/>\n<meta property=\"article:published_time\" content=\"2020-09-02T18:28:16+00:00\" \/>\n<meta property=\"article:modified_time\" content=\"2020-09-02T19:49:14+00:00\" \/>\n<meta property=\"og:image\" content=\"https:\/\/dhg1h5j42swfq.cloudfront.net\/2018\/12\/08093804\/bombeiros-rj.png\" \/>\n\t<meta property=\"og:image:width\" content=\"331\" \/>\n\t<meta property=\"og:image:height\" content=\"331\" \/>\n\t<meta property=\"og:image:type\" content=\"image\/png\" \/>\n<meta name=\"author\" content=\"Diego Cerqueira\" \/>\n<meta name=\"twitter:card\" content=\"summary_large_image\" \/>\n<meta name=\"twitter:creator\" content=\"@EstratConcursos\" \/>\n<meta name=\"twitter:site\" content=\"@EstratConcursos\" \/>\n<meta name=\"twitter:label1\" content=\"Escrito por\" \/>\n\t<meta name=\"twitter:data1\" content=\"Diego Cerqueira\" \/>\n\t<meta name=\"twitter:label2\" content=\"Est. tempo de leitura\" \/>\n\t<meta name=\"twitter:data2\" content=\"2 minutos\" \/>\n<script type=\"application\/ld+json\" class=\"yoast-schema-graph\">{\"@context\":\"https:\/\/schema.org\",\"@graph\":[{\"@type\":\"NewsArticle\",\"@id\":\"https:\/\/www.estrategiaconcursos.com.br\/blog\/uerj-inscricoes-concurso-bombeiro-rj\/#article\",\"isPartOf\":{\"@id\":\"https:\/\/www.estrategiaconcursos.com.br\/blog\/uerj-inscricoes-concurso-bombeiro-rj\/\"},\"author\":{\"name\":\"Diego Cerqueira\",\"@id\":\"https:\/\/www.estrategiaconcursos.com.br\/blog\/#\/schema\/person\/dd9f6d98671a3ac63bf25b40baf6f2e2\"},\"headline\":\"UERJ confirma inscri\u00e7\u00f5es em novembro para concurso Bombeiro RJ. Veja!\",\"datePublished\":\"2020-09-02T18:28:16+00:00\",\"dateModified\":\"2020-09-02T19:49:14+00:00\",\"mainEntityOfPage\":{\"@id\":\"https:\/\/www.estrategiaconcursos.com.br\/blog\/uerj-inscricoes-concurso-bombeiro-rj\/\"},\"wordCount\":351,\"commentCount\":0,\"publisher\":{\"@id\":\"https:\/\/www.estrategiaconcursos.com.br\/blog\/#organization\"},\"image\":{\"@id\":\"https:\/\/www.estrategiaconcursos.com.br\/blog\/uerj-inscricoes-concurso-bombeiro-rj\/#primaryimage\"},\"thumbnailUrl\":\"https:\/\/dhg1h5j42swfq.cloudfront.net\/2018\/12\/08093804\/bombeiros-rj.png\",\"articleSection\":[\"Concursos P\u00fablicos\"],\"inLanguage\":\"pt-BR\",\"potentialAction\":[{\"@type\":\"CommentAction\",\"name\":\"Comment\",\"target\":[\"https:\/\/www.estrategiaconcursos.com.br\/blog\/uerj-inscricoes-concurso-bombeiro-rj\/#respond\"]}],\"copyrightYear\":\"2020\",\"copyrightHolder\":{\"@id\":\"https:\/\/www.estrategiaconcursos.com.br\/blog\/#organization\"}},{\"@type\":\"WebPage\",\"@id\":\"https:\/\/www.estrategiaconcursos.com.br\/blog\/uerj-inscricoes-concurso-bombeiro-rj\/\",\"url\":\"https:\/\/www.estrategiaconcursos.com.br\/blog\/uerj-inscricoes-concurso-bombeiro-rj\/\",\"name\":\"UERJ confirma inscri\u00e7\u00f5es em novembro para concurso Bombeiro RJ. Veja!\",\"isPartOf\":{\"@id\":\"https:\/\/www.estrategiaconcursos.com.br\/blog\/#website\"},\"primaryImageOfPage\":{\"@id\":\"https:\/\/www.estrategiaconcursos.com.br\/blog\/uerj-inscricoes-concurso-bombeiro-rj\/#primaryimage\"},\"image\":{\"@id\":\"https:\/\/www.estrategiaconcursos.com.br\/blog\/uerj-inscricoes-concurso-bombeiro-rj\/#primaryimage\"},\"thumbnailUrl\":\"https:\/\/dhg1h5j42swfq.cloudfront.net\/2018\/12\/08093804\/bombeiros-rj.png\",\"datePublished\":\"2020-09-02T18:28:16+00:00\",\"dateModified\":\"2020-09-02T19:49:14+00:00\",\"description\":\"O concurso bombeiro RJ para Oficial est\u00e1 mais pr\u00f3ximo de acontecer, j\u00e1 que a UERJ confirmou que as inscri\u00e7\u00f5es para seu vestibular em novembro. Confira!\",\"breadcrumb\":{\"@id\":\"https:\/\/www.estrategiaconcursos.com.br\/blog\/uerj-inscricoes-concurso-bombeiro-rj\/#breadcrumb\"},\"inLanguage\":\"pt-BR\",\"potentialAction\":[{\"@type\":\"ReadAction\",\"target\":[\"https:\/\/www.estrategiaconcursos.com.br\/blog\/uerj-inscricoes-concurso-bombeiro-rj\/\"]}]},{\"@type\":\"ImageObject\",\"inLanguage\":\"pt-BR\",\"@id\":\"https:\/\/www.estrategiaconcursos.com.br\/blog\/uerj-inscricoes-concurso-bombeiro-rj\/#primaryimage\",\"url\":\"https:\/\/dhg1h5j42swfq.cloudfront.net\/2018\/12\/08093804\/bombeiros-rj.png\",\"contentUrl\":\"https:\/\/dhg1h5j42swfq.cloudfront.net\/2018\/12\/08093804\/bombeiros-rj.png\",\"width\":331,\"height\":331,\"caption\":\"concurso bombeiro rj\"},{\"@type\":\"BreadcrumbList\",\"@id\":\"https:\/\/www.estrategiaconcursos.com.br\/blog\/uerj-inscricoes-concurso-bombeiro-rj\/#breadcrumb\",\"itemListElement\":[{\"@type\":\"ListItem\",\"position\":1,\"name\":\"In\u00edcio\",\"item\":\"https:\/\/www.estrategiaconcursos.com.br\/blog\/\"},{\"@type\":\"ListItem\",\"position\":2,\"name\":\"UERJ confirma inscri\u00e7\u00f5es em novembro para concurso Bombeiro RJ. Veja!\"}]},{\"@type\":\"WebSite\",\"@id\":\"https:\/\/www.estrategiaconcursos.com.br\/blog\/#website\",\"url\":\"https:\/\/www.estrategiaconcursos.com.br\/blog\/\",\"name\":\"Estrat\u00e9gia Concursos\",\"description\":\"O blog da Estrat\u00e9gia Concursos traz not\u00edcias sobre concursos e artigos de professores oferecendo cursos para concursos (pdf + videaulas) no site.\",\"publisher\":{\"@id\":\"https:\/\/www.estrategiaconcursos.com.br\/blog\/#organization\"},\"potentialAction\":[{\"@type\":\"SearchAction\",\"target\":{\"@type\":\"EntryPoint\",\"urlTemplate\":\"https:\/\/www.estrategiaconcursos.com.br\/blog\/?s={search_term_string}\"},\"query-input\":{\"@type\":\"PropertyValueSpecification\",\"valueRequired\":true,\"valueName\":\"search_term_string\"}}],\"inLanguage\":\"pt-BR\"},{\"@type\":\"Organization\",\"@id\":\"https:\/\/www.estrategiaconcursos.com.br\/blog\/#organization\",\"name\":\"Estrat\u00e9gia Concursos\",\"url\":\"https:\/\/www.estrategiaconcursos.com.br\/blog\/\",\"logo\":{\"@type\":\"ImageObject\",\"inLanguage\":\"pt-BR\",\"@id\":\"https:\/\/www.estrategiaconcursos.com.br\/blog\/#\/schema\/logo\/image\/\",\"url\":\"https:\/\/dhg1h5j42swfq.cloudfront.net\/2025\/06\/03203428\/logo_concursos-1.jpg\",\"contentUrl\":\"https:\/\/dhg1h5j42swfq.cloudfront.net\/2025\/06\/03203428\/logo_concursos-1.jpg\",\"width\":230,\"height\":60,\"caption\":\"Estrat\u00e9gia Concursos\"},\"image\":{\"@id\":\"https:\/\/www.estrategiaconcursos.com.br\/blog\/#\/schema\/logo\/image\/\"},\"sameAs\":[\"https:\/\/x.com\/EstratConcursos\"]},{\"@type\":\"Person\",\"@id\":\"https:\/\/www.estrategiaconcursos.com.br\/blog\/#\/schema\/person\/dd9f6d98671a3ac63bf25b40baf6f2e2\",\"name\":\"Diego Cerqueira\",\"image\":{\"@type\":\"ImageObject\",\"inLanguage\":\"pt-BR\",\"@id\":\"https:\/\/secure.gravatar.com\/avatar\/93f5bbe4c5469a613830caa67379a40ab60d82fa495e4fbb9e4039bce737c0cc?s=96&d=mm&r=g\",\"url\":\"https:\/\/secure.gravatar.com\/avatar\/93f5bbe4c5469a613830caa67379a40ab60d82fa495e4fbb9e4039bce737c0cc?s=96&d=mm&r=g\",\"contentUrl\":\"https:\/\/secure.gravatar.com\/avatar\/93f5bbe4c5469a613830caa67379a40ab60d82fa495e4fbb9e4039bce737c0cc?s=96&d=mm&r=g\",\"caption\":\"Diego Cerqueira\"},\"url\":\"https:\/\/www.estrategiaconcursos.com.br\/blog\/author\/diegocerqueiraestrategiaconcursos-com-br-2\/\"}]}<\/script>\n<!-- \/ Yoast SEO Premium plugin. -->","yoast_head_json":{"title":"UERJ confirma inscri\u00e7\u00f5es em novembro para concurso Bombeiro RJ. Veja!","description":"O concurso bombeiro RJ para Oficial est\u00e1 mais pr\u00f3ximo de acontecer, j\u00e1 que a UERJ confirmou que as inscri\u00e7\u00f5es para seu vestibular em novembro. Confira!","robots":{"index":"index","follow":"follow","max-snippet":"max-snippet:-1","max-image-preview":"max-image-preview:large","max-video-preview":"max-video-preview:-1"},"canonical":"https:\/\/www.estrategiaconcursos.com.br\/blog\/uerj-inscricoes-concurso-bombeiro-rj\/","og_locale":"pt_BR","og_type":"article","og_title":"UERJ confirma inscri\u00e7\u00f5es em novembro para concurso Bombeiro RJ. Veja!","og_description":"O concurso bombeiro RJ para Oficial est\u00e1 mais pr\u00f3ximo de acontecer, j\u00e1 que a UERJ confirmou que as inscri\u00e7\u00f5es para seu vestibular em novembro. Confira!","og_url":"https:\/\/www.estrategiaconcursos.com.br\/blog\/uerj-inscricoes-concurso-bombeiro-rj\/","og_site_name":"Estrat\u00e9gia Concursos","article_published_time":"2020-09-02T18:28:16+00:00","article_modified_time":"2020-09-02T19:49:14+00:00","og_image":[{"width":331,"height":331,"url":"https:\/\/dhg1h5j42swfq.cloudfront.net\/2018\/12\/08093804\/bombeiros-rj.png","type":"image\/png"}],"author":"Diego Cerqueira","twitter_card":"summary_large_image","twitter_creator":"@EstratConcursos","twitter_site":"@EstratConcursos","twitter_misc":{"Escrito por":"Diego Cerqueira","Est. tempo de leitura":"2 minutos"},"schema":{"@context":"https:\/\/schema.org","@graph":[{"@type":"NewsArticle","@id":"https:\/\/www.estrategiaconcursos.com.br\/blog\/uerj-inscricoes-concurso-bombeiro-rj\/#article","isPartOf":{"@id":"https:\/\/www.estrategiaconcursos.com.br\/blog\/uerj-inscricoes-concurso-bombeiro-rj\/"},"author":{"name":"Diego Cerqueira","@id":"https:\/\/www.estrategiaconcursos.com.br\/blog\/#\/schema\/person\/dd9f6d98671a3ac63bf25b40baf6f2e2"},"headline":"UERJ confirma inscri\u00e7\u00f5es em novembro para concurso Bombeiro RJ. Veja!","datePublished":"2020-09-02T18:28:16+00:00","dateModified":"2020-09-02T19:49:14+00:00","mainEntityOfPage":{"@id":"https:\/\/www.estrategiaconcursos.com.br\/blog\/uerj-inscricoes-concurso-bombeiro-rj\/"},"wordCount":351,"commentCount":0,"publisher":{"@id":"https:\/\/www.estrategiaconcursos.com.br\/blog\/#organization"},"image":{"@id":"https:\/\/www.estrategiaconcursos.com.br\/blog\/uerj-inscricoes-concurso-bombeiro-rj\/#primaryimage"},"thumbnailUrl":"https:\/\/dhg1h5j42swfq.cloudfront.net\/2018\/12\/08093804\/bombeiros-rj.png","articleSection":["Concursos P\u00fablicos"],"inLanguage":"pt-BR","potentialAction":[{"@type":"CommentAction","name":"Comment","target":["https:\/\/www.estrategiaconcursos.com.br\/blog\/uerj-inscricoes-concurso-bombeiro-rj\/#respond"]}],"copyrightYear":"2020","copyrightHolder":{"@id":"https:\/\/www.estrategiaconcursos.com.br\/blog\/#organization"}},{"@type":"WebPage","@id":"https:\/\/www.estrategiaconcursos.com.br\/blog\/uerj-inscricoes-concurso-bombeiro-rj\/","url":"https:\/\/www.estrategiaconcursos.com.br\/blog\/uerj-inscricoes-concurso-bombeiro-rj\/","name":"UERJ confirma inscri\u00e7\u00f5es em novembro para concurso Bombeiro RJ. Veja!","isPartOf":{"@id":"https:\/\/www.estrategiaconcursos.com.br\/blog\/#website"},"primaryImageOfPage":{"@id":"https:\/\/www.estrategiaconcursos.com.br\/blog\/uerj-inscricoes-concurso-bombeiro-rj\/#primaryimage"},"image":{"@id":"https:\/\/www.estrategiaconcursos.com.br\/blog\/uerj-inscricoes-concurso-bombeiro-rj\/#primaryimage"},"thumbnailUrl":"https:\/\/dhg1h5j42swfq.cloudfront.net\/2018\/12\/08093804\/bombeiros-rj.png","datePublished":"2020-09-02T18:28:16+00:00","dateModified":"2020-09-02T19:49:14+00:00","description":"O concurso bombeiro RJ para Oficial est\u00e1 mais pr\u00f3ximo de acontecer, j\u00e1 que a UERJ confirmou que as inscri\u00e7\u00f5es para seu vestibular em novembro. Confira!","breadcrumb":{"@id":"https:\/\/www.estrategiaconcursos.com.br\/blog\/uerj-inscricoes-concurso-bombeiro-rj\/#breadcrumb"},"inLanguage":"pt-BR","potentialAction":[{"@type":"ReadAction","target":["https:\/\/www.estrategiaconcursos.com.br\/blog\/uerj-inscricoes-concurso-bombeiro-rj\/"]}]},{"@type":"ImageObject","inLanguage":"pt-BR","@id":"https:\/\/www.estrategiaconcursos.com.br\/blog\/uerj-inscricoes-concurso-bombeiro-rj\/#primaryimage","url":"https:\/\/dhg1h5j42swfq.cloudfront.net\/2018\/12\/08093804\/bombeiros-rj.png","contentUrl":"https:\/\/dhg1h5j42swfq.cloudfront.net\/2018\/12\/08093804\/bombeiros-rj.png","width":331,"height":331,"caption":"concurso bombeiro rj"},{"@type":"BreadcrumbList","@id":"https:\/\/www.estrategiaconcursos.com.br\/blog\/uerj-inscricoes-concurso-bombeiro-rj\/#breadcrumb","itemListElement":[{"@type":"ListItem","position":1,"name":"In\u00edcio","item":"https:\/\/www.estrategiaconcursos.com.br\/blog\/"},{"@type":"ListItem","position":2,"name":"UERJ confirma inscri\u00e7\u00f5es em novembro para concurso Bombeiro RJ. Veja!"}]},{"@type":"WebSite","@id":"https:\/\/www.estrategiaconcursos.com.br\/blog\/#website","url":"https:\/\/www.estrategiaconcursos.com.br\/blog\/","name":"Estrat\u00e9gia Concursos","description":"O blog da Estrat\u00e9gia Concursos traz not\u00edcias sobre concursos e artigos de professores oferecendo cursos para concursos (pdf + videaulas) no site.","publisher":{"@id":"https:\/\/www.estrategiaconcursos.com.br\/blog\/#organization"},"potentialAction":[{"@type":"SearchAction","target":{"@type":"EntryPoint","urlTemplate":"https:\/\/www.estrategiaconcursos.com.br\/blog\/?s={search_term_string}"},"query-input":{"@type":"PropertyValueSpecification","valueRequired":true,"valueName":"search_term_string"}}],"inLanguage":"pt-BR"},{"@type":"Organization","@id":"https:\/\/www.estrategiaconcursos.com.br\/blog\/#organization","name":"Estrat\u00e9gia Concursos","url":"https:\/\/www.estrategiaconcursos.com.br\/blog\/","logo":{"@type":"ImageObject","inLanguage":"pt-BR","@id":"https:\/\/www.estrategiaconcursos.com.br\/blog\/#\/schema\/logo\/image\/","url":"https:\/\/dhg1h5j42swfq.cloudfront.net\/2025\/06\/03203428\/logo_concursos-1.jpg","contentUrl":"https:\/\/dhg1h5j42swfq.cloudfront.net\/2025\/06\/03203428\/logo_concursos-1.jpg","width":230,"height":60,"caption":"Estrat\u00e9gia Concursos"},"image":{"@id":"https:\/\/www.estrategiaconcursos.com.br\/blog\/#\/schema\/logo\/image\/"},"sameAs":["https:\/\/x.com\/EstratConcursos"]},{"@type":"Person","@id":"https:\/\/www.estrategiaconcursos.com.br\/blog\/#\/schema\/person\/dd9f6d98671a3ac63bf25b40baf6f2e2","name":"Diego Cerqueira","image":{"@type":"ImageObject","inLanguage":"pt-BR","@id":"https:\/\/secure.gravatar.com\/avatar\/93f5bbe4c5469a613830caa67379a40ab60d82fa495e4fbb9e4039bce737c0cc?s=96&d=mm&r=g","url":"https:\/\/secure.gravatar.com\/avatar\/93f5bbe4c5469a613830caa67379a40ab60d82fa495e4fbb9e4039bce737c0cc?s=96&d=mm&r=g","contentUrl":"https:\/\/secure.gravatar.com\/avatar\/93f5bbe4c5469a613830caa67379a40ab60d82fa495e4fbb9e4039bce737c0cc?s=96&d=mm&r=g","caption":"Diego Cerqueira"},"url":"https:\/\/www.estrategiaconcursos.com.br\/blog\/author\/diegocerqueiraestrategiaconcursos-com-br-2\/"}]}},"_links":{"self":[{"href":"https:\/\/www.estrategiaconcursos.com.br\/blog\/wp-json\/wp\/v2\/posts\/566224","targetHints":{"allow":["GET"]}}],"collection":[{"href":"https:\/\/www.estrategiaconcursos.com.br\/blog\/wp-json\/wp\/v2\/posts"}],"about":[{"href":"https:\/\/www.estrategiaconcursos.com.br\/blog\/wp-json\/wp\/v2\/types\/post"}],"author":[{"embeddable":true,"href":"https:\/\/www.estrategiaconcursos.com.br\/blog\/wp-json\/wp\/v2\/users\/1482"}],"replies":[{"embeddable":true,"href":"https:\/\/www.estrategiaconcursos.com.br\/blog\/wp-json\/wp\/v2\/comments?post=566224"}],"version-history":[{"count":2,"href":"https:\/\/www.estrategiaconcursos.com.br\/blog\/wp-json\/wp\/v2\/posts\/566224\/revisions"}],"predecessor-version":[{"id":566350,"href":"https:\/\/www.estrategiaconcursos.com.br\/blog\/wp-json\/wp\/v2\/posts\/566224\/revisions\/566350"}],"wp:featuredmedia":[{"embeddable":true,"href":"https:\/\/www.estrategiaconcursos.com.br\/blog\/wp-json\/wp\/v2\/media\/154911"}],"wp:attachment":[{"href":"https:\/\/www.estrategiaconcursos.com.br\/blog\/wp-json\/wp\/v2\/media?parent=566224"}],"wp:term":[{"taxonomy":"category","embeddable":true,"href":"https:\/\/www.estrategiaconcursos.com.br\/blog\/wp-json\/wp\/v2\/categories?post=566224"},{"taxonomy":"post_tag","embeddable":true,"href":"https:\/\/www.estrategiaconcursos.com.br\/blog\/wp-json\/wp\/v2\/tags?post=566224"},{"taxonomy":"tax_estado","embeddable":true,"href":"https:\/\/www.estrategiaconcursos.com.br\/blog\/wp-json\/wp\/v2\/tax_estado?post=566224"}],"curies":[{"name":"wp","href":"https:\/\/api.w.org\/{rel}","templated":true}]}}