{"id":56618,"date":"2026-04-13T20:41:21","date_gmt":"2026-04-13T23:41:21","guid":{"rendered":"https:\/\/www.estrategiaconcursos.com.br\/blog\/?p=56618"},"modified":"2026-04-13T23:41:22","modified_gmt":"2026-04-14T02:41:22","slug":"concurso-pm-ap","status":"publish","type":"post","link":"https:\/\/www.estrategiaconcursos.com.br\/blog\/concurso-pm-ap\/","title":{"rendered":"Concurso PM AP: sa\u00edram os resultados para Oficial!"},"content":{"rendered":"\n<p style=\"font-size:clamp(14.642px, 0.915rem + ((1vw - 3.2px) * 0.721), 22px);\"><em><strong>Concurso PM AP para o cargo de Soldado est\u00e1 homologado!<\/strong><\/em><\/p>\n\n\n\n<div style=\"height:20px\" aria-hidden=\"true\" class=\"wp-block-spacer\"><\/div>\n\n\n\n<hr class=\"wp-block-separator has-alpha-channel-opacity\"\/>\n\n\n<p><center><a id=\"cta-icon\" href=\"https:\/\/sndflw.com\/i\/pm-ap-grupo\" target=\"_blank\" style=\"background:#29a61a; display:inline-flex; align-items:center; padding:10px 15px; border-radius:6px; color:#fff; text-decoration:none; font-weight:500; font-size:15px;\"><img decoding=\"async\" src=\"https:\/\/dhg1h5j42swfq.cloudfront.net\/2023\/12\/07154107\/whatsapp_13851.png\" alt=\"\" style=\"width:20px; height:20px; margin-right:8px;\"><span>Acesse agora o Grupo de Estudos para o Concurso PM AP<\/span><\/a><\/center><\/p>\n\n\n\n<div style=\"height:36px\" aria-hidden=\"true\" class=\"wp-block-spacer\"><\/div>\n\n\n\n<p>Foi divulgado o resultado definitivo da prova objetiva do <strong>concurso PM AP<\/strong> (<a href=\"https:\/\/www.estrategiaconcursos.com.br\/cursosPorConcurso\/policia-militar-ap\/\" target=\"_blank\" rel=\"noreferrer noopener\">Pol\u00edcia Militar do Estado do Amap\u00e1<\/a>) para o cargo de <strong>Oficial Combatente<\/strong>.<\/p>\n\n\n\n<ul class=\"wp-block-list\">\n<li><strong>Resultado definitivo<\/strong>: <a href=\"https:\/\/dhg1h5j42swfq.cloudfront.net\/2025\/11\/10102025\/pm-amapa.pdf\" target=\"_blank\" rel=\"noreferrer noopener nofollow\">provas objetivas<\/a><\/li>\n<\/ul>\n\n\n\n<p>Com mais de 18 mil inscri\u00e7\u00f5es registradas, o certame oferta <strong>240 vagas em cadastro reserva<\/strong> para candidatos que possuam curso de n\u00edvel superior e idade m\u00e1xima de 35 anos, com sal\u00e1rio de R$ 8.381,87 (Aluno Oficial 2\u00ba Sargento). <\/p>\n\n\n\n<p>Importante frisar que, em <strong><a href=\"https:\/\/www.estrategiaconcursos.com.br\/blog\/concursos-pm-cbm-ap-curso-de-formacao\/\" target=\"_blank\" rel=\"noreferrer noopener\">entrevista exclusiva ao Estrat\u00e9gia<\/a>,<\/strong> a Secret\u00e1ria de Estado da Administra\u00e7\u00e3o, Cinthya Mendes, informou sobre o andamento do certame.<\/p>\n\n\n\n<p>Segundo a gestora, as a\u00e7\u00f5es est\u00e3o voltadas \u00e0 forma\u00e7\u00e3o do curso de forma\u00e7\u00e3o de oficiais (CFO), cujo in\u00edcio da etapa deve ocorrer no m\u00eas de maio.<\/p>\n\n\n\n<ul class=\"wp-block-list has-very-light-gray-to-cyan-bluish-gray-gradient-background has-background\">\n<li><strong>Concurso PM AP &#8211; Oficial<\/strong><\/li>\n\n\n\n<li><strong>Situa\u00e7\u00e3o<\/strong>: resultados divulgados<\/li>\n\n\n\n<li><strong>Banca:<\/strong> <a href=\"https:\/\/www.concursosfcc.com.br\/concursos\/seaap124\/index.html\" target=\"_blank\" rel=\"noreferrer noopener\">FCC<\/a><\/li>\n\n\n\n<li><strong>Vagas:<\/strong> 240 CR<\/li>\n\n\n\n<li><strong>Sal\u00e1rio inicial:<\/strong> R$ 8.381,87 (Aluno Oficial 2\u00ba Sargento)<\/li>\n\n\n\n<li><strong>Edital:<\/strong> <a href=\"https:\/\/dhg1h5j42swfq.cloudfront.net\/2025\/07\/04174320\/edital-pm-ap-2025-oficial.pdf\" target=\"_blank\" rel=\"noreferrer noopener nofollow\">PM AP Oficial-2025<\/a><\/li>\n<\/ul>\n\n\n\n<p>A sele\u00e7\u00e3o para o cargo de Soldado encontra-se oficialmente <a href=\"https:\/\/dhg1h5j42swfq.cloudfront.net\/2025\/10\/03232835\/edital_no_203-2020_-_pmap_-_homologacao_do_resultado_final_1-_fase_do_concurso.pdf\" target=\"_blank\" rel=\"noreferrer noopener nofollow\">homologada<\/a>.<\/p>\n\n\n\n<p>O concurso ofertou <strong>2.500 vagas<\/strong> para forma\u00e7\u00e3o de cadastro de reserva para <a href=\"https:\/\/www.estrategiaconcursos.com.br\/curso\/pm-ap-soldado-pacote-2022-pos-edital\/\" target=\"_blank\" rel=\"noreferrer noopener\">Soldado da Pol\u00edcia Militar do Amap\u00e1<\/a> e registrou 30.891 candidaturas. A carreira exige n\u00edvel m\u00e9dio e idade entre 18 a 30 anos. O sal\u00e1rio inicial \u00e9 de R$ 5.313,18.<\/p>\n\n\n\n<ul class=\"wp-block-list has-very-light-gray-to-cyan-bluish-gray-gradient-background has-background\">\n<li><strong>Concurso PM AP &#8211; Soldado<\/strong><\/li>\n\n\n\n<li><strong>Banca<\/strong>: FCC<\/li>\n\n\n\n<li><strong>Vagas<\/strong>: 2.500 CR <\/li>\n\n\n\n<li><strong>Sal\u00e1rio inicial<\/strong>: R$ 5.313,18<\/li>\n\n\n\n<li><span style=\"color: #000000;\"><strong>Edital<\/strong>:&nbsp;<\/span><a href=\"https:\/\/dhg1h5j42swfq.cloudfront.net\/2022\/04\/28154117\/edital_pm_n0_01-2022_28-04-2022__1__publicar.pdf\" target=\"_blank\" rel=\"noreferrer noopener nofollow\">PM AP &#8211; 2022<\/a> | <a href=\"https:\/\/dhg1h5j42swfq.cloudfront.net\/2022\/09\/16203210\/retificacao-pm-ap.pdf\" target=\"_blank\" rel=\"noreferrer noopener nofollow\">1\u00aa ret.<\/a><\/li>\n<\/ul>\n\n\n\n<p>Acompanhe neste artigo as principais informa\u00e7\u00f5es e novidades sobre o concurso PM AP. Confira os t\u00f3picos abaixo e n\u00e3o perca nenhum detalhe:<\/p>\n\n\n\n<ul class=\"wp-block-list\">\n<li><a href=\"#concurso-oficial\">Concurso para Oficial<\/a>\n<ul class=\"wp-block-list\">\n<li><a href=\"#vagas\">Cargos e vagas<\/a><\/li>\n\n\n\n<li><a href=\"#provas\">Etapas e provas<\/a><\/li>\n<\/ul>\n<\/li>\n\n\n\n<li><a href=\"#status-atual\">Edital publicado para Soldado<\/a>\n<ul class=\"wp-block-list\">\n<li><a href=\"#cargos-vagas\">Cargo e vagas<\/a><\/li>\n\n\n\n<li><a href=\"#etapas\">Etapas e provas<\/a><\/li>\n<\/ul>\n<\/li>\n\n\n\n<li><a href=\"#carreira\">Sobre a carreira<\/a>\n<ul class=\"wp-block-list\">\n<li><a href=\"#remuneracao\">Remunera\u00e7\u00e3o<\/a><\/li>\n\n\n\n<li><a href=\"#requisitos\">Requisitos<\/a><\/li>\n<\/ul>\n<\/li>\n\n\n\n<li><a href=\"#ultimo-concurso\">\u00daltimo concurso<\/a>\n<ul class=\"wp-block-list\">\n<li><a href=\"#etapas\">Etapas do concurso<\/a><\/li>\n\n\n\n<li><a href=\"#provas-anteriores\">Provas Anteriores<\/a><\/li>\n<\/ul>\n<\/li>\n\n\n\n<li><a href=\"#h-guia-de-estudos-pm-ap-oficial-2025\">Guia de Estudos<\/a><\/li>\n\n\n\n<li><a href=\"#cursos-assinatura\">Cursos e Assinaturas<\/a><\/li>\n\n\n\n<li><a href=\"#ficha-tecnica\">Ficha t\u00e9cnica<\/a><\/li>\n<\/ul>\n\n\n\n<div class=\"container\" id=\"boxes\">\n  <div class=\"row\">\n\n    <div class=\"col-sm\">\n      <div class=\"banner-policia-militar\" id=\"box-assinatura\">\n        <h2 class=\"titulo-assinatura\">Concurso PM AP <\/h2>\n        <p class=\"subtitulo-assinatura\">Rumo \u00e0 carreira policial dos seus sonhos! \u2b50<\/p>\n        <div class=\"box-botao\">\n          <a class=\"btn-assinatura\" target=\"_blank\" href=\"https:\/\/www.estrategiaconcursos.com.br\/cursosPorConcurso\/policia-militar-ap\/\" role=\"button\" rel=\"noopener noreferrer\">VER CURSOS<\/a>\n        <\/div>\n      <\/div>\n   \n    <\/div>\n\n  <\/div>\n<\/div>\n\n\n\n<h2 class=\"wp-block-heading has-cyan-bluish-gray-background-color has-background\" id=\"concurso-oficial\">Concurso PM AP 2025: edital para Oficial<\/h2>\n\n\n\n<p>Veja as principais informa\u00e7\u00f5es do edital de Oficial do Concurso PM AP:<\/p>\n\n\n\n<h3 class=\"wp-block-heading\" id=\"h-retificacoes-divulgadas\">Retifica\u00e7\u00f5es divulgadas<\/h3>\n\n\n\n<ul class=\"wp-block-list\">\n<li><a href=\"https:\/\/dhg1h5j42swfq.cloudfront.net\/2025\/07\/10182533\/edital_020_2025__de_retificacao.pdf\" target=\"_blank\" rel=\"noreferrer noopener nofollow\">1\u00aa retifica\u00e7\u00e3o<\/a> [cronograma retificado; data da prova alterada];<\/li>\n\n\n\n<li><a href=\"https:\/\/dhg1h5j42swfq.cloudfront.net\/2025\/08\/22125450\/unnamed-4.png\" target=\"_blank\" rel=\"noreferrer noopener nofollow\">2\u00aa retifica\u00e7\u00e3o<\/a> [inscri\u00e7\u00f5es prorrogadas].<\/li>\n<\/ul>\n\n\n\n<h3 class=\"wp-block-heading\" id=\"vagas\">Cargo e vagas do concurso PM AP Oficial<\/h3>\n\n\n\n<figure class=\"wp-block-table is-style-stripes\"><table class=\"has-very-light-gray-to-cyan-bluish-gray-gradient-background has-background has-fixed-layout\"><thead><tr><th class=\"has-text-align-center\" data-align=\"center\">CARGO<\/th><th class=\"has-text-align-center\" data-align=\"center\">VAGAS<\/th><th class=\"has-text-align-center\" data-align=\"center\">INSCRITOS<\/th><th class=\"has-text-align-center\" data-align=\"center\">SAL\u00c1RIO<\/th><\/tr><\/thead><tbody><tr><td class=\"has-text-align-center\" data-align=\"center\">Oficial<\/td><td class=\"has-text-align-center\" data-align=\"center\">240 CR<\/td><td class=\"has-text-align-center\" data-align=\"center\">18.083<\/td><td class=\"has-text-align-center\" data-align=\"center\">R$ 8.381,87<br \/>(Aluno Oficial 2\u00ba Sargento)<\/td><\/tr><\/tbody><\/table><\/figure>\n\n\n\n<ul class=\"wp-block-list\">\n<li><a href=\"https:\/\/dhg1h5j42swfq.cloudfront.net\/2025\/10\/20160755\/seaap124_estatistica_inscritos.pdf\" target=\"_blank\" rel=\"noreferrer noopener nofollow\">Veja a demanda de inscritos<\/a><\/li>\n<\/ul>\n\n\n\n<h4 class=\"wp-block-heading\" id=\"h-remuneracoes-das-vagas\">Remunera\u00e7\u00f5es das vagas<\/h4>\n\n\n\n<ul class=\"wp-block-list\">\n<li>Aluno Oficial \u2013 2\u00ba Sargento: R$ 8.381,87<\/li>\n\n\n\n<li>Aluno Oficial \u2013 1\u00ba Sargento: R$ 9.339,79<\/li>\n\n\n\n<li>Aluno Oficial \u2013 Sub Tenente: R$ 10.297,72<\/li>\n\n\n\n<li>Aspirante a Oficial: R$ 10.417,45<\/li>\n\n\n\n<li>2\u00ba Tenente: R$ 11.375,37<\/li>\n<\/ul>\n\n\n\n<h4 class=\"wp-block-heading\" id=\"h-principais-requisitos\">Principais requisitos<\/h4>\n\n\n\n<ul class=\"wp-block-list\">\n<li>diploma, devidamente registrado, de conclus\u00e3o de curso de n\u00edvel superior, expedido por Institui\u00e7\u00e3o de Ensino reconhecida pelo Minist\u00e9rio da Educa\u00e7\u00e3o (MEC);<\/li>\n\n\n\n<li>possuir idade m\u00ednima de 18 anos no ato da matr\u00edcula e m\u00e1xima de 35 anos, at\u00e9 o \u00faltimo dia de inscri\u00e7\u00e3o no concurso p\u00fablico;<\/li>\n\n\n\n<li>ter no m\u00ednimo 1,60m de altura, se masculino e 1,55m de altura se feminino.<\/li>\n<\/ul>\n\n\n\n<h3 class=\"wp-block-heading\" id=\"provas\">Etapas e provas do concurso PM AP Oficial<\/h3>\n\n\n\n<p>Os candidatos do concurso PM AP Oficial Combatente ser\u00e3o avaliados mediante aplica\u00e7\u00e3o das seguintes etapas:<\/p>\n\n\n\n<ul class=\"wp-block-list\">\n<li><strong>1\u00aa Fase<\/strong> &#8211; Exame de Conhecimentos (Prova Objetiva), de car\u00e1ter eliminat\u00f3rio e classificat\u00f3rio;<\/li>\n\n\n\n<li><strong>2\u00aa Fase<\/strong> &#8211; Exame Documental &#8211; de car\u00e1ter eliminat\u00f3rio;<\/li>\n\n\n\n<li><strong>3\u00aa Fase<\/strong> &#8211; Avalia\u00e7\u00e3o das Capacidades F\u00edsicas (ACF) &#8211; de car\u00e1ter eliminat\u00f3rio;<\/li>\n\n\n\n<li><strong>4\u00aa Fase<\/strong> &#8211; Teste de Avalia\u00e7\u00e3o Psicol\u00f3gica (TAP) &#8211; de car\u00e1ter eliminat\u00f3rio;<\/li>\n\n\n\n<li><strong>5\u00aa Fase<\/strong> &#8211; Exame de Sa\u00fade &#8211; de car\u00e1ter eliminat\u00f3rio; e<\/li>\n\n\n\n<li><strong>6\u00aa Fase<\/strong> &#8211; Investiga\u00e7\u00e3o Social &#8211; de car\u00e1ter eliminat\u00f3rio.<\/li>\n<\/ul>\n\n\n\n<h4 class=\"wp-block-heading\" id=\"objetiva\">Provas Objetiva<\/h4>\n\n\n\n<p>Com dura\u00e7\u00e3o de 4h30, a prova objetiva foi composta por 70 quest\u00f5es de m\u00faltipla escolha, sendo 5 alternativas e apenas uma considerada a correta.<\/p>\n\n\n\n<ul class=\"wp-block-list\">\n<li>L\u00edngua Portuguesa &#8211; 15<\/li>\n\n\n\n<li>Racioc\u00ednio L\u00f3gico e Matem\u00e1tica &#8211; 15<\/li>\n\n\n\n<li>Hist\u00f3ria do Estado do Amap\u00e1 &#8211; 5<\/li>\n\n\n\n<li>Geografia do Estado do Amap\u00e1 &#8211; 5<\/li>\n\n\n\n<li>Direito Constitucional &#8211; 6<\/li>\n\n\n\n<li>Direito Administrativo &#8211; 6<\/li>\n\n\n\n<li>Direito Penal Militar &#8211; 6<\/li>\n\n\n\n<li>Direito Processual Penal Militar &#8211; 6<\/li>\n\n\n\n<li>Direitos Humanos<\/li>\n<\/ul>\n\n\n\n<p>A etapa, avaliada na escala de 0 a 70 pontos, considerou habilitado o candidato que obteve, no m\u00ednimo, 60% de acertos na prova e se classificou at\u00e9 a 240\u00aa posi\u00e7\u00e3o.<\/p>\n\n\n\n<h4 class=\"wp-block-heading\" id=\"pratica\">Prova de Capacidade F\u00edsica<\/h4>\n\n\n\n<p>A etapa visa avaliar a capacidade m\u00ednima do candidato para suportar, f\u00edsica e organicamente, as exig\u00eancias da pr\u00e1tica de atividades f\u00edsicas e demais exig\u00eancias pr\u00f3prias da fun\u00e7\u00e3o de policial militar.<\/p>\n\n\n\n<p>Conforme o Decreto n\u00ba 5193, de 02\/12\/2019, comp\u00f5em a Avalia\u00e7\u00e3o das Capacidades F\u00edsicas do edital PM AP Oficial os seguintes Testes de Aptid\u00e3o F\u00edsica \u2013 TAF:<\/p>\n\n\n\n<ul class=\"wp-block-list\">\n<li>I &#8211; Corrida de 12 (doze) minutos;<\/li>\n\n\n\n<li>II &#8211; Resist\u00eancia Muscular Abdominal;<\/li>\n\n\n\n<li>III &#8211; Flex\u00e3o de Cotovelos na Barra Fixa;<\/li>\n\n\n\n<li>IV &#8211; Isometria na Barra Fixa;<\/li>\n\n\n\n<li>V &#8211; Salto em Altura;<\/li>\n\n\n\n<li>VI &#8211; Deslocamento em Meio L\u00edquido;<\/li>\n\n\n\n<li>VII &#8211; Flex\u00e3o de Bra\u00e7os no Solo \u2013 Masculino; e<\/li>\n\n\n\n<li>VIII &#8211; Flex\u00e3o de Bra\u00e7os no Solo \u2013 Feminino.<\/li>\n<\/ul>\n\n\n\n<h2 class=\"wp-block-heading has-cyan-bluish-gray-background-color has-background\" id=\"status-atual\">Concurso PM AP: edital para Soldado<\/h2>\n\n\n\n<h3 class=\"wp-block-heading\" id=\"cargos-vagas\">Cargos e vagas do concurso PM AP<\/h3>\n\n\n\n<figure class=\"wp-block-table is-style-stripes\"><table class=\"has-very-light-gray-to-cyan-bluish-gray-gradient-background has-background has-fixed-layout\"><thead><tr><th class=\"has-text-align-center\" data-align=\"center\">CARGO<\/th><th class=\"has-text-align-center\" data-align=\"center\">VAGAS<\/th><th class=\"has-text-align-center\" data-align=\"center\">SAL\u00c1RIO<\/th><\/tr><\/thead><tbody><tr><td class=\"has-text-align-center\" data-align=\"center\">Soldado PMAP<\/td><td class=\"has-text-align-center\" data-align=\"center\">2.500 em cadastro reserva<\/td><td class=\"has-text-align-center\" data-align=\"center\">R$ 5.313,18<\/td><\/tr><\/tbody><\/table><figcaption class=\"wp-element-caption\">Quadro de vagas e sal\u00e1rio para Soldado da PM AP.<\/figcaption><\/figure>\n\n\n\n<h4 class=\"wp-block-heading\" id=\"h-requisitos\">Requisitos<\/h4>\n\n\n\n<ul class=\"wp-block-list\">\n<li>Forma\u00e7\u00e3o de n\u00edvel m\u00e9dio;<\/li>\n\n\n\n<li><span style=\"color: initial;\">Idade entre 18 a 30 anos;<\/span><\/li>\n\n\n\n<li>Altura m\u00ednima de 1,60m de altura (masculino) e 1,55m de altura (feminino);<\/li>\n\n\n\n<li>n\u00e3o apresentar, em uso dos diversos uniformes, tatuagem vis\u00edvel com significado incompat\u00edvel ao exerc\u00edcio da atividade militar.<\/li>\n<\/ul>\n\n\n\n<p>O sal\u00e1rio durante o curso de forma\u00e7\u00e3o \u00e9 de <em>R$ 2.827,00<\/em>. Ap\u00f3s formado, o servidor receber\u00e1 <em>R$ 5.313,18<\/em>.<\/p>\n\n\n\n<p>Os concludentes do Curso de Forma\u00e7\u00e3o ser\u00e3o lotados de acordo com a necessidade da Pol\u00edcia Militar do Amap\u00e1, abrangendo todos os munic\u00edpios que tenha instalada uma Unidade da Corpora\u00e7\u00e3o.<\/p>\n\n\n\n<h3 class=\"wp-block-heading\" id=\"etapas\">Etapas e provas<\/h3>\n\n\n\n<p>Os candidatos do concurso PM AP foram avaliados por meio das seguintes etapas:<\/p>\n\n\n\n<ul class=\"wp-block-list\">\n<li>1\u00aa Fase \u2013 Prova Objetiva, de car\u00e1ter eliminat\u00f3rio e classificat\u00f3rio;<\/li>\n\n\n\n<li>2\u00aa Fase \u2013 Exame Documental, de&nbsp;car\u00e1ter eliminat\u00f3rio;<\/li>\n\n\n\n<li>3\u00aa Fase \u2013 Avalia\u00e7\u00e3o das Capacidades F\u00edsicas, de car\u00e1ter eliminat\u00f3rio;<\/li>\n\n\n\n<li>4\u00aa Fase \u2013 Teste de Avalia\u00e7\u00e3o Psicol\u00f3gica, de car\u00e1ter eliminat\u00f3rio;<\/li>\n\n\n\n<li>5\u00aa Fase \u2013 Exame de Sa\u00fade, de car\u00e1ter eliminat\u00f3rio;<\/li>\n\n\n\n<li>6\u00aa Fase \u2013 Investiga\u00e7\u00e3o Social, de car\u00e1ter eliminat\u00f3rio.<\/li>\n<\/ul>\n\n\n\n<h4 class=\"wp-block-heading\" id=\"objetiva\">Provas Objetivas<\/h4>\n\n\n\n<p>A Prova Objetiva foi composta por quest\u00f5es de m\u00faltipla escolha (A, B, C, D, E). Com dura\u00e7\u00e3o de 4 horas, sua aplica\u00e7\u00e3o ocorreu na cidade de Macap\u00e1\/AP.<\/p>\n\n\n\n<ul class=\"wp-block-list\">\n<li>L\u00edngua Portuguesa \u2013 12<\/li>\n\n\n\n<li>No\u00e7\u00f5es de Direito Constitucional <em>\u2013 06<\/em><\/li>\n\n\n\n<li>No\u00e7\u00f5es de Direito Administrativo <em>\u2013 06<\/em><\/li>\n\n\n\n<li>No\u00e7\u00f5es de Direito Penal <em>\u2013 06<\/em><\/li>\n\n\n\n<li>No\u00e7\u00f5es de Direitos Humanos \u2013 06<\/li>\n\n\n\n<li>Racioc\u00ednio l\u00f3gico e Matem\u00e1tica \u2013 06<\/li>\n\n\n\n<li>Atualidades \u2013 06<\/li>\n\n\n\n<li>Hist\u00f3ria do Estado do Amap\u00e1 \u2013 06<\/li>\n\n\n\n<li>Geografia do Estado do Amap\u00e1 \u2013 06<\/li>\n<\/ul>\n\n\n\n<p>A etapa foi avaliada na escala de 0,00 a 60,00, sendo que cada quest\u00e3o valeu 1,00 ponto. Para ser habilitado o candidato teve que:<\/p>\n\n\n\n<ul class=\"wp-block-list\">\n<li>a) obter, no m\u00ednimo, 50% de acerto na prova;<\/li>\n\n\n\n<li>b) n\u00e3o zerar em nenhuma das disciplinas;<\/li>\n<\/ul>\n\n\n\n<p>Na hip\u00f3tese de igualdade de nota final, para fins de desempate, prevaleceu, sucessivamente, o candidato que:<\/p>\n\n\n\n<ul class=\"wp-block-list\">\n<li>obteve maior n\u00famero de acertos nas quest\u00f5es de L\u00edngua Portuguesa;<\/li>\n\n\n\n<li>obteve maior n\u00famero de acertos nas quest\u00f5es de Hist\u00f3ria do Estado do Amap\u00e1;<\/li>\n\n\n\n<li>obteve maior n\u00famero de acertos nas quest\u00f5es de Geografia do Estado do Amap\u00e1;<\/li>\n\n\n\n<li>obteve maior n\u00famero de acertos nas quest\u00f5es de No\u00e7\u00f5es de Direito Penal;<\/li>\n\n\n\n<li>obteve maior n\u00famero de acertos nas quest\u00f5es de No\u00e7\u00f5es de Direitos Humanos;<\/li>\n\n\n\n<li>teve maior idade;<\/li>\n\n\n\n<li>teve exercido efetivamente a fun\u00e7\u00e3o de jurado, nos termos do art. 440 do C\u00f3digo de Processo Penal, no per\u00edodo compreendido entre a data de entrada em vigor da Lei n\u00ba 11.689\/2008, e a data de t\u00e9rmino das inscri\u00e7\u00f5es do concurso PM AP.<\/li>\n<\/ul>\n\n\n\n<h4 class=\"wp-block-heading\" id=\"pratica\">Teste de Aptid\u00e3o F\u00edsica (TAF)<\/h4>\n\n\n\n<p>Ser\u00e3o convocados para a Avalia\u00e7\u00e3o das Capacidades F\u00edsicas os candidatos Aptos no Exame documental. De presen\u00e7a obrigat\u00f3ria e de car\u00e1ter eliminat\u00f3rio, a etapa ser\u00e1 realizada pela Pol\u00edcia Militar, por subcomiss\u00e3o designada.<\/p>\n\n\n\n<p>O <a href=\"https:\/\/www.estrategiaconcursos.com.br\/blog\/preparacao-teste-aptidao-fisica\/\" target=\"_blank\" rel=\"noreferrer noopener\">TAF<\/a> visa avaliar a capacidade m\u00ednima do candidato para suportar, f\u00edsica e organicamente, as exig\u00eancias da pr\u00e1tica de atividades f\u00edsicas e demais exig\u00eancias pr\u00f3prias da fun\u00e7\u00e3o policial militar.<\/p>\n\n\n\n<p>A referida avalia\u00e7\u00e3o do concurso PM AP seguir\u00e1 as prescri\u00e7\u00f5es contidas no <a href=\"https:\/\/dhg1h5j42swfq.cloudfront.net\/2022\/04\/28160106\/doen7054-19-32.pdf\" target=\"_blank\" rel=\"noreferrer noopener nofollow\">Decreto n\u00ba 5193\/2019<\/a> e suas altera\u00e7\u00f5es,&nbsp;<span style=\"text-decoration: underline;\">onde suas especifica\u00e7\u00f5es ser\u00e3o disponibilizadas junto aos editais convocat\u00f3rios<\/span>:<\/p>\n\n\n\n<ul class=\"wp-block-list\">\n<li>Corrida de 12 minutos;<\/li>\n\n\n\n<li>Resist\u00eancia Muscular Abdominal;<\/li>\n\n\n\n<li>Flex\u00e3o de Cotovelos na Barra Fixa;<\/li>\n\n\n\n<li><span style=\"color: initial;\">Salto em Altura;<\/span><\/li>\n\n\n\n<li>Nata\u00e7\u00e3o 100 metros.<\/li>\n<\/ul>\n\n\n\n<figure class=\"wp-block-image aligncenter size-full\"><img loading=\"lazy\" decoding=\"async\" width=\"855\" height=\"420\" src=\"https:\/\/dhg1h5j42swfq.cloudfront.net\/2022\/04\/28160427\/image-345.png\" alt=\"Avalia\u00e7\u00e3o das Capacidades F\u00edsicas da Pol\u00edcia Militar do Amap\u00e1 prevista no Decreto n\u00ba 5193\/2019.\" class=\"wp-image-1017497\" srcset=\"https:\/\/dhg1h5j42swfq.cloudfront.net\/2022\/04\/28160427\/image-345.png 855w, https:\/\/dhg1h5j42swfq.cloudfront.net\/2022\/04\/28160427\/image-345-300x147.png 300w, https:\/\/dhg1h5j42swfq.cloudfront.net\/2022\/04\/28160427\/image-345-768x377.png 768w, https:\/\/dhg1h5j42swfq.cloudfront.net\/2022\/04\/28160427\/image-345-610x300.png 610w\" sizes=\"auto, (max-width: 855px) 100vw, 855px\" \/><figcaption class=\"wp-element-caption\">Avalia\u00e7\u00e3o das Capacidades F\u00edsicas prevista no <a href=\"https:\/\/dhg1h5j42swfq.cloudfront.net\/2022\/04\/28160106\/doen7054-19-32.pdf\" target=\"_blank\" rel=\"noreferrer noopener nofollow\">Decreto n\u00ba 5193\/2019<\/a><\/figcaption><\/figure>\n\n\n\n<h2 class=\"wp-block-heading has-cyan-bluish-gray-background-color has-background\" id=\"remuneracao\">Concurso PM AP: Carreira<\/h2>\n\n\n\n<h3 class=\"wp-block-heading\" id=\"remuneracao\">Remunera\u00e7\u00e3o<\/h3>\n\n\n\n<figure class=\"wp-block-image aligncenter size-large\"><img loading=\"lazy\" decoding=\"async\" width=\"680\" height=\"441\" src=\"https:\/\/dhg1h5j42swfq.cloudfront.net\/2020\/03\/11115306\/militares-ap.jpg\" alt=\"Tabela de remunera\u00e7\u00e3o da Pol\u00edcia Militar do Amap\u00e1.\" class=\"wp-image-490903\" srcset=\"https:\/\/dhg1h5j42swfq.cloudfront.net\/2020\/03\/11115306\/militares-ap.jpg 680w, https:\/\/dhg1h5j42swfq.cloudfront.net\/2020\/03\/11115306\/militares-ap-300x195.jpg 300w, https:\/\/dhg1h5j42swfq.cloudfront.net\/2020\/03\/11115306\/militares-ap-610x396.jpg 610w\" sizes=\"auto, (max-width: 680px) 100vw, 680px\" \/><figcaption class=\"wp-element-caption\">Tabela de remunera\u00e7\u00e3o do concurso PM AP<\/figcaption><\/figure>\n\n\n\n<p>Al\u00e9m da remunera\u00e7\u00e3o, os militares na ativa receber\u00e3o outros benef\u00edcios, como hora extra remunerada, no valor de R$ 40,00\/h, e remunera\u00e7\u00e3o para aqueles que fizerem apreens\u00f5es de armas de fogo. <\/p>\n\n\n\n<p>Neste \u00faltimo caso, a premia\u00e7\u00e3o pecuni\u00e1ria por apreens\u00e3o de armas de fogo ser\u00e1 de R$ 300,00 a R$ 1.600,00 de acordo com o tipo e calibre da arma apreendida pelo agente da Seguran\u00e7a.<\/p>\n\n\n\n<h3 class=\"wp-block-heading\" id=\"requisitos\">Principais requisitos <\/h3>\n\n\n\n<p>Para ingressar no cargo de <strong>Soldado<\/strong> do concurso PM AP \u00e9 necess\u00e1rio seguir alguns requisitos. Dentre os principais est\u00e3o:<\/p>\n\n\n\n<ul class=\"wp-block-list\">\n<li>Forma\u00e7\u00e3o de n\u00edvel m\u00e9dio (ap\u00f3s altera\u00e7\u00f5es nas leis estaduais);<\/li>\n\n\n\n<li>Possuir idade m\u00ednima de 18 anos e m\u00e1xima de 30 anos no ato da matr\u00edcula no curso de Forma\u00e7\u00e3o;<\/li>\n\n\n\n<li>Ter no m\u00ednimo 1,60m de altura (masculino) e 1,55m de altura (feminino).<\/li>\n<\/ul>\n\n\n\n<p>Para ingressar no cargo de <strong>Oficial<\/strong> do concurso PM AP \u00e9 necess\u00e1rio seguir alguns requisitos. Dentre os principais est\u00e3o:<\/p>\n\n\n\n<ul class=\"wp-block-list\">\n<li>Forma\u00e7\u00e3o de n\u00edvel superior em qualquer \u00e1rea de forma\u00e7\u00e3o;<\/li>\n\n\n\n<li>Possuir idade m\u00ednima de 18 anos e m\u00e1xima de 35 anos;<\/li>\n\n\n\n<li>Ter no m\u00ednimo 1,60m de altura (masculino) e 1,55m de altura (feminino).<\/li>\n<\/ul>\n\n\n\n<h2 class=\"wp-block-heading has-cyan-bluish-gray-background-color has-background\" id=\"ultimo-concurso\">\u00daltimo concurso PM AP &#8211; Soldado<\/h2>\n\n\n\n<p>O <strong>\u00faltimo concurso PM AP foi realizado em 2017<\/strong>, com a <strong>oferta de 300 vagas<\/strong> imediatas para o cargo de Soldado QPPMC, sob organiza\u00e7\u00e3o da Funda\u00e7\u00e3o Carlos Chagas. Foi disponibilizado tamb\u00e9m at\u00e9 900 vagas para forma\u00e7\u00e3o de cadastro reserva, acrescidos dos empates na ultima coloca\u00e7\u00e3o, se houvesse.<\/p>\n\n\n\n<p>N\u00e3o foram oferecidas vagas destinadas a candidatos com defici\u00eancia, por conta da natureza da ocupa\u00e7\u00e3o. No total, o certame registrou 14.445 inscri\u00e7\u00f5es.<\/p>\n\n\n\n<p><span style=\"color: #000000;\"><strong>\u25ba<\/strong><\/span><a href=\"https:\/\/dhg1h5j42swfq.cloudfront.net\/2017\/07\/06194718\/Edital-Concurso-PM-AP.pdf\" target=\"_blank\" rel=\"noreferrer noopener nofollow\">Edital PM AP<\/a><\/p>\n\n\n\n<h3 class=\"wp-block-heading\" id=\"etapas\">Etapas do concurso de 2017<\/h3>\n\n\n\n<p>A sele\u00e7\u00e3o do concurso PM AP contou com as seguintes fases:<\/p>\n\n\n\n<ul class=\"wp-block-list\">\n<li><strong>1\u00aa Fase<\/strong> &#8211; Exame de Conhecimento (Prova Objetiva e Reda\u00e7\u00e3o), de car\u00e1ter eliminat\u00f3rio e classificat\u00f3rio<\/li>\n\n\n\n<li><strong>2\u00aa Fase<\/strong> &#8211; Exame Documental, de car\u00e1ter eliminat\u00f3rio<\/li>\n\n\n\n<li><strong>3\u00aa Fase<\/strong> &#8211; Exame de Capacidade F\u00edsica (Testes de Avalia\u00e7\u00e3o e Aptid\u00e3o F\u00edsica), de car\u00e1ter eliminat\u00f3rio<\/li>\n\n\n\n<li><strong>4\u00aa Fase<\/strong> &#8211; Teste de Avalia\u00e7\u00e3o Psicol\u00f3gica-TAP, de car\u00e1ter eliminat\u00f3rio<\/li>\n\n\n\n<li><strong>5\u00aa Fase<\/strong> &#8211; Exame de Sa\u00fade, de car\u00e1ter eliminat\u00f3rio<\/li>\n\n\n\n<li><strong>6\u00aa Fase<\/strong> &#8211; Investiga\u00e7\u00e3o Social, de car\u00e1ter eliminat\u00f3rio<\/li>\n<\/ul>\n\n\n\n<h4 class=\"wp-block-heading\" id=\"prova-objetiva-e-redacao\">Prova Objetiva e Reda\u00e7\u00e3o<\/h4>\n\n\n\n<p>A prova objetiva foi composta por 60 quest\u00f5es de m\u00faltipla escolha, valendo cada uma 1,0 ponto, distribu\u00eddas por \u00e1reas de conhecimento conforme abaixo:<\/p>\n\n\n\n<ul class=\"wp-block-list\">\n<li>L\u00edngua Portuguesa &#8211; 12<\/li>\n\n\n\n<li>No\u00e7\u00f5es de Direito Constitucional &#8211; 06<\/li>\n\n\n\n<li>No\u00e7\u00f5es de Direito Administrativo &#8211; 06<\/li>\n\n\n\n<li>No\u00e7\u00f5es de Direito Penal &#8211; 06<\/li>\n\n\n\n<li>No\u00e7\u00f5es de Direitos Humanos &#8211; 06<\/li>\n\n\n\n<li>L\u00f3gica &#8211; 06<\/li>\n\n\n\n<li>Atualidades &#8211; 06<\/li>\n\n\n\n<li>Hist\u00f3ria do Amap\u00e1 &#8211; 06<\/li>\n\n\n\n<li>Geografia do Amap\u00e1 &#8211; 06<\/li>\n<\/ul>\n\n\n\n<p>Na Prova de Reda\u00e7\u00e3o, o candidato desenvolveu um texto dissertativo a partir de uma \u00fanica proposta, sobre assunto de interesse geral. A avalia\u00e7\u00e3o ocorreu da seguinte forma:<\/p>\n\n\n\n<ul class=\"wp-block-list\">\n<li>Conte\u00fado &#8211; at\u00e9 4 pontos<\/li>\n\n\n\n<li>Estrutura &#8211; at\u00e9 3 pontos<\/li>\n\n\n\n<li>Express\u00e3o &#8211; at\u00e9 3 pontos<\/li>\n<\/ul>\n\n\n\n<h4 class=\"wp-block-heading\" id=\"teste-de-aptidao-fisica\">Teste de Aptid\u00e3o F\u00edsica (TAF)<\/h4>\n\n\n\n<p><strong>Sexo Masculino:<\/strong><\/p>\n\n\n\n<figure class=\"wp-block-table is-style-stripes\"><table class=\"has-cyan-bluish-gray-background-color has-background has-fixed-layout\"><tbody><tr><td class=\"has-text-align-center\" data-align=\"center\"><strong>DIA<\/strong><\/td><td class=\"has-text-align-center\" data-align=\"center\"><strong>PROVAS<\/strong><\/td><td class=\"has-text-align-center\" data-align=\"center\"><strong>\u00cdNDICE<\/strong><\/td><\/tr><tr><td class=\"has-text-align-center\" data-align=\"center\">1\u00ba<\/td><td class=\"has-text-align-center\" data-align=\"center\">Corrida 12 min <\/td><td class=\"has-text-align-center\" data-align=\"center\">2.400 m <\/td><\/tr><tr><td class=\"has-text-align-center\" data-align=\"center\">1\u00ba <\/td><td class=\"has-text-align-center\" data-align=\"center\">Abdominal Supra em 1 minuto  <\/td><td class=\"has-text-align-center\" data-align=\"center\">34 repeti\u00e7\u00f5es<\/td><\/tr><tr><td class=\"has-text-align-center\" data-align=\"center\">2\u00ba <\/td><td class=\"has-text-align-center\" data-align=\"center\">Flex\u00e3o na barra fixa <\/td><td class=\"has-text-align-center\" data-align=\"center\">5 repeti\u00e7\u00f5es  <\/td><\/tr><tr><td class=\"has-text-align-center\" data-align=\"center\">2\u00ba <\/td><td class=\"has-text-align-center\" data-align=\"center\">Corrida de 50 m <\/td><td class=\"has-text-align-center\" data-align=\"center\">8 segundos no m\u00e1ximo  <\/td><\/tr><tr><td class=\"has-text-align-center\" data-align=\"center\">3\u00ba <\/td><td class=\"has-text-align-center\" data-align=\"center\">Salto em altura  <\/td><td class=\"has-text-align-center\" data-align=\"center\">1,15 m <\/td><\/tr><tr><td class=\"has-text-align-center\" data-align=\"center\">3\u00ba <\/td><td class=\"has-text-align-center\" data-align=\"center\">Nata\u00e7\u00e3o <\/td><td class=\"has-text-align-center\" data-align=\"center\">50 m <\/td><\/tr><\/tbody><\/table><figcaption class=\"wp-element-caption\">Quadro de provas do TAF do \u00faltimo concurso PM AP.<\/figcaption><\/figure>\n\n\n\n<p><strong>Sexo Feminino:<\/strong><\/p>\n\n\n\n<figure class=\"wp-block-table is-style-stripes\"><table class=\"has-cyan-bluish-gray-background-color has-background has-fixed-layout\"><tbody><tr><td class=\"has-text-align-center\" data-align=\"center\"><strong>DIA<\/strong><\/td><td class=\"has-text-align-center\" data-align=\"center\"><strong>PROVAS<\/strong><\/td><td class=\"has-text-align-center\" data-align=\"center\"><strong>\u00cdNDICE<\/strong><\/td><\/tr><tr><td class=\"has-text-align-center\" data-align=\"center\">1\u00ba<\/td><td class=\"has-text-align-center\" data-align=\"center\">Corrida 12 min <\/td><td class=\"has-text-align-center\" data-align=\"center\">2.100 m <\/td><\/tr><tr><td class=\"has-text-align-center\" data-align=\"center\">1\u00ba <\/td><td class=\"has-text-align-center\" data-align=\"center\">Abdominal Supra em 1 minuto  <\/td><td class=\"has-text-align-center\" data-align=\"center\">30 repeti\u00e7\u00f5es<\/td><\/tr><tr><td class=\"has-text-align-center\" data-align=\"center\">2\u00ba <\/td><td class=\"has-text-align-center\" data-align=\"center\">Isometria em Barra Fixa <\/td><td class=\"has-text-align-center\" data-align=\"center\">9 segundos no m\u00ednimo  <\/td><\/tr><tr><td class=\"has-text-align-center\" data-align=\"center\">2\u00ba <\/td><td class=\"has-text-align-center\" data-align=\"center\">Corrida de 50 m <\/td><td class=\"has-text-align-center\" data-align=\"center\">9 segundos no m\u00e1ximo  <\/td><\/tr><tr><td class=\"has-text-align-center\" data-align=\"center\">3\u00ba <\/td><td class=\"has-text-align-center\" data-align=\"center\">Salto em altura  <\/td><td class=\"has-text-align-center\" data-align=\"center\">1,00 m <\/td><\/tr><tr><td class=\"has-text-align-center\" data-align=\"center\">3\u00ba <\/td><td class=\"has-text-align-center\" data-align=\"center\">Nata\u00e7\u00e3o <\/td><td class=\"has-text-align-center\" data-align=\"center\">50 m <\/td><\/tr><\/tbody><\/table><figcaption class=\"wp-element-caption\">quadro de exerc\u00edcios do TAF do \u00faltimo concurso PM AP.<\/figcaption><\/figure>\n\n\n\n<h4 class=\"wp-block-heading\" id=\"provas-anteriores\">Provas anteriores dos concursos PM AP<\/h4>\n\n\n\n<p class=\"has-background\" style=\"background-color:#eeeeee\"><strong>Soldado 2017 &#8211;<a href=\"https:\/\/dhg1h5j42swfq.cloudfront.net\/2020\/03\/21083744\/prova-soldado-pmap-2017.pdf\" target=\"_blank\" rel=\"noreferrer noopener nofollow\"> Prova<\/a> \/ <a href=\"https:\/\/dhg1h5j42swfq.cloudfront.net\/2020\/03\/21083855\/gabarito-2017.pdf\" target=\"_blank\" rel=\"noreferrer noopener nofollow\">Gabarito<\/a><\/strong><\/p>\n\n\n\n<h2 class=\"wp-block-heading has-cyan-bluish-gray-background-color has-background\" id=\"ultimo-concurso\">\u00daltimo concurso PM AP &#8211; Oficial<\/h2>\n\n\n\n<p>O <strong>\u00faltimo concurso PM AP <\/strong>para Oficial foi realizado em 2009, com oferta de 20 vagas para admiss\u00e3o do Curso de Forma\u00e7\u00e3o de Oficiais (CFO).<\/p>\n\n\n\n<p>Sob organiza\u00e7\u00e3o da Unifap, os candidatos foram avaliados mediante as seguintes etapas:<\/p>\n\n\n\n<ul class=\"wp-block-list\">\n<li>1\u00aa Fase: Exame de habilidades e conhecimentos (prova objetiva), de car\u00e1ter eliminat\u00f3rio e classificat\u00f3rio<\/li>\n\n\n\n<li>2\u00aa Fase: Teste de aptid\u00e3o f\u00edsica, de car\u00e1ter eliminat\u00f3rio<\/li>\n\n\n\n<li>3\u00aa Fase: Exames m\u00e9dicos, de car\u00e1ter eliminat\u00f3rio<\/li>\n\n\n\n<li>4\u00aa Fase: Exame documental, de car\u00e1ter eliminat\u00f3rio<\/li>\n\n\n\n<li>5\u00aa Fase: Avalia\u00e7\u00e3o psicol\u00f3gica, de car\u00e1ter eliminat\u00f3rio<\/li>\n<\/ul>\n\n\n\n<p> A prova objetiva foi composta por 50 quest\u00f5es de m\u00faltipla escolha, valendo 80 pontos no total, com a seguinte distribui\u00e7\u00e3o:<\/p>\n\n\n\n<figure class=\"wp-block-image aligncenter\"><img decoding=\"async\" src=\"https:\/\/cdn.direcaoconcursos.com.br\/uploads\/2022\/12\/Captura-de-tela-2022-12-27-203142-1.jpeg\" alt=\"prova objetiva do \u00faltimo concurso pm ap oficial\" class=\"wp-image-234373\"\/><\/figure>\n\n\n\n<p>J\u00e1 o teste de aptid\u00e3o f\u00edsica (TAF) contou com os seguintes exerc\u00edcios e \u00edndices m\u00ednimos para aprova\u00e7\u00e3o a seguir:<\/p>\n\n\n\n<figure class=\"wp-block-image aligncenter size-full\"><img loading=\"lazy\" decoding=\"async\" width=\"731\" height=\"593\" src=\"https:\/\/dhg1h5j42swfq.cloudfront.net\/2024\/08\/19204158\/image-422.png\" alt=\"TAF do \u00faltimo concurso \" class=\"wp-image-1570142\" srcset=\"https:\/\/dhg1h5j42swfq.cloudfront.net\/2024\/08\/19204158\/image-422.png 731w, https:\/\/dhg1h5j42swfq.cloudfront.net\/2024\/08\/19204158\/image-422-300x243.png 300w, https:\/\/dhg1h5j42swfq.cloudfront.net\/2024\/08\/19204158\/image-422-150x122.png 150w\" sizes=\"auto, (max-width: 731px) 100vw, 731px\" \/><\/figure>\n\n\n\n<h2 class=\"wp-block-heading\" id=\"h-guia-de-estudos-pm-ap-oficial-2025\">Guia de Estudos PM AP Oficial 2025<\/h2>\n\n\n\n<ul class=\"wp-block-list\">\n<li><a href=\"https:\/\/www.estrategiaconcursos.com.br\/blog\/guia-de-estudos-pm-ap-oficial-2025\/\" target=\"_blank\" rel=\"noreferrer noopener\">Guia de Estudos PM AP Oficial 2025<\/a><\/li>\n<\/ul>\n\n\n\n<hr class=\"wp-block-separator has-css-opacity\"\/>\n\n\n\n<h2 class=\"wp-block-heading has-text-align-center\" id=\"h-quer-saber-tudo-sobre-concursos-previstos-confira-nossos-artigos\">Quer saber tudo sobre concursos previstos?<br \/>Confira nossos artigos!<\/h2>\n\n\n\n<ul class=\"wp-block-list\">\n<li><a href=\"https:\/\/www.estrategiaconcursos.com.br\/blog\/concursos-de-policia\/\" target=\"_blank\" rel=\"noreferrer noopener\">Concursos Policiais<\/a><\/li>\n\n\n\n<li><a href=\"https:\/\/www.estrategiaconcursos.com.br\/blog\/concursos-abertos\/\" target=\"_blank\" rel=\"noreferrer noopener\">Concursos abertos<\/a><\/li>\n\n\n\n<li><a href=\"https:\/\/www.estrategiaconcursos.com.br\/blog\/concursos-2026\/\" target=\"_blank\" rel=\"noreferrer noopener\">Concursos 2026<\/a><\/li>\n<\/ul>\n\n\n\n<h2 class=\"wp-block-heading has-text-align-center\" id=\"cursos-assinatura\">Quer estudar para o concurso PM AP?<\/h2>\n\n\n\n<div class=\"container\" id=\"boxes\">\n  <div class=\"row\">\n\n    <div class=\"col-sm\">\n      <div class=\"banner-policia-militar\" id=\"box-assinatura\">\n        <h3 class=\"titulo-assinatura\">Concurso PM AP <\/h3>\n        <p class=\"subtitulo-assinatura\">Rumo \u00e0 carreira policial dos seus sonhos! \u2b50<\/p>\n        <div class=\"box-botao\">\n          <a class=\"btn-assinatura\" target=\"_blank\" href=\"https:\/\/www.estrategiaconcursos.com.br\/cursosPorConcurso\/policia-militar-ap\/\" role=\"button\" rel=\"noopener noreferrer\">VER CURSOS<\/a>\n        <\/div>\n      <\/div>\n   \n    <\/div>\n\n  <\/div>\n<\/div>\n\n\n\n<div class=\"container\" id=\"boxes\">\n  <div class=\"row\">\n\n    <div class=\"col-sm\">\n      <div class=\"estrategia\" id=\"box-assinatura\">\n        <h3 class=\"titulo-assinatura\">Assinatura Concursos<\/h3>\n        <p class=\"subtitulo-assinatura\">Assinatura de 1 ano ou 2 anos<\/p>\n        <div class=\"box-botao\">\n          <a class=\"btn-assinatura\" target=\"_blank\" href=\"https:\/\/www.estrategiaconcursos.com.br\/assinaturas\/\" role=\"button\" rel=\"noopener noreferrer\">ASSINE AGORA<\/a>\n        <\/div>\n      <\/div>\n     \n    <\/div><\/div><\/div>\n\n\n\n<figure class=\"wp-block-image size-large is-resized\"><img loading=\"lazy\" decoding=\"async\" width=\"1024\" height=\"632\" src=\"https:\/\/dhg1h5j42swfq.cloudfront.net\/2021\/04\/06163103\/ficha-tecnica-103-1024x632.png\" alt=\"Ficha t\u00e9cnica\" class=\"wp-image-708709\" style=\"width:268px;height:auto\" srcset=\"https:\/\/dhg1h5j42swfq.cloudfront.net\/2021\/04\/06163103\/ficha-tecnica-103-1024x632.png 1024w, https:\/\/dhg1h5j42swfq.cloudfront.net\/2021\/04\/06163103\/ficha-tecnica-103-300x185.png 300w, https:\/\/dhg1h5j42swfq.cloudfront.net\/2021\/04\/06163103\/ficha-tecnica-103-768x474.png 768w, https:\/\/dhg1h5j42swfq.cloudfront.net\/2021\/04\/06163103\/ficha-tecnica-103-1536x948.png 1536w, https:\/\/dhg1h5j42swfq.cloudfront.net\/2021\/04\/06163103\/ficha-tecnica-103-610x377.png 610w, https:\/\/dhg1h5j42swfq.cloudfront.net\/2021\/04\/06163103\/ficha-tecnica-103.png 1571w\" sizes=\"auto, (max-width: 1024px) 100vw, 1024px\" \/><\/figure>\n\n\n\n<h3 class=\"wp-block-heading\" id=\"ficha-tecnica\"><span style=\"color: #000000;\">\u2666Informa\u00e7\u00f5es do concurso PM AP<\/span> &#8211; Oficial<\/h3>\n\n\n\n<ul class=\"wp-block-list\">\n<li><strong>Provas<\/strong>: 02\/11\/2025<\/li>\n\n\n\n<li><strong>Vagas<\/strong>: 240 CR<\/li>\n\n\n\n<li><strong>Cargo<\/strong>: Oficial<\/li>\n\n\n\n<li><strong>Banca<\/strong>: FCC<\/li>\n\n\n\n<li><strong>Escolaridade<\/strong>: n\u00edvel superior<\/li>\n\n\n\n<li><strong>Edital:<\/strong> <a href=\"https:\/\/dhg1h5j42swfq.cloudfront.net\/2025\/07\/04174320\/edital-pm-ap-2025-oficial.pdf\" target=\"_blank\" rel=\"noreferrer noopener nofollow\">PM AP Oficial-2025<\/a><\/li>\n<\/ul>\n\n\n\n<h3 class=\"wp-block-heading\" id=\"ficha-tecnica\"><span style=\"color: #000000;\">\u2666Informa\u00e7\u00f5es do concurso PM AP<\/span> &#8211; Soldado<\/h3>\n\n\n\n<ul class=\"wp-block-list\">\n<li><span style=\"color: #000000;\"><strong>Vagas<\/strong>: 2.500 CR<\/span><\/li>\n\n\n\n<li><strong>Cargo<\/strong>: Soldado<\/li>\n\n\n\n<li><span style=\"color: #000000;\"><strong>Banca<\/strong>: FCC<\/span><\/li>\n\n\n\n<li><span style=\"color: #000000;\"><strong>Escolaridade<\/strong>: N\u00edvel m\u00e9dio<\/span><\/li>\n\n\n\n<li><span style=\"color: #000000;\"><strong>Edital<\/strong>:&nbsp;<\/span><a href=\"https:\/\/dhg1h5j42swfq.cloudfront.net\/2022\/04\/28154117\/edital_pm_n0_01-2022_28-04-2022__1__publicar.pdf\" target=\"_blank\" rel=\"noreferrer noopener nofollow\">PM AP 2022<\/a> | <a href=\"https:\/\/dhg1h5j42swfq.cloudfront.net\/2022\/09\/16203210\/retificacao-pm-ap.pdf\" target=\"_blank\" rel=\"noreferrer noopener nofollow\">1\u00aa ret.<\/a><\/li>\n<\/ul>\n","protected":false},"excerpt":{"rendered":"<p>Concurso PM AP para o cargo de Soldado est\u00e1 homologado! Foi divulgado o resultado definitivo da prova objetiva do concurso PM AP (Pol\u00edcia Militar do Estado do Amap\u00e1) para o cargo de Oficial Combatente. Com mais de 18 mil inscri\u00e7\u00f5es registradas, o certame oferta 240 vagas em cadastro reserva para candidatos que possuam curso de [&hellip;]<\/p>\n","protected":false},"author":1206,"featured_media":777118,"comment_status":"open","ping_status":"open","sticky":false,"template":"","format":"standard","meta":{"post_tipo":"news_page","footnotes":""},"categories":[220186,220187],"tags":[],"tax_estado":[219967],"class_list":["post-56618","post","type-post","status-publish","format-standard","has-post-thumbnail","hentry","category-policial-oficial","category-policial-pracas","tax_estado-ap"],"acf":[],"yoast_head":"<!-- This site is optimized with the Yoast SEO Premium plugin v27.2 (Yoast SEO v27.2) - https:\/\/yoast.com\/product\/yoast-seo-premium-wordpress\/ -->\n<title>Concurso PM AP: sa\u00edram os resultados para Oficial!<\/title>\n<meta name=\"description\" content=\"Edital publicado com 240 vagas CR para Oficial do Concurso PM AP! Certame para 2.500 vagas para Soldado est\u00e1 homologado.\" \/>\n<meta name=\"robots\" content=\"index, follow, max-snippet:-1, max-image-preview:large, max-video-preview:-1\" \/>\n<link rel=\"canonical\" href=\"https:\/\/www.estrategiaconcursos.com.br\/blog\/concurso-pm-ap\/\" \/>\n<meta property=\"og:locale\" content=\"pt_BR\" \/>\n<meta property=\"og:type\" content=\"article\" \/>\n<meta property=\"og:title\" content=\"Concurso PM AP: sa\u00edram os resultados para Oficial!\" \/>\n<meta property=\"og:description\" content=\"Edital publicado com 240 vagas CR para Oficial do Concurso PM AP! Certame para 2.500 vagas para Soldado est\u00e1 homologado.\" \/>\n<meta property=\"og:url\" content=\"https:\/\/www.estrategiaconcursos.com.br\/blog\/concurso-pm-ap\/\" \/>\n<meta property=\"og:site_name\" content=\"Estrat\u00e9gia Concursos\" \/>\n<meta property=\"article:published_time\" content=\"2026-04-13T23:41:21+00:00\" \/>\n<meta property=\"article:modified_time\" content=\"2026-04-14T02:41:22+00:00\" \/>\n<meta property=\"og:image\" content=\"https:\/\/dhg1h5j42swfq.cloudfront.net\/2021\/06\/25131101\/pm-ap.jpg\" \/>\n\t<meta property=\"og:image:width\" content=\"768\" \/>\n\t<meta property=\"og:image:height\" content=\"432\" \/>\n\t<meta property=\"og:image:type\" content=\"image\/jpeg\" \/>\n<meta name=\"author\" content=\"Bruna de Andrade Fran\u00e7a\" \/>\n<meta name=\"twitter:card\" content=\"summary_large_image\" \/>\n<meta name=\"twitter:creator\" content=\"@EstratConcursos\" \/>\n<meta name=\"twitter:site\" content=\"@EstratConcursos\" \/>\n<meta name=\"twitter:label1\" content=\"Escrito por\" \/>\n\t<meta name=\"twitter:data1\" content=\"Bruna de Andrade Fran\u00e7a\" \/>\n\t<meta name=\"twitter:label2\" content=\"Est. tempo de leitura\" \/>\n\t<meta name=\"twitter:data2\" content=\"9 minutos\" \/>\n<script type=\"application\/ld+json\" class=\"yoast-schema-graph\">{\"@context\":\"https:\/\/schema.org\",\"@graph\":[{\"@type\":\"NewsArticle\",\"@id\":\"https:\/\/www.estrategiaconcursos.com.br\/blog\/concurso-pm-ap\/#article\",\"isPartOf\":{\"@id\":\"https:\/\/www.estrategiaconcursos.com.br\/blog\/concurso-pm-ap\/\"},\"author\":{\"name\":\"Bruna de Andrade Fran\u00e7a\",\"@id\":\"https:\/\/www.estrategiaconcursos.com.br\/blog\/#\/schema\/person\/6630f91134abc08115cca62ce6372855\"},\"headline\":\"Concurso PM AP: sa\u00edram os resultados para Oficial!\",\"datePublished\":\"2026-04-13T23:41:21+00:00\",\"dateModified\":\"2026-04-14T02:41:22+00:00\",\"mainEntityOfPage\":{\"@id\":\"https:\/\/www.estrategiaconcursos.com.br\/blog\/concurso-pm-ap\/\"},\"wordCount\":2299,\"commentCount\":0,\"publisher\":{\"@id\":\"https:\/\/www.estrategiaconcursos.com.br\/blog\/#organization\"},\"image\":{\"@id\":\"https:\/\/www.estrategiaconcursos.com.br\/blog\/concurso-pm-ap\/#primaryimage\"},\"thumbnailUrl\":\"https:\/\/dhg1h5j42swfq.cloudfront.net\/2021\/06\/25131101\/pm-ap.jpg\",\"articleSection\":[\"Policial (PM\/BM - Oficial)\",\"Policial (PM\/BM - Pra\u00e7as)\"],\"inLanguage\":\"pt-BR\",\"potentialAction\":[{\"@type\":\"CommentAction\",\"name\":\"Comment\",\"target\":[\"https:\/\/www.estrategiaconcursos.com.br\/blog\/concurso-pm-ap\/#respond\"]}],\"copyrightYear\":\"2026\",\"copyrightHolder\":{\"@id\":\"https:\/\/www.estrategiaconcursos.com.br\/blog\/#organization\"}},{\"@type\":\"WebPage\",\"@id\":\"https:\/\/www.estrategiaconcursos.com.br\/blog\/concurso-pm-ap\/\",\"url\":\"https:\/\/www.estrategiaconcursos.com.br\/blog\/concurso-pm-ap\/\",\"name\":\"Concurso PM AP: sa\u00edram os resultados para Oficial!\",\"isPartOf\":{\"@id\":\"https:\/\/www.estrategiaconcursos.com.br\/blog\/#website\"},\"primaryImageOfPage\":{\"@id\":\"https:\/\/www.estrategiaconcursos.com.br\/blog\/concurso-pm-ap\/#primaryimage\"},\"image\":{\"@id\":\"https:\/\/www.estrategiaconcursos.com.br\/blog\/concurso-pm-ap\/#primaryimage\"},\"thumbnailUrl\":\"https:\/\/dhg1h5j42swfq.cloudfront.net\/2021\/06\/25131101\/pm-ap.jpg\",\"datePublished\":\"2026-04-13T23:41:21+00:00\",\"dateModified\":\"2026-04-14T02:41:22+00:00\",\"description\":\"Edital publicado com 240 vagas CR para Oficial do Concurso PM AP! Certame para 2.500 vagas para Soldado est\u00e1 homologado.\",\"breadcrumb\":{\"@id\":\"https:\/\/www.estrategiaconcursos.com.br\/blog\/concurso-pm-ap\/#breadcrumb\"},\"inLanguage\":\"pt-BR\",\"potentialAction\":[{\"@type\":\"ReadAction\",\"target\":[\"https:\/\/www.estrategiaconcursos.com.br\/blog\/concurso-pm-ap\/\"]}]},{\"@type\":\"ImageObject\",\"inLanguage\":\"pt-BR\",\"@id\":\"https:\/\/www.estrategiaconcursos.com.br\/blog\/concurso-pm-ap\/#primaryimage\",\"url\":\"https:\/\/dhg1h5j42swfq.cloudfront.net\/2021\/06\/25131101\/pm-ap.jpg\",\"contentUrl\":\"https:\/\/dhg1h5j42swfq.cloudfront.net\/2021\/06\/25131101\/pm-ap.jpg\",\"width\":768,\"height\":432,\"caption\":\"PM AP\"},{\"@type\":\"BreadcrumbList\",\"@id\":\"https:\/\/www.estrategiaconcursos.com.br\/blog\/concurso-pm-ap\/#breadcrumb\",\"itemListElement\":[{\"@type\":\"ListItem\",\"position\":1,\"name\":\"In\u00edcio\",\"item\":\"https:\/\/www.estrategiaconcursos.com.br\/blog\/\"},{\"@type\":\"ListItem\",\"position\":2,\"name\":\"Concurso PM AP: sa\u00edram os resultados para Oficial!\"}]},{\"@type\":\"WebSite\",\"@id\":\"https:\/\/www.estrategiaconcursos.com.br\/blog\/#website\",\"url\":\"https:\/\/www.estrategiaconcursos.com.br\/blog\/\",\"name\":\"Estrat\u00e9gia Concursos\",\"description\":\"O blog da Estrat\u00e9gia Concursos traz not\u00edcias sobre concursos e artigos de professores oferecendo cursos para concursos (pdf + videaulas) no site.\",\"publisher\":{\"@id\":\"https:\/\/www.estrategiaconcursos.com.br\/blog\/#organization\"},\"potentialAction\":[{\"@type\":\"SearchAction\",\"target\":{\"@type\":\"EntryPoint\",\"urlTemplate\":\"https:\/\/www.estrategiaconcursos.com.br\/blog\/?s={search_term_string}\"},\"query-input\":{\"@type\":\"PropertyValueSpecification\",\"valueRequired\":true,\"valueName\":\"search_term_string\"}}],\"inLanguage\":\"pt-BR\"},{\"@type\":\"Organization\",\"@id\":\"https:\/\/www.estrategiaconcursos.com.br\/blog\/#organization\",\"name\":\"Estrat\u00e9gia Concursos\",\"url\":\"https:\/\/www.estrategiaconcursos.com.br\/blog\/\",\"logo\":{\"@type\":\"ImageObject\",\"inLanguage\":\"pt-BR\",\"@id\":\"https:\/\/www.estrategiaconcursos.com.br\/blog\/#\/schema\/logo\/image\/\",\"url\":\"https:\/\/dhg1h5j42swfq.cloudfront.net\/2025\/06\/03203428\/logo_concursos-1.jpg\",\"contentUrl\":\"https:\/\/dhg1h5j42swfq.cloudfront.net\/2025\/06\/03203428\/logo_concursos-1.jpg\",\"width\":230,\"height\":60,\"caption\":\"Estrat\u00e9gia Concursos\"},\"image\":{\"@id\":\"https:\/\/www.estrategiaconcursos.com.br\/blog\/#\/schema\/logo\/image\/\"},\"sameAs\":[\"https:\/\/x.com\/EstratConcursos\"]},{\"@type\":\"Person\",\"@id\":\"https:\/\/www.estrategiaconcursos.com.br\/blog\/#\/schema\/person\/6630f91134abc08115cca62ce6372855\",\"name\":\"Bruna de Andrade Fran\u00e7a\",\"image\":{\"@type\":\"ImageObject\",\"inLanguage\":\"pt-BR\",\"@id\":\"https:\/\/secure.gravatar.com\/avatar\/d6316d36d50cea0fadae28ed3015b8870cc90a2d3d8a95c37b44006af36a00e3?s=96&d=mm&r=g\",\"url\":\"https:\/\/secure.gravatar.com\/avatar\/d6316d36d50cea0fadae28ed3015b8870cc90a2d3d8a95c37b44006af36a00e3?s=96&d=mm&r=g\",\"contentUrl\":\"https:\/\/secure.gravatar.com\/avatar\/d6316d36d50cea0fadae28ed3015b8870cc90a2d3d8a95c37b44006af36a00e3?s=96&d=mm&r=g\",\"caption\":\"Bruna de Andrade Fran\u00e7a\"},\"description\":\"Bruna de Andrade Fran\u00e7a \u00e9 publicit\u00e1ria com p\u00f3s-gradua\u00e7\u00e3o em Marketing &amp; Growth, atuando h\u00e1 mais de 6 anos no universo dos concursos p\u00fablicos. Desde 2021, lidera no Blog do Estrat\u00e9gia Concursos a cobertura editorial especializada em Concursos Policiais (PF, PRF, PM, PC, etc.), al\u00e9m das frentes de concursos banc\u00e1rios, de sa\u00fade e da \u00e1rea legislativa. Especialista em reda\u00e7\u00e3o, com pr\u00e1ticas de SEO e Copywriting, possui tamb\u00e9m atua\u00e7\u00e3o pr\u00e1tica de contato direto com \u00f3rg\u00e3os p\u00fablicos respons\u00e1veis por editais, permitindo acesso antecipado a informa\u00e7\u00f5es, desdobramentos importantes e atualiza\u00e7\u00e3o eficiente dos concursos p\u00fablicos.\",\"url\":\"https:\/\/www.estrategiaconcursos.com.br\/blog\/author\/bruna-andrade\/\"}]}<\/script>\n<!-- \/ Yoast SEO Premium plugin. -->","yoast_head_json":{"title":"Concurso PM AP: sa\u00edram os resultados para Oficial!","description":"Edital publicado com 240 vagas CR para Oficial do Concurso PM AP! Certame para 2.500 vagas para Soldado est\u00e1 homologado.","robots":{"index":"index","follow":"follow","max-snippet":"max-snippet:-1","max-image-preview":"max-image-preview:large","max-video-preview":"max-video-preview:-1"},"canonical":"https:\/\/www.estrategiaconcursos.com.br\/blog\/concurso-pm-ap\/","og_locale":"pt_BR","og_type":"article","og_title":"Concurso PM AP: sa\u00edram os resultados para Oficial!","og_description":"Edital publicado com 240 vagas CR para Oficial do Concurso PM AP! Certame para 2.500 vagas para Soldado est\u00e1 homologado.","og_url":"https:\/\/www.estrategiaconcursos.com.br\/blog\/concurso-pm-ap\/","og_site_name":"Estrat\u00e9gia Concursos","article_published_time":"2026-04-13T23:41:21+00:00","article_modified_time":"2026-04-14T02:41:22+00:00","og_image":[{"width":768,"height":432,"url":"https:\/\/dhg1h5j42swfq.cloudfront.net\/2021\/06\/25131101\/pm-ap.jpg","type":"image\/jpeg"}],"author":"Bruna de Andrade Fran\u00e7a","twitter_card":"summary_large_image","twitter_creator":"@EstratConcursos","twitter_site":"@EstratConcursos","twitter_misc":{"Escrito por":"Bruna de Andrade Fran\u00e7a","Est. tempo de leitura":"9 minutos"},"schema":{"@context":"https:\/\/schema.org","@graph":[{"@type":"NewsArticle","@id":"https:\/\/www.estrategiaconcursos.com.br\/blog\/concurso-pm-ap\/#article","isPartOf":{"@id":"https:\/\/www.estrategiaconcursos.com.br\/blog\/concurso-pm-ap\/"},"author":{"name":"Bruna de Andrade Fran\u00e7a","@id":"https:\/\/www.estrategiaconcursos.com.br\/blog\/#\/schema\/person\/6630f91134abc08115cca62ce6372855"},"headline":"Concurso PM AP: sa\u00edram os resultados para Oficial!","datePublished":"2026-04-13T23:41:21+00:00","dateModified":"2026-04-14T02:41:22+00:00","mainEntityOfPage":{"@id":"https:\/\/www.estrategiaconcursos.com.br\/blog\/concurso-pm-ap\/"},"wordCount":2299,"commentCount":0,"publisher":{"@id":"https:\/\/www.estrategiaconcursos.com.br\/blog\/#organization"},"image":{"@id":"https:\/\/www.estrategiaconcursos.com.br\/blog\/concurso-pm-ap\/#primaryimage"},"thumbnailUrl":"https:\/\/dhg1h5j42swfq.cloudfront.net\/2021\/06\/25131101\/pm-ap.jpg","articleSection":["Policial (PM\/BM - Oficial)","Policial (PM\/BM - Pra\u00e7as)"],"inLanguage":"pt-BR","potentialAction":[{"@type":"CommentAction","name":"Comment","target":["https:\/\/www.estrategiaconcursos.com.br\/blog\/concurso-pm-ap\/#respond"]}],"copyrightYear":"2026","copyrightHolder":{"@id":"https:\/\/www.estrategiaconcursos.com.br\/blog\/#organization"}},{"@type":"WebPage","@id":"https:\/\/www.estrategiaconcursos.com.br\/blog\/concurso-pm-ap\/","url":"https:\/\/www.estrategiaconcursos.com.br\/blog\/concurso-pm-ap\/","name":"Concurso PM AP: sa\u00edram os resultados para Oficial!","isPartOf":{"@id":"https:\/\/www.estrategiaconcursos.com.br\/blog\/#website"},"primaryImageOfPage":{"@id":"https:\/\/www.estrategiaconcursos.com.br\/blog\/concurso-pm-ap\/#primaryimage"},"image":{"@id":"https:\/\/www.estrategiaconcursos.com.br\/blog\/concurso-pm-ap\/#primaryimage"},"thumbnailUrl":"https:\/\/dhg1h5j42swfq.cloudfront.net\/2021\/06\/25131101\/pm-ap.jpg","datePublished":"2026-04-13T23:41:21+00:00","dateModified":"2026-04-14T02:41:22+00:00","description":"Edital publicado com 240 vagas CR para Oficial do Concurso PM AP! Certame para 2.500 vagas para Soldado est\u00e1 homologado.","breadcrumb":{"@id":"https:\/\/www.estrategiaconcursos.com.br\/blog\/concurso-pm-ap\/#breadcrumb"},"inLanguage":"pt-BR","potentialAction":[{"@type":"ReadAction","target":["https:\/\/www.estrategiaconcursos.com.br\/blog\/concurso-pm-ap\/"]}]},{"@type":"ImageObject","inLanguage":"pt-BR","@id":"https:\/\/www.estrategiaconcursos.com.br\/blog\/concurso-pm-ap\/#primaryimage","url":"https:\/\/dhg1h5j42swfq.cloudfront.net\/2021\/06\/25131101\/pm-ap.jpg","contentUrl":"https:\/\/dhg1h5j42swfq.cloudfront.net\/2021\/06\/25131101\/pm-ap.jpg","width":768,"height":432,"caption":"PM AP"},{"@type":"BreadcrumbList","@id":"https:\/\/www.estrategiaconcursos.com.br\/blog\/concurso-pm-ap\/#breadcrumb","itemListElement":[{"@type":"ListItem","position":1,"name":"In\u00edcio","item":"https:\/\/www.estrategiaconcursos.com.br\/blog\/"},{"@type":"ListItem","position":2,"name":"Concurso PM AP: sa\u00edram os resultados para Oficial!"}]},{"@type":"WebSite","@id":"https:\/\/www.estrategiaconcursos.com.br\/blog\/#website","url":"https:\/\/www.estrategiaconcursos.com.br\/blog\/","name":"Estrat\u00e9gia Concursos","description":"O blog da Estrat\u00e9gia Concursos traz not\u00edcias sobre concursos e artigos de professores oferecendo cursos para concursos (pdf + videaulas) no site.","publisher":{"@id":"https:\/\/www.estrategiaconcursos.com.br\/blog\/#organization"},"potentialAction":[{"@type":"SearchAction","target":{"@type":"EntryPoint","urlTemplate":"https:\/\/www.estrategiaconcursos.com.br\/blog\/?s={search_term_string}"},"query-input":{"@type":"PropertyValueSpecification","valueRequired":true,"valueName":"search_term_string"}}],"inLanguage":"pt-BR"},{"@type":"Organization","@id":"https:\/\/www.estrategiaconcursos.com.br\/blog\/#organization","name":"Estrat\u00e9gia Concursos","url":"https:\/\/www.estrategiaconcursos.com.br\/blog\/","logo":{"@type":"ImageObject","inLanguage":"pt-BR","@id":"https:\/\/www.estrategiaconcursos.com.br\/blog\/#\/schema\/logo\/image\/","url":"https:\/\/dhg1h5j42swfq.cloudfront.net\/2025\/06\/03203428\/logo_concursos-1.jpg","contentUrl":"https:\/\/dhg1h5j42swfq.cloudfront.net\/2025\/06\/03203428\/logo_concursos-1.jpg","width":230,"height":60,"caption":"Estrat\u00e9gia Concursos"},"image":{"@id":"https:\/\/www.estrategiaconcursos.com.br\/blog\/#\/schema\/logo\/image\/"},"sameAs":["https:\/\/x.com\/EstratConcursos"]},{"@type":"Person","@id":"https:\/\/www.estrategiaconcursos.com.br\/blog\/#\/schema\/person\/6630f91134abc08115cca62ce6372855","name":"Bruna de Andrade Fran\u00e7a","image":{"@type":"ImageObject","inLanguage":"pt-BR","@id":"https:\/\/secure.gravatar.com\/avatar\/d6316d36d50cea0fadae28ed3015b8870cc90a2d3d8a95c37b44006af36a00e3?s=96&d=mm&r=g","url":"https:\/\/secure.gravatar.com\/avatar\/d6316d36d50cea0fadae28ed3015b8870cc90a2d3d8a95c37b44006af36a00e3?s=96&d=mm&r=g","contentUrl":"https:\/\/secure.gravatar.com\/avatar\/d6316d36d50cea0fadae28ed3015b8870cc90a2d3d8a95c37b44006af36a00e3?s=96&d=mm&r=g","caption":"Bruna de Andrade Fran\u00e7a"},"description":"Bruna de Andrade Fran\u00e7a \u00e9 publicit\u00e1ria com p\u00f3s-gradua\u00e7\u00e3o em Marketing &amp; Growth, atuando h\u00e1 mais de 6 anos no universo dos concursos p\u00fablicos. Desde 2021, lidera no Blog do Estrat\u00e9gia Concursos a cobertura editorial especializada em Concursos Policiais (PF, PRF, PM, PC, etc.), al\u00e9m das frentes de concursos banc\u00e1rios, de sa\u00fade e da \u00e1rea legislativa. Especialista em reda\u00e7\u00e3o, com pr\u00e1ticas de SEO e Copywriting, possui tamb\u00e9m atua\u00e7\u00e3o pr\u00e1tica de contato direto com \u00f3rg\u00e3os p\u00fablicos respons\u00e1veis por editais, permitindo acesso antecipado a informa\u00e7\u00f5es, desdobramentos importantes e atualiza\u00e7\u00e3o eficiente dos concursos p\u00fablicos.","url":"https:\/\/www.estrategiaconcursos.com.br\/blog\/author\/bruna-andrade\/"}]}},"_links":{"self":[{"href":"https:\/\/www.estrategiaconcursos.com.br\/blog\/wp-json\/wp\/v2\/posts\/56618","targetHints":{"allow":["GET"]}}],"collection":[{"href":"https:\/\/www.estrategiaconcursos.com.br\/blog\/wp-json\/wp\/v2\/posts"}],"about":[{"href":"https:\/\/www.estrategiaconcursos.com.br\/blog\/wp-json\/wp\/v2\/types\/post"}],"author":[{"embeddable":true,"href":"https:\/\/www.estrategiaconcursos.com.br\/blog\/wp-json\/wp\/v2\/users\/1206"}],"replies":[{"embeddable":true,"href":"https:\/\/www.estrategiaconcursos.com.br\/blog\/wp-json\/wp\/v2\/comments?post=56618"}],"version-history":[{"count":156,"href":"https:\/\/www.estrategiaconcursos.com.br\/blog\/wp-json\/wp\/v2\/posts\/56618\/revisions"}],"predecessor-version":[{"id":1752972,"href":"https:\/\/www.estrategiaconcursos.com.br\/blog\/wp-json\/wp\/v2\/posts\/56618\/revisions\/1752972"}],"wp:featuredmedia":[{"embeddable":true,"href":"https:\/\/www.estrategiaconcursos.com.br\/blog\/wp-json\/wp\/v2\/media\/777118"}],"wp:attachment":[{"href":"https:\/\/www.estrategiaconcursos.com.br\/blog\/wp-json\/wp\/v2\/media?parent=56618"}],"wp:term":[{"taxonomy":"category","embeddable":true,"href":"https:\/\/www.estrategiaconcursos.com.br\/blog\/wp-json\/wp\/v2\/categories?post=56618"},{"taxonomy":"post_tag","embeddable":true,"href":"https:\/\/www.estrategiaconcursos.com.br\/blog\/wp-json\/wp\/v2\/tags?post=56618"},{"taxonomy":"tax_estado","embeddable":true,"href":"https:\/\/www.estrategiaconcursos.com.br\/blog\/wp-json\/wp\/v2\/tax_estado?post=56618"}],"curies":[{"name":"wp","href":"https:\/\/api.w.org\/{rel}","templated":true}]}}