{"id":565914,"date":"2020-09-02T11:54:51","date_gmt":"2020-09-02T14:54:51","guid":{"rendered":"https:\/\/www.estrategiaconcursos.com.br\/blog\/?p=565914"},"modified":"2023-07-05T14:24:44","modified_gmt":"2023-07-05T17:24:44","slug":"pss-ministerio-da-economia-inscricoes-prorrogadas","status":"publish","type":"post","link":"https:\/\/www.estrategiaconcursos.com.br\/blog\/pss-ministerio-da-economia-inscricoes-prorrogadas\/","title":{"rendered":"PSS Minist\u00e9rio da Economia tem inscri\u00e7\u00f5es PRORROGADAS!"},"content":{"rendered":"\n<h2 class=\"wp-block-heading\" id=\"h-edital-oferta-350-vagas-para-profissionais-de-ti-com-salarios-de-r-8-3-mil\"><em>Edital oferta 350 vagas para profissionais de TI, com sal\u00e1rios de R$ 8,3 mil<\/em><\/h2>\n\n\n\n<p>Se voc\u00ea deseja participar do Processo Seletivo Simplificado do Minist\u00e9rio da Economia, temos uma excelente not\u00edcia: <strong>as inscri\u00e7\u00f5es foram prorrogadas<\/strong>! Dessa forma, o per\u00edodo de candidatura fica aberto <strong>at\u00e9 o dia 06 de setembro<\/strong>, pr\u00f3ximo domingo, no site da banca organizadora, o <a rel=\"noreferrer noopener\" href=\"https:\/\/www.cebraspe.org.br\/concursos\/ME_20_PSS\" target=\"_blank\"><span class=\"has-inline-color has-very-dark-gray-color\">Cebraspe<\/span><\/a>.<\/p>\n\n\n\n<p>Al\u00e9m disso, esta segunda retifica\u00e7\u00e3o tamb\u00e9m alterou o <strong>conte\u00fado program\u00e1tico<\/strong> do perfil profissional&nbsp;de Especialista em Experi\u00eancia do Usu\u00e1rio (UX) e os <strong>requisitos <\/strong>dos cargos de Especialista em An\u00e1lise de Processos de Neg\u00f3cios, Especialista em Ci\u00eancias de Dados e Especialista em Gest\u00e3o de Projetos.<\/p>\n\n\n\n<p class=\"has-text-align-center has-very-light-gray-background-color has-background has-medium-font-size\"><a rel=\"noreferrer noopener\" href=\"https:\/\/dhg1h5j42swfq.cloudfront.net\/2020\/09\/02111726\/ED_9_ME_2020_RETIFICAO.pdf\" target=\"_blank\"><em><strong>Retifica\u00e7\u00e3o 2<\/strong><\/em><\/a><\/p>\n\n\n\n<p>Com inscri\u00e7\u00f5es abertas, o edital do Minist\u00e9rio da Economia oferta&nbsp;<strong>350 vagas tempor\u00e1rias&nbsp;<\/strong>para sete cargos com especialidade na \u00e1rea de Tecnologia da Informa\u00e7\u00e3o. Para cada cargo, s\u00e3o 37 oportunidades de ampla concorr\u00eancia, 03 reservadas aos candidatos com defici\u00eancia e 10 para negros. O sal\u00e1rio inicial \u00e9 de&nbsp;<strong>R$ 8.300,00<\/strong>.<\/p>\n\n\n\n<p>De car\u00e1ter eliminat\u00f3rio e classificat\u00f3rio, as provas objetivas ter\u00e3o dura\u00e7\u00e3o de 3 horas e 30 minutos e ser\u00e3o aplicadas na data prevista de&nbsp;<strong>11 de outubro<\/strong>, em diferentes cidades. As quest\u00f5es abranger\u00e3o Conhecimentos Gerais e Espec\u00edficos, com o julgamento cl\u00e1ssico do Cebraspe: certo ou errado. <\/p>\n\n\n\n<p class=\"has-text-align-center has-very-light-gray-background-color has-background has-medium-font-size\"><strong>Saiba mais: <a rel=\"noreferrer noopener\" href=\"https:\/\/www.estrategiaconcursos.com.br\/blog\/concurso-ministerio-da-economia\/\" target=\"_blank\">Concurso Minist\u00e9rio da Economia<\/a><\/strong><\/p>\n\n\n\n<hr class=\"wp-block-separator has-css-opacity\"\/>\n\n\n\n<p class=\"has-text-align-center has-medium-font-size\"><em><strong>Assinatura Anual Ilimitada*<\/strong><\/em><\/p>\n\n\n\n<p class=\"has-text-align-center\"><em>Prepare-se com o melhor material e com quem mais aprova em Concursos P\u00fablicos em todo o pa\u00eds. Assine agora a nossa Assinatura Anual e tenha acesso ilimitado* a todos os nossos cursos.<\/em><\/p>\n\n\n\n<p class=\"has-text-align-center has-light-green-cyan-background-color has-background has-medium-font-size\"><strong>ASSINE AGORA<\/strong>&nbsp;\u2013&nbsp;<a rel=\"noreferrer noopener\" href=\"https:\/\/www.estrategiaconcursos.com.br\/assinaturas\" target=\"_blank\"><strong>Assinatura Ilimitada<\/strong><\/a><\/p>\n\n\n\n<p class=\"has-text-align-center has-medium-font-size\"><strong><em>Sistema de Quest\u00f5es<\/em><\/strong><\/p>\n\n\n\n<p class=\"has-text-align-center\"><em>Estrat\u00e9gia Quest\u00f5es nasceu maior do que todos os concorrentes, com mais quest\u00f5es cadastradas e mais solu\u00e7\u00f5es por professores. Ent\u00e3o, se apresse, confira e aproveite os descontos e b\u00f4nus imperd\u00edveis!<\/em><\/p>\n\n\n\n<p class=\"has-text-align-center has-vivid-green-cyan-background-color has-background\" style=\"font-size:clamp(14.642px, 0.915rem + ((1vw - 3.2px) * 0.721), 22px);px\"><strong>ASSINE AGORA &#8211; <a href=\"https:\/\/questoes.estrategiaconcursos.com.br\/\" target=\"_blank\" rel=\"noreferrer noopener\">Sistema de Quest\u00f5es<\/a><\/strong><\/p>\n\n\n\n<h4 class=\"wp-block-heading has-text-align-center\" id=\"h-alem-do-ministerio-da-economia-confira-outros-concursos-com-inscricoes-abertas\"><em><strong>Al\u00e9m do Minist\u00e9rio da Economia, confira outros concursos com inscri\u00e7\u00f5es abertas<\/strong><\/em><\/h4>\n\n\n\n<p class=\"has-text-align-center has-pale-cyan-blue-background-color has-background\" style=\"font-size:clamp(14.642px, 0.915rem + ((1vw - 3.2px) * 0.721), 22px);px\"><a aria-label=\"Concursos abertos (abre numa nova aba)\" href=\"https:\/\/www.estrategiaconcursos.com.br\/blog\/concursos-abertos\/\" target=\"_blank\" rel=\"noreferrer noopener\"><strong>CONCURSOS ABERTOS<\/strong><\/a><\/p>\n","protected":false},"excerpt":{"rendered":"<p>Edital oferta 350 vagas para profissionais de TI, com sal\u00e1rios de R$ 8,3 mil Se voc\u00ea deseja participar do Processo Seletivo Simplificado do Minist\u00e9rio da Economia, temos uma excelente not\u00edcia: as inscri\u00e7\u00f5es foram prorrogadas! Dessa forma, o per\u00edodo de candidatura fica aberto at\u00e9 o dia 06 de setembro, pr\u00f3ximo domingo, no site da banca organizadora, [&hellip;]<\/p>\n","protected":false},"author":1445,"featured_media":565965,"comment_status":"open","ping_status":"closed","sticky":false,"template":"","format":"standard","meta":{"post_tipo":"article","footnotes":""},"categories":[1],"tags":[],"tax_estado":[],"class_list":["post-565914","post","type-post","status-publish","format-standard","has-post-thumbnail","hentry","category-cursos-e-concursos"],"acf":[],"yoast_head":"<!-- This site is optimized with the Yoast SEO Premium plugin v27.2 (Yoast SEO v27.2) - https:\/\/yoast.com\/product\/yoast-seo-premium-wordpress\/ -->\n<title>PSS Minist\u00e9rio da Economia tem inscri\u00e7\u00f5es PRORROGADAS!<\/title>\n<meta name=\"description\" content=\"As inscri\u00e7\u00f5es do PSS do Minist\u00e9rio da Economia foram prorrogadas at\u00e9 06 de setembro. S\u00e3o 350 vagas para \u00e1rea de TI. Confira!\" \/>\n<meta name=\"robots\" content=\"index, follow, max-snippet:-1, max-image-preview:large, max-video-preview:-1\" \/>\n<link rel=\"canonical\" href=\"https:\/\/www.estrategiaconcursos.com.br\/blog\/pss-ministerio-da-economia-inscricoes-prorrogadas\/\" \/>\n<meta property=\"og:locale\" content=\"pt_BR\" \/>\n<meta property=\"og:type\" content=\"article\" \/>\n<meta property=\"og:title\" content=\"PSS Minist\u00e9rio da Economia tem inscri\u00e7\u00f5es PRORROGADAS!\" \/>\n<meta property=\"og:description\" content=\"As inscri\u00e7\u00f5es do PSS do Minist\u00e9rio da Economia foram prorrogadas at\u00e9 06 de setembro. S\u00e3o 350 vagas para \u00e1rea de TI. Confira!\" \/>\n<meta property=\"og:url\" content=\"https:\/\/www.estrategiaconcursos.com.br\/blog\/pss-ministerio-da-economia-inscricoes-prorrogadas\/\" \/>\n<meta property=\"og:site_name\" content=\"Estrat\u00e9gia Concursos\" \/>\n<meta property=\"article:published_time\" content=\"2020-09-02T14:54:51+00:00\" \/>\n<meta property=\"article:modified_time\" content=\"2023-07-05T17:24:44+00:00\" \/>\n<meta property=\"og:image\" content=\"https:\/\/dhg1h5j42swfq.cloudfront.net\/2020\/09\/02115006\/minist%C3%A9rio-da-economia-inscri%C3%A7%C3%B5es.jpg\" \/>\n\t<meta property=\"og:image:width\" content=\"311\" \/>\n\t<meta property=\"og:image:height\" content=\"162\" \/>\n\t<meta property=\"og:image:type\" content=\"image\/jpeg\" \/>\n<meta name=\"author\" content=\"Ranielison Ferreira dos Passos\" \/>\n<meta name=\"twitter:card\" content=\"summary_large_image\" \/>\n<meta name=\"twitter:creator\" content=\"@EstratConcursos\" \/>\n<meta name=\"twitter:site\" content=\"@EstratConcursos\" \/>\n<meta name=\"twitter:label1\" content=\"Escrito por\" \/>\n\t<meta name=\"twitter:data1\" content=\"Ranielison Ferreira dos Passos\" \/>\n\t<meta name=\"twitter:label2\" content=\"Est. tempo de leitura\" \/>\n\t<meta name=\"twitter:data2\" content=\"2 minutos\" \/>\n<script type=\"application\/ld+json\" class=\"yoast-schema-graph\">{\"@context\":\"https:\/\/schema.org\",\"@graph\":[{\"@type\":\"NewsArticle\",\"@id\":\"https:\/\/www.estrategiaconcursos.com.br\/blog\/pss-ministerio-da-economia-inscricoes-prorrogadas\/#article\",\"isPartOf\":{\"@id\":\"https:\/\/www.estrategiaconcursos.com.br\/blog\/pss-ministerio-da-economia-inscricoes-prorrogadas\/\"},\"author\":{\"name\":\"Ranielison Ferreira dos Passos\",\"@id\":\"https:\/\/www.estrategiaconcursos.com.br\/blog\/#\/schema\/person\/bd2f1a104527c34ba6f439874a311c84\"},\"headline\":\"PSS Minist\u00e9rio da Economia tem inscri\u00e7\u00f5es PRORROGADAS!\",\"datePublished\":\"2020-09-02T14:54:51+00:00\",\"dateModified\":\"2023-07-05T17:24:44+00:00\",\"mainEntityOfPage\":{\"@id\":\"https:\/\/www.estrategiaconcursos.com.br\/blog\/pss-ministerio-da-economia-inscricoes-prorrogadas\/\"},\"wordCount\":348,\"commentCount\":0,\"publisher\":{\"@id\":\"https:\/\/www.estrategiaconcursos.com.br\/blog\/#organization\"},\"image\":{\"@id\":\"https:\/\/www.estrategiaconcursos.com.br\/blog\/pss-ministerio-da-economia-inscricoes-prorrogadas\/#primaryimage\"},\"thumbnailUrl\":\"https:\/\/dhg1h5j42swfq.cloudfront.net\/2020\/09\/02115006\/minist%C3%A9rio-da-economia-inscri%C3%A7%C3%B5es.jpg\",\"articleSection\":[\"Concursos P\u00fablicos\"],\"inLanguage\":\"pt-BR\",\"potentialAction\":[{\"@type\":\"CommentAction\",\"name\":\"Comment\",\"target\":[\"https:\/\/www.estrategiaconcursos.com.br\/blog\/pss-ministerio-da-economia-inscricoes-prorrogadas\/#respond\"]}],\"copyrightYear\":\"2020\",\"copyrightHolder\":{\"@id\":\"https:\/\/www.estrategiaconcursos.com.br\/blog\/#organization\"}},{\"@type\":\"WebPage\",\"@id\":\"https:\/\/www.estrategiaconcursos.com.br\/blog\/pss-ministerio-da-economia-inscricoes-prorrogadas\/\",\"url\":\"https:\/\/www.estrategiaconcursos.com.br\/blog\/pss-ministerio-da-economia-inscricoes-prorrogadas\/\",\"name\":\"PSS Minist\u00e9rio da Economia tem inscri\u00e7\u00f5es PRORROGADAS!\",\"isPartOf\":{\"@id\":\"https:\/\/www.estrategiaconcursos.com.br\/blog\/#website\"},\"primaryImageOfPage\":{\"@id\":\"https:\/\/www.estrategiaconcursos.com.br\/blog\/pss-ministerio-da-economia-inscricoes-prorrogadas\/#primaryimage\"},\"image\":{\"@id\":\"https:\/\/www.estrategiaconcursos.com.br\/blog\/pss-ministerio-da-economia-inscricoes-prorrogadas\/#primaryimage\"},\"thumbnailUrl\":\"https:\/\/dhg1h5j42swfq.cloudfront.net\/2020\/09\/02115006\/minist%C3%A9rio-da-economia-inscri%C3%A7%C3%B5es.jpg\",\"datePublished\":\"2020-09-02T14:54:51+00:00\",\"dateModified\":\"2023-07-05T17:24:44+00:00\",\"description\":\"As inscri\u00e7\u00f5es do PSS do Minist\u00e9rio da Economia foram prorrogadas at\u00e9 06 de setembro. S\u00e3o 350 vagas para \u00e1rea de TI. Confira!\",\"breadcrumb\":{\"@id\":\"https:\/\/www.estrategiaconcursos.com.br\/blog\/pss-ministerio-da-economia-inscricoes-prorrogadas\/#breadcrumb\"},\"inLanguage\":\"pt-BR\",\"potentialAction\":[{\"@type\":\"ReadAction\",\"target\":[\"https:\/\/www.estrategiaconcursos.com.br\/blog\/pss-ministerio-da-economia-inscricoes-prorrogadas\/\"]}]},{\"@type\":\"ImageObject\",\"inLanguage\":\"pt-BR\",\"@id\":\"https:\/\/www.estrategiaconcursos.com.br\/blog\/pss-ministerio-da-economia-inscricoes-prorrogadas\/#primaryimage\",\"url\":\"https:\/\/dhg1h5j42swfq.cloudfront.net\/2020\/09\/02115006\/minist%C3%A9rio-da-economia-inscri%C3%A7%C3%B5es.jpg\",\"contentUrl\":\"https:\/\/dhg1h5j42swfq.cloudfront.net\/2020\/09\/02115006\/minist%C3%A9rio-da-economia-inscri%C3%A7%C3%B5es.jpg\",\"width\":311,\"height\":162,\"caption\":\"Concurso Tempor\u00e1rio Minist\u00e9rio da Economia\"},{\"@type\":\"BreadcrumbList\",\"@id\":\"https:\/\/www.estrategiaconcursos.com.br\/blog\/pss-ministerio-da-economia-inscricoes-prorrogadas\/#breadcrumb\",\"itemListElement\":[{\"@type\":\"ListItem\",\"position\":1,\"name\":\"In\u00edcio\",\"item\":\"https:\/\/www.estrategiaconcursos.com.br\/blog\/\"},{\"@type\":\"ListItem\",\"position\":2,\"name\":\"PSS Minist\u00e9rio da Economia tem inscri\u00e7\u00f5es PRORROGADAS!\"}]},{\"@type\":\"WebSite\",\"@id\":\"https:\/\/www.estrategiaconcursos.com.br\/blog\/#website\",\"url\":\"https:\/\/www.estrategiaconcursos.com.br\/blog\/\",\"name\":\"Estrat\u00e9gia Concursos\",\"description\":\"O blog da Estrat\u00e9gia Concursos traz not\u00edcias sobre concursos e artigos de professores oferecendo cursos para concursos (pdf + videaulas) no site.\",\"publisher\":{\"@id\":\"https:\/\/www.estrategiaconcursos.com.br\/blog\/#organization\"},\"potentialAction\":[{\"@type\":\"SearchAction\",\"target\":{\"@type\":\"EntryPoint\",\"urlTemplate\":\"https:\/\/www.estrategiaconcursos.com.br\/blog\/?s={search_term_string}\"},\"query-input\":{\"@type\":\"PropertyValueSpecification\",\"valueRequired\":true,\"valueName\":\"search_term_string\"}}],\"inLanguage\":\"pt-BR\"},{\"@type\":\"Organization\",\"@id\":\"https:\/\/www.estrategiaconcursos.com.br\/blog\/#organization\",\"name\":\"Estrat\u00e9gia Concursos\",\"url\":\"https:\/\/www.estrategiaconcursos.com.br\/blog\/\",\"logo\":{\"@type\":\"ImageObject\",\"inLanguage\":\"pt-BR\",\"@id\":\"https:\/\/www.estrategiaconcursos.com.br\/blog\/#\/schema\/logo\/image\/\",\"url\":\"https:\/\/dhg1h5j42swfq.cloudfront.net\/2025\/06\/03203428\/logo_concursos-1.jpg\",\"contentUrl\":\"https:\/\/dhg1h5j42swfq.cloudfront.net\/2025\/06\/03203428\/logo_concursos-1.jpg\",\"width\":230,\"height\":60,\"caption\":\"Estrat\u00e9gia Concursos\"},\"image\":{\"@id\":\"https:\/\/www.estrategiaconcursos.com.br\/blog\/#\/schema\/logo\/image\/\"},\"sameAs\":[\"https:\/\/x.com\/EstratConcursos\"]},{\"@type\":\"Person\",\"@id\":\"https:\/\/www.estrategiaconcursos.com.br\/blog\/#\/schema\/person\/bd2f1a104527c34ba6f439874a311c84\",\"name\":\"Ranielison Ferreira dos Passos\",\"image\":{\"@type\":\"ImageObject\",\"inLanguage\":\"pt-BR\",\"@id\":\"https:\/\/secure.gravatar.com\/avatar\/43012808437351e2b100789a4305f65f876b42bea342a9ce3d967faa63377404?s=96&d=mm&r=g\",\"url\":\"https:\/\/secure.gravatar.com\/avatar\/43012808437351e2b100789a4305f65f876b42bea342a9ce3d967faa63377404?s=96&d=mm&r=g\",\"contentUrl\":\"https:\/\/secure.gravatar.com\/avatar\/43012808437351e2b100789a4305f65f876b42bea342a9ce3d967faa63377404?s=96&d=mm&r=g\",\"caption\":\"Ranielison Ferreira dos Passos\"},\"url\":\"https:\/\/www.estrategiaconcursos.com.br\/blog\/author\/ranielisongmail-com\/\"}]}<\/script>\n<!-- \/ Yoast SEO Premium plugin. -->","yoast_head_json":{"title":"PSS Minist\u00e9rio da Economia tem inscri\u00e7\u00f5es PRORROGADAS!","description":"As inscri\u00e7\u00f5es do PSS do Minist\u00e9rio da Economia foram prorrogadas at\u00e9 06 de setembro. S\u00e3o 350 vagas para \u00e1rea de TI. Confira!","robots":{"index":"index","follow":"follow","max-snippet":"max-snippet:-1","max-image-preview":"max-image-preview:large","max-video-preview":"max-video-preview:-1"},"canonical":"https:\/\/www.estrategiaconcursos.com.br\/blog\/pss-ministerio-da-economia-inscricoes-prorrogadas\/","og_locale":"pt_BR","og_type":"article","og_title":"PSS Minist\u00e9rio da Economia tem inscri\u00e7\u00f5es PRORROGADAS!","og_description":"As inscri\u00e7\u00f5es do PSS do Minist\u00e9rio da Economia foram prorrogadas at\u00e9 06 de setembro. S\u00e3o 350 vagas para \u00e1rea de TI. Confira!","og_url":"https:\/\/www.estrategiaconcursos.com.br\/blog\/pss-ministerio-da-economia-inscricoes-prorrogadas\/","og_site_name":"Estrat\u00e9gia Concursos","article_published_time":"2020-09-02T14:54:51+00:00","article_modified_time":"2023-07-05T17:24:44+00:00","og_image":[{"width":311,"height":162,"url":"https:\/\/dhg1h5j42swfq.cloudfront.net\/2020\/09\/02115006\/minist%C3%A9rio-da-economia-inscri%C3%A7%C3%B5es.jpg","type":"image\/jpeg"}],"author":"Ranielison Ferreira dos Passos","twitter_card":"summary_large_image","twitter_creator":"@EstratConcursos","twitter_site":"@EstratConcursos","twitter_misc":{"Escrito por":"Ranielison Ferreira dos Passos","Est. tempo de leitura":"2 minutos"},"schema":{"@context":"https:\/\/schema.org","@graph":[{"@type":"NewsArticle","@id":"https:\/\/www.estrategiaconcursos.com.br\/blog\/pss-ministerio-da-economia-inscricoes-prorrogadas\/#article","isPartOf":{"@id":"https:\/\/www.estrategiaconcursos.com.br\/blog\/pss-ministerio-da-economia-inscricoes-prorrogadas\/"},"author":{"name":"Ranielison Ferreira dos Passos","@id":"https:\/\/www.estrategiaconcursos.com.br\/blog\/#\/schema\/person\/bd2f1a104527c34ba6f439874a311c84"},"headline":"PSS Minist\u00e9rio da Economia tem inscri\u00e7\u00f5es PRORROGADAS!","datePublished":"2020-09-02T14:54:51+00:00","dateModified":"2023-07-05T17:24:44+00:00","mainEntityOfPage":{"@id":"https:\/\/www.estrategiaconcursos.com.br\/blog\/pss-ministerio-da-economia-inscricoes-prorrogadas\/"},"wordCount":348,"commentCount":0,"publisher":{"@id":"https:\/\/www.estrategiaconcursos.com.br\/blog\/#organization"},"image":{"@id":"https:\/\/www.estrategiaconcursos.com.br\/blog\/pss-ministerio-da-economia-inscricoes-prorrogadas\/#primaryimage"},"thumbnailUrl":"https:\/\/dhg1h5j42swfq.cloudfront.net\/2020\/09\/02115006\/minist%C3%A9rio-da-economia-inscri%C3%A7%C3%B5es.jpg","articleSection":["Concursos P\u00fablicos"],"inLanguage":"pt-BR","potentialAction":[{"@type":"CommentAction","name":"Comment","target":["https:\/\/www.estrategiaconcursos.com.br\/blog\/pss-ministerio-da-economia-inscricoes-prorrogadas\/#respond"]}],"copyrightYear":"2020","copyrightHolder":{"@id":"https:\/\/www.estrategiaconcursos.com.br\/blog\/#organization"}},{"@type":"WebPage","@id":"https:\/\/www.estrategiaconcursos.com.br\/blog\/pss-ministerio-da-economia-inscricoes-prorrogadas\/","url":"https:\/\/www.estrategiaconcursos.com.br\/blog\/pss-ministerio-da-economia-inscricoes-prorrogadas\/","name":"PSS Minist\u00e9rio da Economia tem inscri\u00e7\u00f5es PRORROGADAS!","isPartOf":{"@id":"https:\/\/www.estrategiaconcursos.com.br\/blog\/#website"},"primaryImageOfPage":{"@id":"https:\/\/www.estrategiaconcursos.com.br\/blog\/pss-ministerio-da-economia-inscricoes-prorrogadas\/#primaryimage"},"image":{"@id":"https:\/\/www.estrategiaconcursos.com.br\/blog\/pss-ministerio-da-economia-inscricoes-prorrogadas\/#primaryimage"},"thumbnailUrl":"https:\/\/dhg1h5j42swfq.cloudfront.net\/2020\/09\/02115006\/minist%C3%A9rio-da-economia-inscri%C3%A7%C3%B5es.jpg","datePublished":"2020-09-02T14:54:51+00:00","dateModified":"2023-07-05T17:24:44+00:00","description":"As inscri\u00e7\u00f5es do PSS do Minist\u00e9rio da Economia foram prorrogadas at\u00e9 06 de setembro. S\u00e3o 350 vagas para \u00e1rea de TI. Confira!","breadcrumb":{"@id":"https:\/\/www.estrategiaconcursos.com.br\/blog\/pss-ministerio-da-economia-inscricoes-prorrogadas\/#breadcrumb"},"inLanguage":"pt-BR","potentialAction":[{"@type":"ReadAction","target":["https:\/\/www.estrategiaconcursos.com.br\/blog\/pss-ministerio-da-economia-inscricoes-prorrogadas\/"]}]},{"@type":"ImageObject","inLanguage":"pt-BR","@id":"https:\/\/www.estrategiaconcursos.com.br\/blog\/pss-ministerio-da-economia-inscricoes-prorrogadas\/#primaryimage","url":"https:\/\/dhg1h5j42swfq.cloudfront.net\/2020\/09\/02115006\/minist%C3%A9rio-da-economia-inscri%C3%A7%C3%B5es.jpg","contentUrl":"https:\/\/dhg1h5j42swfq.cloudfront.net\/2020\/09\/02115006\/minist%C3%A9rio-da-economia-inscri%C3%A7%C3%B5es.jpg","width":311,"height":162,"caption":"Concurso Tempor\u00e1rio Minist\u00e9rio da Economia"},{"@type":"BreadcrumbList","@id":"https:\/\/www.estrategiaconcursos.com.br\/blog\/pss-ministerio-da-economia-inscricoes-prorrogadas\/#breadcrumb","itemListElement":[{"@type":"ListItem","position":1,"name":"In\u00edcio","item":"https:\/\/www.estrategiaconcursos.com.br\/blog\/"},{"@type":"ListItem","position":2,"name":"PSS Minist\u00e9rio da Economia tem inscri\u00e7\u00f5es PRORROGADAS!"}]},{"@type":"WebSite","@id":"https:\/\/www.estrategiaconcursos.com.br\/blog\/#website","url":"https:\/\/www.estrategiaconcursos.com.br\/blog\/","name":"Estrat\u00e9gia Concursos","description":"O blog da Estrat\u00e9gia Concursos traz not\u00edcias sobre concursos e artigos de professores oferecendo cursos para concursos (pdf + videaulas) no site.","publisher":{"@id":"https:\/\/www.estrategiaconcursos.com.br\/blog\/#organization"},"potentialAction":[{"@type":"SearchAction","target":{"@type":"EntryPoint","urlTemplate":"https:\/\/www.estrategiaconcursos.com.br\/blog\/?s={search_term_string}"},"query-input":{"@type":"PropertyValueSpecification","valueRequired":true,"valueName":"search_term_string"}}],"inLanguage":"pt-BR"},{"@type":"Organization","@id":"https:\/\/www.estrategiaconcursos.com.br\/blog\/#organization","name":"Estrat\u00e9gia Concursos","url":"https:\/\/www.estrategiaconcursos.com.br\/blog\/","logo":{"@type":"ImageObject","inLanguage":"pt-BR","@id":"https:\/\/www.estrategiaconcursos.com.br\/blog\/#\/schema\/logo\/image\/","url":"https:\/\/dhg1h5j42swfq.cloudfront.net\/2025\/06\/03203428\/logo_concursos-1.jpg","contentUrl":"https:\/\/dhg1h5j42swfq.cloudfront.net\/2025\/06\/03203428\/logo_concursos-1.jpg","width":230,"height":60,"caption":"Estrat\u00e9gia Concursos"},"image":{"@id":"https:\/\/www.estrategiaconcursos.com.br\/blog\/#\/schema\/logo\/image\/"},"sameAs":["https:\/\/x.com\/EstratConcursos"]},{"@type":"Person","@id":"https:\/\/www.estrategiaconcursos.com.br\/blog\/#\/schema\/person\/bd2f1a104527c34ba6f439874a311c84","name":"Ranielison Ferreira dos Passos","image":{"@type":"ImageObject","inLanguage":"pt-BR","@id":"https:\/\/secure.gravatar.com\/avatar\/43012808437351e2b100789a4305f65f876b42bea342a9ce3d967faa63377404?s=96&d=mm&r=g","url":"https:\/\/secure.gravatar.com\/avatar\/43012808437351e2b100789a4305f65f876b42bea342a9ce3d967faa63377404?s=96&d=mm&r=g","contentUrl":"https:\/\/secure.gravatar.com\/avatar\/43012808437351e2b100789a4305f65f876b42bea342a9ce3d967faa63377404?s=96&d=mm&r=g","caption":"Ranielison Ferreira dos Passos"},"url":"https:\/\/www.estrategiaconcursos.com.br\/blog\/author\/ranielisongmail-com\/"}]}},"_links":{"self":[{"href":"https:\/\/www.estrategiaconcursos.com.br\/blog\/wp-json\/wp\/v2\/posts\/565914","targetHints":{"allow":["GET"]}}],"collection":[{"href":"https:\/\/www.estrategiaconcursos.com.br\/blog\/wp-json\/wp\/v2\/posts"}],"about":[{"href":"https:\/\/www.estrategiaconcursos.com.br\/blog\/wp-json\/wp\/v2\/types\/post"}],"author":[{"embeddable":true,"href":"https:\/\/www.estrategiaconcursos.com.br\/blog\/wp-json\/wp\/v2\/users\/1445"}],"replies":[{"embeddable":true,"href":"https:\/\/www.estrategiaconcursos.com.br\/blog\/wp-json\/wp\/v2\/comments?post=565914"}],"version-history":[{"count":13,"href":"https:\/\/www.estrategiaconcursos.com.br\/blog\/wp-json\/wp\/v2\/posts\/565914\/revisions"}],"predecessor-version":[{"id":1243816,"href":"https:\/\/www.estrategiaconcursos.com.br\/blog\/wp-json\/wp\/v2\/posts\/565914\/revisions\/1243816"}],"wp:featuredmedia":[{"embeddable":true,"href":"https:\/\/www.estrategiaconcursos.com.br\/blog\/wp-json\/wp\/v2\/media\/565965"}],"wp:attachment":[{"href":"https:\/\/www.estrategiaconcursos.com.br\/blog\/wp-json\/wp\/v2\/media?parent=565914"}],"wp:term":[{"taxonomy":"category","embeddable":true,"href":"https:\/\/www.estrategiaconcursos.com.br\/blog\/wp-json\/wp\/v2\/categories?post=565914"},{"taxonomy":"post_tag","embeddable":true,"href":"https:\/\/www.estrategiaconcursos.com.br\/blog\/wp-json\/wp\/v2\/tags?post=565914"},{"taxonomy":"tax_estado","embeddable":true,"href":"https:\/\/www.estrategiaconcursos.com.br\/blog\/wp-json\/wp\/v2\/tax_estado?post=565914"}],"curies":[{"name":"wp","href":"https:\/\/api.w.org\/{rel}","templated":true}]}}