{"id":565763,"date":"2020-09-02T09:52:06","date_gmt":"2020-09-02T12:52:06","guid":{"rendered":"https:\/\/www.estrategiaconcursos.com.br\/blog\/?p=565763"},"modified":"2020-09-02T10:16:23","modified_gmt":"2020-09-02T13:16:23","slug":"pc-sc-pl-reajuste-delegado-agente","status":"publish","type":"post","link":"https:\/\/www.estrategiaconcursos.com.br\/blog\/pc-sc-pl-reajuste-delegado-agente\/","title":{"rendered":"PC-SC: ALESC aprova reajuste para Delegados e Agentes da Autoridade"},"content":{"rendered":"\n<p>A Assembleia Legislativa de Santa Catarina aprovou na \u00faltima quinta-feira, 27 de agosto, o Projeto de Lei Complementar N\u00ba 30\/2019, que concedeu reajuste aos membros da carreira de Delegado da PC-SC e Agente da Autoridade Policial.<\/p>\n\n\n\n<p>O texto aprovado foi encaminhado para san\u00e7\u00e3o do Governador do Estado, Carlos Mois\u00e9s, na ter\u00e7a-feira, 1\u00ba de setembro. O projeto altera a Lei Complementar 453\/2009, que instituiu o Plano de Carreira da Pol\u00edcia Civil de Santa Catarina (PC-SC). <a href=\"https:\/\/dhg1h5j42swfq.cloudfront.net\/2020\/09\/02094836\/DOAL_SC-1.pdf\" target=\"_blank\" rel=\"noreferrer noopener\">Clique aqui para acessar a \u00edntegra do documento.<\/a><\/p>\n\n\n\n<p>De acordo com o projeto, o cargo de Agente da Autoridade Policial passa a ter subs\u00eddio inicial de R$ 4.581,90. J\u00e1 o cargo de Delegado Substituto, classe inicial da carreira, ter\u00e1 subs\u00eddio de R$ 18.866,40. Confira a tabela completa:<\/p>\n\n\n\n<figure class=\"wp-block-table is-style-stripes\"><table class=\"has-subtle-pale-blue-background-color has-background\"><tbody><tr><td><strong>CARGO<\/strong><\/td><td><strong>VALOR (R$<\/strong>)<\/td><\/tr><tr><td>Delegado de Pol\u00edcia Entr\u00e2ncia Especial<\/td><td>26.952,00<\/td><\/tr><tr><td>Delegado de Pol\u00edcia Entr\u00e2ncia Final<\/td><td>24.256,80<\/td><\/tr><tr><td>Delegado de Pol\u00edcia Entr\u00e2ncia Inicial<\/td><td>21.561,60<\/td><\/tr><tr><td>Delegado de Pol\u00edcia Substituto<\/td><td>18.866,40<\/td><\/tr><tr><td>Agente da Autoridade Policial Classe VIII<\/td><td>13.058,20<\/td><\/tr><tr><td>Agente da Autoridade Policial Classe VII<\/td><td>10.326,40<\/td><\/tr><tr><td>Agente da Autoridade Policial Classe VI<\/td><td>8.777,40<\/td><\/tr><tr><td>Agente da Autoridade Policial Classe V<\/td><td>7.460,80<\/td><\/tr><tr><td>Agente da Autoridade Policial Classe IV<\/td><td>6.341,70<\/td><\/tr><tr><td>Agente da Autoridade Policial Classe III<\/td><td>5.390,40<\/td><\/tr><tr><td>Agente da Autoridade Policial Classe II<\/td><td>4.851,40<\/td><\/tr><tr><td>Agente da Autoridade Policial Classe I<\/td><td>4.581,90<\/td><\/tr><\/tbody><\/table><figcaption>PC-SC: tabela de remunera\u00e7\u00e3o de Delegado e Agente de Autoridade Policial<\/figcaption><\/figure>\n\n\n\n<p>O PLC 30\/2019 prop\u00f4s tamb\u00e9m a altera\u00e7\u00e3o da reda\u00e7\u00e3o do par\u00e1grafo 2\u00ba da lei do Plano de Carreira da PC-SC, que exig\u00eancia de comprova\u00e7\u00e3o de <strong>3 anos de pr\u00e1tica jur\u00eddica <\/strong>ou <strong>policial<\/strong> para ingresso no cargo de Delegado. A medida j\u00e1 constava na LC 453\/2009 desde o ano passado, quando a ALESC foi sancionada a <a href=\"https:\/\/dhg1h5j42swfq.cloudfront.net\/2020\/09\/02094750\/LEI-COMPLEMENTAR-N%C2%BA-737-DE-23-DE-JANEIRO-DE-2019.pdf\" target=\"_blank\" rel=\"noreferrer noopener\">LC 737\/2019<\/a>.<\/p>\n\n\n\n<h2 class=\"has-text-align-center wp-block-heading\" id=\"cursos-assinatura\">Quer estudar para o concurso da PC-SC?<\/h2>\n\n\n\n<p class=\"has-text-align-center\"><em>Gostou desta oportunidade e deseja se preparar para esse concurso? Ent\u00e3o, confira nosso curso exclusivo e inicie seus estudos agora mesmo:<\/em><\/p>\n\n\n\n<p style=\"font-size:25px\" class=\"has-background has-text-align-center has-light-green-cyan-background-color\"><strong><a rel=\"noreferrer noopener\" aria-label=\"CURSO&nbsp;DELEGADO&nbsp;SC (abre numa nova aba)\" href=\"https:\/\/www.estrategiaconcursos.com.br\/cursosPorConcurso\/pc-sc-policia-civil-de-santa-catarina-delegado\/\" target=\"_blank\">CURSO&nbsp;DELEGADO&nbsp;SC<\/a><\/strong><\/p>\n\n\n\n<h2 class=\"has-text-align-center wp-block-heading\">Assinatura Jur\u00eddica<\/h2>\n\n\n\n<p class=\"has-text-align-left\">Estude com a maior assinatura jur\u00eddica! Cursos on\u2011line complet\u00edssimos em PDFs e videoaulas, com conte\u00fado te\u00f3rico did\u00e1tico, legisla\u00e7\u00e3o e jurisprud\u00eancia analisados, resolu\u00e7\u00e3o de in\u00fameras quest\u00f5es e resumos ao final de cada aula.<\/p>\n\n\n\n<p style=\"font-size:25px\" class=\"has-text-color has-background has-text-align-center has-very-dark-gray-color has-luminous-vivid-amber-background-color\"><strong>ACESSE: <a href=\"https:\/\/www.estrategiaconcursos.com.br\/assinaturas-ecj\/\" target=\"_blank\" rel=\"noreferrer noopener\">Assinatura Jur\u00eddica<\/a><\/strong><\/p>\n\n\n\n<p class=\"has-text-align-center\"><strong>Fique por dentro de todos os concursos<\/strong><\/p>\n\n\n\n<p style=\"font-size:23px\" class=\"has-background has-text-align-center has-pale-cyan-blue-background-color\"><a rel=\"noreferrer noopener\" href=\"https:\/\/www.estrategiaconcursos.com.br\/blog\/concursos-abertos\/\" target=\"_blank\"><strong>Concursos abertos<\/strong><\/a><\/p>\n\n\n\n<p style=\"font-size:23px\" class=\"has-background has-text-align-center has-pale-cyan-blue-background-color\"><a rel=\"noreferrer noopener\" href=\"https:\/\/www.estrategiaconcursos.com.br\/blog\/concursos-2020\/\" target=\"_blank\"><strong>Concursos 2020<\/strong><\/a><\/p>\n\n\n\n<p style=\"font-size:23px\" class=\"has-background has-text-align-center has-pale-cyan-blue-background-color\"><strong><a href=\"https:\/\/www.estrategiaconcursos.com.br\/blog\/concursos-de-direito\/\" target=\"_blank\" rel=\"noreferrer noopener\" aria-label=\"Concursos de Direito (abre numa nova aba)\">Concursos de Direito<\/a><\/strong><\/p>\n","protected":false},"excerpt":{"rendered":"<p>A Assembleia Legislativa de Santa Catarina aprovou na \u00faltima quinta-feira, 27 de agosto, o Projeto de Lei Complementar N\u00ba 30\/2019, que concedeu reajuste aos membros da carreira de Delegado da PC-SC e Agente da Autoridade Policial. O texto aprovado foi encaminhado para san\u00e7\u00e3o do Governador do Estado, Carlos Mois\u00e9s, na ter\u00e7a-feira, 1\u00ba de setembro. O [&hellip;]<\/p>\n","protected":false},"author":552,"featured_media":565785,"comment_status":"open","ping_status":"closed","sticky":false,"template":"","format":"standard","meta":{"post_tipo":"article","footnotes":""},"categories":[1,2185],"tags":[],"tax_estado":[],"class_list":["post-565763","post","type-post","status-publish","format-standard","has-post-thumbnail","hentry","category-cursos-e-concursos","category-carreiras-juridicas"],"acf":[],"yoast_head":"<!-- This site is optimized with the Yoast SEO Premium plugin v27.2 (Yoast SEO v27.2) - https:\/\/yoast.com\/product\/yoast-seo-premium-wordpress\/ -->\n<title>PC-SC: ALESC aprova reajuste para Delegados e Agentes da Autoridade<\/title>\n<meta name=\"description\" content=\"PC-SC: ALESC aprova Projeto de Lei que concede reajuste a Delegados e a Agentes da Autoridade Policial. Texto segue para san\u00e7\u00e3o do Governador.\" \/>\n<meta name=\"robots\" content=\"index, follow, max-snippet:-1, max-image-preview:large, max-video-preview:-1\" \/>\n<link rel=\"canonical\" href=\"https:\/\/www.estrategiaconcursos.com.br\/blog\/pc-sc-pl-reajuste-delegado-agente\/\" \/>\n<meta property=\"og:locale\" content=\"pt_BR\" \/>\n<meta property=\"og:type\" content=\"article\" \/>\n<meta property=\"og:title\" content=\"PC-SC: ALESC aprova reajuste para Delegados e Agentes da Autoridade\" \/>\n<meta property=\"og:description\" content=\"PC-SC: ALESC aprova Projeto de Lei que concede reajuste a Delegados e a Agentes da Autoridade Policial. Texto segue para san\u00e7\u00e3o do Governador.\" \/>\n<meta property=\"og:url\" content=\"https:\/\/www.estrategiaconcursos.com.br\/blog\/pc-sc-pl-reajuste-delegado-agente\/\" \/>\n<meta property=\"og:site_name\" content=\"Estrat\u00e9gia Concursos\" \/>\n<meta property=\"article:published_time\" content=\"2020-09-02T12:52:06+00:00\" \/>\n<meta property=\"article:modified_time\" content=\"2020-09-02T13:16:23+00:00\" \/>\n<meta property=\"og:image\" content=\"https:\/\/dhg1h5j42swfq.cloudfront.net\/2020\/09\/02094656\/pc-sc.jpg\" \/>\n\t<meta property=\"og:image:width\" content=\"1106\" \/>\n\t<meta property=\"og:image:height\" content=\"618\" \/>\n\t<meta property=\"og:image:type\" content=\"image\/jpeg\" \/>\n<meta name=\"author\" content=\"Paulo Bilynskyj\" \/>\n<meta name=\"twitter:card\" content=\"summary_large_image\" \/>\n<meta name=\"twitter:creator\" content=\"@EstratConcursos\" \/>\n<meta name=\"twitter:site\" content=\"@EstratConcursos\" \/>\n<meta name=\"twitter:label1\" content=\"Escrito por\" \/>\n\t<meta name=\"twitter:data1\" content=\"Paulo Bilynskyj\" \/>\n\t<meta name=\"twitter:label2\" content=\"Est. tempo de leitura\" \/>\n\t<meta name=\"twitter:data2\" content=\"2 minutos\" \/>\n<script type=\"application\/ld+json\" class=\"yoast-schema-graph\">{\"@context\":\"https:\/\/schema.org\",\"@graph\":[{\"@type\":\"NewsArticle\",\"@id\":\"https:\/\/www.estrategiaconcursos.com.br\/blog\/pc-sc-pl-reajuste-delegado-agente\/#article\",\"isPartOf\":{\"@id\":\"https:\/\/www.estrategiaconcursos.com.br\/blog\/pc-sc-pl-reajuste-delegado-agente\/\"},\"author\":{\"name\":\"Paulo Bilynskyj\",\"@id\":\"https:\/\/www.estrategiaconcursos.com.br\/blog\/#\/schema\/person\/a630b15e36f45b4c21fed01219843cb5\"},\"headline\":\"PC-SC: ALESC aprova reajuste para Delegados e Agentes da Autoridade\",\"datePublished\":\"2020-09-02T12:52:06+00:00\",\"dateModified\":\"2020-09-02T13:16:23+00:00\",\"mainEntityOfPage\":{\"@id\":\"https:\/\/www.estrategiaconcursos.com.br\/blog\/pc-sc-pl-reajuste-delegado-agente\/\"},\"wordCount\":378,\"commentCount\":0,\"publisher\":{\"@id\":\"https:\/\/www.estrategiaconcursos.com.br\/blog\/#organization\"},\"image\":{\"@id\":\"https:\/\/www.estrategiaconcursos.com.br\/blog\/pc-sc-pl-reajuste-delegado-agente\/#primaryimage\"},\"thumbnailUrl\":\"https:\/\/dhg1h5j42swfq.cloudfront.net\/2020\/09\/02094656\/pc-sc.jpg\",\"articleSection\":[\"Concursos P\u00fablicos\",\"Jur\u00eddico\"],\"inLanguage\":\"pt-BR\",\"potentialAction\":[{\"@type\":\"CommentAction\",\"name\":\"Comment\",\"target\":[\"https:\/\/www.estrategiaconcursos.com.br\/blog\/pc-sc-pl-reajuste-delegado-agente\/#respond\"]}],\"copyrightYear\":\"2020\",\"copyrightHolder\":{\"@id\":\"https:\/\/www.estrategiaconcursos.com.br\/blog\/#organization\"}},{\"@type\":\"WebPage\",\"@id\":\"https:\/\/www.estrategiaconcursos.com.br\/blog\/pc-sc-pl-reajuste-delegado-agente\/\",\"url\":\"https:\/\/www.estrategiaconcursos.com.br\/blog\/pc-sc-pl-reajuste-delegado-agente\/\",\"name\":\"PC-SC: ALESC aprova reajuste para Delegados e Agentes da Autoridade\",\"isPartOf\":{\"@id\":\"https:\/\/www.estrategiaconcursos.com.br\/blog\/#website\"},\"primaryImageOfPage\":{\"@id\":\"https:\/\/www.estrategiaconcursos.com.br\/blog\/pc-sc-pl-reajuste-delegado-agente\/#primaryimage\"},\"image\":{\"@id\":\"https:\/\/www.estrategiaconcursos.com.br\/blog\/pc-sc-pl-reajuste-delegado-agente\/#primaryimage\"},\"thumbnailUrl\":\"https:\/\/dhg1h5j42swfq.cloudfront.net\/2020\/09\/02094656\/pc-sc.jpg\",\"datePublished\":\"2020-09-02T12:52:06+00:00\",\"dateModified\":\"2020-09-02T13:16:23+00:00\",\"description\":\"PC-SC: ALESC aprova Projeto de Lei que concede reajuste a Delegados e a Agentes da Autoridade Policial. Texto segue para san\u00e7\u00e3o do Governador.\",\"breadcrumb\":{\"@id\":\"https:\/\/www.estrategiaconcursos.com.br\/blog\/pc-sc-pl-reajuste-delegado-agente\/#breadcrumb\"},\"inLanguage\":\"pt-BR\",\"potentialAction\":[{\"@type\":\"ReadAction\",\"target\":[\"https:\/\/www.estrategiaconcursos.com.br\/blog\/pc-sc-pl-reajuste-delegado-agente\/\"]}]},{\"@type\":\"ImageObject\",\"inLanguage\":\"pt-BR\",\"@id\":\"https:\/\/www.estrategiaconcursos.com.br\/blog\/pc-sc-pl-reajuste-delegado-agente\/#primaryimage\",\"url\":\"https:\/\/dhg1h5j42swfq.cloudfront.net\/2020\/09\/02094656\/pc-sc.jpg\",\"contentUrl\":\"https:\/\/dhg1h5j42swfq.cloudfront.net\/2020\/09\/02094656\/pc-sc.jpg\",\"width\":1106,\"height\":618,\"caption\":\"pc-sc\"},{\"@type\":\"BreadcrumbList\",\"@id\":\"https:\/\/www.estrategiaconcursos.com.br\/blog\/pc-sc-pl-reajuste-delegado-agente\/#breadcrumb\",\"itemListElement\":[{\"@type\":\"ListItem\",\"position\":1,\"name\":\"In\u00edcio\",\"item\":\"https:\/\/www.estrategiaconcursos.com.br\/blog\/\"},{\"@type\":\"ListItem\",\"position\":2,\"name\":\"PC-SC: ALESC aprova reajuste para Delegados e Agentes da Autoridade\"}]},{\"@type\":\"WebSite\",\"@id\":\"https:\/\/www.estrategiaconcursos.com.br\/blog\/#website\",\"url\":\"https:\/\/www.estrategiaconcursos.com.br\/blog\/\",\"name\":\"Estrat\u00e9gia Concursos\",\"description\":\"O blog da Estrat\u00e9gia Concursos traz not\u00edcias sobre concursos e artigos de professores oferecendo cursos para concursos (pdf + videaulas) no site.\",\"publisher\":{\"@id\":\"https:\/\/www.estrategiaconcursos.com.br\/blog\/#organization\"},\"potentialAction\":[{\"@type\":\"SearchAction\",\"target\":{\"@type\":\"EntryPoint\",\"urlTemplate\":\"https:\/\/www.estrategiaconcursos.com.br\/blog\/?s={search_term_string}\"},\"query-input\":{\"@type\":\"PropertyValueSpecification\",\"valueRequired\":true,\"valueName\":\"search_term_string\"}}],\"inLanguage\":\"pt-BR\"},{\"@type\":\"Organization\",\"@id\":\"https:\/\/www.estrategiaconcursos.com.br\/blog\/#organization\",\"name\":\"Estrat\u00e9gia Concursos\",\"url\":\"https:\/\/www.estrategiaconcursos.com.br\/blog\/\",\"logo\":{\"@type\":\"ImageObject\",\"inLanguage\":\"pt-BR\",\"@id\":\"https:\/\/www.estrategiaconcursos.com.br\/blog\/#\/schema\/logo\/image\/\",\"url\":\"https:\/\/dhg1h5j42swfq.cloudfront.net\/2025\/06\/03203428\/logo_concursos-1.jpg\",\"contentUrl\":\"https:\/\/dhg1h5j42swfq.cloudfront.net\/2025\/06\/03203428\/logo_concursos-1.jpg\",\"width\":230,\"height\":60,\"caption\":\"Estrat\u00e9gia Concursos\"},\"image\":{\"@id\":\"https:\/\/www.estrategiaconcursos.com.br\/blog\/#\/schema\/logo\/image\/\"},\"sameAs\":[\"https:\/\/x.com\/EstratConcursos\"]},{\"@type\":\"Person\",\"@id\":\"https:\/\/www.estrategiaconcursos.com.br\/blog\/#\/schema\/person\/a630b15e36f45b4c21fed01219843cb5\",\"name\":\"Paulo Bilynskyj\",\"image\":{\"@type\":\"ImageObject\",\"inLanguage\":\"pt-BR\",\"@id\":\"https:\/\/secure.gravatar.com\/avatar\/37e21f70c9042e7456beffdc6d31fe051f3f6dcbf252f69343a791b144852057?s=96&d=mm&r=g\",\"url\":\"https:\/\/secure.gravatar.com\/avatar\/37e21f70c9042e7456beffdc6d31fe051f3f6dcbf252f69343a791b144852057?s=96&d=mm&r=g\",\"contentUrl\":\"https:\/\/secure.gravatar.com\/avatar\/37e21f70c9042e7456beffdc6d31fe051f3f6dcbf252f69343a791b144852057?s=96&d=mm&r=g\",\"caption\":\"Paulo Bilynskyj\"},\"url\":\"https:\/\/www.estrategiaconcursos.com.br\/blog\/author\/pbilynskyjgmail-com\/\"}]}<\/script>\n<!-- \/ Yoast SEO Premium plugin. -->","yoast_head_json":{"title":"PC-SC: ALESC aprova reajuste para Delegados e Agentes da Autoridade","description":"PC-SC: ALESC aprova Projeto de Lei que concede reajuste a Delegados e a Agentes da Autoridade Policial. Texto segue para san\u00e7\u00e3o do Governador.","robots":{"index":"index","follow":"follow","max-snippet":"max-snippet:-1","max-image-preview":"max-image-preview:large","max-video-preview":"max-video-preview:-1"},"canonical":"https:\/\/www.estrategiaconcursos.com.br\/blog\/pc-sc-pl-reajuste-delegado-agente\/","og_locale":"pt_BR","og_type":"article","og_title":"PC-SC: ALESC aprova reajuste para Delegados e Agentes da Autoridade","og_description":"PC-SC: ALESC aprova Projeto de Lei que concede reajuste a Delegados e a Agentes da Autoridade Policial. Texto segue para san\u00e7\u00e3o do Governador.","og_url":"https:\/\/www.estrategiaconcursos.com.br\/blog\/pc-sc-pl-reajuste-delegado-agente\/","og_site_name":"Estrat\u00e9gia Concursos","article_published_time":"2020-09-02T12:52:06+00:00","article_modified_time":"2020-09-02T13:16:23+00:00","og_image":[{"width":1106,"height":618,"url":"https:\/\/dhg1h5j42swfq.cloudfront.net\/2020\/09\/02094656\/pc-sc.jpg","type":"image\/jpeg"}],"author":"Paulo Bilynskyj","twitter_card":"summary_large_image","twitter_creator":"@EstratConcursos","twitter_site":"@EstratConcursos","twitter_misc":{"Escrito por":"Paulo Bilynskyj","Est. tempo de leitura":"2 minutos"},"schema":{"@context":"https:\/\/schema.org","@graph":[{"@type":"NewsArticle","@id":"https:\/\/www.estrategiaconcursos.com.br\/blog\/pc-sc-pl-reajuste-delegado-agente\/#article","isPartOf":{"@id":"https:\/\/www.estrategiaconcursos.com.br\/blog\/pc-sc-pl-reajuste-delegado-agente\/"},"author":{"name":"Paulo Bilynskyj","@id":"https:\/\/www.estrategiaconcursos.com.br\/blog\/#\/schema\/person\/a630b15e36f45b4c21fed01219843cb5"},"headline":"PC-SC: ALESC aprova reajuste para Delegados e Agentes da Autoridade","datePublished":"2020-09-02T12:52:06+00:00","dateModified":"2020-09-02T13:16:23+00:00","mainEntityOfPage":{"@id":"https:\/\/www.estrategiaconcursos.com.br\/blog\/pc-sc-pl-reajuste-delegado-agente\/"},"wordCount":378,"commentCount":0,"publisher":{"@id":"https:\/\/www.estrategiaconcursos.com.br\/blog\/#organization"},"image":{"@id":"https:\/\/www.estrategiaconcursos.com.br\/blog\/pc-sc-pl-reajuste-delegado-agente\/#primaryimage"},"thumbnailUrl":"https:\/\/dhg1h5j42swfq.cloudfront.net\/2020\/09\/02094656\/pc-sc.jpg","articleSection":["Concursos P\u00fablicos","Jur\u00eddico"],"inLanguage":"pt-BR","potentialAction":[{"@type":"CommentAction","name":"Comment","target":["https:\/\/www.estrategiaconcursos.com.br\/blog\/pc-sc-pl-reajuste-delegado-agente\/#respond"]}],"copyrightYear":"2020","copyrightHolder":{"@id":"https:\/\/www.estrategiaconcursos.com.br\/blog\/#organization"}},{"@type":"WebPage","@id":"https:\/\/www.estrategiaconcursos.com.br\/blog\/pc-sc-pl-reajuste-delegado-agente\/","url":"https:\/\/www.estrategiaconcursos.com.br\/blog\/pc-sc-pl-reajuste-delegado-agente\/","name":"PC-SC: ALESC aprova reajuste para Delegados e Agentes da Autoridade","isPartOf":{"@id":"https:\/\/www.estrategiaconcursos.com.br\/blog\/#website"},"primaryImageOfPage":{"@id":"https:\/\/www.estrategiaconcursos.com.br\/blog\/pc-sc-pl-reajuste-delegado-agente\/#primaryimage"},"image":{"@id":"https:\/\/www.estrategiaconcursos.com.br\/blog\/pc-sc-pl-reajuste-delegado-agente\/#primaryimage"},"thumbnailUrl":"https:\/\/dhg1h5j42swfq.cloudfront.net\/2020\/09\/02094656\/pc-sc.jpg","datePublished":"2020-09-02T12:52:06+00:00","dateModified":"2020-09-02T13:16:23+00:00","description":"PC-SC: ALESC aprova Projeto de Lei que concede reajuste a Delegados e a Agentes da Autoridade Policial. Texto segue para san\u00e7\u00e3o do Governador.","breadcrumb":{"@id":"https:\/\/www.estrategiaconcursos.com.br\/blog\/pc-sc-pl-reajuste-delegado-agente\/#breadcrumb"},"inLanguage":"pt-BR","potentialAction":[{"@type":"ReadAction","target":["https:\/\/www.estrategiaconcursos.com.br\/blog\/pc-sc-pl-reajuste-delegado-agente\/"]}]},{"@type":"ImageObject","inLanguage":"pt-BR","@id":"https:\/\/www.estrategiaconcursos.com.br\/blog\/pc-sc-pl-reajuste-delegado-agente\/#primaryimage","url":"https:\/\/dhg1h5j42swfq.cloudfront.net\/2020\/09\/02094656\/pc-sc.jpg","contentUrl":"https:\/\/dhg1h5j42swfq.cloudfront.net\/2020\/09\/02094656\/pc-sc.jpg","width":1106,"height":618,"caption":"pc-sc"},{"@type":"BreadcrumbList","@id":"https:\/\/www.estrategiaconcursos.com.br\/blog\/pc-sc-pl-reajuste-delegado-agente\/#breadcrumb","itemListElement":[{"@type":"ListItem","position":1,"name":"In\u00edcio","item":"https:\/\/www.estrategiaconcursos.com.br\/blog\/"},{"@type":"ListItem","position":2,"name":"PC-SC: ALESC aprova reajuste para Delegados e Agentes da Autoridade"}]},{"@type":"WebSite","@id":"https:\/\/www.estrategiaconcursos.com.br\/blog\/#website","url":"https:\/\/www.estrategiaconcursos.com.br\/blog\/","name":"Estrat\u00e9gia Concursos","description":"O blog da Estrat\u00e9gia Concursos traz not\u00edcias sobre concursos e artigos de professores oferecendo cursos para concursos (pdf + videaulas) no site.","publisher":{"@id":"https:\/\/www.estrategiaconcursos.com.br\/blog\/#organization"},"potentialAction":[{"@type":"SearchAction","target":{"@type":"EntryPoint","urlTemplate":"https:\/\/www.estrategiaconcursos.com.br\/blog\/?s={search_term_string}"},"query-input":{"@type":"PropertyValueSpecification","valueRequired":true,"valueName":"search_term_string"}}],"inLanguage":"pt-BR"},{"@type":"Organization","@id":"https:\/\/www.estrategiaconcursos.com.br\/blog\/#organization","name":"Estrat\u00e9gia Concursos","url":"https:\/\/www.estrategiaconcursos.com.br\/blog\/","logo":{"@type":"ImageObject","inLanguage":"pt-BR","@id":"https:\/\/www.estrategiaconcursos.com.br\/blog\/#\/schema\/logo\/image\/","url":"https:\/\/dhg1h5j42swfq.cloudfront.net\/2025\/06\/03203428\/logo_concursos-1.jpg","contentUrl":"https:\/\/dhg1h5j42swfq.cloudfront.net\/2025\/06\/03203428\/logo_concursos-1.jpg","width":230,"height":60,"caption":"Estrat\u00e9gia Concursos"},"image":{"@id":"https:\/\/www.estrategiaconcursos.com.br\/blog\/#\/schema\/logo\/image\/"},"sameAs":["https:\/\/x.com\/EstratConcursos"]},{"@type":"Person","@id":"https:\/\/www.estrategiaconcursos.com.br\/blog\/#\/schema\/person\/a630b15e36f45b4c21fed01219843cb5","name":"Paulo Bilynskyj","image":{"@type":"ImageObject","inLanguage":"pt-BR","@id":"https:\/\/secure.gravatar.com\/avatar\/37e21f70c9042e7456beffdc6d31fe051f3f6dcbf252f69343a791b144852057?s=96&d=mm&r=g","url":"https:\/\/secure.gravatar.com\/avatar\/37e21f70c9042e7456beffdc6d31fe051f3f6dcbf252f69343a791b144852057?s=96&d=mm&r=g","contentUrl":"https:\/\/secure.gravatar.com\/avatar\/37e21f70c9042e7456beffdc6d31fe051f3f6dcbf252f69343a791b144852057?s=96&d=mm&r=g","caption":"Paulo Bilynskyj"},"url":"https:\/\/www.estrategiaconcursos.com.br\/blog\/author\/pbilynskyjgmail-com\/"}]}},"_links":{"self":[{"href":"https:\/\/www.estrategiaconcursos.com.br\/blog\/wp-json\/wp\/v2\/posts\/565763","targetHints":{"allow":["GET"]}}],"collection":[{"href":"https:\/\/www.estrategiaconcursos.com.br\/blog\/wp-json\/wp\/v2\/posts"}],"about":[{"href":"https:\/\/www.estrategiaconcursos.com.br\/blog\/wp-json\/wp\/v2\/types\/post"}],"author":[{"embeddable":true,"href":"https:\/\/www.estrategiaconcursos.com.br\/blog\/wp-json\/wp\/v2\/users\/552"}],"replies":[{"embeddable":true,"href":"https:\/\/www.estrategiaconcursos.com.br\/blog\/wp-json\/wp\/v2\/comments?post=565763"}],"version-history":[{"count":4,"href":"https:\/\/www.estrategiaconcursos.com.br\/blog\/wp-json\/wp\/v2\/posts\/565763\/revisions"}],"predecessor-version":[{"id":565822,"href":"https:\/\/www.estrategiaconcursos.com.br\/blog\/wp-json\/wp\/v2\/posts\/565763\/revisions\/565822"}],"wp:featuredmedia":[{"embeddable":true,"href":"https:\/\/www.estrategiaconcursos.com.br\/blog\/wp-json\/wp\/v2\/media\/565785"}],"wp:attachment":[{"href":"https:\/\/www.estrategiaconcursos.com.br\/blog\/wp-json\/wp\/v2\/media?parent=565763"}],"wp:term":[{"taxonomy":"category","embeddable":true,"href":"https:\/\/www.estrategiaconcursos.com.br\/blog\/wp-json\/wp\/v2\/categories?post=565763"},{"taxonomy":"post_tag","embeddable":true,"href":"https:\/\/www.estrategiaconcursos.com.br\/blog\/wp-json\/wp\/v2\/tags?post=565763"},{"taxonomy":"tax_estado","embeddable":true,"href":"https:\/\/www.estrategiaconcursos.com.br\/blog\/wp-json\/wp\/v2\/tax_estado?post=565763"}],"curies":[{"name":"wp","href":"https:\/\/api.w.org\/{rel}","templated":true}]}}