{"id":565644,"date":"2020-09-08T18:10:00","date_gmt":"2020-09-08T21:10:00","guid":{"rendered":"https:\/\/www.estrategiaconcursos.com.br\/blog\/?p=565644"},"modified":"2023-07-11T13:24:57","modified_gmt":"2023-07-11T16:24:57","slug":"oportunidades-de-concurso-para-comunicacao-social-e-jornalismo","status":"publish","type":"post","link":"https:\/\/www.estrategiaconcursos.com.br\/blog\/oportunidades-de-concurso-para-comunicacao-social-e-jornalismo\/","title":{"rendered":"Oportunidades de concurso para Comunica\u00e7\u00e3o Social e Jornalismo"},"content":{"rendered":"\n<p>Como anda sua prepara\u00e7\u00e3o para ser aprovado em um <strong>concurso p\u00fablico na \u00e1rea de Comunica\u00e7\u00e3o Social e Jornalismo<\/strong>? Se voc\u00ea tem interesse em atuar nesse ramo, \u00e9 fundamental estar por dentro das oportunidades que est\u00e3o surgindo, al\u00e9m de conhecer as particularidades da prepara\u00e7\u00e3o.<\/p>\n\n\n\n<p>E para isso, nada melhor do que escutar uma especialista na \u00e1rea, n\u00e3o \u00e9 verdade? Pensando nisso, preparamos um webin\u00e1rio muito especial para voc\u00ea, que acontece <strong>nesta ter\u00e7a-feira, 8 de setembro, a partir das 18h<\/strong> (hor\u00e1rio de Bras\u00edlia).<\/p>\n\n\n\n<p>Em nossa transmiss\u00e3o, ao vivo e gratuita, apresentaremos as melhores oportunidades de concurso em Comunica\u00e7\u00e3o Social e Jornalismo. Trarei um panorama atualizado, al\u00e9m de informa\u00e7\u00f5es valiosas para quem deseja ficar competitivo de verdade.<\/p>\n\n\n\n<hr class=\"wp-block-separator has-css-opacity\"\/>\n\n\n\n<p class=\"has-text-align-center has-medium-font-size\"><em><strong>Assinatura Anual Ilimitada*<\/strong><\/em><\/p>\n\n\n\n<p class=\"has-text-align-center\"><em>Prepare-se com o melhor material e com quem mais aprova em Concursos P\u00fablicos em todo o pa\u00eds. Assine agora a nossa Assinatura Anual e tenha acesso ilimitado* a todos os nossos cursos.<\/em><\/p>\n\n\n\n<p class=\"has-text-align-center has-light-green-cyan-background-color has-background\" style=\"font-size:clamp(14.642px, 0.915rem + ((1vw - 3.2px) * 0.721), 22px);px\"><strong>ASSINE AGORA<\/strong>&nbsp;\u2013&nbsp;<a rel=\"noreferrer noopener\" href=\"https:\/\/www.estrategiaconcursos.com.br\/assinaturas\/\" target=\"_blank\"><strong>Assinatura Ilimitada<\/strong><\/a><\/p>\n\n\n\n<p class=\"has-text-align-center has-medium-font-size\"><strong><em><strong>Sistema de Quest\u00f5es<\/strong><\/em><\/strong><\/p>\n\n\n\n<p class=\"has-text-align-center\">Estrat\u00e9gia Quest\u00f5es nasceu maior do que todos os concorrentes, com mais quest\u00f5es cadastradas e mais solu\u00e7\u00f5es por professores. Clique no link e aproveite os descontos e b\u00f4nus imperd\u00edveis!<\/p>\n\n\n\n<p class=\"has-text-align-center has-vivid-green-cyan-background-color has-background\" style=\"font-size:clamp(14.642px, 0.915rem + ((1vw - 3.2px) * 0.721), 22px);px\"><strong>ASSINE AGORA &#8211; <a rel=\"noreferrer noopener\" href=\"https:\/\/www.estrategiaconcursos.com.br\/cursosPorConcurso\/sistema-de-questoes\/#\/\" target=\"_blank\">Sistema de Quest\u00f5es<\/a><\/strong><\/p>\n\n\n\n<p class=\"has-text-align-center has-medium-font-size\"><strong><em>Fique por dentro dos concursos abertos<\/em><\/strong><\/p>\n\n\n\n<p class=\"has-text-align-center has-pale-cyan-blue-background-color has-background\" style=\"font-size:clamp(14.642px, 0.915rem + ((1vw - 3.2px) * 0.721), 22px);px\"><a href=\"https:\/\/www.estrategiaconcursos.com.br\/blog\/concursos-abertos\/\" target=\"_blank\" rel=\"noreferrer noopener\"><strong>CONCURSOS ABERTOS<\/strong><\/a><\/p>\n","protected":false},"excerpt":{"rendered":"<p>Como anda sua prepara\u00e7\u00e3o para ser aprovado em um concurso p\u00fablico na \u00e1rea de Comunica\u00e7\u00e3o Social e Jornalismo? Se voc\u00ea tem interesse em atuar nesse ramo, \u00e9 fundamental estar por dentro das oportunidades que est\u00e3o surgindo, al\u00e9m de conhecer as particularidades da prepara\u00e7\u00e3o. E para isso, nada melhor do que escutar uma especialista na \u00e1rea, [&hellip;]<\/p>\n","protected":false},"author":1432,"featured_media":0,"comment_status":"open","ping_status":"closed","sticky":false,"template":"","format":"standard","meta":{"post_tipo":"article","footnotes":""},"categories":[1],"tags":[],"tax_estado":[],"class_list":["post-565644","post","type-post","status-publish","format-standard","hentry","category-cursos-e-concursos"],"acf":[],"yoast_head":"<!-- This site is optimized with the Yoast SEO Premium plugin v27.2 (Yoast SEO v27.2) - https:\/\/yoast.com\/product\/yoast-seo-premium-wordpress\/ -->\n<title>Oportunidades de concurso para Comunica\u00e7\u00e3o Social e Jornalismo<\/title>\n<meta name=\"robots\" content=\"index, follow, max-snippet:-1, max-image-preview:large, max-video-preview:-1\" \/>\n<link rel=\"canonical\" href=\"https:\/\/www.estrategiaconcursos.com.br\/blog\/oportunidades-de-concurso-para-comunicacao-social-e-jornalismo\/\" \/>\n<meta property=\"og:locale\" content=\"pt_BR\" \/>\n<meta property=\"og:type\" content=\"article\" \/>\n<meta property=\"og:title\" content=\"Oportunidades de concurso para Comunica\u00e7\u00e3o Social e Jornalismo\" \/>\n<meta property=\"og:description\" content=\"Como anda sua prepara\u00e7\u00e3o para ser aprovado em um concurso p\u00fablico na \u00e1rea de Comunica\u00e7\u00e3o Social e Jornalismo? Se voc\u00ea tem interesse em atuar nesse ramo, \u00e9 fundamental estar por dentro das oportunidades que est\u00e3o surgindo, al\u00e9m de conhecer as particularidades da prepara\u00e7\u00e3o. E para isso, nada melhor do que escutar uma especialista na \u00e1rea, [&hellip;]\" \/>\n<meta property=\"og:url\" content=\"https:\/\/www.estrategiaconcursos.com.br\/blog\/oportunidades-de-concurso-para-comunicacao-social-e-jornalismo\/\" \/>\n<meta property=\"og:site_name\" content=\"Estrat\u00e9gia Concursos\" \/>\n<meta property=\"article:published_time\" content=\"2020-09-08T21:10:00+00:00\" \/>\n<meta property=\"article:modified_time\" content=\"2023-07-11T16:24:57+00:00\" \/>\n<meta name=\"author\" content=\"J\u00falia Branco\" \/>\n<meta name=\"twitter:card\" content=\"summary_large_image\" \/>\n<meta name=\"twitter:creator\" content=\"@EstratConcursos\" \/>\n<meta name=\"twitter:site\" content=\"@EstratConcursos\" \/>\n<meta name=\"twitter:label1\" content=\"Escrito por\" \/>\n\t<meta name=\"twitter:data1\" content=\"J\u00falia Branco\" \/>\n\t<meta name=\"twitter:label2\" content=\"Est. tempo de leitura\" \/>\n\t<meta name=\"twitter:data2\" content=\"1 minuto\" \/>\n<script type=\"application\/ld+json\" class=\"yoast-schema-graph\">{\"@context\":\"https:\/\/schema.org\",\"@graph\":[{\"@type\":\"NewsArticle\",\"@id\":\"https:\/\/www.estrategiaconcursos.com.br\/blog\/oportunidades-de-concurso-para-comunicacao-social-e-jornalismo\/#article\",\"isPartOf\":{\"@id\":\"https:\/\/www.estrategiaconcursos.com.br\/blog\/oportunidades-de-concurso-para-comunicacao-social-e-jornalismo\/\"},\"author\":{\"name\":\"J\u00falia Branco\",\"@id\":\"https:\/\/www.estrategiaconcursos.com.br\/blog\/#\/schema\/person\/8a4a2ce92e69596f6fc586bac2e00aa6\"},\"headline\":\"Oportunidades de concurso para Comunica\u00e7\u00e3o Social e Jornalismo\",\"datePublished\":\"2020-09-08T21:10:00+00:00\",\"dateModified\":\"2023-07-11T16:24:57+00:00\",\"mainEntityOfPage\":{\"@id\":\"https:\/\/www.estrategiaconcursos.com.br\/blog\/oportunidades-de-concurso-para-comunicacao-social-e-jornalismo\/\"},\"wordCount\":231,\"commentCount\":0,\"publisher\":{\"@id\":\"https:\/\/www.estrategiaconcursos.com.br\/blog\/#organization\"},\"articleSection\":[\"Concursos P\u00fablicos\"],\"inLanguage\":\"pt-BR\",\"potentialAction\":[{\"@type\":\"CommentAction\",\"name\":\"Comment\",\"target\":[\"https:\/\/www.estrategiaconcursos.com.br\/blog\/oportunidades-de-concurso-para-comunicacao-social-e-jornalismo\/#respond\"]}],\"copyrightYear\":\"2020\",\"copyrightHolder\":{\"@id\":\"https:\/\/www.estrategiaconcursos.com.br\/blog\/#organization\"}},{\"@type\":\"WebPage\",\"@id\":\"https:\/\/www.estrategiaconcursos.com.br\/blog\/oportunidades-de-concurso-para-comunicacao-social-e-jornalismo\/\",\"url\":\"https:\/\/www.estrategiaconcursos.com.br\/blog\/oportunidades-de-concurso-para-comunicacao-social-e-jornalismo\/\",\"name\":\"Oportunidades de concurso para Comunica\u00e7\u00e3o Social e Jornalismo\",\"isPartOf\":{\"@id\":\"https:\/\/www.estrategiaconcursos.com.br\/blog\/#website\"},\"datePublished\":\"2020-09-08T21:10:00+00:00\",\"dateModified\":\"2023-07-11T16:24:57+00:00\",\"breadcrumb\":{\"@id\":\"https:\/\/www.estrategiaconcursos.com.br\/blog\/oportunidades-de-concurso-para-comunicacao-social-e-jornalismo\/#breadcrumb\"},\"inLanguage\":\"pt-BR\",\"potentialAction\":[{\"@type\":\"ReadAction\",\"target\":[\"https:\/\/www.estrategiaconcursos.com.br\/blog\/oportunidades-de-concurso-para-comunicacao-social-e-jornalismo\/\"]}]},{\"@type\":\"BreadcrumbList\",\"@id\":\"https:\/\/www.estrategiaconcursos.com.br\/blog\/oportunidades-de-concurso-para-comunicacao-social-e-jornalismo\/#breadcrumb\",\"itemListElement\":[{\"@type\":\"ListItem\",\"position\":1,\"name\":\"In\u00edcio\",\"item\":\"https:\/\/www.estrategiaconcursos.com.br\/blog\/\"},{\"@type\":\"ListItem\",\"position\":2,\"name\":\"Oportunidades de concurso para Comunica\u00e7\u00e3o Social e Jornalismo\"}]},{\"@type\":\"WebSite\",\"@id\":\"https:\/\/www.estrategiaconcursos.com.br\/blog\/#website\",\"url\":\"https:\/\/www.estrategiaconcursos.com.br\/blog\/\",\"name\":\"Estrat\u00e9gia Concursos\",\"description\":\"O blog da Estrat\u00e9gia Concursos traz not\u00edcias sobre concursos e artigos de professores oferecendo cursos para concursos (pdf + videaulas) no site.\",\"publisher\":{\"@id\":\"https:\/\/www.estrategiaconcursos.com.br\/blog\/#organization\"},\"potentialAction\":[{\"@type\":\"SearchAction\",\"target\":{\"@type\":\"EntryPoint\",\"urlTemplate\":\"https:\/\/www.estrategiaconcursos.com.br\/blog\/?s={search_term_string}\"},\"query-input\":{\"@type\":\"PropertyValueSpecification\",\"valueRequired\":true,\"valueName\":\"search_term_string\"}}],\"inLanguage\":\"pt-BR\"},{\"@type\":\"Organization\",\"@id\":\"https:\/\/www.estrategiaconcursos.com.br\/blog\/#organization\",\"name\":\"Estrat\u00e9gia Concursos\",\"url\":\"https:\/\/www.estrategiaconcursos.com.br\/blog\/\",\"logo\":{\"@type\":\"ImageObject\",\"inLanguage\":\"pt-BR\",\"@id\":\"https:\/\/www.estrategiaconcursos.com.br\/blog\/#\/schema\/logo\/image\/\",\"url\":\"https:\/\/dhg1h5j42swfq.cloudfront.net\/2025\/06\/03203428\/logo_concursos-1.jpg\",\"contentUrl\":\"https:\/\/dhg1h5j42swfq.cloudfront.net\/2025\/06\/03203428\/logo_concursos-1.jpg\",\"width\":230,\"height\":60,\"caption\":\"Estrat\u00e9gia Concursos\"},\"image\":{\"@id\":\"https:\/\/www.estrategiaconcursos.com.br\/blog\/#\/schema\/logo\/image\/\"},\"sameAs\":[\"https:\/\/x.com\/EstratConcursos\"]},{\"@type\":\"Person\",\"@id\":\"https:\/\/www.estrategiaconcursos.com.br\/blog\/#\/schema\/person\/8a4a2ce92e69596f6fc586bac2e00aa6\",\"name\":\"J\u00falia Branco\",\"image\":{\"@type\":\"ImageObject\",\"inLanguage\":\"pt-BR\",\"@id\":\"https:\/\/secure.gravatar.com\/avatar\/0f766fa82cc670dc5dc1bfb2b089001368538ed907cbd3f55bb04c1f70f134b5?s=96&d=mm&r=g\",\"url\":\"https:\/\/secure.gravatar.com\/avatar\/0f766fa82cc670dc5dc1bfb2b089001368538ed907cbd3f55bb04c1f70f134b5?s=96&d=mm&r=g\",\"contentUrl\":\"https:\/\/secure.gravatar.com\/avatar\/0f766fa82cc670dc5dc1bfb2b089001368538ed907cbd3f55bb04c1f70f134b5?s=96&d=mm&r=g\",\"caption\":\"J\u00falia Branco\"},\"url\":\"https:\/\/www.estrategiaconcursos.com.br\/blog\/author\/juliakbrancogmail-com\/\"}]}<\/script>\n<!-- \/ Yoast SEO Premium plugin. -->","yoast_head_json":{"title":"Oportunidades de concurso para Comunica\u00e7\u00e3o Social e Jornalismo","robots":{"index":"index","follow":"follow","max-snippet":"max-snippet:-1","max-image-preview":"max-image-preview:large","max-video-preview":"max-video-preview:-1"},"canonical":"https:\/\/www.estrategiaconcursos.com.br\/blog\/oportunidades-de-concurso-para-comunicacao-social-e-jornalismo\/","og_locale":"pt_BR","og_type":"article","og_title":"Oportunidades de concurso para Comunica\u00e7\u00e3o Social e Jornalismo","og_description":"Como anda sua prepara\u00e7\u00e3o para ser aprovado em um concurso p\u00fablico na \u00e1rea de Comunica\u00e7\u00e3o Social e Jornalismo? Se voc\u00ea tem interesse em atuar nesse ramo, \u00e9 fundamental estar por dentro das oportunidades que est\u00e3o surgindo, al\u00e9m de conhecer as particularidades da prepara\u00e7\u00e3o. E para isso, nada melhor do que escutar uma especialista na \u00e1rea, [&hellip;]","og_url":"https:\/\/www.estrategiaconcursos.com.br\/blog\/oportunidades-de-concurso-para-comunicacao-social-e-jornalismo\/","og_site_name":"Estrat\u00e9gia Concursos","article_published_time":"2020-09-08T21:10:00+00:00","article_modified_time":"2023-07-11T16:24:57+00:00","author":"J\u00falia Branco","twitter_card":"summary_large_image","twitter_creator":"@EstratConcursos","twitter_site":"@EstratConcursos","twitter_misc":{"Escrito por":"J\u00falia Branco","Est. tempo de leitura":"1 minuto"},"schema":{"@context":"https:\/\/schema.org","@graph":[{"@type":"NewsArticle","@id":"https:\/\/www.estrategiaconcursos.com.br\/blog\/oportunidades-de-concurso-para-comunicacao-social-e-jornalismo\/#article","isPartOf":{"@id":"https:\/\/www.estrategiaconcursos.com.br\/blog\/oportunidades-de-concurso-para-comunicacao-social-e-jornalismo\/"},"author":{"name":"J\u00falia Branco","@id":"https:\/\/www.estrategiaconcursos.com.br\/blog\/#\/schema\/person\/8a4a2ce92e69596f6fc586bac2e00aa6"},"headline":"Oportunidades de concurso para Comunica\u00e7\u00e3o Social e Jornalismo","datePublished":"2020-09-08T21:10:00+00:00","dateModified":"2023-07-11T16:24:57+00:00","mainEntityOfPage":{"@id":"https:\/\/www.estrategiaconcursos.com.br\/blog\/oportunidades-de-concurso-para-comunicacao-social-e-jornalismo\/"},"wordCount":231,"commentCount":0,"publisher":{"@id":"https:\/\/www.estrategiaconcursos.com.br\/blog\/#organization"},"articleSection":["Concursos P\u00fablicos"],"inLanguage":"pt-BR","potentialAction":[{"@type":"CommentAction","name":"Comment","target":["https:\/\/www.estrategiaconcursos.com.br\/blog\/oportunidades-de-concurso-para-comunicacao-social-e-jornalismo\/#respond"]}],"copyrightYear":"2020","copyrightHolder":{"@id":"https:\/\/www.estrategiaconcursos.com.br\/blog\/#organization"}},{"@type":"WebPage","@id":"https:\/\/www.estrategiaconcursos.com.br\/blog\/oportunidades-de-concurso-para-comunicacao-social-e-jornalismo\/","url":"https:\/\/www.estrategiaconcursos.com.br\/blog\/oportunidades-de-concurso-para-comunicacao-social-e-jornalismo\/","name":"Oportunidades de concurso para Comunica\u00e7\u00e3o Social e Jornalismo","isPartOf":{"@id":"https:\/\/www.estrategiaconcursos.com.br\/blog\/#website"},"datePublished":"2020-09-08T21:10:00+00:00","dateModified":"2023-07-11T16:24:57+00:00","breadcrumb":{"@id":"https:\/\/www.estrategiaconcursos.com.br\/blog\/oportunidades-de-concurso-para-comunicacao-social-e-jornalismo\/#breadcrumb"},"inLanguage":"pt-BR","potentialAction":[{"@type":"ReadAction","target":["https:\/\/www.estrategiaconcursos.com.br\/blog\/oportunidades-de-concurso-para-comunicacao-social-e-jornalismo\/"]}]},{"@type":"BreadcrumbList","@id":"https:\/\/www.estrategiaconcursos.com.br\/blog\/oportunidades-de-concurso-para-comunicacao-social-e-jornalismo\/#breadcrumb","itemListElement":[{"@type":"ListItem","position":1,"name":"In\u00edcio","item":"https:\/\/www.estrategiaconcursos.com.br\/blog\/"},{"@type":"ListItem","position":2,"name":"Oportunidades de concurso para Comunica\u00e7\u00e3o Social e Jornalismo"}]},{"@type":"WebSite","@id":"https:\/\/www.estrategiaconcursos.com.br\/blog\/#website","url":"https:\/\/www.estrategiaconcursos.com.br\/blog\/","name":"Estrat\u00e9gia Concursos","description":"O blog da Estrat\u00e9gia Concursos traz not\u00edcias sobre concursos e artigos de professores oferecendo cursos para concursos (pdf + videaulas) no site.","publisher":{"@id":"https:\/\/www.estrategiaconcursos.com.br\/blog\/#organization"},"potentialAction":[{"@type":"SearchAction","target":{"@type":"EntryPoint","urlTemplate":"https:\/\/www.estrategiaconcursos.com.br\/blog\/?s={search_term_string}"},"query-input":{"@type":"PropertyValueSpecification","valueRequired":true,"valueName":"search_term_string"}}],"inLanguage":"pt-BR"},{"@type":"Organization","@id":"https:\/\/www.estrategiaconcursos.com.br\/blog\/#organization","name":"Estrat\u00e9gia Concursos","url":"https:\/\/www.estrategiaconcursos.com.br\/blog\/","logo":{"@type":"ImageObject","inLanguage":"pt-BR","@id":"https:\/\/www.estrategiaconcursos.com.br\/blog\/#\/schema\/logo\/image\/","url":"https:\/\/dhg1h5j42swfq.cloudfront.net\/2025\/06\/03203428\/logo_concursos-1.jpg","contentUrl":"https:\/\/dhg1h5j42swfq.cloudfront.net\/2025\/06\/03203428\/logo_concursos-1.jpg","width":230,"height":60,"caption":"Estrat\u00e9gia Concursos"},"image":{"@id":"https:\/\/www.estrategiaconcursos.com.br\/blog\/#\/schema\/logo\/image\/"},"sameAs":["https:\/\/x.com\/EstratConcursos"]},{"@type":"Person","@id":"https:\/\/www.estrategiaconcursos.com.br\/blog\/#\/schema\/person\/8a4a2ce92e69596f6fc586bac2e00aa6","name":"J\u00falia Branco","image":{"@type":"ImageObject","inLanguage":"pt-BR","@id":"https:\/\/secure.gravatar.com\/avatar\/0f766fa82cc670dc5dc1bfb2b089001368538ed907cbd3f55bb04c1f70f134b5?s=96&d=mm&r=g","url":"https:\/\/secure.gravatar.com\/avatar\/0f766fa82cc670dc5dc1bfb2b089001368538ed907cbd3f55bb04c1f70f134b5?s=96&d=mm&r=g","contentUrl":"https:\/\/secure.gravatar.com\/avatar\/0f766fa82cc670dc5dc1bfb2b089001368538ed907cbd3f55bb04c1f70f134b5?s=96&d=mm&r=g","caption":"J\u00falia Branco"},"url":"https:\/\/www.estrategiaconcursos.com.br\/blog\/author\/juliakbrancogmail-com\/"}]}},"_links":{"self":[{"href":"https:\/\/www.estrategiaconcursos.com.br\/blog\/wp-json\/wp\/v2\/posts\/565644","targetHints":{"allow":["GET"]}}],"collection":[{"href":"https:\/\/www.estrategiaconcursos.com.br\/blog\/wp-json\/wp\/v2\/posts"}],"about":[{"href":"https:\/\/www.estrategiaconcursos.com.br\/blog\/wp-json\/wp\/v2\/types\/post"}],"author":[{"embeddable":true,"href":"https:\/\/www.estrategiaconcursos.com.br\/blog\/wp-json\/wp\/v2\/users\/1432"}],"replies":[{"embeddable":true,"href":"https:\/\/www.estrategiaconcursos.com.br\/blog\/wp-json\/wp\/v2\/comments?post=565644"}],"version-history":[{"count":5,"href":"https:\/\/www.estrategiaconcursos.com.br\/blog\/wp-json\/wp\/v2\/posts\/565644\/revisions"}],"predecessor-version":[{"id":1246608,"href":"https:\/\/www.estrategiaconcursos.com.br\/blog\/wp-json\/wp\/v2\/posts\/565644\/revisions\/1246608"}],"wp:attachment":[{"href":"https:\/\/www.estrategiaconcursos.com.br\/blog\/wp-json\/wp\/v2\/media?parent=565644"}],"wp:term":[{"taxonomy":"category","embeddable":true,"href":"https:\/\/www.estrategiaconcursos.com.br\/blog\/wp-json\/wp\/v2\/categories?post=565644"},{"taxonomy":"post_tag","embeddable":true,"href":"https:\/\/www.estrategiaconcursos.com.br\/blog\/wp-json\/wp\/v2\/tags?post=565644"},{"taxonomy":"tax_estado","embeddable":true,"href":"https:\/\/www.estrategiaconcursos.com.br\/blog\/wp-json\/wp\/v2\/tax_estado?post=565644"}],"curies":[{"name":"wp","href":"https:\/\/api.w.org\/{rel}","templated":true}]}}