{"id":565469,"date":"2020-09-04T19:00:00","date_gmt":"2020-09-04T22:00:00","guid":{"rendered":"https:\/\/www.estrategiaconcursos.com.br\/blog\/?p=565469"},"modified":"2023-04-17T11:43:37","modified_gmt":"2023-04-17T14:43:37","slug":"corujao-pf-e-prf","status":"publish","type":"post","link":"https:\/\/www.estrategiaconcursos.com.br\/blog\/corujao-pf-e-prf\/","title":{"rendered":"Coruj\u00e3o PF e PRF: estude madrugada adentro!"},"content":{"rendered":"\n<p>O presidente Jair Bolsonaro, em live nas redes sociais, anunciou que o concurso PF, t\u00e3o aguardado por milhares de concurseiros de todo o pa\u00eds, est\u00e1 oficialmente&nbsp;<strong>AUTORIZADO<\/strong>. Ser\u00e3o 2 mil vagas para&nbsp;<strong>Policial Federal<\/strong>.<\/p>\n\n\n\n<p>A autoriza\u00e7\u00e3o para outras carreiras n\u00e3o est\u00e1 descartada, j\u00e1 que est\u00e3o previstas, ao todo, 2.508 vagas:<\/p>\n\n\n\n<ul class=\"wp-block-list\">\n<li><em><strong>1.016 vagas \u2013 Agente<\/strong><\/em>;<\/li>\n\n\n\n<li><em><strong>300 vagas \u2013 Delegado<\/strong><\/em>;<\/li>\n\n\n\n<li><em><strong>600 vagas \u2013 Escriv\u00e3o<\/strong><\/em>;<\/li>\n\n\n\n<li><em><strong>84 vagas \u2013 Papiloscopista<\/strong><\/em>;<\/li>\n\n\n\n<li><em><strong>349 vagas \u2013 Agente Administrativo<\/strong><\/em>;<strong>e<\/strong><\/li>\n\n\n\n<li><em><strong>159 vagas \u2013 outras carreiras de n\u00edvel superior<\/strong><\/em><\/li>\n<\/ul>\n\n\n\n<p>Em rela\u00e7\u00e3o ao <strong>concurso PRF<\/strong>, que j\u00e1 tem comiss\u00e3o formada, foi revelado que a&nbsp;<strong>AUTORIZA\u00c7\u00c3O<\/strong>&nbsp;para o novo certame da Pol\u00edcia Rodovi\u00e1ria Federal deve ocorrer em breve.<\/p>\n\n\n\n<p>Sabendo que os editais desses dois certames est\u00e3o pr\u00f3ximos, \u00e9 importante refor\u00e7ar a sua prepara\u00e7\u00e3o, e por isso preparamos um super <a href=\"https:\/\/youtu.be\/GiJB66g070Q\" target=\"_blank\" rel=\"noreferrer noopener\"><strong>Coruj\u00e3o PF e PRF<\/strong>.<\/a><\/p>\n\n\n\n<p>O evento ser\u00e1 realizado nesta <strong>sexta-feira, 04 de setembro, a partir das 20h.<\/strong> Confira a programa\u00e7\u00e3o abaixo:<\/p>\n\n\n\n<figure class=\"wp-block-table is-style-stripes\"><table><tbody><tr><td class=\"has-text-align-center\" data-align=\"center\"><strong>Hor\u00e1rio<\/strong><\/td><td class=\"has-text-align-center\" data-align=\"center\"><strong>Disciplina<\/strong><\/td><td class=\"has-text-align-center\" data-align=\"center\"><strong>Respons\u00e1vel<\/strong><\/td><\/tr><tr><td class=\"has-text-align-center\" data-align=\"center\">20:00 \u2013 21:00<\/td><td class=\"has-text-align-center\" data-align=\"center\">Racioc\u00ednio L\u00f3gico<\/td><td class=\"has-text-align-center\" data-align=\"center\">Jhoni Zini<\/td><\/tr><tr><td class=\"has-text-align-center\" data-align=\"center\">21:00 \u2013 22:00<\/td><td class=\"has-text-align-center\" data-align=\"center\">Direito Penal<\/td><td class=\"has-text-align-center\" data-align=\"center\">Ant\u00f4nio Pequeno<\/td><\/tr><tr><td class=\"has-text-align-center\" data-align=\"center\">22:00 \u2013 23:00<\/td><td class=\"has-text-align-center\" data-align=\"center\">Portugu\u00eas<\/td><td class=\"has-text-align-center\" data-align=\"center\">Jana\u00edna Arruda<\/td><\/tr><tr><td class=\"has-text-align-center\" data-align=\"center\">23:00 \u2013 00:00<\/td><td class=\"has-text-align-center\" data-align=\"center\">Inform\u00e1tica<\/td><td class=\"has-text-align-center\" data-align=\"center\">Rani Passos<\/td><\/tr><tr><td class=\"has-text-align-center\" data-align=\"center\">00:00 \u2013 01:00<\/td><td class=\"has-text-align-center\" data-align=\"center\">Direito Constitucional<\/td><td class=\"has-text-align-center\" data-align=\"center\">Adriane Fauth<\/td><\/tr><tr><td class=\"has-text-align-center\" data-align=\"center\">01:00 \u2013 02:00<\/td><td class=\"has-text-align-center\" data-align=\"center\">Direito Processual Penal<\/td><td class=\"has-text-align-center\" data-align=\"center\">Fernando Bezerra<\/td><\/tr><tr><td class=\"has-text-align-center\" data-align=\"center\">02:00 \u2013 03:00<\/td><td class=\"has-text-align-center\" data-align=\"center\">Direito Administrativo<\/td><td class=\"has-text-align-center\" data-align=\"center\">Th\u00e1llius Moraes<\/td><\/tr><\/tbody><\/table><\/figure>\n\n\n\n<p class=\"has-text-align-center has-very-light-gray-background-color has-background has-medium-font-size\"><strong>Saiba mais: <a href=\"https:\/\/www.estrategiaconcursos.com.br\/blog\/concurso-policia-federal\/\">Concurso Pol\u00edcia Federal<\/a><\/strong><\/p>\n\n\n\n<p class=\"has-text-align-center\"><em><strong>Assinatura Anual Ilimitada*<\/strong><\/em><\/p>\n\n\n\n<p class=\"has-text-align-center\"><em>Prepare-se com o melhor material e com quem mais aprova em Concursos P\u00fablicos em todo o pa\u00eds. Assine agora a nossa Assinatura Anual e tenha acesso ilimitado* a todos os nossos cursos.<\/em><\/p>\n\n\n\n<p class=\"has-text-align-center\"><strong><em><strong>Sistema de Quest\u00f5es<\/strong><\/em><\/strong><\/p>\n\n\n\n<p class=\"has-text-align-center\"><em>Estrat\u00e9gia Quest\u00f5es nasceu maior do que todos os concorrentes, com mais quest\u00f5es cadastradas e mais solu\u00e7\u00f5es por professores. Clique no link e aproveite os descontos e b\u00f4nus imperd\u00edveis!<\/em><\/p>\n\n\n\n<p class=\"has-text-align-center has-light-green-cyan-background-color has-background\"><strong>ASSINE AGORA \u2013&nbsp;<a href=\"https:\/\/questoes.estrategiaconcursos.com.br\/\" target=\"_blank\" rel=\"noreferrer noopener\">Sistema de Quest\u00f5es<\/a><\/strong><\/p>\n\n\n\n<p class=\"has-text-align-center\"><strong><em>Fique por dentro de todos os concursos<\/em><\/strong><\/p>\n\n\n\n<figure class=\"wp-block-image aligncenter is-resized\"><img loading=\"lazy\" decoding=\"async\" src=\"https:\/\/dhg1h5j42swfq.cloudfront.net\/2019\/08\/22174339\/Coruja-ESCLARECIMENTO.png\" alt=\"Concursos Previstos Minas Gerais\" class=\"wp-image-412284\" width=\"141\" height=\"100\" srcset=\"https:\/\/dhg1h5j42swfq.cloudfront.net\/2019\/08\/22174339\/Coruja-ESCLARECIMENTO.png 3508w, https:\/\/dhg1h5j42swfq.cloudfront.net\/2019\/08\/22174339\/Coruja-ESCLARECIMENTO.png 300w, https:\/\/dhg1h5j42swfq.cloudfront.net\/2019\/08\/22174339\/Coruja-ESCLARECIMENTO.png 768w, https:\/\/dhg1h5j42swfq.cloudfront.net\/2019\/08\/22174339\/Coruja-ESCLARECIMENTO.png 1024w, https:\/\/dhg1h5j42swfq.cloudfront.net\/2019\/08\/22174339\/Coruja-ESCLARECIMENTO.png 610w\" sizes=\"auto, (max-width: 141px) 100vw, 141px\" \/><\/figure>\n\n\n\n<p class=\"has-text-align-center has-pale-cyan-blue-background-color has-background\"><a href=\"https:\/\/www.estrategiaconcursos.com.br\/blog\/concursos-abertos\/\" target=\"_blank\" rel=\"noreferrer noopener\"><strong>CONCURSOS ABERTOS<\/strong><\/a><\/p>\n","protected":false},"excerpt":{"rendered":"<p>O presidente Jair Bolsonaro, em live nas redes sociais, anunciou que o concurso PF, t\u00e3o aguardado por milhares de concurseiros de todo o pa\u00eds, est\u00e1 oficialmente&nbsp;AUTORIZADO. Ser\u00e3o 2 mil vagas para&nbsp;Policial Federal. A autoriza\u00e7\u00e3o para outras carreiras n\u00e3o est\u00e1 descartada, j\u00e1 que est\u00e3o previstas, ao todo, 2.508 vagas: Em rela\u00e7\u00e3o ao concurso PRF, que j\u00e1 [&hellip;]<\/p>\n","protected":false},"author":1427,"featured_media":149991,"comment_status":"open","ping_status":"closed","sticky":false,"template":"","format":"standard","meta":{"post_tipo":"article","footnotes":""},"categories":[1],"tags":[],"tax_estado":[],"class_list":["post-565469","post","type-post","status-publish","format-standard","has-post-thumbnail","hentry","category-cursos-e-concursos"],"acf":[],"yoast_head":"<!-- This site is optimized with the Yoast SEO Premium plugin v27.2 (Yoast SEO v27.2) - https:\/\/yoast.com\/product\/yoast-seo-premium-wordpress\/ -->\n<title>Coruj\u00e3o PF e PRF: estude madrugada adentro!<\/title>\n<meta name=\"robots\" content=\"index, follow, max-snippet:-1, max-image-preview:large, max-video-preview:-1\" \/>\n<link rel=\"canonical\" href=\"https:\/\/www.estrategiaconcursos.com.br\/blog\/corujao-pf-e-prf\/\" \/>\n<meta property=\"og:locale\" content=\"pt_BR\" \/>\n<meta property=\"og:type\" content=\"article\" \/>\n<meta property=\"og:title\" content=\"Coruj\u00e3o PF e PRF: estude madrugada adentro!\" \/>\n<meta property=\"og:description\" content=\"O presidente Jair Bolsonaro, em live nas redes sociais, anunciou que o concurso PF, t\u00e3o aguardado por milhares de concurseiros de todo o pa\u00eds, est\u00e1 oficialmente&nbsp;AUTORIZADO. Ser\u00e3o 2 mil vagas para&nbsp;Policial Federal. A autoriza\u00e7\u00e3o para outras carreiras n\u00e3o est\u00e1 descartada, j\u00e1 que est\u00e3o previstas, ao todo, 2.508 vagas: Em rela\u00e7\u00e3o ao concurso PRF, que j\u00e1 [&hellip;]\" \/>\n<meta property=\"og:url\" content=\"https:\/\/www.estrategiaconcursos.com.br\/blog\/corujao-pf-e-prf\/\" \/>\n<meta property=\"og:site_name\" content=\"Estrat\u00e9gia Concursos\" \/>\n<meta property=\"article:published_time\" content=\"2020-09-04T22:00:00+00:00\" \/>\n<meta property=\"article:modified_time\" content=\"2023-04-17T14:43:37+00:00\" \/>\n<meta property=\"og:image\" content=\"https:\/\/dhg1h5j42swfq.cloudfront.net\/2018\/10\/02174424\/concurso-policia.jpg\" \/>\n\t<meta property=\"og:image:width\" content=\"766\" \/>\n\t<meta property=\"og:image:height\" content=\"444\" \/>\n\t<meta property=\"og:image:type\" content=\"image\/jpeg\" \/>\n<meta name=\"author\" content=\"Th\u00e1llius Moraes\" \/>\n<meta name=\"twitter:card\" content=\"summary_large_image\" \/>\n<meta name=\"twitter:creator\" content=\"@EstratConcursos\" \/>\n<meta name=\"twitter:site\" content=\"@EstratConcursos\" \/>\n<meta name=\"twitter:label1\" content=\"Escrito por\" \/>\n\t<meta name=\"twitter:data1\" content=\"Th\u00e1llius Moraes\" \/>\n\t<meta name=\"twitter:label2\" content=\"Est. tempo de leitura\" \/>\n\t<meta name=\"twitter:data2\" content=\"1 minuto\" \/>\n<script type=\"application\/ld+json\" class=\"yoast-schema-graph\">{\"@context\":\"https:\/\/schema.org\",\"@graph\":[{\"@type\":\"NewsArticle\",\"@id\":\"https:\/\/www.estrategiaconcursos.com.br\/blog\/corujao-pf-e-prf\/#article\",\"isPartOf\":{\"@id\":\"https:\/\/www.estrategiaconcursos.com.br\/blog\/corujao-pf-e-prf\/\"},\"author\":{\"name\":\"Th\u00e1llius Moraes\",\"@id\":\"https:\/\/www.estrategiaconcursos.com.br\/blog\/#\/schema\/person\/8256b68741ca07fc26ecae48c1694fb2\"},\"headline\":\"Coruj\u00e3o PF e PRF: estude madrugada adentro!\",\"datePublished\":\"2020-09-04T22:00:00+00:00\",\"dateModified\":\"2023-04-17T14:43:37+00:00\",\"mainEntityOfPage\":{\"@id\":\"https:\/\/www.estrategiaconcursos.com.br\/blog\/corujao-pf-e-prf\/\"},\"wordCount\":300,\"commentCount\":0,\"publisher\":{\"@id\":\"https:\/\/www.estrategiaconcursos.com.br\/blog\/#organization\"},\"image\":{\"@id\":\"https:\/\/www.estrategiaconcursos.com.br\/blog\/corujao-pf-e-prf\/#primaryimage\"},\"thumbnailUrl\":\"https:\/\/dhg1h5j42swfq.cloudfront.net\/2018\/10\/02174424\/concurso-policia.jpg\",\"articleSection\":[\"Concursos P\u00fablicos\"],\"inLanguage\":\"pt-BR\",\"potentialAction\":[{\"@type\":\"CommentAction\",\"name\":\"Comment\",\"target\":[\"https:\/\/www.estrategiaconcursos.com.br\/blog\/corujao-pf-e-prf\/#respond\"]}],\"copyrightYear\":\"2020\",\"copyrightHolder\":{\"@id\":\"https:\/\/www.estrategiaconcursos.com.br\/blog\/#organization\"}},{\"@type\":\"WebPage\",\"@id\":\"https:\/\/www.estrategiaconcursos.com.br\/blog\/corujao-pf-e-prf\/\",\"url\":\"https:\/\/www.estrategiaconcursos.com.br\/blog\/corujao-pf-e-prf\/\",\"name\":\"Coruj\u00e3o PF e PRF: estude madrugada adentro!\",\"isPartOf\":{\"@id\":\"https:\/\/www.estrategiaconcursos.com.br\/blog\/#website\"},\"primaryImageOfPage\":{\"@id\":\"https:\/\/www.estrategiaconcursos.com.br\/blog\/corujao-pf-e-prf\/#primaryimage\"},\"image\":{\"@id\":\"https:\/\/www.estrategiaconcursos.com.br\/blog\/corujao-pf-e-prf\/#primaryimage\"},\"thumbnailUrl\":\"https:\/\/dhg1h5j42swfq.cloudfront.net\/2018\/10\/02174424\/concurso-policia.jpg\",\"datePublished\":\"2020-09-04T22:00:00+00:00\",\"dateModified\":\"2023-04-17T14:43:37+00:00\",\"breadcrumb\":{\"@id\":\"https:\/\/www.estrategiaconcursos.com.br\/blog\/corujao-pf-e-prf\/#breadcrumb\"},\"inLanguage\":\"pt-BR\",\"potentialAction\":[{\"@type\":\"ReadAction\",\"target\":[\"https:\/\/www.estrategiaconcursos.com.br\/blog\/corujao-pf-e-prf\/\"]}]},{\"@type\":\"ImageObject\",\"inLanguage\":\"pt-BR\",\"@id\":\"https:\/\/www.estrategiaconcursos.com.br\/blog\/corujao-pf-e-prf\/#primaryimage\",\"url\":\"https:\/\/dhg1h5j42swfq.cloudfront.net\/2018\/10\/02174424\/concurso-policia.jpg\",\"contentUrl\":\"https:\/\/dhg1h5j42swfq.cloudfront.net\/2018\/10\/02174424\/concurso-policia.jpg\",\"width\":766,\"height\":444,\"caption\":\"concurso policia\"},{\"@type\":\"BreadcrumbList\",\"@id\":\"https:\/\/www.estrategiaconcursos.com.br\/blog\/corujao-pf-e-prf\/#breadcrumb\",\"itemListElement\":[{\"@type\":\"ListItem\",\"position\":1,\"name\":\"In\u00edcio\",\"item\":\"https:\/\/www.estrategiaconcursos.com.br\/blog\/\"},{\"@type\":\"ListItem\",\"position\":2,\"name\":\"Coruj\u00e3o PF e PRF: estude madrugada adentro!\"}]},{\"@type\":\"WebSite\",\"@id\":\"https:\/\/www.estrategiaconcursos.com.br\/blog\/#website\",\"url\":\"https:\/\/www.estrategiaconcursos.com.br\/blog\/\",\"name\":\"Estrat\u00e9gia Concursos\",\"description\":\"O blog da Estrat\u00e9gia Concursos traz not\u00edcias sobre concursos e artigos de professores oferecendo cursos para concursos (pdf + videaulas) no site.\",\"publisher\":{\"@id\":\"https:\/\/www.estrategiaconcursos.com.br\/blog\/#organization\"},\"potentialAction\":[{\"@type\":\"SearchAction\",\"target\":{\"@type\":\"EntryPoint\",\"urlTemplate\":\"https:\/\/www.estrategiaconcursos.com.br\/blog\/?s={search_term_string}\"},\"query-input\":{\"@type\":\"PropertyValueSpecification\",\"valueRequired\":true,\"valueName\":\"search_term_string\"}}],\"inLanguage\":\"pt-BR\"},{\"@type\":\"Organization\",\"@id\":\"https:\/\/www.estrategiaconcursos.com.br\/blog\/#organization\",\"name\":\"Estrat\u00e9gia Concursos\",\"url\":\"https:\/\/www.estrategiaconcursos.com.br\/blog\/\",\"logo\":{\"@type\":\"ImageObject\",\"inLanguage\":\"pt-BR\",\"@id\":\"https:\/\/www.estrategiaconcursos.com.br\/blog\/#\/schema\/logo\/image\/\",\"url\":\"https:\/\/dhg1h5j42swfq.cloudfront.net\/2025\/06\/03203428\/logo_concursos-1.jpg\",\"contentUrl\":\"https:\/\/dhg1h5j42swfq.cloudfront.net\/2025\/06\/03203428\/logo_concursos-1.jpg\",\"width\":230,\"height\":60,\"caption\":\"Estrat\u00e9gia Concursos\"},\"image\":{\"@id\":\"https:\/\/www.estrategiaconcursos.com.br\/blog\/#\/schema\/logo\/image\/\"},\"sameAs\":[\"https:\/\/x.com\/EstratConcursos\"]},{\"@type\":\"Person\",\"@id\":\"https:\/\/www.estrategiaconcursos.com.br\/blog\/#\/schema\/person\/8256b68741ca07fc26ecae48c1694fb2\",\"name\":\"Th\u00e1llius Moraes\",\"image\":{\"@type\":\"ImageObject\",\"inLanguage\":\"pt-BR\",\"@id\":\"https:\/\/secure.gravatar.com\/avatar\/060e28f728bbc43a65d95a82796176e0c859f8fec714d4d8ddd488661038d24b?s=96&d=mm&r=g\",\"url\":\"https:\/\/secure.gravatar.com\/avatar\/060e28f728bbc43a65d95a82796176e0c859f8fec714d4d8ddd488661038d24b?s=96&d=mm&r=g\",\"contentUrl\":\"https:\/\/secure.gravatar.com\/avatar\/060e28f728bbc43a65d95a82796176e0c859f8fec714d4d8ddd488661038d24b?s=96&d=mm&r=g\",\"caption\":\"Th\u00e1llius Moraes\"},\"url\":\"https:\/\/www.estrategiaconcursos.com.br\/blog\/author\/thalliusmgmail-com\/\"}]}<\/script>\n<!-- \/ Yoast SEO Premium plugin. -->","yoast_head_json":{"title":"Coruj\u00e3o PF e PRF: estude madrugada adentro!","robots":{"index":"index","follow":"follow","max-snippet":"max-snippet:-1","max-image-preview":"max-image-preview:large","max-video-preview":"max-video-preview:-1"},"canonical":"https:\/\/www.estrategiaconcursos.com.br\/blog\/corujao-pf-e-prf\/","og_locale":"pt_BR","og_type":"article","og_title":"Coruj\u00e3o PF e PRF: estude madrugada adentro!","og_description":"O presidente Jair Bolsonaro, em live nas redes sociais, anunciou que o concurso PF, t\u00e3o aguardado por milhares de concurseiros de todo o pa\u00eds, est\u00e1 oficialmente&nbsp;AUTORIZADO. Ser\u00e3o 2 mil vagas para&nbsp;Policial Federal. A autoriza\u00e7\u00e3o para outras carreiras n\u00e3o est\u00e1 descartada, j\u00e1 que est\u00e3o previstas, ao todo, 2.508 vagas: Em rela\u00e7\u00e3o ao concurso PRF, que j\u00e1 [&hellip;]","og_url":"https:\/\/www.estrategiaconcursos.com.br\/blog\/corujao-pf-e-prf\/","og_site_name":"Estrat\u00e9gia Concursos","article_published_time":"2020-09-04T22:00:00+00:00","article_modified_time":"2023-04-17T14:43:37+00:00","og_image":[{"width":766,"height":444,"url":"https:\/\/dhg1h5j42swfq.cloudfront.net\/2018\/10\/02174424\/concurso-policia.jpg","type":"image\/jpeg"}],"author":"Th\u00e1llius Moraes","twitter_card":"summary_large_image","twitter_creator":"@EstratConcursos","twitter_site":"@EstratConcursos","twitter_misc":{"Escrito por":"Th\u00e1llius Moraes","Est. tempo de leitura":"1 minuto"},"schema":{"@context":"https:\/\/schema.org","@graph":[{"@type":"NewsArticle","@id":"https:\/\/www.estrategiaconcursos.com.br\/blog\/corujao-pf-e-prf\/#article","isPartOf":{"@id":"https:\/\/www.estrategiaconcursos.com.br\/blog\/corujao-pf-e-prf\/"},"author":{"name":"Th\u00e1llius Moraes","@id":"https:\/\/www.estrategiaconcursos.com.br\/blog\/#\/schema\/person\/8256b68741ca07fc26ecae48c1694fb2"},"headline":"Coruj\u00e3o PF e PRF: estude madrugada adentro!","datePublished":"2020-09-04T22:00:00+00:00","dateModified":"2023-04-17T14:43:37+00:00","mainEntityOfPage":{"@id":"https:\/\/www.estrategiaconcursos.com.br\/blog\/corujao-pf-e-prf\/"},"wordCount":300,"commentCount":0,"publisher":{"@id":"https:\/\/www.estrategiaconcursos.com.br\/blog\/#organization"},"image":{"@id":"https:\/\/www.estrategiaconcursos.com.br\/blog\/corujao-pf-e-prf\/#primaryimage"},"thumbnailUrl":"https:\/\/dhg1h5j42swfq.cloudfront.net\/2018\/10\/02174424\/concurso-policia.jpg","articleSection":["Concursos P\u00fablicos"],"inLanguage":"pt-BR","potentialAction":[{"@type":"CommentAction","name":"Comment","target":["https:\/\/www.estrategiaconcursos.com.br\/blog\/corujao-pf-e-prf\/#respond"]}],"copyrightYear":"2020","copyrightHolder":{"@id":"https:\/\/www.estrategiaconcursos.com.br\/blog\/#organization"}},{"@type":"WebPage","@id":"https:\/\/www.estrategiaconcursos.com.br\/blog\/corujao-pf-e-prf\/","url":"https:\/\/www.estrategiaconcursos.com.br\/blog\/corujao-pf-e-prf\/","name":"Coruj\u00e3o PF e PRF: estude madrugada adentro!","isPartOf":{"@id":"https:\/\/www.estrategiaconcursos.com.br\/blog\/#website"},"primaryImageOfPage":{"@id":"https:\/\/www.estrategiaconcursos.com.br\/blog\/corujao-pf-e-prf\/#primaryimage"},"image":{"@id":"https:\/\/www.estrategiaconcursos.com.br\/blog\/corujao-pf-e-prf\/#primaryimage"},"thumbnailUrl":"https:\/\/dhg1h5j42swfq.cloudfront.net\/2018\/10\/02174424\/concurso-policia.jpg","datePublished":"2020-09-04T22:00:00+00:00","dateModified":"2023-04-17T14:43:37+00:00","breadcrumb":{"@id":"https:\/\/www.estrategiaconcursos.com.br\/blog\/corujao-pf-e-prf\/#breadcrumb"},"inLanguage":"pt-BR","potentialAction":[{"@type":"ReadAction","target":["https:\/\/www.estrategiaconcursos.com.br\/blog\/corujao-pf-e-prf\/"]}]},{"@type":"ImageObject","inLanguage":"pt-BR","@id":"https:\/\/www.estrategiaconcursos.com.br\/blog\/corujao-pf-e-prf\/#primaryimage","url":"https:\/\/dhg1h5j42swfq.cloudfront.net\/2018\/10\/02174424\/concurso-policia.jpg","contentUrl":"https:\/\/dhg1h5j42swfq.cloudfront.net\/2018\/10\/02174424\/concurso-policia.jpg","width":766,"height":444,"caption":"concurso policia"},{"@type":"BreadcrumbList","@id":"https:\/\/www.estrategiaconcursos.com.br\/blog\/corujao-pf-e-prf\/#breadcrumb","itemListElement":[{"@type":"ListItem","position":1,"name":"In\u00edcio","item":"https:\/\/www.estrategiaconcursos.com.br\/blog\/"},{"@type":"ListItem","position":2,"name":"Coruj\u00e3o PF e PRF: estude madrugada adentro!"}]},{"@type":"WebSite","@id":"https:\/\/www.estrategiaconcursos.com.br\/blog\/#website","url":"https:\/\/www.estrategiaconcursos.com.br\/blog\/","name":"Estrat\u00e9gia Concursos","description":"O blog da Estrat\u00e9gia Concursos traz not\u00edcias sobre concursos e artigos de professores oferecendo cursos para concursos (pdf + videaulas) no site.","publisher":{"@id":"https:\/\/www.estrategiaconcursos.com.br\/blog\/#organization"},"potentialAction":[{"@type":"SearchAction","target":{"@type":"EntryPoint","urlTemplate":"https:\/\/www.estrategiaconcursos.com.br\/blog\/?s={search_term_string}"},"query-input":{"@type":"PropertyValueSpecification","valueRequired":true,"valueName":"search_term_string"}}],"inLanguage":"pt-BR"},{"@type":"Organization","@id":"https:\/\/www.estrategiaconcursos.com.br\/blog\/#organization","name":"Estrat\u00e9gia Concursos","url":"https:\/\/www.estrategiaconcursos.com.br\/blog\/","logo":{"@type":"ImageObject","inLanguage":"pt-BR","@id":"https:\/\/www.estrategiaconcursos.com.br\/blog\/#\/schema\/logo\/image\/","url":"https:\/\/dhg1h5j42swfq.cloudfront.net\/2025\/06\/03203428\/logo_concursos-1.jpg","contentUrl":"https:\/\/dhg1h5j42swfq.cloudfront.net\/2025\/06\/03203428\/logo_concursos-1.jpg","width":230,"height":60,"caption":"Estrat\u00e9gia Concursos"},"image":{"@id":"https:\/\/www.estrategiaconcursos.com.br\/blog\/#\/schema\/logo\/image\/"},"sameAs":["https:\/\/x.com\/EstratConcursos"]},{"@type":"Person","@id":"https:\/\/www.estrategiaconcursos.com.br\/blog\/#\/schema\/person\/8256b68741ca07fc26ecae48c1694fb2","name":"Th\u00e1llius Moraes","image":{"@type":"ImageObject","inLanguage":"pt-BR","@id":"https:\/\/secure.gravatar.com\/avatar\/060e28f728bbc43a65d95a82796176e0c859f8fec714d4d8ddd488661038d24b?s=96&d=mm&r=g","url":"https:\/\/secure.gravatar.com\/avatar\/060e28f728bbc43a65d95a82796176e0c859f8fec714d4d8ddd488661038d24b?s=96&d=mm&r=g","contentUrl":"https:\/\/secure.gravatar.com\/avatar\/060e28f728bbc43a65d95a82796176e0c859f8fec714d4d8ddd488661038d24b?s=96&d=mm&r=g","caption":"Th\u00e1llius Moraes"},"url":"https:\/\/www.estrategiaconcursos.com.br\/blog\/author\/thalliusmgmail-com\/"}]}},"_links":{"self":[{"href":"https:\/\/www.estrategiaconcursos.com.br\/blog\/wp-json\/wp\/v2\/posts\/565469","targetHints":{"allow":["GET"]}}],"collection":[{"href":"https:\/\/www.estrategiaconcursos.com.br\/blog\/wp-json\/wp\/v2\/posts"}],"about":[{"href":"https:\/\/www.estrategiaconcursos.com.br\/blog\/wp-json\/wp\/v2\/types\/post"}],"author":[{"embeddable":true,"href":"https:\/\/www.estrategiaconcursos.com.br\/blog\/wp-json\/wp\/v2\/users\/1427"}],"replies":[{"embeddable":true,"href":"https:\/\/www.estrategiaconcursos.com.br\/blog\/wp-json\/wp\/v2\/comments?post=565469"}],"version-history":[{"count":5,"href":"https:\/\/www.estrategiaconcursos.com.br\/blog\/wp-json\/wp\/v2\/posts\/565469\/revisions"}],"predecessor-version":[{"id":1202729,"href":"https:\/\/www.estrategiaconcursos.com.br\/blog\/wp-json\/wp\/v2\/posts\/565469\/revisions\/1202729"}],"wp:featuredmedia":[{"embeddable":true,"href":"https:\/\/www.estrategiaconcursos.com.br\/blog\/wp-json\/wp\/v2\/media\/149991"}],"wp:attachment":[{"href":"https:\/\/www.estrategiaconcursos.com.br\/blog\/wp-json\/wp\/v2\/media?parent=565469"}],"wp:term":[{"taxonomy":"category","embeddable":true,"href":"https:\/\/www.estrategiaconcursos.com.br\/blog\/wp-json\/wp\/v2\/categories?post=565469"},{"taxonomy":"post_tag","embeddable":true,"href":"https:\/\/www.estrategiaconcursos.com.br\/blog\/wp-json\/wp\/v2\/tags?post=565469"},{"taxonomy":"tax_estado","embeddable":true,"href":"https:\/\/www.estrategiaconcursos.com.br\/blog\/wp-json\/wp\/v2\/tax_estado?post=565469"}],"curies":[{"name":"wp","href":"https:\/\/api.w.org\/{rel}","templated":true}]}}