{"id":565431,"date":"2020-09-10T14:34:00","date_gmt":"2020-09-10T17:34:00","guid":{"rendered":"https:\/\/www.estrategiaconcursos.com.br\/blog\/?p=565431"},"modified":"2021-09-09T19:27:05","modified_gmt":"2021-09-09T22:27:05","slug":"itbi-no-iss-aracaju","status":"publish","type":"post","link":"https:\/\/www.estrategiaconcursos.com.br\/blog\/itbi-no-iss-aracaju\/","title":{"rendered":"ITBI no ISS Aracaju \u2013 Principais Pontos de Cobran\u00e7a"},"content":{"rendered":"\n<p>Ol\u00e1, Pessoal. No artigo de hoje trataremos sobre o ITBI no ISS Aracaju, focando nos pontos de maior chance de cobran\u00e7a, pois fogem da mera literalidade do CTN e CF. Vamos l\u00e1?<\/p>\n\n\n\n<div class=\"wp-block-image\"><figure class=\"aligncenter size-large\"><img loading=\"lazy\" decoding=\"async\" width=\"282\" height=\"202\" src=\"https:\/\/dhg1h5j42swfq.cloudfront.net\/2020\/09\/01154610\/image-16.png\" alt=\"ITBI no ISS Aracaju\" class=\"wp-image-565481\"\/><figcaption>CTM &#8211; ITBI no ISS Aracaju<\/figcaption><\/figure><\/div>\n\n\n\n<h2 class=\"wp-block-heading\">ITBI &#8211; Fato gerador e Incid\u00eancia<\/h2>\n\n\n\n<p>Iniciando o artigo sobre o ITBI no ISS Aracaju, vejamos sobre o fato gerador do imposto.<\/p>\n\n\n\n<p>Sabemos que o fato gerador do ITBI \u00e9 a transmiss\u00e3o \u201cinter vivos\u201d de bens im\u00f3veis por ato onero, assim o CTM disp\u00f4s que:<\/p>\n\n\n\n<p><em>Art. 185. O imposto sobre a Transmiss\u00e3o &#8220;inter vivos&#8221;, de bens im\u00f3veis e de direitos reais sobre eles, tem como <span class=\"has-inline-color has-vivid-cyan-blue-color\"><strong>Fato Gerador<\/strong>:<\/span><\/em><\/p>\n\n\n\n<p><em>I &#8211; a <span class=\"has-inline-color has-vivid-green-cyan-color\"><strong>transmiss\u00e3o<\/strong> <\/span>&#8220;inter vivos&#8221;, a qualquer t\u00edtulo por ato <strong><span class=\"has-inline-color has-vivid-green-cyan-color\">oneroso<\/span><\/strong>:<\/em><\/p>\n\n\n\n<p><em>a) de <strong>bens im\u00f3veis<\/strong>, por natureza ou acess\u00e3o f\u00edsica;<\/em><\/p>\n\n\n\n<p><em>b) de <strong>direitos reais sobre bens im\u00f3veis<\/strong>, <span class=\"has-inline-color has-vivid-red-color\"><strong>exceto<\/strong> <\/span>os de <span class=\"has-inline-color has-vivid-red-color\"><strong>garantia <\/strong><\/span>e as <strong><span class=\"has-inline-color has-vivid-red-color\">servid\u00f5es<\/span><\/strong>.<\/em><\/p>\n\n\n\n<p><em>II &#8211; a <strong><span class=\"has-inline-color has-vivid-green-cyan-color\">cess\u00e3o<\/span><\/strong>, por <strong>ato <span class=\"has-inline-color has-vivid-green-cyan-color\">oneroso<\/span><\/strong>, de <strong>direitos<\/strong> relativos \u00e0 <strong>aquisi\u00e7\u00e3o de bens im\u00f3veis<\/strong>.<\/em><\/p>\n\n\n\n<h3 class=\"wp-block-heading\">Incid\u00eancia<\/h3>\n\n\n\n<p>O rol de incid\u00eancia do imposto \u00e9 <strong>exemplificativo <\/strong>(<em>todos os atos onerosos translativos de im\u00f3veis e de direitos reais sobre im\u00f3veis), <\/em>assim vejamos alguns exemplos que merecem cuidado:<\/p>\n\n\n\n<p><em>Par\u00e1grafo \u00fanico. <strong>Est\u00e3o <span class=\"has-inline-color has-vivid-cyan-blue-color\">compreendidos na incid\u00eancia<\/span><\/strong> do imposto:<\/em><\/p>\n\n\n\n<p><em>f) a <strong><span class=\"has-inline-color has-vivid-green-cyan-color\">cess\u00e3o de direitos do arrematante ou adjudicat\u00e1rio<\/span><\/strong>, <strong><span class=\"has-inline-color has-vivid-red-color\">depois <\/span>de assinado o auto de arremata\u00e7\u00e3o ou adjudica\u00e7\u00e3o<\/strong>;<\/em><\/p>\n\n\n\n<p><em>g) a <span class=\"has-inline-color has-vivid-green-cyan-color\"><strong>cess\u00e3o<\/strong> <\/span>de direitos decorrente de <strong><span class=\"has-inline-color has-vivid-red-color\">compromisso <\/span><\/strong><span class=\"has-inline-color has-vivid-green-cyan-color\"><strong>de compra e venda<\/strong>;<\/span><\/em><\/p>\n\n\n\n<p><em>h) a <strong><span class=\"has-inline-color has-vivid-green-cyan-color\">cess\u00e3o de direitos \u00e0 sucess\u00e3o<\/span><\/strong>;<\/em><\/p>\n\n\n\n<p><em>i) a<span class=\"has-inline-color has-vivid-green-cyan-color\"><strong> cess\u00e3o de benfeitorias<\/strong><\/span><strong><span class=\"has-inline-color has-very-dark-gray-color\"> e<\/span><\/strong><span class=\"has-inline-color has-vivid-green-cyan-color\"><strong> constru\u00e7\u00f5es <\/strong><\/span><strong><span class=\"has-inline-color has-very-dark-gray-color\">em <\/span><\/strong><span class=\"has-inline-color has-vivid-green-cyan-color\"><strong>terreno <\/strong><\/span><strong><span class=\"has-inline-color has-vivid-red-color\">compromissado \u00e0 venda<\/span><\/strong><span class=\"has-inline-color has-vivid-green-cyan-color\"><strong> <\/strong><\/span><strong><span class=\"has-inline-color has-very-dark-gray-color\">ou <\/span><span class=\"has-inline-color has-vivid-red-color\">alheio<\/span><\/strong>;<\/em><\/p>\n\n\n\n<p><em>l) o valor dos im\u00f3veis que, na <strong>divis\u00e3o de patrim\u00f4nio<\/strong> comum ou na partilha, forem atribu\u00eddos a um dos c\u00f4njuges separados ou divorciados, <strong><span class=\"has-inline-color has-vivid-green-cyan-color\">ao c\u00f4njuge <\/span><span class=\"has-inline-color has-vivid-red-color\">sup\u00e9rstite<\/span> ou <span class=\"has-inline-color has-vivid-green-cyan-color\">a<\/span> qualquer <span class=\"has-inline-color has-vivid-green-cyan-color\">herdeiro<\/span>, <span class=\"has-inline-color has-vivid-red-color\">acima <\/span>da respectiva mea\u00e7\u00e3o ou quinh\u00e3o<\/strong>;<\/em><\/p>\n\n\n\n<p><em>o) o <strong><span class=\"has-inline-color has-vivid-green-cyan-color\">contrato de <\/span><span class=\"has-inline-color has-vivid-red-color\">compromisso <\/span><span class=\"has-inline-color has-vivid-green-cyan-color\">de Compra e Venda<\/span><\/strong> <strong>desde que<\/strong> haja <strong>pelo menos um dos<\/strong> <strong>elementos inerentes a direitos reais<\/strong>;<\/em><\/p>\n\n\n\n<p><em>q) <strong><span class=\"has-inline-color has-vivid-green-cyan-color\">mandato em causa pr\u00f3pria<\/span><\/strong> e seus subestabelecimentos, <strong>quando o instrumento contiver os <span class=\"has-inline-color has-vivid-red-color\">requisitos <\/span>essenciais \u00e0 <span class=\"has-inline-color has-vivid-red-color\">compra e a venda<\/span><\/strong>.<\/em><\/p>\n\n\n\n<h2 class=\"wp-block-heading\">ITBI &#8211; N\u00e3o incid\u00eancia<\/h2>\n\n\n\n<p>Vejamos as n\u00e3o incid\u00eancias do ITBI no ISS Aracaju.<\/p>\n\n\n\n<p>O CTM de Aracaju praticamente reproduziu os comandos constitucionais e do CTN sobre as \u201cn\u00e3o incid\u00eancias\u201d, por\u00e9m vejamos alguns detalhes espec\u00edficos da Legisla\u00e7\u00e3o.<\/p>\n\n\n\n<h3 class=\"wp-block-heading\">An\u00e1lise prejudicada da atividade preponderante<\/h3>\n\n\n\n<p>Incidir\u00e1 o imposto no caso de a empresa n\u00e3o ter 2 anos (regra do 2 + 2) e tamb\u00e9m n\u00e3o chegar a completar 3 anos.<\/p>\n\n\n\n<p><em>Art. 186 (&#8230;)<\/em><\/p>\n\n\n\n<p><em>\u00a7 3\u00ba <u>Fica prejudicada a an\u00e1lise da atividade preponderante<\/u>, <strong><span class=\"has-inline-color has-vivid-green-cyan-color\">incidindo o imposto<\/span><\/strong>, quando a pessoa jur\u00eddica <strong>adquirente<\/strong> dos bens ou direitos <strong>tiver<\/strong> <strong>exist\u00eancia em per\u00edodo inferior<\/strong> da <strong>apura\u00e7\u00e3o<\/strong> prevista nos incisos I e II do \u00a7 1\u00ba; <\/em>&nbsp;<\/p>\n\n\n\n<p>Incidir\u00e1 tamb\u00e9m caso n\u00e3o conste no objeto social outra atividade que n\u00e3o as atividades de compra e venda, loca\u00e7\u00e3o, arrendamento mercantil ou incorpora\u00e7\u00e3o de bens im\u00f3veis (ex: imobili\u00e1ria).<\/p>\n\n\n\n<p><em>\u00a7 4\u00ba Fica prejudicada a an\u00e1lise da atividade preponderante, <strong>i<span class=\"has-inline-color has-vivid-green-cyan-color\">ncidindo o imposto<\/span><\/strong> <strong><span class=\"has-inline-color has-vivid-red-color\">no ato<\/span> da transmiss\u00e3o<\/strong>, quando na <strong>\u00e9poca da transmiss\u00e3o <span class=\"has-inline-color has-vivid-red-color\">n\u00e3o <\/span>constar no objeto social da pessoa jur\u00eddica outra atividade distinta da incorpora\u00e7\u00e3o imobili\u00e1ria e\/ou das atividades mencionadas<\/strong> no \u00a7 1\u00ba;<\/em><\/p>\n\n\n\n<h3 class=\"wp-block-heading\">Confirma\u00e7\u00e3o da preponder\u00e2ncia<\/h3>\n\n\n\n<p>Caso seja confirmada a atividade preponderante, a empresa ter\u00e1 o prazo de 30 dias para pagar, sob pena de multa de 50% sobre o imposto (\u00a77\u00ba).<\/p>\n\n\n\n<p><em>\u00a7 5\u00ba Quando a <strong>pessoa jur\u00eddica <\/strong><span class=\"has-inline-color has-vivid-green-cyan-color\"><strong>adquirente<\/strong> <\/span>ficar <strong>sujeita<\/strong> a <strong>n\u00e3o incid\u00eancia condicionada<\/strong>, ficar\u00e1 obrigada a verificar a preponder\u00e2ncia da atividade prevista no \u00a7 1\u00ba deste artigo e, caso se<span class=\"has-inline-color has-vivid-green-cyan-color\"> <strong>confirme a atividade preponderante<\/strong>, <strong>ter\u00e1 que pagar o imposto<\/strong><\/span> nos termos do inciso III do \u00a7 1\u00ba, no prazo m\u00e1ximo de <strong><span class=\"has-inline-color has-vivid-red-color\">30 dias<\/span><\/strong> <u>ap\u00f3s o t\u00e9rmino do prazo condicionante<\/u>;<\/em><\/p>\n\n\n\n<p>E se n\u00e3o se confirmar, ocorrer\u00e1 a mera comunica\u00e7\u00e3o em 30 dias.<\/p>\n\n\n\n<p><em>\u00a7 6\u00ba A <strong>pessoa jur\u00eddica <\/strong><span class=\"has-inline-color has-vivid-green-cyan-color\"><strong>adquirente<\/strong> <\/span>que verificar que <strong><span class=\"has-inline-color has-vivid-green-cyan-color\">n\u00e3o se confirmou a preponder\u00e2ncia<\/span><\/strong> da atividade <span class=\"has-inline-color has-vivid-green-cyan-color\"><strong>fica obrigada a comunicar<\/strong> <\/span>referido fato <strong>ao Cadastro Imobili\u00e1rio do Munic\u00edpio<\/strong> no prazo previsto no par\u00e1grafo acima, <u>sob pena de aplica\u00e7\u00e3o da penalidade<\/u> prevista no inciso V do art. 196;<\/em><\/p>\n\n\n\n<p><strong>Resumindo<\/strong>:<\/p>\n\n\n\n<ul class=\"wp-block-list\"><li><strong><span class=\"has-inline-color has-vivid-purple-color\">Confirme a atividade preponderante<\/span> &nbsp;&#8211; <\/strong>30 dias para <strong>pagar<\/strong><\/li><li><strong><span class=\"has-inline-color has-vivid-purple-color\">N\u00c3O confirme a atividade preponderante<\/span> \u2013 <\/strong>30 dias para <strong>comunicar<\/strong><\/li><\/ul>\n\n\n\n<p>Lembrando que a incumb\u00eancia da verifica\u00e7\u00e3o da preponder\u00e2ncia n\u00e3o inibe a apura\u00e7\u00e3o por parte dos auditores fiscais. <\/p>\n\n\n\n<p><em>\u00a7 8\u00ba A <strong>incumb\u00eancia da verifica\u00e7\u00e3o da preponder\u00e2ncia<\/strong> da atividade por parte da pessoa jur\u00eddica adquirente, <strong><span class=\"has-inline-color has-vivid-green-cyan-color\">n\u00e3o inibe a apura\u00e7\u00e3o<\/span><\/strong> a qualquer tempo da referida <span class=\"has-inline-color has-vivid-green-cyan-color\"><strong>preponder\u00e2ncia<\/strong> <\/span>por parte da <strong><span class=\"has-inline-color has-vivid-green-cyan-color\">autoridade fiscal<\/span><\/strong>, que <strong>intimar\u00e1 a pessoa jur\u00eddica<\/strong> para no prazo de <span class=\"has-inline-color has-vivid-red-color\"><strong>15 dias<\/strong> <\/span><strong>entregar a documenta\u00e7\u00e3o necess\u00e1ria \u00e0 apura\u00e7\u00e3o<\/strong>, e <span style=\"text-decoration: underline\">findo o prazo sem entrega da documenta\u00e7\u00e3o o imposto ser\u00e1 considerado devido e lan\u00e7ado de of\u00edcio<\/span>, com a penalidade prevista no inciso I do art. 196.<\/em><\/p>\n\n\n\n<h2 class=\"wp-block-heading\">ITBI &#8211; Al\u00edquota e base de c\u00e1lculo<\/h2>\n\n\n\n<p>A al\u00edquota do ITBI \u00e9 de 2%. <\/p>\n\n\n\n<p><em>Art. 188. A <span class=\"has-inline-color has-vivid-cyan-blue-color\"><strong>al\u00edquota<\/strong> <\/span>do imposto \u00e9 de <strong><span class=\"has-inline-color has-vivid-red-color\">2%<\/span><\/strong>.<\/em><\/p>\n\n\n\n<p>E a base de c\u00e1lculo \u00e9 o valor venal determinado por avalia\u00e7\u00e3o da Secretaria Municipal de Finan\u00e7as nos elementos que dispuser (ex: cadastro imobili\u00e1rio) e os declarados pelo sujeito passivo (t\u00edpico de do lan\u00e7amento por declara\u00e7\u00e3o).<\/p>\n\n\n\n<p><em>Art. 189. A<span class=\"has-inline-color has-vivid-cyan-blue-color\"> <strong>base de c\u00e1lculo<\/strong><\/span> do imposto \u00e9 o <strong><span class=\"has-inline-color has-vivid-cyan-blue-color\">valor venal <\/span><\/strong>dos bens ou direitos transmitidos ou cedidos, <strong>determinada pela Secretaria Municipal de Finan\u00e7as<\/strong>, <strong>atrav\u00e9s de avalia\u00e7\u00e3o<\/strong> feita com <strong>base <span class=\"has-inline-color has-vivid-green-cyan-color\">nos elementos de que dispuser<\/span><\/strong> e ainda nos <strong><span class=\"has-inline-color has-vivid-green-cyan-color\">declarados pelo sujeito passivo<\/span><\/strong>.<\/em><\/p>\n\n\n\n<p>A avalia\u00e7\u00e3o considerar\u00e1 dentre outros:<\/p>\n\n\n\n<p><em>\u00a7 2\u00ba Na <span class=\"has-inline-color has-vivid-green-cyan-color\"><strong>avalia\u00e7\u00e3o<\/strong> <\/span>ser\u00e3o <span class=\"has-inline-color has-vivid-green-cyan-color\"><strong>considerados<\/strong> <\/span>dentre outros, os seguintes elementos, <strong>quanto ao im\u00f3vel<\/strong>:<\/em><\/p>\n\n\n\n<p><em>a) forma<strong>, <\/strong><span class=\"has-inline-color has-vivid-purple-color\"><strong>dimens\u00f5es, localiza\u00e7\u00e3o<\/strong>, <strong>estado de conserva\u00e7\u00e3o<\/strong><\/span> e utilidades;<\/em><\/p>\n\n\n\n<p><em>b) <strong><span class=\"has-inline-color has-vivid-purple-color\">valores de \u00e1reas circunvizinhas<\/span><\/strong> ou localizadas em zonas economicamente equivalentes, <strong><span class=\"has-inline-color has-vivid-purple-color\">Plantas de Valores Imobili\u00e1rios<\/span><\/strong> e <strong><span class=\"has-inline-color has-vivid-purple-color\">Tabelas de Pre\u00e7os de Constru\u00e7\u00e3o atualizadas<\/span><\/strong>, <span class=\"has-inline-color has-vivid-purple-color\"><strong>transa\u00e7\u00f5es<\/strong> <strong>imobili\u00e1rias<\/strong><\/span>.<\/em><\/p>\n\n\n\n<p>Importante frisar que n\u00e3o se admite deduzir as d\u00edvidas que onerem o im\u00f3vel da BC do ITBI. <\/p>\n\n\n\n<p><em>\u00a7 1\u00ba <strong><span class=\"has-inline-color has-vivid-green-cyan-color\">N\u00e3o ser\u00e1 admitido abater<\/span><\/strong> do valor venal quaisquer <strong>d\u00edvidas que onerem o im\u00f3vel<\/strong> transmitido.<\/em><\/p>\n\n\n\n<p>E a informa\u00e7\u00e3o mais importante: o <strong>valor venal n\u00e3o ser\u00e1 inferior ao da BC do IPTU<\/strong>.<\/p>\n\n\n\n<p><em>\u00a7 3\u00ba <strong><span class=\"has-inline-color has-vivid-green-cyan-color\">Em nenhuma hip\u00f3tese o imposto<\/span><\/strong> ser\u00e1 <span class=\"has-inline-color has-vivid-green-cyan-color\"><strong>calculado<\/strong> <\/span>sobre <strong><span class=\"has-inline-color has-vivid-green-cyan-color\">valor inferior<\/span> ao valor do bem<\/strong>, <strong>utilizado<\/strong> no exerc\u00edcio, para <strong>base de c\u00e1lculo<\/strong> do imposto sobre a Propriedade Predial e Territorial Urbana <span class=\"has-inline-color has-vivid-green-cyan-color\"><strong>[IPTU]<\/strong>,<\/span> <span style=\"text-decoration: underline\">corrigido monetariamente,<\/span> de acordo com a varia\u00e7\u00e3o de \u00edndices oficiais, no per\u00edodo compreendido <span style=\"text-decoration: underline\">entre 1\u00ba de janeiro e a data da ocorr\u00eancia do ato<\/span>, <strong><span class=\"has-inline-color has-vivid-red-color\">n\u00e3o <\/span>sendo considerados os descontos <\/strong>eventualmente <strong>concedidos<\/strong> sobre o valor apurado para <strong>efeito do c\u00e1lculo do IPTU<\/strong>, <strong><span class=\"has-inline-color has-vivid-red-color\"><u>exceto<\/u><\/span><\/strong><u><span class=\"has-inline-color has-vivid-red-color\"> <\/span>os im\u00f3veis adquiridos atrav\u00e9s de arremata\u00e7\u00e3o judicial<\/u>.<\/em><\/p>\n\n\n\n<h2 class=\"wp-block-heading\">ITBI &#8211; Contribuintes e Respons\u00e1veis<\/h2>\n\n\n\n<p>Os <strong>contribuintes <\/strong>do ITBI s\u00e3o \u201caqueles que recebem\u201d a transmiss\u00e3o.<\/p>\n\n\n\n<p><em>Art. 190. S\u00e3o <span class=\"has-inline-color has-vivid-cyan-blue-color\"><strong>contribuintes<\/strong> <\/span>do imposto:&nbsp;<\/em><\/p>\n\n\n\n<p>I &#8211; os <strong><span class=\"has-inline-color has-vivid-green-cyan-color\">adquirentes <\/span><\/strong>dos <strong>bens ou direitos transmitidos<\/strong><\/p>\n\n\n\n<p>II &#8211; os <strong><span class=\"has-inline-color has-vivid-green-cyan-color\">cession\u00e1rios<\/span><\/strong>, nas cess\u00f5es, por ato oneroso, de<strong> direitos relativo<\/strong>s \u00e0 aquisi\u00e7\u00e3o de bens im\u00f3veis;<\/p>\n\n\n\n<p>III &#8211; os <strong><span class=\"has-inline-color has-vivid-green-cyan-color\">superfici\u00e1rios e os cedentes<\/span><\/strong>, nas institui\u00e7\u00f5es e nas cess\u00f5es do <strong>direito de superf\u00edcie.<\/strong><\/p>\n\n\n\n<p>Aten\u00e7\u00e3o ao inciso III, pois tanto o superfici\u00e1rio (&#8220;quem recebe&#8221;), quanto os fundieiro (&#8220;quem cede&#8221;) s\u00e3o contribuintes no caso de institui\u00e7\u00f5es e cess\u00f5es de direito de superf\u00edcie<\/p>\n\n\n\n<p>A outra parte (\u201cquem transmite\u201d) e os serventu\u00e1rios relativamente aos atos por eles praticados ser\u00e3o os<strong> respons\u00e1veis solid\u00e1rios<\/strong> pelo imposto.<\/p>\n\n\n\n<p><em>Art. 191. <strong><span class=\"has-inline-color has-vivid-cyan-blue-color\">Respondem solidariamente<\/span><\/strong> pelo pagamento do imposto:<\/em><\/p>\n\n\n\n<p><em>I &#8211; o <strong><span class=\"has-inline-color has-vivid-green-cyan-color\">transmitente<\/span><\/strong>;<\/em><\/p>\n\n\n\n<p><em>II &#8211; o <strong><span class=\"has-inline-color has-vivid-green-cyan-color\">cedente<\/span><\/strong>;<\/em><\/p>\n\n\n\n<p><em>III &#8211; os <strong><span class=\"has-inline-color has-vivid-green-cyan-color\">tabeli\u00e3es<\/span><\/strong>, escriv\u00e3es e demais serventu\u00e1rios, <strong>relativamente aos atos por eles praticados<\/strong>, em <strong>raz\u00e3o de seu of\u00edcio<\/strong>, ou <strong>omiss\u00f5es<\/strong> de que forem respons\u00e1veis.<\/em><\/p>\n\n\n\n<p>Em rela\u00e7\u00e3o aos tabeli\u00e3es, escriv\u00e3es e demais serventu\u00e1rios de of\u00edcio, a lei elencou algumas obriga\u00e7\u00f5es tribut\u00e1rias espec\u00edficas.<\/p>\n\n\n\n<p><em>Art. 192. A <strong><span class=\"has-inline-color has-vivid-cyan-blue-color\">prova de pagamento<\/span><\/strong> do imposto dever\u00e1 ser <strong>exigida pelos tabeli\u00f5es<\/strong>, escriv\u00e3es e oficiais do registro de im\u00f3veis, a <strong>fim de serem lavrados, registrados<\/strong>, averbados e inscritos os atos e termos a seu cargo.<\/em><\/p>\n\n\n\n<p><em>Par\u00e1grafo \u00fanico. Os <strong>tabeli\u00e3es<\/strong>, escriv\u00e3es e demais serventu\u00e1rios de of\u00edcio <span class=\"has-inline-color has-vivid-green-cyan-color\"><strong>ficam obrigados<\/strong>:<\/span><\/em><\/p>\n\n\n\n<p><em>I &#8211; a <strong>autorizar<\/strong>, aos <strong>encarregados da fiscaliza\u00e7\u00e3o<\/strong>, o <strong>exame em cart\u00f3rio dos livros<\/strong>, autos e pap\u00e9is que interessem \u00e0 arrecada\u00e7\u00e3o do imposto.<\/em><\/p>\n\n\n\n<p><em>II &#8211; a <strong>fornecer<\/strong> aos encarregados da <strong>fiscaliza\u00e7\u00e3o<\/strong>, quando solicitada, <strong>certid\u00e3o <\/strong>dos<strong> atos lavrados ou registrados<\/strong>, concernentes a im\u00f3veis ou direitos a eles relativos;<\/em><\/p>\n\n\n\n<p><em>III &#8211; a <strong>fornecer<\/strong>, sempre que solicitado, dados relativos \u00e0s <strong>guias de recolhimento<\/strong>.<\/em><\/p>\n\n\n\n<h2 class=\"wp-block-heading\">ITBI &#8211; Lan\u00e7amento e recolhimento<\/h2>\n\n\n\n<p><em>Art. 193. O <span class=\"has-inline-color has-vivid-cyan-blue-color\"><strong>lan\u00e7amento<\/strong> <\/span>ser\u00e1 feito atrav\u00e9s de documentos pr\u00f3prios, com <strong>base<\/strong> na <strong><span class=\"has-inline-color has-vivid-green-cyan-color\">avalia\u00e7\u00e3o efetuada<\/span><\/strong> <strong>e\/ou<\/strong> nas <span class=\"has-inline-color has-vivid-green-cyan-color\"><strong>declara\u00e7\u00f5es do sujeito passivo<\/strong>.<\/span><\/em><\/p>\n\n\n\n<p>Da an\u00e1lise do artigo 194 e par\u00e1grafos, podemos considerar que:<\/p>\n\n\n\n<p><strong>Prazo para recolhimento:<\/strong><\/p>\n\n\n\n<ul class=\"wp-block-list\"><li><strong><span class=\"has-inline-color has-vivid-purple-color\">Instrumento p\u00fablico<\/span><\/strong> -&gt; At\u00e9 a data da lavratura<\/li><li><strong><span class=\"has-inline-color has-vivid-purple-color\">Instrumento particular<\/span><\/strong> -&gt; At\u00e9 10 dias da data do instrumento<\/li><li><strong><span class=\"has-inline-color has-vivid-purple-color\">Arremata\u00e7\u00e3o, adjudica\u00e7\u00e3o ou remi\u00e7\u00e3o<\/span><\/strong> -&gt; At\u00e9 15 dias do ato e antes da assinatura<\/li><li><span class=\"has-inline-color has-vivid-purple-color\"><strong>Senten\u00e7a judicial<\/strong> <\/span>-&gt; at\u00e9 30 dias do tr\u00e2nsito em julgado<\/li><li><strong><span class=\"has-inline-color has-vivid-purple-color\">Termo Judicial<\/span><\/strong> -&gt; at\u00e9 10 dias do tr\u00e2nsito em julgado<\/li><\/ul>\n\n\n\n<p>Aten\u00e7\u00e3o, pois s\u00f3 ser\u00e3o considerados casos de imunidade ou isen\u00e7\u00e3o quando os adquirentes ou cession\u00e1rios (contribuintes) forem acobertados por essas &#8220;n\u00e3o tributa\u00e7\u00f5es&#8221;, em contra partida, caso apenas respons\u00e1vel seja imune ou isento, o imposto ser\u00e1 cobrado normalmente.<\/p>\n\n\n\n<p><em>Art. 195 \u2013 Nas <span class=\"has-inline-color has-vivid-cyan-blue-color\"><strong>transa\u00e7\u00f5es<\/strong> <\/span>em que fiquem como <strong><span class=\"has-inline-color has-vivid-cyan-blue-color\">adquirentes ou cession\u00e1rios pessoas imunes ou isentas<\/span><\/strong>, a <strong>comprova\u00e7\u00e3o do pagamento<\/strong> do imposto <strong>ser\u00e1 substitu\u00edda por certid\u00e3o expedida pela autoridade fiscal<\/strong>, como dispuser o regulamento.<\/em><\/p>\n\n\n\n<h3 class=\"wp-block-heading\">Parcelamento<\/h3>\n\n\n\n<p>No parcelamento do ITBI ocorre, na pr\u00e1tica, uma posterga\u00e7\u00e3o da transmiss\u00e3o para o momento da quita\u00e7\u00e3o do parcelamento, assim vejamos:<\/p>\n\n\n\n<p><em>Art. 194, \u00a7 5\u00ba O<span class=\"has-inline-color has-vivid-green-cyan-color\"> <strong>contribuinte que solicitar<\/strong><\/span> via <strong>requerimento<\/strong>, na <strong>Secretaria<\/strong> Municipal de <strong>Finan\u00e7as<\/strong>, poder\u00e1 <span class=\"has-inline-color has-vivid-green-cyan-color\"><strong>parcelar<\/strong> <\/span>o imposto em at\u00e9 <strong><span class=\"has-inline-color has-vivid-red-color\">12 parcelas fixas<\/span>.<\/strong><\/em><\/p>\n\n\n\n<p><em>I &#8211; <span class=\"has-inline-color has-vivid-purple-color\"><strong>Nenhuma<\/strong> <\/span>das <span class=\"has-inline-color has-vivid-purple-color\"><strong>parcelas<\/strong> <\/span>referentes ao pagamento do Imposto <strong>poder\u00e1 ser <\/strong><span class=\"has-inline-color has-vivid-purple-color\"><strong>Inferior<\/strong> <\/span>a <span class=\"has-inline-color has-vivid-red-color\"><strong>R$<\/strong> <strong>100,00<\/strong>;<\/span><\/em><\/p>\n\n\n\n<p><em>II &#8211; <strong>Somente <span class=\"has-inline-color has-vivid-purple-color\">ap\u00f3s a quita\u00e7\u00e3o do parcelamento<\/span><\/strong>, <strong>ser\u00e1 poss\u00edvel <\/strong>a<span class=\"has-inline-color has-vivid-purple-color\"><strong> lavratura da escritura p\u00fablica <\/strong><\/span>no Tabelionato ou a <strong><span class=\"has-inline-color has-vivid-purple-color\">transcri\u00e7\u00e3o do t\u00edtulo <\/span><\/strong>de transfer\u00eancia no Registro de Im\u00f3veis<\/em><\/p>\n\n\n\n<h2 class=\"wp-block-heading\">ITBI &#8211; Infra\u00e7\u00f5es e penalidades&nbsp;<\/h2>\n\n\n\n<p>Finalizando o tema sobre ITBI no ISS Aracaju, vejamos as infra\u00e7\u00f5es.<\/p>\n\n\n\n<p>A partir do artigo 194, podemos considerar que:<\/p>\n\n\n\n<p><span class=\"has-inline-color has-vivid-cyan-blue-color\"><strong>Multas<\/strong>:<\/span><\/p>\n\n\n\n<ul class=\"wp-block-list\"><li><strong><span class=\"has-inline-color has-vivid-red-color\">100%<\/span><\/strong>:<\/li><\/ul>\n\n\n\n<p>II &#8211; <strong><span class=\"has-inline-color has-vivid-green-cyan-color\">omiss\u00e3o ou inexatid\u00e3o de declara\u00e7\u00e3o<\/span><\/strong> relativa a elemento que <strong>possa influir no c\u00e1lculo do imposto.<\/strong><\/p>\n\n\n\n<ul class=\"wp-block-list\"><li><strong><span class=\"has-inline-color has-vivid-red-color\">50%<\/span><\/strong>:<\/li><\/ul>\n\n\n\n<p>I &#8211;<span class=\"has-inline-color has-vivid-green-cyan-color\"> <strong>falta de pagamento<\/strong><\/span>, total ou parcial, apurado por <strong>procedimento fiscal<\/strong>.<\/p>\n\n\n\n<p>IV &#8211; <strong><span class=\"has-inline-color has-vivid-green-cyan-color\">Falta de pagamento<\/span><\/strong>, total ou parcial, quando a <strong>apura\u00e7\u00e3o e o recolhimento ficar a cargo do contribuinte;<\/strong><\/p>\n\n\n\n<p>V &#8211; <span class=\"has-inline-color has-vivid-green-cyan-color\"><strong>Falta de comunica\u00e7\u00e3o<\/strong> <\/span>ao Cadastro Imobili\u00e1rio do Munic\u00edpio da <strong>n\u00e3o confirma\u00e7\u00e3o da preponder\u00e2ncia<\/strong> da atividade.<\/p>\n\n\n\n<ul class=\"wp-block-list\"><li><strong><span class=\"has-inline-color has-vivid-red-color\">Fixo (1.000 UFIR)<\/span>, por item infringido<\/strong>:<\/li><\/ul>\n\n\n\n<p>III &#8211; <span class=\"has-inline-color has-vivid-green-cyan-color\"><strong>Infring\u00eancia<\/strong> <\/span>ao disposto neste cap\u00edtulo, <strong><span class=\"has-inline-color has-vivid-green-cyan-color\">por tabeli\u00e3es<\/span><\/strong>, escriv\u00e3es e demais serventu\u00e1rios de of\u00edcio.<\/p>\n\n\n\n<h2 class=\"wp-block-heading\">Considera\u00e7\u00f5es Finais<\/h2>\n\n\n\n<p>Espero que tenham gostado do artigo sobre o ITBI no ISS Aracaju e que esse tenha te ajudado a reter as informa\u00e7\u00f5es mais importantes da Legisla\u00e7\u00e3o.<\/p>\n\n\n\n<p>Ademais, n\u00e3o deixe de conferir a aula do Professor Vilches no canal do Youtube do Estrat\u00e9gia.<\/p>\n\n\n\n<p class=\"has-text-align-center\"><a href=\"https:\/\/www.youtube.com\/watch?v=PVERM1AqWTI\">ISS-Aracaju &#8211; Legisla\u00e7\u00e3o Tribut\u00e1ria Municipal &#8211; Prof. Rafael Vilches<\/a><\/p>\n\n\n\n<p>At\u00e9 a pr\u00f3xima e bons estudos!<\/p>\n\n\n\n<p>Gostaria de ver mais resumos como esse?<\/p>\n\n\n\n<p class=\"has-text-align-center\"><a href=\"https:\/\/www.instagram.com\/resumospassarin\/\">https:\/\/www.instagram.com\/resumospassarin\/<\/a><\/p>\n\n\n\n<h2 class=\"has-text-align-center wp-block-heading\" id=\"cursos-assinatura\">Quer estudar para o concurso ISS Aracaju?<\/h2>\n\n\n\n<p class=\"has-text-align-center\"><em>Gostou desta oportunidade e deseja come\u00e7ar se preparar agora mesmo? Ent\u00e3o, confira os nossos cursos e comece a estudar:<\/em><\/p>\n\n\n\n<p class=\"has-text-align-center has-luminous-vivid-amber-background-color has-background\"><strong><a rel=\"noreferrer noopener\" href=\"https:\/\/www.estrategiaconcursos.com.br\/cursos\/concurso\/\" target=\"_blank\">Curso para concurso<\/a><\/strong><\/p>\n\n\n\n<p class=\"has-text-align-center\"><em><strong>Assinatura Anual Ilimitada*<\/strong><\/em><\/p>\n\n\n\n<p class=\"has-text-align-center\"><em>Prepare-se com o melhor material e com quem mais aprova em Concursos P\u00fablicos em todo o pa\u00eds. Assine agora a nossa Assinatura Anual e tenha acesso ilimitado* a todos os nossos cursos.<\/em><\/p>\n\n\n\n<p class=\"has-text-align-center has-light-green-cyan-background-color has-background\"><strong>ASSINE AGORA<\/strong>&nbsp;\u2013&nbsp;<strong><a rel=\"noreferrer noopener\" href=\"https:\/\/www.estrategiaconcursos.com.br\/assinaturas\" target=\"_blank\">Assinatura Ilimitada<\/a><\/strong><\/p>\n\n\n\n<p class=\"has-text-align-center\"><strong><em><strong>Sistema de Quest\u00f5es<\/strong><\/em><\/strong><\/p>\n\n\n\n<p class=\"has-text-align-center\"><em>Estrat\u00e9gia Quest\u00f5es nasceu maior do que todos os concorrentes, com mais quest\u00f5es cadastradas e mais solu\u00e7\u00f5es por professores. Ent\u00e3o, confira e aproveite os descontos e b\u00f4nus imperd\u00edveis!<\/em><\/p>\n\n\n\n<p class=\"has-text-align-center has-vivid-green-cyan-background-color has-background\"><strong>ASSINE AGORA \u2013&nbsp;<a rel=\"noreferrer noopener\" href=\"https:\/\/www.estrategiaconcursos.com.br\/cursosPorConcurso\/sistema-de-questoes\/#\/\" target=\"_blank\">Sistema de Quest\u00f5es<\/a><\/strong><\/p>\n\n\n\n<p class=\"has-text-align-center\"><strong><em>Fique por dentro dos concursos em aberto<\/em><\/strong><\/p>\n\n\n\n<p class=\"has-text-align-center has-pale-cyan-blue-background-color has-background\"><a rel=\"noreferrer noopener\" href=\"https:\/\/www.estrategiaconcursos.com.br\/blog\/concursos-abertos\/\" target=\"_blank\"><strong>CONCURSOS ABERTOS<\/strong><\/a><\/p>\n\n\n\n<p class=\"has-text-align-center\"><strong><em>As oportunidades previstas<\/em><\/strong><\/p>\n\n\n\n<p class=\"has-text-align-center has-pale-cyan-blue-background-color has-background\"><a rel=\"noreferrer noopener\" href=\"https:\/\/www.estrategiaconcursos.com.br\/blog\/concursos-2020\/\" target=\"_blank\"><strong>CONCURSOS&nbsp;2020<\/strong><\/a><\/p>\n\n\n\n<p class=\"has-text-align-center has-pale-cyan-blue-background-color has-background\"><a rel=\"noreferrer noopener\" href=\"https:\/\/www.estrategiaconcursos.com.br\/blog\/concursos-2021\/\" target=\"_blank\"><strong>CONCURSOS 2021<\/strong><\/a><\/p>\n","protected":false},"excerpt":{"rendered":"<p>Ol\u00e1, Pessoal. No artigo de hoje trataremos sobre o ITBI no ISS Aracaju, focando nos pontos de maior chance de cobran\u00e7a, pois fogem da mera literalidade do CTN e CF. Vamos l\u00e1? ITBI &#8211; Fato gerador e Incid\u00eancia Iniciando o artigo sobre o ITBI no ISS Aracaju, vejamos sobre o fato gerador do imposto. Sabemos [&hellip;]<\/p>\n","protected":false},"author":1763,"featured_media":556980,"comment_status":"open","ping_status":"closed","sticky":false,"template":"","format":"standard","meta":{"post_tipo":"article","footnotes":""},"categories":[1983],"tags":[],"tax_estado":[219988],"class_list":["post-565431","post","type-post","status-publish","format-standard","has-post-thumbnail","hentry","category-fiscal-estadual","tax_estado-se"],"acf":[],"yoast_head":"<!-- This site is optimized with the Yoast SEO Premium plugin v27.2 (Yoast SEO v27.2) - https:\/\/yoast.com\/product\/yoast-seo-premium-wordpress\/ -->\n<title>ITBI no ISS Aracaju \u2013 Principais Pontos de Cobran\u00e7a<\/title>\n<meta name=\"description\" content=\"Veja nesse artigo os Principais Pontos de Cobran\u00e7a do ITBI no ISS Aracaju para sua prova de legisla\u00e7\u00e3o tribut\u00e1ria municipal.\" \/>\n<meta name=\"robots\" content=\"index, follow, max-snippet:-1, max-image-preview:large, max-video-preview:-1\" \/>\n<link rel=\"canonical\" href=\"https:\/\/www.estrategiaconcursos.com.br\/blog\/itbi-no-iss-aracaju\/\" \/>\n<meta property=\"og:locale\" content=\"pt_BR\" \/>\n<meta property=\"og:type\" content=\"article\" \/>\n<meta property=\"og:title\" content=\"ITBI no ISS Aracaju \u2013 Principais Pontos de Cobran\u00e7a\" \/>\n<meta property=\"og:description\" content=\"Veja nesse artigo os Principais Pontos de Cobran\u00e7a do ITBI no ISS Aracaju para sua prova de legisla\u00e7\u00e3o tribut\u00e1ria municipal.\" \/>\n<meta property=\"og:url\" content=\"https:\/\/www.estrategiaconcursos.com.br\/blog\/itbi-no-iss-aracaju\/\" \/>\n<meta property=\"og:site_name\" content=\"Estrat\u00e9gia Concursos\" \/>\n<meta property=\"article:published_time\" content=\"2020-09-10T17:34:00+00:00\" \/>\n<meta property=\"article:modified_time\" content=\"2021-09-09T22:27:05+00:00\" \/>\n<meta property=\"og:image\" content=\"https:\/\/dhg1h5j42swfq.cloudfront.net\/2020\/08\/17170317\/aracaju.jpg\" \/>\n\t<meta property=\"og:image:width\" content=\"203\" \/>\n\t<meta property=\"og:image:height\" content=\"256\" \/>\n\t<meta property=\"og:image:type\" content=\"image\/jpeg\" \/>\n<meta name=\"author\" content=\"Leonardo Menezes Passarin\" \/>\n<meta name=\"twitter:card\" content=\"summary_large_image\" \/>\n<meta name=\"twitter:creator\" content=\"@EstratConcursos\" \/>\n<meta name=\"twitter:site\" content=\"@EstratConcursos\" \/>\n<meta name=\"twitter:label1\" content=\"Escrito por\" \/>\n\t<meta name=\"twitter:data1\" content=\"Leonardo Menezes Passarin\" \/>\n\t<meta name=\"twitter:label2\" content=\"Est. tempo de leitura\" \/>\n\t<meta name=\"twitter:data2\" content=\"9 minutos\" \/>\n<script type=\"application\/ld+json\" class=\"yoast-schema-graph\">{\"@context\":\"https:\/\/schema.org\",\"@graph\":[{\"@type\":\"NewsArticle\",\"@id\":\"https:\/\/www.estrategiaconcursos.com.br\/blog\/itbi-no-iss-aracaju\/#article\",\"isPartOf\":{\"@id\":\"https:\/\/www.estrategiaconcursos.com.br\/blog\/itbi-no-iss-aracaju\/\"},\"author\":{\"name\":\"Leonardo Menezes Passarin\",\"@id\":\"https:\/\/www.estrategiaconcursos.com.br\/blog\/#\/schema\/person\/245b44e43eb13f0dbd04a7a078cd0d0d\"},\"headline\":\"ITBI no ISS Aracaju \u2013 Principais Pontos de Cobran\u00e7a\",\"datePublished\":\"2020-09-10T17:34:00+00:00\",\"dateModified\":\"2021-09-09T22:27:05+00:00\",\"mainEntityOfPage\":{\"@id\":\"https:\/\/www.estrategiaconcursos.com.br\/blog\/itbi-no-iss-aracaju\/\"},\"wordCount\":2101,\"commentCount\":1,\"publisher\":{\"@id\":\"https:\/\/www.estrategiaconcursos.com.br\/blog\/#organization\"},\"image\":{\"@id\":\"https:\/\/www.estrategiaconcursos.com.br\/blog\/itbi-no-iss-aracaju\/#primaryimage\"},\"thumbnailUrl\":\"https:\/\/dhg1h5j42swfq.cloudfront.net\/2020\/08\/17170317\/aracaju.jpg\",\"articleSection\":[\"Fiscal - Estadual (ICMS)\"],\"inLanguage\":\"pt-BR\",\"potentialAction\":[{\"@type\":\"CommentAction\",\"name\":\"Comment\",\"target\":[\"https:\/\/www.estrategiaconcursos.com.br\/blog\/itbi-no-iss-aracaju\/#respond\"]}],\"copyrightYear\":\"2020\",\"copyrightHolder\":{\"@id\":\"https:\/\/www.estrategiaconcursos.com.br\/blog\/#organization\"}},{\"@type\":\"WebPage\",\"@id\":\"https:\/\/www.estrategiaconcursos.com.br\/blog\/itbi-no-iss-aracaju\/\",\"url\":\"https:\/\/www.estrategiaconcursos.com.br\/blog\/itbi-no-iss-aracaju\/\",\"name\":\"ITBI no ISS Aracaju \u2013 Principais Pontos de Cobran\u00e7a\",\"isPartOf\":{\"@id\":\"https:\/\/www.estrategiaconcursos.com.br\/blog\/#website\"},\"primaryImageOfPage\":{\"@id\":\"https:\/\/www.estrategiaconcursos.com.br\/blog\/itbi-no-iss-aracaju\/#primaryimage\"},\"image\":{\"@id\":\"https:\/\/www.estrategiaconcursos.com.br\/blog\/itbi-no-iss-aracaju\/#primaryimage\"},\"thumbnailUrl\":\"https:\/\/dhg1h5j42swfq.cloudfront.net\/2020\/08\/17170317\/aracaju.jpg\",\"datePublished\":\"2020-09-10T17:34:00+00:00\",\"dateModified\":\"2021-09-09T22:27:05+00:00\",\"description\":\"Veja nesse artigo os Principais Pontos de Cobran\u00e7a do ITBI no ISS Aracaju para sua prova de legisla\u00e7\u00e3o tribut\u00e1ria municipal.\",\"breadcrumb\":{\"@id\":\"https:\/\/www.estrategiaconcursos.com.br\/blog\/itbi-no-iss-aracaju\/#breadcrumb\"},\"inLanguage\":\"pt-BR\",\"potentialAction\":[{\"@type\":\"ReadAction\",\"target\":[\"https:\/\/www.estrategiaconcursos.com.br\/blog\/itbi-no-iss-aracaju\/\"]}]},{\"@type\":\"ImageObject\",\"inLanguage\":\"pt-BR\",\"@id\":\"https:\/\/www.estrategiaconcursos.com.br\/blog\/itbi-no-iss-aracaju\/#primaryimage\",\"url\":\"https:\/\/dhg1h5j42swfq.cloudfront.net\/2020\/08\/17170317\/aracaju.jpg\",\"contentUrl\":\"https:\/\/dhg1h5j42swfq.cloudfront.net\/2020\/08\/17170317\/aracaju.jpg\",\"width\":203,\"height\":256},{\"@type\":\"BreadcrumbList\",\"@id\":\"https:\/\/www.estrategiaconcursos.com.br\/blog\/itbi-no-iss-aracaju\/#breadcrumb\",\"itemListElement\":[{\"@type\":\"ListItem\",\"position\":1,\"name\":\"In\u00edcio\",\"item\":\"https:\/\/www.estrategiaconcursos.com.br\/blog\/\"},{\"@type\":\"ListItem\",\"position\":2,\"name\":\"ITBI no ISS Aracaju \u2013 Principais Pontos de Cobran\u00e7a\"}]},{\"@type\":\"WebSite\",\"@id\":\"https:\/\/www.estrategiaconcursos.com.br\/blog\/#website\",\"url\":\"https:\/\/www.estrategiaconcursos.com.br\/blog\/\",\"name\":\"Estrat\u00e9gia Concursos\",\"description\":\"O blog da Estrat\u00e9gia Concursos traz not\u00edcias sobre concursos e artigos de professores oferecendo cursos para concursos (pdf + videaulas) no site.\",\"publisher\":{\"@id\":\"https:\/\/www.estrategiaconcursos.com.br\/blog\/#organization\"},\"potentialAction\":[{\"@type\":\"SearchAction\",\"target\":{\"@type\":\"EntryPoint\",\"urlTemplate\":\"https:\/\/www.estrategiaconcursos.com.br\/blog\/?s={search_term_string}\"},\"query-input\":{\"@type\":\"PropertyValueSpecification\",\"valueRequired\":true,\"valueName\":\"search_term_string\"}}],\"inLanguage\":\"pt-BR\"},{\"@type\":\"Organization\",\"@id\":\"https:\/\/www.estrategiaconcursos.com.br\/blog\/#organization\",\"name\":\"Estrat\u00e9gia Concursos\",\"url\":\"https:\/\/www.estrategiaconcursos.com.br\/blog\/\",\"logo\":{\"@type\":\"ImageObject\",\"inLanguage\":\"pt-BR\",\"@id\":\"https:\/\/www.estrategiaconcursos.com.br\/blog\/#\/schema\/logo\/image\/\",\"url\":\"https:\/\/dhg1h5j42swfq.cloudfront.net\/2025\/06\/03203428\/logo_concursos-1.jpg\",\"contentUrl\":\"https:\/\/dhg1h5j42swfq.cloudfront.net\/2025\/06\/03203428\/logo_concursos-1.jpg\",\"width\":230,\"height\":60,\"caption\":\"Estrat\u00e9gia Concursos\"},\"image\":{\"@id\":\"https:\/\/www.estrategiaconcursos.com.br\/blog\/#\/schema\/logo\/image\/\"},\"sameAs\":[\"https:\/\/x.com\/EstratConcursos\"]},{\"@type\":\"Person\",\"@id\":\"https:\/\/www.estrategiaconcursos.com.br\/blog\/#\/schema\/person\/245b44e43eb13f0dbd04a7a078cd0d0d\",\"name\":\"Leonardo Menezes Passarin\",\"image\":{\"@type\":\"ImageObject\",\"inLanguage\":\"pt-BR\",\"@id\":\"https:\/\/secure.gravatar.com\/avatar\/fc0e5714ceaa97f24e6e6a30eab74ba8a701c2b62f8cab100ffdb22c6d8f42c3?s=96&d=mm&r=g\",\"url\":\"https:\/\/secure.gravatar.com\/avatar\/fc0e5714ceaa97f24e6e6a30eab74ba8a701c2b62f8cab100ffdb22c6d8f42c3?s=96&d=mm&r=g\",\"contentUrl\":\"https:\/\/secure.gravatar.com\/avatar\/fc0e5714ceaa97f24e6e6a30eab74ba8a701c2b62f8cab100ffdb22c6d8f42c3?s=96&d=mm&r=g\",\"caption\":\"Leonardo Menezes Passarin\"},\"url\":\"https:\/\/www.estrategiaconcursos.com.br\/blog\/author\/passarin-leonardohotmail-com\/\"}]}<\/script>\n<!-- \/ Yoast SEO Premium plugin. -->","yoast_head_json":{"title":"ITBI no ISS Aracaju \u2013 Principais Pontos de Cobran\u00e7a","description":"Veja nesse artigo os Principais Pontos de Cobran\u00e7a do ITBI no ISS Aracaju para sua prova de legisla\u00e7\u00e3o tribut\u00e1ria municipal.","robots":{"index":"index","follow":"follow","max-snippet":"max-snippet:-1","max-image-preview":"max-image-preview:large","max-video-preview":"max-video-preview:-1"},"canonical":"https:\/\/www.estrategiaconcursos.com.br\/blog\/itbi-no-iss-aracaju\/","og_locale":"pt_BR","og_type":"article","og_title":"ITBI no ISS Aracaju \u2013 Principais Pontos de Cobran\u00e7a","og_description":"Veja nesse artigo os Principais Pontos de Cobran\u00e7a do ITBI no ISS Aracaju para sua prova de legisla\u00e7\u00e3o tribut\u00e1ria municipal.","og_url":"https:\/\/www.estrategiaconcursos.com.br\/blog\/itbi-no-iss-aracaju\/","og_site_name":"Estrat\u00e9gia Concursos","article_published_time":"2020-09-10T17:34:00+00:00","article_modified_time":"2021-09-09T22:27:05+00:00","og_image":[{"width":203,"height":256,"url":"https:\/\/dhg1h5j42swfq.cloudfront.net\/2020\/08\/17170317\/aracaju.jpg","type":"image\/jpeg"}],"author":"Leonardo Menezes Passarin","twitter_card":"summary_large_image","twitter_creator":"@EstratConcursos","twitter_site":"@EstratConcursos","twitter_misc":{"Escrito por":"Leonardo Menezes Passarin","Est. tempo de leitura":"9 minutos"},"schema":{"@context":"https:\/\/schema.org","@graph":[{"@type":"NewsArticle","@id":"https:\/\/www.estrategiaconcursos.com.br\/blog\/itbi-no-iss-aracaju\/#article","isPartOf":{"@id":"https:\/\/www.estrategiaconcursos.com.br\/blog\/itbi-no-iss-aracaju\/"},"author":{"name":"Leonardo Menezes Passarin","@id":"https:\/\/www.estrategiaconcursos.com.br\/blog\/#\/schema\/person\/245b44e43eb13f0dbd04a7a078cd0d0d"},"headline":"ITBI no ISS Aracaju \u2013 Principais Pontos de Cobran\u00e7a","datePublished":"2020-09-10T17:34:00+00:00","dateModified":"2021-09-09T22:27:05+00:00","mainEntityOfPage":{"@id":"https:\/\/www.estrategiaconcursos.com.br\/blog\/itbi-no-iss-aracaju\/"},"wordCount":2101,"commentCount":1,"publisher":{"@id":"https:\/\/www.estrategiaconcursos.com.br\/blog\/#organization"},"image":{"@id":"https:\/\/www.estrategiaconcursos.com.br\/blog\/itbi-no-iss-aracaju\/#primaryimage"},"thumbnailUrl":"https:\/\/dhg1h5j42swfq.cloudfront.net\/2020\/08\/17170317\/aracaju.jpg","articleSection":["Fiscal - Estadual (ICMS)"],"inLanguage":"pt-BR","potentialAction":[{"@type":"CommentAction","name":"Comment","target":["https:\/\/www.estrategiaconcursos.com.br\/blog\/itbi-no-iss-aracaju\/#respond"]}],"copyrightYear":"2020","copyrightHolder":{"@id":"https:\/\/www.estrategiaconcursos.com.br\/blog\/#organization"}},{"@type":"WebPage","@id":"https:\/\/www.estrategiaconcursos.com.br\/blog\/itbi-no-iss-aracaju\/","url":"https:\/\/www.estrategiaconcursos.com.br\/blog\/itbi-no-iss-aracaju\/","name":"ITBI no ISS Aracaju \u2013 Principais Pontos de Cobran\u00e7a","isPartOf":{"@id":"https:\/\/www.estrategiaconcursos.com.br\/blog\/#website"},"primaryImageOfPage":{"@id":"https:\/\/www.estrategiaconcursos.com.br\/blog\/itbi-no-iss-aracaju\/#primaryimage"},"image":{"@id":"https:\/\/www.estrategiaconcursos.com.br\/blog\/itbi-no-iss-aracaju\/#primaryimage"},"thumbnailUrl":"https:\/\/dhg1h5j42swfq.cloudfront.net\/2020\/08\/17170317\/aracaju.jpg","datePublished":"2020-09-10T17:34:00+00:00","dateModified":"2021-09-09T22:27:05+00:00","description":"Veja nesse artigo os Principais Pontos de Cobran\u00e7a do ITBI no ISS Aracaju para sua prova de legisla\u00e7\u00e3o tribut\u00e1ria municipal.","breadcrumb":{"@id":"https:\/\/www.estrategiaconcursos.com.br\/blog\/itbi-no-iss-aracaju\/#breadcrumb"},"inLanguage":"pt-BR","potentialAction":[{"@type":"ReadAction","target":["https:\/\/www.estrategiaconcursos.com.br\/blog\/itbi-no-iss-aracaju\/"]}]},{"@type":"ImageObject","inLanguage":"pt-BR","@id":"https:\/\/www.estrategiaconcursos.com.br\/blog\/itbi-no-iss-aracaju\/#primaryimage","url":"https:\/\/dhg1h5j42swfq.cloudfront.net\/2020\/08\/17170317\/aracaju.jpg","contentUrl":"https:\/\/dhg1h5j42swfq.cloudfront.net\/2020\/08\/17170317\/aracaju.jpg","width":203,"height":256},{"@type":"BreadcrumbList","@id":"https:\/\/www.estrategiaconcursos.com.br\/blog\/itbi-no-iss-aracaju\/#breadcrumb","itemListElement":[{"@type":"ListItem","position":1,"name":"In\u00edcio","item":"https:\/\/www.estrategiaconcursos.com.br\/blog\/"},{"@type":"ListItem","position":2,"name":"ITBI no ISS Aracaju \u2013 Principais Pontos de Cobran\u00e7a"}]},{"@type":"WebSite","@id":"https:\/\/www.estrategiaconcursos.com.br\/blog\/#website","url":"https:\/\/www.estrategiaconcursos.com.br\/blog\/","name":"Estrat\u00e9gia Concursos","description":"O blog da Estrat\u00e9gia Concursos traz not\u00edcias sobre concursos e artigos de professores oferecendo cursos para concursos (pdf + videaulas) no site.","publisher":{"@id":"https:\/\/www.estrategiaconcursos.com.br\/blog\/#organization"},"potentialAction":[{"@type":"SearchAction","target":{"@type":"EntryPoint","urlTemplate":"https:\/\/www.estrategiaconcursos.com.br\/blog\/?s={search_term_string}"},"query-input":{"@type":"PropertyValueSpecification","valueRequired":true,"valueName":"search_term_string"}}],"inLanguage":"pt-BR"},{"@type":"Organization","@id":"https:\/\/www.estrategiaconcursos.com.br\/blog\/#organization","name":"Estrat\u00e9gia Concursos","url":"https:\/\/www.estrategiaconcursos.com.br\/blog\/","logo":{"@type":"ImageObject","inLanguage":"pt-BR","@id":"https:\/\/www.estrategiaconcursos.com.br\/blog\/#\/schema\/logo\/image\/","url":"https:\/\/dhg1h5j42swfq.cloudfront.net\/2025\/06\/03203428\/logo_concursos-1.jpg","contentUrl":"https:\/\/dhg1h5j42swfq.cloudfront.net\/2025\/06\/03203428\/logo_concursos-1.jpg","width":230,"height":60,"caption":"Estrat\u00e9gia Concursos"},"image":{"@id":"https:\/\/www.estrategiaconcursos.com.br\/blog\/#\/schema\/logo\/image\/"},"sameAs":["https:\/\/x.com\/EstratConcursos"]},{"@type":"Person","@id":"https:\/\/www.estrategiaconcursos.com.br\/blog\/#\/schema\/person\/245b44e43eb13f0dbd04a7a078cd0d0d","name":"Leonardo Menezes Passarin","image":{"@type":"ImageObject","inLanguage":"pt-BR","@id":"https:\/\/secure.gravatar.com\/avatar\/fc0e5714ceaa97f24e6e6a30eab74ba8a701c2b62f8cab100ffdb22c6d8f42c3?s=96&d=mm&r=g","url":"https:\/\/secure.gravatar.com\/avatar\/fc0e5714ceaa97f24e6e6a30eab74ba8a701c2b62f8cab100ffdb22c6d8f42c3?s=96&d=mm&r=g","contentUrl":"https:\/\/secure.gravatar.com\/avatar\/fc0e5714ceaa97f24e6e6a30eab74ba8a701c2b62f8cab100ffdb22c6d8f42c3?s=96&d=mm&r=g","caption":"Leonardo Menezes Passarin"},"url":"https:\/\/www.estrategiaconcursos.com.br\/blog\/author\/passarin-leonardohotmail-com\/"}]}},"_links":{"self":[{"href":"https:\/\/www.estrategiaconcursos.com.br\/blog\/wp-json\/wp\/v2\/posts\/565431","targetHints":{"allow":["GET"]}}],"collection":[{"href":"https:\/\/www.estrategiaconcursos.com.br\/blog\/wp-json\/wp\/v2\/posts"}],"about":[{"href":"https:\/\/www.estrategiaconcursos.com.br\/blog\/wp-json\/wp\/v2\/types\/post"}],"author":[{"embeddable":true,"href":"https:\/\/www.estrategiaconcursos.com.br\/blog\/wp-json\/wp\/v2\/users\/1763"}],"replies":[{"embeddable":true,"href":"https:\/\/www.estrategiaconcursos.com.br\/blog\/wp-json\/wp\/v2\/comments?post=565431"}],"version-history":[{"count":7,"href":"https:\/\/www.estrategiaconcursos.com.br\/blog\/wp-json\/wp\/v2\/posts\/565431\/revisions"}],"predecessor-version":[{"id":857912,"href":"https:\/\/www.estrategiaconcursos.com.br\/blog\/wp-json\/wp\/v2\/posts\/565431\/revisions\/857912"}],"wp:featuredmedia":[{"embeddable":true,"href":"https:\/\/www.estrategiaconcursos.com.br\/blog\/wp-json\/wp\/v2\/media\/556980"}],"wp:attachment":[{"href":"https:\/\/www.estrategiaconcursos.com.br\/blog\/wp-json\/wp\/v2\/media?parent=565431"}],"wp:term":[{"taxonomy":"category","embeddable":true,"href":"https:\/\/www.estrategiaconcursos.com.br\/blog\/wp-json\/wp\/v2\/categories?post=565431"},{"taxonomy":"post_tag","embeddable":true,"href":"https:\/\/www.estrategiaconcursos.com.br\/blog\/wp-json\/wp\/v2\/tags?post=565431"},{"taxonomy":"tax_estado","embeddable":true,"href":"https:\/\/www.estrategiaconcursos.com.br\/blog\/wp-json\/wp\/v2\/tax_estado?post=565431"}],"curies":[{"name":"wp","href":"https:\/\/api.w.org\/{rel}","templated":true}]}}