{"id":565380,"date":"2020-09-01T14:52:29","date_gmt":"2020-09-01T17:52:29","guid":{"rendered":"https:\/\/www.estrategiaconcursos.com.br\/blog\/?p=565380"},"modified":"2020-09-01T15:47:29","modified_gmt":"2020-09-01T18:47:29","slug":"concursos-sao-goncalo-rj","status":"publish","type":"post","link":"https:\/\/www.estrategiaconcursos.com.br\/blog\/concursos-sao-goncalo-rj\/","title":{"rendered":"Concursos S\u00e3o Gon\u00e7alo RJ: prazos de validade s\u00e3o suspensos!"},"content":{"rendered":"\n<p>Foi publicada no Di\u00e1rio Oficial do Munic\u00edpio de S\u00e3o Gon\u00e7alo, Rio de Janeiro,  a suspens\u00e3o dos prazos de validade dos concursos p\u00fablicos j\u00e1 homologados promovidos pelos Poderes Executivo e Legislativo, bem como pelas Funda\u00e7\u00f5es, Empresas P\u00fablicas e Autarquias do Munic\u00edpio.<\/p>\n\n\n\n<p>A determina\u00e7\u00e3o se deu por conta da Lei N.\u00ba 1194\/2020, aprovada pela&nbsp;C\u00e2mara Municipal e sancionada pelo prefeito. Essa lei institui&nbsp;o programa municipal de combate e preven\u00e7\u00e3o \u00e0 pandemia do novo Coronav\u00edrus.<\/p>\n\n\n\n<p>Importante frisar que a suspens\u00e3o dos prazos refere-se aos concursos e processos j\u00e1 homologados e em fase de convoca\u00e7\u00e3o dos aprovados, enquanto durar o estado de emerg\u00eancia de sa\u00fade p\u00fablica.<\/p>\n\n\n\n<p><strong><em>Confira abaixo o trecho que fala sobre a institui\u00e7\u00e3o da Lei N.\u00ba 1194\/2020 no munic\u00edpio:<\/em><\/strong><\/p>\n\n\n\n<div class=\"wp-block-image\"><figure class=\"aligncenter size-large is-resized\"><img loading=\"lazy\" decoding=\"async\" src=\"https:\/\/dhg1h5j42swfq.cloudfront.net\/2020\/09\/01144139\/image-14.png\" alt=\"\" class=\"wp-image-565426\" width=\"451\" height=\"396\" srcset=\"https:\/\/dhg1h5j42swfq.cloudfront.net\/2020\/09\/01144139\/image-14.png 611w, https:\/\/dhg1h5j42swfq.cloudfront.net\/2020\/09\/01144139\/image-14-300x264.png 300w\" sizes=\"auto, (max-width: 451px) 100vw, 451px\" \/><\/figure><\/div>\n\n\n\n<p>Vale ressaltar que, atualmente, a Prefeitura de S\u00e3o Gon\u00e7alo est\u00e1 com concurso aberto para provimento de 31 vagas imediatas mais 220 em cadastro reserva. As oportunidades s\u00e3o para cargos de n\u00edvel m\u00e9dio e superior. <\/p>\n\n\n\n<p>J\u00e1 as remunera\u00e7\u00f5es do concurso p\u00fablico podem chegar a R$ 5.113,61, dependendo do cargo desejado. Conforme o edital de abertura, as inscri\u00e7\u00f5es est\u00e3o abertas at\u00e9 o dia 07 de setembro de 2020. <\/p>\n\n\n\n<p>Todo o processo de candidatura deve ser feito no site da banca organizadora, o\u00a0<strong>Instituto Selecon<\/strong>. Os valores das taxas foram definidos em\u00a0<strong>R$ 55 para n\u00edvel m\u00e9dio e R$ 80 para superior<\/strong>.<\/p>\n\n\n\n<p>Al\u00e9m deste concurso p\u00fablico, est\u00e1 em andamento um outro certame do munic\u00edpio de S\u00e3o Gon\u00e7alo, com mais 2 mil vagas voltadas \u00e0 \u00e1rea da Educa\u00e7\u00e3o. E n\u00e3o podemos esquecer do concurso para Guarda, que segue com provas suspensas.<\/p>\n\n\n\n<h4 class=\"wp-block-heading\"><strong><em>Ficou interessado nos concursos S\u00e3o Gon\u00e7alo? Quer saber mais detalhes? \u00c9 f\u00e1cil, acesse os links abaixo e fique por dentro de tudo!!!<\/em><\/strong><\/h4>\n\n\n\n<p class=\"has-background has-text-align-center has-medium-font-size has-very-light-gray-background-color\"><strong>Saiba mais: <a rel=\"noreferrer noopener\" href=\"https:\/\/www.estrategiaconcursos.com.br\/blog\/concurso-prefeitura-de-sao-goncalo\/\" target=\"_blank\">Concurso Prefeitura de S\u00e3o Gon\u00e7alo<\/a><\/strong><\/p>\n\n\n\n<p class=\"has-background has-text-align-center has-medium-font-size has-very-light-gray-background-color\"><strong>Saiba mais: <a rel=\"noreferrer noopener\" href=\"https:\/\/www.estrategiaconcursos.com.br\/blog\/concurso-guarda-de-sao-goncalo-rj\/\" target=\"_blank\">Concurso Guarda de S\u00e3o Gon\u00e7alo<\/a><\/strong><\/p>\n\n\n\n<p class=\"has-background has-text-align-center has-medium-font-size has-very-light-gray-background-color\"><strong>Saiba mais: <a href=\"https:\/\/www.estrategiaconcursos.com.br\/blog\/concurso-semed-sao-goncalo-rj\/\" target=\"_blank\" rel=\"noreferrer noopener\">SEMED S\u00e3o Gon\u00e7alo<\/a><\/strong><\/p>\n\n\n\n<hr class=\"wp-block-separator\"\/>\n\n\n\n<p class=\"has-text-align-center has-medium-font-size\"><em><strong>Assinatura Anual Ilimitada*<\/strong><\/em><\/p>\n\n\n\n<p class=\"has-text-align-center\"><em>Prepare-se com o melhor material e com quem mais aprova em Concursos P\u00fablicos em todo o pa\u00eds. Assine agora a nossa Assinatura Anual e tenha acesso ilimitado* a todos os nossos cursos.<\/em><\/p>\n\n\n\n<p style=\"font-size:22px\" class=\"has-background has-text-align-center has-light-green-cyan-background-color\"><strong>ASSINE AGORA&nbsp;\u2013&nbsp;<a rel=\"noreferrer noopener\" href=\"https:\/\/www.estrategiaconcursos.com.br\/assinaturas\" target=\"_blank\">Assinatura Ilimitada<\/a><\/strong><\/p>\n\n\n\n<p class=\"has-text-align-center has-medium-font-size\"><strong><em><strong>Sistema de Quest\u00f5es<\/strong><\/em><\/strong><\/p>\n\n\n\n<p class=\"has-text-align-center\"><em>Estrat\u00e9gia Quest\u00f5es nasceu maior do que todos os concorrentes, com mais quest\u00f5es cadastradas e mais solu\u00e7\u00f5es por professores. Clique no link e aproveite os descontos e b\u00f4nus imperd\u00edveis!<\/em><\/p>\n\n\n\n<p style=\"font-size:22px\" class=\"has-background has-text-align-center has-vivid-green-cyan-background-color\"><strong>ASSINE AGORA \u2013\u00a0<a href=\"https:\/\/questoes.estrategiaconcursos.com.br\/\" target=\"_blank\" rel=\"noreferrer noopener\">Sistema de Quest\u00f5es<\/a><\/strong><\/p>\n\n\n\n<p class=\"has-text-align-center has-medium-font-size\"><strong><em>Fique por dentro dos concursos abertos<\/em><\/strong><\/p>\n\n\n\n<p style=\"font-size:22px\" class=\"has-background has-text-align-center has-pale-cyan-blue-background-color\"><a rel=\"noreferrer noopener\" href=\"https:\/\/www.estrategiaconcursos.com.br\/blog\/concursos-abertos\/\" target=\"_blank\"><strong>CONCURSOS ABERTOS<\/strong><\/a><\/p>\n\n\n\n<p class=\"has-text-align-center has-medium-font-size\"><strong><em>As oportunidades previstas<\/em><\/strong><\/p>\n\n\n\n<p style=\"font-size:22px\" class=\"has-background has-text-align-center has-pale-cyan-blue-background-color\"><a rel=\"noreferrer noopener\" href=\"https:\/\/www.estrategiaconcursos.com.br\/blog\/concursos-2020\/\" target=\"_blank\"><strong>CONCURSOS&nbsp;2020<\/strong><\/a><\/p>\n\n\n\n<p style=\"font-size:22px\" class=\"has-background has-text-align-center has-pale-cyan-blue-background-color\"><a rel=\"noreferrer noopener\" href=\"https:\/\/www.estrategiaconcursos.com.br\/blog\/concursos-2021\/\" target=\"_blank\"><strong>CONCURSOS\u00a02021<\/strong><\/a><\/p>\n","protected":false},"excerpt":{"rendered":"<p>Foi publicada no Di\u00e1rio Oficial do Munic\u00edpio de S\u00e3o Gon\u00e7alo, Rio de Janeiro, a suspens\u00e3o dos prazos de validade dos concursos p\u00fablicos j\u00e1 homologados promovidos pelos Poderes Executivo e Legislativo, bem como pelas Funda\u00e7\u00f5es, Empresas P\u00fablicas e Autarquias do Munic\u00edpio. A determina\u00e7\u00e3o se deu por conta da Lei N.\u00ba 1194\/2020, aprovada pela&nbsp;C\u00e2mara Municipal e sancionada [&hellip;]<\/p>\n","protected":false},"author":388,"featured_media":484199,"comment_status":"open","ping_status":"closed","sticky":false,"template":"","format":"standard","meta":{"post_tipo":"article","footnotes":""},"categories":[1],"tags":[],"tax_estado":[],"class_list":["post-565380","post","type-post","status-publish","format-standard","has-post-thumbnail","hentry","category-cursos-e-concursos"],"acf":[],"yoast_head":"<!-- This site is optimized with the Yoast SEO Premium plugin v27.2 (Yoast SEO v27.2) - https:\/\/yoast.com\/product\/yoast-seo-premium-wordpress\/ -->\n<title>Concursos S\u00e3o Gon\u00e7alo RJ: prazos de validade s\u00e3o suspensos!<\/title>\n<meta name=\"description\" content=\"Concursos S\u00e3o Gon\u00e7alo RJ: prazos de validade de processos j\u00e1 homologados e em fase de convoca\u00e7\u00e3o dos aprovados s\u00e3o suspensos.\" \/>\n<meta name=\"robots\" content=\"index, follow, max-snippet:-1, max-image-preview:large, max-video-preview:-1\" \/>\n<link rel=\"canonical\" href=\"https:\/\/www.estrategiaconcursos.com.br\/blog\/concursos-sao-goncalo-rj\/\" \/>\n<meta property=\"og:locale\" content=\"pt_BR\" \/>\n<meta property=\"og:type\" content=\"article\" \/>\n<meta property=\"og:title\" content=\"Concursos S\u00e3o Gon\u00e7alo RJ: prazos de validade s\u00e3o suspensos!\" \/>\n<meta property=\"og:description\" content=\"Concursos S\u00e3o Gon\u00e7alo RJ: prazos de validade de processos j\u00e1 homologados e em fase de convoca\u00e7\u00e3o dos aprovados s\u00e3o suspensos.\" \/>\n<meta property=\"og:url\" content=\"https:\/\/www.estrategiaconcursos.com.br\/blog\/concursos-sao-goncalo-rj\/\" \/>\n<meta property=\"og:site_name\" content=\"Estrat\u00e9gia Concursos\" \/>\n<meta property=\"article:published_time\" content=\"2020-09-01T17:52:29+00:00\" \/>\n<meta property=\"article:modified_time\" content=\"2020-09-01T18:47:29+00:00\" \/>\n<meta property=\"og:image\" content=\"https:\/\/dhg1h5j42swfq.cloudfront.net\/2020\/02\/20092534\/Prefeitura-S%C3%A3o-Gon%C3%A7alo-RJ.png\" \/>\n\t<meta property=\"og:image:width\" content=\"1200\" \/>\n\t<meta property=\"og:image:height\" content=\"628\" \/>\n\t<meta property=\"og:image:type\" content=\"image\/png\" \/>\n<meta name=\"author\" content=\"Tiago Zanolla\" \/>\n<meta name=\"twitter:card\" content=\"summary_large_image\" \/>\n<meta name=\"twitter:creator\" content=\"@EstratConcursos\" \/>\n<meta name=\"twitter:site\" content=\"@EstratConcursos\" \/>\n<meta name=\"twitter:label1\" content=\"Escrito por\" \/>\n\t<meta name=\"twitter:data1\" content=\"Tiago Zanolla\" \/>\n\t<meta name=\"twitter:label2\" content=\"Est. tempo de leitura\" \/>\n\t<meta name=\"twitter:data2\" content=\"2 minutos\" \/>\n<script type=\"application\/ld+json\" class=\"yoast-schema-graph\">{\"@context\":\"https:\/\/schema.org\",\"@graph\":[{\"@type\":\"NewsArticle\",\"@id\":\"https:\/\/www.estrategiaconcursos.com.br\/blog\/concursos-sao-goncalo-rj\/#article\",\"isPartOf\":{\"@id\":\"https:\/\/www.estrategiaconcursos.com.br\/blog\/concursos-sao-goncalo-rj\/\"},\"author\":{\"name\":\"Tiago Zanolla\",\"@id\":\"https:\/\/www.estrategiaconcursos.com.br\/blog\/#\/schema\/person\/1509739fd92a40c9b52116de04a90310\"},\"headline\":\"Concursos S\u00e3o Gon\u00e7alo RJ: prazos de validade s\u00e3o suspensos!\",\"datePublished\":\"2020-09-01T17:52:29+00:00\",\"dateModified\":\"2020-09-01T18:47:29+00:00\",\"mainEntityOfPage\":{\"@id\":\"https:\/\/www.estrategiaconcursos.com.br\/blog\/concursos-sao-goncalo-rj\/\"},\"wordCount\":445,\"commentCount\":0,\"publisher\":{\"@id\":\"https:\/\/www.estrategiaconcursos.com.br\/blog\/#organization\"},\"image\":{\"@id\":\"https:\/\/www.estrategiaconcursos.com.br\/blog\/concursos-sao-goncalo-rj\/#primaryimage\"},\"thumbnailUrl\":\"https:\/\/dhg1h5j42swfq.cloudfront.net\/2020\/02\/20092534\/Prefeitura-S%C3%A3o-Gon%C3%A7alo-RJ.png\",\"articleSection\":[\"Concursos P\u00fablicos\"],\"inLanguage\":\"pt-BR\",\"potentialAction\":[{\"@type\":\"CommentAction\",\"name\":\"Comment\",\"target\":[\"https:\/\/www.estrategiaconcursos.com.br\/blog\/concursos-sao-goncalo-rj\/#respond\"]}],\"copyrightYear\":\"2020\",\"copyrightHolder\":{\"@id\":\"https:\/\/www.estrategiaconcursos.com.br\/blog\/#organization\"}},{\"@type\":\"WebPage\",\"@id\":\"https:\/\/www.estrategiaconcursos.com.br\/blog\/concursos-sao-goncalo-rj\/\",\"url\":\"https:\/\/www.estrategiaconcursos.com.br\/blog\/concursos-sao-goncalo-rj\/\",\"name\":\"Concursos S\u00e3o Gon\u00e7alo RJ: prazos de validade s\u00e3o suspensos!\",\"isPartOf\":{\"@id\":\"https:\/\/www.estrategiaconcursos.com.br\/blog\/#website\"},\"primaryImageOfPage\":{\"@id\":\"https:\/\/www.estrategiaconcursos.com.br\/blog\/concursos-sao-goncalo-rj\/#primaryimage\"},\"image\":{\"@id\":\"https:\/\/www.estrategiaconcursos.com.br\/blog\/concursos-sao-goncalo-rj\/#primaryimage\"},\"thumbnailUrl\":\"https:\/\/dhg1h5j42swfq.cloudfront.net\/2020\/02\/20092534\/Prefeitura-S%C3%A3o-Gon%C3%A7alo-RJ.png\",\"datePublished\":\"2020-09-01T17:52:29+00:00\",\"dateModified\":\"2020-09-01T18:47:29+00:00\",\"description\":\"Concursos S\u00e3o Gon\u00e7alo RJ: prazos de validade de processos j\u00e1 homologados e em fase de convoca\u00e7\u00e3o dos aprovados s\u00e3o suspensos.\",\"breadcrumb\":{\"@id\":\"https:\/\/www.estrategiaconcursos.com.br\/blog\/concursos-sao-goncalo-rj\/#breadcrumb\"},\"inLanguage\":\"pt-BR\",\"potentialAction\":[{\"@type\":\"ReadAction\",\"target\":[\"https:\/\/www.estrategiaconcursos.com.br\/blog\/concursos-sao-goncalo-rj\/\"]}]},{\"@type\":\"ImageObject\",\"inLanguage\":\"pt-BR\",\"@id\":\"https:\/\/www.estrategiaconcursos.com.br\/blog\/concursos-sao-goncalo-rj\/#primaryimage\",\"url\":\"https:\/\/dhg1h5j42swfq.cloudfront.net\/2020\/02\/20092534\/Prefeitura-S%C3%A3o-Gon%C3%A7alo-RJ.png\",\"contentUrl\":\"https:\/\/dhg1h5j42swfq.cloudfront.net\/2020\/02\/20092534\/Prefeitura-S%C3%A3o-Gon%C3%A7alo-RJ.png\",\"width\":1200,\"height\":628,\"caption\":\"Concursos Prefeitura de S\u00e3o Gon\u00e7alo\"},{\"@type\":\"BreadcrumbList\",\"@id\":\"https:\/\/www.estrategiaconcursos.com.br\/blog\/concursos-sao-goncalo-rj\/#breadcrumb\",\"itemListElement\":[{\"@type\":\"ListItem\",\"position\":1,\"name\":\"In\u00edcio\",\"item\":\"https:\/\/www.estrategiaconcursos.com.br\/blog\/\"},{\"@type\":\"ListItem\",\"position\":2,\"name\":\"Concursos S\u00e3o Gon\u00e7alo RJ: prazos de validade s\u00e3o suspensos!\"}]},{\"@type\":\"WebSite\",\"@id\":\"https:\/\/www.estrategiaconcursos.com.br\/blog\/#website\",\"url\":\"https:\/\/www.estrategiaconcursos.com.br\/blog\/\",\"name\":\"Estrat\u00e9gia Concursos\",\"description\":\"O blog da Estrat\u00e9gia Concursos traz not\u00edcias sobre concursos e artigos de professores oferecendo cursos para concursos (pdf + videaulas) no site.\",\"publisher\":{\"@id\":\"https:\/\/www.estrategiaconcursos.com.br\/blog\/#organization\"},\"potentialAction\":[{\"@type\":\"SearchAction\",\"target\":{\"@type\":\"EntryPoint\",\"urlTemplate\":\"https:\/\/www.estrategiaconcursos.com.br\/blog\/?s={search_term_string}\"},\"query-input\":{\"@type\":\"PropertyValueSpecification\",\"valueRequired\":true,\"valueName\":\"search_term_string\"}}],\"inLanguage\":\"pt-BR\"},{\"@type\":\"Organization\",\"@id\":\"https:\/\/www.estrategiaconcursos.com.br\/blog\/#organization\",\"name\":\"Estrat\u00e9gia Concursos\",\"url\":\"https:\/\/www.estrategiaconcursos.com.br\/blog\/\",\"logo\":{\"@type\":\"ImageObject\",\"inLanguage\":\"pt-BR\",\"@id\":\"https:\/\/www.estrategiaconcursos.com.br\/blog\/#\/schema\/logo\/image\/\",\"url\":\"https:\/\/dhg1h5j42swfq.cloudfront.net\/2025\/06\/03203428\/logo_concursos-1.jpg\",\"contentUrl\":\"https:\/\/dhg1h5j42swfq.cloudfront.net\/2025\/06\/03203428\/logo_concursos-1.jpg\",\"width\":230,\"height\":60,\"caption\":\"Estrat\u00e9gia Concursos\"},\"image\":{\"@id\":\"https:\/\/www.estrategiaconcursos.com.br\/blog\/#\/schema\/logo\/image\/\"},\"sameAs\":[\"https:\/\/x.com\/EstratConcursos\"]},{\"@type\":\"Person\",\"@id\":\"https:\/\/www.estrategiaconcursos.com.br\/blog\/#\/schema\/person\/1509739fd92a40c9b52116de04a90310\",\"name\":\"Tiago Zanolla\",\"image\":{\"@type\":\"ImageObject\",\"inLanguage\":\"pt-BR\",\"@id\":\"https:\/\/secure.gravatar.com\/avatar\/e647cb200c21008603a1760df42f3f713d32dd977761568b5689c47f0b1747ee?s=96&d=mm&r=g\",\"url\":\"https:\/\/secure.gravatar.com\/avatar\/e647cb200c21008603a1760df42f3f713d32dd977761568b5689c47f0b1747ee?s=96&d=mm&r=g\",\"contentUrl\":\"https:\/\/secure.gravatar.com\/avatar\/e647cb200c21008603a1760df42f3f713d32dd977761568b5689c47f0b1747ee?s=96&d=mm&r=g\",\"caption\":\"Tiago Zanolla\"},\"url\":\"https:\/\/www.estrategiaconcursos.com.br\/blog\/author\/zanolla-estrategiagmail-com\/\"}]}<\/script>\n<!-- \/ Yoast SEO Premium plugin. -->","yoast_head_json":{"title":"Concursos S\u00e3o Gon\u00e7alo RJ: prazos de validade s\u00e3o suspensos!","description":"Concursos S\u00e3o Gon\u00e7alo RJ: prazos de validade de processos j\u00e1 homologados e em fase de convoca\u00e7\u00e3o dos aprovados s\u00e3o suspensos.","robots":{"index":"index","follow":"follow","max-snippet":"max-snippet:-1","max-image-preview":"max-image-preview:large","max-video-preview":"max-video-preview:-1"},"canonical":"https:\/\/www.estrategiaconcursos.com.br\/blog\/concursos-sao-goncalo-rj\/","og_locale":"pt_BR","og_type":"article","og_title":"Concursos S\u00e3o Gon\u00e7alo RJ: prazos de validade s\u00e3o suspensos!","og_description":"Concursos S\u00e3o Gon\u00e7alo RJ: prazos de validade de processos j\u00e1 homologados e em fase de convoca\u00e7\u00e3o dos aprovados s\u00e3o suspensos.","og_url":"https:\/\/www.estrategiaconcursos.com.br\/blog\/concursos-sao-goncalo-rj\/","og_site_name":"Estrat\u00e9gia Concursos","article_published_time":"2020-09-01T17:52:29+00:00","article_modified_time":"2020-09-01T18:47:29+00:00","og_image":[{"width":1200,"height":628,"url":"https:\/\/dhg1h5j42swfq.cloudfront.net\/2020\/02\/20092534\/Prefeitura-S%C3%A3o-Gon%C3%A7alo-RJ.png","type":"image\/png"}],"author":"Tiago Zanolla","twitter_card":"summary_large_image","twitter_creator":"@EstratConcursos","twitter_site":"@EstratConcursos","twitter_misc":{"Escrito por":"Tiago Zanolla","Est. tempo de leitura":"2 minutos"},"schema":{"@context":"https:\/\/schema.org","@graph":[{"@type":"NewsArticle","@id":"https:\/\/www.estrategiaconcursos.com.br\/blog\/concursos-sao-goncalo-rj\/#article","isPartOf":{"@id":"https:\/\/www.estrategiaconcursos.com.br\/blog\/concursos-sao-goncalo-rj\/"},"author":{"name":"Tiago Zanolla","@id":"https:\/\/www.estrategiaconcursos.com.br\/blog\/#\/schema\/person\/1509739fd92a40c9b52116de04a90310"},"headline":"Concursos S\u00e3o Gon\u00e7alo RJ: prazos de validade s\u00e3o suspensos!","datePublished":"2020-09-01T17:52:29+00:00","dateModified":"2020-09-01T18:47:29+00:00","mainEntityOfPage":{"@id":"https:\/\/www.estrategiaconcursos.com.br\/blog\/concursos-sao-goncalo-rj\/"},"wordCount":445,"commentCount":0,"publisher":{"@id":"https:\/\/www.estrategiaconcursos.com.br\/blog\/#organization"},"image":{"@id":"https:\/\/www.estrategiaconcursos.com.br\/blog\/concursos-sao-goncalo-rj\/#primaryimage"},"thumbnailUrl":"https:\/\/dhg1h5j42swfq.cloudfront.net\/2020\/02\/20092534\/Prefeitura-S%C3%A3o-Gon%C3%A7alo-RJ.png","articleSection":["Concursos P\u00fablicos"],"inLanguage":"pt-BR","potentialAction":[{"@type":"CommentAction","name":"Comment","target":["https:\/\/www.estrategiaconcursos.com.br\/blog\/concursos-sao-goncalo-rj\/#respond"]}],"copyrightYear":"2020","copyrightHolder":{"@id":"https:\/\/www.estrategiaconcursos.com.br\/blog\/#organization"}},{"@type":"WebPage","@id":"https:\/\/www.estrategiaconcursos.com.br\/blog\/concursos-sao-goncalo-rj\/","url":"https:\/\/www.estrategiaconcursos.com.br\/blog\/concursos-sao-goncalo-rj\/","name":"Concursos S\u00e3o Gon\u00e7alo RJ: prazos de validade s\u00e3o suspensos!","isPartOf":{"@id":"https:\/\/www.estrategiaconcursos.com.br\/blog\/#website"},"primaryImageOfPage":{"@id":"https:\/\/www.estrategiaconcursos.com.br\/blog\/concursos-sao-goncalo-rj\/#primaryimage"},"image":{"@id":"https:\/\/www.estrategiaconcursos.com.br\/blog\/concursos-sao-goncalo-rj\/#primaryimage"},"thumbnailUrl":"https:\/\/dhg1h5j42swfq.cloudfront.net\/2020\/02\/20092534\/Prefeitura-S%C3%A3o-Gon%C3%A7alo-RJ.png","datePublished":"2020-09-01T17:52:29+00:00","dateModified":"2020-09-01T18:47:29+00:00","description":"Concursos S\u00e3o Gon\u00e7alo RJ: prazos de validade de processos j\u00e1 homologados e em fase de convoca\u00e7\u00e3o dos aprovados s\u00e3o suspensos.","breadcrumb":{"@id":"https:\/\/www.estrategiaconcursos.com.br\/blog\/concursos-sao-goncalo-rj\/#breadcrumb"},"inLanguage":"pt-BR","potentialAction":[{"@type":"ReadAction","target":["https:\/\/www.estrategiaconcursos.com.br\/blog\/concursos-sao-goncalo-rj\/"]}]},{"@type":"ImageObject","inLanguage":"pt-BR","@id":"https:\/\/www.estrategiaconcursos.com.br\/blog\/concursos-sao-goncalo-rj\/#primaryimage","url":"https:\/\/dhg1h5j42swfq.cloudfront.net\/2020\/02\/20092534\/Prefeitura-S%C3%A3o-Gon%C3%A7alo-RJ.png","contentUrl":"https:\/\/dhg1h5j42swfq.cloudfront.net\/2020\/02\/20092534\/Prefeitura-S%C3%A3o-Gon%C3%A7alo-RJ.png","width":1200,"height":628,"caption":"Concursos Prefeitura de S\u00e3o Gon\u00e7alo"},{"@type":"BreadcrumbList","@id":"https:\/\/www.estrategiaconcursos.com.br\/blog\/concursos-sao-goncalo-rj\/#breadcrumb","itemListElement":[{"@type":"ListItem","position":1,"name":"In\u00edcio","item":"https:\/\/www.estrategiaconcursos.com.br\/blog\/"},{"@type":"ListItem","position":2,"name":"Concursos S\u00e3o Gon\u00e7alo RJ: prazos de validade s\u00e3o suspensos!"}]},{"@type":"WebSite","@id":"https:\/\/www.estrategiaconcursos.com.br\/blog\/#website","url":"https:\/\/www.estrategiaconcursos.com.br\/blog\/","name":"Estrat\u00e9gia Concursos","description":"O blog da Estrat\u00e9gia Concursos traz not\u00edcias sobre concursos e artigos de professores oferecendo cursos para concursos (pdf + videaulas) no site.","publisher":{"@id":"https:\/\/www.estrategiaconcursos.com.br\/blog\/#organization"},"potentialAction":[{"@type":"SearchAction","target":{"@type":"EntryPoint","urlTemplate":"https:\/\/www.estrategiaconcursos.com.br\/blog\/?s={search_term_string}"},"query-input":{"@type":"PropertyValueSpecification","valueRequired":true,"valueName":"search_term_string"}}],"inLanguage":"pt-BR"},{"@type":"Organization","@id":"https:\/\/www.estrategiaconcursos.com.br\/blog\/#organization","name":"Estrat\u00e9gia Concursos","url":"https:\/\/www.estrategiaconcursos.com.br\/blog\/","logo":{"@type":"ImageObject","inLanguage":"pt-BR","@id":"https:\/\/www.estrategiaconcursos.com.br\/blog\/#\/schema\/logo\/image\/","url":"https:\/\/dhg1h5j42swfq.cloudfront.net\/2025\/06\/03203428\/logo_concursos-1.jpg","contentUrl":"https:\/\/dhg1h5j42swfq.cloudfront.net\/2025\/06\/03203428\/logo_concursos-1.jpg","width":230,"height":60,"caption":"Estrat\u00e9gia Concursos"},"image":{"@id":"https:\/\/www.estrategiaconcursos.com.br\/blog\/#\/schema\/logo\/image\/"},"sameAs":["https:\/\/x.com\/EstratConcursos"]},{"@type":"Person","@id":"https:\/\/www.estrategiaconcursos.com.br\/blog\/#\/schema\/person\/1509739fd92a40c9b52116de04a90310","name":"Tiago Zanolla","image":{"@type":"ImageObject","inLanguage":"pt-BR","@id":"https:\/\/secure.gravatar.com\/avatar\/e647cb200c21008603a1760df42f3f713d32dd977761568b5689c47f0b1747ee?s=96&d=mm&r=g","url":"https:\/\/secure.gravatar.com\/avatar\/e647cb200c21008603a1760df42f3f713d32dd977761568b5689c47f0b1747ee?s=96&d=mm&r=g","contentUrl":"https:\/\/secure.gravatar.com\/avatar\/e647cb200c21008603a1760df42f3f713d32dd977761568b5689c47f0b1747ee?s=96&d=mm&r=g","caption":"Tiago Zanolla"},"url":"https:\/\/www.estrategiaconcursos.com.br\/blog\/author\/zanolla-estrategiagmail-com\/"}]}},"_links":{"self":[{"href":"https:\/\/www.estrategiaconcursos.com.br\/blog\/wp-json\/wp\/v2\/posts\/565380","targetHints":{"allow":["GET"]}}],"collection":[{"href":"https:\/\/www.estrategiaconcursos.com.br\/blog\/wp-json\/wp\/v2\/posts"}],"about":[{"href":"https:\/\/www.estrategiaconcursos.com.br\/blog\/wp-json\/wp\/v2\/types\/post"}],"author":[{"embeddable":true,"href":"https:\/\/www.estrategiaconcursos.com.br\/blog\/wp-json\/wp\/v2\/users\/388"}],"replies":[{"embeddable":true,"href":"https:\/\/www.estrategiaconcursos.com.br\/blog\/wp-json\/wp\/v2\/comments?post=565380"}],"version-history":[{"count":8,"href":"https:\/\/www.estrategiaconcursos.com.br\/blog\/wp-json\/wp\/v2\/posts\/565380\/revisions"}],"predecessor-version":[{"id":565483,"href":"https:\/\/www.estrategiaconcursos.com.br\/blog\/wp-json\/wp\/v2\/posts\/565380\/revisions\/565483"}],"wp:featuredmedia":[{"embeddable":true,"href":"https:\/\/www.estrategiaconcursos.com.br\/blog\/wp-json\/wp\/v2\/media\/484199"}],"wp:attachment":[{"href":"https:\/\/www.estrategiaconcursos.com.br\/blog\/wp-json\/wp\/v2\/media?parent=565380"}],"wp:term":[{"taxonomy":"category","embeddable":true,"href":"https:\/\/www.estrategiaconcursos.com.br\/blog\/wp-json\/wp\/v2\/categories?post=565380"},{"taxonomy":"post_tag","embeddable":true,"href":"https:\/\/www.estrategiaconcursos.com.br\/blog\/wp-json\/wp\/v2\/tags?post=565380"},{"taxonomy":"tax_estado","embeddable":true,"href":"https:\/\/www.estrategiaconcursos.com.br\/blog\/wp-json\/wp\/v2\/tax_estado?post=565380"}],"curies":[{"name":"wp","href":"https:\/\/api.w.org\/{rel}","templated":true}]}}