{"id":565284,"date":"2020-09-01T17:44:00","date_gmt":"2020-09-01T20:44:00","guid":{"rendered":"https:\/\/www.estrategiaconcursos.com.br\/blog\/?p=565284"},"modified":"2023-02-06T11:18:56","modified_gmt":"2023-02-06T14:18:56","slug":"2a-fase-xxxi-exame-de-ordem-facultativa-dezembro","status":"publish","type":"post","link":"https:\/\/www.estrategiaconcursos.com.br\/blog\/2a-fase-xxxi-exame-de-ordem-facultativa-dezembro\/","title":{"rendered":"XXXI Exame de Ordem ter\u00e1 2\u00aa Fase facultativa em 6 de dezembro!"},"content":{"rendered":"\n<h2 class=\"wp-block-heading\" id=\"h-carteiras-de-estagiarios-serao-prorrogada-por-seis-meses\">Carteiras de estagi\u00e1rios ser\u00e3o prorrogada por seis meses <\/h2>\n\n\n\n<p>Em um comunicado oficial publicado pelo Conselho Federal da Ordem dos Advogados do Brasil nesta ter\u00e7a-feira, foi divulgado que a 2\u00aa Fase do XXXI Exame de Ordem ser\u00e1 realizada no dia  <strong>06 de dezembro de 2020<\/strong> e a participa\u00e7\u00e3o dos candidatos ser\u00e1 <strong>facultativa.<\/strong><\/p>\n\n\n\n<p>A informa\u00e7\u00e3o j\u00e1 havia sido adiantada em uma transmiss\u00e3o ao vivo, realizada hoje, entre o Presidente Nacional da Ordem dos Advogados do Brasil, Felipe Santa Cruz, e advogado Fernando Borges Vieira, no perfil social oficial deste \u00faltimo. <\/p>\n\n\n\n<p>Segundo o afirmado pelo Presidente, a realiza\u00e7\u00e3o da prova pr\u00e1tico-profissional do XXXI Exame de Ordem ocorreria na <strong>primeira quinzena de dezembro de 2020<\/strong> e seria <strong>facultativa.<\/strong> <\/p>\n\n\n\n<p>A ideia \u00e9 cumprir a realiza\u00e7\u00e3o da 2\u00aa Fase com mais seguran\u00e7a aos candidatos que fazem quest\u00e3o de sua realiza\u00e7\u00e3o este ano, mas n\u00e3o obrigar aqueles que ainda se sentem inseguros por possu\u00edrem comorbidades ou  receios quanto \u00e0 continuidade da propaga\u00e7\u00e3o de coronav\u00edrus no pa\u00eds. <\/p>\n\n\n\n<p>A realiza\u00e7\u00e3o do Exame por meio virtual foi descartada a fim de se evitarem contesta\u00e7\u00f5es futuras. A Funda\u00e7\u00e3o Get\u00falio Vargas ir\u00e1 arcar com a realiza\u00e7\u00e3o da prova com distanciamento seguro e controle m\u00e9dico, por\u00e9m, o recrudescimento no n\u00famero de casos da pandemia em alguns estados ainda gera certo temor nos participantes. <\/p>\n\n\n\n<p>Os candidatos j\u00e1 inscritos no Exame que possuam menos pressa, e optarem em n\u00e3o participar agora da prova, estar\u00e3o automaticamente inscritos na segunda fase do XXXII Exame de Ordem, mesmo que j\u00e1 estejam se utilizando da repescagem, para realiz\u00e1-la com mais tranquilidade. <\/p>\n\n\n\n<p>Outra medida a ser adotada ser\u00e1 a prorroga\u00e7\u00e3o por mais seis meses da validade da carteira de estagi\u00e1rios da OAB, fornecida para aqueles que necessitam realizar atividades jur\u00eddicas na condi\u00e7\u00e3o de estudantes. <\/p>\n\n\n\n<p class=\"has-text-align-center has-very-light-gray-background-color has-background\">Clique <a href=\"https:\/\/dhg1h5j42swfq.cloudfront.net\/2020\/09\/01174513\/COMUNICADO.pdf\" target=\"_blank\" rel=\"noreferrer noopener\">aqui<\/a> e acesse o comunicado na \u00edntegra. <\/p>\n\n\n\n<h2 class=\"wp-block-heading\" id=\"h-adiamentos-da-2\u00aa-fase-do-xxxi-exame-de-ordem\">Adiamentos da 2\u00aa Fase do XXXI Exame de Ordem <\/h2>\n\n\n\n<p>O ano de 2020 foi bastante at\u00edpico, devido \u00e0 necessidade de isolamento social decorrente pandemia de coronav\u00edrus (Covid-19). O in\u00edcio do ano contou apenas com a realiza\u00e7\u00e3o da 1\u00aa Fase do XXXI Exame, de maneira que a 2\u00aa Fase do vinha sendo reiteradamente adiada. <\/p>\n\n\n\n<p>Em obedi\u00eancia \u00e0s recomenda\u00e7\u00f5es emitidas pela Organiza\u00e7\u00e3o Mundial de Sa\u00fade, a Coordena\u00e7\u00e3o Nacional do Exame de Ordem Unificado adiou a 2\u00aa Fase do Exame, inicialmente prevista para 05 abril, para o dia 31 de maio. Depois houve novo adiamento para 28 de junho, em seguida para 30 de agosto e, por fim, para 04 de outubro. <\/p>\n\n\n\n<p>Os adiamentos impactaram os exames seguintes. O XXXII Exame de Ordem, que tinha sua 1\u00aa Fase do Exame marcada para 14 de junho, tamb\u00e9m foi suspenso. O mesmo se deu com as provas do XXXIII Exame, inicialmente previsto para agosto. Agora, ambos ocorrer\u00e3o apenas em 2021.<\/p>\n\n\n\n<h2 class=\"wp-block-heading\" id=\"h-acompanhe-hoje-ao-vivo\">Acompanhe hoje ao vivo! <\/h2>\n\n\n\n<p>Para tratar das mudan\u00e7as trazidas com essa novidade repentina, a professora Priscila Ferreira ir\u00e1 apresentar um evento exclusivo <strong><em>nesta ter\u00e7a-feira, a partir das 19 horas, diretamente do canal do Estrat\u00e9gia OAB no Youtube.<\/em><\/strong> <\/p>\n\n\n\n<p class=\"has-text-align-center\"><strong>Nossas redes sociais<\/strong><\/p>\n\n\n\n<p class=\"has-text-align-center has-pale-cyan-blue-background-color has-background\"><a href=\"https:\/\/www.instagram.com\/estrategiaoab\/\" target=\"_blank\" rel=\"noreferrer noopener\">Instagram Estrat\u00e9gia OAB<\/a><\/p>\n\n\n\n<p class=\"has-text-align-center has-light-green-cyan-background-color has-background\"><a href=\"https:\/\/www.youtube.com\/channel\/UC7rgrKTSF5aOrBGWOw60ovw\" target=\"_blank\" rel=\"noreferrer noopener\">YouTube do Estrat\u00e9gia OAB<\/a><\/p>\n\n\n\n<p class=\"has-text-align-center\"><strong>Grupo de Telegram para a OAB<\/strong><\/p>\n\n\n\n<p class=\"has-text-align-center has-very-light-gray-background-color has-background\"><a href=\"http:\/\/bit.ly\/TelegramOAB\"><strong>Inscreva-se no nosso grupo do Telegram<\/strong><\/a><\/p>\n\n\n\n<p class=\"has-text-align-center\"><strong>Cursos para o Exame de Ordem<\/strong><\/p>\n\n\n\n<p class=\"has-text-align-center has-luminous-vivid-amber-background-color has-background\"><strong><a href=\"https:\/\/www.estrategiaconcursos.com.br\/cursosPorConcurso\/exame-de-ordem-oab-1-fase\/\" target=\"_blank\" rel=\"noreferrer noopener\">Curso OAB 1\u00aa Fase<\/a><\/strong><\/p>\n\n\n\n<p class=\"has-text-align-center has-luminous-vivid-amber-background-color has-background\"><strong><a href=\"https:\/\/www.estrategiaconcursos.com.br\/cursosPorConcurso\/oab-2-fase-192\/\" target=\"_blank\" rel=\"noreferrer noopener\">Curso OAB 2\u00aa Fase<\/a><\/strong><\/p>\n\n\n\n<p class=\"has-text-align-center\"><strong><em><strong>Sistema de Quest\u00f5es<\/strong><\/em><\/strong><\/p>\n\n\n\n<p class=\"has-text-align-center\">Estrat\u00e9gia Quest\u00f5es nasceu maior do que todos os concorrentes, com mais quest\u00f5es cadastradas e mais solu\u00e7\u00f5es por professores. Clique no link e aproveite os descontos e b\u00f4nus imperd\u00edveis!<\/p>\n\n\n\n<p class=\"has-text-align-center has-vivid-green-cyan-background-color has-background\"><strong>ASSINE AGORA \u2013&nbsp;<a href=\"https:\/\/www.estrategiaconcursos.com.br\/cursosPorConcurso\/sistema-de-questoes\/#\/\" target=\"_blank\" rel=\"noreferrer noopener\">Sistema de Quest\u00f5es<\/a><\/strong><\/p>\n","protected":false},"excerpt":{"rendered":"<p>Carteiras de estagi\u00e1rios ser\u00e3o prorrogada por seis meses Em um comunicado oficial publicado pelo Conselho Federal da Ordem dos Advogados do Brasil nesta ter\u00e7a-feira, foi divulgado que a 2\u00aa Fase do XXXI Exame de Ordem ser\u00e1 realizada no dia 06 de dezembro de 2020 e a participa\u00e7\u00e3o dos candidatos ser\u00e1 facultativa. A informa\u00e7\u00e3o j\u00e1 havia [&hellip;]<\/p>\n","protected":false},"author":180,"featured_media":176972,"comment_status":"open","ping_status":"closed","sticky":false,"template":"","format":"standard","meta":{"post_tipo":"article","footnotes":""},"categories":[1],"tags":[],"tax_estado":[],"class_list":["post-565284","post","type-post","status-publish","format-standard","has-post-thumbnail","hentry","category-cursos-e-concursos"],"acf":[],"yoast_head":"<!-- This site is optimized with the Yoast SEO Premium plugin v27.2 (Yoast SEO v27.2) - https:\/\/yoast.com\/product\/yoast-seo-premium-wordpress\/ -->\n<title>XXXI Exame de Ordem ter\u00e1 2\u00aa Fase facultativa em 6 de dezembro!<\/title>\n<meta name=\"description\" content=\"Presidente Nacional da OAB falou nesta ter\u00e7a-feira sobre novo adiamento da 2\u00aa Fase do XXXI Exame de Ordem em raz\u00e3o da pandemia. Confira!\" \/>\n<meta name=\"robots\" content=\"index, follow, max-snippet:-1, max-image-preview:large, max-video-preview:-1\" \/>\n<link rel=\"canonical\" href=\"https:\/\/www.estrategiaconcursos.com.br\/blog\/2a-fase-xxxi-exame-de-ordem-facultativa-dezembro\/\" \/>\n<meta property=\"og:locale\" content=\"pt_BR\" \/>\n<meta property=\"og:type\" content=\"article\" \/>\n<meta property=\"og:title\" content=\"XXXI Exame de Ordem ter\u00e1 2\u00aa Fase facultativa em 6 de dezembro!\" \/>\n<meta property=\"og:description\" content=\"Presidente Nacional da OAB falou nesta ter\u00e7a-feira sobre novo adiamento da 2\u00aa Fase do XXXI Exame de Ordem em raz\u00e3o da pandemia. Confira!\" \/>\n<meta property=\"og:url\" content=\"https:\/\/www.estrategiaconcursos.com.br\/blog\/2a-fase-xxxi-exame-de-ordem-facultativa-dezembro\/\" \/>\n<meta property=\"og:site_name\" content=\"Estrat\u00e9gia Concursos\" \/>\n<meta property=\"article:author\" content=\"https:\/\/www.facebook.com\/ricardo.s.torques\" \/>\n<meta property=\"article:published_time\" content=\"2020-09-01T20:44:00+00:00\" \/>\n<meta property=\"article:modified_time\" content=\"2023-02-06T14:18:56+00:00\" \/>\n<meta property=\"og:image\" content=\"https:\/\/dhg1h5j42swfq.cloudfront.net\/2019\/04\/05172907\/unnamed.jpg\" \/>\n\t<meta property=\"og:image:width\" content=\"1023\" \/>\n\t<meta property=\"og:image:height\" content=\"682\" \/>\n\t<meta property=\"og:image:type\" content=\"image\/jpeg\" \/>\n<meta name=\"author\" content=\"Ricardo Torques\" \/>\n<meta name=\"twitter:card\" content=\"summary_large_image\" \/>\n<meta name=\"twitter:creator\" content=\"@EstratConcursos\" \/>\n<meta name=\"twitter:site\" content=\"@EstratConcursos\" \/>\n<meta name=\"twitter:label1\" content=\"Escrito por\" \/>\n\t<meta name=\"twitter:data1\" content=\"Ricardo Torques\" \/>\n\t<meta name=\"twitter:label2\" content=\"Est. tempo de leitura\" \/>\n\t<meta name=\"twitter:data2\" content=\"3 minutos\" \/>\n<script type=\"application\/ld+json\" class=\"yoast-schema-graph\">{\"@context\":\"https:\/\/schema.org\",\"@graph\":[{\"@type\":\"NewsArticle\",\"@id\":\"https:\/\/www.estrategiaconcursos.com.br\/blog\/2a-fase-xxxi-exame-de-ordem-facultativa-dezembro\/#article\",\"isPartOf\":{\"@id\":\"https:\/\/www.estrategiaconcursos.com.br\/blog\/2a-fase-xxxi-exame-de-ordem-facultativa-dezembro\/\"},\"author\":{\"name\":\"Ricardo Torques\",\"@id\":\"https:\/\/www.estrategiaconcursos.com.br\/blog\/#\/schema\/person\/aa39cf5ddb518e5bdce27c35788405e2\"},\"headline\":\"XXXI Exame de Ordem ter\u00e1 2\u00aa Fase facultativa em 6 de dezembro!\",\"datePublished\":\"2020-09-01T20:44:00+00:00\",\"dateModified\":\"2023-02-06T14:18:56+00:00\",\"mainEntityOfPage\":{\"@id\":\"https:\/\/www.estrategiaconcursos.com.br\/blog\/2a-fase-xxxi-exame-de-ordem-facultativa-dezembro\/\"},\"wordCount\":599,\"commentCount\":0,\"publisher\":{\"@id\":\"https:\/\/www.estrategiaconcursos.com.br\/blog\/#organization\"},\"image\":{\"@id\":\"https:\/\/www.estrategiaconcursos.com.br\/blog\/2a-fase-xxxi-exame-de-ordem-facultativa-dezembro\/#primaryimage\"},\"thumbnailUrl\":\"https:\/\/dhg1h5j42swfq.cloudfront.net\/2019\/04\/05172907\/unnamed.jpg\",\"articleSection\":[\"Concursos P\u00fablicos\"],\"inLanguage\":\"pt-BR\",\"potentialAction\":[{\"@type\":\"CommentAction\",\"name\":\"Comment\",\"target\":[\"https:\/\/www.estrategiaconcursos.com.br\/blog\/2a-fase-xxxi-exame-de-ordem-facultativa-dezembro\/#respond\"]}],\"copyrightYear\":\"2020\",\"copyrightHolder\":{\"@id\":\"https:\/\/www.estrategiaconcursos.com.br\/blog\/#organization\"}},{\"@type\":\"WebPage\",\"@id\":\"https:\/\/www.estrategiaconcursos.com.br\/blog\/2a-fase-xxxi-exame-de-ordem-facultativa-dezembro\/\",\"url\":\"https:\/\/www.estrategiaconcursos.com.br\/blog\/2a-fase-xxxi-exame-de-ordem-facultativa-dezembro\/\",\"name\":\"XXXI Exame de Ordem ter\u00e1 2\u00aa Fase facultativa em 6 de dezembro!\",\"isPartOf\":{\"@id\":\"https:\/\/www.estrategiaconcursos.com.br\/blog\/#website\"},\"primaryImageOfPage\":{\"@id\":\"https:\/\/www.estrategiaconcursos.com.br\/blog\/2a-fase-xxxi-exame-de-ordem-facultativa-dezembro\/#primaryimage\"},\"image\":{\"@id\":\"https:\/\/www.estrategiaconcursos.com.br\/blog\/2a-fase-xxxi-exame-de-ordem-facultativa-dezembro\/#primaryimage\"},\"thumbnailUrl\":\"https:\/\/dhg1h5j42swfq.cloudfront.net\/2019\/04\/05172907\/unnamed.jpg\",\"datePublished\":\"2020-09-01T20:44:00+00:00\",\"dateModified\":\"2023-02-06T14:18:56+00:00\",\"description\":\"Presidente Nacional da OAB falou nesta ter\u00e7a-feira sobre novo adiamento da 2\u00aa Fase do XXXI Exame de Ordem em raz\u00e3o da pandemia. Confira!\",\"breadcrumb\":{\"@id\":\"https:\/\/www.estrategiaconcursos.com.br\/blog\/2a-fase-xxxi-exame-de-ordem-facultativa-dezembro\/#breadcrumb\"},\"inLanguage\":\"pt-BR\",\"potentialAction\":[{\"@type\":\"ReadAction\",\"target\":[\"https:\/\/www.estrategiaconcursos.com.br\/blog\/2a-fase-xxxi-exame-de-ordem-facultativa-dezembro\/\"]}]},{\"@type\":\"ImageObject\",\"inLanguage\":\"pt-BR\",\"@id\":\"https:\/\/www.estrategiaconcursos.com.br\/blog\/2a-fase-xxxi-exame-de-ordem-facultativa-dezembro\/#primaryimage\",\"url\":\"https:\/\/dhg1h5j42swfq.cloudfront.net\/2019\/04\/05172907\/unnamed.jpg\",\"contentUrl\":\"https:\/\/dhg1h5j42swfq.cloudfront.net\/2019\/04\/05172907\/unnamed.jpg\",\"width\":1023,\"height\":682,\"caption\":\"como se tornar advogado\"},{\"@type\":\"BreadcrumbList\",\"@id\":\"https:\/\/www.estrategiaconcursos.com.br\/blog\/2a-fase-xxxi-exame-de-ordem-facultativa-dezembro\/#breadcrumb\",\"itemListElement\":[{\"@type\":\"ListItem\",\"position\":1,\"name\":\"In\u00edcio\",\"item\":\"https:\/\/www.estrategiaconcursos.com.br\/blog\/\"},{\"@type\":\"ListItem\",\"position\":2,\"name\":\"XXXI Exame de Ordem ter\u00e1 2\u00aa Fase facultativa em 6 de dezembro!\"}]},{\"@type\":\"WebSite\",\"@id\":\"https:\/\/www.estrategiaconcursos.com.br\/blog\/#website\",\"url\":\"https:\/\/www.estrategiaconcursos.com.br\/blog\/\",\"name\":\"Estrat\u00e9gia Concursos\",\"description\":\"O blog da Estrat\u00e9gia Concursos traz not\u00edcias sobre concursos e artigos de professores oferecendo cursos para concursos (pdf + videaulas) no site.\",\"publisher\":{\"@id\":\"https:\/\/www.estrategiaconcursos.com.br\/blog\/#organization\"},\"potentialAction\":[{\"@type\":\"SearchAction\",\"target\":{\"@type\":\"EntryPoint\",\"urlTemplate\":\"https:\/\/www.estrategiaconcursos.com.br\/blog\/?s={search_term_string}\"},\"query-input\":{\"@type\":\"PropertyValueSpecification\",\"valueRequired\":true,\"valueName\":\"search_term_string\"}}],\"inLanguage\":\"pt-BR\"},{\"@type\":\"Organization\",\"@id\":\"https:\/\/www.estrategiaconcursos.com.br\/blog\/#organization\",\"name\":\"Estrat\u00e9gia Concursos\",\"url\":\"https:\/\/www.estrategiaconcursos.com.br\/blog\/\",\"logo\":{\"@type\":\"ImageObject\",\"inLanguage\":\"pt-BR\",\"@id\":\"https:\/\/www.estrategiaconcursos.com.br\/blog\/#\/schema\/logo\/image\/\",\"url\":\"https:\/\/dhg1h5j42swfq.cloudfront.net\/2025\/06\/03203428\/logo_concursos-1.jpg\",\"contentUrl\":\"https:\/\/dhg1h5j42swfq.cloudfront.net\/2025\/06\/03203428\/logo_concursos-1.jpg\",\"width\":230,\"height\":60,\"caption\":\"Estrat\u00e9gia Concursos\"},\"image\":{\"@id\":\"https:\/\/www.estrategiaconcursos.com.br\/blog\/#\/schema\/logo\/image\/\"},\"sameAs\":[\"https:\/\/x.com\/EstratConcursos\"]},{\"@type\":\"Person\",\"@id\":\"https:\/\/www.estrategiaconcursos.com.br\/blog\/#\/schema\/person\/aa39cf5ddb518e5bdce27c35788405e2\",\"name\":\"Ricardo Torques\",\"image\":{\"@type\":\"ImageObject\",\"inLanguage\":\"pt-BR\",\"@id\":\"https:\/\/secure.gravatar.com\/avatar\/ce9ac6c3cff25fe86d15ed568ebc64d1724baf5c0693133bcb1f6073f712f92a?s=96&d=mm&r=g\",\"url\":\"https:\/\/secure.gravatar.com\/avatar\/ce9ac6c3cff25fe86d15ed568ebc64d1724baf5c0693133bcb1f6073f712f92a?s=96&d=mm&r=g\",\"contentUrl\":\"https:\/\/secure.gravatar.com\/avatar\/ce9ac6c3cff25fe86d15ed568ebc64d1724baf5c0693133bcb1f6073f712f92a?s=96&d=mm&r=g\",\"caption\":\"Ricardo Torques\"},\"sameAs\":[\"https:\/\/www.facebook.com\/ricardo.s.torques\"],\"url\":\"https:\/\/www.estrategiaconcursos.com.br\/blog\/author\/ricardotorquesestrategiaconcursos-com-br\/\"}]}<\/script>\n<!-- \/ Yoast SEO Premium plugin. -->","yoast_head_json":{"title":"XXXI Exame de Ordem ter\u00e1 2\u00aa Fase facultativa em 6 de dezembro!","description":"Presidente Nacional da OAB falou nesta ter\u00e7a-feira sobre novo adiamento da 2\u00aa Fase do XXXI Exame de Ordem em raz\u00e3o da pandemia. Confira!","robots":{"index":"index","follow":"follow","max-snippet":"max-snippet:-1","max-image-preview":"max-image-preview:large","max-video-preview":"max-video-preview:-1"},"canonical":"https:\/\/www.estrategiaconcursos.com.br\/blog\/2a-fase-xxxi-exame-de-ordem-facultativa-dezembro\/","og_locale":"pt_BR","og_type":"article","og_title":"XXXI Exame de Ordem ter\u00e1 2\u00aa Fase facultativa em 6 de dezembro!","og_description":"Presidente Nacional da OAB falou nesta ter\u00e7a-feira sobre novo adiamento da 2\u00aa Fase do XXXI Exame de Ordem em raz\u00e3o da pandemia. Confira!","og_url":"https:\/\/www.estrategiaconcursos.com.br\/blog\/2a-fase-xxxi-exame-de-ordem-facultativa-dezembro\/","og_site_name":"Estrat\u00e9gia Concursos","article_author":"https:\/\/www.facebook.com\/ricardo.s.torques","article_published_time":"2020-09-01T20:44:00+00:00","article_modified_time":"2023-02-06T14:18:56+00:00","og_image":[{"width":1023,"height":682,"url":"https:\/\/dhg1h5j42swfq.cloudfront.net\/2019\/04\/05172907\/unnamed.jpg","type":"image\/jpeg"}],"author":"Ricardo Torques","twitter_card":"summary_large_image","twitter_creator":"@EstratConcursos","twitter_site":"@EstratConcursos","twitter_misc":{"Escrito por":"Ricardo Torques","Est. tempo de leitura":"3 minutos"},"schema":{"@context":"https:\/\/schema.org","@graph":[{"@type":"NewsArticle","@id":"https:\/\/www.estrategiaconcursos.com.br\/blog\/2a-fase-xxxi-exame-de-ordem-facultativa-dezembro\/#article","isPartOf":{"@id":"https:\/\/www.estrategiaconcursos.com.br\/blog\/2a-fase-xxxi-exame-de-ordem-facultativa-dezembro\/"},"author":{"name":"Ricardo Torques","@id":"https:\/\/www.estrategiaconcursos.com.br\/blog\/#\/schema\/person\/aa39cf5ddb518e5bdce27c35788405e2"},"headline":"XXXI Exame de Ordem ter\u00e1 2\u00aa Fase facultativa em 6 de dezembro!","datePublished":"2020-09-01T20:44:00+00:00","dateModified":"2023-02-06T14:18:56+00:00","mainEntityOfPage":{"@id":"https:\/\/www.estrategiaconcursos.com.br\/blog\/2a-fase-xxxi-exame-de-ordem-facultativa-dezembro\/"},"wordCount":599,"commentCount":0,"publisher":{"@id":"https:\/\/www.estrategiaconcursos.com.br\/blog\/#organization"},"image":{"@id":"https:\/\/www.estrategiaconcursos.com.br\/blog\/2a-fase-xxxi-exame-de-ordem-facultativa-dezembro\/#primaryimage"},"thumbnailUrl":"https:\/\/dhg1h5j42swfq.cloudfront.net\/2019\/04\/05172907\/unnamed.jpg","articleSection":["Concursos P\u00fablicos"],"inLanguage":"pt-BR","potentialAction":[{"@type":"CommentAction","name":"Comment","target":["https:\/\/www.estrategiaconcursos.com.br\/blog\/2a-fase-xxxi-exame-de-ordem-facultativa-dezembro\/#respond"]}],"copyrightYear":"2020","copyrightHolder":{"@id":"https:\/\/www.estrategiaconcursos.com.br\/blog\/#organization"}},{"@type":"WebPage","@id":"https:\/\/www.estrategiaconcursos.com.br\/blog\/2a-fase-xxxi-exame-de-ordem-facultativa-dezembro\/","url":"https:\/\/www.estrategiaconcursos.com.br\/blog\/2a-fase-xxxi-exame-de-ordem-facultativa-dezembro\/","name":"XXXI Exame de Ordem ter\u00e1 2\u00aa Fase facultativa em 6 de dezembro!","isPartOf":{"@id":"https:\/\/www.estrategiaconcursos.com.br\/blog\/#website"},"primaryImageOfPage":{"@id":"https:\/\/www.estrategiaconcursos.com.br\/blog\/2a-fase-xxxi-exame-de-ordem-facultativa-dezembro\/#primaryimage"},"image":{"@id":"https:\/\/www.estrategiaconcursos.com.br\/blog\/2a-fase-xxxi-exame-de-ordem-facultativa-dezembro\/#primaryimage"},"thumbnailUrl":"https:\/\/dhg1h5j42swfq.cloudfront.net\/2019\/04\/05172907\/unnamed.jpg","datePublished":"2020-09-01T20:44:00+00:00","dateModified":"2023-02-06T14:18:56+00:00","description":"Presidente Nacional da OAB falou nesta ter\u00e7a-feira sobre novo adiamento da 2\u00aa Fase do XXXI Exame de Ordem em raz\u00e3o da pandemia. Confira!","breadcrumb":{"@id":"https:\/\/www.estrategiaconcursos.com.br\/blog\/2a-fase-xxxi-exame-de-ordem-facultativa-dezembro\/#breadcrumb"},"inLanguage":"pt-BR","potentialAction":[{"@type":"ReadAction","target":["https:\/\/www.estrategiaconcursos.com.br\/blog\/2a-fase-xxxi-exame-de-ordem-facultativa-dezembro\/"]}]},{"@type":"ImageObject","inLanguage":"pt-BR","@id":"https:\/\/www.estrategiaconcursos.com.br\/blog\/2a-fase-xxxi-exame-de-ordem-facultativa-dezembro\/#primaryimage","url":"https:\/\/dhg1h5j42swfq.cloudfront.net\/2019\/04\/05172907\/unnamed.jpg","contentUrl":"https:\/\/dhg1h5j42swfq.cloudfront.net\/2019\/04\/05172907\/unnamed.jpg","width":1023,"height":682,"caption":"como se tornar advogado"},{"@type":"BreadcrumbList","@id":"https:\/\/www.estrategiaconcursos.com.br\/blog\/2a-fase-xxxi-exame-de-ordem-facultativa-dezembro\/#breadcrumb","itemListElement":[{"@type":"ListItem","position":1,"name":"In\u00edcio","item":"https:\/\/www.estrategiaconcursos.com.br\/blog\/"},{"@type":"ListItem","position":2,"name":"XXXI Exame de Ordem ter\u00e1 2\u00aa Fase facultativa em 6 de dezembro!"}]},{"@type":"WebSite","@id":"https:\/\/www.estrategiaconcursos.com.br\/blog\/#website","url":"https:\/\/www.estrategiaconcursos.com.br\/blog\/","name":"Estrat\u00e9gia Concursos","description":"O blog da Estrat\u00e9gia Concursos traz not\u00edcias sobre concursos e artigos de professores oferecendo cursos para concursos (pdf + videaulas) no site.","publisher":{"@id":"https:\/\/www.estrategiaconcursos.com.br\/blog\/#organization"},"potentialAction":[{"@type":"SearchAction","target":{"@type":"EntryPoint","urlTemplate":"https:\/\/www.estrategiaconcursos.com.br\/blog\/?s={search_term_string}"},"query-input":{"@type":"PropertyValueSpecification","valueRequired":true,"valueName":"search_term_string"}}],"inLanguage":"pt-BR"},{"@type":"Organization","@id":"https:\/\/www.estrategiaconcursos.com.br\/blog\/#organization","name":"Estrat\u00e9gia Concursos","url":"https:\/\/www.estrategiaconcursos.com.br\/blog\/","logo":{"@type":"ImageObject","inLanguage":"pt-BR","@id":"https:\/\/www.estrategiaconcursos.com.br\/blog\/#\/schema\/logo\/image\/","url":"https:\/\/dhg1h5j42swfq.cloudfront.net\/2025\/06\/03203428\/logo_concursos-1.jpg","contentUrl":"https:\/\/dhg1h5j42swfq.cloudfront.net\/2025\/06\/03203428\/logo_concursos-1.jpg","width":230,"height":60,"caption":"Estrat\u00e9gia Concursos"},"image":{"@id":"https:\/\/www.estrategiaconcursos.com.br\/blog\/#\/schema\/logo\/image\/"},"sameAs":["https:\/\/x.com\/EstratConcursos"]},{"@type":"Person","@id":"https:\/\/www.estrategiaconcursos.com.br\/blog\/#\/schema\/person\/aa39cf5ddb518e5bdce27c35788405e2","name":"Ricardo Torques","image":{"@type":"ImageObject","inLanguage":"pt-BR","@id":"https:\/\/secure.gravatar.com\/avatar\/ce9ac6c3cff25fe86d15ed568ebc64d1724baf5c0693133bcb1f6073f712f92a?s=96&d=mm&r=g","url":"https:\/\/secure.gravatar.com\/avatar\/ce9ac6c3cff25fe86d15ed568ebc64d1724baf5c0693133bcb1f6073f712f92a?s=96&d=mm&r=g","contentUrl":"https:\/\/secure.gravatar.com\/avatar\/ce9ac6c3cff25fe86d15ed568ebc64d1724baf5c0693133bcb1f6073f712f92a?s=96&d=mm&r=g","caption":"Ricardo Torques"},"sameAs":["https:\/\/www.facebook.com\/ricardo.s.torques"],"url":"https:\/\/www.estrategiaconcursos.com.br\/blog\/author\/ricardotorquesestrategiaconcursos-com-br\/"}]}},"_links":{"self":[{"href":"https:\/\/www.estrategiaconcursos.com.br\/blog\/wp-json\/wp\/v2\/posts\/565284","targetHints":{"allow":["GET"]}}],"collection":[{"href":"https:\/\/www.estrategiaconcursos.com.br\/blog\/wp-json\/wp\/v2\/posts"}],"about":[{"href":"https:\/\/www.estrategiaconcursos.com.br\/blog\/wp-json\/wp\/v2\/types\/post"}],"author":[{"embeddable":true,"href":"https:\/\/www.estrategiaconcursos.com.br\/blog\/wp-json\/wp\/v2\/users\/180"}],"replies":[{"embeddable":true,"href":"https:\/\/www.estrategiaconcursos.com.br\/blog\/wp-json\/wp\/v2\/comments?post=565284"}],"version-history":[{"count":26,"href":"https:\/\/www.estrategiaconcursos.com.br\/blog\/wp-json\/wp\/v2\/posts\/565284\/revisions"}],"predecessor-version":[{"id":1165576,"href":"https:\/\/www.estrategiaconcursos.com.br\/blog\/wp-json\/wp\/v2\/posts\/565284\/revisions\/1165576"}],"wp:featuredmedia":[{"embeddable":true,"href":"https:\/\/www.estrategiaconcursos.com.br\/blog\/wp-json\/wp\/v2\/media\/176972"}],"wp:attachment":[{"href":"https:\/\/www.estrategiaconcursos.com.br\/blog\/wp-json\/wp\/v2\/media?parent=565284"}],"wp:term":[{"taxonomy":"category","embeddable":true,"href":"https:\/\/www.estrategiaconcursos.com.br\/blog\/wp-json\/wp\/v2\/categories?post=565284"},{"taxonomy":"post_tag","embeddable":true,"href":"https:\/\/www.estrategiaconcursos.com.br\/blog\/wp-json\/wp\/v2\/tags?post=565284"},{"taxonomy":"tax_estado","embeddable":true,"href":"https:\/\/www.estrategiaconcursos.com.br\/blog\/wp-json\/wp\/v2\/tax_estado?post=565284"}],"curies":[{"name":"wp","href":"https:\/\/api.w.org\/{rel}","templated":true}]}}