{"id":565250,"date":"2020-09-01T14:02:07","date_gmt":"2020-09-01T17:02:07","guid":{"rendered":"https:\/\/www.estrategiaconcursos.com.br\/blog\/?p=565250"},"modified":"2023-04-13T14:37:40","modified_gmt":"2023-04-13T17:37:40","slug":"ploa-2021-799-cargos-justica-trabalho","status":"publish","type":"post","link":"https:\/\/www.estrategiaconcursos.com.br\/blog\/ploa-2021-799-cargos-justica-trabalho\/","title":{"rendered":"PLOA 2021 prev\u00ea ocupa\u00e7\u00e3o de 799 cargos na Justi\u00e7a do Trabalho"},"content":{"rendered":"\n<p>Na \u00faltima segunda-feira, 31 de agosto, foi encaminhado ao Congresso Nacional o <strong>Projeto de Lei Or\u00e7ament\u00e1ria Anual<\/strong> referente ao ano de 2021<strong> <\/strong>(PLOA 2021), trazendo todas as previs\u00f5es de receitas e despesas para o pr\u00f3ximo ano, dentre as quais o provimento de 799 cargos na Justi\u00e7a do Trabalho. <\/p>\n\n\n\n<p>Isto porque, em rela\u00e7\u00e3o a certames p\u00fablicos, foi autorizado, no total, o provimento de&nbsp;<strong>50.946 vagas<\/strong>, al\u00e9m da cria\u00e7\u00e3o de outras<strong>&nbsp;2.165<\/strong>. Neste conjunto, somente para a Justi\u00e7a do Trabalho, o Projeto prev\u00ea o provimento de <strong>747 cargos vagos<\/strong> em toda a carreira mais a cria\u00e7\u00e3o de<strong> 52 novos cargos<\/strong> <strong>comissionados<\/strong>  para o Tribunal Regional do Trabalho da 22.\u00aa Regi\u00e3o. <\/p>\n\n\n\n<p>O \u00faltimo concurso para o TRT da 22\u00aa Regi\u00e3o, que abrange o estado do Piau\u00ed ocorreu em 2010 e teve sua validade expirada no ano de 2015. A cria\u00e7\u00e3o das  novas vagas decorre do Projeto de Lei Complementar 112\/2017 que cria, no Quadro de Pessoal da Secretaria do Tribunal Regional do Trabalho da 22\u00aa Regi\u00e3o, 52 fun\u00e7\u00f5es comissionadas.<\/p>\n\n\n\n<p>O Projeto est\u00e1 Senado Federal para aprova\u00e7\u00e3o e encontra-se com a relatora para an\u00e1lise desde abril de 2019, como voc\u00ea pode conferir clicando <a rel=\"noreferrer noopener\" href=\"https:\/\/www25.senado.leg.br\/web\/atividade\/materias\/-\/materia\/131279\" target=\"_blank\">aqui<\/a>. Quanto ao Projeto de Lei Or\u00e7ament\u00e1ria 2021, resta ainda a aprova\u00e7\u00e3o do Congresso Nacional para que passe a ter for\u00e7a de lei. <\/p>\n\n\n\n<p>Em raz\u00e3o da pandemia de coronav\u00edrus que afetou o Brasil, das recomenda\u00e7\u00f5es dos \u00f3rg\u00e3os de sa\u00fade, da decreta\u00e7\u00e3o de estado de calamidade p\u00fablica e das determina\u00e7\u00f5es dadas pela LC 173\/2020 (Programa Federativo de Enfrentamento \u00e0 Pandemia), muitos certames da Justi\u00e7a do Trabalho contam com a contagem de seu prazo de validade suspensa.  <\/p>\n\n\n\n<p>Abaixo voc\u00ea confere a rela\u00e7\u00e3o completa dos \u00faltimos concursos para os Tribunais Regionais do Trabalho de todo o pa\u00eds e do Tribunal Superior do Trabalho. <\/p>\n\n\n\n<figure class=\"wp-block-table is-style-stripes\"><table class=\"has-background has-fixed-layout\" style=\"background-color:#e7f5fe\"><tbody><tr><td><strong>Tribunal<\/strong><\/td><td><strong>\u00daltimo concurso<\/strong><\/td><td><strong>Validade<\/strong><\/td><\/tr><tr><td><strong>TRT 1 (RJ)<\/strong><\/td><td>2018 \/ AOCP (Analista e T\u00e9cnico)<\/td><td>Suspensa (Expiraria em 11\/2020)<\/td><\/tr><tr><td><strong>TRT 2 (SP &#8211; capital)<\/strong><\/td><td>2018 \/ FCC (Analista e T\u00e9cnico)<\/td><td>Suspensa (Expiraria em 01\/05\/2021)<\/td><\/tr><tr><td><strong>TRT 3 (MG)<\/strong><\/td><td>2015 \/ FCC (Analista e T\u00e9cnico)<\/td><td><strong>Expirada em 2019<\/strong><\/td><\/tr><tr><td><strong>TRT 4 (RS)<\/strong><\/td><td>2015 \/ FCC (Analista e T\u00e9cnico)<\/td><td><strong>Expirada em 11\/2019<\/strong><\/td><\/tr><tr><td><strong>TRT 5 (BA)<\/strong><\/td><td>2013 \/ FCC (Analista e T\u00e9cnico)<\/td><td><strong>Expirada<\/strong><\/td><\/tr><tr><td><strong>TRT 6 (PE)<\/strong><\/td><td>2018 \/ FCC (Analista e T\u00e9cnico)<\/td><td>Suspensa (Expiraria em 17\/10\/2020<\/td><\/tr><tr><td><strong>TRT 7 (CE)<\/strong><\/td><td>2017 \/ Cespe\/Cebraspe (Analista e T\u00e9cnico)<\/td><td>Suspensa (Expiraria em 12\/2021)<\/td><\/tr><tr><td><strong>TRT 8 (AP e PA)<\/strong><\/td><td>2015 \/ Cebraspe (Analista e T\u00e9cnico)<\/td><td>Suspensa (Expiraria em 16\/06\/2020)<\/td><\/tr><tr><td><strong>TRT 9 (PR)<\/strong><\/td><td>2015 \/ FCC (Analista e T\u00e9cnico)<\/td><td><strong>Expirada em 06\/2019<\/strong><\/td><\/tr><tr><td><strong>TRT 10 (DF e TO)<\/strong><\/td><td>2012 \/ CESPE (Analista e T\u00e9cnico)<\/td><td><strong>Expirada em 2017<\/strong><\/td><\/tr><tr><td><strong>TRT 11 (AM e RR)<\/strong><\/td><td>2016 \/ FCC (Analista e T\u00e9cnico)<\/td><td>Suspensa (Expiraria em 21\/08\/2021)<\/td><\/tr><tr><td><strong>TRT 12 (SC)<\/strong><\/td><td>2017\/ FGV (Analista e T\u00e9cnico Judici\u00e1rio)<\/td><td>Suspensa (Expiraria em 12\/2021) <\/td><\/tr><tr><td><strong>TRT 13 (PB)<\/strong><\/td><td>2014 \/ FCC (Analista e T\u00e9cnico)<\/td><td><strong>Expirada<\/strong><\/td><\/tr><tr><td><strong>TRT 14 (AC e RO)<\/strong><\/td><td>2015 e 2018 \/ FCC (Analista e T\u00e9cnico)<\/td><td>Suspensa (Expirariam em julho e novembro de 2020<\/td><\/tr><tr><td><strong>TRT 15 (SP &#8211; Interior)<\/strong><\/td><td>2018 \/ FCC (Analista e T\u00e9cnico Judici\u00e1rio)<\/td><td>Suspensa (Expiraria no in\u00edcio de 2021)<\/td><\/tr><tr><td><strong>TRT 16 (MA)<\/strong><\/td><td>2014 \/ FCC (Analista e T\u00e9cnico Judici\u00e1rio)<\/td><td><strong>Expirada em 2018<\/strong><\/td><\/tr><tr><td><strong>TRT 17 (ES)<\/strong><\/td><td>2013\/ CESPE (Analista e T\u00e9cnico Judici\u00e1rio)<\/td><td><strong>Expirada<\/strong><\/td><\/tr><tr><td><strong>TRT 18 (GO)<\/strong><\/td><td>2013 \/ FCC (Analista e T\u00e9cnico Judici\u00e1rio)<\/td><td><strong>Expirada<\/strong><\/td><\/tr><tr><td><strong>TRT 19 (AL)<\/strong><\/td><td>2013 \/ FCC (Analista e T\u00e9cnico Judici\u00e1rio)<\/td><td><strong>Expirada em 2018<\/strong><\/td><\/tr><tr><td><strong>TRT 20 (SE)<\/strong><\/td><td>2016 \/ FCC (Analita e T\u00e9cnico Judici\u00e1rio)<\/td><td>Suspensa (Expiraria em 23\/05\/2021)<\/td><\/tr><tr><td><strong>TRT 21 (RN)<\/strong><\/td><td>2017 \/ FCC (Analista e T\u00e9cnico Judici\u00e1rio)<\/td><td>Suspensa (Expiraria no segundo semestre de 2022)<\/td><\/tr><tr><td><strong>TRT 22 (PI)<\/strong><\/td><td>2010 \/ FCC (Analista e T\u00e9cnico Judici\u00e1rio)<\/td><td><strong>Expirada em 2015<\/strong><\/td><\/tr><tr><td><strong>TRT 23 (MT)<\/strong><\/td><td>2015 \/ FCC (Analista e T\u00e9cnico Judici\u00e1rio)<\/td><td>Suspensa (Expiraria em 01\/07\/2020)<\/td><\/tr><tr><td><strong>TRT 24 (MS)<\/strong><\/td><td>2016 \/ FCC (Analista e T\u00e9cnico)<\/td><td>Suspensa (Expiraria em  11\/2021)<\/td><\/tr><tr><td><strong>TST<\/strong><\/td><td>2017 \/ FCC (Analista e T\u00e9cnico)<\/td><td>Suspensa (Expiraria em 2022)<\/td><\/tr><\/tbody><\/table><\/figure>\n\n\n\n<h2 class=\"wp-block-heading has-text-align-center\" id=\"h-quer-estudar-para-concursos-da-justica-do-trabalho\"><em>Quer estudar para concursos <\/em>da Justi\u00e7a do Trabalho?<\/h2>\n\n\n\n<p class=\"has-text-align-center has-luminous-vivid-amber-background-color has-background\"><em><strong><a href=\"https:\/\/www.estrategiaconcursos.com.br\/cursosPorConcurso\/trts-cursos-regulares-62\/\" target=\"_blank\" rel=\"noreferrer noopener\">CURSOS PARA CONCURSOS<\/a><\/strong><\/em><\/p>\n\n\n\n<p class=\"has-text-align-center\"><strong><em><strong>Sistema de Quest\u00f5es<\/strong><\/em><\/strong><\/p>\n\n\n\n<p class=\"has-text-align-center\">Estrat\u00e9gia Quest\u00f5es nasceu maior do que todos os concorrentes, com mais quest\u00f5es cadastradas e mais solu\u00e7\u00f5es por professores. Clique no link e aproveite os descontos e b\u00f4nus imperd\u00edveis!<\/p>\n\n\n\n<p class=\"has-text-align-center has-vivid-green-cyan-background-color has-background\"><strong>ASSINE AGORA \u2013&nbsp;<a href=\"https:\/\/www.estrategiaconcursos.com.br\/cursosPorConcurso\/sistema-de-questoes\/#\/\" target=\"_blank\" rel=\"noreferrer noopener\">Sistema de Quest\u00f5es<\/a><\/strong><\/p>\n\n\n\n<p class=\"has-text-align-center\"><em><strong>Fique por dentro de todos os concursos<\/strong><\/em> <em><strong>dos concursos com editais publicados e tamb\u00e9m dos concursos que ainda v\u00e3o publicar editais:<\/strong><\/em><\/p>\n\n\n\n<p class=\"has-text-align-center has-pale-cyan-blue-background-color has-background\"><a href=\"https:\/\/www.estrategiaconcursos.com.br\/blog\/concursos-abertos\/\" target=\"_blank\" rel=\"noreferrer noopener\"><strong>Concursos abertos<\/strong><\/a><\/p>\n","protected":false},"excerpt":{"rendered":"<p>Na \u00faltima segunda-feira, 31 de agosto, foi encaminhado ao Congresso Nacional o Projeto de Lei Or\u00e7ament\u00e1ria Anual referente ao ano de 2021 (PLOA 2021), trazendo todas as previs\u00f5es de receitas e despesas para o pr\u00f3ximo ano, dentre as quais o provimento de 799 cargos na Justi\u00e7a do Trabalho. Isto porque, em rela\u00e7\u00e3o a certames p\u00fablicos, [&hellip;]<\/p>\n","protected":false},"author":135,"featured_media":565260,"comment_status":"open","ping_status":"closed","sticky":false,"template":"","format":"standard","meta":{"post_tipo":"article","footnotes":""},"categories":[1],"tags":[],"tax_estado":[],"class_list":["post-565250","post","type-post","status-publish","format-standard","has-post-thumbnail","hentry","category-cursos-e-concursos"],"acf":[],"yoast_head":"<!-- This site is optimized with the Yoast SEO Premium plugin v27.2 (Yoast SEO v27.2) - https:\/\/yoast.com\/product\/yoast-seo-premium-wordpress\/ -->\n<title>PLOA 2021 prev\u00ea ocupa\u00e7\u00e3o de 799 cargos na Justi\u00e7a do Trabalho<\/title>\n<meta name=\"description\" content=\"PLOA 2021 prev\u00ea a cria\u00e7\u00e3o de 52 novas vagas e o provimento de 747 cargos vagos na Justi\u00e7a do Trabalho no pr\u00f3ximo ano. Confira!\" \/>\n<meta name=\"robots\" content=\"index, follow, max-snippet:-1, max-image-preview:large, max-video-preview:-1\" \/>\n<link rel=\"canonical\" href=\"https:\/\/www.estrategiaconcursos.com.br\/blog\/ploa-2021-799-cargos-justica-trabalho\/\" \/>\n<meta property=\"og:locale\" content=\"pt_BR\" \/>\n<meta property=\"og:type\" content=\"article\" \/>\n<meta property=\"og:title\" content=\"PLOA 2021 prev\u00ea ocupa\u00e7\u00e3o de 799 cargos na Justi\u00e7a do Trabalho\" \/>\n<meta property=\"og:description\" content=\"PLOA 2021 prev\u00ea a cria\u00e7\u00e3o de 52 novas vagas e o provimento de 747 cargos vagos na Justi\u00e7a do Trabalho no pr\u00f3ximo ano. Confira!\" \/>\n<meta property=\"og:url\" content=\"https:\/\/www.estrategiaconcursos.com.br\/blog\/ploa-2021-799-cargos-justica-trabalho\/\" \/>\n<meta property=\"og:site_name\" content=\"Estrat\u00e9gia Concursos\" \/>\n<meta property=\"article:published_time\" content=\"2020-09-01T17:02:07+00:00\" \/>\n<meta property=\"article:modified_time\" content=\"2023-04-13T17:37:40+00:00\" \/>\n<meta property=\"og:image\" content=\"https:\/\/dhg1h5j42swfq.cloudfront.net\/2020\/09\/01120848\/1.-80.jpg\" \/>\n\t<meta property=\"og:image:width\" content=\"1268\" \/>\n\t<meta property=\"og:image:height\" content=\"713\" \/>\n\t<meta property=\"og:image:type\" content=\"image\/jpeg\" \/>\n<meta name=\"author\" content=\"Antonio Daud\" \/>\n<meta name=\"twitter:card\" content=\"summary_large_image\" \/>\n<meta name=\"twitter:creator\" content=\"@EstratConcursos\" \/>\n<meta name=\"twitter:site\" content=\"@EstratConcursos\" \/>\n<meta name=\"twitter:label1\" content=\"Escrito por\" \/>\n\t<meta name=\"twitter:data1\" content=\"Antonio Daud\" \/>\n\t<meta name=\"twitter:label2\" content=\"Est. tempo de leitura\" \/>\n\t<meta name=\"twitter:data2\" content=\"3 minutos\" \/>\n<script type=\"application\/ld+json\" class=\"yoast-schema-graph\">{\"@context\":\"https:\/\/schema.org\",\"@graph\":[{\"@type\":\"NewsArticle\",\"@id\":\"https:\/\/www.estrategiaconcursos.com.br\/blog\/ploa-2021-799-cargos-justica-trabalho\/#article\",\"isPartOf\":{\"@id\":\"https:\/\/www.estrategiaconcursos.com.br\/blog\/ploa-2021-799-cargos-justica-trabalho\/\"},\"author\":{\"name\":\"Antonio Daud\",\"@id\":\"https:\/\/www.estrategiaconcursos.com.br\/blog\/#\/schema\/person\/90692507130b147bb9128fc093141dad\"},\"headline\":\"PLOA 2021 prev\u00ea ocupa\u00e7\u00e3o de 799 cargos na Justi\u00e7a do Trabalho\",\"datePublished\":\"2020-09-01T17:02:07+00:00\",\"dateModified\":\"2023-04-13T17:37:40+00:00\",\"mainEntityOfPage\":{\"@id\":\"https:\/\/www.estrategiaconcursos.com.br\/blog\/ploa-2021-799-cargos-justica-trabalho\/\"},\"wordCount\":680,\"commentCount\":0,\"publisher\":{\"@id\":\"https:\/\/www.estrategiaconcursos.com.br\/blog\/#organization\"},\"image\":{\"@id\":\"https:\/\/www.estrategiaconcursos.com.br\/blog\/ploa-2021-799-cargos-justica-trabalho\/#primaryimage\"},\"thumbnailUrl\":\"https:\/\/dhg1h5j42swfq.cloudfront.net\/2020\/09\/01120848\/1.-80.jpg\",\"articleSection\":[\"Concursos P\u00fablicos\"],\"inLanguage\":\"pt-BR\",\"potentialAction\":[{\"@type\":\"CommentAction\",\"name\":\"Comment\",\"target\":[\"https:\/\/www.estrategiaconcursos.com.br\/blog\/ploa-2021-799-cargos-justica-trabalho\/#respond\"]}],\"copyrightYear\":\"2020\",\"copyrightHolder\":{\"@id\":\"https:\/\/www.estrategiaconcursos.com.br\/blog\/#organization\"}},{\"@type\":\"WebPage\",\"@id\":\"https:\/\/www.estrategiaconcursos.com.br\/blog\/ploa-2021-799-cargos-justica-trabalho\/\",\"url\":\"https:\/\/www.estrategiaconcursos.com.br\/blog\/ploa-2021-799-cargos-justica-trabalho\/\",\"name\":\"PLOA 2021 prev\u00ea ocupa\u00e7\u00e3o de 799 cargos na Justi\u00e7a do Trabalho\",\"isPartOf\":{\"@id\":\"https:\/\/www.estrategiaconcursos.com.br\/blog\/#website\"},\"primaryImageOfPage\":{\"@id\":\"https:\/\/www.estrategiaconcursos.com.br\/blog\/ploa-2021-799-cargos-justica-trabalho\/#primaryimage\"},\"image\":{\"@id\":\"https:\/\/www.estrategiaconcursos.com.br\/blog\/ploa-2021-799-cargos-justica-trabalho\/#primaryimage\"},\"thumbnailUrl\":\"https:\/\/dhg1h5j42swfq.cloudfront.net\/2020\/09\/01120848\/1.-80.jpg\",\"datePublished\":\"2020-09-01T17:02:07+00:00\",\"dateModified\":\"2023-04-13T17:37:40+00:00\",\"description\":\"PLOA 2021 prev\u00ea a cria\u00e7\u00e3o de 52 novas vagas e o provimento de 747 cargos vagos na Justi\u00e7a do Trabalho no pr\u00f3ximo ano. Confira!\",\"breadcrumb\":{\"@id\":\"https:\/\/www.estrategiaconcursos.com.br\/blog\/ploa-2021-799-cargos-justica-trabalho\/#breadcrumb\"},\"inLanguage\":\"pt-BR\",\"potentialAction\":[{\"@type\":\"ReadAction\",\"target\":[\"https:\/\/www.estrategiaconcursos.com.br\/blog\/ploa-2021-799-cargos-justica-trabalho\/\"]}]},{\"@type\":\"ImageObject\",\"inLanguage\":\"pt-BR\",\"@id\":\"https:\/\/www.estrategiaconcursos.com.br\/blog\/ploa-2021-799-cargos-justica-trabalho\/#primaryimage\",\"url\":\"https:\/\/dhg1h5j42swfq.cloudfront.net\/2020\/09\/01120848\/1.-80.jpg\",\"contentUrl\":\"https:\/\/dhg1h5j42swfq.cloudfront.net\/2020\/09\/01120848\/1.-80.jpg\",\"width\":1268,\"height\":713,\"caption\":\"Justi\u00e7a do Trabalho\"},{\"@type\":\"BreadcrumbList\",\"@id\":\"https:\/\/www.estrategiaconcursos.com.br\/blog\/ploa-2021-799-cargos-justica-trabalho\/#breadcrumb\",\"itemListElement\":[{\"@type\":\"ListItem\",\"position\":1,\"name\":\"In\u00edcio\",\"item\":\"https:\/\/www.estrategiaconcursos.com.br\/blog\/\"},{\"@type\":\"ListItem\",\"position\":2,\"name\":\"PLOA 2021 prev\u00ea ocupa\u00e7\u00e3o de 799 cargos na Justi\u00e7a do Trabalho\"}]},{\"@type\":\"WebSite\",\"@id\":\"https:\/\/www.estrategiaconcursos.com.br\/blog\/#website\",\"url\":\"https:\/\/www.estrategiaconcursos.com.br\/blog\/\",\"name\":\"Estrat\u00e9gia Concursos\",\"description\":\"O blog da Estrat\u00e9gia Concursos traz not\u00edcias sobre concursos e artigos de professores oferecendo cursos para concursos (pdf + videaulas) no site.\",\"publisher\":{\"@id\":\"https:\/\/www.estrategiaconcursos.com.br\/blog\/#organization\"},\"potentialAction\":[{\"@type\":\"SearchAction\",\"target\":{\"@type\":\"EntryPoint\",\"urlTemplate\":\"https:\/\/www.estrategiaconcursos.com.br\/blog\/?s={search_term_string}\"},\"query-input\":{\"@type\":\"PropertyValueSpecification\",\"valueRequired\":true,\"valueName\":\"search_term_string\"}}],\"inLanguage\":\"pt-BR\"},{\"@type\":\"Organization\",\"@id\":\"https:\/\/www.estrategiaconcursos.com.br\/blog\/#organization\",\"name\":\"Estrat\u00e9gia Concursos\",\"url\":\"https:\/\/www.estrategiaconcursos.com.br\/blog\/\",\"logo\":{\"@type\":\"ImageObject\",\"inLanguage\":\"pt-BR\",\"@id\":\"https:\/\/www.estrategiaconcursos.com.br\/blog\/#\/schema\/logo\/image\/\",\"url\":\"https:\/\/dhg1h5j42swfq.cloudfront.net\/2025\/06\/03203428\/logo_concursos-1.jpg\",\"contentUrl\":\"https:\/\/dhg1h5j42swfq.cloudfront.net\/2025\/06\/03203428\/logo_concursos-1.jpg\",\"width\":230,\"height\":60,\"caption\":\"Estrat\u00e9gia Concursos\"},\"image\":{\"@id\":\"https:\/\/www.estrategiaconcursos.com.br\/blog\/#\/schema\/logo\/image\/\"},\"sameAs\":[\"https:\/\/x.com\/EstratConcursos\"]},{\"@type\":\"Person\",\"@id\":\"https:\/\/www.estrategiaconcursos.com.br\/blog\/#\/schema\/person\/90692507130b147bb9128fc093141dad\",\"name\":\"Antonio Daud\",\"image\":{\"@type\":\"ImageObject\",\"inLanguage\":\"pt-BR\",\"@id\":\"https:\/\/secure.gravatar.com\/avatar\/9a6539d0d807c3d7c2aaa709166f9aa9824103126593f30916973bcaedf16896?s=96&d=mm&r=g\",\"url\":\"https:\/\/secure.gravatar.com\/avatar\/9a6539d0d807c3d7c2aaa709166f9aa9824103126593f30916973bcaedf16896?s=96&d=mm&r=g\",\"contentUrl\":\"https:\/\/secure.gravatar.com\/avatar\/9a6539d0d807c3d7c2aaa709166f9aa9824103126593f30916973bcaedf16896?s=96&d=mm&r=g\",\"caption\":\"Antonio Daud\"},\"description\":\"Antonio Daud J\u00fanior \u00e9 bacharel em Engenharia El\u00e9trica e em Direito. Foi Analista de Finan\u00e7as e Controle da Controladoria-Geral da Uni\u00e3o\/Presid\u00eancia da Rep\u00fablica (CGU\/PR), aprovado no concurso de 2008. Atualmente \u00e9 Auditor Federal de Controle Externo (AUFC) do Tribunal de Contas da Uni\u00e3o (TCU), aprovado tamb\u00e9m em 2008.\",\"sameAs\":[\"https:\/\/www.instagram.com\/professordaud\/?hl=en\"],\"url\":\"https:\/\/www.estrategiaconcursos.com.br\/blog\/author\/antoniodaudestrategiaconcursos-com-br\/\"}]}<\/script>\n<!-- \/ Yoast SEO Premium plugin. -->","yoast_head_json":{"title":"PLOA 2021 prev\u00ea ocupa\u00e7\u00e3o de 799 cargos na Justi\u00e7a do Trabalho","description":"PLOA 2021 prev\u00ea a cria\u00e7\u00e3o de 52 novas vagas e o provimento de 747 cargos vagos na Justi\u00e7a do Trabalho no pr\u00f3ximo ano. Confira!","robots":{"index":"index","follow":"follow","max-snippet":"max-snippet:-1","max-image-preview":"max-image-preview:large","max-video-preview":"max-video-preview:-1"},"canonical":"https:\/\/www.estrategiaconcursos.com.br\/blog\/ploa-2021-799-cargos-justica-trabalho\/","og_locale":"pt_BR","og_type":"article","og_title":"PLOA 2021 prev\u00ea ocupa\u00e7\u00e3o de 799 cargos na Justi\u00e7a do Trabalho","og_description":"PLOA 2021 prev\u00ea a cria\u00e7\u00e3o de 52 novas vagas e o provimento de 747 cargos vagos na Justi\u00e7a do Trabalho no pr\u00f3ximo ano. Confira!","og_url":"https:\/\/www.estrategiaconcursos.com.br\/blog\/ploa-2021-799-cargos-justica-trabalho\/","og_site_name":"Estrat\u00e9gia Concursos","article_published_time":"2020-09-01T17:02:07+00:00","article_modified_time":"2023-04-13T17:37:40+00:00","og_image":[{"width":1268,"height":713,"url":"https:\/\/dhg1h5j42swfq.cloudfront.net\/2020\/09\/01120848\/1.-80.jpg","type":"image\/jpeg"}],"author":"Antonio Daud","twitter_card":"summary_large_image","twitter_creator":"@EstratConcursos","twitter_site":"@EstratConcursos","twitter_misc":{"Escrito por":"Antonio Daud","Est. tempo de leitura":"3 minutos"},"schema":{"@context":"https:\/\/schema.org","@graph":[{"@type":"NewsArticle","@id":"https:\/\/www.estrategiaconcursos.com.br\/blog\/ploa-2021-799-cargos-justica-trabalho\/#article","isPartOf":{"@id":"https:\/\/www.estrategiaconcursos.com.br\/blog\/ploa-2021-799-cargos-justica-trabalho\/"},"author":{"name":"Antonio Daud","@id":"https:\/\/www.estrategiaconcursos.com.br\/blog\/#\/schema\/person\/90692507130b147bb9128fc093141dad"},"headline":"PLOA 2021 prev\u00ea ocupa\u00e7\u00e3o de 799 cargos na Justi\u00e7a do Trabalho","datePublished":"2020-09-01T17:02:07+00:00","dateModified":"2023-04-13T17:37:40+00:00","mainEntityOfPage":{"@id":"https:\/\/www.estrategiaconcursos.com.br\/blog\/ploa-2021-799-cargos-justica-trabalho\/"},"wordCount":680,"commentCount":0,"publisher":{"@id":"https:\/\/www.estrategiaconcursos.com.br\/blog\/#organization"},"image":{"@id":"https:\/\/www.estrategiaconcursos.com.br\/blog\/ploa-2021-799-cargos-justica-trabalho\/#primaryimage"},"thumbnailUrl":"https:\/\/dhg1h5j42swfq.cloudfront.net\/2020\/09\/01120848\/1.-80.jpg","articleSection":["Concursos P\u00fablicos"],"inLanguage":"pt-BR","potentialAction":[{"@type":"CommentAction","name":"Comment","target":["https:\/\/www.estrategiaconcursos.com.br\/blog\/ploa-2021-799-cargos-justica-trabalho\/#respond"]}],"copyrightYear":"2020","copyrightHolder":{"@id":"https:\/\/www.estrategiaconcursos.com.br\/blog\/#organization"}},{"@type":"WebPage","@id":"https:\/\/www.estrategiaconcursos.com.br\/blog\/ploa-2021-799-cargos-justica-trabalho\/","url":"https:\/\/www.estrategiaconcursos.com.br\/blog\/ploa-2021-799-cargos-justica-trabalho\/","name":"PLOA 2021 prev\u00ea ocupa\u00e7\u00e3o de 799 cargos na Justi\u00e7a do Trabalho","isPartOf":{"@id":"https:\/\/www.estrategiaconcursos.com.br\/blog\/#website"},"primaryImageOfPage":{"@id":"https:\/\/www.estrategiaconcursos.com.br\/blog\/ploa-2021-799-cargos-justica-trabalho\/#primaryimage"},"image":{"@id":"https:\/\/www.estrategiaconcursos.com.br\/blog\/ploa-2021-799-cargos-justica-trabalho\/#primaryimage"},"thumbnailUrl":"https:\/\/dhg1h5j42swfq.cloudfront.net\/2020\/09\/01120848\/1.-80.jpg","datePublished":"2020-09-01T17:02:07+00:00","dateModified":"2023-04-13T17:37:40+00:00","description":"PLOA 2021 prev\u00ea a cria\u00e7\u00e3o de 52 novas vagas e o provimento de 747 cargos vagos na Justi\u00e7a do Trabalho no pr\u00f3ximo ano. Confira!","breadcrumb":{"@id":"https:\/\/www.estrategiaconcursos.com.br\/blog\/ploa-2021-799-cargos-justica-trabalho\/#breadcrumb"},"inLanguage":"pt-BR","potentialAction":[{"@type":"ReadAction","target":["https:\/\/www.estrategiaconcursos.com.br\/blog\/ploa-2021-799-cargos-justica-trabalho\/"]}]},{"@type":"ImageObject","inLanguage":"pt-BR","@id":"https:\/\/www.estrategiaconcursos.com.br\/blog\/ploa-2021-799-cargos-justica-trabalho\/#primaryimage","url":"https:\/\/dhg1h5j42swfq.cloudfront.net\/2020\/09\/01120848\/1.-80.jpg","contentUrl":"https:\/\/dhg1h5j42swfq.cloudfront.net\/2020\/09\/01120848\/1.-80.jpg","width":1268,"height":713,"caption":"Justi\u00e7a do Trabalho"},{"@type":"BreadcrumbList","@id":"https:\/\/www.estrategiaconcursos.com.br\/blog\/ploa-2021-799-cargos-justica-trabalho\/#breadcrumb","itemListElement":[{"@type":"ListItem","position":1,"name":"In\u00edcio","item":"https:\/\/www.estrategiaconcursos.com.br\/blog\/"},{"@type":"ListItem","position":2,"name":"PLOA 2021 prev\u00ea ocupa\u00e7\u00e3o de 799 cargos na Justi\u00e7a do Trabalho"}]},{"@type":"WebSite","@id":"https:\/\/www.estrategiaconcursos.com.br\/blog\/#website","url":"https:\/\/www.estrategiaconcursos.com.br\/blog\/","name":"Estrat\u00e9gia Concursos","description":"O blog da Estrat\u00e9gia Concursos traz not\u00edcias sobre concursos e artigos de professores oferecendo cursos para concursos (pdf + videaulas) no site.","publisher":{"@id":"https:\/\/www.estrategiaconcursos.com.br\/blog\/#organization"},"potentialAction":[{"@type":"SearchAction","target":{"@type":"EntryPoint","urlTemplate":"https:\/\/www.estrategiaconcursos.com.br\/blog\/?s={search_term_string}"},"query-input":{"@type":"PropertyValueSpecification","valueRequired":true,"valueName":"search_term_string"}}],"inLanguage":"pt-BR"},{"@type":"Organization","@id":"https:\/\/www.estrategiaconcursos.com.br\/blog\/#organization","name":"Estrat\u00e9gia Concursos","url":"https:\/\/www.estrategiaconcursos.com.br\/blog\/","logo":{"@type":"ImageObject","inLanguage":"pt-BR","@id":"https:\/\/www.estrategiaconcursos.com.br\/blog\/#\/schema\/logo\/image\/","url":"https:\/\/dhg1h5j42swfq.cloudfront.net\/2025\/06\/03203428\/logo_concursos-1.jpg","contentUrl":"https:\/\/dhg1h5j42swfq.cloudfront.net\/2025\/06\/03203428\/logo_concursos-1.jpg","width":230,"height":60,"caption":"Estrat\u00e9gia Concursos"},"image":{"@id":"https:\/\/www.estrategiaconcursos.com.br\/blog\/#\/schema\/logo\/image\/"},"sameAs":["https:\/\/x.com\/EstratConcursos"]},{"@type":"Person","@id":"https:\/\/www.estrategiaconcursos.com.br\/blog\/#\/schema\/person\/90692507130b147bb9128fc093141dad","name":"Antonio Daud","image":{"@type":"ImageObject","inLanguage":"pt-BR","@id":"https:\/\/secure.gravatar.com\/avatar\/9a6539d0d807c3d7c2aaa709166f9aa9824103126593f30916973bcaedf16896?s=96&d=mm&r=g","url":"https:\/\/secure.gravatar.com\/avatar\/9a6539d0d807c3d7c2aaa709166f9aa9824103126593f30916973bcaedf16896?s=96&d=mm&r=g","contentUrl":"https:\/\/secure.gravatar.com\/avatar\/9a6539d0d807c3d7c2aaa709166f9aa9824103126593f30916973bcaedf16896?s=96&d=mm&r=g","caption":"Antonio Daud"},"description":"Antonio Daud J\u00fanior \u00e9 bacharel em Engenharia El\u00e9trica e em Direito. Foi Analista de Finan\u00e7as e Controle da Controladoria-Geral da Uni\u00e3o\/Presid\u00eancia da Rep\u00fablica (CGU\/PR), aprovado no concurso de 2008. Atualmente \u00e9 Auditor Federal de Controle Externo (AUFC) do Tribunal de Contas da Uni\u00e3o (TCU), aprovado tamb\u00e9m em 2008.","sameAs":["https:\/\/www.instagram.com\/professordaud\/?hl=en"],"url":"https:\/\/www.estrategiaconcursos.com.br\/blog\/author\/antoniodaudestrategiaconcursos-com-br\/"}]}},"_links":{"self":[{"href":"https:\/\/www.estrategiaconcursos.com.br\/blog\/wp-json\/wp\/v2\/posts\/565250","targetHints":{"allow":["GET"]}}],"collection":[{"href":"https:\/\/www.estrategiaconcursos.com.br\/blog\/wp-json\/wp\/v2\/posts"}],"about":[{"href":"https:\/\/www.estrategiaconcursos.com.br\/blog\/wp-json\/wp\/v2\/types\/post"}],"author":[{"embeddable":true,"href":"https:\/\/www.estrategiaconcursos.com.br\/blog\/wp-json\/wp\/v2\/users\/135"}],"replies":[{"embeddable":true,"href":"https:\/\/www.estrategiaconcursos.com.br\/blog\/wp-json\/wp\/v2\/comments?post=565250"}],"version-history":[{"count":12,"href":"https:\/\/www.estrategiaconcursos.com.br\/blog\/wp-json\/wp\/v2\/posts\/565250\/revisions"}],"predecessor-version":[{"id":1201250,"href":"https:\/\/www.estrategiaconcursos.com.br\/blog\/wp-json\/wp\/v2\/posts\/565250\/revisions\/1201250"}],"wp:featuredmedia":[{"embeddable":true,"href":"https:\/\/www.estrategiaconcursos.com.br\/blog\/wp-json\/wp\/v2\/media\/565260"}],"wp:attachment":[{"href":"https:\/\/www.estrategiaconcursos.com.br\/blog\/wp-json\/wp\/v2\/media?parent=565250"}],"wp:term":[{"taxonomy":"category","embeddable":true,"href":"https:\/\/www.estrategiaconcursos.com.br\/blog\/wp-json\/wp\/v2\/categories?post=565250"},{"taxonomy":"post_tag","embeddable":true,"href":"https:\/\/www.estrategiaconcursos.com.br\/blog\/wp-json\/wp\/v2\/tags?post=565250"},{"taxonomy":"tax_estado","embeddable":true,"href":"https:\/\/www.estrategiaconcursos.com.br\/blog\/wp-json\/wp\/v2\/tax_estado?post=565250"}],"curies":[{"name":"wp","href":"https:\/\/api.w.org\/{rel}","templated":true}]}}