{"id":565073,"date":"2020-11-04T08:00:00","date_gmt":"2020-11-04T11:00:00","guid":{"rendered":"https:\/\/www.estrategiaconcursos.com.br\/blog\/?p=565073"},"modified":"2023-06-26T15:08:10","modified_gmt":"2023-06-26T18:08:10","slug":"edital-prefeitura-de-tarauaca","status":"publish","type":"post","link":"https:\/\/www.estrategiaconcursos.com.br\/blog\/edital-prefeitura-de-tarauaca\/","title":{"rendered":"Edital Prefeitura de Tarauac\u00e1: inscri\u00e7\u00f5es encerradas"},"content":{"rendered":"\n<p>As inscri\u00e7\u00f5es do edital Prefeitura de Tarauac\u00e1, munic\u00edpio do Estado do Acre, est\u00e3o oficialmente encerradas. Os candidatos interessados tiveram at\u00e9 o prazo m\u00e1ximo do dia 14 de setembro para acessar o site da banca, <strong>Ibracop<\/strong>, e garantir a candidatura.  <\/p>\n\n\n\n<p>Conforme o documento, s\u00e3o ofertadas <strong>195 vagas<\/strong> mais cadastro de reserva distribu\u00eddas entre diversos cargos de n\u00edvel fundamental, m\u00e9dio superior.<\/p>\n\n\n\n<p>J\u00e1 os sal\u00e1rios do certame podem variar bastante conforme o cargo desejado, podendo chegar a <strong>R$ 8 mil<\/strong>, como \u00e9 o caso do M\u00e9dico Cl\u00ednico Geral, que exige jornada de trabalha de 40 horas semanais. <\/p>\n\n\n\n<h2 class=\"wp-block-heading\" id=\"datas\">Principais datas do edital Prefeitura de Tarauac\u00e1<\/h2>\n\n\n\n<p class=\"has-very-light-gray-background-color has-background\"><strong>Inscri\u00e7\u00f5es<\/strong>: <s>31\/08 a 14\/09\/2020<\/s><br \/><strong>Isen\u00e7\u00e3o da taxa<\/strong>:<s> 31\/08 a 04\/09\/2020<\/s><br \/><strong>\u00daltimo dia para pagamento<\/strong>: <s>14\/09\/2020<\/s><br \/><strong>Prova<\/strong>: SUSPENSA<\/p>\n\n\n\n<p class=\"has-text-align-center\" style=\"font-size:clamp(14.642px, 0.915rem + ((1vw - 3.2px) * 0.721), 22px);px\"><strong><a rel=\"noreferrer noopener\" href=\"https:\/\/dhg1h5j42swfq.cloudfront.net\/2020\/11\/06083816\/95dcc34a81cd7c98be40083346cac971.pdf\" target=\"_blank\">Aviso de suspens\u00e3o<\/a><\/strong><\/p>\n\n\n\n<h2 class=\"wp-block-heading\" id=\"cargos-vagas\">Cargos e vagas do edital Prefeitura de Tarauac\u00e1<\/h2>\n\n\n\n<p>O edital Prefeitura de Tarauac\u00e1 oferta <strong>195 vagas<\/strong> mais cadastro de reserva para diversos cargos e n\u00edveis de escolaridade. Por isso, listamos abaixo todos os cargos e suas respectivas vagas: <\/p>\n\n\n\n<h3 class=\"wp-block-heading\"><strong>N\u00edvel Fundamental<\/strong><\/h3>\n\n\n\n<ul class=\"wp-block-list\">\n<li>Merendeira (20);<\/li>\n\n\n\n<li>Servente (42).<\/li>\n<\/ul>\n\n\n\n<h3 class=\"wp-block-heading\"><strong>N\u00edvel m\u00e9dio e t\u00e9cnico<\/strong><\/h3>\n\n\n\n<ul class=\"wp-block-list\">\n<li>Auxiliar administrativo (27);<\/li>\n\n\n\n<li>Auxiliar de sa\u00fade bucal (15); <\/li>\n\n\n\n<li>T\u00e9cnico em an\u00e1lises cl\u00ednicas (5); <\/li>\n\n\n\n<li>T\u00e9cnico agr\u00edcola (2); <\/li>\n\n\n\n<li>T\u00e9cnico em enfermagem (13).<\/li>\n<\/ul>\n\n\n\n<h3 class=\"wp-block-heading\"><strong>N\u00edvel Superior:&nbsp;<\/strong><\/h3>\n\n\n\n<ul class=\"wp-block-list\">\n<li>Assistente social (3); <\/li>\n\n\n\n<li>Contador (2); <\/li>\n\n\n\n<li>Engenheiro agr\u00f4nomo (2); <\/li>\n\n\n\n<li>Engenheiro florestal (2); <\/li>\n\n\n\n<li>Engenheiro civil (4); <\/li>\n\n\n\n<li>Farmac\u00eautico (2); <\/li>\n\n\n\n<li>Fiscal sanit\u00e1rio (4); <\/li>\n\n\n\n<li>M\u00e9dico cl\u00ednico geral (5); <\/li>\n\n\n\n<li>M\u00e9dico veterin\u00e1rio (3); <\/li>\n\n\n\n<li>Nutricionista (6); <\/li>\n\n\n\n<li>Professor (30); <\/li>\n\n\n\n<li>Professor de educa\u00e7\u00e3o f\u00edsica (3); <\/li>\n\n\n\n<li>Psic\u00f3logo (3); <\/li>\n\n\n\n<li>Procurador jur\u00eddico (2).<\/li>\n<\/ul>\n\n\n\n<h2 class=\"wp-block-heading\" id=\"etapas\">Etapas do edital Prefeitura de Tarauac\u00e1<\/h2>\n\n\n\n<p>O processo de sele\u00e7\u00e3o do edital Prefeitura de Tarauac\u00e1 consistir\u00e1: <\/p>\n\n\n\n<ul class=\"wp-block-list\">\n<li><strong>1\u00aa Etapa<\/strong> &#8211; provas objetivas de m\u00faltipla escolha, para todos os cargos de car\u00e1ter eliminat\u00f3rio e classificat\u00f3rio; <\/li>\n\n\n\n<li><strong>2\u00aa Etapa<\/strong> &#8211; avalia\u00e7\u00e3o de t\u00edtulos para todos os cargos de n\u00edvel superior, de car\u00e1ter apenas classificat\u00f3rio; <\/li>\n\n\n\n<li><strong>3\u00aa Etapa<\/strong> \u2013 prova discursiva para o cargo de Procurador Jur\u00eddico, de car\u00e1ter classificat\u00f3rio e eliminat\u00f3rio.<\/li>\n<\/ul>\n\n\n\n<h3 class=\"wp-block-heading\">Provas Objetivas<\/h3>\n\n\n\n<p>As provas objetivas de m\u00faltipla escolha v\u00e3o ter dura\u00e7\u00e3o de quatro horas para sua realiza\u00e7\u00e3o, ambas em dois turnos, conforme disposto a seguir:<\/p>\n\n\n\n<p class=\"has-very-light-gray-background-color has-background\"><strong>Turno da manh\u00e3<\/strong> &#8211; 08h: cargos de n\u00edvel m\u00e9dio e t\u00e9cnico<br \/><strong>Turno da tarde<\/strong> &#8211; 14h: cargos de n\u00edvel fundamental e superior<\/p>\n\n\n\n<figure class=\"wp-block-image size-large\"><img loading=\"lazy\" decoding=\"async\" width=\"577\" height=\"242\" src=\"https:\/\/dhg1h5j42swfq.cloudfront.net\/2020\/11\/06085252\/image-64.png\" alt=\"\" class=\"wp-image-602336\" srcset=\"https:\/\/dhg1h5j42swfq.cloudfront.net\/2020\/11\/06085252\/image-64.png 577w, https:\/\/dhg1h5j42swfq.cloudfront.net\/2020\/11\/06085252\/image-64-300x126.png 300w\" sizes=\"auto, (max-width: 577px) 100vw, 577px\" \/><\/figure>\n\n\n\n<figure class=\"wp-block-image aligncenter size-large\"><img loading=\"lazy\" decoding=\"async\" width=\"617\" height=\"261\" src=\"https:\/\/dhg1h5j42swfq.cloudfront.net\/2020\/11\/06085239\/image-63.png\" alt=\"\" class=\"wp-image-602335\" srcset=\"https:\/\/dhg1h5j42swfq.cloudfront.net\/2020\/11\/06085239\/image-63.png 617w, https:\/\/dhg1h5j42swfq.cloudfront.net\/2020\/11\/06085239\/image-63-300x127.png 300w, https:\/\/dhg1h5j42swfq.cloudfront.net\/2020\/11\/06085239\/image-63-610x258.png 610w\" sizes=\"auto, (max-width: 617px) 100vw, 617px\" \/><\/figure>\n\n\n\n<figure class=\"wp-block-image aligncenter size-large\"><img loading=\"lazy\" decoding=\"async\" width=\"781\" height=\"400\" src=\"https:\/\/dhg1h5j42swfq.cloudfront.net\/2020\/09\/01141724\/image-12.png\" alt=\"provas Edital Prefeitura de Tarauac\u00e1\" class=\"wp-image-565393\" srcset=\"https:\/\/dhg1h5j42swfq.cloudfront.net\/2020\/09\/01141724\/image-12.png 781w, https:\/\/dhg1h5j42swfq.cloudfront.net\/2020\/09\/01141724\/image-12-300x154.png 300w, https:\/\/dhg1h5j42swfq.cloudfront.net\/2020\/09\/01141724\/image-12-768x393.png 768w, https:\/\/dhg1h5j42swfq.cloudfront.net\/2020\/09\/01141724\/image-12-610x312.png 610w\" sizes=\"auto, (max-width: 781px) 100vw, 781px\" \/><\/figure>\n\n\n\n<figure class=\"wp-block-image aligncenter size-large\"><img loading=\"lazy\" decoding=\"async\" width=\"782\" height=\"825\" src=\"https:\/\/dhg1h5j42swfq.cloudfront.net\/2020\/09\/01141824\/image-1-17.png\" alt=\"provas Edital Prefeitura de Tarauac\u00e1\" class=\"wp-image-565394\" srcset=\"https:\/\/dhg1h5j42swfq.cloudfront.net\/2020\/09\/01141824\/image-1-17.png 782w, https:\/\/dhg1h5j42swfq.cloudfront.net\/2020\/09\/01141824\/image-1-17-284x300.png 284w, https:\/\/dhg1h5j42swfq.cloudfront.net\/2020\/09\/01141824\/image-1-17-768x810.png 768w, https:\/\/dhg1h5j42swfq.cloudfront.net\/2020\/09\/01141824\/image-1-17-610x644.png 610w\" sizes=\"auto, (max-width: 782px) 100vw, 782px\" \/><\/figure>\n\n\n\n<h3 class=\"wp-block-heading\">Avalia\u00e7\u00e3o de T\u00edtulos<\/h3>\n\n\n\n<p>Ser\u00e3o convocados para a avalia\u00e7\u00e3o de t\u00edtulos os candidatos aprovados na prova objetiva do n\u00edvel superior, respeitados os empates. A avalia\u00e7\u00e3o de t\u00edtulos valer\u00e1 08 pontos. Somente ser\u00e3o aceitos os t\u00edtulos abaixo relacionados, expedidos at\u00e9 a data de envio, observados os limites de pontos do quadro a seguir:<\/p>\n\n\n\n<figure class=\"wp-block-image aligncenter size-large\"><img loading=\"lazy\" decoding=\"async\" width=\"581\" height=\"758\" src=\"https:\/\/dhg1h5j42swfq.cloudfront.net\/2020\/09\/01142055\/image-13.png\" alt=\"\" class=\"wp-image-565397\" srcset=\"https:\/\/dhg1h5j42swfq.cloudfront.net\/2020\/09\/01142055\/image-13.png 581w, https:\/\/dhg1h5j42swfq.cloudfront.net\/2020\/09\/01142055\/image-13-230x300.png 230w\" sizes=\"auto, (max-width: 581px) 100vw, 581px\" \/><\/figure>\n\n\n\n<h3 class=\"wp-block-heading\">Prova Discursiva<\/h3>\n\n\n\n<p>A prova discursiva do edital da Prefeitura de Tarauac\u00e1, para o cargo de procurador jur\u00eddico, consistir\u00e1 de duas quest\u00f5es a serem respondidas em at\u00e9 30 linhas cada, totalizando 20,00 pontos.<\/p>\n\n\n\n<p>Esta etapa ser\u00e1 avaliada e pontuada dos candidatos que obtiveram 50% de aproveitamento dos pontos v\u00e1lidos da prova objetiva, desde que, n\u00e3o tenha zerado nenhuma outra disciplina. Sendo de car\u00e1ter classificat\u00f3rio e eliminat\u00f3rio.<\/p>\n\n\n\n<p>A prova discursiva de cada candidato ser\u00e1 submetida a duas avalia\u00e7\u00f5es: uma avalia\u00e7\u00e3o de conte\u00fado e uma avalia\u00e7\u00e3o do dom\u00ednio da modalidade escrita da L\u00edngua Portuguesa. Cada quest\u00e3o discursiva valer\u00e1 10,00 pontos.<\/p>\n\n\n\n<hr class=\"wp-block-separator has-css-opacity\"\/>\n\n\n\n<h2 class=\"wp-block-heading has-text-align-center\" id=\"cursos-assinatura\">Quer estudar para o edital Prefeitura de Tarauac\u00e1?<\/h2>\n\n\n\n<div class=\"container\" id=\"boxes\">\n  <div class=\"row\">\n\n    <div class=\"col-sm\">\n      <div class=\"banner-estrategia\" id=\"box-assinatura\">\n        <h3 class=\"titulo-assinatura\">Prefeitura de Tarauac\u00e1<\/h3>\n        <p class=\"subtitulo-assinatura\">Conhe\u00e7a nossos cursos<\/p>\n        <div class=\"box-botao\">\n          <a class=\"btn-assinatura\" target=\"_blank\" href=\"https:\/\/www.estrategiaconcursos.com.br\/cursos\/concurso\/\" role=\"button\" rel=\"noopener noreferrer\">Conhe\u00e7a mais<\/a>\n        <\/div>\n      <\/div>\n      <p class=\"texto-auxiliar\">Prepare-se com o melhor material e com quem mais aprova em Concursos P\u00fablicos em todo o pa\u00eds!<\/p>\n    <\/div>\n\n  <\/div>\n<\/div>\n\n\n\n<div class=\"container\" id=\"boxes\">\n  <div class=\"row\">\n\n    <div class=\"col-sm\">\n      <div class=\"estrategia\" id=\"box-assinatura\">\n        <h3 class=\"titulo-assinatura\">Assinatura Ilimitada<\/h3>\n        <p class=\"subtitulo-assinatura\">Assinatura Anual Ilimitada*<\/p>\n        <div class=\"box-botao\">\n          <a class=\"btn-assinatura\" target=\"_blank\" href=\"https:\/\/www.estrategiaconcursos.com.br\/assinaturas\/\" role=\"button\" rel=\"noopener noreferrer\">ASSINE AGORA<\/a>\n        <\/div>\n      <\/div>\n      <p class=\"texto-auxiliar\">Prepare-se com o melhor material e com quem mais aprova em Concursos P\u00fablicos em todo o pa\u00eds. Assine agora a nossa Assinatura Anual e tenha acesso ilimitado* a todos os nossos cursos.<\/p>\n    <\/div>\n\n    <div class=\"col-sm\">\n      <div class=\"questoes\" id=\"box-assinatura\">\n        <h3 class=\"titulo-assinatura\">Sistema de Quest\u00f5es<\/h3>\n        <p class=\"subtitulo-assinatura\">Assinatura Ilimitada*\n<\/p>\n        <div class=\"box-botao\">\n          <a class=\"btn-assinatura\" target=\"_blank\" href=\"https:\/\/www.estrategiaconcursos.com.br\/cursosPorConcurso\/sistema-de-questoes\/#\/\" role=\"button\" rel=\"noopener noreferrer\">ASSINE AGORA<\/a>\n        <\/div>\n      <\/div>\n      <p class=\"texto-auxiliar\">Estrat\u00e9gia Quest\u00f5es nasceu maior do que todos os concorrentes, com mais quest\u00f5es cadastradas e mais solu\u00e7\u00f5es por professores. Clique no link e aproveite os descontos e b\u00f4nus imperd\u00edveis!<\/p>\n    <\/div>\n  <\/div>\n<\/div>\n\n\n\n<figure class=\"wp-block-image\"><img loading=\"lazy\" decoding=\"async\" width=\"300\" height=\"102\" src=\"https:\/\/dhg1h5j42swfq.cloudfront.net\/2017\/03\/28152500\/coruja-ficha-tecnica-300x102.png\" alt=\"\" class=\"wp-image-68542\"\/><\/figure>\n\n\n\n<h3 class=\"wp-block-heading\" id=\"ficha\"><strong>Informa\u00e7\u00f5es do edital Prefeitura de Tarauac\u00e1<\/strong><\/h3>\n\n\n\n<ul class=\"wp-block-list\">\n<li><strong>Provas<\/strong>: Suspensa<\/li>\n\n\n\n<li><strong>Vagas<\/strong>: 195<\/li>\n\n\n\n<li><strong>Cargos<\/strong>: diversos<\/li>\n\n\n\n<li><strong>Banca<\/strong>: Ibracop<\/li>\n\n\n\n<li><strong>Escolaridade<\/strong>: fundamental, m\u00e9dio, t\u00e9cnico e superior<\/li>\n\n\n\n<li><strong>Edital<\/strong>:&nbsp;<a rel=\"noreferrer noopener\" href=\"https:\/\/dhg1h5j42swfq.cloudfront.net\/2020\/09\/01103513\/9bc9891d7f71208b05454202e6bdfb73-1.pdf\" target=\"_blank\">concurso Prefeitura Tarauac\u00e1<\/a>| <a rel=\"noreferrer noopener\" href=\"https:\/\/dhg1h5j42swfq.cloudfront.net\/2020\/09\/08161815\/56b357c7dd217384160522ab54a93bf4.pdf\" target=\"_blank\">Retifica\u00e7\u00e3o 1<\/a> | <a rel=\"noreferrer noopener\" href=\"https:\/\/dhg1h5j42swfq.cloudfront.net\/2020\/11\/06083816\/95dcc34a81cd7c98be40083346cac971.pdf\" target=\"_blank\">Aviso de suspens\u00e3o<\/a><\/li>\n<\/ul>\n","protected":false},"excerpt":{"rendered":"<p>As inscri\u00e7\u00f5es do edital Prefeitura de Tarauac\u00e1, munic\u00edpio do Estado do Acre, est\u00e3o oficialmente encerradas. Os candidatos interessados tiveram at\u00e9 o prazo m\u00e1ximo do dia 14 de setembro para acessar o site da banca, Ibracop, e garantir a candidatura. Conforme o documento, s\u00e3o ofertadas 195 vagas mais cadastro de reserva distribu\u00eddas entre diversos cargos de [&hellip;]<\/p>\n","protected":false},"author":93,"featured_media":533136,"comment_status":"open","ping_status":"closed","sticky":false,"template":"","format":"standard","meta":{"post_tipo":"article","footnotes":""},"categories":[1],"tags":[],"tax_estado":[],"class_list":["post-565073","post","type-post","status-publish","format-standard","has-post-thumbnail","hentry","category-cursos-e-concursos"],"acf":[],"yoast_head":"<!-- This site is optimized with the Yoast SEO Premium plugin v27.2 (Yoast SEO v27.2) - https:\/\/yoast.com\/product\/yoast-seo-premium-wordpress\/ -->\n<title>Edital Prefeitura de Tarauac\u00e1: inscri\u00e7\u00f5es encerradas<\/title>\n<meta name=\"description\" content=\"Edital Prefeitura de Tarauac\u00e1 AC: S\u00e3o 195 vagas para diversos cargos e n\u00edveis de escolaridade e sal\u00e1rios que podem chegar a R$ 8 mil. Provas SUSPENSAS!\" \/>\n<meta name=\"robots\" content=\"index, follow, max-snippet:-1, max-image-preview:large, max-video-preview:-1\" \/>\n<link rel=\"canonical\" href=\"https:\/\/www.estrategiaconcursos.com.br\/blog\/edital-prefeitura-de-tarauaca\/\" \/>\n<meta property=\"og:locale\" content=\"pt_BR\" \/>\n<meta property=\"og:type\" content=\"article\" \/>\n<meta property=\"og:title\" content=\"Edital Prefeitura de Tarauac\u00e1: inscri\u00e7\u00f5es encerradas\" \/>\n<meta property=\"og:description\" content=\"Edital Prefeitura de Tarauac\u00e1 AC: S\u00e3o 195 vagas para diversos cargos e n\u00edveis de escolaridade e sal\u00e1rios que podem chegar a R$ 8 mil. Provas SUSPENSAS!\" \/>\n<meta property=\"og:url\" content=\"https:\/\/www.estrategiaconcursos.com.br\/blog\/edital-prefeitura-de-tarauaca\/\" \/>\n<meta property=\"og:site_name\" content=\"Estrat\u00e9gia Concursos\" \/>\n<meta property=\"article:published_time\" content=\"2020-11-04T11:00:00+00:00\" \/>\n<meta property=\"article:modified_time\" content=\"2023-06-26T18:08:10+00:00\" \/>\n<meta property=\"og:image\" content=\"https:\/\/dhg1h5j42swfq.cloudfront.net\/2020\/06\/26144532\/Prefeitura_de_Tarauac%C3%A1-AC.jpg\" \/>\n\t<meta property=\"og:image:width\" content=\"1200\" \/>\n\t<meta property=\"og:image:height\" content=\"628\" \/>\n\t<meta property=\"og:image:type\" content=\"image\/jpeg\" \/>\n<meta name=\"author\" content=\"Vinicius Silva\" \/>\n<meta name=\"twitter:card\" content=\"summary_large_image\" \/>\n<meta name=\"twitter:creator\" content=\"@EstratConcursos\" \/>\n<meta name=\"twitter:site\" content=\"@EstratConcursos\" \/>\n<meta name=\"twitter:label1\" content=\"Escrito por\" \/>\n\t<meta name=\"twitter:data1\" content=\"Vinicius Silva\" \/>\n\t<meta name=\"twitter:label2\" content=\"Est. tempo de leitura\" \/>\n\t<meta name=\"twitter:data2\" content=\"3 minutos\" \/>\n<script type=\"application\/ld+json\" class=\"yoast-schema-graph\">{\"@context\":\"https:\/\/schema.org\",\"@graph\":[{\"@type\":\"NewsArticle\",\"@id\":\"https:\/\/www.estrategiaconcursos.com.br\/blog\/edital-prefeitura-de-tarauaca\/#article\",\"isPartOf\":{\"@id\":\"https:\/\/www.estrategiaconcursos.com.br\/blog\/edital-prefeitura-de-tarauaca\/\"},\"author\":{\"name\":\"Vinicius Silva\",\"@id\":\"https:\/\/www.estrategiaconcursos.com.br\/blog\/#\/schema\/person\/20030622a981f9a942ad6b3561fe4ca4\"},\"headline\":\"Edital Prefeitura de Tarauac\u00e1: inscri\u00e7\u00f5es encerradas\",\"datePublished\":\"2020-11-04T11:00:00+00:00\",\"dateModified\":\"2023-06-26T18:08:10+00:00\",\"mainEntityOfPage\":{\"@id\":\"https:\/\/www.estrategiaconcursos.com.br\/blog\/edital-prefeitura-de-tarauaca\/\"},\"wordCount\":696,\"commentCount\":0,\"publisher\":{\"@id\":\"https:\/\/www.estrategiaconcursos.com.br\/blog\/#organization\"},\"image\":{\"@id\":\"https:\/\/www.estrategiaconcursos.com.br\/blog\/edital-prefeitura-de-tarauaca\/#primaryimage\"},\"thumbnailUrl\":\"https:\/\/dhg1h5j42swfq.cloudfront.net\/2020\/06\/26144532\/Prefeitura_de_Tarauac%C3%A1-AC.jpg\",\"articleSection\":[\"Concursos P\u00fablicos\"],\"inLanguage\":\"pt-BR\",\"potentialAction\":[{\"@type\":\"CommentAction\",\"name\":\"Comment\",\"target\":[\"https:\/\/www.estrategiaconcursos.com.br\/blog\/edital-prefeitura-de-tarauaca\/#respond\"]}],\"copyrightYear\":\"2020\",\"copyrightHolder\":{\"@id\":\"https:\/\/www.estrategiaconcursos.com.br\/blog\/#organization\"}},{\"@type\":\"WebPage\",\"@id\":\"https:\/\/www.estrategiaconcursos.com.br\/blog\/edital-prefeitura-de-tarauaca\/\",\"url\":\"https:\/\/www.estrategiaconcursos.com.br\/blog\/edital-prefeitura-de-tarauaca\/\",\"name\":\"Edital Prefeitura de Tarauac\u00e1: inscri\u00e7\u00f5es encerradas\",\"isPartOf\":{\"@id\":\"https:\/\/www.estrategiaconcursos.com.br\/blog\/#website\"},\"primaryImageOfPage\":{\"@id\":\"https:\/\/www.estrategiaconcursos.com.br\/blog\/edital-prefeitura-de-tarauaca\/#primaryimage\"},\"image\":{\"@id\":\"https:\/\/www.estrategiaconcursos.com.br\/blog\/edital-prefeitura-de-tarauaca\/#primaryimage\"},\"thumbnailUrl\":\"https:\/\/dhg1h5j42swfq.cloudfront.net\/2020\/06\/26144532\/Prefeitura_de_Tarauac%C3%A1-AC.jpg\",\"datePublished\":\"2020-11-04T11:00:00+00:00\",\"dateModified\":\"2023-06-26T18:08:10+00:00\",\"description\":\"Edital Prefeitura de Tarauac\u00e1 AC: S\u00e3o 195 vagas para diversos cargos e n\u00edveis de escolaridade e sal\u00e1rios que podem chegar a R$ 8 mil. Provas SUSPENSAS!\",\"breadcrumb\":{\"@id\":\"https:\/\/www.estrategiaconcursos.com.br\/blog\/edital-prefeitura-de-tarauaca\/#breadcrumb\"},\"inLanguage\":\"pt-BR\",\"potentialAction\":[{\"@type\":\"ReadAction\",\"target\":[\"https:\/\/www.estrategiaconcursos.com.br\/blog\/edital-prefeitura-de-tarauaca\/\"]}]},{\"@type\":\"ImageObject\",\"inLanguage\":\"pt-BR\",\"@id\":\"https:\/\/www.estrategiaconcursos.com.br\/blog\/edital-prefeitura-de-tarauaca\/#primaryimage\",\"url\":\"https:\/\/dhg1h5j42swfq.cloudfront.net\/2020\/06\/26144532\/Prefeitura_de_Tarauac%C3%A1-AC.jpg\",\"contentUrl\":\"https:\/\/dhg1h5j42swfq.cloudfront.net\/2020\/06\/26144532\/Prefeitura_de_Tarauac%C3%A1-AC.jpg\",\"width\":1200,\"height\":628,\"caption\":\"Tarauac\u00e1\"},{\"@type\":\"BreadcrumbList\",\"@id\":\"https:\/\/www.estrategiaconcursos.com.br\/blog\/edital-prefeitura-de-tarauaca\/#breadcrumb\",\"itemListElement\":[{\"@type\":\"ListItem\",\"position\":1,\"name\":\"In\u00edcio\",\"item\":\"https:\/\/www.estrategiaconcursos.com.br\/blog\/\"},{\"@type\":\"ListItem\",\"position\":2,\"name\":\"Edital Prefeitura de Tarauac\u00e1: inscri\u00e7\u00f5es encerradas\"}]},{\"@type\":\"WebSite\",\"@id\":\"https:\/\/www.estrategiaconcursos.com.br\/blog\/#website\",\"url\":\"https:\/\/www.estrategiaconcursos.com.br\/blog\/\",\"name\":\"Estrat\u00e9gia Concursos\",\"description\":\"O blog da Estrat\u00e9gia Concursos traz not\u00edcias sobre concursos e artigos de professores oferecendo cursos para concursos (pdf + videaulas) no site.\",\"publisher\":{\"@id\":\"https:\/\/www.estrategiaconcursos.com.br\/blog\/#organization\"},\"potentialAction\":[{\"@type\":\"SearchAction\",\"target\":{\"@type\":\"EntryPoint\",\"urlTemplate\":\"https:\/\/www.estrategiaconcursos.com.br\/blog\/?s={search_term_string}\"},\"query-input\":{\"@type\":\"PropertyValueSpecification\",\"valueRequired\":true,\"valueName\":\"search_term_string\"}}],\"inLanguage\":\"pt-BR\"},{\"@type\":\"Organization\",\"@id\":\"https:\/\/www.estrategiaconcursos.com.br\/blog\/#organization\",\"name\":\"Estrat\u00e9gia Concursos\",\"url\":\"https:\/\/www.estrategiaconcursos.com.br\/blog\/\",\"logo\":{\"@type\":\"ImageObject\",\"inLanguage\":\"pt-BR\",\"@id\":\"https:\/\/www.estrategiaconcursos.com.br\/blog\/#\/schema\/logo\/image\/\",\"url\":\"https:\/\/dhg1h5j42swfq.cloudfront.net\/2025\/06\/03203428\/logo_concursos-1.jpg\",\"contentUrl\":\"https:\/\/dhg1h5j42swfq.cloudfront.net\/2025\/06\/03203428\/logo_concursos-1.jpg\",\"width\":230,\"height\":60,\"caption\":\"Estrat\u00e9gia Concursos\"},\"image\":{\"@id\":\"https:\/\/www.estrategiaconcursos.com.br\/blog\/#\/schema\/logo\/image\/\"},\"sameAs\":[\"https:\/\/x.com\/EstratConcursos\"]},{\"@type\":\"Person\",\"@id\":\"https:\/\/www.estrategiaconcursos.com.br\/blog\/#\/schema\/person\/20030622a981f9a942ad6b3561fe4ca4\",\"name\":\"Vinicius Silva\",\"image\":{\"@type\":\"ImageObject\",\"inLanguage\":\"pt-BR\",\"@id\":\"https:\/\/secure.gravatar.com\/avatar\/604d9670a4c7eea71feaa4381f3ae97e148292ac402671c5944aa67a3d127663?s=96&d=mm&r=g\",\"url\":\"https:\/\/secure.gravatar.com\/avatar\/604d9670a4c7eea71feaa4381f3ae97e148292ac402671c5944aa67a3d127663?s=96&d=mm&r=g\",\"contentUrl\":\"https:\/\/secure.gravatar.com\/avatar\/604d9670a4c7eea71feaa4381f3ae97e148292ac402671c5944aa67a3d127663?s=96&d=mm&r=g\",\"caption\":\"Vinicius Silva\"},\"url\":\"https:\/\/www.estrategiaconcursos.com.br\/blog\/author\/viniciussilvaestrategiaconcursos-com-br\/\"}]}<\/script>\n<!-- \/ Yoast SEO Premium plugin. -->","yoast_head_json":{"title":"Edital Prefeitura de Tarauac\u00e1: inscri\u00e7\u00f5es encerradas","description":"Edital Prefeitura de Tarauac\u00e1 AC: S\u00e3o 195 vagas para diversos cargos e n\u00edveis de escolaridade e sal\u00e1rios que podem chegar a R$ 8 mil. Provas SUSPENSAS!","robots":{"index":"index","follow":"follow","max-snippet":"max-snippet:-1","max-image-preview":"max-image-preview:large","max-video-preview":"max-video-preview:-1"},"canonical":"https:\/\/www.estrategiaconcursos.com.br\/blog\/edital-prefeitura-de-tarauaca\/","og_locale":"pt_BR","og_type":"article","og_title":"Edital Prefeitura de Tarauac\u00e1: inscri\u00e7\u00f5es encerradas","og_description":"Edital Prefeitura de Tarauac\u00e1 AC: S\u00e3o 195 vagas para diversos cargos e n\u00edveis de escolaridade e sal\u00e1rios que podem chegar a R$ 8 mil. Provas SUSPENSAS!","og_url":"https:\/\/www.estrategiaconcursos.com.br\/blog\/edital-prefeitura-de-tarauaca\/","og_site_name":"Estrat\u00e9gia Concursos","article_published_time":"2020-11-04T11:00:00+00:00","article_modified_time":"2023-06-26T18:08:10+00:00","og_image":[{"width":1200,"height":628,"url":"https:\/\/dhg1h5j42swfq.cloudfront.net\/2020\/06\/26144532\/Prefeitura_de_Tarauac%C3%A1-AC.jpg","type":"image\/jpeg"}],"author":"Vinicius Silva","twitter_card":"summary_large_image","twitter_creator":"@EstratConcursos","twitter_site":"@EstratConcursos","twitter_misc":{"Escrito por":"Vinicius Silva","Est. tempo de leitura":"3 minutos"},"schema":{"@context":"https:\/\/schema.org","@graph":[{"@type":"NewsArticle","@id":"https:\/\/www.estrategiaconcursos.com.br\/blog\/edital-prefeitura-de-tarauaca\/#article","isPartOf":{"@id":"https:\/\/www.estrategiaconcursos.com.br\/blog\/edital-prefeitura-de-tarauaca\/"},"author":{"name":"Vinicius Silva","@id":"https:\/\/www.estrategiaconcursos.com.br\/blog\/#\/schema\/person\/20030622a981f9a942ad6b3561fe4ca4"},"headline":"Edital Prefeitura de Tarauac\u00e1: inscri\u00e7\u00f5es encerradas","datePublished":"2020-11-04T11:00:00+00:00","dateModified":"2023-06-26T18:08:10+00:00","mainEntityOfPage":{"@id":"https:\/\/www.estrategiaconcursos.com.br\/blog\/edital-prefeitura-de-tarauaca\/"},"wordCount":696,"commentCount":0,"publisher":{"@id":"https:\/\/www.estrategiaconcursos.com.br\/blog\/#organization"},"image":{"@id":"https:\/\/www.estrategiaconcursos.com.br\/blog\/edital-prefeitura-de-tarauaca\/#primaryimage"},"thumbnailUrl":"https:\/\/dhg1h5j42swfq.cloudfront.net\/2020\/06\/26144532\/Prefeitura_de_Tarauac%C3%A1-AC.jpg","articleSection":["Concursos P\u00fablicos"],"inLanguage":"pt-BR","potentialAction":[{"@type":"CommentAction","name":"Comment","target":["https:\/\/www.estrategiaconcursos.com.br\/blog\/edital-prefeitura-de-tarauaca\/#respond"]}],"copyrightYear":"2020","copyrightHolder":{"@id":"https:\/\/www.estrategiaconcursos.com.br\/blog\/#organization"}},{"@type":"WebPage","@id":"https:\/\/www.estrategiaconcursos.com.br\/blog\/edital-prefeitura-de-tarauaca\/","url":"https:\/\/www.estrategiaconcursos.com.br\/blog\/edital-prefeitura-de-tarauaca\/","name":"Edital Prefeitura de Tarauac\u00e1: inscri\u00e7\u00f5es encerradas","isPartOf":{"@id":"https:\/\/www.estrategiaconcursos.com.br\/blog\/#website"},"primaryImageOfPage":{"@id":"https:\/\/www.estrategiaconcursos.com.br\/blog\/edital-prefeitura-de-tarauaca\/#primaryimage"},"image":{"@id":"https:\/\/www.estrategiaconcursos.com.br\/blog\/edital-prefeitura-de-tarauaca\/#primaryimage"},"thumbnailUrl":"https:\/\/dhg1h5j42swfq.cloudfront.net\/2020\/06\/26144532\/Prefeitura_de_Tarauac%C3%A1-AC.jpg","datePublished":"2020-11-04T11:00:00+00:00","dateModified":"2023-06-26T18:08:10+00:00","description":"Edital Prefeitura de Tarauac\u00e1 AC: S\u00e3o 195 vagas para diversos cargos e n\u00edveis de escolaridade e sal\u00e1rios que podem chegar a R$ 8 mil. Provas SUSPENSAS!","breadcrumb":{"@id":"https:\/\/www.estrategiaconcursos.com.br\/blog\/edital-prefeitura-de-tarauaca\/#breadcrumb"},"inLanguage":"pt-BR","potentialAction":[{"@type":"ReadAction","target":["https:\/\/www.estrategiaconcursos.com.br\/blog\/edital-prefeitura-de-tarauaca\/"]}]},{"@type":"ImageObject","inLanguage":"pt-BR","@id":"https:\/\/www.estrategiaconcursos.com.br\/blog\/edital-prefeitura-de-tarauaca\/#primaryimage","url":"https:\/\/dhg1h5j42swfq.cloudfront.net\/2020\/06\/26144532\/Prefeitura_de_Tarauac%C3%A1-AC.jpg","contentUrl":"https:\/\/dhg1h5j42swfq.cloudfront.net\/2020\/06\/26144532\/Prefeitura_de_Tarauac%C3%A1-AC.jpg","width":1200,"height":628,"caption":"Tarauac\u00e1"},{"@type":"BreadcrumbList","@id":"https:\/\/www.estrategiaconcursos.com.br\/blog\/edital-prefeitura-de-tarauaca\/#breadcrumb","itemListElement":[{"@type":"ListItem","position":1,"name":"In\u00edcio","item":"https:\/\/www.estrategiaconcursos.com.br\/blog\/"},{"@type":"ListItem","position":2,"name":"Edital Prefeitura de Tarauac\u00e1: inscri\u00e7\u00f5es encerradas"}]},{"@type":"WebSite","@id":"https:\/\/www.estrategiaconcursos.com.br\/blog\/#website","url":"https:\/\/www.estrategiaconcursos.com.br\/blog\/","name":"Estrat\u00e9gia Concursos","description":"O blog da Estrat\u00e9gia Concursos traz not\u00edcias sobre concursos e artigos de professores oferecendo cursos para concursos (pdf + videaulas) no site.","publisher":{"@id":"https:\/\/www.estrategiaconcursos.com.br\/blog\/#organization"},"potentialAction":[{"@type":"SearchAction","target":{"@type":"EntryPoint","urlTemplate":"https:\/\/www.estrategiaconcursos.com.br\/blog\/?s={search_term_string}"},"query-input":{"@type":"PropertyValueSpecification","valueRequired":true,"valueName":"search_term_string"}}],"inLanguage":"pt-BR"},{"@type":"Organization","@id":"https:\/\/www.estrategiaconcursos.com.br\/blog\/#organization","name":"Estrat\u00e9gia Concursos","url":"https:\/\/www.estrategiaconcursos.com.br\/blog\/","logo":{"@type":"ImageObject","inLanguage":"pt-BR","@id":"https:\/\/www.estrategiaconcursos.com.br\/blog\/#\/schema\/logo\/image\/","url":"https:\/\/dhg1h5j42swfq.cloudfront.net\/2025\/06\/03203428\/logo_concursos-1.jpg","contentUrl":"https:\/\/dhg1h5j42swfq.cloudfront.net\/2025\/06\/03203428\/logo_concursos-1.jpg","width":230,"height":60,"caption":"Estrat\u00e9gia Concursos"},"image":{"@id":"https:\/\/www.estrategiaconcursos.com.br\/blog\/#\/schema\/logo\/image\/"},"sameAs":["https:\/\/x.com\/EstratConcursos"]},{"@type":"Person","@id":"https:\/\/www.estrategiaconcursos.com.br\/blog\/#\/schema\/person\/20030622a981f9a942ad6b3561fe4ca4","name":"Vinicius Silva","image":{"@type":"ImageObject","inLanguage":"pt-BR","@id":"https:\/\/secure.gravatar.com\/avatar\/604d9670a4c7eea71feaa4381f3ae97e148292ac402671c5944aa67a3d127663?s=96&d=mm&r=g","url":"https:\/\/secure.gravatar.com\/avatar\/604d9670a4c7eea71feaa4381f3ae97e148292ac402671c5944aa67a3d127663?s=96&d=mm&r=g","contentUrl":"https:\/\/secure.gravatar.com\/avatar\/604d9670a4c7eea71feaa4381f3ae97e148292ac402671c5944aa67a3d127663?s=96&d=mm&r=g","caption":"Vinicius Silva"},"url":"https:\/\/www.estrategiaconcursos.com.br\/blog\/author\/viniciussilvaestrategiaconcursos-com-br\/"}]}},"_links":{"self":[{"href":"https:\/\/www.estrategiaconcursos.com.br\/blog\/wp-json\/wp\/v2\/posts\/565073","targetHints":{"allow":["GET"]}}],"collection":[{"href":"https:\/\/www.estrategiaconcursos.com.br\/blog\/wp-json\/wp\/v2\/posts"}],"about":[{"href":"https:\/\/www.estrategiaconcursos.com.br\/blog\/wp-json\/wp\/v2\/types\/post"}],"author":[{"embeddable":true,"href":"https:\/\/www.estrategiaconcursos.com.br\/blog\/wp-json\/wp\/v2\/users\/93"}],"replies":[{"embeddable":true,"href":"https:\/\/www.estrategiaconcursos.com.br\/blog\/wp-json\/wp\/v2\/comments?post=565073"}],"version-history":[{"count":10,"href":"https:\/\/www.estrategiaconcursos.com.br\/blog\/wp-json\/wp\/v2\/posts\/565073\/revisions"}],"predecessor-version":[{"id":1238979,"href":"https:\/\/www.estrategiaconcursos.com.br\/blog\/wp-json\/wp\/v2\/posts\/565073\/revisions\/1238979"}],"wp:featuredmedia":[{"embeddable":true,"href":"https:\/\/www.estrategiaconcursos.com.br\/blog\/wp-json\/wp\/v2\/media\/533136"}],"wp:attachment":[{"href":"https:\/\/www.estrategiaconcursos.com.br\/blog\/wp-json\/wp\/v2\/media?parent=565073"}],"wp:term":[{"taxonomy":"category","embeddable":true,"href":"https:\/\/www.estrategiaconcursos.com.br\/blog\/wp-json\/wp\/v2\/categories?post=565073"},{"taxonomy":"post_tag","embeddable":true,"href":"https:\/\/www.estrategiaconcursos.com.br\/blog\/wp-json\/wp\/v2\/tags?post=565073"},{"taxonomy":"tax_estado","embeddable":true,"href":"https:\/\/www.estrategiaconcursos.com.br\/blog\/wp-json\/wp\/v2\/tax_estado?post=565073"}],"curies":[{"name":"wp","href":"https:\/\/api.w.org\/{rel}","templated":true}]}}