{"id":564998,"date":"2020-09-01T08:50:37","date_gmt":"2020-09-01T11:50:37","guid":{"rendered":"https:\/\/www.estrategiaconcursos.com.br\/blog\/?p=564998"},"modified":"2023-08-23T10:26:21","modified_gmt":"2023-08-23T13:26:21","slug":"dpdf-defensor-prazo-de-validade-suspenso","status":"publish","type":"post","link":"https:\/\/www.estrategiaconcursos.com.br\/blog\/dpdf-defensor-prazo-de-validade-suspenso\/","title":{"rendered":"DPDF Defensor: prazo de validade suspenso at\u00e9 2021"},"content":{"rendered":"\n<h2 class=\"wp-block-heading\"><em><strong>Concurso DPDF Defensor ofertou 12 vagas em 2019, com remunera\u00e7\u00e3o inicial de <\/strong><strong>R$ 22.589,59<\/strong><\/em><\/h2>\n\n\n\n<p>A Defensoria P\u00fablica do Distrito Federal (DPDF Defensor) <em><strong>suspendeu at\u00e9 31 de dezembro de 2021, o prazo de validade do concurso p\u00fablico para o cargo de Defensor P\u00fablico de Classe Inicial. <\/strong><\/em><\/p>\n\n\n\n<p>De acordo com o documento, a decis\u00e3o foi tomada por causa da pandemia de Covid-19 que afeta o Brasil. Al\u00e9m disso, a<strong> validade <\/strong>do certame volta a vigorar em <strong>4 de janeiro de 2022<\/strong>.<\/p>\n\n\n\n<p>A suspens\u00e3o n\u00e3o vai impedir a nomea\u00e7\u00e3o de aprovados para reposi\u00e7\u00f5es decorrentes de vac\u00e2ncias de cargos p\u00fablicos efetivos. Lembrando que se houver nomea\u00e7\u00f5es no per\u00edodo de suspens\u00e3o, n\u00e3o impedir\u00e1 a prorroga\u00e7\u00e3o do prazo de validade do certame.<\/p>\n\n\n\n<p>O certame ofertou&nbsp;aos candidatos <strong>12 vagas imediatas<\/strong>&nbsp;para a classe inicial do cargo de&nbsp;<strong><a href=\"http:\/\/www.defensoria.df.gov.br\/\">Defensor P\u00fablico<\/a><\/strong>, com remunera\u00e7\u00e3o inicial de <strong>R$ 22.589,59.&nbsp;<\/strong><\/p>\n\n\n\n<p>Os candidatos tiveram que comprovar para o ingresso na carreira de Defensor P\u00fablico do Distrito Federal, diploma de bacharel em Direito, inscri\u00e7\u00e3o regular na Ordem dos Advogados do Brasil (OAB) e&nbsp;<strong><em>dois anos<\/em><\/strong> de pr\u00e1tica forense.<\/p>\n\n\n\n<p><em><strong>Quer saber mais sobre o concurso Defensor DF? Clique no link abaixo e fique por dentro de tudo!<\/strong><\/em><\/p>\n\n\n\n<p class=\"has-text-align-center has-very-light-gray-background-color has-background\"><a rel=\"noreferrer noopener\" href=\"https:\/\/www.estrategiaconcursos.com.br\/blog\/concurso-defensor-df\/\" target=\"_blank\"><strong>DEFENSOR DF<\/strong><\/a><\/p>\n\n\n\n<p class=\"has-text-align-center\"><strong>Confira abaixo os cursos para concurso Defensor DF<\/strong>:<\/p>\n\n\n\n<p class=\"has-text-align-center has-luminous-vivid-amber-background-color has-background\"><em><u><strong><a href=\"https:\/\/www.estrategiaconcursos.com.br\/cursosPorConcurso\/defensoria-publica-df\/\">CURSO Defensor DF<\/a><\/strong><\/u><\/em><\/p>\n\n\n\n<h2 class=\"wp-block-heading has-text-align-center\">Assinatura Jur\u00eddica<\/h2>\n\n\n\n<p class=\"has-text-align-center\">Estude com a maior assinatura jur\u00eddica! Cursos on\u2011line complet\u00edssimos em PDFs e videoaulas, com conte\u00fado te\u00f3rico did\u00e1tico, legisla\u00e7\u00e3o e jurisprud\u00eancia analisados, resolu\u00e7\u00e3o de in\u00fameras quest\u00f5es e resumos ao final de cada aula.<\/p>\n\n\n\n<p class=\"has-text-align-center has-vivid-green-cyan-background-color has-background\"><strong>ACESSE: <a href=\"https:\/\/www.estrategiaconcursos.com.br\/assinaturas-ecj\/\" target=\"_blank\" rel=\"noreferrer noopener\">Assinatura Jur\u00eddica<\/a><\/strong><\/p>\n\n\n\n<p class=\"has-text-align-center\"><em><strong>Fique por dentro de todos os concursos<\/strong><\/em>:<\/p>\n\n\n\n<p class=\"has-text-align-center\">Quer ficar em dia com as principais novidades no mundo dos concursos p\u00fablicos? Confira os principais concursos com inscri\u00e7\u00f5es abertas, al\u00e9m de editais previstos para o 2\u00ba semestre de 2020 e in\u00edcio de 2021:<\/p>\n\n\n\n<p class=\"has-text-align-center has-pale-cyan-blue-background-color has-background\"><strong><a href=\"https:\/\/www.estrategiaconcursos.com.br\/blog\/concursos-abertos\/\" target=\"_blank\" rel=\"noreferrer noopener\">Concursos abertos<\/a><\/strong><\/p>\n\n\n\n<p class=\"has-text-align-center has-pale-cyan-blue-background-color has-background\"><strong><a href=\"https:\/\/www.estrategiaconcursos.com.br\/blog\/concursos-2021\/\" target=\"_blank\" rel=\"noreferrer noopener\">Concursos 2021<\/a><\/strong><\/p>\n\n\n\n<p class=\"has-text-align-center has-pale-cyan-blue-background-color has-background\"><strong><a rel=\"noreferrer noopener\" href=\"https:\/\/www.estrategiaconcursos.com.br\/blog\/concursos-de-direito\/\" target=\"_blank\">Concursos de Direito<\/a><\/strong><\/p>\n\n\n\n<figure class=\"wp-block-image\"><img loading=\"lazy\" decoding=\"async\" width=\"300\" height=\"102\" src=\"https:\/\/dhg1h5j42swfq.cloudfront.net\/2017\/03\/28152500\/coruja-ficha-tecnica-300x102.png\" alt=\"Ficha t\u00e9cnica concurso DPDF Defensor\" class=\"wp-image-68542\"\/><\/figure>\n\n\n\n<h4 class=\"wp-block-heading\" id=\"ficha\"><strong>Informa\u00e7\u00f5es sobre o concurso Defensor DF<\/strong><\/h4>\n\n\n\n<p>\u25ba<strong>Data da&nbsp;prova<\/strong>: 7 de julho<br \/>\u25ba<strong>Vagas<\/strong>: 12<br \/>\u25ba<strong>Cargos<\/strong>: Defensor P\u00fablico<br \/>\u25ba<strong>Lota\u00e7\u00f5es<\/strong>: Distrito Federal<br \/>\u25ba<strong>Banca<\/strong>: Cespe\/Cebraspe<br \/>\u25ba<strong>Escolaridade<\/strong>: Superior em Direito + OAB + 2 anos de pr\u00e1tica forense<\/p>\n\n\n\n<p>\u25ba<strong><a href=\"https:\/\/dhg1h5j42swfq.cloudfront.net\/2019\/06\/18085423\/Edital-DPDF-Defensor-2019.pdf.pdf\" target=\"_blank\" rel=\"noreferrer noopener\">Edital<\/a><\/strong><strong><a href=\"https:\/\/dhg1h5j42swfq.cloudfront.net\/2019\/06\/18085423\/Edital-DPDF-Defensor-2019.pdf.pdf\" target=\"_blank\" rel=\"noreferrer noopener\">Defensor DF<\/a><\/strong><\/p>\n","protected":false},"excerpt":{"rendered":"<p>Concurso DPDF Defensor ofertou 12 vagas em 2019, com remunera\u00e7\u00e3o inicial de R$ 22.589,59 A Defensoria P\u00fablica do Distrito Federal (DPDF Defensor) suspendeu at\u00e9 31 de dezembro de 2021, o prazo de validade do concurso p\u00fablico para o cargo de Defensor P\u00fablico de Classe Inicial. De acordo com o documento, a decis\u00e3o foi tomada por [&hellip;]<\/p>\n","protected":false},"author":180,"featured_media":128048,"comment_status":"open","ping_status":"closed","sticky":false,"template":"","format":"standard","meta":{"post_tipo":"article","footnotes":""},"categories":[1],"tags":[],"tax_estado":[],"class_list":["post-564998","post","type-post","status-publish","format-standard","has-post-thumbnail","hentry","category-cursos-e-concursos"],"acf":[],"yoast_head":"<!-- This site is optimized with the Yoast SEO Premium plugin v27.2 (Yoast SEO v27.2) - https:\/\/yoast.com\/product\/yoast-seo-premium-wordpress\/ -->\n<title>DPDF Defensor: prazo de validade suspenso at\u00e9 2021<\/title>\n<meta name=\"description\" content=\"DPDF Defensor: prazos de validade suspensos at\u00e9 31 de dezembro de 2021, por causa da pandemia de Covid-19. Saiba mais neste artigo!\" \/>\n<meta name=\"robots\" content=\"index, follow, max-snippet:-1, max-image-preview:large, max-video-preview:-1\" \/>\n<link rel=\"canonical\" href=\"https:\/\/www.estrategiaconcursos.com.br\/blog\/dpdf-defensor-prazo-de-validade-suspenso\/\" \/>\n<meta property=\"og:locale\" content=\"pt_BR\" \/>\n<meta property=\"og:type\" content=\"article\" \/>\n<meta property=\"og:title\" content=\"DPDF Defensor: prazo de validade suspenso at\u00e9 2021\" \/>\n<meta property=\"og:description\" content=\"DPDF Defensor: prazos de validade suspensos at\u00e9 31 de dezembro de 2021, por causa da pandemia de Covid-19. Saiba mais neste artigo!\" \/>\n<meta property=\"og:url\" content=\"https:\/\/www.estrategiaconcursos.com.br\/blog\/dpdf-defensor-prazo-de-validade-suspenso\/\" \/>\n<meta property=\"og:site_name\" content=\"Estrat\u00e9gia Concursos\" \/>\n<meta property=\"article:author\" content=\"https:\/\/www.facebook.com\/ricardo.s.torques\" \/>\n<meta property=\"article:published_time\" content=\"2020-09-01T11:50:37+00:00\" \/>\n<meta property=\"article:modified_time\" content=\"2023-08-23T13:26:21+00:00\" \/>\n<meta property=\"og:image\" content=\"https:\/\/dhg1h5j42swfq.cloudfront.net\/2018\/06\/22150927\/nome-1-e1529691044977.jpg\" \/>\n\t<meta property=\"og:image:width\" content=\"400\" \/>\n\t<meta property=\"og:image:height\" content=\"209\" \/>\n\t<meta property=\"og:image:type\" content=\"image\/jpeg\" \/>\n<meta name=\"author\" content=\"Ricardo Torques\" \/>\n<meta name=\"twitter:card\" content=\"summary_large_image\" \/>\n<meta name=\"twitter:creator\" content=\"@EstratConcursos\" \/>\n<meta name=\"twitter:site\" content=\"@EstratConcursos\" \/>\n<meta name=\"twitter:label1\" content=\"Escrito por\" \/>\n\t<meta name=\"twitter:data1\" content=\"Ricardo Torques\" \/>\n\t<meta name=\"twitter:label2\" content=\"Est. tempo de leitura\" \/>\n\t<meta name=\"twitter:data2\" content=\"2 minutos\" \/>\n<script type=\"application\/ld+json\" class=\"yoast-schema-graph\">{\"@context\":\"https:\/\/schema.org\",\"@graph\":[{\"@type\":\"NewsArticle\",\"@id\":\"https:\/\/www.estrategiaconcursos.com.br\/blog\/dpdf-defensor-prazo-de-validade-suspenso\/#article\",\"isPartOf\":{\"@id\":\"https:\/\/www.estrategiaconcursos.com.br\/blog\/dpdf-defensor-prazo-de-validade-suspenso\/\"},\"author\":{\"name\":\"Ricardo Torques\",\"@id\":\"https:\/\/www.estrategiaconcursos.com.br\/blog\/#\/schema\/person\/aa39cf5ddb518e5bdce27c35788405e2\"},\"headline\":\"DPDF Defensor: prazo de validade suspenso at\u00e9 2021\",\"datePublished\":\"2020-09-01T11:50:37+00:00\",\"dateModified\":\"2023-08-23T13:26:21+00:00\",\"mainEntityOfPage\":{\"@id\":\"https:\/\/www.estrategiaconcursos.com.br\/blog\/dpdf-defensor-prazo-de-validade-suspenso\/\"},\"wordCount\":367,\"commentCount\":0,\"publisher\":{\"@id\":\"https:\/\/www.estrategiaconcursos.com.br\/blog\/#organization\"},\"image\":{\"@id\":\"https:\/\/www.estrategiaconcursos.com.br\/blog\/dpdf-defensor-prazo-de-validade-suspenso\/#primaryimage\"},\"thumbnailUrl\":\"https:\/\/dhg1h5j42swfq.cloudfront.net\/2018\/06\/22150927\/nome-1-e1529691044977.jpg\",\"articleSection\":[\"Concursos P\u00fablicos\"],\"inLanguage\":\"pt-BR\",\"potentialAction\":[{\"@type\":\"CommentAction\",\"name\":\"Comment\",\"target\":[\"https:\/\/www.estrategiaconcursos.com.br\/blog\/dpdf-defensor-prazo-de-validade-suspenso\/#respond\"]}],\"copyrightYear\":\"2020\",\"copyrightHolder\":{\"@id\":\"https:\/\/www.estrategiaconcursos.com.br\/blog\/#organization\"}},{\"@type\":\"WebPage\",\"@id\":\"https:\/\/www.estrategiaconcursos.com.br\/blog\/dpdf-defensor-prazo-de-validade-suspenso\/\",\"url\":\"https:\/\/www.estrategiaconcursos.com.br\/blog\/dpdf-defensor-prazo-de-validade-suspenso\/\",\"name\":\"DPDF Defensor: prazo de validade suspenso at\u00e9 2021\",\"isPartOf\":{\"@id\":\"https:\/\/www.estrategiaconcursos.com.br\/blog\/#website\"},\"primaryImageOfPage\":{\"@id\":\"https:\/\/www.estrategiaconcursos.com.br\/blog\/dpdf-defensor-prazo-de-validade-suspenso\/#primaryimage\"},\"image\":{\"@id\":\"https:\/\/www.estrategiaconcursos.com.br\/blog\/dpdf-defensor-prazo-de-validade-suspenso\/#primaryimage\"},\"thumbnailUrl\":\"https:\/\/dhg1h5j42swfq.cloudfront.net\/2018\/06\/22150927\/nome-1-e1529691044977.jpg\",\"datePublished\":\"2020-09-01T11:50:37+00:00\",\"dateModified\":\"2023-08-23T13:26:21+00:00\",\"description\":\"DPDF Defensor: prazos de validade suspensos at\u00e9 31 de dezembro de 2021, por causa da pandemia de Covid-19. Saiba mais neste artigo!\",\"breadcrumb\":{\"@id\":\"https:\/\/www.estrategiaconcursos.com.br\/blog\/dpdf-defensor-prazo-de-validade-suspenso\/#breadcrumb\"},\"inLanguage\":\"pt-BR\",\"potentialAction\":[{\"@type\":\"ReadAction\",\"target\":[\"https:\/\/www.estrategiaconcursos.com.br\/blog\/dpdf-defensor-prazo-de-validade-suspenso\/\"]}]},{\"@type\":\"ImageObject\",\"inLanguage\":\"pt-BR\",\"@id\":\"https:\/\/www.estrategiaconcursos.com.br\/blog\/dpdf-defensor-prazo-de-validade-suspenso\/#primaryimage\",\"url\":\"https:\/\/dhg1h5j42swfq.cloudfront.net\/2018\/06\/22150927\/nome-1-e1529691044977.jpg\",\"contentUrl\":\"https:\/\/dhg1h5j42swfq.cloudfront.net\/2018\/06\/22150927\/nome-1-e1529691044977.jpg\",\"width\":400,\"height\":209,\"caption\":\"concurso dpdf\"},{\"@type\":\"BreadcrumbList\",\"@id\":\"https:\/\/www.estrategiaconcursos.com.br\/blog\/dpdf-defensor-prazo-de-validade-suspenso\/#breadcrumb\",\"itemListElement\":[{\"@type\":\"ListItem\",\"position\":1,\"name\":\"In\u00edcio\",\"item\":\"https:\/\/www.estrategiaconcursos.com.br\/blog\/\"},{\"@type\":\"ListItem\",\"position\":2,\"name\":\"DPDF Defensor: prazo de validade suspenso at\u00e9 2021\"}]},{\"@type\":\"WebSite\",\"@id\":\"https:\/\/www.estrategiaconcursos.com.br\/blog\/#website\",\"url\":\"https:\/\/www.estrategiaconcursos.com.br\/blog\/\",\"name\":\"Estrat\u00e9gia Concursos\",\"description\":\"O blog da Estrat\u00e9gia Concursos traz not\u00edcias sobre concursos e artigos de professores oferecendo cursos para concursos (pdf + videaulas) no site.\",\"publisher\":{\"@id\":\"https:\/\/www.estrategiaconcursos.com.br\/blog\/#organization\"},\"potentialAction\":[{\"@type\":\"SearchAction\",\"target\":{\"@type\":\"EntryPoint\",\"urlTemplate\":\"https:\/\/www.estrategiaconcursos.com.br\/blog\/?s={search_term_string}\"},\"query-input\":{\"@type\":\"PropertyValueSpecification\",\"valueRequired\":true,\"valueName\":\"search_term_string\"}}],\"inLanguage\":\"pt-BR\"},{\"@type\":\"Organization\",\"@id\":\"https:\/\/www.estrategiaconcursos.com.br\/blog\/#organization\",\"name\":\"Estrat\u00e9gia Concursos\",\"url\":\"https:\/\/www.estrategiaconcursos.com.br\/blog\/\",\"logo\":{\"@type\":\"ImageObject\",\"inLanguage\":\"pt-BR\",\"@id\":\"https:\/\/www.estrategiaconcursos.com.br\/blog\/#\/schema\/logo\/image\/\",\"url\":\"https:\/\/dhg1h5j42swfq.cloudfront.net\/2025\/06\/03203428\/logo_concursos-1.jpg\",\"contentUrl\":\"https:\/\/dhg1h5j42swfq.cloudfront.net\/2025\/06\/03203428\/logo_concursos-1.jpg\",\"width\":230,\"height\":60,\"caption\":\"Estrat\u00e9gia Concursos\"},\"image\":{\"@id\":\"https:\/\/www.estrategiaconcursos.com.br\/blog\/#\/schema\/logo\/image\/\"},\"sameAs\":[\"https:\/\/x.com\/EstratConcursos\"]},{\"@type\":\"Person\",\"@id\":\"https:\/\/www.estrategiaconcursos.com.br\/blog\/#\/schema\/person\/aa39cf5ddb518e5bdce27c35788405e2\",\"name\":\"Ricardo Torques\",\"image\":{\"@type\":\"ImageObject\",\"inLanguage\":\"pt-BR\",\"@id\":\"https:\/\/secure.gravatar.com\/avatar\/ce9ac6c3cff25fe86d15ed568ebc64d1724baf5c0693133bcb1f6073f712f92a?s=96&d=mm&r=g\",\"url\":\"https:\/\/secure.gravatar.com\/avatar\/ce9ac6c3cff25fe86d15ed568ebc64d1724baf5c0693133bcb1f6073f712f92a?s=96&d=mm&r=g\",\"contentUrl\":\"https:\/\/secure.gravatar.com\/avatar\/ce9ac6c3cff25fe86d15ed568ebc64d1724baf5c0693133bcb1f6073f712f92a?s=96&d=mm&r=g\",\"caption\":\"Ricardo Torques\"},\"sameAs\":[\"https:\/\/www.facebook.com\/ricardo.s.torques\"],\"url\":\"https:\/\/www.estrategiaconcursos.com.br\/blog\/author\/ricardotorquesestrategiaconcursos-com-br\/\"}]}<\/script>\n<!-- \/ Yoast SEO Premium plugin. -->","yoast_head_json":{"title":"DPDF Defensor: prazo de validade suspenso at\u00e9 2021","description":"DPDF Defensor: prazos de validade suspensos at\u00e9 31 de dezembro de 2021, por causa da pandemia de Covid-19. Saiba mais neste artigo!","robots":{"index":"index","follow":"follow","max-snippet":"max-snippet:-1","max-image-preview":"max-image-preview:large","max-video-preview":"max-video-preview:-1"},"canonical":"https:\/\/www.estrategiaconcursos.com.br\/blog\/dpdf-defensor-prazo-de-validade-suspenso\/","og_locale":"pt_BR","og_type":"article","og_title":"DPDF Defensor: prazo de validade suspenso at\u00e9 2021","og_description":"DPDF Defensor: prazos de validade suspensos at\u00e9 31 de dezembro de 2021, por causa da pandemia de Covid-19. Saiba mais neste artigo!","og_url":"https:\/\/www.estrategiaconcursos.com.br\/blog\/dpdf-defensor-prazo-de-validade-suspenso\/","og_site_name":"Estrat\u00e9gia Concursos","article_author":"https:\/\/www.facebook.com\/ricardo.s.torques","article_published_time":"2020-09-01T11:50:37+00:00","article_modified_time":"2023-08-23T13:26:21+00:00","og_image":[{"width":400,"height":209,"url":"https:\/\/dhg1h5j42swfq.cloudfront.net\/2018\/06\/22150927\/nome-1-e1529691044977.jpg","type":"image\/jpeg"}],"author":"Ricardo Torques","twitter_card":"summary_large_image","twitter_creator":"@EstratConcursos","twitter_site":"@EstratConcursos","twitter_misc":{"Escrito por":"Ricardo Torques","Est. tempo de leitura":"2 minutos"},"schema":{"@context":"https:\/\/schema.org","@graph":[{"@type":"NewsArticle","@id":"https:\/\/www.estrategiaconcursos.com.br\/blog\/dpdf-defensor-prazo-de-validade-suspenso\/#article","isPartOf":{"@id":"https:\/\/www.estrategiaconcursos.com.br\/blog\/dpdf-defensor-prazo-de-validade-suspenso\/"},"author":{"name":"Ricardo Torques","@id":"https:\/\/www.estrategiaconcursos.com.br\/blog\/#\/schema\/person\/aa39cf5ddb518e5bdce27c35788405e2"},"headline":"DPDF Defensor: prazo de validade suspenso at\u00e9 2021","datePublished":"2020-09-01T11:50:37+00:00","dateModified":"2023-08-23T13:26:21+00:00","mainEntityOfPage":{"@id":"https:\/\/www.estrategiaconcursos.com.br\/blog\/dpdf-defensor-prazo-de-validade-suspenso\/"},"wordCount":367,"commentCount":0,"publisher":{"@id":"https:\/\/www.estrategiaconcursos.com.br\/blog\/#organization"},"image":{"@id":"https:\/\/www.estrategiaconcursos.com.br\/blog\/dpdf-defensor-prazo-de-validade-suspenso\/#primaryimage"},"thumbnailUrl":"https:\/\/dhg1h5j42swfq.cloudfront.net\/2018\/06\/22150927\/nome-1-e1529691044977.jpg","articleSection":["Concursos P\u00fablicos"],"inLanguage":"pt-BR","potentialAction":[{"@type":"CommentAction","name":"Comment","target":["https:\/\/www.estrategiaconcursos.com.br\/blog\/dpdf-defensor-prazo-de-validade-suspenso\/#respond"]}],"copyrightYear":"2020","copyrightHolder":{"@id":"https:\/\/www.estrategiaconcursos.com.br\/blog\/#organization"}},{"@type":"WebPage","@id":"https:\/\/www.estrategiaconcursos.com.br\/blog\/dpdf-defensor-prazo-de-validade-suspenso\/","url":"https:\/\/www.estrategiaconcursos.com.br\/blog\/dpdf-defensor-prazo-de-validade-suspenso\/","name":"DPDF Defensor: prazo de validade suspenso at\u00e9 2021","isPartOf":{"@id":"https:\/\/www.estrategiaconcursos.com.br\/blog\/#website"},"primaryImageOfPage":{"@id":"https:\/\/www.estrategiaconcursos.com.br\/blog\/dpdf-defensor-prazo-de-validade-suspenso\/#primaryimage"},"image":{"@id":"https:\/\/www.estrategiaconcursos.com.br\/blog\/dpdf-defensor-prazo-de-validade-suspenso\/#primaryimage"},"thumbnailUrl":"https:\/\/dhg1h5j42swfq.cloudfront.net\/2018\/06\/22150927\/nome-1-e1529691044977.jpg","datePublished":"2020-09-01T11:50:37+00:00","dateModified":"2023-08-23T13:26:21+00:00","description":"DPDF Defensor: prazos de validade suspensos at\u00e9 31 de dezembro de 2021, por causa da pandemia de Covid-19. Saiba mais neste artigo!","breadcrumb":{"@id":"https:\/\/www.estrategiaconcursos.com.br\/blog\/dpdf-defensor-prazo-de-validade-suspenso\/#breadcrumb"},"inLanguage":"pt-BR","potentialAction":[{"@type":"ReadAction","target":["https:\/\/www.estrategiaconcursos.com.br\/blog\/dpdf-defensor-prazo-de-validade-suspenso\/"]}]},{"@type":"ImageObject","inLanguage":"pt-BR","@id":"https:\/\/www.estrategiaconcursos.com.br\/blog\/dpdf-defensor-prazo-de-validade-suspenso\/#primaryimage","url":"https:\/\/dhg1h5j42swfq.cloudfront.net\/2018\/06\/22150927\/nome-1-e1529691044977.jpg","contentUrl":"https:\/\/dhg1h5j42swfq.cloudfront.net\/2018\/06\/22150927\/nome-1-e1529691044977.jpg","width":400,"height":209,"caption":"concurso dpdf"},{"@type":"BreadcrumbList","@id":"https:\/\/www.estrategiaconcursos.com.br\/blog\/dpdf-defensor-prazo-de-validade-suspenso\/#breadcrumb","itemListElement":[{"@type":"ListItem","position":1,"name":"In\u00edcio","item":"https:\/\/www.estrategiaconcursos.com.br\/blog\/"},{"@type":"ListItem","position":2,"name":"DPDF Defensor: prazo de validade suspenso at\u00e9 2021"}]},{"@type":"WebSite","@id":"https:\/\/www.estrategiaconcursos.com.br\/blog\/#website","url":"https:\/\/www.estrategiaconcursos.com.br\/blog\/","name":"Estrat\u00e9gia Concursos","description":"O blog da Estrat\u00e9gia Concursos traz not\u00edcias sobre concursos e artigos de professores oferecendo cursos para concursos (pdf + videaulas) no site.","publisher":{"@id":"https:\/\/www.estrategiaconcursos.com.br\/blog\/#organization"},"potentialAction":[{"@type":"SearchAction","target":{"@type":"EntryPoint","urlTemplate":"https:\/\/www.estrategiaconcursos.com.br\/blog\/?s={search_term_string}"},"query-input":{"@type":"PropertyValueSpecification","valueRequired":true,"valueName":"search_term_string"}}],"inLanguage":"pt-BR"},{"@type":"Organization","@id":"https:\/\/www.estrategiaconcursos.com.br\/blog\/#organization","name":"Estrat\u00e9gia Concursos","url":"https:\/\/www.estrategiaconcursos.com.br\/blog\/","logo":{"@type":"ImageObject","inLanguage":"pt-BR","@id":"https:\/\/www.estrategiaconcursos.com.br\/blog\/#\/schema\/logo\/image\/","url":"https:\/\/dhg1h5j42swfq.cloudfront.net\/2025\/06\/03203428\/logo_concursos-1.jpg","contentUrl":"https:\/\/dhg1h5j42swfq.cloudfront.net\/2025\/06\/03203428\/logo_concursos-1.jpg","width":230,"height":60,"caption":"Estrat\u00e9gia Concursos"},"image":{"@id":"https:\/\/www.estrategiaconcursos.com.br\/blog\/#\/schema\/logo\/image\/"},"sameAs":["https:\/\/x.com\/EstratConcursos"]},{"@type":"Person","@id":"https:\/\/www.estrategiaconcursos.com.br\/blog\/#\/schema\/person\/aa39cf5ddb518e5bdce27c35788405e2","name":"Ricardo Torques","image":{"@type":"ImageObject","inLanguage":"pt-BR","@id":"https:\/\/secure.gravatar.com\/avatar\/ce9ac6c3cff25fe86d15ed568ebc64d1724baf5c0693133bcb1f6073f712f92a?s=96&d=mm&r=g","url":"https:\/\/secure.gravatar.com\/avatar\/ce9ac6c3cff25fe86d15ed568ebc64d1724baf5c0693133bcb1f6073f712f92a?s=96&d=mm&r=g","contentUrl":"https:\/\/secure.gravatar.com\/avatar\/ce9ac6c3cff25fe86d15ed568ebc64d1724baf5c0693133bcb1f6073f712f92a?s=96&d=mm&r=g","caption":"Ricardo Torques"},"sameAs":["https:\/\/www.facebook.com\/ricardo.s.torques"],"url":"https:\/\/www.estrategiaconcursos.com.br\/blog\/author\/ricardotorquesestrategiaconcursos-com-br\/"}]}},"_links":{"self":[{"href":"https:\/\/www.estrategiaconcursos.com.br\/blog\/wp-json\/wp\/v2\/posts\/564998","targetHints":{"allow":["GET"]}}],"collection":[{"href":"https:\/\/www.estrategiaconcursos.com.br\/blog\/wp-json\/wp\/v2\/posts"}],"about":[{"href":"https:\/\/www.estrategiaconcursos.com.br\/blog\/wp-json\/wp\/v2\/types\/post"}],"author":[{"embeddable":true,"href":"https:\/\/www.estrategiaconcursos.com.br\/blog\/wp-json\/wp\/v2\/users\/180"}],"replies":[{"embeddable":true,"href":"https:\/\/www.estrategiaconcursos.com.br\/blog\/wp-json\/wp\/v2\/comments?post=564998"}],"version-history":[{"count":6,"href":"https:\/\/www.estrategiaconcursos.com.br\/blog\/wp-json\/wp\/v2\/posts\/564998\/revisions"}],"predecessor-version":[{"id":1267897,"href":"https:\/\/www.estrategiaconcursos.com.br\/blog\/wp-json\/wp\/v2\/posts\/564998\/revisions\/1267897"}],"wp:featuredmedia":[{"embeddable":true,"href":"https:\/\/www.estrategiaconcursos.com.br\/blog\/wp-json\/wp\/v2\/media\/128048"}],"wp:attachment":[{"href":"https:\/\/www.estrategiaconcursos.com.br\/blog\/wp-json\/wp\/v2\/media?parent=564998"}],"wp:term":[{"taxonomy":"category","embeddable":true,"href":"https:\/\/www.estrategiaconcursos.com.br\/blog\/wp-json\/wp\/v2\/categories?post=564998"},{"taxonomy":"post_tag","embeddable":true,"href":"https:\/\/www.estrategiaconcursos.com.br\/blog\/wp-json\/wp\/v2\/tags?post=564998"},{"taxonomy":"tax_estado","embeddable":true,"href":"https:\/\/www.estrategiaconcursos.com.br\/blog\/wp-json\/wp\/v2\/tax_estado?post=564998"}],"curies":[{"name":"wp","href":"https:\/\/api.w.org\/{rel}","templated":true}]}}