{"id":56478,"date":"2026-04-10T16:01:00","date_gmt":"2026-04-10T19:01:00","guid":{"rendered":"https:\/\/www.estrategiaconcursos.com.br\/blog\/?p=56478"},"modified":"2026-04-10T19:24:37","modified_gmt":"2026-04-10T22:24:37","slug":"concurso-policia-penal-rs","status":"publish","type":"post","link":"https:\/\/www.estrategiaconcursos.com.br\/blog\/concurso-policia-penal-rs\/","title":{"rendered":"Concurso Pol\u00edcia Penal RS: 205 vagas + CR. Edital iminente!"},"content":{"rendered":"\n<p><strong><em>Pr\u00f3ximo concurso Pol\u00edcia Penal RS ter\u00e1 oportunidades de n\u00edveis m\u00e9dio e superior. Fundatec \u00e9 a banca organizadora!<\/em><\/strong><\/p>\n\n\n\n<p>\u00c9 iminente a realiza\u00e7\u00e3o do <strong>concurso Pol\u00edcia Penal RS<\/strong>! Isso porque a Fundatec assinou o contrato e se oficializou como banca organizadora.<\/p>\n\n\n\n<p>Inclusive, o <a href=\"https:\/\/www.estrategiaconcursos.com.br\/blog\/concurso-policia-penal-rs-termo-de-referencia\/\" target=\"_blank\" rel=\"noreferrer noopener\">termo de refer\u00eancia<\/a> com detalhes acerca do pr\u00f3ximo edital foi publicado no Portal Nacional de Contrata\u00e7\u00f5es P\u00fablicas (PNCP).<\/p>\n\n\n\n<p>Segundo o documento, ser\u00e3o ofertadas 205 vagas imediatas e cadastro de reserva para os cargos de Policial Penal, Analista e T\u00e9cnico Administrativo, de n\u00edveis m\u00e9dio e superior. Os sal\u00e1rios variam de <strong>R$ 5.159,25 a<\/strong> <strong>R$ 9.745,26<\/strong>.<\/p>\n\n\n\n<p>Conforme informa\u00e7\u00f5es do secret\u00e1rio dos Sistemas Penal e Socioeducativo do Rio Grande do Sul, Jorge Pozzobom, o <strong><a href=\"https:\/\/www.estrategiaconcursos.com.br\/blog\/concurso-policia-penal-rs-edital-marco\/\" target=\"_blank\" rel=\"noreferrer noopener\">edital est\u00e1 pronto<\/a><\/strong>.<\/p>\n\n\n\n<ul style=\"background-color:#d4d7d9\" class=\"wp-block-list has-background\">\n<li><strong>Concurso Pol\u00edcia Penal RS<\/strong><\/li>\n\n\n\n<li><strong>Situa\u00e7\u00e3o<\/strong>: banca contratada (FUNDATEC)<\/li>\n\n\n\n<li><strong style=\"background-color: initial; color: initial;\">Vagas<\/strong><span style=\"background-color: initial; color: initial;\">: <\/span>205 + CR<\/li>\n\n\n\n<li><strong>Sal\u00e1rio<\/strong>: R$ 5.159,25 a R$ 9.745,26<\/li>\n\n\n\n<li><strong>\u00daltimo edital<\/strong>: <a href=\"https:\/\/dhg1h5j42swfq.cloudfront.net\/2022\/01\/14180715\/edital-susepe-rs.pdf\" target=\"_blank\" rel=\"noreferrer noopener nofollow\">SUSEPE 2022<\/a><\/li>\n<\/ul>\n\n\n\n<p>O \u00faltimo concurso SUSEPE RS ofertou <strong>80 vagas<\/strong> para Agente Penitenci\u00e1rio Administrativo, Agente Penitenci\u00e1rio e T\u00e9cnico Superior Penitenci\u00e1rio (diversas especialidades), com sal\u00e1rios de <strong>R$ 4,5 mil e R$ 8,5 mil<\/strong>.<\/p>\n\n\n\n<p>Se voc\u00ea j\u00e1 est\u00e1 se preparando para esse pr\u00f3ximo concurso, ao longo deste artigo voc\u00ea vai conferir as principais informa\u00e7\u00f5es, como as listadas abaixo:<\/p>\n\n\n\n<ul class=\"wp-block-list\">\n<li><a href=\"#h-concurso-susepe-situacao\">Situa\u00e7\u00e3o atual<\/a>\n<ul class=\"wp-block-list\">\n<li><a href=\"#banca\">Banca definida<\/a><\/li>\n\n\n\n<li><a href=\"#termo\">Termo de refer\u00eancia<\/a><\/li>\n\n\n\n<li><a href=\"#h-comissao-formada\">Comiss\u00e3o formada<\/a><\/li>\n\n\n\n<li><a href=\"#anunciado\">Concurso anunciado<\/a><\/li>\n<\/ul>\n<\/li>\n\n\n\n<li><a href=\"#h-concurso-susepe-rs-ultimos-editais\">\u00daltimos concursos<\/a>\n<ul class=\"wp-block-list\">\n<li><a href=\"#h-edital-2022\">Edital 2022<\/a><\/li>\n\n\n\n<li><a href=\"#ultimo-concurso-17\">Edital 2017<\/a><\/li>\n<\/ul>\n<\/li>\n\n\n\n<li><a href=\"#h-carreira\">Carreira<\/a>\n<ul class=\"wp-block-list\">\n<li><a href=\"#salario\">Sal\u00e1rio<\/a><\/li>\n\n\n\n<li><a href=\"#h-requisitos\">Requisitos<\/a><\/li>\n\n\n\n<li><a href=\"#proposta-policia-penal\">Cria\u00e7\u00e3o da Pol\u00edcia Penal<\/a><\/li>\n<\/ul>\n<\/li>\n\n\n\n<li><a href=\"#cursos-e-assinaturas\">Cursos e Assinatura<\/a><\/li>\n\n\n\n<li><a href=\"#ficha\">Ficha t\u00e9cnica<\/a><\/li>\n<\/ul>\n\n\n\n<div class=\"container\" id=\"boxes\">\n  <div class=\"row\">\n\n    <div class=\"col-sm\">\n      <div class=\"banner-policia-penal\" id=\"box-assinatura\">\n        <h3 class=\"titulo-assinatura\">Concurso Pol\u00edcia Penal RS<\/h3>\n        <p class=\"subtitulo-assinatura\">Conhe\u00e7a os cursos<\/p>\n        <div class=\"box-botao\">\n          <a class=\"btn-assinatura\" target=\"_blank\" href=\"https:\/\/www.estrategiaconcursos.com.br\/cursosPorConcurso\/superintendencia-de-servicos-penitenciarios-do-rio-grande-do-sul-susepe-rs\/\" role=\"button\" rel=\"noopener noreferrer\">Conhe\u00e7a mais<\/a>\n        <\/div>\n      <\/div><\/div><\/div><\/div>\n\n\n\n<h2 class=\"wp-block-heading has-cyan-bluish-gray-background-color has-background\" id=\"h-situacao-atual-do-concurso-policia-penal-rs\">Situa\u00e7\u00e3o atual do Concurso Pol\u00edcia Penal RS<\/h2>\n\n\n\n<h3 class=\"wp-block-heading\" id=\"h-banca-organizadora\">Banca organizadora<\/h3>\n\n\n\n<p>O novo concurso p\u00fablico para a Pol\u00edcia Penal do Rio Grande do Sul ter\u00e1 a <strong>FUNDATEC como banca organizadora<\/strong>. Inclusive, o contrato j\u00e1 foi assinado.<\/p>\n\n\n\n<figure class=\"wp-block-image aligncenter size-full\"><img loading=\"lazy\" decoding=\"async\" width=\"838\" height=\"337\" src=\"https:\/\/dhg1h5j42swfq.cloudfront.net\/2026\/03\/19094728\/assinatura-contrato-policia-penal-rs.png\" alt=\"Contrato assinado para realiza\u00e7\u00e3o do concurso Pol\u00edcia Penal RS\" class=\"wp-image-1739262\" srcset=\"https:\/\/dhg1h5j42swfq.cloudfront.net\/2026\/03\/19094728\/assinatura-contrato-policia-penal-rs.png 838w, https:\/\/dhg1h5j42swfq.cloudfront.net\/2026\/03\/19094728\/assinatura-contrato-policia-penal-rs-300x121.png 300w, https:\/\/dhg1h5j42swfq.cloudfront.net\/2026\/03\/19094728\/assinatura-contrato-policia-penal-rs-768x309.png 768w, https:\/\/dhg1h5j42swfq.cloudfront.net\/2026\/03\/19094728\/assinatura-contrato-policia-penal-rs-150x60.png 150w\" sizes=\"auto, (max-width: 838px) 100vw, 838px\" \/><figcaption class=\"wp-element-caption\">FUNDATEC \u00e9 a banca do novo concurso Pol\u00edcia Penal RS<\/figcaption><\/figure>\n\n\n\n<ul class=\"wp-block-list\">\n<li><a href=\"https:\/\/dhg1h5j42swfq.cloudfront.net\/2026\/03\/04173348\/854477.pdf\" target=\"_blank\" rel=\"noreferrer noopener nofollow\">Contrata\u00e7\u00e3o da FUNDATEC &#8211; concurso Pol\u00edcia Penal RS<\/a><\/li>\n\n\n\n<li><a href=\"https:\/\/dhg1h5j42swfq.cloudfront.net\/2026\/03\/04180139\/26054560.pdf\" target=\"_blank\" rel=\"noreferrer noopener nofollow\">Proposta da FUNDATEC &#8211; concurso Pol\u00edcia Penal RS<\/a><\/li>\n\n\n\n<li><a href=\"https:\/\/dhg1h5j42swfq.cloudfront.net\/2026\/03\/31072659\/image-200.png\" target=\"_blank\" rel=\"noreferrer noopener nofollow\">S\u00famula de contrato<\/a><\/li>\n\n\n\n<li><a href=\"https:\/\/dhg1h5j42swfq.cloudfront.net\/2026\/04\/10153030\/contrato0152026etermodereferencia-assinadoentreaspartes.pdf\" target=\"_blank\" rel=\"noreferrer noopener nofollow\">Termo de refer\u00eancia e contrato<\/a><\/li>\n<\/ul>\n\n\n\n<h3 class=\"wp-block-heading\" id=\"termo\">Termo de refer\u00eancia<\/h3>\n\n\n\n<p>O termo de refer\u00eancia e o contrato com a banca organizadora foram publicados no Portal Nacional de Contrata\u00e7\u00f5es P\u00fablicas (PNCP).<\/p>\n\n\n\n<p>Ser\u00e3o ofertadas <strong>205 vagas imediatas e cadastro de reserva<\/strong> para os cargos de <strong>Policial Penal<\/strong> e <strong>T\u00e9cnico Administrativo<\/strong>, al\u00e9m de <strong>Analista da Pol\u00edcia Penal<\/strong> nas seguintes especialidades:<\/p>\n\n\n\n<ul class=\"wp-block-list\">\n<li><strong>Administra\u00e7\u00e3o<\/strong> (Cadastro Reserva)<\/li>\n\n\n\n<li><strong>Arquitetura<\/strong> (02)<\/li>\n\n\n\n<li><strong>Ci\u00eancias Cont\u00e1beis<\/strong> (01)<\/li>\n\n\n\n<li><strong>Ci\u00eancias Sociais<\/strong> (Cadastro Reserva)<\/li>\n\n\n\n<li><strong>Ci\u00eancia da Computa\u00e7\u00e3o<\/strong> (03)<\/li>\n\n\n\n<li><strong>Direito<\/strong> (27)<\/li>\n\n\n\n<li><strong>Educa\u00e7\u00e3o F\u00edsica<\/strong> (01)<\/li>\n\n\n\n<li><strong>Enfermagem<\/strong> (Cadastro Reserva)<\/li>\n\n\n\n<li><strong>Engenharia Ambiental<\/strong> (Cadastro Reserva)<\/li>\n\n\n\n<li><strong>Engenharia Agron\u00f4mica<\/strong> (Cadastro Reserva)<\/li>\n\n\n\n<li><strong>Engenharia Civil<\/strong> (06)<\/li>\n\n\n\n<li><strong>Engenharia El\u00e9trica<\/strong> (05)<\/li>\n\n\n\n<li><strong>Estat\u00edstica<\/strong> (Cadastro Reserva)<\/li>\n\n\n\n<li><strong>Farm\u00e1cia<\/strong> (01)<\/li>\n\n\n\n<li><strong>Fisioterapia<\/strong> (Cadastro Reserva)<\/li>\n\n\n\n<li><strong>Nutri\u00e7\u00e3o<\/strong> (09)<\/li>\n\n\n\n<li><strong>Odontologia<\/strong> (Cadastro Reserva)<\/li>\n\n\n\n<li><strong>Pedagogia<\/strong> (Cadastro Reserva)<\/li>\n\n\n\n<li><strong>Psicologia<\/strong> (40)<\/li>\n\n\n\n<li><strong>Servi\u00e7o Social<\/strong> (26)<\/li>\n\n\n\n<li><strong>Sistemas de Informa\u00e7\u00e3o e Tecnologia<\/strong> (Cadastro Reserva) <\/li>\n\n\n\n<li><strong>Tecnologia em Seguran\u00e7a Prisional<\/strong> (Cadastro Reserva)<\/li>\n\n\n\n<li><strong>Terapia Ocupacional<\/strong> (Cadastro Reserva)<\/li>\n<\/ul>\n\n\n\n<p>Al\u00e9m disso, o contrato assinado entre as partes estima um total de <strong>40.000 inscritos<\/strong>. Os sal\u00e1rios iniciais variam conforme o cargo pretendido, sendo:<\/p>\n\n\n\n<ul class=\"wp-block-list\">\n<li><strong>T\u00e9cnico Administrativo da Pol\u00edcia Penal:<\/strong> R$ 5.159,25.<\/li>\n\n\n\n<li><strong>Policial Penal:<\/strong> R$ 6.305,76.<\/li>\n\n\n\n<li><strong>Analista da Pol\u00edcia Penal:<\/strong> R$ 9.745,26<\/li>\n<\/ul>\n\n\n\n<p>Os inscritos ser\u00e3o avaliados por meio das seguintes etapas:<\/p>\n\n\n\n<ul class=\"wp-block-list\">\n<li><strong>Policial Penal:<\/strong> Prova Objetiva (Eliminat\u00f3ria\/Classificat\u00f3ria) &#8211; 80 quest\u00f5es, Teste de Aptid\u00e3o F\u00edsica (Eliminat\u00f3rio), Avalia\u00e7\u00e3o Psicol\u00f3gica (Eliminat\u00f3ria) e Investiga\u00e7\u00e3o da Vida Pregressa (Eliminat\u00f3ria).<\/li>\n\n\n\n<li><strong>T\u00e9cnico e Analista:<\/strong> Prova Objetiva\/Discursiva, Avalia\u00e7\u00e3o Psicol\u00f3gica e Investiga\u00e7\u00e3o da Vida Pregressa (todas com car\u00e1ter eliminat\u00f3rio).<\/li>\n<\/ul>\n\n\n\n<h4 class=\"wp-block-heading\" id=\"h-prova-objetiva\">Prova objetiva<\/h4>\n\n\n\n<p id=\"h-policial-penal-e-tecnico-administrativo\"><strong>Policial Penal e T\u00e9cnico Administrativo<\/strong><\/p>\n\n\n\n<figure class=\"wp-block-table is-style-stripes\"><table class=\"has-fixed-layout\"><thead><tr><td class=\"has-text-align-center\" data-align=\"center\"><strong>Disciplina<\/strong><\/td><td class=\"has-text-align-center\" data-align=\"center\"><strong>Quest\u00f5es<\/strong><\/td><td class=\"has-text-align-center\" data-align=\"center\"><strong>Pontua\u00e7\u00e3o m\u00ednima<\/strong><\/td><\/tr><\/thead><tbody><tr><td class=\"has-text-align-center\" data-align=\"center\">L\u00edngua Portuguesa<\/td><td class=\"has-text-align-center\" data-align=\"center\">20<\/td><td class=\"has-text-align-center\" data-align=\"center\">10 pontos<\/td><\/tr><tr><td class=\"has-text-align-center\" data-align=\"center\">Inform\u00e1tica<\/td><td class=\"has-text-align-center\" data-align=\"center\">10<\/td><td class=\"has-text-align-center\" data-align=\"center\">4 pontos<\/td><\/tr><tr><td class=\"has-text-align-center\" data-align=\"center\">Racioc\u00ednio L\u00f3gico<\/td><td class=\"has-text-align-center\" data-align=\"center\">10<\/td><td class=\"has-text-align-center\" data-align=\"center\">2 pontos<\/td><\/tr><tr><td class=\"has-text-align-center\" data-align=\"center\">Legisla\u00e7\u00e3o Aplicada\/Direito<\/td><td class=\"has-text-align-center\" data-align=\"center\">30<\/td><td class=\"has-text-align-center\" data-align=\"center\">15 pontos<\/td><\/tr><tr><td class=\"has-text-align-center\" data-align=\"center\">Legisla\u00e7\u00e3o Pol\u00edcia Penal<\/td><td class=\"has-text-align-center\" data-align=\"center\">10<\/td><td class=\"has-text-align-center\" data-align=\"center\">4 pontos<\/td><\/tr><tr><td class=\"has-text-align-center\" data-align=\"center\"><strong>TOTAL<\/strong><\/td><td class=\"has-text-align-center\" data-align=\"center\"><strong>80<\/strong><\/td><td class=\"has-text-align-center\" data-align=\"center\"><strong>48 pontos (Total)<\/strong><\/td><\/tr><\/tbody><\/table><\/figure>\n\n\n\n<p id=\"h-analista-da-policia-penal\"><strong>Analista da Pol\u00edcia Penal<\/strong><\/p>\n\n\n\n<figure class=\"wp-block-table is-style-stripes\"><table class=\"has-fixed-layout\"><thead><tr><td class=\"has-text-align-center\" data-align=\"center\"><strong>Disciplina<\/strong><\/td><td class=\"has-text-align-center\" data-align=\"center\"><strong>Quest\u00f5es<\/strong><\/td><td class=\"has-text-align-center\" data-align=\"center\"><strong><\/strong><strong>Pontua\u00e7\u00e3o m\u00ednima<\/strong><\/td><\/tr><\/thead><tbody><tr><td class=\"has-text-align-center\" data-align=\"center\">L\u00edngua Portuguesa<\/td><td class=\"has-text-align-center\" data-align=\"center\">15<\/td><td class=\"has-text-align-center\" data-align=\"center\">7 pontos<\/td><\/tr><tr><td class=\"has-text-align-center\" data-align=\"center\">Inform\u00e1tica<\/td><td class=\"has-text-align-center\" data-align=\"center\">10<\/td><td class=\"has-text-align-center\" data-align=\"center\">4 pontos<\/td><\/tr><tr><td class=\"has-text-align-center\" data-align=\"center\">Racioc\u00ednio L\u00f3gico<\/td><td class=\"has-text-align-center\" data-align=\"center\">5<\/td><td class=\"has-text-align-center\" data-align=\"center\">1 ponto<\/td><\/tr><tr><td class=\"has-text-align-center\" data-align=\"center\">Legisla\u00e7\u00e3o Aplicada\/Direito<\/td><td class=\"has-text-align-center\" data-align=\"center\">15<\/td><td class=\"has-text-align-center\" data-align=\"center\">6 pontos<\/td><\/tr><tr><td class=\"has-text-align-center\" data-align=\"center\">Legisla\u00e7\u00e3o Pol\u00edcia Penal<\/td><td class=\"has-text-align-center\" data-align=\"center\">5<\/td><td class=\"has-text-align-center\" data-align=\"center\">2 pontos<\/td><\/tr><tr><td class=\"has-text-align-center\" data-align=\"center\">Conhecimentos Espec\u00edficos<\/td><td class=\"has-text-align-center\" data-align=\"center\">30<\/td><td class=\"has-text-align-center\" data-align=\"center\">15 pontos<\/td><\/tr><tr><td class=\"has-text-align-center\" data-align=\"center\"><strong>Total<\/strong><\/td><td class=\"has-text-align-center\" data-align=\"center\"><strong>80<\/strong><\/td><td class=\"has-text-align-center\" data-align=\"center\"><strong>48 pontos<\/strong><\/td><\/tr><\/tbody><\/table><\/figure>\n\n\n\n<h3 class=\"wp-block-heading\" id=\"h-comissao-formada\">Comiss\u00e3o formada<\/h3>\n\n\n\n<p>Foi formada a Comiss\u00e3o Permanente respons\u00e1vel pelo novo concurso da Pol\u00edcia Penal do Rio Grande do Sul. O documento consta no Di\u00e1rio Oficial do Estado.<\/p>\n\n\n\n<figure class=\"wp-block-image aligncenter size-full\"><img loading=\"lazy\" decoding=\"async\" width=\"730\" height=\"645\" src=\"https:\/\/dhg1h5j42swfq.cloudfront.net\/2026\/01\/04122554\/comissao-pp-rs-2026.png\" alt=\"Comiss\u00e3o do concurso PP RS\" class=\"wp-image-1710199\" srcset=\"https:\/\/dhg1h5j42swfq.cloudfront.net\/2026\/01\/04122554\/comissao-pp-rs-2026.png 730w, https:\/\/dhg1h5j42swfq.cloudfront.net\/2026\/01\/04122554\/comissao-pp-rs-2026-300x265.png 300w, https:\/\/dhg1h5j42swfq.cloudfront.net\/2026\/01\/04122554\/comissao-pp-rs-2026-150x133.png 150w\" sizes=\"auto, (max-width: 730px) 100vw, 730px\" \/><figcaption class=\"wp-element-caption\">Comiss\u00e3o do concurso PP RS<\/figcaption><\/figure>\n\n\n\n<p>Vale lembrar que, em janeiro de 2025, a <a href=\"https:\/\/dhg1h5j42swfq.cloudfront.net\/2025\/01\/17144718\/image-209.png\" target=\"_blank\" rel=\"noreferrer noopener nofollow\">comiss\u00e3o de estudos preliminares<\/a> foi anunciada. O grupo teve o prazo de 15 dias para concluir os trabalhos. <\/p>\n\n\n\n<h3 class=\"wp-block-heading\" id=\"anunciado\">Concurso anunciado<\/h3>\n\n\n\n<p>Por meio das redes sociais, o governador Eduardo Leite revelou que um novo concurso p\u00fablico para a Pol\u00edcia Penal do Estado do Rio Grande do Sul ser\u00e1 realizado em breve. <\/p>\n\n\n\n<p>Al\u00e9m disso, Leite tamb\u00e9m destacou que foi autorizado o processo de chamamento de cerca de mil novos policiais penais.<\/p>\n\n\n\n<blockquote class=\"instagram-media\" data-instgrm-captioned data-instgrm-permalink=\"https:\/\/www.instagram.com\/reel\/DTMDFRZjsEJ\/?utm_source=ig_embed&amp;utm_campaign=loading\" data-instgrm-version=\"14\" style=\" background:#FFF; border:0; border-radius:3px; box-shadow:0 0 1px 0 rgba(0,0,0,0.5),0 1px 10px 0 rgba(0,0,0,0.15); margin: 1px; max-width:540px; min-width:326px; padding:0; width:99.375%; width:-webkit-calc(100% - 2px); width:calc(100% - 2px);\"><div style=\"padding:16px;\"> <a href=\"https:\/\/www.instagram.com\/reel\/DTMDFRZjsEJ\/?utm_source=ig_embed&amp;utm_campaign=loading\" style=\" background:#FFFFFF; line-height:0; padding:0 0; text-align:center; text-decoration:none; width:100%;\" target=\"_blank\"> <div style=\" display: flex; flex-direction: row; align-items: center;\"> <div style=\"background-color: #F4F4F4; border-radius: 50%; flex-grow: 0; height: 40px; margin-right: 14px; width: 40px;\"><\/div> <div style=\"display: flex; flex-direction: column; flex-grow: 1; justify-content: center;\"> <div style=\" background-color: #F4F4F4; border-radius: 4px; flex-grow: 0; height: 14px; margin-bottom: 6px; width: 100px;\"><\/div> <div style=\" background-color: #F4F4F4; border-radius: 4px; flex-grow: 0; height: 14px; width: 60px;\"><\/div><\/div><\/div><div style=\"padding: 19% 0;\"><\/div> <div style=\"display:block; height:50px; margin:0 auto 12px; width:50px;\"><svg width=\"50px\" height=\"50px\" viewBox=\"0 0 60 60\" version=\"1.1\" xmlns=\"https:\/\/www.w3.org\/2000\/svg\" xmlns:xlink=\"https:\/\/www.w3.org\/1999\/xlink\"><g stroke=\"none\" stroke-width=\"1\" fill=\"none\" fill-rule=\"evenodd\"><\/g><g transform=\"translate(-511.000000, -20.000000)\" fill=\"#000000\"><\/g><g><path d=\"M556.869,30.41 C554.814,30.41 553.148,32.076 553.148,34.131 C553.148,36.186 554.814,37.852 556.869,37.852 C558.924,37.852 560.59,36.186 560.59,34.131 C560.59,32.076 558.924,30.41 556.869,30.41 M541,60.657 C535.114,60.657 530.342,55.887 530.342,50 C530.342,44.114 535.114,39.342 541,39.342 C546.887,39.342 551.658,44.114 551.658,50 C551.658,55.887 546.887,60.657 541,60.657 M541,33.886 C532.1,33.886 524.886,41.1 524.886,50 C524.886,58.899 532.1,66.113 541,66.113 C549.9,66.113 557.115,58.899 557.115,50 C557.115,41.1 549.9,33.886 541,33.886 M565.378,62.101 C565.244,65.022 564.756,66.606 564.346,67.663 C563.803,69.06 563.154,70.057 562.106,71.106 C561.058,72.155 560.06,72.803 558.662,73.347 C557.607,73.757 556.021,74.244 553.102,74.378 C549.944,74.521 548.997,74.552 541,74.552 C533.003,74.552 532.056,74.521 528.898,74.378 C525.979,74.244 524.393,73.757 523.338,73.347 C521.94,72.803 520.942,72.155 519.894,71.106 C518.846,70.057 518.197,69.06 517.654,67.663 C517.244,66.606 516.755,65.022 516.623,62.101 C516.479,58.943 516.448,57.996 516.448,50 C516.448,42.003 516.479,41.056 516.623,37.899 C516.755,34.978 517.244,33.391 517.654,32.338 C518.197,30.938 518.846,29.942 519.894,28.894 C520.942,27.846 521.94,27.196 523.338,26.654 C524.393,26.244 525.979,25.756 528.898,25.623 C532.057,25.479 533.004,25.448 541,25.448 C548.997,25.448 549.943,25.479 553.102,25.623 C556.021,25.756 557.607,26.244 558.662,26.654 C560.06,27.196 561.058,27.846 562.106,28.894 C563.154,29.942 563.803,30.938 564.346,32.338 C564.756,33.391 565.244,34.978 565.378,37.899 C565.522,41.056 565.552,42.003 565.552,50 C565.552,57.996 565.522,58.943 565.378,62.101 M570.82,37.631 C570.674,34.438 570.167,32.258 569.425,30.349 C568.659,28.377 567.633,26.702 565.965,25.035 C564.297,23.368 562.623,22.342 560.652,21.575 C558.743,20.834 556.562,20.326 553.369,20.18 C550.169,20.033 549.148,20 541,20 C532.853,20 531.831,20.033 528.631,20.18 C525.438,20.326 523.257,20.834 521.349,21.575 C519.376,22.342 517.703,23.368 516.035,25.035 C514.368,26.702 513.342,28.377 512.574,30.349 C511.834,32.258 511.326,34.438 511.181,37.631 C511.035,40.831 511,41.851 511,50 C511,58.147 511.035,59.17 511.181,62.369 C511.326,65.562 511.834,67.743 512.574,69.651 C513.342,71.625 514.368,73.296 516.035,74.965 C517.703,76.634 519.376,77.658 521.349,78.425 C523.257,79.167 525.438,79.673 528.631,79.82 C531.831,79.965 532.853,80.001 541,80.001 C549.148,80.001 550.169,79.965 553.369,79.82 C556.562,79.673 558.743,79.167 560.652,78.425 C562.623,77.658 564.297,76.634 565.965,74.965 C567.633,73.296 568.659,71.625 569.425,69.651 C570.167,67.743 570.674,65.562 570.82,62.369 C570.966,59.17 571,58.147 571,50 C571,41.851 570.966,40.831 570.82,37.631\"><\/path><\/g><\/svg><\/div><div style=\"padding-top: 8px;\"> <div style=\" color:#3897f0; font-family:Arial,sans-serif; font-size:14px; font-style:normal; font-weight:550; line-height:18px;\">Ver essa foto no Instagram<\/div><\/div><div style=\"padding: 12.5% 0;\"><\/div> <div style=\"display: flex; flex-direction: row; margin-bottom: 14px; align-items: center;\"><div> <div style=\"background-color: #F4F4F4; border-radius: 50%; height: 12.5px; width: 12.5px; transform: translateX(0px) translateY(7px);\"><\/div> <div style=\"background-color: #F4F4F4; height: 12.5px; transform: rotate(-45deg) translateX(3px) translateY(1px); width: 12.5px; flex-grow: 0; margin-right: 14px; margin-left: 2px;\"><\/div> <div style=\"background-color: #F4F4F4; border-radius: 50%; height: 12.5px; width: 12.5px; transform: translateX(9px) translateY(-18px);\"><\/div><\/div><div style=\"margin-left: 8px;\"> <div style=\" background-color: #F4F4F4; border-radius: 50%; flex-grow: 0; height: 20px; width: 20px;\"><\/div> <div style=\" width: 0; height: 0; border-top: 2px solid transparent; border-left: 6px solid #f4f4f4; border-bottom: 2px solid transparent; transform: translateX(16px) translateY(-4px) rotate(30deg)\"><\/div><\/div><div style=\"margin-left: auto;\"> <div style=\" width: 0px; border-top: 8px solid #F4F4F4; border-right: 8px solid transparent; transform: translateY(16px);\"><\/div> <div style=\" background-color: #F4F4F4; flex-grow: 0; height: 12px; width: 16px; transform: translateY(-4px);\"><\/div> <div style=\" width: 0; height: 0; border-top: 8px solid #F4F4F4; border-left: 8px solid transparent; transform: translateY(-4px) translateX(8px);\"><\/div><\/div><\/div> <div style=\"display: flex; flex-direction: column; flex-grow: 1; justify-content: center; margin-bottom: 24px;\"> <div style=\" background-color: #F4F4F4; border-radius: 4px; flex-grow: 0; height: 14px; margin-bottom: 6px; width: 224px;\"><\/div> <div style=\" background-color: #F4F4F4; border-radius: 4px; flex-grow: 0; height: 14px; width: 144px;\"><\/div><\/div><\/a><p style=\" color:#c9c8cd; font-family:Arial,sans-serif; font-size:14px; line-height:17px; margin-bottom:0; margin-top:8px; overflow:hidden; padding:8px 0 7px; text-align:center; text-overflow:ellipsis; white-space:nowrap;\"><a href=\"https:\/\/www.instagram.com\/reel\/DTMDFRZjsEJ\/?utm_source=ig_embed&amp;utm_campaign=loading\" style=\" color:#c9c8cd; font-family:Arial,sans-serif; font-size:14px; font-style:normal; font-weight:normal; line-height:17px; text-decoration:none;\" target=\"_blank\">Um post compartilhado por Eduardo Leite (@eduardoleite)<\/a><\/p><\/div><\/blockquote>\n<script async src=\"\/\/www.instagram.com\/embed.js\"><\/script>\n\n\n\n<h2 class=\"wp-block-heading\" id=\"h-concurso-policia-penal-rs-ultimos-editais\">Concurso Pol\u00edcia Penal RS: \u00faltimos editais<\/h2>\n\n\n\n<p>Veja abaixo as informa\u00e7\u00f5es da \u00faltima edi\u00e7\u00e3o do certame, que na \u00e9poca era chamado de Susepe RS.<\/p>\n\n\n\n<h3 class=\"wp-block-heading\" id=\"h-edital-susepe-rs-2022\">Edital SUSEPE RS &#8211; 2022<\/h3>\n\n\n\n<h4 class=\"wp-block-heading\" id=\"cargos-vagas\">Cargos e vagas<\/h4>\n\n\n\n<figure class=\"wp-block-table is-style-stripes\"><table class=\"has-very-light-gray-to-cyan-bluish-gray-gradient-background has-background has-fixed-layout\"><thead><tr><th class=\"has-text-align-center\" data-align=\"center\">CARGOS<\/th><th class=\"has-text-align-center\" data-align=\"center\">VAGAS<\/th><th class=\"has-text-align-center\" data-align=\"center\">SAL\u00c1RIO<\/th><th class=\"has-text-align-center\" data-align=\"center\">REQUISITOS<\/th><\/tr><\/thead><tbody><tr><td class=\"has-text-align-center\" data-align=\"center\">Agente Penitenci\u00e1rio Administrativo<\/td><td class=\"has-text-align-center\" data-align=\"center\">4<\/td><td class=\"has-text-align-center\" data-align=\"center\">R$ 4.500,00<\/td><td class=\"has-text-align-center\" data-align=\"center\">N\u00edvel m\u00e9dio<\/td><\/tr><\/tbody><\/table><figcaption class=\"wp-element-caption\">Quadro de vagas e sal\u00e1rio para N\u00edvel M\u00e9dio.<\/figcaption><\/figure>\n\n\n\n<figure class=\"wp-block-table is-style-stripes\"><table class=\"has-very-light-gray-to-cyan-bluish-gray-gradient-background has-background has-fixed-layout\"><thead><tr><th class=\"has-text-align-center\" data-align=\"center\">CARGOS<\/th><th class=\"has-text-align-center\" data-align=\"center\">VAGAS<\/th><th class=\"has-text-align-center\" data-align=\"center\">SAL\u00c1RIO<\/th><th class=\"has-text-align-center\" data-align=\"center\">REQUISITOS<\/th><\/tr><\/thead><tbody><tr><td class=\"has-text-align-center\" data-align=\"center\">Agente Penitenci\u00e1rio<\/td><td class=\"has-text-align-center\" data-align=\"center\"> 4<\/td><td class=\"has-text-align-center\" data-align=\"center\">R$ 5.500,00<\/td><td class=\"has-text-align-center\" data-align=\"center\">N\u00edvel superior<\/td><\/tr><tr><td class=\"has-text-align-center\" data-align=\"center\">T\u00e9cnico Superior Penitenci\u00e1rio &#8211; <br \/>diversas especialidades<\/td><td class=\"has-text-align-center\" data-align=\"center\">72<\/td><td class=\"has-text-align-center\" data-align=\"center\">R$ 8.500,00<\/td><td class=\"has-text-align-center\" data-align=\"center\">N\u00edvel superior<\/td><\/tr><\/tbody><\/table><figcaption class=\"wp-element-caption\">Quadro de vagas e sal\u00e1rio para N\u00edvel Superior.<\/figcaption><\/figure>\n\n\n\n<p><strong>Carga Hor\u00e1ria:<\/strong><\/p>\n\n\n\n<ul class=\"wp-block-list\">\n<li>I &#8211; Regime de expediente: 8 horas di\u00e1rias totalizando 40 horas semanais, podendo ser convocado em casos especiais aos s\u00e1bados, domingos, feriados e no per\u00edodo noturno, assegurado o descanso semanal, bem como todas as vantagens previstas em lei;<\/li>\n\n\n\n<li>II &#8211; Regime de Plant\u00e3o: plant\u00f5es de 24 horas totalizando 160 horas mensais mediante escala de trabalho, assegurado o respectivo descanso, bem como todas as vantagens previstas em lei.<\/li>\n<\/ul>\n\n\n\n<p><strong>Concorr\u00eancia<\/strong><\/p>\n\n\n\n<p>Veja abaixo a rela\u00e7\u00e3o de candidatos inscritos por vaga no concurso da ent\u00e3o Superintend\u00eancia de Servi\u00e7os Penitenci\u00e1rios do Rio Grande do Sul (Susepe RS), atual Pol\u00edcia Penal RS.<\/p>\n\n\n\n<figure class=\"wp-block-table is-style-stripes\"><table class=\"has-very-light-gray-to-cyan-bluish-gray-gradient-background has-background has-fixed-layout\"><thead><tr><th class=\"has-text-align-center\" data-align=\"center\">Cargos<\/th><th class=\"has-text-align-center\" data-align=\"center\">Inscritos<\/th><th class=\"has-text-align-center\" data-align=\"center\">N\u00ba de vagas<\/th><th class=\"has-text-align-center\" data-align=\"center\">Densidade por vagas<\/th><\/tr><\/thead><tbody><tr><td class=\"has-text-align-center\" data-align=\"center\">1 &#8211; Agente Penitenci\u00e1rio Administrativo<\/td><td class=\"has-text-align-center\" data-align=\"center\">14577<\/td><td class=\"has-text-align-center\" data-align=\"center\">4<\/td><td class=\"has-text-align-center\" data-align=\"center\">3644,25<\/td><\/tr><tr><td class=\"has-text-align-center\" data-align=\"center\">2 &#8211;&nbsp;&nbsp;Agente Penitenci\u00e1rio<\/td><td class=\"has-text-align-center\" data-align=\"center\">16074<\/td><td class=\"has-text-align-center\" data-align=\"center\">4<\/td><td class=\"has-text-align-center\" data-align=\"center\">4018,50<\/td><\/tr><tr><td class=\"has-text-align-center\" data-align=\"center\">3 &#8211; T\u00e9cnico Superior Penitenci\u00e1rio &#8211; Arquitetura<\/td><td class=\"has-text-align-center\" data-align=\"center\">260<\/td><td class=\"has-text-align-center\" data-align=\"center\">2<\/td><td class=\"has-text-align-center\" data-align=\"center\">130,00<\/td><\/tr><tr><td class=\"has-text-align-center\" data-align=\"center\">4 &#8211; T\u00e9cnico Superior Penitenci\u00e1rio &#8211; Ci\u00eancias Cont\u00e1beis<\/td><td class=\"has-text-align-center\" data-align=\"center\">137<\/td><td class=\"has-text-align-center\" data-align=\"center\">1<\/td><td class=\"has-text-align-center\" data-align=\"center\">137,00<\/td><\/tr><tr><td class=\"has-text-align-center\" data-align=\"center\">5 &#8211; T\u00e9cnico Superior Penitenci\u00e1rio &#8211; Ci\u00eancia da Computa\u00e7\u00e3o<\/td><td class=\"has-text-align-center\" data-align=\"center\">157<\/td><td class=\"has-text-align-center\" data-align=\"center\">3<\/td><td class=\"has-text-align-center\" data-align=\"center\">52,33<\/td><\/tr><tr><td class=\"has-text-align-center\" data-align=\"center\">6 &#8211; T\u00e9cnico Superior Penitenci\u00e1rio &#8211; Direito<\/td><td class=\"has-text-align-center\" data-align=\"center\">2693<\/td><td class=\"has-text-align-center\" data-align=\"center\">20<\/td><td class=\"has-text-align-center\" data-align=\"center\">134,65<\/td><\/tr><tr><td class=\"has-text-align-center\" data-align=\"center\">7 &#8211; T\u00e9cnico Superior Penitenci\u00e1rio &#8211; Educa\u00e7\u00e3o F\u00edsica<\/td><td class=\"has-text-align-center\" data-align=\"center\">380<\/td><td class=\"has-text-align-center\" data-align=\"center\">1<\/td><td class=\"has-text-align-center\" data-align=\"center\">380,00<\/td><\/tr><tr><td class=\"has-text-align-center\" data-align=\"center\">8 &#8211; T\u00e9cnico Superior Penitenci\u00e1rio &#8211; Enfermagem<\/td><td class=\"has-text-align-center\" data-align=\"center\">728<\/td><td class=\"has-text-align-center\" data-align=\"center\">2<\/td><td class=\"has-text-align-center\" data-align=\"center\">364,00<\/td><\/tr><tr><td class=\"has-text-align-center\" data-align=\"center\">9 &#8211; T\u00e9cnico Superior Penitenci\u00e1rio &#8211; Engenharia Agron\u00f4mica<\/td><td class=\"has-text-align-center\" data-align=\"center\">135<\/td><td class=\"has-text-align-center\" data-align=\"center\">1<\/td><td class=\"has-text-align-center\" data-align=\"center\">135,00<\/td><\/tr><tr><td class=\"has-text-align-center\" data-align=\"center\">10 &#8211; T\u00e9cnico Superior Penitenci\u00e1rio &#8211; Engenharia Ambiental<\/td><td class=\"has-text-align-center\" data-align=\"center\">116<\/td><td class=\"has-text-align-center\" data-align=\"center\">2<\/td><td class=\"has-text-align-center\" data-align=\"center\">58,00<\/td><\/tr><tr><td class=\"has-text-align-center\" data-align=\"center\">11 &#8211; T\u00e9cnico Superior Penitenci\u00e1rio &#8211; Engenharia Civil<\/td><td class=\"has-text-align-center\" data-align=\"center\">508<\/td><td class=\"has-text-align-center\" data-align=\"center\">8<\/td><td class=\"has-text-align-center\" data-align=\"center\">63,50<\/td><\/tr><tr><td class=\"has-text-align-center\" data-align=\"center\">12 &#8211; T\u00e9cnico Superior Penitenci\u00e1rio &#8211; Engenharia El\u00e9trica<\/td><td class=\"has-text-align-center\" data-align=\"center\">115<\/td><td class=\"has-text-align-center\" data-align=\"center\">2<\/td><td class=\"has-text-align-center\" data-align=\"center\">57,50<\/td><\/tr><tr><td class=\"has-text-align-center\" data-align=\"center\">13 &#8211; T\u00e9cnico Superior Penitenci\u00e1rio &#8211; Estat\u00edstica<\/td><td class=\"has-text-align-center\" data-align=\"center\">20<\/td><td class=\"has-text-align-center\" data-align=\"center\">2<\/td><td class=\"has-text-align-center\" data-align=\"center\">10,00<\/td><\/tr><tr><td class=\"has-text-align-center\" data-align=\"center\">14 &#8211; T\u00e9cnico Superior Penitenci\u00e1rio &#8211; Farm\u00e1cia<\/td><td class=\"has-text-align-center\" data-align=\"center\">237<\/td><td class=\"has-text-align-center\" data-align=\"center\">1<\/td><td class=\"has-text-align-center\" data-align=\"center\">237,00<\/td><\/tr><tr><td class=\"has-text-align-center\" data-align=\"center\">15 &#8211; T\u00e9cnico Superior Penitenci\u00e1rio &#8211; Nutri\u00e7\u00e3o<\/td><td class=\"has-text-align-center\" data-align=\"center\">373<\/td><td class=\"has-text-align-center\" data-align=\"center\">3<\/td><td class=\"has-text-align-center\" data-align=\"center\">124,33<\/td><\/tr><tr><td class=\"has-text-align-center\" data-align=\"center\">16 &#8211; T\u00e9cnico Superior Penitenci\u00e1rio &#8211; Odontologia<\/td><td class=\"has-text-align-center\" data-align=\"center\">217<\/td><td class=\"has-text-align-center\" data-align=\"center\">1<\/td><td class=\"has-text-align-center\" data-align=\"center\">217,00<\/td><\/tr><tr><td class=\"has-text-align-center\" data-align=\"center\">17 &#8211; T\u00e9cnico Superior Penitenci\u00e1rio &#8211; Pedagogia<\/td><td class=\"has-text-align-center\" data-align=\"center\">492<\/td><td class=\"has-text-align-center\" data-align=\"center\">1<\/td><td class=\"has-text-align-center\" data-align=\"center\">492,00<\/td><\/tr><tr><td class=\"has-text-align-center\" data-align=\"center\">18 &#8211; T\u00e9cnico Superior Penitenci\u00e1rio &#8211; Psicologia<\/td><td class=\"has-text-align-center\" data-align=\"center\">1263<\/td><td class=\"has-text-align-center\" data-align=\"center\">10<\/td><td class=\"has-text-align-center\" data-align=\"center\">126,30<\/td><\/tr><tr><td class=\"has-text-align-center\" data-align=\"center\">19 &#8211; T\u00e9cnico Superior Penitenci\u00e1rio &#8211; Servi\u00e7o Social<\/td><td class=\"has-text-align-center\" data-align=\"center\">1304<\/td><td class=\"has-text-align-center\" data-align=\"center\">11<\/td><td class=\"has-text-align-center\" data-align=\"center\">118,55<\/td><\/tr><tr><td class=\"has-text-align-center\" data-align=\"center\">20 &#8211; T\u00e9cnico Superior Penitenci\u00e1rio &#8211; Terapia Ocupacional<\/td><td class=\"has-text-align-center\" data-align=\"center\">74<\/td><td class=\"has-text-align-center\" data-align=\"center\">1<\/td><td class=\"has-text-align-center\" data-align=\"center\">74,00<\/td><\/tr><tr><td class=\"has-text-align-center\" data-align=\"center\"><strong>Total<\/strong><\/td><td class=\"has-text-align-center\" data-align=\"center\"><strong>39.860<\/strong><\/td><td class=\"has-text-align-center\" data-align=\"center\"><strong>80<\/strong><\/td><td class=\"has-text-align-center\" data-align=\"center\"><strong>10573,91<\/strong><\/td><\/tr><\/tbody><\/table><figcaption class=\"wp-element-caption\">Concorr\u00eancia do concurso Pol\u00edcia Penal RS<\/figcaption><\/figure>\n\n\n\n<h3 class=\"wp-block-heading\" id=\"etapas-de-provas-do-concurso-susepe-rs\">Etapas de provas do concurso Pol\u00edcia Penal RS<\/h3>\n\n\n\n<p>O certame foi composto das seguintes etapas:<\/p>\n\n\n\n<ul class=\"wp-block-list\">\n<li>Prova Te\u00f3rico-Objetiva para todos os cargos;<\/li>\n\n\n\n<li>Prova Dissertativa para os candidatos classificados nos cargos de T\u00e9cnico Superior Penitenci\u00e1rio;<\/li>\n\n\n\n<li>Teste de Aptid\u00e3o F\u00edsica para os candidatos classificados aos cargos de Agente Penitenci\u00e1rio Administrativo e Agente Penitenci\u00e1rio;<\/li>\n\n\n\n<li>Avalia\u00e7\u00e3o Psicol\u00f3gica para os candidatos classificados na Prova Dissertativa (T\u00e9cnico Superior Penitenci\u00e1rio) e candidatos classificados no Teste de Aptid\u00e3o F\u00edsica (Agente Penitenci\u00e1rio Administrativo e Agente Penitenci\u00e1rio).<\/li>\n<\/ul>\n\n\n\n<h4 class=\"wp-block-heading\" id=\"prova-objetiva\">Prova Objetiva<\/h4>\n\n\n\n<p>A Prova Te\u00f3rico-Objetiva, eliminat\u00f3ria e classificat\u00f3ria, foi aplicada no munic\u00edpio de Porto Alegre (RS) e Regi\u00e3o Metropolitana.<\/p>\n\n\n\n<p>As quest\u00f5es da Prova Te\u00f3rico-Objetiva foram de m\u00faltipla escolha, com cinco alternativas (A, B, C, D e E) e uma \u00fanica resposta correta.<\/p>\n\n\n\n<figure class=\"wp-block-table aligncenter\"><table class=\"has-fixed-layout\"><thead><tr><th>Cargo<\/th><th>Componente das provas\/car\u00e1ter<\/th><th>N\u00ba de quest\u00f5es<\/th><th>Pontos\/Quest\u00f5es<\/th><th>N\u00ba m\u00ednimo de acertos p\/ componentes<\/th><th>N\u00ba m\u00ednimo de pontos do total<\/th><th>N\u00ba de pontos do total<\/th><\/tr><\/thead><tbody><tr><td rowspan=\"5\">Agente Penitenci\u00e1rio Administrativo<\/td><td>L\u00edngua Portuguesa (E\/C)*<\/td><td>20<\/td><td>1,25<\/td><td>05<\/td><td rowspan=\"5\">60,00<\/td><td rowspan=\"5\">100,00<\/td><\/tr><tr><td>Racioc\u00ednio L\u00f3gico (E\/C)*<\/td><td>10<\/td><td>1,25<\/td><td>03<\/td><\/tr><tr><td>Inform\u00e1tica (E\/C)*<\/td><td>10<\/td><td>1,25<\/td><td>03<\/td><\/tr><tr><td>Legisla\u00e7\u00e3o Aplicada\/Direito (E\/C)*<\/td><td>30<\/td><td>1,25<\/td><td>10<\/td><\/tr><tr><td>Conhecimentos Gerais (E\/C)*<\/td><td>10<\/td><td>1,25<\/td><td>03<\/td><\/tr><tr><td rowspan=\"5\">Agente Penitenci\u00e1rio<\/td><td>L\u00edngua Portuguesa (E\/C)*<\/td><td>20<\/td><td>1,25<\/td><td>05<\/td><td rowspan=\"5\">60,00<\/td><td rowspan=\"5\">100,00<\/td><\/tr><tr><td>Racioc\u00ednio L\u00f3gico (E\/C)*<\/td><td>10<\/td><td>1,25<\/td><td>03<\/td><\/tr><tr><td>Inform\u00e1tica (E\/C)*<\/td><td>10<\/td><td>1,25<\/td><td>03<\/td><\/tr><tr><td>Legisla\u00e7\u00e3o Aplicada\/ Direito (E\/C)*<\/td><td>30<\/td><td>1,25<\/td><td>10<\/td><\/tr><tr><td>Conhecimentos Gerais (E\/C)*<\/td><td>10<\/td><td>1,25<\/td><td>03<\/td><\/tr><tr><td rowspan=\"4\">T\u00e9cnico Superior Penitenci\u00e1rio<\/td><td>L\u00edngua Portuguesa (E\/C)*<\/td><td>20<\/td><td>1,50<\/td><td>05<\/td><td rowspan=\"4\">60,00<\/td><td rowspan=\"4\">100,00<\/td><\/tr><tr><td>Legisla\u00e7\u00e3o Aplicada\/Direito (E\/C)*<\/td><td>20<\/td><td>1,50<\/td><td>05<\/td><\/tr><tr><td>Inform\u00e1tica (E\/C)*<\/td><td>10<\/td><td>1,00<\/td><td>05<\/td><\/tr><tr><td>Conhecimentos Especifico (E\/C)<\/td><td>20<\/td><td>1,50<\/td><td>05<\/td><\/tr><\/tbody><\/table><figcaption class=\"wp-element-caption\">Disciplinas cobradas na Prova Objetiva do Concurso PP RS<\/figcaption><\/figure>\n\n\n\n<p>A prova dissertativa, para os cargos de T\u00e9cnico Superior Penitenci\u00e1rio, foi realizada juntamente com a Prova Te\u00f3rico-Objetiva, composta de uma quest\u00e3o com pontua\u00e7\u00e3o m\u00ednima de 60 pontos.<\/p>\n\n\n\n<h4 class=\"wp-block-heading\" id=\"teste-de-aptidao-fisica\">Teste de Aptid\u00e3o F\u00edsica<\/h4>\n\n\n\n<p>O Teste de Aptid\u00e3o F\u00edsica, de car\u00e1ter eliminat\u00f3rio, foi realizado para os primeiros classificados dos cargos de Agente Penitenci\u00e1rio Administrativo e Agente Penitenci\u00e1rio, considerando a nota total obtida na Prova Objetiva, de acordo com a ordem de classifica\u00e7\u00e3o provis\u00f3ria.<\/p>\n\n\n\n<p>O Teste de Aptid\u00e3o F\u00edsica foi o mesmo para todos os candidatos (masculino e feminino), haja vista as atribui\u00e7\u00f5es espec\u00edficas para o desempenho do cargo, composto de:<\/p>\n\n\n\n<p><strong>A) Teste de corrida (masculino e feminino):<\/strong><\/p>\n\n\n\n<ul class=\"wp-block-list\">\n<li>Dist\u00e2ncia: 2.400 metros para o sexo masculino e 2.000 metros para sexo feminino.<\/li>\n\n\n\n<li>Tempo m\u00e1ximo do percurso: 12 minutos.<\/li>\n<\/ul>\n\n\n\n<p><strong>B) Teste de flex\u00e3o do tronco (resist\u00eancia abdominal) masculino e feminino:<\/strong><\/p>\n\n\n\n<ul class=\"wp-block-list\">\n<li>Deveriam ser executadas 30 repeti\u00e7\u00f5es para candidatos do sexo masculino e 20 repeti\u00e7\u00f5es para o sexo feminino.<\/li>\n\n\n\n<li>Tempo m\u00e1ximo para execu\u00e7\u00e3o do teste: 1 minuto.<\/li>\n<\/ul>\n\n\n\n<p><strong>C) Teste de flex\u00e3o de bra\u00e7os sobre o solo (apoio):<\/strong><\/p>\n\n\n\n<p>Sexo Masculino (considerando-se os candidatos trans, conforme sua autodeclara\u00e7\u00e3o):<\/p>\n\n\n\n<ul class=\"wp-block-list\">\n<li>Dever\u00e3o ser executadas 15 repeti\u00e7\u00f5es.<\/li>\n\n\n\n<li>Tempo m\u00e1ximo do teste: 1 minuto.<\/li>\n<\/ul>\n\n\n\n<p>Sexo Feminino (considerando-se os candidatos trans, conforme sua autodeclara\u00e7\u00e3o):<\/p>\n\n\n\n<ul class=\"wp-block-list\">\n<li>Dever\u00e3o ser executadas 10 repeti\u00e7\u00f5es.<\/li>\n\n\n\n<li>Tempo m\u00e1ximo do teste: 1 minuto.<\/li>\n<\/ul>\n\n\n\n<h3 class=\"wp-block-heading\" id=\"ultimo-concurso-17\">Edital SUSEPE RS &#8211; 2017<\/h3>\n\n\n\n<p>O \u00faltimo concurso da Pol\u00edcia Penal RS, chamado na \u00e9poca de Susepe RS, aconteceu<strong> <\/strong>em<strong> 2017<\/strong>, quando o edital ofereceu&nbsp;<strong>720 vagas<\/strong>&nbsp;e forma\u00e7\u00e3o de cadastro para os n\u00edveis m\u00e9dio e superior.<\/p>\n\n\n\n<p>Os cargos oferecidos foram&nbsp;de&nbsp;agente penitenci\u00e1rio&nbsp;e&nbsp;agente penitenci\u00e1rio administrativo, para os n\u00edveis n\u00edvel superior em qualquer \u00e1rea e m\u00e9dio, respectivamente.<\/p>\n\n\n\n<p>A respons\u00e1vel pela organiza\u00e7\u00e3o do concurso foi a banca <strong>Funda\u00e7\u00e3o La Salle<\/strong>. Os candidatos foram avaliados por meio&nbsp;das seguintes etapas:<\/p>\n\n\n\n<ul class=\"wp-block-list\">\n<li>Prova objetiva;<\/li>\n\n\n\n<li>Prova de aptid\u00e3o f\u00edsica;<\/li>\n\n\n\n<li>Avalia\u00e7\u00e3o psicol\u00f3gica;<\/li>\n\n\n\n<li>Investiga\u00e7\u00e3o social e funcional do candidato.<\/li>\n<\/ul>\n\n\n\n<h4 class=\"wp-block-heading\" id=\"h-prova-objetiva-nbsp\">Prova objetiva&nbsp;<\/h4>\n\n\n\n<p>A prova objetiva do \u00faltimo concurso PP RS foi de car\u00e1ter eliminat\u00f3rio e classificat\u00f3rio, composta por <strong>80 quest\u00f5es <\/strong>de m\u00faltipla escolha, com 05 alternativas de resposta (A, B, C, D, E), sendo apenas uma considerada correta.<\/p>\n\n\n\n<h5 class=\"wp-block-heading\" id=\"disciplinas\">Disciplinas<\/h5>\n\n\n\n<p><strong>Agente Penitenci\u00e1rio<\/strong><\/p>\n\n\n\n<ul class=\"wp-block-list\">\n<li>Legisla\u00e7\u00e3o Aplicada;<\/li>\n\n\n\n<li>L\u00edngua Portuguesa;<\/li>\n\n\n\n<li>Inform\u00e1tica;<\/li>\n\n\n\n<li>Racioc\u00ednio L\u00f3gico;<\/li>\n\n\n\n<li>Conhecimentos Gerais.<\/li>\n<\/ul>\n\n\n\n<p><strong>Agente Penitenci\u00e1rio Administrativo<\/strong><\/p>\n\n\n\n<ul class=\"wp-block-list\">\n<li>Legisla\u00e7\u00e3o Aplicada;<\/li>\n\n\n\n<li>L\u00edngua Portuguesa;<\/li>\n\n\n\n<li>Inform\u00e1tica;<\/li>\n\n\n\n<li>Racioc\u00ednio L\u00f3gico;<\/li>\n\n\n\n<li>Conhecimentos Gerais.<\/li>\n<\/ul>\n\n\n\n<h2 class=\"wp-block-heading has-cyan-bluish-gray-background-color has-background\" id=\"h-concurso-policia-penal-rs-carreira\">Concurso Pol\u00edcia Penal RS: carreira<\/h2>\n\n\n\n<h3 class=\"wp-block-heading\" id=\"salario\">Sal\u00e1rios<\/h3>\n\n\n\n<p>Conforme tabela salarial atualizada do \u00f3rg\u00e3o, de dezembro de 2025, o sal\u00e1rio inicial da fun\u00e7\u00e3o de T\u00e9cnico Superior Penitenci\u00e1rio \u00e9 de R$ 9.745,26.<\/p>\n\n\n\n<p>Ao final da carreira, a remunera\u00e7\u00e3o pode chegar a R$ 18.917,27. Veja os detalhes no link a seguir:<\/p>\n\n\n\n<ul class=\"wp-block-list\">\n<li><a href=\"https:\/\/dhg1h5j42swfq.cloudfront.net\/2026\/02\/05192520\/salario-pp-rs.pdf\" target=\"_blank\" rel=\"noreferrer noopener nofollow\">Rela\u00e7\u00e3o de remunera\u00e7\u00e3o do concurso PP RS<\/a><\/li>\n<\/ul>\n\n\n\n<h3 class=\"wp-block-heading\" id=\"h-requisitos-dos-cargos\">Requisitos dos cargos<\/h3>\n\n\n\n<h4 class=\"wp-block-heading\" id=\"h-agente-penitenciario-atual-policial-penal\">Agente Penitenci\u00e1rio (atual Policial Penal)<\/h4>\n\n\n\n<ul class=\"wp-block-list\">\n<li>ser brasileiro nato ou naturalizado;<\/li>\n\n\n\n<li>ter, no m\u00ednimo, 18 anos de idade at\u00e9 a data da posse;<\/li>\n\n\n\n<li>encontrar-se no gozo e exerc\u00edcio de seus direitos civis;<\/li>\n\n\n\n<li>estar em dia com as obriga\u00e7\u00f5es militares e eleitorais;<\/li>\n\n\n\n<li>possuir carteira de habilita\u00e7\u00e3o, no m\u00ednimo, Categoria \u201cB\u201d, at\u00e9 a data da posse;<\/li>\n\n\n\n<li>diploma de n\u00edvel superior;<\/li>\n\n\n\n<li>ter ilibada conduta social, profissional ou funcional e n\u00e3o registrar antecedentes criminais;<\/li>\n\n\n\n<li>possuir sa\u00fade f\u00edsica e aptid\u00e3o psicol\u00f3gica adequados \u00e0 fun\u00e7\u00e3o;<\/li>\n\n\n\n<li>n\u00e3o ser usu\u00e1rio ou dependente de drogas il\u00edcitas.<\/li>\n<\/ul>\n\n\n\n<h4 class=\"wp-block-heading\" id=\"h-agente-penitenciario-administrativo-atual-policial-penal-administrativo\">Agente Penitenci\u00e1rio Administrativo (atual Policial Penal Administrativo)<\/h4>\n\n\n\n<ul class=\"wp-block-list\">\n<li>ser brasileiro nato ou naturalizado;<\/li>\n\n\n\n<li>ter, no m\u00ednimo, 18 anos de idade at\u00e9 a data da posse;<\/li>\n\n\n\n<li>encontrar-se no gozo e exerc\u00edcio de seus direitos civis;<\/li>\n\n\n\n<li>estar em dia com as obriga\u00e7\u00f5es militares e eleitorais;<\/li>\n\n\n\n<li>possuir carteira de habilita\u00e7\u00e3o, no m\u00ednimo, Categoria \u201cB\u201d, at\u00e9 a data da posse;<\/li>\n\n\n\n<li>curso de n\u00edvel m\u00e9dio;<\/li>\n\n\n\n<li>ter ilibada conduta social, profissional ou funcional e n\u00e3o registrar antecedentes criminais;<\/li>\n\n\n\n<li>possuir sa\u00fade f\u00edsica e aptid\u00e3o psicol\u00f3gica adequados \u00e0 fun\u00e7\u00e3o;<\/li>\n\n\n\n<li>n\u00e3o ser usu\u00e1rio ou dependente de drogas il\u00edcitas.<\/li>\n<\/ul>\n\n\n\n<h4 class=\"wp-block-heading\" id=\"h-tecnico-superior-penitenciario\">T\u00e9cnico Superior Penitenci\u00e1rio<\/h4>\n\n\n\n<ul class=\"wp-block-list\">\n<li>ser brasileiro nato ou naturalizado;<\/li>\n\n\n\n<li>ter registro no respectivo \u00f3rg\u00e3o de Classe, conforme a especialidade;<\/li>\n\n\n\n<li>ter, no m\u00ednimo, 18 anos de idade at\u00e9 a data da posse;<\/li>\n\n\n\n<li>encontrar-se no gozo e exerc\u00edcio de seus direitos civis;<\/li>\n\n\n\n<li>estar em dia com as obriga\u00e7\u00f5es militares e eleitorais;<\/li>\n\n\n\n<li>possuir carteira de habilita\u00e7\u00e3o, no m\u00ednimo, Categoria \u201cB\u201d, at\u00e9 a data da posse;<\/li>\n\n\n\n<li>ter ilibada conduta social, profissional ou funcional e n\u00e3o registrar antecedentes criminais;<\/li>\n\n\n\n<li>possuir sa\u00fade f\u00edsica e aptid\u00e3o psicol\u00f3gica adequados \u00e0 fun\u00e7\u00e3o;<\/li>\n\n\n\n<li>n\u00e3o ser usu\u00e1rio ou dependente de drogas il\u00edcitas.<\/li>\n<\/ul>\n\n\n\n<h3 class=\"wp-block-heading\" id=\"proposta-policia-penal\">Pol\u00edcia Penal RS ou Susepe RS? Entenda a mudan\u00e7a<\/h3>\n\n\n\n<p>A&nbsp;Assembleia Legislativo do Rio Grande do Sul aprovou a Proposta de Emenda \u00e0 Constitui\u00e7\u00e3o (PEC) que instituiu a Pol\u00edcia Penal. At\u00e9 ent\u00e3o, o certame estava no \u00e2mbito da Susepe RS e ofertava oportunidades com a nomenclatura antiga de &#8220;Agente Penitenci\u00e1rio&#8221;. <\/p>\n\n\n\n<p>Desde ent\u00e3o, o \u00f3rg\u00e3o deixa de ser chamado de Superintend\u00eancia de Servi\u00e7os Penitenci\u00e1rios do Rio Grande do Sul (Susepe RS) e<strong> passa a chamar Pol\u00edcia Penal RS<\/strong>. <\/p>\n\n\n\n<ul class=\"wp-block-list\">\n<li><a href=\"https:\/\/dhg1h5j42swfq.cloudfront.net\/2021\/06\/09090754\/d2726ed5-c4ff-4fc9-bbab-abb21548b73e.pdf\" target=\"_blank\" rel=\"noreferrer noopener\"><strong>PEC da Pol\u00edcia Penal RS<\/strong><\/a><\/li>\n<\/ul>\n\n\n\n<p>O preenchimento do quadro de servidores da Pol\u00edcia Penal RS ser\u00e1 feito, exclusivamente, por meio de concurso p\u00fablico e por meio da transforma\u00e7\u00e3o dos cargos de carreira dos atuais agentes penitenci\u00e1rios, com atribui\u00e7\u00f5es de seguran\u00e7a dos estabelecimentos penais, na forma da Lei.<\/p>\n\n\n\n<p>Segundo o documento, poucas \u00e1reas da administra\u00e7\u00e3o p\u00fablica s\u00e3o t\u00e3o sens\u00edveis e complexas como o sistema prisional brasileiro. Desse modo, toda e qualquer medida capaz de valorizar os servidores envolvidos e aperfei\u00e7oar o conjunto de atividades que o sistema demanda devem ser adotadas.<\/p>\n\n\n\n<hr class=\"wp-block-separator has-alpha-channel-opacity\"\/>\n\n\n\n<h2 class=\"wp-block-heading has-text-align-center\" id=\"cursos\">Quer saber tudo sobre concursos previstos? <br \/>Confira nossos artigos!<\/h2>\n\n\n\n<ul class=\"wp-block-list\">\n<li><a href=\"https:\/\/www.estrategiaconcursos.com.br\/blog\/concursos-abertos\/\">Concursos abertos<\/a><\/li>\n\n\n\n<li><a href=\"https:\/\/www.estrategiaconcursos.com.br\/blog\/concursos-2026\/\" target=\"_blank\" rel=\"noreferrer noopener\">Concursos 2026<\/a><\/li>\n\n\n\n<li><a href=\"https:\/\/www.estrategiaconcursos.com.br\/blog\/concursos-policia-penal\/\" target=\"_blank\" rel=\"noreferrer noopener\">Concursos Pol\u00edcia Penal<\/a><\/li>\n<\/ul>\n\n\n\n<h2 class=\"wp-block-heading has-text-align-center\" id=\"cursos-e-assinaturas\">Quer estudar para o concurso Pol\u00edcia Penal RS?<\/h2>\n\n\n\n<div class=\"container\" id=\"boxes\">\n  <div class=\"row\">\n\n    <div class=\"col-sm\">\n      <div class=\"banner-policia-penal\" id=\"box-assinatura\">\n        <h3 class=\"titulo-assinatura\">Concurso Pol\u00edcia Penal RS<\/h3>\n        <p class=\"subtitulo-assinatura\">Conhe\u00e7a os cursos<\/p>\n        <div class=\"box-botao\">\n          <a class=\"btn-assinatura\" target=\"_blank\" href=\"https:\/\/www.estrategiaconcursos.com.br\/cursosPorConcurso\/superintendencia-de-servicos-penitenciarios-do-rio-grande-do-sul-susepe-rs\/\" role=\"button\" rel=\"noopener noreferrer\">Conhe\u00e7a mais<\/a>\n        <\/div>\n      <\/div><\/div><\/div><\/div>\n\n\n\n<div class=\"container\" id=\"boxes\">\n  <div class=\"row\">\n\n    <div class=\"col-sm\">\n      <div class=\"estrategia\" id=\"box-assinatura\">\n        <h3 class=\"titulo-assinatura\">Assinatura de Concursos<\/h3>\n        <p class=\"subtitulo-assinatura\">Assinatura de 1 ano ou 2 anos<\/p>\n        <div class=\"box-botao\">\n          <a class=\"btn-assinatura\" target=\"_blank\" href=\"https:\/\/www.estrategiaconcursos.com.br\/assinaturas\/\" role=\"button\" rel=\"noopener noreferrer\">ASSINE AGORA<\/a>\n        <\/div>\n      <\/div><\/div><\/div><\/div>\n\n\n\n<figure class=\"wp-block-image size-large\"><img loading=\"lazy\" decoding=\"async\" width=\"300\" height=\"185\" src=\"https:\/\/dhg1h5j42swfq.cloudfront.net\/2021\/03\/30201515\/ficha-tecnica-1-300x185-1-1.png\" alt=\"Ficha t\u00e9cnica\" class=\"wp-image-704873\"\/><\/figure>\n\n\n\n<h3 class=\"wp-block-heading\" id=\"ficha\">Informa\u00e7\u00f5es sobre o concurso Pol\u00edcia Penal RS<\/h3>\n\n\n\n<ul class=\"wp-block-list\">\n<li><strong>Previs\u00e3o<\/strong>: 2026<\/li>\n\n\n\n<li><strong>Vagas<\/strong>: 205 + CR<\/li>\n\n\n\n<li><strong>Cargos<\/strong>: T\u00e9cnico Administrativo, Policial Penal e Analista<\/li>\n\n\n\n<li><strong>Banca<\/strong>: FUNDATEC<\/li>\n\n\n\n<li><strong>Escolaridade<\/strong>: m\u00e9dio e superior<\/li>\n\n\n\n<li><strong>\u00daltimo edital<\/strong>: <a href=\"https:\/\/dhg1h5j42swfq.cloudfront.net\/2022\/01\/14180715\/edital-susepe-rs.pdf\" target=\"_blank\" rel=\"noreferrer noopener nofollow\"><\/a><a href=\"https:\/\/dhg1h5j42swfq.cloudfront.net\/2022\/01\/14180715\/edital-susepe-rs.pdf\" target=\"_blank\" rel=\"noreferrer noopener\">SUSEPE 2022<\/a> <\/li>\n<\/ul>\n\n\n\n<p><\/p>\n","protected":false},"excerpt":{"rendered":"<p>Pr\u00f3ximo concurso Pol\u00edcia Penal RS ter\u00e1 oportunidades de n\u00edveis m\u00e9dio e superior. Fundatec \u00e9 a banca organizadora! \u00c9 iminente a realiza\u00e7\u00e3o do concurso Pol\u00edcia Penal RS! Isso porque a Fundatec assinou o contrato e se oficializou como banca organizadora. Inclusive, o termo de refer\u00eancia com detalhes acerca do pr\u00f3ximo edital foi publicado no Portal Nacional [&hellip;]<\/p>\n","protected":false},"author":1,"featured_media":1519294,"comment_status":"open","ping_status":"open","sticky":false,"template":"","format":"standard","meta":{"post_tipo":"news_page","footnotes":""},"categories":[220188],"tags":[],"tax_estado":[219986],"class_list":["post-56478","post","type-post","status-publish","format-standard","has-post-thumbnail","hentry","category-policial-agente-penitenciario","tax_estado-rs"],"acf":[],"yoast_head":"<!-- This site is optimized with the Yoast SEO Premium plugin v27.2 (Yoast SEO v27.2) - https:\/\/yoast.com\/product\/yoast-seo-premium-wordpress\/ -->\n<title>Concurso Pol\u00edcia Penal RS: 205 vagas + CR. Edital iminente!<\/title>\n<meta name=\"description\" content=\"Concurso Pol\u00edcia Penal RS \u00e9 iminente! Novo edital ter\u00e1 205 vagas imediatas + CR nos n\u00edveis m\u00e9dio e superior. Veja os detalhes!\" \/>\n<meta name=\"robots\" content=\"index, follow, max-snippet:-1, max-image-preview:large, max-video-preview:-1\" \/>\n<link rel=\"canonical\" href=\"https:\/\/www.estrategiaconcursos.com.br\/blog\/concurso-policia-penal-rs\/\" \/>\n<meta property=\"og:locale\" content=\"pt_BR\" \/>\n<meta property=\"og:type\" content=\"article\" \/>\n<meta property=\"og:title\" content=\"Concurso Pol\u00edcia Penal RS: 205 vagas + CR. Edital iminente!\" \/>\n<meta property=\"og:description\" content=\"Concurso Pol\u00edcia Penal RS \u00e9 iminente! Novo edital ter\u00e1 205 vagas imediatas + CR nos n\u00edveis m\u00e9dio e superior. Veja os detalhes!\" \/>\n<meta property=\"og:url\" content=\"https:\/\/www.estrategiaconcursos.com.br\/blog\/concurso-policia-penal-rs\/\" \/>\n<meta property=\"og:site_name\" content=\"Estrat\u00e9gia Concursos\" \/>\n<meta property=\"article:author\" content=\"https:\/\/www.facebook.com\/EstrategiaConcursos\" \/>\n<meta property=\"article:published_time\" content=\"2026-04-10T19:01:00+00:00\" \/>\n<meta property=\"article:modified_time\" content=\"2026-04-10T22:24:37+00:00\" \/>\n<meta property=\"og:image\" content=\"https:\/\/dhg1h5j42swfq.cloudfront.net\/2025\/01\/20101916\/concurso-policia-penal-rs.jpg\" \/>\n\t<meta property=\"og:image:width\" content=\"768\" \/>\n\t<meta property=\"og:image:height\" content=\"432\" \/>\n\t<meta property=\"og:image:type\" content=\"image\/jpeg\" \/>\n<meta name=\"author\" content=\"Coordena\u00e7\u00e3o\" \/>\n<meta name=\"twitter:card\" content=\"summary_large_image\" \/>\n<meta name=\"twitter:creator\" content=\"@EstratConcursos\" \/>\n<meta name=\"twitter:site\" content=\"@EstratConcursos\" \/>\n<meta name=\"twitter:label1\" content=\"Escrito por\" \/>\n\t<meta name=\"twitter:data1\" content=\"Coordena\u00e7\u00e3o\" \/>\n\t<meta name=\"twitter:label2\" content=\"Est. tempo de leitura\" \/>\n\t<meta name=\"twitter:data2\" content=\"9 minutos\" \/>\n<script type=\"application\/ld+json\" class=\"yoast-schema-graph\">{\"@context\":\"https:\/\/schema.org\",\"@graph\":[{\"@type\":\"NewsArticle\",\"@id\":\"https:\/\/www.estrategiaconcursos.com.br\/blog\/concurso-policia-penal-rs\/#article\",\"isPartOf\":{\"@id\":\"https:\/\/www.estrategiaconcursos.com.br\/blog\/concurso-policia-penal-rs\/\"},\"author\":{\"name\":\"Coordena\u00e7\u00e3o\",\"@id\":\"https:\/\/www.estrategiaconcursos.com.br\/blog\/#\/schema\/person\/b4a388c97673c5f483d72185668afa1f\"},\"headline\":\"Concurso Pol\u00edcia Penal RS: 205 vagas + CR. Edital iminente!\",\"datePublished\":\"2026-04-10T19:01:00+00:00\",\"dateModified\":\"2026-04-10T22:24:37+00:00\",\"mainEntityOfPage\":{\"@id\":\"https:\/\/www.estrategiaconcursos.com.br\/blog\/concurso-policia-penal-rs\/\"},\"wordCount\":2521,\"commentCount\":1,\"publisher\":{\"@id\":\"https:\/\/www.estrategiaconcursos.com.br\/blog\/#organization\"},\"image\":{\"@id\":\"https:\/\/www.estrategiaconcursos.com.br\/blog\/concurso-policia-penal-rs\/#primaryimage\"},\"thumbnailUrl\":\"https:\/\/dhg1h5j42swfq.cloudfront.net\/2025\/01\/20101916\/concurso-policia-penal-rs.jpg\",\"articleSection\":[\"Policial (Agente Penitenci\u00e1rio)\"],\"inLanguage\":\"pt-BR\",\"potentialAction\":[{\"@type\":\"CommentAction\",\"name\":\"Comment\",\"target\":[\"https:\/\/www.estrategiaconcursos.com.br\/blog\/concurso-policia-penal-rs\/#respond\"]}],\"copyrightYear\":\"2026\",\"copyrightHolder\":{\"@id\":\"https:\/\/www.estrategiaconcursos.com.br\/blog\/#organization\"}},{\"@type\":\"WebPage\",\"@id\":\"https:\/\/www.estrategiaconcursos.com.br\/blog\/concurso-policia-penal-rs\/\",\"url\":\"https:\/\/www.estrategiaconcursos.com.br\/blog\/concurso-policia-penal-rs\/\",\"name\":\"Concurso Pol\u00edcia Penal RS: 205 vagas + CR. Edital iminente!\",\"isPartOf\":{\"@id\":\"https:\/\/www.estrategiaconcursos.com.br\/blog\/#website\"},\"primaryImageOfPage\":{\"@id\":\"https:\/\/www.estrategiaconcursos.com.br\/blog\/concurso-policia-penal-rs\/#primaryimage\"},\"image\":{\"@id\":\"https:\/\/www.estrategiaconcursos.com.br\/blog\/concurso-policia-penal-rs\/#primaryimage\"},\"thumbnailUrl\":\"https:\/\/dhg1h5j42swfq.cloudfront.net\/2025\/01\/20101916\/concurso-policia-penal-rs.jpg\",\"datePublished\":\"2026-04-10T19:01:00+00:00\",\"dateModified\":\"2026-04-10T22:24:37+00:00\",\"description\":\"Concurso Pol\u00edcia Penal RS \u00e9 iminente! Novo edital ter\u00e1 205 vagas imediatas + CR nos n\u00edveis m\u00e9dio e superior. Veja os detalhes!\",\"breadcrumb\":{\"@id\":\"https:\/\/www.estrategiaconcursos.com.br\/blog\/concurso-policia-penal-rs\/#breadcrumb\"},\"inLanguage\":\"pt-BR\",\"potentialAction\":[{\"@type\":\"ReadAction\",\"target\":[\"https:\/\/www.estrategiaconcursos.com.br\/blog\/concurso-policia-penal-rs\/\"]}]},{\"@type\":\"ImageObject\",\"inLanguage\":\"pt-BR\",\"@id\":\"https:\/\/www.estrategiaconcursos.com.br\/blog\/concurso-policia-penal-rs\/#primaryimage\",\"url\":\"https:\/\/dhg1h5j42swfq.cloudfront.net\/2025\/01\/20101916\/concurso-policia-penal-rs.jpg\",\"contentUrl\":\"https:\/\/dhg1h5j42swfq.cloudfront.net\/2025\/01\/20101916\/concurso-policia-penal-rs.jpg\",\"width\":768,\"height\":432,\"caption\":\"concurso pol\u00edcia penal rs\"},{\"@type\":\"BreadcrumbList\",\"@id\":\"https:\/\/www.estrategiaconcursos.com.br\/blog\/concurso-policia-penal-rs\/#breadcrumb\",\"itemListElement\":[{\"@type\":\"ListItem\",\"position\":1,\"name\":\"In\u00edcio\",\"item\":\"https:\/\/www.estrategiaconcursos.com.br\/blog\/\"},{\"@type\":\"ListItem\",\"position\":2,\"name\":\"Concurso Pol\u00edcia Penal RS: 205 vagas + CR. Edital iminente!\"}]},{\"@type\":\"WebSite\",\"@id\":\"https:\/\/www.estrategiaconcursos.com.br\/blog\/#website\",\"url\":\"https:\/\/www.estrategiaconcursos.com.br\/blog\/\",\"name\":\"Estrat\u00e9gia Concursos\",\"description\":\"O blog da Estrat\u00e9gia Concursos traz not\u00edcias sobre concursos e artigos de professores oferecendo cursos para concursos (pdf + videaulas) no site.\",\"publisher\":{\"@id\":\"https:\/\/www.estrategiaconcursos.com.br\/blog\/#organization\"},\"potentialAction\":[{\"@type\":\"SearchAction\",\"target\":{\"@type\":\"EntryPoint\",\"urlTemplate\":\"https:\/\/www.estrategiaconcursos.com.br\/blog\/?s={search_term_string}\"},\"query-input\":{\"@type\":\"PropertyValueSpecification\",\"valueRequired\":true,\"valueName\":\"search_term_string\"}}],\"inLanguage\":\"pt-BR\"},{\"@type\":\"Organization\",\"@id\":\"https:\/\/www.estrategiaconcursos.com.br\/blog\/#organization\",\"name\":\"Estrat\u00e9gia Concursos\",\"url\":\"https:\/\/www.estrategiaconcursos.com.br\/blog\/\",\"logo\":{\"@type\":\"ImageObject\",\"inLanguage\":\"pt-BR\",\"@id\":\"https:\/\/www.estrategiaconcursos.com.br\/blog\/#\/schema\/logo\/image\/\",\"url\":\"https:\/\/dhg1h5j42swfq.cloudfront.net\/2025\/06\/03203428\/logo_concursos-1.jpg\",\"contentUrl\":\"https:\/\/dhg1h5j42swfq.cloudfront.net\/2025\/06\/03203428\/logo_concursos-1.jpg\",\"width\":230,\"height\":60,\"caption\":\"Estrat\u00e9gia Concursos\"},\"image\":{\"@id\":\"https:\/\/www.estrategiaconcursos.com.br\/blog\/#\/schema\/logo\/image\/\"},\"sameAs\":[\"https:\/\/x.com\/EstratConcursos\"]},{\"@type\":\"Person\",\"@id\":\"https:\/\/www.estrategiaconcursos.com.br\/blog\/#\/schema\/person\/b4a388c97673c5f483d72185668afa1f\",\"name\":\"Coordena\u00e7\u00e3o\",\"image\":{\"@type\":\"ImageObject\",\"inLanguage\":\"pt-BR\",\"@id\":\"https:\/\/secure.gravatar.com\/avatar\/b720319e4c9a967eb58678d110f4fe35452fc5d5f97b202bac7b8acceb18c6ad?s=96&d=mm&r=g\",\"url\":\"https:\/\/secure.gravatar.com\/avatar\/b720319e4c9a967eb58678d110f4fe35452fc5d5f97b202bac7b8acceb18c6ad?s=96&d=mm&r=g\",\"contentUrl\":\"https:\/\/secure.gravatar.com\/avatar\/b720319e4c9a967eb58678d110f4fe35452fc5d5f97b202bac7b8acceb18c6ad?s=96&d=mm&r=g\",\"caption\":\"Coordena\u00e7\u00e3o\"},\"sameAs\":[\"https:\/\/www.facebook.com\/EstrategiaConcursos\",\"https:\/\/x.com\/EstratConcursos\"],\"url\":\"https:\/\/www.estrategiaconcursos.com.br\/blog\/author\/estrategia2013\/\"}]}<\/script>\n<!-- \/ Yoast SEO Premium plugin. -->","yoast_head_json":{"title":"Concurso Pol\u00edcia Penal RS: 205 vagas + CR. Edital iminente!","description":"Concurso Pol\u00edcia Penal RS \u00e9 iminente! Novo edital ter\u00e1 205 vagas imediatas + CR nos n\u00edveis m\u00e9dio e superior. Veja os detalhes!","robots":{"index":"index","follow":"follow","max-snippet":"max-snippet:-1","max-image-preview":"max-image-preview:large","max-video-preview":"max-video-preview:-1"},"canonical":"https:\/\/www.estrategiaconcursos.com.br\/blog\/concurso-policia-penal-rs\/","og_locale":"pt_BR","og_type":"article","og_title":"Concurso Pol\u00edcia Penal RS: 205 vagas + CR. Edital iminente!","og_description":"Concurso Pol\u00edcia Penal RS \u00e9 iminente! Novo edital ter\u00e1 205 vagas imediatas + CR nos n\u00edveis m\u00e9dio e superior. Veja os detalhes!","og_url":"https:\/\/www.estrategiaconcursos.com.br\/blog\/concurso-policia-penal-rs\/","og_site_name":"Estrat\u00e9gia Concursos","article_author":"https:\/\/www.facebook.com\/EstrategiaConcursos","article_published_time":"2026-04-10T19:01:00+00:00","article_modified_time":"2026-04-10T22:24:37+00:00","og_image":[{"width":768,"height":432,"url":"https:\/\/dhg1h5j42swfq.cloudfront.net\/2025\/01\/20101916\/concurso-policia-penal-rs.jpg","type":"image\/jpeg"}],"author":"Coordena\u00e7\u00e3o","twitter_card":"summary_large_image","twitter_creator":"@EstratConcursos","twitter_site":"@EstratConcursos","twitter_misc":{"Escrito por":"Coordena\u00e7\u00e3o","Est. tempo de leitura":"9 minutos"},"schema":{"@context":"https:\/\/schema.org","@graph":[{"@type":"NewsArticle","@id":"https:\/\/www.estrategiaconcursos.com.br\/blog\/concurso-policia-penal-rs\/#article","isPartOf":{"@id":"https:\/\/www.estrategiaconcursos.com.br\/blog\/concurso-policia-penal-rs\/"},"author":{"name":"Coordena\u00e7\u00e3o","@id":"https:\/\/www.estrategiaconcursos.com.br\/blog\/#\/schema\/person\/b4a388c97673c5f483d72185668afa1f"},"headline":"Concurso Pol\u00edcia Penal RS: 205 vagas + CR. Edital iminente!","datePublished":"2026-04-10T19:01:00+00:00","dateModified":"2026-04-10T22:24:37+00:00","mainEntityOfPage":{"@id":"https:\/\/www.estrategiaconcursos.com.br\/blog\/concurso-policia-penal-rs\/"},"wordCount":2521,"commentCount":1,"publisher":{"@id":"https:\/\/www.estrategiaconcursos.com.br\/blog\/#organization"},"image":{"@id":"https:\/\/www.estrategiaconcursos.com.br\/blog\/concurso-policia-penal-rs\/#primaryimage"},"thumbnailUrl":"https:\/\/dhg1h5j42swfq.cloudfront.net\/2025\/01\/20101916\/concurso-policia-penal-rs.jpg","articleSection":["Policial (Agente Penitenci\u00e1rio)"],"inLanguage":"pt-BR","potentialAction":[{"@type":"CommentAction","name":"Comment","target":["https:\/\/www.estrategiaconcursos.com.br\/blog\/concurso-policia-penal-rs\/#respond"]}],"copyrightYear":"2026","copyrightHolder":{"@id":"https:\/\/www.estrategiaconcursos.com.br\/blog\/#organization"}},{"@type":"WebPage","@id":"https:\/\/www.estrategiaconcursos.com.br\/blog\/concurso-policia-penal-rs\/","url":"https:\/\/www.estrategiaconcursos.com.br\/blog\/concurso-policia-penal-rs\/","name":"Concurso Pol\u00edcia Penal RS: 205 vagas + CR. Edital iminente!","isPartOf":{"@id":"https:\/\/www.estrategiaconcursos.com.br\/blog\/#website"},"primaryImageOfPage":{"@id":"https:\/\/www.estrategiaconcursos.com.br\/blog\/concurso-policia-penal-rs\/#primaryimage"},"image":{"@id":"https:\/\/www.estrategiaconcursos.com.br\/blog\/concurso-policia-penal-rs\/#primaryimage"},"thumbnailUrl":"https:\/\/dhg1h5j42swfq.cloudfront.net\/2025\/01\/20101916\/concurso-policia-penal-rs.jpg","datePublished":"2026-04-10T19:01:00+00:00","dateModified":"2026-04-10T22:24:37+00:00","description":"Concurso Pol\u00edcia Penal RS \u00e9 iminente! Novo edital ter\u00e1 205 vagas imediatas + CR nos n\u00edveis m\u00e9dio e superior. Veja os detalhes!","breadcrumb":{"@id":"https:\/\/www.estrategiaconcursos.com.br\/blog\/concurso-policia-penal-rs\/#breadcrumb"},"inLanguage":"pt-BR","potentialAction":[{"@type":"ReadAction","target":["https:\/\/www.estrategiaconcursos.com.br\/blog\/concurso-policia-penal-rs\/"]}]},{"@type":"ImageObject","inLanguage":"pt-BR","@id":"https:\/\/www.estrategiaconcursos.com.br\/blog\/concurso-policia-penal-rs\/#primaryimage","url":"https:\/\/dhg1h5j42swfq.cloudfront.net\/2025\/01\/20101916\/concurso-policia-penal-rs.jpg","contentUrl":"https:\/\/dhg1h5j42swfq.cloudfront.net\/2025\/01\/20101916\/concurso-policia-penal-rs.jpg","width":768,"height":432,"caption":"concurso pol\u00edcia penal rs"},{"@type":"BreadcrumbList","@id":"https:\/\/www.estrategiaconcursos.com.br\/blog\/concurso-policia-penal-rs\/#breadcrumb","itemListElement":[{"@type":"ListItem","position":1,"name":"In\u00edcio","item":"https:\/\/www.estrategiaconcursos.com.br\/blog\/"},{"@type":"ListItem","position":2,"name":"Concurso Pol\u00edcia Penal RS: 205 vagas + CR. Edital iminente!"}]},{"@type":"WebSite","@id":"https:\/\/www.estrategiaconcursos.com.br\/blog\/#website","url":"https:\/\/www.estrategiaconcursos.com.br\/blog\/","name":"Estrat\u00e9gia Concursos","description":"O blog da Estrat\u00e9gia Concursos traz not\u00edcias sobre concursos e artigos de professores oferecendo cursos para concursos (pdf + videaulas) no site.","publisher":{"@id":"https:\/\/www.estrategiaconcursos.com.br\/blog\/#organization"},"potentialAction":[{"@type":"SearchAction","target":{"@type":"EntryPoint","urlTemplate":"https:\/\/www.estrategiaconcursos.com.br\/blog\/?s={search_term_string}"},"query-input":{"@type":"PropertyValueSpecification","valueRequired":true,"valueName":"search_term_string"}}],"inLanguage":"pt-BR"},{"@type":"Organization","@id":"https:\/\/www.estrategiaconcursos.com.br\/blog\/#organization","name":"Estrat\u00e9gia Concursos","url":"https:\/\/www.estrategiaconcursos.com.br\/blog\/","logo":{"@type":"ImageObject","inLanguage":"pt-BR","@id":"https:\/\/www.estrategiaconcursos.com.br\/blog\/#\/schema\/logo\/image\/","url":"https:\/\/dhg1h5j42swfq.cloudfront.net\/2025\/06\/03203428\/logo_concursos-1.jpg","contentUrl":"https:\/\/dhg1h5j42swfq.cloudfront.net\/2025\/06\/03203428\/logo_concursos-1.jpg","width":230,"height":60,"caption":"Estrat\u00e9gia Concursos"},"image":{"@id":"https:\/\/www.estrategiaconcursos.com.br\/blog\/#\/schema\/logo\/image\/"},"sameAs":["https:\/\/x.com\/EstratConcursos"]},{"@type":"Person","@id":"https:\/\/www.estrategiaconcursos.com.br\/blog\/#\/schema\/person\/b4a388c97673c5f483d72185668afa1f","name":"Coordena\u00e7\u00e3o","image":{"@type":"ImageObject","inLanguage":"pt-BR","@id":"https:\/\/secure.gravatar.com\/avatar\/b720319e4c9a967eb58678d110f4fe35452fc5d5f97b202bac7b8acceb18c6ad?s=96&d=mm&r=g","url":"https:\/\/secure.gravatar.com\/avatar\/b720319e4c9a967eb58678d110f4fe35452fc5d5f97b202bac7b8acceb18c6ad?s=96&d=mm&r=g","contentUrl":"https:\/\/secure.gravatar.com\/avatar\/b720319e4c9a967eb58678d110f4fe35452fc5d5f97b202bac7b8acceb18c6ad?s=96&d=mm&r=g","caption":"Coordena\u00e7\u00e3o"},"sameAs":["https:\/\/www.facebook.com\/EstrategiaConcursos","https:\/\/x.com\/EstratConcursos"],"url":"https:\/\/www.estrategiaconcursos.com.br\/blog\/author\/estrategia2013\/"}]}},"_links":{"self":[{"href":"https:\/\/www.estrategiaconcursos.com.br\/blog\/wp-json\/wp\/v2\/posts\/56478","targetHints":{"allow":["GET"]}}],"collection":[{"href":"https:\/\/www.estrategiaconcursos.com.br\/blog\/wp-json\/wp\/v2\/posts"}],"about":[{"href":"https:\/\/www.estrategiaconcursos.com.br\/blog\/wp-json\/wp\/v2\/types\/post"}],"author":[{"embeddable":true,"href":"https:\/\/www.estrategiaconcursos.com.br\/blog\/wp-json\/wp\/v2\/users\/1"}],"replies":[{"embeddable":true,"href":"https:\/\/www.estrategiaconcursos.com.br\/blog\/wp-json\/wp\/v2\/comments?post=56478"}],"version-history":[{"count":156,"href":"https:\/\/www.estrategiaconcursos.com.br\/blog\/wp-json\/wp\/v2\/posts\/56478\/revisions"}],"predecessor-version":[{"id":1751954,"href":"https:\/\/www.estrategiaconcursos.com.br\/blog\/wp-json\/wp\/v2\/posts\/56478\/revisions\/1751954"}],"wp:featuredmedia":[{"embeddable":true,"href":"https:\/\/www.estrategiaconcursos.com.br\/blog\/wp-json\/wp\/v2\/media\/1519294"}],"wp:attachment":[{"href":"https:\/\/www.estrategiaconcursos.com.br\/blog\/wp-json\/wp\/v2\/media?parent=56478"}],"wp:term":[{"taxonomy":"category","embeddable":true,"href":"https:\/\/www.estrategiaconcursos.com.br\/blog\/wp-json\/wp\/v2\/categories?post=56478"},{"taxonomy":"post_tag","embeddable":true,"href":"https:\/\/www.estrategiaconcursos.com.br\/blog\/wp-json\/wp\/v2\/tags?post=56478"},{"taxonomy":"tax_estado","embeddable":true,"href":"https:\/\/www.estrategiaconcursos.com.br\/blog\/wp-json\/wp\/v2\/tax_estado?post=56478"}],"curies":[{"name":"wp","href":"https:\/\/api.w.org\/{rel}","templated":true}]}}