{"id":564641,"date":"2020-08-31T15:26:16","date_gmt":"2020-08-31T18:26:16","guid":{"rendered":"https:\/\/www.estrategiaconcursos.com.br\/blog\/?p=564641"},"modified":"2023-06-28T14:32:52","modified_gmt":"2023-06-28T17:32:52","slug":"ministerio-da-saude-selecao-edital","status":"publish","type":"post","link":"https:\/\/www.estrategiaconcursos.com.br\/blog\/ministerio-da-saude-selecao-edital\/","title":{"rendered":"Minist\u00e9rio da Sa\u00fade abre sele\u00e7\u00e3o com mais de 4 mil vagas; at\u00e9 R$ 11 mil"},"content":{"rendered":"\n<p>O Minist\u00e9rio da Sa\u00fade lan\u00e7ou na \u00faltima sexta-feita (28) o edital de um novo processo seletivo. A sele\u00e7\u00e3o oferta <strong>4.117 vagas<\/strong> para cargos de n\u00edveis m\u00e9dio\/t\u00e9cnico e superior. O processo visa refor\u00e7ar o atendimento nas unidades federais de sa\u00fade no estado do Rio de Janeiro.<\/p>\n\n\n\n<p>Os profissionais selecionados ser\u00e3o lotados em uma das seguintes unidades: <strong>Hospital Federal do Andara\u00ed, Hospital Federal do Bonsucesso, Hospital Federal Cardoso Fontes, Hospital Federal de Ipanema, Hospital Federal da Lagoa, Hospital Federal dos Servidores do Estado, Instuto Nacional de Cardiologia, Instuto Nacional de Traumatologia e Ortopedia e Instituto Nacional de C\u00e2ncer Jos\u00e9 Alencar Gomes da Silva<\/strong>, a crit\u00e9rio da Superintend\u00eancia Estadual do Minist\u00e9rio da Sa\u00fade no Rio de Janeiro.<\/p>\n\n\n\n<h2 class=\"wp-block-heading\" id=\"h-cargos-vagas-e-remuneracoes\">Cargos, vagas e remunera\u00e7\u00f5es<\/h2>\n\n\n\n<figure class=\"wp-block-image size-large\"><img loading=\"lazy\" decoding=\"async\" width=\"1024\" height=\"419\" src=\"https:\/\/dhg1h5j42swfq.cloudfront.net\/2020\/08\/31150437\/image-296-1024x419.png\" alt=\"\" class=\"wp-image-564649\" srcset=\"https:\/\/dhg1h5j42swfq.cloudfront.net\/2020\/08\/31150437\/image-296-1024x419.png 1024w, https:\/\/dhg1h5j42swfq.cloudfront.net\/2020\/08\/31150437\/image-296-300x123.png 300w, https:\/\/dhg1h5j42swfq.cloudfront.net\/2020\/08\/31150437\/image-296-768x314.png 768w, https:\/\/dhg1h5j42swfq.cloudfront.net\/2020\/08\/31150437\/image-296-610x250.png 610w, https:\/\/dhg1h5j42swfq.cloudfront.net\/2020\/08\/31150437\/image-296.png 1461w\" sizes=\"auto, (max-width: 1024px) 100vw, 1024px\" \/><\/figure>\n\n\n\n<p>As contrata\u00e7\u00f5es tempor\u00e1rias ter\u00e3o o prazo contratual m\u00e1ximo de<strong> 06 meses<\/strong>, improrrog\u00e1veis, conforme par\u00e1grafo \u00fanico, do argo 2\u00ba, da Medida Provis\u00f3ria n\u00ba 974, de 28 de maio de 2020.<\/p>\n\n\n\n<h2 class=\"wp-block-heading\" id=\"h-inscricoes-abertas-ministerio-da-saude\">Inscri\u00e7\u00f5es abertas &#8211; Minist\u00e9rio da Sa\u00fade<\/h2>\n\n\n\n<p>Os interessados no processo seletivo, que ser\u00e1 realizado por meio de an\u00e1lise curricular e de T\u00edtulos, dever\u00e3o se inscrever&nbsp;<a rel=\"noreferrer noopener\" href=\"https:\/\/www.saude.gov.br\/acesso-a-informacao\/concursos-e-selecoes\" target=\"_blank\">NESTE LINK<\/a>&nbsp;at\u00e9 o dia <strong>07 de setembro de 2020.<\/strong><\/p>\n\n\n\n<h3 class=\"wp-block-heading\" id=\"h-analise-de-titulos\">An\u00e1lise de T\u00edtulos<\/h3>\n\n\n\n<figure class=\"wp-block-image size-large\"><img loading=\"lazy\" decoding=\"async\" width=\"1024\" height=\"285\" src=\"https:\/\/dhg1h5j42swfq.cloudfront.net\/2020\/08\/31152022\/image-297-1024x285.png\" alt=\"\" class=\"wp-image-564654\" srcset=\"https:\/\/dhg1h5j42swfq.cloudfront.net\/2020\/08\/31152022\/image-297-1024x285.png 1024w, https:\/\/dhg1h5j42swfq.cloudfront.net\/2020\/08\/31152022\/image-297-300x84.png 300w, https:\/\/dhg1h5j42swfq.cloudfront.net\/2020\/08\/31152022\/image-297-768x214.png 768w, https:\/\/dhg1h5j42swfq.cloudfront.net\/2020\/08\/31152022\/image-297-610x170.png 610w, https:\/\/dhg1h5j42swfq.cloudfront.net\/2020\/08\/31152022\/image-297.png 1085w\" sizes=\"auto, (max-width: 1024px) 100vw, 1024px\" \/><\/figure>\n\n\n\n<figure class=\"wp-block-image size-large\"><img loading=\"lazy\" decoding=\"async\" width=\"1024\" height=\"481\" src=\"https:\/\/dhg1h5j42swfq.cloudfront.net\/2020\/08\/31152043\/image-298-1024x481.png\" alt=\"\" class=\"wp-image-564655\" srcset=\"https:\/\/dhg1h5j42swfq.cloudfront.net\/2020\/08\/31152043\/image-298-1024x481.png 1024w, https:\/\/dhg1h5j42swfq.cloudfront.net\/2020\/08\/31152043\/image-298-300x141.png 300w, https:\/\/dhg1h5j42swfq.cloudfront.net\/2020\/08\/31152043\/image-298-768x361.png 768w, https:\/\/dhg1h5j42swfq.cloudfront.net\/2020\/08\/31152043\/image-298-610x286.png 610w, https:\/\/dhg1h5j42swfq.cloudfront.net\/2020\/08\/31152043\/image-298.png 1082w\" sizes=\"auto, (max-width: 1024px) 100vw, 1024px\" \/><\/figure>\n\n\n\n<p>Para mais informa\u00e7\u00f5es, baixe o edital abaixo:<\/p>\n\n\n\n<p class=\"has-text-align-center has-very-light-gray-background-color has-background\" style=\"font-size:clamp(14px, 0.875rem + ((1vw - 3.2px) * 0.392), 18px);px\"><strong><a rel=\"noreferrer noopener\" href=\"https:\/\/dhg1h5j42swfq.cloudfront.net\/2020\/08\/31152122\/Edital-Minist__rio-da-Saude-4_117-vagas.pdf\" target=\"_blank\">Edital Minist\u00e9rio da Sa\u00fade<\/a><\/strong> <\/p>\n\n\n\n<p class=\"has-text-align-center has-medium-font-size\"><em><strong>Assinatura Anual Ilimitada*<\/strong><\/em><\/p>\n\n\n\n<p class=\"has-text-align-center\"><em>Prepare-se para o concurso C\u00e2mara de Altinho PE com o melhor material e com quem mais aprova em Concursos P\u00fablicos em todo o pa\u00eds. Assine agora a nossa Assinatura Anual e tenha acesso ilimitado* a todos os nossos cursos.<\/em><\/p>\n\n\n\n<p class=\"has-text-align-center has-light-green-cyan-background-color has-background\" style=\"font-size:clamp(14.642px, 0.915rem + ((1vw - 3.2px) * 0.721), 22px);px\"><strong>ASSINE AGORA<\/strong>&nbsp;\u2013&nbsp;<strong><a rel=\"noreferrer noopener\" href=\"https:\/\/www.estrategiaconcursos.com.br\/assinaturas\" target=\"_blank\">Assinatura Ilimitada<\/a><\/strong><\/p>\n\n\n\n<p class=\"has-text-align-center has-medium-font-size\"><strong><em><strong>Sistema de Quest\u00f5es<\/strong><\/em><\/strong><\/p>\n\n\n\n<p class=\"has-text-align-center\"><em>Estrat\u00e9gia Quest\u00f5es nasceu maior do que todos os concorrentes, com mais quest\u00f5es cadastradas e mais solu\u00e7\u00f5es por professores. Ent\u00e3o, confira e aproveite os descontos e b\u00f4nus imperd\u00edveis!<\/em><\/p>\n\n\n\n<p class=\"has-text-align-center has-vivid-green-cyan-background-color has-background\" style=\"font-size:clamp(14.642px, 0.915rem + ((1vw - 3.2px) * 0.721), 22px);px\"><strong>ASSINE AGORA \u2013&nbsp;<a rel=\"noreferrer noopener\" href=\"https:\/\/www.estrategiaconcursos.com.br\/cursosPorConcurso\/sistema-de-questoes\/#\/\" target=\"_blank\">Sistema de Quest\u00f5es<\/a><\/strong><\/p>\n\n\n\n<p class=\"has-text-align-center has-normal-font-size\"><strong><em>Fique por dentro dos concursos em aberto<\/em><\/strong><\/p>\n\n\n\n<p class=\"has-text-align-center has-pale-cyan-blue-background-color has-background\" style=\"font-size:clamp(14.642px, 0.915rem + ((1vw - 3.2px) * 0.721), 22px);px\"><a href=\"https:\/\/www.estrategiaconcursos.com.br\/blog\/concursos-abertos\/\" target=\"_blank\" rel=\"noreferrer noopener\"><strong>CONCURSOS ABERTOS<\/strong><\/a><\/p>\n","protected":false},"excerpt":{"rendered":"<p>O Minist\u00e9rio da Sa\u00fade lan\u00e7ou na \u00faltima sexta-feita (28) o edital de um novo processo seletivo. A sele\u00e7\u00e3o oferta 4.117 vagas para cargos de n\u00edveis m\u00e9dio\/t\u00e9cnico e superior. O processo visa refor\u00e7ar o atendimento nas unidades federais de sa\u00fade no estado do Rio de Janeiro. Os profissionais selecionados ser\u00e3o lotados em uma das seguintes unidades: [&hellip;]<\/p>\n","protected":false},"author":561,"featured_media":505244,"comment_status":"open","ping_status":"closed","sticky":false,"template":"","format":"standard","meta":{"post_tipo":"article","footnotes":""},"categories":[1],"tags":[],"tax_estado":[],"class_list":["post-564641","post","type-post","status-publish","format-standard","has-post-thumbnail","hentry","category-cursos-e-concursos"],"acf":[],"yoast_head":"<!-- This site is optimized with the Yoast SEO Premium plugin v27.2 (Yoast SEO v27.2) - https:\/\/yoast.com\/product\/yoast-seo-premium-wordpress\/ -->\n<title>Minist\u00e9rio da Sa\u00fade abre sele\u00e7\u00e3o com mais de 4 mil vagas; at\u00e9 R$ 11 mil<\/title>\n<meta name=\"description\" content=\"O Minist\u00e9rio da Sa\u00fade lan\u00e7ou na \u00faltima sexta-feita (28) o edital de um novo processo seletivo. A sele\u00e7\u00e3o oferta 4.117 vagas. Confira no site!\" \/>\n<meta name=\"robots\" content=\"index, follow, max-snippet:-1, max-image-preview:large, max-video-preview:-1\" \/>\n<link rel=\"canonical\" href=\"https:\/\/www.estrategiaconcursos.com.br\/blog\/ministerio-da-saude-selecao-edital\/\" \/>\n<meta property=\"og:locale\" content=\"pt_BR\" \/>\n<meta property=\"og:type\" content=\"article\" \/>\n<meta property=\"og:title\" content=\"Minist\u00e9rio da Sa\u00fade abre sele\u00e7\u00e3o com mais de 4 mil vagas; at\u00e9 R$ 11 mil\" \/>\n<meta property=\"og:description\" content=\"O Minist\u00e9rio da Sa\u00fade lan\u00e7ou na \u00faltima sexta-feita (28) o edital de um novo processo seletivo. A sele\u00e7\u00e3o oferta 4.117 vagas. Confira no site!\" \/>\n<meta property=\"og:url\" content=\"https:\/\/www.estrategiaconcursos.com.br\/blog\/ministerio-da-saude-selecao-edital\/\" \/>\n<meta property=\"og:site_name\" content=\"Estrat\u00e9gia Concursos\" \/>\n<meta property=\"article:published_time\" content=\"2020-08-31T18:26:16+00:00\" \/>\n<meta property=\"article:modified_time\" content=\"2023-06-28T17:32:52+00:00\" \/>\n<meta property=\"og:image\" content=\"https:\/\/dhg1h5j42swfq.cloudfront.net\/2020\/04\/17235529\/ministerio-saude-700x490-1.jpg\" \/>\n\t<meta property=\"og:image:width\" content=\"700\" \/>\n\t<meta property=\"og:image:height\" content=\"490\" \/>\n\t<meta property=\"og:image:type\" content=\"image\/jpeg\" \/>\n<meta name=\"author\" content=\"Ligia Carvalheiro Fernandes\" \/>\n<meta name=\"twitter:card\" content=\"summary_large_image\" \/>\n<meta name=\"twitter:creator\" content=\"@EstratConcursos\" \/>\n<meta name=\"twitter:site\" content=\"@EstratConcursos\" \/>\n<meta name=\"twitter:label1\" content=\"Escrito por\" \/>\n\t<meta name=\"twitter:data1\" content=\"Ligia Carvalheiro Fernandes\" \/>\n\t<meta name=\"twitter:label2\" content=\"Est. tempo de leitura\" \/>\n\t<meta name=\"twitter:data2\" content=\"2 minutos\" \/>\n<script type=\"application\/ld+json\" class=\"yoast-schema-graph\">{\"@context\":\"https:\/\/schema.org\",\"@graph\":[{\"@type\":\"NewsArticle\",\"@id\":\"https:\/\/www.estrategiaconcursos.com.br\/blog\/ministerio-da-saude-selecao-edital\/#article\",\"isPartOf\":{\"@id\":\"https:\/\/www.estrategiaconcursos.com.br\/blog\/ministerio-da-saude-selecao-edital\/\"},\"author\":{\"name\":\"Ligia Carvalheiro Fernandes\",\"@id\":\"https:\/\/www.estrategiaconcursos.com.br\/blog\/#\/schema\/person\/cc76e9dac392d5e35e7d00c493eee792\"},\"headline\":\"Minist\u00e9rio da Sa\u00fade abre sele\u00e7\u00e3o com mais de 4 mil vagas; at\u00e9 R$ 11 mil\",\"datePublished\":\"2020-08-31T18:26:16+00:00\",\"dateModified\":\"2023-06-28T17:32:52+00:00\",\"mainEntityOfPage\":{\"@id\":\"https:\/\/www.estrategiaconcursos.com.br\/blog\/ministerio-da-saude-selecao-edital\/\"},\"wordCount\":345,\"commentCount\":0,\"publisher\":{\"@id\":\"https:\/\/www.estrategiaconcursos.com.br\/blog\/#organization\"},\"image\":{\"@id\":\"https:\/\/www.estrategiaconcursos.com.br\/blog\/ministerio-da-saude-selecao-edital\/#primaryimage\"},\"thumbnailUrl\":\"https:\/\/dhg1h5j42swfq.cloudfront.net\/2020\/04\/17235529\/ministerio-saude-700x490-1.jpg\",\"articleSection\":[\"Concursos P\u00fablicos\"],\"inLanguage\":\"pt-BR\",\"potentialAction\":[{\"@type\":\"CommentAction\",\"name\":\"Comment\",\"target\":[\"https:\/\/www.estrategiaconcursos.com.br\/blog\/ministerio-da-saude-selecao-edital\/#respond\"]}],\"copyrightYear\":\"2020\",\"copyrightHolder\":{\"@id\":\"https:\/\/www.estrategiaconcursos.com.br\/blog\/#organization\"}},{\"@type\":\"WebPage\",\"@id\":\"https:\/\/www.estrategiaconcursos.com.br\/blog\/ministerio-da-saude-selecao-edital\/\",\"url\":\"https:\/\/www.estrategiaconcursos.com.br\/blog\/ministerio-da-saude-selecao-edital\/\",\"name\":\"Minist\u00e9rio da Sa\u00fade abre sele\u00e7\u00e3o com mais de 4 mil vagas; at\u00e9 R$ 11 mil\",\"isPartOf\":{\"@id\":\"https:\/\/www.estrategiaconcursos.com.br\/blog\/#website\"},\"primaryImageOfPage\":{\"@id\":\"https:\/\/www.estrategiaconcursos.com.br\/blog\/ministerio-da-saude-selecao-edital\/#primaryimage\"},\"image\":{\"@id\":\"https:\/\/www.estrategiaconcursos.com.br\/blog\/ministerio-da-saude-selecao-edital\/#primaryimage\"},\"thumbnailUrl\":\"https:\/\/dhg1h5j42swfq.cloudfront.net\/2020\/04\/17235529\/ministerio-saude-700x490-1.jpg\",\"datePublished\":\"2020-08-31T18:26:16+00:00\",\"dateModified\":\"2023-06-28T17:32:52+00:00\",\"description\":\"O Minist\u00e9rio da Sa\u00fade lan\u00e7ou na \u00faltima sexta-feita (28) o edital de um novo processo seletivo. A sele\u00e7\u00e3o oferta 4.117 vagas. Confira no site!\",\"breadcrumb\":{\"@id\":\"https:\/\/www.estrategiaconcursos.com.br\/blog\/ministerio-da-saude-selecao-edital\/#breadcrumb\"},\"inLanguage\":\"pt-BR\",\"potentialAction\":[{\"@type\":\"ReadAction\",\"target\":[\"https:\/\/www.estrategiaconcursos.com.br\/blog\/ministerio-da-saude-selecao-edital\/\"]}]},{\"@type\":\"ImageObject\",\"inLanguage\":\"pt-BR\",\"@id\":\"https:\/\/www.estrategiaconcursos.com.br\/blog\/ministerio-da-saude-selecao-edital\/#primaryimage\",\"url\":\"https:\/\/dhg1h5j42swfq.cloudfront.net\/2020\/04\/17235529\/ministerio-saude-700x490-1.jpg\",\"contentUrl\":\"https:\/\/dhg1h5j42swfq.cloudfront.net\/2020\/04\/17235529\/ministerio-saude-700x490-1.jpg\",\"width\":700,\"height\":490},{\"@type\":\"BreadcrumbList\",\"@id\":\"https:\/\/www.estrategiaconcursos.com.br\/blog\/ministerio-da-saude-selecao-edital\/#breadcrumb\",\"itemListElement\":[{\"@type\":\"ListItem\",\"position\":1,\"name\":\"In\u00edcio\",\"item\":\"https:\/\/www.estrategiaconcursos.com.br\/blog\/\"},{\"@type\":\"ListItem\",\"position\":2,\"name\":\"Minist\u00e9rio da Sa\u00fade abre sele\u00e7\u00e3o com mais de 4 mil vagas; at\u00e9 R$ 11 mil\"}]},{\"@type\":\"WebSite\",\"@id\":\"https:\/\/www.estrategiaconcursos.com.br\/blog\/#website\",\"url\":\"https:\/\/www.estrategiaconcursos.com.br\/blog\/\",\"name\":\"Estrat\u00e9gia Concursos\",\"description\":\"O blog da Estrat\u00e9gia Concursos traz not\u00edcias sobre concursos e artigos de professores oferecendo cursos para concursos (pdf + videaulas) no site.\",\"publisher\":{\"@id\":\"https:\/\/www.estrategiaconcursos.com.br\/blog\/#organization\"},\"potentialAction\":[{\"@type\":\"SearchAction\",\"target\":{\"@type\":\"EntryPoint\",\"urlTemplate\":\"https:\/\/www.estrategiaconcursos.com.br\/blog\/?s={search_term_string}\"},\"query-input\":{\"@type\":\"PropertyValueSpecification\",\"valueRequired\":true,\"valueName\":\"search_term_string\"}}],\"inLanguage\":\"pt-BR\"},{\"@type\":\"Organization\",\"@id\":\"https:\/\/www.estrategiaconcursos.com.br\/blog\/#organization\",\"name\":\"Estrat\u00e9gia Concursos\",\"url\":\"https:\/\/www.estrategiaconcursos.com.br\/blog\/\",\"logo\":{\"@type\":\"ImageObject\",\"inLanguage\":\"pt-BR\",\"@id\":\"https:\/\/www.estrategiaconcursos.com.br\/blog\/#\/schema\/logo\/image\/\",\"url\":\"https:\/\/dhg1h5j42swfq.cloudfront.net\/2025\/06\/03203428\/logo_concursos-1.jpg\",\"contentUrl\":\"https:\/\/dhg1h5j42swfq.cloudfront.net\/2025\/06\/03203428\/logo_concursos-1.jpg\",\"width\":230,\"height\":60,\"caption\":\"Estrat\u00e9gia Concursos\"},\"image\":{\"@id\":\"https:\/\/www.estrategiaconcursos.com.br\/blog\/#\/schema\/logo\/image\/\"},\"sameAs\":[\"https:\/\/x.com\/EstratConcursos\"]},{\"@type\":\"Person\",\"@id\":\"https:\/\/www.estrategiaconcursos.com.br\/blog\/#\/schema\/person\/cc76e9dac392d5e35e7d00c493eee792\",\"name\":\"Ligia Carvalheiro Fernandes\",\"image\":{\"@type\":\"ImageObject\",\"inLanguage\":\"pt-BR\",\"@id\":\"https:\/\/secure.gravatar.com\/avatar\/26e4636c44dabc043eaf634f767ecd1d80505b210d3981d4ebd176a3f373e3ec?s=96&d=mm&r=g\",\"url\":\"https:\/\/secure.gravatar.com\/avatar\/26e4636c44dabc043eaf634f767ecd1d80505b210d3981d4ebd176a3f373e3ec?s=96&d=mm&r=g\",\"contentUrl\":\"https:\/\/secure.gravatar.com\/avatar\/26e4636c44dabc043eaf634f767ecd1d80505b210d3981d4ebd176a3f373e3ec?s=96&d=mm&r=g\",\"caption\":\"Ligia Carvalheiro Fernandes\"},\"url\":\"https:\/\/www.estrategiaconcursos.com.br\/blog\/author\/licarfegmail-com\/\"}]}<\/script>\n<!-- \/ Yoast SEO Premium plugin. -->","yoast_head_json":{"title":"Minist\u00e9rio da Sa\u00fade abre sele\u00e7\u00e3o com mais de 4 mil vagas; at\u00e9 R$ 11 mil","description":"O Minist\u00e9rio da Sa\u00fade lan\u00e7ou na \u00faltima sexta-feita (28) o edital de um novo processo seletivo. A sele\u00e7\u00e3o oferta 4.117 vagas. Confira no site!","robots":{"index":"index","follow":"follow","max-snippet":"max-snippet:-1","max-image-preview":"max-image-preview:large","max-video-preview":"max-video-preview:-1"},"canonical":"https:\/\/www.estrategiaconcursos.com.br\/blog\/ministerio-da-saude-selecao-edital\/","og_locale":"pt_BR","og_type":"article","og_title":"Minist\u00e9rio da Sa\u00fade abre sele\u00e7\u00e3o com mais de 4 mil vagas; at\u00e9 R$ 11 mil","og_description":"O Minist\u00e9rio da Sa\u00fade lan\u00e7ou na \u00faltima sexta-feita (28) o edital de um novo processo seletivo. A sele\u00e7\u00e3o oferta 4.117 vagas. Confira no site!","og_url":"https:\/\/www.estrategiaconcursos.com.br\/blog\/ministerio-da-saude-selecao-edital\/","og_site_name":"Estrat\u00e9gia Concursos","article_published_time":"2020-08-31T18:26:16+00:00","article_modified_time":"2023-06-28T17:32:52+00:00","og_image":[{"width":700,"height":490,"url":"https:\/\/dhg1h5j42swfq.cloudfront.net\/2020\/04\/17235529\/ministerio-saude-700x490-1.jpg","type":"image\/jpeg"}],"author":"Ligia Carvalheiro Fernandes","twitter_card":"summary_large_image","twitter_creator":"@EstratConcursos","twitter_site":"@EstratConcursos","twitter_misc":{"Escrito por":"Ligia Carvalheiro Fernandes","Est. tempo de leitura":"2 minutos"},"schema":{"@context":"https:\/\/schema.org","@graph":[{"@type":"NewsArticle","@id":"https:\/\/www.estrategiaconcursos.com.br\/blog\/ministerio-da-saude-selecao-edital\/#article","isPartOf":{"@id":"https:\/\/www.estrategiaconcursos.com.br\/blog\/ministerio-da-saude-selecao-edital\/"},"author":{"name":"Ligia Carvalheiro Fernandes","@id":"https:\/\/www.estrategiaconcursos.com.br\/blog\/#\/schema\/person\/cc76e9dac392d5e35e7d00c493eee792"},"headline":"Minist\u00e9rio da Sa\u00fade abre sele\u00e7\u00e3o com mais de 4 mil vagas; at\u00e9 R$ 11 mil","datePublished":"2020-08-31T18:26:16+00:00","dateModified":"2023-06-28T17:32:52+00:00","mainEntityOfPage":{"@id":"https:\/\/www.estrategiaconcursos.com.br\/blog\/ministerio-da-saude-selecao-edital\/"},"wordCount":345,"commentCount":0,"publisher":{"@id":"https:\/\/www.estrategiaconcursos.com.br\/blog\/#organization"},"image":{"@id":"https:\/\/www.estrategiaconcursos.com.br\/blog\/ministerio-da-saude-selecao-edital\/#primaryimage"},"thumbnailUrl":"https:\/\/dhg1h5j42swfq.cloudfront.net\/2020\/04\/17235529\/ministerio-saude-700x490-1.jpg","articleSection":["Concursos P\u00fablicos"],"inLanguage":"pt-BR","potentialAction":[{"@type":"CommentAction","name":"Comment","target":["https:\/\/www.estrategiaconcursos.com.br\/blog\/ministerio-da-saude-selecao-edital\/#respond"]}],"copyrightYear":"2020","copyrightHolder":{"@id":"https:\/\/www.estrategiaconcursos.com.br\/blog\/#organization"}},{"@type":"WebPage","@id":"https:\/\/www.estrategiaconcursos.com.br\/blog\/ministerio-da-saude-selecao-edital\/","url":"https:\/\/www.estrategiaconcursos.com.br\/blog\/ministerio-da-saude-selecao-edital\/","name":"Minist\u00e9rio da Sa\u00fade abre sele\u00e7\u00e3o com mais de 4 mil vagas; at\u00e9 R$ 11 mil","isPartOf":{"@id":"https:\/\/www.estrategiaconcursos.com.br\/blog\/#website"},"primaryImageOfPage":{"@id":"https:\/\/www.estrategiaconcursos.com.br\/blog\/ministerio-da-saude-selecao-edital\/#primaryimage"},"image":{"@id":"https:\/\/www.estrategiaconcursos.com.br\/blog\/ministerio-da-saude-selecao-edital\/#primaryimage"},"thumbnailUrl":"https:\/\/dhg1h5j42swfq.cloudfront.net\/2020\/04\/17235529\/ministerio-saude-700x490-1.jpg","datePublished":"2020-08-31T18:26:16+00:00","dateModified":"2023-06-28T17:32:52+00:00","description":"O Minist\u00e9rio da Sa\u00fade lan\u00e7ou na \u00faltima sexta-feita (28) o edital de um novo processo seletivo. A sele\u00e7\u00e3o oferta 4.117 vagas. Confira no site!","breadcrumb":{"@id":"https:\/\/www.estrategiaconcursos.com.br\/blog\/ministerio-da-saude-selecao-edital\/#breadcrumb"},"inLanguage":"pt-BR","potentialAction":[{"@type":"ReadAction","target":["https:\/\/www.estrategiaconcursos.com.br\/blog\/ministerio-da-saude-selecao-edital\/"]}]},{"@type":"ImageObject","inLanguage":"pt-BR","@id":"https:\/\/www.estrategiaconcursos.com.br\/blog\/ministerio-da-saude-selecao-edital\/#primaryimage","url":"https:\/\/dhg1h5j42swfq.cloudfront.net\/2020\/04\/17235529\/ministerio-saude-700x490-1.jpg","contentUrl":"https:\/\/dhg1h5j42swfq.cloudfront.net\/2020\/04\/17235529\/ministerio-saude-700x490-1.jpg","width":700,"height":490},{"@type":"BreadcrumbList","@id":"https:\/\/www.estrategiaconcursos.com.br\/blog\/ministerio-da-saude-selecao-edital\/#breadcrumb","itemListElement":[{"@type":"ListItem","position":1,"name":"In\u00edcio","item":"https:\/\/www.estrategiaconcursos.com.br\/blog\/"},{"@type":"ListItem","position":2,"name":"Minist\u00e9rio da Sa\u00fade abre sele\u00e7\u00e3o com mais de 4 mil vagas; at\u00e9 R$ 11 mil"}]},{"@type":"WebSite","@id":"https:\/\/www.estrategiaconcursos.com.br\/blog\/#website","url":"https:\/\/www.estrategiaconcursos.com.br\/blog\/","name":"Estrat\u00e9gia Concursos","description":"O blog da Estrat\u00e9gia Concursos traz not\u00edcias sobre concursos e artigos de professores oferecendo cursos para concursos (pdf + videaulas) no site.","publisher":{"@id":"https:\/\/www.estrategiaconcursos.com.br\/blog\/#organization"},"potentialAction":[{"@type":"SearchAction","target":{"@type":"EntryPoint","urlTemplate":"https:\/\/www.estrategiaconcursos.com.br\/blog\/?s={search_term_string}"},"query-input":{"@type":"PropertyValueSpecification","valueRequired":true,"valueName":"search_term_string"}}],"inLanguage":"pt-BR"},{"@type":"Organization","@id":"https:\/\/www.estrategiaconcursos.com.br\/blog\/#organization","name":"Estrat\u00e9gia Concursos","url":"https:\/\/www.estrategiaconcursos.com.br\/blog\/","logo":{"@type":"ImageObject","inLanguage":"pt-BR","@id":"https:\/\/www.estrategiaconcursos.com.br\/blog\/#\/schema\/logo\/image\/","url":"https:\/\/dhg1h5j42swfq.cloudfront.net\/2025\/06\/03203428\/logo_concursos-1.jpg","contentUrl":"https:\/\/dhg1h5j42swfq.cloudfront.net\/2025\/06\/03203428\/logo_concursos-1.jpg","width":230,"height":60,"caption":"Estrat\u00e9gia Concursos"},"image":{"@id":"https:\/\/www.estrategiaconcursos.com.br\/blog\/#\/schema\/logo\/image\/"},"sameAs":["https:\/\/x.com\/EstratConcursos"]},{"@type":"Person","@id":"https:\/\/www.estrategiaconcursos.com.br\/blog\/#\/schema\/person\/cc76e9dac392d5e35e7d00c493eee792","name":"Ligia Carvalheiro Fernandes","image":{"@type":"ImageObject","inLanguage":"pt-BR","@id":"https:\/\/secure.gravatar.com\/avatar\/26e4636c44dabc043eaf634f767ecd1d80505b210d3981d4ebd176a3f373e3ec?s=96&d=mm&r=g","url":"https:\/\/secure.gravatar.com\/avatar\/26e4636c44dabc043eaf634f767ecd1d80505b210d3981d4ebd176a3f373e3ec?s=96&d=mm&r=g","contentUrl":"https:\/\/secure.gravatar.com\/avatar\/26e4636c44dabc043eaf634f767ecd1d80505b210d3981d4ebd176a3f373e3ec?s=96&d=mm&r=g","caption":"Ligia Carvalheiro Fernandes"},"url":"https:\/\/www.estrategiaconcursos.com.br\/blog\/author\/licarfegmail-com\/"}]}},"_links":{"self":[{"href":"https:\/\/www.estrategiaconcursos.com.br\/blog\/wp-json\/wp\/v2\/posts\/564641","targetHints":{"allow":["GET"]}}],"collection":[{"href":"https:\/\/www.estrategiaconcursos.com.br\/blog\/wp-json\/wp\/v2\/posts"}],"about":[{"href":"https:\/\/www.estrategiaconcursos.com.br\/blog\/wp-json\/wp\/v2\/types\/post"}],"author":[{"embeddable":true,"href":"https:\/\/www.estrategiaconcursos.com.br\/blog\/wp-json\/wp\/v2\/users\/561"}],"replies":[{"embeddable":true,"href":"https:\/\/www.estrategiaconcursos.com.br\/blog\/wp-json\/wp\/v2\/comments?post=564641"}],"version-history":[{"count":3,"href":"https:\/\/www.estrategiaconcursos.com.br\/blog\/wp-json\/wp\/v2\/posts\/564641\/revisions"}],"predecessor-version":[{"id":1240343,"href":"https:\/\/www.estrategiaconcursos.com.br\/blog\/wp-json\/wp\/v2\/posts\/564641\/revisions\/1240343"}],"wp:featuredmedia":[{"embeddable":true,"href":"https:\/\/www.estrategiaconcursos.com.br\/blog\/wp-json\/wp\/v2\/media\/505244"}],"wp:attachment":[{"href":"https:\/\/www.estrategiaconcursos.com.br\/blog\/wp-json\/wp\/v2\/media?parent=564641"}],"wp:term":[{"taxonomy":"category","embeddable":true,"href":"https:\/\/www.estrategiaconcursos.com.br\/blog\/wp-json\/wp\/v2\/categories?post=564641"},{"taxonomy":"post_tag","embeddable":true,"href":"https:\/\/www.estrategiaconcursos.com.br\/blog\/wp-json\/wp\/v2\/tags?post=564641"},{"taxonomy":"tax_estado","embeddable":true,"href":"https:\/\/www.estrategiaconcursos.com.br\/blog\/wp-json\/wp\/v2\/tax_estado?post=564641"}],"curies":[{"name":"wp","href":"https:\/\/api.w.org\/{rel}","templated":true}]}}