{"id":564597,"date":"2020-08-31T15:48:21","date_gmt":"2020-08-31T18:48:21","guid":{"rendered":"https:\/\/www.estrategiaconcursos.com.br\/blog\/?p=564597"},"modified":"2020-09-01T17:08:27","modified_gmt":"2020-09-01T20:08:27","slug":"aprovados-no-concurso-cruzeiro-do-sul-pedem-contratacao","status":"publish","type":"post","link":"https:\/\/www.estrategiaconcursos.com.br\/blog\/aprovados-no-concurso-cruzeiro-do-sul-pedem-contratacao\/","title":{"rendered":"Cruzeiro do Sul: Aprovados no concurso p\u00fablico pedem contrata\u00e7\u00e3o"},"content":{"rendered":"\n<p>Na manh\u00e3 desta segunda-feira, 31 de agosto, os candidatos aprovados no concurso p\u00fablico de Cruzeiro do Sul, estado do Acre, iniciaram um protesto em frente \u00e0 Prefeitura solicitando suas respectivas contrata\u00e7\u00f5es.<\/p>\n\n\n\n<p>Junto com outros secret\u00e1rios, o prefeito do munic\u00edpio,&nbsp;Clodoaldo Rodrigues, recebeu uma comiss\u00e3o dos aprovados e foi definido um calend\u00e1rio de convoca\u00e7\u00e3o, de acordo com relato do secret\u00e1rio de planejamento, Manoel Orleilson.<\/p>\n\n\n\n<blockquote class=\"wp-block-quote is-layout-flow wp-block-quote-is-layout-flow\"><p><em>&#8220;Assumimos o compromisso de que os professores, como j\u00e1 tinha iniciado o processo, ser\u00e3o efetivados at\u00e9 dia 30 de setembro. No dia 24 e 25 de setembro, n\u00f3s teremos a entrega de documentos dos agentes de endemias e avalia\u00e7\u00e3o da documenta\u00e7\u00e3o de pessoas que tiveram uma segunda convoca\u00e7\u00e3o.<\/em><\/p><p><em>No dia 2 de outubro, a gente passa ao planejamento da data de convoca\u00e7\u00e3o dos demais concursados, considerando toda necessidade do munic\u00edpio, de forma que ainda neste ano todos os aprovados assumam os cargos na prefeitura de Cruzeiro do Sul&#8221;.<\/em><\/p><\/blockquote>\n\n\n\n<p>Vale lembrar que o Tribunal de Contas do Estado do Acre chegou a suspender as mais de 500 contrata\u00e7\u00f5es&nbsp;dos aprovados no&nbsp;concurso p\u00fablico de Cruzeiro do Sul. Contudo, na \u00faltima semana, durante uma sess\u00e3o plen\u00e1ria virtual, foi liberado o chamamento dos servidores.<\/p>\n\n\n\n<p>Os candidatos foram convocados no dia 11 de fevereiro&nbsp;deste ano. No dia 3 de mar\u00e7o, a Prefeitura&nbsp;de Cruzeiro do Sul convocou mais de 100 professores&nbsp;para serem lotados nas unidades municipais de ensino para o in\u00edcio do ano letivo.<\/p>\n\n\n\n<p>Mas, por conta da decis\u00e3o do TCE do dia 5 de mar\u00e7o, onde o conselheiro Ronald Polanco imp\u00f4s um prazo de dois dias para que todos os atos referentes ao concurso p\u00fablico fossem suspensos, os procedimentos precisaram ser interrompidos.<\/p>\n\n\n\n<blockquote class=\"wp-block-quote is-layout-flow wp-block-quote-is-layout-flow\"><p><em>&#8220;N\u00f3s queremos trabalhar porque nesse momento muitos pais de fam\u00edlia est\u00e3o passando necessidade. Muitos vieram de outros estados, pediram demiss\u00e3o dos empregos, inclusive, uma das cl\u00e1usulas do concurso, pedir demiss\u00e3o de outros cargos p\u00fablicos. <\/em><\/p><p><em>O outro prefeito j\u00e1 tinha sinalizado que ia contratar todo mundo, mas, infelizmente, trocou a administra\u00e7\u00e3o e esse prefeito quer contratar de poucos e isso n\u00f3s n\u00e3o aceitamos&#8221;<\/em>, relatou um dos aprovados.<\/p><\/blockquote>\n\n\n\n<hr class=\"wp-block-separator\"\/>\n\n\n\n<p class=\"has-text-align-center has-medium-font-size\"><em><strong>Assinatura Anual Ilimitada*<\/strong><\/em><\/p>\n\n\n\n<p class=\"has-text-align-center\"><em>Prepare-se com o melhor material e com quem mais aprova em Concursos P\u00fablicos em todo o pa\u00eds. Assine agora a nossa Assinatura Anual e tenha acesso ilimitado* a todos os nossos cursos.<\/em><\/p>\n\n\n\n<p class=\"has-background has-text-align-center has-medium-font-size has-light-green-cyan-background-color\"><strong>ASSINE AGORA<\/strong>&nbsp;\u2013&nbsp;<a rel=\"noreferrer noopener\" href=\"https:\/\/www.estrategiaconcursos.com.br\/assinaturas\" target=\"_blank\"><strong>Assinatura Ilimitada<\/strong><\/a><\/p>\n\n\n\n<p class=\"has-text-align-center has-medium-font-size\"><strong><em><strong>Sistema de Quest\u00f5es<\/strong><\/em><\/strong><\/p>\n\n\n\n<p class=\"has-text-align-center\"><em>Estrat\u00e9gia Quest\u00f5es nasceu maior do que todos os concorrentes, com mais quest\u00f5es cadastradas e mais solu\u00e7\u00f5es por professores. Clique no link e aproveite os descontos e b\u00f4nus imperd\u00edveis!<\/em><\/p>\n\n\n\n<p class=\"has-background has-text-align-center has-medium-font-size has-vivid-green-cyan-background-color\"><strong>ASSINE AGORA \u2013&nbsp;<a href=\"https:\/\/questoes.estrategiaconcursos.com.br\/\" target=\"_blank\" rel=\"noreferrer noopener\">Sistema de Quest\u00f5es<\/a><\/strong><\/p>\n\n\n\n<p class=\"has-text-align-center has-medium-font-size\"><em><strong>Fique por dentro de todos os concursos<\/strong><\/em><\/p>\n\n\n\n<p style=\"font-size:22px\" class=\"has-background has-text-align-center has-pale-cyan-blue-background-color\"><a rel=\"noreferrer noopener\" href=\"https:\/\/www.estrategiaconcursos.com.br\/blog\/concursos-abertos\/\" target=\"_blank\"><strong>Concursos Abertos<\/strong><\/a><\/p>\n\n\n\n<p style=\"font-size:22px\" class=\"has-background has-text-align-center has-pale-cyan-blue-background-color\"><a href=\"https:\/\/www.estrategiaconcursos.com.br\/blog\/concursos-prefeituras-2020\/\" target=\"_blank\" rel=\"noreferrer noopener\"><strong>Concursos Prefeituras<\/strong><\/a><\/p>\n\n\n\n<p class=\"has-text-align-center has-medium-font-size\"><em><strong>Confira as oportunidades previstas<\/strong><\/em><\/p>\n\n\n\n<p style=\"font-size:22px\" class=\"has-background has-text-align-center has-pale-cyan-blue-background-color\"><a rel=\"noreferrer noopener\" href=\"https:\/\/www.estrategiaconcursos.com.br\/blog\/concursos-2020\/\" target=\"_blank\"><strong>Concursos 2020<\/strong><\/a><\/p>\n\n\n\n<p style=\"font-size:22px\" class=\"has-background has-text-align-center has-pale-cyan-blue-background-color\"><a rel=\"noreferrer noopener\" href=\"https:\/\/www.estrategiaconcursos.com.br\/blog\/concursos-2021\/\" target=\"_blank\"><strong>Concursos 2021<\/strong><\/a><\/p>\n","protected":false},"excerpt":{"rendered":"<p>Na manh\u00e3 desta segunda-feira, 31 de agosto, os candidatos aprovados no concurso p\u00fablico de Cruzeiro do Sul, estado do Acre, iniciaram um protesto em frente \u00e0 Prefeitura solicitando suas respectivas contrata\u00e7\u00f5es. Junto com outros secret\u00e1rios, o prefeito do munic\u00edpio,&nbsp;Clodoaldo Rodrigues, recebeu uma comiss\u00e3o dos aprovados e foi definido um calend\u00e1rio de convoca\u00e7\u00e3o, de acordo com [&hellip;]<\/p>\n","protected":false},"author":388,"featured_media":538737,"comment_status":"open","ping_status":"closed","sticky":false,"template":"","format":"standard","meta":{"post_tipo":"article","footnotes":""},"categories":[1],"tags":[],"tax_estado":[],"class_list":["post-564597","post","type-post","status-publish","format-standard","has-post-thumbnail","hentry","category-cursos-e-concursos"],"acf":[],"yoast_head":"<!-- This site is optimized with the Yoast SEO Premium plugin v27.2 (Yoast SEO v27.2) - https:\/\/yoast.com\/product\/yoast-seo-premium-wordpress\/ -->\n<title>Cruzeiro do Sul: Aprovados no concurso p\u00fablico pedem contrata\u00e7\u00e3o<\/title>\n<meta name=\"description\" content=\"Candidatos aprovados no concurso da Prefeitura de Cruzeiro do Sul-AC realizam protesto solicitando suas respectivas convoca\u00e7\u00f5es.\" \/>\n<meta name=\"robots\" content=\"index, follow, max-snippet:-1, max-image-preview:large, max-video-preview:-1\" \/>\n<link rel=\"canonical\" href=\"https:\/\/www.estrategiaconcursos.com.br\/blog\/aprovados-no-concurso-cruzeiro-do-sul-pedem-contratacao\/\" \/>\n<meta property=\"og:locale\" content=\"pt_BR\" \/>\n<meta property=\"og:type\" content=\"article\" \/>\n<meta property=\"og:title\" content=\"Cruzeiro do Sul: Aprovados no concurso p\u00fablico pedem contrata\u00e7\u00e3o\" \/>\n<meta property=\"og:description\" content=\"Candidatos aprovados no concurso da Prefeitura de Cruzeiro do Sul-AC realizam protesto solicitando suas respectivas convoca\u00e7\u00f5es.\" \/>\n<meta property=\"og:url\" content=\"https:\/\/www.estrategiaconcursos.com.br\/blog\/aprovados-no-concurso-cruzeiro-do-sul-pedem-contratacao\/\" \/>\n<meta property=\"og:site_name\" content=\"Estrat\u00e9gia Concursos\" \/>\n<meta property=\"article:published_time\" content=\"2020-08-31T18:48:21+00:00\" \/>\n<meta property=\"article:modified_time\" content=\"2020-09-01T20:08:27+00:00\" \/>\n<meta property=\"og:image\" content=\"https:\/\/dhg1h5j42swfq.cloudfront.net\/2020\/07\/07101708\/cruzeiro-do-sul.jpg\" \/>\n\t<meta property=\"og:image:width\" content=\"960\" \/>\n\t<meta property=\"og:image:height\" content=\"960\" \/>\n\t<meta property=\"og:image:type\" content=\"image\/jpeg\" \/>\n<meta name=\"author\" content=\"Tiago Zanolla\" \/>\n<meta name=\"twitter:card\" content=\"summary_large_image\" \/>\n<meta name=\"twitter:creator\" content=\"@EstratConcursos\" \/>\n<meta name=\"twitter:site\" content=\"@EstratConcursos\" \/>\n<meta name=\"twitter:label1\" content=\"Escrito por\" \/>\n\t<meta name=\"twitter:data1\" content=\"Tiago Zanolla\" \/>\n\t<meta name=\"twitter:label2\" content=\"Est. tempo de leitura\" \/>\n\t<meta name=\"twitter:data2\" content=\"2 minutos\" \/>\n<script type=\"application\/ld+json\" class=\"yoast-schema-graph\">{\"@context\":\"https:\/\/schema.org\",\"@graph\":[{\"@type\":\"NewsArticle\",\"@id\":\"https:\/\/www.estrategiaconcursos.com.br\/blog\/aprovados-no-concurso-cruzeiro-do-sul-pedem-contratacao\/#article\",\"isPartOf\":{\"@id\":\"https:\/\/www.estrategiaconcursos.com.br\/blog\/aprovados-no-concurso-cruzeiro-do-sul-pedem-contratacao\/\"},\"author\":{\"name\":\"Tiago Zanolla\",\"@id\":\"https:\/\/www.estrategiaconcursos.com.br\/blog\/#\/schema\/person\/1509739fd92a40c9b52116de04a90310\"},\"headline\":\"Cruzeiro do Sul: Aprovados no concurso p\u00fablico pedem contrata\u00e7\u00e3o\",\"datePublished\":\"2020-08-31T18:48:21+00:00\",\"dateModified\":\"2020-09-01T20:08:27+00:00\",\"mainEntityOfPage\":{\"@id\":\"https:\/\/www.estrategiaconcursos.com.br\/blog\/aprovados-no-concurso-cruzeiro-do-sul-pedem-contratacao\/\"},\"wordCount\":486,\"commentCount\":0,\"publisher\":{\"@id\":\"https:\/\/www.estrategiaconcursos.com.br\/blog\/#organization\"},\"image\":{\"@id\":\"https:\/\/www.estrategiaconcursos.com.br\/blog\/aprovados-no-concurso-cruzeiro-do-sul-pedem-contratacao\/#primaryimage\"},\"thumbnailUrl\":\"https:\/\/dhg1h5j42swfq.cloudfront.net\/2020\/07\/07101708\/cruzeiro-do-sul.jpg\",\"articleSection\":[\"Concursos P\u00fablicos\"],\"inLanguage\":\"pt-BR\",\"potentialAction\":[{\"@type\":\"CommentAction\",\"name\":\"Comment\",\"target\":[\"https:\/\/www.estrategiaconcursos.com.br\/blog\/aprovados-no-concurso-cruzeiro-do-sul-pedem-contratacao\/#respond\"]}],\"copyrightYear\":\"2020\",\"copyrightHolder\":{\"@id\":\"https:\/\/www.estrategiaconcursos.com.br\/blog\/#organization\"}},{\"@type\":\"WebPage\",\"@id\":\"https:\/\/www.estrategiaconcursos.com.br\/blog\/aprovados-no-concurso-cruzeiro-do-sul-pedem-contratacao\/\",\"url\":\"https:\/\/www.estrategiaconcursos.com.br\/blog\/aprovados-no-concurso-cruzeiro-do-sul-pedem-contratacao\/\",\"name\":\"Cruzeiro do Sul: Aprovados no concurso p\u00fablico pedem contrata\u00e7\u00e3o\",\"isPartOf\":{\"@id\":\"https:\/\/www.estrategiaconcursos.com.br\/blog\/#website\"},\"primaryImageOfPage\":{\"@id\":\"https:\/\/www.estrategiaconcursos.com.br\/blog\/aprovados-no-concurso-cruzeiro-do-sul-pedem-contratacao\/#primaryimage\"},\"image\":{\"@id\":\"https:\/\/www.estrategiaconcursos.com.br\/blog\/aprovados-no-concurso-cruzeiro-do-sul-pedem-contratacao\/#primaryimage\"},\"thumbnailUrl\":\"https:\/\/dhg1h5j42swfq.cloudfront.net\/2020\/07\/07101708\/cruzeiro-do-sul.jpg\",\"datePublished\":\"2020-08-31T18:48:21+00:00\",\"dateModified\":\"2020-09-01T20:08:27+00:00\",\"description\":\"Candidatos aprovados no concurso da Prefeitura de Cruzeiro do Sul-AC realizam protesto solicitando suas respectivas convoca\u00e7\u00f5es.\",\"breadcrumb\":{\"@id\":\"https:\/\/www.estrategiaconcursos.com.br\/blog\/aprovados-no-concurso-cruzeiro-do-sul-pedem-contratacao\/#breadcrumb\"},\"inLanguage\":\"pt-BR\",\"potentialAction\":[{\"@type\":\"ReadAction\",\"target\":[\"https:\/\/www.estrategiaconcursos.com.br\/blog\/aprovados-no-concurso-cruzeiro-do-sul-pedem-contratacao\/\"]}]},{\"@type\":\"ImageObject\",\"inLanguage\":\"pt-BR\",\"@id\":\"https:\/\/www.estrategiaconcursos.com.br\/blog\/aprovados-no-concurso-cruzeiro-do-sul-pedem-contratacao\/#primaryimage\",\"url\":\"https:\/\/dhg1h5j42swfq.cloudfront.net\/2020\/07\/07101708\/cruzeiro-do-sul.jpg\",\"contentUrl\":\"https:\/\/dhg1h5j42swfq.cloudfront.net\/2020\/07\/07101708\/cruzeiro-do-sul.jpg\",\"width\":960,\"height\":960,\"caption\":\"Cruzeiro do Sul\"},{\"@type\":\"BreadcrumbList\",\"@id\":\"https:\/\/www.estrategiaconcursos.com.br\/blog\/aprovados-no-concurso-cruzeiro-do-sul-pedem-contratacao\/#breadcrumb\",\"itemListElement\":[{\"@type\":\"ListItem\",\"position\":1,\"name\":\"In\u00edcio\",\"item\":\"https:\/\/www.estrategiaconcursos.com.br\/blog\/\"},{\"@type\":\"ListItem\",\"position\":2,\"name\":\"Cruzeiro do Sul: Aprovados no concurso p\u00fablico pedem contrata\u00e7\u00e3o\"}]},{\"@type\":\"WebSite\",\"@id\":\"https:\/\/www.estrategiaconcursos.com.br\/blog\/#website\",\"url\":\"https:\/\/www.estrategiaconcursos.com.br\/blog\/\",\"name\":\"Estrat\u00e9gia Concursos\",\"description\":\"O blog da Estrat\u00e9gia Concursos traz not\u00edcias sobre concursos e artigos de professores oferecendo cursos para concursos (pdf + videaulas) no site.\",\"publisher\":{\"@id\":\"https:\/\/www.estrategiaconcursos.com.br\/blog\/#organization\"},\"potentialAction\":[{\"@type\":\"SearchAction\",\"target\":{\"@type\":\"EntryPoint\",\"urlTemplate\":\"https:\/\/www.estrategiaconcursos.com.br\/blog\/?s={search_term_string}\"},\"query-input\":{\"@type\":\"PropertyValueSpecification\",\"valueRequired\":true,\"valueName\":\"search_term_string\"}}],\"inLanguage\":\"pt-BR\"},{\"@type\":\"Organization\",\"@id\":\"https:\/\/www.estrategiaconcursos.com.br\/blog\/#organization\",\"name\":\"Estrat\u00e9gia Concursos\",\"url\":\"https:\/\/www.estrategiaconcursos.com.br\/blog\/\",\"logo\":{\"@type\":\"ImageObject\",\"inLanguage\":\"pt-BR\",\"@id\":\"https:\/\/www.estrategiaconcursos.com.br\/blog\/#\/schema\/logo\/image\/\",\"url\":\"https:\/\/dhg1h5j42swfq.cloudfront.net\/2025\/06\/03203428\/logo_concursos-1.jpg\",\"contentUrl\":\"https:\/\/dhg1h5j42swfq.cloudfront.net\/2025\/06\/03203428\/logo_concursos-1.jpg\",\"width\":230,\"height\":60,\"caption\":\"Estrat\u00e9gia Concursos\"},\"image\":{\"@id\":\"https:\/\/www.estrategiaconcursos.com.br\/blog\/#\/schema\/logo\/image\/\"},\"sameAs\":[\"https:\/\/x.com\/EstratConcursos\"]},{\"@type\":\"Person\",\"@id\":\"https:\/\/www.estrategiaconcursos.com.br\/blog\/#\/schema\/person\/1509739fd92a40c9b52116de04a90310\",\"name\":\"Tiago Zanolla\",\"image\":{\"@type\":\"ImageObject\",\"inLanguage\":\"pt-BR\",\"@id\":\"https:\/\/secure.gravatar.com\/avatar\/e647cb200c21008603a1760df42f3f713d32dd977761568b5689c47f0b1747ee?s=96&d=mm&r=g\",\"url\":\"https:\/\/secure.gravatar.com\/avatar\/e647cb200c21008603a1760df42f3f713d32dd977761568b5689c47f0b1747ee?s=96&d=mm&r=g\",\"contentUrl\":\"https:\/\/secure.gravatar.com\/avatar\/e647cb200c21008603a1760df42f3f713d32dd977761568b5689c47f0b1747ee?s=96&d=mm&r=g\",\"caption\":\"Tiago Zanolla\"},\"url\":\"https:\/\/www.estrategiaconcursos.com.br\/blog\/author\/zanolla-estrategiagmail-com\/\"}]}<\/script>\n<!-- \/ Yoast SEO Premium plugin. -->","yoast_head_json":{"title":"Cruzeiro do Sul: Aprovados no concurso p\u00fablico pedem contrata\u00e7\u00e3o","description":"Candidatos aprovados no concurso da Prefeitura de Cruzeiro do Sul-AC realizam protesto solicitando suas respectivas convoca\u00e7\u00f5es.","robots":{"index":"index","follow":"follow","max-snippet":"max-snippet:-1","max-image-preview":"max-image-preview:large","max-video-preview":"max-video-preview:-1"},"canonical":"https:\/\/www.estrategiaconcursos.com.br\/blog\/aprovados-no-concurso-cruzeiro-do-sul-pedem-contratacao\/","og_locale":"pt_BR","og_type":"article","og_title":"Cruzeiro do Sul: Aprovados no concurso p\u00fablico pedem contrata\u00e7\u00e3o","og_description":"Candidatos aprovados no concurso da Prefeitura de Cruzeiro do Sul-AC realizam protesto solicitando suas respectivas convoca\u00e7\u00f5es.","og_url":"https:\/\/www.estrategiaconcursos.com.br\/blog\/aprovados-no-concurso-cruzeiro-do-sul-pedem-contratacao\/","og_site_name":"Estrat\u00e9gia Concursos","article_published_time":"2020-08-31T18:48:21+00:00","article_modified_time":"2020-09-01T20:08:27+00:00","og_image":[{"width":960,"height":960,"url":"https:\/\/dhg1h5j42swfq.cloudfront.net\/2020\/07\/07101708\/cruzeiro-do-sul.jpg","type":"image\/jpeg"}],"author":"Tiago Zanolla","twitter_card":"summary_large_image","twitter_creator":"@EstratConcursos","twitter_site":"@EstratConcursos","twitter_misc":{"Escrito por":"Tiago Zanolla","Est. tempo de leitura":"2 minutos"},"schema":{"@context":"https:\/\/schema.org","@graph":[{"@type":"NewsArticle","@id":"https:\/\/www.estrategiaconcursos.com.br\/blog\/aprovados-no-concurso-cruzeiro-do-sul-pedem-contratacao\/#article","isPartOf":{"@id":"https:\/\/www.estrategiaconcursos.com.br\/blog\/aprovados-no-concurso-cruzeiro-do-sul-pedem-contratacao\/"},"author":{"name":"Tiago Zanolla","@id":"https:\/\/www.estrategiaconcursos.com.br\/blog\/#\/schema\/person\/1509739fd92a40c9b52116de04a90310"},"headline":"Cruzeiro do Sul: Aprovados no concurso p\u00fablico pedem contrata\u00e7\u00e3o","datePublished":"2020-08-31T18:48:21+00:00","dateModified":"2020-09-01T20:08:27+00:00","mainEntityOfPage":{"@id":"https:\/\/www.estrategiaconcursos.com.br\/blog\/aprovados-no-concurso-cruzeiro-do-sul-pedem-contratacao\/"},"wordCount":486,"commentCount":0,"publisher":{"@id":"https:\/\/www.estrategiaconcursos.com.br\/blog\/#organization"},"image":{"@id":"https:\/\/www.estrategiaconcursos.com.br\/blog\/aprovados-no-concurso-cruzeiro-do-sul-pedem-contratacao\/#primaryimage"},"thumbnailUrl":"https:\/\/dhg1h5j42swfq.cloudfront.net\/2020\/07\/07101708\/cruzeiro-do-sul.jpg","articleSection":["Concursos P\u00fablicos"],"inLanguage":"pt-BR","potentialAction":[{"@type":"CommentAction","name":"Comment","target":["https:\/\/www.estrategiaconcursos.com.br\/blog\/aprovados-no-concurso-cruzeiro-do-sul-pedem-contratacao\/#respond"]}],"copyrightYear":"2020","copyrightHolder":{"@id":"https:\/\/www.estrategiaconcursos.com.br\/blog\/#organization"}},{"@type":"WebPage","@id":"https:\/\/www.estrategiaconcursos.com.br\/blog\/aprovados-no-concurso-cruzeiro-do-sul-pedem-contratacao\/","url":"https:\/\/www.estrategiaconcursos.com.br\/blog\/aprovados-no-concurso-cruzeiro-do-sul-pedem-contratacao\/","name":"Cruzeiro do Sul: Aprovados no concurso p\u00fablico pedem contrata\u00e7\u00e3o","isPartOf":{"@id":"https:\/\/www.estrategiaconcursos.com.br\/blog\/#website"},"primaryImageOfPage":{"@id":"https:\/\/www.estrategiaconcursos.com.br\/blog\/aprovados-no-concurso-cruzeiro-do-sul-pedem-contratacao\/#primaryimage"},"image":{"@id":"https:\/\/www.estrategiaconcursos.com.br\/blog\/aprovados-no-concurso-cruzeiro-do-sul-pedem-contratacao\/#primaryimage"},"thumbnailUrl":"https:\/\/dhg1h5j42swfq.cloudfront.net\/2020\/07\/07101708\/cruzeiro-do-sul.jpg","datePublished":"2020-08-31T18:48:21+00:00","dateModified":"2020-09-01T20:08:27+00:00","description":"Candidatos aprovados no concurso da Prefeitura de Cruzeiro do Sul-AC realizam protesto solicitando suas respectivas convoca\u00e7\u00f5es.","breadcrumb":{"@id":"https:\/\/www.estrategiaconcursos.com.br\/blog\/aprovados-no-concurso-cruzeiro-do-sul-pedem-contratacao\/#breadcrumb"},"inLanguage":"pt-BR","potentialAction":[{"@type":"ReadAction","target":["https:\/\/www.estrategiaconcursos.com.br\/blog\/aprovados-no-concurso-cruzeiro-do-sul-pedem-contratacao\/"]}]},{"@type":"ImageObject","inLanguage":"pt-BR","@id":"https:\/\/www.estrategiaconcursos.com.br\/blog\/aprovados-no-concurso-cruzeiro-do-sul-pedem-contratacao\/#primaryimage","url":"https:\/\/dhg1h5j42swfq.cloudfront.net\/2020\/07\/07101708\/cruzeiro-do-sul.jpg","contentUrl":"https:\/\/dhg1h5j42swfq.cloudfront.net\/2020\/07\/07101708\/cruzeiro-do-sul.jpg","width":960,"height":960,"caption":"Cruzeiro do Sul"},{"@type":"BreadcrumbList","@id":"https:\/\/www.estrategiaconcursos.com.br\/blog\/aprovados-no-concurso-cruzeiro-do-sul-pedem-contratacao\/#breadcrumb","itemListElement":[{"@type":"ListItem","position":1,"name":"In\u00edcio","item":"https:\/\/www.estrategiaconcursos.com.br\/blog\/"},{"@type":"ListItem","position":2,"name":"Cruzeiro do Sul: Aprovados no concurso p\u00fablico pedem contrata\u00e7\u00e3o"}]},{"@type":"WebSite","@id":"https:\/\/www.estrategiaconcursos.com.br\/blog\/#website","url":"https:\/\/www.estrategiaconcursos.com.br\/blog\/","name":"Estrat\u00e9gia Concursos","description":"O blog da Estrat\u00e9gia Concursos traz not\u00edcias sobre concursos e artigos de professores oferecendo cursos para concursos (pdf + videaulas) no site.","publisher":{"@id":"https:\/\/www.estrategiaconcursos.com.br\/blog\/#organization"},"potentialAction":[{"@type":"SearchAction","target":{"@type":"EntryPoint","urlTemplate":"https:\/\/www.estrategiaconcursos.com.br\/blog\/?s={search_term_string}"},"query-input":{"@type":"PropertyValueSpecification","valueRequired":true,"valueName":"search_term_string"}}],"inLanguage":"pt-BR"},{"@type":"Organization","@id":"https:\/\/www.estrategiaconcursos.com.br\/blog\/#organization","name":"Estrat\u00e9gia Concursos","url":"https:\/\/www.estrategiaconcursos.com.br\/blog\/","logo":{"@type":"ImageObject","inLanguage":"pt-BR","@id":"https:\/\/www.estrategiaconcursos.com.br\/blog\/#\/schema\/logo\/image\/","url":"https:\/\/dhg1h5j42swfq.cloudfront.net\/2025\/06\/03203428\/logo_concursos-1.jpg","contentUrl":"https:\/\/dhg1h5j42swfq.cloudfront.net\/2025\/06\/03203428\/logo_concursos-1.jpg","width":230,"height":60,"caption":"Estrat\u00e9gia Concursos"},"image":{"@id":"https:\/\/www.estrategiaconcursos.com.br\/blog\/#\/schema\/logo\/image\/"},"sameAs":["https:\/\/x.com\/EstratConcursos"]},{"@type":"Person","@id":"https:\/\/www.estrategiaconcursos.com.br\/blog\/#\/schema\/person\/1509739fd92a40c9b52116de04a90310","name":"Tiago Zanolla","image":{"@type":"ImageObject","inLanguage":"pt-BR","@id":"https:\/\/secure.gravatar.com\/avatar\/e647cb200c21008603a1760df42f3f713d32dd977761568b5689c47f0b1747ee?s=96&d=mm&r=g","url":"https:\/\/secure.gravatar.com\/avatar\/e647cb200c21008603a1760df42f3f713d32dd977761568b5689c47f0b1747ee?s=96&d=mm&r=g","contentUrl":"https:\/\/secure.gravatar.com\/avatar\/e647cb200c21008603a1760df42f3f713d32dd977761568b5689c47f0b1747ee?s=96&d=mm&r=g","caption":"Tiago Zanolla"},"url":"https:\/\/www.estrategiaconcursos.com.br\/blog\/author\/zanolla-estrategiagmail-com\/"}]}},"_links":{"self":[{"href":"https:\/\/www.estrategiaconcursos.com.br\/blog\/wp-json\/wp\/v2\/posts\/564597","targetHints":{"allow":["GET"]}}],"collection":[{"href":"https:\/\/www.estrategiaconcursos.com.br\/blog\/wp-json\/wp\/v2\/posts"}],"about":[{"href":"https:\/\/www.estrategiaconcursos.com.br\/blog\/wp-json\/wp\/v2\/types\/post"}],"author":[{"embeddable":true,"href":"https:\/\/www.estrategiaconcursos.com.br\/blog\/wp-json\/wp\/v2\/users\/388"}],"replies":[{"embeddable":true,"href":"https:\/\/www.estrategiaconcursos.com.br\/blog\/wp-json\/wp\/v2\/comments?post=564597"}],"version-history":[{"count":5,"href":"https:\/\/www.estrategiaconcursos.com.br\/blog\/wp-json\/wp\/v2\/posts\/564597\/revisions"}],"predecessor-version":[{"id":565556,"href":"https:\/\/www.estrategiaconcursos.com.br\/blog\/wp-json\/wp\/v2\/posts\/564597\/revisions\/565556"}],"wp:featuredmedia":[{"embeddable":true,"href":"https:\/\/www.estrategiaconcursos.com.br\/blog\/wp-json\/wp\/v2\/media\/538737"}],"wp:attachment":[{"href":"https:\/\/www.estrategiaconcursos.com.br\/blog\/wp-json\/wp\/v2\/media?parent=564597"}],"wp:term":[{"taxonomy":"category","embeddable":true,"href":"https:\/\/www.estrategiaconcursos.com.br\/blog\/wp-json\/wp\/v2\/categories?post=564597"},{"taxonomy":"post_tag","embeddable":true,"href":"https:\/\/www.estrategiaconcursos.com.br\/blog\/wp-json\/wp\/v2\/tags?post=564597"},{"taxonomy":"tax_estado","embeddable":true,"href":"https:\/\/www.estrategiaconcursos.com.br\/blog\/wp-json\/wp\/v2\/tax_estado?post=564597"}],"curies":[{"name":"wp","href":"https:\/\/api.w.org\/{rel}","templated":true}]}}