{"id":564352,"date":"2020-09-14T08:00:00","date_gmt":"2020-09-14T11:00:00","guid":{"rendered":"https:\/\/www.estrategiaconcursos.com.br\/blog\/?p=564352"},"modified":"2020-09-15T07:47:30","modified_gmt":"2020-09-15T10:47:30","slug":"semana-especial-declare-sua-independencia","status":"publish","type":"post","link":"https:\/\/www.estrategiaconcursos.com.br\/blog\/semana-especial-declare-sua-independencia\/","title":{"rendered":"Semana Especial: Declare sua Independ\u00eancia &#8211; A partir de AGORA!"},"content":{"rendered":"\n<p>Quem n\u00e3o deseja declarar sua <strong>independ\u00eancia financeira<\/strong>, n\u00e3o \u00e9 mesmo? Para os economistas, essa independ\u00eancia est\u00e1 atrelada a um montante de reservas financeiras que permitiriam viver sem trabalho. Talvez, isso ainda seja algo muito distante para voc\u00ea. <\/p>\n\n\n\n<p>Mas o que estamos falando \u00e9 algo mais tang\u00edvel e pr\u00f3ximo da realidade da maioria da popula\u00e7\u00e3o brasileira. Estamos falando de cargos p\u00fablicos que oferecem uma remunera\u00e7\u00e3o que lhe permita viver com tranquilidade e n\u00e3o mais precisar fazer malabarismos para conseguir arcar com as contas no final do m\u00eas.<\/p>\n\n\n\n<p>N\u00e3o por acaso, ao longo dos pr\u00f3ximos dias, voc\u00ea est\u00e1 convocado para a&nbsp;<strong>Semana Especial Declare sua Independ\u00eancia<\/strong>! Vamos comemorar n\u00e3o s\u00f3 a independ\u00eancia do nosso pa\u00eds, mas tamb\u00e9m abrir portas para que voc\u00ea declare, de uma vez por todas, a sua independ\u00eancia financeira!<\/p>\n\n\n\n<h2 class=\"wp-block-heading\">Temos 2 novidades que v\u00e3o revolucionar o mundo dos concursos!<\/h2>\n\n\n\n<h4 class=\"wp-block-heading\">Novidade 1 &#8211; <strong>APP do Sistema de Quest\u00f5es<\/strong><\/h4>\n\n\n\n<p>Com o <a rel=\"noreferrer noopener\" href=\"https:\/\/gratis.estrategiaconcursos.com.br\/app-de-questoes\/\" target=\"_blank\">app do Sistema de Quest\u00f5es<\/a> voc\u00ea vai poder exercitar o seu conhecimento onde e quando quiser, trazendo mais praticidade para os seus estudos. Agora, voc\u00ea ter\u00e1&nbsp;<strong>mais de 2 milh\u00f5es de quest\u00f5es na palma da sua m\u00e3o<\/strong>. <\/p>\n\n\n\n<h4 class=\"wp-block-heading\">Novidade 2 &#8211; Salas Platinum<\/h4>\n\n\n\n<p>J\u00e1 pensou em ser orientado por um dos nossos coaches sem curso adicional? Pois saiba que a sua hora chegou! <br \/><\/p>\n\n\n\n<p>Com o aplicativo do Sistema de Quest\u00f5es e um dos nossos excelentes coaches para orient\u00e1-lo, fica quase imposs\u00edvel voc\u00ea n\u00e3o alcan\u00e7ar a aprova\u00e7\u00e3o! <\/p>\n\n\n\n<p>Voc\u00ea ter\u00e1 mais comodidade para treinar as principais quest\u00f5es e a seguran\u00e7a de estar no caminho certo. <strong>Participando do nosso evento principal no dia 07\/09, \u00e0s 10:00<\/strong>, voc\u00ea saber\u00e1 como essas duas novidades ajudar\u00e3o voc\u00ea a conquistar a sua independ\u00eancia. Ent\u00e3o n\u00e3o perca!<\/p>\n\n\n\n<h2 class=\"wp-block-heading\">Programa\u00e7\u00e3o Completa!<\/h2>\n\n\n\n<p>Durante essa semana, teremos especialistas em concursos p\u00fablicos, ajudando-o a tra\u00e7ar um plano de a\u00e7\u00e3o e mostrando exatamente o caminho que voc\u00ea precisa percorrer. Essa semana vai entrar para a hist\u00f3ria, mais uma vez!<\/p>\n\n\n\n<h3 class=\"has-text-align-center wp-block-heading\">Dia 07\/09 (seg)<\/h3>\n\n\n\n<figure class=\"wp-block-table is-style-stripes\"><table class=\"has-subtle-pale-blue-background-color has-fixed-layout has-background\"><thead><tr><th>HORA<\/th><th>WEBIN\u00c1RIO<\/th><th>PROFESSORES<\/th><\/tr><\/thead><tbody><tr><td>10h<\/td><td><a href=\"https:\/\/www.youtube.com\/watch?v=5jz6srOE8ec\" target=\"_blank\" rel=\"noreferrer noopener\">7 de setembro | Declare a sua independ\u00eancia<\/a><\/td><td>Rosenval, Laura, Luis Eduardo e Cl\u00e1udia Miranda<\/td><\/tr><tr><td>12h<\/td><td><a href=\"https:\/\/www.youtube.com\/watch?v=16L9JejhkCM\" target=\"_blank\" rel=\"noreferrer noopener\">Lei 8.112 &#8211; A m\u00e3e dos servidores p\u00fablicos federais<\/a><\/td><td>Th\u00e1llius Moraes<\/td><\/tr><tr><td>16h<\/td><td><a href=\"https:\/\/www.youtube.com\/watch?v=azx8wI3xQfs\" target=\"_blank\" rel=\"noreferrer noopener\">Tira-d\u00favidas das Novidades<\/a><\/td><td>Rosenval e Laura Amorim<\/td><\/tr><tr><td>19h<\/td><td><a href=\"https:\/\/www.youtube.com\/watch?v=kczsnrVBJYg\" target=\"_blank\" rel=\"noreferrer noopener\">Os 7 erros mais comuns de portugu\u00eas<\/a><\/td><td>Adriana Figueiredo<\/td><\/tr><tr><td>20h<\/td><td><a href=\"https:\/\/www.youtube.com\/watch?v=0jJGd0xaXvA\" target=\"_blank\" rel=\"noreferrer noopener\">Tira-d\u00favidas II das Novidades<\/a><\/td><td>Renan Fineto e L\u00e9o Mathias<\/td><\/tr><\/tbody><\/table><\/figure>\n\n\n\n<h3 class=\"has-text-align-center wp-block-heading\">Dia 08\/09 (ter)<\/h3>\n\n\n\n<figure class=\"wp-block-table is-style-stripes\"><table class=\"has-subtle-pale-blue-background-color has-fixed-layout has-background\"><thead><tr><th>HORA<\/th><th>WEBIN\u00c1RIO<\/th><th>PROFESSORES<\/th><\/tr><\/thead><tbody><tr><td>10h<\/td><td><a href=\"https:\/\/www.youtube.com\/watch?v=HRXkzefs3Bk\" target=\"_blank\" rel=\"noreferrer noopener\">\u00c1rea Policial | Declare sua independ\u00eancia<\/a><\/td><td>Paulo Bilynskyj<\/td><\/tr><tr><td>12h<\/td><td><a href=\"https:\/\/www.youtube.com\/watch?v=myzIsSObTq4\" target=\"_blank\" rel=\"noreferrer noopener\">Lei 8666: Saiba tudo sobre Contratos Administrativos!<\/a><\/td><td>Herbert Almeida<\/td><\/tr><tr><td>19h<\/td><td><a href=\"https:\/\/www.youtube.com\/watch?v=AMqty4UC_Fs\" target=\"_blank\" rel=\"noreferrer noopener\">PF e PRF | Declare sua independ\u00eancia<\/a><\/td><td>Paulo Bilynskyj e Lhais Hamid<\/td><\/tr><\/tbody><\/table><\/figure>\n\n\n\n<h3 class=\"has-text-align-center wp-block-heading\">Dia 09\/09 (qua)<\/h3>\n\n\n\n<figure class=\"wp-block-table is-style-stripes\"><table class=\"has-subtle-pale-blue-background-color has-fixed-layout has-background\"><thead><tr><th>HORA<\/th><th>WEBIN\u00c1RIO<\/th><th>PROFESSORES<\/th><\/tr><\/thead><tbody><tr><td>10h<\/td><td><a href=\"https:\/\/www.youtube.com\/watch?v=ZxwEX9uLSh0\" target=\"_blank\" rel=\"noreferrer noopener\">\u00c1rea Fiscal | Declare sua independ\u00eancia<\/a><\/td><td>Laura Amorim e Victor Tanaka<\/td><\/tr><tr><td>12h<\/td><td><a href=\"https:\/\/www.youtube.com\/watch?v=nrCv-TfFZv0\" target=\"_blank\" rel=\"noreferrer noopener\">Direito Penal | Os 7 erros mais comuns em Teoria do Crime<\/a><\/td><td>Priscila Silveira<\/td><\/tr><tr><td>19h<\/td><td><a href=\"https:\/\/www.youtube.com\/watch?v=uqWO-2sc_jA\" target=\"_blank\" rel=\"noreferrer noopener\">Receita Federal | Declare sua independ\u00eancia<\/a><\/td><td>Laura Amorim, Renan Fineto e Nubia<\/td><\/tr><\/tbody><\/table><\/figure>\n\n\n\n<h3 class=\"wp-block-heading\">Dia 10\/09 (qui)<\/h3>\n\n\n\n<figure class=\"wp-block-table is-style-stripes\"><table class=\"has-subtle-pale-blue-background-color has-fixed-layout has-background\"><thead><tr><th>HORA<\/th><th>WEBIN\u00c1RIO<\/th><th>PROFESSORES<\/th><\/tr><\/thead><tbody><tr><td>10h<\/td><td><a href=\"https:\/\/www.youtube.com\/watch?v=5OjmayQOmZA\" target=\"_blank\" rel=\"noreferrer noopener\">TCU | Declare sua independ\u00eancia<\/a><\/td><td>Luciana Marinho, Antonio Daud e T\u00falio Lages<\/td><\/tr><tr><td>12h<\/td><td><a href=\"https:\/\/www.youtube.com\/watch?v=pDIgxsaq8OY\" target=\"_blank\" rel=\"noreferrer noopener\">Racioc\u00ednio L\u00f3gico: Proposi\u00e7\u00f5es de A a Z<\/a><\/td><td>Brunno Lima<\/td><\/tr><tr><td>19h<\/td><td><a href=\"https:\/\/www.youtube.com\/watch?v=-ja5o91vuko\" target=\"_blank\" rel=\"noreferrer noopener\">\u00c1rea de Tribunais de Contas | Declare sua independ\u00eancia<\/a><\/td><td>Renan Fineto, L\u00e9o Mathias e Eduardo Gon\u00e7alves<\/td><\/tr><\/tbody><\/table><\/figure>\n\n\n\n<h3 class=\"has-text-align-center wp-block-heading\">Dia 11\/09 (sex)<\/h3>\n\n\n\n<figure class=\"wp-block-table is-style-stripes\"><table class=\"has-subtle-pale-blue-background-color has-fixed-layout has-background\"><thead><tr><th>HORA<\/th><th>WEBIN\u00c1RIO<\/th><th>PROFESSORES<\/th><\/tr><\/thead><tbody><tr><td>10h<\/td><td><a href=\"https:\/\/www.youtube.com\/watch?v=sMxjWIuGFQ8\" target=\"_blank\" rel=\"noreferrer noopener\">TJ-SP | Declare sua independ\u00eancia<\/a><\/td><td>Lhais Hamid e Cl\u00e1udia Miranda<\/td><\/tr><tr><td>12h<\/td><td><a href=\"https:\/\/www.youtube.com\/watch?v=TElC24-BT6E\" target=\"_blank\" rel=\"noreferrer noopener\">Direito Constitucional: Os 7 temas mais cobrados do art. 5\u00ba da CF<\/a><\/td><td>Ricardo Vale<\/td><\/tr><tr><td>19h<\/td><td><a href=\"https:\/\/www.youtube.com\/watch?v=DtqRZjqAaP0\" target=\"_blank\" rel=\"noreferrer noopener\">\u00c1rea de Tribunais | Declare sua independ\u00eancia<\/a><\/td><td>Laura Amorim e Lhais Hamid<\/td><\/tr><\/tbody><\/table><\/figure>\n\n\n\n<h3 class=\"has-text-align-center wp-block-heading\">Dia 12\/09 (sab)<\/h3>\n\n\n\n<figure class=\"wp-block-table is-style-stripes\"><table class=\"has-subtle-pale-blue-background-color has-fixed-layout has-background\"><thead><tr><th>HORA<\/th><th>WEBIN\u00c1RIO<\/th><th>PROFESSORES<\/th><\/tr><\/thead><tbody><tr><td>10h<\/td><td><a href=\"https:\/\/www.youtube.com\/watch?v=6XWvYNs3AkQ\" target=\"_blank\" rel=\"noreferrer noopener\">INSS | Declare sua independ\u00eancia<\/a><\/td><td>Rubens Maur\u00edcio e Ricardo Vale<\/td><\/tr><tr><td>12h<\/td><td><a href=\"https:\/\/www.youtube.com\/watch?v=I3whPusVAH8\" target=\"_blank\" rel=\"noreferrer noopener\">Senado Federal | Declare a sua Independ\u00eancia<\/a><\/td><td>Luiz Cl\u00e1udio e Miguel Ger\u00f4nimo<\/td><\/tr><\/tbody><\/table><\/figure>\n\n\n\n<h3 class=\"has-text-align-center wp-block-heading\">Dia 14\/09 (seg)<\/h3>\n\n\n\n<figure class=\"wp-block-table is-style-stripes\"><table class=\"has-subtle-pale-blue-background-color has-fixed-layout has-background\"><thead><tr><th>HORA<\/th><th>WEBIN\u00c1RIO<\/th><th>PROFESSORES<\/th><\/tr><\/thead><tbody><tr><td>10h<\/td><td>Como acelerar a sua aprova\u00e7\u00e3o com as ferramentas corretas<\/td><td>Luis Eduardo e Laura amorim<\/td><\/tr><tr><td>12h<\/td><td>BACEN | Declare sua independ\u00eancia<\/td><td>Marcos Gir\u00e3o e Carlos Roberto<\/td><\/tr><tr><td>19h<\/td><td>Os 7 erros fatais do concurseiro iniciante<\/td><td>L\u00e9o Mathias e Renan Fineto<\/td><\/tr><\/tbody><\/table><\/figure>\n\n\n\n<hr class=\"wp-block-separator\"\/>\n\n\n\n<div class=\"wp-block-image\"><figure class=\"aligncenter size-large is-resized\"><img loading=\"lazy\" decoding=\"async\" src=\"https:\/\/dhg1h5j42swfq.cloudfront.net\/2020\/01\/13222615\/Estrat%C3%A9gia-logo.jpeg\" alt=\"Semana Especial Declare sua independ\u00eancia\" class=\"wp-image-469640\" width=\"78\" height=\"78\" srcset=\"https:\/\/dhg1h5j42swfq.cloudfront.net\/2020\/01\/13222615\/Estrat%C3%A9gia-logo.jpeg 400w, https:\/\/dhg1h5j42swfq.cloudfront.net\/2020\/01\/13222615\/Estrat%C3%A9gia-logo-300x300.jpeg 300w, https:\/\/dhg1h5j42swfq.cloudfront.net\/2020\/01\/13222615\/Estrat%C3%A9gia-logo-150x150.jpeg 150w\" sizes=\"auto, (max-width: 78px) 100vw, 78px\" \/><\/figure><\/div>\n\n\n\n<div class=\"container\" id=\"boxes\">\n  <div class=\"row\">\n\n    <div class=\"col-sm\">\n      <div class=\"estrategia\" id=\"box-assinatura\">\n        <h3 class=\"titulo-assinatura\">Assinatura Ilimitada<\/h3>\n        <p class=\"subtitulo-assinatura\">Assinatura Anual Ilimitada*<\/p>\n        <div class=\"box-botao\">\n          <a class=\"btn-assinatura\" target=\"_blank\" href=\"https:\/\/www.estrategiaconcursos.com.br\/assinaturas\/\" role=\"button\" rel=\"noopener noreferrer\">ASSINE AGORA<\/a>\n        <\/div>\n      <\/div>\n      <p class=\"texto-auxiliar\">Prepare-se com o melhor material e com quem mais aprova em Concursos P\u00fablicos em todo o pa\u00eds. Assine agora a nossa Assinatura Anual e tenha acesso ilimitado* a todos os nossos cursos.<\/p>\n    <\/div>\n\n    <div class=\"col-sm\">\n      <div class=\"questoes\" id=\"box-assinatura\">\n        <h3 class=\"titulo-assinatura\">Sistema de Quest\u00f5es<\/h3>\n        <p class=\"subtitulo-assinatura\">Assinatura Ilimitada*\n<\/p>\n        <div class=\"box-botao\">\n          <a class=\"btn-assinatura\" target=\"_blank\" href=\"https:\/\/www.estrategiaconcursos.com.br\/cursosPorConcurso\/sistema-de-questoes\/#\/\" role=\"button\" rel=\"noopener noreferrer\">ASSINE AGORA<\/a>\n        <\/div>\n      <\/div>\n      <p class=\"texto-auxiliar\">Estrat\u00e9gia Quest\u00f5es nasceu maior do que todos os concorrentes, com mais quest\u00f5es cadastradas e mais solu\u00e7\u00f5es por professores. Clique no link e aproveite os descontos e b\u00f4nus imperd\u00edveis!<\/p>\n    <\/div>\n  <\/div>\n<\/div>\n\n\n\n<div class=\"container\" id=\"boxes\">\n  <div class=\"row\">\n\n    <div class=\"col-sm\" id=\"boxes-concursos\">\n      <div style=\"background-color: #005DAD;\" class=\"conteudo-concursos\" id=\"box-concursos\">\n        <h3 class=\"titulo-assinatura\">Concursos Abertos<\/h3>\n        <p class=\"subtitulo-assinatura\">mais de 15 mil vagas<\/p>\n        <div class=\"box-botao\">\n          <a class=\"btn-assinatura\" target=\"_blank\" href=\"https:\/\/www.estrategiaconcursos.com.br\/blog\/concursos-abertos\/\" role=\"button\" rel=\"noopener noreferrer\">Conhe\u00e7a Agora<\/a>\n        <\/div>\n      <\/div>\n    <\/div>\n\n    <div class=\"col-sm\" id=\"boxes-concursos\">\n      <div style=\"background-color: #1A7ED5;\" class=\"conteudo-concursos\" id=\"box-concursos\">\n        <h3 class=\"titulo-assinatura\">Concursos 2020<\/h3>\n        <p class=\"subtitulo-assinatura\">mais de 11 mil vagas<\/p>\n        <div class=\"box-botao\">\n          <a class=\"btn-assinatura\" target=\"_blank\" href=\"https:\/\/www.estrategiaconcursos.com.br\/blog\/concursos-2020\/\" role=\"button\" rel=\"noopener noreferrer\">Conhe\u00e7a Agora<\/a>\n        <\/div>\n      <\/div>\n    <\/div>\n\n    <div class=\"col-sm\" id=\"boxes-concursos\">\n      <div style=\"background-color: #419FF0;\" class=\"conteudo-concursos\" id=\"box-concursos\">\n        <h3 class=\"titulo-assinatura\">Concursos 2021<\/h3>\n        <p class=\"subtitulo-assinatura\">mais de 17 mil vagas<\/p>\n        <div class=\"box-botao\">\n          <a class=\"btn-assinatura\" target=\"_blank\" href=\"https:\/\/www.estrategiaconcursos.com.br\/blog\/concursos-2021\/\" role=\"button\" rel=\"noopener noreferrer\">Conhe\u00e7a Agora<\/a>\n        <\/div>\n      <\/div>\n    <\/div>\n\n  <\/div>\n<\/div>\n","protected":false},"excerpt":{"rendered":"<p>Quem n\u00e3o deseja declarar sua independ\u00eancia financeira, n\u00e3o \u00e9 mesmo? Para os economistas, essa independ\u00eancia est\u00e1 atrelada a um montante de reservas financeiras que permitiriam viver sem trabalho. Talvez, isso ainda seja algo muito distante para voc\u00ea. Mas o que estamos falando \u00e9 algo mais tang\u00edvel e pr\u00f3ximo da realidade da maioria da popula\u00e7\u00e3o brasileira. [&hellip;]<\/p>\n","protected":false},"author":1,"featured_media":564357,"comment_status":"open","ping_status":"closed","sticky":false,"template":"","format":"standard","meta":{"post_tipo":"news","footnotes":""},"categories":[1],"tags":[],"tax_estado":[],"class_list":["post-564352","post","type-post","status-publish","format-standard","has-post-thumbnail","hentry","category-cursos-e-concursos"],"acf":[],"yoast_head":"<!-- This site is optimized with the Yoast SEO Premium plugin v27.2 (Yoast SEO v27.2) - https:\/\/yoast.com\/product\/yoast-seo-premium-wordpress\/ -->\n<title>Semana Especial: Declare sua Independ\u00eancia - A partir de AGORA!<\/title>\n<meta name=\"description\" content=\"Semana Especial Declare sua Independ\u00eancia! No dia 07\/09, \u00e0s 10h, vamos revelar duas grandes novidades que v\u00e3o mudar o rumo da prepara\u00e7\u00e3o de concursos!\" \/>\n<meta name=\"robots\" content=\"index, follow, max-snippet:-1, max-image-preview:large, max-video-preview:-1\" \/>\n<link rel=\"canonical\" href=\"https:\/\/www.estrategiaconcursos.com.br\/blog\/semana-especial-declare-sua-independencia\/\" \/>\n<meta property=\"og:locale\" content=\"pt_BR\" \/>\n<meta property=\"og:type\" content=\"article\" \/>\n<meta property=\"og:title\" content=\"Semana Especial: Declare sua Independ\u00eancia - A partir de AGORA!\" \/>\n<meta property=\"og:description\" content=\"Semana Especial Declare sua Independ\u00eancia! No dia 07\/09, \u00e0s 10h, vamos revelar duas grandes novidades que v\u00e3o mudar o rumo da prepara\u00e7\u00e3o de concursos!\" \/>\n<meta property=\"og:url\" content=\"https:\/\/www.estrategiaconcursos.com.br\/blog\/semana-especial-declare-sua-independencia\/\" \/>\n<meta property=\"og:site_name\" content=\"Estrat\u00e9gia Concursos\" \/>\n<meta property=\"article:author\" content=\"https:\/\/www.facebook.com\/EstrategiaConcursos\" \/>\n<meta property=\"article:published_time\" content=\"2020-09-14T11:00:00+00:00\" \/>\n<meta property=\"article:modified_time\" content=\"2020-09-15T10:47:30+00:00\" \/>\n<meta property=\"og:image\" content=\"https:\/\/dhg1h5j42swfq.cloudfront.net\/2020\/08\/31103806\/E-mail_7setembro.jpg\" \/>\n\t<meta property=\"og:image:width\" content=\"800\" \/>\n\t<meta property=\"og:image:height\" content=\"450\" \/>\n\t<meta property=\"og:image:type\" content=\"image\/jpeg\" \/>\n<meta name=\"author\" content=\"Coordena\u00e7\u00e3o\" \/>\n<meta name=\"twitter:card\" content=\"summary_large_image\" \/>\n<meta name=\"twitter:creator\" content=\"@EstratConcursos\" \/>\n<meta name=\"twitter:site\" content=\"@EstratConcursos\" \/>\n<meta name=\"twitter:label1\" content=\"Escrito por\" \/>\n\t<meta name=\"twitter:data1\" content=\"Coordena\u00e7\u00e3o\" \/>\n\t<meta name=\"twitter:label2\" content=\"Est. tempo de leitura\" \/>\n\t<meta name=\"twitter:data2\" content=\"4 minutos\" \/>\n<script type=\"application\/ld+json\" class=\"yoast-schema-graph\">{\"@context\":\"https:\/\/schema.org\",\"@graph\":[{\"@type\":\"NewsArticle\",\"@id\":\"https:\/\/www.estrategiaconcursos.com.br\/blog\/semana-especial-declare-sua-independencia\/#article\",\"isPartOf\":{\"@id\":\"https:\/\/www.estrategiaconcursos.com.br\/blog\/semana-especial-declare-sua-independencia\/\"},\"author\":{\"name\":\"Coordena\u00e7\u00e3o\",\"@id\":\"https:\/\/www.estrategiaconcursos.com.br\/blog\/#\/schema\/person\/b4a388c97673c5f483d72185668afa1f\"},\"headline\":\"Semana Especial: Declare sua Independ\u00eancia &#8211; A partir de AGORA!\",\"datePublished\":\"2020-09-14T11:00:00+00:00\",\"dateModified\":\"2020-09-15T10:47:30+00:00\",\"mainEntityOfPage\":{\"@id\":\"https:\/\/www.estrategiaconcursos.com.br\/blog\/semana-especial-declare-sua-independencia\/\"},\"wordCount\":793,\"commentCount\":0,\"publisher\":{\"@id\":\"https:\/\/www.estrategiaconcursos.com.br\/blog\/#organization\"},\"image\":{\"@id\":\"https:\/\/www.estrategiaconcursos.com.br\/blog\/semana-especial-declare-sua-independencia\/#primaryimage\"},\"thumbnailUrl\":\"https:\/\/dhg1h5j42swfq.cloudfront.net\/2020\/08\/31103806\/E-mail_7setembro.jpg\",\"articleSection\":[\"Concursos P\u00fablicos\"],\"inLanguage\":\"pt-BR\",\"potentialAction\":[{\"@type\":\"CommentAction\",\"name\":\"Comment\",\"target\":[\"https:\/\/www.estrategiaconcursos.com.br\/blog\/semana-especial-declare-sua-independencia\/#respond\"]}],\"copyrightYear\":\"2020\",\"copyrightHolder\":{\"@id\":\"https:\/\/www.estrategiaconcursos.com.br\/blog\/#organization\"}},{\"@type\":\"WebPage\",\"@id\":\"https:\/\/www.estrategiaconcursos.com.br\/blog\/semana-especial-declare-sua-independencia\/\",\"url\":\"https:\/\/www.estrategiaconcursos.com.br\/blog\/semana-especial-declare-sua-independencia\/\",\"name\":\"Semana Especial: Declare sua Independ\u00eancia - A partir de AGORA!\",\"isPartOf\":{\"@id\":\"https:\/\/www.estrategiaconcursos.com.br\/blog\/#website\"},\"primaryImageOfPage\":{\"@id\":\"https:\/\/www.estrategiaconcursos.com.br\/blog\/semana-especial-declare-sua-independencia\/#primaryimage\"},\"image\":{\"@id\":\"https:\/\/www.estrategiaconcursos.com.br\/blog\/semana-especial-declare-sua-independencia\/#primaryimage\"},\"thumbnailUrl\":\"https:\/\/dhg1h5j42swfq.cloudfront.net\/2020\/08\/31103806\/E-mail_7setembro.jpg\",\"datePublished\":\"2020-09-14T11:00:00+00:00\",\"dateModified\":\"2020-09-15T10:47:30+00:00\",\"description\":\"Semana Especial Declare sua Independ\u00eancia! No dia 07\/09, \u00e0s 10h, vamos revelar duas grandes novidades que v\u00e3o mudar o rumo da prepara\u00e7\u00e3o de concursos!\",\"breadcrumb\":{\"@id\":\"https:\/\/www.estrategiaconcursos.com.br\/blog\/semana-especial-declare-sua-independencia\/#breadcrumb\"},\"inLanguage\":\"pt-BR\",\"potentialAction\":[{\"@type\":\"ReadAction\",\"target\":[\"https:\/\/www.estrategiaconcursos.com.br\/blog\/semana-especial-declare-sua-independencia\/\"]}]},{\"@type\":\"ImageObject\",\"inLanguage\":\"pt-BR\",\"@id\":\"https:\/\/www.estrategiaconcursos.com.br\/blog\/semana-especial-declare-sua-independencia\/#primaryimage\",\"url\":\"https:\/\/dhg1h5j42swfq.cloudfront.net\/2020\/08\/31103806\/E-mail_7setembro.jpg\",\"contentUrl\":\"https:\/\/dhg1h5j42swfq.cloudfront.net\/2020\/08\/31103806\/E-mail_7setembro.jpg\",\"width\":800,\"height\":450},{\"@type\":\"BreadcrumbList\",\"@id\":\"https:\/\/www.estrategiaconcursos.com.br\/blog\/semana-especial-declare-sua-independencia\/#breadcrumb\",\"itemListElement\":[{\"@type\":\"ListItem\",\"position\":1,\"name\":\"In\u00edcio\",\"item\":\"https:\/\/www.estrategiaconcursos.com.br\/blog\/\"},{\"@type\":\"ListItem\",\"position\":2,\"name\":\"Semana Especial: Declare sua Independ\u00eancia &#8211; A partir de AGORA!\"}]},{\"@type\":\"WebSite\",\"@id\":\"https:\/\/www.estrategiaconcursos.com.br\/blog\/#website\",\"url\":\"https:\/\/www.estrategiaconcursos.com.br\/blog\/\",\"name\":\"Estrat\u00e9gia Concursos\",\"description\":\"O blog da Estrat\u00e9gia Concursos traz not\u00edcias sobre concursos e artigos de professores oferecendo cursos para concursos (pdf + videaulas) no site.\",\"publisher\":{\"@id\":\"https:\/\/www.estrategiaconcursos.com.br\/blog\/#organization\"},\"potentialAction\":[{\"@type\":\"SearchAction\",\"target\":{\"@type\":\"EntryPoint\",\"urlTemplate\":\"https:\/\/www.estrategiaconcursos.com.br\/blog\/?s={search_term_string}\"},\"query-input\":{\"@type\":\"PropertyValueSpecification\",\"valueRequired\":true,\"valueName\":\"search_term_string\"}}],\"inLanguage\":\"pt-BR\"},{\"@type\":\"Organization\",\"@id\":\"https:\/\/www.estrategiaconcursos.com.br\/blog\/#organization\",\"name\":\"Estrat\u00e9gia Concursos\",\"url\":\"https:\/\/www.estrategiaconcursos.com.br\/blog\/\",\"logo\":{\"@type\":\"ImageObject\",\"inLanguage\":\"pt-BR\",\"@id\":\"https:\/\/www.estrategiaconcursos.com.br\/blog\/#\/schema\/logo\/image\/\",\"url\":\"https:\/\/dhg1h5j42swfq.cloudfront.net\/2025\/06\/03203428\/logo_concursos-1.jpg\",\"contentUrl\":\"https:\/\/dhg1h5j42swfq.cloudfront.net\/2025\/06\/03203428\/logo_concursos-1.jpg\",\"width\":230,\"height\":60,\"caption\":\"Estrat\u00e9gia Concursos\"},\"image\":{\"@id\":\"https:\/\/www.estrategiaconcursos.com.br\/blog\/#\/schema\/logo\/image\/\"},\"sameAs\":[\"https:\/\/x.com\/EstratConcursos\"]},{\"@type\":\"Person\",\"@id\":\"https:\/\/www.estrategiaconcursos.com.br\/blog\/#\/schema\/person\/b4a388c97673c5f483d72185668afa1f\",\"name\":\"Coordena\u00e7\u00e3o\",\"image\":{\"@type\":\"ImageObject\",\"inLanguage\":\"pt-BR\",\"@id\":\"https:\/\/secure.gravatar.com\/avatar\/b720319e4c9a967eb58678d110f4fe35452fc5d5f97b202bac7b8acceb18c6ad?s=96&d=mm&r=g\",\"url\":\"https:\/\/secure.gravatar.com\/avatar\/b720319e4c9a967eb58678d110f4fe35452fc5d5f97b202bac7b8acceb18c6ad?s=96&d=mm&r=g\",\"contentUrl\":\"https:\/\/secure.gravatar.com\/avatar\/b720319e4c9a967eb58678d110f4fe35452fc5d5f97b202bac7b8acceb18c6ad?s=96&d=mm&r=g\",\"caption\":\"Coordena\u00e7\u00e3o\"},\"sameAs\":[\"https:\/\/www.facebook.com\/EstrategiaConcursos\",\"https:\/\/x.com\/EstratConcursos\"],\"url\":\"https:\/\/www.estrategiaconcursos.com.br\/blog\/author\/estrategia2013\/\"}]}<\/script>\n<!-- \/ Yoast SEO Premium plugin. -->","yoast_head_json":{"title":"Semana Especial: Declare sua Independ\u00eancia - A partir de AGORA!","description":"Semana Especial Declare sua Independ\u00eancia! No dia 07\/09, \u00e0s 10h, vamos revelar duas grandes novidades que v\u00e3o mudar o rumo da prepara\u00e7\u00e3o de concursos!","robots":{"index":"index","follow":"follow","max-snippet":"max-snippet:-1","max-image-preview":"max-image-preview:large","max-video-preview":"max-video-preview:-1"},"canonical":"https:\/\/www.estrategiaconcursos.com.br\/blog\/semana-especial-declare-sua-independencia\/","og_locale":"pt_BR","og_type":"article","og_title":"Semana Especial: Declare sua Independ\u00eancia - A partir de AGORA!","og_description":"Semana Especial Declare sua Independ\u00eancia! No dia 07\/09, \u00e0s 10h, vamos revelar duas grandes novidades que v\u00e3o mudar o rumo da prepara\u00e7\u00e3o de concursos!","og_url":"https:\/\/www.estrategiaconcursos.com.br\/blog\/semana-especial-declare-sua-independencia\/","og_site_name":"Estrat\u00e9gia Concursos","article_author":"https:\/\/www.facebook.com\/EstrategiaConcursos","article_published_time":"2020-09-14T11:00:00+00:00","article_modified_time":"2020-09-15T10:47:30+00:00","og_image":[{"width":800,"height":450,"url":"https:\/\/dhg1h5j42swfq.cloudfront.net\/2020\/08\/31103806\/E-mail_7setembro.jpg","type":"image\/jpeg"}],"author":"Coordena\u00e7\u00e3o","twitter_card":"summary_large_image","twitter_creator":"@EstratConcursos","twitter_site":"@EstratConcursos","twitter_misc":{"Escrito por":"Coordena\u00e7\u00e3o","Est. tempo de leitura":"4 minutos"},"schema":{"@context":"https:\/\/schema.org","@graph":[{"@type":"NewsArticle","@id":"https:\/\/www.estrategiaconcursos.com.br\/blog\/semana-especial-declare-sua-independencia\/#article","isPartOf":{"@id":"https:\/\/www.estrategiaconcursos.com.br\/blog\/semana-especial-declare-sua-independencia\/"},"author":{"name":"Coordena\u00e7\u00e3o","@id":"https:\/\/www.estrategiaconcursos.com.br\/blog\/#\/schema\/person\/b4a388c97673c5f483d72185668afa1f"},"headline":"Semana Especial: Declare sua Independ\u00eancia &#8211; A partir de AGORA!","datePublished":"2020-09-14T11:00:00+00:00","dateModified":"2020-09-15T10:47:30+00:00","mainEntityOfPage":{"@id":"https:\/\/www.estrategiaconcursos.com.br\/blog\/semana-especial-declare-sua-independencia\/"},"wordCount":793,"commentCount":0,"publisher":{"@id":"https:\/\/www.estrategiaconcursos.com.br\/blog\/#organization"},"image":{"@id":"https:\/\/www.estrategiaconcursos.com.br\/blog\/semana-especial-declare-sua-independencia\/#primaryimage"},"thumbnailUrl":"https:\/\/dhg1h5j42swfq.cloudfront.net\/2020\/08\/31103806\/E-mail_7setembro.jpg","articleSection":["Concursos P\u00fablicos"],"inLanguage":"pt-BR","potentialAction":[{"@type":"CommentAction","name":"Comment","target":["https:\/\/www.estrategiaconcursos.com.br\/blog\/semana-especial-declare-sua-independencia\/#respond"]}],"copyrightYear":"2020","copyrightHolder":{"@id":"https:\/\/www.estrategiaconcursos.com.br\/blog\/#organization"}},{"@type":"WebPage","@id":"https:\/\/www.estrategiaconcursos.com.br\/blog\/semana-especial-declare-sua-independencia\/","url":"https:\/\/www.estrategiaconcursos.com.br\/blog\/semana-especial-declare-sua-independencia\/","name":"Semana Especial: Declare sua Independ\u00eancia - A partir de AGORA!","isPartOf":{"@id":"https:\/\/www.estrategiaconcursos.com.br\/blog\/#website"},"primaryImageOfPage":{"@id":"https:\/\/www.estrategiaconcursos.com.br\/blog\/semana-especial-declare-sua-independencia\/#primaryimage"},"image":{"@id":"https:\/\/www.estrategiaconcursos.com.br\/blog\/semana-especial-declare-sua-independencia\/#primaryimage"},"thumbnailUrl":"https:\/\/dhg1h5j42swfq.cloudfront.net\/2020\/08\/31103806\/E-mail_7setembro.jpg","datePublished":"2020-09-14T11:00:00+00:00","dateModified":"2020-09-15T10:47:30+00:00","description":"Semana Especial Declare sua Independ\u00eancia! No dia 07\/09, \u00e0s 10h, vamos revelar duas grandes novidades que v\u00e3o mudar o rumo da prepara\u00e7\u00e3o de concursos!","breadcrumb":{"@id":"https:\/\/www.estrategiaconcursos.com.br\/blog\/semana-especial-declare-sua-independencia\/#breadcrumb"},"inLanguage":"pt-BR","potentialAction":[{"@type":"ReadAction","target":["https:\/\/www.estrategiaconcursos.com.br\/blog\/semana-especial-declare-sua-independencia\/"]}]},{"@type":"ImageObject","inLanguage":"pt-BR","@id":"https:\/\/www.estrategiaconcursos.com.br\/blog\/semana-especial-declare-sua-independencia\/#primaryimage","url":"https:\/\/dhg1h5j42swfq.cloudfront.net\/2020\/08\/31103806\/E-mail_7setembro.jpg","contentUrl":"https:\/\/dhg1h5j42swfq.cloudfront.net\/2020\/08\/31103806\/E-mail_7setembro.jpg","width":800,"height":450},{"@type":"BreadcrumbList","@id":"https:\/\/www.estrategiaconcursos.com.br\/blog\/semana-especial-declare-sua-independencia\/#breadcrumb","itemListElement":[{"@type":"ListItem","position":1,"name":"In\u00edcio","item":"https:\/\/www.estrategiaconcursos.com.br\/blog\/"},{"@type":"ListItem","position":2,"name":"Semana Especial: Declare sua Independ\u00eancia &#8211; A partir de AGORA!"}]},{"@type":"WebSite","@id":"https:\/\/www.estrategiaconcursos.com.br\/blog\/#website","url":"https:\/\/www.estrategiaconcursos.com.br\/blog\/","name":"Estrat\u00e9gia Concursos","description":"O blog da Estrat\u00e9gia Concursos traz not\u00edcias sobre concursos e artigos de professores oferecendo cursos para concursos (pdf + videaulas) no site.","publisher":{"@id":"https:\/\/www.estrategiaconcursos.com.br\/blog\/#organization"},"potentialAction":[{"@type":"SearchAction","target":{"@type":"EntryPoint","urlTemplate":"https:\/\/www.estrategiaconcursos.com.br\/blog\/?s={search_term_string}"},"query-input":{"@type":"PropertyValueSpecification","valueRequired":true,"valueName":"search_term_string"}}],"inLanguage":"pt-BR"},{"@type":"Organization","@id":"https:\/\/www.estrategiaconcursos.com.br\/blog\/#organization","name":"Estrat\u00e9gia Concursos","url":"https:\/\/www.estrategiaconcursos.com.br\/blog\/","logo":{"@type":"ImageObject","inLanguage":"pt-BR","@id":"https:\/\/www.estrategiaconcursos.com.br\/blog\/#\/schema\/logo\/image\/","url":"https:\/\/dhg1h5j42swfq.cloudfront.net\/2025\/06\/03203428\/logo_concursos-1.jpg","contentUrl":"https:\/\/dhg1h5j42swfq.cloudfront.net\/2025\/06\/03203428\/logo_concursos-1.jpg","width":230,"height":60,"caption":"Estrat\u00e9gia Concursos"},"image":{"@id":"https:\/\/www.estrategiaconcursos.com.br\/blog\/#\/schema\/logo\/image\/"},"sameAs":["https:\/\/x.com\/EstratConcursos"]},{"@type":"Person","@id":"https:\/\/www.estrategiaconcursos.com.br\/blog\/#\/schema\/person\/b4a388c97673c5f483d72185668afa1f","name":"Coordena\u00e7\u00e3o","image":{"@type":"ImageObject","inLanguage":"pt-BR","@id":"https:\/\/secure.gravatar.com\/avatar\/b720319e4c9a967eb58678d110f4fe35452fc5d5f97b202bac7b8acceb18c6ad?s=96&d=mm&r=g","url":"https:\/\/secure.gravatar.com\/avatar\/b720319e4c9a967eb58678d110f4fe35452fc5d5f97b202bac7b8acceb18c6ad?s=96&d=mm&r=g","contentUrl":"https:\/\/secure.gravatar.com\/avatar\/b720319e4c9a967eb58678d110f4fe35452fc5d5f97b202bac7b8acceb18c6ad?s=96&d=mm&r=g","caption":"Coordena\u00e7\u00e3o"},"sameAs":["https:\/\/www.facebook.com\/EstrategiaConcursos","https:\/\/x.com\/EstratConcursos"],"url":"https:\/\/www.estrategiaconcursos.com.br\/blog\/author\/estrategia2013\/"}]}},"_links":{"self":[{"href":"https:\/\/www.estrategiaconcursos.com.br\/blog\/wp-json\/wp\/v2\/posts\/564352","targetHints":{"allow":["GET"]}}],"collection":[{"href":"https:\/\/www.estrategiaconcursos.com.br\/blog\/wp-json\/wp\/v2\/posts"}],"about":[{"href":"https:\/\/www.estrategiaconcursos.com.br\/blog\/wp-json\/wp\/v2\/types\/post"}],"author":[{"embeddable":true,"href":"https:\/\/www.estrategiaconcursos.com.br\/blog\/wp-json\/wp\/v2\/users\/1"}],"replies":[{"embeddable":true,"href":"https:\/\/www.estrategiaconcursos.com.br\/blog\/wp-json\/wp\/v2\/comments?post=564352"}],"version-history":[{"count":17,"href":"https:\/\/www.estrategiaconcursos.com.br\/blog\/wp-json\/wp\/v2\/posts\/564352\/revisions"}],"predecessor-version":[{"id":570531,"href":"https:\/\/www.estrategiaconcursos.com.br\/blog\/wp-json\/wp\/v2\/posts\/564352\/revisions\/570531"}],"wp:featuredmedia":[{"embeddable":true,"href":"https:\/\/www.estrategiaconcursos.com.br\/blog\/wp-json\/wp\/v2\/media\/564357"}],"wp:attachment":[{"href":"https:\/\/www.estrategiaconcursos.com.br\/blog\/wp-json\/wp\/v2\/media?parent=564352"}],"wp:term":[{"taxonomy":"category","embeddable":true,"href":"https:\/\/www.estrategiaconcursos.com.br\/blog\/wp-json\/wp\/v2\/categories?post=564352"},{"taxonomy":"post_tag","embeddable":true,"href":"https:\/\/www.estrategiaconcursos.com.br\/blog\/wp-json\/wp\/v2\/tags?post=564352"},{"taxonomy":"tax_estado","embeddable":true,"href":"https:\/\/www.estrategiaconcursos.com.br\/blog\/wp-json\/wp\/v2\/tax_estado?post=564352"}],"curies":[{"name":"wp","href":"https:\/\/api.w.org\/{rel}","templated":true}]}}