{"id":564305,"date":"2020-09-04T00:00:44","date_gmt":"2020-09-04T03:00:44","guid":{"rendered":"https:\/\/www.estrategiaconcursos.com.br\/blog\/?p=564305"},"modified":"2020-11-20T14:59:30","modified_gmt":"2020-11-20T17:59:30","slug":"semana-especial-pf-operacao-aquila-brachium","status":"publish","type":"post","link":"https:\/\/www.estrategiaconcursos.com.br\/blog\/semana-especial-pf-operacao-aquila-brachium\/","title":{"rendered":"Semana especial PF &#8211; Opera\u00e7\u00e3o Aquila Brachium"},"content":{"rendered":"\n<p>Um novo concurso Pol\u00edcia Federal foi autorizado recentemente pelo presidente Jair Bolsonaro. A expectativa \u00e9 que o edital seja publicado ainda este ano, com previs\u00e3o de mais de 2 mil vagas. Confira:<\/p>\n\n\n\n<ul class=\"wp-block-list\"><li><em><strong>1.016 vagas \u2013 Agente<\/strong><\/em>;<\/li><li><em><strong>300 vagas \u2013 Delegado<\/strong><\/em>;<\/li><li><em><strong>600 vagas \u2013 Escriv\u00e3o<\/strong><\/em>;<\/li><li><em><strong>84 vagas \u2013 Papiloscopista<\/strong><\/em>;<\/li><li><em><strong>349 vagas \u2013 Agente Administrativo<\/strong><\/em>;<strong>e<\/strong><\/li><li><em><strong>159 vagas \u2013 outras carreiras de n\u00edvel superior<\/strong><\/em><\/li><\/ul>\n\n\n\n<p>Sabendo da imin\u00eancia do concurso, este \u00e9 o momento de intensificar a sua prepara\u00e7\u00e3o, afinal, aguardar a publica\u00e7\u00e3o do edital pode lhe custar a t\u00e3o sonhada aprova\u00e7\u00e3o.<\/p>\n\n\n\n<p>Por isso, o<strong> Estrat\u00e9gia Concursos, em uma iniciativa in\u00e9dita, vai te oferecer algo que voc\u00ea nunca viu antes<\/strong>. Voc\u00ea estudar\u00e1 de uma maneira totalmente diferente, in\u00e9dita e que vai impulsionar os seus estudos em poucos dias!<\/p>\n\n\n\n<p>Com a inten\u00e7\u00e3o de te ajudar  nessa miss\u00e3o, come\u00e7aremos a <strong>S<em>emana especial PF &#8211; Opera\u00e7\u00e3o Aquila Brachium<\/em><\/strong>, O evento ter\u00e1 in\u00edcio nesta <strong>segunda-feira, 31 de agosto, <\/strong>a partir <strong>das 22h<\/strong>. Veja a programa\u00e7\u00e3o abaixo:<\/p>\n\n\n\n<figure class=\"wp-block-table is-style-regular\"><table class=\"has-subtle-pale-blue-background-color has-fixed-layout has-background\"><tbody><tr><td><strong>DATA E HORA<\/strong><\/td><td><strong>WEBIN\u00c1RIO<\/strong><\/td><td><strong>PROFESSORES<\/strong><\/td><\/tr><tr><td>31\/08, \u00e0s 22:00<\/td><td>Concurso PF &#8211; Opera\u00e7\u00e3o Aquila Brachium<\/td><td>Paulo Bilynskyj, Rosenval Jr. e Luis Eduardo<\/td><\/tr><tr><td>01\/09, \u00e0s 08:30<\/td><td>Adapta\u00e7\u00e3o de Direito Administrativo para a Pol\u00edcia Federal<\/td><td>Th\u00e1llius Moraes<\/td><\/tr><tr><td>01\/09, \u00e0s 14:30<\/td><td>Adapta\u00e7\u00e3o de Direito Constitucional para a Pol\u00edcia Federal<\/td><td>Adriane Fauth<\/td><\/tr><tr><td>01\/09, \u00e0s 19:00<\/td><td>Concurso PF &#8211; Opera\u00e7\u00e3o Aquila Brachium &#8211; Etapa 1 (An\u00e1lise)<\/td><td><em>A confirmar<\/em><\/td><\/tr><tr><td>02\/09, \u00e0s 08:30<\/td><td>Adapta\u00e7\u00e3o de Direito Penal para a Pol\u00edcia Federal<\/td><td>Renan Ara\u00fajo<\/td><\/tr><tr><td>02\/09, \u00e0s 14:30<\/td><td>Adapta\u00e7\u00e3o de Direito Processual Penal para a Pol\u00edcia Federal<\/td><td>Priscila Silveira<\/td><\/tr><tr><td>02\/09, \u00e0s 19:00<\/td><td>Concurso PF &#8211; Opera\u00e7\u00e3o Aquila Brachium &#8211; Etapa 2 (Planejamento)<\/td><td><em>A confirmar<\/em><\/td><\/tr><tr><td>03\/09, \u00e0s 08:30<\/td><td>Adapta\u00e7\u00e3o de L\u00edngua Portuguesa para a Pol\u00edcia Federal<\/td><td>Adriana Figueiredo<\/td><\/tr><tr><td>03\/09, \u00e0s 14:30<\/td><td>Adapta\u00e7\u00e3o de Contabilidade para a Pol\u00edcia Federal<\/td><td>William Not\u00e1rio<\/td><\/tr><tr><td>03\/09, \u00e0s 19:00<\/td><td>Concurso PF &#8211; Opera\u00e7\u00e3o Aquila Brachium &#8211; Raio X das Disciplinas<\/td><td>Paulo Bilynskyj e Alexandre Allgayer<\/td><\/tr><tr><td>04\/09, \u00e0s 08:30<\/td><td>Adapta\u00e7\u00e3o de Racioc\u00ednio L\u00f3gico para a Pol\u00edcia Federal<\/td><td>Brunno Lima<\/td><\/tr><tr><td>04\/09, \u00e0s 14:30<\/td><td>Adapta\u00e7\u00e3o de Inform\u00e1tica para a Pol\u00edcia Federal<\/td><td>Renato da Costa<\/td><\/tr><tr><td>04\/09, \u00e0s 19:00<\/td><td>Concurso PF &#8211; Opera\u00e7\u00e3o Aquila Brachium &#8211; Etapa 3 (Acompanhamento)<\/td><td><em>A confirmar<\/em><\/td><\/tr><tr><td>05\/09, \u00e0s 08:30<\/td><td>Adapta\u00e7\u00e3o de Estat\u00edstica para a Pol\u00edcia Federal<\/td><td>Guilherme Neves<\/td><\/tr><tr><td>05\/09, \u00e0s 14:30<\/td><td>Adapta\u00e7\u00e3o de Legisla\u00e7\u00e3o Especial para a Pol\u00edcia Federal<\/td><td>Marcos Gir\u00e3o<\/td><\/tr><tr><td>06\/09, \u00e0s 09:30<\/td><td>Simulado Inicial para alunos da Opera\u00e7\u00e3o Aquila Brachium<\/td><td>Luis Eduardo<\/td><\/tr><tr><td>07\/09, \u00e0s 21:00<\/td><td>Concurso PF &#8211; Opera\u00e7\u00e3o Aquila Brachium (\u00daltimas Horas)<\/td><td><em>A confirmar<\/em><\/td><\/tr><\/tbody><\/table><\/figure>\n\n\n\n<p><em>Assista atrav\u00e9s do nosso Canal no Youtube:<\/em><\/p>\n\n\n<figure class=\"wp-block-embed-youtube wp-block-embed is-type-video is-provider-youtube wp-embed-aspect-16-9 wp-has-aspect-ratio\"><div class=\"lyte-wrapper\" style=\"width:853px;max-width:100%;margin:5px;\"><div class=\"lyMe\" id=\"WYL_Pgc9IaQ8kRs\"><div id=\"lyte_Pgc9IaQ8kRs\" data-src=\"\/\/i.ytimg.com\/vi\/Pgc9IaQ8kRs\/hqdefault.jpg\" class=\"pL\"><div class=\"tC\"><div class=\"tT\"><\/div><\/div><div class=\"play\"><\/div><div class=\"ctrl\"><div class=\"Lctrl\"><\/div><div class=\"Rctrl\"><\/div><\/div><\/div><noscript><a href=\"https:\/\/youtu.be\/Pgc9IaQ8kRs\" rel=\"nofollow\"><img loading=\"lazy\" decoding=\"async\" src=\"https:\/\/i.ytimg.com\/vi\/Pgc9IaQ8kRs\/0.jpg\" alt=\"YouTube video thumbnail\" width=\"853\" height=\"460\" \/><br \/>Assista a este v\u00eddeo no YouTube<\/a><\/noscript><\/div><\/div><div class=\"lL\" style=\"max-width:100%;width:853px;margin:5px;\"><\/div><figcaption><\/figcaption><\/figure>\n\n\n<p class=\"has-text-align-center has-background has-medium-font-size\" style=\"background-color:#6bf8d9\"><strong>Partipe da semana especial PF &#8211; <a rel=\"noreferrer noopener\" href=\"https:\/\/gratis.estrategiaconcursos.com.br\/semana-especial-policia-federal\/\" target=\"_blank\">inscreva-se!<\/a><\/strong><\/p>\n\n\n\n<p class=\"has-text-align-center has-very-light-gray-background-color has-background\" style=\"font-size:clamp(14.642px, 0.915rem + ((1vw - 3.2px) * 0.721), 22px);px\"><strong>Saiba mais: <a href=\"https:\/\/www.estrategiaconcursos.com.br\/blog\/concurso-policia-federal\/\" target=\"_blank\" rel=\"noreferrer noopener\">Concurso PF<\/a><\/strong><\/p>\n\n\n\n<p class=\"has-text-align-center has-medium-font-size\"><strong><em><strong>Sistema de Quest\u00f5es<\/strong><\/em><\/strong><\/p>\n\n\n\n<p class=\"has-text-align-center\">Estrat\u00e9gia Quest\u00f5es nasceu maior do que todos os concorrentes, com mais quest\u00f5es cadastradas e mais solu\u00e7\u00f5es por professores. Clique no link e aproveite os descontos e b\u00f4nus imperd\u00edveis!<\/p>\n\n\n\n<p class=\"has-text-align-center has-very-dark-gray-color has-vivid-green-cyan-background-color has-text-color has-background\" style=\"font-size:clamp(14.642px, 0.915rem + ((1vw - 3.2px) * 0.721), 22px);px\"><strong>ASSINE AGORA &#8211; <a href=\"https:\/\/www.estrategiaconcursos.com.br\/cursosPorConcurso\/sistema-de-questoes\/#\/\" target=\"_blank\" rel=\"noreferrer noopener\">Sistema de Quest\u00f5es<\/a><\/strong><\/p>\n\n\n\n<p class=\"has-text-align-center\" style=\"font-size:clamp(14.642px, 0.915rem + ((1vw - 3.2px) * 0.721), 22px);px\"><em><strong>Assinatura Anual Ilimitada*<\/strong><\/em><\/p>\n\n\n\n<p class=\"has-text-align-center\"><em>Prepare-se com o melhor material e com quem mais aprova em&nbsp;Concursos P\u00fablicos de todo o pa\u00eds. Assine agora a nossa Assinatura Anual e tenha acesso ilimitado* a todos os nossos cursos.<\/em><\/p>\n\n\n\n<p class=\"has-text-align-center has-luminous-vivid-amber-background-color has-background\" style=\"font-size:clamp(16.293px, 1.018rem + ((1vw - 3.2px) * 0.854), 25px);px\"><strong>ASSINE AGORA &#8211; <\/strong><span style=\"text-decoration: underline;\"><strong><a href=\"https:\/\/www.estrategiaconcursos.com.br\/assinaturas-promo\/operacao-pf\" target=\"_blank\" rel=\"noreferrer noopener\">OPERA\u00c7\u00c3O PF<\/a><\/strong><\/span><\/p>\n\n\n\n<p class=\"has-text-align-center has-very-dark-gray-color has-pale-cyan-blue-background-color has-text-color has-background has-medium-font-size\"><strong><a href=\"https:\/\/www.estrategiaconcursos.com.br\/blog\/concursos-abertos\/\">CONCURSOS ABERTOS<\/a><\/strong><\/p>\n\n\n\n<p class=\"has-text-align-center has-very-dark-gray-color has-pale-cyan-blue-background-color has-text-color has-background has-medium-font-size\"><a href=\"https:\/\/www.estrategiaconcursos.com.br\/blog\/concursos-2020\/\"><strong>CONCURSOS<\/strong><\/a><strong><a href=\"https:\/\/www.estrategiaconcursos.com.br\/blog\/concursos-2020\/\">&nbsp;2020<\/a><\/strong><\/p>\n\n\n\n<p class=\"has-text-align-center has-very-dark-gray-color has-pale-cyan-blue-background-color has-text-color has-background has-medium-font-size\"><strong><a href=\"https:\/\/www.estrategiaconcursos.com.br\/blog\/concursos-2021\/\" target=\"_blank\" rel=\"noreferrer noopener\">Concursos 2021<\/a><\/strong><\/p>\n","protected":false},"excerpt":{"rendered":"<p>Um novo concurso Pol\u00edcia Federal foi autorizado recentemente pelo presidente Jair Bolsonaro. A expectativa \u00e9 que o edital seja publicado ainda este ano, com previs\u00e3o de mais de 2 mil vagas. Confira: 1.016 vagas \u2013 Agente; 300 vagas \u2013 Delegado; 600 vagas \u2013 Escriv\u00e3o; 84 vagas \u2013 Papiloscopista; 349 vagas \u2013 Agente Administrativo;e 159 vagas [&hellip;]<\/p>\n","protected":false},"author":1,"featured_media":146469,"comment_status":"open","ping_status":"closed","sticky":false,"template":"","format":"standard","meta":{"post_tipo":"news","footnotes":""},"categories":[1],"tags":[],"tax_estado":[],"class_list":["post-564305","post","type-post","status-publish","format-standard","has-post-thumbnail","hentry","category-cursos-e-concursos"],"acf":[],"yoast_head":"<!-- This site is optimized with the Yoast SEO Premium plugin v27.2 (Yoast SEO v27.2) - https:\/\/yoast.com\/product\/yoast-seo-premium-wordpress\/ -->\n<title>Semana especial PF - Opera\u00e7\u00e3o Aquila Brachium<\/title>\n<meta name=\"description\" content=\"Com a autoriza\u00e7\u00e3o de 2 mil vagas para o concurso da Pol\u00edcia Federal, chegou o momento de intensificar a sua prepara\u00e7\u00e3o! Veja como aqui!\" \/>\n<meta name=\"robots\" content=\"index, follow, max-snippet:-1, max-image-preview:large, max-video-preview:-1\" \/>\n<link rel=\"canonical\" href=\"https:\/\/www.estrategiaconcursos.com.br\/blog\/semana-especial-pf-operacao-aquila-brachium\/\" \/>\n<meta property=\"og:locale\" content=\"pt_BR\" \/>\n<meta property=\"og:type\" content=\"article\" \/>\n<meta property=\"og:title\" content=\"Semana especial PF - Opera\u00e7\u00e3o Aquila Brachium\" \/>\n<meta property=\"og:description\" content=\"Com a autoriza\u00e7\u00e3o de 2 mil vagas para o concurso da Pol\u00edcia Federal, chegou o momento de intensificar a sua prepara\u00e7\u00e3o! Veja como aqui!\" \/>\n<meta property=\"og:url\" content=\"https:\/\/www.estrategiaconcursos.com.br\/blog\/semana-especial-pf-operacao-aquila-brachium\/\" \/>\n<meta property=\"og:site_name\" content=\"Estrat\u00e9gia Concursos\" \/>\n<meta property=\"article:author\" content=\"https:\/\/www.facebook.com\/EstrategiaConcursos\" \/>\n<meta property=\"article:published_time\" content=\"2020-09-04T03:00:44+00:00\" \/>\n<meta property=\"article:modified_time\" content=\"2020-11-20T17:59:30+00:00\" \/>\n<meta property=\"og:image\" content=\"https:\/\/dhg1h5j42swfq.cloudfront.net\/2018\/10\/10181737\/pf-e1533591620679.jpg\" \/>\n\t<meta property=\"og:image:width\" content=\"400\" \/>\n\t<meta property=\"og:image:height\" content=\"210\" \/>\n\t<meta property=\"og:image:type\" content=\"image\/jpeg\" \/>\n<meta name=\"author\" content=\"Coordena\u00e7\u00e3o\" \/>\n<meta name=\"twitter:card\" content=\"summary_large_image\" \/>\n<meta name=\"twitter:creator\" content=\"@EstratConcursos\" \/>\n<meta name=\"twitter:site\" content=\"@EstratConcursos\" \/>\n<meta name=\"twitter:label1\" content=\"Escrito por\" \/>\n\t<meta name=\"twitter:data1\" content=\"Coordena\u00e7\u00e3o\" \/>\n\t<meta name=\"twitter:label2\" content=\"Est. tempo de leitura\" \/>\n\t<meta name=\"twitter:data2\" content=\"3 minutos\" \/>\n<script type=\"application\/ld+json\" class=\"yoast-schema-graph\">{\"@context\":\"https:\/\/schema.org\",\"@graph\":[{\"@type\":\"NewsArticle\",\"@id\":\"https:\/\/www.estrategiaconcursos.com.br\/blog\/semana-especial-pf-operacao-aquila-brachium\/#article\",\"isPartOf\":{\"@id\":\"https:\/\/www.estrategiaconcursos.com.br\/blog\/semana-especial-pf-operacao-aquila-brachium\/\"},\"author\":{\"name\":\"Coordena\u00e7\u00e3o\",\"@id\":\"https:\/\/www.estrategiaconcursos.com.br\/blog\/#\/schema\/person\/b4a388c97673c5f483d72185668afa1f\"},\"headline\":\"Semana especial PF &#8211; Opera\u00e7\u00e3o Aquila Brachium\",\"datePublished\":\"2020-09-04T03:00:44+00:00\",\"dateModified\":\"2020-11-20T17:59:30+00:00\",\"mainEntityOfPage\":{\"@id\":\"https:\/\/www.estrategiaconcursos.com.br\/blog\/semana-especial-pf-operacao-aquila-brachium\/\"},\"wordCount\":533,\"commentCount\":0,\"publisher\":{\"@id\":\"https:\/\/www.estrategiaconcursos.com.br\/blog\/#organization\"},\"image\":{\"@id\":\"https:\/\/www.estrategiaconcursos.com.br\/blog\/semana-especial-pf-operacao-aquila-brachium\/#primaryimage\"},\"thumbnailUrl\":\"https:\/\/dhg1h5j42swfq.cloudfront.net\/2018\/10\/10181737\/pf-e1533591620679.jpg\",\"articleSection\":[\"Concursos P\u00fablicos\"],\"inLanguage\":\"pt-BR\",\"potentialAction\":[{\"@type\":\"CommentAction\",\"name\":\"Comment\",\"target\":[\"https:\/\/www.estrategiaconcursos.com.br\/blog\/semana-especial-pf-operacao-aquila-brachium\/#respond\"]}],\"copyrightYear\":\"2020\",\"copyrightHolder\":{\"@id\":\"https:\/\/www.estrategiaconcursos.com.br\/blog\/#organization\"}},{\"@type\":\"WebPage\",\"@id\":\"https:\/\/www.estrategiaconcursos.com.br\/blog\/semana-especial-pf-operacao-aquila-brachium\/\",\"url\":\"https:\/\/www.estrategiaconcursos.com.br\/blog\/semana-especial-pf-operacao-aquila-brachium\/\",\"name\":\"Semana especial PF - Opera\u00e7\u00e3o Aquila Brachium\",\"isPartOf\":{\"@id\":\"https:\/\/www.estrategiaconcursos.com.br\/blog\/#website\"},\"primaryImageOfPage\":{\"@id\":\"https:\/\/www.estrategiaconcursos.com.br\/blog\/semana-especial-pf-operacao-aquila-brachium\/#primaryimage\"},\"image\":{\"@id\":\"https:\/\/www.estrategiaconcursos.com.br\/blog\/semana-especial-pf-operacao-aquila-brachium\/#primaryimage\"},\"thumbnailUrl\":\"https:\/\/dhg1h5j42swfq.cloudfront.net\/2018\/10\/10181737\/pf-e1533591620679.jpg\",\"datePublished\":\"2020-09-04T03:00:44+00:00\",\"dateModified\":\"2020-11-20T17:59:30+00:00\",\"description\":\"Com a autoriza\u00e7\u00e3o de 2 mil vagas para o concurso da Pol\u00edcia Federal, chegou o momento de intensificar a sua prepara\u00e7\u00e3o! Veja como aqui!\",\"breadcrumb\":{\"@id\":\"https:\/\/www.estrategiaconcursos.com.br\/blog\/semana-especial-pf-operacao-aquila-brachium\/#breadcrumb\"},\"inLanguage\":\"pt-BR\",\"potentialAction\":[{\"@type\":\"ReadAction\",\"target\":[\"https:\/\/www.estrategiaconcursos.com.br\/blog\/semana-especial-pf-operacao-aquila-brachium\/\"]}]},{\"@type\":\"ImageObject\",\"inLanguage\":\"pt-BR\",\"@id\":\"https:\/\/www.estrategiaconcursos.com.br\/blog\/semana-especial-pf-operacao-aquila-brachium\/#primaryimage\",\"url\":\"https:\/\/dhg1h5j42swfq.cloudfront.net\/2018\/10\/10181737\/pf-e1533591620679.jpg\",\"contentUrl\":\"https:\/\/dhg1h5j42swfq.cloudfront.net\/2018\/10\/10181737\/pf-e1533591620679.jpg\",\"width\":400,\"height\":210,\"caption\":\"Concurso Agente Administrativo PF\"},{\"@type\":\"BreadcrumbList\",\"@id\":\"https:\/\/www.estrategiaconcursos.com.br\/blog\/semana-especial-pf-operacao-aquila-brachium\/#breadcrumb\",\"itemListElement\":[{\"@type\":\"ListItem\",\"position\":1,\"name\":\"In\u00edcio\",\"item\":\"https:\/\/www.estrategiaconcursos.com.br\/blog\/\"},{\"@type\":\"ListItem\",\"position\":2,\"name\":\"Semana especial PF &#8211; Opera\u00e7\u00e3o Aquila Brachium\"}]},{\"@type\":\"WebSite\",\"@id\":\"https:\/\/www.estrategiaconcursos.com.br\/blog\/#website\",\"url\":\"https:\/\/www.estrategiaconcursos.com.br\/blog\/\",\"name\":\"Estrat\u00e9gia Concursos\",\"description\":\"O blog da Estrat\u00e9gia Concursos traz not\u00edcias sobre concursos e artigos de professores oferecendo cursos para concursos (pdf + videaulas) no site.\",\"publisher\":{\"@id\":\"https:\/\/www.estrategiaconcursos.com.br\/blog\/#organization\"},\"potentialAction\":[{\"@type\":\"SearchAction\",\"target\":{\"@type\":\"EntryPoint\",\"urlTemplate\":\"https:\/\/www.estrategiaconcursos.com.br\/blog\/?s={search_term_string}\"},\"query-input\":{\"@type\":\"PropertyValueSpecification\",\"valueRequired\":true,\"valueName\":\"search_term_string\"}}],\"inLanguage\":\"pt-BR\"},{\"@type\":\"Organization\",\"@id\":\"https:\/\/www.estrategiaconcursos.com.br\/blog\/#organization\",\"name\":\"Estrat\u00e9gia Concursos\",\"url\":\"https:\/\/www.estrategiaconcursos.com.br\/blog\/\",\"logo\":{\"@type\":\"ImageObject\",\"inLanguage\":\"pt-BR\",\"@id\":\"https:\/\/www.estrategiaconcursos.com.br\/blog\/#\/schema\/logo\/image\/\",\"url\":\"https:\/\/dhg1h5j42swfq.cloudfront.net\/2025\/06\/03203428\/logo_concursos-1.jpg\",\"contentUrl\":\"https:\/\/dhg1h5j42swfq.cloudfront.net\/2025\/06\/03203428\/logo_concursos-1.jpg\",\"width\":230,\"height\":60,\"caption\":\"Estrat\u00e9gia Concursos\"},\"image\":{\"@id\":\"https:\/\/www.estrategiaconcursos.com.br\/blog\/#\/schema\/logo\/image\/\"},\"sameAs\":[\"https:\/\/x.com\/EstratConcursos\"]},{\"@type\":\"Person\",\"@id\":\"https:\/\/www.estrategiaconcursos.com.br\/blog\/#\/schema\/person\/b4a388c97673c5f483d72185668afa1f\",\"name\":\"Coordena\u00e7\u00e3o\",\"image\":{\"@type\":\"ImageObject\",\"inLanguage\":\"pt-BR\",\"@id\":\"https:\/\/secure.gravatar.com\/avatar\/b720319e4c9a967eb58678d110f4fe35452fc5d5f97b202bac7b8acceb18c6ad?s=96&d=mm&r=g\",\"url\":\"https:\/\/secure.gravatar.com\/avatar\/b720319e4c9a967eb58678d110f4fe35452fc5d5f97b202bac7b8acceb18c6ad?s=96&d=mm&r=g\",\"contentUrl\":\"https:\/\/secure.gravatar.com\/avatar\/b720319e4c9a967eb58678d110f4fe35452fc5d5f97b202bac7b8acceb18c6ad?s=96&d=mm&r=g\",\"caption\":\"Coordena\u00e7\u00e3o\"},\"sameAs\":[\"https:\/\/www.facebook.com\/EstrategiaConcursos\",\"https:\/\/x.com\/EstratConcursos\"],\"url\":\"https:\/\/www.estrategiaconcursos.com.br\/blog\/author\/estrategia2013\/\"}]}<\/script>\n<!-- \/ Yoast SEO Premium plugin. -->","yoast_head_json":{"title":"Semana especial PF - Opera\u00e7\u00e3o Aquila Brachium","description":"Com a autoriza\u00e7\u00e3o de 2 mil vagas para o concurso da Pol\u00edcia Federal, chegou o momento de intensificar a sua prepara\u00e7\u00e3o! Veja como aqui!","robots":{"index":"index","follow":"follow","max-snippet":"max-snippet:-1","max-image-preview":"max-image-preview:large","max-video-preview":"max-video-preview:-1"},"canonical":"https:\/\/www.estrategiaconcursos.com.br\/blog\/semana-especial-pf-operacao-aquila-brachium\/","og_locale":"pt_BR","og_type":"article","og_title":"Semana especial PF - Opera\u00e7\u00e3o Aquila Brachium","og_description":"Com a autoriza\u00e7\u00e3o de 2 mil vagas para o concurso da Pol\u00edcia Federal, chegou o momento de intensificar a sua prepara\u00e7\u00e3o! Veja como aqui!","og_url":"https:\/\/www.estrategiaconcursos.com.br\/blog\/semana-especial-pf-operacao-aquila-brachium\/","og_site_name":"Estrat\u00e9gia Concursos","article_author":"https:\/\/www.facebook.com\/EstrategiaConcursos","article_published_time":"2020-09-04T03:00:44+00:00","article_modified_time":"2020-11-20T17:59:30+00:00","og_image":[{"width":400,"height":210,"url":"https:\/\/dhg1h5j42swfq.cloudfront.net\/2018\/10\/10181737\/pf-e1533591620679.jpg","type":"image\/jpeg"}],"author":"Coordena\u00e7\u00e3o","twitter_card":"summary_large_image","twitter_creator":"@EstratConcursos","twitter_site":"@EstratConcursos","twitter_misc":{"Escrito por":"Coordena\u00e7\u00e3o","Est. tempo de leitura":"3 minutos"},"schema":{"@context":"https:\/\/schema.org","@graph":[{"@type":"NewsArticle","@id":"https:\/\/www.estrategiaconcursos.com.br\/blog\/semana-especial-pf-operacao-aquila-brachium\/#article","isPartOf":{"@id":"https:\/\/www.estrategiaconcursos.com.br\/blog\/semana-especial-pf-operacao-aquila-brachium\/"},"author":{"name":"Coordena\u00e7\u00e3o","@id":"https:\/\/www.estrategiaconcursos.com.br\/blog\/#\/schema\/person\/b4a388c97673c5f483d72185668afa1f"},"headline":"Semana especial PF &#8211; Opera\u00e7\u00e3o Aquila Brachium","datePublished":"2020-09-04T03:00:44+00:00","dateModified":"2020-11-20T17:59:30+00:00","mainEntityOfPage":{"@id":"https:\/\/www.estrategiaconcursos.com.br\/blog\/semana-especial-pf-operacao-aquila-brachium\/"},"wordCount":533,"commentCount":0,"publisher":{"@id":"https:\/\/www.estrategiaconcursos.com.br\/blog\/#organization"},"image":{"@id":"https:\/\/www.estrategiaconcursos.com.br\/blog\/semana-especial-pf-operacao-aquila-brachium\/#primaryimage"},"thumbnailUrl":"https:\/\/dhg1h5j42swfq.cloudfront.net\/2018\/10\/10181737\/pf-e1533591620679.jpg","articleSection":["Concursos P\u00fablicos"],"inLanguage":"pt-BR","potentialAction":[{"@type":"CommentAction","name":"Comment","target":["https:\/\/www.estrategiaconcursos.com.br\/blog\/semana-especial-pf-operacao-aquila-brachium\/#respond"]}],"copyrightYear":"2020","copyrightHolder":{"@id":"https:\/\/www.estrategiaconcursos.com.br\/blog\/#organization"}},{"@type":"WebPage","@id":"https:\/\/www.estrategiaconcursos.com.br\/blog\/semana-especial-pf-operacao-aquila-brachium\/","url":"https:\/\/www.estrategiaconcursos.com.br\/blog\/semana-especial-pf-operacao-aquila-brachium\/","name":"Semana especial PF - Opera\u00e7\u00e3o Aquila Brachium","isPartOf":{"@id":"https:\/\/www.estrategiaconcursos.com.br\/blog\/#website"},"primaryImageOfPage":{"@id":"https:\/\/www.estrategiaconcursos.com.br\/blog\/semana-especial-pf-operacao-aquila-brachium\/#primaryimage"},"image":{"@id":"https:\/\/www.estrategiaconcursos.com.br\/blog\/semana-especial-pf-operacao-aquila-brachium\/#primaryimage"},"thumbnailUrl":"https:\/\/dhg1h5j42swfq.cloudfront.net\/2018\/10\/10181737\/pf-e1533591620679.jpg","datePublished":"2020-09-04T03:00:44+00:00","dateModified":"2020-11-20T17:59:30+00:00","description":"Com a autoriza\u00e7\u00e3o de 2 mil vagas para o concurso da Pol\u00edcia Federal, chegou o momento de intensificar a sua prepara\u00e7\u00e3o! Veja como aqui!","breadcrumb":{"@id":"https:\/\/www.estrategiaconcursos.com.br\/blog\/semana-especial-pf-operacao-aquila-brachium\/#breadcrumb"},"inLanguage":"pt-BR","potentialAction":[{"@type":"ReadAction","target":["https:\/\/www.estrategiaconcursos.com.br\/blog\/semana-especial-pf-operacao-aquila-brachium\/"]}]},{"@type":"ImageObject","inLanguage":"pt-BR","@id":"https:\/\/www.estrategiaconcursos.com.br\/blog\/semana-especial-pf-operacao-aquila-brachium\/#primaryimage","url":"https:\/\/dhg1h5j42swfq.cloudfront.net\/2018\/10\/10181737\/pf-e1533591620679.jpg","contentUrl":"https:\/\/dhg1h5j42swfq.cloudfront.net\/2018\/10\/10181737\/pf-e1533591620679.jpg","width":400,"height":210,"caption":"Concurso Agente Administrativo PF"},{"@type":"BreadcrumbList","@id":"https:\/\/www.estrategiaconcursos.com.br\/blog\/semana-especial-pf-operacao-aquila-brachium\/#breadcrumb","itemListElement":[{"@type":"ListItem","position":1,"name":"In\u00edcio","item":"https:\/\/www.estrategiaconcursos.com.br\/blog\/"},{"@type":"ListItem","position":2,"name":"Semana especial PF &#8211; Opera\u00e7\u00e3o Aquila Brachium"}]},{"@type":"WebSite","@id":"https:\/\/www.estrategiaconcursos.com.br\/blog\/#website","url":"https:\/\/www.estrategiaconcursos.com.br\/blog\/","name":"Estrat\u00e9gia Concursos","description":"O blog da Estrat\u00e9gia Concursos traz not\u00edcias sobre concursos e artigos de professores oferecendo cursos para concursos (pdf + videaulas) no site.","publisher":{"@id":"https:\/\/www.estrategiaconcursos.com.br\/blog\/#organization"},"potentialAction":[{"@type":"SearchAction","target":{"@type":"EntryPoint","urlTemplate":"https:\/\/www.estrategiaconcursos.com.br\/blog\/?s={search_term_string}"},"query-input":{"@type":"PropertyValueSpecification","valueRequired":true,"valueName":"search_term_string"}}],"inLanguage":"pt-BR"},{"@type":"Organization","@id":"https:\/\/www.estrategiaconcursos.com.br\/blog\/#organization","name":"Estrat\u00e9gia Concursos","url":"https:\/\/www.estrategiaconcursos.com.br\/blog\/","logo":{"@type":"ImageObject","inLanguage":"pt-BR","@id":"https:\/\/www.estrategiaconcursos.com.br\/blog\/#\/schema\/logo\/image\/","url":"https:\/\/dhg1h5j42swfq.cloudfront.net\/2025\/06\/03203428\/logo_concursos-1.jpg","contentUrl":"https:\/\/dhg1h5j42swfq.cloudfront.net\/2025\/06\/03203428\/logo_concursos-1.jpg","width":230,"height":60,"caption":"Estrat\u00e9gia Concursos"},"image":{"@id":"https:\/\/www.estrategiaconcursos.com.br\/blog\/#\/schema\/logo\/image\/"},"sameAs":["https:\/\/x.com\/EstratConcursos"]},{"@type":"Person","@id":"https:\/\/www.estrategiaconcursos.com.br\/blog\/#\/schema\/person\/b4a388c97673c5f483d72185668afa1f","name":"Coordena\u00e7\u00e3o","image":{"@type":"ImageObject","inLanguage":"pt-BR","@id":"https:\/\/secure.gravatar.com\/avatar\/b720319e4c9a967eb58678d110f4fe35452fc5d5f97b202bac7b8acceb18c6ad?s=96&d=mm&r=g","url":"https:\/\/secure.gravatar.com\/avatar\/b720319e4c9a967eb58678d110f4fe35452fc5d5f97b202bac7b8acceb18c6ad?s=96&d=mm&r=g","contentUrl":"https:\/\/secure.gravatar.com\/avatar\/b720319e4c9a967eb58678d110f4fe35452fc5d5f97b202bac7b8acceb18c6ad?s=96&d=mm&r=g","caption":"Coordena\u00e7\u00e3o"},"sameAs":["https:\/\/www.facebook.com\/EstrategiaConcursos","https:\/\/x.com\/EstratConcursos"],"url":"https:\/\/www.estrategiaconcursos.com.br\/blog\/author\/estrategia2013\/"}]}},"_links":{"self":[{"href":"https:\/\/www.estrategiaconcursos.com.br\/blog\/wp-json\/wp\/v2\/posts\/564305","targetHints":{"allow":["GET"]}}],"collection":[{"href":"https:\/\/www.estrategiaconcursos.com.br\/blog\/wp-json\/wp\/v2\/posts"}],"about":[{"href":"https:\/\/www.estrategiaconcursos.com.br\/blog\/wp-json\/wp\/v2\/types\/post"}],"author":[{"embeddable":true,"href":"https:\/\/www.estrategiaconcursos.com.br\/blog\/wp-json\/wp\/v2\/users\/1"}],"replies":[{"embeddable":true,"href":"https:\/\/www.estrategiaconcursos.com.br\/blog\/wp-json\/wp\/v2\/comments?post=564305"}],"version-history":[{"count":13,"href":"https:\/\/www.estrategiaconcursos.com.br\/blog\/wp-json\/wp\/v2\/posts\/564305\/revisions"}],"predecessor-version":[{"id":614216,"href":"https:\/\/www.estrategiaconcursos.com.br\/blog\/wp-json\/wp\/v2\/posts\/564305\/revisions\/614216"}],"wp:featuredmedia":[{"embeddable":true,"href":"https:\/\/www.estrategiaconcursos.com.br\/blog\/wp-json\/wp\/v2\/media\/146469"}],"wp:attachment":[{"href":"https:\/\/www.estrategiaconcursos.com.br\/blog\/wp-json\/wp\/v2\/media?parent=564305"}],"wp:term":[{"taxonomy":"category","embeddable":true,"href":"https:\/\/www.estrategiaconcursos.com.br\/blog\/wp-json\/wp\/v2\/categories?post=564305"},{"taxonomy":"post_tag","embeddable":true,"href":"https:\/\/www.estrategiaconcursos.com.br\/blog\/wp-json\/wp\/v2\/tags?post=564305"},{"taxonomy":"tax_estado","embeddable":true,"href":"https:\/\/www.estrategiaconcursos.com.br\/blog\/wp-json\/wp\/v2\/tax_estado?post=564305"}],"curies":[{"name":"wp","href":"https:\/\/api.w.org\/{rel}","templated":true}]}}