{"id":56372,"date":"2017-02-20T16:40:19","date_gmt":"2017-02-20T19:40:19","guid":{"rendered":"https:\/\/www.estrategiaconcursos.com.br\/blog\/?p=56372"},"modified":"2021-05-22T11:51:20","modified_gmt":"2021-05-22T14:51:20","slug":"concurso-ministerio-da-saude-edital","status":"publish","type":"post","link":"https:\/\/www.estrategiaconcursos.com.br\/blog\/concurso-ministerio-da-saude-edital\/","title":{"rendered":"Concurso Minist\u00e9rio da Sa\u00fade: Divulgados gabaritos preliminares. Confira!"},"content":{"rendered":"<h3 style=\"text-align: justify;\">\n\t<em><strong><span style=\"color:#000000;\"><img loading=\"lazy\" decoding=\"async\" alt=\"concurso ministerio da saude\" class=\"alignleft wp-image-50120 size-thumbnail\" height=\"150\" src=\"https:\/\/dhg1h5j42swfq.cloudfront.net\/2016\/09\/21055208\/concurso-ministerio-da-saude.jpg\" width=\"150\"\/>Concurso Minist\u00e9rio da Sa\u00fade:&nbsp;Divulgados gabaritos preliminares. Confira!<\/span><\/strong><\/em><\/h3>\n<p><span style=\"color:#000000;\">Foram divulgados nesta segunda-feira, 20, os gabaritos preliminares do concurso&nbsp;Minist\u00e9rio da Sa\u00fade.&nbsp;O candidato que desejar interpor recursos contra os gabaritos oficiais preliminares das provas objetivas dispor\u00e1 de dois dias \u00fateis, a partir do dia subsequente ao da divulga\u00e7\u00e3o (ter\u00e7a-feira, 21)), em requerimento pr\u00f3prio disponibilizado no link correlato ao Concurso P\u00fablico no site<\/span> <a href=\"http:\/\/www.idecan.org.br\/getConc.aspx?key=0L763BQBFes=\" target=\"_blank\" rel=\"noopener\">www.idecan.org.br.<\/a><\/p>\n<p><strong><span style=\"color:#000000;\">Confira os gabaritos em:<\/span><\/strong><\/p>\n<p><a href=\"https:\/\/idecan.s3.amazonaws.com\/concursos\/272\/51_20022017145305.pdf\" target=\"_blank\" rel=\"noopener\">https:\/\/idecan.s3.amazonaws.com\/concursos\/272\/51_20022017145305.pdf<\/a><\/p>\n<p style=\"text-align: justify;\">\n\t<span style=\"color:#000000;\">Foram registrados mais de 27 mil inscritos para concorrer a 102 vagas de n\u00edvel superior. Segundo o Idecan, a maior demanda de candidato\/vaga foi registrada para o &nbsp;cargo de Analista de Pol\u00edticas Sociais na Bahia, com a concorr\u00eancia de 1.351 pessoas.&nbsp;<\/span><\/p>\n<p style=\"text-align: justify;\">\n\t<span style=\"color:#000000;\">O concurso Minist\u00e9rio da Sa\u00fade prev\u00ea carga hor\u00e1ria de 40 horas semanais para todos os cargos e remunera\u00e7\u00e3o inicial de:<\/span><\/p>\n<ul>\n<li style=\"text-align: justify;\">\n\t\t<span style=\"color:#000000;\">Administrador e Contador: R$ 4.784,27 + Aux\u00edlio alimenta\u00e7\u00e3o de R$ 458,00.<\/span><\/li>\n<li style=\"text-align: justify;\">\n\t\t<span style=\"color:#000000;\">Analista T\u00e9cnico de Pol\u00edticas Sociais: R$ 5.744,88 +&nbsp;Aux\u00edlio alimenta\u00e7\u00e3o de R$ 458,00<\/span><\/li>\n<\/ul>\n<h2 style=\"text-align: justify;\">\n\t<strong><span style=\"color:#000000;\">Concurso Minist\u00e9rio da Sa\u00fade &#8211; PROVAS<\/span><\/strong><\/h2>\n<p style=\"text-align: justify;\">\n\t<span style=\"color:#000000;\">Para os cargos de Administrador e Contador, a sele\u00e7\u00e3o consistir\u00e1 de provas objetivas e discursivas; e para o cargo de Analista T\u00e9cnico de Pol\u00edticas Sociais consistir\u00e1 de provas objetivas &nbsp;e discursivas, bem como avalia\u00e7\u00e3o de t\u00edtulos.&nbsp;A prova discursiva ter\u00e1 o valor de 40 pontos.<\/span><\/p>\n<p style=\"text-align: justify;\">\n\t<span style=\"color:#000000;\">Ser\u00e3o aplicadas provas objetivas de m\u00faltipla escolha, de car\u00e1ter eliminat\u00f3rio e classificat\u00f3rio, abrangendo os seguintes conte\u00fados program\u00e1ticos:<\/span><\/p>\n<p style=\"text-align: justify;\">\n\t<img loading=\"lazy\" decoding=\"async\" alt=\"concurso minist\u00e9rio da sa\u00fade\" class=\"aligncenter wp-image-56375 size-full\" height=\"237\" src=\"https:\/\/dhg1h5j42swfq.cloudfront.net\/2016\/11\/28221055\/concurso-minist%C3%A9rio-da-sa%C3%BAde.png\" width=\"983\" srcset=\"https:\/\/dhg1h5j42swfq.cloudfront.net\/2016\/11\/28221055\/concurso-minist%C3%A9rio-da-sa%C3%BAde.png 983w, https:\/\/dhg1h5j42swfq.cloudfront.net\/2016\/11\/28221055\/concurso-minist%C3%A9rio-da-sa%C3%BAde.png 300w, https:\/\/dhg1h5j42swfq.cloudfront.net\/2016\/11\/28221055\/concurso-minist%C3%A9rio-da-sa%C3%BAde.png 768w, https:\/\/dhg1h5j42swfq.cloudfront.net\/2016\/11\/28221055\/concurso-minist%C3%A9rio-da-sa%C3%BAde.png 500w\" sizes=\"auto, (max-width: 983px) 100vw, 983px\" \/><\/p>\n<p style=\"text-align: justify;\">\n\t<span style=\"color:#000000;\">As provas objetivas e discursivas ser\u00e3o realizadas nas 27 capitais da Federa\u00e7\u00e3o com dura\u00e7\u00e3o de 4 horas para sua realiza\u00e7\u00e3o, em dois turnos:<\/span><\/p>\n<ul>\n<li style=\"text-align: justify;\">\n\t\t<span style=\"color:#000000;\">Manh\u00e3: Administrador e Contador<\/span><\/li>\n<li style=\"text-align: justify;\">\n\t\t<span style=\"color:#000000;\">Tarde: Analista T\u00e9cnico de Pol\u00edticas Sociais<\/span><\/li>\n<\/ul>\n<p style=\"text-align: justify;\">\n\t<span style=\"color:#000000;\"><strong>Conhecimentos Espec\u00edficos para o cargo de Administrador:<\/strong><\/span><\/p>\n<ul style=\"text-align: justify;\">\n<li>\n\t\t<span style=\"color:#000000;\">Administra\u00e7\u00e3o Financeira<\/span><\/li>\n<li>\n\t\t<span style=\"color:#000000;\">Administra\u00e7\u00e3o<\/span><\/li>\n<li>\n\t\t<span style=\"color:#000000;\">Gest\u00e3o<\/span><\/li>\n<li>\n\t\t<span style=\"color:#000000;\">No\u00e7\u00f5es de Contabilidade<\/span><\/li>\n<\/ul>\n<p style=\"text-align: justify;\">\n\t<span style=\"color:#000000;\"><strong>Conhecimentos Espec\u00edficos para o cargo de Contador:<\/strong><\/span><\/p>\n<ul style=\"text-align: justify;\">\n<li>\n\t\t<span style=\"color:#000000;\">Contabilidade Geral<\/span><\/li>\n<li>\n\t\t<span style=\"color:#000000;\">Contabilidade P\u00fablica<\/span><\/li>\n<li>\n\t\t<span style=\"color:#000000;\">Legisla\u00e7\u00e3o Espec\u00edfica<\/span><\/li>\n<\/ul>\n<p style=\"text-align: justify;\">\n\t<span style=\"color:#000000;\"><strong>Conhecimentos Espec\u00edficos para o cargo de Analista T\u00e9cnico de Pol\u00edticas Sociais:<\/strong><\/span><\/p>\n<ul>\n<li style=\"text-align: justify;\">\n\t\t<span style=\"color:#000000;\">Pol\u00edticas Sociais<\/span><\/li>\n<li style=\"text-align: justify;\">\n\t\t<span style=\"color:#000000;\">Sa\u00fade P\u00fablica<\/span><\/li>\n<li style=\"text-align: justify;\">\n\t\t<span style=\"color:#000000;\">Auditoria<\/span><\/li>\n<\/ul>\n<h4>\n\t<span style=\"color:#000000;\"><strong>Confira a an\u00e1lise do edital Minist\u00e9rio da Sa\u00fade:<\/strong><\/span><\/h4>\n<blockquote class=\"wp-embedded-content\" data-secret=\"JezgSoY1lH\"><p><a href=\"https:\/\/www.estrategiaconcursos.com.br\/blog\/edital-ministerio-da-saude\/\">Edital Minist\u00e9rio da Sa\u00fade &#8211; s\u00e3o 102 vagas e at\u00e9 R$ 6.202,88 iniciais<\/a><\/p><\/blockquote>\n<p><iframe loading=\"lazy\" class=\"wp-embedded-content\" sandbox=\"allow-scripts\" security=\"restricted\" style=\"position: absolute; clip: rect(1px, 1px, 1px, 1px);\" title=\"&#8220;Edital Minist\u00e9rio da Sa\u00fade &#8211; s\u00e3o 102 vagas e at\u00e9 R$ 6.202,88 iniciais&#8221; &#8212; Estrat\u00e9gia Concursos\" src=\"https:\/\/www.estrategiaconcursos.com.br\/blog\/edital-ministerio-da-saude\/embed\/#?secret=W6H61e93V4#?secret=JezgSoY1lH\" data-secret=\"JezgSoY1lH\" width=\"500\" height=\"282\" frameborder=\"0\" marginwidth=\"0\" marginheight=\"0\" scrolling=\"no\"><\/iframe><\/p>\n<p style=\"text-align: justify;\">\n\t&nbsp;<\/p>\n<p>\t<span style=\"color: #000000;\">Rafaella Feliciano e equipe de Assessoria de Comunica\u00e7\u00e3o<\/span><\/p>\n<p><em><span style=\"color: #000000;\">*com informa\u00e7\u00f5es do Idecan&nbsp;<\/span><\/em><\/p>\n<p><span style=\"color: #000000;\">comunicacao@estrategiaconcursos.com.br<\/span><\/p>\n","protected":false},"excerpt":{"rendered":"<p>Concurso Minist\u00e9rio da Sa\u00fade:&nbsp;Divulgados gabaritos preliminares. Confira! Foram divulgados nesta segunda-feira, 20, os gabaritos preliminares do concurso&nbsp;Minist\u00e9rio da Sa\u00fade.&nbsp;O candidato que desejar interpor recursos contra os gabaritos oficiais preliminares das provas objetivas dispor\u00e1 de dois dias \u00fateis, a partir do dia subsequente ao da divulga\u00e7\u00e3o (ter\u00e7a-feira, 21)), em requerimento pr\u00f3prio disponibilizado no link correlato ao [&hellip;]<\/p>\n","protected":false},"author":1,"featured_media":50120,"comment_status":"open","ping_status":"open","sticky":false,"template":"","format":"standard","meta":{"post_tipo":"news","footnotes":""},"categories":[1],"tags":[],"tax_estado":[219963],"class_list":["post-56372","post","type-post","status-publish","format-standard","has-post-thumbnail","hentry","category-cursos-e-concursos","tax_estado-concursos-federais"],"acf":[],"yoast_head":"<!-- This site is optimized with the Yoast SEO Premium plugin v27.2 (Yoast SEO v27.2) - https:\/\/yoast.com\/product\/yoast-seo-premium-wordpress\/ -->\n<title>Concurso Minist\u00e9rio da Sa\u00fade: Edital Publicado. S\u00e3o 102 vagas<\/title>\n<meta name=\"description\" content=\"ESTRAT\u00c9GIA CONCURSOS - Concurso Minist\u00e9rio da Sa\u00fade: Edital Publicado. S\u00e3o 102 vagas e remunera\u00e7\u00e3o de at\u00e9 R$ 6 mil. Confira!\" \/>\n<meta name=\"robots\" content=\"index, follow, max-snippet:-1, max-image-preview:large, max-video-preview:-1\" \/>\n<link rel=\"canonical\" href=\"https:\/\/www.estrategiaconcursos.com.br\/blog\/concurso-ministerio-da-saude-edital\/\" \/>\n<meta property=\"og:locale\" content=\"pt_BR\" \/>\n<meta property=\"og:type\" content=\"article\" \/>\n<meta property=\"og:title\" content=\"Concurso Minist\u00e9rio da Sa\u00fade: Divulgados gabaritos preliminares. Confira!\" \/>\n<meta property=\"og:description\" content=\"ESTRAT\u00c9GIA CONCURSOS - Concurso Minist\u00e9rio da Sa\u00fade: Edital Publicado. S\u00e3o 102 vagas e remunera\u00e7\u00e3o de at\u00e9 R$ 6 mil. Confira!\" \/>\n<meta property=\"og:url\" content=\"https:\/\/www.estrategiaconcursos.com.br\/blog\/concurso-ministerio-da-saude-edital\/\" \/>\n<meta property=\"og:site_name\" content=\"Estrat\u00e9gia Concursos\" \/>\n<meta property=\"article:author\" content=\"https:\/\/www.facebook.com\/EstrategiaConcursos\" \/>\n<meta property=\"article:published_time\" content=\"2017-02-20T19:40:19+00:00\" \/>\n<meta property=\"article:modified_time\" content=\"2021-05-22T14:51:20+00:00\" \/>\n<meta property=\"og:image\" content=\"https:\/\/dhg1h5j42swfq.cloudfront.net\/2016\/09\/21055208\/concurso-ministerio-da-saude.jpg\" \/>\n\t<meta property=\"og:image:width\" content=\"1000\" \/>\n\t<meta property=\"og:image:height\" content=\"970\" \/>\n\t<meta property=\"og:image:type\" content=\"image\/jpeg\" \/>\n<meta name=\"author\" content=\"Coordena\u00e7\u00e3o\" \/>\n<meta name=\"twitter:card\" content=\"summary_large_image\" \/>\n<meta name=\"twitter:creator\" content=\"@EstratConcursos\" \/>\n<meta name=\"twitter:site\" content=\"@EstratConcursos\" \/>\n<meta name=\"twitter:label1\" content=\"Escrito por\" \/>\n\t<meta name=\"twitter:data1\" content=\"Coordena\u00e7\u00e3o\" \/>\n\t<meta name=\"twitter:label2\" content=\"Est. tempo de leitura\" \/>\n\t<meta name=\"twitter:data2\" content=\"2 minutos\" \/>\n<script type=\"application\/ld+json\" class=\"yoast-schema-graph\">{\"@context\":\"https:\/\/schema.org\",\"@graph\":[{\"@type\":\"NewsArticle\",\"@id\":\"https:\/\/www.estrategiaconcursos.com.br\/blog\/concurso-ministerio-da-saude-edital\/#article\",\"isPartOf\":{\"@id\":\"https:\/\/www.estrategiaconcursos.com.br\/blog\/concurso-ministerio-da-saude-edital\/\"},\"author\":{\"name\":\"Coordena\u00e7\u00e3o\",\"@id\":\"https:\/\/www.estrategiaconcursos.com.br\/blog\/#\/schema\/person\/b4a388c97673c5f483d72185668afa1f\"},\"headline\":\"Concurso Minist\u00e9rio da Sa\u00fade: Divulgados gabaritos preliminares. Confira!\",\"datePublished\":\"2017-02-20T19:40:19+00:00\",\"dateModified\":\"2021-05-22T14:51:20+00:00\",\"mainEntityOfPage\":{\"@id\":\"https:\/\/www.estrategiaconcursos.com.br\/blog\/concurso-ministerio-da-saude-edital\/\"},\"wordCount\":404,\"commentCount\":0,\"publisher\":{\"@id\":\"https:\/\/www.estrategiaconcursos.com.br\/blog\/#organization\"},\"image\":{\"@id\":\"https:\/\/www.estrategiaconcursos.com.br\/blog\/concurso-ministerio-da-saude-edital\/#primaryimage\"},\"thumbnailUrl\":\"https:\/\/dhg1h5j42swfq.cloudfront.net\/2016\/09\/21055208\/concurso-ministerio-da-saude.jpg\",\"articleSection\":[\"Concursos P\u00fablicos\"],\"inLanguage\":\"pt-BR\",\"potentialAction\":[{\"@type\":\"CommentAction\",\"name\":\"Comment\",\"target\":[\"https:\/\/www.estrategiaconcursos.com.br\/blog\/concurso-ministerio-da-saude-edital\/#respond\"]}],\"copyrightYear\":\"2017\",\"copyrightHolder\":{\"@id\":\"https:\/\/www.estrategiaconcursos.com.br\/blog\/#organization\"}},{\"@type\":\"WebPage\",\"@id\":\"https:\/\/www.estrategiaconcursos.com.br\/blog\/concurso-ministerio-da-saude-edital\/\",\"url\":\"https:\/\/www.estrategiaconcursos.com.br\/blog\/concurso-ministerio-da-saude-edital\/\",\"name\":\"Concurso Minist\u00e9rio da Sa\u00fade: Edital Publicado. S\u00e3o 102 vagas\",\"isPartOf\":{\"@id\":\"https:\/\/www.estrategiaconcursos.com.br\/blog\/#website\"},\"primaryImageOfPage\":{\"@id\":\"https:\/\/www.estrategiaconcursos.com.br\/blog\/concurso-ministerio-da-saude-edital\/#primaryimage\"},\"image\":{\"@id\":\"https:\/\/www.estrategiaconcursos.com.br\/blog\/concurso-ministerio-da-saude-edital\/#primaryimage\"},\"thumbnailUrl\":\"https:\/\/dhg1h5j42swfq.cloudfront.net\/2016\/09\/21055208\/concurso-ministerio-da-saude.jpg\",\"datePublished\":\"2017-02-20T19:40:19+00:00\",\"dateModified\":\"2021-05-22T14:51:20+00:00\",\"description\":\"ESTRAT\u00c9GIA CONCURSOS - Concurso Minist\u00e9rio da Sa\u00fade: Edital Publicado. S\u00e3o 102 vagas e remunera\u00e7\u00e3o de at\u00e9 R$ 6 mil. Confira!\",\"breadcrumb\":{\"@id\":\"https:\/\/www.estrategiaconcursos.com.br\/blog\/concurso-ministerio-da-saude-edital\/#breadcrumb\"},\"inLanguage\":\"pt-BR\",\"potentialAction\":[{\"@type\":\"ReadAction\",\"target\":[\"https:\/\/www.estrategiaconcursos.com.br\/blog\/concurso-ministerio-da-saude-edital\/\"]}]},{\"@type\":\"ImageObject\",\"inLanguage\":\"pt-BR\",\"@id\":\"https:\/\/www.estrategiaconcursos.com.br\/blog\/concurso-ministerio-da-saude-edital\/#primaryimage\",\"url\":\"https:\/\/dhg1h5j42swfq.cloudfront.net\/2016\/09\/21055208\/concurso-ministerio-da-saude.jpg\",\"contentUrl\":\"https:\/\/dhg1h5j42swfq.cloudfront.net\/2016\/09\/21055208\/concurso-ministerio-da-saude.jpg\",\"width\":1000,\"height\":970,\"caption\":\"concurso ministerio da saude\"},{\"@type\":\"BreadcrumbList\",\"@id\":\"https:\/\/www.estrategiaconcursos.com.br\/blog\/concurso-ministerio-da-saude-edital\/#breadcrumb\",\"itemListElement\":[{\"@type\":\"ListItem\",\"position\":1,\"name\":\"In\u00edcio\",\"item\":\"https:\/\/www.estrategiaconcursos.com.br\/blog\/\"},{\"@type\":\"ListItem\",\"position\":2,\"name\":\"Concurso Minist\u00e9rio da Sa\u00fade: Divulgados gabaritos preliminares. Confira!\"}]},{\"@type\":\"WebSite\",\"@id\":\"https:\/\/www.estrategiaconcursos.com.br\/blog\/#website\",\"url\":\"https:\/\/www.estrategiaconcursos.com.br\/blog\/\",\"name\":\"Estrat\u00e9gia Concursos\",\"description\":\"O blog da Estrat\u00e9gia Concursos traz not\u00edcias sobre concursos e artigos de professores oferecendo cursos para concursos (pdf + videaulas) no site.\",\"publisher\":{\"@id\":\"https:\/\/www.estrategiaconcursos.com.br\/blog\/#organization\"},\"potentialAction\":[{\"@type\":\"SearchAction\",\"target\":{\"@type\":\"EntryPoint\",\"urlTemplate\":\"https:\/\/www.estrategiaconcursos.com.br\/blog\/?s={search_term_string}\"},\"query-input\":{\"@type\":\"PropertyValueSpecification\",\"valueRequired\":true,\"valueName\":\"search_term_string\"}}],\"inLanguage\":\"pt-BR\"},{\"@type\":\"Organization\",\"@id\":\"https:\/\/www.estrategiaconcursos.com.br\/blog\/#organization\",\"name\":\"Estrat\u00e9gia Concursos\",\"url\":\"https:\/\/www.estrategiaconcursos.com.br\/blog\/\",\"logo\":{\"@type\":\"ImageObject\",\"inLanguage\":\"pt-BR\",\"@id\":\"https:\/\/www.estrategiaconcursos.com.br\/blog\/#\/schema\/logo\/image\/\",\"url\":\"https:\/\/dhg1h5j42swfq.cloudfront.net\/2025\/06\/03203428\/logo_concursos-1.jpg\",\"contentUrl\":\"https:\/\/dhg1h5j42swfq.cloudfront.net\/2025\/06\/03203428\/logo_concursos-1.jpg\",\"width\":230,\"height\":60,\"caption\":\"Estrat\u00e9gia Concursos\"},\"image\":{\"@id\":\"https:\/\/www.estrategiaconcursos.com.br\/blog\/#\/schema\/logo\/image\/\"},\"sameAs\":[\"https:\/\/x.com\/EstratConcursos\"]},{\"@type\":\"Person\",\"@id\":\"https:\/\/www.estrategiaconcursos.com.br\/blog\/#\/schema\/person\/b4a388c97673c5f483d72185668afa1f\",\"name\":\"Coordena\u00e7\u00e3o\",\"image\":{\"@type\":\"ImageObject\",\"inLanguage\":\"pt-BR\",\"@id\":\"https:\/\/secure.gravatar.com\/avatar\/b720319e4c9a967eb58678d110f4fe35452fc5d5f97b202bac7b8acceb18c6ad?s=96&d=mm&r=g\",\"url\":\"https:\/\/secure.gravatar.com\/avatar\/b720319e4c9a967eb58678d110f4fe35452fc5d5f97b202bac7b8acceb18c6ad?s=96&d=mm&r=g\",\"contentUrl\":\"https:\/\/secure.gravatar.com\/avatar\/b720319e4c9a967eb58678d110f4fe35452fc5d5f97b202bac7b8acceb18c6ad?s=96&d=mm&r=g\",\"caption\":\"Coordena\u00e7\u00e3o\"},\"sameAs\":[\"https:\/\/www.facebook.com\/EstrategiaConcursos\",\"https:\/\/x.com\/EstratConcursos\"],\"url\":\"https:\/\/www.estrategiaconcursos.com.br\/blog\/author\/estrategia2013\/\"}]}<\/script>\n<!-- \/ Yoast SEO Premium plugin. -->","yoast_head_json":{"title":"Concurso Minist\u00e9rio da Sa\u00fade: Edital Publicado. S\u00e3o 102 vagas","description":"ESTRAT\u00c9GIA CONCURSOS - Concurso Minist\u00e9rio da Sa\u00fade: Edital Publicado. S\u00e3o 102 vagas e remunera\u00e7\u00e3o de at\u00e9 R$ 6 mil. Confira!","robots":{"index":"index","follow":"follow","max-snippet":"max-snippet:-1","max-image-preview":"max-image-preview:large","max-video-preview":"max-video-preview:-1"},"canonical":"https:\/\/www.estrategiaconcursos.com.br\/blog\/concurso-ministerio-da-saude-edital\/","og_locale":"pt_BR","og_type":"article","og_title":"Concurso Minist\u00e9rio da Sa\u00fade: Divulgados gabaritos preliminares. Confira!","og_description":"ESTRAT\u00c9GIA CONCURSOS - Concurso Minist\u00e9rio da Sa\u00fade: Edital Publicado. S\u00e3o 102 vagas e remunera\u00e7\u00e3o de at\u00e9 R$ 6 mil. Confira!","og_url":"https:\/\/www.estrategiaconcursos.com.br\/blog\/concurso-ministerio-da-saude-edital\/","og_site_name":"Estrat\u00e9gia Concursos","article_author":"https:\/\/www.facebook.com\/EstrategiaConcursos","article_published_time":"2017-02-20T19:40:19+00:00","article_modified_time":"2021-05-22T14:51:20+00:00","og_image":[{"width":1000,"height":970,"url":"https:\/\/dhg1h5j42swfq.cloudfront.net\/2016\/09\/21055208\/concurso-ministerio-da-saude.jpg","type":"image\/jpeg"}],"author":"Coordena\u00e7\u00e3o","twitter_card":"summary_large_image","twitter_creator":"@EstratConcursos","twitter_site":"@EstratConcursos","twitter_misc":{"Escrito por":"Coordena\u00e7\u00e3o","Est. tempo de leitura":"2 minutos"},"schema":{"@context":"https:\/\/schema.org","@graph":[{"@type":"NewsArticle","@id":"https:\/\/www.estrategiaconcursos.com.br\/blog\/concurso-ministerio-da-saude-edital\/#article","isPartOf":{"@id":"https:\/\/www.estrategiaconcursos.com.br\/blog\/concurso-ministerio-da-saude-edital\/"},"author":{"name":"Coordena\u00e7\u00e3o","@id":"https:\/\/www.estrategiaconcursos.com.br\/blog\/#\/schema\/person\/b4a388c97673c5f483d72185668afa1f"},"headline":"Concurso Minist\u00e9rio da Sa\u00fade: Divulgados gabaritos preliminares. Confira!","datePublished":"2017-02-20T19:40:19+00:00","dateModified":"2021-05-22T14:51:20+00:00","mainEntityOfPage":{"@id":"https:\/\/www.estrategiaconcursos.com.br\/blog\/concurso-ministerio-da-saude-edital\/"},"wordCount":404,"commentCount":0,"publisher":{"@id":"https:\/\/www.estrategiaconcursos.com.br\/blog\/#organization"},"image":{"@id":"https:\/\/www.estrategiaconcursos.com.br\/blog\/concurso-ministerio-da-saude-edital\/#primaryimage"},"thumbnailUrl":"https:\/\/dhg1h5j42swfq.cloudfront.net\/2016\/09\/21055208\/concurso-ministerio-da-saude.jpg","articleSection":["Concursos P\u00fablicos"],"inLanguage":"pt-BR","potentialAction":[{"@type":"CommentAction","name":"Comment","target":["https:\/\/www.estrategiaconcursos.com.br\/blog\/concurso-ministerio-da-saude-edital\/#respond"]}],"copyrightYear":"2017","copyrightHolder":{"@id":"https:\/\/www.estrategiaconcursos.com.br\/blog\/#organization"}},{"@type":"WebPage","@id":"https:\/\/www.estrategiaconcursos.com.br\/blog\/concurso-ministerio-da-saude-edital\/","url":"https:\/\/www.estrategiaconcursos.com.br\/blog\/concurso-ministerio-da-saude-edital\/","name":"Concurso Minist\u00e9rio da Sa\u00fade: Edital Publicado. S\u00e3o 102 vagas","isPartOf":{"@id":"https:\/\/www.estrategiaconcursos.com.br\/blog\/#website"},"primaryImageOfPage":{"@id":"https:\/\/www.estrategiaconcursos.com.br\/blog\/concurso-ministerio-da-saude-edital\/#primaryimage"},"image":{"@id":"https:\/\/www.estrategiaconcursos.com.br\/blog\/concurso-ministerio-da-saude-edital\/#primaryimage"},"thumbnailUrl":"https:\/\/dhg1h5j42swfq.cloudfront.net\/2016\/09\/21055208\/concurso-ministerio-da-saude.jpg","datePublished":"2017-02-20T19:40:19+00:00","dateModified":"2021-05-22T14:51:20+00:00","description":"ESTRAT\u00c9GIA CONCURSOS - Concurso Minist\u00e9rio da Sa\u00fade: Edital Publicado. S\u00e3o 102 vagas e remunera\u00e7\u00e3o de at\u00e9 R$ 6 mil. Confira!","breadcrumb":{"@id":"https:\/\/www.estrategiaconcursos.com.br\/blog\/concurso-ministerio-da-saude-edital\/#breadcrumb"},"inLanguage":"pt-BR","potentialAction":[{"@type":"ReadAction","target":["https:\/\/www.estrategiaconcursos.com.br\/blog\/concurso-ministerio-da-saude-edital\/"]}]},{"@type":"ImageObject","inLanguage":"pt-BR","@id":"https:\/\/www.estrategiaconcursos.com.br\/blog\/concurso-ministerio-da-saude-edital\/#primaryimage","url":"https:\/\/dhg1h5j42swfq.cloudfront.net\/2016\/09\/21055208\/concurso-ministerio-da-saude.jpg","contentUrl":"https:\/\/dhg1h5j42swfq.cloudfront.net\/2016\/09\/21055208\/concurso-ministerio-da-saude.jpg","width":1000,"height":970,"caption":"concurso ministerio da saude"},{"@type":"BreadcrumbList","@id":"https:\/\/www.estrategiaconcursos.com.br\/blog\/concurso-ministerio-da-saude-edital\/#breadcrumb","itemListElement":[{"@type":"ListItem","position":1,"name":"In\u00edcio","item":"https:\/\/www.estrategiaconcursos.com.br\/blog\/"},{"@type":"ListItem","position":2,"name":"Concurso Minist\u00e9rio da Sa\u00fade: Divulgados gabaritos preliminares. Confira!"}]},{"@type":"WebSite","@id":"https:\/\/www.estrategiaconcursos.com.br\/blog\/#website","url":"https:\/\/www.estrategiaconcursos.com.br\/blog\/","name":"Estrat\u00e9gia Concursos","description":"O blog da Estrat\u00e9gia Concursos traz not\u00edcias sobre concursos e artigos de professores oferecendo cursos para concursos (pdf + videaulas) no site.","publisher":{"@id":"https:\/\/www.estrategiaconcursos.com.br\/blog\/#organization"},"potentialAction":[{"@type":"SearchAction","target":{"@type":"EntryPoint","urlTemplate":"https:\/\/www.estrategiaconcursos.com.br\/blog\/?s={search_term_string}"},"query-input":{"@type":"PropertyValueSpecification","valueRequired":true,"valueName":"search_term_string"}}],"inLanguage":"pt-BR"},{"@type":"Organization","@id":"https:\/\/www.estrategiaconcursos.com.br\/blog\/#organization","name":"Estrat\u00e9gia Concursos","url":"https:\/\/www.estrategiaconcursos.com.br\/blog\/","logo":{"@type":"ImageObject","inLanguage":"pt-BR","@id":"https:\/\/www.estrategiaconcursos.com.br\/blog\/#\/schema\/logo\/image\/","url":"https:\/\/dhg1h5j42swfq.cloudfront.net\/2025\/06\/03203428\/logo_concursos-1.jpg","contentUrl":"https:\/\/dhg1h5j42swfq.cloudfront.net\/2025\/06\/03203428\/logo_concursos-1.jpg","width":230,"height":60,"caption":"Estrat\u00e9gia Concursos"},"image":{"@id":"https:\/\/www.estrategiaconcursos.com.br\/blog\/#\/schema\/logo\/image\/"},"sameAs":["https:\/\/x.com\/EstratConcursos"]},{"@type":"Person","@id":"https:\/\/www.estrategiaconcursos.com.br\/blog\/#\/schema\/person\/b4a388c97673c5f483d72185668afa1f","name":"Coordena\u00e7\u00e3o","image":{"@type":"ImageObject","inLanguage":"pt-BR","@id":"https:\/\/secure.gravatar.com\/avatar\/b720319e4c9a967eb58678d110f4fe35452fc5d5f97b202bac7b8acceb18c6ad?s=96&d=mm&r=g","url":"https:\/\/secure.gravatar.com\/avatar\/b720319e4c9a967eb58678d110f4fe35452fc5d5f97b202bac7b8acceb18c6ad?s=96&d=mm&r=g","contentUrl":"https:\/\/secure.gravatar.com\/avatar\/b720319e4c9a967eb58678d110f4fe35452fc5d5f97b202bac7b8acceb18c6ad?s=96&d=mm&r=g","caption":"Coordena\u00e7\u00e3o"},"sameAs":["https:\/\/www.facebook.com\/EstrategiaConcursos","https:\/\/x.com\/EstratConcursos"],"url":"https:\/\/www.estrategiaconcursos.com.br\/blog\/author\/estrategia2013\/"}]}},"_links":{"self":[{"href":"https:\/\/www.estrategiaconcursos.com.br\/blog\/wp-json\/wp\/v2\/posts\/56372","targetHints":{"allow":["GET"]}}],"collection":[{"href":"https:\/\/www.estrategiaconcursos.com.br\/blog\/wp-json\/wp\/v2\/posts"}],"about":[{"href":"https:\/\/www.estrategiaconcursos.com.br\/blog\/wp-json\/wp\/v2\/types\/post"}],"author":[{"embeddable":true,"href":"https:\/\/www.estrategiaconcursos.com.br\/blog\/wp-json\/wp\/v2\/users\/1"}],"replies":[{"embeddable":true,"href":"https:\/\/www.estrategiaconcursos.com.br\/blog\/wp-json\/wp\/v2\/comments?post=56372"}],"version-history":[{"count":15,"href":"https:\/\/www.estrategiaconcursos.com.br\/blog\/wp-json\/wp\/v2\/posts\/56372\/revisions"}],"predecessor-version":[{"id":748103,"href":"https:\/\/www.estrategiaconcursos.com.br\/blog\/wp-json\/wp\/v2\/posts\/56372\/revisions\/748103"}],"wp:featuredmedia":[{"embeddable":true,"href":"https:\/\/www.estrategiaconcursos.com.br\/blog\/wp-json\/wp\/v2\/media\/50120"}],"wp:attachment":[{"href":"https:\/\/www.estrategiaconcursos.com.br\/blog\/wp-json\/wp\/v2\/media?parent=56372"}],"wp:term":[{"taxonomy":"category","embeddable":true,"href":"https:\/\/www.estrategiaconcursos.com.br\/blog\/wp-json\/wp\/v2\/categories?post=56372"},{"taxonomy":"post_tag","embeddable":true,"href":"https:\/\/www.estrategiaconcursos.com.br\/blog\/wp-json\/wp\/v2\/tags?post=56372"},{"taxonomy":"tax_estado","embeddable":true,"href":"https:\/\/www.estrategiaconcursos.com.br\/blog\/wp-json\/wp\/v2\/tax_estado?post=56372"}],"curies":[{"name":"wp","href":"https:\/\/api.w.org\/{rel}","templated":true}]}}