{"id":56343,"date":"2016-11-28T18:15:00","date_gmt":"2016-11-28T21:15:00","guid":{"rendered":"https:\/\/www.estrategiaconcursos.com.br\/blog\/?p=56343"},"modified":"2019-04-09T15:38:41","modified_gmt":"2019-04-09T18:38:41","slug":"correcao-direito-empresarial-oab","status":"publish","type":"post","link":"https:\/\/www.estrategiaconcursos.com.br\/blog\/correcao-direito-empresarial-oab\/","title":{"rendered":"Corre\u00e7\u00e3o &#8211; Direito Empresarial OAB &#8211; XXI Exame"},"content":{"rendered":"<p style=\"text-align: justify\">Direito Empresarial OAB: Ol\u00e1, pessoal! Tudo bem?<\/p>\n<p style=\"text-align: justify\">Aqui \u00e9 <span style=\"color: #000080\"><strong>Gabriel Rabelo, Auditor Fiscal da Secretaria da Fazenda do Estado do Rio de Janeiro e Professor de Contabilidade e Direito Empresarial do Estrat\u00e9gia Concursos<\/strong><\/span>.<\/p>\n<p style=\"text-align: justify\">Uma grande satisfa\u00e7\u00e3o estar aqui para corrigir a <strong>Prova de Direito Empresarial do XXI Exame da OAB<\/strong>.<\/p>\n<p style=\"text-align: justify\">Vamos l\u00e1?<\/p>\n<p style=\"text-align: justify\">Quem quiser seguir nosso Instagram e Facebook, fiquem \u00e0 vontade: <span style=\"color: #ff0000\"><strong>@gabrielrabelo87<\/strong><\/span><\/p>\n<p style=\"text-align: justify\"><span style=\"color: #000080\"><strong>N\u00e3o foi dessa vez? Prepare-se com anteced\u00eancia para o pr\u00f3ximo Exame. Conhe\u00e7a nossos cursos<\/strong><\/span>:\u00a0<a href=\"https:\/\/www.estrategiaconcursos.com.br\/cursosPorConcurso\/exame-de-ordem-oab-1-fase\/\"><strong>Cursos OAB &#8211; Estrat\u00e9gia Concursos!<\/strong><\/a><\/p>\n<p style=\"text-align: justify\"><img loading=\"lazy\" decoding=\"async\" class=\"aligncenter size-full wp-image-56355\" src=\"https:\/\/dhg1h5j42swfq.cloudfront.net\/2016\/11\/28181112\/direito-empresarial-oab.gif\" alt=\"direito empresarial oab\" width=\"3250\" height=\"1325\" \/><\/p>\n<h1 style=\"text-align: justify\">Quest\u00e3o 48 &#8211; Direito Empresarial OAB<\/h1>\n<p style=\"text-align: justify\">48. <strong>(FGV\/Direito Empresarial OAB\/XXI Exame)<\/strong> Rosana e Carolina pretendem reunir esfor\u00e7os para empreender uma atividade econ\u00f4mica, constituindo uma Empresa Individual de Responsabilidade Limitada (EIRELI). Essa iniciativa ser\u00e1 poss\u00edvel se observada a seguinte condi\u00e7\u00e3o:<\/p>\n<p style=\"text-align: justify\">A) Rosana poder\u00e1 indicar Carolina como administradora, mas somente poder\u00e1 figurar em uma \u00fanica empresa dessa modalidade.<\/p>\n<p style=\"text-align: justify\">B) Rosana e Carolina poder\u00e3o ser copropriet\u00e1rias de todas as quotas, mas estas ser\u00e3o indivis\u00edveis em rela\u00e7\u00e3o a EIRELI, salvo para efeito de transfer\u00eancia.<\/p>\n<p style=\"text-align: justify\">C) n\u00e3o ser\u00e1 cab\u00edvel a desconsidera\u00e7\u00e3o da personalidade jur\u00eddica da EIRELI, diante da limita\u00e7\u00e3o de responsabilidade de Carolina ao valor do capital social.<\/p>\n<p style=\"text-align: justify\">D) a remunera\u00e7\u00e3o decorrente da cess\u00e3o de direitos patrimoniais de autor, de que sejam detentoras tanto Rosana quanto Carolina, vinculados \u00e0 atividade profissional de ambas, poder\u00e1 ser atribu\u00edda \u00e0 EIRELI constitu\u00edda para a presta\u00e7\u00e3o de servi\u00e7os.<\/p>\n<h1 style=\"text-align: justify\"><span style=\"text-decoration: underline;color: #0000ff\"><strong>Coment\u00e1rios:<\/strong><\/span><\/h1>\n<p style=\"text-align: justify\">A) <span style=\"color: #ff0000\"><strong>Gabarito!<\/strong><\/span> O EIRELI \u00e9 uma empresa individual de responsabilidade limitada. Isto \u00e9, h\u00e1 somente um &#8220;s\u00f3cio&#8221;, um &#8220;dono&#8221;. Portanto, n\u00e3o h\u00e1 constitui\u00e7\u00e3o de sociedade.<\/p>\n<p style=\"text-align: justify\">H\u00e1 possibilidade de Rosana ser a empres\u00e1ria e indicar Carolina como administradora, sem problema alguma. N\u00e3o necessariamente o empres\u00e1rio deve administrar o neg\u00f3cio.<\/p>\n<p style=\"text-align: justify\">\u00c9 correto afirmar tamb\u00e9m que o EIRELI s\u00f3 pode figurar em uma empresa dessa modalidade, conforme artigo 980-A do C\u00f3digo Civil.<\/p>\n<p style=\"text-align: justify\">B) A letra b est\u00e1 <span style=\"color: #ff0000\"><strong>incorreta<\/strong><\/span>, j\u00e1 que o EIRELI \u00e9 composto por somente um empres\u00e1rio. N\u00e3o h\u00e1 que se falar em sociedade.<\/p>\n<p style=\"text-align: justify\">C) Item <span style=\"color: #ff0000\"><strong>incorreto<\/strong><\/span>. \u00c9 cab\u00edvel a desconsidera\u00e7\u00e3o da personalidade jur\u00eddica nas hip\u00f3teses previstas no artigo 50 do C\u00f3digo Civil e legisla\u00e7\u00f5es esparsas, quando a empresa \u00e9 utilizada como manto para cobrir atividades com abuso de personalidade jur\u00eddica.<\/p>\n<p style=\"text-align: justify\">D) Item <strong><span style=\"color: #ff0000\">errado<\/span><\/strong>. Nos termos do artigo 980-A:<\/p>\n<p style=\"text-align: justify\">Art. 980-A, \u00a7 5\u00ba Poder\u00e1 ser atribu\u00edda \u00e0 empresa individual de responsabilidade limitada constitu\u00edda para a presta\u00e7\u00e3o de servi\u00e7os de qualquer natureza a remunera\u00e7\u00e3o decorrente da cess\u00e3o de direitos patrimoniais de autor ou de imagem, nome, marca ou voz de que seja detentor o titular da pessoa jur\u00eddica, vinculados \u00e0 atividade profissional.<\/p>\n<p style=\"text-align: justify\">Portanto, se uma ser\u00e1 titular da EIRELI (Rosana ou Carolina) somente os direitos dessa pessoa poderam ser atribu\u00eddos \u00e0 empresa. Ou de Rosana ou de Carolina. E n\u00e3o das duas.<\/p>\n<p style=\"text-align: justify\"><strong>Gabarito: A<\/strong><\/p>\n<h2 style=\"text-align: justify\">Quest\u00e3o 49 &#8211; Direito Empresarial OAB<\/h2>\n<p style=\"text-align: justify\">49. <strong>(FGV\/Direito Empresarial OAB\/XXI Exame)\u00a0<\/strong>A sociedade empres\u00e1ria Monte Santo Embalagens Ltda. EPP requereu homologa\u00e7\u00e3o de plano de recupera\u00e7\u00e3o extrajudicial, que continha, dentre outras, as seguintes disposi\u00e7\u00f5es:<\/p>\n<p style=\"text-align: justify\">i) estabelecia a produ\u00e7\u00e3o de efeitos a partir da data de sua assinatura, exclusivamente em rela\u00e7\u00e3o \u00e0 modifica\u00e7\u00e3o do valor de cr\u00e9ditos dos credores signat\u00e1rios;<\/p>\n<p style=\"text-align: justify\">ii) o pagamento antecipado de d\u00edvidas em rela\u00e7\u00e3o aos credores com privil\u00e9gio especial, justificando a necessidade em raz\u00e3o do fluxo de caixa;<\/p>\n<p style=\"text-align: justify\">iii) a inclus\u00e3o de credores enquadrados como microempresas e empresas de pequeno porte;<\/p>\n<p style=\"text-align: justify\">iv) previa, como meio de recupera\u00e7\u00e3o, o trespasse de duas filiais.<\/p>\n<p style=\"text-align: justify\">O devedor enviou carta a todos os credores sujeitos ao plano, domiciliados ou sediados no pa\u00eds, informando a distribui\u00e7\u00e3o do pedido, as condi\u00e7\u00f5es do plano e o prazo para impugna\u00e7\u00e3o. Voc\u00ea, como advogado(a) de um desse credores, pretende impugnar a homologa\u00e7\u00e3o porque o plano a ser homologado<\/p>\n<p style=\"text-align: justify\">A) s\u00f3 deve incluir, como meio de recupera\u00e7\u00e3o, o parcelamento ou abatimento de d\u00edvidas, com a incid\u00eancia de juros fixos \u00e0 taxa de 12% (doze por cento) ao ano.<\/p>\n<p style=\"text-align: justify\">B) n\u00e3o pode contemplar o pagamento antecipado de d\u00edvidas nem tratamento desfavor\u00e1vel aos credores que a ele n\u00e3o estejam sujeitos.<\/p>\n<p style=\"text-align: justify\">C) n\u00e3o pode prever a produ\u00e7\u00e3o de efeitos anteriores \u00e0 sua homologa\u00e7\u00e3o, ainda que exclusivamente em rela\u00e7\u00e3o \u00e0 modifica\u00e7\u00e3o do valor de cr\u00e9ditos dos credores signat\u00e1rios.<\/p>\n<p style=\"text-align: justify\">D) n\u00e3o pode incluir credores enquadrados como empresas de pequeno porte, porque est\u00e1 limitado \u00e0s classes de credores com garantia real, com privil\u00e9gio geral, quirograf\u00e1rios e sub-quirograf\u00e1rios.<\/p>\n<h1 style=\"text-align: justify\"><span style=\"text-decoration: underline\"><span style=\"color: #0000ff\"><strong>Coment\u00e1rios:<\/strong><\/span><\/span><\/h1>\n<p style=\"text-align: justify\">B) <strong><span style=\"color: #0000ff\">Gabarito<\/span><\/strong>! Segundo a Lei 11.101:<\/p>\n<p align=\"JUSTIFY\">Art. 161. O devedor que preencher os requisitos do art. 48 desta Lei poder\u00e1 propor e negociar com credores plano de recupera\u00e7\u00e3o extrajudicial.<\/p>\n<p align=\"JUSTIFY\">\u00a7 2o O plano n\u00e3o poder\u00e1 contemplar o pagamento antecipado de d\u00edvidas nem tratamento desfavor\u00e1vel aos credores que a ele n\u00e3o estejam sujeitos.<\/p>\n<p align=\"JUSTIFY\">Na quest\u00e3o, foi previsto<span style=\"text-decoration: underline\"><strong>\u00a0o pagamento antecipado de d\u00edvidas em rela\u00e7\u00e3o aos credores com privil\u00e9gio especial<\/strong><\/span>,<\/p>\n<p align=\"JUSTIFY\">Gabarito: B;<\/p>\n<h3 align=\"JUSTIFY\">Quest\u00e3o 50 &#8211; Direito Empresarial\u00a0OAB<\/h3>\n<p style=\"text-align: justify\">50. <strong>(FGV\/Direito Empresarial OAB\/XXI Exame) \u00a0<\/strong>Paula, s\u00f3cia administradora de Nova Trento Servi\u00e7os Automotivos Ltda., cujo capital encontra-se parcialmente integralizado, comunica aos demais s\u00f3cios que pretende se afastar da administra\u00e7\u00e3o e indicar sua m\u00e3e Maria para a administra\u00e7\u00e3o. O s\u00f3cio Dion\u00edsio consulta seu(sua) advogado(a) para saber a legalidade da indica\u00e7\u00e3o e eventual elei\u00e7\u00e3o, porque Maria n\u00e3o integra o quadro social. O(A) advogado(a) respondeu corretamente que a indica\u00e7\u00e3o \u00e9<\/p>\n<p style=\"text-align: justify\">A) legal, desde que seja aprovada pela unanimidade dos s\u00f3cios diante da n\u00e3o integraliza\u00e7\u00e3o do capital social.<\/p>\n<p style=\"text-align: justify\">B) ilegal, porque n\u00e3o existe no contrato cl\u00e1usula de reg\u00eancia supletiva pela Lei de Sociedades por A\u00e7\u00f5es.<\/p>\n<p style=\"text-align: justify\">C) legal, desde que seja inserida no contrato previamente a possibilidade de a administra\u00e7\u00e3o ser exercida por n\u00e3o s\u00f3cio.<\/p>\n<p style=\"text-align: justify\">D) ilegal, pois o capital social deveria estar integralizado para que a indica\u00e7\u00e3o seja aprovada por maioria de tr\u00eas quartos do capital.<\/p>\n<h1 style=\"text-align: justify\"><span style=\"text-decoration: underline;color: #0000ff\"><strong>Coment\u00e1rios:<\/strong><\/span><\/h1>\n<p style=\"text-align: justify\">Segundo o C\u00f3digo Civil:<\/p>\n<p style=\"text-align: justify\"><strong>Art. 1.061<\/strong>.\u00a0 A designa\u00e7\u00e3o de administradores n\u00e3o s\u00f3cios depender\u00e1 de aprova\u00e7\u00e3o da unanimidade dos s\u00f3cios, enquanto o capital n\u00e3o estiver integralizado, e de 2\/3 (dois ter\u00e7os), no m\u00ednimo, ap\u00f3s a integraliza\u00e7\u00e3o. (Reda\u00e7\u00e3o dada pela Lei n\u00ba 12.375, de 2010)<\/p>\n<p style=\"text-align: justify\"><strong>Gabarito: A<\/strong><\/p>\n<p style=\"text-align: justify\">Quest\u00e3o 51 \u00a0&#8211; Direito Empresarial OAB<\/p>\n<p style=\"text-align: justify\">51. <strong>(FGV\/Direito Empresarial OAB\/XXI Exame) \u00a0<\/strong>Humait\u00e1 Com\u00e9rcio e Distribui\u00e7\u00e3o de Defensivos Agr\u00edcolas Ltda. sacou 4 (quatro) duplicatas de compra e venda em face de Cooperativa dos Produtores Rurais de Coari Ltda., em raz\u00e3o da venda de insumos para as planta\u00e7\u00f5es dos cooperados. Com base nestas informa\u00e7\u00f5es, assinale a afirmativa correta.<\/p>\n<p style=\"text-align: justify\">A) \u00c9 facultado ao sacador inserir cl\u00e1usula n\u00e3o \u00e0 ordem no momento do saque, caso em que a forma de transfer\u00eancia dos t\u00edtulos se dar\u00e1 por meio de cess\u00e3o civil de cr\u00e9dito.<\/p>\n<p style=\"text-align: justify\">B) Por se tratar de sacado cooperativa, sociedade simples independentemente de seu objeto, \u00e9 proibido o saque de duplicatas em face dessa esp\u00e9cie de sociedade.<\/p>\n<p style=\"text-align: justify\">C) Lan\u00e7ada eventualmente a cl\u00e1usula mandato no endosso das duplicatas, o endossat\u00e1rio poder\u00e1 exercer todos os direitos emergentes dos t\u00edtulos, inclusive efetuar endosso pr\u00f3prio a terceiro.<\/p>\n<p style=\"text-align: justify\">D) Sendo o pagamento das duplicatas garantido por aval, o avalista \u00e9 equiparado \u00e0quele cujo nome indicar; na falta da indica\u00e7\u00e3o, \u00e0quele abaixo de cuja firma lan\u00e7ar a sua; fora desses casos, ao sacado.<\/p>\n<h1 style=\"text-align: justify\"><span style=\"text-decoration: underline;color: #0000ff\"><strong>Coment\u00e1rios:<\/strong><\/span><\/h1>\n<p>A)<span style=\"color: #ff0000\"><strong> Incorreto<\/strong><\/span>. Segundo a Lei de Duplicatas:<\/p>\n<p>Segundo a lei, a duplicata conter\u00e1 a cl\u00e1usula \u00e0 ordem (art. 2o, VII)<\/p>\n<p>B) <span style=\"color: #ff0000\"><strong>Item incorreto<\/strong><\/span>. N\u00e3o h\u00e1 qualquer proibi\u00e7\u00e3o para que sejam sacadas duplicatas em face das sociedades cooperativas.<\/p>\n<p style=\"text-align: justify\">c)\u00a0O <strong>endosso impr\u00f3prio<\/strong> \u00e9 o que n\u00e3o transfere a propriedade do t\u00edtulo, permitindo apenas ao endossat\u00e1rio exercer direitos relativos \u00e0 c\u00e1rtula. Da esp\u00e9cie endosso impr\u00f3prio resultam as esp\u00e9cies endosso-mandato e endosso-cau\u00e7\u00e3o.<\/p>\n<p>&nbsp;<\/p>\n<p style=\"text-align: justify\"><b>Assim, no endosso mandato n\u00e3o poder\u00e1 o endossat\u00e1rio exercer todos os direitos emergentes do t\u00edtulo.<\/b><\/p>\n<p style=\"text-align: justify\">D) <span style=\"color: #000080\"><strong>Gabarito<\/strong><\/span>! Segundo a Lei de Duplicatas:<\/p>\n<p style=\"text-align: justify\">Art . 12. O pagamento da duplicata poder\u00e1 ser assegurado por aval, sendo o avalista equiparado \u00e0quele cujo nome indicar; na falta da indica\u00e7\u00e3o, \u00e0quele abaixo de cuja firma lan\u00e7ar a sua; fora d\u00easses casos, ao comprador.<\/p>\n<p style=\"text-align: justify\">\u00a0Par\u00e1grafo \u00fanico. O aval dado posteriormente ao vencimento do t\u00edtulo produzir\u00e1 os mesmos efeitos que o prestado anteriormente \u00e0quela ocorr\u00eancia.<\/p>\n<p><strong>Gabarito: D<\/strong>.<\/p>\n<h6>Quest\u00e3o 52 &#8211; Direito Empresarial OAB<\/h6>\n<p style=\"text-align: justify\">52.\u00a0<strong>(FGV\/Direito Empresarial OAB\/XXI Exame) <\/strong>Bernardino adquiriu de Lorena a\u00e7\u00f5es preferenciais escriturais da companhia Campos Log\u00edstica S\/A e recebeu do(a) advogado(a) orienta\u00e7\u00e3o de como se dar\u00e1 a formaliza\u00e7\u00e3o da transfer\u00eancia da propriedade. A resposta do(a) advogado(a) \u00e9 a de que a transfer\u00eancia das a\u00e7\u00f5es se opera<\/p>\n<p style=\"text-align: justify\">A) pelo extrato a ser fornecido pela institui\u00e7\u00e3o custodiante, na qualidade de propriet\u00e1ria fiduci\u00e1ria das a\u00e7\u00f5es.<\/p>\n<p style=\"text-align: justify\">B) pela inscri\u00e7\u00e3o do nome de Bernardino no livro de Registro de A\u00e7\u00f5es Nominativas em poder da companhia.<\/p>\n<p style=\"text-align: justify\">C) pelo lan\u00e7amento efetuado pela institui\u00e7\u00e3o deposit\u00e1ria em seus livros, a d\u00e9bito da conta de a\u00e7\u00f5es de Lorena e a cr\u00e9dito da conta de a\u00e7\u00f5es de Bernardino.<\/p>\n<p style=\"text-align: justify\">D) por termo lavrado no livro de Transfer\u00eancia de A\u00e7\u00f5es Nominativas, datado e assinado por Lorena e por Bernardino ou por seus leg\u00edtimos representantes.<\/p>\n<h1 style=\"text-align: justify\"><span style=\"text-decoration: underline;color: #000080\"><strong>Coment\u00e1rios<\/strong><\/span>:<\/h1>\n<p style=\"text-align: justify\">Segundo a Lei 6.404:<\/p>\n<p align=\"JUSTIFY\">Art. 35. A propriedade da a\u00e7\u00e3o escritural presume-se pelo registro na conta de dep\u00f3sito das a\u00e7\u00f5es, aberta em nome do acionista nos livros da institui\u00e7\u00e3o deposit\u00e1ria.<\/p>\n<p align=\"JUSTIFY\">\u00a7 1\u00ba <span style=\"color: #000080\"><strong>A transfer\u00eancia da a\u00e7\u00e3o escritural opera-se pelo lan\u00e7amento efetuado pela institui\u00e7\u00e3o deposit\u00e1ria em seus livros, a d\u00e9bito da conta de a\u00e7\u00f5es do alienante e a cr\u00e9dito da conta de a\u00e7\u00f5es do adquirente<\/strong><\/span>, \u00e0 vista de ordem escrita do alienante, ou de autoriza\u00e7\u00e3o ou ordem judicial, em documento h\u00e1bil que ficar\u00e1 em poder da institui\u00e7\u00e3o.<\/p>\n<p align=\"JUSTIFY\"><strong>Gabarito: C.\u00a0<\/strong><\/p>\n<p align=\"JUSTIFY\">\n","protected":false},"excerpt":{"rendered":"<p>Direito Empresarial OAB: Ol\u00e1, pessoal! Tudo bem? Aqui \u00e9 Gabriel Rabelo, Auditor Fiscal da Secretaria da Fazenda do Estado do Rio de Janeiro e Professor de Contabilidade e Direito Empresarial do Estrat\u00e9gia Concursos. Uma grande satisfa\u00e7\u00e3o estar aqui para corrigir a Prova de Direito Empresarial do XXI Exame da OAB. Vamos l\u00e1? Quem quiser seguir [&hellip;]<\/p>\n","protected":false},"author":231,"featured_media":0,"comment_status":"open","ping_status":"open","sticky":false,"template":"","format":"standard","meta":{"post_tipo":"article","footnotes":""},"categories":[1],"tags":[],"tax_estado":[],"class_list":["post-56343","post","type-post","status-publish","format-standard","hentry","category-cursos-e-concursos"],"acf":[],"yoast_head":"<!-- This site is optimized with the Yoast SEO Premium plugin v27.2 (Yoast SEO v27.2) - https:\/\/yoast.com\/product\/yoast-seo-premium-wordpress\/ -->\n<title>Corre\u00e7\u00e3o da Prova: Direito Empresarial OAB - XXI Exame<\/title>\n<meta name=\"description\" content=\"Confira aqui da corre\u00e7\u00e3o da Prova de Direito Empresarial OAB - XXI Exame, realizado pela FGV em 27 de novembro de 2016. Direito Empresarial.\" \/>\n<meta name=\"robots\" content=\"index, follow, max-snippet:-1, max-image-preview:large, max-video-preview:-1\" \/>\n<link rel=\"canonical\" href=\"https:\/\/www.estrategiaconcursos.com.br\/blog\/correcao-direito-empresarial-oab\/\" \/>\n<meta property=\"og:locale\" content=\"pt_BR\" \/>\n<meta property=\"og:type\" content=\"article\" \/>\n<meta property=\"og:title\" content=\"Corre\u00e7\u00e3o - Direito Empresarial OAB - XXI Exame\" \/>\n<meta property=\"og:description\" content=\"Confira aqui da corre\u00e7\u00e3o da Prova de Direito Empresarial OAB - XXI Exame, realizado pela FGV em 27 de novembro de 2016. Direito Empresarial.\" \/>\n<meta property=\"og:url\" content=\"https:\/\/www.estrategiaconcursos.com.br\/blog\/correcao-direito-empresarial-oab\/\" \/>\n<meta property=\"og:site_name\" content=\"Estrat\u00e9gia Concursos\" \/>\n<meta property=\"article:published_time\" content=\"2016-11-28T21:15:00+00:00\" \/>\n<meta property=\"article:modified_time\" content=\"2019-04-09T18:38:41+00:00\" \/>\n<meta property=\"og:image\" content=\"https:\/\/www.estrategiaconcursos.com.br\/blog\/wp-content\/uploads\/2016\/11\/direito-empresarial-oab.gif\" \/>\n<meta name=\"author\" content=\"Gilmar Possati\" \/>\n<meta name=\"twitter:card\" content=\"summary_large_image\" \/>\n<meta name=\"twitter:creator\" content=\"@EstratConcursos\" \/>\n<meta name=\"twitter:site\" content=\"@EstratConcursos\" \/>\n<meta name=\"twitter:label1\" content=\"Escrito por\" \/>\n\t<meta name=\"twitter:data1\" content=\"Gilmar Possati\" \/>\n\t<meta name=\"twitter:label2\" content=\"Est. tempo de leitura\" \/>\n\t<meta name=\"twitter:data2\" content=\"9 minutos\" \/>\n<script type=\"application\/ld+json\" class=\"yoast-schema-graph\">{\"@context\":\"https:\/\/schema.org\",\"@graph\":[{\"@type\":\"NewsArticle\",\"@id\":\"https:\/\/www.estrategiaconcursos.com.br\/blog\/correcao-direito-empresarial-oab\/#article\",\"isPartOf\":{\"@id\":\"https:\/\/www.estrategiaconcursos.com.br\/blog\/correcao-direito-empresarial-oab\/\"},\"author\":{\"name\":\"Gilmar Possati\",\"@id\":\"https:\/\/www.estrategiaconcursos.com.br\/blog\/#\/schema\/person\/188fe3b44719eaa5bc41c32c039cac6b\"},\"headline\":\"Corre\u00e7\u00e3o &#8211; Direito Empresarial OAB &#8211; XXI Exame\",\"datePublished\":\"2016-11-28T21:15:00+00:00\",\"dateModified\":\"2019-04-09T18:38:41+00:00\",\"mainEntityOfPage\":{\"@id\":\"https:\/\/www.estrategiaconcursos.com.br\/blog\/correcao-direito-empresarial-oab\/\"},\"wordCount\":1714,\"commentCount\":1,\"publisher\":{\"@id\":\"https:\/\/www.estrategiaconcursos.com.br\/blog\/#organization\"},\"image\":{\"@id\":\"https:\/\/www.estrategiaconcursos.com.br\/blog\/correcao-direito-empresarial-oab\/#primaryimage\"},\"thumbnailUrl\":\"https:\/\/www.estrategiaconcursos.com.br\/blog\/wp-content\/uploads\/2016\/11\/direito-empresarial-oab.gif\",\"articleSection\":[\"Concursos P\u00fablicos\"],\"inLanguage\":\"pt-BR\",\"potentialAction\":[{\"@type\":\"CommentAction\",\"name\":\"Comment\",\"target\":[\"https:\/\/www.estrategiaconcursos.com.br\/blog\/correcao-direito-empresarial-oab\/#respond\"]}],\"copyrightYear\":\"2016\",\"copyrightHolder\":{\"@id\":\"https:\/\/www.estrategiaconcursos.com.br\/blog\/#organization\"}},{\"@type\":\"WebPage\",\"@id\":\"https:\/\/www.estrategiaconcursos.com.br\/blog\/correcao-direito-empresarial-oab\/\",\"url\":\"https:\/\/www.estrategiaconcursos.com.br\/blog\/correcao-direito-empresarial-oab\/\",\"name\":\"Corre\u00e7\u00e3o da Prova: Direito Empresarial OAB - XXI Exame\",\"isPartOf\":{\"@id\":\"https:\/\/www.estrategiaconcursos.com.br\/blog\/#website\"},\"primaryImageOfPage\":{\"@id\":\"https:\/\/www.estrategiaconcursos.com.br\/blog\/correcao-direito-empresarial-oab\/#primaryimage\"},\"image\":{\"@id\":\"https:\/\/www.estrategiaconcursos.com.br\/blog\/correcao-direito-empresarial-oab\/#primaryimage\"},\"thumbnailUrl\":\"https:\/\/www.estrategiaconcursos.com.br\/blog\/wp-content\/uploads\/2016\/11\/direito-empresarial-oab.gif\",\"datePublished\":\"2016-11-28T21:15:00+00:00\",\"dateModified\":\"2019-04-09T18:38:41+00:00\",\"description\":\"Confira aqui da corre\u00e7\u00e3o da Prova de Direito Empresarial OAB - XXI Exame, realizado pela FGV em 27 de novembro de 2016. Direito Empresarial.\",\"breadcrumb\":{\"@id\":\"https:\/\/www.estrategiaconcursos.com.br\/blog\/correcao-direito-empresarial-oab\/#breadcrumb\"},\"inLanguage\":\"pt-BR\",\"potentialAction\":[{\"@type\":\"ReadAction\",\"target\":[\"https:\/\/www.estrategiaconcursos.com.br\/blog\/correcao-direito-empresarial-oab\/\"]}]},{\"@type\":\"ImageObject\",\"inLanguage\":\"pt-BR\",\"@id\":\"https:\/\/www.estrategiaconcursos.com.br\/blog\/correcao-direito-empresarial-oab\/#primaryimage\",\"url\":\"https:\/\/dhg1h5j42swfq.cloudfront.net\/2016\/11\/28181112\/direito-empresarial-oab.gif\",\"contentUrl\":\"https:\/\/dhg1h5j42swfq.cloudfront.net\/2016\/11\/28181112\/direito-empresarial-oab.gif\",\"width\":3250,\"height\":1325},{\"@type\":\"BreadcrumbList\",\"@id\":\"https:\/\/www.estrategiaconcursos.com.br\/blog\/correcao-direito-empresarial-oab\/#breadcrumb\",\"itemListElement\":[{\"@type\":\"ListItem\",\"position\":1,\"name\":\"In\u00edcio\",\"item\":\"https:\/\/www.estrategiaconcursos.com.br\/blog\/\"},{\"@type\":\"ListItem\",\"position\":2,\"name\":\"Corre\u00e7\u00e3o &#8211; Direito Empresarial OAB &#8211; XXI Exame\"}]},{\"@type\":\"WebSite\",\"@id\":\"https:\/\/www.estrategiaconcursos.com.br\/blog\/#website\",\"url\":\"https:\/\/www.estrategiaconcursos.com.br\/blog\/\",\"name\":\"Estrat\u00e9gia Concursos\",\"description\":\"O blog da Estrat\u00e9gia Concursos traz not\u00edcias sobre concursos e artigos de professores oferecendo cursos para concursos (pdf + videaulas) no site.\",\"publisher\":{\"@id\":\"https:\/\/www.estrategiaconcursos.com.br\/blog\/#organization\"},\"potentialAction\":[{\"@type\":\"SearchAction\",\"target\":{\"@type\":\"EntryPoint\",\"urlTemplate\":\"https:\/\/www.estrategiaconcursos.com.br\/blog\/?s={search_term_string}\"},\"query-input\":{\"@type\":\"PropertyValueSpecification\",\"valueRequired\":true,\"valueName\":\"search_term_string\"}}],\"inLanguage\":\"pt-BR\"},{\"@type\":\"Organization\",\"@id\":\"https:\/\/www.estrategiaconcursos.com.br\/blog\/#organization\",\"name\":\"Estrat\u00e9gia Concursos\",\"url\":\"https:\/\/www.estrategiaconcursos.com.br\/blog\/\",\"logo\":{\"@type\":\"ImageObject\",\"inLanguage\":\"pt-BR\",\"@id\":\"https:\/\/www.estrategiaconcursos.com.br\/blog\/#\/schema\/logo\/image\/\",\"url\":\"https:\/\/dhg1h5j42swfq.cloudfront.net\/2025\/06\/03203428\/logo_concursos-1.jpg\",\"contentUrl\":\"https:\/\/dhg1h5j42swfq.cloudfront.net\/2025\/06\/03203428\/logo_concursos-1.jpg\",\"width\":230,\"height\":60,\"caption\":\"Estrat\u00e9gia Concursos\"},\"image\":{\"@id\":\"https:\/\/www.estrategiaconcursos.com.br\/blog\/#\/schema\/logo\/image\/\"},\"sameAs\":[\"https:\/\/x.com\/EstratConcursos\"]},{\"@type\":\"Person\",\"@id\":\"https:\/\/www.estrategiaconcursos.com.br\/blog\/#\/schema\/person\/188fe3b44719eaa5bc41c32c039cac6b\",\"name\":\"Gilmar Possati\",\"image\":{\"@type\":\"ImageObject\",\"inLanguage\":\"pt-BR\",\"@id\":\"https:\/\/secure.gravatar.com\/avatar\/43fd0aab7fcf179c089f6abbd56e33d7181f3b25b37192bfe1c321989c9e8866?s=96&d=mm&r=g\",\"url\":\"https:\/\/secure.gravatar.com\/avatar\/43fd0aab7fcf179c089f6abbd56e33d7181f3b25b37192bfe1c321989c9e8866?s=96&d=mm&r=g\",\"contentUrl\":\"https:\/\/secure.gravatar.com\/avatar\/43fd0aab7fcf179c089f6abbd56e33d7181f3b25b37192bfe1c321989c9e8866?s=96&d=mm&r=g\",\"caption\":\"Gilmar Possati\"},\"url\":\"https:\/\/www.estrategiaconcursos.com.br\/blog\/author\/possatigmail-com\/\"}]}<\/script>\n<!-- \/ Yoast SEO Premium plugin. -->","yoast_head_json":{"title":"Corre\u00e7\u00e3o da Prova: Direito Empresarial OAB - XXI Exame","description":"Confira aqui da corre\u00e7\u00e3o da Prova de Direito Empresarial OAB - XXI Exame, realizado pela FGV em 27 de novembro de 2016. Direito Empresarial.","robots":{"index":"index","follow":"follow","max-snippet":"max-snippet:-1","max-image-preview":"max-image-preview:large","max-video-preview":"max-video-preview:-1"},"canonical":"https:\/\/www.estrategiaconcursos.com.br\/blog\/correcao-direito-empresarial-oab\/","og_locale":"pt_BR","og_type":"article","og_title":"Corre\u00e7\u00e3o - Direito Empresarial OAB - XXI Exame","og_description":"Confira aqui da corre\u00e7\u00e3o da Prova de Direito Empresarial OAB - XXI Exame, realizado pela FGV em 27 de novembro de 2016. Direito Empresarial.","og_url":"https:\/\/www.estrategiaconcursos.com.br\/blog\/correcao-direito-empresarial-oab\/","og_site_name":"Estrat\u00e9gia Concursos","article_published_time":"2016-11-28T21:15:00+00:00","article_modified_time":"2019-04-09T18:38:41+00:00","og_image":[{"url":"https:\/\/www.estrategiaconcursos.com.br\/blog\/wp-content\/uploads\/2016\/11\/direito-empresarial-oab.gif","type":"","width":"","height":""}],"author":"Gilmar Possati","twitter_card":"summary_large_image","twitter_creator":"@EstratConcursos","twitter_site":"@EstratConcursos","twitter_misc":{"Escrito por":"Gilmar Possati","Est. tempo de leitura":"9 minutos"},"schema":{"@context":"https:\/\/schema.org","@graph":[{"@type":"NewsArticle","@id":"https:\/\/www.estrategiaconcursos.com.br\/blog\/correcao-direito-empresarial-oab\/#article","isPartOf":{"@id":"https:\/\/www.estrategiaconcursos.com.br\/blog\/correcao-direito-empresarial-oab\/"},"author":{"name":"Gilmar Possati","@id":"https:\/\/www.estrategiaconcursos.com.br\/blog\/#\/schema\/person\/188fe3b44719eaa5bc41c32c039cac6b"},"headline":"Corre\u00e7\u00e3o &#8211; Direito Empresarial OAB &#8211; XXI Exame","datePublished":"2016-11-28T21:15:00+00:00","dateModified":"2019-04-09T18:38:41+00:00","mainEntityOfPage":{"@id":"https:\/\/www.estrategiaconcursos.com.br\/blog\/correcao-direito-empresarial-oab\/"},"wordCount":1714,"commentCount":1,"publisher":{"@id":"https:\/\/www.estrategiaconcursos.com.br\/blog\/#organization"},"image":{"@id":"https:\/\/www.estrategiaconcursos.com.br\/blog\/correcao-direito-empresarial-oab\/#primaryimage"},"thumbnailUrl":"https:\/\/www.estrategiaconcursos.com.br\/blog\/wp-content\/uploads\/2016\/11\/direito-empresarial-oab.gif","articleSection":["Concursos P\u00fablicos"],"inLanguage":"pt-BR","potentialAction":[{"@type":"CommentAction","name":"Comment","target":["https:\/\/www.estrategiaconcursos.com.br\/blog\/correcao-direito-empresarial-oab\/#respond"]}],"copyrightYear":"2016","copyrightHolder":{"@id":"https:\/\/www.estrategiaconcursos.com.br\/blog\/#organization"}},{"@type":"WebPage","@id":"https:\/\/www.estrategiaconcursos.com.br\/blog\/correcao-direito-empresarial-oab\/","url":"https:\/\/www.estrategiaconcursos.com.br\/blog\/correcao-direito-empresarial-oab\/","name":"Corre\u00e7\u00e3o da Prova: Direito Empresarial OAB - XXI Exame","isPartOf":{"@id":"https:\/\/www.estrategiaconcursos.com.br\/blog\/#website"},"primaryImageOfPage":{"@id":"https:\/\/www.estrategiaconcursos.com.br\/blog\/correcao-direito-empresarial-oab\/#primaryimage"},"image":{"@id":"https:\/\/www.estrategiaconcursos.com.br\/blog\/correcao-direito-empresarial-oab\/#primaryimage"},"thumbnailUrl":"https:\/\/www.estrategiaconcursos.com.br\/blog\/wp-content\/uploads\/2016\/11\/direito-empresarial-oab.gif","datePublished":"2016-11-28T21:15:00+00:00","dateModified":"2019-04-09T18:38:41+00:00","description":"Confira aqui da corre\u00e7\u00e3o da Prova de Direito Empresarial OAB - XXI Exame, realizado pela FGV em 27 de novembro de 2016. Direito Empresarial.","breadcrumb":{"@id":"https:\/\/www.estrategiaconcursos.com.br\/blog\/correcao-direito-empresarial-oab\/#breadcrumb"},"inLanguage":"pt-BR","potentialAction":[{"@type":"ReadAction","target":["https:\/\/www.estrategiaconcursos.com.br\/blog\/correcao-direito-empresarial-oab\/"]}]},{"@type":"ImageObject","inLanguage":"pt-BR","@id":"https:\/\/www.estrategiaconcursos.com.br\/blog\/correcao-direito-empresarial-oab\/#primaryimage","url":"https:\/\/dhg1h5j42swfq.cloudfront.net\/2016\/11\/28181112\/direito-empresarial-oab.gif","contentUrl":"https:\/\/dhg1h5j42swfq.cloudfront.net\/2016\/11\/28181112\/direito-empresarial-oab.gif","width":3250,"height":1325},{"@type":"BreadcrumbList","@id":"https:\/\/www.estrategiaconcursos.com.br\/blog\/correcao-direito-empresarial-oab\/#breadcrumb","itemListElement":[{"@type":"ListItem","position":1,"name":"In\u00edcio","item":"https:\/\/www.estrategiaconcursos.com.br\/blog\/"},{"@type":"ListItem","position":2,"name":"Corre\u00e7\u00e3o &#8211; Direito Empresarial OAB &#8211; XXI Exame"}]},{"@type":"WebSite","@id":"https:\/\/www.estrategiaconcursos.com.br\/blog\/#website","url":"https:\/\/www.estrategiaconcursos.com.br\/blog\/","name":"Estrat\u00e9gia Concursos","description":"O blog da Estrat\u00e9gia Concursos traz not\u00edcias sobre concursos e artigos de professores oferecendo cursos para concursos (pdf + videaulas) no site.","publisher":{"@id":"https:\/\/www.estrategiaconcursos.com.br\/blog\/#organization"},"potentialAction":[{"@type":"SearchAction","target":{"@type":"EntryPoint","urlTemplate":"https:\/\/www.estrategiaconcursos.com.br\/blog\/?s={search_term_string}"},"query-input":{"@type":"PropertyValueSpecification","valueRequired":true,"valueName":"search_term_string"}}],"inLanguage":"pt-BR"},{"@type":"Organization","@id":"https:\/\/www.estrategiaconcursos.com.br\/blog\/#organization","name":"Estrat\u00e9gia Concursos","url":"https:\/\/www.estrategiaconcursos.com.br\/blog\/","logo":{"@type":"ImageObject","inLanguage":"pt-BR","@id":"https:\/\/www.estrategiaconcursos.com.br\/blog\/#\/schema\/logo\/image\/","url":"https:\/\/dhg1h5j42swfq.cloudfront.net\/2025\/06\/03203428\/logo_concursos-1.jpg","contentUrl":"https:\/\/dhg1h5j42swfq.cloudfront.net\/2025\/06\/03203428\/logo_concursos-1.jpg","width":230,"height":60,"caption":"Estrat\u00e9gia Concursos"},"image":{"@id":"https:\/\/www.estrategiaconcursos.com.br\/blog\/#\/schema\/logo\/image\/"},"sameAs":["https:\/\/x.com\/EstratConcursos"]},{"@type":"Person","@id":"https:\/\/www.estrategiaconcursos.com.br\/blog\/#\/schema\/person\/188fe3b44719eaa5bc41c32c039cac6b","name":"Gilmar Possati","image":{"@type":"ImageObject","inLanguage":"pt-BR","@id":"https:\/\/secure.gravatar.com\/avatar\/43fd0aab7fcf179c089f6abbd56e33d7181f3b25b37192bfe1c321989c9e8866?s=96&d=mm&r=g","url":"https:\/\/secure.gravatar.com\/avatar\/43fd0aab7fcf179c089f6abbd56e33d7181f3b25b37192bfe1c321989c9e8866?s=96&d=mm&r=g","contentUrl":"https:\/\/secure.gravatar.com\/avatar\/43fd0aab7fcf179c089f6abbd56e33d7181f3b25b37192bfe1c321989c9e8866?s=96&d=mm&r=g","caption":"Gilmar Possati"},"url":"https:\/\/www.estrategiaconcursos.com.br\/blog\/author\/possatigmail-com\/"}]}},"_links":{"self":[{"href":"https:\/\/www.estrategiaconcursos.com.br\/blog\/wp-json\/wp\/v2\/posts\/56343","targetHints":{"allow":["GET"]}}],"collection":[{"href":"https:\/\/www.estrategiaconcursos.com.br\/blog\/wp-json\/wp\/v2\/posts"}],"about":[{"href":"https:\/\/www.estrategiaconcursos.com.br\/blog\/wp-json\/wp\/v2\/types\/post"}],"author":[{"embeddable":true,"href":"https:\/\/www.estrategiaconcursos.com.br\/blog\/wp-json\/wp\/v2\/users\/231"}],"replies":[{"embeddable":true,"href":"https:\/\/www.estrategiaconcursos.com.br\/blog\/wp-json\/wp\/v2\/comments?post=56343"}],"version-history":[{"count":4,"href":"https:\/\/www.estrategiaconcursos.com.br\/blog\/wp-json\/wp\/v2\/posts\/56343\/revisions"}],"predecessor-version":[{"id":56357,"href":"https:\/\/www.estrategiaconcursos.com.br\/blog\/wp-json\/wp\/v2\/posts\/56343\/revisions\/56357"}],"wp:attachment":[{"href":"https:\/\/www.estrategiaconcursos.com.br\/blog\/wp-json\/wp\/v2\/media?parent=56343"}],"wp:term":[{"taxonomy":"category","embeddable":true,"href":"https:\/\/www.estrategiaconcursos.com.br\/blog\/wp-json\/wp\/v2\/categories?post=56343"},{"taxonomy":"post_tag","embeddable":true,"href":"https:\/\/www.estrategiaconcursos.com.br\/blog\/wp-json\/wp\/v2\/tags?post=56343"},{"taxonomy":"tax_estado","embeddable":true,"href":"https:\/\/www.estrategiaconcursos.com.br\/blog\/wp-json\/wp\/v2\/tax_estado?post=56343"}],"curies":[{"name":"wp","href":"https:\/\/api.w.org\/{rel}","templated":true}]}}