{"id":563165,"date":"2020-09-01T19:00:00","date_gmt":"2020-09-01T22:00:00","guid":{"rendered":"https:\/\/www.estrategiaconcursos.com.br\/blog\/?p=563165"},"modified":"2020-08-28T09:17:56","modified_gmt":"2020-08-28T12:17:56","slug":"execucao-penal-como-a-pandemia-afetou-o-sistema-carcerario","status":"publish","type":"post","link":"https:\/\/www.estrategiaconcursos.com.br\/blog\/execucao-penal-como-a-pandemia-afetou-o-sistema-carcerario\/","title":{"rendered":"Execu\u00e7\u00e3o Penal: como a pandemia afetou o sistema carcer\u00e1rio"},"content":{"rendered":"\n<p>Concurseiro, por se tratar de um assunto pol\u00eamico, convidamos o professor <strong>Rodrigo Assump\u00e7\u00e3o<\/strong> para destrinchar com profundidade o tema. Se voc\u00ea pretende entender como est\u00e1 funcionado ou como deveria funcionar a <strong>execu\u00e7\u00e3o penal<\/strong> nos tempos de pandemia, n\u00e3o perca est\u00e1 aula. <\/p>\n\n\n\n<h4 class=\"wp-block-heading\">Execu\u00e7\u00e3o Penal: Cronograma<\/h4>\n\n\n\n<ul class=\"wp-block-list\"><li><strong>Data:<\/strong> 1\u00ba de setembro de 2020<\/li><li><strong>Hor\u00e1rio: <\/strong>21:00<\/li><li><strong>Onde:<\/strong> Canal do Estrat\u00e9gia Carreiras Jur\u00eddicas no Youtube<\/li><\/ul>\n\n\n\n<h4 class=\"wp-block-heading\">Execu\u00e7\u00e3o Penal: Evento ao vivo<\/h4>\n\n\n\n<p class=\"has-text-color has-background has-text-align-center has-medium-font-size has-vivid-red-color has-very-light-gray-background-color\"><a rel=\"noreferrer noopener\" href=\"https:\/\/www.youtube.com\/c\/Estrat%C3%A9giaCarreiraJur%C3%ADdica\/videos?view=2&amp;live_view=502\" target=\"_blank\"><strong>ASSISTA AO VIVO AQUI<\/strong><\/a><\/p>\n\n\n\n<h4 class=\"wp-block-heading\">Execu\u00e7\u00e3o Penal: Curiosidades:<\/h4>\n\n\n\n<p>\u00c9 imposs\u00edvel atrelar distanciamento social e o sistema carcer\u00e1rio por causa de um simples fato, as superlota\u00e7\u00f5es dos pres\u00eddios brasileiros. De acordo com a OMS (Organiza\u00e7\u00e3o Mundial da Sa\u00fade) as medidas de higieniza\u00e7\u00e3o deveriam ser feitas por todos durante a quarentena para que a dissemina\u00e7\u00e3o do v\u00edrus (Covid-19) fosse controlada.  <\/p>\n\n\n\n<p>Mas, sabemos que dentro das unidades penitenci\u00e1rias adotar essas medidas \u00e9 um grande desafio, o que fez com que o Conselho Nacional de Justi\u00e7a publicasse <a rel=\"noreferrer noopener\" href=\"https:\/\/www.cnj.jus.br\/wp-content\/uploads\/2020\/03\/62-Recomenda%C3%A7%C3%A3o.pdf\" target=\"_blank\">recomenda\u00e7\u00e3o 62<\/a>, a fim de conter a difus\u00e3o do v\u00edrus dentro dos pres\u00eddios, instruindo os magistrados a partir de uma an\u00e1lise do caso concreto a adotar medidas de revis\u00e3o de pena, principalmente para pessoas que fazem parte do grupo de risco da doen\u00e7a, por\u00e9m, a postura do CNJ foi alvo de cr\u00edticas e n\u00e3o aplicabilidade pelos magistrados.<\/p>\n\n\n\n<p>O assunto \u00e9 extremamente delicado. Os magistrados e o Estado temem os riscos que eventualmente podem ser causados na sociedade com a flexibiliza\u00e7\u00e3o da pena durante o per\u00edodo de pandemia e por outro lado, ignorar que a propaga\u00e7\u00e3o do v\u00edrus e as viola\u00e7\u00f5es de direitos fundamentais dentro dos pres\u00eddios t\u00eam acontecido, tamb\u00e9m n\u00e3o \u00e9 a solu\u00e7\u00e3o.\u00a0<\/p>\n\n\n\n<p>A pandemia escancarou mais ainda a realidade do sistema prisional brasileiro que est\u00e1 h\u00e1 anos em colapso. Portanto, banalizar o assunto n\u00e3o \u00e9 ideal. Qual a sa\u00edda? Pris\u00e3o domiciliar para crimes menores? Regime semi-aberto em revezamento? S\u00e3o suposi\u00e7\u00f5es que de fato n\u00e3o sabemos se resolveria, mas sabemos que do jeito que est\u00e1 muitas vidas ser\u00e3o perdidas. <\/p>\n\n\n\n<p class=\"has-text-align-center\"><strong><em><strong>Sistema de Quest\u00f5es<\/strong><\/em><\/strong> <strong><em>&#8211; Execu\u00e7\u00e3o Penal<\/em><\/strong><\/p>\n\n\n\n<p class=\"has-text-align-center\">Estrat\u00e9gia Quest\u00f5es nasceu maior do que todos os concorrentes, com mais quest\u00f5es cadastradas e mais solu\u00e7\u00f5es por professores. Clique no link e aproveite os descontos e b\u00f4nus imperd\u00edveis!<\/p>\n\n\n\n<p class=\"has-background has-text-align-center has-vivid-green-cyan-background-color\"><strong>ASSINE AGORA \u2013&nbsp;<a rel=\"noreferrer noopener\" href=\"https:\/\/www.estrategiaconcursos.com.br\/cursosPorConcurso\/sistema-de-questoes\/#\/\" target=\"_blank\">Sistema de Quest\u00f5es<\/a><\/strong><\/p>\n\n\n\n<h2 class=\"has-text-align-center wp-block-heading\">Assinatura Jur\u00eddica<\/h2>\n\n\n\n<p class=\"has-text-align-center\">Estude com a maior assinatura jur\u00eddica! Cursos on\u2011line complet\u00edssimos em PDFs e videoaulas, com conte\u00fado te\u00f3rico did\u00e1tico, legisla\u00e7\u00e3o e jurisprud\u00eancia analisados, resolu\u00e7\u00e3o de in\u00fameras quest\u00f5es e resumos ao final de cada aula.<\/p>\n\n\n\n<p class=\"has-background has-text-align-center has-luminous-vivid-amber-background-color\"><strong>ACESSE:&nbsp;<a rel=\"noreferrer noopener\" href=\"https:\/\/www.estrategiaconcursos.com.br\/assinaturas-ecj\/\" target=\"_blank\">Assinatura Jur\u00eddica<\/a><\/strong><\/p>\n\n\n\n<p class=\"has-background has-text-align-center has-pale-cyan-blue-background-color\"><strong><a href=\"https:\/\/www.estrategiaconcursos.com.br\/blog\/concursos-abertos\/\">CONCURSOS ABERTOS<\/a><\/strong><\/p>\n\n\n\n<p class=\"has-background has-text-align-center has-pale-cyan-blue-background-color\"><a href=\"https:\/\/www.estrategiaconcursos.com.br\/blog\/concursos-2020\/\"><strong>CONCURSOS<\/strong><\/a><strong><a href=\"https:\/\/www.estrategiaconcursos.com.br\/blog\/concursos-2020\/\">&nbsp;2020<\/a><\/strong><\/p>\n\n\n\n<p class=\"has-background has-text-align-center has-pale-cyan-blue-background-color\"><a rel=\"noreferrer noopener\" href=\"https:\/\/www.estrategiaconcursos.com.br\/blog\/concursos-2021\/\" target=\"_blank\"><strong>CONCURSOS 2021<\/strong><\/a><\/p>\n\n\n\n<p class=\"has-background has-text-align-center has-pale-cyan-blue-background-color\"><strong><a rel=\"noreferrer noopener\" href=\"https:\/\/www.estrategiaconcursos.com.br\/blog\/concursos-de-direito\/\" target=\"_blank\">Concursos de Direito<\/a><\/strong><\/p>\n","protected":false},"excerpt":{"rendered":"<p>Concurseiro, por se tratar de um assunto pol\u00eamico, convidamos o professor Rodrigo Assump\u00e7\u00e3o para destrinchar com profundidade o tema. Se voc\u00ea pretende entender como est\u00e1 funcionado ou como deveria funcionar a execu\u00e7\u00e3o penal nos tempos de pandemia, n\u00e3o perca est\u00e1 aula. Execu\u00e7\u00e3o Penal: Cronograma Data: 1\u00ba de setembro de 2020 Hor\u00e1rio: 21:00 Onde: Canal do [&hellip;]<\/p>\n","protected":false},"author":180,"featured_media":563213,"comment_status":"open","ping_status":"closed","sticky":false,"template":"","format":"standard","meta":{"post_tipo":"article","footnotes":""},"categories":[1,2185],"tags":[],"tax_estado":[],"class_list":["post-563165","post","type-post","status-publish","format-standard","has-post-thumbnail","hentry","category-cursos-e-concursos","category-carreiras-juridicas"],"acf":[],"yoast_head":"<!-- This site is optimized with the Yoast SEO Premium plugin v27.2 (Yoast SEO v27.2) - https:\/\/yoast.com\/product\/yoast-seo-premium-wordpress\/ -->\n<title>Execu\u00e7\u00e3o Penal: como a pandemia afetou o sistema carcer\u00e1rio<\/title>\n<meta name=\"description\" content=\"Execu\u00e7\u00e3o Penal: acompanhe o evento ao vivo nesta ter\u00e7a-feira, 1\u00ba de setembro, \u00e0s 21:00, no canal do Estrat\u00e9gia Carreiras Jur\u00eddicas no Youtube.\" \/>\n<meta name=\"robots\" content=\"index, follow, max-snippet:-1, max-image-preview:large, max-video-preview:-1\" \/>\n<link rel=\"canonical\" href=\"https:\/\/www.estrategiaconcursos.com.br\/blog\/execucao-penal-como-a-pandemia-afetou-o-sistema-carcerario\/\" \/>\n<meta property=\"og:locale\" content=\"pt_BR\" \/>\n<meta property=\"og:type\" content=\"article\" \/>\n<meta property=\"og:title\" content=\"Execu\u00e7\u00e3o Penal: como a pandemia afetou o sistema carcer\u00e1rio\" \/>\n<meta property=\"og:description\" content=\"Execu\u00e7\u00e3o Penal: acompanhe o evento ao vivo nesta ter\u00e7a-feira, 1\u00ba de setembro, \u00e0s 21:00, no canal do Estrat\u00e9gia Carreiras Jur\u00eddicas no Youtube.\" \/>\n<meta property=\"og:url\" content=\"https:\/\/www.estrategiaconcursos.com.br\/blog\/execucao-penal-como-a-pandemia-afetou-o-sistema-carcerario\/\" \/>\n<meta property=\"og:site_name\" content=\"Estrat\u00e9gia Concursos\" \/>\n<meta property=\"article:author\" content=\"https:\/\/www.facebook.com\/ricardo.s.torques\" \/>\n<meta property=\"article:published_time\" content=\"2020-09-01T22:00:00+00:00\" \/>\n<meta property=\"og:image\" content=\"https:\/\/dhg1h5j42swfq.cloudfront.net\/2020\/08\/28090040\/execu%C3%A7%C3%A3o-penal.jpg\" \/>\n\t<meta property=\"og:image:width\" content=\"1080\" \/>\n\t<meta property=\"og:image:height\" content=\"1350\" \/>\n\t<meta property=\"og:image:type\" content=\"image\/jpeg\" \/>\n<meta name=\"author\" content=\"Ricardo Torques\" \/>\n<meta name=\"twitter:card\" content=\"summary_large_image\" \/>\n<meta name=\"twitter:creator\" content=\"@EstratConcursos\" \/>\n<meta name=\"twitter:site\" content=\"@EstratConcursos\" \/>\n<meta name=\"twitter:label1\" content=\"Escrito por\" \/>\n\t<meta name=\"twitter:data1\" content=\"Ricardo Torques\" \/>\n\t<meta name=\"twitter:label2\" content=\"Est. tempo de leitura\" \/>\n\t<meta name=\"twitter:data2\" content=\"2 minutos\" \/>\n<script type=\"application\/ld+json\" class=\"yoast-schema-graph\">{\"@context\":\"https:\/\/schema.org\",\"@graph\":[{\"@type\":\"NewsArticle\",\"@id\":\"https:\/\/www.estrategiaconcursos.com.br\/blog\/execucao-penal-como-a-pandemia-afetou-o-sistema-carcerario\/#article\",\"isPartOf\":{\"@id\":\"https:\/\/www.estrategiaconcursos.com.br\/blog\/execucao-penal-como-a-pandemia-afetou-o-sistema-carcerario\/\"},\"author\":{\"name\":\"Ricardo Torques\",\"@id\":\"https:\/\/www.estrategiaconcursos.com.br\/blog\/#\/schema\/person\/aa39cf5ddb518e5bdce27c35788405e2\"},\"headline\":\"Execu\u00e7\u00e3o Penal: como a pandemia afetou o sistema carcer\u00e1rio\",\"datePublished\":\"2020-09-01T22:00:00+00:00\",\"mainEntityOfPage\":{\"@id\":\"https:\/\/www.estrategiaconcursos.com.br\/blog\/execucao-penal-como-a-pandemia-afetou-o-sistema-carcerario\/\"},\"wordCount\":474,\"commentCount\":0,\"publisher\":{\"@id\":\"https:\/\/www.estrategiaconcursos.com.br\/blog\/#organization\"},\"image\":{\"@id\":\"https:\/\/www.estrategiaconcursos.com.br\/blog\/execucao-penal-como-a-pandemia-afetou-o-sistema-carcerario\/#primaryimage\"},\"thumbnailUrl\":\"https:\/\/dhg1h5j42swfq.cloudfront.net\/2020\/08\/28090040\/execu%C3%A7%C3%A3o-penal.jpg\",\"articleSection\":[\"Concursos P\u00fablicos\",\"Jur\u00eddico\"],\"inLanguage\":\"pt-BR\",\"potentialAction\":[{\"@type\":\"CommentAction\",\"name\":\"Comment\",\"target\":[\"https:\/\/www.estrategiaconcursos.com.br\/blog\/execucao-penal-como-a-pandemia-afetou-o-sistema-carcerario\/#respond\"]}],\"copyrightYear\":\"2020\",\"copyrightHolder\":{\"@id\":\"https:\/\/www.estrategiaconcursos.com.br\/blog\/#organization\"}},{\"@type\":\"WebPage\",\"@id\":\"https:\/\/www.estrategiaconcursos.com.br\/blog\/execucao-penal-como-a-pandemia-afetou-o-sistema-carcerario\/\",\"url\":\"https:\/\/www.estrategiaconcursos.com.br\/blog\/execucao-penal-como-a-pandemia-afetou-o-sistema-carcerario\/\",\"name\":\"Execu\u00e7\u00e3o Penal: como a pandemia afetou o sistema carcer\u00e1rio\",\"isPartOf\":{\"@id\":\"https:\/\/www.estrategiaconcursos.com.br\/blog\/#website\"},\"primaryImageOfPage\":{\"@id\":\"https:\/\/www.estrategiaconcursos.com.br\/blog\/execucao-penal-como-a-pandemia-afetou-o-sistema-carcerario\/#primaryimage\"},\"image\":{\"@id\":\"https:\/\/www.estrategiaconcursos.com.br\/blog\/execucao-penal-como-a-pandemia-afetou-o-sistema-carcerario\/#primaryimage\"},\"thumbnailUrl\":\"https:\/\/dhg1h5j42swfq.cloudfront.net\/2020\/08\/28090040\/execu%C3%A7%C3%A3o-penal.jpg\",\"datePublished\":\"2020-09-01T22:00:00+00:00\",\"description\":\"Execu\u00e7\u00e3o Penal: acompanhe o evento ao vivo nesta ter\u00e7a-feira, 1\u00ba de setembro, \u00e0s 21:00, no canal do Estrat\u00e9gia Carreiras Jur\u00eddicas no Youtube.\",\"breadcrumb\":{\"@id\":\"https:\/\/www.estrategiaconcursos.com.br\/blog\/execucao-penal-como-a-pandemia-afetou-o-sistema-carcerario\/#breadcrumb\"},\"inLanguage\":\"pt-BR\",\"potentialAction\":[{\"@type\":\"ReadAction\",\"target\":[\"https:\/\/www.estrategiaconcursos.com.br\/blog\/execucao-penal-como-a-pandemia-afetou-o-sistema-carcerario\/\"]}]},{\"@type\":\"ImageObject\",\"inLanguage\":\"pt-BR\",\"@id\":\"https:\/\/www.estrategiaconcursos.com.br\/blog\/execucao-penal-como-a-pandemia-afetou-o-sistema-carcerario\/#primaryimage\",\"url\":\"https:\/\/dhg1h5j42swfq.cloudfront.net\/2020\/08\/28090040\/execu%C3%A7%C3%A3o-penal.jpg\",\"contentUrl\":\"https:\/\/dhg1h5j42swfq.cloudfront.net\/2020\/08\/28090040\/execu%C3%A7%C3%A3o-penal.jpg\",\"width\":1080,\"height\":1350,\"caption\":\"execu\u00e7\u00e3o penal\"},{\"@type\":\"BreadcrumbList\",\"@id\":\"https:\/\/www.estrategiaconcursos.com.br\/blog\/execucao-penal-como-a-pandemia-afetou-o-sistema-carcerario\/#breadcrumb\",\"itemListElement\":[{\"@type\":\"ListItem\",\"position\":1,\"name\":\"In\u00edcio\",\"item\":\"https:\/\/www.estrategiaconcursos.com.br\/blog\/\"},{\"@type\":\"ListItem\",\"position\":2,\"name\":\"Execu\u00e7\u00e3o Penal: como a pandemia afetou o sistema carcer\u00e1rio\"}]},{\"@type\":\"WebSite\",\"@id\":\"https:\/\/www.estrategiaconcursos.com.br\/blog\/#website\",\"url\":\"https:\/\/www.estrategiaconcursos.com.br\/blog\/\",\"name\":\"Estrat\u00e9gia Concursos\",\"description\":\"O blog da Estrat\u00e9gia Concursos traz not\u00edcias sobre concursos e artigos de professores oferecendo cursos para concursos (pdf + videaulas) no site.\",\"publisher\":{\"@id\":\"https:\/\/www.estrategiaconcursos.com.br\/blog\/#organization\"},\"potentialAction\":[{\"@type\":\"SearchAction\",\"target\":{\"@type\":\"EntryPoint\",\"urlTemplate\":\"https:\/\/www.estrategiaconcursos.com.br\/blog\/?s={search_term_string}\"},\"query-input\":{\"@type\":\"PropertyValueSpecification\",\"valueRequired\":true,\"valueName\":\"search_term_string\"}}],\"inLanguage\":\"pt-BR\"},{\"@type\":\"Organization\",\"@id\":\"https:\/\/www.estrategiaconcursos.com.br\/blog\/#organization\",\"name\":\"Estrat\u00e9gia Concursos\",\"url\":\"https:\/\/www.estrategiaconcursos.com.br\/blog\/\",\"logo\":{\"@type\":\"ImageObject\",\"inLanguage\":\"pt-BR\",\"@id\":\"https:\/\/www.estrategiaconcursos.com.br\/blog\/#\/schema\/logo\/image\/\",\"url\":\"https:\/\/dhg1h5j42swfq.cloudfront.net\/2025\/06\/03203428\/logo_concursos-1.jpg\",\"contentUrl\":\"https:\/\/dhg1h5j42swfq.cloudfront.net\/2025\/06\/03203428\/logo_concursos-1.jpg\",\"width\":230,\"height\":60,\"caption\":\"Estrat\u00e9gia Concursos\"},\"image\":{\"@id\":\"https:\/\/www.estrategiaconcursos.com.br\/blog\/#\/schema\/logo\/image\/\"},\"sameAs\":[\"https:\/\/x.com\/EstratConcursos\"]},{\"@type\":\"Person\",\"@id\":\"https:\/\/www.estrategiaconcursos.com.br\/blog\/#\/schema\/person\/aa39cf5ddb518e5bdce27c35788405e2\",\"name\":\"Ricardo Torques\",\"image\":{\"@type\":\"ImageObject\",\"inLanguage\":\"pt-BR\",\"@id\":\"https:\/\/secure.gravatar.com\/avatar\/ce9ac6c3cff25fe86d15ed568ebc64d1724baf5c0693133bcb1f6073f712f92a?s=96&d=mm&r=g\",\"url\":\"https:\/\/secure.gravatar.com\/avatar\/ce9ac6c3cff25fe86d15ed568ebc64d1724baf5c0693133bcb1f6073f712f92a?s=96&d=mm&r=g\",\"contentUrl\":\"https:\/\/secure.gravatar.com\/avatar\/ce9ac6c3cff25fe86d15ed568ebc64d1724baf5c0693133bcb1f6073f712f92a?s=96&d=mm&r=g\",\"caption\":\"Ricardo Torques\"},\"sameAs\":[\"https:\/\/www.facebook.com\/ricardo.s.torques\"],\"url\":\"https:\/\/www.estrategiaconcursos.com.br\/blog\/author\/ricardotorquesestrategiaconcursos-com-br\/\"}]}<\/script>\n<!-- \/ Yoast SEO Premium plugin. -->","yoast_head_json":{"title":"Execu\u00e7\u00e3o Penal: como a pandemia afetou o sistema carcer\u00e1rio","description":"Execu\u00e7\u00e3o Penal: acompanhe o evento ao vivo nesta ter\u00e7a-feira, 1\u00ba de setembro, \u00e0s 21:00, no canal do Estrat\u00e9gia Carreiras Jur\u00eddicas no Youtube.","robots":{"index":"index","follow":"follow","max-snippet":"max-snippet:-1","max-image-preview":"max-image-preview:large","max-video-preview":"max-video-preview:-1"},"canonical":"https:\/\/www.estrategiaconcursos.com.br\/blog\/execucao-penal-como-a-pandemia-afetou-o-sistema-carcerario\/","og_locale":"pt_BR","og_type":"article","og_title":"Execu\u00e7\u00e3o Penal: como a pandemia afetou o sistema carcer\u00e1rio","og_description":"Execu\u00e7\u00e3o Penal: acompanhe o evento ao vivo nesta ter\u00e7a-feira, 1\u00ba de setembro, \u00e0s 21:00, no canal do Estrat\u00e9gia Carreiras Jur\u00eddicas no Youtube.","og_url":"https:\/\/www.estrategiaconcursos.com.br\/blog\/execucao-penal-como-a-pandemia-afetou-o-sistema-carcerario\/","og_site_name":"Estrat\u00e9gia Concursos","article_author":"https:\/\/www.facebook.com\/ricardo.s.torques","article_published_time":"2020-09-01T22:00:00+00:00","og_image":[{"width":1080,"height":1350,"url":"https:\/\/dhg1h5j42swfq.cloudfront.net\/2020\/08\/28090040\/execu%C3%A7%C3%A3o-penal.jpg","type":"image\/jpeg"}],"author":"Ricardo Torques","twitter_card":"summary_large_image","twitter_creator":"@EstratConcursos","twitter_site":"@EstratConcursos","twitter_misc":{"Escrito por":"Ricardo Torques","Est. tempo de leitura":"2 minutos"},"schema":{"@context":"https:\/\/schema.org","@graph":[{"@type":"NewsArticle","@id":"https:\/\/www.estrategiaconcursos.com.br\/blog\/execucao-penal-como-a-pandemia-afetou-o-sistema-carcerario\/#article","isPartOf":{"@id":"https:\/\/www.estrategiaconcursos.com.br\/blog\/execucao-penal-como-a-pandemia-afetou-o-sistema-carcerario\/"},"author":{"name":"Ricardo Torques","@id":"https:\/\/www.estrategiaconcursos.com.br\/blog\/#\/schema\/person\/aa39cf5ddb518e5bdce27c35788405e2"},"headline":"Execu\u00e7\u00e3o Penal: como a pandemia afetou o sistema carcer\u00e1rio","datePublished":"2020-09-01T22:00:00+00:00","mainEntityOfPage":{"@id":"https:\/\/www.estrategiaconcursos.com.br\/blog\/execucao-penal-como-a-pandemia-afetou-o-sistema-carcerario\/"},"wordCount":474,"commentCount":0,"publisher":{"@id":"https:\/\/www.estrategiaconcursos.com.br\/blog\/#organization"},"image":{"@id":"https:\/\/www.estrategiaconcursos.com.br\/blog\/execucao-penal-como-a-pandemia-afetou-o-sistema-carcerario\/#primaryimage"},"thumbnailUrl":"https:\/\/dhg1h5j42swfq.cloudfront.net\/2020\/08\/28090040\/execu%C3%A7%C3%A3o-penal.jpg","articleSection":["Concursos P\u00fablicos","Jur\u00eddico"],"inLanguage":"pt-BR","potentialAction":[{"@type":"CommentAction","name":"Comment","target":["https:\/\/www.estrategiaconcursos.com.br\/blog\/execucao-penal-como-a-pandemia-afetou-o-sistema-carcerario\/#respond"]}],"copyrightYear":"2020","copyrightHolder":{"@id":"https:\/\/www.estrategiaconcursos.com.br\/blog\/#organization"}},{"@type":"WebPage","@id":"https:\/\/www.estrategiaconcursos.com.br\/blog\/execucao-penal-como-a-pandemia-afetou-o-sistema-carcerario\/","url":"https:\/\/www.estrategiaconcursos.com.br\/blog\/execucao-penal-como-a-pandemia-afetou-o-sistema-carcerario\/","name":"Execu\u00e7\u00e3o Penal: como a pandemia afetou o sistema carcer\u00e1rio","isPartOf":{"@id":"https:\/\/www.estrategiaconcursos.com.br\/blog\/#website"},"primaryImageOfPage":{"@id":"https:\/\/www.estrategiaconcursos.com.br\/blog\/execucao-penal-como-a-pandemia-afetou-o-sistema-carcerario\/#primaryimage"},"image":{"@id":"https:\/\/www.estrategiaconcursos.com.br\/blog\/execucao-penal-como-a-pandemia-afetou-o-sistema-carcerario\/#primaryimage"},"thumbnailUrl":"https:\/\/dhg1h5j42swfq.cloudfront.net\/2020\/08\/28090040\/execu%C3%A7%C3%A3o-penal.jpg","datePublished":"2020-09-01T22:00:00+00:00","description":"Execu\u00e7\u00e3o Penal: acompanhe o evento ao vivo nesta ter\u00e7a-feira, 1\u00ba de setembro, \u00e0s 21:00, no canal do Estrat\u00e9gia Carreiras Jur\u00eddicas no Youtube.","breadcrumb":{"@id":"https:\/\/www.estrategiaconcursos.com.br\/blog\/execucao-penal-como-a-pandemia-afetou-o-sistema-carcerario\/#breadcrumb"},"inLanguage":"pt-BR","potentialAction":[{"@type":"ReadAction","target":["https:\/\/www.estrategiaconcursos.com.br\/blog\/execucao-penal-como-a-pandemia-afetou-o-sistema-carcerario\/"]}]},{"@type":"ImageObject","inLanguage":"pt-BR","@id":"https:\/\/www.estrategiaconcursos.com.br\/blog\/execucao-penal-como-a-pandemia-afetou-o-sistema-carcerario\/#primaryimage","url":"https:\/\/dhg1h5j42swfq.cloudfront.net\/2020\/08\/28090040\/execu%C3%A7%C3%A3o-penal.jpg","contentUrl":"https:\/\/dhg1h5j42swfq.cloudfront.net\/2020\/08\/28090040\/execu%C3%A7%C3%A3o-penal.jpg","width":1080,"height":1350,"caption":"execu\u00e7\u00e3o penal"},{"@type":"BreadcrumbList","@id":"https:\/\/www.estrategiaconcursos.com.br\/blog\/execucao-penal-como-a-pandemia-afetou-o-sistema-carcerario\/#breadcrumb","itemListElement":[{"@type":"ListItem","position":1,"name":"In\u00edcio","item":"https:\/\/www.estrategiaconcursos.com.br\/blog\/"},{"@type":"ListItem","position":2,"name":"Execu\u00e7\u00e3o Penal: como a pandemia afetou o sistema carcer\u00e1rio"}]},{"@type":"WebSite","@id":"https:\/\/www.estrategiaconcursos.com.br\/blog\/#website","url":"https:\/\/www.estrategiaconcursos.com.br\/blog\/","name":"Estrat\u00e9gia Concursos","description":"O blog da Estrat\u00e9gia Concursos traz not\u00edcias sobre concursos e artigos de professores oferecendo cursos para concursos (pdf + videaulas) no site.","publisher":{"@id":"https:\/\/www.estrategiaconcursos.com.br\/blog\/#organization"},"potentialAction":[{"@type":"SearchAction","target":{"@type":"EntryPoint","urlTemplate":"https:\/\/www.estrategiaconcursos.com.br\/blog\/?s={search_term_string}"},"query-input":{"@type":"PropertyValueSpecification","valueRequired":true,"valueName":"search_term_string"}}],"inLanguage":"pt-BR"},{"@type":"Organization","@id":"https:\/\/www.estrategiaconcursos.com.br\/blog\/#organization","name":"Estrat\u00e9gia Concursos","url":"https:\/\/www.estrategiaconcursos.com.br\/blog\/","logo":{"@type":"ImageObject","inLanguage":"pt-BR","@id":"https:\/\/www.estrategiaconcursos.com.br\/blog\/#\/schema\/logo\/image\/","url":"https:\/\/dhg1h5j42swfq.cloudfront.net\/2025\/06\/03203428\/logo_concursos-1.jpg","contentUrl":"https:\/\/dhg1h5j42swfq.cloudfront.net\/2025\/06\/03203428\/logo_concursos-1.jpg","width":230,"height":60,"caption":"Estrat\u00e9gia Concursos"},"image":{"@id":"https:\/\/www.estrategiaconcursos.com.br\/blog\/#\/schema\/logo\/image\/"},"sameAs":["https:\/\/x.com\/EstratConcursos"]},{"@type":"Person","@id":"https:\/\/www.estrategiaconcursos.com.br\/blog\/#\/schema\/person\/aa39cf5ddb518e5bdce27c35788405e2","name":"Ricardo Torques","image":{"@type":"ImageObject","inLanguage":"pt-BR","@id":"https:\/\/secure.gravatar.com\/avatar\/ce9ac6c3cff25fe86d15ed568ebc64d1724baf5c0693133bcb1f6073f712f92a?s=96&d=mm&r=g","url":"https:\/\/secure.gravatar.com\/avatar\/ce9ac6c3cff25fe86d15ed568ebc64d1724baf5c0693133bcb1f6073f712f92a?s=96&d=mm&r=g","contentUrl":"https:\/\/secure.gravatar.com\/avatar\/ce9ac6c3cff25fe86d15ed568ebc64d1724baf5c0693133bcb1f6073f712f92a?s=96&d=mm&r=g","caption":"Ricardo Torques"},"sameAs":["https:\/\/www.facebook.com\/ricardo.s.torques"],"url":"https:\/\/www.estrategiaconcursos.com.br\/blog\/author\/ricardotorquesestrategiaconcursos-com-br\/"}]}},"_links":{"self":[{"href":"https:\/\/www.estrategiaconcursos.com.br\/blog\/wp-json\/wp\/v2\/posts\/563165","targetHints":{"allow":["GET"]}}],"collection":[{"href":"https:\/\/www.estrategiaconcursos.com.br\/blog\/wp-json\/wp\/v2\/posts"}],"about":[{"href":"https:\/\/www.estrategiaconcursos.com.br\/blog\/wp-json\/wp\/v2\/types\/post"}],"author":[{"embeddable":true,"href":"https:\/\/www.estrategiaconcursos.com.br\/blog\/wp-json\/wp\/v2\/users\/180"}],"replies":[{"embeddable":true,"href":"https:\/\/www.estrategiaconcursos.com.br\/blog\/wp-json\/wp\/v2\/comments?post=563165"}],"version-history":[{"count":14,"href":"https:\/\/www.estrategiaconcursos.com.br\/blog\/wp-json\/wp\/v2\/posts\/563165\/revisions"}],"predecessor-version":[{"id":563236,"href":"https:\/\/www.estrategiaconcursos.com.br\/blog\/wp-json\/wp\/v2\/posts\/563165\/revisions\/563236"}],"wp:featuredmedia":[{"embeddable":true,"href":"https:\/\/www.estrategiaconcursos.com.br\/blog\/wp-json\/wp\/v2\/media\/563213"}],"wp:attachment":[{"href":"https:\/\/www.estrategiaconcursos.com.br\/blog\/wp-json\/wp\/v2\/media?parent=563165"}],"wp:term":[{"taxonomy":"category","embeddable":true,"href":"https:\/\/www.estrategiaconcursos.com.br\/blog\/wp-json\/wp\/v2\/categories?post=563165"},{"taxonomy":"post_tag","embeddable":true,"href":"https:\/\/www.estrategiaconcursos.com.br\/blog\/wp-json\/wp\/v2\/tags?post=563165"},{"taxonomy":"tax_estado","embeddable":true,"href":"https:\/\/www.estrategiaconcursos.com.br\/blog\/wp-json\/wp\/v2\/tax_estado?post=563165"}],"curies":[{"name":"wp","href":"https:\/\/api.w.org\/{rel}","templated":true}]}}