{"id":563115,"date":"2020-09-06T09:52:00","date_gmt":"2020-09-06T12:52:00","guid":{"rendered":"https:\/\/www.estrategiaconcursos.com.br\/blog\/?p=563115"},"modified":"2020-09-04T14:05:13","modified_gmt":"2020-09-04T17:05:13","slug":"pronomes-pessoais","status":"publish","type":"post","link":"https:\/\/www.estrategiaconcursos.com.br\/blog\/pronomes-pessoais\/","title":{"rendered":"Pronomes: dicas para ir do zero ao topo no tema coloca\u00e7\u00e3o pronominal!"},"content":{"rendered":"\n<p>Os pronomes s\u00e3o uma classe de palavras ampla. Por conta dessa amplitude, h\u00e1 uma cobran\u00e7a massiva dessa classe em provas de concursos p\u00fablicos, seja quanto \u00e0 morfologia \u2013&nbsp;estudo do emprego das classes de palavras \u2013&nbsp;ou quanto \u00e0 sintaxe \u2013 sentido do termo na ora\u00e7\u00e3o.&nbsp;&nbsp;<\/p>\n\n\n\n<p>Os pronomes v\u00e3o se dividir em algumas categorias, e alguns tipos de pronome v\u00e3o aparecer mais e ter mais peso nas provas do que outros. No&nbsp;<a rel=\"noreferrer noopener\" href=\"https:\/\/www.youtube.com\/watch?v=2DCBK2QClLM&amp;list=PL70rxKg7qWNX6yy8mzznFkM-GhtSk8ckk&amp;index=3&amp;t=0s\" target=\"_blank\">webin\u00e1rio Pronomes<\/a>, professora Jana\u00edna Arruda selecionou pontos espec\u00edficos que tem maior relev\u00e2ncia para provas de concurso, para ajudar o aluno a ir&nbsp;do zero ao topo em rela\u00e7\u00e3o aos conhecimentos sobre Pronomes.&nbsp;<\/p>\n\n\n\n<h2 class=\"wp-block-heading\"><strong>Categoria de pronomes<\/strong>&nbsp;<\/h2>\n\n\n\n<div class=\"wp-block-image\"><figure class=\"aligncenter size-full\"><img loading=\"lazy\" decoding=\"async\" width=\"833\" height=\"487\" src=\"https:\/\/dhg1h5j42swfq.cloudfront.net\/2020\/08\/27201156\/image-273.png\" alt=\"Pronomes\" class=\"wp-image-563116\" srcset=\"https:\/\/dhg1h5j42swfq.cloudfront.net\/2020\/08\/27201156\/image-273.png 833w, https:\/\/dhg1h5j42swfq.cloudfront.net\/2020\/08\/27201156\/image-273-300x175.png 300w, https:\/\/dhg1h5j42swfq.cloudfront.net\/2020\/08\/27201156\/image-273-768x449.png 768w, https:\/\/dhg1h5j42swfq.cloudfront.net\/2020\/08\/27201156\/image-273-610x357.png 610w\" sizes=\"auto, (max-width: 833px) 100vw, 833px\" \/><figcaption>categoria de pronomes<\/figcaption><\/figure><\/div>\n\n\n\n<p>Na regra geral, pronome \u00e9 uma classe de palavras que substitui ou que acompanha os nomes. Hoje, n\u00e3o entraremos na categoria de pronomes que acompanha os nomes, porque eles s\u00e3o mais simples. Vamos entender os pronomes que substituem nomes, por apresentarem maior relev\u00e2ncia nas provas e por serem objeto de maior dificuldade por parte dos alunos.&nbsp;<\/p>\n\n\n\n<p>Vamos trabalhar, portanto, com os pronomes pessoais.<\/p>\n\n\n\n<h2 class=\"wp-block-heading\"><strong>Pronomes pessoais<\/strong>&nbsp;<\/h2>\n\n\n\n<div class=\"wp-block-image\"><figure class=\"aligncenter size-full\"><img loading=\"lazy\" decoding=\"async\" width=\"806\" height=\"379\" src=\"https:\/\/dhg1h5j42swfq.cloudfront.net\/2020\/08\/27201156\/image-274.png\" alt=\"Pronomes pessoais\" class=\"wp-image-563117\" srcset=\"https:\/\/dhg1h5j42swfq.cloudfront.net\/2020\/08\/27201156\/image-274.png 806w, https:\/\/dhg1h5j42swfq.cloudfront.net\/2020\/08\/27201156\/image-274-300x141.png 300w, https:\/\/dhg1h5j42swfq.cloudfront.net\/2020\/08\/27201156\/image-274-768x361.png 768w, https:\/\/dhg1h5j42swfq.cloudfront.net\/2020\/08\/27201156\/image-274-610x287.png 610w\" sizes=\"auto, (max-width: 806px) 100vw, 806px\" \/><figcaption>pronomes pessoais<\/figcaption><\/figure><\/div>\n\n\n\n<p>Os pronomes pessoais podem ser retos ou obl\u00edquos, e os obl\u00edquos se dividem em \u00e1tonos e t\u00f4nicos. Existe uma raz\u00e3o de ser e uma l\u00f3gica para a utiliza\u00e7\u00e3o de cada um desses pronomes. <\/p>\n\n\n\n<h3 class=\"wp-block-heading\">Pronomes pessoais do caso reto<\/h3>\n\n\n\n<p>Os pronomes pessoais do caso reto n\u00e3o demandam explica\u00e7\u00f5es, j\u00e1 que se apresentam na forma intuitiva da forma\u00e7\u00e3o das pessoas do discurso (EU, TU, ELE, N\u00d3S, V\u00d3S, ELES).<\/p>\n\n\n\n<h3 class=\"wp-block-heading\">Pronomes pessoais obl\u00edquos<\/h3>\n\n\n\n<p>Os pronomes pessoais obl\u00edquos s\u00e3o utilizados para retomar nomes j\u00e1 utilizados no discurso, evitando repeti\u00e7\u00f5es. Esses ser\u00e3o o foco de estudo nessa aula.<\/p>\n\n\n\n<h4 class=\"wp-block-heading\"><strong>Pronomes obl\u00edquos t\u00f4nicos<\/strong>&nbsp;<\/h4>\n\n\n\n<p>T\u00eam acento t\u00f4nico (n\u00e3o quer dizer que \u00e9 acentuado, mas que tem uma s\u00edlaba forte) e est\u00e3o precedidos de preposi\u00e7\u00e3o:&nbsp;&nbsp;<\/p>\n\n\n\n<p><em>Ore&nbsp;<\/em><strong><em>por mim<\/em><\/strong><em>.&nbsp;<\/em>&nbsp;<\/p>\n\n\n\n<p><em>Jo\u00e3o ficou fora&nbsp;<\/em><strong><em>de si.&nbsp;<\/em><\/strong>&nbsp;<\/p>\n\n\n\n<p><em>Leve-o&nbsp;<\/em><strong><em>para ele.<\/em><\/strong><em>&nbsp;<\/em>&nbsp;<\/p>\n\n\n\n<p><em>Deixou o beb\u00ea&nbsp;<\/em><strong><em>comigo<\/em><\/strong><em>.&nbsp;<\/em>&nbsp;<\/p>\n\n\n\n<h4 class=\"wp-block-heading\"><strong>Pronomes obl\u00edquos \u00e1tonos<\/strong>&nbsp;<\/h4>\n\n\n\n<p>N\u00e3o t\u00eam acento t\u00f4nico e n\u00e3o s\u00e3o precedidos de preposi\u00e7\u00e3o (mas podem carregar a preposi\u00e7\u00e3o no seu interior):&nbsp;&nbsp;<\/p>\n\n\n\n<p><em>N\u00e3o&nbsp;<\/em><strong><em>nos&nbsp;<\/em><\/strong><em>perturbe.&nbsp;<\/em>&nbsp;<\/p>\n\n\n\n<p><em>Passe-<\/em><strong><em>me&nbsp;<\/em><\/strong><em>a faca.&nbsp;<\/em>&nbsp;<\/p>\n\n\n\n<p><em>Vejo-<\/em><strong><em>te&nbsp;<\/em><\/strong><em>em casa.&nbsp;<\/em>&nbsp;<\/p>\n\n\n\n<h4 class=\"wp-block-heading\"><strong>As formas \u201cO\u201d, \u201cA\u201d, \u201cOS\u201d, \u201cAS\u201d&nbsp;<\/strong>&nbsp;<\/h4>\n\n\n\n<ul class=\"wp-block-list\"><li>Verbos terminados em<strong>&nbsp;R, S, Z&nbsp;<\/strong>= cai a consoante no final do verbo e o pronome vira&nbsp;<strong>LO, LA, LOS, LAS:<\/strong>&nbsp;<\/li><\/ul>\n\n\n\n<p><em>Maria veio&nbsp;<\/em><strong><em>v\u00ea-LO<\/em><\/strong><strong><em>.<\/em><\/strong><em>&nbsp;<\/em>&nbsp;<\/p>\n\n\n\n<p><em>Fiz o bolo.&nbsp;<\/em><strong><em>Fi-LO<\/em><\/strong><em>&nbsp;sozinha!&nbsp;<\/em>&nbsp;<\/p>\n\n\n\n<ul class=\"wp-block-list\"><li>Verbos terminados em&nbsp;<strong>M ou nasais (som sai pelo nariz: M, N,&nbsp;~)<\/strong>=&nbsp;os pronomes viram&nbsp;<strong>NO, NA, NOS, NAS<\/strong>:&nbsp;<\/li><\/ul>\n\n\n\n<p><em>Encontraram-<\/em><strong><em>NOS<\/em><\/strong><em>&nbsp;perto do lago.&nbsp;<\/em>&nbsp;<\/p>\n\n\n\n<p><em>P\u00f5e-<\/em><strong><em>NA<\/em><\/strong><em>&nbsp;sobre a mesa.&nbsp;<\/em>&nbsp;<\/p>\n\n\n\n<h2 class=\"wp-block-heading\"><strong>Coloca\u00e7\u00e3o Pronominal<\/strong>&nbsp;<\/h2>\n\n\n\n<p>Coloca\u00e7\u00e3o pronominal \u00e9 a posi\u00e7\u00e3o do pronome obl\u00edquo \u00e1tono em rela\u00e7\u00e3o ao verbo. <\/p>\n\n\n\n<p>Existem 3 posi\u00e7\u00f5es:&nbsp;<\/p>\n\n\n\n<ul class=\"wp-block-list\"><li><strong>Pr\u00f3clise:&nbsp;<\/strong>pronome antes do verbo.&nbsp;<\/li><li><strong>Mes\u00f3clise:<\/strong>&nbsp;pronome no meio do verbo.&nbsp;<\/li><li><strong>\u00canclise:&nbsp;<\/strong>pronome ap\u00f3s o verbo.&nbsp;<\/li><\/ul>\n\n\n\n<h2 class=\"wp-block-heading\"><strong>Pronomes<\/strong>&nbsp;<strong>obl\u00edquos \u00e1tonos<\/strong>&nbsp;<\/h2>\n\n\n\n<div class=\"wp-block-image\"><figure class=\"aligncenter size-full\"><img loading=\"lazy\" decoding=\"async\" width=\"126\" height=\"161\" src=\"https:\/\/dhg1h5j42swfq.cloudfront.net\/2020\/08\/27213341\/image-276.png\" alt=\"Pronomes obl\u00edquos \u00e1tonos \" class=\"wp-image-563136\"\/><figcaption>pronomes obl\u00edquos \u00e1tonos<\/figcaption><\/figure><\/div>\n\n\n\n<h3 class=\"wp-block-heading\"><strong>Casos proibidos em coloca\u00e7\u00e3o pronominal:&nbsp;<\/strong>&nbsp;<\/h3>\n\n\n\n<h4 class=\"wp-block-heading\"><strong>1. Coloca\u00e7\u00e3o do pronome obl\u00edquo no in\u00edcio de frase:&nbsp;<\/strong>&nbsp;<\/h4>\n\n\n\n<p><strong><em>Me&nbsp;<\/em><\/strong><em>disse a verdade (errado)\/ Disse-me a verdade (correto).&nbsp;<\/em>&nbsp;<\/p>\n\n\n\n<h4 class=\"wp-block-heading\"><strong>2. Depois do uso de ponto e v\u00edrgula:&nbsp;<\/strong>&nbsp;<\/h4>\n\n\n\n<p><em>Esqueceu-se do rem\u00e9dio;&nbsp;<\/em><strong><em>se&nbsp;<\/em><\/strong><em>preocupou com o sintoma (errado)\/ preocupou-se com o sintoma (correto).<\/em>&nbsp;<\/p>\n\n\n\n<h4 class=\"wp-block-heading\"><strong>3. Coloca\u00e7\u00e3o do pronome obl\u00edquo depois de verbo no partic\u00edpio:&nbsp;<\/strong>&nbsp;<\/h4>\n\n\n\n<p><em>Tinha&nbsp;<\/em><em>preocupado-<\/em><strong><em>se<\/em><\/strong><strong><em>&nbsp;<\/em><\/strong><em>com a m\u00e3e (errado)\/Tinha se preocupado com a m\u00e3e (correto).<\/em>&nbsp;<\/p>\n\n\n\n<h4 class=\"wp-block-heading\"><strong>4. Coloca\u00e7\u00e3o do pronome obl\u00edquo depois de verbo no futuro (do pret\u00e9rito ou do presente) do indicativo:&nbsp;<\/strong>&nbsp;<\/h4>\n\n\n\n<p>Falaria-<strong>me<\/strong><strong>&nbsp;<\/strong>o caso completo<em>&nbsp;(errado)\/Falar-me-ia o caso completo (correto).<\/em>&nbsp;<\/p>\n\n\n\n<h3 class=\"wp-block-heading\"><strong>Casos Especiais de coloca\u00e7\u00e3o pronominal:&nbsp;<\/strong>&nbsp;<\/h3>\n\n\n\n<h4 class=\"wp-block-heading\"><strong>1. A pr\u00f3clise \u00e9 evitada depois da v\u00edrgula, mas pode ocorrer quando houver a sobreposi\u00e7\u00e3o de regra proibitiva:&nbsp;<\/strong>&nbsp;<\/h4>\n\n\n\n<p><em>Tinha, na situa\u00e7\u00e3o,&nbsp;<\/em><strong><em>se&nbsp;<\/em><\/strong><em>perguntado (<\/em><em>partic\u00edpio<\/em><em>) sobre o menino.&nbsp;<\/em>&nbsp;<\/p>\n\n\n\n<h4 class=\"wp-block-heading\"><strong>2.&nbsp;<\/strong><strong>Aposs\u00ednclise<\/strong><strong>&nbsp;(<\/strong><strong>pronome<\/strong><strong>&nbsp;obl\u00edquo antes de palavra atrativa):&nbsp;<\/strong>&nbsp;<\/h4>\n\n\n\n<p><em>Os meninos <strong>me <\/strong>n\u00e3o contaram a verdade.&nbsp;<\/em>&nbsp;<\/p>\n\n\n\n<h4 class=\"wp-block-heading\"><strong>3. Com o infinitivo, a coloca\u00e7\u00e3o do pronome sempre ser\u00e1 facultativa, mesmo com palavra atrativa:<\/strong>&nbsp;<\/h4>\n\n\n\n<p><em>Meu pai pediu para&nbsp;<\/em><strong><em>me&nbsp;<\/em><\/strong><em>ajudar na compra.&nbsp;<\/em>&nbsp;<\/p>\n\n\n\n<p><em>Meu pai pediu para ajudar-<\/em><strong><em>me&nbsp;<\/em><\/strong><em>na compra.<\/em>&nbsp;<\/p>\n\n\n\n<h2 class=\"wp-block-heading\"><strong>CASOS DE PR\u00d3CLISE&nbsp;<\/strong>&nbsp;<\/h2>\n\n\n\n<p>Pronome obl\u00edquo \u00e1tono que atrai o pronome para antes do verbo.&nbsp;<\/p>\n\n\n\n<h3 class=\"wp-block-heading\"><strong>A) Atra\u00e7\u00e3o forte:&nbsp;<\/strong><\/h3>\n\n\n\n<p>Obrigat\u00f3ria, independentemente do tamanho da ora\u00e7\u00e3o. Mesmo que haja grande distanciamento entre o verbo e o pronome, ainda h\u00e1 a atra\u00e7\u00e3o.&nbsp;<\/p>\n\n\n\n<h4 class=\"wp-block-heading\"><strong>1. Palavras com sentido negativo (n\u00e3o, nunca, jamais, nem):&nbsp;<\/strong>&nbsp;<\/h4>\n\n\n\n<p><em>N\u00e3o&nbsp;<\/em><strong><em>me&nbsp;<\/em><\/strong><em>ajudou com o rem\u00e9dio nem&nbsp;<\/em><strong><em>me&nbsp;<\/em><\/strong><em>levou ao hospital.&nbsp;<\/em>&nbsp;<\/p>\n\n\n\n<h4 class=\"wp-block-heading\"><strong>2.&nbsp;Adv\u00e9rbio curto <\/strong>&#8211;<strong> at\u00e9 3 elementos&nbsp;(j\u00e1, agora, tamb\u00e9m, sempre, mais):&nbsp;<\/strong>&nbsp;<\/h4>\n\n\n\n<p><em>Agora&nbsp;<\/em><strong><em>se&nbsp;<\/em><\/strong><em>acha com a raz\u00e3o.&nbsp;<\/em>&nbsp;<\/p>\n\n\n\n<h4 class=\"wp-block-heading\"><strong>3. Conjun\u00e7\u00e3o Subordinativa (se, caso, embora, quando etc.):<\/strong>&nbsp;<\/h4>\n\n\n\n<p><em>Caso&nbsp;<\/em><strong><em>se&nbsp;<\/em><\/strong><em>preocupe comigo, venha me visitar.<\/em>&nbsp;<\/p>\n\n\n\n<h4 class=\"wp-block-heading\"><strong>4. EM + ger\u00fandio:&nbsp;<\/strong>&nbsp;<\/h4>\n\n\n\n<p><em>Em&nbsp;<\/em><strong><em>se&nbsp;<\/em><\/strong><em>tratando de decis\u00e3o, ele \u00e9 competente.&nbsp;<\/em>&nbsp;<\/p>\n\n\n\n<h4 class=\"wp-block-heading\"><strong>5. Pronome Relativo (que, o qual, onde, cujo):<\/strong>&nbsp;<\/h4>\n\n\n\n<p>A menina que&nbsp;<strong>me&nbsp;<\/strong>procurou era minha parente.&nbsp;&nbsp;<\/p>\n\n\n\n<p><strong>Obs.:<\/strong>&nbsp;&#8220;<strong>QUE<\/strong>&#8220;, independentemente da classifica\u00e7\u00e3o morfol\u00f3gica, sempre \u00e9 atrativo para a pr\u00f3clise.&nbsp;<\/p>\n\n\n\n<h3 class=\"wp-block-heading\"><strong>B) Atra\u00e7\u00e3o fraca:&nbsp;<\/strong><\/h3>\n\n\n\n<p>Facultativa em ora\u00e7\u00f5es muito longas, quando h\u00e1 grande distanciamento entre o verbo e o pronome.&nbsp;<\/p>\n\n\n\n<h4 class=\"wp-block-heading\"><strong>6. Pronome Indefinido (tudo, nada, ningu\u00e9m etc.):<\/strong>&nbsp;<\/h4>\n\n\n\n<p><em>Ningu\u00e9m&nbsp;<\/em><strong><em>se&nbsp;<\/em><\/strong><em>preocupou comigo.&nbsp;<\/em>&nbsp;<\/p>\n\n\n\n<h4 class=\"wp-block-heading\"><strong>7. Pronome Demonstrativo (isto, aquele, este&nbsp;etc.):&nbsp;<\/strong><\/h4>\n\n\n\n<p><em>Isto&nbsp;<\/em><strong><em>me&nbsp;<\/em><\/strong><em>diz respeito.<\/em>&nbsp;<\/p>\n\n\n\n<h4 class=\"wp-block-heading\"><strong>8. Frase Optativa (desejo, vontade):&nbsp;<\/strong>&nbsp;<\/h4>\n\n\n\n<p><em>Que Deus&nbsp;<\/em><strong><em>te&nbsp;<\/em><\/strong><em>oriente os passos.&nbsp;<\/em>&nbsp;<\/p>\n\n\n\n<h4 class=\"wp-block-heading\"><strong>9. Frase Interrogativa:&nbsp;<\/strong>&nbsp;<\/h4>\n\n\n\n<p><em>O homem <strong>se <\/strong>considerou culpado?&nbsp;<\/em>&nbsp;<\/p>\n\n\n\n<h4 class=\"wp-block-heading\"><strong>10. Frase Exclamativa:&nbsp;<\/strong>&nbsp;<\/h4>\n\n\n\n<p><em>Jo\u00e3o <strong>te <\/strong>admira!!!&nbsp;<\/em><\/p>\n\n\n\n<h2 class=\"wp-block-heading\"><strong>CASOS DE MES\u00d3CLISE&nbsp;<\/strong>&nbsp;<\/h2>\n\n\n\n<p>Pronome obl\u00edquo \u00e1tono em que o pronome fica no meio do verbo. A mes\u00f3clise s\u00f3 acontece quando n\u00e3o h\u00e1 regra de atratividade de pr\u00f3clise.&nbsp;<\/p>\n\n\n\n<h4 class=\"wp-block-heading\"><strong>1. Ocorre apena com o futuro do presente ou do pret\u00e9rito do indicativo:&nbsp;<\/strong>&nbsp;<\/h4>\n\n\n\n<p><em>A crian\u00e7a&nbsp;<\/em><strong><em>me&nbsp;<\/em><\/strong><em>contaria a verdade (pr\u00f3clise poss\u00edvel, mas n\u00e3o obrigat\u00f3ria).&nbsp;<\/em>&nbsp;<\/p>\n\n\n\n<p><em>A crian\u00e7a contar-<\/em><strong><em>me<\/em><\/strong><em>-ia a verdade (mes\u00f3clise).<\/em>&nbsp;<\/p>\n\n\n\n<p>Como o sujeito \u00e9 expresso, a coloca\u00e7\u00e3o do pronome obl\u00edquo pode ser em mes\u00f3clise ou em pr\u00f3clise. Caso o verbo inicie a ora\u00e7\u00e3o, \u00e9 obrigat\u00f3ria a mes\u00f3clise, porque n\u00e3o se inicia frase com pronome. Ademais, \u00e9 proibida mes\u00f3clise em verbo do partic\u00edpio:&nbsp;&nbsp;<\/p>\n\n\n\n<p><em>Contar-<\/em><strong><em>me<\/em><\/strong><em>-ia a verdade, quando me solicitasse.<\/em>&nbsp;<\/p>\n\n\n\n<h2 class=\"wp-block-heading\"><strong>CASOS DE \u00caNCLISE&nbsp;<\/strong>&nbsp;<\/h2>\n\n\n\n<p>Pronome obl\u00edquo \u00e1tono em que o pronome fica depois do verbo. A \u00eanclise s\u00f3 acontece quando n\u00e3o h\u00e1 regra de atratividade de pr\u00f3clise.&nbsp;<\/p>\n\n\n\n<h4 class=\"wp-block-heading\"><strong>1. Nunca deve ocorrer com partic\u00edpio ou futuro do indicativo:&nbsp;<\/strong>&nbsp;<\/h4>\n\n\n\n<p><em>Tinha&nbsp;<\/em><em>contado-<\/em><strong><em>me<\/em><\/strong><strong><em>&nbsp;<\/em><\/strong><em>isso (errado)\/Me ajudaria com o isso (correto).&nbsp;<\/em>&nbsp;<\/p>\n\n\n\n<h4 class=\"wp-block-heading\"><strong>2. S\u00f3 \u00e9 obrigat\u00f3ria se a pr\u00f3clise for proibida:&nbsp;<\/strong>&nbsp;<\/h4>\n\n\n\n<p><em>Preocupou-<strong>se <\/strong>comigo.&nbsp;<\/em>&nbsp;<\/p>\n\n\n\n<h4 class=\"wp-block-heading\"><strong>3. Depois de ger\u00fandio:&nbsp;<\/strong>&nbsp;<\/h4>\n\n\n\n<p><em>Maria chorou, contando-<strong>me <\/strong>o segredo.<\/em>&nbsp;<\/p>\n\n\n\n<h2 class=\"wp-block-heading\"><strong>Semana Especial Aprenda Portugu\u00eas do Zero em 7 dias<\/strong>&nbsp;&nbsp;<\/h2>\n\n\n\n<p>N\u00e3o deixe de treinar seus conhecimentos sobre coloca\u00e7\u00e3o pronominal por meio da resolu\u00e7\u00e3o de quest\u00f5es!&nbsp;<\/p>\n\n\n\n<p>N\u00e3o perca os demais&nbsp;conte\u00fados&nbsp;da s\u00e9rie da&nbsp;<a href=\"https:\/\/www.youtube.com\/playlist?list=PL70rxKg7qWNX6yy8mzznFkM-GhtSk8ckk\"><strong>Semana Especial Aprenda Portugu\u00eas do Zero em 7 dias.<\/strong>&nbsp;&nbsp;<\/a><\/p>\n\n\n\n<h2 class=\"wp-block-heading\"><strong><em>Assinatura Anual Ilimitada*<\/em><\/strong>&nbsp;&nbsp;&nbsp;&nbsp;&nbsp;<\/h2>\n\n\n\n<p><em>Prepare-se com o melhor material e com quem mais aprova em Concursos P\u00fablicos em todo o pa\u00eds. Assine agora a nossa Assinatura Anual e tenha acesso ilimitado* a todos os nossos cursos.<\/em>&nbsp;&nbsp;&nbsp;&nbsp;&nbsp;<\/p>\n\n\n\n<p class=\"has-text-color has-background has-text-align-center has-very-dark-gray-color has-vivid-cyan-blue-background-color\"><strong>ASSINE AGORA<\/strong>&nbsp;\u2013&nbsp;<a href=\"https:\/\/www.estrategiaconcursos.com.br\/assinaturas\" target=\"_blank\" rel=\"noreferrer noopener\">Assinatura Ilimitada<\/a>&nbsp;&nbsp;&nbsp;&nbsp;&nbsp;<\/p>\n\n\n\n<p class=\"has-background has-text-align-center has-very-light-gray-background-color\"><strong><em>Sistema de Quest\u00f5es<\/em><\/strong>&nbsp;&nbsp;&nbsp;&nbsp;&nbsp;<\/p>\n\n\n\n<p class=\"has-text-align-center\"><em>Estrat\u00e9gia Quest\u00f5es nasceu maior do que todos os concorrentes, com mais quest\u00f5es cadastradas e mais solu\u00e7\u00f5es por professores. Ent\u00e3o, confira e aproveite os descontos e b\u00f4nus imperd\u00edveis!<\/em>&nbsp;&nbsp;&nbsp;&nbsp;&nbsp;<\/p>\n\n\n\n<p class=\"has-background has-text-align-center has-luminous-vivid-amber-background-color\"><strong>ASSINE AGORA \u2013&nbsp;<\/strong><a href=\"https:\/\/www.estrategiaconcursos.com.br\/cursosPorConcurso\/sistema-de-questoes\/#\/\" target=\"_blank\" rel=\"noreferrer noopener\">Sistema de Quest\u00f5es<\/a>&nbsp;&nbsp;&nbsp;&nbsp;&nbsp;<\/p>\n\n\n\n<p class=\"has-text-align-center\"><strong><em>Fique por dentro dos concursos em aberto<\/em><\/strong>&nbsp;&nbsp;&nbsp;&nbsp;&nbsp;<\/p>\n\n\n\n<p class=\"has-text-color has-background has-text-align-center has-very-dark-gray-color has-vivid-green-cyan-background-color\"><a href=\"https:\/\/www.estrategiaconcursos.com.br\/blog\/concursos-abertos\/\" target=\"_blank\" rel=\"noreferrer noopener\"><strong>CONCURSOS ABERTOS<\/strong><\/a>&nbsp;&nbsp;&nbsp;&nbsp;&nbsp;<\/p>\n\n\n\n<p class=\"has-text-align-center\"><strong><em>Confira as oportunidades em 2020<\/em><\/strong>&nbsp;&nbsp;&nbsp;&nbsp;&nbsp;<\/p>\n\n\n\n<p class=\"has-text-color has-background has-text-align-center has-very-dark-gray-color has-vivid-cyan-blue-background-color\"><a href=\"https:\/\/www.estrategiaconcursos.com.br\/blog\/concursos-2020\/\" target=\"_blank\" rel=\"noreferrer noopener\"><strong>CONCURSOS 2020<\/strong><\/a>&nbsp;&nbsp;&nbsp;&nbsp;&nbsp;<\/p>\n\n\n\n<p class=\"has-text-align-center\"><strong><em>As previs\u00f5es para 2021<\/em><\/strong>&nbsp;&nbsp;&nbsp;&nbsp;&nbsp;<\/p>\n\n\n\n<p class=\"has-background has-text-align-center has-pale-cyan-blue-background-color\"><a rel=\"noreferrer noopener\" href=\"https:\/\/www.estrategiaconcursos.com.br\/blog\/concursos-2021\/\" target=\"_blank\"><strong>CONCURSOS 2021<\/strong><\/a>&nbsp;<\/p>\n","protected":false},"excerpt":{"rendered":"<p>Os pronomes s\u00e3o uma classe de palavras ampla. Por conta dessa amplitude, h\u00e1 uma cobran\u00e7a massiva dessa classe em provas de concursos p\u00fablicos, seja quanto \u00e0 morfologia \u2013&nbsp;estudo do emprego das classes de palavras \u2013&nbsp;ou quanto \u00e0 sintaxe \u2013 sentido do termo na ora\u00e7\u00e3o.&nbsp;&nbsp; Os pronomes v\u00e3o se dividir em algumas categorias, e alguns tipos [&hellip;]<\/p>\n","protected":false},"author":1666,"featured_media":561200,"comment_status":"open","ping_status":"closed","sticky":false,"template":"","format":"standard","meta":{"post_tipo":"article","footnotes":""},"categories":[1],"tags":[],"tax_estado":[],"class_list":["post-563115","post","type-post","status-publish","format-standard","has-post-thumbnail","hentry","category-cursos-e-concursos"],"acf":[],"yoast_head":"<!-- This site is optimized with the Yoast SEO Premium plugin v27.2 (Yoast SEO v27.2) - https:\/\/yoast.com\/product\/yoast-seo-premium-wordpress\/ -->\n<title>Pronomes: dicas para ir do zero ao topo no tema coloca\u00e7\u00e3o pronominal!<\/title>\n<meta name=\"description\" content=\"A Professora Jana\u00edna Arruda d\u00e1 dicas para que o aluno v\u00e1 do zero ao topo em rela\u00e7\u00e3o aos conhecimentos sobre pronomes pessoais.\" \/>\n<meta name=\"robots\" content=\"index, follow, max-snippet:-1, max-image-preview:large, max-video-preview:-1\" \/>\n<link rel=\"canonical\" href=\"https:\/\/www.estrategiaconcursos.com.br\/blog\/pronomes-pessoais\/\" \/>\n<meta property=\"og:locale\" content=\"pt_BR\" \/>\n<meta property=\"og:type\" content=\"article\" \/>\n<meta property=\"og:title\" content=\"Pronomes: dicas para ir do zero ao topo no tema coloca\u00e7\u00e3o pronominal!\" \/>\n<meta property=\"og:description\" content=\"A Professora Jana\u00edna Arruda d\u00e1 dicas para que o aluno v\u00e1 do zero ao topo em rela\u00e7\u00e3o aos conhecimentos sobre pronomes pessoais.\" \/>\n<meta property=\"og:url\" content=\"https:\/\/www.estrategiaconcursos.com.br\/blog\/pronomes-pessoais\/\" \/>\n<meta property=\"og:site_name\" content=\"Estrat\u00e9gia Concursos\" \/>\n<meta property=\"article:published_time\" content=\"2020-09-06T12:52:00+00:00\" \/>\n<meta property=\"og:image\" content=\"https:\/\/dhg1h5j42swfq.cloudfront.net\/2020\/08\/25222553\/livros-de-portugues-para-concursos-publicos.jpg\" \/>\n\t<meta property=\"og:image:width\" content=\"640\" \/>\n\t<meta property=\"og:image:height\" content=\"480\" \/>\n\t<meta property=\"og:image:type\" content=\"image\/jpeg\" \/>\n<meta name=\"author\" content=\"Ana Luiza Tib\u00farcio Guimar\u00e3es\" \/>\n<meta name=\"twitter:card\" content=\"summary_large_image\" \/>\n<meta name=\"twitter:creator\" content=\"@EstratConcursos\" \/>\n<meta name=\"twitter:site\" content=\"@EstratConcursos\" \/>\n<meta name=\"twitter:label1\" content=\"Escrito por\" \/>\n\t<meta name=\"twitter:data1\" content=\"Ana Luiza Tib\u00farcio Guimar\u00e3es\" \/>\n\t<meta name=\"twitter:label2\" content=\"Est. tempo de leitura\" \/>\n\t<meta name=\"twitter:data2\" content=\"8 minutos\" \/>\n<script type=\"application\/ld+json\" class=\"yoast-schema-graph\">{\"@context\":\"https:\/\/schema.org\",\"@graph\":[{\"@type\":\"NewsArticle\",\"@id\":\"https:\/\/www.estrategiaconcursos.com.br\/blog\/pronomes-pessoais\/#article\",\"isPartOf\":{\"@id\":\"https:\/\/www.estrategiaconcursos.com.br\/blog\/pronomes-pessoais\/\"},\"author\":{\"name\":\"Ana Luiza Tib\u00farcio Guimar\u00e3es\",\"@id\":\"https:\/\/www.estrategiaconcursos.com.br\/blog\/#\/schema\/person\/adbd974f815a3acb9e572fdf7315d7c2\"},\"headline\":\"Pronomes: dicas para ir do zero ao topo no tema coloca\u00e7\u00e3o pronominal!\",\"datePublished\":\"2020-09-06T12:52:00+00:00\",\"mainEntityOfPage\":{\"@id\":\"https:\/\/www.estrategiaconcursos.com.br\/blog\/pronomes-pessoais\/\"},\"wordCount\":1528,\"commentCount\":0,\"publisher\":{\"@id\":\"https:\/\/www.estrategiaconcursos.com.br\/blog\/#organization\"},\"image\":{\"@id\":\"https:\/\/www.estrategiaconcursos.com.br\/blog\/pronomes-pessoais\/#primaryimage\"},\"thumbnailUrl\":\"https:\/\/dhg1h5j42swfq.cloudfront.net\/2020\/08\/25222553\/livros-de-portugues-para-concursos-publicos.jpg\",\"articleSection\":[\"Concursos P\u00fablicos\"],\"inLanguage\":\"pt-BR\",\"potentialAction\":[{\"@type\":\"CommentAction\",\"name\":\"Comment\",\"target\":[\"https:\/\/www.estrategiaconcursos.com.br\/blog\/pronomes-pessoais\/#respond\"]}],\"copyrightYear\":\"2020\",\"copyrightHolder\":{\"@id\":\"https:\/\/www.estrategiaconcursos.com.br\/blog\/#organization\"}},{\"@type\":\"WebPage\",\"@id\":\"https:\/\/www.estrategiaconcursos.com.br\/blog\/pronomes-pessoais\/\",\"url\":\"https:\/\/www.estrategiaconcursos.com.br\/blog\/pronomes-pessoais\/\",\"name\":\"Pronomes: dicas para ir do zero ao topo no tema coloca\u00e7\u00e3o pronominal!\",\"isPartOf\":{\"@id\":\"https:\/\/www.estrategiaconcursos.com.br\/blog\/#website\"},\"primaryImageOfPage\":{\"@id\":\"https:\/\/www.estrategiaconcursos.com.br\/blog\/pronomes-pessoais\/#primaryimage\"},\"image\":{\"@id\":\"https:\/\/www.estrategiaconcursos.com.br\/blog\/pronomes-pessoais\/#primaryimage\"},\"thumbnailUrl\":\"https:\/\/dhg1h5j42swfq.cloudfront.net\/2020\/08\/25222553\/livros-de-portugues-para-concursos-publicos.jpg\",\"datePublished\":\"2020-09-06T12:52:00+00:00\",\"description\":\"A Professora Jana\u00edna Arruda d\u00e1 dicas para que o aluno v\u00e1 do zero ao topo em rela\u00e7\u00e3o aos conhecimentos sobre pronomes pessoais.\",\"breadcrumb\":{\"@id\":\"https:\/\/www.estrategiaconcursos.com.br\/blog\/pronomes-pessoais\/#breadcrumb\"},\"inLanguage\":\"pt-BR\",\"potentialAction\":[{\"@type\":\"ReadAction\",\"target\":[\"https:\/\/www.estrategiaconcursos.com.br\/blog\/pronomes-pessoais\/\"]}]},{\"@type\":\"ImageObject\",\"inLanguage\":\"pt-BR\",\"@id\":\"https:\/\/www.estrategiaconcursos.com.br\/blog\/pronomes-pessoais\/#primaryimage\",\"url\":\"https:\/\/dhg1h5j42swfq.cloudfront.net\/2020\/08\/25222553\/livros-de-portugues-para-concursos-publicos.jpg\",\"contentUrl\":\"https:\/\/dhg1h5j42swfq.cloudfront.net\/2020\/08\/25222553\/livros-de-portugues-para-concursos-publicos.jpg\",\"width\":640,\"height\":480,\"caption\":\"numeral\"},{\"@type\":\"BreadcrumbList\",\"@id\":\"https:\/\/www.estrategiaconcursos.com.br\/blog\/pronomes-pessoais\/#breadcrumb\",\"itemListElement\":[{\"@type\":\"ListItem\",\"position\":1,\"name\":\"In\u00edcio\",\"item\":\"https:\/\/www.estrategiaconcursos.com.br\/blog\/\"},{\"@type\":\"ListItem\",\"position\":2,\"name\":\"Pronomes: dicas para ir do zero ao topo no tema coloca\u00e7\u00e3o pronominal!\"}]},{\"@type\":\"WebSite\",\"@id\":\"https:\/\/www.estrategiaconcursos.com.br\/blog\/#website\",\"url\":\"https:\/\/www.estrategiaconcursos.com.br\/blog\/\",\"name\":\"Estrat\u00e9gia Concursos\",\"description\":\"O blog da Estrat\u00e9gia Concursos traz not\u00edcias sobre concursos e artigos de professores oferecendo cursos para concursos (pdf + videaulas) no site.\",\"publisher\":{\"@id\":\"https:\/\/www.estrategiaconcursos.com.br\/blog\/#organization\"},\"potentialAction\":[{\"@type\":\"SearchAction\",\"target\":{\"@type\":\"EntryPoint\",\"urlTemplate\":\"https:\/\/www.estrategiaconcursos.com.br\/blog\/?s={search_term_string}\"},\"query-input\":{\"@type\":\"PropertyValueSpecification\",\"valueRequired\":true,\"valueName\":\"search_term_string\"}}],\"inLanguage\":\"pt-BR\"},{\"@type\":\"Organization\",\"@id\":\"https:\/\/www.estrategiaconcursos.com.br\/blog\/#organization\",\"name\":\"Estrat\u00e9gia Concursos\",\"url\":\"https:\/\/www.estrategiaconcursos.com.br\/blog\/\",\"logo\":{\"@type\":\"ImageObject\",\"inLanguage\":\"pt-BR\",\"@id\":\"https:\/\/www.estrategiaconcursos.com.br\/blog\/#\/schema\/logo\/image\/\",\"url\":\"https:\/\/dhg1h5j42swfq.cloudfront.net\/2025\/06\/03203428\/logo_concursos-1.jpg\",\"contentUrl\":\"https:\/\/dhg1h5j42swfq.cloudfront.net\/2025\/06\/03203428\/logo_concursos-1.jpg\",\"width\":230,\"height\":60,\"caption\":\"Estrat\u00e9gia Concursos\"},\"image\":{\"@id\":\"https:\/\/www.estrategiaconcursos.com.br\/blog\/#\/schema\/logo\/image\/\"},\"sameAs\":[\"https:\/\/x.com\/EstratConcursos\"]},{\"@type\":\"Person\",\"@id\":\"https:\/\/www.estrategiaconcursos.com.br\/blog\/#\/schema\/person\/adbd974f815a3acb9e572fdf7315d7c2\",\"name\":\"Ana Luiza Tib\u00farcio Guimar\u00e3es\",\"image\":{\"@type\":\"ImageObject\",\"inLanguage\":\"pt-BR\",\"@id\":\"https:\/\/secure.gravatar.com\/avatar\/d0e9fa767d159d6bdb59324855854ef2672e0774dce8705b1c42c80a5b4de7b8?s=96&d=mm&r=g\",\"url\":\"https:\/\/secure.gravatar.com\/avatar\/d0e9fa767d159d6bdb59324855854ef2672e0774dce8705b1c42c80a5b4de7b8?s=96&d=mm&r=g\",\"contentUrl\":\"https:\/\/secure.gravatar.com\/avatar\/d0e9fa767d159d6bdb59324855854ef2672e0774dce8705b1c42c80a5b4de7b8?s=96&d=mm&r=g\",\"caption\":\"Ana Luiza Tib\u00farcio Guimar\u00e3es\"},\"description\":\"Graduada em Direito pela Pontif\u00edcia Universidade Cat\u00f3lica de Minas Gerais e graduada em Ci\u00eancias do Estado pela Universidade Federal de Minas Gerais. P\u00f3s Graduada em Direito P\u00fablico pela PUC Minas. Gradua\u00e7\u00e3o em Gest\u00e3o P\u00fablica e P\u00f3s Gradua\u00e7\u00e3o em Ci\u00eancia Pol\u00edtica em andamento. Analista de Processo Legislativo do Senado Federal, lotada na Secretaria Legislativa do Senado. Aprova\u00e7\u00f5es em concursos: Aprovada para o cargo de Analista Judici\u00e1ria do TRF 3 (2025) Aprovada para o cargo de Procuradora do Munic\u00edpio de S\u00e3o Paulo (2024) Aprovada para o cargo de Analista Legislativa do Senado Federal (2023) Aprovada em 1\u00ba lugar para o cargo de T\u00e9cnico Judici\u00e1rio do TRF 3 (2019) Aprovada para o cargo de Juiz Leigo do Tribunal de Justi\u00e7a de Minas Gerais (2019).\",\"url\":\"https:\/\/www.estrategiaconcursos.com.br\/blog\/author\/anatiburcio-ggmail-com\/\"}]}<\/script>\n<!-- \/ Yoast SEO Premium plugin. -->","yoast_head_json":{"title":"Pronomes: dicas para ir do zero ao topo no tema coloca\u00e7\u00e3o pronominal!","description":"A Professora Jana\u00edna Arruda d\u00e1 dicas para que o aluno v\u00e1 do zero ao topo em rela\u00e7\u00e3o aos conhecimentos sobre pronomes pessoais.","robots":{"index":"index","follow":"follow","max-snippet":"max-snippet:-1","max-image-preview":"max-image-preview:large","max-video-preview":"max-video-preview:-1"},"canonical":"https:\/\/www.estrategiaconcursos.com.br\/blog\/pronomes-pessoais\/","og_locale":"pt_BR","og_type":"article","og_title":"Pronomes: dicas para ir do zero ao topo no tema coloca\u00e7\u00e3o pronominal!","og_description":"A Professora Jana\u00edna Arruda d\u00e1 dicas para que o aluno v\u00e1 do zero ao topo em rela\u00e7\u00e3o aos conhecimentos sobre pronomes pessoais.","og_url":"https:\/\/www.estrategiaconcursos.com.br\/blog\/pronomes-pessoais\/","og_site_name":"Estrat\u00e9gia Concursos","article_published_time":"2020-09-06T12:52:00+00:00","og_image":[{"width":640,"height":480,"url":"https:\/\/dhg1h5j42swfq.cloudfront.net\/2020\/08\/25222553\/livros-de-portugues-para-concursos-publicos.jpg","type":"image\/jpeg"}],"author":"Ana Luiza Tib\u00farcio Guimar\u00e3es","twitter_card":"summary_large_image","twitter_creator":"@EstratConcursos","twitter_site":"@EstratConcursos","twitter_misc":{"Escrito por":"Ana Luiza Tib\u00farcio Guimar\u00e3es","Est. tempo de leitura":"8 minutos"},"schema":{"@context":"https:\/\/schema.org","@graph":[{"@type":"NewsArticle","@id":"https:\/\/www.estrategiaconcursos.com.br\/blog\/pronomes-pessoais\/#article","isPartOf":{"@id":"https:\/\/www.estrategiaconcursos.com.br\/blog\/pronomes-pessoais\/"},"author":{"name":"Ana Luiza Tib\u00farcio Guimar\u00e3es","@id":"https:\/\/www.estrategiaconcursos.com.br\/blog\/#\/schema\/person\/adbd974f815a3acb9e572fdf7315d7c2"},"headline":"Pronomes: dicas para ir do zero ao topo no tema coloca\u00e7\u00e3o pronominal!","datePublished":"2020-09-06T12:52:00+00:00","mainEntityOfPage":{"@id":"https:\/\/www.estrategiaconcursos.com.br\/blog\/pronomes-pessoais\/"},"wordCount":1528,"commentCount":0,"publisher":{"@id":"https:\/\/www.estrategiaconcursos.com.br\/blog\/#organization"},"image":{"@id":"https:\/\/www.estrategiaconcursos.com.br\/blog\/pronomes-pessoais\/#primaryimage"},"thumbnailUrl":"https:\/\/dhg1h5j42swfq.cloudfront.net\/2020\/08\/25222553\/livros-de-portugues-para-concursos-publicos.jpg","articleSection":["Concursos P\u00fablicos"],"inLanguage":"pt-BR","potentialAction":[{"@type":"CommentAction","name":"Comment","target":["https:\/\/www.estrategiaconcursos.com.br\/blog\/pronomes-pessoais\/#respond"]}],"copyrightYear":"2020","copyrightHolder":{"@id":"https:\/\/www.estrategiaconcursos.com.br\/blog\/#organization"}},{"@type":"WebPage","@id":"https:\/\/www.estrategiaconcursos.com.br\/blog\/pronomes-pessoais\/","url":"https:\/\/www.estrategiaconcursos.com.br\/blog\/pronomes-pessoais\/","name":"Pronomes: dicas para ir do zero ao topo no tema coloca\u00e7\u00e3o pronominal!","isPartOf":{"@id":"https:\/\/www.estrategiaconcursos.com.br\/blog\/#website"},"primaryImageOfPage":{"@id":"https:\/\/www.estrategiaconcursos.com.br\/blog\/pronomes-pessoais\/#primaryimage"},"image":{"@id":"https:\/\/www.estrategiaconcursos.com.br\/blog\/pronomes-pessoais\/#primaryimage"},"thumbnailUrl":"https:\/\/dhg1h5j42swfq.cloudfront.net\/2020\/08\/25222553\/livros-de-portugues-para-concursos-publicos.jpg","datePublished":"2020-09-06T12:52:00+00:00","description":"A Professora Jana\u00edna Arruda d\u00e1 dicas para que o aluno v\u00e1 do zero ao topo em rela\u00e7\u00e3o aos conhecimentos sobre pronomes pessoais.","breadcrumb":{"@id":"https:\/\/www.estrategiaconcursos.com.br\/blog\/pronomes-pessoais\/#breadcrumb"},"inLanguage":"pt-BR","potentialAction":[{"@type":"ReadAction","target":["https:\/\/www.estrategiaconcursos.com.br\/blog\/pronomes-pessoais\/"]}]},{"@type":"ImageObject","inLanguage":"pt-BR","@id":"https:\/\/www.estrategiaconcursos.com.br\/blog\/pronomes-pessoais\/#primaryimage","url":"https:\/\/dhg1h5j42swfq.cloudfront.net\/2020\/08\/25222553\/livros-de-portugues-para-concursos-publicos.jpg","contentUrl":"https:\/\/dhg1h5j42swfq.cloudfront.net\/2020\/08\/25222553\/livros-de-portugues-para-concursos-publicos.jpg","width":640,"height":480,"caption":"numeral"},{"@type":"BreadcrumbList","@id":"https:\/\/www.estrategiaconcursos.com.br\/blog\/pronomes-pessoais\/#breadcrumb","itemListElement":[{"@type":"ListItem","position":1,"name":"In\u00edcio","item":"https:\/\/www.estrategiaconcursos.com.br\/blog\/"},{"@type":"ListItem","position":2,"name":"Pronomes: dicas para ir do zero ao topo no tema coloca\u00e7\u00e3o pronominal!"}]},{"@type":"WebSite","@id":"https:\/\/www.estrategiaconcursos.com.br\/blog\/#website","url":"https:\/\/www.estrategiaconcursos.com.br\/blog\/","name":"Estrat\u00e9gia Concursos","description":"O blog da Estrat\u00e9gia Concursos traz not\u00edcias sobre concursos e artigos de professores oferecendo cursos para concursos (pdf + videaulas) no site.","publisher":{"@id":"https:\/\/www.estrategiaconcursos.com.br\/blog\/#organization"},"potentialAction":[{"@type":"SearchAction","target":{"@type":"EntryPoint","urlTemplate":"https:\/\/www.estrategiaconcursos.com.br\/blog\/?s={search_term_string}"},"query-input":{"@type":"PropertyValueSpecification","valueRequired":true,"valueName":"search_term_string"}}],"inLanguage":"pt-BR"},{"@type":"Organization","@id":"https:\/\/www.estrategiaconcursos.com.br\/blog\/#organization","name":"Estrat\u00e9gia Concursos","url":"https:\/\/www.estrategiaconcursos.com.br\/blog\/","logo":{"@type":"ImageObject","inLanguage":"pt-BR","@id":"https:\/\/www.estrategiaconcursos.com.br\/blog\/#\/schema\/logo\/image\/","url":"https:\/\/dhg1h5j42swfq.cloudfront.net\/2025\/06\/03203428\/logo_concursos-1.jpg","contentUrl":"https:\/\/dhg1h5j42swfq.cloudfront.net\/2025\/06\/03203428\/logo_concursos-1.jpg","width":230,"height":60,"caption":"Estrat\u00e9gia Concursos"},"image":{"@id":"https:\/\/www.estrategiaconcursos.com.br\/blog\/#\/schema\/logo\/image\/"},"sameAs":["https:\/\/x.com\/EstratConcursos"]},{"@type":"Person","@id":"https:\/\/www.estrategiaconcursos.com.br\/blog\/#\/schema\/person\/adbd974f815a3acb9e572fdf7315d7c2","name":"Ana Luiza Tib\u00farcio Guimar\u00e3es","image":{"@type":"ImageObject","inLanguage":"pt-BR","@id":"https:\/\/secure.gravatar.com\/avatar\/d0e9fa767d159d6bdb59324855854ef2672e0774dce8705b1c42c80a5b4de7b8?s=96&d=mm&r=g","url":"https:\/\/secure.gravatar.com\/avatar\/d0e9fa767d159d6bdb59324855854ef2672e0774dce8705b1c42c80a5b4de7b8?s=96&d=mm&r=g","contentUrl":"https:\/\/secure.gravatar.com\/avatar\/d0e9fa767d159d6bdb59324855854ef2672e0774dce8705b1c42c80a5b4de7b8?s=96&d=mm&r=g","caption":"Ana Luiza Tib\u00farcio Guimar\u00e3es"},"description":"Graduada em Direito pela Pontif\u00edcia Universidade Cat\u00f3lica de Minas Gerais e graduada em Ci\u00eancias do Estado pela Universidade Federal de Minas Gerais. P\u00f3s Graduada em Direito P\u00fablico pela PUC Minas. Gradua\u00e7\u00e3o em Gest\u00e3o P\u00fablica e P\u00f3s Gradua\u00e7\u00e3o em Ci\u00eancia Pol\u00edtica em andamento. Analista de Processo Legislativo do Senado Federal, lotada na Secretaria Legislativa do Senado. Aprova\u00e7\u00f5es em concursos: Aprovada para o cargo de Analista Judici\u00e1ria do TRF 3 (2025) Aprovada para o cargo de Procuradora do Munic\u00edpio de S\u00e3o Paulo (2024) Aprovada para o cargo de Analista Legislativa do Senado Federal (2023) Aprovada em 1\u00ba lugar para o cargo de T\u00e9cnico Judici\u00e1rio do TRF 3 (2019) Aprovada para o cargo de Juiz Leigo do Tribunal de Justi\u00e7a de Minas Gerais (2019).","url":"https:\/\/www.estrategiaconcursos.com.br\/blog\/author\/anatiburcio-ggmail-com\/"}]}},"_links":{"self":[{"href":"https:\/\/www.estrategiaconcursos.com.br\/blog\/wp-json\/wp\/v2\/posts\/563115","targetHints":{"allow":["GET"]}}],"collection":[{"href":"https:\/\/www.estrategiaconcursos.com.br\/blog\/wp-json\/wp\/v2\/posts"}],"about":[{"href":"https:\/\/www.estrategiaconcursos.com.br\/blog\/wp-json\/wp\/v2\/types\/post"}],"author":[{"embeddable":true,"href":"https:\/\/www.estrategiaconcursos.com.br\/blog\/wp-json\/wp\/v2\/users\/1666"}],"replies":[{"embeddable":true,"href":"https:\/\/www.estrategiaconcursos.com.br\/blog\/wp-json\/wp\/v2\/comments?post=563115"}],"version-history":[{"count":6,"href":"https:\/\/www.estrategiaconcursos.com.br\/blog\/wp-json\/wp\/v2\/posts\/563115\/revisions"}],"predecessor-version":[{"id":567455,"href":"https:\/\/www.estrategiaconcursos.com.br\/blog\/wp-json\/wp\/v2\/posts\/563115\/revisions\/567455"}],"wp:featuredmedia":[{"embeddable":true,"href":"https:\/\/www.estrategiaconcursos.com.br\/blog\/wp-json\/wp\/v2\/media\/561200"}],"wp:attachment":[{"href":"https:\/\/www.estrategiaconcursos.com.br\/blog\/wp-json\/wp\/v2\/media?parent=563115"}],"wp:term":[{"taxonomy":"category","embeddable":true,"href":"https:\/\/www.estrategiaconcursos.com.br\/blog\/wp-json\/wp\/v2\/categories?post=563115"},{"taxonomy":"post_tag","embeddable":true,"href":"https:\/\/www.estrategiaconcursos.com.br\/blog\/wp-json\/wp\/v2\/tags?post=563115"},{"taxonomy":"tax_estado","embeddable":true,"href":"https:\/\/www.estrategiaconcursos.com.br\/blog\/wp-json\/wp\/v2\/tax_estado?post=563115"}],"curies":[{"name":"wp","href":"https:\/\/api.w.org\/{rel}","templated":true}]}}