{"id":562848,"date":"2020-08-27T16:38:33","date_gmt":"2020-08-27T19:38:33","guid":{"rendered":"https:\/\/www.estrategiaconcursos.com.br\/blog\/?p=562848"},"modified":"2020-08-27T17:10:24","modified_gmt":"2020-08-27T20:10:24","slug":"senado-nega-ter-contratado-banca","status":"publish","type":"post","link":"https:\/\/www.estrategiaconcursos.com.br\/blog\/senado-nega-ter-contratado-banca\/","title":{"rendered":"Senado nega ter contratado o CEBRASPE. Veja as \u00faltimas informa\u00e7\u00f5es AQUI!"},"content":{"rendered":"\n<p>Na \u00faltima quarta-feira, 26 de agosto, foi confirmado ao Jornalismo do Estrat\u00e9gia Concursos, que o Cebraspe seria a banca do novo <strong>concurso Senado Federal. <\/strong><\/p>\n\n\n\n<p>A confirma\u00e7\u00e3o veio da pr\u00f3pria Assessoria de Comunica\u00e7\u00e3o da empresa ap\u00f3s uma portaria que revogou a cria\u00e7\u00e3o da comiss\u00e3o do certame ter sido publicada pelo Senado, adiando os tr\u00e2mites e andamento do certame.<\/p>\n\n\n\n<p>De acordo com o Cebraspe, a escolha foi consolidada no m\u00eas de junho e o resultado seria encaminhado para homologa\u00e7\u00e3o junto \u00e0s autoridades do \u00f3rg\u00e3o. A empresa afirma que est\u00e1 pronta para aplicar o certame quando for preciso. Confira abaixo:<\/p>\n\n\n\n<div class=\"wp-block-image\"><figure class=\"aligncenter\"><img decoding=\"async\" src=\"https:\/\/dhg1h5j42swfq.cloudfront.net\/2020\/08\/26175506\/image-240-1024x277.png\" alt=\"\"\/><\/figure><\/div>\n\n\n\n<p>Apesar de toda essa movimenta\u00e7\u00e3o na vida dos concurseiros, quisemos confirmar tamb\u00e9m com o \u00f3rg\u00e3o que, atrav\u00e9s de uma nota \u00e0 imprensa, negou que o Senado Federal tenha realizado <strong>qual\u200bquer contrata\u00e7\u00e3o de banca <\/strong>para realiza\u00e7\u00e3o do concurso p\u00fab\u200blico. Veja o e-mail a seguir:<\/p>\n\n\n\n<div class=\"wp-block-image\"><figure class=\"aligncenter size-large\"><img loading=\"lazy\" decoding=\"async\" width=\"396\" height=\"506\" src=\"https:\/\/dhg1h5j42swfq.cloudfront.net\/2020\/08\/27162037\/image-271.png\" alt=\"\" class=\"wp-image-562933\" srcset=\"https:\/\/dhg1h5j42swfq.cloudfront.net\/2020\/08\/27162037\/image-271.png 396w, https:\/\/dhg1h5j42swfq.cloudfront.net\/2020\/08\/27162037\/image-271-235x300.png 235w\" sizes=\"auto, (max-width: 396px) 100vw, 396px\" \/><\/figure><\/div>\n\n\n\n<p>O Jornalismo do Estrat\u00e9gia Concursos busca sempre apurar as informa\u00e7\u00f5es junto aos \u00f3rg\u00e3os respons\u00e1veis antes de noticiar qualquer informa\u00e7\u00e3o. <\/p>\n\n\n\n<p>Sendo o Cebraspe, empresa com vasta experi\u00eancia em organizar concursos p\u00fablicos,  e o Senado Federal um dos mais renomados \u00f3rg\u00e3os de nosso pa\u00eds, cabe ao jornalismo do Estrat\u00e9gia Concursos noticiar todas as informa\u00e7\u00f5es passadas pelas assessorias.<\/p>\n\n\n\n<h3 class=\"wp-block-heading\">Comiss\u00e3o revogada<\/h3>\n\n\n\n<p>As portarias de cria\u00e7\u00e3o e altera\u00e7\u00e3o da comiss\u00e3o organizadora<strong>&nbsp;foram revogadas<\/strong>, por Portaria publicada em 26 de agosto, no Di\u00e1rio Oficial da Uni\u00e3o.<\/p>\n\n\n\n<p>Segundo documento publicado, com assinatura do presidente do Senado, Davi Alcolumbre, foram considerados o per\u00edodo de pandemia em que o pa\u00eds se encontra, as incertezas or\u00e7ament\u00e1rias advindas da Covid-19 e a possibilidade de que seja necess\u00e1ria a aloca\u00e7\u00e3o priorit\u00e1ria de recursos para ado\u00e7\u00e3o de medidas de preven\u00e7\u00e3o e combate ao coronav\u00edrus.<\/p>\n\n\n\n<p>Apesar da revoga\u00e7\u00e3o, o Senado publicou uma nota oficial, onde reafirma a autoriza\u00e7\u00e3o do certame, que segue mantida, e informa ainda que&nbsp;<em>\u201d O Senado Federal vai continuar a analisar o atual cen\u00e1rio da pandemia e as disponibilidades or\u00e7ament\u00e1rias que possam restringir as nomea\u00e7\u00f5es, de modo a definir o melhor momento para dar continuidade ao processo seletivo.\u201d<\/em><\/p>\n\n\n\n<p>O concurso ofertar\u00e1&nbsp;<strong>40 vagas<\/strong>&nbsp;para cargos de n\u00edveis m\u00e9dio e superior, visando o preenchimento de vagas imediatas e cadastro de reserva, com oportunidades para T\u00e9cnico Legislativo (Policial Legislativo), Advogado e Analista Legislativo.<\/p>\n\n\n\n<h3 class=\"wp-block-heading\" id=\"requisitos\">Requisitos dos cargos<\/h3>\n\n\n\n<p><strong>Analista Legislativo<\/strong><br \/>Forma\u00e7\u00e3o de n\u00edvel superior, com diploma especializado na \u00e1rea de atua\u00e7\u00e3o desejada&nbsp;<em>(vale ressaltar que Administra\u00e7\u00e3o e Processo Legislativo exigiram diploma de n\u00edvel superior em qualquer \u00e1rea de forma\u00e7\u00e3o em 2011)<\/em><\/p>\n\n\n\n<p><strong>Consultor Legislativo<\/strong><br \/>Forma\u00e7\u00e3o de n\u00edvel superior, com diploma especializado na \u00e1rea de atua\u00e7\u00e3o desejada<\/p>\n\n\n\n<p><strong>T\u00e9cnico Legislativo<\/strong><br \/>Forma\u00e7\u00e3o de n\u00edvel m\u00e9dio ou curso t\u00e9cnico, dependendo da \u00e1rea especializada<\/p>\n\n\n\n<p><strong>Advogado<\/strong><br \/>Diploma, devidamente registrado, de conclus\u00e3o de curso de n\u00edvel superior de Direito. Inscri\u00e7\u00e3o, como Advogado, na Ordem dos Advogados do Brasil.<\/p>\n\n\n\n<p style=\"font-size:22px\" class=\"has-background has-text-align-center has-very-light-gray-background-color\"><strong>Saiba mais: <a href=\"https:\/\/www.estrategiaconcursos.com.br\/blog\/concurso-senado-federal\/\" target=\"_blank\" rel=\"noreferrer noopener\">Concurso Senado Federal<\/a><\/strong><\/p>\n\n\n\n<p class=\"has-background has-text-align-center has-luminous-vivid-amber-background-color\"><strong><a rel=\"noreferrer noopener\" href=\"https:\/\/www.estrategiaconcursos.com.br\/cursosPorConcurso\/senado-federal-6\/\" target=\"_blank\">Cursos para o Senado Federal<\/a><\/strong><\/p>\n\n\n\n<p class=\"has-background has-text-align-center has-luminous-vivid-amber-background-color\"><a href=\"https:\/\/www.estrategiaconcursos.com.br\/cursosPorConcurso\/promocao-pacote-para-senado-federal-advogado\/\"><strong>Curso Senado Advogado<\/strong><\/a><\/p>\n\n\n\n<p class=\"has-text-align-center\"><em><strong>Assinatura Anual Ilimitada*<\/strong><\/em><\/p>\n\n\n\n<p class=\"has-text-align-center\"><em>Prepare-se com o melhor material e com quem mais aprova em Concursos P\u00fablicos em todo o pa\u00eds. Assine agora a nossa Assinatura Anual e tenha acesso ilimitado* a todos os nossos cursos.<\/em><\/p>\n\n\n\n<p class=\"has-background has-text-align-center has-light-green-cyan-background-color\"><strong>ASSINE AGORA&nbsp;\u2013&nbsp;<\/strong><a rel=\"noreferrer noopener\" href=\"https:\/\/www.estrategiaconcursos.com.br\/assinaturas\" target=\"_blank\"><strong>Assinatura Ilimitada<\/strong><\/a><\/p>\n\n\n\n<p class=\"has-text-align-center\"><strong><em><strong>Sistema de Quest\u00f5es<\/strong><\/em><\/strong><\/p>\n\n\n\n<p class=\"has-text-align-center\">Estrat\u00e9gia Quest\u00f5es nasceu maior do que todos os concorrentes, com mais quest\u00f5es cadastradas e mais solu\u00e7\u00f5es por professores. Clique no link e aproveite os descontos e b\u00f4nus imperd\u00edveis!<\/p>\n\n\n\n<p class=\"has-background has-text-align-center has-light-green-cyan-background-color\"><strong>ASSINE AGORA \u2013&nbsp;<a rel=\"noreferrer noopener\" href=\"https:\/\/www.estrategiaconcursos.com.br\/cursosPorConcurso\/sistema-de-questoes\/#\/\" target=\"_blank\">Sistema de Quest\u00f5es<\/a><\/strong><\/p>\n\n\n\n<p class=\"has-text-align-center\"><strong><em>Fique por dentro de todos os concursos<\/em><\/strong><\/p>\n\n\n\n<p class=\"has-background has-text-align-center has-pale-cyan-blue-background-color\"><a rel=\"noreferrer noopener\" href=\"https:\/\/www.estrategiaconcursos.com.br\/blog\/concursos-abertos\/\" target=\"_blank\"><strong>CONCURSOS ABERTOS<\/strong><\/a><\/p>\n\n\n\n<p class=\"has-background has-text-align-center has-pale-cyan-blue-background-color\"><a rel=\"noreferrer noopener\" href=\"https:\/\/www.estrategiaconcursos.com.br\/blog\/concursos-2020\/\" target=\"_blank\"><strong>CONCURSOS&nbsp;2020<\/strong><\/a><\/p>\n\n\n\n<p class=\"has-background has-text-align-center has-pale-cyan-blue-background-color\"><strong><a rel=\"noreferrer noopener\" href=\"https:\/\/www.estrategiaconcursos.com.br\/blog\/concursos-2021\/\" target=\"_blank\">CONCURSOS&nbsp;2021<\/a><\/strong><\/p>\n","protected":false},"excerpt":{"rendered":"<p>Na \u00faltima quarta-feira, 26 de agosto, foi confirmado ao Jornalismo do Estrat\u00e9gia Concursos, que o Cebraspe seria a banca do novo concurso Senado Federal. A confirma\u00e7\u00e3o veio da pr\u00f3pria Assessoria de Comunica\u00e7\u00e3o da empresa ap\u00f3s uma portaria que revogou a cria\u00e7\u00e3o da comiss\u00e3o do certame ter sido publicada pelo Senado, adiando os tr\u00e2mites e andamento [&hellip;]<\/p>\n","protected":false},"author":657,"featured_media":127848,"comment_status":"open","ping_status":"closed","sticky":false,"template":"","format":"standard","meta":{"post_tipo":"article","footnotes":""},"categories":[1],"tags":[],"tax_estado":[],"class_list":["post-562848","post","type-post","status-publish","format-standard","has-post-thumbnail","hentry","category-cursos-e-concursos"],"acf":[],"yoast_head":"<!-- This site is optimized with the Yoast SEO Premium plugin v27.2 (Yoast SEO v27.2) - https:\/\/yoast.com\/product\/yoast-seo-premium-wordpress\/ -->\n<title>Senado nega ter contratado o CEBRASPE. Veja as \u00faltimas informa\u00e7\u00f5es AQUI!<\/title>\n<meta name=\"description\" content=\"Concurso Senado: \u00f3rg\u00e3o diz que n\u00e3o fez qual\u200bquer contrata\u00e7\u00e3o de banca para realiza\u00e7\u00e3o do concurso p\u00fab\u200blico. Confira todas informa\u00e7\u00f5es do caso!\" \/>\n<meta name=\"robots\" content=\"index, follow, max-snippet:-1, max-image-preview:large, max-video-preview:-1\" \/>\n<link rel=\"canonical\" href=\"https:\/\/www.estrategiaconcursos.com.br\/blog\/senado-nega-ter-contratado-banca\/\" \/>\n<meta property=\"og:locale\" content=\"pt_BR\" \/>\n<meta property=\"og:type\" content=\"article\" \/>\n<meta property=\"og:title\" content=\"Senado nega ter contratado o CEBRASPE. Veja as \u00faltimas informa\u00e7\u00f5es AQUI!\" \/>\n<meta property=\"og:description\" content=\"Concurso Senado: \u00f3rg\u00e3o diz que n\u00e3o fez qual\u200bquer contrata\u00e7\u00e3o de banca para realiza\u00e7\u00e3o do concurso p\u00fab\u200blico. Confira todas informa\u00e7\u00f5es do caso!\" \/>\n<meta property=\"og:url\" content=\"https:\/\/www.estrategiaconcursos.com.br\/blog\/senado-nega-ter-contratado-banca\/\" \/>\n<meta property=\"og:site_name\" content=\"Estrat\u00e9gia Concursos\" \/>\n<meta property=\"article:published_time\" content=\"2020-08-27T19:38:33+00:00\" \/>\n<meta property=\"article:modified_time\" content=\"2020-08-27T20:10:24+00:00\" \/>\n<meta property=\"og:image\" content=\"https:\/\/dhg1h5j42swfq.cloudfront.net\/2018\/06\/21141837\/concuro-senado-federal-e1587330922515.jpg\" \/>\n\t<meta property=\"og:image:width\" content=\"1200\" \/>\n\t<meta property=\"og:image:height\" content=\"540\" \/>\n\t<meta property=\"og:image:type\" content=\"image\/jpeg\" \/>\n<meta name=\"author\" content=\"Nat\u00e1lia Scarano\" \/>\n<meta name=\"twitter:card\" content=\"summary_large_image\" \/>\n<meta name=\"twitter:creator\" content=\"@EstratConcursos\" \/>\n<meta name=\"twitter:site\" content=\"@EstratConcursos\" \/>\n<meta name=\"twitter:label1\" content=\"Escrito por\" \/>\n\t<meta name=\"twitter:data1\" content=\"Nat\u00e1lia Scarano\" \/>\n\t<meta name=\"twitter:label2\" content=\"Est. tempo de leitura\" \/>\n\t<meta name=\"twitter:data2\" content=\"3 minutos\" \/>\n<script type=\"application\/ld+json\" class=\"yoast-schema-graph\">{\"@context\":\"https:\/\/schema.org\",\"@graph\":[{\"@type\":\"NewsArticle\",\"@id\":\"https:\/\/www.estrategiaconcursos.com.br\/blog\/senado-nega-ter-contratado-banca\/#article\",\"isPartOf\":{\"@id\":\"https:\/\/www.estrategiaconcursos.com.br\/blog\/senado-nega-ter-contratado-banca\/\"},\"author\":{\"name\":\"Nat\u00e1lia Scarano\",\"@id\":\"https:\/\/www.estrategiaconcursos.com.br\/blog\/#\/schema\/person\/751aedf909a9d10cb23ce6ac527ce0f2\"},\"headline\":\"Senado nega ter contratado o CEBRASPE. Veja as \u00faltimas informa\u00e7\u00f5es AQUI!\",\"datePublished\":\"2020-08-27T19:38:33+00:00\",\"dateModified\":\"2020-08-27T20:10:24+00:00\",\"mainEntityOfPage\":{\"@id\":\"https:\/\/www.estrategiaconcursos.com.br\/blog\/senado-nega-ter-contratado-banca\/\"},\"wordCount\":644,\"commentCount\":0,\"publisher\":{\"@id\":\"https:\/\/www.estrategiaconcursos.com.br\/blog\/#organization\"},\"image\":{\"@id\":\"https:\/\/www.estrategiaconcursos.com.br\/blog\/senado-nega-ter-contratado-banca\/#primaryimage\"},\"thumbnailUrl\":\"https:\/\/dhg1h5j42swfq.cloudfront.net\/2018\/06\/21141837\/concuro-senado-federal-e1587330922515.jpg\",\"articleSection\":[\"Concursos P\u00fablicos\"],\"inLanguage\":\"pt-BR\",\"potentialAction\":[{\"@type\":\"CommentAction\",\"name\":\"Comment\",\"target\":[\"https:\/\/www.estrategiaconcursos.com.br\/blog\/senado-nega-ter-contratado-banca\/#respond\"]}],\"copyrightYear\":\"2020\",\"copyrightHolder\":{\"@id\":\"https:\/\/www.estrategiaconcursos.com.br\/blog\/#organization\"}},{\"@type\":\"WebPage\",\"@id\":\"https:\/\/www.estrategiaconcursos.com.br\/blog\/senado-nega-ter-contratado-banca\/\",\"url\":\"https:\/\/www.estrategiaconcursos.com.br\/blog\/senado-nega-ter-contratado-banca\/\",\"name\":\"Senado nega ter contratado o CEBRASPE. Veja as \u00faltimas informa\u00e7\u00f5es AQUI!\",\"isPartOf\":{\"@id\":\"https:\/\/www.estrategiaconcursos.com.br\/blog\/#website\"},\"primaryImageOfPage\":{\"@id\":\"https:\/\/www.estrategiaconcursos.com.br\/blog\/senado-nega-ter-contratado-banca\/#primaryimage\"},\"image\":{\"@id\":\"https:\/\/www.estrategiaconcursos.com.br\/blog\/senado-nega-ter-contratado-banca\/#primaryimage\"},\"thumbnailUrl\":\"https:\/\/dhg1h5j42swfq.cloudfront.net\/2018\/06\/21141837\/concuro-senado-federal-e1587330922515.jpg\",\"datePublished\":\"2020-08-27T19:38:33+00:00\",\"dateModified\":\"2020-08-27T20:10:24+00:00\",\"description\":\"Concurso Senado: \u00f3rg\u00e3o diz que n\u00e3o fez qual\u200bquer contrata\u00e7\u00e3o de banca para realiza\u00e7\u00e3o do concurso p\u00fab\u200blico. Confira todas informa\u00e7\u00f5es do caso!\",\"breadcrumb\":{\"@id\":\"https:\/\/www.estrategiaconcursos.com.br\/blog\/senado-nega-ter-contratado-banca\/#breadcrumb\"},\"inLanguage\":\"pt-BR\",\"potentialAction\":[{\"@type\":\"ReadAction\",\"target\":[\"https:\/\/www.estrategiaconcursos.com.br\/blog\/senado-nega-ter-contratado-banca\/\"]}]},{\"@type\":\"ImageObject\",\"inLanguage\":\"pt-BR\",\"@id\":\"https:\/\/www.estrategiaconcursos.com.br\/blog\/senado-nega-ter-contratado-banca\/#primaryimage\",\"url\":\"https:\/\/dhg1h5j42swfq.cloudfront.net\/2018\/06\/21141837\/concuro-senado-federal-e1587330922515.jpg\",\"contentUrl\":\"https:\/\/dhg1h5j42swfq.cloudfront.net\/2018\/06\/21141837\/concuro-senado-federal-e1587330922515.jpg\",\"width\":1200,\"height\":540,\"caption\":\"Advogado do Senado Federal\"},{\"@type\":\"BreadcrumbList\",\"@id\":\"https:\/\/www.estrategiaconcursos.com.br\/blog\/senado-nega-ter-contratado-banca\/#breadcrumb\",\"itemListElement\":[{\"@type\":\"ListItem\",\"position\":1,\"name\":\"In\u00edcio\",\"item\":\"https:\/\/www.estrategiaconcursos.com.br\/blog\/\"},{\"@type\":\"ListItem\",\"position\":2,\"name\":\"Senado nega ter contratado o CEBRASPE. Veja as \u00faltimas informa\u00e7\u00f5es AQUI!\"}]},{\"@type\":\"WebSite\",\"@id\":\"https:\/\/www.estrategiaconcursos.com.br\/blog\/#website\",\"url\":\"https:\/\/www.estrategiaconcursos.com.br\/blog\/\",\"name\":\"Estrat\u00e9gia Concursos\",\"description\":\"O blog da Estrat\u00e9gia Concursos traz not\u00edcias sobre concursos e artigos de professores oferecendo cursos para concursos (pdf + videaulas) no site.\",\"publisher\":{\"@id\":\"https:\/\/www.estrategiaconcursos.com.br\/blog\/#organization\"},\"potentialAction\":[{\"@type\":\"SearchAction\",\"target\":{\"@type\":\"EntryPoint\",\"urlTemplate\":\"https:\/\/www.estrategiaconcursos.com.br\/blog\/?s={search_term_string}\"},\"query-input\":{\"@type\":\"PropertyValueSpecification\",\"valueRequired\":true,\"valueName\":\"search_term_string\"}}],\"inLanguage\":\"pt-BR\"},{\"@type\":\"Organization\",\"@id\":\"https:\/\/www.estrategiaconcursos.com.br\/blog\/#organization\",\"name\":\"Estrat\u00e9gia Concursos\",\"url\":\"https:\/\/www.estrategiaconcursos.com.br\/blog\/\",\"logo\":{\"@type\":\"ImageObject\",\"inLanguage\":\"pt-BR\",\"@id\":\"https:\/\/www.estrategiaconcursos.com.br\/blog\/#\/schema\/logo\/image\/\",\"url\":\"https:\/\/dhg1h5j42swfq.cloudfront.net\/2025\/06\/03203428\/logo_concursos-1.jpg\",\"contentUrl\":\"https:\/\/dhg1h5j42swfq.cloudfront.net\/2025\/06\/03203428\/logo_concursos-1.jpg\",\"width\":230,\"height\":60,\"caption\":\"Estrat\u00e9gia Concursos\"},\"image\":{\"@id\":\"https:\/\/www.estrategiaconcursos.com.br\/blog\/#\/schema\/logo\/image\/\"},\"sameAs\":[\"https:\/\/x.com\/EstratConcursos\"]},{\"@type\":\"Person\",\"@id\":\"https:\/\/www.estrategiaconcursos.com.br\/blog\/#\/schema\/person\/751aedf909a9d10cb23ce6ac527ce0f2\",\"name\":\"Nat\u00e1lia Scarano\",\"image\":{\"@type\":\"ImageObject\",\"inLanguage\":\"pt-BR\",\"@id\":\"https:\/\/secure.gravatar.com\/avatar\/8a889b8db3dbd227a1a78627357ec8fe64f5e99189d1889a270127828ab372ac?s=96&d=mm&r=g\",\"url\":\"https:\/\/secure.gravatar.com\/avatar\/8a889b8db3dbd227a1a78627357ec8fe64f5e99189d1889a270127828ab372ac?s=96&d=mm&r=g\",\"contentUrl\":\"https:\/\/secure.gravatar.com\/avatar\/8a889b8db3dbd227a1a78627357ec8fe64f5e99189d1889a270127828ab372ac?s=96&d=mm&r=g\",\"caption\":\"Nat\u00e1lia Scarano\"},\"description\":\"Jornalista, formada e p\u00f3s graduada pelo IESB, faz parte do time de jornalistas do Estrat\u00e9gia desde 2017. Possui familiaridade com as \u00e1reas de Tribunais, Defensorias, Procuradorias, Minist\u00e9rios P\u00fablicos, Conselhos, Educa\u00e7\u00e3o, \u00c1rea de Seguran\u00e7a, concursos de Carreiras Jur\u00eddicas e OAB. Experi\u00eancia em marketing digital, assessoria de comunica\u00e7\u00e3o e institucional na \u00e1rea privada e p\u00fablica, com atua\u00e7\u00e3o em \u00f3rg\u00e3os como CGU, Cofen e CNM.\",\"url\":\"https:\/\/www.estrategiaconcursos.com.br\/blog\/author\/natalia-scaranoestrategiaconcursos-com-br\/\"}]}<\/script>\n<!-- \/ Yoast SEO Premium plugin. -->","yoast_head_json":{"title":"Senado nega ter contratado o CEBRASPE. Veja as \u00faltimas informa\u00e7\u00f5es AQUI!","description":"Concurso Senado: \u00f3rg\u00e3o diz que n\u00e3o fez qual\u200bquer contrata\u00e7\u00e3o de banca para realiza\u00e7\u00e3o do concurso p\u00fab\u200blico. Confira todas informa\u00e7\u00f5es do caso!","robots":{"index":"index","follow":"follow","max-snippet":"max-snippet:-1","max-image-preview":"max-image-preview:large","max-video-preview":"max-video-preview:-1"},"canonical":"https:\/\/www.estrategiaconcursos.com.br\/blog\/senado-nega-ter-contratado-banca\/","og_locale":"pt_BR","og_type":"article","og_title":"Senado nega ter contratado o CEBRASPE. Veja as \u00faltimas informa\u00e7\u00f5es AQUI!","og_description":"Concurso Senado: \u00f3rg\u00e3o diz que n\u00e3o fez qual\u200bquer contrata\u00e7\u00e3o de banca para realiza\u00e7\u00e3o do concurso p\u00fab\u200blico. Confira todas informa\u00e7\u00f5es do caso!","og_url":"https:\/\/www.estrategiaconcursos.com.br\/blog\/senado-nega-ter-contratado-banca\/","og_site_name":"Estrat\u00e9gia Concursos","article_published_time":"2020-08-27T19:38:33+00:00","article_modified_time":"2020-08-27T20:10:24+00:00","og_image":[{"width":1200,"height":540,"url":"https:\/\/dhg1h5j42swfq.cloudfront.net\/2018\/06\/21141837\/concuro-senado-federal-e1587330922515.jpg","type":"image\/jpeg"}],"author":"Nat\u00e1lia Scarano","twitter_card":"summary_large_image","twitter_creator":"@EstratConcursos","twitter_site":"@EstratConcursos","twitter_misc":{"Escrito por":"Nat\u00e1lia Scarano","Est. tempo de leitura":"3 minutos"},"schema":{"@context":"https:\/\/schema.org","@graph":[{"@type":"NewsArticle","@id":"https:\/\/www.estrategiaconcursos.com.br\/blog\/senado-nega-ter-contratado-banca\/#article","isPartOf":{"@id":"https:\/\/www.estrategiaconcursos.com.br\/blog\/senado-nega-ter-contratado-banca\/"},"author":{"name":"Nat\u00e1lia Scarano","@id":"https:\/\/www.estrategiaconcursos.com.br\/blog\/#\/schema\/person\/751aedf909a9d10cb23ce6ac527ce0f2"},"headline":"Senado nega ter contratado o CEBRASPE. Veja as \u00faltimas informa\u00e7\u00f5es AQUI!","datePublished":"2020-08-27T19:38:33+00:00","dateModified":"2020-08-27T20:10:24+00:00","mainEntityOfPage":{"@id":"https:\/\/www.estrategiaconcursos.com.br\/blog\/senado-nega-ter-contratado-banca\/"},"wordCount":644,"commentCount":0,"publisher":{"@id":"https:\/\/www.estrategiaconcursos.com.br\/blog\/#organization"},"image":{"@id":"https:\/\/www.estrategiaconcursos.com.br\/blog\/senado-nega-ter-contratado-banca\/#primaryimage"},"thumbnailUrl":"https:\/\/dhg1h5j42swfq.cloudfront.net\/2018\/06\/21141837\/concuro-senado-federal-e1587330922515.jpg","articleSection":["Concursos P\u00fablicos"],"inLanguage":"pt-BR","potentialAction":[{"@type":"CommentAction","name":"Comment","target":["https:\/\/www.estrategiaconcursos.com.br\/blog\/senado-nega-ter-contratado-banca\/#respond"]}],"copyrightYear":"2020","copyrightHolder":{"@id":"https:\/\/www.estrategiaconcursos.com.br\/blog\/#organization"}},{"@type":"WebPage","@id":"https:\/\/www.estrategiaconcursos.com.br\/blog\/senado-nega-ter-contratado-banca\/","url":"https:\/\/www.estrategiaconcursos.com.br\/blog\/senado-nega-ter-contratado-banca\/","name":"Senado nega ter contratado o CEBRASPE. Veja as \u00faltimas informa\u00e7\u00f5es AQUI!","isPartOf":{"@id":"https:\/\/www.estrategiaconcursos.com.br\/blog\/#website"},"primaryImageOfPage":{"@id":"https:\/\/www.estrategiaconcursos.com.br\/blog\/senado-nega-ter-contratado-banca\/#primaryimage"},"image":{"@id":"https:\/\/www.estrategiaconcursos.com.br\/blog\/senado-nega-ter-contratado-banca\/#primaryimage"},"thumbnailUrl":"https:\/\/dhg1h5j42swfq.cloudfront.net\/2018\/06\/21141837\/concuro-senado-federal-e1587330922515.jpg","datePublished":"2020-08-27T19:38:33+00:00","dateModified":"2020-08-27T20:10:24+00:00","description":"Concurso Senado: \u00f3rg\u00e3o diz que n\u00e3o fez qual\u200bquer contrata\u00e7\u00e3o de banca para realiza\u00e7\u00e3o do concurso p\u00fab\u200blico. Confira todas informa\u00e7\u00f5es do caso!","breadcrumb":{"@id":"https:\/\/www.estrategiaconcursos.com.br\/blog\/senado-nega-ter-contratado-banca\/#breadcrumb"},"inLanguage":"pt-BR","potentialAction":[{"@type":"ReadAction","target":["https:\/\/www.estrategiaconcursos.com.br\/blog\/senado-nega-ter-contratado-banca\/"]}]},{"@type":"ImageObject","inLanguage":"pt-BR","@id":"https:\/\/www.estrategiaconcursos.com.br\/blog\/senado-nega-ter-contratado-banca\/#primaryimage","url":"https:\/\/dhg1h5j42swfq.cloudfront.net\/2018\/06\/21141837\/concuro-senado-federal-e1587330922515.jpg","contentUrl":"https:\/\/dhg1h5j42swfq.cloudfront.net\/2018\/06\/21141837\/concuro-senado-federal-e1587330922515.jpg","width":1200,"height":540,"caption":"Advogado do Senado Federal"},{"@type":"BreadcrumbList","@id":"https:\/\/www.estrategiaconcursos.com.br\/blog\/senado-nega-ter-contratado-banca\/#breadcrumb","itemListElement":[{"@type":"ListItem","position":1,"name":"In\u00edcio","item":"https:\/\/www.estrategiaconcursos.com.br\/blog\/"},{"@type":"ListItem","position":2,"name":"Senado nega ter contratado o CEBRASPE. Veja as \u00faltimas informa\u00e7\u00f5es AQUI!"}]},{"@type":"WebSite","@id":"https:\/\/www.estrategiaconcursos.com.br\/blog\/#website","url":"https:\/\/www.estrategiaconcursos.com.br\/blog\/","name":"Estrat\u00e9gia Concursos","description":"O blog da Estrat\u00e9gia Concursos traz not\u00edcias sobre concursos e artigos de professores oferecendo cursos para concursos (pdf + videaulas) no site.","publisher":{"@id":"https:\/\/www.estrategiaconcursos.com.br\/blog\/#organization"},"potentialAction":[{"@type":"SearchAction","target":{"@type":"EntryPoint","urlTemplate":"https:\/\/www.estrategiaconcursos.com.br\/blog\/?s={search_term_string}"},"query-input":{"@type":"PropertyValueSpecification","valueRequired":true,"valueName":"search_term_string"}}],"inLanguage":"pt-BR"},{"@type":"Organization","@id":"https:\/\/www.estrategiaconcursos.com.br\/blog\/#organization","name":"Estrat\u00e9gia Concursos","url":"https:\/\/www.estrategiaconcursos.com.br\/blog\/","logo":{"@type":"ImageObject","inLanguage":"pt-BR","@id":"https:\/\/www.estrategiaconcursos.com.br\/blog\/#\/schema\/logo\/image\/","url":"https:\/\/dhg1h5j42swfq.cloudfront.net\/2025\/06\/03203428\/logo_concursos-1.jpg","contentUrl":"https:\/\/dhg1h5j42swfq.cloudfront.net\/2025\/06\/03203428\/logo_concursos-1.jpg","width":230,"height":60,"caption":"Estrat\u00e9gia Concursos"},"image":{"@id":"https:\/\/www.estrategiaconcursos.com.br\/blog\/#\/schema\/logo\/image\/"},"sameAs":["https:\/\/x.com\/EstratConcursos"]},{"@type":"Person","@id":"https:\/\/www.estrategiaconcursos.com.br\/blog\/#\/schema\/person\/751aedf909a9d10cb23ce6ac527ce0f2","name":"Nat\u00e1lia Scarano","image":{"@type":"ImageObject","inLanguage":"pt-BR","@id":"https:\/\/secure.gravatar.com\/avatar\/8a889b8db3dbd227a1a78627357ec8fe64f5e99189d1889a270127828ab372ac?s=96&d=mm&r=g","url":"https:\/\/secure.gravatar.com\/avatar\/8a889b8db3dbd227a1a78627357ec8fe64f5e99189d1889a270127828ab372ac?s=96&d=mm&r=g","contentUrl":"https:\/\/secure.gravatar.com\/avatar\/8a889b8db3dbd227a1a78627357ec8fe64f5e99189d1889a270127828ab372ac?s=96&d=mm&r=g","caption":"Nat\u00e1lia Scarano"},"description":"Jornalista, formada e p\u00f3s graduada pelo IESB, faz parte do time de jornalistas do Estrat\u00e9gia desde 2017. Possui familiaridade com as \u00e1reas de Tribunais, Defensorias, Procuradorias, Minist\u00e9rios P\u00fablicos, Conselhos, Educa\u00e7\u00e3o, \u00c1rea de Seguran\u00e7a, concursos de Carreiras Jur\u00eddicas e OAB. Experi\u00eancia em marketing digital, assessoria de comunica\u00e7\u00e3o e institucional na \u00e1rea privada e p\u00fablica, com atua\u00e7\u00e3o em \u00f3rg\u00e3os como CGU, Cofen e CNM.","url":"https:\/\/www.estrategiaconcursos.com.br\/blog\/author\/natalia-scaranoestrategiaconcursos-com-br\/"}]}},"_links":{"self":[{"href":"https:\/\/www.estrategiaconcursos.com.br\/blog\/wp-json\/wp\/v2\/posts\/562848","targetHints":{"allow":["GET"]}}],"collection":[{"href":"https:\/\/www.estrategiaconcursos.com.br\/blog\/wp-json\/wp\/v2\/posts"}],"about":[{"href":"https:\/\/www.estrategiaconcursos.com.br\/blog\/wp-json\/wp\/v2\/types\/post"}],"author":[{"embeddable":true,"href":"https:\/\/www.estrategiaconcursos.com.br\/blog\/wp-json\/wp\/v2\/users\/657"}],"replies":[{"embeddable":true,"href":"https:\/\/www.estrategiaconcursos.com.br\/blog\/wp-json\/wp\/v2\/comments?post=562848"}],"version-history":[{"count":8,"href":"https:\/\/www.estrategiaconcursos.com.br\/blog\/wp-json\/wp\/v2\/posts\/562848\/revisions"}],"predecessor-version":[{"id":562987,"href":"https:\/\/www.estrategiaconcursos.com.br\/blog\/wp-json\/wp\/v2\/posts\/562848\/revisions\/562987"}],"wp:featuredmedia":[{"embeddable":true,"href":"https:\/\/www.estrategiaconcursos.com.br\/blog\/wp-json\/wp\/v2\/media\/127848"}],"wp:attachment":[{"href":"https:\/\/www.estrategiaconcursos.com.br\/blog\/wp-json\/wp\/v2\/media?parent=562848"}],"wp:term":[{"taxonomy":"category","embeddable":true,"href":"https:\/\/www.estrategiaconcursos.com.br\/blog\/wp-json\/wp\/v2\/categories?post=562848"},{"taxonomy":"post_tag","embeddable":true,"href":"https:\/\/www.estrategiaconcursos.com.br\/blog\/wp-json\/wp\/v2\/tags?post=562848"},{"taxonomy":"tax_estado","embeddable":true,"href":"https:\/\/www.estrategiaconcursos.com.br\/blog\/wp-json\/wp\/v2\/tax_estado?post=562848"}],"curies":[{"name":"wp","href":"https:\/\/api.w.org\/{rel}","templated":true}]}}