{"id":56276,"date":"2016-12-07T09:00:39","date_gmt":"2016-12-07T12:00:39","guid":{"rendered":"https:\/\/www.estrategiaconcursos.com.br\/blog\/?p=56276"},"modified":"2024-01-04T18:35:55","modified_gmt":"2024-01-04T21:35:55","slug":"edital-ministerio-da-saude","status":"publish","type":"post","link":"https:\/\/www.estrategiaconcursos.com.br\/blog\/edital-ministerio-da-saude\/","title":{"rendered":"Edital Minist\u00e9rio da Sa\u00fade &#8211; s\u00e3o 102 vagas e at\u00e9 R$ 6.202,88 iniciais"},"content":{"rendered":"<p style=\"text-align: justify;\"><em><strong>Edital Minist\u00e9rio da Sa\u00fade &#8211; s\u00e3o 102 vagas e at\u00e9 R$ 6.202,88 iniciais<\/strong><\/em><\/p>\n<p style=\"text-align: justify;\">Fala, pessoal!!!<\/p>\n<p style=\"text-align: justify;\"><img loading=\"lazy\" decoding=\"async\" class=\"alignleft wp-image-50120 size-medium\" src=\"https:\/\/dhg1h5j42swfq.cloudfront.net\/2016\/09\/21055208\/concurso-ministerio-da-saude.jpg\" alt=\"edital ministerio da saude\" width=\"300\" height=\"291\" srcset=\"https:\/\/dhg1h5j42swfq.cloudfront.net\/2016\/09\/21055208\/concurso-ministerio-da-saude.jpg 1000w, https:\/\/dhg1h5j42swfq.cloudfront.net\/2016\/09\/21055208\/concurso-ministerio-da-saude.jpg 300w, https:\/\/dhg1h5j42swfq.cloudfront.net\/2016\/09\/21055208\/concurso-ministerio-da-saude.jpg 768w, https:\/\/dhg1h5j42swfq.cloudfront.net\/2016\/09\/21055208\/concurso-ministerio-da-saude.jpg 309w\" sizes=\"auto, (max-width: 300px) 100vw, 300px\" \/>Foi publicado o edital Minist\u00e9rio da Sa\u00fade com um total de 102 vagas, todas para n\u00edvel superior de ensino. Neste artigo, voc\u00ea confere a an\u00e1lise completa do certame. E no dia 28\/11\/16, \u00e0s 20h15min, eu e o coach Diogo Moreira estaremos ao vivo, para conversar com voc\u00ea sobre o edital e t\u00e9cnicas de estudos no p\u00f3s edital. <a href=\"https:\/\/www.estrategiaconcursos.com.br\/aulao-ministerio-saude\/\">Inscreva-se aqui, gratuitamente.<\/a><\/p>\n<h2 style=\"text-align: justify;\"><strong>Quais s\u00e3o os cargos do concurso Minist\u00e9rio da Sa\u00fade?<\/strong><\/h2>\n<p style=\"text-align: justify;\">Termos vagas para Administrador, Analista T\u00e9cnico de Pol\u00edticas Sociais (ATPS) e Contador. Cada um dos cargos oferece 25 vagas para ampla concorr\u00eancia, 2 para pessoas com defici\u00eancia e 7 para negros. Confira, abaixo, o quadro completo:<\/p>\n<p style=\"text-align: justify;\"><img loading=\"lazy\" decoding=\"async\" class=\"aligncenter wp-image-56207 size-full\" src=\"https:\/\/dhg1h5j42swfq.cloudfront.net\/2016\/11\/28055852\/concurso-ministerio-da-saude-vagas.png\" alt=\"edital ministerio da saude \" width=\"672\" height=\"172\" srcset=\"https:\/\/dhg1h5j42swfq.cloudfront.net\/2016\/11\/28055852\/concurso-ministerio-da-saude-vagas.png 672w, https:\/\/dhg1h5j42swfq.cloudfront.net\/2016\/11\/28055852\/concurso-ministerio-da-saude-vagas.png 300w, https:\/\/dhg1h5j42swfq.cloudfront.net\/2016\/11\/28055852\/concurso-ministerio-da-saude-vagas.png 500w\" sizes=\"auto, (max-width: 672px) 100vw, 672px\" \/><\/p>\n<h2 style=\"text-align: justify;\"><strong>Qual a remunera\u00e7\u00e3o dos cargos prevista no edital Minist\u00e9rio da Sa\u00fade?<\/strong><\/h2>\n<p style=\"text-align: justify;\">Para os cargos de Administrador e Contador o valor \u00e9 de R$ 4.784,27. J\u00e1 para ATPS ser\u00e1 de R$ 5.744,88, todos acrescido de R$ 458 de aux\u00edlio alimenta\u00e7\u00e3o. O valor total \u00e9 de <strong>R$ 5.242,27<\/strong> e <strong>R$ 6.202,88, <\/strong>respectivamente.<\/p>\n<p style=\"text-align: justify;\">A carga hor\u00e1ria de todos os cargos ser\u00e1 de 40 horas semanais.<\/p>\n<p style=\"text-align: justify;\">A responsabilidade pelo concurso p\u00fablico \u00e9 do IDECAN \u2013 Instituto de Desenvolvimento Educacional, Cultural e Assistencial Nacional.<\/p>\n<h2 style=\"text-align: justify;\"><strong>Onde vou trabalhar depois de aprovado?<\/strong><\/h2>\n<p style=\"text-align: justify;\">As vagas ser\u00e3o distribu\u00eddas entre os 34 Distritos Sanit\u00e1rios Especiais Ind\u00edgenas, DSEI, em seus respectivos munic\u00edpios de sede. Voc\u00ea j\u00e1 dever\u00e1 optar pelo local para onde desejar disputar a vaga, no ato de inscri\u00e7\u00e3o.<\/p>\n<h2 style=\"text-align: justify;\"><strong>Onde e quando ser\u00e3o as provas?<\/strong><\/h2>\n<p style=\"text-align: justify;\">As provas ser\u00e3o nas capitais da federa\u00e7\u00e3o, podendo ser escolhido local diverso daquele para o qual deseja concorrer \u00e0 vaga. A data de aplica\u00e7\u00e3o ser\u00e1 19 de fevereiro de 2017.<\/p>\n<p style=\"text-align: justify;\">No per\u00edodo da manh\u00e3 ser\u00e1 a prova de Administrador e Contador, ao passo que no da tarde ser\u00e1 a prova de ATPS.<\/p>\n<p style=\"text-align: justify;\">As inscri\u00e7\u00f5es v\u00e3o de 5 de dezembro a 5 de janeiro de 2017 e custar\u00e1 R$ 67 para todos os cargos.<\/p>\n<h2 style=\"text-align: justify;\"><strong>Provas Minist\u00e9rio da sa\u00fade<\/strong><\/h2>\n<p style=\"text-align: justify;\">As provas ser\u00e3o objetivas, de m\u00faltipla escolha, tendo valor m\u00e1ximo de 50 pontos, e discursivas. Veja o quadro de quest\u00f5es objetivas:<\/p>\n<p style=\"text-align: justify;\">J\u00e1 as <strong>provas discursivas<\/strong> consistem em um estudo de caso sobre tema constante do conte\u00fado program\u00e1tico de <strong>conhecimentos espec\u00edficos<\/strong> para cada cargo. O valor da prova ser\u00e1 40 pontos.<\/p>\n<p style=\"text-align: justify;\">Em cada uma das provas acima o candidato precisa ter, no m\u00ednio, 50% de pontua\u00e7\u00e3o.<\/p>\n<p style=\"text-align: justify;\">Al\u00e9m disso, ainda ter\u00e1 avalia\u00e7\u00e3o de t\u00edtulos com o valor de 10 pontos.<\/p>\n<p style=\"text-align: justify;\"><span style=\"color: #008000;\"><em>O Estrat\u00e9gia Concursos j\u00e1 lan\u00e7ou cursos focados no edital Minist\u00e9rio da Sa\u00fade. Nossos cursos cont\u00eam o conte\u00fado completo que ser\u00e1 cobrado na sua prova. S\u00e3o PDF\u00b4s e videoaulas, al\u00e9m de um f\u00f3rum de d\u00favidas exclusivo na \u00e1rea do aluno para voc\u00ea esclarecer pontos com seus professores. Confiamos tanto na qualidade da nossa equipe e dos nossos materiais que n\u00f3s temos uma pol\u00edtica de satisfa\u00e7\u00e3o garantida ou seu dinheiro de volta, em at\u00e9 30 dias e sem burocracia.<\/em> <em>Voc\u00ea n\u00e3o tem nada a perder, conhe\u00e7a nossos cursos!<\/em><\/span><\/p>\n<p><em><strong><a href=\"https:\/\/www.estrategiaconcursos.com.br\/cursosPorConcurso\/ministerio-da-saude\/\" target=\"_blank\" rel=\"noopener\">Cursos p\/ Minist\u00e9rio da Sa\u00fade<\/a><\/strong><\/em><\/p>\n<p style=\"text-align: justify;\">Confira, a seguir, o conte\u00fado program\u00e1tico completo do edital Minist\u00e9rio da Sa\u00fade:<\/p>\n<p style=\"text-align: justify;\"><strong>L\u00cdNGUA PORTUGUESA<\/strong><\/p>\n<p style=\"text-align: justify;\">Compreens\u00e3o e interpreta\u00e7\u00e3o de textos; denota\u00e7\u00e3o e conota\u00e7\u00e3o; figuras; coes\u00e3o e coer\u00eancia; tipologia textual; significa\u00e7\u00e3o das palavras; emprego das classes de palavras; sintaxe da ora\u00e7\u00e3o e do per\u00edodo; pontua\u00e7\u00e3o; concord\u00e2ncia verbal e nominal; reg\u00eancia verbal e nominal; estudo da crase; sem\u00e2ntica e estil\u00edstica.<\/p>\n<p style=\"text-align: justify;\"><strong>RACIOC\u00cdNIO L\u00d3GICO<\/strong><\/p>\n<p style=\"text-align: justify;\">Princ\u00edpio da Regress\u00e3o ou Revers\u00e3o. L\u00f3gica Dedutiva, Argumentativa e Quantitativa. L\u00f3gica Matem\u00e1tica Qualitativa. Sequ\u00eancias L\u00f3gicas envolvendo N\u00fameros, Letras e Figuras. Regra de tr\u00eas simples e compostas. Raz\u00f5es Especiais. An\u00e1lise Combinat\u00f3ria e Probabilidade. Progress\u00f5es Aritm\u00e9tica e Geom\u00e9trica. Conjuntos: as rela\u00e7\u00f5es de pertin\u00eancia, inclus\u00e3o e igualdade; opera\u00e7\u00f5es entre conjuntos, uni\u00e3o, interse\u00e7\u00e3o e diferen\u00e7a. Geometria plana e espacial. Trigonometria. Conjuntos num\u00e9ricos. Equa\u00e7\u00f5es de 1\u00ba e 2\u00ba graus. Inequa\u00e7\u00f5es de 1\u00ba e 2\u00ba graus. Fun\u00e7\u00f5es de 1\u00ba e 2\u00b0 graus. Geometria anal\u00edtica. Matrizes determinantes e sistemas lineares. Polin\u00f4mios.<\/p>\n<p style=\"text-align: justify;\"><strong>CONHECIMENTOS GERAIS<\/strong><\/p>\n<p style=\"text-align: justify;\">NO\u00c7\u00d5ES DE INFORM\u00c1TICA: Conceito de internet e intranet e principais navegadores. Principais aplicativos comerciais para edi\u00e7\u00e3o de textos e planilhas, para correio eletr\u00f4nico, para apresenta\u00e7\u00f5es de slides e para gera\u00e7\u00e3o de material escrito, visual e sonoro, entre outros. Rotinas de prote\u00e7\u00e3o e seguran\u00e7a. Conceitos de organiza\u00e7\u00e3o de arquivos e m\u00e9todos de acesso. SA\u00daDE P\u00daBLICA: Leis Org\u00e2nicas da Sa\u00fade \u2013 Lei no 8.080\/1990, Lei no 8.142\/1990 e Decreto Presidencial n\u00ba 7.508, de 28 de junho de 2011. Resolu\u00e7\u00e3o n\u00ba 453\/2012 do Conselho Nacional da Sa\u00fade. Constitui\u00e7\u00e3o Federal, artigos de 196 a 200. NO\u00c7\u00d5ES DE DIREITO ADMINISTRATIVO: Lei no 8.666\/1990 e altera\u00e7\u00f5es, Lei no 8.112\/1991 e altera\u00e7\u00f5es; Lei no 8.429\/1992: das disposi\u00e7\u00f5es gerais, dos atos de improbidade administrativa. \u00c9TICA: C\u00f3digo de \u00c9tica Profissional do Servi\u00e7o P\u00fablico \u2013 Decreto n\u00ba 1.171\/ 1994<\/p>\n<p style=\"text-align: justify;\"><strong>CONHECIMENTOS ESPEC\u00cdFICOS<\/strong><\/p>\n<p style=\"text-align: justify;\"><strong>ADMINISTRADOR<\/strong><\/p>\n<p style=\"text-align: justify;\">ADMINISTRA\u00c7\u00c3O FINANCEIRA: Raz\u00e3o e propor\u00e7\u00e3o. Porcentagem. Juros simples e compostos. Descontos. Fundamentos de Matem\u00e1tica Financeira. Remunera\u00e7\u00e3o de Capital e Taxa de Juros. Juros Simples. Juros Compostos. S\u00e9ries Uniformes de Pagamentos. S\u00e9ries de Parcelas Iguais: \u00a0Antecipadas e Postecipadas. Sistemas de Amortiza\u00e7\u00e3o: Sistema Franc\u00eas, Tabela Price. SAC &#8211; Sistema de Amortiza\u00e7\u00e3o Constante. Fluxos de Caixa. Valor Presente L\u00edquido. Valor Futuro L\u00edquido. Taxa Interna de Retorno. ADMINISTRA\u00c7\u00c3O: No\u00e7\u00f5es de Teoria Geral da Administra\u00e7\u00e3o. Planejamento, organiza\u00e7\u00e3o, dire\u00e7\u00e3o e controle. Princ\u00edpios e responsabilidade social. Administra\u00e7\u00e3o da qualidade (como definir, custos da qualidade e da n\u00e3o qualidade). Acordos de n\u00edvel de servi\u00e7o. Log\u00edstica e gerenciamento de cadeias de suprimento. Conceitos gerais de compras. No\u00e7\u00f5es de com\u00e9rcio eletr\u00f4nico. Modalidades de transporte. No\u00e7\u00f5es de gest\u00e3o de estoques. GEST\u00c3O: Gest\u00e3o Participativa. Gest\u00e3o Estrat\u00e9gica. Cultura e Comportamento Organizacional. Lideran\u00e7a e Perfil de Gest\u00e3o. Gerenciamento de Conflitos. Motiva\u00e7\u00e3o. Empreendedorismo e Inova\u00e7\u00e3o. Gest\u00e3o de Projetos. Monitoramento e avalia\u00e7\u00e3o. NO\u00c7\u00d5ES DE CONTABILIDADE. Conceito, objetivo e finalidades. Receita, despesa, custos e resultados. Patrim\u00f4nio: conceito, componentes, varia\u00e7\u00f5es e configura\u00e7\u00f5es. Contas: conceito, estrutura e esp\u00e9cies. Apura\u00e7\u00e3o de resultados: amortiza\u00e7\u00e3o, deprecia\u00e7\u00e3o, exaust\u00e3o e provis\u00f5es. Lucro bruto, custo de vendas, lucro operacional e lucro l\u00edquido. Avalia\u00e7\u00e3o de estoques, Levantamentos, Invent\u00e1rios. Tributos e suas aplica\u00e7\u00f5es nas aquisi\u00e7\u00f5es no mercado interno e externo: no\u00e7\u00f5es de ICMS, IPI, ISS, II, PIS\/COFINS, CSLL,IR,CPMF, CIDE. Documentos fiscais (Nota fiscal de venda de bens e servi\u00e7os \u2013 modelos v\u00e1lidos). \u00c9tica profissional.<\/p>\n<p style=\"text-align: justify;\"><strong>ANALISTA T\u00c9CNICO DE POL\u00cdTICAS SOCIAIS<\/strong><\/p>\n<p style=\"text-align: justify;\">POL\u00cdTICAS SOCIAIS: Estado e sociedade civil: ONGs e pol\u00edticas sociais. Direitos dos Povos ind\u00edgenas: Conven\u00e7\u00e3o n\u00ba 169 da OIT. GEST\u00c3O: Gest\u00e3o Participativa. Gest\u00e3o Estrat\u00e9gica. Cultura e Comportamento Organizacional. Lideran\u00e7a e Perfil de Gest\u00e3o. Gerenciamento de Conflitos. Motiva\u00e7\u00e3o. Empreendedorismo e Inova\u00e7\u00e3o. Gest\u00e3o de Projetos. Monitoramento e avalia\u00e7\u00e3o. SA\u00daDE P\u00daBLICA: Evolu\u00e7\u00e3o hist\u00f3rica da organiza\u00e7\u00e3o do sistema de sa\u00fade no Brasil e a constru\u00e7\u00e3o do Sistema \u00danico de Sa\u00fade (SUS) \u2013 princ\u00edpios, diretrizes, arcabou\u00e7o legal e Controle social no SUS; Determinantes sociais da sa\u00fade. Sistemas de informa\u00e7\u00e3o em sa\u00fade. Pol\u00edtica Nacional de Aten\u00e7\u00e3o a Sa\u00fade dos Povos Ind\u00edgenas. \u00c9tica profissional. AUDITORIA: Conceito e defini\u00e7\u00e3o de auditoria; normas de auditoria; auditoria interna e externa; programas de auditoria e relat\u00f3rios de auditora.<\/p>\n<p style=\"text-align: justify;\"><strong>CONTADOR<\/strong><\/p>\n<p style=\"text-align: justify;\">CONTABILIDADE GERAL: Fundamentos conceituais de contabilidade: conceito, objeto, finalidade, usu\u00e1rios e princ\u00edpios cont\u00e1beis; Patrim\u00f4nio: conceito, elementos e equa\u00e7\u00e3o patrimonial; fundamentos conceituais de ativo, passivo, receita e despesa; Procedimentos Cont\u00e1beis B\u00e1sicos: plano de contas, fatos cont\u00e1beis, lan\u00e7amentos e escritura\u00e7\u00e3o; Demonstra\u00e7\u00f5es Cont\u00e1beis de que trata a Lei Federal n\u00ba a Lei 6.404\/76 e suas altera\u00e7\u00f5es posteriores: Balan\u00e7o Patrimonial, Demonstra\u00e7\u00e3o dos Lucros e Preju\u00edzos Acumulados, Demonstra\u00e7\u00e3o do Resultado do Exerc\u00edcio, Demonstra\u00e7\u00e3o dos Fluxos de Caixa, Demonstra\u00e7\u00e3o do Valor Adicionado; An\u00e1lise das Demonstra\u00e7\u00f5es Cont\u00e1beis: an\u00e1lise horizontal, an\u00e1lise vertical, liquidez, endividamento, an\u00e1lise da rotatividade e da rentabilidade. AUDITORIA: Conceito e defini\u00e7\u00e3o de auditoria; normas de auditoria; auditoria interna e externa; programas de auditoria e relat\u00f3rios de auditora.<\/p>\n<p style=\"text-align: justify;\">CONTABILIDADE P\u00daBLICA: Fundamentos legais e t\u00e9cnicos de Contabilidade P\u00fablica: conceito, objetivos, princ\u00edpios; Planejamento: Plano Plurianual \u2013 PPA, Lei de Diretrizes Or\u00e7ament\u00e1rias \u2013 LDO e Lei Or\u00e7ament\u00e1ria Anual \u2013 LOA; Ciclo Or\u00e7ament\u00e1rio; Cr\u00e9ditos Adicionais: classifica\u00e7\u00e3o; Princ\u00edpios Or\u00e7ament\u00e1rios; Sistemas Cont\u00e1beis aplicados ao setor p\u00fablico e o plano de contas; Escritura\u00e7\u00e3o; Demonstra\u00e7\u00f5es Cont\u00e1beis de que trata a Lei Federal n\u00ba 4.320\/64 e suas altera\u00e7\u00f5es posteriores; Classifica\u00e7\u00f5es Or\u00e7ament\u00e1rias: classifica\u00e7\u00e3o legal da receita e classifica\u00e7\u00e3o legal da despesa \u2013 classifica\u00e7\u00e3o institucional, funcional-program\u00e1tica e econ\u00f4mica; Receita e Despesa extra-or\u00e7ament\u00e1rias; Execu\u00e7\u00e3o Or\u00e7ament\u00e1ria: fases da receita \u2013 previs\u00e3o, lan\u00e7amento, arrecada\u00e7\u00e3o e recolhimento, e fases da despesa \u2013 programa\u00e7\u00e3o, licita\u00e7\u00e3o, empenho, liquida\u00e7\u00e3o e pagamento; Restos a pagar; D\u00edvida P\u00fablica e D\u00edvida Ativa; Controle Interno e Externo da Administra\u00e7\u00e3o P\u00fablica: conceito de controladoria e sua miss\u00e3o, controle externo pelo Tribunal de Contas e pelo Poder Legislativo. LEGISLA\u00c7\u00c3O: Lei Complementar Federal n\u00ba 101\/2000 e suas altera\u00e7\u00f5es posteriores \u2013 Lei de Responsabilidade Fiscal; Lei Federal n\u00ba 8.666\/93 e suas altera\u00e7\u00f5es posteriores \u2013 Lei de Licita\u00e7\u00f5es; Lei Federal n\u00ba 10.520\/2002 \u2013 Institui no \u00e2mbito da Administra\u00e7\u00e3o P\u00fablica a modalidade de licita\u00e7\u00e3o denominada preg\u00e3o. \u00c9tica profissional.<\/p>\n<p>Confira o edital Minist\u00e9rio da Sa\u00fade completo:<\/p>\n<p><a href=\"https:\/\/dhg1h5j42swfq.cloudfront.net\/2016\/11\/28095638\/Edital-Ministerio-da-Saude-2016.pdf\" target=\"_blank\" rel=\"noopener\">Edital Minist\u00e9rio da Sa\u00fade<\/a><\/p>\n","protected":false},"excerpt":{"rendered":"<p>Edital Minist\u00e9rio da Sa\u00fade &#8211; s\u00e3o 102 vagas e at\u00e9 R$ 6.202,88 iniciais Fala, pessoal!!! Foi publicado o edital Minist\u00e9rio da Sa\u00fade com um total de 102 vagas, todas para n\u00edvel superior de ensino. Neste artigo, voc\u00ea confere a an\u00e1lise completa do certame. E no dia 28\/11\/16, \u00e0s 20h15min, eu e o coach Diogo Moreira [&hellip;]<\/p>\n","protected":false},"author":1,"featured_media":50120,"comment_status":"open","ping_status":"open","sticky":false,"template":"","format":"standard","meta":{"post_tipo":"news","footnotes":""},"categories":[1],"tags":[1205],"tax_estado":[219963],"class_list":["post-56276","post","type-post","status-publish","format-standard","has-post-thumbnail","hentry","category-cursos-e-concursos","tag-ministerio-da-saude","tax_estado-concursos-federais"],"acf":[],"yoast_head":"<!-- This site is optimized with the Yoast SEO Premium plugin v27.2 (Yoast SEO v27.2) - https:\/\/yoast.com\/product\/yoast-seo-premium-wordpress\/ -->\n<title>Edital Minist\u00e9rio da Sa\u00fade: 102 vagas. Confira j\u00e1!<\/title>\n<meta name=\"description\" content=\"Edital Minist\u00e9rio da Sa\u00fade: an\u00e1lise completa do certame que oferece 102 vagas imediatas espalhadas por diversos estados do Brasil.\" \/>\n<meta name=\"robots\" content=\"index, follow, max-snippet:-1, max-image-preview:large, max-video-preview:-1\" \/>\n<link rel=\"canonical\" href=\"https:\/\/www.estrategiaconcursos.com.br\/blog\/edital-ministerio-da-saude\/\" \/>\n<meta property=\"og:locale\" content=\"pt_BR\" \/>\n<meta property=\"og:type\" content=\"article\" \/>\n<meta property=\"og:title\" content=\"Edital Minist\u00e9rio da Sa\u00fade - s\u00e3o 102 vagas e at\u00e9 R$ 6.202,88 iniciais\" \/>\n<meta property=\"og:description\" content=\"Edital Minist\u00e9rio da Sa\u00fade: an\u00e1lise completa do certame que oferece 102 vagas imediatas espalhadas por diversos estados do Brasil.\" \/>\n<meta property=\"og:url\" content=\"https:\/\/www.estrategiaconcursos.com.br\/blog\/edital-ministerio-da-saude\/\" \/>\n<meta property=\"og:site_name\" content=\"Estrat\u00e9gia Concursos\" \/>\n<meta property=\"article:author\" content=\"https:\/\/www.facebook.com\/EstrategiaConcursos\" \/>\n<meta property=\"article:published_time\" content=\"2016-12-07T12:00:39+00:00\" \/>\n<meta property=\"article:modified_time\" content=\"2024-01-04T21:35:55+00:00\" \/>\n<meta property=\"og:image\" content=\"https:\/\/dhg1h5j42swfq.cloudfront.net\/2016\/09\/21055208\/concurso-ministerio-da-saude.jpg\" \/>\n\t<meta property=\"og:image:width\" content=\"1000\" \/>\n\t<meta property=\"og:image:height\" content=\"970\" \/>\n\t<meta property=\"og:image:type\" content=\"image\/jpeg\" \/>\n<meta name=\"author\" content=\"Coordena\u00e7\u00e3o\" \/>\n<meta name=\"twitter:card\" content=\"summary_large_image\" \/>\n<meta name=\"twitter:creator\" content=\"@EstratConcursos\" \/>\n<meta name=\"twitter:site\" content=\"@EstratConcursos\" \/>\n<meta name=\"twitter:label1\" content=\"Escrito por\" \/>\n\t<meta name=\"twitter:data1\" content=\"Coordena\u00e7\u00e3o\" \/>\n\t<meta name=\"twitter:label2\" content=\"Est. tempo de leitura\" \/>\n\t<meta name=\"twitter:data2\" content=\"8 minutos\" \/>\n<script type=\"application\/ld+json\" class=\"yoast-schema-graph\">{\"@context\":\"https:\/\/schema.org\",\"@graph\":[{\"@type\":\"NewsArticle\",\"@id\":\"https:\/\/www.estrategiaconcursos.com.br\/blog\/edital-ministerio-da-saude\/#article\",\"isPartOf\":{\"@id\":\"https:\/\/www.estrategiaconcursos.com.br\/blog\/edital-ministerio-da-saude\/\"},\"author\":{\"name\":\"Coordena\u00e7\u00e3o\",\"@id\":\"https:\/\/www.estrategiaconcursos.com.br\/blog\/#\/schema\/person\/b4a388c97673c5f483d72185668afa1f\"},\"headline\":\"Edital Minist\u00e9rio da Sa\u00fade &#8211; s\u00e3o 102 vagas e at\u00e9 R$ 6.202,88 iniciais\",\"datePublished\":\"2016-12-07T12:00:39+00:00\",\"dateModified\":\"2024-01-04T21:35:55+00:00\",\"mainEntityOfPage\":{\"@id\":\"https:\/\/www.estrategiaconcursos.com.br\/blog\/edital-ministerio-da-saude\/\"},\"wordCount\":1693,\"commentCount\":1,\"publisher\":{\"@id\":\"https:\/\/www.estrategiaconcursos.com.br\/blog\/#organization\"},\"image\":{\"@id\":\"https:\/\/www.estrategiaconcursos.com.br\/blog\/edital-ministerio-da-saude\/#primaryimage\"},\"thumbnailUrl\":\"https:\/\/dhg1h5j42swfq.cloudfront.net\/2016\/09\/21055208\/concurso-ministerio-da-saude.jpg\",\"keywords\":[\"Minist\u00e9rio da Sa\u00fade\"],\"articleSection\":[\"Concursos P\u00fablicos\"],\"inLanguage\":\"pt-BR\",\"potentialAction\":[{\"@type\":\"CommentAction\",\"name\":\"Comment\",\"target\":[\"https:\/\/www.estrategiaconcursos.com.br\/blog\/edital-ministerio-da-saude\/#respond\"]}],\"copyrightYear\":\"2016\",\"copyrightHolder\":{\"@id\":\"https:\/\/www.estrategiaconcursos.com.br\/blog\/#organization\"}},{\"@type\":\"WebPage\",\"@id\":\"https:\/\/www.estrategiaconcursos.com.br\/blog\/edital-ministerio-da-saude\/\",\"url\":\"https:\/\/www.estrategiaconcursos.com.br\/blog\/edital-ministerio-da-saude\/\",\"name\":\"Edital Minist\u00e9rio da Sa\u00fade: 102 vagas. Confira j\u00e1!\",\"isPartOf\":{\"@id\":\"https:\/\/www.estrategiaconcursos.com.br\/blog\/#website\"},\"primaryImageOfPage\":{\"@id\":\"https:\/\/www.estrategiaconcursos.com.br\/blog\/edital-ministerio-da-saude\/#primaryimage\"},\"image\":{\"@id\":\"https:\/\/www.estrategiaconcursos.com.br\/blog\/edital-ministerio-da-saude\/#primaryimage\"},\"thumbnailUrl\":\"https:\/\/dhg1h5j42swfq.cloudfront.net\/2016\/09\/21055208\/concurso-ministerio-da-saude.jpg\",\"datePublished\":\"2016-12-07T12:00:39+00:00\",\"dateModified\":\"2024-01-04T21:35:55+00:00\",\"description\":\"Edital Minist\u00e9rio da Sa\u00fade: an\u00e1lise completa do certame que oferece 102 vagas imediatas espalhadas por diversos estados do Brasil.\",\"breadcrumb\":{\"@id\":\"https:\/\/www.estrategiaconcursos.com.br\/blog\/edital-ministerio-da-saude\/#breadcrumb\"},\"inLanguage\":\"pt-BR\",\"potentialAction\":[{\"@type\":\"ReadAction\",\"target\":[\"https:\/\/www.estrategiaconcursos.com.br\/blog\/edital-ministerio-da-saude\/\"]}]},{\"@type\":\"ImageObject\",\"inLanguage\":\"pt-BR\",\"@id\":\"https:\/\/www.estrategiaconcursos.com.br\/blog\/edital-ministerio-da-saude\/#primaryimage\",\"url\":\"https:\/\/dhg1h5j42swfq.cloudfront.net\/2016\/09\/21055208\/concurso-ministerio-da-saude.jpg\",\"contentUrl\":\"https:\/\/dhg1h5j42swfq.cloudfront.net\/2016\/09\/21055208\/concurso-ministerio-da-saude.jpg\",\"width\":1000,\"height\":970,\"caption\":\"concurso ministerio da saude\"},{\"@type\":\"BreadcrumbList\",\"@id\":\"https:\/\/www.estrategiaconcursos.com.br\/blog\/edital-ministerio-da-saude\/#breadcrumb\",\"itemListElement\":[{\"@type\":\"ListItem\",\"position\":1,\"name\":\"In\u00edcio\",\"item\":\"https:\/\/www.estrategiaconcursos.com.br\/blog\/\"},{\"@type\":\"ListItem\",\"position\":2,\"name\":\"Edital Minist\u00e9rio da Sa\u00fade &#8211; s\u00e3o 102 vagas e at\u00e9 R$ 6.202,88 iniciais\"}]},{\"@type\":\"WebSite\",\"@id\":\"https:\/\/www.estrategiaconcursos.com.br\/blog\/#website\",\"url\":\"https:\/\/www.estrategiaconcursos.com.br\/blog\/\",\"name\":\"Estrat\u00e9gia Concursos\",\"description\":\"O blog da Estrat\u00e9gia Concursos traz not\u00edcias sobre concursos e artigos de professores oferecendo cursos para concursos (pdf + videaulas) no site.\",\"publisher\":{\"@id\":\"https:\/\/www.estrategiaconcursos.com.br\/blog\/#organization\"},\"potentialAction\":[{\"@type\":\"SearchAction\",\"target\":{\"@type\":\"EntryPoint\",\"urlTemplate\":\"https:\/\/www.estrategiaconcursos.com.br\/blog\/?s={search_term_string}\"},\"query-input\":{\"@type\":\"PropertyValueSpecification\",\"valueRequired\":true,\"valueName\":\"search_term_string\"}}],\"inLanguage\":\"pt-BR\"},{\"@type\":\"Organization\",\"@id\":\"https:\/\/www.estrategiaconcursos.com.br\/blog\/#organization\",\"name\":\"Estrat\u00e9gia Concursos\",\"url\":\"https:\/\/www.estrategiaconcursos.com.br\/blog\/\",\"logo\":{\"@type\":\"ImageObject\",\"inLanguage\":\"pt-BR\",\"@id\":\"https:\/\/www.estrategiaconcursos.com.br\/blog\/#\/schema\/logo\/image\/\",\"url\":\"https:\/\/dhg1h5j42swfq.cloudfront.net\/2025\/06\/03203428\/logo_concursos-1.jpg\",\"contentUrl\":\"https:\/\/dhg1h5j42swfq.cloudfront.net\/2025\/06\/03203428\/logo_concursos-1.jpg\",\"width\":230,\"height\":60,\"caption\":\"Estrat\u00e9gia Concursos\"},\"image\":{\"@id\":\"https:\/\/www.estrategiaconcursos.com.br\/blog\/#\/schema\/logo\/image\/\"},\"sameAs\":[\"https:\/\/x.com\/EstratConcursos\"]},{\"@type\":\"Person\",\"@id\":\"https:\/\/www.estrategiaconcursos.com.br\/blog\/#\/schema\/person\/b4a388c97673c5f483d72185668afa1f\",\"name\":\"Coordena\u00e7\u00e3o\",\"image\":{\"@type\":\"ImageObject\",\"inLanguage\":\"pt-BR\",\"@id\":\"https:\/\/secure.gravatar.com\/avatar\/b720319e4c9a967eb58678d110f4fe35452fc5d5f97b202bac7b8acceb18c6ad?s=96&d=mm&r=g\",\"url\":\"https:\/\/secure.gravatar.com\/avatar\/b720319e4c9a967eb58678d110f4fe35452fc5d5f97b202bac7b8acceb18c6ad?s=96&d=mm&r=g\",\"contentUrl\":\"https:\/\/secure.gravatar.com\/avatar\/b720319e4c9a967eb58678d110f4fe35452fc5d5f97b202bac7b8acceb18c6ad?s=96&d=mm&r=g\",\"caption\":\"Coordena\u00e7\u00e3o\"},\"sameAs\":[\"https:\/\/www.facebook.com\/EstrategiaConcursos\",\"https:\/\/x.com\/EstratConcursos\"],\"url\":\"https:\/\/www.estrategiaconcursos.com.br\/blog\/author\/estrategia2013\/\"}]}<\/script>\n<!-- \/ Yoast SEO Premium plugin. -->","yoast_head_json":{"title":"Edital Minist\u00e9rio da Sa\u00fade: 102 vagas. Confira j\u00e1!","description":"Edital Minist\u00e9rio da Sa\u00fade: an\u00e1lise completa do certame que oferece 102 vagas imediatas espalhadas por diversos estados do Brasil.","robots":{"index":"index","follow":"follow","max-snippet":"max-snippet:-1","max-image-preview":"max-image-preview:large","max-video-preview":"max-video-preview:-1"},"canonical":"https:\/\/www.estrategiaconcursos.com.br\/blog\/edital-ministerio-da-saude\/","og_locale":"pt_BR","og_type":"article","og_title":"Edital Minist\u00e9rio da Sa\u00fade - s\u00e3o 102 vagas e at\u00e9 R$ 6.202,88 iniciais","og_description":"Edital Minist\u00e9rio da Sa\u00fade: an\u00e1lise completa do certame que oferece 102 vagas imediatas espalhadas por diversos estados do Brasil.","og_url":"https:\/\/www.estrategiaconcursos.com.br\/blog\/edital-ministerio-da-saude\/","og_site_name":"Estrat\u00e9gia Concursos","article_author":"https:\/\/www.facebook.com\/EstrategiaConcursos","article_published_time":"2016-12-07T12:00:39+00:00","article_modified_time":"2024-01-04T21:35:55+00:00","og_image":[{"width":1000,"height":970,"url":"https:\/\/dhg1h5j42swfq.cloudfront.net\/2016\/09\/21055208\/concurso-ministerio-da-saude.jpg","type":"image\/jpeg"}],"author":"Coordena\u00e7\u00e3o","twitter_card":"summary_large_image","twitter_creator":"@EstratConcursos","twitter_site":"@EstratConcursos","twitter_misc":{"Escrito por":"Coordena\u00e7\u00e3o","Est. tempo de leitura":"8 minutos"},"schema":{"@context":"https:\/\/schema.org","@graph":[{"@type":"NewsArticle","@id":"https:\/\/www.estrategiaconcursos.com.br\/blog\/edital-ministerio-da-saude\/#article","isPartOf":{"@id":"https:\/\/www.estrategiaconcursos.com.br\/blog\/edital-ministerio-da-saude\/"},"author":{"name":"Coordena\u00e7\u00e3o","@id":"https:\/\/www.estrategiaconcursos.com.br\/blog\/#\/schema\/person\/b4a388c97673c5f483d72185668afa1f"},"headline":"Edital Minist\u00e9rio da Sa\u00fade &#8211; s\u00e3o 102 vagas e at\u00e9 R$ 6.202,88 iniciais","datePublished":"2016-12-07T12:00:39+00:00","dateModified":"2024-01-04T21:35:55+00:00","mainEntityOfPage":{"@id":"https:\/\/www.estrategiaconcursos.com.br\/blog\/edital-ministerio-da-saude\/"},"wordCount":1693,"commentCount":1,"publisher":{"@id":"https:\/\/www.estrategiaconcursos.com.br\/blog\/#organization"},"image":{"@id":"https:\/\/www.estrategiaconcursos.com.br\/blog\/edital-ministerio-da-saude\/#primaryimage"},"thumbnailUrl":"https:\/\/dhg1h5j42swfq.cloudfront.net\/2016\/09\/21055208\/concurso-ministerio-da-saude.jpg","keywords":["Minist\u00e9rio da Sa\u00fade"],"articleSection":["Concursos P\u00fablicos"],"inLanguage":"pt-BR","potentialAction":[{"@type":"CommentAction","name":"Comment","target":["https:\/\/www.estrategiaconcursos.com.br\/blog\/edital-ministerio-da-saude\/#respond"]}],"copyrightYear":"2016","copyrightHolder":{"@id":"https:\/\/www.estrategiaconcursos.com.br\/blog\/#organization"}},{"@type":"WebPage","@id":"https:\/\/www.estrategiaconcursos.com.br\/blog\/edital-ministerio-da-saude\/","url":"https:\/\/www.estrategiaconcursos.com.br\/blog\/edital-ministerio-da-saude\/","name":"Edital Minist\u00e9rio da Sa\u00fade: 102 vagas. Confira j\u00e1!","isPartOf":{"@id":"https:\/\/www.estrategiaconcursos.com.br\/blog\/#website"},"primaryImageOfPage":{"@id":"https:\/\/www.estrategiaconcursos.com.br\/blog\/edital-ministerio-da-saude\/#primaryimage"},"image":{"@id":"https:\/\/www.estrategiaconcursos.com.br\/blog\/edital-ministerio-da-saude\/#primaryimage"},"thumbnailUrl":"https:\/\/dhg1h5j42swfq.cloudfront.net\/2016\/09\/21055208\/concurso-ministerio-da-saude.jpg","datePublished":"2016-12-07T12:00:39+00:00","dateModified":"2024-01-04T21:35:55+00:00","description":"Edital Minist\u00e9rio da Sa\u00fade: an\u00e1lise completa do certame que oferece 102 vagas imediatas espalhadas por diversos estados do Brasil.","breadcrumb":{"@id":"https:\/\/www.estrategiaconcursos.com.br\/blog\/edital-ministerio-da-saude\/#breadcrumb"},"inLanguage":"pt-BR","potentialAction":[{"@type":"ReadAction","target":["https:\/\/www.estrategiaconcursos.com.br\/blog\/edital-ministerio-da-saude\/"]}]},{"@type":"ImageObject","inLanguage":"pt-BR","@id":"https:\/\/www.estrategiaconcursos.com.br\/blog\/edital-ministerio-da-saude\/#primaryimage","url":"https:\/\/dhg1h5j42swfq.cloudfront.net\/2016\/09\/21055208\/concurso-ministerio-da-saude.jpg","contentUrl":"https:\/\/dhg1h5j42swfq.cloudfront.net\/2016\/09\/21055208\/concurso-ministerio-da-saude.jpg","width":1000,"height":970,"caption":"concurso ministerio da saude"},{"@type":"BreadcrumbList","@id":"https:\/\/www.estrategiaconcursos.com.br\/blog\/edital-ministerio-da-saude\/#breadcrumb","itemListElement":[{"@type":"ListItem","position":1,"name":"In\u00edcio","item":"https:\/\/www.estrategiaconcursos.com.br\/blog\/"},{"@type":"ListItem","position":2,"name":"Edital Minist\u00e9rio da Sa\u00fade &#8211; s\u00e3o 102 vagas e at\u00e9 R$ 6.202,88 iniciais"}]},{"@type":"WebSite","@id":"https:\/\/www.estrategiaconcursos.com.br\/blog\/#website","url":"https:\/\/www.estrategiaconcursos.com.br\/blog\/","name":"Estrat\u00e9gia Concursos","description":"O blog da Estrat\u00e9gia Concursos traz not\u00edcias sobre concursos e artigos de professores oferecendo cursos para concursos (pdf + videaulas) no site.","publisher":{"@id":"https:\/\/www.estrategiaconcursos.com.br\/blog\/#organization"},"potentialAction":[{"@type":"SearchAction","target":{"@type":"EntryPoint","urlTemplate":"https:\/\/www.estrategiaconcursos.com.br\/blog\/?s={search_term_string}"},"query-input":{"@type":"PropertyValueSpecification","valueRequired":true,"valueName":"search_term_string"}}],"inLanguage":"pt-BR"},{"@type":"Organization","@id":"https:\/\/www.estrategiaconcursos.com.br\/blog\/#organization","name":"Estrat\u00e9gia Concursos","url":"https:\/\/www.estrategiaconcursos.com.br\/blog\/","logo":{"@type":"ImageObject","inLanguage":"pt-BR","@id":"https:\/\/www.estrategiaconcursos.com.br\/blog\/#\/schema\/logo\/image\/","url":"https:\/\/dhg1h5j42swfq.cloudfront.net\/2025\/06\/03203428\/logo_concursos-1.jpg","contentUrl":"https:\/\/dhg1h5j42swfq.cloudfront.net\/2025\/06\/03203428\/logo_concursos-1.jpg","width":230,"height":60,"caption":"Estrat\u00e9gia Concursos"},"image":{"@id":"https:\/\/www.estrategiaconcursos.com.br\/blog\/#\/schema\/logo\/image\/"},"sameAs":["https:\/\/x.com\/EstratConcursos"]},{"@type":"Person","@id":"https:\/\/www.estrategiaconcursos.com.br\/blog\/#\/schema\/person\/b4a388c97673c5f483d72185668afa1f","name":"Coordena\u00e7\u00e3o","image":{"@type":"ImageObject","inLanguage":"pt-BR","@id":"https:\/\/secure.gravatar.com\/avatar\/b720319e4c9a967eb58678d110f4fe35452fc5d5f97b202bac7b8acceb18c6ad?s=96&d=mm&r=g","url":"https:\/\/secure.gravatar.com\/avatar\/b720319e4c9a967eb58678d110f4fe35452fc5d5f97b202bac7b8acceb18c6ad?s=96&d=mm&r=g","contentUrl":"https:\/\/secure.gravatar.com\/avatar\/b720319e4c9a967eb58678d110f4fe35452fc5d5f97b202bac7b8acceb18c6ad?s=96&d=mm&r=g","caption":"Coordena\u00e7\u00e3o"},"sameAs":["https:\/\/www.facebook.com\/EstrategiaConcursos","https:\/\/x.com\/EstratConcursos"],"url":"https:\/\/www.estrategiaconcursos.com.br\/blog\/author\/estrategia2013\/"}]}},"_links":{"self":[{"href":"https:\/\/www.estrategiaconcursos.com.br\/blog\/wp-json\/wp\/v2\/posts\/56276","targetHints":{"allow":["GET"]}}],"collection":[{"href":"https:\/\/www.estrategiaconcursos.com.br\/blog\/wp-json\/wp\/v2\/posts"}],"about":[{"href":"https:\/\/www.estrategiaconcursos.com.br\/blog\/wp-json\/wp\/v2\/types\/post"}],"author":[{"embeddable":true,"href":"https:\/\/www.estrategiaconcursos.com.br\/blog\/wp-json\/wp\/v2\/users\/1"}],"replies":[{"embeddable":true,"href":"https:\/\/www.estrategiaconcursos.com.br\/blog\/wp-json\/wp\/v2\/comments?post=56276"}],"version-history":[{"count":5,"href":"https:\/\/www.estrategiaconcursos.com.br\/blog\/wp-json\/wp\/v2\/posts\/56276\/revisions"}],"predecessor-version":[{"id":1114916,"href":"https:\/\/www.estrategiaconcursos.com.br\/blog\/wp-json\/wp\/v2\/posts\/56276\/revisions\/1114916"}],"wp:featuredmedia":[{"embeddable":true,"href":"https:\/\/www.estrategiaconcursos.com.br\/blog\/wp-json\/wp\/v2\/media\/50120"}],"wp:attachment":[{"href":"https:\/\/www.estrategiaconcursos.com.br\/blog\/wp-json\/wp\/v2\/media?parent=56276"}],"wp:term":[{"taxonomy":"category","embeddable":true,"href":"https:\/\/www.estrategiaconcursos.com.br\/blog\/wp-json\/wp\/v2\/categories?post=56276"},{"taxonomy":"post_tag","embeddable":true,"href":"https:\/\/www.estrategiaconcursos.com.br\/blog\/wp-json\/wp\/v2\/tags?post=56276"},{"taxonomy":"tax_estado","embeddable":true,"href":"https:\/\/www.estrategiaconcursos.com.br\/blog\/wp-json\/wp\/v2\/tax_estado?post=56276"}],"curies":[{"name":"wp","href":"https:\/\/api.w.org\/{rel}","templated":true}]}}