{"id":562519,"date":"2020-08-27T11:53:20","date_gmt":"2020-08-27T14:53:20","guid":{"rendered":"https:\/\/www.estrategiaconcursos.com.br\/blog\/?p=562519"},"modified":"2020-08-27T12:21:27","modified_gmt":"2020-08-27T15:21:27","slug":"ifmg-suspende-validade-concursos","status":"publish","type":"post","link":"https:\/\/www.estrategiaconcursos.com.br\/blog\/ifmg-suspende-validade-concursos\/","title":{"rendered":"IFMG suspende validade de mais concursos em raz\u00e3o da pandemia"},"content":{"rendered":"\n<p>Em uma publica\u00e7\u00e3o no Di\u00e1rio Oficial da Uni\u00e3o desta quinta-feira, 27 de agosto, o Reitor do IFMG (Instituto Federal de Educa\u00e7\u00e3o, Ci\u00eancia e Tecnologia de Minas Gerais) suspendeu o prazo de validade de concursos para cargos t\u00e9cnico-administrativos e de professor homologados entre 2017 e 2019.<\/p>\n\n\n\n<p>H\u00e1 cerca de um m\u00eas, o Instituto j\u00e1 havia suspendido a validade de outros certames. A nova decis\u00e3o se deu pelo mesmo motivo e tamb\u00e9m tendo como base o artigo 10 da Lei Complementar n\u00ba 173, publicada em 28 de maio de 2020, que estabeleceu o Programa Federativo de Enfrentamento ao Coronav\u00edrus (Covid-19). <\/p>\n\n\n\n<p>As suspens\u00f5es se dar\u00e3o a partir de 28 e maio at\u00e9 o fim da vig\u00eancia do estado de calamidade p\u00fablica instaurado no pa\u00eds em decorr\u00eancia da pandemia de Coronav\u00edrus pelo Decreto Legislativo n.\u00ba 06, de 20 de mar\u00e7o deste ano. <\/p>\n\n\n\n<p>Confira abaixo a<a href=\"https:\/\/dhg1h5j42swfq.cloudfront.net\/2020\/08\/27122111\/IFNMG.pdf\" target=\"_blank\" rel=\"noreferrer noopener\"> \u00edntegra<\/a> das suspens\u00f5es do prazo de validade:<\/p>\n\n\n\n<div class=\"wp-block-image\"><figure class=\"aligncenter size-large\"><img loading=\"lazy\" decoding=\"async\" width=\"506\" height=\"496\" src=\"https:\/\/dhg1h5j42swfq.cloudfront.net\/2020\/08\/27113429\/IPMG.jpg\" alt=\"\" class=\"wp-image-562529\" srcset=\"https:\/\/dhg1h5j42swfq.cloudfront.net\/2020\/08\/27113429\/IPMG.jpg 506w, https:\/\/dhg1h5j42swfq.cloudfront.net\/2020\/08\/27113429\/IPMG-300x294.jpg 300w\" sizes=\"auto, (max-width: 506px) 100vw, 506px\" \/><\/figure><\/div>\n\n\n\n<p>Para acessar as suspens\u00f5es anteriores, <a href=\"https:\/\/www.estrategiaconcursos.com.br\/blog\/ifmg-e-ifro-suspendem-prazo-de-validade\/\">clique aqui<\/a>. <\/p>\n\n\n\n<p>O Instituto Federal de Educa\u00e7\u00e3o, Ci\u00eancia e Tecnologia Minas Gerais \u00e9 uma autarquia formada pela incorpora\u00e7\u00e3o da Escola Agrot\u00e9cnica Federal de S\u00e3o Jo\u00e3o Evangelista, dos Cefets (Centros Federais de Educa\u00e7\u00e3o Tecnol\u00f3gica) de Ouro Preto e Bambu\u00ed e das UNEDs de Formiga e Congonhas. <\/p>\n\n\n\n<p>O IFMG \u00e9 composto por doze campus. Al\u00e9m disso, mant\u00e9m p\u00f3los de Ensino a Dist\u00e2ncia nos munic\u00edpios de Betim, Belo Horizonte, Cachoeira do Campo, Jeceaba, Piumhi e S\u00e3o Gon\u00e7alo do Sapuca\u00ed.<\/p>\n\n\n\n<h2 class=\"wp-block-heading\">Quer estudar para concursos do IFMG? <\/h2>\n\n\n\n<p style=\"font-size:22px\" class=\"has-background has-text-align-center has-luminous-vivid-amber-background-color\"><a rel=\"noreferrer noopener\" href=\"https:\/\/www.estrategiaconcursos.com.br\/cursos\/concurso\/\" target=\"_blank\"><strong>Cursos para Educa\u00e7\u00e3o<\/strong><\/a><\/p>\n\n\n\n<p class=\"has-text-align-center\"><strong><em><strong>Sistema de Quest\u00f5es<\/strong><\/em><\/strong> <strong><em>&#8211; IFMG <\/em><\/strong><\/p>\n\n\n\n<p class=\"has-text-align-center\">Estrat\u00e9gia Quest\u00f5es nasceu maior do que todos os concorrentes, com mais quest\u00f5es cadastradas e mais solu\u00e7\u00f5es por professores. Clique no link e aproveite os descontos e b\u00f4nus imperd\u00edveis!<\/p>\n\n\n\n<p class=\"has-background has-text-align-center has-vivid-green-cyan-background-color\"><strong>ASSINE AGORA \u2013 <a href=\"https:\/\/www.estrategiaconcursos.com.br\/cursosPorConcurso\/sistema-de-questoes\/#\/\" target=\"_blank\" rel=\"noreferrer noopener\">Sistema de Quest\u00f5es<\/a><\/strong><\/p>\n\n\n\n<h4 class=\"has-text-align-center wp-block-heading\" id=\"assinatura\"><em><strong>Assinatura Anual Ilimitada*<\/strong><\/em><\/h4>\n\n\n\n<p class=\"has-text-align-center\"><em>Prepare-se com o melhor material e com quem mais aprova em Concursos P\u00fablicos em todo o pa\u00eds. Assine agora a nossa Assinatura Anual e tenha acesso ilimitado* a todos os nossos cursos.<\/em><\/p>\n\n\n\n<p class=\"has-background has-text-align-center has-light-green-cyan-background-color\"><strong>ASSINE AGORA<\/strong>&nbsp;\u2013&nbsp;<a rel=\"noreferrer noopener\" href=\"https:\/\/www.estrategiaconcursos.com.br\/assinaturas\" target=\"_blank\">Assinatura Ilimitada<\/a><\/p>\n\n\n\n<p>Confira nos links abaixo os concursos com editais publicados e os concursos previstos:<\/p>\n\n\n\n<p class=\"has-background has-text-align-center has-pale-cyan-blue-background-color\"><strong><a href=\"https:\/\/www.estrategiaconcursos.com.br\/blog\/concursos-abertos\/\">CONCURSOS ABERTOS<\/a><\/strong><\/p>\n\n\n\n<p class=\"has-background has-text-align-center has-pale-cyan-blue-background-color\"><a href=\"https:\/\/www.estrategiaconcursos.com.br\/blog\/concursos-2020\/\"><strong>CONCURSOS<\/strong><\/a><strong><a href=\"https:\/\/www.estrategiaconcursos.com.br\/blog\/concursos-2020\/\">&nbsp;2020<\/a><\/strong><\/p>\n\n\n\n<p class=\"has-background has-text-align-center has-pale-cyan-blue-background-color\"><a rel=\"noreferrer noopener\" href=\"https:\/\/www.estrategiaconcursos.com.br\/blog\/concursos-2021\/\" target=\"_blank\"><strong>CONCURSOS 2021<\/strong><\/a><\/p>\n\n\n\n<p class=\"has-background has-text-align-center has-pale-cyan-blue-background-color\"><a rel=\"noreferrer noopener\" href=\"https:\/\/www.estrategiaconcursos.com.br\/blog\/concursos-educacao-2020\/\" target=\"_blank\"><strong>CONCURSOS EDUCA\u00c7\u00c3O<\/strong><\/a><\/p>\n","protected":false},"excerpt":{"rendered":"<p>Em uma publica\u00e7\u00e3o no Di\u00e1rio Oficial da Uni\u00e3o desta quinta-feira, 27 de agosto, o Reitor do IFMG (Instituto Federal de Educa\u00e7\u00e3o, Ci\u00eancia e Tecnologia de Minas Gerais) suspendeu o prazo de validade de concursos para cargos t\u00e9cnico-administrativos e de professor homologados entre 2017 e 2019. H\u00e1 cerca de um m\u00eas, o Instituto j\u00e1 havia suspendido [&hellip;]<\/p>\n","protected":false},"author":260,"featured_media":562523,"comment_status":"open","ping_status":"closed","sticky":false,"template":"","format":"standard","meta":{"post_tipo":"article","footnotes":""},"categories":[1],"tags":[],"tax_estado":[],"class_list":["post-562519","post","type-post","status-publish","format-standard","has-post-thumbnail","hentry","category-cursos-e-concursos"],"acf":[],"yoast_head":"<!-- This site is optimized with the Yoast SEO Premium plugin v27.2 (Yoast SEO v27.2) - https:\/\/yoast.com\/product\/yoast-seo-premium-wordpress\/ -->\n<title>IFMG suspende validade de mais concursos em raz\u00e3o da pandemia<\/title>\n<meta name=\"description\" content=\"Foram suspensos os prazos de validade de mais alguns concursos do IFMG novamente em raz\u00e3o da pandemia de Coronav\u00edrus. Veja quais!\" \/>\n<meta name=\"robots\" content=\"index, follow, max-snippet:-1, max-image-preview:large, max-video-preview:-1\" \/>\n<link rel=\"canonical\" href=\"https:\/\/www.estrategiaconcursos.com.br\/blog\/ifmg-suspende-validade-concursos\/\" \/>\n<meta property=\"og:locale\" content=\"pt_BR\" \/>\n<meta property=\"og:type\" content=\"article\" \/>\n<meta property=\"og:title\" content=\"IFMG suspende validade de mais concursos em raz\u00e3o da pandemia\" \/>\n<meta property=\"og:description\" content=\"Foram suspensos os prazos de validade de mais alguns concursos do IFMG novamente em raz\u00e3o da pandemia de Coronav\u00edrus. Veja quais!\" \/>\n<meta property=\"og:url\" content=\"https:\/\/www.estrategiaconcursos.com.br\/blog\/ifmg-suspende-validade-concursos\/\" \/>\n<meta property=\"og:site_name\" content=\"Estrat\u00e9gia Concursos\" \/>\n<meta property=\"article:published_time\" content=\"2020-08-27T14:53:20+00:00\" \/>\n<meta property=\"article:modified_time\" content=\"2020-08-27T15:21:27+00:00\" \/>\n<meta property=\"og:image\" content=\"https:\/\/dhg1h5j42swfq.cloudfront.net\/2020\/08\/27112529\/ifmg.jpg\" \/>\n\t<meta property=\"og:image:width\" content=\"600\" \/>\n\t<meta property=\"og:image:height\" content=\"400\" \/>\n\t<meta property=\"og:image:type\" content=\"image\/jpeg\" \/>\n<meta name=\"author\" content=\"Diego Cerqueira Berbert Vasconcelos\" \/>\n<meta name=\"twitter:card\" content=\"summary_large_image\" \/>\n<meta name=\"twitter:creator\" content=\"@EstratConcursos\" \/>\n<meta name=\"twitter:site\" content=\"@EstratConcursos\" \/>\n<meta name=\"twitter:label1\" content=\"Escrito por\" \/>\n\t<meta name=\"twitter:data1\" content=\"Diego Cerqueira Berbert Vasconcelos\" \/>\n\t<meta name=\"twitter:label2\" content=\"Est. tempo de leitura\" \/>\n\t<meta name=\"twitter:data2\" content=\"2 minutos\" \/>\n<script type=\"application\/ld+json\" class=\"yoast-schema-graph\">{\"@context\":\"https:\/\/schema.org\",\"@graph\":[{\"@type\":\"NewsArticle\",\"@id\":\"https:\/\/www.estrategiaconcursos.com.br\/blog\/ifmg-suspende-validade-concursos\/#article\",\"isPartOf\":{\"@id\":\"https:\/\/www.estrategiaconcursos.com.br\/blog\/ifmg-suspende-validade-concursos\/\"},\"author\":{\"name\":\"Diego Cerqueira Berbert Vasconcelos\",\"@id\":\"https:\/\/www.estrategiaconcursos.com.br\/blog\/#\/schema\/person\/7fbf898fd336f5ce58a961518beff68c\"},\"headline\":\"IFMG suspende validade de mais concursos em raz\u00e3o da pandemia\",\"datePublished\":\"2020-08-27T14:53:20+00:00\",\"dateModified\":\"2020-08-27T15:21:27+00:00\",\"mainEntityOfPage\":{\"@id\":\"https:\/\/www.estrategiaconcursos.com.br\/blog\/ifmg-suspende-validade-concursos\/\"},\"wordCount\":383,\"commentCount\":0,\"publisher\":{\"@id\":\"https:\/\/www.estrategiaconcursos.com.br\/blog\/#organization\"},\"image\":{\"@id\":\"https:\/\/www.estrategiaconcursos.com.br\/blog\/ifmg-suspende-validade-concursos\/#primaryimage\"},\"thumbnailUrl\":\"https:\/\/dhg1h5j42swfq.cloudfront.net\/2020\/08\/27112529\/ifmg.jpg\",\"articleSection\":[\"Concursos P\u00fablicos\"],\"inLanguage\":\"pt-BR\",\"potentialAction\":[{\"@type\":\"CommentAction\",\"name\":\"Comment\",\"target\":[\"https:\/\/www.estrategiaconcursos.com.br\/blog\/ifmg-suspende-validade-concursos\/#respond\"]}],\"copyrightYear\":\"2020\",\"copyrightHolder\":{\"@id\":\"https:\/\/www.estrategiaconcursos.com.br\/blog\/#organization\"}},{\"@type\":\"WebPage\",\"@id\":\"https:\/\/www.estrategiaconcursos.com.br\/blog\/ifmg-suspende-validade-concursos\/\",\"url\":\"https:\/\/www.estrategiaconcursos.com.br\/blog\/ifmg-suspende-validade-concursos\/\",\"name\":\"IFMG suspende validade de mais concursos em raz\u00e3o da pandemia\",\"isPartOf\":{\"@id\":\"https:\/\/www.estrategiaconcursos.com.br\/blog\/#website\"},\"primaryImageOfPage\":{\"@id\":\"https:\/\/www.estrategiaconcursos.com.br\/blog\/ifmg-suspende-validade-concursos\/#primaryimage\"},\"image\":{\"@id\":\"https:\/\/www.estrategiaconcursos.com.br\/blog\/ifmg-suspende-validade-concursos\/#primaryimage\"},\"thumbnailUrl\":\"https:\/\/dhg1h5j42swfq.cloudfront.net\/2020\/08\/27112529\/ifmg.jpg\",\"datePublished\":\"2020-08-27T14:53:20+00:00\",\"dateModified\":\"2020-08-27T15:21:27+00:00\",\"description\":\"Foram suspensos os prazos de validade de mais alguns concursos do IFMG novamente em raz\u00e3o da pandemia de Coronav\u00edrus. Veja quais!\",\"breadcrumb\":{\"@id\":\"https:\/\/www.estrategiaconcursos.com.br\/blog\/ifmg-suspende-validade-concursos\/#breadcrumb\"},\"inLanguage\":\"pt-BR\",\"potentialAction\":[{\"@type\":\"ReadAction\",\"target\":[\"https:\/\/www.estrategiaconcursos.com.br\/blog\/ifmg-suspende-validade-concursos\/\"]}]},{\"@type\":\"ImageObject\",\"inLanguage\":\"pt-BR\",\"@id\":\"https:\/\/www.estrategiaconcursos.com.br\/blog\/ifmg-suspende-validade-concursos\/#primaryimage\",\"url\":\"https:\/\/dhg1h5j42swfq.cloudfront.net\/2020\/08\/27112529\/ifmg.jpg\",\"contentUrl\":\"https:\/\/dhg1h5j42swfq.cloudfront.net\/2020\/08\/27112529\/ifmg.jpg\",\"width\":600,\"height\":400,\"caption\":\"IFMG\"},{\"@type\":\"BreadcrumbList\",\"@id\":\"https:\/\/www.estrategiaconcursos.com.br\/blog\/ifmg-suspende-validade-concursos\/#breadcrumb\",\"itemListElement\":[{\"@type\":\"ListItem\",\"position\":1,\"name\":\"In\u00edcio\",\"item\":\"https:\/\/www.estrategiaconcursos.com.br\/blog\/\"},{\"@type\":\"ListItem\",\"position\":2,\"name\":\"IFMG suspende validade de mais concursos em raz\u00e3o da pandemia\"}]},{\"@type\":\"WebSite\",\"@id\":\"https:\/\/www.estrategiaconcursos.com.br\/blog\/#website\",\"url\":\"https:\/\/www.estrategiaconcursos.com.br\/blog\/\",\"name\":\"Estrat\u00e9gia Concursos\",\"description\":\"O blog da Estrat\u00e9gia Concursos traz not\u00edcias sobre concursos e artigos de professores oferecendo cursos para concursos (pdf + videaulas) no site.\",\"publisher\":{\"@id\":\"https:\/\/www.estrategiaconcursos.com.br\/blog\/#organization\"},\"potentialAction\":[{\"@type\":\"SearchAction\",\"target\":{\"@type\":\"EntryPoint\",\"urlTemplate\":\"https:\/\/www.estrategiaconcursos.com.br\/blog\/?s={search_term_string}\"},\"query-input\":{\"@type\":\"PropertyValueSpecification\",\"valueRequired\":true,\"valueName\":\"search_term_string\"}}],\"inLanguage\":\"pt-BR\"},{\"@type\":\"Organization\",\"@id\":\"https:\/\/www.estrategiaconcursos.com.br\/blog\/#organization\",\"name\":\"Estrat\u00e9gia Concursos\",\"url\":\"https:\/\/www.estrategiaconcursos.com.br\/blog\/\",\"logo\":{\"@type\":\"ImageObject\",\"inLanguage\":\"pt-BR\",\"@id\":\"https:\/\/www.estrategiaconcursos.com.br\/blog\/#\/schema\/logo\/image\/\",\"url\":\"https:\/\/dhg1h5j42swfq.cloudfront.net\/2025\/06\/03203428\/logo_concursos-1.jpg\",\"contentUrl\":\"https:\/\/dhg1h5j42swfq.cloudfront.net\/2025\/06\/03203428\/logo_concursos-1.jpg\",\"width\":230,\"height\":60,\"caption\":\"Estrat\u00e9gia Concursos\"},\"image\":{\"@id\":\"https:\/\/www.estrategiaconcursos.com.br\/blog\/#\/schema\/logo\/image\/\"},\"sameAs\":[\"https:\/\/x.com\/EstratConcursos\"]},{\"@type\":\"Person\",\"@id\":\"https:\/\/www.estrategiaconcursos.com.br\/blog\/#\/schema\/person\/7fbf898fd336f5ce58a961518beff68c\",\"name\":\"Diego Cerqueira Berbert Vasconcelos\",\"image\":{\"@type\":\"ImageObject\",\"inLanguage\":\"pt-BR\",\"@id\":\"https:\/\/secure.gravatar.com\/avatar\/ed2d045a7390980cad1a92d24dcc39d10ef55b88fcb9fb9c047979bf4ddeb1ce?s=96&d=mm&r=g\",\"url\":\"https:\/\/secure.gravatar.com\/avatar\/ed2d045a7390980cad1a92d24dcc39d10ef55b88fcb9fb9c047979bf4ddeb1ce?s=96&d=mm&r=g\",\"contentUrl\":\"https:\/\/secure.gravatar.com\/avatar\/ed2d045a7390980cad1a92d24dcc39d10ef55b88fcb9fb9c047979bf4ddeb1ce?s=96&d=mm&r=g\",\"caption\":\"Diego Cerqueira Berbert Vasconcelos\"},\"url\":\"https:\/\/www.estrategiaconcursos.com.br\/blog\/author\/diegocerqueiraestrategiaconcursos-com-br\/\"}]}<\/script>\n<!-- \/ Yoast SEO Premium plugin. -->","yoast_head_json":{"title":"IFMG suspende validade de mais concursos em raz\u00e3o da pandemia","description":"Foram suspensos os prazos de validade de mais alguns concursos do IFMG novamente em raz\u00e3o da pandemia de Coronav\u00edrus. Veja quais!","robots":{"index":"index","follow":"follow","max-snippet":"max-snippet:-1","max-image-preview":"max-image-preview:large","max-video-preview":"max-video-preview:-1"},"canonical":"https:\/\/www.estrategiaconcursos.com.br\/blog\/ifmg-suspende-validade-concursos\/","og_locale":"pt_BR","og_type":"article","og_title":"IFMG suspende validade de mais concursos em raz\u00e3o da pandemia","og_description":"Foram suspensos os prazos de validade de mais alguns concursos do IFMG novamente em raz\u00e3o da pandemia de Coronav\u00edrus. Veja quais!","og_url":"https:\/\/www.estrategiaconcursos.com.br\/blog\/ifmg-suspende-validade-concursos\/","og_site_name":"Estrat\u00e9gia Concursos","article_published_time":"2020-08-27T14:53:20+00:00","article_modified_time":"2020-08-27T15:21:27+00:00","og_image":[{"width":600,"height":400,"url":"https:\/\/dhg1h5j42swfq.cloudfront.net\/2020\/08\/27112529\/ifmg.jpg","type":"image\/jpeg"}],"author":"Diego Cerqueira Berbert Vasconcelos","twitter_card":"summary_large_image","twitter_creator":"@EstratConcursos","twitter_site":"@EstratConcursos","twitter_misc":{"Escrito por":"Diego Cerqueira Berbert Vasconcelos","Est. tempo de leitura":"2 minutos"},"schema":{"@context":"https:\/\/schema.org","@graph":[{"@type":"NewsArticle","@id":"https:\/\/www.estrategiaconcursos.com.br\/blog\/ifmg-suspende-validade-concursos\/#article","isPartOf":{"@id":"https:\/\/www.estrategiaconcursos.com.br\/blog\/ifmg-suspende-validade-concursos\/"},"author":{"name":"Diego Cerqueira Berbert Vasconcelos","@id":"https:\/\/www.estrategiaconcursos.com.br\/blog\/#\/schema\/person\/7fbf898fd336f5ce58a961518beff68c"},"headline":"IFMG suspende validade de mais concursos em raz\u00e3o da pandemia","datePublished":"2020-08-27T14:53:20+00:00","dateModified":"2020-08-27T15:21:27+00:00","mainEntityOfPage":{"@id":"https:\/\/www.estrategiaconcursos.com.br\/blog\/ifmg-suspende-validade-concursos\/"},"wordCount":383,"commentCount":0,"publisher":{"@id":"https:\/\/www.estrategiaconcursos.com.br\/blog\/#organization"},"image":{"@id":"https:\/\/www.estrategiaconcursos.com.br\/blog\/ifmg-suspende-validade-concursos\/#primaryimage"},"thumbnailUrl":"https:\/\/dhg1h5j42swfq.cloudfront.net\/2020\/08\/27112529\/ifmg.jpg","articleSection":["Concursos P\u00fablicos"],"inLanguage":"pt-BR","potentialAction":[{"@type":"CommentAction","name":"Comment","target":["https:\/\/www.estrategiaconcursos.com.br\/blog\/ifmg-suspende-validade-concursos\/#respond"]}],"copyrightYear":"2020","copyrightHolder":{"@id":"https:\/\/www.estrategiaconcursos.com.br\/blog\/#organization"}},{"@type":"WebPage","@id":"https:\/\/www.estrategiaconcursos.com.br\/blog\/ifmg-suspende-validade-concursos\/","url":"https:\/\/www.estrategiaconcursos.com.br\/blog\/ifmg-suspende-validade-concursos\/","name":"IFMG suspende validade de mais concursos em raz\u00e3o da pandemia","isPartOf":{"@id":"https:\/\/www.estrategiaconcursos.com.br\/blog\/#website"},"primaryImageOfPage":{"@id":"https:\/\/www.estrategiaconcursos.com.br\/blog\/ifmg-suspende-validade-concursos\/#primaryimage"},"image":{"@id":"https:\/\/www.estrategiaconcursos.com.br\/blog\/ifmg-suspende-validade-concursos\/#primaryimage"},"thumbnailUrl":"https:\/\/dhg1h5j42swfq.cloudfront.net\/2020\/08\/27112529\/ifmg.jpg","datePublished":"2020-08-27T14:53:20+00:00","dateModified":"2020-08-27T15:21:27+00:00","description":"Foram suspensos os prazos de validade de mais alguns concursos do IFMG novamente em raz\u00e3o da pandemia de Coronav\u00edrus. Veja quais!","breadcrumb":{"@id":"https:\/\/www.estrategiaconcursos.com.br\/blog\/ifmg-suspende-validade-concursos\/#breadcrumb"},"inLanguage":"pt-BR","potentialAction":[{"@type":"ReadAction","target":["https:\/\/www.estrategiaconcursos.com.br\/blog\/ifmg-suspende-validade-concursos\/"]}]},{"@type":"ImageObject","inLanguage":"pt-BR","@id":"https:\/\/www.estrategiaconcursos.com.br\/blog\/ifmg-suspende-validade-concursos\/#primaryimage","url":"https:\/\/dhg1h5j42swfq.cloudfront.net\/2020\/08\/27112529\/ifmg.jpg","contentUrl":"https:\/\/dhg1h5j42swfq.cloudfront.net\/2020\/08\/27112529\/ifmg.jpg","width":600,"height":400,"caption":"IFMG"},{"@type":"BreadcrumbList","@id":"https:\/\/www.estrategiaconcursos.com.br\/blog\/ifmg-suspende-validade-concursos\/#breadcrumb","itemListElement":[{"@type":"ListItem","position":1,"name":"In\u00edcio","item":"https:\/\/www.estrategiaconcursos.com.br\/blog\/"},{"@type":"ListItem","position":2,"name":"IFMG suspende validade de mais concursos em raz\u00e3o da pandemia"}]},{"@type":"WebSite","@id":"https:\/\/www.estrategiaconcursos.com.br\/blog\/#website","url":"https:\/\/www.estrategiaconcursos.com.br\/blog\/","name":"Estrat\u00e9gia Concursos","description":"O blog da Estrat\u00e9gia Concursos traz not\u00edcias sobre concursos e artigos de professores oferecendo cursos para concursos (pdf + videaulas) no site.","publisher":{"@id":"https:\/\/www.estrategiaconcursos.com.br\/blog\/#organization"},"potentialAction":[{"@type":"SearchAction","target":{"@type":"EntryPoint","urlTemplate":"https:\/\/www.estrategiaconcursos.com.br\/blog\/?s={search_term_string}"},"query-input":{"@type":"PropertyValueSpecification","valueRequired":true,"valueName":"search_term_string"}}],"inLanguage":"pt-BR"},{"@type":"Organization","@id":"https:\/\/www.estrategiaconcursos.com.br\/blog\/#organization","name":"Estrat\u00e9gia Concursos","url":"https:\/\/www.estrategiaconcursos.com.br\/blog\/","logo":{"@type":"ImageObject","inLanguage":"pt-BR","@id":"https:\/\/www.estrategiaconcursos.com.br\/blog\/#\/schema\/logo\/image\/","url":"https:\/\/dhg1h5j42swfq.cloudfront.net\/2025\/06\/03203428\/logo_concursos-1.jpg","contentUrl":"https:\/\/dhg1h5j42swfq.cloudfront.net\/2025\/06\/03203428\/logo_concursos-1.jpg","width":230,"height":60,"caption":"Estrat\u00e9gia Concursos"},"image":{"@id":"https:\/\/www.estrategiaconcursos.com.br\/blog\/#\/schema\/logo\/image\/"},"sameAs":["https:\/\/x.com\/EstratConcursos"]},{"@type":"Person","@id":"https:\/\/www.estrategiaconcursos.com.br\/blog\/#\/schema\/person\/7fbf898fd336f5ce58a961518beff68c","name":"Diego Cerqueira Berbert Vasconcelos","image":{"@type":"ImageObject","inLanguage":"pt-BR","@id":"https:\/\/secure.gravatar.com\/avatar\/ed2d045a7390980cad1a92d24dcc39d10ef55b88fcb9fb9c047979bf4ddeb1ce?s=96&d=mm&r=g","url":"https:\/\/secure.gravatar.com\/avatar\/ed2d045a7390980cad1a92d24dcc39d10ef55b88fcb9fb9c047979bf4ddeb1ce?s=96&d=mm&r=g","contentUrl":"https:\/\/secure.gravatar.com\/avatar\/ed2d045a7390980cad1a92d24dcc39d10ef55b88fcb9fb9c047979bf4ddeb1ce?s=96&d=mm&r=g","caption":"Diego Cerqueira Berbert Vasconcelos"},"url":"https:\/\/www.estrategiaconcursos.com.br\/blog\/author\/diegocerqueiraestrategiaconcursos-com-br\/"}]}},"_links":{"self":[{"href":"https:\/\/www.estrategiaconcursos.com.br\/blog\/wp-json\/wp\/v2\/posts\/562519","targetHints":{"allow":["GET"]}}],"collection":[{"href":"https:\/\/www.estrategiaconcursos.com.br\/blog\/wp-json\/wp\/v2\/posts"}],"about":[{"href":"https:\/\/www.estrategiaconcursos.com.br\/blog\/wp-json\/wp\/v2\/types\/post"}],"author":[{"embeddable":true,"href":"https:\/\/www.estrategiaconcursos.com.br\/blog\/wp-json\/wp\/v2\/users\/260"}],"replies":[{"embeddable":true,"href":"https:\/\/www.estrategiaconcursos.com.br\/blog\/wp-json\/wp\/v2\/comments?post=562519"}],"version-history":[{"count":12,"href":"https:\/\/www.estrategiaconcursos.com.br\/blog\/wp-json\/wp\/v2\/posts\/562519\/revisions"}],"predecessor-version":[{"id":562634,"href":"https:\/\/www.estrategiaconcursos.com.br\/blog\/wp-json\/wp\/v2\/posts\/562519\/revisions\/562634"}],"wp:featuredmedia":[{"embeddable":true,"href":"https:\/\/www.estrategiaconcursos.com.br\/blog\/wp-json\/wp\/v2\/media\/562523"}],"wp:attachment":[{"href":"https:\/\/www.estrategiaconcursos.com.br\/blog\/wp-json\/wp\/v2\/media?parent=562519"}],"wp:term":[{"taxonomy":"category","embeddable":true,"href":"https:\/\/www.estrategiaconcursos.com.br\/blog\/wp-json\/wp\/v2\/categories?post=562519"},{"taxonomy":"post_tag","embeddable":true,"href":"https:\/\/www.estrategiaconcursos.com.br\/blog\/wp-json\/wp\/v2\/tags?post=562519"},{"taxonomy":"tax_estado","embeddable":true,"href":"https:\/\/www.estrategiaconcursos.com.br\/blog\/wp-json\/wp\/v2\/tax_estado?post=562519"}],"curies":[{"name":"wp","href":"https:\/\/api.w.org\/{rel}","templated":true}]}}