{"id":562122,"date":"2020-08-26T19:03:25","date_gmt":"2020-08-26T22:03:25","guid":{"rendered":"https:\/\/www.estrategiaconcursos.com.br\/blog\/?p=562122"},"modified":"2023-06-13T09:38:08","modified_gmt":"2023-06-13T12:38:08","slug":"camara-aprova-criacao-trf-6a-regiao","status":"publish","type":"post","link":"https:\/\/www.estrategiaconcursos.com.br\/blog\/camara-aprova-criacao-trf-6a-regiao\/","title":{"rendered":"C\u00e2mara dos Deputados APROVA cria\u00e7\u00e3o do TRF da 6\u00aa Regi\u00e3o!"},"content":{"rendered":"\n<p>Nesta quarta-feira, 26 de agosto, a ag\u00eancia C\u00e2mara de Not\u00edcias divulgou que C\u00e2mara dos Deputados finalmente aprovou o texto base do Projeto de Lei n.\u00ba 5.919\/19, que cria o TRF da 6\u00aa Regi\u00e3o (Tribunal Regional da 6\u00aa Regi\u00e3o ou TRF6), com sede no estado de Minas Gerais. <\/p>\n\n\n\n<p>A aprova\u00e7\u00e3o ocorreu em sess\u00e3o virtual do Plen\u00e1rio da Casa na qual o relator, deputado F\u00e1bio Ramalho, apresentou um substitutivo solicitando a efetiva instala\u00e7\u00e3o do TRF da 6\u00aa Regi\u00e3o ap\u00f3s o fim do estado de calamidade p\u00fablica decorrente da pandemia de coronav\u00edrus (Covid-19) no pa\u00eds. Agora faltam serem votados os destaques do PL.<\/p>\n\n\n\n<p>O Projeto \u00e9 de autoria do Superior Tribunal de Justi\u00e7a (STJ), e prev\u00ea que o novo Tribunal Regional Federal ser\u00e1 um desmembramento do TRF da 1\u00aa Regi\u00e3o, que hoje engloba 13 estados (Acre, Amap\u00e1, Amazonas, Bahia, Goi\u00e1s, Maranh\u00e3o, Mato Grosso, Minas Gerais, Par\u00e1, Piau\u00ed, Rond\u00f4nia, Roraima e Tocantins) mais o Distrito Federal.<\/p>\n\n\n\n<p>A vota\u00e7\u00e3o na C\u00e2mara foi adiada algumas vezes, sendo a \u00faltima no dia 20 de agosto de 2020 em que a proposta estava em pauta, mas a sess\u00e3o foi cancelada para que os parlamentares terminassem as an\u00e1lises de vetos presidenciais.<\/p>\n\n\n\n<p>Como a cria\u00e7\u00e3o do a cria\u00e7\u00e3o do TRF da 6\u00aa Regi\u00e3o decorre do aproveitamento da estrutura da Justi\u00e7a Federal j\u00e1 existente em Minas Gerais, n\u00e3o deve haver <strong>aumento de despesas<\/strong>, o que potencializa as chances da convers\u00e3o do projeto em lei. A experi\u00eancia ainda poder\u00e1 servir de modelo para uma futura reorganiza\u00e7\u00e3o da Justi\u00e7a Federal.<\/p>\n\n\n\n<h2 class=\"wp-block-heading\" id=\"h-estrutura-do-novo-trf-da-6\u00aa-regiao\">Estrutura do novo TRF da 6\u00aa Regi\u00e3o <\/h2>\n\n\n\n<p>Abaixo voc\u00ea confere a divis\u00e3o de cargos de servidores e magistrados que integrar\u00e1 o novo TRF6.<\/p>\n\n\n\n<h3 class=\"wp-block-heading\" id=\"h-cargos-de-servidores\">Cargos de servidores<\/h3>\n\n\n\n<p><\/p>\n\n\n\n<figure class=\"wp-block-table is-style-stripes\"><table class=\"has-background\" style=\"background-color:#e7f5fe\"><tbody><tr><td><strong>Denomina\u00e7\u00e3o<\/strong><\/td><td><strong>1\u00ba Grau<\/strong><\/td><td><strong>2\u00ba Grau<\/strong><\/td><td><strong>Total<\/strong><\/td><\/tr><tr><td>Analista Judici\u00e1rio<\/td><td>622<\/td><td>199<\/td><td>821<\/td><\/tr><tr><td>T\u00e9cnico Judici\u00e1rio<\/td><td>903<\/td><td>168<\/td><td>1.071<\/td><\/tr><tr><td>Auxiliar Judici\u00e1rio<\/td><td>0<\/td><td>10<\/td><td>10<\/td><\/tr><tr><td><strong>Total<\/strong><\/td><td>1.525<\/td><td>377<\/td><td>1.902<\/td><\/tr><\/tbody><\/table><\/figure>\n\n\n\n<h3 class=\"wp-block-heading\" id=\"h-membros-da-magistratura\">Membros da Magistratura<\/h3>\n\n\n\n<p><\/p>\n\n\n\n<figure class=\"wp-block-table is-style-stripes\"><table class=\"has-background has-fixed-layout\" style=\"background-color:#e7f5fe\"><tbody><tr><td><strong>Denomina\u00e7\u00e3o<\/strong><\/td><td><strong>1\u00ba Grau<\/strong><\/td><td><strong>2\u00ba Grau<\/strong><\/td><td><strong>Total<\/strong><\/td><\/tr><tr><td>Juiz de Tribunal Regional Federal<\/td><td><\/td><td>18<\/td><td>18<\/td><\/tr><tr><td>Juiz Federal<\/td><td>101<\/td><td><\/td><td>101<\/td><\/tr><tr><td>Juiz Federal Substituto<\/td><td>83<\/td><td><\/td><td>83<\/td><\/tr><tr><td><strong>Total<\/strong><\/td><td>184<\/td><td>18<\/td><td>202<\/td><\/tr><\/tbody><\/table><\/figure>\n\n\n\n<h2 class=\"wp-block-heading\" id=\"h-com-a-aprovacao-da-criacao-do-trf-da-6\u00aa-regiao-teremos-concurso\">Com a aprova\u00e7\u00e3o da cria\u00e7\u00e3o do TRF da 6\u00aa Regi\u00e3o teremos concurso? <\/h2>\n\n\n\n<h3 class=\"wp-block-heading\" id=\"h-evento-nesta-quarta-26-08-as-21-horas\">Evento nesta quarta, 26\/08 \u00e0s 21 horas!<\/h3>\n\n\n\n<p>Para entender melhor os impactos da decis\u00e3o da C\u00e2mara e da eventual convers\u00e3o do Projeto em Lei, n\u00e3o perca o evento <em><strong>desta quarta-feira, 26<\/strong><\/em>, que ser\u00e1 transmitido <strong><em>ao vivo e gratuitamente<\/em><\/strong>, pelo professor Herbert Almeida, a partir das <em><strong>21 horas, diretamente do canal do Estrat\u00e9gia Concursos no Youtube<\/strong><\/em>! <\/p>\n\n\n<figure class=\"wp-block-embed-youtube wp-block-embed is-type-video is-provider-youtube wp-embed-aspect-16-9 wp-has-aspect-ratio\"><div class=\"lyte-wrapper\" style=\"width:853px;max-width:100%;margin:5px;\"><div class=\"lyMe\" id=\"WYL_VZx36d653EE\"><div id=\"lyte_VZx36d653EE\" data-src=\"\/\/i.ytimg.com\/vi\/VZx36d653EE\/hqdefault.jpg\" class=\"pL\"><div class=\"tC\"><div class=\"tT\"><\/div><\/div><div class=\"play\"><\/div><div class=\"ctrl\"><div class=\"Lctrl\"><\/div><div class=\"Rctrl\"><\/div><\/div><\/div><noscript><a href=\"https:\/\/youtu.be\/VZx36d653EE\" rel=\"nofollow\"><img loading=\"lazy\" decoding=\"async\" src=\"https:\/\/i.ytimg.com\/vi\/VZx36d653EE\/0.jpg\" alt=\"YouTube video thumbnail\" width=\"853\" height=\"460\" \/><br \/>Assista a este v\u00eddeo no YouTube<\/a><\/noscript><\/div><\/div><div class=\"lL\" style=\"max-width:100%;width:853px;margin:5px;\"><\/div><figcaption><\/figcaption><\/figure>\n\n\n<h2 class=\"wp-block-heading\" id=\"h-quer-estudar-para-futuros-concursos-do-trf-da-6\u00aa-regiao\">Quer estudar para futuros concursos do TRF da 6\u00aa Regi\u00e3o?<\/h2>\n\n\n\n<p class=\"has-text-align-center has-very-light-gray-background-color has-background has-medium-font-size\"> <a href=\"https:\/\/www.estrategiaconcursos.com.br\/cursosPorConcurso\/trfs-cursos-regulares-56\/\" target=\"_blank\" rel=\"noreferrer noopener\">Cursos Tribunais Regionais Federais<\/a> <\/p>\n\n\n\n<p class=\"has-text-align-center\"><strong><em><strong>Sistema de Quest\u00f5es<\/strong><\/em><\/strong> <strong><em>\u2013 TRF da <\/em><\/strong><em><strong>6\u00aa Regi\u00e3o<\/strong><\/em><\/p>\n\n\n\n<p class=\"has-text-align-center\">Estrat\u00e9gia Quest\u00f5es nasceu maior do que todos os concorrentes, com mais quest\u00f5es cadastradas e mais solu\u00e7\u00f5es por professores. Clique no link e aproveite os descontos e b\u00f4nus imperd\u00edveis!<\/p>\n\n\n\n<p class=\"has-text-align-center has-vivid-green-cyan-background-color has-background\"><strong>ASSINE AGORA \u2013 <a rel=\"noreferrer noopener\" href=\"https:\/\/www.estrategiaconcursos.com.br\/cursosPorConcurso\/sistema-de-questoes\/#\/\" target=\"_blank\">Sistema de Quest\u00f5es<\/a><\/strong><\/p>\n\n\n\n<p>Fique por dentro dos concursos com editais publicados e dos concursos previstos:<\/p>\n\n\n\n<p class=\"has-text-align-center has-pale-cyan-blue-background-color has-background\"><strong><a href=\"https:\/\/www.estrategiaconcursos.com.br\/blog\/concursos-abertos\/\">CONCURSOS ABERTOS<\/a><\/strong><\/p>\n","protected":false},"excerpt":{"rendered":"<p>Nesta quarta-feira, 26 de agosto, a ag\u00eancia C\u00e2mara de Not\u00edcias divulgou que C\u00e2mara dos Deputados finalmente aprovou o texto base do Projeto de Lei n.\u00ba 5.919\/19, que cria o TRF da 6\u00aa Regi\u00e3o (Tribunal Regional da 6\u00aa Regi\u00e3o ou TRF6), com sede no estado de Minas Gerais. A aprova\u00e7\u00e3o ocorreu em sess\u00e3o virtual do Plen\u00e1rio [&hellip;]<\/p>\n","protected":false},"author":741,"featured_media":562144,"comment_status":"open","ping_status":"closed","sticky":false,"template":"","format":"standard","meta":{"post_tipo":"article","footnotes":""},"categories":[1],"tags":[],"tax_estado":[],"class_list":["post-562122","post","type-post","status-publish","format-standard","has-post-thumbnail","hentry","category-cursos-e-concursos"],"acf":[],"yoast_head":"<!-- This site is optimized with the Yoast SEO Premium plugin v27.2 (Yoast SEO v27.2) - https:\/\/yoast.com\/product\/yoast-seo-premium-wordpress\/ -->\n<title>C\u00e2mara dos Deputados APROVA cria\u00e7\u00e3o do TRF da 6\u00aa Regi\u00e3o!<\/title>\n<meta name=\"description\" content=\"Ap\u00f3s adiamentos na vota\u00e7\u00e3o, cria\u00e7\u00e3o do TRF da 6\u00aa Regi\u00e3o \u00e9 aprovada nesta quarta-feira pela C\u00e2mara dos Deputados. Saiba mais aqui!\" \/>\n<meta name=\"robots\" content=\"index, follow, max-snippet:-1, max-image-preview:large, max-video-preview:-1\" \/>\n<link rel=\"canonical\" href=\"https:\/\/www.estrategiaconcursos.com.br\/blog\/camara-aprova-criacao-trf-6a-regiao\/\" \/>\n<meta property=\"og:locale\" content=\"pt_BR\" \/>\n<meta property=\"og:type\" content=\"article\" \/>\n<meta property=\"og:title\" content=\"C\u00e2mara dos Deputados APROVA cria\u00e7\u00e3o do TRF da 6\u00aa Regi\u00e3o!\" \/>\n<meta property=\"og:description\" content=\"Ap\u00f3s adiamentos na vota\u00e7\u00e3o, cria\u00e7\u00e3o do TRF da 6\u00aa Regi\u00e3o \u00e9 aprovada nesta quarta-feira pela C\u00e2mara dos Deputados. Saiba mais aqui!\" \/>\n<meta property=\"og:url\" content=\"https:\/\/www.estrategiaconcursos.com.br\/blog\/camara-aprova-criacao-trf-6a-regiao\/\" \/>\n<meta property=\"og:site_name\" content=\"Estrat\u00e9gia Concursos\" \/>\n<meta property=\"article:published_time\" content=\"2020-08-26T22:03:25+00:00\" \/>\n<meta property=\"article:modified_time\" content=\"2023-06-13T12:38:08+00:00\" \/>\n<meta property=\"og:image\" content=\"https:\/\/dhg1h5j42swfq.cloudfront.net\/2020\/08\/26184621\/unnamed-3.jpg\" \/>\n\t<meta property=\"og:image:width\" content=\"512\" \/>\n\t<meta property=\"og:image:height\" content=\"268\" \/>\n\t<meta property=\"og:image:type\" content=\"image\/jpeg\" \/>\n<meta name=\"author\" content=\"Brunno Lima\" \/>\n<meta name=\"twitter:card\" content=\"summary_large_image\" \/>\n<meta name=\"twitter:creator\" content=\"@EstratConcursos\" \/>\n<meta name=\"twitter:site\" content=\"@EstratConcursos\" \/>\n<meta name=\"twitter:label1\" content=\"Escrito por\" \/>\n\t<meta name=\"twitter:data1\" content=\"Brunno Lima\" \/>\n\t<meta name=\"twitter:label2\" content=\"Est. tempo de leitura\" \/>\n\t<meta name=\"twitter:data2\" content=\"2 minutos\" \/>\n<script type=\"application\/ld+json\" class=\"yoast-schema-graph\">{\"@context\":\"https:\/\/schema.org\",\"@graph\":[{\"@type\":\"NewsArticle\",\"@id\":\"https:\/\/www.estrategiaconcursos.com.br\/blog\/camara-aprova-criacao-trf-6a-regiao\/#article\",\"isPartOf\":{\"@id\":\"https:\/\/www.estrategiaconcursos.com.br\/blog\/camara-aprova-criacao-trf-6a-regiao\/\"},\"author\":{\"name\":\"Brunno Lima\",\"@id\":\"https:\/\/www.estrategiaconcursos.com.br\/blog\/#\/schema\/person\/2865ec132c3404c9912015dd7a24eb1e\"},\"headline\":\"C\u00e2mara dos Deputados APROVA cria\u00e7\u00e3o do TRF da 6\u00aa Regi\u00e3o!\",\"datePublished\":\"2020-08-26T22:03:25+00:00\",\"dateModified\":\"2023-06-13T12:38:08+00:00\",\"mainEntityOfPage\":{\"@id\":\"https:\/\/www.estrategiaconcursos.com.br\/blog\/camara-aprova-criacao-trf-6a-regiao\/\"},\"wordCount\":499,\"commentCount\":0,\"publisher\":{\"@id\":\"https:\/\/www.estrategiaconcursos.com.br\/blog\/#organization\"},\"image\":{\"@id\":\"https:\/\/www.estrategiaconcursos.com.br\/blog\/camara-aprova-criacao-trf-6a-regiao\/#primaryimage\"},\"thumbnailUrl\":\"https:\/\/dhg1h5j42swfq.cloudfront.net\/2020\/08\/26184621\/unnamed-3.jpg\",\"articleSection\":[\"Concursos P\u00fablicos\"],\"inLanguage\":\"pt-BR\",\"potentialAction\":[{\"@type\":\"CommentAction\",\"name\":\"Comment\",\"target\":[\"https:\/\/www.estrategiaconcursos.com.br\/blog\/camara-aprova-criacao-trf-6a-regiao\/#respond\"]}],\"copyrightYear\":\"2020\",\"copyrightHolder\":{\"@id\":\"https:\/\/www.estrategiaconcursos.com.br\/blog\/#organization\"}},{\"@type\":\"WebPage\",\"@id\":\"https:\/\/www.estrategiaconcursos.com.br\/blog\/camara-aprova-criacao-trf-6a-regiao\/\",\"url\":\"https:\/\/www.estrategiaconcursos.com.br\/blog\/camara-aprova-criacao-trf-6a-regiao\/\",\"name\":\"C\u00e2mara dos Deputados APROVA cria\u00e7\u00e3o do TRF da 6\u00aa Regi\u00e3o!\",\"isPartOf\":{\"@id\":\"https:\/\/www.estrategiaconcursos.com.br\/blog\/#website\"},\"primaryImageOfPage\":{\"@id\":\"https:\/\/www.estrategiaconcursos.com.br\/blog\/camara-aprova-criacao-trf-6a-regiao\/#primaryimage\"},\"image\":{\"@id\":\"https:\/\/www.estrategiaconcursos.com.br\/blog\/camara-aprova-criacao-trf-6a-regiao\/#primaryimage\"},\"thumbnailUrl\":\"https:\/\/dhg1h5j42swfq.cloudfront.net\/2020\/08\/26184621\/unnamed-3.jpg\",\"datePublished\":\"2020-08-26T22:03:25+00:00\",\"dateModified\":\"2023-06-13T12:38:08+00:00\",\"description\":\"Ap\u00f3s adiamentos na vota\u00e7\u00e3o, cria\u00e7\u00e3o do TRF da 6\u00aa Regi\u00e3o \u00e9 aprovada nesta quarta-feira pela C\u00e2mara dos Deputados. Saiba mais aqui!\",\"breadcrumb\":{\"@id\":\"https:\/\/www.estrategiaconcursos.com.br\/blog\/camara-aprova-criacao-trf-6a-regiao\/#breadcrumb\"},\"inLanguage\":\"pt-BR\",\"potentialAction\":[{\"@type\":\"ReadAction\",\"target\":[\"https:\/\/www.estrategiaconcursos.com.br\/blog\/camara-aprova-criacao-trf-6a-regiao\/\"]}]},{\"@type\":\"ImageObject\",\"inLanguage\":\"pt-BR\",\"@id\":\"https:\/\/www.estrategiaconcursos.com.br\/blog\/camara-aprova-criacao-trf-6a-regiao\/#primaryimage\",\"url\":\"https:\/\/dhg1h5j42swfq.cloudfront.net\/2020\/08\/26184621\/unnamed-3.jpg\",\"contentUrl\":\"https:\/\/dhg1h5j42swfq.cloudfront.net\/2020\/08\/26184621\/unnamed-3.jpg\",\"width\":512,\"height\":268,\"caption\":\"TRF da 6\u00aa Regi\u00e3o\"},{\"@type\":\"BreadcrumbList\",\"@id\":\"https:\/\/www.estrategiaconcursos.com.br\/blog\/camara-aprova-criacao-trf-6a-regiao\/#breadcrumb\",\"itemListElement\":[{\"@type\":\"ListItem\",\"position\":1,\"name\":\"In\u00edcio\",\"item\":\"https:\/\/www.estrategiaconcursos.com.br\/blog\/\"},{\"@type\":\"ListItem\",\"position\":2,\"name\":\"C\u00e2mara dos Deputados APROVA cria\u00e7\u00e3o do TRF da 6\u00aa Regi\u00e3o!\"}]},{\"@type\":\"WebSite\",\"@id\":\"https:\/\/www.estrategiaconcursos.com.br\/blog\/#website\",\"url\":\"https:\/\/www.estrategiaconcursos.com.br\/blog\/\",\"name\":\"Estrat\u00e9gia Concursos\",\"description\":\"O blog da Estrat\u00e9gia Concursos traz not\u00edcias sobre concursos e artigos de professores oferecendo cursos para concursos (pdf + videaulas) no site.\",\"publisher\":{\"@id\":\"https:\/\/www.estrategiaconcursos.com.br\/blog\/#organization\"},\"potentialAction\":[{\"@type\":\"SearchAction\",\"target\":{\"@type\":\"EntryPoint\",\"urlTemplate\":\"https:\/\/www.estrategiaconcursos.com.br\/blog\/?s={search_term_string}\"},\"query-input\":{\"@type\":\"PropertyValueSpecification\",\"valueRequired\":true,\"valueName\":\"search_term_string\"}}],\"inLanguage\":\"pt-BR\"},{\"@type\":\"Organization\",\"@id\":\"https:\/\/www.estrategiaconcursos.com.br\/blog\/#organization\",\"name\":\"Estrat\u00e9gia Concursos\",\"url\":\"https:\/\/www.estrategiaconcursos.com.br\/blog\/\",\"logo\":{\"@type\":\"ImageObject\",\"inLanguage\":\"pt-BR\",\"@id\":\"https:\/\/www.estrategiaconcursos.com.br\/blog\/#\/schema\/logo\/image\/\",\"url\":\"https:\/\/dhg1h5j42swfq.cloudfront.net\/2025\/06\/03203428\/logo_concursos-1.jpg\",\"contentUrl\":\"https:\/\/dhg1h5j42swfq.cloudfront.net\/2025\/06\/03203428\/logo_concursos-1.jpg\",\"width\":230,\"height\":60,\"caption\":\"Estrat\u00e9gia Concursos\"},\"image\":{\"@id\":\"https:\/\/www.estrategiaconcursos.com.br\/blog\/#\/schema\/logo\/image\/\"},\"sameAs\":[\"https:\/\/x.com\/EstratConcursos\"]},{\"@type\":\"Person\",\"@id\":\"https:\/\/www.estrategiaconcursos.com.br\/blog\/#\/schema\/person\/2865ec132c3404c9912015dd7a24eb1e\",\"name\":\"Brunno Lima\",\"image\":{\"@type\":\"ImageObject\",\"inLanguage\":\"pt-BR\",\"@id\":\"https:\/\/secure.gravatar.com\/avatar\/d40b472e5e2856222d4a4a1c3ee2189ed7d7a9f67dc3343b880cc1889a7bd6af?s=96&d=mm&r=g\",\"url\":\"https:\/\/secure.gravatar.com\/avatar\/d40b472e5e2856222d4a4a1c3ee2189ed7d7a9f67dc3343b880cc1889a7bd6af?s=96&d=mm&r=g\",\"contentUrl\":\"https:\/\/secure.gravatar.com\/avatar\/d40b472e5e2856222d4a4a1c3ee2189ed7d7a9f67dc3343b880cc1889a7bd6af?s=96&d=mm&r=g\",\"caption\":\"Brunno Lima\"},\"url\":\"https:\/\/www.estrategiaconcursos.com.br\/blog\/author\/brunnoestrategiaconcursos-com-br\/\"}]}<\/script>\n<!-- \/ Yoast SEO Premium plugin. -->","yoast_head_json":{"title":"C\u00e2mara dos Deputados APROVA cria\u00e7\u00e3o do TRF da 6\u00aa Regi\u00e3o!","description":"Ap\u00f3s adiamentos na vota\u00e7\u00e3o, cria\u00e7\u00e3o do TRF da 6\u00aa Regi\u00e3o \u00e9 aprovada nesta quarta-feira pela C\u00e2mara dos Deputados. Saiba mais aqui!","robots":{"index":"index","follow":"follow","max-snippet":"max-snippet:-1","max-image-preview":"max-image-preview:large","max-video-preview":"max-video-preview:-1"},"canonical":"https:\/\/www.estrategiaconcursos.com.br\/blog\/camara-aprova-criacao-trf-6a-regiao\/","og_locale":"pt_BR","og_type":"article","og_title":"C\u00e2mara dos Deputados APROVA cria\u00e7\u00e3o do TRF da 6\u00aa Regi\u00e3o!","og_description":"Ap\u00f3s adiamentos na vota\u00e7\u00e3o, cria\u00e7\u00e3o do TRF da 6\u00aa Regi\u00e3o \u00e9 aprovada nesta quarta-feira pela C\u00e2mara dos Deputados. Saiba mais aqui!","og_url":"https:\/\/www.estrategiaconcursos.com.br\/blog\/camara-aprova-criacao-trf-6a-regiao\/","og_site_name":"Estrat\u00e9gia Concursos","article_published_time":"2020-08-26T22:03:25+00:00","article_modified_time":"2023-06-13T12:38:08+00:00","og_image":[{"width":512,"height":268,"url":"https:\/\/dhg1h5j42swfq.cloudfront.net\/2020\/08\/26184621\/unnamed-3.jpg","type":"image\/jpeg"}],"author":"Brunno Lima","twitter_card":"summary_large_image","twitter_creator":"@EstratConcursos","twitter_site":"@EstratConcursos","twitter_misc":{"Escrito por":"Brunno Lima","Est. tempo de leitura":"2 minutos"},"schema":{"@context":"https:\/\/schema.org","@graph":[{"@type":"NewsArticle","@id":"https:\/\/www.estrategiaconcursos.com.br\/blog\/camara-aprova-criacao-trf-6a-regiao\/#article","isPartOf":{"@id":"https:\/\/www.estrategiaconcursos.com.br\/blog\/camara-aprova-criacao-trf-6a-regiao\/"},"author":{"name":"Brunno Lima","@id":"https:\/\/www.estrategiaconcursos.com.br\/blog\/#\/schema\/person\/2865ec132c3404c9912015dd7a24eb1e"},"headline":"C\u00e2mara dos Deputados APROVA cria\u00e7\u00e3o do TRF da 6\u00aa Regi\u00e3o!","datePublished":"2020-08-26T22:03:25+00:00","dateModified":"2023-06-13T12:38:08+00:00","mainEntityOfPage":{"@id":"https:\/\/www.estrategiaconcursos.com.br\/blog\/camara-aprova-criacao-trf-6a-regiao\/"},"wordCount":499,"commentCount":0,"publisher":{"@id":"https:\/\/www.estrategiaconcursos.com.br\/blog\/#organization"},"image":{"@id":"https:\/\/www.estrategiaconcursos.com.br\/blog\/camara-aprova-criacao-trf-6a-regiao\/#primaryimage"},"thumbnailUrl":"https:\/\/dhg1h5j42swfq.cloudfront.net\/2020\/08\/26184621\/unnamed-3.jpg","articleSection":["Concursos P\u00fablicos"],"inLanguage":"pt-BR","potentialAction":[{"@type":"CommentAction","name":"Comment","target":["https:\/\/www.estrategiaconcursos.com.br\/blog\/camara-aprova-criacao-trf-6a-regiao\/#respond"]}],"copyrightYear":"2020","copyrightHolder":{"@id":"https:\/\/www.estrategiaconcursos.com.br\/blog\/#organization"}},{"@type":"WebPage","@id":"https:\/\/www.estrategiaconcursos.com.br\/blog\/camara-aprova-criacao-trf-6a-regiao\/","url":"https:\/\/www.estrategiaconcursos.com.br\/blog\/camara-aprova-criacao-trf-6a-regiao\/","name":"C\u00e2mara dos Deputados APROVA cria\u00e7\u00e3o do TRF da 6\u00aa Regi\u00e3o!","isPartOf":{"@id":"https:\/\/www.estrategiaconcursos.com.br\/blog\/#website"},"primaryImageOfPage":{"@id":"https:\/\/www.estrategiaconcursos.com.br\/blog\/camara-aprova-criacao-trf-6a-regiao\/#primaryimage"},"image":{"@id":"https:\/\/www.estrategiaconcursos.com.br\/blog\/camara-aprova-criacao-trf-6a-regiao\/#primaryimage"},"thumbnailUrl":"https:\/\/dhg1h5j42swfq.cloudfront.net\/2020\/08\/26184621\/unnamed-3.jpg","datePublished":"2020-08-26T22:03:25+00:00","dateModified":"2023-06-13T12:38:08+00:00","description":"Ap\u00f3s adiamentos na vota\u00e7\u00e3o, cria\u00e7\u00e3o do TRF da 6\u00aa Regi\u00e3o \u00e9 aprovada nesta quarta-feira pela C\u00e2mara dos Deputados. Saiba mais aqui!","breadcrumb":{"@id":"https:\/\/www.estrategiaconcursos.com.br\/blog\/camara-aprova-criacao-trf-6a-regiao\/#breadcrumb"},"inLanguage":"pt-BR","potentialAction":[{"@type":"ReadAction","target":["https:\/\/www.estrategiaconcursos.com.br\/blog\/camara-aprova-criacao-trf-6a-regiao\/"]}]},{"@type":"ImageObject","inLanguage":"pt-BR","@id":"https:\/\/www.estrategiaconcursos.com.br\/blog\/camara-aprova-criacao-trf-6a-regiao\/#primaryimage","url":"https:\/\/dhg1h5j42swfq.cloudfront.net\/2020\/08\/26184621\/unnamed-3.jpg","contentUrl":"https:\/\/dhg1h5j42swfq.cloudfront.net\/2020\/08\/26184621\/unnamed-3.jpg","width":512,"height":268,"caption":"TRF da 6\u00aa Regi\u00e3o"},{"@type":"BreadcrumbList","@id":"https:\/\/www.estrategiaconcursos.com.br\/blog\/camara-aprova-criacao-trf-6a-regiao\/#breadcrumb","itemListElement":[{"@type":"ListItem","position":1,"name":"In\u00edcio","item":"https:\/\/www.estrategiaconcursos.com.br\/blog\/"},{"@type":"ListItem","position":2,"name":"C\u00e2mara dos Deputados APROVA cria\u00e7\u00e3o do TRF da 6\u00aa Regi\u00e3o!"}]},{"@type":"WebSite","@id":"https:\/\/www.estrategiaconcursos.com.br\/blog\/#website","url":"https:\/\/www.estrategiaconcursos.com.br\/blog\/","name":"Estrat\u00e9gia Concursos","description":"O blog da Estrat\u00e9gia Concursos traz not\u00edcias sobre concursos e artigos de professores oferecendo cursos para concursos (pdf + videaulas) no site.","publisher":{"@id":"https:\/\/www.estrategiaconcursos.com.br\/blog\/#organization"},"potentialAction":[{"@type":"SearchAction","target":{"@type":"EntryPoint","urlTemplate":"https:\/\/www.estrategiaconcursos.com.br\/blog\/?s={search_term_string}"},"query-input":{"@type":"PropertyValueSpecification","valueRequired":true,"valueName":"search_term_string"}}],"inLanguage":"pt-BR"},{"@type":"Organization","@id":"https:\/\/www.estrategiaconcursos.com.br\/blog\/#organization","name":"Estrat\u00e9gia Concursos","url":"https:\/\/www.estrategiaconcursos.com.br\/blog\/","logo":{"@type":"ImageObject","inLanguage":"pt-BR","@id":"https:\/\/www.estrategiaconcursos.com.br\/blog\/#\/schema\/logo\/image\/","url":"https:\/\/dhg1h5j42swfq.cloudfront.net\/2025\/06\/03203428\/logo_concursos-1.jpg","contentUrl":"https:\/\/dhg1h5j42swfq.cloudfront.net\/2025\/06\/03203428\/logo_concursos-1.jpg","width":230,"height":60,"caption":"Estrat\u00e9gia Concursos"},"image":{"@id":"https:\/\/www.estrategiaconcursos.com.br\/blog\/#\/schema\/logo\/image\/"},"sameAs":["https:\/\/x.com\/EstratConcursos"]},{"@type":"Person","@id":"https:\/\/www.estrategiaconcursos.com.br\/blog\/#\/schema\/person\/2865ec132c3404c9912015dd7a24eb1e","name":"Brunno Lima","image":{"@type":"ImageObject","inLanguage":"pt-BR","@id":"https:\/\/secure.gravatar.com\/avatar\/d40b472e5e2856222d4a4a1c3ee2189ed7d7a9f67dc3343b880cc1889a7bd6af?s=96&d=mm&r=g","url":"https:\/\/secure.gravatar.com\/avatar\/d40b472e5e2856222d4a4a1c3ee2189ed7d7a9f67dc3343b880cc1889a7bd6af?s=96&d=mm&r=g","contentUrl":"https:\/\/secure.gravatar.com\/avatar\/d40b472e5e2856222d4a4a1c3ee2189ed7d7a9f67dc3343b880cc1889a7bd6af?s=96&d=mm&r=g","caption":"Brunno Lima"},"url":"https:\/\/www.estrategiaconcursos.com.br\/blog\/author\/brunnoestrategiaconcursos-com-br\/"}]}},"_links":{"self":[{"href":"https:\/\/www.estrategiaconcursos.com.br\/blog\/wp-json\/wp\/v2\/posts\/562122","targetHints":{"allow":["GET"]}}],"collection":[{"href":"https:\/\/www.estrategiaconcursos.com.br\/blog\/wp-json\/wp\/v2\/posts"}],"about":[{"href":"https:\/\/www.estrategiaconcursos.com.br\/blog\/wp-json\/wp\/v2\/types\/post"}],"author":[{"embeddable":true,"href":"https:\/\/www.estrategiaconcursos.com.br\/blog\/wp-json\/wp\/v2\/users\/741"}],"replies":[{"embeddable":true,"href":"https:\/\/www.estrategiaconcursos.com.br\/blog\/wp-json\/wp\/v2\/comments?post=562122"}],"version-history":[{"count":9,"href":"https:\/\/www.estrategiaconcursos.com.br\/blog\/wp-json\/wp\/v2\/posts\/562122\/revisions"}],"predecessor-version":[{"id":1231207,"href":"https:\/\/www.estrategiaconcursos.com.br\/blog\/wp-json\/wp\/v2\/posts\/562122\/revisions\/1231207"}],"wp:featuredmedia":[{"embeddable":true,"href":"https:\/\/www.estrategiaconcursos.com.br\/blog\/wp-json\/wp\/v2\/media\/562144"}],"wp:attachment":[{"href":"https:\/\/www.estrategiaconcursos.com.br\/blog\/wp-json\/wp\/v2\/media?parent=562122"}],"wp:term":[{"taxonomy":"category","embeddable":true,"href":"https:\/\/www.estrategiaconcursos.com.br\/blog\/wp-json\/wp\/v2\/categories?post=562122"},{"taxonomy":"post_tag","embeddable":true,"href":"https:\/\/www.estrategiaconcursos.com.br\/blog\/wp-json\/wp\/v2\/tags?post=562122"},{"taxonomy":"tax_estado","embeddable":true,"href":"https:\/\/www.estrategiaconcursos.com.br\/blog\/wp-json\/wp\/v2\/tax_estado?post=562122"}],"curies":[{"name":"wp","href":"https:\/\/api.w.org\/{rel}","templated":true}]}}