{"id":562101,"date":"2020-09-04T20:14:00","date_gmt":"2020-09-04T23:14:00","guid":{"rendered":"https:\/\/www.estrategiaconcursos.com.br\/blog\/?p=562101"},"modified":"2022-10-21T17:50:18","modified_gmt":"2022-10-21T20:50:18","slug":"imposto-sobre-servico-no-iss-aju-principais-pontos-parte-2","status":"publish","type":"post","link":"https:\/\/www.estrategiaconcursos.com.br\/blog\/imposto-sobre-servico-no-iss-aju-principais-pontos-parte-2\/","title":{"rendered":"Imposto sobre Servi\u00e7o no ISS AJU \u2013 Principais Pontos \u2013 Parte 2"},"content":{"rendered":"\n<p>Ol\u00e1, Pessoal. Hoje voltaremos a tratar o tema do Imposto sobre Servi\u00e7o no ISS AJU, tema disciplinado no CTM de Aracaju. Preparado (a)?<\/p>\n\n\n\n<figure class=\"wp-block-image aligncenter size-large\"><img loading=\"lazy\" decoding=\"async\" width=\"284\" height=\"190\" src=\"https:\/\/dhg1h5j42swfq.cloudfront.net\/2020\/08\/26175829\/image-241.png\" alt=\"Imposto sobre Servi\u00e7o no ISS AJU\" class=\"wp-image-562102\"\/><figcaption>CTM &#8211; Imposto sobre Servi\u00e7o no ISS AJU<\/figcaption><\/figure>\n\n\n\n<h2 class=\"wp-block-heading\">ISS &#8211; Escrita e document\u00e1rio fiscal<\/h2>\n\n\n\n<p>Iniciando o tema sobre o Imposto sobre Servi\u00e7o no ISS AJU, vejamos sobre a escrita e o document\u00e1rio fiscal.<\/p>\n\n\n\n<p>A escritura\u00e7\u00e3o e documenta\u00e7\u00e3o fiscal possibilita o trabalho da fiscaliza\u00e7\u00e3o, assim:<\/p>\n\n\n\n<p><em>Art. 120.&nbsp;O <span class=\"has-inline-color has-vivid-cyan-blue-color\"><strong>contribuinte<\/strong> <\/span>fica <strong><span class=\"has-inline-color has-vivid-cyan-blue-color\">obrigado a manter<\/span><\/strong> para <span class=\"has-inline-color has-vivid-red-color\"><strong>cada<\/strong><\/span><strong><span class=\"has-inline-color has-vivid-red-color\"> um<\/span> de seus <\/strong><span class=\"has-inline-color has-very-dark-gray-color\"><strong>estabelecimentos<\/strong> <\/span>sujeitos \u00e0 inscri\u00e7\u00e3o, <strong>escrita fiscal<\/strong> e <strong>registro dos servi\u00e7os prestados<\/strong>, <u><strong><span class=\"has-inline-color has-vivid-red-color\">ainda que n\u00e3o<\/span><\/strong> tributados<\/u>.<\/em><\/p>\n\n\n\n<p>E o CTM elenca os documentos fiscais para o ISS.<\/p>\n\n\n\n<p><em>\u00a7 1\u00ba &#8211; o <strong><span class=\"has-inline-color has-vivid-green-cyan-color\">document\u00e1rio fiscal<\/span> compreende<\/strong>:<\/em><\/p>\n\n\n\n<p><em>a) <strong><span class=\"has-inline-color has-vivid-purple-color\">Livros Comerciais<\/span><\/strong> e os <span class=\"has-inline-color has-vivid-purple-color\"><strong>Livros de Registros<\/strong> <\/span>de Imposto Sobre Servi\u00e7o de Qualquer Natureza<\/em><\/p>\n\n\n\n<p><em>b) <strong><span class=\"has-inline-color has-vivid-purple-color\">notas fiscais<\/span><\/strong> de presta\u00e7\u00e3o de servi\u00e7os;<\/em><\/p>\n\n\n\n<p><em>c) <span class=\"has-inline-color has-vivid-purple-color\"><strong>demais documentos<\/strong> <\/span>que se relacionam com opera\u00e7\u00f5es tribut\u00e1rias.<\/em><\/p>\n\n\n\n<p><em>\u00a7 3\u00ba Os <span class=\"has-inline-color has-vivid-green-cyan-color\"><strong>documentos<\/strong> <\/span>fiscais de que trata o \u00a7 1\u00ba, <strong><span class=\"has-inline-color has-vivid-green-cyan-color\">al\u00edneas &#8220;a&#8221; e &#8220;b<\/span>&#8220;<\/strong>, tem <strong>obrigat\u00f3ria<\/strong> a sua <strong>autoriza\u00e7\u00e3o e autentica\u00e7\u00e3o<\/strong> na <strong>Divis\u00e3o de Fiscaliza\u00e7\u00e3o da Secretaria Municipal de Finan\u00e7as<\/strong>.<\/em><\/p>\n\n\n\n<p>Especificamente sobre a Nota fiscal, a Legisla\u00e7\u00e3o traz que:<\/p>\n\n\n\n<p><em>Art. 124 \u2013 <strong>Ficam institu\u00eddas a Nota Fiscal<\/strong> de <strong><span class=\"has-inline-color has-vivid-cyan-blue-color\">Presta\u00e7\u00e3o de Servi\u00e7os<\/span><\/strong>, a Nota Fiscal <span class=\"has-inline-color has-vivid-cyan-blue-color\"><strong>Fatura<\/strong> <\/span>de Presta\u00e7\u00e3o de Servi\u00e7os, a Nota Fiscal <strong><span class=\"has-inline-color has-vivid-cyan-blue-color\">Computadorizada de Presta\u00e7\u00e3o<\/span><\/strong> de Servi\u00e7os e a Nota Fiscal <strong><span class=\"has-inline-color has-vivid-cyan-blue-color\">Avulsa de Presta\u00e7\u00e3o<\/span><\/strong> de Servi\u00e7os que dever\u00e3o ser emitidas contra a respectiva presta\u00e7\u00e3o de servi\u00e7o.<\/em><\/p>\n\n\n\n<p><em>\u00a7 2\u00ba &#8211; O <strong><span class=\"has-inline-color has-vivid-green-cyan-color\">Executivo poder\u00e1 dispor<\/span><\/strong>, <span style=\"text-decoration: underline\">em regulamento<\/span>, sobre a <span class=\"has-inline-color has-vivid-green-cyan-color\"><strong>dispensa<\/strong> <\/span>de obrigatoriedade da <span class=\"has-inline-color has-vivid-green-cyan-color\"><strong>emiss\u00e3o<\/strong> <\/span>da Nota fiscal, <strong>ficando esta, de logo, <\/strong><span class=\"has-inline-color has-vivid-red-color\"><strong>exclu\u00edda<\/strong> <\/span>para as <strong>atividades<\/strong> que tenham <strong>base de c\u00e1lculo <span class=\"has-inline-color has-vivid-red-color\">fixa<\/span><\/strong>.<\/em><\/p>\n\n\n\n<p><em>\u00a7 5\u00ba As <span class=\"has-inline-color has-vivid-cyan-blue-color\"><strong>pessoas <\/strong><\/span><span class=\"has-inline-color has-vivid-red-color\"><strong>jur\u00eddicas<\/strong> <\/span><span class=\"has-inline-color has-vivid-cyan-blue-color\"><strong>n\u00e3o poder\u00e3o utilizar-se de Nota Fiscal Avulsa<\/strong> <\/span>de Presta\u00e7\u00e3o de Servi\u00e7os, <u>salvo em hip\u00f3teses excepcionais<\/u>, a <u>crit\u00e9rio da autoridade<\/u> competente.<\/em><\/p>\n\n\n\n<p>Aten\u00e7\u00e3o ao prazo para escritura\u00e7\u00e3o do Livro de Registro do ISS.<\/p>\n\n\n\n<p><em>Art. 121 \u2013 <strong><span class=\"has-inline-color has-vivid-cyan-blue-color\">Em nenhuma hip\u00f3tese<\/span><\/strong> poder\u00e1 o contribuinte <strong><span class=\"has-inline-color has-vivid-cyan-blue-color\">atrasar a escritura\u00e7\u00e3o<\/span><\/strong> do <strong>Livro de Registro <\/strong>de Imposto sobre Servi\u00e7os de Qualquer Natureza <strong>por mais de<\/strong><span class=\"has-inline-color has-vivid-red-color\"> <strong>30 dias.<\/strong><\/span><\/em><\/p>\n\n\n\n<h2 class=\"wp-block-heading\">ISS &#8211; Isen\u00e7\u00f5es<\/h2>\n\n\n\n<p>Vejamos as isen\u00e7\u00f5es prevista no CTM:<\/p>\n\n\n\n<p><em>Art. 126.&nbsp;S\u00e3o <span class=\"has-inline-color has-vivid-cyan-blue-color\"><strong>isentos<\/strong> <\/span>do impostos:<\/em><\/p>\n\n\n\n<p><em>I &#8211; O <strong><span class=\"has-inline-color has-vivid-green-cyan-color\">artista<\/span><\/strong>, art\u00edfice ou <strong><span class=\"has-inline-color has-vivid-green-cyan-color\">artes\u00e3o<\/span><\/strong>, que exer\u00e7a <strong>atividade na pr\u00f3pria resid\u00eancia sem aux\u00edlio de terceiros e sem propaganda<\/strong> de qualquer esp\u00e9cie;<\/em><\/p>\n\n\n\n<p><em>II &#8211; Os <strong><span class=\"has-inline-color has-vivid-green-cyan-color\">profissionais aut\u00f4nomos<\/span><\/strong> que auferirem no exerc\u00edcio de suas atividades <strong>r<\/strong>e<strong>ceita anual inferior a <span class=\"has-inline-color has-vivid-red-color\">20 vezes<\/span> o sal\u00e1rio m\u00ednimo <\/strong>do Munic\u00edpio;<\/em><\/p>\n\n\n\n<p><em>III &#8211; <strong>Apresenta\u00e7\u00f5es <\/strong><span class=\"has-inline-color has-vivid-green-cyan-color\"><strong>teatrais<\/strong>, <strong>radiof\u00f4nicas<\/strong><\/span> e de <strong><span class=\"has-inline-color has-vivid-green-cyan-color\">TV<\/span><\/strong>, <strong>ao vivo, com quadros culturais<\/strong>, assim considerados por entidades reconhecidas;<\/em><\/p>\n\n\n\n<p><em>IV &#8211; As <strong><span class=\"has-inline-color has-vivid-green-cyan-color\">competi\u00e7\u00f5es esportivas<\/span><\/strong> realizadas em disputados <strong><span class=\"has-inline-color has-vivid-green-cyan-color\">campeonatos oficiais do Estado<\/span><\/strong>, as <strong>partidas amistosas<\/strong> e <strong>torneios<\/strong> entre dois ou mais <strong>clubes exclusivamente sergipanos<\/strong>, e os <strong><span class=\"has-inline-color has-vivid-green-cyan-color\">jogos de benefic\u00eancia<\/span><\/strong>, <span style=\"text-decoration: underline\">desde que o sob o patroc\u00ednio da Federa\u00e7\u00e3o Sergipana de Futebol;<\/span><\/em><\/p>\n\n\n\n<p><em>V &#8211; <strong><span class=\"has-inline-color has-vivid-green-cyan-color\">taxistas<\/span><\/strong>, regularizados no \u00f3rg\u00e3o respons\u00e1vel pela sua concess\u00e3o.<\/em><\/p>\n\n\n\n<h2 class=\"wp-block-heading\">ISS &#8211; Contribuintes e respons\u00e1veis<\/h2>\n\n\n\n<p>Sabemos que o contribuinte do ISS \u00e9 o prestador de servi\u00e7o, por\u00e9m o tomador n\u00e3o fica desobrigado as obriga\u00e7\u00f5es acess\u00f3rias, assim:<\/p>\n\n\n\n<p><em>Art. 128.&nbsp;<strong>Todo <\/strong><span class=\"has-inline-color has-vivid-cyan-blue-color\"><strong>aquele<\/strong> <\/span>que se <strong><span class=\"has-inline-color has-vivid-cyan-blue-color\">utilizar do servi\u00e7o<\/span><\/strong> prestado por <strong><span class=\"has-inline-color has-vivid-green-cyan-color\">empresa <\/span><\/strong>ou <strong><span class=\"has-inline-color has-vivid-green-cyan-color\">profissional aut\u00f4nomo<\/span><\/strong>, <strong>dever\u00e1 exigir<\/strong> a apresenta\u00e7\u00e3o do <strong>certificado de inscri\u00e7\u00e3o no CMC<\/strong> (Cadastro Mobili\u00e1rio de Contribuintes) <strong>ou a Nota Fiscal<\/strong>, <u>no caso de empresa<\/u>.<\/em><\/p>\n\n\n\n<p><em>\u00a7 1\u00ba \u2013 No <span class=\"has-inline-color has-vivid-green-cyan-color\"><strong>recibo<\/strong> <\/span>ou qualquer outro <strong><span class=\"has-inline-color has-vivid-green-cyan-color\">documento que comprove a efetiva\u00e7\u00e3o do pagamento<\/span><\/strong>, <strong>dever\u00e1 constar o n\u00famero da inscri\u00e7\u00e3o<\/strong> municipal do <strong>prestador<\/strong> de servi\u00e7o.<\/em><\/p>\n\n\n\n<p><em>\u00a7 2\u00ba &#8211; <strong><span class=\"has-inline-color has-vivid-green-cyan-color\">N\u00e3o sendo apresentado o certificado<\/span><\/strong> de inscri\u00e7\u00e3o, aquele que se<strong> utilizar do servi\u00e7o <span class=\"has-inline-color has-vivid-red-color\">descontar\u00e1 <\/span>no ato do pagamento, o valor do tributo<\/strong> correspondente \u00e0 al\u00edquota prevista para a respectiva atividade.<\/em><\/p>\n\n\n\n<h2 class=\"wp-block-heading\">ISS &#8211; Desconto na fonte<\/h2>\n\n\n\n<p>Na hip\u00f3tese de n\u00e3o ocorrer o desconto na fonte, o usu\u00e1rio do servi\u00e7o ser\u00e1 respons\u00e1vel pelo pagamento do tributo.<\/p>\n\n\n\n<p><em>Art. 129.&nbsp;Na <u>hip\u00f3tese de n\u00e3o efetuar o desconto<\/u> a que estava <u>obrigado a providenciar<\/u>, ficar\u00e1 o <strong><span class=\"has-inline-color has-vivid-cyan-blue-color\">usu\u00e1rio do servi\u00e7o respons\u00e1vel<\/span><\/strong> pelo <strong>pagamento<\/strong> do valor correspondente ao <strong>tributo n\u00e3o descontado<\/strong>.<\/em><\/p>\n\n\n\n<p>Nesse sentido, o respons\u00e1vel deve fazer o recolhimento em seu pr\u00f3prio nome.<\/p>\n\n\n\n<p><em>Art. 130 \u2013 O <span class=\"has-inline-color has-vivid-cyan-blue-color\"><strong>recolhimento do imposto descontado na fonte<\/strong> <\/span>far-se- \u00e1 em <strong>nome do respons\u00e1vel pela reten\u00e7\u00e3o<\/strong>, <span style=\"text-decoration: underline\">ap\u00f3s o preenchimento de declara\u00e7\u00e3o<\/span>, por interm\u00e9dio do s\u00edtio da Secretaria Municipal de Finan\u00e7as, www.aracaju.se.gov.br\/contribuinte, contendo os dados individualizados dos prestadores de servi\u00e7os, <strong>observando<\/strong>-se, quanto ao <strong>prazo<\/strong> de <strong>recolhimento<\/strong>, o disposto no artigo 118, item I<\/em><\/p>\n\n\n\n<p>Aten\u00e7\u00e3o \u00e0 possibilidade de apropria\u00e7\u00e3o ind\u00e9bita no caso de reten\u00e7\u00e3o sem o devido recolhimento.<\/p>\n\n\n\n<p><em>Par\u00e1grafo \u00fanico. Considera-se <strong><span class=\"has-inline-color has-vivid-green-cyan-color\">apropria\u00e7\u00e3o ind\u00e9bita<\/span><\/strong> a <strong>reten\u00e7\u00e3o pelo usu\u00e1rio do servi\u00e7o<\/strong> por <strong>prazo superior a<\/strong> <strong><span class=\"has-inline-color has-vivid-red-color\">30 dias<\/span><\/strong>, contados <u>da data <\/u>em que <u>deveria ter sido providenciado o recolhimento<\/u>, do valor do tributo descontado na fonte.<\/em><\/p>\n\n\n\n<h3 class=\"wp-block-heading\">Regras Gerais<\/h3>\n\n\n\n<p>Como vimos, a responsabilidade pela reten\u00e7\u00e3o deve ser cumprida pelo tomador, por\u00e9m algumas regras para sua correta mensura\u00e7\u00e3o devem ser observadas:<\/p>\n\n\n\n<p><em>\u00a7 4\u00ba A <span class=\"has-inline-color has-vivid-cyan-blue-color\"><strong>responsabilidade<\/strong> <\/span>de que trata este artigo ser\u00e1 satisfeita mediante o <strong><span class=\"has-inline-color has-vivid-cyan-blue-color\">pagamento<\/span><\/strong>:<\/em><\/p>\n\n\n\n<p><em>I &#8211; do <strong><span class=\"has-inline-color has-vivid-green-cyan-color\">imposto retido das pessoas <\/span><span class=\"has-inline-color has-vivid-red-color\">f\u00edsicas<\/span><\/strong>, \u00e0 <strong>al\u00edquota<\/strong> de <strong><span class=\"has-inline-color has-vivid-red-color\">5%<\/span><\/strong> sobre o pre\u00e7o do servi\u00e7o prestado;<\/em><\/p>\n\n\n\n<p><em>II &#8211; do <strong><span class=\"has-inline-color has-vivid-green-cyan-color\">imposto retido das pessoas <\/span><span class=\"has-inline-color has-vivid-red-color\">jur\u00eddicas<\/span><\/strong>, com base no pre\u00e7o do servi\u00e7o prestado aplicada a <strong>al\u00edquota correspondente \u00e0 atividade<\/strong> exercida;<\/em><\/p>\n\n\n\n<p><em>III &#8211; do imposto incidente sobre as opera\u00e7\u00f5es, nos demais casos.<\/em><\/p>\n\n\n\n<p><em>\u00a7 7\u00ba Os valores relativos \u00e0s <strong><span class=\"has-inline-color has-vivid-cyan-blue-color\">dedu\u00e7\u00f5es legais<\/span><\/strong>, admiss\u00edveis na apura\u00e7\u00e3o da base de c\u00e1lculo do imposto, <strong><span class=\"has-inline-color has-vivid-red-color\">somente <\/span>ser\u00e3o considerados<\/strong> quando <strong>constantes<\/strong> na respectiva <strong>nota fiscal.<\/strong><\/em><\/p>\n\n\n\n<h3 class=\"wp-block-heading\">Respons\u00e1veis X Substitutos<\/h3>\n\n\n\n<p>Os respons\u00e1veis tribut\u00e1rios (Art. 131, I) e substitutos tribut\u00e1rios (Art. 131, II) est\u00e3o elencados na Legisla\u00e7\u00e3o (uma lista bem extensa) e o efeito pr\u00e1tico \u00e9 muito parecido (em ambos os casos deve-se reter e pagar o imposto), exceto no caso do n\u00e3o pagamento por parte do respons\u00e1vel.<\/p>\n\n\n\n<p><strong><span class=\"has-inline-color has-vivid-purple-color\">Respons\u00e1veis solid\u00e1rios<\/span> <\/strong>\u2013 prestador solid\u00e1rio<\/p>\n\n\n\n<p><em>\u00a7 8\u00ba O <strong>prestador<\/strong> do servi\u00e7o <strong><span class=\"has-inline-color has-vivid-cyan-blue-color\">responde solidariamente<\/span><\/strong> com os respons\u00e1veis tribut\u00e1rios elencados no inciso I e suas al\u00edneas do &#8220;caput&#8221; deste artigo, sempre que <strong><span class=\"has-inline-color has-vivid-red-color\">n\u00e3o <\/span>ocorrer a reten\u00e7\u00e3o do imposto <\/strong>devido, ressalvados os casos previstos na legisla\u00e7\u00e3o.<\/em><\/p>\n\n\n\n<p><strong><span class=\"has-inline-color has-vivid-purple-color\">Substitutos tribut\u00e1rios<\/span> <\/strong>\u2013 prestador subsidi\u00e1rio<\/p>\n\n\n\n<p><em>\u00a7 9\u00ba O <strong>prestador<\/strong> do servi\u00e7o <strong><span class=\"has-inline-color has-vivid-cyan-blue-color\">responde subsidiariamente<\/span><\/strong> com os respons\u00e1veis tribut\u00e1rios elencados no inciso II e al\u00edneas do &#8220;caput&#8221; deste artigo, <strong>sempre que <span class=\"has-inline-color has-vivid-red-color\">n\u00e3o <\/span>ocorrer a reten\u00e7\u00e3o do imposto<\/strong> devido, ressalvados os casos previstos na legisla\u00e7\u00e3o<\/em><\/p>\n\n\n\n<h3 class=\"wp-block-heading\">Casos que n\u00e3o haver\u00e1 reten\u00e7\u00e3o<\/h3>\n\n\n\n<p>Existem diversas hip\u00f3teses de reten\u00e7\u00e3o na fonte, seja por responsabilidade solidaria, seja por substitui\u00e7\u00e3o tribut\u00e1ria, por\u00e9m o CTM elenca hip\u00f3teses em que n\u00e3o h\u00e1 esta obriga\u00e7\u00e3o.<\/p>\n\n\n\n<p><em>\u00a7 10. <strong><span class=\"has-inline-color has-vivid-cyan-blue-color\">N\u00e3o haver\u00e1 reten\u00e7\u00e3o na fonte<\/span><\/strong>, pelos respons\u00e1veis tribut\u00e1rios mencionados neste artigo, <strong>quando o servi\u00e7o for prestado<\/strong> por:<\/em><\/p>\n\n\n\n<p><em>I &#8211; <strong>contribuintes<\/strong> enquadrados no <span class=\"has-inline-color has-vivid-green-cyan-color\"><strong>regime<\/strong> <\/span>de recolhimento do imposto por <strong><span class=\"has-inline-color has-vivid-green-cyan-color\">estimativa<\/span><\/strong>;<\/em><\/p>\n\n\n\n<p><em>II &#8211; <strong><span class=\"has-inline-color has-vivid-green-cyan-color\">profissionais aut\u00f4nomos<\/span><\/strong> <strong>devidamente inscritos<\/strong> no cadastro municipal;<\/em><\/p>\n\n\n\n<p><em>III &#8211; <strong>prestadores<\/strong> de servi\u00e7os <strong><span class=\"has-inline-color has-vivid-green-cyan-color\">imunes ou isentos<\/span><\/strong>, devidamente comprovada a sua situa\u00e7\u00e3o cadastral;<\/em><\/p>\n\n\n\n<p><em>IV &#8211; pessoas jur\u00eddicas cadastradas como <strong><span class=\"has-inline-color has-vivid-green-cyan-color\">sociedades uniprofissionais<\/span><\/strong> que recolhem o Imposto sobre Servi\u00e7os &#8211; ISS no regime de <strong>al\u00edquotas <span class=\"has-inline-color has-vivid-red-color\">fixas<\/span><\/strong>;<\/em><\/p>\n\n\n\n<p><em>V &#8211; <strong><span class=\"has-inline-color has-vivid-green-cyan-color\">microempreendedor individual<\/span><\/strong>.<\/em><\/p>\n\n\n\n<p>Perceba que se tratam de casos em que o contribuinte encontra-se em  regime espec\u00edficos de tributa\u00e7\u00e3o, com exce\u00e7\u00e3o ao inciso III em que n\u00e3o gera obriga\u00e7\u00e3o de pagamento.<\/p>\n\n\n\n<h2 class=\"wp-block-heading\">ISS &#8211; Infra\u00e7\u00f5es e penalidades<\/h2>\n\n\n\n<p>As multas por infra\u00e7\u00e3o est\u00e3o disciplinadas no artigo 132 e sua memoriza\u00e7\u00e3o tem sempre um baixo custo benef\u00edcio, entretanto, vejamos um esquema em rela\u00e7\u00e3o as obriga\u00e7\u00f5es principais.<\/p>\n\n\n\n<p><strong><span class=\"has-inline-color has-vivid-cyan-blue-color\">Multas por falta de pagamento<\/span><\/strong> (obriga\u00e7\u00e3o principal)<\/p>\n\n\n\n<p><strong><span class=\"has-inline-color has-vivid-green-cyan-color\">Regra <\/span><\/strong>-&gt; <strong>100%<\/strong><\/p>\n\n\n\n<p><strong><span class=\"has-inline-color has-vivid-green-cyan-color\">Exce\u00e7\u00f5es <\/span><\/strong>-&gt; <strong>50%:<\/strong><\/p>\n\n\n\n<ul class=\"wp-block-list\"><li><strong><span class=\"has-inline-color has-vivid-purple-color\">falta de pagamento<\/span><\/strong>, total ou parcial, <strong><span class=\"has-inline-color has-vivid-purple-color\">atrav\u00e9s de procedimento fiscal<\/span><\/strong>, quando as <strong>opera\u00e7\u00f5es estiverem <span class=\"has-inline-color has-vivid-red-color\">regularmente <\/span>escrituradas<\/strong>;<\/li><li>o <span class=\"has-inline-color has-vivid-purple-color\"><strong>imposto retido e n\u00e3o recolhido <\/strong><\/span>no prazo de <strong><span class=\"has-inline-color has-vivid-red-color\">30 dias<\/span><\/strong>.<\/li><\/ul>\n\n\n\n<h2 class=\"wp-block-heading\">Considera\u00e7\u00f5es Finais<\/h2>\n\n\n\n<p>Fechamos o Imposto sobre Servi\u00e7o no ISS AJU, espero que o artigo tenha colaborado com seu estudo para a prova da Fazenda de Aracaju.<\/p>\n\n\n\n<p>Nesse sentido, acompanhe as aulas do Prof. Rafael Vilches no canal do Youtube do Estrat\u00e9gia, elas ser\u00e3o de grande ajuda para o melhor entendimento da Legisla\u00e7\u00e3o de Aracaju.<\/p>\n\n\n\n<p class=\"has-text-align-center\"><a href=\"https:\/\/www.youtube.com\/watch?v=EdMtvxTxh2c\">ISS-Aracaju &#8211; Legisla\u00e7\u00e3o Tribut\u00e1ria Municipal &#8211; Prof. Rafael Vilches<\/a><\/p>\n\n\n\n<p>At\u00e9 mais e bons estudos!<\/p>\n\n\n\n<h2 class=\"has-text-align-center wp-block-heading\" id=\"cursos\"><em>Quer estudar para o concurso ISS Aracaju?<\/em><\/h2>\n\n\n\n<p class=\"has-text-align-center\"><em>Gostou desta oportunidade e deseja se preparar? Ent\u00e3o, confira nossos cursos exclusivos para o ISS Aracaju e inicie agora mesmo sua prepara\u00e7\u00e3o:<\/em><\/p>\n\n\n\n<p class=\"has-text-align-center has-luminous-vivid-amber-background-color has-background\"><a rel=\"noreferrer noopener\" href=\"https:\/\/www.estrategiaconcursos.com.br\/cursosPorConcurso\/iss-aracaju-se\/\" target=\"_blank\"><strong>CURSO ISS ARACAJU<\/strong><\/a><\/p>\n\n\n\n<p class=\"has-text-align-center\"><em><strong>Assinatura Anual Ilimitada*<\/strong><\/em><\/p>\n\n\n\n<p class=\"has-text-align-center\"><em>Prepare-se com o melhor material e com quem mais aprova em Concursos P\u00fablicos em todo o pa\u00eds. Portanto, adquira a Assinatura Anual e tenha acesso ilimitado* a todos os nossos cursos.<\/em><\/p>\n\n\n\n<p class=\"has-text-align-center has-light-green-cyan-background-color has-background\"><strong>ADQUIRA AGORA<\/strong>&nbsp;\u2013&nbsp;<strong><a rel=\"noreferrer noopener\" href=\"https:\/\/www.estrategiaconcursos.com.br\/assinaturas\" target=\"_blank\">Assinatura Ilimitada<\/a><\/strong><\/p>\n\n\n\n<p class=\"has-text-align-center\"><strong><em><strong>Sistema de Quest\u00f5es<\/strong><\/em><\/strong><\/p>\n\n\n\n<p class=\"has-text-align-center\"><em>Estrat\u00e9gia Quest\u00f5es nasceu maior do que todos os concorrentes, com mais quest\u00f5es cadastradas e mais solu\u00e7\u00f5es por professores. Clique no link e aproveite os descontos e b\u00f4nus imperd\u00edveis!<\/em><\/p>\n\n\n\n<p class=\"has-text-align-center has-vivid-green-cyan-background-color has-background\"><strong><a rel=\"noreferrer noopener\" href=\"https:\/\/www.estrategiaconcursos.com.br\/cursosPorConcurso\/sistema-de-questoes\/#\/\" target=\"_blank\">Sistema de Quest\u00f5es<\/a><\/strong><\/p>\n\n\n\n<p class=\"has-text-align-center\"><strong><em>Confira os concursos com editais em aberto<\/em><\/strong><\/p>\n\n\n\n<p class=\"has-text-align-center has-pale-cyan-blue-background-color has-background\"><a rel=\"noreferrer noopener\" href=\"https:\/\/www.estrategiaconcursos.com.br\/blog\/concursos-abertos\/\" target=\"_blank\"><strong>CONCURSOS ABERTOS<\/strong><\/a><\/p>\n\n\n\n<p class=\"has-text-align-center\"><strong><em>As oportunidades previstas<\/em><\/strong><\/p>\n\n\n\n<p class=\"has-text-align-center has-pale-cyan-blue-background-color has-background\"><strong><a rel=\"noreferrer noopener\" href=\"https:\/\/www.estrategiaconcursos.com.br\/blog\/concursos-2020\/\" target=\"_blank\">CONCURSOS 2020<\/a><\/strong><\/p>\n\n\n\n<p class=\"has-text-align-center has-pale-cyan-blue-background-color has-background\"><a rel=\"noreferrer noopener\" href=\"https:\/\/www.estrategiaconcursos.com.br\/blog\/concursos-2021\/\" target=\"_blank\"><strong>CONCURSOS 2021<\/strong><\/a><\/p>\n\n\n\n<p class=\"has-text-align-center has-pale-cyan-blue-background-color has-background\"><a rel=\"noreferrer noopener\" href=\"https:\/\/www.estrategiaconcursos.com.br\/blog\/concursos-fiscais-2020\/\" target=\"_blank\"><strong>\u00c1REA FISCAL<\/strong><\/a><\/p>\n","protected":false},"excerpt":{"rendered":"<p>Ol\u00e1, Pessoal. Hoje voltaremos a tratar o tema do Imposto sobre Servi\u00e7o no ISS AJU, tema disciplinado no CTM de Aracaju. Preparado (a)? ISS &#8211; Escrita e document\u00e1rio fiscal Iniciando o tema sobre o Imposto sobre Servi\u00e7o no ISS AJU, vejamos sobre a escrita e o document\u00e1rio fiscal. A escritura\u00e7\u00e3o e documenta\u00e7\u00e3o fiscal possibilita o [&hellip;]<\/p>\n","protected":false},"author":1763,"featured_media":563039,"comment_status":"open","ping_status":"closed","sticky":false,"template":"","format":"standard","meta":{"post_tipo":"article","footnotes":""},"categories":[1,1983],"tags":[],"tax_estado":[],"class_list":["post-562101","post","type-post","status-publish","format-standard","has-post-thumbnail","hentry","category-cursos-e-concursos","category-fiscal-estadual"],"acf":[],"yoast_head":"<!-- This site is optimized with the Yoast SEO Premium plugin v27.2 (Yoast SEO v27.2) - https:\/\/yoast.com\/product\/yoast-seo-premium-wordpress\/ -->\n<title>Imposto sobre Servi\u00e7o no ISS AJU \u2013 Principais Pontos \u2013 Parte 2<\/title>\n<meta name=\"description\" content=\"Veja neste artigo os principais pontos da legisla\u00e7\u00e3o do Imposto sobre Servi\u00e7o no ISS AJU para sua prova de legisla\u00e7\u00e3o tribut\u00e1ria municipal.\" \/>\n<meta name=\"robots\" content=\"index, follow, max-snippet:-1, max-image-preview:large, max-video-preview:-1\" \/>\n<link rel=\"canonical\" href=\"https:\/\/www.estrategiaconcursos.com.br\/blog\/imposto-sobre-servico-no-iss-aju-principais-pontos-parte-2\/\" \/>\n<meta property=\"og:locale\" content=\"pt_BR\" \/>\n<meta property=\"og:type\" content=\"article\" \/>\n<meta property=\"og:title\" content=\"Imposto sobre Servi\u00e7o no ISS AJU \u2013 Principais Pontos \u2013 Parte 2\" \/>\n<meta property=\"og:description\" content=\"Veja neste artigo os principais pontos da legisla\u00e7\u00e3o do Imposto sobre Servi\u00e7o no ISS AJU para sua prova de legisla\u00e7\u00e3o tribut\u00e1ria municipal.\" \/>\n<meta property=\"og:url\" content=\"https:\/\/www.estrategiaconcursos.com.br\/blog\/imposto-sobre-servico-no-iss-aju-principais-pontos-parte-2\/\" \/>\n<meta property=\"og:site_name\" content=\"Estrat\u00e9gia Concursos\" \/>\n<meta property=\"article:published_time\" content=\"2020-09-04T23:14:00+00:00\" \/>\n<meta property=\"article:modified_time\" content=\"2022-10-21T20:50:18+00:00\" \/>\n<meta property=\"og:image\" content=\"https:\/\/dhg1h5j42swfq.cloudfront.net\/2020\/08\/27180532\/aju.jpg\" \/>\n\t<meta property=\"og:image:width\" content=\"266\" \/>\n\t<meta property=\"og:image:height\" content=\"245\" \/>\n\t<meta property=\"og:image:type\" content=\"image\/jpeg\" \/>\n<meta name=\"author\" content=\"Leonardo Menezes Passarin\" \/>\n<meta name=\"twitter:card\" content=\"summary_large_image\" \/>\n<meta name=\"twitter:creator\" content=\"@EstratConcursos\" \/>\n<meta name=\"twitter:site\" content=\"@EstratConcursos\" \/>\n<meta name=\"twitter:label1\" content=\"Escrito por\" \/>\n\t<meta name=\"twitter:data1\" content=\"Leonardo Menezes Passarin\" \/>\n\t<meta name=\"twitter:label2\" content=\"Est. tempo de leitura\" \/>\n\t<meta name=\"twitter:data2\" content=\"8 minutos\" \/>\n<script type=\"application\/ld+json\" class=\"yoast-schema-graph\">{\"@context\":\"https:\/\/schema.org\",\"@graph\":[{\"@type\":\"NewsArticle\",\"@id\":\"https:\/\/www.estrategiaconcursos.com.br\/blog\/imposto-sobre-servico-no-iss-aju-principais-pontos-parte-2\/#article\",\"isPartOf\":{\"@id\":\"https:\/\/www.estrategiaconcursos.com.br\/blog\/imposto-sobre-servico-no-iss-aju-principais-pontos-parte-2\/\"},\"author\":{\"name\":\"Leonardo Menezes Passarin\",\"@id\":\"https:\/\/www.estrategiaconcursos.com.br\/blog\/#\/schema\/person\/245b44e43eb13f0dbd04a7a078cd0d0d\"},\"headline\":\"Imposto sobre Servi\u00e7o no ISS AJU \u2013 Principais Pontos \u2013 Parte 2\",\"datePublished\":\"2020-09-04T23:14:00+00:00\",\"dateModified\":\"2022-10-21T20:50:18+00:00\",\"mainEntityOfPage\":{\"@id\":\"https:\/\/www.estrategiaconcursos.com.br\/blog\/imposto-sobre-servico-no-iss-aju-principais-pontos-parte-2\/\"},\"wordCount\":1589,\"commentCount\":0,\"publisher\":{\"@id\":\"https:\/\/www.estrategiaconcursos.com.br\/blog\/#organization\"},\"image\":{\"@id\":\"https:\/\/www.estrategiaconcursos.com.br\/blog\/imposto-sobre-servico-no-iss-aju-principais-pontos-parte-2\/#primaryimage\"},\"thumbnailUrl\":\"https:\/\/dhg1h5j42swfq.cloudfront.net\/2020\/08\/27180532\/aju.jpg\",\"articleSection\":[\"Concursos P\u00fablicos\",\"Fiscal - Estadual (ICMS)\"],\"inLanguage\":\"pt-BR\",\"potentialAction\":[{\"@type\":\"CommentAction\",\"name\":\"Comment\",\"target\":[\"https:\/\/www.estrategiaconcursos.com.br\/blog\/imposto-sobre-servico-no-iss-aju-principais-pontos-parte-2\/#respond\"]}],\"copyrightYear\":\"2020\",\"copyrightHolder\":{\"@id\":\"https:\/\/www.estrategiaconcursos.com.br\/blog\/#organization\"}},{\"@type\":\"WebPage\",\"@id\":\"https:\/\/www.estrategiaconcursos.com.br\/blog\/imposto-sobre-servico-no-iss-aju-principais-pontos-parte-2\/\",\"url\":\"https:\/\/www.estrategiaconcursos.com.br\/blog\/imposto-sobre-servico-no-iss-aju-principais-pontos-parte-2\/\",\"name\":\"Imposto sobre Servi\u00e7o no ISS AJU \u2013 Principais Pontos \u2013 Parte 2\",\"isPartOf\":{\"@id\":\"https:\/\/www.estrategiaconcursos.com.br\/blog\/#website\"},\"primaryImageOfPage\":{\"@id\":\"https:\/\/www.estrategiaconcursos.com.br\/blog\/imposto-sobre-servico-no-iss-aju-principais-pontos-parte-2\/#primaryimage\"},\"image\":{\"@id\":\"https:\/\/www.estrategiaconcursos.com.br\/blog\/imposto-sobre-servico-no-iss-aju-principais-pontos-parte-2\/#primaryimage\"},\"thumbnailUrl\":\"https:\/\/dhg1h5j42swfq.cloudfront.net\/2020\/08\/27180532\/aju.jpg\",\"datePublished\":\"2020-09-04T23:14:00+00:00\",\"dateModified\":\"2022-10-21T20:50:18+00:00\",\"description\":\"Veja neste artigo os principais pontos da legisla\u00e7\u00e3o do Imposto sobre Servi\u00e7o no ISS AJU para sua prova de legisla\u00e7\u00e3o tribut\u00e1ria municipal.\",\"breadcrumb\":{\"@id\":\"https:\/\/www.estrategiaconcursos.com.br\/blog\/imposto-sobre-servico-no-iss-aju-principais-pontos-parte-2\/#breadcrumb\"},\"inLanguage\":\"pt-BR\",\"potentialAction\":[{\"@type\":\"ReadAction\",\"target\":[\"https:\/\/www.estrategiaconcursos.com.br\/blog\/imposto-sobre-servico-no-iss-aju-principais-pontos-parte-2\/\"]}]},{\"@type\":\"ImageObject\",\"inLanguage\":\"pt-BR\",\"@id\":\"https:\/\/www.estrategiaconcursos.com.br\/blog\/imposto-sobre-servico-no-iss-aju-principais-pontos-parte-2\/#primaryimage\",\"url\":\"https:\/\/dhg1h5j42swfq.cloudfront.net\/2020\/08\/27180532\/aju.jpg\",\"contentUrl\":\"https:\/\/dhg1h5j42swfq.cloudfront.net\/2020\/08\/27180532\/aju.jpg\",\"width\":266,\"height\":245},{\"@type\":\"BreadcrumbList\",\"@id\":\"https:\/\/www.estrategiaconcursos.com.br\/blog\/imposto-sobre-servico-no-iss-aju-principais-pontos-parte-2\/#breadcrumb\",\"itemListElement\":[{\"@type\":\"ListItem\",\"position\":1,\"name\":\"In\u00edcio\",\"item\":\"https:\/\/www.estrategiaconcursos.com.br\/blog\/\"},{\"@type\":\"ListItem\",\"position\":2,\"name\":\"Imposto sobre Servi\u00e7o no ISS AJU \u2013 Principais Pontos \u2013 Parte 2\"}]},{\"@type\":\"WebSite\",\"@id\":\"https:\/\/www.estrategiaconcursos.com.br\/blog\/#website\",\"url\":\"https:\/\/www.estrategiaconcursos.com.br\/blog\/\",\"name\":\"Estrat\u00e9gia Concursos\",\"description\":\"O blog da Estrat\u00e9gia Concursos traz not\u00edcias sobre concursos e artigos de professores oferecendo cursos para concursos (pdf + videaulas) no site.\",\"publisher\":{\"@id\":\"https:\/\/www.estrategiaconcursos.com.br\/blog\/#organization\"},\"potentialAction\":[{\"@type\":\"SearchAction\",\"target\":{\"@type\":\"EntryPoint\",\"urlTemplate\":\"https:\/\/www.estrategiaconcursos.com.br\/blog\/?s={search_term_string}\"},\"query-input\":{\"@type\":\"PropertyValueSpecification\",\"valueRequired\":true,\"valueName\":\"search_term_string\"}}],\"inLanguage\":\"pt-BR\"},{\"@type\":\"Organization\",\"@id\":\"https:\/\/www.estrategiaconcursos.com.br\/blog\/#organization\",\"name\":\"Estrat\u00e9gia Concursos\",\"url\":\"https:\/\/www.estrategiaconcursos.com.br\/blog\/\",\"logo\":{\"@type\":\"ImageObject\",\"inLanguage\":\"pt-BR\",\"@id\":\"https:\/\/www.estrategiaconcursos.com.br\/blog\/#\/schema\/logo\/image\/\",\"url\":\"https:\/\/dhg1h5j42swfq.cloudfront.net\/2025\/06\/03203428\/logo_concursos-1.jpg\",\"contentUrl\":\"https:\/\/dhg1h5j42swfq.cloudfront.net\/2025\/06\/03203428\/logo_concursos-1.jpg\",\"width\":230,\"height\":60,\"caption\":\"Estrat\u00e9gia Concursos\"},\"image\":{\"@id\":\"https:\/\/www.estrategiaconcursos.com.br\/blog\/#\/schema\/logo\/image\/\"},\"sameAs\":[\"https:\/\/x.com\/EstratConcursos\"]},{\"@type\":\"Person\",\"@id\":\"https:\/\/www.estrategiaconcursos.com.br\/blog\/#\/schema\/person\/245b44e43eb13f0dbd04a7a078cd0d0d\",\"name\":\"Leonardo Menezes Passarin\",\"image\":{\"@type\":\"ImageObject\",\"inLanguage\":\"pt-BR\",\"@id\":\"https:\/\/secure.gravatar.com\/avatar\/fc0e5714ceaa97f24e6e6a30eab74ba8a701c2b62f8cab100ffdb22c6d8f42c3?s=96&d=mm&r=g\",\"url\":\"https:\/\/secure.gravatar.com\/avatar\/fc0e5714ceaa97f24e6e6a30eab74ba8a701c2b62f8cab100ffdb22c6d8f42c3?s=96&d=mm&r=g\",\"contentUrl\":\"https:\/\/secure.gravatar.com\/avatar\/fc0e5714ceaa97f24e6e6a30eab74ba8a701c2b62f8cab100ffdb22c6d8f42c3?s=96&d=mm&r=g\",\"caption\":\"Leonardo Menezes Passarin\"},\"url\":\"https:\/\/www.estrategiaconcursos.com.br\/blog\/author\/passarin-leonardohotmail-com\/\"}]}<\/script>\n<!-- \/ Yoast SEO Premium plugin. -->","yoast_head_json":{"title":"Imposto sobre Servi\u00e7o no ISS AJU \u2013 Principais Pontos \u2013 Parte 2","description":"Veja neste artigo os principais pontos da legisla\u00e7\u00e3o do Imposto sobre Servi\u00e7o no ISS AJU para sua prova de legisla\u00e7\u00e3o tribut\u00e1ria municipal.","robots":{"index":"index","follow":"follow","max-snippet":"max-snippet:-1","max-image-preview":"max-image-preview:large","max-video-preview":"max-video-preview:-1"},"canonical":"https:\/\/www.estrategiaconcursos.com.br\/blog\/imposto-sobre-servico-no-iss-aju-principais-pontos-parte-2\/","og_locale":"pt_BR","og_type":"article","og_title":"Imposto sobre Servi\u00e7o no ISS AJU \u2013 Principais Pontos \u2013 Parte 2","og_description":"Veja neste artigo os principais pontos da legisla\u00e7\u00e3o do Imposto sobre Servi\u00e7o no ISS AJU para sua prova de legisla\u00e7\u00e3o tribut\u00e1ria municipal.","og_url":"https:\/\/www.estrategiaconcursos.com.br\/blog\/imposto-sobre-servico-no-iss-aju-principais-pontos-parte-2\/","og_site_name":"Estrat\u00e9gia Concursos","article_published_time":"2020-09-04T23:14:00+00:00","article_modified_time":"2022-10-21T20:50:18+00:00","og_image":[{"width":266,"height":245,"url":"https:\/\/dhg1h5j42swfq.cloudfront.net\/2020\/08\/27180532\/aju.jpg","type":"image\/jpeg"}],"author":"Leonardo Menezes Passarin","twitter_card":"summary_large_image","twitter_creator":"@EstratConcursos","twitter_site":"@EstratConcursos","twitter_misc":{"Escrito por":"Leonardo Menezes Passarin","Est. tempo de leitura":"8 minutos"},"schema":{"@context":"https:\/\/schema.org","@graph":[{"@type":"NewsArticle","@id":"https:\/\/www.estrategiaconcursos.com.br\/blog\/imposto-sobre-servico-no-iss-aju-principais-pontos-parte-2\/#article","isPartOf":{"@id":"https:\/\/www.estrategiaconcursos.com.br\/blog\/imposto-sobre-servico-no-iss-aju-principais-pontos-parte-2\/"},"author":{"name":"Leonardo Menezes Passarin","@id":"https:\/\/www.estrategiaconcursos.com.br\/blog\/#\/schema\/person\/245b44e43eb13f0dbd04a7a078cd0d0d"},"headline":"Imposto sobre Servi\u00e7o no ISS AJU \u2013 Principais Pontos \u2013 Parte 2","datePublished":"2020-09-04T23:14:00+00:00","dateModified":"2022-10-21T20:50:18+00:00","mainEntityOfPage":{"@id":"https:\/\/www.estrategiaconcursos.com.br\/blog\/imposto-sobre-servico-no-iss-aju-principais-pontos-parte-2\/"},"wordCount":1589,"commentCount":0,"publisher":{"@id":"https:\/\/www.estrategiaconcursos.com.br\/blog\/#organization"},"image":{"@id":"https:\/\/www.estrategiaconcursos.com.br\/blog\/imposto-sobre-servico-no-iss-aju-principais-pontos-parte-2\/#primaryimage"},"thumbnailUrl":"https:\/\/dhg1h5j42swfq.cloudfront.net\/2020\/08\/27180532\/aju.jpg","articleSection":["Concursos P\u00fablicos","Fiscal - Estadual (ICMS)"],"inLanguage":"pt-BR","potentialAction":[{"@type":"CommentAction","name":"Comment","target":["https:\/\/www.estrategiaconcursos.com.br\/blog\/imposto-sobre-servico-no-iss-aju-principais-pontos-parte-2\/#respond"]}],"copyrightYear":"2020","copyrightHolder":{"@id":"https:\/\/www.estrategiaconcursos.com.br\/blog\/#organization"}},{"@type":"WebPage","@id":"https:\/\/www.estrategiaconcursos.com.br\/blog\/imposto-sobre-servico-no-iss-aju-principais-pontos-parte-2\/","url":"https:\/\/www.estrategiaconcursos.com.br\/blog\/imposto-sobre-servico-no-iss-aju-principais-pontos-parte-2\/","name":"Imposto sobre Servi\u00e7o no ISS AJU \u2013 Principais Pontos \u2013 Parte 2","isPartOf":{"@id":"https:\/\/www.estrategiaconcursos.com.br\/blog\/#website"},"primaryImageOfPage":{"@id":"https:\/\/www.estrategiaconcursos.com.br\/blog\/imposto-sobre-servico-no-iss-aju-principais-pontos-parte-2\/#primaryimage"},"image":{"@id":"https:\/\/www.estrategiaconcursos.com.br\/blog\/imposto-sobre-servico-no-iss-aju-principais-pontos-parte-2\/#primaryimage"},"thumbnailUrl":"https:\/\/dhg1h5j42swfq.cloudfront.net\/2020\/08\/27180532\/aju.jpg","datePublished":"2020-09-04T23:14:00+00:00","dateModified":"2022-10-21T20:50:18+00:00","description":"Veja neste artigo os principais pontos da legisla\u00e7\u00e3o do Imposto sobre Servi\u00e7o no ISS AJU para sua prova de legisla\u00e7\u00e3o tribut\u00e1ria municipal.","breadcrumb":{"@id":"https:\/\/www.estrategiaconcursos.com.br\/blog\/imposto-sobre-servico-no-iss-aju-principais-pontos-parte-2\/#breadcrumb"},"inLanguage":"pt-BR","potentialAction":[{"@type":"ReadAction","target":["https:\/\/www.estrategiaconcursos.com.br\/blog\/imposto-sobre-servico-no-iss-aju-principais-pontos-parte-2\/"]}]},{"@type":"ImageObject","inLanguage":"pt-BR","@id":"https:\/\/www.estrategiaconcursos.com.br\/blog\/imposto-sobre-servico-no-iss-aju-principais-pontos-parte-2\/#primaryimage","url":"https:\/\/dhg1h5j42swfq.cloudfront.net\/2020\/08\/27180532\/aju.jpg","contentUrl":"https:\/\/dhg1h5j42swfq.cloudfront.net\/2020\/08\/27180532\/aju.jpg","width":266,"height":245},{"@type":"BreadcrumbList","@id":"https:\/\/www.estrategiaconcursos.com.br\/blog\/imposto-sobre-servico-no-iss-aju-principais-pontos-parte-2\/#breadcrumb","itemListElement":[{"@type":"ListItem","position":1,"name":"In\u00edcio","item":"https:\/\/www.estrategiaconcursos.com.br\/blog\/"},{"@type":"ListItem","position":2,"name":"Imposto sobre Servi\u00e7o no ISS AJU \u2013 Principais Pontos \u2013 Parte 2"}]},{"@type":"WebSite","@id":"https:\/\/www.estrategiaconcursos.com.br\/blog\/#website","url":"https:\/\/www.estrategiaconcursos.com.br\/blog\/","name":"Estrat\u00e9gia Concursos","description":"O blog da Estrat\u00e9gia Concursos traz not\u00edcias sobre concursos e artigos de professores oferecendo cursos para concursos (pdf + videaulas) no site.","publisher":{"@id":"https:\/\/www.estrategiaconcursos.com.br\/blog\/#organization"},"potentialAction":[{"@type":"SearchAction","target":{"@type":"EntryPoint","urlTemplate":"https:\/\/www.estrategiaconcursos.com.br\/blog\/?s={search_term_string}"},"query-input":{"@type":"PropertyValueSpecification","valueRequired":true,"valueName":"search_term_string"}}],"inLanguage":"pt-BR"},{"@type":"Organization","@id":"https:\/\/www.estrategiaconcursos.com.br\/blog\/#organization","name":"Estrat\u00e9gia Concursos","url":"https:\/\/www.estrategiaconcursos.com.br\/blog\/","logo":{"@type":"ImageObject","inLanguage":"pt-BR","@id":"https:\/\/www.estrategiaconcursos.com.br\/blog\/#\/schema\/logo\/image\/","url":"https:\/\/dhg1h5j42swfq.cloudfront.net\/2025\/06\/03203428\/logo_concursos-1.jpg","contentUrl":"https:\/\/dhg1h5j42swfq.cloudfront.net\/2025\/06\/03203428\/logo_concursos-1.jpg","width":230,"height":60,"caption":"Estrat\u00e9gia Concursos"},"image":{"@id":"https:\/\/www.estrategiaconcursos.com.br\/blog\/#\/schema\/logo\/image\/"},"sameAs":["https:\/\/x.com\/EstratConcursos"]},{"@type":"Person","@id":"https:\/\/www.estrategiaconcursos.com.br\/blog\/#\/schema\/person\/245b44e43eb13f0dbd04a7a078cd0d0d","name":"Leonardo Menezes Passarin","image":{"@type":"ImageObject","inLanguage":"pt-BR","@id":"https:\/\/secure.gravatar.com\/avatar\/fc0e5714ceaa97f24e6e6a30eab74ba8a701c2b62f8cab100ffdb22c6d8f42c3?s=96&d=mm&r=g","url":"https:\/\/secure.gravatar.com\/avatar\/fc0e5714ceaa97f24e6e6a30eab74ba8a701c2b62f8cab100ffdb22c6d8f42c3?s=96&d=mm&r=g","contentUrl":"https:\/\/secure.gravatar.com\/avatar\/fc0e5714ceaa97f24e6e6a30eab74ba8a701c2b62f8cab100ffdb22c6d8f42c3?s=96&d=mm&r=g","caption":"Leonardo Menezes Passarin"},"url":"https:\/\/www.estrategiaconcursos.com.br\/blog\/author\/passarin-leonardohotmail-com\/"}]}},"_links":{"self":[{"href":"https:\/\/www.estrategiaconcursos.com.br\/blog\/wp-json\/wp\/v2\/posts\/562101","targetHints":{"allow":["GET"]}}],"collection":[{"href":"https:\/\/www.estrategiaconcursos.com.br\/blog\/wp-json\/wp\/v2\/posts"}],"about":[{"href":"https:\/\/www.estrategiaconcursos.com.br\/blog\/wp-json\/wp\/v2\/types\/post"}],"author":[{"embeddable":true,"href":"https:\/\/www.estrategiaconcursos.com.br\/blog\/wp-json\/wp\/v2\/users\/1763"}],"replies":[{"embeddable":true,"href":"https:\/\/www.estrategiaconcursos.com.br\/blog\/wp-json\/wp\/v2\/comments?post=562101"}],"version-history":[{"count":7,"href":"https:\/\/www.estrategiaconcursos.com.br\/blog\/wp-json\/wp\/v2\/posts\/562101\/revisions"}],"predecessor-version":[{"id":1114149,"href":"https:\/\/www.estrategiaconcursos.com.br\/blog\/wp-json\/wp\/v2\/posts\/562101\/revisions\/1114149"}],"wp:featuredmedia":[{"embeddable":true,"href":"https:\/\/www.estrategiaconcursos.com.br\/blog\/wp-json\/wp\/v2\/media\/563039"}],"wp:attachment":[{"href":"https:\/\/www.estrategiaconcursos.com.br\/blog\/wp-json\/wp\/v2\/media?parent=562101"}],"wp:term":[{"taxonomy":"category","embeddable":true,"href":"https:\/\/www.estrategiaconcursos.com.br\/blog\/wp-json\/wp\/v2\/categories?post=562101"},{"taxonomy":"post_tag","embeddable":true,"href":"https:\/\/www.estrategiaconcursos.com.br\/blog\/wp-json\/wp\/v2\/tags?post=562101"},{"taxonomy":"tax_estado","embeddable":true,"href":"https:\/\/www.estrategiaconcursos.com.br\/blog\/wp-json\/wp\/v2\/tax_estado?post=562101"}],"curies":[{"name":"wp","href":"https:\/\/api.w.org\/{rel}","templated":true}]}}