{"id":561851,"date":"2020-08-26T15:50:38","date_gmt":"2020-08-26T18:50:38","guid":{"rendered":"https:\/\/www.estrategiaconcursos.com.br\/blog\/?p=561851"},"modified":"2020-08-26T21:29:16","modified_gmt":"2020-08-27T00:29:16","slug":"novas-datas-do-concurso-camara-de-aracaju","status":"publish","type":"post","link":"https:\/\/www.estrategiaconcursos.com.br\/blog\/novas-datas-do-concurso-camara-de-aracaju\/","title":{"rendered":"Veja as novas datas do concurso C\u00e2mara de Aracaju!"},"content":{"rendered":"\n<p>Novas datas para aplica\u00e7\u00e3o da prova objetiva do concurso C\u00e2mara de Aracaju foram definidas. A avalia\u00e7\u00e3o est\u00e1 marcada para ocorrer no dia <strong>22 de novembro.<\/strong> Al\u00e9m disso, as inscri\u00e7\u00f5es ser\u00e3o reabertas.<\/p>\n\n\n\n<p>Os candidatos poder\u00e3o efetuar a inscri\u00e7\u00e3o entre os dias<strong> 8 de setembro e 28 de setembro.<\/strong> A informa\u00e7\u00e3o foi dada pelo presidente da C\u00e2mara de Aracaju, Nitinho, em entrevista a um ve\u00edculo de not\u00edcias.<\/p>\n\n\n\n<p>Ainda \u00e9 aguardada a confirma\u00e7\u00e3o pela banca organizadora, a FGV. As provas aconteceriam, inicialmente, no dia 17 de maio, por\u00e9m foram adiadas para evitar o prolifera\u00e7\u00e3o do novo Coronav\u00edrus no munic\u00edpio.<\/p>\n\n\n\n<p>Lembrando que o certame \u00e9 organizado pela Funda\u00e7\u00e3o Get\u00falio Vargas e oferta 52 vagas para n\u00edvel m\u00e9dio, t\u00e9cnico e superior.<\/p>\n\n\n\n<h3 class=\"wp-block-heading\">Vagas, cargos e remunera\u00e7\u00e3o &#8211; concurso C\u00e2mara de Aracaju<\/h3>\n\n\n\n<p><strong>N\u00edvel m\u00e9dio e T\u00e9cnico<\/strong>&nbsp;\u2013&nbsp;<strong>R$ 1.600,00 a R$ 1.900,00<\/strong><\/p>\n\n\n\n<ul class=\"wp-block-list\"><li><em>Assistente Administrativo \u2013 15 vagas + CR<\/em><\/li><li><em>Assistente Legislativo<\/em>&nbsp;\u2013 10 vagas + CR<\/li><li><em>Int\u00e9rprete e Tradutor de Libras<\/em>&nbsp;\u2013 2 + CR<\/li><li><em>Taqu\u00edgrafo<\/em>&nbsp;\u2013 4 + CR<\/li><li><em>Tecnologia da Informa\u00e7\u00e3o<\/em>&nbsp;\u2013 1 + CR<\/li><li><em>T\u00e9cnico em Enfermagem&nbsp;<\/em>\u2013 1 + CR<\/li><li><em>T\u00e9cnico em Seguran\u00e7a do Trabalho<\/em>&nbsp;\u2013 1 + CR<\/li><\/ul>\n\n\n\n<p><strong>N\u00edvel Superior<\/strong>&nbsp;\u2013&nbsp;<strong>R$ 2.300,00<\/strong><\/p>\n\n\n\n<ul class=\"wp-block-list\"><li><em>Analista Administrativo<\/em>&nbsp;\u2013 5 + CR<\/li><li><em>Analista Legislativo<\/em>&nbsp;\u2013 3 + CR<\/li><li><em>Comunicador Social<\/em>&nbsp;(Jornalista) \u2013 1 + CR<\/li><li><em>Contador<\/em>&nbsp;\u2013 1 + CR<\/li><li><em>Enfermeiro<\/em>&nbsp;\u2013 1 + CR<\/li><li>Redator \u2013 1 + CR<\/li><li><em>M\u00e9dico<\/em>&nbsp;\u2013 1 + CR<\/li><li><em>Procurador Judicial<\/em>&nbsp;\u2013 2 + CR<\/li><\/ul>\n\n\n\n<p class=\"has-text-align-center\"><strong>Quer acompanhar o certame? Acesse:<\/strong><\/p>\n\n\n\n<p class=\"has-background has-text-align-center has-medium-font-size has-pale-pink-background-color\"><strong><a href=\"https:\/\/www.estrategiaconcursos.com.br\/blog\/concurso-camara-de-aracaju\/\">C\u00e2mara de Aracaju 2020<\/a><\/strong><\/p>\n\n\n\n<h3 class=\"has-text-align-center wp-block-heading\" id=\"cursos-assinatura\"><br \/><strong><em>Quer estudar para o Concurso C\u00e2mara de Aracaju?<\/em><\/strong><\/h3>\n\n\n\n<p class=\"has-text-align-center\"><em><strong>Gostou desta oportunidade e deseja come\u00e7ar se preparar agora mesmo? Ent\u00e3o, confira os nossos cursos e comece a estudar:<\/strong><\/em><\/p>\n\n\n\n<p style=\"font-size:27px\" class=\"has-background has-text-align-center has-light-green-cyan-background-color\"><strong><a href=\"https:\/\/www.estrategiaconcursos.com.br\/cursosPorConcurso\/camara-municipal-de-aracaju-se\/\" target=\"_blank\" rel=\"noreferrer noopener\" aria-label=\"CURSOS C\u00c2MARA DE ARACAJU (abre numa nova aba)\">CURSOS C\u00c2MARA DE ARACAJU<\/a><\/strong><\/p>\n\n\n\n<p class=\"has-text-align-center has-medium-font-size\"><em><strong>Assinatura Anual Ilimitada*<\/strong><\/em><\/p>\n\n\n\n<p class=\"has-text-align-center\"><em>Prepare-se com o melhor material e com quem mais aprova em Concursos P\u00fablicos em todo o pa\u00eds. Assine agora a nossa Assinatura Anual e tenha acesso ilimitado* a todos os nossos cursos.<\/em><\/p>\n\n\n\n<p style=\"font-size:25px\" class=\"has-background has-text-align-center has-luminous-vivid-amber-background-color\"><strong>ASSINE AGORA<\/strong>&nbsp;\u2013&nbsp;<strong><a rel=\"noreferrer noopener\" aria-label=\"Assinatura Ilimitada (abre numa nova aba)\" href=\"https:\/\/www.estrategiaconcursos.com.br\/assinaturas\" target=\"_blank\">Assinatura Ilimitada<\/a><\/strong><\/p>\n\n\n\n<p class=\"has-background has-text-align-center has-medium-font-size has-pale-cyan-blue-background-color\"><strong><a href=\"https:\/\/www.estrategiaconcursos.com.br\/blog\/concursos-abertos\/\">CONCURSOS ABERTOS<\/a><\/strong><\/p>\n\n\n\n<p class=\"has-background has-text-align-center has-medium-font-size has-pale-cyan-blue-background-color\"><a href=\"https:\/\/www.estrategiaconcursos.com.br\/blog\/concursos-2020\/\"><strong>CONCURSOS<\/strong><\/a><strong><a href=\"https:\/\/www.estrategiaconcursos.com.br\/blog\/concursos-2020\/\">&nbsp;2020<\/a><\/strong><\/p>\n","protected":false},"excerpt":{"rendered":"<p>Novas datas para aplica\u00e7\u00e3o da prova objetiva do concurso C\u00e2mara de Aracaju foram definidas. A avalia\u00e7\u00e3o est\u00e1 marcada para ocorrer no dia 22 de novembro. Al\u00e9m disso, as inscri\u00e7\u00f5es ser\u00e3o reabertas. Os candidatos poder\u00e3o efetuar a inscri\u00e7\u00e3o entre os dias 8 de setembro e 28 de setembro. A informa\u00e7\u00e3o foi dada pelo presidente da C\u00e2mara [&hellip;]<\/p>\n","protected":false},"author":388,"featured_media":448132,"comment_status":"open","ping_status":"closed","sticky":false,"template":"","format":"standard","meta":{"post_tipo":"article","footnotes":""},"categories":[1],"tags":[],"tax_estado":[],"class_list":["post-561851","post","type-post","status-publish","format-standard","has-post-thumbnail","hentry","category-cursos-e-concursos"],"acf":[],"yoast_head":"<!-- This site is optimized with the Yoast SEO Premium plugin v27.2 (Yoast SEO v27.2) - https:\/\/yoast.com\/product\/yoast-seo-premium-wordpress\/ -->\n<title>Veja as novas datas do concurso C\u00e2mara de Aracaju!<\/title>\n<meta name=\"robots\" content=\"index, follow, max-snippet:-1, max-image-preview:large, max-video-preview:-1\" \/>\n<link rel=\"canonical\" href=\"https:\/\/www.estrategiaconcursos.com.br\/blog\/novas-datas-do-concurso-camara-de-aracaju\/\" \/>\n<meta property=\"og:locale\" content=\"pt_BR\" \/>\n<meta property=\"og:type\" content=\"article\" \/>\n<meta property=\"og:title\" content=\"Veja as novas datas do concurso C\u00e2mara de Aracaju!\" \/>\n<meta property=\"og:description\" content=\"Novas datas para aplica\u00e7\u00e3o da prova objetiva do concurso C\u00e2mara de Aracaju foram definidas. A avalia\u00e7\u00e3o est\u00e1 marcada para ocorrer no dia 22 de novembro. Al\u00e9m disso, as inscri\u00e7\u00f5es ser\u00e3o reabertas. Os candidatos poder\u00e3o efetuar a inscri\u00e7\u00e3o entre os dias 8 de setembro e 28 de setembro. A informa\u00e7\u00e3o foi dada pelo presidente da C\u00e2mara [&hellip;]\" \/>\n<meta property=\"og:url\" content=\"https:\/\/www.estrategiaconcursos.com.br\/blog\/novas-datas-do-concurso-camara-de-aracaju\/\" \/>\n<meta property=\"og:site_name\" content=\"Estrat\u00e9gia Concursos\" \/>\n<meta property=\"article:published_time\" content=\"2020-08-26T18:50:38+00:00\" \/>\n<meta property=\"article:modified_time\" content=\"2020-08-27T00:29:16+00:00\" \/>\n<meta property=\"og:image\" content=\"https:\/\/dhg1h5j42swfq.cloudfront.net\/2019\/11\/14161841\/CAMARA-DE-ARACAJU.jpg\" \/>\n\t<meta property=\"og:image:width\" content=\"1200\" \/>\n\t<meta property=\"og:image:height\" content=\"628\" \/>\n\t<meta property=\"og:image:type\" content=\"image\/jpeg\" \/>\n<meta name=\"author\" content=\"Tiago Zanolla\" \/>\n<meta name=\"twitter:card\" content=\"summary_large_image\" \/>\n<meta name=\"twitter:creator\" content=\"@EstratConcursos\" \/>\n<meta name=\"twitter:site\" content=\"@EstratConcursos\" \/>\n<meta name=\"twitter:label1\" content=\"Escrito por\" \/>\n\t<meta name=\"twitter:data1\" content=\"Tiago Zanolla\" \/>\n\t<meta name=\"twitter:label2\" content=\"Est. tempo de leitura\" \/>\n\t<meta name=\"twitter:data2\" content=\"2 minutos\" \/>\n<script type=\"application\/ld+json\" class=\"yoast-schema-graph\">{\"@context\":\"https:\/\/schema.org\",\"@graph\":[{\"@type\":\"NewsArticle\",\"@id\":\"https:\/\/www.estrategiaconcursos.com.br\/blog\/novas-datas-do-concurso-camara-de-aracaju\/#article\",\"isPartOf\":{\"@id\":\"https:\/\/www.estrategiaconcursos.com.br\/blog\/novas-datas-do-concurso-camara-de-aracaju\/\"},\"author\":{\"name\":\"Tiago Zanolla\",\"@id\":\"https:\/\/www.estrategiaconcursos.com.br\/blog\/#\/schema\/person\/1509739fd92a40c9b52116de04a90310\"},\"headline\":\"Veja as novas datas do concurso C\u00e2mara de Aracaju!\",\"datePublished\":\"2020-08-26T18:50:38+00:00\",\"dateModified\":\"2020-08-27T00:29:16+00:00\",\"mainEntityOfPage\":{\"@id\":\"https:\/\/www.estrategiaconcursos.com.br\/blog\/novas-datas-do-concurso-camara-de-aracaju\/\"},\"wordCount\":332,\"commentCount\":0,\"publisher\":{\"@id\":\"https:\/\/www.estrategiaconcursos.com.br\/blog\/#organization\"},\"image\":{\"@id\":\"https:\/\/www.estrategiaconcursos.com.br\/blog\/novas-datas-do-concurso-camara-de-aracaju\/#primaryimage\"},\"thumbnailUrl\":\"https:\/\/dhg1h5j42swfq.cloudfront.net\/2019\/11\/14161841\/CAMARA-DE-ARACAJU.jpg\",\"articleSection\":[\"Concursos P\u00fablicos\"],\"inLanguage\":\"pt-BR\",\"potentialAction\":[{\"@type\":\"CommentAction\",\"name\":\"Comment\",\"target\":[\"https:\/\/www.estrategiaconcursos.com.br\/blog\/novas-datas-do-concurso-camara-de-aracaju\/#respond\"]}],\"copyrightYear\":\"2020\",\"copyrightHolder\":{\"@id\":\"https:\/\/www.estrategiaconcursos.com.br\/blog\/#organization\"}},{\"@type\":\"WebPage\",\"@id\":\"https:\/\/www.estrategiaconcursos.com.br\/blog\/novas-datas-do-concurso-camara-de-aracaju\/\",\"url\":\"https:\/\/www.estrategiaconcursos.com.br\/blog\/novas-datas-do-concurso-camara-de-aracaju\/\",\"name\":\"Veja as novas datas do concurso C\u00e2mara de Aracaju!\",\"isPartOf\":{\"@id\":\"https:\/\/www.estrategiaconcursos.com.br\/blog\/#website\"},\"primaryImageOfPage\":{\"@id\":\"https:\/\/www.estrategiaconcursos.com.br\/blog\/novas-datas-do-concurso-camara-de-aracaju\/#primaryimage\"},\"image\":{\"@id\":\"https:\/\/www.estrategiaconcursos.com.br\/blog\/novas-datas-do-concurso-camara-de-aracaju\/#primaryimage\"},\"thumbnailUrl\":\"https:\/\/dhg1h5j42swfq.cloudfront.net\/2019\/11\/14161841\/CAMARA-DE-ARACAJU.jpg\",\"datePublished\":\"2020-08-26T18:50:38+00:00\",\"dateModified\":\"2020-08-27T00:29:16+00:00\",\"breadcrumb\":{\"@id\":\"https:\/\/www.estrategiaconcursos.com.br\/blog\/novas-datas-do-concurso-camara-de-aracaju\/#breadcrumb\"},\"inLanguage\":\"pt-BR\",\"potentialAction\":[{\"@type\":\"ReadAction\",\"target\":[\"https:\/\/www.estrategiaconcursos.com.br\/blog\/novas-datas-do-concurso-camara-de-aracaju\/\"]}]},{\"@type\":\"ImageObject\",\"inLanguage\":\"pt-BR\",\"@id\":\"https:\/\/www.estrategiaconcursos.com.br\/blog\/novas-datas-do-concurso-camara-de-aracaju\/#primaryimage\",\"url\":\"https:\/\/dhg1h5j42swfq.cloudfront.net\/2019\/11\/14161841\/CAMARA-DE-ARACAJU.jpg\",\"contentUrl\":\"https:\/\/dhg1h5j42swfq.cloudfront.net\/2019\/11\/14161841\/CAMARA-DE-ARACAJU.jpg\",\"width\":1200,\"height\":628},{\"@type\":\"BreadcrumbList\",\"@id\":\"https:\/\/www.estrategiaconcursos.com.br\/blog\/novas-datas-do-concurso-camara-de-aracaju\/#breadcrumb\",\"itemListElement\":[{\"@type\":\"ListItem\",\"position\":1,\"name\":\"In\u00edcio\",\"item\":\"https:\/\/www.estrategiaconcursos.com.br\/blog\/\"},{\"@type\":\"ListItem\",\"position\":2,\"name\":\"Veja as novas datas do concurso C\u00e2mara de Aracaju!\"}]},{\"@type\":\"WebSite\",\"@id\":\"https:\/\/www.estrategiaconcursos.com.br\/blog\/#website\",\"url\":\"https:\/\/www.estrategiaconcursos.com.br\/blog\/\",\"name\":\"Estrat\u00e9gia Concursos\",\"description\":\"O blog da Estrat\u00e9gia Concursos traz not\u00edcias sobre concursos e artigos de professores oferecendo cursos para concursos (pdf + videaulas) no site.\",\"publisher\":{\"@id\":\"https:\/\/www.estrategiaconcursos.com.br\/blog\/#organization\"},\"potentialAction\":[{\"@type\":\"SearchAction\",\"target\":{\"@type\":\"EntryPoint\",\"urlTemplate\":\"https:\/\/www.estrategiaconcursos.com.br\/blog\/?s={search_term_string}\"},\"query-input\":{\"@type\":\"PropertyValueSpecification\",\"valueRequired\":true,\"valueName\":\"search_term_string\"}}],\"inLanguage\":\"pt-BR\"},{\"@type\":\"Organization\",\"@id\":\"https:\/\/www.estrategiaconcursos.com.br\/blog\/#organization\",\"name\":\"Estrat\u00e9gia Concursos\",\"url\":\"https:\/\/www.estrategiaconcursos.com.br\/blog\/\",\"logo\":{\"@type\":\"ImageObject\",\"inLanguage\":\"pt-BR\",\"@id\":\"https:\/\/www.estrategiaconcursos.com.br\/blog\/#\/schema\/logo\/image\/\",\"url\":\"https:\/\/dhg1h5j42swfq.cloudfront.net\/2025\/06\/03203428\/logo_concursos-1.jpg\",\"contentUrl\":\"https:\/\/dhg1h5j42swfq.cloudfront.net\/2025\/06\/03203428\/logo_concursos-1.jpg\",\"width\":230,\"height\":60,\"caption\":\"Estrat\u00e9gia Concursos\"},\"image\":{\"@id\":\"https:\/\/www.estrategiaconcursos.com.br\/blog\/#\/schema\/logo\/image\/\"},\"sameAs\":[\"https:\/\/x.com\/EstratConcursos\"]},{\"@type\":\"Person\",\"@id\":\"https:\/\/www.estrategiaconcursos.com.br\/blog\/#\/schema\/person\/1509739fd92a40c9b52116de04a90310\",\"name\":\"Tiago Zanolla\",\"image\":{\"@type\":\"ImageObject\",\"inLanguage\":\"pt-BR\",\"@id\":\"https:\/\/secure.gravatar.com\/avatar\/e647cb200c21008603a1760df42f3f713d32dd977761568b5689c47f0b1747ee?s=96&d=mm&r=g\",\"url\":\"https:\/\/secure.gravatar.com\/avatar\/e647cb200c21008603a1760df42f3f713d32dd977761568b5689c47f0b1747ee?s=96&d=mm&r=g\",\"contentUrl\":\"https:\/\/secure.gravatar.com\/avatar\/e647cb200c21008603a1760df42f3f713d32dd977761568b5689c47f0b1747ee?s=96&d=mm&r=g\",\"caption\":\"Tiago Zanolla\"},\"url\":\"https:\/\/www.estrategiaconcursos.com.br\/blog\/author\/zanolla-estrategiagmail-com\/\"}]}<\/script>\n<!-- \/ Yoast SEO Premium plugin. -->","yoast_head_json":{"title":"Veja as novas datas do concurso C\u00e2mara de Aracaju!","robots":{"index":"index","follow":"follow","max-snippet":"max-snippet:-1","max-image-preview":"max-image-preview:large","max-video-preview":"max-video-preview:-1"},"canonical":"https:\/\/www.estrategiaconcursos.com.br\/blog\/novas-datas-do-concurso-camara-de-aracaju\/","og_locale":"pt_BR","og_type":"article","og_title":"Veja as novas datas do concurso C\u00e2mara de Aracaju!","og_description":"Novas datas para aplica\u00e7\u00e3o da prova objetiva do concurso C\u00e2mara de Aracaju foram definidas. A avalia\u00e7\u00e3o est\u00e1 marcada para ocorrer no dia 22 de novembro. Al\u00e9m disso, as inscri\u00e7\u00f5es ser\u00e3o reabertas. Os candidatos poder\u00e3o efetuar a inscri\u00e7\u00e3o entre os dias 8 de setembro e 28 de setembro. A informa\u00e7\u00e3o foi dada pelo presidente da C\u00e2mara [&hellip;]","og_url":"https:\/\/www.estrategiaconcursos.com.br\/blog\/novas-datas-do-concurso-camara-de-aracaju\/","og_site_name":"Estrat\u00e9gia Concursos","article_published_time":"2020-08-26T18:50:38+00:00","article_modified_time":"2020-08-27T00:29:16+00:00","og_image":[{"width":1200,"height":628,"url":"https:\/\/dhg1h5j42swfq.cloudfront.net\/2019\/11\/14161841\/CAMARA-DE-ARACAJU.jpg","type":"image\/jpeg"}],"author":"Tiago Zanolla","twitter_card":"summary_large_image","twitter_creator":"@EstratConcursos","twitter_site":"@EstratConcursos","twitter_misc":{"Escrito por":"Tiago Zanolla","Est. tempo de leitura":"2 minutos"},"schema":{"@context":"https:\/\/schema.org","@graph":[{"@type":"NewsArticle","@id":"https:\/\/www.estrategiaconcursos.com.br\/blog\/novas-datas-do-concurso-camara-de-aracaju\/#article","isPartOf":{"@id":"https:\/\/www.estrategiaconcursos.com.br\/blog\/novas-datas-do-concurso-camara-de-aracaju\/"},"author":{"name":"Tiago Zanolla","@id":"https:\/\/www.estrategiaconcursos.com.br\/blog\/#\/schema\/person\/1509739fd92a40c9b52116de04a90310"},"headline":"Veja as novas datas do concurso C\u00e2mara de Aracaju!","datePublished":"2020-08-26T18:50:38+00:00","dateModified":"2020-08-27T00:29:16+00:00","mainEntityOfPage":{"@id":"https:\/\/www.estrategiaconcursos.com.br\/blog\/novas-datas-do-concurso-camara-de-aracaju\/"},"wordCount":332,"commentCount":0,"publisher":{"@id":"https:\/\/www.estrategiaconcursos.com.br\/blog\/#organization"},"image":{"@id":"https:\/\/www.estrategiaconcursos.com.br\/blog\/novas-datas-do-concurso-camara-de-aracaju\/#primaryimage"},"thumbnailUrl":"https:\/\/dhg1h5j42swfq.cloudfront.net\/2019\/11\/14161841\/CAMARA-DE-ARACAJU.jpg","articleSection":["Concursos P\u00fablicos"],"inLanguage":"pt-BR","potentialAction":[{"@type":"CommentAction","name":"Comment","target":["https:\/\/www.estrategiaconcursos.com.br\/blog\/novas-datas-do-concurso-camara-de-aracaju\/#respond"]}],"copyrightYear":"2020","copyrightHolder":{"@id":"https:\/\/www.estrategiaconcursos.com.br\/blog\/#organization"}},{"@type":"WebPage","@id":"https:\/\/www.estrategiaconcursos.com.br\/blog\/novas-datas-do-concurso-camara-de-aracaju\/","url":"https:\/\/www.estrategiaconcursos.com.br\/blog\/novas-datas-do-concurso-camara-de-aracaju\/","name":"Veja as novas datas do concurso C\u00e2mara de Aracaju!","isPartOf":{"@id":"https:\/\/www.estrategiaconcursos.com.br\/blog\/#website"},"primaryImageOfPage":{"@id":"https:\/\/www.estrategiaconcursos.com.br\/blog\/novas-datas-do-concurso-camara-de-aracaju\/#primaryimage"},"image":{"@id":"https:\/\/www.estrategiaconcursos.com.br\/blog\/novas-datas-do-concurso-camara-de-aracaju\/#primaryimage"},"thumbnailUrl":"https:\/\/dhg1h5j42swfq.cloudfront.net\/2019\/11\/14161841\/CAMARA-DE-ARACAJU.jpg","datePublished":"2020-08-26T18:50:38+00:00","dateModified":"2020-08-27T00:29:16+00:00","breadcrumb":{"@id":"https:\/\/www.estrategiaconcursos.com.br\/blog\/novas-datas-do-concurso-camara-de-aracaju\/#breadcrumb"},"inLanguage":"pt-BR","potentialAction":[{"@type":"ReadAction","target":["https:\/\/www.estrategiaconcursos.com.br\/blog\/novas-datas-do-concurso-camara-de-aracaju\/"]}]},{"@type":"ImageObject","inLanguage":"pt-BR","@id":"https:\/\/www.estrategiaconcursos.com.br\/blog\/novas-datas-do-concurso-camara-de-aracaju\/#primaryimage","url":"https:\/\/dhg1h5j42swfq.cloudfront.net\/2019\/11\/14161841\/CAMARA-DE-ARACAJU.jpg","contentUrl":"https:\/\/dhg1h5j42swfq.cloudfront.net\/2019\/11\/14161841\/CAMARA-DE-ARACAJU.jpg","width":1200,"height":628},{"@type":"BreadcrumbList","@id":"https:\/\/www.estrategiaconcursos.com.br\/blog\/novas-datas-do-concurso-camara-de-aracaju\/#breadcrumb","itemListElement":[{"@type":"ListItem","position":1,"name":"In\u00edcio","item":"https:\/\/www.estrategiaconcursos.com.br\/blog\/"},{"@type":"ListItem","position":2,"name":"Veja as novas datas do concurso C\u00e2mara de Aracaju!"}]},{"@type":"WebSite","@id":"https:\/\/www.estrategiaconcursos.com.br\/blog\/#website","url":"https:\/\/www.estrategiaconcursos.com.br\/blog\/","name":"Estrat\u00e9gia Concursos","description":"O blog da Estrat\u00e9gia Concursos traz not\u00edcias sobre concursos e artigos de professores oferecendo cursos para concursos (pdf + videaulas) no site.","publisher":{"@id":"https:\/\/www.estrategiaconcursos.com.br\/blog\/#organization"},"potentialAction":[{"@type":"SearchAction","target":{"@type":"EntryPoint","urlTemplate":"https:\/\/www.estrategiaconcursos.com.br\/blog\/?s={search_term_string}"},"query-input":{"@type":"PropertyValueSpecification","valueRequired":true,"valueName":"search_term_string"}}],"inLanguage":"pt-BR"},{"@type":"Organization","@id":"https:\/\/www.estrategiaconcursos.com.br\/blog\/#organization","name":"Estrat\u00e9gia Concursos","url":"https:\/\/www.estrategiaconcursos.com.br\/blog\/","logo":{"@type":"ImageObject","inLanguage":"pt-BR","@id":"https:\/\/www.estrategiaconcursos.com.br\/blog\/#\/schema\/logo\/image\/","url":"https:\/\/dhg1h5j42swfq.cloudfront.net\/2025\/06\/03203428\/logo_concursos-1.jpg","contentUrl":"https:\/\/dhg1h5j42swfq.cloudfront.net\/2025\/06\/03203428\/logo_concursos-1.jpg","width":230,"height":60,"caption":"Estrat\u00e9gia Concursos"},"image":{"@id":"https:\/\/www.estrategiaconcursos.com.br\/blog\/#\/schema\/logo\/image\/"},"sameAs":["https:\/\/x.com\/EstratConcursos"]},{"@type":"Person","@id":"https:\/\/www.estrategiaconcursos.com.br\/blog\/#\/schema\/person\/1509739fd92a40c9b52116de04a90310","name":"Tiago Zanolla","image":{"@type":"ImageObject","inLanguage":"pt-BR","@id":"https:\/\/secure.gravatar.com\/avatar\/e647cb200c21008603a1760df42f3f713d32dd977761568b5689c47f0b1747ee?s=96&d=mm&r=g","url":"https:\/\/secure.gravatar.com\/avatar\/e647cb200c21008603a1760df42f3f713d32dd977761568b5689c47f0b1747ee?s=96&d=mm&r=g","contentUrl":"https:\/\/secure.gravatar.com\/avatar\/e647cb200c21008603a1760df42f3f713d32dd977761568b5689c47f0b1747ee?s=96&d=mm&r=g","caption":"Tiago Zanolla"},"url":"https:\/\/www.estrategiaconcursos.com.br\/blog\/author\/zanolla-estrategiagmail-com\/"}]}},"_links":{"self":[{"href":"https:\/\/www.estrategiaconcursos.com.br\/blog\/wp-json\/wp\/v2\/posts\/561851","targetHints":{"allow":["GET"]}}],"collection":[{"href":"https:\/\/www.estrategiaconcursos.com.br\/blog\/wp-json\/wp\/v2\/posts"}],"about":[{"href":"https:\/\/www.estrategiaconcursos.com.br\/blog\/wp-json\/wp\/v2\/types\/post"}],"author":[{"embeddable":true,"href":"https:\/\/www.estrategiaconcursos.com.br\/blog\/wp-json\/wp\/v2\/users\/388"}],"replies":[{"embeddable":true,"href":"https:\/\/www.estrategiaconcursos.com.br\/blog\/wp-json\/wp\/v2\/comments?post=561851"}],"version-history":[{"count":4,"href":"https:\/\/www.estrategiaconcursos.com.br\/blog\/wp-json\/wp\/v2\/posts\/561851\/revisions"}],"predecessor-version":[{"id":562218,"href":"https:\/\/www.estrategiaconcursos.com.br\/blog\/wp-json\/wp\/v2\/posts\/561851\/revisions\/562218"}],"wp:featuredmedia":[{"embeddable":true,"href":"https:\/\/www.estrategiaconcursos.com.br\/blog\/wp-json\/wp\/v2\/media\/448132"}],"wp:attachment":[{"href":"https:\/\/www.estrategiaconcursos.com.br\/blog\/wp-json\/wp\/v2\/media?parent=561851"}],"wp:term":[{"taxonomy":"category","embeddable":true,"href":"https:\/\/www.estrategiaconcursos.com.br\/blog\/wp-json\/wp\/v2\/categories?post=561851"},{"taxonomy":"post_tag","embeddable":true,"href":"https:\/\/www.estrategiaconcursos.com.br\/blog\/wp-json\/wp\/v2\/tags?post=561851"},{"taxonomy":"tax_estado","embeddable":true,"href":"https:\/\/www.estrategiaconcursos.com.br\/blog\/wp-json\/wp\/v2\/tax_estado?post=561851"}],"curies":[{"name":"wp","href":"https:\/\/api.w.org\/{rel}","templated":true}]}}