{"id":561710,"date":"2020-08-26T12:08:24","date_gmt":"2020-08-26T15:08:24","guid":{"rendered":"https:\/\/www.estrategiaconcursos.com.br\/blog\/?p=561710"},"modified":"2020-08-26T12:08:26","modified_gmt":"2020-08-26T15:08:26","slug":"camara-municipal-de-cabedelo-pb-analise","status":"publish","type":"post","link":"https:\/\/www.estrategiaconcursos.com.br\/blog\/camara-municipal-de-cabedelo-pb-analise\/","title":{"rendered":"C\u00e2mara Municipal de Cabedelo PB: An\u00e1lise de Edital"},"content":{"rendered":"\n<p>Foi publicado o edital do concurso C\u00e2mara de Cabedelo PB, munic\u00edpio do estado da Para\u00edba. Conforme o documento, s\u00e3o ofertadas 17 vagas para cargos de n\u00edveis fundamental, m\u00e9dio\/t\u00e9cnico e superior.<\/p>\n\n\n\n<p>Os interessados em participar da sele\u00e7\u00e3o devem realizar as inscri\u00e7\u00f5es entre os dias&nbsp;<strong>25 de agosto e 24 de setembro<\/strong>, no site da UEPB (Universidade Estadual da Para\u00edba), banca organizadora do certame. As taxas foram definidas de acordo com o grau de escolaridade do cargo pretendido, sendo:<\/p>\n\n\n\n<ul class=\"wp-block-list\"><li><strong>Fundamental:<\/strong>&nbsp;R$ 65,00<\/li><li><strong>M\u00e9dio:<\/strong>&nbsp;R$ 85,00<\/li><li><strong>Superior:&nbsp;<\/strong>R$ 105,00<\/li><\/ul>\n\n\n\n<p>Para te ajudar a entender todos os pontos desse edital, faremos uma aula especial nesta <strong>quarta-feira, 26 de agosto, \u00e0s 18h<\/strong>, com o<strong> professor Vinicius Silva.<\/strong> N\u00e3o perca! Confira a aula no nosso canal do Youtube:<\/p>\n\n\n<figure class=\"wp-block-embed-youtube wp-block-embed is-type-video is-provider-youtube wp-embed-aspect-16-9 wp-has-aspect-ratio\"><div class=\"lyte-wrapper\" style=\"width:853px;max-width:100%;margin:5px;\"><div class=\"lyMe\" id=\"WYL_leu2zIwVE7Q\"><div id=\"lyte_leu2zIwVE7Q\" data-src=\"\/\/i.ytimg.com\/vi\/leu2zIwVE7Q\/hqdefault.jpg\" class=\"pL\"><div class=\"tC\"><div class=\"tT\"><\/div><\/div><div class=\"play\"><\/div><div class=\"ctrl\"><div class=\"Lctrl\"><\/div><div class=\"Rctrl\"><\/div><\/div><\/div><noscript><a href=\"https:\/\/youtu.be\/leu2zIwVE7Q\" rel=\"nofollow\"><img loading=\"lazy\" decoding=\"async\" src=\"https:\/\/i.ytimg.com\/vi\/leu2zIwVE7Q\/0.jpg\" alt=\"YouTube video thumbnail\" width=\"853\" height=\"460\" \/><br \/>Assista a este v\u00eddeo no YouTube<\/a><\/noscript><\/div><\/div><div class=\"lL\" style=\"max-width:100%;width:853px;margin:5px;\"><\/div><figcaption><\/figcaption><\/figure>\n\n\n<p class=\"has-background has-text-align-center has-very-light-gray-background-color\"><strong>Saiba mais: <a href=\"https:\/\/www.estrategiaconcursos.com.br\/blog\/concurso-camara-de-cabedelo-pb\/\" target=\"_blank\" rel=\"noreferrer noopener\">C\u00e2mara de Cabedelo PB<\/a><\/strong><\/p>\n\n\n\n<h2 class=\"has-text-align-center wp-block-heading\" id=\"cursos\">Quer estudar para o concurso C\u00e2mara de Cabedelo PB?<\/h2>\n\n\n\n<p class=\"has-text-align-center\"><em>Gostou desta oportunidade e deseja come\u00e7ar se preparar agora mesmo? Ent\u00e3o, confira os nossos cursos e comece a estudar:<\/em><\/p>\n\n\n\n<p style=\"font-size:22px\" class=\"has-background has-text-align-center has-luminous-vivid-amber-background-color\"><strong><a rel=\"noreferrer noopener\" href=\"https:\/\/www.estrategiaconcursos.com.br\/cursos\/concurso\/\" target=\"_blank\">Cursos para concurso<\/a><\/strong><\/p>\n\n\n\n<p class=\"has-text-align-center has-medium-font-size\"><em><strong>Assinatura Anual Ilimitada*<\/strong><\/em><\/p>\n\n\n\n<p class=\"has-text-align-center\"><em>Prepare-se com o melhor material e com quem mais aprova em Concursos P\u00fablicos em todo o pa\u00eds. Assine agora a nossa Assinatura Anual e tenha acesso ilimitado* a todos os nossos cursos.<\/em><\/p>\n\n\n\n<p style=\"font-size:22px\" class=\"has-background has-text-align-center has-light-green-cyan-background-color\"><strong>ASSINE AGORA<\/strong>&nbsp;\u2013&nbsp;<strong><a rel=\"noreferrer noopener\" href=\"https:\/\/www.estrategiaconcursos.com.br\/assinaturas\" target=\"_blank\">Assinatura Ilimitada<\/a><\/strong><\/p>\n\n\n\n<p class=\"has-text-align-center has-medium-font-size\"><strong><em><strong>Sistema de Quest\u00f5es<\/strong><\/em><\/strong><\/p>\n\n\n\n<p class=\"has-text-align-center\"><em>Estrat\u00e9gia Quest\u00f5es nasceu maior do que todos os concorrentes, com mais quest\u00f5es cadastradas e mais solu\u00e7\u00f5es por professores. Ent\u00e3o, confira e aproveite os descontos e b\u00f4nus imperd\u00edveis!<\/em><\/p>\n\n\n\n<p style=\"font-size:22px\" class=\"has-background has-text-align-center has-vivid-green-cyan-background-color\"><strong>ASSINE AGORA \u2013&nbsp;<a rel=\"noreferrer noopener\" href=\"https:\/\/www.estrategiaconcursos.com.br\/cursosPorConcurso\/sistema-de-questoes\/#\/\" target=\"_blank\">Sistema de Quest\u00f5es<\/a><\/strong><\/p>\n\n\n\n<p class=\"has-text-align-center has-medium-font-size\"><strong><em>Fique por dentro dos concursos em aberto<\/em><\/strong><\/p>\n\n\n\n<p style=\"font-size:22px\" class=\"has-background has-text-align-center has-pale-cyan-blue-background-color\"><a rel=\"noreferrer noopener\" href=\"https:\/\/www.estrategiaconcursos.com.br\/blog\/concursos-abertos\/\" target=\"_blank\"><strong>CONCURSOS ABERTOS<\/strong><\/a><\/p>\n\n\n\n<p class=\"has-text-align-center has-medium-font-size\"><strong><em>As oportunidades previstas<\/em><\/strong><\/p>\n\n\n\n<p style=\"font-size:22px\" class=\"has-background has-text-align-center has-pale-cyan-blue-background-color\"><a rel=\"noreferrer noopener\" href=\"https:\/\/www.estrategiaconcursos.com.br\/blog\/concursos-2020\/\" target=\"_blank\"><strong>CONCURSOS&nbsp;2020<\/strong><\/a><\/p>\n\n\n\n<p style=\"font-size:22px\" class=\"has-background has-text-align-center has-pale-cyan-blue-background-color\"><a rel=\"noreferrer noopener\" href=\"https:\/\/www.estrategiaconcursos.com.br\/blog\/concursos-2021\/\" target=\"_blank\"><strong>CONCURSOS 2021<\/strong><\/a><\/p>\n","protected":false},"excerpt":{"rendered":"<p>Foi publicado o edital do concurso C\u00e2mara de Cabedelo PB, munic\u00edpio do estado da Para\u00edba. Conforme o documento, s\u00e3o ofertadas 17 vagas para cargos de n\u00edveis fundamental, m\u00e9dio\/t\u00e9cnico e superior. Os interessados em participar da sele\u00e7\u00e3o devem realizar as inscri\u00e7\u00f5es entre os dias&nbsp;25 de agosto e 24 de setembro, no site da UEPB (Universidade Estadual [&hellip;]<\/p>\n","protected":false},"author":388,"featured_media":0,"comment_status":"open","ping_status":"closed","sticky":false,"template":"","format":"standard","meta":{"post_tipo":"article","footnotes":""},"categories":[1],"tags":[],"tax_estado":[],"class_list":["post-561710","post","type-post","status-publish","format-standard","hentry","category-cursos-e-concursos"],"acf":[],"yoast_head":"<!-- This site is optimized with the Yoast SEO Premium plugin v27.2 (Yoast SEO v27.2) - https:\/\/yoast.com\/product\/yoast-seo-premium-wordpress\/ -->\n<title>C\u00e2mara Municipal de Cabedelo PB: An\u00e1lise de Edital<\/title>\n<meta name=\"robots\" content=\"index, follow, max-snippet:-1, max-image-preview:large, max-video-preview:-1\" \/>\n<link rel=\"canonical\" href=\"https:\/\/www.estrategiaconcursos.com.br\/blog\/camara-municipal-de-cabedelo-pb-analise\/\" \/>\n<meta property=\"og:locale\" content=\"pt_BR\" \/>\n<meta property=\"og:type\" content=\"article\" \/>\n<meta property=\"og:title\" content=\"C\u00e2mara Municipal de Cabedelo PB: An\u00e1lise de Edital\" \/>\n<meta property=\"og:description\" content=\"Foi publicado o edital do concurso C\u00e2mara de Cabedelo PB, munic\u00edpio do estado da Para\u00edba. Conforme o documento, s\u00e3o ofertadas 17 vagas para cargos de n\u00edveis fundamental, m\u00e9dio\/t\u00e9cnico e superior. Os interessados em participar da sele\u00e7\u00e3o devem realizar as inscri\u00e7\u00f5es entre os dias&nbsp;25 de agosto e 24 de setembro, no site da UEPB (Universidade Estadual [&hellip;]\" \/>\n<meta property=\"og:url\" content=\"https:\/\/www.estrategiaconcursos.com.br\/blog\/camara-municipal-de-cabedelo-pb-analise\/\" \/>\n<meta property=\"og:site_name\" content=\"Estrat\u00e9gia Concursos\" \/>\n<meta property=\"article:published_time\" content=\"2020-08-26T15:08:24+00:00\" \/>\n<meta property=\"article:modified_time\" content=\"2020-08-26T15:08:26+00:00\" \/>\n<meta name=\"author\" content=\"Tiago Zanolla\" \/>\n<meta name=\"twitter:card\" content=\"summary_large_image\" \/>\n<meta name=\"twitter:creator\" content=\"@EstratConcursos\" \/>\n<meta name=\"twitter:site\" content=\"@EstratConcursos\" \/>\n<meta name=\"twitter:label1\" content=\"Escrito por\" \/>\n\t<meta name=\"twitter:data1\" content=\"Tiago Zanolla\" \/>\n\t<meta name=\"twitter:label2\" content=\"Est. tempo de leitura\" \/>\n\t<meta name=\"twitter:data2\" content=\"1 minuto\" \/>\n<script type=\"application\/ld+json\" class=\"yoast-schema-graph\">{\"@context\":\"https:\/\/schema.org\",\"@graph\":[{\"@type\":\"NewsArticle\",\"@id\":\"https:\/\/www.estrategiaconcursos.com.br\/blog\/camara-municipal-de-cabedelo-pb-analise\/#article\",\"isPartOf\":{\"@id\":\"https:\/\/www.estrategiaconcursos.com.br\/blog\/camara-municipal-de-cabedelo-pb-analise\/\"},\"author\":{\"name\":\"Tiago Zanolla\",\"@id\":\"https:\/\/www.estrategiaconcursos.com.br\/blog\/#\/schema\/person\/1509739fd92a40c9b52116de04a90310\"},\"headline\":\"C\u00e2mara Municipal de Cabedelo PB: An\u00e1lise de Edital\",\"datePublished\":\"2020-08-26T15:08:24+00:00\",\"dateModified\":\"2020-08-26T15:08:26+00:00\",\"mainEntityOfPage\":{\"@id\":\"https:\/\/www.estrategiaconcursos.com.br\/blog\/camara-municipal-de-cabedelo-pb-analise\/\"},\"wordCount\":295,\"commentCount\":0,\"publisher\":{\"@id\":\"https:\/\/www.estrategiaconcursos.com.br\/blog\/#organization\"},\"articleSection\":[\"Concursos P\u00fablicos\"],\"inLanguage\":\"pt-BR\",\"potentialAction\":[{\"@type\":\"CommentAction\",\"name\":\"Comment\",\"target\":[\"https:\/\/www.estrategiaconcursos.com.br\/blog\/camara-municipal-de-cabedelo-pb-analise\/#respond\"]}],\"copyrightYear\":\"2020\",\"copyrightHolder\":{\"@id\":\"https:\/\/www.estrategiaconcursos.com.br\/blog\/#organization\"}},{\"@type\":\"WebPage\",\"@id\":\"https:\/\/www.estrategiaconcursos.com.br\/blog\/camara-municipal-de-cabedelo-pb-analise\/\",\"url\":\"https:\/\/www.estrategiaconcursos.com.br\/blog\/camara-municipal-de-cabedelo-pb-analise\/\",\"name\":\"C\u00e2mara Municipal de Cabedelo PB: An\u00e1lise de Edital\",\"isPartOf\":{\"@id\":\"https:\/\/www.estrategiaconcursos.com.br\/blog\/#website\"},\"datePublished\":\"2020-08-26T15:08:24+00:00\",\"dateModified\":\"2020-08-26T15:08:26+00:00\",\"breadcrumb\":{\"@id\":\"https:\/\/www.estrategiaconcursos.com.br\/blog\/camara-municipal-de-cabedelo-pb-analise\/#breadcrumb\"},\"inLanguage\":\"pt-BR\",\"potentialAction\":[{\"@type\":\"ReadAction\",\"target\":[\"https:\/\/www.estrategiaconcursos.com.br\/blog\/camara-municipal-de-cabedelo-pb-analise\/\"]}]},{\"@type\":\"BreadcrumbList\",\"@id\":\"https:\/\/www.estrategiaconcursos.com.br\/blog\/camara-municipal-de-cabedelo-pb-analise\/#breadcrumb\",\"itemListElement\":[{\"@type\":\"ListItem\",\"position\":1,\"name\":\"In\u00edcio\",\"item\":\"https:\/\/www.estrategiaconcursos.com.br\/blog\/\"},{\"@type\":\"ListItem\",\"position\":2,\"name\":\"C\u00e2mara Municipal de Cabedelo PB: An\u00e1lise de Edital\"}]},{\"@type\":\"WebSite\",\"@id\":\"https:\/\/www.estrategiaconcursos.com.br\/blog\/#website\",\"url\":\"https:\/\/www.estrategiaconcursos.com.br\/blog\/\",\"name\":\"Estrat\u00e9gia Concursos\",\"description\":\"O blog da Estrat\u00e9gia Concursos traz not\u00edcias sobre concursos e artigos de professores oferecendo cursos para concursos (pdf + videaulas) no site.\",\"publisher\":{\"@id\":\"https:\/\/www.estrategiaconcursos.com.br\/blog\/#organization\"},\"potentialAction\":[{\"@type\":\"SearchAction\",\"target\":{\"@type\":\"EntryPoint\",\"urlTemplate\":\"https:\/\/www.estrategiaconcursos.com.br\/blog\/?s={search_term_string}\"},\"query-input\":{\"@type\":\"PropertyValueSpecification\",\"valueRequired\":true,\"valueName\":\"search_term_string\"}}],\"inLanguage\":\"pt-BR\"},{\"@type\":\"Organization\",\"@id\":\"https:\/\/www.estrategiaconcursos.com.br\/blog\/#organization\",\"name\":\"Estrat\u00e9gia Concursos\",\"url\":\"https:\/\/www.estrategiaconcursos.com.br\/blog\/\",\"logo\":{\"@type\":\"ImageObject\",\"inLanguage\":\"pt-BR\",\"@id\":\"https:\/\/www.estrategiaconcursos.com.br\/blog\/#\/schema\/logo\/image\/\",\"url\":\"https:\/\/dhg1h5j42swfq.cloudfront.net\/2025\/06\/03203428\/logo_concursos-1.jpg\",\"contentUrl\":\"https:\/\/dhg1h5j42swfq.cloudfront.net\/2025\/06\/03203428\/logo_concursos-1.jpg\",\"width\":230,\"height\":60,\"caption\":\"Estrat\u00e9gia Concursos\"},\"image\":{\"@id\":\"https:\/\/www.estrategiaconcursos.com.br\/blog\/#\/schema\/logo\/image\/\"},\"sameAs\":[\"https:\/\/x.com\/EstratConcursos\"]},{\"@type\":\"Person\",\"@id\":\"https:\/\/www.estrategiaconcursos.com.br\/blog\/#\/schema\/person\/1509739fd92a40c9b52116de04a90310\",\"name\":\"Tiago Zanolla\",\"image\":{\"@type\":\"ImageObject\",\"inLanguage\":\"pt-BR\",\"@id\":\"https:\/\/secure.gravatar.com\/avatar\/e647cb200c21008603a1760df42f3f713d32dd977761568b5689c47f0b1747ee?s=96&d=mm&r=g\",\"url\":\"https:\/\/secure.gravatar.com\/avatar\/e647cb200c21008603a1760df42f3f713d32dd977761568b5689c47f0b1747ee?s=96&d=mm&r=g\",\"contentUrl\":\"https:\/\/secure.gravatar.com\/avatar\/e647cb200c21008603a1760df42f3f713d32dd977761568b5689c47f0b1747ee?s=96&d=mm&r=g\",\"caption\":\"Tiago Zanolla\"},\"url\":\"https:\/\/www.estrategiaconcursos.com.br\/blog\/author\/zanolla-estrategiagmail-com\/\"}]}<\/script>\n<!-- \/ Yoast SEO Premium plugin. -->","yoast_head_json":{"title":"C\u00e2mara Municipal de Cabedelo PB: An\u00e1lise de Edital","robots":{"index":"index","follow":"follow","max-snippet":"max-snippet:-1","max-image-preview":"max-image-preview:large","max-video-preview":"max-video-preview:-1"},"canonical":"https:\/\/www.estrategiaconcursos.com.br\/blog\/camara-municipal-de-cabedelo-pb-analise\/","og_locale":"pt_BR","og_type":"article","og_title":"C\u00e2mara Municipal de Cabedelo PB: An\u00e1lise de Edital","og_description":"Foi publicado o edital do concurso C\u00e2mara de Cabedelo PB, munic\u00edpio do estado da Para\u00edba. Conforme o documento, s\u00e3o ofertadas 17 vagas para cargos de n\u00edveis fundamental, m\u00e9dio\/t\u00e9cnico e superior. Os interessados em participar da sele\u00e7\u00e3o devem realizar as inscri\u00e7\u00f5es entre os dias&nbsp;25 de agosto e 24 de setembro, no site da UEPB (Universidade Estadual [&hellip;]","og_url":"https:\/\/www.estrategiaconcursos.com.br\/blog\/camara-municipal-de-cabedelo-pb-analise\/","og_site_name":"Estrat\u00e9gia Concursos","article_published_time":"2020-08-26T15:08:24+00:00","article_modified_time":"2020-08-26T15:08:26+00:00","author":"Tiago Zanolla","twitter_card":"summary_large_image","twitter_creator":"@EstratConcursos","twitter_site":"@EstratConcursos","twitter_misc":{"Escrito por":"Tiago Zanolla","Est. tempo de leitura":"1 minuto"},"schema":{"@context":"https:\/\/schema.org","@graph":[{"@type":"NewsArticle","@id":"https:\/\/www.estrategiaconcursos.com.br\/blog\/camara-municipal-de-cabedelo-pb-analise\/#article","isPartOf":{"@id":"https:\/\/www.estrategiaconcursos.com.br\/blog\/camara-municipal-de-cabedelo-pb-analise\/"},"author":{"name":"Tiago Zanolla","@id":"https:\/\/www.estrategiaconcursos.com.br\/blog\/#\/schema\/person\/1509739fd92a40c9b52116de04a90310"},"headline":"C\u00e2mara Municipal de Cabedelo PB: An\u00e1lise de Edital","datePublished":"2020-08-26T15:08:24+00:00","dateModified":"2020-08-26T15:08:26+00:00","mainEntityOfPage":{"@id":"https:\/\/www.estrategiaconcursos.com.br\/blog\/camara-municipal-de-cabedelo-pb-analise\/"},"wordCount":295,"commentCount":0,"publisher":{"@id":"https:\/\/www.estrategiaconcursos.com.br\/blog\/#organization"},"articleSection":["Concursos P\u00fablicos"],"inLanguage":"pt-BR","potentialAction":[{"@type":"CommentAction","name":"Comment","target":["https:\/\/www.estrategiaconcursos.com.br\/blog\/camara-municipal-de-cabedelo-pb-analise\/#respond"]}],"copyrightYear":"2020","copyrightHolder":{"@id":"https:\/\/www.estrategiaconcursos.com.br\/blog\/#organization"}},{"@type":"WebPage","@id":"https:\/\/www.estrategiaconcursos.com.br\/blog\/camara-municipal-de-cabedelo-pb-analise\/","url":"https:\/\/www.estrategiaconcursos.com.br\/blog\/camara-municipal-de-cabedelo-pb-analise\/","name":"C\u00e2mara Municipal de Cabedelo PB: An\u00e1lise de Edital","isPartOf":{"@id":"https:\/\/www.estrategiaconcursos.com.br\/blog\/#website"},"datePublished":"2020-08-26T15:08:24+00:00","dateModified":"2020-08-26T15:08:26+00:00","breadcrumb":{"@id":"https:\/\/www.estrategiaconcursos.com.br\/blog\/camara-municipal-de-cabedelo-pb-analise\/#breadcrumb"},"inLanguage":"pt-BR","potentialAction":[{"@type":"ReadAction","target":["https:\/\/www.estrategiaconcursos.com.br\/blog\/camara-municipal-de-cabedelo-pb-analise\/"]}]},{"@type":"BreadcrumbList","@id":"https:\/\/www.estrategiaconcursos.com.br\/blog\/camara-municipal-de-cabedelo-pb-analise\/#breadcrumb","itemListElement":[{"@type":"ListItem","position":1,"name":"In\u00edcio","item":"https:\/\/www.estrategiaconcursos.com.br\/blog\/"},{"@type":"ListItem","position":2,"name":"C\u00e2mara Municipal de Cabedelo PB: An\u00e1lise de Edital"}]},{"@type":"WebSite","@id":"https:\/\/www.estrategiaconcursos.com.br\/blog\/#website","url":"https:\/\/www.estrategiaconcursos.com.br\/blog\/","name":"Estrat\u00e9gia Concursos","description":"O blog da Estrat\u00e9gia Concursos traz not\u00edcias sobre concursos e artigos de professores oferecendo cursos para concursos (pdf + videaulas) no site.","publisher":{"@id":"https:\/\/www.estrategiaconcursos.com.br\/blog\/#organization"},"potentialAction":[{"@type":"SearchAction","target":{"@type":"EntryPoint","urlTemplate":"https:\/\/www.estrategiaconcursos.com.br\/blog\/?s={search_term_string}"},"query-input":{"@type":"PropertyValueSpecification","valueRequired":true,"valueName":"search_term_string"}}],"inLanguage":"pt-BR"},{"@type":"Organization","@id":"https:\/\/www.estrategiaconcursos.com.br\/blog\/#organization","name":"Estrat\u00e9gia Concursos","url":"https:\/\/www.estrategiaconcursos.com.br\/blog\/","logo":{"@type":"ImageObject","inLanguage":"pt-BR","@id":"https:\/\/www.estrategiaconcursos.com.br\/blog\/#\/schema\/logo\/image\/","url":"https:\/\/dhg1h5j42swfq.cloudfront.net\/2025\/06\/03203428\/logo_concursos-1.jpg","contentUrl":"https:\/\/dhg1h5j42swfq.cloudfront.net\/2025\/06\/03203428\/logo_concursos-1.jpg","width":230,"height":60,"caption":"Estrat\u00e9gia Concursos"},"image":{"@id":"https:\/\/www.estrategiaconcursos.com.br\/blog\/#\/schema\/logo\/image\/"},"sameAs":["https:\/\/x.com\/EstratConcursos"]},{"@type":"Person","@id":"https:\/\/www.estrategiaconcursos.com.br\/blog\/#\/schema\/person\/1509739fd92a40c9b52116de04a90310","name":"Tiago Zanolla","image":{"@type":"ImageObject","inLanguage":"pt-BR","@id":"https:\/\/secure.gravatar.com\/avatar\/e647cb200c21008603a1760df42f3f713d32dd977761568b5689c47f0b1747ee?s=96&d=mm&r=g","url":"https:\/\/secure.gravatar.com\/avatar\/e647cb200c21008603a1760df42f3f713d32dd977761568b5689c47f0b1747ee?s=96&d=mm&r=g","contentUrl":"https:\/\/secure.gravatar.com\/avatar\/e647cb200c21008603a1760df42f3f713d32dd977761568b5689c47f0b1747ee?s=96&d=mm&r=g","caption":"Tiago Zanolla"},"url":"https:\/\/www.estrategiaconcursos.com.br\/blog\/author\/zanolla-estrategiagmail-com\/"}]}},"_links":{"self":[{"href":"https:\/\/www.estrategiaconcursos.com.br\/blog\/wp-json\/wp\/v2\/posts\/561710","targetHints":{"allow":["GET"]}}],"collection":[{"href":"https:\/\/www.estrategiaconcursos.com.br\/blog\/wp-json\/wp\/v2\/posts"}],"about":[{"href":"https:\/\/www.estrategiaconcursos.com.br\/blog\/wp-json\/wp\/v2\/types\/post"}],"author":[{"embeddable":true,"href":"https:\/\/www.estrategiaconcursos.com.br\/blog\/wp-json\/wp\/v2\/users\/388"}],"replies":[{"embeddable":true,"href":"https:\/\/www.estrategiaconcursos.com.br\/blog\/wp-json\/wp\/v2\/comments?post=561710"}],"version-history":[{"count":1,"href":"https:\/\/www.estrategiaconcursos.com.br\/blog\/wp-json\/wp\/v2\/posts\/561710\/revisions"}],"predecessor-version":[{"id":561731,"href":"https:\/\/www.estrategiaconcursos.com.br\/blog\/wp-json\/wp\/v2\/posts\/561710\/revisions\/561731"}],"wp:attachment":[{"href":"https:\/\/www.estrategiaconcursos.com.br\/blog\/wp-json\/wp\/v2\/media?parent=561710"}],"wp:term":[{"taxonomy":"category","embeddable":true,"href":"https:\/\/www.estrategiaconcursos.com.br\/blog\/wp-json\/wp\/v2\/categories?post=561710"},{"taxonomy":"post_tag","embeddable":true,"href":"https:\/\/www.estrategiaconcursos.com.br\/blog\/wp-json\/wp\/v2\/tags?post=561710"},{"taxonomy":"tax_estado","embeddable":true,"href":"https:\/\/www.estrategiaconcursos.com.br\/blog\/wp-json\/wp\/v2\/tax_estado?post=561710"}],"curies":[{"name":"wp","href":"https:\/\/api.w.org\/{rel}","templated":true}]}}