{"id":561662,"date":"2020-08-26T11:29:46","date_gmt":"2020-08-26T14:29:46","guid":{"rendered":"https:\/\/www.estrategiaconcursos.com.br\/blog\/?p=561662"},"modified":"2020-08-26T13:11:05","modified_gmt":"2020-08-26T16:11:05","slug":"pgm-itaquaquecetuba-provas-adiadas","status":"publish","type":"post","link":"https:\/\/www.estrategiaconcursos.com.br\/blog\/pgm-itaquaquecetuba-provas-adiadas\/","title":{"rendered":"PGM Itaquaquecetuba tem provas suspensas ap\u00f3s Decreto Municipal"},"content":{"rendered":"\n<p>Em um comunicado publicado na \u00faltima ter\u00e7a-feira, 25 de agosto, a presidente da Comiss\u00e3o do Concurso P\u00fablico da Procuradoria Municipal de Itaquaquecetuba (PGM Itaquaquecetuba) tornou p\u00fablico a suspens\u00e3o das provas objetivas do certame, antes previstas para o dia 13 de setembro. <\/p>\n\n\n\n<p>A decis\u00e3o se deu considerando o Decreto Municipal n\u00ba 7.848, de 24 de agosto de 2020, que pro\u00edbe a realiza\u00e7\u00e3o de qualquer evento p\u00fablico ou privado, cultural ou esportivo no munic\u00edpio de Itaquaquecetuba.<\/p>\n\n\n\n<p>O adiamento do retorno da volta \u00e0s aulas e consequentemente da libera\u00e7\u00e3o das escolas, por recomenda\u00e7\u00e3o do Centro de Conting\u00eancia do Coronav\u00edrus, a fim de garantir uma margem de seguran\u00e7a maior para as crian\u00e7as, adolescentes, professores, gestores e profissionais de rede p\u00fablica e privada de ensino tamb\u00e9m foi levado em conta. <\/p>\n\n\n\n<p>Por fim, o comunicado aponta que a retomada das demais etapas do certame depender\u00e1 da libera\u00e7\u00e3o dos \u00d3rg\u00e3os de Sa\u00fade, do Governo do Estado de S\u00e3o Paulo, bem como do Munic\u00edpio de Itaquaquecetuba e ser\u00e3o divulgadas em data oportuna, nos ve\u00edculos oficiais de comunica\u00e7\u00e3o.<\/p>\n\n\n\n<p class=\"has-background has-text-align-center has-medium-font-size has-very-light-gray-background-color\">Para acessar a publica\u00e7\u00e3o na \u00edntegra, <a href=\"https:\/\/dhg1h5j42swfq.cloudfront.net\/2020\/08\/26115556\/Comunicado-de-Adiamento-das-Provas-do-Concurso-P%C3%BAblico.pdf\" target=\"_blank\" rel=\"noreferrer noopener\">clique aqui<\/a>. <\/p>\n\n\n\n<h2 class=\"wp-block-heading\">Concurso PGM Itaquaquecetuba<\/h2>\n\n\n\n<p>As inscri\u00e7\u00f5es do concurso PGM Itaquaquecetuba foram encerradas em 13 de agosto. O certame oferta 1 vaga para o cargo de Procurador, com remunera\u00e7\u00e3o de R$ 7.579,28 para 20 horas semanais. Para concorrer, o candidato deve possuir forma\u00e7\u00e3o superior em Direito e registro na OAB. <\/p>\n\n\n\n<p>A prova objetiva do concurso PGM Itaquaquecetuba ser\u00e1 composta por 50 quest\u00f5es de m\u00faltipla escolha com quatro alternativas, com dura\u00e7\u00e3o de 4 horas.<\/p>\n\n\n\n<p class=\"has-background has-text-align-center has-medium-font-size has-light-green-cyan-background-color\"><strong>Mais informa\u00e7\u00f5es: <a href=\"https:\/\/www.estrategiaconcursos.com.br\/blog\/concurso-pgm-itaquaquecetuba\" target=\"_blank\" rel=\"noreferrer noopener\">Concurso PGM Itaquaquecetuba<\/a><\/strong><\/p>\n\n\n\n<h2 class=\"has-text-align-center wp-block-heading\" id=\"cursos\"><em><strong>Quer estudar para o concurso<\/strong><\/em><br \/><em><strong>PGM Itaquaquecetuba<\/strong><\/em>?<\/h2>\n\n\n\n<p class=\"has-background has-text-align-center has-medium-font-size has-luminous-vivid-amber-background-color\"><strong><em><a href=\"https:\/\/www.estrategiaconcursos.com.br\/cursosPorConcurso\/procuradorias-municipais-pgms-cursos-regulares-procurador\/\">Cursos Procuradorias Municipais<\/a><\/em><\/strong><\/p>\n\n\n\n<h2 class=\"has-text-align-center wp-block-heading\">Assinatura Jur\u00eddica<\/h2>\n\n\n\n<p class=\"has-text-align-left\">Estude com a maior assinatura jur\u00eddica! Cursos on\u2011line complet\u00edssimos em PDFs e videoaulas, com conte\u00fado te\u00f3rico did\u00e1tico, legisla\u00e7\u00e3o e jurisprud\u00eancia analisados, resolu\u00e7\u00e3o de in\u00fameras quest\u00f5es e resumos ao final de cada aula.<\/p>\n\n\n\n<p style=\"font-size:25px\" class=\"has-text-color has-background has-text-align-center has-very-dark-gray-color has-luminous-vivid-amber-background-color\"><strong>ACESSE: <a href=\"https:\/\/www.estrategiaconcursos.com.br\/assinaturas-ecj\/\" target=\"_blank\" rel=\"noreferrer noopener\">Assinatura Jur\u00eddica<\/a><\/strong><\/p>\n\n\n\n<p class=\"has-text-align-center has-medium-font-size\"><strong><em>Sistema de Quest\u00f5es<\/em><\/strong><\/p>\n\n\n\n<p class=\"has-text-align-center\"><em>Estrat\u00e9gia Quest\u00f5es nasceu maior do que todos os concorrentes, com mais quest\u00f5es cadastradas e mais solu\u00e7\u00f5es por professores. Ent\u00e3o, confira e aproveite os descontos e b\u00f4nus imperd\u00edveis!<\/em><\/p>\n\n\n\n<p style=\"font-size:22px\" class=\"has-background has-text-align-center has-vivid-green-cyan-background-color\"><strong>ASSINE AGORA \u2013&nbsp;<a rel=\"noreferrer noopener\" href=\"https:\/\/www.estrategiaconcursos.com.br\/cursosPorConcurso\/sistema-de-questoes\/#\/\" target=\"_blank\">Sistema de Quest\u00f5es<\/a><\/strong><\/p>\n\n\n\n<p class=\"has-text-align-center\"><strong><em>Fique por dentro dos concursos<\/em><\/strong> <\/p>\n\n\n\n<p class=\"has-background has-text-align-center has-medium-font-size has-pale-cyan-blue-background-color\"><strong><a href=\"https:\/\/www.estrategiaconcursos.com.br\/blog\/concursos-abertos\/\" target=\"_blank\" rel=\"noreferrer noopener\">Concursos Abertos<\/a><\/strong><\/p>\n\n\n\n<p class=\"has-background has-text-align-center has-medium-font-size has-pale-cyan-blue-background-color\"><a href=\"https:\/\/www.estrategiaconcursos.com.br\/blog\/concursos-2020\/\" target=\"_blank\" rel=\"noreferrer noopener\"><strong>Concursos 2020<\/strong><\/a><\/p>\n\n\n\n<p class=\"has-background has-text-align-center has-pale-cyan-blue-background-color\"><a href=\"https:\/\/www.estrategiaconcursos.com.br\/blog\/concursos-2021\/\" target=\"_blank\" rel=\"noreferrer noopener\"><strong>CONCURSOS 2021<\/strong><\/a><\/p>\n\n\n\n<p class=\"has-background has-text-align-center has-medium-font-size has-pale-cyan-blue-background-color\"><strong><a href=\"https:\/\/www.estrategiaconcursos.com.br\/blog\/concursos-de-direito\/\" target=\"_blank\" rel=\"noreferrer noopener\">Concursos de Direito<\/a><\/strong><\/p>\n","protected":false},"excerpt":{"rendered":"<p>Em um comunicado publicado na \u00faltima ter\u00e7a-feira, 25 de agosto, a presidente da Comiss\u00e3o do Concurso P\u00fablico da Procuradoria Municipal de Itaquaquecetuba (PGM Itaquaquecetuba) tornou p\u00fablico a suspens\u00e3o das provas objetivas do certame, antes previstas para o dia 13 de setembro. A decis\u00e3o se deu considerando o Decreto Municipal n\u00ba 7.848, de 24 de agosto [&hellip;]<\/p>\n","protected":false},"author":260,"featured_media":561685,"comment_status":"open","ping_status":"closed","sticky":false,"template":"","format":"standard","meta":{"post_tipo":"article","footnotes":""},"categories":[1],"tags":[],"tax_estado":[],"class_list":["post-561662","post","type-post","status-publish","format-standard","has-post-thumbnail","hentry","category-cursos-e-concursos"],"acf":[],"yoast_head":"<!-- This site is optimized with the Yoast SEO Premium plugin v27.2 (Yoast SEO v27.2) - https:\/\/yoast.com\/product\/yoast-seo-premium-wordpress\/ -->\n<title>PGM Itaquaquecetuba tem provas suspensas ap\u00f3s Decreto Municipal<\/title>\n<meta name=\"description\" content=\"PGM Itaquaquecetuba tem provas do seu certame em andamento adiadas. As avalia\u00e7\u00f5es ocorreriam em 13 de setembro. Entenda melhor aqui!\" \/>\n<meta name=\"robots\" content=\"index, follow, max-snippet:-1, max-image-preview:large, max-video-preview:-1\" \/>\n<link rel=\"canonical\" href=\"https:\/\/www.estrategiaconcursos.com.br\/blog\/pgm-itaquaquecetuba-provas-adiadas\/\" \/>\n<meta property=\"og:locale\" content=\"pt_BR\" \/>\n<meta property=\"og:type\" content=\"article\" \/>\n<meta property=\"og:title\" content=\"PGM Itaquaquecetuba tem provas suspensas ap\u00f3s Decreto Municipal\" \/>\n<meta property=\"og:description\" content=\"PGM Itaquaquecetuba tem provas do seu certame em andamento adiadas. As avalia\u00e7\u00f5es ocorreriam em 13 de setembro. Entenda melhor aqui!\" \/>\n<meta property=\"og:url\" content=\"https:\/\/www.estrategiaconcursos.com.br\/blog\/pgm-itaquaquecetuba-provas-adiadas\/\" \/>\n<meta property=\"og:site_name\" content=\"Estrat\u00e9gia Concursos\" \/>\n<meta property=\"article:published_time\" content=\"2020-08-26T14:29:46+00:00\" \/>\n<meta property=\"article:modified_time\" content=\"2020-08-26T16:11:05+00:00\" \/>\n<meta property=\"og:image\" content=\"https:\/\/dhg1h5j42swfq.cloudfront.net\/2020\/08\/26111723\/PGM_Itaquaquecetuba-150x150-1.jpg\" \/>\n\t<meta property=\"og:image:width\" content=\"150\" \/>\n\t<meta property=\"og:image:height\" content=\"150\" \/>\n\t<meta property=\"og:image:type\" content=\"image\/jpeg\" \/>\n<meta name=\"author\" content=\"Diego Cerqueira Berbert Vasconcelos\" \/>\n<meta name=\"twitter:card\" content=\"summary_large_image\" \/>\n<meta name=\"twitter:creator\" content=\"@EstratConcursos\" \/>\n<meta name=\"twitter:site\" content=\"@EstratConcursos\" \/>\n<meta name=\"twitter:label1\" content=\"Escrito por\" \/>\n\t<meta name=\"twitter:data1\" content=\"Diego Cerqueira Berbert Vasconcelos\" \/>\n\t<meta name=\"twitter:label2\" content=\"Est. tempo de leitura\" \/>\n\t<meta name=\"twitter:data2\" content=\"2 minutos\" \/>\n<script type=\"application\/ld+json\" class=\"yoast-schema-graph\">{\"@context\":\"https:\/\/schema.org\",\"@graph\":[{\"@type\":\"NewsArticle\",\"@id\":\"https:\/\/www.estrategiaconcursos.com.br\/blog\/pgm-itaquaquecetuba-provas-adiadas\/#article\",\"isPartOf\":{\"@id\":\"https:\/\/www.estrategiaconcursos.com.br\/blog\/pgm-itaquaquecetuba-provas-adiadas\/\"},\"author\":{\"name\":\"Diego Cerqueira Berbert Vasconcelos\",\"@id\":\"https:\/\/www.estrategiaconcursos.com.br\/blog\/#\/schema\/person\/7fbf898fd336f5ce58a961518beff68c\"},\"headline\":\"PGM Itaquaquecetuba tem provas suspensas ap\u00f3s Decreto Municipal\",\"datePublished\":\"2020-08-26T14:29:46+00:00\",\"dateModified\":\"2020-08-26T16:11:05+00:00\",\"mainEntityOfPage\":{\"@id\":\"https:\/\/www.estrategiaconcursos.com.br\/blog\/pgm-itaquaquecetuba-provas-adiadas\/\"},\"wordCount\":402,\"commentCount\":0,\"publisher\":{\"@id\":\"https:\/\/www.estrategiaconcursos.com.br\/blog\/#organization\"},\"image\":{\"@id\":\"https:\/\/www.estrategiaconcursos.com.br\/blog\/pgm-itaquaquecetuba-provas-adiadas\/#primaryimage\"},\"thumbnailUrl\":\"https:\/\/dhg1h5j42swfq.cloudfront.net\/2020\/08\/26111723\/PGM_Itaquaquecetuba-150x150-1.jpg\",\"articleSection\":[\"Concursos P\u00fablicos\"],\"inLanguage\":\"pt-BR\",\"potentialAction\":[{\"@type\":\"CommentAction\",\"name\":\"Comment\",\"target\":[\"https:\/\/www.estrategiaconcursos.com.br\/blog\/pgm-itaquaquecetuba-provas-adiadas\/#respond\"]}],\"copyrightYear\":\"2020\",\"copyrightHolder\":{\"@id\":\"https:\/\/www.estrategiaconcursos.com.br\/blog\/#organization\"}},{\"@type\":\"WebPage\",\"@id\":\"https:\/\/www.estrategiaconcursos.com.br\/blog\/pgm-itaquaquecetuba-provas-adiadas\/\",\"url\":\"https:\/\/www.estrategiaconcursos.com.br\/blog\/pgm-itaquaquecetuba-provas-adiadas\/\",\"name\":\"PGM Itaquaquecetuba tem provas suspensas ap\u00f3s Decreto Municipal\",\"isPartOf\":{\"@id\":\"https:\/\/www.estrategiaconcursos.com.br\/blog\/#website\"},\"primaryImageOfPage\":{\"@id\":\"https:\/\/www.estrategiaconcursos.com.br\/blog\/pgm-itaquaquecetuba-provas-adiadas\/#primaryimage\"},\"image\":{\"@id\":\"https:\/\/www.estrategiaconcursos.com.br\/blog\/pgm-itaquaquecetuba-provas-adiadas\/#primaryimage\"},\"thumbnailUrl\":\"https:\/\/dhg1h5j42swfq.cloudfront.net\/2020\/08\/26111723\/PGM_Itaquaquecetuba-150x150-1.jpg\",\"datePublished\":\"2020-08-26T14:29:46+00:00\",\"dateModified\":\"2020-08-26T16:11:05+00:00\",\"description\":\"PGM Itaquaquecetuba tem provas do seu certame em andamento adiadas. As avalia\u00e7\u00f5es ocorreriam em 13 de setembro. Entenda melhor aqui!\",\"breadcrumb\":{\"@id\":\"https:\/\/www.estrategiaconcursos.com.br\/blog\/pgm-itaquaquecetuba-provas-adiadas\/#breadcrumb\"},\"inLanguage\":\"pt-BR\",\"potentialAction\":[{\"@type\":\"ReadAction\",\"target\":[\"https:\/\/www.estrategiaconcursos.com.br\/blog\/pgm-itaquaquecetuba-provas-adiadas\/\"]}]},{\"@type\":\"ImageObject\",\"inLanguage\":\"pt-BR\",\"@id\":\"https:\/\/www.estrategiaconcursos.com.br\/blog\/pgm-itaquaquecetuba-provas-adiadas\/#primaryimage\",\"url\":\"https:\/\/dhg1h5j42swfq.cloudfront.net\/2020\/08\/26111723\/PGM_Itaquaquecetuba-150x150-1.jpg\",\"contentUrl\":\"https:\/\/dhg1h5j42swfq.cloudfront.net\/2020\/08\/26111723\/PGM_Itaquaquecetuba-150x150-1.jpg\",\"width\":150,\"height\":150,\"caption\":\"Itaquaquecetuba\"},{\"@type\":\"BreadcrumbList\",\"@id\":\"https:\/\/www.estrategiaconcursos.com.br\/blog\/pgm-itaquaquecetuba-provas-adiadas\/#breadcrumb\",\"itemListElement\":[{\"@type\":\"ListItem\",\"position\":1,\"name\":\"In\u00edcio\",\"item\":\"https:\/\/www.estrategiaconcursos.com.br\/blog\/\"},{\"@type\":\"ListItem\",\"position\":2,\"name\":\"PGM Itaquaquecetuba tem provas suspensas ap\u00f3s Decreto Municipal\"}]},{\"@type\":\"WebSite\",\"@id\":\"https:\/\/www.estrategiaconcursos.com.br\/blog\/#website\",\"url\":\"https:\/\/www.estrategiaconcursos.com.br\/blog\/\",\"name\":\"Estrat\u00e9gia Concursos\",\"description\":\"O blog da Estrat\u00e9gia Concursos traz not\u00edcias sobre concursos e artigos de professores oferecendo cursos para concursos (pdf + videaulas) no site.\",\"publisher\":{\"@id\":\"https:\/\/www.estrategiaconcursos.com.br\/blog\/#organization\"},\"potentialAction\":[{\"@type\":\"SearchAction\",\"target\":{\"@type\":\"EntryPoint\",\"urlTemplate\":\"https:\/\/www.estrategiaconcursos.com.br\/blog\/?s={search_term_string}\"},\"query-input\":{\"@type\":\"PropertyValueSpecification\",\"valueRequired\":true,\"valueName\":\"search_term_string\"}}],\"inLanguage\":\"pt-BR\"},{\"@type\":\"Organization\",\"@id\":\"https:\/\/www.estrategiaconcursos.com.br\/blog\/#organization\",\"name\":\"Estrat\u00e9gia Concursos\",\"url\":\"https:\/\/www.estrategiaconcursos.com.br\/blog\/\",\"logo\":{\"@type\":\"ImageObject\",\"inLanguage\":\"pt-BR\",\"@id\":\"https:\/\/www.estrategiaconcursos.com.br\/blog\/#\/schema\/logo\/image\/\",\"url\":\"https:\/\/dhg1h5j42swfq.cloudfront.net\/2025\/06\/03203428\/logo_concursos-1.jpg\",\"contentUrl\":\"https:\/\/dhg1h5j42swfq.cloudfront.net\/2025\/06\/03203428\/logo_concursos-1.jpg\",\"width\":230,\"height\":60,\"caption\":\"Estrat\u00e9gia Concursos\"},\"image\":{\"@id\":\"https:\/\/www.estrategiaconcursos.com.br\/blog\/#\/schema\/logo\/image\/\"},\"sameAs\":[\"https:\/\/x.com\/EstratConcursos\"]},{\"@type\":\"Person\",\"@id\":\"https:\/\/www.estrategiaconcursos.com.br\/blog\/#\/schema\/person\/7fbf898fd336f5ce58a961518beff68c\",\"name\":\"Diego Cerqueira Berbert Vasconcelos\",\"image\":{\"@type\":\"ImageObject\",\"inLanguage\":\"pt-BR\",\"@id\":\"https:\/\/secure.gravatar.com\/avatar\/ed2d045a7390980cad1a92d24dcc39d10ef55b88fcb9fb9c047979bf4ddeb1ce?s=96&d=mm&r=g\",\"url\":\"https:\/\/secure.gravatar.com\/avatar\/ed2d045a7390980cad1a92d24dcc39d10ef55b88fcb9fb9c047979bf4ddeb1ce?s=96&d=mm&r=g\",\"contentUrl\":\"https:\/\/secure.gravatar.com\/avatar\/ed2d045a7390980cad1a92d24dcc39d10ef55b88fcb9fb9c047979bf4ddeb1ce?s=96&d=mm&r=g\",\"caption\":\"Diego Cerqueira Berbert Vasconcelos\"},\"url\":\"https:\/\/www.estrategiaconcursos.com.br\/blog\/author\/diegocerqueiraestrategiaconcursos-com-br\/\"}]}<\/script>\n<!-- \/ Yoast SEO Premium plugin. -->","yoast_head_json":{"title":"PGM Itaquaquecetuba tem provas suspensas ap\u00f3s Decreto Municipal","description":"PGM Itaquaquecetuba tem provas do seu certame em andamento adiadas. As avalia\u00e7\u00f5es ocorreriam em 13 de setembro. Entenda melhor aqui!","robots":{"index":"index","follow":"follow","max-snippet":"max-snippet:-1","max-image-preview":"max-image-preview:large","max-video-preview":"max-video-preview:-1"},"canonical":"https:\/\/www.estrategiaconcursos.com.br\/blog\/pgm-itaquaquecetuba-provas-adiadas\/","og_locale":"pt_BR","og_type":"article","og_title":"PGM Itaquaquecetuba tem provas suspensas ap\u00f3s Decreto Municipal","og_description":"PGM Itaquaquecetuba tem provas do seu certame em andamento adiadas. As avalia\u00e7\u00f5es ocorreriam em 13 de setembro. Entenda melhor aqui!","og_url":"https:\/\/www.estrategiaconcursos.com.br\/blog\/pgm-itaquaquecetuba-provas-adiadas\/","og_site_name":"Estrat\u00e9gia Concursos","article_published_time":"2020-08-26T14:29:46+00:00","article_modified_time":"2020-08-26T16:11:05+00:00","og_image":[{"width":150,"height":150,"url":"https:\/\/dhg1h5j42swfq.cloudfront.net\/2020\/08\/26111723\/PGM_Itaquaquecetuba-150x150-1.jpg","type":"image\/jpeg"}],"author":"Diego Cerqueira Berbert Vasconcelos","twitter_card":"summary_large_image","twitter_creator":"@EstratConcursos","twitter_site":"@EstratConcursos","twitter_misc":{"Escrito por":"Diego Cerqueira Berbert Vasconcelos","Est. tempo de leitura":"2 minutos"},"schema":{"@context":"https:\/\/schema.org","@graph":[{"@type":"NewsArticle","@id":"https:\/\/www.estrategiaconcursos.com.br\/blog\/pgm-itaquaquecetuba-provas-adiadas\/#article","isPartOf":{"@id":"https:\/\/www.estrategiaconcursos.com.br\/blog\/pgm-itaquaquecetuba-provas-adiadas\/"},"author":{"name":"Diego Cerqueira Berbert Vasconcelos","@id":"https:\/\/www.estrategiaconcursos.com.br\/blog\/#\/schema\/person\/7fbf898fd336f5ce58a961518beff68c"},"headline":"PGM Itaquaquecetuba tem provas suspensas ap\u00f3s Decreto Municipal","datePublished":"2020-08-26T14:29:46+00:00","dateModified":"2020-08-26T16:11:05+00:00","mainEntityOfPage":{"@id":"https:\/\/www.estrategiaconcursos.com.br\/blog\/pgm-itaquaquecetuba-provas-adiadas\/"},"wordCount":402,"commentCount":0,"publisher":{"@id":"https:\/\/www.estrategiaconcursos.com.br\/blog\/#organization"},"image":{"@id":"https:\/\/www.estrategiaconcursos.com.br\/blog\/pgm-itaquaquecetuba-provas-adiadas\/#primaryimage"},"thumbnailUrl":"https:\/\/dhg1h5j42swfq.cloudfront.net\/2020\/08\/26111723\/PGM_Itaquaquecetuba-150x150-1.jpg","articleSection":["Concursos P\u00fablicos"],"inLanguage":"pt-BR","potentialAction":[{"@type":"CommentAction","name":"Comment","target":["https:\/\/www.estrategiaconcursos.com.br\/blog\/pgm-itaquaquecetuba-provas-adiadas\/#respond"]}],"copyrightYear":"2020","copyrightHolder":{"@id":"https:\/\/www.estrategiaconcursos.com.br\/blog\/#organization"}},{"@type":"WebPage","@id":"https:\/\/www.estrategiaconcursos.com.br\/blog\/pgm-itaquaquecetuba-provas-adiadas\/","url":"https:\/\/www.estrategiaconcursos.com.br\/blog\/pgm-itaquaquecetuba-provas-adiadas\/","name":"PGM Itaquaquecetuba tem provas suspensas ap\u00f3s Decreto Municipal","isPartOf":{"@id":"https:\/\/www.estrategiaconcursos.com.br\/blog\/#website"},"primaryImageOfPage":{"@id":"https:\/\/www.estrategiaconcursos.com.br\/blog\/pgm-itaquaquecetuba-provas-adiadas\/#primaryimage"},"image":{"@id":"https:\/\/www.estrategiaconcursos.com.br\/blog\/pgm-itaquaquecetuba-provas-adiadas\/#primaryimage"},"thumbnailUrl":"https:\/\/dhg1h5j42swfq.cloudfront.net\/2020\/08\/26111723\/PGM_Itaquaquecetuba-150x150-1.jpg","datePublished":"2020-08-26T14:29:46+00:00","dateModified":"2020-08-26T16:11:05+00:00","description":"PGM Itaquaquecetuba tem provas do seu certame em andamento adiadas. As avalia\u00e7\u00f5es ocorreriam em 13 de setembro. Entenda melhor aqui!","breadcrumb":{"@id":"https:\/\/www.estrategiaconcursos.com.br\/blog\/pgm-itaquaquecetuba-provas-adiadas\/#breadcrumb"},"inLanguage":"pt-BR","potentialAction":[{"@type":"ReadAction","target":["https:\/\/www.estrategiaconcursos.com.br\/blog\/pgm-itaquaquecetuba-provas-adiadas\/"]}]},{"@type":"ImageObject","inLanguage":"pt-BR","@id":"https:\/\/www.estrategiaconcursos.com.br\/blog\/pgm-itaquaquecetuba-provas-adiadas\/#primaryimage","url":"https:\/\/dhg1h5j42swfq.cloudfront.net\/2020\/08\/26111723\/PGM_Itaquaquecetuba-150x150-1.jpg","contentUrl":"https:\/\/dhg1h5j42swfq.cloudfront.net\/2020\/08\/26111723\/PGM_Itaquaquecetuba-150x150-1.jpg","width":150,"height":150,"caption":"Itaquaquecetuba"},{"@type":"BreadcrumbList","@id":"https:\/\/www.estrategiaconcursos.com.br\/blog\/pgm-itaquaquecetuba-provas-adiadas\/#breadcrumb","itemListElement":[{"@type":"ListItem","position":1,"name":"In\u00edcio","item":"https:\/\/www.estrategiaconcursos.com.br\/blog\/"},{"@type":"ListItem","position":2,"name":"PGM Itaquaquecetuba tem provas suspensas ap\u00f3s Decreto Municipal"}]},{"@type":"WebSite","@id":"https:\/\/www.estrategiaconcursos.com.br\/blog\/#website","url":"https:\/\/www.estrategiaconcursos.com.br\/blog\/","name":"Estrat\u00e9gia Concursos","description":"O blog da Estrat\u00e9gia Concursos traz not\u00edcias sobre concursos e artigos de professores oferecendo cursos para concursos (pdf + videaulas) no site.","publisher":{"@id":"https:\/\/www.estrategiaconcursos.com.br\/blog\/#organization"},"potentialAction":[{"@type":"SearchAction","target":{"@type":"EntryPoint","urlTemplate":"https:\/\/www.estrategiaconcursos.com.br\/blog\/?s={search_term_string}"},"query-input":{"@type":"PropertyValueSpecification","valueRequired":true,"valueName":"search_term_string"}}],"inLanguage":"pt-BR"},{"@type":"Organization","@id":"https:\/\/www.estrategiaconcursos.com.br\/blog\/#organization","name":"Estrat\u00e9gia Concursos","url":"https:\/\/www.estrategiaconcursos.com.br\/blog\/","logo":{"@type":"ImageObject","inLanguage":"pt-BR","@id":"https:\/\/www.estrategiaconcursos.com.br\/blog\/#\/schema\/logo\/image\/","url":"https:\/\/dhg1h5j42swfq.cloudfront.net\/2025\/06\/03203428\/logo_concursos-1.jpg","contentUrl":"https:\/\/dhg1h5j42swfq.cloudfront.net\/2025\/06\/03203428\/logo_concursos-1.jpg","width":230,"height":60,"caption":"Estrat\u00e9gia Concursos"},"image":{"@id":"https:\/\/www.estrategiaconcursos.com.br\/blog\/#\/schema\/logo\/image\/"},"sameAs":["https:\/\/x.com\/EstratConcursos"]},{"@type":"Person","@id":"https:\/\/www.estrategiaconcursos.com.br\/blog\/#\/schema\/person\/7fbf898fd336f5ce58a961518beff68c","name":"Diego Cerqueira Berbert Vasconcelos","image":{"@type":"ImageObject","inLanguage":"pt-BR","@id":"https:\/\/secure.gravatar.com\/avatar\/ed2d045a7390980cad1a92d24dcc39d10ef55b88fcb9fb9c047979bf4ddeb1ce?s=96&d=mm&r=g","url":"https:\/\/secure.gravatar.com\/avatar\/ed2d045a7390980cad1a92d24dcc39d10ef55b88fcb9fb9c047979bf4ddeb1ce?s=96&d=mm&r=g","contentUrl":"https:\/\/secure.gravatar.com\/avatar\/ed2d045a7390980cad1a92d24dcc39d10ef55b88fcb9fb9c047979bf4ddeb1ce?s=96&d=mm&r=g","caption":"Diego Cerqueira Berbert Vasconcelos"},"url":"https:\/\/www.estrategiaconcursos.com.br\/blog\/author\/diegocerqueiraestrategiaconcursos-com-br\/"}]}},"_links":{"self":[{"href":"https:\/\/www.estrategiaconcursos.com.br\/blog\/wp-json\/wp\/v2\/posts\/561662","targetHints":{"allow":["GET"]}}],"collection":[{"href":"https:\/\/www.estrategiaconcursos.com.br\/blog\/wp-json\/wp\/v2\/posts"}],"about":[{"href":"https:\/\/www.estrategiaconcursos.com.br\/blog\/wp-json\/wp\/v2\/types\/post"}],"author":[{"embeddable":true,"href":"https:\/\/www.estrategiaconcursos.com.br\/blog\/wp-json\/wp\/v2\/users\/260"}],"replies":[{"embeddable":true,"href":"https:\/\/www.estrategiaconcursos.com.br\/blog\/wp-json\/wp\/v2\/comments?post=561662"}],"version-history":[{"count":10,"href":"https:\/\/www.estrategiaconcursos.com.br\/blog\/wp-json\/wp\/v2\/posts\/561662\/revisions"}],"predecessor-version":[{"id":561767,"href":"https:\/\/www.estrategiaconcursos.com.br\/blog\/wp-json\/wp\/v2\/posts\/561662\/revisions\/561767"}],"wp:featuredmedia":[{"embeddable":true,"href":"https:\/\/www.estrategiaconcursos.com.br\/blog\/wp-json\/wp\/v2\/media\/561685"}],"wp:attachment":[{"href":"https:\/\/www.estrategiaconcursos.com.br\/blog\/wp-json\/wp\/v2\/media?parent=561662"}],"wp:term":[{"taxonomy":"category","embeddable":true,"href":"https:\/\/www.estrategiaconcursos.com.br\/blog\/wp-json\/wp\/v2\/categories?post=561662"},{"taxonomy":"post_tag","embeddable":true,"href":"https:\/\/www.estrategiaconcursos.com.br\/blog\/wp-json\/wp\/v2\/tags?post=561662"},{"taxonomy":"tax_estado","embeddable":true,"href":"https:\/\/www.estrategiaconcursos.com.br\/blog\/wp-json\/wp\/v2\/tax_estado?post=561662"}],"curies":[{"name":"wp","href":"https:\/\/api.w.org\/{rel}","templated":true}]}}