{"id":561080,"date":"2020-08-25T19:35:09","date_gmt":"2020-08-25T22:35:09","guid":{"rendered":"https:\/\/www.estrategiaconcursos.com.br\/blog\/?p=561080"},"modified":"2020-08-25T19:35:10","modified_gmt":"2020-08-25T22:35:10","slug":"apresentacao-16","status":"publish","type":"post","link":"https:\/\/www.estrategiaconcursos.com.br\/blog\/apresentacao-16\/","title":{"rendered":"Apresenta\u00e7\u00e3o"},"content":{"rendered":"\n<p>Ol\u00e1 amigos (as), tudo bem?<\/p>\n\n\n\n<p>Meu nome \u00e9 J\u00falio Farias e fa\u00e7o parte da Equipe Estrat\u00e9gia Concursos. Sou Delegado de Pol\u00edcia no Estado de S\u00e3o Paulo e j\u00e1 passei por v\u00e1rios outros cargos durante minha vida de concurso p\u00fablico.<\/p>\n\n\n\n<p>Graduado em Direito, P\u00f3s-graduado em Direitos Humanos e, Direito Penal e Processo Penal.<\/p>\n\n\n\n<p>Inicialmente, j\u00e1 quero deixar claro pra voc\u00ea, \u201cconcurseiro\u201d, que a aprova\u00e7\u00e3o \u00e9 poss\u00edvel. Isso mesmo! Ser aprovado em concurso p\u00fablico \u00e9 poss\u00edvel, basta que voc\u00ea tenha dedica\u00e7\u00e3o e comprometimento nos estudos e os resultados ser\u00e3o alcan\u00e7ados.<\/p>\n\n\n\n<p><em><strong>Mas J\u00falio, eu n\u00e3o consigo estudar, pois eu trabalho, tenho uma fam\u00edlia pra cuidar e o tempo que me resta, n\u00e3o consigo me concentrar. O que fazer?<\/strong><\/em><\/p>\n\n\n\n<p>Calma. Isso mesmo, tenha calma! Vou lhe contar um pouco sobre minha trajet\u00f3ria.<\/p>\n\n\n\n<p>Iniciei na vida de concurso p\u00fablico bem cedo, j\u00e1 aos meus 17 anos de idade.<\/p>\n\n\n\n<p>Mas como assim?<\/p>\n\n\n\n<p>Aos 17 anos, nos idos de 2002, estava terminando o ensino m\u00e9dio, em escola p\u00fablica <em>(friso isso, pois, n\u00e3o tive o privil\u00e9gio de estudar em escola particular. Venho de fam\u00edlia humilde)<\/em> e prestei o meu primeiro concurso p\u00fablico para o cargo de soldado da Pol\u00edcia Militar de Minas Gerais. <\/p>\n\n\n\n<p>Fiz a inscri\u00e7\u00e3o, pois tinha visto num jornal sobre o acontecimento do concurso p\u00fablico e fui aprovado na prova objetiva, sem estudar especificamente para o concurso. \u00c0 \u00e9poca eu nem sabia o que era um edital!<\/p>\n\n\n\n<p><em><strong>Nossa J\u00falio, mas voc\u00ea era muito inteligente ent\u00e3o!<\/strong><\/em><\/p>\n\n\n\n<p>Nada disso, nem eu sei como passei nessa prova, mas creio que se deve \u00e0 minha dedica\u00e7\u00e3o nas aulas do ensino m\u00e9dio. Mas sabem a not\u00edcia ruim? Fui reprovado no \u00faltimo teste \u2013 o famoso exame psicol\u00f3gico.<\/p>\n\n\n\n<p>Ap\u00f3s essa \u201cderrota\u201d, comecei a cursar a faculdade. Ingressei no curso de Direito, inspirado em meu pai, mas ciente que estava fazendo a escolha certa.<\/p>\n\n\n\n<p>Fiquei deveras abatido por muito tempo, mas consegui me reerguer e voltar a fazer as provas de concurso para soldado da pol\u00edcia militar de MG.<\/p>\n\n\n\n<p>Sabem o que aconteceu? Fui reprovado por mais 2 vezes nas provas objetivas seguintes. Isso porque eu n\u00e3o estudava, mas apenas tinha a falsa sensa\u00e7\u00e3o que sabia o bastante.<\/p>\n\n\n\n<p>Resolvi ent\u00e3o me inscrever no concurso de agente penitenci\u00e1rio do Estado de MG, mas agora dessa vez, resolvi ler o edital e estudar o que poderia cair na prova. Dessa vez, fui aprovado em todas as fases, inclusive o exame psicol\u00f3gico e exerci a fun\u00e7\u00e3o por 06 meses na cidade de Patos de Minas\/MG.<\/p>\n\n\n\n<p>Fiquei na fun\u00e7\u00e3o por apenas 06 meses, pois estava aguardando o resultado de outro concurso para soldado da PMMG que eu havia realizado e quando saiu o resultado, dessa vez, aprovado no exame psicol\u00f3gico, fui para a PMMG fazer o curso de forma\u00e7\u00e3o.<\/p>\n\n\n\n<p>A carreira policial \u00e9 muito inspiradora para mim e me identifico bastante. Permaneci por aproximadamente 14 anos na PMMG e deixei a institui\u00e7\u00e3o, estando na gradua\u00e7\u00e3o de 2\u00ba sargento, para tomar posse no cargo de delegado no Estado de S\u00e3o Paulo.<\/p>\n\n\n\n<p><em><strong>Mas e nesse per\u00edodo de 14 anos o que aconteceu?<\/strong><\/em><\/p>\n\n\n\n<p>A hist\u00f3ria \u00e9 longa, mas j\u00e1 adianto que fui reprovado por diversas vezes nos concursos para o cargo de delegado que prestei ap\u00f3s o ano de 2015. Isso mesmo, apesar de me formar na faculdade em 2010, somente voltei a estudar para concursos no fim de 2015. Eu estava numa zona de conforto excelente e n\u00e3o queria fazer mais concursos, at\u00e9 que um amigo praticamente me puxou pelo bra\u00e7o e voltei aos estudos. No fim da batalha, fomos aprovados em concursos para delegado no mesmo ano, sendo ele hoje delegado em MG e eu em SP.<\/p>\n\n\n\n<p><strong><em>Mas e como foi a volta aos estudos? Tudo tranquilo, J\u00falio?<\/em><\/strong><\/p>\n\n\n\n<p>Claro que n\u00e3o!!! Primeiramente tive a dificuldade em sair da zona de conforto. Ap\u00f3s pegar um certo ritmo tive problemas com a falta de const\u00e2ncia e o des\u00e2nimo que batia a cada reprova\u00e7\u00e3o. Tudo isso aliado \u00e0 minha vida trabalhando na PMMG e cuidando da minha fam\u00edlia (esposa e filhos).<\/p>\n\n\n\n<p>Tive por diversas vezes que repensar e refazer o modo de estudar at\u00e9 conseguir achar o que mais se adequava \u00e0 minha situa\u00e7\u00e3o. Seja pelo tempo escasso, seja pelo cansa\u00e7o, ou pela dificuldade em concentrar-me vendo as crian\u00e7as correndo e brincando casa a fora. Em suma, nunca diga que \u00e9 imposs\u00edvel estudar porque trabalha ou tem que cuidar da fam\u00edlia. Pra tudo existe solu\u00e7\u00e3o, basta saber o que fazer, quando e onde (os detalhes ficam para meus acompanhamentos como coach).<\/p>\n\n\n\n<p>Nesse per\u00edodo, tamb\u00e9m realizei diversos cursos de especializa\u00e7\u00e3o e ministrei aulas presenciais em diversas institui\u00e7\u00f5es e tutoria na rede Senasp\/MJ. Vejam o meu <a rel=\"noreferrer noopener\" href=\"http:\/\/lattes.cnpq.br\/0584333290774458\" target=\"_blank\">curr\u00edculo <em>lattes<\/em><\/a>.<\/p>\n\n\n\n<p>Hoje me sinto realizado exercendo minhas fun\u00e7\u00f5es como delegado de pol\u00edcia bem como as atividades atinentes \u00e0 doc\u00eancia. Ap\u00f3s alcan\u00e7armos os objetivos tra\u00e7ados, h\u00e1 sempre a sensa\u00e7\u00e3o de satisfa\u00e7\u00e3o por ter a certeza do dever cumprido. <\/p>\n\n\n\n<p>Finalizo reiterando ser um prazer fazer parte da equipe Estrat\u00e9gia Concursos e contem comigo na contribui\u00e7\u00e3o para sua aprova\u00e7\u00e3o no t\u00e3o sonhado concurso p\u00fablico!<\/p>\n\n\n\n<p>Um forte abra\u00e7o!<\/p>\n\n\n\n<p>J\u00falio Farias<\/p>\n","protected":false},"excerpt":{"rendered":"<p>Ol\u00e1 amigos (as), tudo bem? Meu nome \u00e9 J\u00falio Farias e fa\u00e7o parte da Equipe Estrat\u00e9gia Concursos. Sou Delegado de Pol\u00edcia no Estado de S\u00e3o Paulo e j\u00e1 passei por v\u00e1rios outros cargos durante minha vida de concurso p\u00fablico. Graduado em Direito, P\u00f3s-graduado em Direitos Humanos e, Direito Penal e Processo Penal. Inicialmente, j\u00e1 quero [&hellip;]<\/p>\n","protected":false},"author":1830,"featured_media":0,"comment_status":"open","ping_status":"closed","sticky":false,"template":"","format":"standard","meta":{"post_tipo":"article","footnotes":""},"categories":[1],"tags":[],"tax_estado":[],"class_list":["post-561080","post","type-post","status-publish","format-standard","hentry","category-cursos-e-concursos"],"acf":[],"yoast_head":"<!-- This site is optimized with the Yoast SEO Premium plugin v27.2 (Yoast SEO v27.2) - https:\/\/yoast.com\/product\/yoast-seo-premium-wordpress\/ -->\n<title>Apresenta\u00e7\u00e3o<\/title>\n<meta name=\"robots\" content=\"index, follow, max-snippet:-1, max-image-preview:large, max-video-preview:-1\" \/>\n<link rel=\"canonical\" href=\"https:\/\/www.estrategiaconcursos.com.br\/blog\/apresentacao-16\/\" \/>\n<meta property=\"og:locale\" content=\"pt_BR\" \/>\n<meta property=\"og:type\" content=\"article\" \/>\n<meta property=\"og:title\" content=\"Apresenta\u00e7\u00e3o\" \/>\n<meta property=\"og:description\" content=\"Ol\u00e1 amigos (as), tudo bem? Meu nome \u00e9 J\u00falio Farias e fa\u00e7o parte da Equipe Estrat\u00e9gia Concursos. Sou Delegado de Pol\u00edcia no Estado de S\u00e3o Paulo e j\u00e1 passei por v\u00e1rios outros cargos durante minha vida de concurso p\u00fablico. Graduado em Direito, P\u00f3s-graduado em Direitos Humanos e, Direito Penal e Processo Penal. Inicialmente, j\u00e1 quero [&hellip;]\" \/>\n<meta property=\"og:url\" content=\"https:\/\/www.estrategiaconcursos.com.br\/blog\/apresentacao-16\/\" \/>\n<meta property=\"og:site_name\" content=\"Estrat\u00e9gia Concursos\" \/>\n<meta property=\"article:published_time\" content=\"2020-08-25T22:35:09+00:00\" \/>\n<meta property=\"article:modified_time\" content=\"2020-08-25T22:35:10+00:00\" \/>\n<meta name=\"author\" content=\"J\u00falio C\u00e9zar Queiroz Farias\" \/>\n<meta name=\"twitter:card\" content=\"summary_large_image\" \/>\n<meta name=\"twitter:creator\" content=\"@EstratConcursos\" \/>\n<meta name=\"twitter:site\" content=\"@EstratConcursos\" \/>\n<meta name=\"twitter:label1\" content=\"Escrito por\" \/>\n\t<meta name=\"twitter:data1\" content=\"J\u00falio C\u00e9zar Queiroz Farias\" \/>\n\t<meta name=\"twitter:label2\" content=\"Est. tempo de leitura\" \/>\n\t<meta name=\"twitter:data2\" content=\"4 minutos\" \/>\n<script type=\"application\/ld+json\" class=\"yoast-schema-graph\">{\"@context\":\"https:\/\/schema.org\",\"@graph\":[{\"@type\":\"NewsArticle\",\"@id\":\"https:\/\/www.estrategiaconcursos.com.br\/blog\/apresentacao-16\/#article\",\"isPartOf\":{\"@id\":\"https:\/\/www.estrategiaconcursos.com.br\/blog\/apresentacao-16\/\"},\"author\":{\"name\":\"J\u00falio C\u00e9zar Queiroz Farias\",\"@id\":\"https:\/\/www.estrategiaconcursos.com.br\/blog\/#\/schema\/person\/0b4916abab9ab59ffd20f2a29c9c5092\"},\"headline\":\"Apresenta\u00e7\u00e3o\",\"datePublished\":\"2020-08-25T22:35:09+00:00\",\"dateModified\":\"2020-08-25T22:35:10+00:00\",\"mainEntityOfPage\":{\"@id\":\"https:\/\/www.estrategiaconcursos.com.br\/blog\/apresentacao-16\/\"},\"wordCount\":898,\"commentCount\":0,\"publisher\":{\"@id\":\"https:\/\/www.estrategiaconcursos.com.br\/blog\/#organization\"},\"articleSection\":[\"Concursos P\u00fablicos\"],\"inLanguage\":\"pt-BR\",\"potentialAction\":[{\"@type\":\"CommentAction\",\"name\":\"Comment\",\"target\":[\"https:\/\/www.estrategiaconcursos.com.br\/blog\/apresentacao-16\/#respond\"]}],\"copyrightYear\":\"2020\",\"copyrightHolder\":{\"@id\":\"https:\/\/www.estrategiaconcursos.com.br\/blog\/#organization\"}},{\"@type\":\"WebPage\",\"@id\":\"https:\/\/www.estrategiaconcursos.com.br\/blog\/apresentacao-16\/\",\"url\":\"https:\/\/www.estrategiaconcursos.com.br\/blog\/apresentacao-16\/\",\"name\":\"Apresenta\u00e7\u00e3o\",\"isPartOf\":{\"@id\":\"https:\/\/www.estrategiaconcursos.com.br\/blog\/#website\"},\"datePublished\":\"2020-08-25T22:35:09+00:00\",\"dateModified\":\"2020-08-25T22:35:10+00:00\",\"breadcrumb\":{\"@id\":\"https:\/\/www.estrategiaconcursos.com.br\/blog\/apresentacao-16\/#breadcrumb\"},\"inLanguage\":\"pt-BR\",\"potentialAction\":[{\"@type\":\"ReadAction\",\"target\":[\"https:\/\/www.estrategiaconcursos.com.br\/blog\/apresentacao-16\/\"]}]},{\"@type\":\"BreadcrumbList\",\"@id\":\"https:\/\/www.estrategiaconcursos.com.br\/blog\/apresentacao-16\/#breadcrumb\",\"itemListElement\":[{\"@type\":\"ListItem\",\"position\":1,\"name\":\"In\u00edcio\",\"item\":\"https:\/\/www.estrategiaconcursos.com.br\/blog\/\"},{\"@type\":\"ListItem\",\"position\":2,\"name\":\"Apresenta\u00e7\u00e3o\"}]},{\"@type\":\"WebSite\",\"@id\":\"https:\/\/www.estrategiaconcursos.com.br\/blog\/#website\",\"url\":\"https:\/\/www.estrategiaconcursos.com.br\/blog\/\",\"name\":\"Estrat\u00e9gia Concursos\",\"description\":\"O blog da Estrat\u00e9gia Concursos traz not\u00edcias sobre concursos e artigos de professores oferecendo cursos para concursos (pdf + videaulas) no site.\",\"publisher\":{\"@id\":\"https:\/\/www.estrategiaconcursos.com.br\/blog\/#organization\"},\"potentialAction\":[{\"@type\":\"SearchAction\",\"target\":{\"@type\":\"EntryPoint\",\"urlTemplate\":\"https:\/\/www.estrategiaconcursos.com.br\/blog\/?s={search_term_string}\"},\"query-input\":{\"@type\":\"PropertyValueSpecification\",\"valueRequired\":true,\"valueName\":\"search_term_string\"}}],\"inLanguage\":\"pt-BR\"},{\"@type\":\"Organization\",\"@id\":\"https:\/\/www.estrategiaconcursos.com.br\/blog\/#organization\",\"name\":\"Estrat\u00e9gia Concursos\",\"url\":\"https:\/\/www.estrategiaconcursos.com.br\/blog\/\",\"logo\":{\"@type\":\"ImageObject\",\"inLanguage\":\"pt-BR\",\"@id\":\"https:\/\/www.estrategiaconcursos.com.br\/blog\/#\/schema\/logo\/image\/\",\"url\":\"https:\/\/dhg1h5j42swfq.cloudfront.net\/2025\/06\/03203428\/logo_concursos-1.jpg\",\"contentUrl\":\"https:\/\/dhg1h5j42swfq.cloudfront.net\/2025\/06\/03203428\/logo_concursos-1.jpg\",\"width\":230,\"height\":60,\"caption\":\"Estrat\u00e9gia Concursos\"},\"image\":{\"@id\":\"https:\/\/www.estrategiaconcursos.com.br\/blog\/#\/schema\/logo\/image\/\"},\"sameAs\":[\"https:\/\/x.com\/EstratConcursos\"]},{\"@type\":\"Person\",\"@id\":\"https:\/\/www.estrategiaconcursos.com.br\/blog\/#\/schema\/person\/0b4916abab9ab59ffd20f2a29c9c5092\",\"name\":\"J\u00falio C\u00e9zar Queiroz Farias\",\"image\":{\"@type\":\"ImageObject\",\"inLanguage\":\"pt-BR\",\"@id\":\"https:\/\/secure.gravatar.com\/avatar\/2f5cb2d7481e20c744066cc18dee43ed22fca67c8253da967b1e29d206d43c4b?s=96&d=mm&r=g\",\"url\":\"https:\/\/secure.gravatar.com\/avatar\/2f5cb2d7481e20c744066cc18dee43ed22fca67c8253da967b1e29d206d43c4b?s=96&d=mm&r=g\",\"contentUrl\":\"https:\/\/secure.gravatar.com\/avatar\/2f5cb2d7481e20c744066cc18dee43ed22fca67c8253da967b1e29d206d43c4b?s=96&d=mm&r=g\",\"caption\":\"J\u00falio C\u00e9zar Queiroz Farias\"},\"description\":\"Graduado em DIREITO pelo Centro Universit\u00e1rio do Leste de Minas Gerais (2010). P\u00f3s-Graduado em Direitos Humanos pela Academia de Pol\u00edcia Militar do Estado de Minas Gerais (2013). P\u00f3s-graduado em Direito Penal e Processo Penal pela Faculdade Venda Nova do Imigrante - FAVENI (2019). Foi tutor no ambiente virtual de aprendizagem da Senasp\/MJ nos cursos por esta oferecidos. Ex - Agente de Seguran\u00e7a Penitenci\u00e1rio no Estado de Minas Gerais no ano de 2005. Ex - 2\u00b0 Sgt PM da Pol\u00edcia Militar do Estado de Minas Gerais. Atualmente \u00e9 Delegado de Pol\u00edcia Civil no Estado de S\u00e3o Paulo. Professor e coordenador pedag\u00f3gico no Estrat\u00e9gia P\u00f3s-Gradua\u00e7\u00e3o\/Faculdade Unyleya. Escritor de livros jur\u00eddicos. Atuou como docente em diversas institui\u00e7\u00f5es de ensinos e cursos preparat\u00f3rios para concursos p\u00fablicos.\",\"sameAs\":[\"https:\/\/www.instagram.com\/prof.juliofarias\/\"],\"honorificPrefix\":\"Dr.\",\"birthDate\":\"1985-07-01\",\"jobTitle\":\"Delegado de Pol\u00edcia\",\"worksFor\":\"Pol\u00edcia Civil do Estado de S\u00e3o Paulo\",\"url\":\"https:\/\/www.estrategiaconcursos.com.br\/blog\/author\/fariasdireitogmail-com\/\"}]}<\/script>\n<!-- \/ Yoast SEO Premium plugin. -->","yoast_head_json":{"title":"Apresenta\u00e7\u00e3o","robots":{"index":"index","follow":"follow","max-snippet":"max-snippet:-1","max-image-preview":"max-image-preview:large","max-video-preview":"max-video-preview:-1"},"canonical":"https:\/\/www.estrategiaconcursos.com.br\/blog\/apresentacao-16\/","og_locale":"pt_BR","og_type":"article","og_title":"Apresenta\u00e7\u00e3o","og_description":"Ol\u00e1 amigos (as), tudo bem? Meu nome \u00e9 J\u00falio Farias e fa\u00e7o parte da Equipe Estrat\u00e9gia Concursos. Sou Delegado de Pol\u00edcia no Estado de S\u00e3o Paulo e j\u00e1 passei por v\u00e1rios outros cargos durante minha vida de concurso p\u00fablico. Graduado em Direito, P\u00f3s-graduado em Direitos Humanos e, Direito Penal e Processo Penal. Inicialmente, j\u00e1 quero [&hellip;]","og_url":"https:\/\/www.estrategiaconcursos.com.br\/blog\/apresentacao-16\/","og_site_name":"Estrat\u00e9gia Concursos","article_published_time":"2020-08-25T22:35:09+00:00","article_modified_time":"2020-08-25T22:35:10+00:00","author":"J\u00falio C\u00e9zar Queiroz Farias","twitter_card":"summary_large_image","twitter_creator":"@EstratConcursos","twitter_site":"@EstratConcursos","twitter_misc":{"Escrito por":"J\u00falio C\u00e9zar Queiroz Farias","Est. tempo de leitura":"4 minutos"},"schema":{"@context":"https:\/\/schema.org","@graph":[{"@type":"NewsArticle","@id":"https:\/\/www.estrategiaconcursos.com.br\/blog\/apresentacao-16\/#article","isPartOf":{"@id":"https:\/\/www.estrategiaconcursos.com.br\/blog\/apresentacao-16\/"},"author":{"name":"J\u00falio C\u00e9zar Queiroz Farias","@id":"https:\/\/www.estrategiaconcursos.com.br\/blog\/#\/schema\/person\/0b4916abab9ab59ffd20f2a29c9c5092"},"headline":"Apresenta\u00e7\u00e3o","datePublished":"2020-08-25T22:35:09+00:00","dateModified":"2020-08-25T22:35:10+00:00","mainEntityOfPage":{"@id":"https:\/\/www.estrategiaconcursos.com.br\/blog\/apresentacao-16\/"},"wordCount":898,"commentCount":0,"publisher":{"@id":"https:\/\/www.estrategiaconcursos.com.br\/blog\/#organization"},"articleSection":["Concursos P\u00fablicos"],"inLanguage":"pt-BR","potentialAction":[{"@type":"CommentAction","name":"Comment","target":["https:\/\/www.estrategiaconcursos.com.br\/blog\/apresentacao-16\/#respond"]}],"copyrightYear":"2020","copyrightHolder":{"@id":"https:\/\/www.estrategiaconcursos.com.br\/blog\/#organization"}},{"@type":"WebPage","@id":"https:\/\/www.estrategiaconcursos.com.br\/blog\/apresentacao-16\/","url":"https:\/\/www.estrategiaconcursos.com.br\/blog\/apresentacao-16\/","name":"Apresenta\u00e7\u00e3o","isPartOf":{"@id":"https:\/\/www.estrategiaconcursos.com.br\/blog\/#website"},"datePublished":"2020-08-25T22:35:09+00:00","dateModified":"2020-08-25T22:35:10+00:00","breadcrumb":{"@id":"https:\/\/www.estrategiaconcursos.com.br\/blog\/apresentacao-16\/#breadcrumb"},"inLanguage":"pt-BR","potentialAction":[{"@type":"ReadAction","target":["https:\/\/www.estrategiaconcursos.com.br\/blog\/apresentacao-16\/"]}]},{"@type":"BreadcrumbList","@id":"https:\/\/www.estrategiaconcursos.com.br\/blog\/apresentacao-16\/#breadcrumb","itemListElement":[{"@type":"ListItem","position":1,"name":"In\u00edcio","item":"https:\/\/www.estrategiaconcursos.com.br\/blog\/"},{"@type":"ListItem","position":2,"name":"Apresenta\u00e7\u00e3o"}]},{"@type":"WebSite","@id":"https:\/\/www.estrategiaconcursos.com.br\/blog\/#website","url":"https:\/\/www.estrategiaconcursos.com.br\/blog\/","name":"Estrat\u00e9gia Concursos","description":"O blog da Estrat\u00e9gia Concursos traz not\u00edcias sobre concursos e artigos de professores oferecendo cursos para concursos (pdf + videaulas) no site.","publisher":{"@id":"https:\/\/www.estrategiaconcursos.com.br\/blog\/#organization"},"potentialAction":[{"@type":"SearchAction","target":{"@type":"EntryPoint","urlTemplate":"https:\/\/www.estrategiaconcursos.com.br\/blog\/?s={search_term_string}"},"query-input":{"@type":"PropertyValueSpecification","valueRequired":true,"valueName":"search_term_string"}}],"inLanguage":"pt-BR"},{"@type":"Organization","@id":"https:\/\/www.estrategiaconcursos.com.br\/blog\/#organization","name":"Estrat\u00e9gia Concursos","url":"https:\/\/www.estrategiaconcursos.com.br\/blog\/","logo":{"@type":"ImageObject","inLanguage":"pt-BR","@id":"https:\/\/www.estrategiaconcursos.com.br\/blog\/#\/schema\/logo\/image\/","url":"https:\/\/dhg1h5j42swfq.cloudfront.net\/2025\/06\/03203428\/logo_concursos-1.jpg","contentUrl":"https:\/\/dhg1h5j42swfq.cloudfront.net\/2025\/06\/03203428\/logo_concursos-1.jpg","width":230,"height":60,"caption":"Estrat\u00e9gia Concursos"},"image":{"@id":"https:\/\/www.estrategiaconcursos.com.br\/blog\/#\/schema\/logo\/image\/"},"sameAs":["https:\/\/x.com\/EstratConcursos"]},{"@type":"Person","@id":"https:\/\/www.estrategiaconcursos.com.br\/blog\/#\/schema\/person\/0b4916abab9ab59ffd20f2a29c9c5092","name":"J\u00falio C\u00e9zar Queiroz Farias","image":{"@type":"ImageObject","inLanguage":"pt-BR","@id":"https:\/\/secure.gravatar.com\/avatar\/2f5cb2d7481e20c744066cc18dee43ed22fca67c8253da967b1e29d206d43c4b?s=96&d=mm&r=g","url":"https:\/\/secure.gravatar.com\/avatar\/2f5cb2d7481e20c744066cc18dee43ed22fca67c8253da967b1e29d206d43c4b?s=96&d=mm&r=g","contentUrl":"https:\/\/secure.gravatar.com\/avatar\/2f5cb2d7481e20c744066cc18dee43ed22fca67c8253da967b1e29d206d43c4b?s=96&d=mm&r=g","caption":"J\u00falio C\u00e9zar Queiroz Farias"},"description":"Graduado em DIREITO pelo Centro Universit\u00e1rio do Leste de Minas Gerais (2010). P\u00f3s-Graduado em Direitos Humanos pela Academia de Pol\u00edcia Militar do Estado de Minas Gerais (2013). P\u00f3s-graduado em Direito Penal e Processo Penal pela Faculdade Venda Nova do Imigrante - FAVENI (2019). Foi tutor no ambiente virtual de aprendizagem da Senasp\/MJ nos cursos por esta oferecidos. Ex - Agente de Seguran\u00e7a Penitenci\u00e1rio no Estado de Minas Gerais no ano de 2005. Ex - 2\u00b0 Sgt PM da Pol\u00edcia Militar do Estado de Minas Gerais. Atualmente \u00e9 Delegado de Pol\u00edcia Civil no Estado de S\u00e3o Paulo. Professor e coordenador pedag\u00f3gico no Estrat\u00e9gia P\u00f3s-Gradua\u00e7\u00e3o\/Faculdade Unyleya. Escritor de livros jur\u00eddicos. Atuou como docente em diversas institui\u00e7\u00f5es de ensinos e cursos preparat\u00f3rios para concursos p\u00fablicos.","sameAs":["https:\/\/www.instagram.com\/prof.juliofarias\/"],"honorificPrefix":"Dr.","birthDate":"1985-07-01","jobTitle":"Delegado de Pol\u00edcia","worksFor":"Pol\u00edcia Civil do Estado de S\u00e3o Paulo","url":"https:\/\/www.estrategiaconcursos.com.br\/blog\/author\/fariasdireitogmail-com\/"}]}},"_links":{"self":[{"href":"https:\/\/www.estrategiaconcursos.com.br\/blog\/wp-json\/wp\/v2\/posts\/561080","targetHints":{"allow":["GET"]}}],"collection":[{"href":"https:\/\/www.estrategiaconcursos.com.br\/blog\/wp-json\/wp\/v2\/posts"}],"about":[{"href":"https:\/\/www.estrategiaconcursos.com.br\/blog\/wp-json\/wp\/v2\/types\/post"}],"author":[{"embeddable":true,"href":"https:\/\/www.estrategiaconcursos.com.br\/blog\/wp-json\/wp\/v2\/users\/1830"}],"replies":[{"embeddable":true,"href":"https:\/\/www.estrategiaconcursos.com.br\/blog\/wp-json\/wp\/v2\/comments?post=561080"}],"version-history":[{"count":1,"href":"https:\/\/www.estrategiaconcursos.com.br\/blog\/wp-json\/wp\/v2\/posts\/561080\/revisions"}],"predecessor-version":[{"id":561120,"href":"https:\/\/www.estrategiaconcursos.com.br\/blog\/wp-json\/wp\/v2\/posts\/561080\/revisions\/561120"}],"wp:attachment":[{"href":"https:\/\/www.estrategiaconcursos.com.br\/blog\/wp-json\/wp\/v2\/media?parent=561080"}],"wp:term":[{"taxonomy":"category","embeddable":true,"href":"https:\/\/www.estrategiaconcursos.com.br\/blog\/wp-json\/wp\/v2\/categories?post=561080"},{"taxonomy":"post_tag","embeddable":true,"href":"https:\/\/www.estrategiaconcursos.com.br\/blog\/wp-json\/wp\/v2\/tags?post=561080"},{"taxonomy":"tax_estado","embeddable":true,"href":"https:\/\/www.estrategiaconcursos.com.br\/blog\/wp-json\/wp\/v2\/tax_estado?post=561080"}],"curies":[{"name":"wp","href":"https:\/\/api.w.org\/{rel}","templated":true}]}}