{"id":560744,"date":"2020-08-27T17:55:00","date_gmt":"2020-08-27T20:55:00","guid":{"rendered":"https:\/\/www.estrategiaconcursos.com.br\/blog\/?p=560744"},"modified":"2023-06-22T10:23:38","modified_gmt":"2023-06-22T13:23:38","slug":"delegado-da-pcam-36-anos-sonho-realidade","status":"publish","type":"post","link":"https:\/\/www.estrategiaconcursos.com.br\/blog\/delegado-da-pcam-36-anos-sonho-realidade\/","title":{"rendered":"Delegado da PCAM aos 36 Anos: Do Sonho \u00e0 Realidade!"},"content":{"rendered":"\n<p>Nesta quinta-feira, 27 de agosto, o professor Ivo Martins apresenta o evento  <em>Delegado da PCAM aos 36 Anos &#8211; Como Transformei o Sonho em Realidade. <\/em>Acompanhe ao vivo e gratuitamente sempre pelo Canal do Estrat\u00e9gia Carreiras Jur\u00eddicas no Youtube. <\/p>\n\n\n\n<h4 class=\"wp-block-heading\" id=\"h-delegado-da-pcam-cronograma\"><em><strong>Delegado da PCAM<\/strong><\/em> &#8211; <em>Cronograma<\/em> <\/h4>\n\n\n\n<p>Data: A partir de 27 de agosto de 2020 <br \/>Hor\u00e1rio: 19:00<br \/>Onde: <a rel=\"noreferrer noopener\" href=\"https:\/\/www.youtube.com\/c\/Estrat%C3%A9giaCarreiraJur%C3%ADdica\/videos?view=2&amp;sort=dd&amp;live_view=502&amp;shelf_id=4\" target=\"_blank\">Canal do Estrat\u00e9gia Carreira Jur\u00eddica no Youtube<\/a><br \/>Professor: Ivo Martins<\/p>\n\n\n\n<h4 class=\"wp-block-heading\" id=\"h-delegado-da-pcam-assista-ao-vivo\"><em><strong>Delegado da PCAM<\/strong><\/em> &#8211; <em><strong>Assista ao vivo<\/strong><\/em><\/h4>\n\n\n<figure class=\"wp-block-embed-youtube wp-block-embed is-type-video is-provider-youtube wp-embed-aspect-16-9 wp-has-aspect-ratio\"><div class=\"lyte-wrapper\" style=\"width:853px;max-width:100%;margin:5px;\"><div class=\"lyMe\" id=\"WYL_haMwCvwzgvA\"><div id=\"lyte_haMwCvwzgvA\" data-src=\"\/\/i.ytimg.com\/vi\/haMwCvwzgvA\/hqdefault.jpg\" class=\"pL\"><div class=\"tC\"><div class=\"tT\"><\/div><\/div><div class=\"play\"><\/div><div class=\"ctrl\"><div class=\"Lctrl\"><\/div><div class=\"Rctrl\"><\/div><\/div><\/div><noscript><a href=\"https:\/\/youtu.be\/haMwCvwzgvA\" rel=\"nofollow\"><img loading=\"lazy\" decoding=\"async\" src=\"https:\/\/i.ytimg.com\/vi\/haMwCvwzgvA\/0.jpg\" alt=\"YouTube video thumbnail\" width=\"853\" height=\"460\" \/><br \/>Assista a este v\u00eddeo no YouTube<\/a><\/noscript><\/div><\/div><div class=\"lL\" style=\"max-width:100%;width:853px;margin:5px;\"><\/div><figcaption><\/figcaption><\/figure>\n\n\n<h4 class=\"wp-block-heading\" id=\"h-delegado-da-pcam-curiosidades\"><em><strong>Delegado da PCAM<\/strong><\/em> &#8211; <em>Curiosidades<\/em><\/h4>\n\n\n\n<p>A Proposta de Emenda ao Projeto de Lei de Diretrizes Or\u00e7ament\u00e1rias 2021 (LDO) N\u00b0 229\/2020, de autoria do presidente da ALEAM, deputado Josu\u00e9 Neto, foi aprovada. <\/p>\n\n\n\n<p>A emenda prev\u00ea recursos para a realiza\u00e7\u00e3o de um novo concurso da Pol\u00edcia Civil do Amazonas, com o intuito de melhorar e refor\u00e7ar os servidores e agentes p\u00fablicos por meio de concursos p\u00fablicos.<\/p>\n\n\n\n<p>Recentemente, inclusive, foi publicada a nova tabela com o quantitativo de cargos que ser\u00e3o ofertados no concurso da Pol\u00edcia Civil para o cargo de Delegado. O decreto, assinado pelo Governador mant\u00e9m a previs\u00e3o de &nbsp;<strong>62 vagas<\/strong>&nbsp;para Delegado de Pol\u00edcia<strong>.<\/strong><\/p>\n\n\n\n<p>Em decis\u00e3o tomada na A\u00e7\u00e3o Direta de Inconstitucionalidade 3415, o Supremo Tribunal Federal determinou que o edital dever\u00e1 ser publicado em at\u00e9&nbsp;<strong>18 meses<\/strong>. <\/p>\n\n\n\n<p>Para ser investido no cargo, o candidato deve ter completado a idade m\u00ednima de 18 anos na data da posse, possuir diploma de Bacharel em Direito, Carteira Nacional de Habilita\u00e7\u00e3o (CNH) na categoria \u201cB\u201d. Al\u00e9m disso, exige-se experi\u00eancia&nbsp;de&nbsp;<strong><em>tr\u00eas anos<\/em><\/strong>&nbsp;de exerc\u00edcio profissional na \u00e1rea jur\u00eddica ou na \u00e1rea policial.<\/p>\n\n\n\n<h2 class=\"wp-block-heading has-text-align-center\" id=\"h-quer-estudar-para-o-concurso-delegado-da-pcam\"><em>Quer estudar para o concurso Delegado da PCAM<\/em>?<\/h2>\n\n\n\n<p class=\"has-text-align-center has-luminous-vivid-amber-background-color has-background\"><em><strong><a href=\"https:\/\/www.estrategiaconcursos.com.br\/cursosPorConcurso\/promocao-pacote-para-delegado-de-policia-cursos-regulares\/\" target=\"_blank\" rel=\"noreferrer noopener\">CURSOS PARA CONCURSOS<\/a><\/strong><\/em><\/p>\n\n\n\n<p class=\"has-text-align-center\"><strong><em><strong>Sistema de Quest\u00f5es<\/strong><\/em><\/strong><\/p>\n\n\n\n<p class=\"has-text-align-center\">Estrat\u00e9gia Quest\u00f5es nasceu maior do que todos os concorrentes, com mais quest\u00f5es cadastradas e mais solu\u00e7\u00f5es por professores. Clique no link e aproveite os descontos e b\u00f4nus imperd\u00edveis!<\/p>\n\n\n\n<p class=\"has-text-align-center has-vivid-green-cyan-background-color has-background\"><strong>ASSINE AGORA \u2013&nbsp;<a href=\"https:\/\/www.estrategiaconcursos.com.br\/cursosPorConcurso\/sistema-de-questoes\/#\/\" target=\"_blank\" rel=\"noreferrer noopener\">Sistema de Quest\u00f5es<\/a><\/strong><\/p>\n\n\n\n<p class=\"has-text-align-center\"><em><strong>Fique por dentro de todos os concursos<\/strong><\/em> <em><strong>dos concursos com editais publicados e tamb\u00e9m dos concursos que ainda v\u00e3o publicar editais:<\/strong><\/em><\/p>\n\n\n\n<p class=\"has-text-align-center has-pale-cyan-blue-background-color has-background\"><a href=\"https:\/\/www.estrategiaconcursos.com.br\/blog\/concursos-abertos\/\" target=\"_blank\" rel=\"noreferrer noopener\"><strong>Concursos abertos<\/strong><\/a><\/p>\n\n\n\n<p class=\"has-text-align-center has-pale-cyan-blue-background-color has-background\"><a href=\"https:\/\/www.estrategiaconcursos.com.br\/blog\/concursos-de-direito\" target=\"_blank\" rel=\"noreferrer noopener\"><strong>Concursos de Dir<\/strong><\/a><strong><a href=\"https:\/\/www.estrategiaconcursos.com.br\/blog\/concursos-de-direito\" target=\"_blank\" rel=\"noreferrer noopener\">eito<\/a><\/strong><\/p>\n","protected":false},"excerpt":{"rendered":"<p>Nesta quinta-feira, 27 de agosto, o professor Ivo Martins apresenta o evento Delegado da PCAM aos 36 Anos &#8211; Como Transformei o Sonho em Realidade. Acompanhe ao vivo e gratuitamente sempre pelo Canal do Estrat\u00e9gia Carreiras Jur\u00eddicas no Youtube. Delegado da PCAM &#8211; Cronograma Data: A partir de 27 de agosto de 2020 Hor\u00e1rio: 19:00Onde: [&hellip;]<\/p>\n","protected":false},"author":492,"featured_media":560760,"comment_status":"open","ping_status":"closed","sticky":false,"template":"","format":"standard","meta":{"post_tipo":"article","footnotes":""},"categories":[1],"tags":[],"tax_estado":[],"class_list":["post-560744","post","type-post","status-publish","format-standard","has-post-thumbnail","hentry","category-cursos-e-concursos"],"acf":[],"yoast_head":"<!-- This site is optimized with the Yoast SEO Premium plugin v27.2 (Yoast SEO v27.2) - https:\/\/yoast.com\/product\/yoast-seo-premium-wordpress\/ -->\n<title>Delegado da PCAM aos 36 Anos: Do Sonho \u00e0 Realidade!<\/title>\n<meta name=\"description\" content=\"Nesta quinta-feira, o professor Ivo Martins apresenta o evento Delegado da PCAM aos 36 Anos - Como Transformei o Sonho em Realidade. N\u00e3o perca!\" \/>\n<meta name=\"robots\" content=\"index, follow, max-snippet:-1, max-image-preview:large, max-video-preview:-1\" \/>\n<link rel=\"canonical\" href=\"https:\/\/www.estrategiaconcursos.com.br\/blog\/delegado-da-pcam-36-anos-sonho-realidade\/\" \/>\n<meta property=\"og:locale\" content=\"pt_BR\" \/>\n<meta property=\"og:type\" content=\"article\" \/>\n<meta property=\"og:title\" content=\"Delegado da PCAM aos 36 Anos: Do Sonho \u00e0 Realidade!\" \/>\n<meta property=\"og:description\" content=\"Nesta quinta-feira, o professor Ivo Martins apresenta o evento Delegado da PCAM aos 36 Anos - Como Transformei o Sonho em Realidade. N\u00e3o perca!\" \/>\n<meta property=\"og:url\" content=\"https:\/\/www.estrategiaconcursos.com.br\/blog\/delegado-da-pcam-36-anos-sonho-realidade\/\" \/>\n<meta property=\"og:site_name\" content=\"Estrat\u00e9gia Concursos\" \/>\n<meta property=\"article:published_time\" content=\"2020-08-27T20:55:00+00:00\" \/>\n<meta property=\"article:modified_time\" content=\"2023-06-22T13:23:38+00:00\" \/>\n<meta property=\"og:image\" content=\"https:\/\/dhg1h5j42swfq.cloudfront.net\/2020\/08\/25150536\/YTB_Delegado-da-PCAM.jpg\" \/>\n\t<meta property=\"og:image:width\" content=\"1280\" \/>\n\t<meta property=\"og:image:height\" content=\"720\" \/>\n\t<meta property=\"og:image:type\" content=\"image\/jpeg\" \/>\n<meta name=\"author\" content=\"Nelma Fontana\" \/>\n<meta name=\"twitter:card\" content=\"summary_large_image\" \/>\n<meta name=\"twitter:creator\" content=\"@EstratConcursos\" \/>\n<meta name=\"twitter:site\" content=\"@EstratConcursos\" \/>\n<meta name=\"twitter:label1\" content=\"Escrito por\" \/>\n\t<meta name=\"twitter:data1\" content=\"Nelma Fontana\" \/>\n\t<meta name=\"twitter:label2\" content=\"Est. tempo de leitura\" \/>\n\t<meta name=\"twitter:data2\" content=\"2 minutos\" \/>\n<script type=\"application\/ld+json\" class=\"yoast-schema-graph\">{\"@context\":\"https:\/\/schema.org\",\"@graph\":[{\"@type\":\"NewsArticle\",\"@id\":\"https:\/\/www.estrategiaconcursos.com.br\/blog\/delegado-da-pcam-36-anos-sonho-realidade\/#article\",\"isPartOf\":{\"@id\":\"https:\/\/www.estrategiaconcursos.com.br\/blog\/delegado-da-pcam-36-anos-sonho-realidade\/\"},\"author\":{\"name\":\"Nelma Fontana\",\"@id\":\"https:\/\/www.estrategiaconcursos.com.br\/blog\/#\/schema\/person\/09924ae9dae935885ef15db075a3be15\"},\"headline\":\"Delegado da PCAM aos 36 Anos: Do Sonho \u00e0 Realidade!\",\"datePublished\":\"2020-08-27T20:55:00+00:00\",\"dateModified\":\"2023-06-22T13:23:38+00:00\",\"mainEntityOfPage\":{\"@id\":\"https:\/\/www.estrategiaconcursos.com.br\/blog\/delegado-da-pcam-36-anos-sonho-realidade\/\"},\"wordCount\":373,\"commentCount\":0,\"publisher\":{\"@id\":\"https:\/\/www.estrategiaconcursos.com.br\/blog\/#organization\"},\"image\":{\"@id\":\"https:\/\/www.estrategiaconcursos.com.br\/blog\/delegado-da-pcam-36-anos-sonho-realidade\/#primaryimage\"},\"thumbnailUrl\":\"https:\/\/dhg1h5j42swfq.cloudfront.net\/2020\/08\/25150536\/YTB_Delegado-da-PCAM.jpg\",\"articleSection\":[\"Concursos P\u00fablicos\"],\"inLanguage\":\"pt-BR\",\"potentialAction\":[{\"@type\":\"CommentAction\",\"name\":\"Comment\",\"target\":[\"https:\/\/www.estrategiaconcursos.com.br\/blog\/delegado-da-pcam-36-anos-sonho-realidade\/#respond\"]}],\"copyrightYear\":\"2020\",\"copyrightHolder\":{\"@id\":\"https:\/\/www.estrategiaconcursos.com.br\/blog\/#organization\"}},{\"@type\":\"WebPage\",\"@id\":\"https:\/\/www.estrategiaconcursos.com.br\/blog\/delegado-da-pcam-36-anos-sonho-realidade\/\",\"url\":\"https:\/\/www.estrategiaconcursos.com.br\/blog\/delegado-da-pcam-36-anos-sonho-realidade\/\",\"name\":\"Delegado da PCAM aos 36 Anos: Do Sonho \u00e0 Realidade!\",\"isPartOf\":{\"@id\":\"https:\/\/www.estrategiaconcursos.com.br\/blog\/#website\"},\"primaryImageOfPage\":{\"@id\":\"https:\/\/www.estrategiaconcursos.com.br\/blog\/delegado-da-pcam-36-anos-sonho-realidade\/#primaryimage\"},\"image\":{\"@id\":\"https:\/\/www.estrategiaconcursos.com.br\/blog\/delegado-da-pcam-36-anos-sonho-realidade\/#primaryimage\"},\"thumbnailUrl\":\"https:\/\/dhg1h5j42swfq.cloudfront.net\/2020\/08\/25150536\/YTB_Delegado-da-PCAM.jpg\",\"datePublished\":\"2020-08-27T20:55:00+00:00\",\"dateModified\":\"2023-06-22T13:23:38+00:00\",\"description\":\"Nesta quinta-feira, o professor Ivo Martins apresenta o evento Delegado da PCAM aos 36 Anos - Como Transformei o Sonho em Realidade. N\u00e3o perca!\",\"breadcrumb\":{\"@id\":\"https:\/\/www.estrategiaconcursos.com.br\/blog\/delegado-da-pcam-36-anos-sonho-realidade\/#breadcrumb\"},\"inLanguage\":\"pt-BR\",\"potentialAction\":[{\"@type\":\"ReadAction\",\"target\":[\"https:\/\/www.estrategiaconcursos.com.br\/blog\/delegado-da-pcam-36-anos-sonho-realidade\/\"]}]},{\"@type\":\"ImageObject\",\"inLanguage\":\"pt-BR\",\"@id\":\"https:\/\/www.estrategiaconcursos.com.br\/blog\/delegado-da-pcam-36-anos-sonho-realidade\/#primaryimage\",\"url\":\"https:\/\/dhg1h5j42swfq.cloudfront.net\/2020\/08\/25150536\/YTB_Delegado-da-PCAM.jpg\",\"contentUrl\":\"https:\/\/dhg1h5j42swfq.cloudfront.net\/2020\/08\/25150536\/YTB_Delegado-da-PCAM.jpg\",\"width\":1280,\"height\":720,\"caption\":\"Delegado da PCAM\"},{\"@type\":\"BreadcrumbList\",\"@id\":\"https:\/\/www.estrategiaconcursos.com.br\/blog\/delegado-da-pcam-36-anos-sonho-realidade\/#breadcrumb\",\"itemListElement\":[{\"@type\":\"ListItem\",\"position\":1,\"name\":\"In\u00edcio\",\"item\":\"https:\/\/www.estrategiaconcursos.com.br\/blog\/\"},{\"@type\":\"ListItem\",\"position\":2,\"name\":\"Delegado da PCAM aos 36 Anos: Do Sonho \u00e0 Realidade!\"}]},{\"@type\":\"WebSite\",\"@id\":\"https:\/\/www.estrategiaconcursos.com.br\/blog\/#website\",\"url\":\"https:\/\/www.estrategiaconcursos.com.br\/blog\/\",\"name\":\"Estrat\u00e9gia Concursos\",\"description\":\"O blog da Estrat\u00e9gia Concursos traz not\u00edcias sobre concursos e artigos de professores oferecendo cursos para concursos (pdf + videaulas) no site.\",\"publisher\":{\"@id\":\"https:\/\/www.estrategiaconcursos.com.br\/blog\/#organization\"},\"potentialAction\":[{\"@type\":\"SearchAction\",\"target\":{\"@type\":\"EntryPoint\",\"urlTemplate\":\"https:\/\/www.estrategiaconcursos.com.br\/blog\/?s={search_term_string}\"},\"query-input\":{\"@type\":\"PropertyValueSpecification\",\"valueRequired\":true,\"valueName\":\"search_term_string\"}}],\"inLanguage\":\"pt-BR\"},{\"@type\":\"Organization\",\"@id\":\"https:\/\/www.estrategiaconcursos.com.br\/blog\/#organization\",\"name\":\"Estrat\u00e9gia Concursos\",\"url\":\"https:\/\/www.estrategiaconcursos.com.br\/blog\/\",\"logo\":{\"@type\":\"ImageObject\",\"inLanguage\":\"pt-BR\",\"@id\":\"https:\/\/www.estrategiaconcursos.com.br\/blog\/#\/schema\/logo\/image\/\",\"url\":\"https:\/\/dhg1h5j42swfq.cloudfront.net\/2025\/06\/03203428\/logo_concursos-1.jpg\",\"contentUrl\":\"https:\/\/dhg1h5j42swfq.cloudfront.net\/2025\/06\/03203428\/logo_concursos-1.jpg\",\"width\":230,\"height\":60,\"caption\":\"Estrat\u00e9gia Concursos\"},\"image\":{\"@id\":\"https:\/\/www.estrategiaconcursos.com.br\/blog\/#\/schema\/logo\/image\/\"},\"sameAs\":[\"https:\/\/x.com\/EstratConcursos\"]},{\"@type\":\"Person\",\"@id\":\"https:\/\/www.estrategiaconcursos.com.br\/blog\/#\/schema\/person\/09924ae9dae935885ef15db075a3be15\",\"name\":\"Nelma Fontana\",\"image\":{\"@type\":\"ImageObject\",\"inLanguage\":\"pt-BR\",\"@id\":\"https:\/\/secure.gravatar.com\/avatar\/a2b4071a40b0ae857a4dfe2308130289bde3d65cc7674fb758d21a8b645071e5?s=96&d=mm&r=g\",\"url\":\"https:\/\/secure.gravatar.com\/avatar\/a2b4071a40b0ae857a4dfe2308130289bde3d65cc7674fb758d21a8b645071e5?s=96&d=mm&r=g\",\"contentUrl\":\"https:\/\/secure.gravatar.com\/avatar\/a2b4071a40b0ae857a4dfe2308130289bde3d65cc7674fb758d21a8b645071e5?s=96&d=mm&r=g\",\"caption\":\"Nelma Fontana\"},\"url\":\"https:\/\/www.estrategiaconcursos.com.br\/blog\/author\/fontananelmagmail-com\/\"}]}<\/script>\n<!-- \/ Yoast SEO Premium plugin. -->","yoast_head_json":{"title":"Delegado da PCAM aos 36 Anos: Do Sonho \u00e0 Realidade!","description":"Nesta quinta-feira, o professor Ivo Martins apresenta o evento Delegado da PCAM aos 36 Anos - Como Transformei o Sonho em Realidade. N\u00e3o perca!","robots":{"index":"index","follow":"follow","max-snippet":"max-snippet:-1","max-image-preview":"max-image-preview:large","max-video-preview":"max-video-preview:-1"},"canonical":"https:\/\/www.estrategiaconcursos.com.br\/blog\/delegado-da-pcam-36-anos-sonho-realidade\/","og_locale":"pt_BR","og_type":"article","og_title":"Delegado da PCAM aos 36 Anos: Do Sonho \u00e0 Realidade!","og_description":"Nesta quinta-feira, o professor Ivo Martins apresenta o evento Delegado da PCAM aos 36 Anos - Como Transformei o Sonho em Realidade. N\u00e3o perca!","og_url":"https:\/\/www.estrategiaconcursos.com.br\/blog\/delegado-da-pcam-36-anos-sonho-realidade\/","og_site_name":"Estrat\u00e9gia Concursos","article_published_time":"2020-08-27T20:55:00+00:00","article_modified_time":"2023-06-22T13:23:38+00:00","og_image":[{"width":1280,"height":720,"url":"https:\/\/dhg1h5j42swfq.cloudfront.net\/2020\/08\/25150536\/YTB_Delegado-da-PCAM.jpg","type":"image\/jpeg"}],"author":"Nelma Fontana","twitter_card":"summary_large_image","twitter_creator":"@EstratConcursos","twitter_site":"@EstratConcursos","twitter_misc":{"Escrito por":"Nelma Fontana","Est. tempo de leitura":"2 minutos"},"schema":{"@context":"https:\/\/schema.org","@graph":[{"@type":"NewsArticle","@id":"https:\/\/www.estrategiaconcursos.com.br\/blog\/delegado-da-pcam-36-anos-sonho-realidade\/#article","isPartOf":{"@id":"https:\/\/www.estrategiaconcursos.com.br\/blog\/delegado-da-pcam-36-anos-sonho-realidade\/"},"author":{"name":"Nelma Fontana","@id":"https:\/\/www.estrategiaconcursos.com.br\/blog\/#\/schema\/person\/09924ae9dae935885ef15db075a3be15"},"headline":"Delegado da PCAM aos 36 Anos: Do Sonho \u00e0 Realidade!","datePublished":"2020-08-27T20:55:00+00:00","dateModified":"2023-06-22T13:23:38+00:00","mainEntityOfPage":{"@id":"https:\/\/www.estrategiaconcursos.com.br\/blog\/delegado-da-pcam-36-anos-sonho-realidade\/"},"wordCount":373,"commentCount":0,"publisher":{"@id":"https:\/\/www.estrategiaconcursos.com.br\/blog\/#organization"},"image":{"@id":"https:\/\/www.estrategiaconcursos.com.br\/blog\/delegado-da-pcam-36-anos-sonho-realidade\/#primaryimage"},"thumbnailUrl":"https:\/\/dhg1h5j42swfq.cloudfront.net\/2020\/08\/25150536\/YTB_Delegado-da-PCAM.jpg","articleSection":["Concursos P\u00fablicos"],"inLanguage":"pt-BR","potentialAction":[{"@type":"CommentAction","name":"Comment","target":["https:\/\/www.estrategiaconcursos.com.br\/blog\/delegado-da-pcam-36-anos-sonho-realidade\/#respond"]}],"copyrightYear":"2020","copyrightHolder":{"@id":"https:\/\/www.estrategiaconcursos.com.br\/blog\/#organization"}},{"@type":"WebPage","@id":"https:\/\/www.estrategiaconcursos.com.br\/blog\/delegado-da-pcam-36-anos-sonho-realidade\/","url":"https:\/\/www.estrategiaconcursos.com.br\/blog\/delegado-da-pcam-36-anos-sonho-realidade\/","name":"Delegado da PCAM aos 36 Anos: Do Sonho \u00e0 Realidade!","isPartOf":{"@id":"https:\/\/www.estrategiaconcursos.com.br\/blog\/#website"},"primaryImageOfPage":{"@id":"https:\/\/www.estrategiaconcursos.com.br\/blog\/delegado-da-pcam-36-anos-sonho-realidade\/#primaryimage"},"image":{"@id":"https:\/\/www.estrategiaconcursos.com.br\/blog\/delegado-da-pcam-36-anos-sonho-realidade\/#primaryimage"},"thumbnailUrl":"https:\/\/dhg1h5j42swfq.cloudfront.net\/2020\/08\/25150536\/YTB_Delegado-da-PCAM.jpg","datePublished":"2020-08-27T20:55:00+00:00","dateModified":"2023-06-22T13:23:38+00:00","description":"Nesta quinta-feira, o professor Ivo Martins apresenta o evento Delegado da PCAM aos 36 Anos - Como Transformei o Sonho em Realidade. N\u00e3o perca!","breadcrumb":{"@id":"https:\/\/www.estrategiaconcursos.com.br\/blog\/delegado-da-pcam-36-anos-sonho-realidade\/#breadcrumb"},"inLanguage":"pt-BR","potentialAction":[{"@type":"ReadAction","target":["https:\/\/www.estrategiaconcursos.com.br\/blog\/delegado-da-pcam-36-anos-sonho-realidade\/"]}]},{"@type":"ImageObject","inLanguage":"pt-BR","@id":"https:\/\/www.estrategiaconcursos.com.br\/blog\/delegado-da-pcam-36-anos-sonho-realidade\/#primaryimage","url":"https:\/\/dhg1h5j42swfq.cloudfront.net\/2020\/08\/25150536\/YTB_Delegado-da-PCAM.jpg","contentUrl":"https:\/\/dhg1h5j42swfq.cloudfront.net\/2020\/08\/25150536\/YTB_Delegado-da-PCAM.jpg","width":1280,"height":720,"caption":"Delegado da PCAM"},{"@type":"BreadcrumbList","@id":"https:\/\/www.estrategiaconcursos.com.br\/blog\/delegado-da-pcam-36-anos-sonho-realidade\/#breadcrumb","itemListElement":[{"@type":"ListItem","position":1,"name":"In\u00edcio","item":"https:\/\/www.estrategiaconcursos.com.br\/blog\/"},{"@type":"ListItem","position":2,"name":"Delegado da PCAM aos 36 Anos: Do Sonho \u00e0 Realidade!"}]},{"@type":"WebSite","@id":"https:\/\/www.estrategiaconcursos.com.br\/blog\/#website","url":"https:\/\/www.estrategiaconcursos.com.br\/blog\/","name":"Estrat\u00e9gia Concursos","description":"O blog da Estrat\u00e9gia Concursos traz not\u00edcias sobre concursos e artigos de professores oferecendo cursos para concursos (pdf + videaulas) no site.","publisher":{"@id":"https:\/\/www.estrategiaconcursos.com.br\/blog\/#organization"},"potentialAction":[{"@type":"SearchAction","target":{"@type":"EntryPoint","urlTemplate":"https:\/\/www.estrategiaconcursos.com.br\/blog\/?s={search_term_string}"},"query-input":{"@type":"PropertyValueSpecification","valueRequired":true,"valueName":"search_term_string"}}],"inLanguage":"pt-BR"},{"@type":"Organization","@id":"https:\/\/www.estrategiaconcursos.com.br\/blog\/#organization","name":"Estrat\u00e9gia Concursos","url":"https:\/\/www.estrategiaconcursos.com.br\/blog\/","logo":{"@type":"ImageObject","inLanguage":"pt-BR","@id":"https:\/\/www.estrategiaconcursos.com.br\/blog\/#\/schema\/logo\/image\/","url":"https:\/\/dhg1h5j42swfq.cloudfront.net\/2025\/06\/03203428\/logo_concursos-1.jpg","contentUrl":"https:\/\/dhg1h5j42swfq.cloudfront.net\/2025\/06\/03203428\/logo_concursos-1.jpg","width":230,"height":60,"caption":"Estrat\u00e9gia Concursos"},"image":{"@id":"https:\/\/www.estrategiaconcursos.com.br\/blog\/#\/schema\/logo\/image\/"},"sameAs":["https:\/\/x.com\/EstratConcursos"]},{"@type":"Person","@id":"https:\/\/www.estrategiaconcursos.com.br\/blog\/#\/schema\/person\/09924ae9dae935885ef15db075a3be15","name":"Nelma Fontana","image":{"@type":"ImageObject","inLanguage":"pt-BR","@id":"https:\/\/secure.gravatar.com\/avatar\/a2b4071a40b0ae857a4dfe2308130289bde3d65cc7674fb758d21a8b645071e5?s=96&d=mm&r=g","url":"https:\/\/secure.gravatar.com\/avatar\/a2b4071a40b0ae857a4dfe2308130289bde3d65cc7674fb758d21a8b645071e5?s=96&d=mm&r=g","contentUrl":"https:\/\/secure.gravatar.com\/avatar\/a2b4071a40b0ae857a4dfe2308130289bde3d65cc7674fb758d21a8b645071e5?s=96&d=mm&r=g","caption":"Nelma Fontana"},"url":"https:\/\/www.estrategiaconcursos.com.br\/blog\/author\/fontananelmagmail-com\/"}]}},"_links":{"self":[{"href":"https:\/\/www.estrategiaconcursos.com.br\/blog\/wp-json\/wp\/v2\/posts\/560744","targetHints":{"allow":["GET"]}}],"collection":[{"href":"https:\/\/www.estrategiaconcursos.com.br\/blog\/wp-json\/wp\/v2\/posts"}],"about":[{"href":"https:\/\/www.estrategiaconcursos.com.br\/blog\/wp-json\/wp\/v2\/types\/post"}],"author":[{"embeddable":true,"href":"https:\/\/www.estrategiaconcursos.com.br\/blog\/wp-json\/wp\/v2\/users\/492"}],"replies":[{"embeddable":true,"href":"https:\/\/www.estrategiaconcursos.com.br\/blog\/wp-json\/wp\/v2\/comments?post=560744"}],"version-history":[{"count":9,"href":"https:\/\/www.estrategiaconcursos.com.br\/blog\/wp-json\/wp\/v2\/posts\/560744\/revisions"}],"predecessor-version":[{"id":1237001,"href":"https:\/\/www.estrategiaconcursos.com.br\/blog\/wp-json\/wp\/v2\/posts\/560744\/revisions\/1237001"}],"wp:featuredmedia":[{"embeddable":true,"href":"https:\/\/www.estrategiaconcursos.com.br\/blog\/wp-json\/wp\/v2\/media\/560760"}],"wp:attachment":[{"href":"https:\/\/www.estrategiaconcursos.com.br\/blog\/wp-json\/wp\/v2\/media?parent=560744"}],"wp:term":[{"taxonomy":"category","embeddable":true,"href":"https:\/\/www.estrategiaconcursos.com.br\/blog\/wp-json\/wp\/v2\/categories?post=560744"},{"taxonomy":"post_tag","embeddable":true,"href":"https:\/\/www.estrategiaconcursos.com.br\/blog\/wp-json\/wp\/v2\/tags?post=560744"},{"taxonomy":"tax_estado","embeddable":true,"href":"https:\/\/www.estrategiaconcursos.com.br\/blog\/wp-json\/wp\/v2\/tax_estado?post=560744"}],"curies":[{"name":"wp","href":"https:\/\/api.w.org\/{rel}","templated":true}]}}